{"id":25982,"date":"2019-05-26T13:22:21","date_gmt":"2019-05-26T16:22:21","guid":{"rendered":"https:\/\/www.suno.com.br\/noticias\/?p=25982"},"modified":"2021-06-13T23:44:22","modified_gmt":"2021-06-14T02:44:22","slug":"guerra-comercial-empresas-americanas-arcam-tarifa","status":"publish","type":"post","link":"https:\/\/www.suno.com.br\/noticias\/guerra-comercial-empresas-americanas-arcam-tarifa\/","title":{"rendered":"Guerra comercial: empresas americanas arcam com tarifa de Trump, diz FMI"},"content":{"rendered":"<p>As <strong>empresas americanas<\/strong> e, consequentemente, os consumidores \u00e9 quem est\u00e3o pagando os custos das tarifas de <strong>Trump<\/strong> \u00e0 <strong>China<\/strong> e da guerra comercial. A an\u00e1lise \u00e9 do <strong>Fundo Monet\u00e1rio Internacional (FMI)<\/strong> e confirma estimativas de analistas.<\/p>\t<div class=\"wrapper-featured-image\">\n\t\t<figure class=\"spotlightImg\">\n\n\t\t\t<picture>\n\t\t\t\t<source media=\"(max-width: 768px)\" srcset=\"https:\/\/files.sunoresearch.com.br\/n\/uploads\/2019\/05\/8d25f5fa-trump-400x200.webp\">\n\t\t\t\t<img loading=\"lazy\" decoding=\"async\" class=\"newsContent__article__imgCapa lazyloadDisabled newsContent__article__imgCapa--noCaption\" src=\"https:\/\/files.sunoresearch.com.br\/n\/uploads\/2019\/05\/8d25f5fa-trump-800x450.webp\" width=\"800\" height=\"450\" alt=\"Guerra comercial: empresas americanas arcam com tarifa de Trump, diz FMI\" fetchpriority=high \/>\n\t\t\t<\/picture>\n\n\t\t\t<figcaption class=\"wp-caption-text wp-caption-text--hide\">Trump desiste de proibir voos entre os EUA e China <\/figcaption>\n\t\t<\/figure>\n\t<\/div>\n\n\n<p>Dessa forma, o relat\u00f3rio divulgado pelo fundo contraria as afirma\u00e7\u00f5es do presidente <strong>Donald Trump<\/strong> de que as tarifas seriam custeadas pelos <strong>chineses<\/strong>. Segundo o \u00f3rg\u00e3o, como efeito da <strong>guerra comercial<\/strong>,\u00a0\u201ca receita tarif\u00e1ria arrecadada recaiu quase inteiramente sobre <strong>importadores<\/strong> dos EUA\u201d.<\/p>\n\t<p>\n\t\t<a href=\"https:\/\/lp2.suno.com.br\/lm\/minicurso-construindo-um-portfolio-milionario?utm_campaign=_SNCEBB048DA_sc.mcpm26&#038;utm_source=suno.com.br&#038;utm_medium=banner.noticias\" target=\"_blank\" data-element=\"shortcode-suno-banner\" title=\"Banner SUNO, clique e saiba mais\">\n\t\t\t<picture>\n\t\t\t\t<source media=\"(max-width: 500px)\" srcset=\"https:\/\/files.sunoresearch.com.br\/n\/uploads\/2026\/01\/MB-PS-HOME-DE-ARTIGOS-400x300-ID_01_x1-jpg.webp\">\n\t\t\t\t<img class=\"newsContent__article__imgCapa newsContent__article__imgCapa--banner\"\n\t\t\t\t\tsrc=\"https:\/\/files.sunoresearch.com.br\/n\/uploads\/2026\/01\/DT-PS-HOME-DE-ARTIGOS-1420x240-ID_01_x1-jpg.webp\"\n\t\t\t\t\tdata-promo-id=\"638432\"\t\t\t\t\t\t\t\t\t\twidth='1420' height='240'\t\t\t\t\talt=\"https:\/\/files.sunoresearch.com.br\/n\/uploads\/2026\/01\/DT-PS-HOME-DE-ARTIGOS-1420x240-ID_01_x1-jpg.webp\"\n\t\t\t\t>\n\t\t\t<\/picture>\n\t\t<\/a>\n\t<\/p>\n\n\n<p>De acordo com o <strong>FMI<\/strong>, algumas das <strong>tarifas<\/strong> foram repassadas aos consumidores em produtos como m\u00e1quinas de lavar. Al\u00e9m disso, outra parte foi absorvida por empresas importadoras. Isso porque as margens de lucro ficaram mais baixas.\u00a0 \u201cOs consumidores dos <strong>EUA<\/strong> e da <strong>China<\/strong> s\u00e3o, inequivocamente, os perdedores das tens\u00f5es comerciais\u201d, afirma o \u00f3rg\u00e3o no relat\u00f3rio.<\/p>\n<h2>Entenda a guerra comercial<\/h2>\n<p>As tens\u00f5es comerciais entre os <strong>Estados Unidos<\/strong> e a <strong>China<\/strong> aumentaram quando os americanos acusaram o chineses de recuar em partes de um acordo. Com isso, o presidente <strong>Donald Trump<\/strong> decidiu aumentar as <strong>tarifas<\/strong> sobre <strong>importa\u00e7\u00f5es chinesas<\/strong>. Desse modo, os produtos da <strong>China<\/strong> entram nos <strong>Estados Unidos<\/strong> com uma taxa de 25% e n\u00e3o mais 10%. Al\u00e9m disso, a medida atinge US$ 200 bilh\u00f5es em mercadorias.<\/p>\n<p><a href=\"https:\/\/www.suno.com.br\/noticias\/pib-diminui-crescimento-brasil\/\">Saiba Mais: PIB: FMI diminui proje\u00e7\u00e3o de crescimento do Brasil para 2019<\/a><\/p>\n<p>Por sua vez, a <strong>China<\/strong> retaliou a medida e tamb\u00e9m aumentou <strong>taxas<\/strong> sobre US$ 60 bilh\u00f5es de <strong>produtos americanos<\/strong>. A segunda investida de <strong>Trump<\/strong> foi sobre a gigante <strong>Huawei<\/strong>. O presidente americano assinou um decreto proibindo que empresas comprassem produtos de uma lista de companhias que inclui a <strong>Huawei<\/strong>.<\/p>\n<p>Al\u00e9m disso, a chinesa de tecnologia tamb\u00e9m foi impedida de comprar componentes americanos sem autoriza\u00e7\u00e3o do <strong>governo<\/strong>. Dessa forma, a medida prejudica os neg\u00f3cios da <strong>Huawei<\/strong>, que depende da tecnologia americana em sua cadeia de produ\u00e7\u00e3o.<\/p>\n<h2>Pris\u00e3o de canadenses<\/h2>\n<p>Diante disso, a <strong>China<\/strong> criticou a medida de <strong>Trump<\/strong> e afirmou que reagiria de forma a proteger suas empresas. Assim, os chineses mandaram prender dois canadenses que estavam detidos no pa\u00eds acusados de espionagem. Isso ocorreu como retalia\u00e7\u00e3o porque o <strong>Canad\u00e1<\/strong> havia detido, dias antes, a diretora financeira da <strong>Huawei<\/strong> a pedido dos <strong>EUA<\/strong>.<\/p>\n<p><a href=\"https:\/\/www.suno.com.br\/noticias\/guerra-comercial-eua-china-recuperacao-global\/\">Saiba Mais: Guerra comercial EUA-China pode por em risco recupera\u00e7\u00e3o global, diz FMI<\/a><\/p>\n<p>A <strong>guerra comercial<\/strong> entre as duas pot\u00eancias \u00e9 apontada pelo <strong>FMI<\/strong> como um dos fatores que v\u00e3o influenciar na redu\u00e7\u00e3o do <strong>PIB global<\/strong>. \u201cEsse tipo de cen\u00e1rio est\u00e1 entre as raz\u00f5es pelas quais nos referimos a 2019 como um ano delicado para a economia global\u201d, escreveram os economistas do \u00f3rg\u00e3o.<\/p>\n<p>O fundo reduziu a previs\u00e3o de <strong>crescimento global<\/strong> para 3,3%. A taxa \u00e9 a menor desde a crise financeira. Desse modo, o <strong>FMI<\/strong> destaca como fatores, al\u00e9m da <strong>guerra comercial<\/strong>, tarifas mais altas sobre o com\u00e9rcio e tamb\u00e9m a desacelera\u00e7\u00e3o de grandes economias no mundo.<\/p>\n","protected":false},"excerpt":{"rendered":"<p>As empresas americanas e, consequentemente, os consumidores \u00e9 quem est\u00e3o pagando os custos das tarifas de Trump \u00e0 China e da guerra comercial. A an\u00e1lise \u00e9 do Fundo Monet\u00e1rio Internacional (FMI) e confirma estimativas de analistas. Trump desiste de proibir voos entre os EUA e China Dessa forma, o relat\u00f3rio divulgado pelo fundo contraria as [&hellip;]<\/p>\n","protected":false},"author":16,"featured_media":24791,"comment_status":"closed","ping_status":"closed","sticky":false,"template":"","format":"standard","meta":[],"categories":[63],"tags":[711,793,980,706],"suno_strategy":[],"class_list":["post-25982","post","type-post","status-publish","format-standard","has-post-thumbnail","hentry","category-internacional","tag-china","tag-estados-unidos-eua","tag-guerra-comercial","tag-importacoes"],"yoast_head":"<!-- This site is optimized with the Yoast SEO plugin v24.4 - https:\/\/yoast.com\/wordpress\/plugins\/seo\/ -->\n<title>Guerra comercial: empresas americanas arcam com tarifa de Trump<\/title>\n<meta name=\"description\" content=\"A an\u00e1lise do FMI sobre os efeitos da guerra comercial refor\u00e7am a previs\u00e3o de analistas de que as taxas n\u00e3o atingiriam tanto a China. Entenda.\" \/>\n<meta name=\"robots\" content=\"index, follow, max-snippet:-1, max-image-preview:large, max-video-preview:-1\" \/>\n<link rel=\"canonical\" href=\"https:\/\/www.suno.com.br\/noticias\/guerra-comercial-empresas-americanas-arcam-tarifa\/\" \/>\n<meta property=\"og:locale\" content=\"pt_BR\" \/>\n<meta property=\"og:type\" content=\"article\" \/>\n<meta property=\"og:title\" content=\"Guerra comercial: empresas americanas arcam com tarifa de Trump\" \/>\n<meta property=\"og:description\" content=\"A an\u00e1lise do FMI sobre os efeitos da guerra comercial refor\u00e7am a previs\u00e3o de analistas de que as taxas n\u00e3o atingiriam tanto a China. Entenda.\" \/>\n<meta property=\"og:url\" content=\"https:\/\/www.suno.com.br\/noticias\/guerra-comercial-empresas-americanas-arcam-tarifa\/\" \/>\n<meta property=\"og:site_name\" content=\"Suno Not\u00edcias\" \/>\n<meta property=\"article:publisher\" content=\"https:\/\/facebook.com\/sunoresearch\" \/>\n<meta property=\"og:image\" content=\"https:\/\/files.sunoresearch.com.br\/n\/uploads\/2019\/05\/8d25f5fa-trump.jpg\" \/>\n\t<meta property=\"og:image:width\" content=\"1140\" \/>\n\t<meta property=\"og:image:height\" content=\"760\" \/>\n\t<meta property=\"og:image:type\" content=\"image\/jpeg\" \/>\n<meta name=\"author\" content=\"Beatriz Oliveira\" \/>\n<meta name=\"twitter:card\" content=\"summary_large_image\" \/>\n<meta name=\"twitter:creator\" content=\"@sunoresearch\" \/>\n<meta name=\"twitter:site\" content=\"@sunoresearch\" \/>\n<meta name=\"twitter:label1\" content=\"Escrito por\" \/>\n\t<meta name=\"twitter:data1\" content=\"Beatriz Oliveira\" \/>\n\t<meta name=\"twitter:label2\" content=\"Est. tempo de leitura\" \/>\n\t<meta name=\"twitter:data2\" content=\"2 minutos\" \/>\n<script type=\"application\/ld+json\" class=\"yoast-schema-graph\">{\"@context\":\"https:\/\/schema.org\",\"@graph\":[{\"@type\":\"NewsArticle\",\"@id\":\"https:\/\/www.suno.com.br\/noticias\/guerra-comercial-empresas-americanas-arcam-tarifa\/#article\",\"isPartOf\":{\"@id\":\"https:\/\/www.suno.com.br\/noticias\/guerra-comercial-empresas-americanas-arcam-tarifa\/\"},\"author\":{\"name\":\"Beatriz Oliveira\",\"@id\":\"https:\/\/www.suno.com.br\/noticias\/#\/schema\/person\/e67f665add014bf99f644028de070cc3\"},\"headline\":\"Guerra comercial: empresas americanas arcam com tarifa de Trump, diz FMI\",\"datePublished\":\"2019-05-26T16:22:21+00:00\",\"dateModified\":\"2021-06-14T02:44:22+00:00\",\"mainEntityOfPage\":{\"@id\":\"https:\/\/www.suno.com.br\/noticias\/guerra-comercial-empresas-americanas-arcam-tarifa\/\"},\"wordCount\":507,\"publisher\":{\"@id\":\"https:\/\/www.suno.com.br\/noticias\/#organization\"},\"image\":{\"@id\":\"https:\/\/www.suno.com.br\/noticias\/guerra-comercial-empresas-americanas-arcam-tarifa\/#primaryimage\"},\"thumbnailUrl\":\"https:\/\/files.sunoresearch.com.br\/n\/uploads\/2019\/05\/8d25f5fa-trump-jpg.webp\",\"keywords\":[\"China\",\"Estados Unidos (EUA)\",\"guerra comercial\",\"importa\u00e7\u00f5es\"],\"articleSection\":[\"Internacional\"],\"inLanguage\":\"pt-BR\"},{\"@type\":\"WebPage\",\"@id\":\"https:\/\/www.suno.com.br\/noticias\/guerra-comercial-empresas-americanas-arcam-tarifa\/\",\"url\":\"https:\/\/www.suno.com.br\/noticias\/guerra-comercial-empresas-americanas-arcam-tarifa\/\",\"name\":\"Guerra comercial: empresas americanas arcam com tarifa de Trump\",\"isPartOf\":{\"@id\":\"https:\/\/www.suno.com.br\/noticias\/#website\"},\"primaryImageOfPage\":{\"@id\":\"https:\/\/www.suno.com.br\/noticias\/guerra-comercial-empresas-americanas-arcam-tarifa\/#primaryimage\"},\"image\":{\"@id\":\"https:\/\/www.suno.com.br\/noticias\/guerra-comercial-empresas-americanas-arcam-tarifa\/#primaryimage\"},\"thumbnailUrl\":\"https:\/\/files.sunoresearch.com.br\/n\/uploads\/2019\/05\/8d25f5fa-trump-jpg.webp\",\"datePublished\":\"2019-05-26T16:22:21+00:00\",\"dateModified\":\"2021-06-14T02:44:22+00:00\",\"description\":\"A an\u00e1lise do FMI sobre os efeitos da guerra comercial refor\u00e7am a previs\u00e3o de analistas de que as taxas n\u00e3o atingiriam tanto a China. Entenda.\",\"breadcrumb\":{\"@id\":\"https:\/\/www.suno.com.br\/noticias\/guerra-comercial-empresas-americanas-arcam-tarifa\/#breadcrumb\"},\"inLanguage\":\"pt-BR\",\"potentialAction\":[{\"@type\":\"ReadAction\",\"target\":[\"https:\/\/www.suno.com.br\/noticias\/guerra-comercial-empresas-americanas-arcam-tarifa\/\"]}]},{\"@type\":\"ImageObject\",\"inLanguage\":\"pt-BR\",\"@id\":\"https:\/\/www.suno.com.br\/noticias\/guerra-comercial-empresas-americanas-arcam-tarifa\/#primaryimage\",\"url\":\"https:\/\/files.sunoresearch.com.br\/n\/uploads\/2019\/05\/8d25f5fa-trump-jpg.webp\",\"contentUrl\":\"https:\/\/files.sunoresearch.com.br\/n\/uploads\/2019\/05\/8d25f5fa-trump-jpg.webp\",\"width\":1140,\"height\":760,\"caption\":\"Trump desiste de proibir voos entre os EUA e China\"},{\"@type\":\"BreadcrumbList\",\"@id\":\"https:\/\/www.suno.com.br\/noticias\/guerra-comercial-empresas-americanas-arcam-tarifa\/#breadcrumb\",\"itemListElement\":[{\"@type\":\"ListItem\",\"position\":1,\"name\":\"Not\u00edcias\",\"item\":\"https:\/\/www.suno.com.br\/noticias\/\"},{\"@type\":\"ListItem\",\"position\":2,\"name\":\"Internacional\",\"item\":\"https:\/\/www.suno.com.br\/noticias\/internacional\/\"},{\"@type\":\"ListItem\",\"position\":3,\"name\":\"Guerra comercial: empresas americanas arcam com tarifa de Trump, diz FMI\"}]},{\"@type\":\"WebSite\",\"@id\":\"https:\/\/www.suno.com.br\/noticias\/#website\",\"url\":\"https:\/\/www.suno.com.br\/noticias\/\",\"name\":\"Suno Not\u00edcias\",\"description\":\"Seu portal de informa\u00e7\u00e3o sobre o mundo dos investimentos\",\"publisher\":{\"@id\":\"https:\/\/www.suno.com.br\/noticias\/#organization\"},\"potentialAction\":[{\"@type\":\"SearchAction\",\"target\":{\"@type\":\"EntryPoint\",\"urlTemplate\":\"https:\/\/www.suno.com.br\/noticias\/?s={search_term_string}\"},\"query-input\":{\"@type\":\"PropertyValueSpecification\",\"valueRequired\":true,\"valueName\":\"search_term_string\"}}],\"inLanguage\":\"pt-BR\"},{\"@type\":\"Organization\",\"@id\":\"https:\/\/www.suno.com.br\/noticias\/#organization\",\"name\":\"Suno Not\u00edcias\",\"url\":\"https:\/\/www.suno.com.br\/noticias\/\",\"logo\":{\"@type\":\"ImageObject\",\"inLanguage\":\"pt-BR\",\"@id\":\"https:\/\/www.suno.com.br\/noticias\/#\/schema\/logo\/image\/\",\"url\":\"https:\/\/files.sunoresearch.com.br\/n\/uploads\/2021\/09\/suno-logo.png\",\"contentUrl\":\"https:\/\/files.sunoresearch.com.br\/n\/uploads\/2021\/09\/suno-logo.png\",\"width\":180,\"height\":180,\"caption\":\"Suno Not\u00edcias\"},\"image\":{\"@id\":\"https:\/\/www.suno.com.br\/noticias\/#\/schema\/logo\/image\/\"},\"sameAs\":[\"https:\/\/facebook.com\/sunoresearch\",\"https:\/\/x.com\/sunoresearch\",\"https:\/\/www.instagram.com\/suno\",\"https:\/\/www.linkedin.com\/company\/suno-research\/\",\"https:\/\/www.youtube.com\/c\/sunoresearch\"]},{\"@type\":\"Person\",\"@id\":\"https:\/\/www.suno.com.br\/noticias\/#\/schema\/person\/e67f665add014bf99f644028de070cc3\",\"name\":\"Beatriz Oliveira\",\"image\":{\"@type\":\"ImageObject\",\"inLanguage\":\"pt-BR\",\"@id\":\"https:\/\/www.suno.com.br\/noticias\/#\/schema\/person\/image\/\",\"url\":\"https:\/\/secure.gravatar.com\/avatar\/c9aa6a0aaecc598d257d5d5bd349157d?s=96&r=g\",\"contentUrl\":\"https:\/\/secure.gravatar.com\/avatar\/c9aa6a0aaecc598d257d5d5bd349157d?s=96&r=g\",\"caption\":\"Beatriz Oliveira\"},\"description\":\"Formada em Jornalismo pela Faculdade Paulus de Tecnologia e Comunica\u00e7\u00e3o, Beatriz Oliveira escreve para o portal de not\u00edcias Suno Research. Antes, passou pelas reda\u00e7\u00f5es da Revista EXAME e da Rede Bandeirantes.\",\"url\":\"https:\/\/www.suno.com.br\/noticias\/author\/beatriz\/\"}]}<\/script>\n<!-- \/ Yoast SEO plugin. -->","yoast_head_json":{"title":"Guerra comercial: empresas americanas arcam com tarifa de Trump","description":"A an\u00e1lise do FMI sobre os efeitos da guerra comercial refor\u00e7am a previs\u00e3o de analistas de que as taxas n\u00e3o atingiriam tanto a China. Entenda.","robots":{"index":"index","follow":"follow","max-snippet":"max-snippet:-1","max-image-preview":"max-image-preview:large","max-video-preview":"max-video-preview:-1"},"canonical":"https:\/\/www.suno.com.br\/noticias\/guerra-comercial-empresas-americanas-arcam-tarifa\/","og_locale":"pt_BR","og_type":"article","og_title":"Guerra comercial: empresas americanas arcam com tarifa de Trump","og_description":"A an\u00e1lise do FMI sobre os efeitos da guerra comercial refor\u00e7am a previs\u00e3o de analistas de que as taxas n\u00e3o atingiriam tanto a China. Entenda.","og_url":"https:\/\/www.suno.com.br\/noticias\/guerra-comercial-empresas-americanas-arcam-tarifa\/","og_site_name":"Suno Not\u00edcias","article_publisher":"https:\/\/facebook.com\/sunoresearch","og_image":[{"width":1140,"height":760,"url":"https:\/\/files.sunoresearch.com.br\/n\/uploads\/2019\/05\/8d25f5fa-trump.jpg","type":"image\/jpeg"}],"author":"Beatriz Oliveira","twitter_card":"summary_large_image","twitter_creator":"@sunoresearch","twitter_site":"@sunoresearch","twitter_misc":{"Escrito por":"Beatriz Oliveira","Est. tempo de leitura":"2 minutos"},"schema":{"@context":"https:\/\/schema.org","@graph":[{"@type":"NewsArticle","@id":"https:\/\/www.suno.com.br\/noticias\/guerra-comercial-empresas-americanas-arcam-tarifa\/#article","isPartOf":{"@id":"https:\/\/www.suno.com.br\/noticias\/guerra-comercial-empresas-americanas-arcam-tarifa\/"},"author":{"name":"Beatriz Oliveira","@id":"https:\/\/www.suno.com.br\/noticias\/#\/schema\/person\/e67f665add014bf99f644028de070cc3"},"headline":"Guerra comercial: empresas americanas arcam com tarifa de Trump, diz FMI","datePublished":"2019-05-26T16:22:21+00:00","dateModified":"2021-06-14T02:44:22+00:00","mainEntityOfPage":{"@id":"https:\/\/www.suno.com.br\/noticias\/guerra-comercial-empresas-americanas-arcam-tarifa\/"},"wordCount":507,"publisher":{"@id":"https:\/\/www.suno.com.br\/noticias\/#organization"},"image":{"@id":"https:\/\/www.suno.com.br\/noticias\/guerra-comercial-empresas-americanas-arcam-tarifa\/#primaryimage"},"thumbnailUrl":"https:\/\/files.sunoresearch.com.br\/n\/uploads\/2019\/05\/8d25f5fa-trump-jpg.webp","keywords":["China","Estados Unidos (EUA)","guerra comercial","importa\u00e7\u00f5es"],"articleSection":["Internacional"],"inLanguage":"pt-BR"},{"@type":"WebPage","@id":"https:\/\/www.suno.com.br\/noticias\/guerra-comercial-empresas-americanas-arcam-tarifa\/","url":"https:\/\/www.suno.com.br\/noticias\/guerra-comercial-empresas-americanas-arcam-tarifa\/","name":"Guerra comercial: empresas americanas arcam com tarifa de Trump","isPartOf":{"@id":"https:\/\/www.suno.com.br\/noticias\/#website"},"primaryImageOfPage":{"@id":"https:\/\/www.suno.com.br\/noticias\/guerra-comercial-empresas-americanas-arcam-tarifa\/#primaryimage"},"image":{"@id":"https:\/\/www.suno.com.br\/noticias\/guerra-comercial-empresas-americanas-arcam-tarifa\/#primaryimage"},"thumbnailUrl":"https:\/\/files.sunoresearch.com.br\/n\/uploads\/2019\/05\/8d25f5fa-trump-jpg.webp","datePublished":"2019-05-26T16:22:21+00:00","dateModified":"2021-06-14T02:44:22+00:00","description":"A an\u00e1lise do FMI sobre os efeitos da guerra comercial refor\u00e7am a previs\u00e3o de analistas de que as taxas n\u00e3o atingiriam tanto a China. Entenda.","breadcrumb":{"@id":"https:\/\/www.suno.com.br\/noticias\/guerra-comercial-empresas-americanas-arcam-tarifa\/#breadcrumb"},"inLanguage":"pt-BR","potentialAction":[{"@type":"ReadAction","target":["https:\/\/www.suno.com.br\/noticias\/guerra-comercial-empresas-americanas-arcam-tarifa\/"]}]},{"@type":"ImageObject","inLanguage":"pt-BR","@id":"https:\/\/www.suno.com.br\/noticias\/guerra-comercial-empresas-americanas-arcam-tarifa\/#primaryimage","url":"https:\/\/files.sunoresearch.com.br\/n\/uploads\/2019\/05\/8d25f5fa-trump-jpg.webp","contentUrl":"https:\/\/files.sunoresearch.com.br\/n\/uploads\/2019\/05\/8d25f5fa-trump-jpg.webp","width":1140,"height":760,"caption":"Trump desiste de proibir voos entre os EUA e China"},{"@type":"BreadcrumbList","@id":"https:\/\/www.suno.com.br\/noticias\/guerra-comercial-empresas-americanas-arcam-tarifa\/#breadcrumb","itemListElement":[{"@type":"ListItem","position":1,"name":"Not\u00edcias","item":"https:\/\/www.suno.com.br\/noticias\/"},{"@type":"ListItem","position":2,"name":"Internacional","item":"https:\/\/www.suno.com.br\/noticias\/internacional\/"},{"@type":"ListItem","position":3,"name":"Guerra comercial: empresas americanas arcam com tarifa de Trump, diz FMI"}]},{"@type":"WebSite","@id":"https:\/\/www.suno.com.br\/noticias\/#website","url":"https:\/\/www.suno.com.br\/noticias\/","name":"Suno Not\u00edcias","description":"Seu portal de informa\u00e7\u00e3o sobre o mundo dos investimentos","publisher":{"@id":"https:\/\/www.suno.com.br\/noticias\/#organization"},"potentialAction":[{"@type":"SearchAction","target":{"@type":"EntryPoint","urlTemplate":"https:\/\/www.suno.com.br\/noticias\/?s={search_term_string}"},"query-input":{"@type":"PropertyValueSpecification","valueRequired":true,"valueName":"search_term_string"}}],"inLanguage":"pt-BR"},{"@type":"Organization","@id":"https:\/\/www.suno.com.br\/noticias\/#organization","name":"Suno Not\u00edcias","url":"https:\/\/www.suno.com.br\/noticias\/","logo":{"@type":"ImageObject","inLanguage":"pt-BR","@id":"https:\/\/www.suno.com.br\/noticias\/#\/schema\/logo\/image\/","url":"https:\/\/files.sunoresearch.com.br\/n\/uploads\/2021\/09\/suno-logo.png","contentUrl":"https:\/\/files.sunoresearch.com.br\/n\/uploads\/2021\/09\/suno-logo.png","width":180,"height":180,"caption":"Suno Not\u00edcias"},"image":{"@id":"https:\/\/www.suno.com.br\/noticias\/#\/schema\/logo\/image\/"},"sameAs":["https:\/\/facebook.com\/sunoresearch","https:\/\/x.com\/sunoresearch","https:\/\/www.instagram.com\/suno","https:\/\/www.linkedin.com\/company\/suno-research\/","https:\/\/www.youtube.com\/c\/sunoresearch"]},{"@type":"Person","@id":"https:\/\/www.suno.com.br\/noticias\/#\/schema\/person\/e67f665add014bf99f644028de070cc3","name":"Beatriz Oliveira","image":{"@type":"ImageObject","inLanguage":"pt-BR","@id":"https:\/\/www.suno.com.br\/noticias\/#\/schema\/person\/image\/","url":"https:\/\/secure.gravatar.com\/avatar\/c9aa6a0aaecc598d257d5d5bd349157d?s=96&r=g","contentUrl":"https:\/\/secure.gravatar.com\/avatar\/c9aa6a0aaecc598d257d5d5bd349157d?s=96&r=g","caption":"Beatriz Oliveira"},"description":"Formada em Jornalismo pela Faculdade Paulus de Tecnologia e Comunica\u00e7\u00e3o, Beatriz Oliveira escreve para o portal de not\u00edcias Suno Research. Antes, passou pelas reda\u00e7\u00f5es da Revista EXAME e da Rede Bandeirantes.","url":"https:\/\/www.suno.com.br\/noticias\/author\/beatriz\/"}]}},"default_loop_html":"<div class=\"cardsPage__listCard__boxs\"><div class=\"cardsPage__listCard__boxs__img\"><a href=\"https:\/\/www.suno.com.br\/noticias\/guerra-comercial-empresas-americanas-arcam-tarifa\/\"><img class=\"mask\" src=\"https:\/\/www.suno.com.br\/noticias\/wp-content\/themes\/suno\/resources\/images\/spotlight\/spotlight1img\/bg-mask.png\" alt=\"Image Mask\"\/><img src=\"https:\/\/files.sunoresearch.com.br\/n\/uploads\/2019\/05\/8d25f5fa-trump-400x200.webp\" alt=\"Guerra comercial: empresas americanas arcam com tarifa de Trump, diz FMI\"\/><\/a><span class=\"spotlightCategory\"><a href=\"https:\/\/www.suno.com.br\/noticias\/internacional\/\">Internacional<\/a><\/span><\/div><div class=\"cardsPage__listCard__boxs__content\"><a href=\"https:\/\/www.suno.com.br\/noticias\/guerra-comercial-empresas-americanas-arcam-tarifa\/\"><h2 class=\"content__title\">Guerra comercial: empresas americanas arcam com tarifa de Trump, diz FMI<\/h2><\/a><div class=\"newsContent__article__meta\"><div class=\"newsContent__article__meta__authorBox\"><a href=\"https:\/\/www.suno.com.br\/noticias\/author\/beatriz\/\" class=\"authorBox__avatar noMobi\"><img src=\"https:\/\/secure.gravatar.com\/avatar\/c9aa6a0aaecc598d257d5d5bd349157d?s=96&#038;r=g\" alt=\"Beatriz Oliveira\"><\/a><div class=\"authorBox__name\"><span>por\n\t\t\t<a href=\"https:\/\/www.suno.com.br\/noticias\/author\/beatriz\/\"><span itemprop=\"author\">Beatriz Oliveira<\/span><\/a><\/span><time datetime=\"2019-05-26T13:22:21-03:00\" itemprop=\"datePublished\">26\/05\/2019 13:22<\/time><\/div><\/div><\/div><\/div><\/div>","single_layout":"posts","amp_enabled":true,"_links":{"self":[{"href":"https:\/\/www.suno.com.br\/noticias\/wp-json\/wp\/v2\/posts\/25982"}],"collection":[{"href":"https:\/\/www.suno.com.br\/noticias\/wp-json\/wp\/v2\/posts"}],"about":[{"href":"https:\/\/www.suno.com.br\/noticias\/wp-json\/wp\/v2\/types\/post"}],"author":[{"embeddable":true,"href":"https:\/\/www.suno.com.br\/noticias\/wp-json\/wp\/v2\/users\/16"}],"replies":[{"embeddable":true,"href":"https:\/\/www.suno.com.br\/noticias\/wp-json\/wp\/v2\/comments?post=25982"}],"version-history":[{"count":1,"href":"https:\/\/www.suno.com.br\/noticias\/wp-json\/wp\/v2\/posts\/25982\/revisions"}],"predecessor-version":[{"id":157354,"href":"https:\/\/www.suno.com.br\/noticias\/wp-json\/wp\/v2\/posts\/25982\/revisions\/157354"}],"wp:featuredmedia":[{"embeddable":true,"href":"https:\/\/www.suno.com.br\/noticias\/wp-json\/wp\/v2\/media\/24791"}],"wp:attachment":[{"href":"https:\/\/www.suno.com.br\/noticias\/wp-json\/wp\/v2\/media?parent=25982"}],"wp:term":[{"taxonomy":"category","embeddable":true,"href":"https:\/\/www.suno.com.br\/noticias\/wp-json\/wp\/v2\/categories?post=25982"},{"taxonomy":"post_tag","embeddable":true,"href":"https:\/\/www.suno.com.br\/noticias\/wp-json\/wp\/v2\/tags?post=25982"},{"taxonomy":"suno_strategy","embeddable":true,"href":"https:\/\/www.suno.com.br\/noticias\/wp-json\/wp\/v2\/suno_strategy?post=25982"}],"curies":[{"name":"wp","href":"https:\/\/api.w.org\/{rel}","templated":true}]}}