{"id":25972,"date":"2019-05-26T11:57:36","date_gmt":"2019-05-26T14:57:36","guid":{"rendered":"https:\/\/www.suno.com.br\/noticias\/?p=25972"},"modified":"2019-05-26T12:11:26","modified_gmt":"2019-05-26T15:11:26","slug":"atos-apoio-bolsonaro-pais-domingo","status":"publish","type":"post","link":"https:\/\/www.suno.com.br\/noticias\/atos-apoio-bolsonaro-pais-domingo\/","title":{"rendered":"Atos em apoio a Bolsonaro j\u00e1 t\u00eam in\u00edcio pelo pa\u00eds neste domingo"},"content":{"rendered":"<p>Os <strong>atos<\/strong> em apoio ao presidente Jair Bolsonaro e suas pautas j\u00e1 come\u00e7aram em diversos estados do Pa\u00eds neste domingo (26). Desse modo, no s\u00e1bado (25), os organizadores haviam convocado <strong>manifesta\u00e7\u00f5es<\/strong> em pelo menos 312 munic\u00edpios. Assim, os movimentos podem mensurar a <strong>popularidade<\/strong> do governo.<\/p>\t<div class=\"wrapper-featured-image\">\n\t\t<figure class=\"spotlightImg\">\n\n\t\t\t<picture>\n\t\t\t\t<source media=\"(max-width: 768px)\" srcset=\"https:\/\/files.sunoresearch.com.br\/n\/uploads\/2019\/05\/db6fd36a-atos-apoio-bolsonaro-400x200.webp\">\n\t\t\t\t<img loading=\"lazy\" decoding=\"async\" class=\"newsContent__article__imgCapa lazyloadDisabled newsContent__article__imgCapa--noCaption\" src=\"https:\/\/files.sunoresearch.com.br\/n\/uploads\/2019\/05\/db6fd36a-atos-apoio-bolsonaro-800x450.webp\" width=\"800\" height=\"450\" alt=\"Atos em apoio a Bolsonaro j\u00e1 t\u00eam in\u00edcio pelo pa\u00eds neste domingo\" fetchpriority=high \/>\n\t\t\t<\/picture>\n\n\t\t\t<figcaption class=\"wp-caption-text wp-caption-text--hide\">Atos apoio Bolsonaro<\/figcaption>\n\t\t<\/figure>\n\t<\/div>\n\n\n<p>As principais pautas defendidas pelos apoiadores de <strong>Bolsonaro<\/strong> ser\u00e3o:<\/p>\n<ul>\n<li>reforma da <strong>Previd\u00eancia;<\/strong><\/li>\n<li>pacote <strong>anticrime<\/strong> de S\u00e9rgio Moro;<\/li>\n<li>apoio \u00e0 <strong>Lava Jato<\/strong> e combate \u00e0 corrup\u00e7\u00e3o;<\/li>\n<li>perman\u00eancia do <strong>Coaf<\/strong> no minist\u00e9rio da Justi\u00e7a;<\/li>\n<li>apoio ao presidente contra o chamado &#8220;<strong>Centr\u00e3o<\/strong>&#8220;;<\/li>\n<li>volta da <strong>CPI<\/strong> da Lava Toga.<\/li>\n<\/ul>\n<p>Os atos deste domingo, foram programados inicialmente para serem uma rea\u00e7\u00e3o \u00e0s <strong>manifesta\u00e7\u00f5es<\/strong> do dia 15 de maio. Sendo assim, os \u00faltimos protestos foram contra o bloqueio de verba na <strong>Educa\u00e7\u00e3o<\/strong> e atingiram cerca de 170 cidades.<\/p>\n\t<p>\n\t\t<a href=\"https:\/\/lp.suno.com.br\/asset\/fundos\/suno-fic-fia\/\" target=\"_blank\" data-element=\"shortcode-suno-banner\" title=\"Banner SUNO, clique e saiba mais\">\n\t\t\t<picture>\n\t\t\t\t<source media=\"(max-width: 500px)\" srcset=\"https:\/\/files.sunoresearch.com.br\/n\/uploads\/2023\/10\/SUNO-FIC-FIA-400x300-Mobile-Artigos-5-v2.png\">\n\t\t\t\t<img class=\"newsContent__article__imgCapa newsContent__article__imgCapa--banner\"\n\t\t\t\t\tsrc=\"https:\/\/files.sunoresearch.com.br\/n\/uploads\/2023\/10\/SUNO-FIC-FIA-1420x240-Banner-Artigos-1-_-Banner-Materias-4-v2-png.webp\"\n\t\t\t\t\tdata-promo-id=\"478743\"\t\t\t\t\t\t\t\t\t\twidth='2560' height='433'\t\t\t\t\talt=\"https:\/\/files.sunoresearch.com.br\/n\/uploads\/2023\/10\/SUNO-FIC-FIA-1420x240-Banner-Artigos-1-_-Banner-Materias-4-v2-png.webp\"\n\t\t\t\t>\n\t\t\t<\/picture>\n\t\t<\/a>\n\t<\/p>\n\n\n<p>Contudo, os movimentos a favor do <strong>presidente<\/strong> carregam certo perigo, de acordo com analistas. Isso porque as <strong>manifesta\u00e7\u00f5es<\/strong> podem tomar rumos que podem n\u00e3o trazer muitos benef\u00edcios ao <strong>governo<\/strong>. Por isso, as atos dividiram os setores e entidades da <strong>direta<\/strong>. Dessa forma, movimentos que foram muito expressivos na \u00e9poca do impeachment de <strong>Dilma Rousseff<\/strong> (PT) em 2016 n\u00e3o apresentaram apoio \u00e0s <strong>manifesta\u00e7\u00f5es<\/strong> deste domingo.<\/p>\n<p><a href=\"https:\/\/www.suno.com.br\/noticias\/governo-recua-devolve-educacao\/\">Saiba Mais: Governo recua ap\u00f3s bloqueios e decide repassar R$ 1,5 bilh\u00e3o \u00e0 Educa\u00e7\u00e3o<\/a><\/p>\n<p>Desse modo, <strong>Movimento Brasil Livre (MBL)<\/strong> e <strong>Vem Pra Rua<\/strong> n\u00e3o aderiram ao protesto. Al\u00e9m disso, os atos tamb\u00e9m dividem a categoria dos caminhoneiros. Alguns l\u00edderes afirmam que ir\u00e3o \u00e0s manifesta\u00e7\u00f5es. Contudo, boa parte da categoria afirma estar descontente com o governo.<\/p>\n<h2>Atos pro Bolsonaro pelo Brasil<\/h2>\n<p><strong>Minas Gerais\u00a0<\/strong><\/p>\n<p>Em <strong>Minas<\/strong>, os <strong>manifestantes<\/strong> come\u00e7avam a se reunir antes da hora marcada para o in\u00edcio do ato. Al\u00e9m disso, os apoiadores de <strong>Bolsonaro<\/strong> seguram cartazes com frases como:<\/p>\n<ul>\n<li>&#8220;Se gritar pega centr\u00e3o, n\u00e3o fica um meu irm\u00e3o&#8221;;<\/li>\n<li>&#8220;STF, chega de mimimi. J\u00e1 est\u00e1 decidido: pris\u00e3o na segunda inst\u00e2ncia&#8221;;<\/li>\n<li>&#8220;Tchutchuca \u00e9 a m\u00e3e \u00e9 a v\u00f3&#8221;;<\/li>\n<li>&#8220;N\u00e3o \u00e9 corte, \u00e9 conting\u00eancia&#8221;;<\/li>\n<li>&#8220;Brasil acima de tudo, STF abaixo de todos&#8221;;<\/li>\n<li>&#8220;Respeitem meu presidente&#8221;.<\/li>\n<\/ul>\n<p><strong>Bras\u00edlia<\/strong><\/p>\n<p>J\u00e1 na capital do <strong>Pa\u00eds<\/strong>, o lema de ordem afirma que as <strong>manifesta\u00e7\u00f5es<\/strong> de apoio ao presidente s\u00e3o &#8220;o terceiro turno das elei\u00e7\u00f5es&#8221;. Al\u00e9m disso, os manifestantes afirmam que o Congresso ter\u00e1 &#8220;que engolir&#8221; o presidente ao menos at\u00e9 2020.<\/p>\n<p>A maior concentra\u00e7\u00e3o ocorre em frente ao <strong>Congresso Nacional<\/strong>. Os manifestantes, al\u00e9m de apoiar as reformas do governo, lan\u00e7am palavras de ordem e faixas com frases contra <strong>Rodrigo Maia<\/strong> (DEM) e o <strong>Centr\u00e3o<\/strong>.<\/p>\n<p>&#8220;Vamos seguir juntos nesta luta, n\u00e3o vamos descansar nenhum dia porque somos patriotas. Somos a base do nosso presidente <strong>Jair Messias Bolsonaro<\/strong>&#8220;, disse a deputada <strong>Bia Kicis<\/strong> (PSL-DF).<\/p>\n<p>Em protesto tamb\u00e9m contra o <strong>STF<\/strong>, alguns manifestantes se fantasiaram de lagostas em Bras\u00edlia. O ato critica uma licita\u00e7\u00e3o de R$ 1 milh\u00e3o do Supremo para compra de alimentos, dos quais um dos itens \u00e9 a lagosta.<\/p>\n<p><a href=\"https:\/\/www.suno.com.br\/noticias\/camara-convoca-ministro-explicar-cortes-educacao\/\">Saiba Mais: C\u00e2mara convoca ministro para explicar cortes na Educa\u00e7\u00e3o nesta quarta<\/a><\/p>\n<p><strong>Rio de Janeiro<\/strong><\/p>\n<p>No Rio de Janeiro, a maior concentra\u00e7\u00e3o de pessoas ocorre no bairro de <strong>Copacabana<\/strong>. Os manifestantes est\u00e3o de verde e amarelo e carregam faixas contra o <strong>Congresso<\/strong> e o <strong>STF<\/strong>. Al\u00e9m disso, carros de som tocam par\u00f3dias que atacam a deputado Maria do Ros\u00e1rio e Paulo Freire.<\/p>\n<p><strong>Salvador<\/strong><\/p>\n<p>Na capital baiana, os atos come\u00e7aram com pouca for\u00e7a, principalmente em compara\u00e7\u00e3o \u00e0s manifesta\u00e7\u00e3o contra o bloqueio na <strong>Educa\u00e7\u00e3o<\/strong>. Contudo, o ato est\u00e1 ganhando for\u00e7a e centenas de pessoas j\u00e1 se re\u00fanem no principal bairro de elite da cidade, o <strong>Farol da Barra<\/strong>.<\/p>\n<p><a href=\"https:\/\/www.suno.com.br\/noticias\/bolsonaro-casamento-paulo-guedes\/\">Saiba Mais: Bolsonaro: \u2018casamento\u2019 com Paulo Guedes est\u00e1 \u2018mais forte que nunca\u2019<\/a><\/p>\n<p><strong>S\u00e3o Paulo<\/strong><\/p>\n<p>Em S\u00e3o Paulo, o manifestantes se concentram principalmente na <strong>Avenida Paulista<\/strong>. A expectativa \u00e9 de que a cidade seja a com mais alcance nos atos <strong>pr\u00f3-Boslonaro<\/strong> neste domingo. No estado de S\u00e3o Paulo diversas cidades j\u00e1 t\u00eam atos, como:<\/p>\n<ul>\n<li>Campinas;<\/li>\n<li>Sorocaba;<\/li>\n<li>S\u00e3o Carlos;<\/li>\n<li>Bauru;<\/li>\n<li>S\u00e3o Jos\u00e9 do Rio Preto;<\/li>\n<li>Mogi das Cruzes;<\/li>\n<li>Piracicaba;<\/li>\n<li>Ribeir\u00e3o Preto.<\/li>\n<\/ul>\n","protected":false},"excerpt":{"rendered":"<p>Os atos em apoio ao presidente Jair Bolsonaro e suas pautas j\u00e1 come\u00e7aram em diversos estados do Pa\u00eds neste domingo (26). Desse modo, no s\u00e1bado (25), os organizadores haviam convocado manifesta\u00e7\u00f5es em pelo menos 312 munic\u00edpios. Assim, os movimentos podem mensurar a popularidade do governo. Atos apoio Bolsonaro As principais pautas defendidas pelos apoiadores de [&hellip;]<\/p>\n","protected":false},"author":16,"featured_media":25976,"comment_status":"closed","ping_status":"closed","sticky":false,"template":"","format":"standard","meta":[],"categories":[61],"tags":[719],"suno_strategy":[],"class_list":["post-25972","post","type-post","status-publish","format-standard","has-post-thumbnail","hentry","category-politica","tag-jair-bolsonaro"],"yoast_head":"<!-- This site is optimized with the Yoast SEO plugin v24.4 - https:\/\/yoast.com\/wordpress\/plugins\/seo\/ -->\n<title>Atos em apoio a Bolsonaro j\u00e1 t\u00eam in\u00edcio pelo pa\u00eds neste domingo<\/title>\n<meta name=\"description\" content=\"As manifesta\u00e7\u00f5es est\u00e3o programadas em 312 munic\u00edpios brasileiros e apoiam pautas de Bolsonaro, al\u00e9m de protestarem contra Congresso. Confira.\" \/>\n<meta name=\"robots\" content=\"index, follow, max-snippet:-1, max-image-preview:large, max-video-preview:-1\" \/>\n<link rel=\"canonical\" href=\"https:\/\/www.suno.com.br\/noticias\/atos-apoio-bolsonaro-pais-domingo\/\" \/>\n<meta property=\"og:locale\" content=\"pt_BR\" \/>\n<meta property=\"og:type\" content=\"article\" \/>\n<meta property=\"og:title\" content=\"Atos em apoio a Bolsonaro j\u00e1 t\u00eam in\u00edcio pelo pa\u00eds neste domingo\" \/>\n<meta property=\"og:description\" content=\"As manifesta\u00e7\u00f5es est\u00e3o programadas em 312 munic\u00edpios brasileiros e apoiam pautas de Bolsonaro, al\u00e9m de protestarem contra Congresso. Confira.\" \/>\n<meta property=\"og:url\" content=\"https:\/\/www.suno.com.br\/noticias\/atos-apoio-bolsonaro-pais-domingo\/\" \/>\n<meta property=\"og:site_name\" content=\"Suno Not\u00edcias\" \/>\n<meta property=\"article:publisher\" content=\"https:\/\/facebook.com\/sunoresearch\" \/>\n<meta property=\"og:image\" content=\"https:\/\/files.sunoresearch.com.br\/n\/uploads\/2019\/05\/db6fd36a-atos-apoio-bolsonaro-1024x525.png\" \/>\n\t<meta property=\"og:image:width\" content=\"1024\" \/>\n\t<meta property=\"og:image:height\" content=\"525\" \/>\n\t<meta property=\"og:image:type\" content=\"image\/png\" \/>\n<meta name=\"author\" content=\"Beatriz Oliveira\" \/>\n<meta name=\"twitter:card\" content=\"summary_large_image\" \/>\n<meta name=\"twitter:creator\" content=\"@sunoresearch\" \/>\n<meta name=\"twitter:site\" content=\"@sunoresearch\" \/>\n<meta name=\"twitter:label1\" content=\"Escrito por\" \/>\n\t<meta name=\"twitter:data1\" content=\"Beatriz Oliveira\" \/>\n\t<meta name=\"twitter:label2\" content=\"Est. tempo de leitura\" \/>\n\t<meta name=\"twitter:data2\" content=\"4 minutos\" \/>\n<script type=\"application\/ld+json\" class=\"yoast-schema-graph\">{\"@context\":\"https:\/\/schema.org\",\"@graph\":[{\"@type\":\"NewsArticle\",\"@id\":\"https:\/\/www.suno.com.br\/noticias\/atos-apoio-bolsonaro-pais-domingo\/#article\",\"isPartOf\":{\"@id\":\"https:\/\/www.suno.com.br\/noticias\/atos-apoio-bolsonaro-pais-domingo\/\"},\"author\":{\"name\":\"Beatriz Oliveira\",\"@id\":\"https:\/\/www.suno.com.br\/noticias\/#\/schema\/person\/e67f665add014bf99f644028de070cc3\"},\"headline\":\"Atos em apoio a Bolsonaro j\u00e1 t\u00eam in\u00edcio pelo pa\u00eds neste domingo\",\"datePublished\":\"2019-05-26T14:57:36+00:00\",\"dateModified\":\"2019-05-26T15:11:26+00:00\",\"mainEntityOfPage\":{\"@id\":\"https:\/\/www.suno.com.br\/noticias\/atos-apoio-bolsonaro-pais-domingo\/\"},\"wordCount\":717,\"publisher\":{\"@id\":\"https:\/\/www.suno.com.br\/noticias\/#organization\"},\"image\":{\"@id\":\"https:\/\/www.suno.com.br\/noticias\/atos-apoio-bolsonaro-pais-domingo\/#primaryimage\"},\"thumbnailUrl\":\"https:\/\/files.sunoresearch.com.br\/n\/uploads\/2019\/05\/db6fd36a-atos-apoio-bolsonaro-png.webp\",\"keywords\":[\"Jair Bolsonaro\"],\"articleSection\":[\"Pol\u00edtica\"],\"inLanguage\":\"pt-BR\"},{\"@type\":\"WebPage\",\"@id\":\"https:\/\/www.suno.com.br\/noticias\/atos-apoio-bolsonaro-pais-domingo\/\",\"url\":\"https:\/\/www.suno.com.br\/noticias\/atos-apoio-bolsonaro-pais-domingo\/\",\"name\":\"Atos em apoio a Bolsonaro j\u00e1 t\u00eam in\u00edcio pelo pa\u00eds neste domingo\",\"isPartOf\":{\"@id\":\"https:\/\/www.suno.com.br\/noticias\/#website\"},\"primaryImageOfPage\":{\"@id\":\"https:\/\/www.suno.com.br\/noticias\/atos-apoio-bolsonaro-pais-domingo\/#primaryimage\"},\"image\":{\"@id\":\"https:\/\/www.suno.com.br\/noticias\/atos-apoio-bolsonaro-pais-domingo\/#primaryimage\"},\"thumbnailUrl\":\"https:\/\/files.sunoresearch.com.br\/n\/uploads\/2019\/05\/db6fd36a-atos-apoio-bolsonaro-png.webp\",\"datePublished\":\"2019-05-26T14:57:36+00:00\",\"dateModified\":\"2019-05-26T15:11:26+00:00\",\"description\":\"As manifesta\u00e7\u00f5es est\u00e3o programadas em 312 munic\u00edpios brasileiros e apoiam pautas de Bolsonaro, al\u00e9m de protestarem contra Congresso. Confira.\",\"breadcrumb\":{\"@id\":\"https:\/\/www.suno.com.br\/noticias\/atos-apoio-bolsonaro-pais-domingo\/#breadcrumb\"},\"inLanguage\":\"pt-BR\",\"potentialAction\":[{\"@type\":\"ReadAction\",\"target\":[\"https:\/\/www.suno.com.br\/noticias\/atos-apoio-bolsonaro-pais-domingo\/\"]}]},{\"@type\":\"ImageObject\",\"inLanguage\":\"pt-BR\",\"@id\":\"https:\/\/www.suno.com.br\/noticias\/atos-apoio-bolsonaro-pais-domingo\/#primaryimage\",\"url\":\"https:\/\/files.sunoresearch.com.br\/n\/uploads\/2019\/05\/db6fd36a-atos-apoio-bolsonaro-png.webp\",\"contentUrl\":\"https:\/\/files.sunoresearch.com.br\/n\/uploads\/2019\/05\/db6fd36a-atos-apoio-bolsonaro-png.webp\",\"width\":1317,\"height\":675,\"caption\":\"Atos apoio Bolsonaro\"},{\"@type\":\"BreadcrumbList\",\"@id\":\"https:\/\/www.suno.com.br\/noticias\/atos-apoio-bolsonaro-pais-domingo\/#breadcrumb\",\"itemListElement\":[{\"@type\":\"ListItem\",\"position\":1,\"name\":\"Not\u00edcias\",\"item\":\"https:\/\/www.suno.com.br\/noticias\/\"},{\"@type\":\"ListItem\",\"position\":2,\"name\":\"Pol\u00edtica\",\"item\":\"https:\/\/www.suno.com.br\/noticias\/politica\/\"},{\"@type\":\"ListItem\",\"position\":3,\"name\":\"Atos em apoio a Bolsonaro j\u00e1 t\u00eam in\u00edcio pelo pa\u00eds neste domingo\"}]},{\"@type\":\"WebSite\",\"@id\":\"https:\/\/www.suno.com.br\/noticias\/#website\",\"url\":\"https:\/\/www.suno.com.br\/noticias\/\",\"name\":\"Suno Not\u00edcias\",\"description\":\"Seu portal de informa\u00e7\u00e3o sobre o mundo dos investimentos\",\"publisher\":{\"@id\":\"https:\/\/www.suno.com.br\/noticias\/#organization\"},\"potentialAction\":[{\"@type\":\"SearchAction\",\"target\":{\"@type\":\"EntryPoint\",\"urlTemplate\":\"https:\/\/www.suno.com.br\/noticias\/?s={search_term_string}\"},\"query-input\":{\"@type\":\"PropertyValueSpecification\",\"valueRequired\":true,\"valueName\":\"search_term_string\"}}],\"inLanguage\":\"pt-BR\"},{\"@type\":\"Organization\",\"@id\":\"https:\/\/www.suno.com.br\/noticias\/#organization\",\"name\":\"Suno Not\u00edcias\",\"url\":\"https:\/\/www.suno.com.br\/noticias\/\",\"logo\":{\"@type\":\"ImageObject\",\"inLanguage\":\"pt-BR\",\"@id\":\"https:\/\/www.suno.com.br\/noticias\/#\/schema\/logo\/image\/\",\"url\":\"https:\/\/files.sunoresearch.com.br\/n\/uploads\/2021\/09\/suno-logo.png\",\"contentUrl\":\"https:\/\/files.sunoresearch.com.br\/n\/uploads\/2021\/09\/suno-logo.png\",\"width\":180,\"height\":180,\"caption\":\"Suno Not\u00edcias\"},\"image\":{\"@id\":\"https:\/\/www.suno.com.br\/noticias\/#\/schema\/logo\/image\/\"},\"sameAs\":[\"https:\/\/facebook.com\/sunoresearch\",\"https:\/\/x.com\/sunoresearch\",\"https:\/\/www.instagram.com\/suno\",\"https:\/\/www.linkedin.com\/company\/suno-research\/\",\"https:\/\/www.youtube.com\/c\/sunoresearch\"]},{\"@type\":\"Person\",\"@id\":\"https:\/\/www.suno.com.br\/noticias\/#\/schema\/person\/e67f665add014bf99f644028de070cc3\",\"name\":\"Beatriz Oliveira\",\"image\":{\"@type\":\"ImageObject\",\"inLanguage\":\"pt-BR\",\"@id\":\"https:\/\/www.suno.com.br\/noticias\/#\/schema\/person\/image\/\",\"url\":\"https:\/\/secure.gravatar.com\/avatar\/c9aa6a0aaecc598d257d5d5bd349157d?s=96&r=g\",\"contentUrl\":\"https:\/\/secure.gravatar.com\/avatar\/c9aa6a0aaecc598d257d5d5bd349157d?s=96&r=g\",\"caption\":\"Beatriz Oliveira\"},\"description\":\"Formada em Jornalismo pela Faculdade Paulus de Tecnologia e Comunica\u00e7\u00e3o, Beatriz Oliveira escreve para o portal de not\u00edcias Suno Research. Antes, passou pelas reda\u00e7\u00f5es da Revista EXAME e da Rede Bandeirantes.\",\"url\":\"https:\/\/www.suno.com.br\/noticias\/author\/beatriz\/\"}]}<\/script>\n<!-- \/ Yoast SEO plugin. -->","yoast_head_json":{"title":"Atos em apoio a Bolsonaro j\u00e1 t\u00eam in\u00edcio pelo pa\u00eds neste domingo","description":"As manifesta\u00e7\u00f5es est\u00e3o programadas em 312 munic\u00edpios brasileiros e apoiam pautas de Bolsonaro, al\u00e9m de protestarem contra Congresso. Confira.","robots":{"index":"index","follow":"follow","max-snippet":"max-snippet:-1","max-image-preview":"max-image-preview:large","max-video-preview":"max-video-preview:-1"},"canonical":"https:\/\/www.suno.com.br\/noticias\/atos-apoio-bolsonaro-pais-domingo\/","og_locale":"pt_BR","og_type":"article","og_title":"Atos em apoio a Bolsonaro j\u00e1 t\u00eam in\u00edcio pelo pa\u00eds neste domingo","og_description":"As manifesta\u00e7\u00f5es est\u00e3o programadas em 312 munic\u00edpios brasileiros e apoiam pautas de Bolsonaro, al\u00e9m de protestarem contra Congresso. Confira.","og_url":"https:\/\/www.suno.com.br\/noticias\/atos-apoio-bolsonaro-pais-domingo\/","og_site_name":"Suno Not\u00edcias","article_publisher":"https:\/\/facebook.com\/sunoresearch","og_image":[{"width":1024,"height":525,"url":"https:\/\/files.sunoresearch.com.br\/n\/uploads\/2019\/05\/db6fd36a-atos-apoio-bolsonaro-1024x525.png","type":"image\/png"}],"author":"Beatriz Oliveira","twitter_card":"summary_large_image","twitter_creator":"@sunoresearch","twitter_site":"@sunoresearch","twitter_misc":{"Escrito por":"Beatriz Oliveira","Est. tempo de leitura":"4 minutos"},"schema":{"@context":"https:\/\/schema.org","@graph":[{"@type":"NewsArticle","@id":"https:\/\/www.suno.com.br\/noticias\/atos-apoio-bolsonaro-pais-domingo\/#article","isPartOf":{"@id":"https:\/\/www.suno.com.br\/noticias\/atos-apoio-bolsonaro-pais-domingo\/"},"author":{"name":"Beatriz Oliveira","@id":"https:\/\/www.suno.com.br\/noticias\/#\/schema\/person\/e67f665add014bf99f644028de070cc3"},"headline":"Atos em apoio a Bolsonaro j\u00e1 t\u00eam in\u00edcio pelo pa\u00eds neste domingo","datePublished":"2019-05-26T14:57:36+00:00","dateModified":"2019-05-26T15:11:26+00:00","mainEntityOfPage":{"@id":"https:\/\/www.suno.com.br\/noticias\/atos-apoio-bolsonaro-pais-domingo\/"},"wordCount":717,"publisher":{"@id":"https:\/\/www.suno.com.br\/noticias\/#organization"},"image":{"@id":"https:\/\/www.suno.com.br\/noticias\/atos-apoio-bolsonaro-pais-domingo\/#primaryimage"},"thumbnailUrl":"https:\/\/files.sunoresearch.com.br\/n\/uploads\/2019\/05\/db6fd36a-atos-apoio-bolsonaro-png.webp","keywords":["Jair Bolsonaro"],"articleSection":["Pol\u00edtica"],"inLanguage":"pt-BR"},{"@type":"WebPage","@id":"https:\/\/www.suno.com.br\/noticias\/atos-apoio-bolsonaro-pais-domingo\/","url":"https:\/\/www.suno.com.br\/noticias\/atos-apoio-bolsonaro-pais-domingo\/","name":"Atos em apoio a Bolsonaro j\u00e1 t\u00eam in\u00edcio pelo pa\u00eds neste domingo","isPartOf":{"@id":"https:\/\/www.suno.com.br\/noticias\/#website"},"primaryImageOfPage":{"@id":"https:\/\/www.suno.com.br\/noticias\/atos-apoio-bolsonaro-pais-domingo\/#primaryimage"},"image":{"@id":"https:\/\/www.suno.com.br\/noticias\/atos-apoio-bolsonaro-pais-domingo\/#primaryimage"},"thumbnailUrl":"https:\/\/files.sunoresearch.com.br\/n\/uploads\/2019\/05\/db6fd36a-atos-apoio-bolsonaro-png.webp","datePublished":"2019-05-26T14:57:36+00:00","dateModified":"2019-05-26T15:11:26+00:00","description":"As manifesta\u00e7\u00f5es est\u00e3o programadas em 312 munic\u00edpios brasileiros e apoiam pautas de Bolsonaro, al\u00e9m de protestarem contra Congresso. Confira.","breadcrumb":{"@id":"https:\/\/www.suno.com.br\/noticias\/atos-apoio-bolsonaro-pais-domingo\/#breadcrumb"},"inLanguage":"pt-BR","potentialAction":[{"@type":"ReadAction","target":["https:\/\/www.suno.com.br\/noticias\/atos-apoio-bolsonaro-pais-domingo\/"]}]},{"@type":"ImageObject","inLanguage":"pt-BR","@id":"https:\/\/www.suno.com.br\/noticias\/atos-apoio-bolsonaro-pais-domingo\/#primaryimage","url":"https:\/\/files.sunoresearch.com.br\/n\/uploads\/2019\/05\/db6fd36a-atos-apoio-bolsonaro-png.webp","contentUrl":"https:\/\/files.sunoresearch.com.br\/n\/uploads\/2019\/05\/db6fd36a-atos-apoio-bolsonaro-png.webp","width":1317,"height":675,"caption":"Atos apoio Bolsonaro"},{"@type":"BreadcrumbList","@id":"https:\/\/www.suno.com.br\/noticias\/atos-apoio-bolsonaro-pais-domingo\/#breadcrumb","itemListElement":[{"@type":"ListItem","position":1,"name":"Not\u00edcias","item":"https:\/\/www.suno.com.br\/noticias\/"},{"@type":"ListItem","position":2,"name":"Pol\u00edtica","item":"https:\/\/www.suno.com.br\/noticias\/politica\/"},{"@type":"ListItem","position":3,"name":"Atos em apoio a Bolsonaro j\u00e1 t\u00eam in\u00edcio pelo pa\u00eds neste domingo"}]},{"@type":"WebSite","@id":"https:\/\/www.suno.com.br\/noticias\/#website","url":"https:\/\/www.suno.com.br\/noticias\/","name":"Suno Not\u00edcias","description":"Seu portal de informa\u00e7\u00e3o sobre o mundo dos investimentos","publisher":{"@id":"https:\/\/www.suno.com.br\/noticias\/#organization"},"potentialAction":[{"@type":"SearchAction","target":{"@type":"EntryPoint","urlTemplate":"https:\/\/www.suno.com.br\/noticias\/?s={search_term_string}"},"query-input":{"@type":"PropertyValueSpecification","valueRequired":true,"valueName":"search_term_string"}}],"inLanguage":"pt-BR"},{"@type":"Organization","@id":"https:\/\/www.suno.com.br\/noticias\/#organization","name":"Suno Not\u00edcias","url":"https:\/\/www.suno.com.br\/noticias\/","logo":{"@type":"ImageObject","inLanguage":"pt-BR","@id":"https:\/\/www.suno.com.br\/noticias\/#\/schema\/logo\/image\/","url":"https:\/\/files.sunoresearch.com.br\/n\/uploads\/2021\/09\/suno-logo.png","contentUrl":"https:\/\/files.sunoresearch.com.br\/n\/uploads\/2021\/09\/suno-logo.png","width":180,"height":180,"caption":"Suno Not\u00edcias"},"image":{"@id":"https:\/\/www.suno.com.br\/noticias\/#\/schema\/logo\/image\/"},"sameAs":["https:\/\/facebook.com\/sunoresearch","https:\/\/x.com\/sunoresearch","https:\/\/www.instagram.com\/suno","https:\/\/www.linkedin.com\/company\/suno-research\/","https:\/\/www.youtube.com\/c\/sunoresearch"]},{"@type":"Person","@id":"https:\/\/www.suno.com.br\/noticias\/#\/schema\/person\/e67f665add014bf99f644028de070cc3","name":"Beatriz Oliveira","image":{"@type":"ImageObject","inLanguage":"pt-BR","@id":"https:\/\/www.suno.com.br\/noticias\/#\/schema\/person\/image\/","url":"https:\/\/secure.gravatar.com\/avatar\/c9aa6a0aaecc598d257d5d5bd349157d?s=96&r=g","contentUrl":"https:\/\/secure.gravatar.com\/avatar\/c9aa6a0aaecc598d257d5d5bd349157d?s=96&r=g","caption":"Beatriz Oliveira"},"description":"Formada em Jornalismo pela Faculdade Paulus de Tecnologia e Comunica\u00e7\u00e3o, Beatriz Oliveira escreve para o portal de not\u00edcias Suno Research. Antes, passou pelas reda\u00e7\u00f5es da Revista EXAME e da Rede Bandeirantes.","url":"https:\/\/www.suno.com.br\/noticias\/author\/beatriz\/"}]}},"default_loop_html":"<div class=\"cardsPage__listCard__boxs\"><div class=\"cardsPage__listCard__boxs__img\"><a href=\"https:\/\/www.suno.com.br\/noticias\/atos-apoio-bolsonaro-pais-domingo\/\"><img class=\"mask\" src=\"https:\/\/www.suno.com.br\/noticias\/wp-content\/themes\/suno\/resources\/images\/spotlight\/spotlight1img\/bg-mask.png\" alt=\"Image Mask\"\/><img src=\"https:\/\/files.sunoresearch.com.br\/n\/uploads\/2019\/05\/db6fd36a-atos-apoio-bolsonaro-400x200.webp\" alt=\"Atos em apoio a Bolsonaro j\u00e1 t\u00eam in\u00edcio pelo pa\u00eds neste domingo\"\/><\/a><span class=\"spotlightCategory\"><a href=\"https:\/\/www.suno.com.br\/noticias\/politica\/\">Pol\u00edtica<\/a><\/span><\/div><div class=\"cardsPage__listCard__boxs__content\"><a href=\"https:\/\/www.suno.com.br\/noticias\/atos-apoio-bolsonaro-pais-domingo\/\"><h2 class=\"content__title\">Atos em apoio a Bolsonaro j\u00e1 t\u00eam in\u00edcio pelo pa\u00eds neste domingo<\/h2><\/a><div class=\"newsContent__article__meta\"><div class=\"newsContent__article__meta__authorBox\"><a href=\"https:\/\/www.suno.com.br\/noticias\/author\/beatriz\/\" class=\"authorBox__avatar noMobi\"><img src=\"https:\/\/secure.gravatar.com\/avatar\/c9aa6a0aaecc598d257d5d5bd349157d?s=96&#038;r=g\" alt=\"Beatriz Oliveira\"><\/a><div class=\"authorBox__name\"><span>por\n\t\t\t<a href=\"https:\/\/www.suno.com.br\/noticias\/author\/beatriz\/\"><span itemprop=\"author\">Beatriz Oliveira<\/span><\/a><\/span><time datetime=\"2019-05-26T11:57:36-03:00\" itemprop=\"datePublished\">26\/05\/2019 11:57<\/time><\/div><\/div><\/div><\/div><\/div>","single_layout":"posts","amp_enabled":true,"_links":{"self":[{"href":"https:\/\/www.suno.com.br\/noticias\/wp-json\/wp\/v2\/posts\/25972"}],"collection":[{"href":"https:\/\/www.suno.com.br\/noticias\/wp-json\/wp\/v2\/posts"}],"about":[{"href":"https:\/\/www.suno.com.br\/noticias\/wp-json\/wp\/v2\/types\/post"}],"author":[{"embeddable":true,"href":"https:\/\/www.suno.com.br\/noticias\/wp-json\/wp\/v2\/users\/16"}],"replies":[{"embeddable":true,"href":"https:\/\/www.suno.com.br\/noticias\/wp-json\/wp\/v2\/comments?post=25972"}],"version-history":[{"count":0,"href":"https:\/\/www.suno.com.br\/noticias\/wp-json\/wp\/v2\/posts\/25972\/revisions"}],"wp:featuredmedia":[{"embeddable":true,"href":"https:\/\/www.suno.com.br\/noticias\/wp-json\/wp\/v2\/media\/25976"}],"wp:attachment":[{"href":"https:\/\/www.suno.com.br\/noticias\/wp-json\/wp\/v2\/media?parent=25972"}],"wp:term":[{"taxonomy":"category","embeddable":true,"href":"https:\/\/www.suno.com.br\/noticias\/wp-json\/wp\/v2\/categories?post=25972"},{"taxonomy":"post_tag","embeddable":true,"href":"https:\/\/www.suno.com.br\/noticias\/wp-json\/wp\/v2\/tags?post=25972"},{"taxonomy":"suno_strategy","embeddable":true,"href":"https:\/\/www.suno.com.br\/noticias\/wp-json\/wp\/v2\/suno_strategy?post=25972"}],"curies":[{"name":"wp","href":"https:\/\/api.w.org\/{rel}","templated":true}]}}