{"id":259619,"date":"2022-05-17T22:44:49","date_gmt":"2022-05-18T01:44:49","guid":{"rendered":"https:\/\/www.suno.com.br\/noticias\/?p=259619"},"modified":"2022-05-17T23:10:04","modified_gmt":"2022-05-18T02:10:04","slug":"radar-warren-buffett-cielo-ciel3-netflix-nflx34","status":"publish","type":"post","link":"https:\/\/www.suno.com.br\/noticias\/radar-warren-buffett-cielo-ciel3-netflix-nflx34\/","title":{"rendered":"Radar: Berkshire Hathaway\u00a0(BERK34) compra fatia do Citigroup (CTGP34), Cielo (CIEL3) atualiza JCP, CVM revisa decis\u00e3o sobre MXRF11"},"content":{"rendered":"<p>A\u00a0<strong><a class=\"suno-keyword\" href=\"https:\/\/www.suno.com.br\/artigos\/berkshire-hathaway\/\" target=\"_blank\" rel=\"noopener\" data-force=\"no\" data-priority=\"2\">Berkshire Hathaway<\/a>\u00a0<\/strong>(BERK34), de\u00a0<strong>Warren Buffett<\/strong>, comprou cerca de 55 milh\u00f5es de a\u00e7\u00f5es do Citigroup (<a class=\"suno-keyword\" href=\"https:\/\/www.suno.com.br\/bdrs\/ctgp34\/\" target=\"_blank\" rel=\"noopener\" data-force=\"yes\" data-priority=\"2\">CTGP34<\/a>) \u2013 equivalente a 2,8% do capital social da companhia \u2013 ao longo do primeiro trimestre de 2022.<\/p>\t<div class=\"wrapper-featured-image\">\n\t\t<figure class=\"spotlightImg\">\n\n\t\t\t<picture>\n\t\t\t\t<source media=\"(max-width: 768px)\" srcset=\"https:\/\/files.sunoresearch.com.br\/n\/uploads\/2020\/07\/c8dd75cf-warren-buffett-400x200.webp\">\n\t\t\t\t<img loading=\"lazy\" decoding=\"async\" class=\"newsContent__article__imgCapa lazyloadDisabled \" src=\"https:\/\/files.sunoresearch.com.br\/n\/uploads\/2020\/07\/c8dd75cf-warren-buffett-800x450.webp\" width=\"800\" height=\"450\" alt=\"Radar: Berkshire Hathaway\u00a0(BERK34) compra fatia do Citigroup (CTGP34), Cielo (CIEL3) atualiza JCP, CVM revisa decis\u00e3o sobre MXRF11\" fetchpriority=high \/>\n\t\t\t<\/picture>\n\n\t\t\t<figcaption class=\"wp-caption-text wp-caption-text--show\">O megainvestidor Warren Buffett- Foto: Divulga\u00e7\u00e3o<\/figcaption>\n\t\t<\/figure>\n\t<\/div>\n\n\n\t<p>\n\t\t<a href=\"\" target=\"_blank\" data-element=\"shortcode-suno-banner\" title=\"Banner SUNO, clique e saiba mais\">\n\t\t\t<picture>\n\t\t\t\t<source media=\"(max-width: 500px)\" srcset=\"\">\n\t\t\t\t<img class=\"newsContent__article__imgCapa newsContent__article__imgCapa--banner\"\n\t\t\t\t\tsrc=\"\"\n\t\t\t\t\tdata-promo-id=\"138420\"\t\t\t\t\t\t\t\t\t\t\t\t\t\t\talt=\"\"\n\t\t\t\t>\n\t\t\t<\/picture>\n\t\t<\/a>\n\t<\/p>\n\n\n<p>No total, a participa\u00e7\u00e3o da holding no final de mar\u00e7o era de US$ 3 bilh\u00f5es. Este \u00e9 um dos maiores investimentos dos \u00faltimos tempos da\u00a0<strong>companhia de Warren Buffett<\/strong>, que decidiu ir \u00e0s compras pelas\u00a0<strong>a\u00e7\u00f5es do Citi<\/strong>\u00a0enquanto elas estavam com desempenho inferior em rela\u00e7\u00e3o ao resto do setor financeiro nos \u00faltimos 12 meses.<\/p>\n<p>A compra foi divulgada pela Berkshire Hathaway via\u00a0<a class=\"suno-keyword\" href=\"https:\/\/www.suno.com.br\/artigos\/fato-relevante\/\" target=\"_blank\" rel=\"noopener\" data-force=\"no\" data-priority=\"1\">fato relevante<\/a>\u00a0\u00e0 Comiss\u00e3o de Valores Mobili\u00e1rios dos Estados Unidos, a\u00a0<strong>SEC<\/strong>, na noite de segunda-feira (16). As a\u00e7\u00f5es do Citigroup passaram a sess\u00e3o desta ter\u00e7a-feira (17) em alta. O\u00a0<a class=\"suno-keyword\" href=\"https:\/\/www.suno.com.br\/bdrs\/\" target=\"_blank\" rel=\"noopener\" data-force=\"yes\" data-priority=\"2\">BDR<\/a>\u00a0da companhia tamb\u00e9m subiu: 4,71%, para R$ 42,06.<\/p>\n<p>A aquisi\u00e7\u00e3o de a\u00e7\u00f5es do Citigroup ocorre ap\u00f3s Buffett vender o restante de sua posi\u00e7\u00e3o acion\u00e1ria na\u00a0<strong>Wells Fargo (WFCO34)<\/strong>, concorrente do grupo, o que j\u00e1 foi um marco dentro do portf\u00f3lio do investidor por tr\u00eas d\u00e9cadas.<\/p>\n<p>A companhia tamb\u00e9m investiu na seguradora Markel e no grupo de m\u00eddia Paramount Global, al\u00e9m de Ally Financial, Celanese e McKesson. Antes, Buffet j\u00e1 havia anunciado investimentos em Chevron (CHVX34), Occidental Petroleum (OXYP34) e HP (HPQB34) no primeiro trimestre. O megainvestidor ainda comprou quase 4 milh\u00f5es de a\u00e7\u00f5es na Apple (AAPL34).<\/p>\n<p>Al\u00e9m de todos os novos investimentos, a Berkshire vendeu quase US$ 10 bilh\u00f5es em a\u00e7\u00f5es, reduzindo suas participa\u00e7\u00f5es na Kroger e na Verizon Communications (VERZ34), e eliminando aportes nas farmac\u00eauticas Abbvie e Bristol Myers Squibb.<\/p>\n<p>Al\u00e9m do <strong>Warren Buffett<\/strong>, confira outros destaques desta ter\u00e7a-feira:<\/p>\n<h2>Cielo (CIEL3) aumenta valor por a\u00e7\u00e3o de JCP no total de R$ 65 milh\u00f5es; confira<\/h2>\n<ul>\n<li>A <strong>Cielo<\/strong>\u00a0(CIEL3) divulgou nesta ter\u00e7a-feira (17) que vai corrigir o valor dos\u00a0<strong><a class=\"suno-keyword\" href=\"https:\/\/www.suno.com.br\/artigos\/entenda-o-jcp\/\" target=\"_blank\" rel=\"noopener\" data-force=\"no\" data-priority=\"1\">Juros Sobre Capital Pr\u00f3prio<\/a><\/strong>\u00a0(JCP) a serem pagos na semana que vem, dia 24 de maio.<\/li>\n<li>Em <a class=\"suno-keyword\" href=\"https:\/\/www.suno.com.br\/artigos\/fato-relevante\/\" target=\"_blank\" rel=\"noopener\" data-force=\"no\" data-priority=\"1\">fato relevante<\/a>, a Cielo informa que o valor dos proventos por a\u00e7\u00e3o corrigido ser\u00e1 de R$ 0,02420743314. Anteriormente, o valor que seria pago aos acionistas da empresa seria de R$ 0,02421156928.<\/li>\n<li>A mudan\u00e7a no valor do <strong>JCP da Cielo<\/strong>\u00a0ocorre com a altera\u00e7\u00e3o na quantidade de a\u00e7\u00f5es detidas em tesouraria pela companhia, para atendimento das obriga\u00e7\u00f5es decorrentes do seu programa de remunera\u00e7\u00e3o baseado em a\u00e7\u00f5es. O valor total a ser pago a t\u00edtulo de JCP, no montante de R$ 65,1 milh\u00f5es, n\u00e3o sofreu altera\u00e7\u00e3o.<\/li>\n<li>Apenas os investidores que possu\u00edam <strong>a\u00e7\u00f5es da Cielo<\/strong>\u00a0no dia 10 de maio ter\u00e3o direito de receber os rendimentos. No dia 11 de maio, as a\u00e7\u00f5es negociadas j\u00e1 eram \u201cex-juros\u201d.<\/li>\n<li>Segundo documento arquivado na <a class=\"suno-keyword\" href=\"https:\/\/www.suno.com.br\/artigos\/cvm\/\" target=\"_blank\" rel=\"noopener\" data-force=\"no\" data-priority=\"2\">Comiss\u00e3o de Valores Mobili\u00e1rios (CVM)<\/a>, esses proventos fazem parte dos\u00a0<a class=\"suno-keyword\" href=\"https:\/\/www.suno.com.br\/guias\/dividendos\/\" target=\"_blank\" rel=\"noopener\" data-force=\"no\" data-priority=\"1\">dividendos<\/a>\u00a0obrigat\u00f3rios do exerc\u00edcio de 2022, referentes aos primeiro trimestre.<\/li>\n<li>Valor total: R$ 65.137.798,5<\/li>\n<li>Valor por a\u00e7\u00e3o: R$ 0,02420743314<\/li>\n<li>Data de corte: 10 de maio<\/li>\n<li>Data do pagamento: 24 de maio<\/li>\n<li>Rendimento (dividend yield): 4,03%<\/li>\n<\/ul>\n\t<p>\n\t\t<a href=\"https:\/\/lp.suno.com.br\/planilha-controle-gastos\/\" target=\"_blank\" data-element=\"shortcode-suno-banner\" title=\"Banner SUNO, clique e saiba mais\">\n\t\t\t<picture>\n\t\t\t\t<source media=\"(max-width: 500px)\" srcset=\"https:\/\/files.sunoresearch.com.br\/n\/uploads\/2023\/03\/400x300-Planilha-controle-de-gastos.png\">\n\t\t\t\t<img class=\"newsContent__article__imgCapa newsContent__article__imgCapa--banner\"\n\t\t\t\t\tsrc=\"https:\/\/files.sunoresearch.com.br\/n\/uploads\/2023\/03\/1420x240-Planilha-controle-de-gastos.png\"\n\t\t\t\t\tdata-promo-id=\"101751\"\t\t\t\t\t\t\t\t\t\twidth='1420' height='240'\t\t\t\t\talt=\"https:\/\/files.sunoresearch.com.br\/n\/uploads\/2023\/03\/1420x240-Planilha-controle-de-gastos.png\"\n\t\t\t\t>\n\t\t\t<\/picture>\n\t\t<\/a>\n\t<\/p>\n\n\n<h2 class=\"newsContent__article__title\">Maxi Renda (MXRF11): distribui\u00e7\u00e3o de dividendos do FII \u00e9 regular, decide CVM por unanimidade<\/h2>\n<ul>\n<li>O colegiado da <strong><a class=\"suno-keyword\" href=\"https:\/\/www.suno.com.br\/artigos\/cvm\/\" target=\"_blank\" rel=\"noopener\" data-force=\"no\" data-priority=\"2\">Comiss\u00e3o de Valores Mobili\u00e1rios (CVM)<\/a><\/strong>\u00a0decidiu reconhecer por unanimidade nesta ter\u00e7a-feira (17) a regularidade do tratamento cont\u00e1bil dado \u00e0 distribui\u00e7\u00e3o de proventos pelo FII\u00a0<strong>Maxi Renda<\/strong>\u00a0(<strong><a class=\"suno-keyword\" href=\"https:\/\/www.suno.com.br\/fundos-imobiliarios\/mxrf11\/\" target=\"_blank\" rel=\"noopener\" data-force=\"yes\" data-priority=\"2\">MXRF11<\/a><\/strong>).<\/li>\n<li>A ata da reuni\u00e3o do colegiado, divulgada no in\u00edcio da noite, informa que o tratamento cont\u00e1bil na distribui\u00e7\u00e3o de lucro caixa excedente em preju\u00edzos ou lucros acumulados, e n\u00e3o como amortiza\u00e7\u00e3o de cotas integralizadas, tem car\u00e1ter legal.<\/li>\n<li>Em janeiro, o <a href=\"https:\/\/www.suno.com.br\/fundos-imobiliarios\/mxrf11\/\" target=\"_blank\" rel=\"noopener\">Maxi Renda<\/a>\u00a0(<strong>MXRF11<\/strong>), fundo imobili\u00e1rio com o maior n\u00famero de cotistas do mercado \u2013 s\u00e3o 506 mil \u2013, publicou um\u00a0<a class=\"suno-keyword\" href=\"https:\/\/www.suno.com.br\/artigos\/fato-relevante\/\" target=\"_blank\" rel=\"noopener\" data-force=\"no\" data-priority=\"1\">fato relevante<\/a>\u00a0em que apresentava uma decis\u00e3o da CVM sobre o Fundo, determinando a distribui\u00e7\u00e3o de rendimentos somente em caso de\u00a0<a class=\"suno-keyword\" href=\"https:\/\/www.suno.com.br\/artigos\/lucro-contabil\/\" target=\"_blank\" rel=\"noopener\" data-force=\"no\" data-priority=\"1\">lucro cont\u00e1bil<\/a>, n\u00e3o pelo\u00a0<a class=\"suno-keyword\" href=\"https:\/\/www.suno.com.br\/artigos\/regime-caixa\/\" target=\"_blank\" rel=\"noopener\" data-force=\"no\" data-priority=\"1\">regime de caixa<\/a>.<\/li>\n<li>Segundo a \u00e1rea t\u00e9cnica da CVM disse \u00e0 \u00e9poca, a administra\u00e7\u00e3o do <strong>Maxi Renda<\/strong> vinha distribuindo aos cotistas rendimentos com base no lucro caixa do Fundo, mesmo quando esses valores excediam o lucro cont\u00e1bil. O que n\u00e3o poderia ser feito na classifica\u00e7\u00e3o de rendimento e, sim, como amortiza\u00e7\u00e3o ou devolu\u00e7\u00e3o do capital investido pelos cotistas.<\/li>\n<li>A decis\u00e3o causou impacto no mercado. O caso era espec\u00edfico sobre o\u00a0<strong>FII MXRF11<\/strong>, mas repercutiu nos fundos imobili\u00e1rios pela possibilidade de jurisprud\u00eancia da decis\u00e3o da CVM, levando o modelo a todos os FIIs.<\/li>\n<li>Em fevereiro, contudo, a <strong>CVM<\/strong>\u00a0suspendeu o efeito da decis\u00e3o sobre a distribui\u00e7\u00e3o de rendimentos pelo FII MXRF11, a pedido do administrador do Fundo, o\u00a0<a class=\"suno-keyword\" href=\"https:\/\/www.suno.com.br\/acoes\/BPAC11\/\" target=\"_blank\" rel=\"noopener\" data-force=\"yes\" data-priority=\"2\">BTG Pactual (BPAC11)<\/a>.<\/li>\n<li>A CVM afirmou, naquele m\u00eas, que iria cessar o efeito suspensivo \u2013 e a decis\u00e3o voltaria a valer -, caso n\u00e3o houvesse apresenta\u00e7\u00e3o do pedido de reconsidera\u00e7\u00e3o em at\u00e9 15 dias \u00fateis ou se o colegiado deliberasse pela rejei\u00e7\u00e3o ou n\u00e3o reconhecimento do pedido feito pela administra\u00e7\u00e3o do MXRF11.<\/li>\n<li>A CVM acabou decidindo pela revis\u00e3o nesta ter\u00e7a (18). O colegiado reconheceu a exist\u00eancia de \u201cobscuridade e contradi\u00e7\u00e3o\u201d na primeira decis\u00e3o tomada pela autarquia.<\/li>\n<\/ul>\n<h2>Eletrobras (ELET3): presidente da empresa diz que privatiza\u00e7\u00e3o pode ocorrer at\u00e9 agosto<\/h2>\n<ul>\n<li>A <strong>privatiza\u00e7\u00e3o da\u00a0<a class=\"suno-keyword\" href=\"https:\/\/www.suno.com.br\/acoes\/ELET3\/\" target=\"_blank\" rel=\"noopener\" data-force=\"yes\" data-priority=\"2\">Eletrobras (ELET3)<\/a><\/strong>\u00a0deve ocorrer at\u00e9 meados da agosto. A opini\u00e3o \u00e9 do presidente da companhia. Rodrigo Limp: \u201cA conclus\u00e3o do processo pode ocorrer at\u00e9 meados de agosto, em um cen\u00e1rio otimista,\u201d O processo aguarda\u00a0<strong>decis\u00e3o do Tribunal de Contas da Uni\u00e3o<\/strong>, que julga nesta quarta (18) se dar\u00e1 ou n\u00e3o prosseguimento \u00e0 etapa de capitaliza\u00e7\u00e3o da companhia.<\/li>\n<li>Limp afirmou que, em um cen\u00e1rio positivo, a conclus\u00e3o da <strong>opera\u00e7\u00e3o de privatiza\u00e7\u00e3o<\/strong>\u00a0da empresa poder\u00e1 ocorrer at\u00e9 agosto, em um cen\u00e1rio mais favor\u00e1vel. O CEO dessa declara\u00e7\u00e3o em entrevista coletiva online sobre os resultados do primeiro trimestre de 2022.<\/li>\n<li>A Eletrobras anunciou ter obtido <a href=\"https:\/\/www.suno.com.br\/noticias\/eletrobras-elet3-lucro-liquido-cresce-1t22\/\"><strong>lucro l\u00edquido<\/strong><\/a>\u00a0de R$ 2,7 bilh\u00f5es no primeiro trimestre de 2022. O resultado, divulgado nesta segunda-feira (16), \u00e9 69% superior ao mesmo per\u00edodo de 2021 e foi impactado positivamente pelo aumento de 12% da\u00a0<a class=\"suno-keyword\" href=\"https:\/\/www.suno.com.br\/artigos\/o-que-receita-bruta\/\" target=\"_blank\" rel=\"noopener\" data-force=\"no\" data-priority=\"1\">receita bruta<\/a>, e tamb\u00e9m pelo desempenho financeiro da companhia, com destaque para o efeito positivo da\u00a0<a class=\"suno-keyword\" href=\"https:\/\/www.suno.com.br\/artigos\/variacao-cambial\/\" target=\"_blank\" rel=\"noopener\" data-force=\"no\" data-priority=\"1\">varia\u00e7\u00e3o cambial<\/a>.<img decoding=\"async\" src=\"https:\/\/agenciabrasil.ebc.com.br\/ebc.png?id=1460030&amp;o=rss\" \/><img decoding=\"async\" src=\"https:\/\/agenciabrasil.ebc.com.br\/ebc.gif?id=1460030&amp;o=rss\" \/><\/li>\n<li>O <strong>presidente da Eletrobras<\/strong>\u00a0acrescentou que agosto \u00e9 a melhor janela de mercado, coincidindo com as f\u00e9rias no Hemisf\u00e9rio Norte e antes do per\u00edodo eleitoral no Brasil \u2014 o que representa, no seu entender, mais benef\u00edcios para a empresa e para a Uni\u00e3o.<\/li>\n<li>Limp afirmou que aguarda a decis\u00e3o do TCU. Depois da aprova\u00e7\u00e3o do tribunal, ser\u00e1 necess\u00e1rio ainda concluir a elabora\u00e7\u00e3o de toda a documenta\u00e7\u00e3o do prospecto e realizar avalia\u00e7\u00e3o de auditoria independente.<\/li>\n<li>A diretora Financeira e de <a class=\"suno-keyword\" href=\"https:\/\/www.suno.com.br\/artigos\/relacoes-com-investidores\/\" target=\"_blank\" rel=\"noopener\" data-force=\"no\" data-priority=\"1\">Rela\u00e7\u00f5es com Investidores<\/a>, Elvira Presta, afirmou ser precipitado falar em datas para o road show (apresenta\u00e7\u00e3o de uma empresa e seus produtos para investidores). \u201cN\u00f3s s\u00f3 conseguiremos montar a agenda [do road show] depois da aprova\u00e7\u00e3o pelo TCU\u201d, acrescentou Elvira.<\/li>\n<\/ul>\n\t<p>\n\t\t<a href=\"https:\/\/lp.suno.com.br\/planilha-da-vida-financeira\/\" target=\"_blank\" data-element=\"shortcode-suno-banner\" title=\"Banner SUNO, clique e saiba mais\">\n\t\t\t<picture>\n\t\t\t\t<source media=\"(max-width: 500px)\" srcset=\"https:\/\/files.sunoresearch.com.br\/n\/uploads\/2023\/04\/400x300-Planilha-vida-financeira-true.png\">\n\t\t\t\t<img class=\"newsContent__article__imgCapa newsContent__article__imgCapa--banner\"\n\t\t\t\t\tsrc=\"https:\/\/files.sunoresearch.com.br\/n\/uploads\/2023\/04\/1420x240-Planilha-vida-financeira-true.png\"\n\t\t\t\t\tdata-promo-id=\"106682\"\t\t\t\t\t\t\t\t\t\twidth='1420' height='240'\t\t\t\t\talt=\"https:\/\/files.sunoresearch.com.br\/n\/uploads\/2023\/04\/1420x240-Planilha-vida-financeira-true.png\"\n\t\t\t\t>\n\t\t\t<\/picture>\n\t\t<\/a>\n\t<\/p>\n\n\n<h2>Fleury (FLRY3) faz parceria para criar empresa de servi\u00e7os oncol\u00f3gicos; investimento \u00e9 de R$ 678 mi<\/h2>\n<ul>\n<li>A <strong>Fleury<\/strong>\u00a0(FLRY3), companhia de diagn\u00f3sticos m\u00e9dicos, divulgou nesta ter\u00e7a-feira (17) que formou uma parceria com a Atl\u00e2ntica Hospitais, controlada indiretamente pelo\u00a0<strong>Bradesco<\/strong>\u00a0(BBDC4), e com a Benefic\u00eancia Portuguesa para criar uma empresa especializada em servi\u00e7os de tratamentos contra o c\u00e2ncer.<\/li>\n<li>De acordo com <a class=\"suno-keyword\" href=\"https:\/\/www.suno.com.br\/artigos\/fato-relevante\/\" target=\"_blank\" rel=\"noopener\" data-force=\"no\" data-priority=\"1\">fato relevante<\/a>\u00a0enviado \u00e0\u00a0<strong>Comiss\u00e3o de Valores Mobili\u00e1rios<\/strong>\u00a0(CVM), a iniciativa prev\u00ea investir cerca de R$ 678 milh\u00f5es nos cinco primeiros anos, a serem aportados pelos parceiros, para abrir cl\u00ednicas oncol\u00f3gicas para tratamentos preventivos e de maior complexidade, em diferentes cidades do Brasil.<\/li>\n<li>O Bradesco \u00e9 controlador tamb\u00e9m <strong>Bradesco Diagn\u00f3sticos<\/strong>, que por sua vez det\u00e9m cerca de 30% da Fleury.<\/li>\n<li>Empresas de sa\u00fade no Brasil est\u00e3o se movimentando para diversificar receitas, explorando mercados especializados de alto crescimento e maiores margens, ao mesmo tempo em que um processo de consolida\u00e7\u00e3o no setor avan\u00e7a rapidamente.<\/li>\n<li>\u201cA nova companhia ser\u00e1 o ve\u00edculo de uma associa\u00e7\u00e3o parit\u00e1ria, tanto em rela\u00e7\u00e3o aos percentuais de participa\u00e7\u00e3o econ\u00f4mica quanto em rela\u00e7\u00e3o aos direitos de governan\u00e7a, e nasce com a ambi\u00e7\u00e3o de se tornar uma das grandes refer\u00eancias do Pa\u00eds em Oncologia, contando com corpo t\u00e9cnico e cl\u00ednico de excel\u00eancia para proporcionar aos pacientes cuidado e desfechos adequados a cada caso\u201d, diz a Fleury, em nota.<\/li>\n<li>O acordo entre as empresas se baseia em um modelo de opera\u00e7\u00e3o \u201cfocado na jornada completa e com \u00eanfase no diagn\u00f3stico precoce, emprego de tecnologia e acolhimento do paciente, oferecendo uma forma de pagamento baseado no desfecho e na gest\u00e3o das vidas em carteira\u201d.<\/li>\n<li>A conclus\u00e3o da transa\u00e7\u00e3o precisa de aprova\u00e7\u00e3o do Cade (Conselho Administrativo de Defesa Econ\u00f4mica) e do <a class=\"suno-keyword\" href=\"https:\/\/www.suno.com.br\/artigos\/bacen\/\" target=\"_blank\" rel=\"noopener\" data-force=\"no\" data-priority=\"3\">Banco Central (BC)<\/a>.<\/li>\n<\/ul>\n\t<p>\n\t\t<a href=\"https:\/\/lp.suno.com.br\/ebook-como-analisar-uma-acao\/\" target=\"_blank\" data-element=\"shortcode-suno-banner\" title=\"Banner SUNO, clique e saiba mais\">\n\t\t\t<picture>\n\t\t\t\t<source media=\"(max-width: 500px)\" srcset=\"https:\/\/files.sunoresearch.com.br\/n\/uploads\/2023\/03\/Ebook-Acoes-Mobile-1.jpg\">\n\t\t\t\t<img class=\"newsContent__article__imgCapa newsContent__article__imgCapa--banner\"\n\t\t\t\t\tsrc=\"https:\/\/files.sunoresearch.com.br\/n\/uploads\/2023\/03\/Ebook-Acoes-Desktop-1.jpg\"\n\t\t\t\t\tdata-promo-id=\"171998\"\t\t\t\t\t\t\t\t\t\twidth='1420' height='286'\t\t\t\t\talt=\"https:\/\/files.sunoresearch.com.br\/n\/uploads\/2023\/03\/Ebook-Acoes-Desktop-1.jpg\"\n\t\t\t\t>\n\t\t\t<\/picture>\n\t\t<\/a>\n\t<\/p>\n\n\n<h2>Com perda de assinantes, Netflix (NFLX34) demite 150 funcion\u00e1rios<\/h2>\n<ul>\n<li>A <strong>Netflix (<a class=\"suno-keyword\" href=\"https:\/\/www.suno.com.br\/bdrs\/nflx34\/\" target=\"_blank\" rel=\"noopener\" data-force=\"yes\" data-priority=\"2\">NFLX34<\/a>)\u00a0<\/strong>vai demitir 150 funcion\u00e1rios neste m\u00eas, quase 30 dias ap\u00f3s anunciar, em seu balan\u00e7o do primeiro trimestre de 2022, a perda de 200 mil assinantes no seu servi\u00e7o de streaming. A sa\u00edda desses empregados equivale a menos de 2% dos 11.000 contratados da empresa, diz reportagem da CNBC. Esse n\u00famero de desligamentos equivale \u00e0 maioria dos cortes que est\u00e3o sendo feitos em outras companhias nos Estados Unidos.<\/li>\n<li>\u201cComo explicado no balan\u00e7o do primeiro trimestre, o nosso crescimento lento impacta os custos da empresa\u201d, justificou um dos representantes da empresa em entrevista \u00e0 CNBC. \u201cEnt\u00e3o, infelizmente, precisamos demitir 150 dos nossos funcion\u00e1rios hoje, a\u00a0 maioria dos Estados Unidos. Essas mudan\u00e7as s\u00e3o movidas mais pela necessidade da companhia do que por motivos de desempenho pessoal, o que torna o processo ainda mais dif\u00edcil. Nenhum de n\u00f3s quer se despedir de bons colegas. Estamos realmente nos esfor\u00e7ando para apoi\u00e1-los durante essa dif\u00edcil transi\u00e7\u00e3o\u201d, acrescentou o executivo da Netflix, n\u00e3o identificado pela CNBC.<\/li>\n<li>A redu\u00e7\u00e3o do quadro de funcion\u00e1rios, que era esperada, veio menos de um m\u00eas depois de a Netflix ter reportado a sua primeira perda de usu\u00e1rios em uma d\u00e9cada e prever mais baixas no pr\u00f3ximo trimestre. As a\u00e7\u00f5es da empresa caem mais perto de 70% desde janeiro, lembra a CNBC,<\/li>\n<li>De acordo com o portal de not\u00edcias dos EUA, durante os balan\u00e7os da Netflix do m\u00eas passado, o co-CEO <a class=\"suno-keyword\" href=\"https:\/\/www.suno.com.br\/tudo-sobre\/reed-hastings\/\" target=\"_blank\" rel=\"noopener\" data-force=\"no\" data-priority=\"2\">Reed Hastings<\/a>\u00a0disse que a empresa procura vender espa\u00e7o para an\u00fancios publicit\u00e1rios para trazer novos assinantes, depois de anos resistindo a propagandas na plataforma.<\/li>\n<li>A Netflix tamb\u00e9m est\u00e1 trabalhando para reprimir o compartilhamento de senha: al\u00e9m de seus 222 milh\u00f5es de assinantes, existem mais de 100 milh\u00f5es de casas que acessam a plataforma por meio do compartilhamento de perfis do streaming.<\/li>\n<li>As demiss\u00f5es da Netflix, ligadas \u00e0 perda de assinantes, s\u00e3o parte de uma contra\u00e7\u00e3o muito maior de empregos na ind\u00fastria tecnol\u00f3gica, assinala a CNBC. Diversas empresas do setor v\u00eam anunciando, recentemente, congelamento na contrata\u00e7\u00e3o de novos empregados e demiss\u00f5es, incluindo Amazon (<a class=\"suno-keyword\" href=\"https:\/\/www.suno.com.br\/bdrs\/amzo34\/\" target=\"_blank\" rel=\"noopener\" data-force=\"yes\" data-priority=\"2\">AMZO34<\/a>), Uber (<a class=\"suno-keyword\" href=\"https:\/\/www.suno.com.br\/bdrs\/u1be34\/\" target=\"_blank\" rel=\"noopener\" data-force=\"yes\" data-priority=\"2\">U1BE34<\/a>), Meta (<a class=\"suno-keyword\" href=\"https:\/\/www.suno.com.br\/bdrs\/fbok34\/\" target=\"_blank\" rel=\"noopener\" data-force=\"yes\" data-priority=\"2\">FBOK34<\/a>), ex-Facebook, e Robinhood, segundo a CNBC.<\/li>\n<\/ul>\n<p>Do <b>Warren Buffett <\/b>ao Netflix, essas foram as empresas que se destacaram hoje. Para ler todas as mat\u00e9rias <b data-stringify-type=\"bold\"><a class=\"c-link\" tabindex=\"-1\" href=\"https:\/\/www.suno.com.br\/noticias\/\" target=\"_blank\" rel=\"noopener noreferrer\" data-stringify-link=\"https:\/\/www.suno.com.br\/noticias\/\" data-sk=\"tooltip_parent\" data-remove-tab-index=\"true\">clique aqui<\/a><\/b>.<\/p>\n\t<p>\n\t\t<a href=\"https:\/\/lp.suno.com.br\/planilha-de-controle-de-investimentos\/\" target=\"_blank\" data-element=\"shortcode-suno-banner\" title=\"Banner SUNO, clique e saiba mais\">\n\t\t\t<picture>\n\t\t\t\t<source media=\"(max-width: 500px)\" srcset=\"https:\/\/files.sunoresearch.com.br\/n\/uploads\/2023\/03\/400x300-Controle-de-Investimentos.png\">\n\t\t\t\t<img class=\"newsContent__article__imgCapa newsContent__article__imgCapa--banner\"\n\t\t\t\t\tsrc=\"https:\/\/files.sunoresearch.com.br\/n\/uploads\/2023\/03\/1420x240-Controle-de-Investimentos.png\"\n\t\t\t\t\tdata-promo-id=\"75934\"\t\t\t\t\t\t\t\t\t\twidth='1420' height='240'\t\t\t\t\talt=\"https:\/\/files.sunoresearch.com.br\/n\/uploads\/2023\/03\/1420x240-Controle-de-Investimentos.png\"\n\t\t\t\t>\n\t\t\t<\/picture>\n\t\t<\/a>\n\t<\/p>\n\n\n","protected":false},"excerpt":{"rendered":"<p>A\u00a0Berkshire Hathaway\u00a0(BERK34), de\u00a0Warren Buffett, comprou cerca de 55 milh\u00f5es de a\u00e7\u00f5es do Citigroup (CTGP34) \u2013 equivalente a 2,8% do capital social da companhia \u2013 ao longo do primeiro trimestre de 2022. O megainvestidor Warren Buffett- Foto: Divulga\u00e7\u00e3o No total, a participa\u00e7\u00e3o da holding no final de mar\u00e7o era de US$ 3 bilh\u00f5es. Este \u00e9 um [&hellip;]<\/p>\n","protected":false},"author":146,"featured_media":71937,"comment_status":"closed","ping_status":"closed","sticky":false,"template":"","format":"standard","meta":[],"categories":[64],"tags":[1224,423,2753,455,479,1080,330],"suno_strategy":[],"class_list":["post-259619","post","type-post","status-publish","format-standard","has-post-thumbnail","hentry","category-negocios","tag-berkshire-hathaway-berk34","tag-cielo-ciel3","tag-citigroup-ctgp34","tag-eletrobras-elet3-elet5-elet6","tag-fleury-flry3","tag-netflix-nflx34","tag-warren-buffett"],"yoast_head":"<!-- This site is optimized with the Yoast SEO plugin v24.4 - https:\/\/yoast.com\/wordpress\/plugins\/seo\/ -->\n<title>Radar: Berkshire Hathaway\u00a0(BERK34) compra fatia do Citigroup (CTGP34), Cielo (CIEL3) atualiza JCP, CVM revisa decis\u00e3o sobre MXRF11<\/title>\n<meta name=\"description\" content=\"A Berkshire Hathaway\u00a0(BERK34), de\u00a0Warren Buffett, comprou US$ 3 bi no Citigroup. Cielo (CIEL3) reajusta valor de JCP. Veja mais not\u00edcias!\" \/>\n<meta name=\"robots\" content=\"index, follow, max-snippet:-1, max-image-preview:large, max-video-preview:-1\" \/>\n<link rel=\"canonical\" href=\"https:\/\/www.suno.com.br\/noticias\/radar-warren-buffett-cielo-ciel3-netflix-nflx34\/\" \/>\n<meta property=\"og:locale\" content=\"pt_BR\" \/>\n<meta property=\"og:type\" content=\"article\" \/>\n<meta property=\"og:title\" content=\"Radar: Berkshire Hathaway\u00a0(BERK34) compra fatia do Citigroup (CTGP34), Cielo (CIEL3) atualiza JCP, CVM revisa decis\u00e3o sobre MXRF11\" \/>\n<meta property=\"og:description\" content=\"A Berkshire Hathaway\u00a0(BERK34), de\u00a0Warren Buffett, comprou US$ 3 bi no Citigroup. Cielo (CIEL3) reajusta valor de JCP. Veja mais not\u00edcias!\" \/>\n<meta property=\"og:url\" content=\"https:\/\/www.suno.com.br\/noticias\/radar-warren-buffett-cielo-ciel3-netflix-nflx34\/\" \/>\n<meta property=\"og:site_name\" content=\"Suno Not\u00edcias\" \/>\n<meta property=\"article:publisher\" content=\"https:\/\/facebook.com\/sunoresearch\" \/>\n<meta property=\"og:image\" content=\"https:\/\/files.sunoresearch.com.br\/n\/uploads\/2020\/07\/c8dd75cf-warren-buffett.jpg\" \/>\n\t<meta property=\"og:image:width\" content=\"1800\" \/>\n\t<meta property=\"og:image:height\" content=\"900\" \/>\n\t<meta property=\"og:image:type\" content=\"image\/jpeg\" \/>\n<meta name=\"author\" content=\"Vict\u00f3ria Anhesini\" \/>\n<meta name=\"twitter:card\" content=\"summary_large_image\" \/>\n<meta name=\"twitter:creator\" content=\"@sunoresearch\" \/>\n<meta name=\"twitter:site\" content=\"@sunoresearch\" \/>\n<meta name=\"twitter:label1\" content=\"Escrito por\" \/>\n\t<meta name=\"twitter:data1\" content=\"Vict\u00f3ria Anhesini\" \/>\n\t<meta name=\"twitter:label2\" content=\"Est. tempo de leitura\" \/>\n\t<meta name=\"twitter:data2\" content=\"9 minutos\" \/>\n<script type=\"application\/ld+json\" class=\"yoast-schema-graph\">{\"@context\":\"https:\/\/schema.org\",\"@graph\":[{\"@type\":\"NewsArticle\",\"@id\":\"https:\/\/www.suno.com.br\/noticias\/radar-warren-buffett-cielo-ciel3-netflix-nflx34\/#article\",\"isPartOf\":{\"@id\":\"https:\/\/www.suno.com.br\/noticias\/radar-warren-buffett-cielo-ciel3-netflix-nflx34\/\"},\"author\":{\"name\":\"Vict\u00f3ria Anhesini\",\"@id\":\"https:\/\/www.suno.com.br\/noticias\/#\/schema\/person\/46d847cb19ad53fde0857adca989c23f\"},\"headline\":\"Radar: Berkshire Hathaway\u00a0(BERK34) compra fatia do Citigroup (CTGP34), Cielo (CIEL3) atualiza JCP, CVM revisa decis\u00e3o sobre MXRF11\",\"datePublished\":\"2022-05-18T01:44:49+00:00\",\"dateModified\":\"2022-05-18T02:10:04+00:00\",\"mainEntityOfPage\":{\"@id\":\"https:\/\/www.suno.com.br\/noticias\/radar-warren-buffett-cielo-ciel3-netflix-nflx34\/\"},\"wordCount\":1932,\"publisher\":{\"@id\":\"https:\/\/www.suno.com.br\/noticias\/#organization\"},\"image\":{\"@id\":\"https:\/\/www.suno.com.br\/noticias\/radar-warren-buffett-cielo-ciel3-netflix-nflx34\/#primaryimage\"},\"thumbnailUrl\":\"https:\/\/files.sunoresearch.com.br\/n\/uploads\/2020\/07\/c8dd75cf-warren-buffett-jpg.webp\",\"keywords\":[\"Berkshire Hathaway (BERK34)\",\"Cielo (CIEL3)\",\"Citigroup (CTGP34)\",\"Eletrobras (ELET3\/ELET5\/ELET6)\",\"Fleury (FLRY3)\",\"Netflix (NFLX34)\",\"Warren Buffett\"],\"articleSection\":[\"Neg\u00f3cios\"],\"inLanguage\":\"pt-BR\"},{\"@type\":\"WebPage\",\"@id\":\"https:\/\/www.suno.com.br\/noticias\/radar-warren-buffett-cielo-ciel3-netflix-nflx34\/\",\"url\":\"https:\/\/www.suno.com.br\/noticias\/radar-warren-buffett-cielo-ciel3-netflix-nflx34\/\",\"name\":\"Radar: Berkshire Hathaway\u00a0(BERK34) compra fatia do Citigroup (CTGP34), Cielo (CIEL3) atualiza JCP, CVM revisa decis\u00e3o sobre MXRF11\",\"isPartOf\":{\"@id\":\"https:\/\/www.suno.com.br\/noticias\/#website\"},\"primaryImageOfPage\":{\"@id\":\"https:\/\/www.suno.com.br\/noticias\/radar-warren-buffett-cielo-ciel3-netflix-nflx34\/#primaryimage\"},\"image\":{\"@id\":\"https:\/\/www.suno.com.br\/noticias\/radar-warren-buffett-cielo-ciel3-netflix-nflx34\/#primaryimage\"},\"thumbnailUrl\":\"https:\/\/files.sunoresearch.com.br\/n\/uploads\/2020\/07\/c8dd75cf-warren-buffett-jpg.webp\",\"datePublished\":\"2022-05-18T01:44:49+00:00\",\"dateModified\":\"2022-05-18T02:10:04+00:00\",\"description\":\"A Berkshire Hathaway\u00a0(BERK34), de\u00a0Warren Buffett, comprou US$ 3 bi no Citigroup. Cielo (CIEL3) reajusta valor de JCP. Veja mais not\u00edcias!\",\"breadcrumb\":{\"@id\":\"https:\/\/www.suno.com.br\/noticias\/radar-warren-buffett-cielo-ciel3-netflix-nflx34\/#breadcrumb\"},\"inLanguage\":\"pt-BR\",\"potentialAction\":[{\"@type\":\"ReadAction\",\"target\":[\"https:\/\/www.suno.com.br\/noticias\/radar-warren-buffett-cielo-ciel3-netflix-nflx34\/\"]}]},{\"@type\":\"ImageObject\",\"inLanguage\":\"pt-BR\",\"@id\":\"https:\/\/www.suno.com.br\/noticias\/radar-warren-buffett-cielo-ciel3-netflix-nflx34\/#primaryimage\",\"url\":\"https:\/\/files.sunoresearch.com.br\/n\/uploads\/2020\/07\/c8dd75cf-warren-buffett-jpg.webp\",\"contentUrl\":\"https:\/\/files.sunoresearch.com.br\/n\/uploads\/2020\/07\/c8dd75cf-warren-buffett-jpg.webp\",\"width\":1800,\"height\":900,\"caption\":\"O megainvestidor Warren Buffett- Foto: Divulga\u00e7\u00e3o\"},{\"@type\":\"BreadcrumbList\",\"@id\":\"https:\/\/www.suno.com.br\/noticias\/radar-warren-buffett-cielo-ciel3-netflix-nflx34\/#breadcrumb\",\"itemListElement\":[{\"@type\":\"ListItem\",\"position\":1,\"name\":\"Not\u00edcias\",\"item\":\"https:\/\/www.suno.com.br\/noticias\/\"},{\"@type\":\"ListItem\",\"position\":2,\"name\":\"Neg\u00f3cios\",\"item\":\"https:\/\/www.suno.com.br\/noticias\/negocios\/\"},{\"@type\":\"ListItem\",\"position\":3,\"name\":\"Radar: Berkshire Hathaway\u00a0(BERK34) compra fatia do Citigroup (CTGP34), Cielo (CIEL3) atualiza JCP, CVM revisa decis\u00e3o sobre MXRF11\"}]},{\"@type\":\"WebSite\",\"@id\":\"https:\/\/www.suno.com.br\/noticias\/#website\",\"url\":\"https:\/\/www.suno.com.br\/noticias\/\",\"name\":\"Suno Not\u00edcias\",\"description\":\"Seu portal de informa\u00e7\u00e3o sobre o mundo dos investimentos\",\"publisher\":{\"@id\":\"https:\/\/www.suno.com.br\/noticias\/#organization\"},\"potentialAction\":[{\"@type\":\"SearchAction\",\"target\":{\"@type\":\"EntryPoint\",\"urlTemplate\":\"https:\/\/www.suno.com.br\/noticias\/?s={search_term_string}\"},\"query-input\":{\"@type\":\"PropertyValueSpecification\",\"valueRequired\":true,\"valueName\":\"search_term_string\"}}],\"inLanguage\":\"pt-BR\"},{\"@type\":\"Organization\",\"@id\":\"https:\/\/www.suno.com.br\/noticias\/#organization\",\"name\":\"Suno Not\u00edcias\",\"url\":\"https:\/\/www.suno.com.br\/noticias\/\",\"logo\":{\"@type\":\"ImageObject\",\"inLanguage\":\"pt-BR\",\"@id\":\"https:\/\/www.suno.com.br\/noticias\/#\/schema\/logo\/image\/\",\"url\":\"https:\/\/files.sunoresearch.com.br\/n\/uploads\/2021\/09\/suno-logo.png\",\"contentUrl\":\"https:\/\/files.sunoresearch.com.br\/n\/uploads\/2021\/09\/suno-logo.png\",\"width\":180,\"height\":180,\"caption\":\"Suno Not\u00edcias\"},\"image\":{\"@id\":\"https:\/\/www.suno.com.br\/noticias\/#\/schema\/logo\/image\/\"},\"sameAs\":[\"https:\/\/facebook.com\/sunoresearch\",\"https:\/\/x.com\/sunoresearch\",\"https:\/\/www.instagram.com\/suno\",\"https:\/\/www.linkedin.com\/company\/suno-research\/\",\"https:\/\/www.youtube.com\/c\/sunoresearch\"]},{\"@type\":\"Person\",\"@id\":\"https:\/\/www.suno.com.br\/noticias\/#\/schema\/person\/46d847cb19ad53fde0857adca989c23f\",\"name\":\"Vict\u00f3ria Anhesini\",\"image\":{\"@type\":\"ImageObject\",\"inLanguage\":\"pt-BR\",\"@id\":\"https:\/\/www.suno.com.br\/noticias\/#\/schema\/person\/image\/\",\"url\":\"https:\/\/secure.gravatar.com\/avatar\/0172bdfcd9129dd9dd68794804304e6e?s=96&r=g\",\"contentUrl\":\"https:\/\/secure.gravatar.com\/avatar\/0172bdfcd9129dd9dd68794804304e6e?s=96&r=g\",\"caption\":\"Vict\u00f3ria Anhesini\"},\"description\":\"Rep\u00f3rter no Suno Not\u00edcias, cobre mercados, neg\u00f3cios e economia, escrevendo majoritariamente sobre movimentos das empresas, cobertura de balan\u00e7os trimestrais e Bolsa de Valores. Formada em jornalismo pela Universidade Presbiteriana Mackenzie em 2019, passou pelo portal de economia e finan\u00e7as EuQueroInvestir como rep\u00f3rter e anteriormente, trabalhou na assessoria de imprensa PinePR, onde liderou com startups de inova\u00e7\u00e3o, tecnologia e finan\u00e7as. Em seu tempo livre, fala sobre m\u00fasica para ambos os sites do selo ForMusic, Wikimetal e Mad Sound, e faz trabalho volunt\u00e1rio no programa Escreve Cartas do Poupatempo.\",\"sameAs\":[\"https:\/\/www.linkedin.com\/in\/victoria-anhesini\/\"],\"url\":\"https:\/\/www.suno.com.br\/noticias\/author\/victoria\/\"}]}<\/script>\n<!-- \/ Yoast SEO plugin. -->","yoast_head_json":{"title":"Radar: Berkshire Hathaway\u00a0(BERK34) compra fatia do Citigroup (CTGP34), Cielo (CIEL3) atualiza JCP, CVM revisa decis\u00e3o sobre MXRF11","description":"A Berkshire Hathaway\u00a0(BERK34), de\u00a0Warren Buffett, comprou US$ 3 bi no Citigroup. Cielo (CIEL3) reajusta valor de JCP. Veja mais not\u00edcias!","robots":{"index":"index","follow":"follow","max-snippet":"max-snippet:-1","max-image-preview":"max-image-preview:large","max-video-preview":"max-video-preview:-1"},"canonical":"https:\/\/www.suno.com.br\/noticias\/radar-warren-buffett-cielo-ciel3-netflix-nflx34\/","og_locale":"pt_BR","og_type":"article","og_title":"Radar: Berkshire Hathaway\u00a0(BERK34) compra fatia do Citigroup (CTGP34), Cielo (CIEL3) atualiza JCP, CVM revisa decis\u00e3o sobre MXRF11","og_description":"A Berkshire Hathaway\u00a0(BERK34), de\u00a0Warren Buffett, comprou US$ 3 bi no Citigroup. Cielo (CIEL3) reajusta valor de JCP. Veja mais not\u00edcias!","og_url":"https:\/\/www.suno.com.br\/noticias\/radar-warren-buffett-cielo-ciel3-netflix-nflx34\/","og_site_name":"Suno Not\u00edcias","article_publisher":"https:\/\/facebook.com\/sunoresearch","og_image":[{"width":1800,"height":900,"url":"https:\/\/files.sunoresearch.com.br\/n\/uploads\/2020\/07\/c8dd75cf-warren-buffett.jpg","type":"image\/jpeg"}],"author":"Vict\u00f3ria Anhesini","twitter_card":"summary_large_image","twitter_creator":"@sunoresearch","twitter_site":"@sunoresearch","twitter_misc":{"Escrito por":"Vict\u00f3ria Anhesini","Est. tempo de leitura":"9 minutos"},"schema":{"@context":"https:\/\/schema.org","@graph":[{"@type":"NewsArticle","@id":"https:\/\/www.suno.com.br\/noticias\/radar-warren-buffett-cielo-ciel3-netflix-nflx34\/#article","isPartOf":{"@id":"https:\/\/www.suno.com.br\/noticias\/radar-warren-buffett-cielo-ciel3-netflix-nflx34\/"},"author":{"name":"Vict\u00f3ria Anhesini","@id":"https:\/\/www.suno.com.br\/noticias\/#\/schema\/person\/46d847cb19ad53fde0857adca989c23f"},"headline":"Radar: Berkshire Hathaway\u00a0(BERK34) compra fatia do Citigroup (CTGP34), Cielo (CIEL3) atualiza JCP, CVM revisa decis\u00e3o sobre MXRF11","datePublished":"2022-05-18T01:44:49+00:00","dateModified":"2022-05-18T02:10:04+00:00","mainEntityOfPage":{"@id":"https:\/\/www.suno.com.br\/noticias\/radar-warren-buffett-cielo-ciel3-netflix-nflx34\/"},"wordCount":1932,"publisher":{"@id":"https:\/\/www.suno.com.br\/noticias\/#organization"},"image":{"@id":"https:\/\/www.suno.com.br\/noticias\/radar-warren-buffett-cielo-ciel3-netflix-nflx34\/#primaryimage"},"thumbnailUrl":"https:\/\/files.sunoresearch.com.br\/n\/uploads\/2020\/07\/c8dd75cf-warren-buffett-jpg.webp","keywords":["Berkshire Hathaway (BERK34)","Cielo (CIEL3)","Citigroup (CTGP34)","Eletrobras (ELET3\/ELET5\/ELET6)","Fleury (FLRY3)","Netflix (NFLX34)","Warren Buffett"],"articleSection":["Neg\u00f3cios"],"inLanguage":"pt-BR"},{"@type":"WebPage","@id":"https:\/\/www.suno.com.br\/noticias\/radar-warren-buffett-cielo-ciel3-netflix-nflx34\/","url":"https:\/\/www.suno.com.br\/noticias\/radar-warren-buffett-cielo-ciel3-netflix-nflx34\/","name":"Radar: Berkshire Hathaway\u00a0(BERK34) compra fatia do Citigroup (CTGP34), Cielo (CIEL3) atualiza JCP, CVM revisa decis\u00e3o sobre MXRF11","isPartOf":{"@id":"https:\/\/www.suno.com.br\/noticias\/#website"},"primaryImageOfPage":{"@id":"https:\/\/www.suno.com.br\/noticias\/radar-warren-buffett-cielo-ciel3-netflix-nflx34\/#primaryimage"},"image":{"@id":"https:\/\/www.suno.com.br\/noticias\/radar-warren-buffett-cielo-ciel3-netflix-nflx34\/#primaryimage"},"thumbnailUrl":"https:\/\/files.sunoresearch.com.br\/n\/uploads\/2020\/07\/c8dd75cf-warren-buffett-jpg.webp","datePublished":"2022-05-18T01:44:49+00:00","dateModified":"2022-05-18T02:10:04+00:00","description":"A Berkshire Hathaway\u00a0(BERK34), de\u00a0Warren Buffett, comprou US$ 3 bi no Citigroup. Cielo (CIEL3) reajusta valor de JCP. Veja mais not\u00edcias!","breadcrumb":{"@id":"https:\/\/www.suno.com.br\/noticias\/radar-warren-buffett-cielo-ciel3-netflix-nflx34\/#breadcrumb"},"inLanguage":"pt-BR","potentialAction":[{"@type":"ReadAction","target":["https:\/\/www.suno.com.br\/noticias\/radar-warren-buffett-cielo-ciel3-netflix-nflx34\/"]}]},{"@type":"ImageObject","inLanguage":"pt-BR","@id":"https:\/\/www.suno.com.br\/noticias\/radar-warren-buffett-cielo-ciel3-netflix-nflx34\/#primaryimage","url":"https:\/\/files.sunoresearch.com.br\/n\/uploads\/2020\/07\/c8dd75cf-warren-buffett-jpg.webp","contentUrl":"https:\/\/files.sunoresearch.com.br\/n\/uploads\/2020\/07\/c8dd75cf-warren-buffett-jpg.webp","width":1800,"height":900,"caption":"O megainvestidor Warren Buffett- Foto: Divulga\u00e7\u00e3o"},{"@type":"BreadcrumbList","@id":"https:\/\/www.suno.com.br\/noticias\/radar-warren-buffett-cielo-ciel3-netflix-nflx34\/#breadcrumb","itemListElement":[{"@type":"ListItem","position":1,"name":"Not\u00edcias","item":"https:\/\/www.suno.com.br\/noticias\/"},{"@type":"ListItem","position":2,"name":"Neg\u00f3cios","item":"https:\/\/www.suno.com.br\/noticias\/negocios\/"},{"@type":"ListItem","position":3,"name":"Radar: Berkshire Hathaway\u00a0(BERK34) compra fatia do Citigroup (CTGP34), Cielo (CIEL3) atualiza JCP, CVM revisa decis\u00e3o sobre MXRF11"}]},{"@type":"WebSite","@id":"https:\/\/www.suno.com.br\/noticias\/#website","url":"https:\/\/www.suno.com.br\/noticias\/","name":"Suno Not\u00edcias","description":"Seu portal de informa\u00e7\u00e3o sobre o mundo dos investimentos","publisher":{"@id":"https:\/\/www.suno.com.br\/noticias\/#organization"},"potentialAction":[{"@type":"SearchAction","target":{"@type":"EntryPoint","urlTemplate":"https:\/\/www.suno.com.br\/noticias\/?s={search_term_string}"},"query-input":{"@type":"PropertyValueSpecification","valueRequired":true,"valueName":"search_term_string"}}],"inLanguage":"pt-BR"},{"@type":"Organization","@id":"https:\/\/www.suno.com.br\/noticias\/#organization","name":"Suno Not\u00edcias","url":"https:\/\/www.suno.com.br\/noticias\/","logo":{"@type":"ImageObject","inLanguage":"pt-BR","@id":"https:\/\/www.suno.com.br\/noticias\/#\/schema\/logo\/image\/","url":"https:\/\/files.sunoresearch.com.br\/n\/uploads\/2021\/09\/suno-logo.png","contentUrl":"https:\/\/files.sunoresearch.com.br\/n\/uploads\/2021\/09\/suno-logo.png","width":180,"height":180,"caption":"Suno Not\u00edcias"},"image":{"@id":"https:\/\/www.suno.com.br\/noticias\/#\/schema\/logo\/image\/"},"sameAs":["https:\/\/facebook.com\/sunoresearch","https:\/\/x.com\/sunoresearch","https:\/\/www.instagram.com\/suno","https:\/\/www.linkedin.com\/company\/suno-research\/","https:\/\/www.youtube.com\/c\/sunoresearch"]},{"@type":"Person","@id":"https:\/\/www.suno.com.br\/noticias\/#\/schema\/person\/46d847cb19ad53fde0857adca989c23f","name":"Vict\u00f3ria Anhesini","image":{"@type":"ImageObject","inLanguage":"pt-BR","@id":"https:\/\/www.suno.com.br\/noticias\/#\/schema\/person\/image\/","url":"https:\/\/secure.gravatar.com\/avatar\/0172bdfcd9129dd9dd68794804304e6e?s=96&r=g","contentUrl":"https:\/\/secure.gravatar.com\/avatar\/0172bdfcd9129dd9dd68794804304e6e?s=96&r=g","caption":"Vict\u00f3ria Anhesini"},"description":"Rep\u00f3rter no Suno Not\u00edcias, cobre mercados, neg\u00f3cios e economia, escrevendo majoritariamente sobre movimentos das empresas, cobertura de balan\u00e7os trimestrais e Bolsa de Valores. Formada em jornalismo pela Universidade Presbiteriana Mackenzie em 2019, passou pelo portal de economia e finan\u00e7as EuQueroInvestir como rep\u00f3rter e anteriormente, trabalhou na assessoria de imprensa PinePR, onde liderou com startups de inova\u00e7\u00e3o, tecnologia e finan\u00e7as. Em seu tempo livre, fala sobre m\u00fasica para ambos os sites do selo ForMusic, Wikimetal e Mad Sound, e faz trabalho volunt\u00e1rio no programa Escreve Cartas do Poupatempo.","sameAs":["https:\/\/www.linkedin.com\/in\/victoria-anhesini\/"],"url":"https:\/\/www.suno.com.br\/noticias\/author\/victoria\/"}]}},"default_loop_html":"<div class=\"cardsPage__listCard__boxs\"><div class=\"cardsPage__listCard__boxs__img\"><a href=\"https:\/\/www.suno.com.br\/noticias\/radar-warren-buffett-cielo-ciel3-netflix-nflx34\/\"><img class=\"mask\" src=\"https:\/\/www.suno.com.br\/noticias\/wp-content\/themes\/suno\/resources\/images\/spotlight\/spotlight1img\/bg-mask.png\" alt=\"Image Mask\"\/><img src=\"https:\/\/files.sunoresearch.com.br\/n\/uploads\/2020\/07\/c8dd75cf-warren-buffett-400x200.webp\" alt=\"Radar: Berkshire Hathaway\u00a0(BERK34) compra fatia do Citigroup (CTGP34), Cielo (CIEL3) atualiza JCP, CVM revisa decis\u00e3o sobre MXRF11\"\/><\/a><span class=\"spotlightCategory\"><a href=\"https:\/\/www.suno.com.br\/noticias\/negocios\/\">Neg\u00f3cios<\/a><\/span><\/div><div class=\"cardsPage__listCard__boxs__content\"><a href=\"https:\/\/www.suno.com.br\/noticias\/radar-warren-buffett-cielo-ciel3-netflix-nflx34\/\"><h2 class=\"content__title\">Radar: Berkshire Hathaway\u00a0(BERK34) compra fatia do Citigroup (CTGP34), Cielo (CIEL3) atualiza JCP, CVM revisa decis\u00e3o sobre MXRF11<\/h2><\/a><div class=\"newsContent__article__meta\"><div class=\"newsContent__article__meta__authorBox\"><a href=\"https:\/\/www.suno.com.br\/noticias\/author\/victoria\/\" class=\"authorBox__avatar noMobi\"><img src=\"https:\/\/files.sunoresearch.com.br\/n\/uploads\/2021\/12\/20190129VickyPINEAPPLE01-1-150x150.jpg\" alt=\"Vict\u00f3ria Anhesini\"><\/a><div class=\"authorBox__name\"><span>por\n\t\t\t<a href=\"https:\/\/www.suno.com.br\/noticias\/author\/victoria\/\"><span itemprop=\"author\">Vict\u00f3ria Anhesini<\/span><\/a><\/span><time datetime=\"2022-05-17T22:44:49-03:00\" itemprop=\"datePublished\">17\/05\/2022 22:44<\/time><\/div><\/div><\/div><\/div><\/div>","single_layout":"posts","amp_enabled":true,"_links":{"self":[{"href":"https:\/\/www.suno.com.br\/noticias\/wp-json\/wp\/v2\/posts\/259619"}],"collection":[{"href":"https:\/\/www.suno.com.br\/noticias\/wp-json\/wp\/v2\/posts"}],"about":[{"href":"https:\/\/www.suno.com.br\/noticias\/wp-json\/wp\/v2\/types\/post"}],"author":[{"embeddable":true,"href":"https:\/\/www.suno.com.br\/noticias\/wp-json\/wp\/v2\/users\/146"}],"replies":[{"embeddable":true,"href":"https:\/\/www.suno.com.br\/noticias\/wp-json\/wp\/v2\/comments?post=259619"}],"version-history":[{"count":3,"href":"https:\/\/www.suno.com.br\/noticias\/wp-json\/wp\/v2\/posts\/259619\/revisions"}],"predecessor-version":[{"id":259639,"href":"https:\/\/www.suno.com.br\/noticias\/wp-json\/wp\/v2\/posts\/259619\/revisions\/259639"}],"wp:featuredmedia":[{"embeddable":true,"href":"https:\/\/www.suno.com.br\/noticias\/wp-json\/wp\/v2\/media\/71937"}],"wp:attachment":[{"href":"https:\/\/www.suno.com.br\/noticias\/wp-json\/wp\/v2\/media?parent=259619"}],"wp:term":[{"taxonomy":"category","embeddable":true,"href":"https:\/\/www.suno.com.br\/noticias\/wp-json\/wp\/v2\/categories?post=259619"},{"taxonomy":"post_tag","embeddable":true,"href":"https:\/\/www.suno.com.br\/noticias\/wp-json\/wp\/v2\/tags?post=259619"},{"taxonomy":"suno_strategy","embeddable":true,"href":"https:\/\/www.suno.com.br\/noticias\/wp-json\/wp\/v2\/suno_strategy?post=259619"}],"curies":[{"name":"wp","href":"https:\/\/api.w.org\/{rel}","templated":true}]}}