{"id":25946,"date":"2019-05-25T14:00:41","date_gmt":"2019-05-25T17:00:41","guid":{"rendered":"https:\/\/www.suno.com.br\/noticias\/?p=25946"},"modified":"2019-05-25T14:53:05","modified_gmt":"2019-05-25T17:53:05","slug":"avianca-oito-mil-voos-cancelados","status":"publish","type":"post","link":"https:\/\/www.suno.com.br\/noticias\/avianca-oito-mil-voos-cancelados\/","title":{"rendered":"Avianca: voos cancelados podem chegar a oito mil em 2019"},"content":{"rendered":"<p>Na \u00faltima sexta-feira (24), a <strong>Ag\u00eancia Nacional de Avia\u00e7\u00e3o Civil<\/strong> (Anac) suspendeu os voos e opera\u00e7\u00f5es da Avianca Brasil. Caso as atividades permane\u00e7am suspensas, ser\u00e3o mais de <strong>oito mil voos cancelados<\/strong> at\u00e9 o fim de <strong>2019<\/strong>.<\/p>\t<div class=\"wrapper-featured-image\">\n\t\t<figure class=\"spotlightImg\">\n\n\t\t\t<picture>\n\t\t\t\t<source media=\"(max-width: 768px)\" srcset=\"https:\/\/files.sunoresearch.com.br\/n\/uploads\/2018\/12\/8ecc3489-avianca-brasil-400x200.webp\">\n\t\t\t\t<img loading=\"lazy\" decoding=\"async\" class=\"newsContent__article__imgCapa lazyloadDisabled newsContent__article__imgCapa--noCaption\" src=\"https:\/\/files.sunoresearch.com.br\/n\/uploads\/2018\/12\/8ecc3489-avianca-brasil-800x450.webp\" width=\"800\" height=\"450\" alt=\"Avianca: voos cancelados podem chegar a oito mil em 2019\" fetchpriority=high \/>\n\t\t\t<\/picture>\n\n\t\t\t<figcaption class=\"wp-caption-text wp-caption-text--hide\">Voos cancelados podem chegar a oito mil com suspens\u00e3o de atividades da Avianca pela Anac. (divulga\u00e7\u00e3o)<\/figcaption>\n\t\t<\/figure>\n\t<\/div>\n\n\n<p>Conforme dados informados pela <strong>Avianca<\/strong> \u00e0 <strong>Anac<\/strong>, a companhia a\u00e9rea em <a href=\"https:\/\/www.suno.com.br\/artigos\/recuperacao-judicial\/\">recupera\u00e7\u00e3o judicial<\/a> tem<strong> 8.646<\/strong> voos programados at\u00e9 o fim do ano. A m\u00e9dia di\u00e1ria \u00e9 de 39 voos.<\/p>\n\t<p>\n\t\t<a href=\"https:\/\/lp.suno.com.br\/planilha-controle-gastos\/\" target=\"_blank\" data-element=\"shortcode-suno-banner\" title=\"Banner SUNO, clique e saiba mais\">\n\t\t\t<picture>\n\t\t\t\t<source media=\"(max-width: 500px)\" srcset=\"https:\/\/files.sunoresearch.com.br\/n\/uploads\/2023\/03\/400x300-Planilha-controle-de-gastos.png\">\n\t\t\t\t<img class=\"newsContent__article__imgCapa newsContent__article__imgCapa--banner\"\n\t\t\t\t\tsrc=\"https:\/\/files.sunoresearch.com.br\/n\/uploads\/2023\/03\/1420x240-Planilha-controle-de-gastos.png\"\n\t\t\t\t\tdata-promo-id=\"311945\"\t\t\t\t\t\t\t\t\t\twidth='1420' height='240'\t\t\t\t\talt=\"https:\/\/files.sunoresearch.com.br\/n\/uploads\/2023\/03\/1420x240-Planilha-controle-de-gastos.png\"\n\t\t\t\t>\n\t\t\t<\/picture>\n\t\t<\/a>\n\t<\/p>\n\n\n<p>A <strong>Avianca<\/strong> \u00e9 a quarta maior companhia a\u00e9rea do Pa\u00eds, e est\u00e1 no processo de recupera\u00e7\u00e3o judicial desde dezembro de 2018. O processo \u00e9 acompanhado pela A<strong> 1\u00aa Vara de Fal\u00eancias e Recupera\u00e7\u00e3o Judicial de S\u00e3o Paulo<\/strong>.<\/p>\n<p>Tamb\u00e9m na \u00faltima sexta-feira, <strong>pilotos<\/strong> e <strong>comiss\u00e1rios<\/strong> da Avianca realizaram uma <strong>greve<\/strong> nos aeroportos de:<\/p>\n<ul>\n<li><strong>Congonhas<\/strong>, em S\u00e3o Paulo;<\/li>\n<li>e <strong>Santos Dumont<\/strong>, no Rio de Janeiro.<\/li>\n<\/ul>\n<p>A greve dos funcion\u00e1rios da companhia a\u00e9rea foi motivada pela aus\u00eancia de pagamento de <strong>sal\u00e1rios<\/strong>. E tamb\u00e9m dos dep\u00f3sitos do Fundo de Garantia por Tempo de Servi\u00e7o (<strong>FGTS<\/strong>).<\/p>\n<p><a href=\"https:\/\/www.suno.com.br\/noticias\/anac-suspende-operacoes-avianc\/\">Saiba mais &#8211; Anac suspende todos os voos e opera\u00e7\u00f5es da Avianca Brasil<\/a><\/p>\n<h2>Nova proposta da Azul para a Avianca<\/h2>\n<p>A <strong>Avianca<\/strong> n\u00e3o aceitou a segunda proposta da Azul (AZUL4) para comprar os seus ativos, na \u00faltima ter\u00e7a-feira (21). De acordo com a companhia a\u00e9rea em recupera\u00e7\u00e3o judicial, a oferta \u00e9 juridicamente invi\u00e1vel.<\/p>\n<p>&#8220;N\u00e3o h\u00e1 como validamente alienar a maioria dos ativos (&#8230;) via <strong>Unidade Produtiva Isolada<\/strong> (UPI) sem a exist\u00eancia de um <strong>plano de recupera\u00e7\u00e3o judicial<\/strong> apreciado e aprovado pelos credores, requisito imprescind\u00edvel a celebra\u00e7\u00e3o de um neg\u00f3cio [&#8230;] capaz de manter a transa\u00e7\u00e3o definitivamente v\u00e1lida&#8221;, afirma o documento, que foi enviado pela Avianca \u00e0 Justi\u00e7a.<\/p>\n<p>Em 13 de maio, a nova proposta da <strong>Azul<\/strong> foi feita \u00e0 Avianca. O montante de <strong>US$ 145 milh\u00f5es<\/strong> foi oferecido em troca de uma UPI da Avianca. A UPI reuniria ativos como <strong>slots<\/strong> aeroportu\u00e1rios da companhia a\u00e9rea.<\/p>\n<p><a href=\"https:\/\/www.suno.com.br\/noticias\/recuperacao-judicial-processo-mais-rapido\/\">Saiba mais &#8211; Recupera\u00e7\u00e3o judicial: grupo apresentar\u00e1 medidas para acelerar processo<\/a><\/p>\n<h2>Azul x Gol, Latam: o in\u00edcio<\/h2>\n<p>Em 11 de mar\u00e7o, a Azul teria assinado uma proposta n\u00e3o-vinculante para a aquisi\u00e7\u00e3o de parte dos ativos da Avianca. A compra ocorreria por meio da cria\u00e7\u00e3o de uma UPI. A primeira proposta da Azul previa que o valor total da opera\u00e7\u00e3o seria de<strong> US$ 105 milh\u00f5es<\/strong>.<\/p>\n<p>Todavia, em 3 de abril, a <strong>Gol<\/strong> (GOL4) e a <strong>Latam<\/strong> entraram na disputa para adquirir partes da Avianca. No plano de recupera\u00e7\u00e3o judicial alternativo \u00e0quele proposto pela Azul, haveria a cria\u00e7\u00e3o de <strong>sete UPIs<\/strong>. E cada uma das companhias a\u00e9reas dariam lances m\u00ednimos de <strong>US$ 70 milh\u00f5es<\/strong> por uma UPI.<\/p>\n<p>Na assembleia de credores da Avianca, a <strong>proposta de reestrutura\u00e7\u00e3o<\/strong> vencedora foi a segunda, que criaria <strong>sete UPIs<\/strong>. O <strong>leil\u00e3o<\/strong> estava agendado para dia 7 de maio, mas foi <strong>suspenso<\/strong> pelo Tribunal de Justi\u00e7a de S\u00e3o Paulo (TJSP) em decis\u00e3o liminar.<\/p>\n<p>O pedido para cancelar o leil\u00e3o foi feito pela credora <strong>Swissport<\/strong>, que, segundo a \u201cFolha de S. Paulo\u201d, mira a anula\u00e7\u00e3o do plano de recupera\u00e7\u00e3o judicial aprovado pela assembleia de credores.<\/p>\n<p>Al\u00e9m disso, a Swissport questiona a legalidade de leiloar <strong>slots<\/strong>. O slot aeroportu\u00e1rio, ou simplesmente slot, \u00e9 um termo usado na avia\u00e7\u00e3o para designar o direito de pousar ou decolar em aeroportos congestionados.<\/p>\n\t<p>\n\t\t<a href=\"https:\/\/lp.suno.com.br\/ebook-como-analisar-uma-acao\/\" target=\"_blank\" data-element=\"shortcode-suno-banner\" title=\"Banner SUNO, clique e saiba mais\">\n\t\t\t<picture>\n\t\t\t\t<source media=\"(max-width: 500px)\" srcset=\"https:\/\/files.sunoresearch.com.br\/n\/uploads\/2023\/03\/Ebook-Acoes-Mobile-1.jpg\">\n\t\t\t\t<img class=\"newsContent__article__imgCapa newsContent__article__imgCapa--banner\"\n\t\t\t\t\tsrc=\"https:\/\/files.sunoresearch.com.br\/n\/uploads\/2023\/03\/Ebook-Acoes-Desktop-1.jpg\"\n\t\t\t\t\tdata-promo-id=\"171998\"\t\t\t\t\t\t\t\t\t\twidth='1420' height='286'\t\t\t\t\talt=\"https:\/\/files.sunoresearch.com.br\/n\/uploads\/2023\/03\/Ebook-Acoes-Desktop-1.jpg\"\n\t\t\t\t>\n\t\t\t<\/picture>\n\t\t<\/a>\n\t<\/p>\n\n\n<h2>Gol e Latam contestam segunda proposta da Azul<\/h2>\n<p>Na \u00faltima segunda-feira (20), antes da <strong>Avianca<\/strong> recusar a segunda proposta feita pela <strong>Azul<\/strong>, as companhias a\u00e9reas Gol e Latam contestaram na Justi\u00e7a a nova proposta feita Azul.<\/p>\n<p>A <strong>Latam<\/strong> pediu \u00e0 Justi\u00e7a o indeferimento da nova proposta da Azul. No recurso, a Latam afirmou que a &#8220;posi\u00e7\u00e3o&#8221; da <strong>Azul<\/strong> no processo de recupera\u00e7\u00e3o judicial da Avianca tem &#8220;muitas coincid\u00eancias e pouca coer\u00eancia&#8221;.<\/p>\n<p>&#8220;A verdadeira inten\u00e7\u00e3o da Azul s\u00f3 pode ser quebrar a Avianca ou causar repercuss\u00e3o processual e midi\u00e1tica&#8221;, escreveu a Latam.<\/p>\n<p>Por sua vez, a <strong>Gol<\/strong> disse que a nova proposta da Azul n\u00e3o tem legitimidade. &#8220;A proposta da <strong>Azul<\/strong> n\u00e3o observa os procedimentos estipulados em lei para altera\u00e7\u00e3o do plano de recupera\u00e7\u00e3o judicial&#8221;, argumentou a companhia a\u00e9rea, citando o plano de reestrutura\u00e7\u00e3o j\u00e1 aprovado pelos credores.<\/p>\n<p>&#8220;Nesse contexto, nunca \u00e9 demais destacar que a <strong>Azul<\/strong> tem total liberdade e poder\u00e1 comparecer ao leil\u00e3o das<strong> sete UPIs<\/strong>. E apresentar lances para todas elas e se sagrar vencedora, adquirindo, assim, todas as UPIs da <strong>Avianca<\/strong>&#8220;, disse a <strong>Gol<\/strong> no seu pedido.<\/p>\n","protected":false},"excerpt":{"rendered":"<p>Na \u00faltima sexta-feira (24), a Ag\u00eancia Nacional de Avia\u00e7\u00e3o Civil (Anac) suspendeu os voos e opera\u00e7\u00f5es da Avianca Brasil. Caso as atividades permane\u00e7am suspensas, ser\u00e3o mais de oito mil voos cancelados at\u00e9 o fim de 2019. Voos cancelados podem chegar a oito mil com suspens\u00e3o de atividades da Avianca pela Anac. (divulga\u00e7\u00e3o) Conforme dados informados [&hellip;]<\/p>\n","protected":false},"author":12,"featured_media":8551,"comment_status":"closed","ping_status":"closed","sticky":false,"template":"","format":"standard","meta":[],"categories":[64],"tags":[1013,840,106932,1284,489,314],"suno_strategy":[],"class_list":["post-25946","post","type-post","status-publish","format-standard","has-post-thumbnail","hentry","category-negocios","tag-anac","tag-avianca","tag-azul-azul4","tag-elliott-management","tag-gol-linhas-aereas-goll11-goll4","tag-recuperacao-judicial"],"yoast_head":"<!-- This site is optimized with the Yoast SEO plugin v24.4 - https:\/\/yoast.com\/wordpress\/plugins\/seo\/ -->\n<title>Avianca: voos cancelados podem chegar a oito mil em 2019<\/title>\n<meta name=\"description\" content=\"A suspens\u00e3o das opera\u00e7\u00f5es da Avianca Brasil pela Anac pode gerar cancelamento de at\u00e9 oito mil voos em 2019. Clique para saber mais.\" \/>\n<meta name=\"robots\" content=\"index, follow, max-snippet:-1, max-image-preview:large, max-video-preview:-1\" \/>\n<link rel=\"canonical\" href=\"https:\/\/www.suno.com.br\/noticias\/avianca-oito-mil-voos-cancelados\/\" \/>\n<meta property=\"og:locale\" content=\"pt_BR\" \/>\n<meta property=\"og:type\" content=\"article\" \/>\n<meta property=\"og:title\" content=\"Avianca: voos cancelados podem chegar a oito mil em 2019\" \/>\n<meta property=\"og:description\" content=\"A suspens\u00e3o das opera\u00e7\u00f5es da Avianca Brasil pela Anac pode gerar cancelamento de at\u00e9 oito mil voos em 2019. Clique para saber mais.\" \/>\n<meta property=\"og:url\" content=\"https:\/\/www.suno.com.br\/noticias\/avianca-oito-mil-voos-cancelados\/\" \/>\n<meta property=\"og:site_name\" content=\"Suno Not\u00edcias\" \/>\n<meta property=\"article:publisher\" content=\"https:\/\/facebook.com\/sunoresearch\" \/>\n<meta property=\"og:image\" content=\"https:\/\/files.sunoresearch.com.br\/n\/uploads\/2018\/12\/8ecc3489-avianca-brasil.jpg\" \/>\n\t<meta property=\"og:image:width\" content=\"1200\" \/>\n\t<meta property=\"og:image:height\" content=\"627\" \/>\n\t<meta property=\"og:image:type\" content=\"image\/jpeg\" \/>\n<meta name=\"author\" content=\"Amanda Gushiken\" \/>\n<meta name=\"twitter:card\" content=\"summary_large_image\" \/>\n<meta name=\"twitter:creator\" content=\"@sunoresearch\" \/>\n<meta name=\"twitter:site\" content=\"@sunoresearch\" \/>\n<meta name=\"twitter:label1\" content=\"Escrito por\" \/>\n\t<meta name=\"twitter:data1\" content=\"Amanda Gushiken\" \/>\n\t<meta name=\"twitter:label2\" content=\"Est. tempo de leitura\" \/>\n\t<meta name=\"twitter:data2\" content=\"4 minutos\" \/>\n<script type=\"application\/ld+json\" class=\"yoast-schema-graph\">{\"@context\":\"https:\/\/schema.org\",\"@graph\":[{\"@type\":\"NewsArticle\",\"@id\":\"https:\/\/www.suno.com.br\/noticias\/avianca-oito-mil-voos-cancelados\/#article\",\"isPartOf\":{\"@id\":\"https:\/\/www.suno.com.br\/noticias\/avianca-oito-mil-voos-cancelados\/\"},\"author\":{\"name\":\"Amanda Gushiken\",\"@id\":\"https:\/\/www.suno.com.br\/noticias\/#\/schema\/person\/a5b06fa4e879d8e8e119c6ed3cd630d1\"},\"headline\":\"Avianca: voos cancelados podem chegar a oito mil em 2019\",\"datePublished\":\"2019-05-25T17:00:41+00:00\",\"dateModified\":\"2019-05-25T17:53:05+00:00\",\"mainEntityOfPage\":{\"@id\":\"https:\/\/www.suno.com.br\/noticias\/avianca-oito-mil-voos-cancelados\/\"},\"wordCount\":773,\"publisher\":{\"@id\":\"https:\/\/www.suno.com.br\/noticias\/#organization\"},\"image\":{\"@id\":\"https:\/\/www.suno.com.br\/noticias\/avianca-oito-mil-voos-cancelados\/#primaryimage\"},\"thumbnailUrl\":\"https:\/\/files.sunoresearch.com.br\/n\/uploads\/2018\/12\/8ecc3489-avianca-brasil-jpg.webp\",\"keywords\":[\"Anac\",\"Avianca\",\"Azul (AZUL4)\",\"Elliott Management\",\"Gol Linhas A\u00e9reas (GOLL11\/GOLL4)\",\"recupera\u00e7\u00e3o judicial\"],\"articleSection\":[\"Neg\u00f3cios\"],\"inLanguage\":\"pt-BR\"},{\"@type\":\"WebPage\",\"@id\":\"https:\/\/www.suno.com.br\/noticias\/avianca-oito-mil-voos-cancelados\/\",\"url\":\"https:\/\/www.suno.com.br\/noticias\/avianca-oito-mil-voos-cancelados\/\",\"name\":\"Avianca: voos cancelados podem chegar a oito mil em 2019\",\"isPartOf\":{\"@id\":\"https:\/\/www.suno.com.br\/noticias\/#website\"},\"primaryImageOfPage\":{\"@id\":\"https:\/\/www.suno.com.br\/noticias\/avianca-oito-mil-voos-cancelados\/#primaryimage\"},\"image\":{\"@id\":\"https:\/\/www.suno.com.br\/noticias\/avianca-oito-mil-voos-cancelados\/#primaryimage\"},\"thumbnailUrl\":\"https:\/\/files.sunoresearch.com.br\/n\/uploads\/2018\/12\/8ecc3489-avianca-brasil-jpg.webp\",\"datePublished\":\"2019-05-25T17:00:41+00:00\",\"dateModified\":\"2019-05-25T17:53:05+00:00\",\"description\":\"A suspens\u00e3o das opera\u00e7\u00f5es da Avianca Brasil pela Anac pode gerar cancelamento de at\u00e9 oito mil voos em 2019. Clique para saber mais.\",\"breadcrumb\":{\"@id\":\"https:\/\/www.suno.com.br\/noticias\/avianca-oito-mil-voos-cancelados\/#breadcrumb\"},\"inLanguage\":\"pt-BR\",\"potentialAction\":[{\"@type\":\"ReadAction\",\"target\":[\"https:\/\/www.suno.com.br\/noticias\/avianca-oito-mil-voos-cancelados\/\"]}]},{\"@type\":\"ImageObject\",\"inLanguage\":\"pt-BR\",\"@id\":\"https:\/\/www.suno.com.br\/noticias\/avianca-oito-mil-voos-cancelados\/#primaryimage\",\"url\":\"https:\/\/files.sunoresearch.com.br\/n\/uploads\/2018\/12\/8ecc3489-avianca-brasil-jpg.webp\",\"contentUrl\":\"https:\/\/files.sunoresearch.com.br\/n\/uploads\/2018\/12\/8ecc3489-avianca-brasil-jpg.webp\",\"width\":1200,\"height\":627,\"caption\":\"Voos cancelados podem chegar a oito mil com suspens\u00e3o de atividades da Avianca pela Anac. (divulga\u00e7\u00e3o)\"},{\"@type\":\"BreadcrumbList\",\"@id\":\"https:\/\/www.suno.com.br\/noticias\/avianca-oito-mil-voos-cancelados\/#breadcrumb\",\"itemListElement\":[{\"@type\":\"ListItem\",\"position\":1,\"name\":\"Not\u00edcias\",\"item\":\"https:\/\/www.suno.com.br\/noticias\/\"},{\"@type\":\"ListItem\",\"position\":2,\"name\":\"Neg\u00f3cios\",\"item\":\"https:\/\/www.suno.com.br\/noticias\/negocios\/\"},{\"@type\":\"ListItem\",\"position\":3,\"name\":\"Avianca: voos cancelados podem chegar a oito mil em 2019\"}]},{\"@type\":\"WebSite\",\"@id\":\"https:\/\/www.suno.com.br\/noticias\/#website\",\"url\":\"https:\/\/www.suno.com.br\/noticias\/\",\"name\":\"Suno Not\u00edcias\",\"description\":\"Seu portal de informa\u00e7\u00e3o sobre o mundo dos investimentos\",\"publisher\":{\"@id\":\"https:\/\/www.suno.com.br\/noticias\/#organization\"},\"potentialAction\":[{\"@type\":\"SearchAction\",\"target\":{\"@type\":\"EntryPoint\",\"urlTemplate\":\"https:\/\/www.suno.com.br\/noticias\/?s={search_term_string}\"},\"query-input\":{\"@type\":\"PropertyValueSpecification\",\"valueRequired\":true,\"valueName\":\"search_term_string\"}}],\"inLanguage\":\"pt-BR\"},{\"@type\":\"Organization\",\"@id\":\"https:\/\/www.suno.com.br\/noticias\/#organization\",\"name\":\"Suno Not\u00edcias\",\"url\":\"https:\/\/www.suno.com.br\/noticias\/\",\"logo\":{\"@type\":\"ImageObject\",\"inLanguage\":\"pt-BR\",\"@id\":\"https:\/\/www.suno.com.br\/noticias\/#\/schema\/logo\/image\/\",\"url\":\"https:\/\/files.sunoresearch.com.br\/n\/uploads\/2021\/09\/suno-logo.png\",\"contentUrl\":\"https:\/\/files.sunoresearch.com.br\/n\/uploads\/2021\/09\/suno-logo.png\",\"width\":180,\"height\":180,\"caption\":\"Suno Not\u00edcias\"},\"image\":{\"@id\":\"https:\/\/www.suno.com.br\/noticias\/#\/schema\/logo\/image\/\"},\"sameAs\":[\"https:\/\/facebook.com\/sunoresearch\",\"https:\/\/x.com\/sunoresearch\",\"https:\/\/www.instagram.com\/suno\",\"https:\/\/www.linkedin.com\/company\/suno-research\/\",\"https:\/\/www.youtube.com\/c\/sunoresearch\"]},{\"@type\":\"Person\",\"@id\":\"https:\/\/www.suno.com.br\/noticias\/#\/schema\/person\/a5b06fa4e879d8e8e119c6ed3cd630d1\",\"name\":\"Amanda Gushiken\",\"image\":{\"@type\":\"ImageObject\",\"inLanguage\":\"pt-BR\",\"@id\":\"https:\/\/www.suno.com.br\/noticias\/#\/schema\/person\/image\/\",\"url\":\"https:\/\/secure.gravatar.com\/avatar\/ecd84705e6b65e3685ae80d725501fbe?s=96&r=g\",\"contentUrl\":\"https:\/\/secure.gravatar.com\/avatar\/ecd84705e6b65e3685ae80d725501fbe?s=96&r=g\",\"caption\":\"Amanda Gushiken\"},\"description\":\"Amanda Sayuri Gushiken escreve sobre finan\u00e7as e neg\u00f3cios para o portal Suno Not\u00edcias. Antes, trabalhou selecionando not\u00edcias da imprensa para clientes do mercado financeiro. Tamb\u00e9m desenvolveu pesquisa acad\u00eamica pela Universidade Anhembi Morumbi na \u00e1rea de Teorias da Comunica\u00e7\u00e3o e \u00e9 fot\u00f3grafa nas horas vagas.\",\"url\":\"https:\/\/www.suno.com.br\/noticias\/author\/amanda\/\"}]}<\/script>\n<!-- \/ Yoast SEO plugin. -->","yoast_head_json":{"title":"Avianca: voos cancelados podem chegar a oito mil em 2019","description":"A suspens\u00e3o das opera\u00e7\u00f5es da Avianca Brasil pela Anac pode gerar cancelamento de at\u00e9 oito mil voos em 2019. Clique para saber mais.","robots":{"index":"index","follow":"follow","max-snippet":"max-snippet:-1","max-image-preview":"max-image-preview:large","max-video-preview":"max-video-preview:-1"},"canonical":"https:\/\/www.suno.com.br\/noticias\/avianca-oito-mil-voos-cancelados\/","og_locale":"pt_BR","og_type":"article","og_title":"Avianca: voos cancelados podem chegar a oito mil em 2019","og_description":"A suspens\u00e3o das opera\u00e7\u00f5es da Avianca Brasil pela Anac pode gerar cancelamento de at\u00e9 oito mil voos em 2019. Clique para saber mais.","og_url":"https:\/\/www.suno.com.br\/noticias\/avianca-oito-mil-voos-cancelados\/","og_site_name":"Suno Not\u00edcias","article_publisher":"https:\/\/facebook.com\/sunoresearch","og_image":[{"width":1200,"height":627,"url":"https:\/\/files.sunoresearch.com.br\/n\/uploads\/2018\/12\/8ecc3489-avianca-brasil.jpg","type":"image\/jpeg"}],"author":"Amanda Gushiken","twitter_card":"summary_large_image","twitter_creator":"@sunoresearch","twitter_site":"@sunoresearch","twitter_misc":{"Escrito por":"Amanda Gushiken","Est. tempo de leitura":"4 minutos"},"schema":{"@context":"https:\/\/schema.org","@graph":[{"@type":"NewsArticle","@id":"https:\/\/www.suno.com.br\/noticias\/avianca-oito-mil-voos-cancelados\/#article","isPartOf":{"@id":"https:\/\/www.suno.com.br\/noticias\/avianca-oito-mil-voos-cancelados\/"},"author":{"name":"Amanda Gushiken","@id":"https:\/\/www.suno.com.br\/noticias\/#\/schema\/person\/a5b06fa4e879d8e8e119c6ed3cd630d1"},"headline":"Avianca: voos cancelados podem chegar a oito mil em 2019","datePublished":"2019-05-25T17:00:41+00:00","dateModified":"2019-05-25T17:53:05+00:00","mainEntityOfPage":{"@id":"https:\/\/www.suno.com.br\/noticias\/avianca-oito-mil-voos-cancelados\/"},"wordCount":773,"publisher":{"@id":"https:\/\/www.suno.com.br\/noticias\/#organization"},"image":{"@id":"https:\/\/www.suno.com.br\/noticias\/avianca-oito-mil-voos-cancelados\/#primaryimage"},"thumbnailUrl":"https:\/\/files.sunoresearch.com.br\/n\/uploads\/2018\/12\/8ecc3489-avianca-brasil-jpg.webp","keywords":["Anac","Avianca","Azul (AZUL4)","Elliott Management","Gol Linhas A\u00e9reas (GOLL11\/GOLL4)","recupera\u00e7\u00e3o judicial"],"articleSection":["Neg\u00f3cios"],"inLanguage":"pt-BR"},{"@type":"WebPage","@id":"https:\/\/www.suno.com.br\/noticias\/avianca-oito-mil-voos-cancelados\/","url":"https:\/\/www.suno.com.br\/noticias\/avianca-oito-mil-voos-cancelados\/","name":"Avianca: voos cancelados podem chegar a oito mil em 2019","isPartOf":{"@id":"https:\/\/www.suno.com.br\/noticias\/#website"},"primaryImageOfPage":{"@id":"https:\/\/www.suno.com.br\/noticias\/avianca-oito-mil-voos-cancelados\/#primaryimage"},"image":{"@id":"https:\/\/www.suno.com.br\/noticias\/avianca-oito-mil-voos-cancelados\/#primaryimage"},"thumbnailUrl":"https:\/\/files.sunoresearch.com.br\/n\/uploads\/2018\/12\/8ecc3489-avianca-brasil-jpg.webp","datePublished":"2019-05-25T17:00:41+00:00","dateModified":"2019-05-25T17:53:05+00:00","description":"A suspens\u00e3o das opera\u00e7\u00f5es da Avianca Brasil pela Anac pode gerar cancelamento de at\u00e9 oito mil voos em 2019. Clique para saber mais.","breadcrumb":{"@id":"https:\/\/www.suno.com.br\/noticias\/avianca-oito-mil-voos-cancelados\/#breadcrumb"},"inLanguage":"pt-BR","potentialAction":[{"@type":"ReadAction","target":["https:\/\/www.suno.com.br\/noticias\/avianca-oito-mil-voos-cancelados\/"]}]},{"@type":"ImageObject","inLanguage":"pt-BR","@id":"https:\/\/www.suno.com.br\/noticias\/avianca-oito-mil-voos-cancelados\/#primaryimage","url":"https:\/\/files.sunoresearch.com.br\/n\/uploads\/2018\/12\/8ecc3489-avianca-brasil-jpg.webp","contentUrl":"https:\/\/files.sunoresearch.com.br\/n\/uploads\/2018\/12\/8ecc3489-avianca-brasil-jpg.webp","width":1200,"height":627,"caption":"Voos cancelados podem chegar a oito mil com suspens\u00e3o de atividades da Avianca pela Anac. (divulga\u00e7\u00e3o)"},{"@type":"BreadcrumbList","@id":"https:\/\/www.suno.com.br\/noticias\/avianca-oito-mil-voos-cancelados\/#breadcrumb","itemListElement":[{"@type":"ListItem","position":1,"name":"Not\u00edcias","item":"https:\/\/www.suno.com.br\/noticias\/"},{"@type":"ListItem","position":2,"name":"Neg\u00f3cios","item":"https:\/\/www.suno.com.br\/noticias\/negocios\/"},{"@type":"ListItem","position":3,"name":"Avianca: voos cancelados podem chegar a oito mil em 2019"}]},{"@type":"WebSite","@id":"https:\/\/www.suno.com.br\/noticias\/#website","url":"https:\/\/www.suno.com.br\/noticias\/","name":"Suno Not\u00edcias","description":"Seu portal de informa\u00e7\u00e3o sobre o mundo dos investimentos","publisher":{"@id":"https:\/\/www.suno.com.br\/noticias\/#organization"},"potentialAction":[{"@type":"SearchAction","target":{"@type":"EntryPoint","urlTemplate":"https:\/\/www.suno.com.br\/noticias\/?s={search_term_string}"},"query-input":{"@type":"PropertyValueSpecification","valueRequired":true,"valueName":"search_term_string"}}],"inLanguage":"pt-BR"},{"@type":"Organization","@id":"https:\/\/www.suno.com.br\/noticias\/#organization","name":"Suno Not\u00edcias","url":"https:\/\/www.suno.com.br\/noticias\/","logo":{"@type":"ImageObject","inLanguage":"pt-BR","@id":"https:\/\/www.suno.com.br\/noticias\/#\/schema\/logo\/image\/","url":"https:\/\/files.sunoresearch.com.br\/n\/uploads\/2021\/09\/suno-logo.png","contentUrl":"https:\/\/files.sunoresearch.com.br\/n\/uploads\/2021\/09\/suno-logo.png","width":180,"height":180,"caption":"Suno Not\u00edcias"},"image":{"@id":"https:\/\/www.suno.com.br\/noticias\/#\/schema\/logo\/image\/"},"sameAs":["https:\/\/facebook.com\/sunoresearch","https:\/\/x.com\/sunoresearch","https:\/\/www.instagram.com\/suno","https:\/\/www.linkedin.com\/company\/suno-research\/","https:\/\/www.youtube.com\/c\/sunoresearch"]},{"@type":"Person","@id":"https:\/\/www.suno.com.br\/noticias\/#\/schema\/person\/a5b06fa4e879d8e8e119c6ed3cd630d1","name":"Amanda Gushiken","image":{"@type":"ImageObject","inLanguage":"pt-BR","@id":"https:\/\/www.suno.com.br\/noticias\/#\/schema\/person\/image\/","url":"https:\/\/secure.gravatar.com\/avatar\/ecd84705e6b65e3685ae80d725501fbe?s=96&r=g","contentUrl":"https:\/\/secure.gravatar.com\/avatar\/ecd84705e6b65e3685ae80d725501fbe?s=96&r=g","caption":"Amanda Gushiken"},"description":"Amanda Sayuri Gushiken escreve sobre finan\u00e7as e neg\u00f3cios para o portal Suno Not\u00edcias. Antes, trabalhou selecionando not\u00edcias da imprensa para clientes do mercado financeiro. Tamb\u00e9m desenvolveu pesquisa acad\u00eamica pela Universidade Anhembi Morumbi na \u00e1rea de Teorias da Comunica\u00e7\u00e3o e \u00e9 fot\u00f3grafa nas horas vagas.","url":"https:\/\/www.suno.com.br\/noticias\/author\/amanda\/"}]}},"default_loop_html":"<div class=\"cardsPage__listCard__boxs\"><div class=\"cardsPage__listCard__boxs__img\"><a href=\"https:\/\/www.suno.com.br\/noticias\/avianca-oito-mil-voos-cancelados\/\"><img class=\"mask\" src=\"https:\/\/www.suno.com.br\/noticias\/wp-content\/themes\/suno\/resources\/images\/spotlight\/spotlight1img\/bg-mask.png\" alt=\"Image Mask\"\/><img src=\"https:\/\/files.sunoresearch.com.br\/n\/uploads\/2018\/12\/8ecc3489-avianca-brasil-400x200.webp\" alt=\"Avianca: voos cancelados podem chegar a oito mil em 2019\"\/><\/a><span class=\"spotlightCategory\"><a href=\"https:\/\/www.suno.com.br\/noticias\/negocios\/\">Neg\u00f3cios<\/a><\/span><\/div><div class=\"cardsPage__listCard__boxs__content\"><a href=\"https:\/\/www.suno.com.br\/noticias\/avianca-oito-mil-voos-cancelados\/\"><h2 class=\"content__title\">Avianca: voos cancelados podem chegar a oito mil em 2019<\/h2><\/a><div class=\"newsContent__article__meta\"><div class=\"newsContent__article__meta__authorBox\"><a href=\"https:\/\/www.suno.com.br\/noticias\/author\/amanda\/\" class=\"authorBox__avatar noMobi\"><img src=\"https:\/\/files.sunoresearch.com.br\/n\/uploads\/2018\/11\/c6ad30be-amanda-150x150.webp\" alt=\"Amanda Gushiken\"><\/a><div class=\"authorBox__name\"><span>por\n\t\t\t<a href=\"https:\/\/www.suno.com.br\/noticias\/author\/amanda\/\"><span itemprop=\"author\">Amanda Gushiken<\/span><\/a><\/span><time datetime=\"2019-05-25T14:00:41-03:00\" itemprop=\"datePublished\">25\/05\/2019 14:00<\/time><\/div><\/div><\/div><\/div><\/div>","single_layout":"posts","amp_enabled":true,"_links":{"self":[{"href":"https:\/\/www.suno.com.br\/noticias\/wp-json\/wp\/v2\/posts\/25946"}],"collection":[{"href":"https:\/\/www.suno.com.br\/noticias\/wp-json\/wp\/v2\/posts"}],"about":[{"href":"https:\/\/www.suno.com.br\/noticias\/wp-json\/wp\/v2\/types\/post"}],"author":[{"embeddable":true,"href":"https:\/\/www.suno.com.br\/noticias\/wp-json\/wp\/v2\/users\/12"}],"replies":[{"embeddable":true,"href":"https:\/\/www.suno.com.br\/noticias\/wp-json\/wp\/v2\/comments?post=25946"}],"version-history":[{"count":0,"href":"https:\/\/www.suno.com.br\/noticias\/wp-json\/wp\/v2\/posts\/25946\/revisions"}],"wp:featuredmedia":[{"embeddable":true,"href":"https:\/\/www.suno.com.br\/noticias\/wp-json\/wp\/v2\/media\/8551"}],"wp:attachment":[{"href":"https:\/\/www.suno.com.br\/noticias\/wp-json\/wp\/v2\/media?parent=25946"}],"wp:term":[{"taxonomy":"category","embeddable":true,"href":"https:\/\/www.suno.com.br\/noticias\/wp-json\/wp\/v2\/categories?post=25946"},{"taxonomy":"post_tag","embeddable":true,"href":"https:\/\/www.suno.com.br\/noticias\/wp-json\/wp\/v2\/tags?post=25946"},{"taxonomy":"suno_strategy","embeddable":true,"href":"https:\/\/www.suno.com.br\/noticias\/wp-json\/wp\/v2\/suno_strategy?post=25946"}],"curies":[{"name":"wp","href":"https:\/\/api.w.org\/{rel}","templated":true}]}}