{"id":25941,"date":"2019-05-25T12:26:12","date_gmt":"2019-05-25T15:26:12","guid":{"rendered":"https:\/\/www.suno.com.br\/noticias\/?p=25941"},"modified":"2019-05-25T12:26:12","modified_gmt":"2019-05-25T15:26:12","slug":"recuperacao-judicial-processo-mais-rapido","status":"publish","type":"post","link":"https:\/\/www.suno.com.br\/noticias\/recuperacao-judicial-processo-mais-rapido\/","title":{"rendered":"Recupera\u00e7\u00e3o judicial: grupo apresentar\u00e1 medidas para acelerar processo"},"content":{"rendered":"<p>Integrantes do <strong>Judici\u00e1rio<\/strong> brasileiro preparam um pacote de medidas para tornar mais r\u00e1pido o <strong>processo<\/strong> de recupera\u00e7\u00e3o judicial no Pa\u00eds. De acordo com o &#8220;Estado de S. Paulo&#8221;, em m\u00e9dia, s\u00e3o 567 dias entre o momento que a Justi\u00e7a aceita o pedido de recupera\u00e7\u00e3o, e o momento que o <strong>plano de reestrutura\u00e7\u00e3o<\/strong> apresentado pela empresa \u00e9 apreciado (com aprova\u00e7\u00e3o ou rejei\u00e7\u00e3o). Conforme a lei atual (Lei n\u00ba 11.101\/2005), este processo deveria durar no m\u00e1ximo 180 dias.<\/p>\t<div class=\"wrapper-featured-image\">\n\t\t<figure class=\"spotlightImg\">\n\n\t\t\t<picture>\n\t\t\t\t<source media=\"(max-width: 768px)\" srcset=\"https:\/\/files.sunoresearch.com.br\/n\/uploads\/2019\/04\/0e2f7253-vale-400x200.webp\">\n\t\t\t\t<img loading=\"lazy\" decoding=\"async\" class=\"newsContent__article__imgCapa lazyloadDisabled newsContent__article__imgCapa--noCaption\" src=\"https:\/\/files.sunoresearch.com.br\/n\/uploads\/2019\/04\/0e2f7253-vale-jpg.webp\" width=\"800\" height=\"450\" alt=\"Recupera\u00e7\u00e3o judicial: grupo apresentar\u00e1 medidas para acelerar processo\" fetchpriority=high \/>\n\t\t\t<\/picture>\n\n\t\t\t<figcaption class=\"wp-caption-text wp-caption-text--hide\">N\u00famero de pedidos de recupera\u00e7\u00e3o judicial deve dobrar\n<\/figcaption>\n\t\t<\/figure>\n\t<\/div>\n\n\n<p>Na vis\u00e3o dos integrantes do Judici\u00e1rio que preparam o pacote de medidas, o longo prazo do processo coloca em <strong>risco<\/strong> a recupera\u00e7\u00e3o, e mesmo a <strong>sobreviv\u00eancia<\/strong> da empresa. A <strong>recupera\u00e7\u00e3o judicial<\/strong> \u00e9 obtida quando uma companhia n\u00e3o consegue honrar os pagamentos. Desta forma, ela deve pedir \u00e0 Justi\u00e7a uma &#8220;prote\u00e7\u00e3o&#8221; contra a execu\u00e7\u00e3o de suas d\u00edvidas.<\/p>\n<p>O grupo \u00e9 liderado pelo ministro do <strong>Superior Tribunal de Justi\u00e7a<\/strong> (STJ), Luis Felipe Salom\u00e3o, e foi criado no \u00e2mbito do <strong>Conselho Nacional de Justi\u00e7a<\/strong> (CNJ).<\/p>\n\t<p>\n\t\t<a href=\"https:\/\/lp.suno.com.br\/4-emissao-snel11\/\" target=\"_blank\" data-element=\"shortcode-suno-banner\" title=\"Banner SUNO, clique e saiba mais\">\n\t\t\t<picture>\n\t\t\t\t<source media=\"(max-width: 500px)\" srcset=\"https:\/\/files.sunoresearch.com.br\/n\/uploads\/2025\/07\/400x300-Mobile-Artigos-7.webp\">\n\t\t\t\t<img class=\"newsContent__article__imgCapa newsContent__article__imgCapa--banner\"\n\t\t\t\t\tsrc=\"https:\/\/files.sunoresearch.com.br\/n\/uploads\/2025\/07\/1420x240-Banner-Artigos-1-_-Banner-Materias-5.webp\"\n\t\t\t\t\tdata-promo-id=\"364417\"\t\t\t\t\t\t\t\t\t\twidth='1420' height='240'\t\t\t\t\talt=\"https:\/\/files.sunoresearch.com.br\/n\/uploads\/2025\/07\/1420x240-Banner-Artigos-1-_-Banner-Materias-5.webp\"\n\t\t\t\t>\n\t\t\t<\/picture>\n\t\t<\/a>\n\t<\/p>\n\n\n<h2>Varas regionais especializadas<\/h2>\n<p>Uma das medidas do pacote ser\u00e1 a cria\u00e7\u00e3o de varas regionais, com <strong>especializa\u00e7\u00e3o<\/strong> para processar as recupera\u00e7\u00f5es judiciais.<\/p>\n<p>A Associa\u00e7\u00e3o Brasileira de Jurimetria e pelo N\u00facleo de Estudos de Processos de Insolv\u00eancia da PUC-SP realizaram estudo e constataram que:<\/p>\n<ul>\n<li>Nas varas especializadas, atualmente, o tempo m\u00e9dio do processo (entre o pedido e a aprecia\u00e7\u00e3o do do plano de recupera\u00e7\u00e3o) \u00e9 de 407 dias. O prazo \u00e9 maior em rela\u00e7\u00e3o ao previsto na legisla\u00e7\u00e3o (180 dias).<\/li>\n<li>Contudo, este prazo \u00e9 menor que os 567 dias verificados, em m\u00e9dia, nos processos nas varas comuns.<\/li>\n<li>Al\u00e9m disso, a taxa de aprova\u00e7\u00e3o dos planos de reestrutura\u00e7\u00e3o tamb\u00e9m \u00e9 maior quando eles s\u00e3o analisados nas varas especializadas: 81%, contra 71,3% nas varas comuns.<\/li>\n<\/ul>\n<p>No presente, existem poucas varas especializadas no Brasil. Uma delas \u00e9 a <strong>1.\u00aa Vara de Fal\u00eancias e Recupera\u00e7\u00f5es Judiciais<\/strong> em S\u00e3o Paulo. Tal unidade \u00e9 respons\u00e1vel pelo processo de recupera\u00e7\u00e3o judicial da companhia a\u00e9rea <strong>Avianca<\/strong> Brasil.<\/p>\n<p><a href=\"https:\/\/www.suno.com.br\/noticias\/anac-suspende-operacoes-avianc\/\">Saiba mais &#8211; Anac suspende todos os voos e opera\u00e7\u00f5es da Avianca Brasil<\/a><\/p>\n<h2>Verifica\u00e7\u00e3o pr\u00e9via<\/h2>\n<p>Os integrantes do Judici\u00e1rio pretendem padronizar iniciativas que j\u00e1 s\u00e3o aplicadas, mas que n\u00e3o est\u00e3o previstas na <strong>lei<\/strong>. Dentre as iniciativas est\u00e3o a <strong>verifica\u00e7\u00e3o pr\u00e9via<\/strong> e a <strong>media\u00e7\u00e3o<\/strong>.<\/p>\n<p>A verifica\u00e7\u00e3o pr\u00e9via consiste na an\u00e1lise se a documenta\u00e7\u00e3o financeira da empresa est\u00e1 correta, e se de fato a companhia tem capacidade de gerar benef\u00edcios previstos na lei de recupera\u00e7\u00e3o judicial. Desta forma, a verifica\u00e7\u00e3o pr\u00e9via serve para captar tentativas de <strong>fraudes<\/strong> contra credores.<\/p>\n<p>No entanto, a advogada especializada em direito empresarial do escrit\u00f3rio Martorelli, Fabiana Nunes, explicou para o &#8220;Estado de S. Paulo&#8221; que a iniciativa tem inten\u00e7\u00e3o boa, mas que uma padroniza\u00e7\u00e3o teria de ser feita via <strong>altera\u00e7\u00e3o legislativa<\/strong>.<\/p>\n<p><a href=\"https:\/\/www.suno.com.br\/noticias\/avianca-azul-nao-aceita-azul\/\">Saiba mais &#8211; Avianca n\u00e3o aceita proposta da Azul e afirma que deseja manter opera\u00e7\u00e3o<\/a><\/p>\n<h2>Media\u00e7\u00e3o<\/h2>\n<p>A <strong>media\u00e7\u00e3o<\/strong>, por sua, p\u00f4de ser observada no processo de recupera\u00e7\u00e3o judicial da <strong>Oi<\/strong> (OIBR4). Neste caso, uma <strong>terceira parte<\/strong> atua para mediar os <strong>impasses<\/strong> entre os credores e a empresa devedora.<\/p>\n<p>No processo da Oi, a iniciativa foi utilizada diversas vezes: desde o <strong>interm\u00e9dio<\/strong> rela\u00e7\u00e3o entre os pequenos credores, e at\u00e9 mesmo em discuss\u00f5es entre os acionistas, explicou a advogada do escrit\u00f3rio Wald, Antunes, Vita, Longo e Blattner Advogados, Samantha M. Longo. O escrit\u00f3rio atuou no processo da operadora de telefonia.<\/p>\n\t<p>\n\t\t<a href=\"https:\/\/lp.suno.com.br\/planilha-controle-gastos\/\" target=\"_blank\" data-element=\"shortcode-suno-banner\" title=\"Banner SUNO, clique e saiba mais\">\n\t\t\t<picture>\n\t\t\t\t<source media=\"(max-width: 500px)\" srcset=\"https:\/\/files.sunoresearch.com.br\/n\/uploads\/2023\/03\/400x300-Planilha-controle-de-gastos.png\">\n\t\t\t\t<img class=\"newsContent__article__imgCapa newsContent__article__imgCapa--banner\"\n\t\t\t\t\tsrc=\"https:\/\/files.sunoresearch.com.br\/n\/uploads\/2023\/03\/1420x240-Planilha-controle-de-gastos.png\"\n\t\t\t\t\tdata-promo-id=\"101751\"\t\t\t\t\t\t\t\t\t\twidth='1420' height='240'\t\t\t\t\talt=\"https:\/\/files.sunoresearch.com.br\/n\/uploads\/2023\/03\/1420x240-Planilha-controle-de-gastos.png\"\n\t\t\t\t>\n\t\t\t<\/picture>\n\t\t<\/a>\n\t<\/p>\n\n\n<h2>Lei atual de recupera\u00e7\u00e3o judicial<\/h2>\n<p>A lei atual de <strong>recupera\u00e7\u00e3o judicial<\/strong> e fal\u00eancia existe desde 2005. Em paralelo, nos \u00faltimos anos, o Brasil assistiu a diversos casos bilion\u00e1rios de recupera\u00e7\u00e3o judicial, como:<\/p>\n<ul>\n<li><strong>OGX<\/strong>, petroleira de <a href=\"https:\/\/www.suno.com.br\/tudo-sobre\/eike-batista\/\">Eike Batista<\/a>;<\/li>\n<li><strong>Oi<\/strong>, empresa de telefonia;<\/li>\n<li><strong>Sete Brasil<\/strong>, empresa de aluguel de sondas;<\/li>\n<li>e o caso mais recente da <strong>Avianca Brasil<\/strong>, companhia a\u00e9rea.<\/li>\n<\/ul>\n<p>De acordo com o secret\u00e1rio especial da Fazenda, Waldery Rodrigues, h\u00e1 um &#8220;di\u00e1logo intenso&#8221; com o Congresso nacional para que altera\u00e7\u00f5es sejam feitas na lei da <strong>recupera\u00e7\u00e3o judicial<\/strong> ainda em 2019. Isto, pois, o governo concorda com os integrantes do Judici\u00e1rio que uma revis\u00e3o nas regras \u00e9 necess\u00e1ria.<\/p>\n","protected":false},"excerpt":{"rendered":"<p>Integrantes do Judici\u00e1rio brasileiro preparam um pacote de medidas para tornar mais r\u00e1pido o processo de recupera\u00e7\u00e3o judicial no Pa\u00eds. De acordo com o &#8220;Estado de S. Paulo&#8221;, em m\u00e9dia, s\u00e3o 567 dias entre o momento que a Justi\u00e7a aceita o pedido de recupera\u00e7\u00e3o, e o momento que o plano de reestrutura\u00e7\u00e3o apresentado pela empresa [&hellip;]<\/p>\n","protected":false},"author":12,"featured_media":21217,"comment_status":"closed","ping_status":"closed","sticky":false,"template":"","format":"standard","meta":[],"categories":[61],"tags":[840,584,314],"suno_strategy":[],"class_list":["post-25941","post","type-post","status-publish","format-standard","has-post-thumbnail","hentry","category-politica","tag-avianca","tag-oi-oibr3-oibr4","tag-recuperacao-judicial"],"yoast_head":"<!-- This site is optimized with the Yoast SEO plugin v24.4 - https:\/\/yoast.com\/wordpress\/plugins\/seo\/ -->\n<title>Recupera\u00e7\u00e3o judicial: grupo apresentar\u00e1 medidas para acelerar processo<\/title>\n<meta name=\"description\" content=\"Integrantes do Judici\u00e1rio prepara um pacote de medidas para a serem acrescentadas na lei de recupera\u00e7\u00e3o judicial. Clique para saber mais.\" \/>\n<meta name=\"robots\" content=\"index, follow, max-snippet:-1, max-image-preview:large, max-video-preview:-1\" \/>\n<link rel=\"canonical\" href=\"https:\/\/www.suno.com.br\/noticias\/recuperacao-judicial-processo-mais-rapido\/\" \/>\n<meta property=\"og:locale\" content=\"pt_BR\" \/>\n<meta property=\"og:type\" content=\"article\" \/>\n<meta property=\"og:title\" content=\"Recupera\u00e7\u00e3o judicial: grupo apresentar\u00e1 medidas para acelerar processo\" \/>\n<meta property=\"og:description\" content=\"Integrantes do Judici\u00e1rio prepara um pacote de medidas para a serem acrescentadas na lei de recupera\u00e7\u00e3o judicial. Clique para saber mais.\" \/>\n<meta property=\"og:url\" content=\"https:\/\/www.suno.com.br\/noticias\/recuperacao-judicial-processo-mais-rapido\/\" \/>\n<meta property=\"og:site_name\" content=\"Suno Not\u00edcias\" \/>\n<meta property=\"article:publisher\" content=\"https:\/\/facebook.com\/sunoresearch\" \/>\n<meta property=\"og:image\" content=\"https:\/\/files.sunoresearch.com.br\/n\/uploads\/2019\/04\/0e2f7253-vale.jpg\" \/>\n\t<meta property=\"og:image:width\" content=\"615\" \/>\n\t<meta property=\"og:image:height\" content=\"461\" \/>\n\t<meta property=\"og:image:type\" content=\"image\/jpeg\" \/>\n<meta name=\"author\" content=\"Amanda Gushiken\" \/>\n<meta name=\"twitter:card\" content=\"summary_large_image\" \/>\n<meta name=\"twitter:creator\" content=\"@sunoresearch\" \/>\n<meta name=\"twitter:site\" content=\"@sunoresearch\" \/>\n<meta name=\"twitter:label1\" content=\"Escrito por\" \/>\n\t<meta name=\"twitter:data1\" content=\"Amanda Gushiken\" \/>\n\t<meta name=\"twitter:label2\" content=\"Est. tempo de leitura\" \/>\n\t<meta name=\"twitter:data2\" content=\"4 minutos\" \/>\n<script type=\"application\/ld+json\" class=\"yoast-schema-graph\">{\"@context\":\"https:\/\/schema.org\",\"@graph\":[{\"@type\":\"NewsArticle\",\"@id\":\"https:\/\/www.suno.com.br\/noticias\/recuperacao-judicial-processo-mais-rapido\/#article\",\"isPartOf\":{\"@id\":\"https:\/\/www.suno.com.br\/noticias\/recuperacao-judicial-processo-mais-rapido\/\"},\"author\":{\"name\":\"Amanda Gushiken\",\"@id\":\"https:\/\/www.suno.com.br\/noticias\/#\/schema\/person\/a5b06fa4e879d8e8e119c6ed3cd630d1\"},\"headline\":\"Recupera\u00e7\u00e3o judicial: grupo apresentar\u00e1 medidas para acelerar processo\",\"datePublished\":\"2019-05-25T15:26:12+00:00\",\"mainEntityOfPage\":{\"@id\":\"https:\/\/www.suno.com.br\/noticias\/recuperacao-judicial-processo-mais-rapido\/\"},\"wordCount\":731,\"publisher\":{\"@id\":\"https:\/\/www.suno.com.br\/noticias\/#organization\"},\"image\":{\"@id\":\"https:\/\/www.suno.com.br\/noticias\/recuperacao-judicial-processo-mais-rapido\/#primaryimage\"},\"thumbnailUrl\":\"https:\/\/files.sunoresearch.com.br\/n\/uploads\/2019\/04\/0e2f7253-vale-jpg.webp\",\"keywords\":[\"Avianca\",\"Oi (OIBR3\/OIBR4)\",\"recupera\u00e7\u00e3o judicial\"],\"articleSection\":[\"Pol\u00edtica\"],\"inLanguage\":\"pt-BR\"},{\"@type\":\"WebPage\",\"@id\":\"https:\/\/www.suno.com.br\/noticias\/recuperacao-judicial-processo-mais-rapido\/\",\"url\":\"https:\/\/www.suno.com.br\/noticias\/recuperacao-judicial-processo-mais-rapido\/\",\"name\":\"Recupera\u00e7\u00e3o judicial: grupo apresentar\u00e1 medidas para acelerar processo\",\"isPartOf\":{\"@id\":\"https:\/\/www.suno.com.br\/noticias\/#website\"},\"primaryImageOfPage\":{\"@id\":\"https:\/\/www.suno.com.br\/noticias\/recuperacao-judicial-processo-mais-rapido\/#primaryimage\"},\"image\":{\"@id\":\"https:\/\/www.suno.com.br\/noticias\/recuperacao-judicial-processo-mais-rapido\/#primaryimage\"},\"thumbnailUrl\":\"https:\/\/files.sunoresearch.com.br\/n\/uploads\/2019\/04\/0e2f7253-vale-jpg.webp\",\"datePublished\":\"2019-05-25T15:26:12+00:00\",\"description\":\"Integrantes do Judici\u00e1rio prepara um pacote de medidas para a serem acrescentadas na lei de recupera\u00e7\u00e3o judicial. Clique para saber mais.\",\"breadcrumb\":{\"@id\":\"https:\/\/www.suno.com.br\/noticias\/recuperacao-judicial-processo-mais-rapido\/#breadcrumb\"},\"inLanguage\":\"pt-BR\",\"potentialAction\":[{\"@type\":\"ReadAction\",\"target\":[\"https:\/\/www.suno.com.br\/noticias\/recuperacao-judicial-processo-mais-rapido\/\"]}]},{\"@type\":\"ImageObject\",\"inLanguage\":\"pt-BR\",\"@id\":\"https:\/\/www.suno.com.br\/noticias\/recuperacao-judicial-processo-mais-rapido\/#primaryimage\",\"url\":\"https:\/\/files.sunoresearch.com.br\/n\/uploads\/2019\/04\/0e2f7253-vale-jpg.webp\",\"contentUrl\":\"https:\/\/files.sunoresearch.com.br\/n\/uploads\/2019\/04\/0e2f7253-vale-jpg.webp\",\"width\":615,\"height\":461,\"caption\":\"N\u00famero de pedidos de recupera\u00e7\u00e3o judicial deve dobrar\"},{\"@type\":\"BreadcrumbList\",\"@id\":\"https:\/\/www.suno.com.br\/noticias\/recuperacao-judicial-processo-mais-rapido\/#breadcrumb\",\"itemListElement\":[{\"@type\":\"ListItem\",\"position\":1,\"name\":\"Not\u00edcias\",\"item\":\"https:\/\/www.suno.com.br\/noticias\/\"},{\"@type\":\"ListItem\",\"position\":2,\"name\":\"Pol\u00edtica\",\"item\":\"https:\/\/www.suno.com.br\/noticias\/politica\/\"},{\"@type\":\"ListItem\",\"position\":3,\"name\":\"Recupera\u00e7\u00e3o judicial: grupo apresentar\u00e1 medidas para acelerar processo\"}]},{\"@type\":\"WebSite\",\"@id\":\"https:\/\/www.suno.com.br\/noticias\/#website\",\"url\":\"https:\/\/www.suno.com.br\/noticias\/\",\"name\":\"Suno Not\u00edcias\",\"description\":\"Seu portal de informa\u00e7\u00e3o sobre o mundo dos investimentos\",\"publisher\":{\"@id\":\"https:\/\/www.suno.com.br\/noticias\/#organization\"},\"potentialAction\":[{\"@type\":\"SearchAction\",\"target\":{\"@type\":\"EntryPoint\",\"urlTemplate\":\"https:\/\/www.suno.com.br\/noticias\/?s={search_term_string}\"},\"query-input\":{\"@type\":\"PropertyValueSpecification\",\"valueRequired\":true,\"valueName\":\"search_term_string\"}}],\"inLanguage\":\"pt-BR\"},{\"@type\":\"Organization\",\"@id\":\"https:\/\/www.suno.com.br\/noticias\/#organization\",\"name\":\"Suno Not\u00edcias\",\"url\":\"https:\/\/www.suno.com.br\/noticias\/\",\"logo\":{\"@type\":\"ImageObject\",\"inLanguage\":\"pt-BR\",\"@id\":\"https:\/\/www.suno.com.br\/noticias\/#\/schema\/logo\/image\/\",\"url\":\"https:\/\/files.sunoresearch.com.br\/n\/uploads\/2021\/09\/suno-logo.png\",\"contentUrl\":\"https:\/\/files.sunoresearch.com.br\/n\/uploads\/2021\/09\/suno-logo.png\",\"width\":180,\"height\":180,\"caption\":\"Suno Not\u00edcias\"},\"image\":{\"@id\":\"https:\/\/www.suno.com.br\/noticias\/#\/schema\/logo\/image\/\"},\"sameAs\":[\"https:\/\/facebook.com\/sunoresearch\",\"https:\/\/x.com\/sunoresearch\",\"https:\/\/www.instagram.com\/suno\",\"https:\/\/www.linkedin.com\/company\/suno-research\/\",\"https:\/\/www.youtube.com\/c\/sunoresearch\"]},{\"@type\":\"Person\",\"@id\":\"https:\/\/www.suno.com.br\/noticias\/#\/schema\/person\/a5b06fa4e879d8e8e119c6ed3cd630d1\",\"name\":\"Amanda Gushiken\",\"image\":{\"@type\":\"ImageObject\",\"inLanguage\":\"pt-BR\",\"@id\":\"https:\/\/www.suno.com.br\/noticias\/#\/schema\/person\/image\/\",\"url\":\"https:\/\/secure.gravatar.com\/avatar\/ecd84705e6b65e3685ae80d725501fbe?s=96&r=g\",\"contentUrl\":\"https:\/\/secure.gravatar.com\/avatar\/ecd84705e6b65e3685ae80d725501fbe?s=96&r=g\",\"caption\":\"Amanda Gushiken\"},\"description\":\"Amanda Sayuri Gushiken escreve sobre finan\u00e7as e neg\u00f3cios para o portal Suno Not\u00edcias. Antes, trabalhou selecionando not\u00edcias da imprensa para clientes do mercado financeiro. Tamb\u00e9m desenvolveu pesquisa acad\u00eamica pela Universidade Anhembi Morumbi na \u00e1rea de Teorias da Comunica\u00e7\u00e3o e \u00e9 fot\u00f3grafa nas horas vagas.\",\"url\":\"https:\/\/www.suno.com.br\/noticias\/author\/amanda\/\"}]}<\/script>\n<!-- \/ Yoast SEO plugin. -->","yoast_head_json":{"title":"Recupera\u00e7\u00e3o judicial: grupo apresentar\u00e1 medidas para acelerar processo","description":"Integrantes do Judici\u00e1rio prepara um pacote de medidas para a serem acrescentadas na lei de recupera\u00e7\u00e3o judicial. Clique para saber mais.","robots":{"index":"index","follow":"follow","max-snippet":"max-snippet:-1","max-image-preview":"max-image-preview:large","max-video-preview":"max-video-preview:-1"},"canonical":"https:\/\/www.suno.com.br\/noticias\/recuperacao-judicial-processo-mais-rapido\/","og_locale":"pt_BR","og_type":"article","og_title":"Recupera\u00e7\u00e3o judicial: grupo apresentar\u00e1 medidas para acelerar processo","og_description":"Integrantes do Judici\u00e1rio prepara um pacote de medidas para a serem acrescentadas na lei de recupera\u00e7\u00e3o judicial. Clique para saber mais.","og_url":"https:\/\/www.suno.com.br\/noticias\/recuperacao-judicial-processo-mais-rapido\/","og_site_name":"Suno Not\u00edcias","article_publisher":"https:\/\/facebook.com\/sunoresearch","og_image":[{"width":615,"height":461,"url":"https:\/\/files.sunoresearch.com.br\/n\/uploads\/2019\/04\/0e2f7253-vale.jpg","type":"image\/jpeg"}],"author":"Amanda Gushiken","twitter_card":"summary_large_image","twitter_creator":"@sunoresearch","twitter_site":"@sunoresearch","twitter_misc":{"Escrito por":"Amanda Gushiken","Est. tempo de leitura":"4 minutos"},"schema":{"@context":"https:\/\/schema.org","@graph":[{"@type":"NewsArticle","@id":"https:\/\/www.suno.com.br\/noticias\/recuperacao-judicial-processo-mais-rapido\/#article","isPartOf":{"@id":"https:\/\/www.suno.com.br\/noticias\/recuperacao-judicial-processo-mais-rapido\/"},"author":{"name":"Amanda Gushiken","@id":"https:\/\/www.suno.com.br\/noticias\/#\/schema\/person\/a5b06fa4e879d8e8e119c6ed3cd630d1"},"headline":"Recupera\u00e7\u00e3o judicial: grupo apresentar\u00e1 medidas para acelerar processo","datePublished":"2019-05-25T15:26:12+00:00","mainEntityOfPage":{"@id":"https:\/\/www.suno.com.br\/noticias\/recuperacao-judicial-processo-mais-rapido\/"},"wordCount":731,"publisher":{"@id":"https:\/\/www.suno.com.br\/noticias\/#organization"},"image":{"@id":"https:\/\/www.suno.com.br\/noticias\/recuperacao-judicial-processo-mais-rapido\/#primaryimage"},"thumbnailUrl":"https:\/\/files.sunoresearch.com.br\/n\/uploads\/2019\/04\/0e2f7253-vale-jpg.webp","keywords":["Avianca","Oi (OIBR3\/OIBR4)","recupera\u00e7\u00e3o judicial"],"articleSection":["Pol\u00edtica"],"inLanguage":"pt-BR"},{"@type":"WebPage","@id":"https:\/\/www.suno.com.br\/noticias\/recuperacao-judicial-processo-mais-rapido\/","url":"https:\/\/www.suno.com.br\/noticias\/recuperacao-judicial-processo-mais-rapido\/","name":"Recupera\u00e7\u00e3o judicial: grupo apresentar\u00e1 medidas para acelerar processo","isPartOf":{"@id":"https:\/\/www.suno.com.br\/noticias\/#website"},"primaryImageOfPage":{"@id":"https:\/\/www.suno.com.br\/noticias\/recuperacao-judicial-processo-mais-rapido\/#primaryimage"},"image":{"@id":"https:\/\/www.suno.com.br\/noticias\/recuperacao-judicial-processo-mais-rapido\/#primaryimage"},"thumbnailUrl":"https:\/\/files.sunoresearch.com.br\/n\/uploads\/2019\/04\/0e2f7253-vale-jpg.webp","datePublished":"2019-05-25T15:26:12+00:00","description":"Integrantes do Judici\u00e1rio prepara um pacote de medidas para a serem acrescentadas na lei de recupera\u00e7\u00e3o judicial. Clique para saber mais.","breadcrumb":{"@id":"https:\/\/www.suno.com.br\/noticias\/recuperacao-judicial-processo-mais-rapido\/#breadcrumb"},"inLanguage":"pt-BR","potentialAction":[{"@type":"ReadAction","target":["https:\/\/www.suno.com.br\/noticias\/recuperacao-judicial-processo-mais-rapido\/"]}]},{"@type":"ImageObject","inLanguage":"pt-BR","@id":"https:\/\/www.suno.com.br\/noticias\/recuperacao-judicial-processo-mais-rapido\/#primaryimage","url":"https:\/\/files.sunoresearch.com.br\/n\/uploads\/2019\/04\/0e2f7253-vale-jpg.webp","contentUrl":"https:\/\/files.sunoresearch.com.br\/n\/uploads\/2019\/04\/0e2f7253-vale-jpg.webp","width":615,"height":461,"caption":"N\u00famero de pedidos de recupera\u00e7\u00e3o judicial deve dobrar"},{"@type":"BreadcrumbList","@id":"https:\/\/www.suno.com.br\/noticias\/recuperacao-judicial-processo-mais-rapido\/#breadcrumb","itemListElement":[{"@type":"ListItem","position":1,"name":"Not\u00edcias","item":"https:\/\/www.suno.com.br\/noticias\/"},{"@type":"ListItem","position":2,"name":"Pol\u00edtica","item":"https:\/\/www.suno.com.br\/noticias\/politica\/"},{"@type":"ListItem","position":3,"name":"Recupera\u00e7\u00e3o judicial: grupo apresentar\u00e1 medidas para acelerar processo"}]},{"@type":"WebSite","@id":"https:\/\/www.suno.com.br\/noticias\/#website","url":"https:\/\/www.suno.com.br\/noticias\/","name":"Suno Not\u00edcias","description":"Seu portal de informa\u00e7\u00e3o sobre o mundo dos investimentos","publisher":{"@id":"https:\/\/www.suno.com.br\/noticias\/#organization"},"potentialAction":[{"@type":"SearchAction","target":{"@type":"EntryPoint","urlTemplate":"https:\/\/www.suno.com.br\/noticias\/?s={search_term_string}"},"query-input":{"@type":"PropertyValueSpecification","valueRequired":true,"valueName":"search_term_string"}}],"inLanguage":"pt-BR"},{"@type":"Organization","@id":"https:\/\/www.suno.com.br\/noticias\/#organization","name":"Suno Not\u00edcias","url":"https:\/\/www.suno.com.br\/noticias\/","logo":{"@type":"ImageObject","inLanguage":"pt-BR","@id":"https:\/\/www.suno.com.br\/noticias\/#\/schema\/logo\/image\/","url":"https:\/\/files.sunoresearch.com.br\/n\/uploads\/2021\/09\/suno-logo.png","contentUrl":"https:\/\/files.sunoresearch.com.br\/n\/uploads\/2021\/09\/suno-logo.png","width":180,"height":180,"caption":"Suno Not\u00edcias"},"image":{"@id":"https:\/\/www.suno.com.br\/noticias\/#\/schema\/logo\/image\/"},"sameAs":["https:\/\/facebook.com\/sunoresearch","https:\/\/x.com\/sunoresearch","https:\/\/www.instagram.com\/suno","https:\/\/www.linkedin.com\/company\/suno-research\/","https:\/\/www.youtube.com\/c\/sunoresearch"]},{"@type":"Person","@id":"https:\/\/www.suno.com.br\/noticias\/#\/schema\/person\/a5b06fa4e879d8e8e119c6ed3cd630d1","name":"Amanda Gushiken","image":{"@type":"ImageObject","inLanguage":"pt-BR","@id":"https:\/\/www.suno.com.br\/noticias\/#\/schema\/person\/image\/","url":"https:\/\/secure.gravatar.com\/avatar\/ecd84705e6b65e3685ae80d725501fbe?s=96&r=g","contentUrl":"https:\/\/secure.gravatar.com\/avatar\/ecd84705e6b65e3685ae80d725501fbe?s=96&r=g","caption":"Amanda Gushiken"},"description":"Amanda Sayuri Gushiken escreve sobre finan\u00e7as e neg\u00f3cios para o portal Suno Not\u00edcias. Antes, trabalhou selecionando not\u00edcias da imprensa para clientes do mercado financeiro. Tamb\u00e9m desenvolveu pesquisa acad\u00eamica pela Universidade Anhembi Morumbi na \u00e1rea de Teorias da Comunica\u00e7\u00e3o e \u00e9 fot\u00f3grafa nas horas vagas.","url":"https:\/\/www.suno.com.br\/noticias\/author\/amanda\/"}]}},"default_loop_html":"<div class=\"cardsPage__listCard__boxs\"><div class=\"cardsPage__listCard__boxs__img\"><a href=\"https:\/\/www.suno.com.br\/noticias\/recuperacao-judicial-processo-mais-rapido\/\"><img class=\"mask\" src=\"https:\/\/www.suno.com.br\/noticias\/wp-content\/themes\/suno\/resources\/images\/spotlight\/spotlight1img\/bg-mask.png\" alt=\"Image Mask\"\/><img src=\"https:\/\/files.sunoresearch.com.br\/n\/uploads\/2019\/04\/0e2f7253-vale-400x200.webp\" alt=\"Recupera\u00e7\u00e3o judicial: grupo apresentar\u00e1 medidas para acelerar processo\"\/><\/a><span class=\"spotlightCategory\"><a href=\"https:\/\/www.suno.com.br\/noticias\/politica\/\">Pol\u00edtica<\/a><\/span><\/div><div class=\"cardsPage__listCard__boxs__content\"><a href=\"https:\/\/www.suno.com.br\/noticias\/recuperacao-judicial-processo-mais-rapido\/\"><h2 class=\"content__title\">Recupera\u00e7\u00e3o judicial: grupo apresentar\u00e1 medidas para acelerar processo<\/h2><\/a><div class=\"newsContent__article__meta\"><div class=\"newsContent__article__meta__authorBox\"><a href=\"https:\/\/www.suno.com.br\/noticias\/author\/amanda\/\" class=\"authorBox__avatar noMobi\"><img src=\"https:\/\/files.sunoresearch.com.br\/n\/uploads\/2018\/11\/c6ad30be-amanda-150x150.webp\" alt=\"Amanda Gushiken\"><\/a><div class=\"authorBox__name\"><span>por\n\t\t\t<a href=\"https:\/\/www.suno.com.br\/noticias\/author\/amanda\/\"><span itemprop=\"author\">Amanda Gushiken<\/span><\/a><\/span><time datetime=\"2019-05-25T12:26:12-03:00\" itemprop=\"datePublished\">25\/05\/2019 12:26<\/time><\/div><\/div><\/div><\/div><\/div>","single_layout":"posts","amp_enabled":true,"_links":{"self":[{"href":"https:\/\/www.suno.com.br\/noticias\/wp-json\/wp\/v2\/posts\/25941"}],"collection":[{"href":"https:\/\/www.suno.com.br\/noticias\/wp-json\/wp\/v2\/posts"}],"about":[{"href":"https:\/\/www.suno.com.br\/noticias\/wp-json\/wp\/v2\/types\/post"}],"author":[{"embeddable":true,"href":"https:\/\/www.suno.com.br\/noticias\/wp-json\/wp\/v2\/users\/12"}],"replies":[{"embeddable":true,"href":"https:\/\/www.suno.com.br\/noticias\/wp-json\/wp\/v2\/comments?post=25941"}],"version-history":[{"count":0,"href":"https:\/\/www.suno.com.br\/noticias\/wp-json\/wp\/v2\/posts\/25941\/revisions"}],"wp:featuredmedia":[{"embeddable":true,"href":"https:\/\/www.suno.com.br\/noticias\/wp-json\/wp\/v2\/media\/21217"}],"wp:attachment":[{"href":"https:\/\/www.suno.com.br\/noticias\/wp-json\/wp\/v2\/media?parent=25941"}],"wp:term":[{"taxonomy":"category","embeddable":true,"href":"https:\/\/www.suno.com.br\/noticias\/wp-json\/wp\/v2\/categories?post=25941"},{"taxonomy":"post_tag","embeddable":true,"href":"https:\/\/www.suno.com.br\/noticias\/wp-json\/wp\/v2\/tags?post=25941"},{"taxonomy":"suno_strategy","embeddable":true,"href":"https:\/\/www.suno.com.br\/noticias\/wp-json\/wp\/v2\/suno_strategy?post=25941"}],"curies":[{"name":"wp","href":"https:\/\/api.w.org\/{rel}","templated":true}]}}