{"id":25933,"date":"2019-05-24T20:48:40","date_gmt":"2019-05-24T23:48:40","guid":{"rendered":"https:\/\/www.suno.com.br\/noticias\/?p=25933"},"modified":"2019-05-24T20:48:40","modified_gmt":"2019-05-24T23:48:40","slug":"bolsonaro-casamento-paulo-guedes","status":"publish","type":"post","link":"https:\/\/www.suno.com.br\/noticias\/bolsonaro-casamento-paulo-guedes\/","title":{"rendered":"Bolsonaro: &#8216;casamento&#8217; com Paulo Guedes est\u00e1 &#8216;mais forte que nunca&#8217;"},"content":{"rendered":"<p>O presidente <strong>Jair Bolsonaro<\/strong> afirmou que seu &#8220;casamento&#8221; com o <strong>ministro da Economia<\/strong>, <a href=\"https:\/\/www.suno.com.br\/tudo-sobre\/paulo-guedes\/\">Paulo Guedes<\/a>, est\u00e1 &#8220;mais forte do que nunca&#8221;. O mandat\u00e1rio negou\u00a0nesta sexta-feira (24) que haja atritos entre os dois.<\/p>\t<div class=\"wrapper-featured-image\">\n\t\t<figure class=\"spotlightImg\">\n\n\t\t\t<picture>\n\t\t\t\t<source media=\"(max-width: 768px)\" srcset=\"https:\/\/files.sunoresearch.com.br\/n\/uploads\/2019\/04\/e07c107d-banco-central-400x200.webp\">\n\t\t\t\t<img loading=\"lazy\" decoding=\"async\" class=\"newsContent__article__imgCapa lazyloadDisabled newsContent__article__imgCapa--noCaption\" src=\"https:\/\/files.sunoresearch.com.br\/n\/uploads\/2019\/04\/e07c107d-banco-central-800x450.webp\" width=\"800\" height=\"450\" alt=\"Bolsonaro: &#8216;casamento&#8217; com Paulo Guedes est\u00e1 &#8216;mais forte que nunca&#8217;\" fetchpriority=high \/>\n\t\t\t<\/picture>\n\n\t\t\t<figcaption class=\"wp-caption-text wp-caption-text--hide\">Bolsonaro: &#039;casamento&#039; com Paulo Guedes est\u00e1 &#039;mais forte que nunca&#039;<\/figcaption>\n\t\t<\/figure>\n\t<\/div>\n\n\n<p><a href=\"https:\/\/www.suno.com.br\/noticias\/guedes-compromisso-retomada-crescimento\/\">Saiba mais: Em nota Guedes diz ter total compromisso com retomada de crescimento\u00a0<\/a><\/p>\n<p>A declara\u00e7\u00e3o de <strong>Bolsonaro<\/strong> chegou ap\u00f3s uma entrevista de Guedes para a revista &#8220;Veja&#8221;. O ministro salientou que deixaria o cargo se a <strong>reforma da Previd\u00eancia<\/strong> n\u00e3o for aprovada. Segundo o presidente,\u00a0se a reforma n\u00e3o for aprovada, ser\u00e1 necess\u00e1rio trocar o ministro da Economia por um da Alquimia, porque &#8220;s\u00f3 assim resolve&#8221;.<\/p>\n\t<p>\n\t\t<a href=\"https:\/\/lp.suno.com.br\/suno-one\/?utm_campaign=_SNC6964518A_\" target=\"_blank\" data-element=\"shortcode-suno-banner\" title=\"Banner SUNO, clique e saiba mais\">\n\t\t\t<picture>\n\t\t\t\t<source media=\"(max-width: 500px)\" srcset=\"https:\/\/files.sunoresearch.com.br\/n\/uploads\/2025\/09\/400x300-Suno-One-png.webp\">\n\t\t\t\t<img class=\"newsContent__article__imgCapa newsContent__article__imgCapa--banner\"\n\t\t\t\t\tsrc=\"https:\/\/files.sunoresearch.com.br\/n\/uploads\/2025\/09\/1420x240-Suno-One-png.webp\"\n\t\t\t\t\tdata-promo-id=\"85810\"\t\t\t\t\t\t\t\t\t\twidth='1420' height='240'\t\t\t\t\talt=\"https:\/\/files.sunoresearch.com.br\/n\/uploads\/2025\/09\/1420x240-Suno-One-png.webp\"\n\t\t\t\t>\n\t\t\t<\/picture>\n\t\t<\/a>\n\t<\/p>\n\n\n<p>&#8220;Pe\u00e7o desculpas por frustrar a tentativa de parte da m\u00eddia de criar um virtual atrito entre eu e <strong>Paulo Guedes.<\/strong> Nosso casamento segue mais forte que nunca kkkkk. No mais, caso n\u00e3o aprovemos a <strong>Previd\u00eancia,<\/strong> creio que deva trocar o Min. da Economia pelo da Alquimia, s\u00f3 assim resolve&#8221;, escreveu Bolsonaro em sua conta no Twitter.<\/p>\n<p><a href=\"https:\/\/www.suno.com.br\/noticias\/guedes-compromisso-retomada-crescimento\/\">Saiba mais: Em nota Guedes diz ter total compromisso com retomada de crescimento\u00a0<\/a><\/p>\n<p>Sempre nesta sexta, <strong>Bolsonaro<\/strong> tinha declarado que <strong>Guedes<\/strong> est\u00e1 &#8220;no direito dele&#8221; e n\u00e3o \u00e9 obrigado a permanecer no <strong>Executivo.<\/strong><\/p>\n<p>&#8220;Ele est\u00e1 no direito dele. Ningu\u00e9m \u00e9 obrigado a continuar como ministro meu. Logicamente, ele est\u00e1 vendo uma cat\u00e1strofe. E \u00e9 verdade. Concordo com ele. Se n\u00f3s n\u00e3o aprovarmos uma reforma realmente muito pr\u00f3xima da que n\u00f3s enviamos para o Parlamento&#8221;, declarou <strong>Bolsonaro<\/strong> em viagem no nordeste.<\/p>\n<h2>Entrevista pol\u00eamica<\/h2>\n<p>O <strong>ministro da Economia\u00a0<\/strong>declarou na entrevista para a &#8220;Veja&#8221; que sairia do cargo caso o Congresso aprovasse uma \u201creforminha\u201d da <strong>Previd\u00eancia.<\/strong><\/p>\n<p><a href=\"https:\/\/www.suno.com.br\/noticias\/paulo-guedes-renuncia-previdencia-virar-reforminha\/\">Paulo Guedes afirma que renuncia se Previd\u00eancia virar &#8220;reforminha&#8221;, diz revista<\/a><\/p>\n<p>&#8220;Se s\u00f3 eu quero a reforma, vou embora para casa&#8221;, disse o ministro na entrevista, deixando claro que\u00a0n\u00e3o permanecer\u00e1 na pasta da <strong>Economia<\/strong> se a reforma n\u00e3o for aprovada.<\/p>\n<p>Entretanto, o ministro garantiu que n\u00e3o deixaria o cargo no dia seguinte a eventual aprova\u00e7\u00e3o de uma reforma da\u00a0<strong>Previd\u00eancia<\/strong> fraca. Isso porque ele se disse respons\u00e1vel e n\u00e3o inconsequente.<\/p>\n\t<p>\n\t\t<a href=\"https:\/\/lp.suno.com.br\/ebook-investindo-em-fiis\/\" target=\"_blank\" data-element=\"shortcode-suno-banner\" title=\"Banner SUNO, clique e saiba mais\">\n\t\t\t<picture>\n\t\t\t\t<source media=\"(max-width: 500px)\" srcset=\"https:\/\/files.sunoresearch.com.br\/n\/uploads\/2023\/03\/Ebook-Fundos-Imobiliarios-Mobile-1.jpg\">\n\t\t\t\t<img class=\"newsContent__article__imgCapa newsContent__article__imgCapa--banner\"\n\t\t\t\t\tsrc=\"https:\/\/files.sunoresearch.com.br\/n\/uploads\/2023\/03\/Ebook-Fundos-Imobiliarios-Desktop-1.jpg\"\n\t\t\t\t\tdata-promo-id=\"313843\"\t\t\t\t\t\t\t\t\t\twidth='1420' height='286'\t\t\t\t\talt=\"https:\/\/files.sunoresearch.com.br\/n\/uploads\/2023\/03\/Ebook-Fundos-Imobiliarios-Desktop-1.jpg\"\n\t\t\t\t>\n\t\t\t<\/picture>\n\t\t<\/a>\n\t<\/p>\n\n\n<p><strong>Guedes<\/strong> tamb\u00e9m alertou que o <strong>Brasil<\/strong> pode quebrar em 2020 caso a proposta do governo, com a economia estimada, n\u00e3o seja aprovada.\u00a0\u201cSe n\u00e3o fizermos a reforma, o Brasil pega fogo. Vai ser o caos no setor p\u00fablico, tanto no governo federal como nos Estados e munic\u00edpios&#8221;, disse ainda.<\/p>\n<p>Mais tarde, o ministro informou em nota que\u00a0mant\u00e9m compromisso com a retomada do crescimento econ\u00f4mico do Brasil. Guedes salientou que\u00a0\u201crecha\u00e7a qualquer hip\u00f3tese de que possa se afastar desse prop\u00f3sito\u201d.<\/p>\n\t<p>\n\t\t<a href=\"https:\/\/www.seculus.com.br\/blackfriday\" target=\"_blank\" data-element=\"shortcode-suno-banner\" title=\"Banner SUNO, clique e saiba mais\">\n\t\t\t<picture>\n\t\t\t\t<source media=\"(max-width: 500px)\" srcset=\"https:\/\/files.sunoresearch.com.br\/n\/uploads\/2023\/11\/seculus_suno_mobile_1.jpg\">\n\t\t\t\t<img class=\"newsContent__article__imgCapa newsContent__article__imgCapa--banner\"\n\t\t\t\t\tsrc=\"https:\/\/files.sunoresearch.com.br\/n\/uploads\/2023\/11\/seculus_suno_desktop_1.jpg\"\n\t\t\t\t\tdata-promo-id=\"474122\"\t\t\t\t\t\t\t\t\t\twidth='1420' height='240'\t\t\t\t\talt=\"https:\/\/files.sunoresearch.com.br\/n\/uploads\/2023\/11\/seculus_suno_desktop_1.jpg\"\n\t\t\t\t>\n\t\t\t<\/picture>\n\t\t<\/a>\n\t<\/p>\n\n\n<p>\u201cO <strong>Minist\u00e9rio da Economia<\/strong> reafirma o total compromisso do ministro <strong>Paulo Guedes<\/strong> com a retomada do crescimento econ\u00f4mico do pa\u00eds e recha\u00e7a qualquer hip\u00f3tese de que possa se afastar desse prop\u00f3sito\u201d, informou o comunicado.<\/p>\n<h2>Excelente di\u00e1logo com o Congresso<\/h2>\n<p>A nota informou que o Minist\u00e9rio da Economia \u201cmant\u00e9m um excelente di\u00e1logo\u201d com o Congresso. \u201cO <strong>Minist\u00e9rio da Economia<\/strong> reitera ainda sua absoluta confian\u00e7a no trabalho do <strong>Congresso Nacional,<\/strong> institui\u00e7\u00e3o com a qual mant\u00e9m excelente di\u00e1logo, para garantir a aprova\u00e7\u00e3o da Nova <strong>Previd\u00eancia<\/strong> com economia superior a R$ 1 trilh\u00e3o&#8221;, indica o documento.<\/p>\n\t<p>\n\t\t<a href=\"https:\/\/lp.suno.com.br\/4-emissao-snel11\/\" target=\"_blank\" data-element=\"shortcode-suno-banner\" title=\"Banner SUNO, clique e saiba mais\">\n\t\t\t<picture>\n\t\t\t\t<source media=\"(max-width: 500px)\" srcset=\"https:\/\/files.sunoresearch.com.br\/n\/uploads\/2025\/07\/400x300-Mobile-Artigos-7.webp\">\n\t\t\t\t<img class=\"newsContent__article__imgCapa newsContent__article__imgCapa--banner\"\n\t\t\t\t\tsrc=\"https:\/\/files.sunoresearch.com.br\/n\/uploads\/2025\/07\/1420x240-Banner-Artigos-1-_-Banner-Materias-5.webp\"\n\t\t\t\t\tdata-promo-id=\"364417\"\t\t\t\t\t\t\t\t\t\twidth='1420' height='240'\t\t\t\t\talt=\"https:\/\/files.sunoresearch.com.br\/n\/uploads\/2025\/07\/1420x240-Banner-Artigos-1-_-Banner-Materias-5.webp\"\n\t\t\t\t>\n\t\t\t<\/picture>\n\t\t<\/a>\n\t<\/p>\n\n\n<p>Guedes foi criticado durante suas audi\u00eancias nas comiss\u00f5es da <strong>C\u00e2mara dos Deputados<\/strong> e do <strong>Senado Federal.<\/strong> Em todas as ocasi\u00f5es o ministro acabou polemizando com parlamentares.<\/p>\n<h2>Declara\u00e7\u00f5es de Bolsonaro tamb\u00e9m provocaram incerteza<\/h2>\n<p>Al\u00e9m da fala do ministro, declara\u00e7\u00f5es feitas pelo presidente <strong>Jair Bolsonaro<\/strong> tamb\u00e9m geraram incerteza no mercado. O presidente da Rep\u00fablica declarou, durante uma visita a <strong>Pernambuco,<\/strong> que \u201cningu\u00e9m \u00e9 obrigado a ser ministro\u201d.<\/p>\n\t<p>\n\t\t<a href=\"https:\/\/lp.suno.com.br\/plataforma-de-controle-de-investimentos\/\" target=\"_blank\" data-element=\"shortcode-suno-banner\" title=\"Banner SUNO, clique e saiba mais\">\n\t\t\t<picture>\n\t\t\t\t<source media=\"(max-width: 500px)\" srcset=\"https:\/\/files.sunoresearch.com.br\/n\/uploads\/2023\/03\/400x300-Controle-de-Investimentos.png\">\n\t\t\t\t<img class=\"newsContent__article__imgCapa newsContent__article__imgCapa--banner\"\n\t\t\t\t\tsrc=\"https:\/\/files.sunoresearch.com.br\/n\/uploads\/2023\/03\/1420x240-Controle-de-Investimentos.png\"\n\t\t\t\t\tdata-promo-id=\"383162\"\t\t\t\t\t\t\t\t\t\twidth='1420' height='240'\t\t\t\t\talt=\"https:\/\/files.sunoresearch.com.br\/n\/uploads\/2023\/03\/1420x240-Controle-de-Investimentos.png\"\n\t\t\t\t>\n\t\t\t<\/picture>\n\t\t<\/a>\n\t<\/p>\n\n\n<p>\u201c\u00c9 um direito dele, ningu\u00e9m \u00e9 obrigado a continuar como ministro meu. Logicamente ele est\u00e1 vendo uma cat\u00e1strofe, \u00e9 verdade, eu concordo com ele, se n\u00f3s n\u00e3o aprovarmos algo realmente muito pr\u00f3ximo ao que enviamos no <strong>Parlamento<\/strong>. O que <strong>Paulo Guedes<\/strong> v\u00ea, e ele n\u00e3o \u00e9 nenhum vidente, nem precisa ser, para entender que o Brasil vai viver um caos econ\u00f4mico sem essa <strong>reforma<\/strong>\u201d, afirmou <strong>Bolsonaro,<\/strong> em Recife.<\/p>\n<p><a href=\"https:\/\/www.suno.com.br\/noticias\/previdencia-guedes-otimista-reforma\/\">Saiba Mais: Previd\u00eancia: Guedes se diz otimista com \u201cpot\u00eancia fiscal\u201d de reforma<\/a><\/p>\n<p>Essa n\u00e3o \u00e9 a primeira vez que o ministro anuncia sua inten\u00e7\u00e3o de deixar o cargo caso a <strong>reforma da Previd\u00eancia<\/strong> n\u00e3o seja aprovada. <strong>Guedes<\/strong> j\u00e1 tinha salientado, logo depois de assumir o cargo, que \u00e9 muito f\u00e1cil fazer algu\u00e9m desanimar em <strong>Bras\u00edlia.<\/strong> Em mar\u00e7o, durante uma audi\u00eancia no Senado, o ministro declarou novamente que, caso ningu\u00e9m quisesse as reformas, poderia ir embora porque \u201ctem uma vida fora daqui\u201d.<\/p>\n","protected":false},"excerpt":{"rendered":"<p>O presidente Jair Bolsonaro afirmou que seu &#8220;casamento&#8221; com o ministro da Economia, Paulo Guedes, est\u00e1 &#8220;mais forte do que nunca&#8221;. O mandat\u00e1rio negou\u00a0nesta sexta-feira (24) que haja atritos entre os dois. Bolsonaro: &#039;casamento&#039; com Paulo Guedes est\u00e1 &#039;mais forte que nunca&#039; Saiba mais: Em nota Guedes diz ter total compromisso com retomada de crescimento\u00a0 [&hellip;]<\/p>\n","protected":false},"author":9,"featured_media":20660,"comment_status":"closed","ping_status":"closed","sticky":false,"template":"","format":"standard","meta":[],"categories":[61],"tags":[719,909,796,940],"suno_strategy":[],"class_list":["post-25933","post","type-post","status-publish","format-standard","has-post-thumbnail","hentry","category-politica","tag-jair-bolsonaro","tag-ministerio-da-economia","tag-paulo-guedes","tag-reforma-da-previdencia"],"yoast_head":"<!-- This site is optimized with the Yoast SEO plugin v24.4 - https:\/\/yoast.com\/wordpress\/plugins\/seo\/ -->\n<title>Bolsonaro: &#039;casamento&#039; com Paulo Guedes est\u00e1 &#039;mais forte que nunca&#039;<\/title>\n<meta name=\"description\" content=\"O presidente Jair Bolsonaro afirmou que seu &quot;casamento&quot; com Paulo Guedes, est\u00e1 &quot;mais forte do que nunca&quot;. Clique aqui para saber mais.\" \/>\n<meta name=\"robots\" content=\"index, follow, max-snippet:-1, max-image-preview:large, max-video-preview:-1\" \/>\n<link rel=\"canonical\" href=\"https:\/\/www.suno.com.br\/noticias\/bolsonaro-casamento-paulo-guedes\/\" \/>\n<meta property=\"og:locale\" content=\"pt_BR\" \/>\n<meta property=\"og:type\" content=\"article\" \/>\n<meta property=\"og:title\" content=\"Bolsonaro: &#039;casamento&#039; com Paulo Guedes est\u00e1 &#039;mais forte que nunca&#039;\" \/>\n<meta property=\"og:description\" content=\"O presidente Jair Bolsonaro afirmou que seu &quot;casamento&quot; com Paulo Guedes, est\u00e1 &quot;mais forte do que nunca&quot;. Clique aqui para saber mais.\" \/>\n<meta property=\"og:url\" content=\"https:\/\/www.suno.com.br\/noticias\/bolsonaro-casamento-paulo-guedes\/\" \/>\n<meta property=\"og:site_name\" content=\"Suno Not\u00edcias\" \/>\n<meta property=\"article:publisher\" content=\"https:\/\/facebook.com\/sunoresearch\" \/>\n<meta property=\"og:image\" content=\"https:\/\/files.sunoresearch.com.br\/n\/uploads\/2019\/04\/e07c107d-banco-central.jpg\" \/>\n\t<meta property=\"og:image:width\" content=\"1140\" \/>\n\t<meta property=\"og:image:height\" content=\"760\" \/>\n\t<meta property=\"og:image:type\" content=\"image\/jpeg\" \/>\n<meta name=\"author\" content=\"Carlo Cauti\" \/>\n<meta name=\"twitter:card\" content=\"summary_large_image\" \/>\n<meta name=\"twitter:creator\" content=\"@sunoresearch\" \/>\n<meta name=\"twitter:site\" content=\"@sunoresearch\" \/>\n<meta name=\"twitter:label1\" content=\"Escrito por\" \/>\n\t<meta name=\"twitter:data1\" content=\"Carlo Cauti\" \/>\n\t<meta name=\"twitter:label2\" content=\"Est. tempo de leitura\" \/>\n\t<meta name=\"twitter:data2\" content=\"4 minutos\" \/>\n<script type=\"application\/ld+json\" class=\"yoast-schema-graph\">{\"@context\":\"https:\/\/schema.org\",\"@graph\":[{\"@type\":\"NewsArticle\",\"@id\":\"https:\/\/www.suno.com.br\/noticias\/bolsonaro-casamento-paulo-guedes\/#article\",\"isPartOf\":{\"@id\":\"https:\/\/www.suno.com.br\/noticias\/bolsonaro-casamento-paulo-guedes\/\"},\"author\":{\"name\":\"Carlo Cauti\",\"@id\":\"https:\/\/www.suno.com.br\/noticias\/#\/schema\/person\/e6e0f723cc177805027f4566c1d5e0c8\"},\"headline\":\"Bolsonaro: &#8216;casamento&#8217; com Paulo Guedes est\u00e1 &#8216;mais forte que nunca&#8217;\",\"datePublished\":\"2019-05-24T23:48:40+00:00\",\"mainEntityOfPage\":{\"@id\":\"https:\/\/www.suno.com.br\/noticias\/bolsonaro-casamento-paulo-guedes\/\"},\"wordCount\":814,\"publisher\":{\"@id\":\"https:\/\/www.suno.com.br\/noticias\/#organization\"},\"image\":{\"@id\":\"https:\/\/www.suno.com.br\/noticias\/bolsonaro-casamento-paulo-guedes\/#primaryimage\"},\"thumbnailUrl\":\"https:\/\/files.sunoresearch.com.br\/n\/uploads\/2019\/04\/e07c107d-banco-central-jpg.webp\",\"keywords\":[\"Jair Bolsonaro\",\"Minist\u00e9rio da Economia\",\"Paulo Guedes\",\"Reforma da Previd\u00eancia\"],\"articleSection\":[\"Pol\u00edtica\"],\"inLanguage\":\"pt-BR\"},{\"@type\":\"WebPage\",\"@id\":\"https:\/\/www.suno.com.br\/noticias\/bolsonaro-casamento-paulo-guedes\/\",\"url\":\"https:\/\/www.suno.com.br\/noticias\/bolsonaro-casamento-paulo-guedes\/\",\"name\":\"Bolsonaro: 'casamento' com Paulo Guedes est\u00e1 'mais forte que nunca'\",\"isPartOf\":{\"@id\":\"https:\/\/www.suno.com.br\/noticias\/#website\"},\"primaryImageOfPage\":{\"@id\":\"https:\/\/www.suno.com.br\/noticias\/bolsonaro-casamento-paulo-guedes\/#primaryimage\"},\"image\":{\"@id\":\"https:\/\/www.suno.com.br\/noticias\/bolsonaro-casamento-paulo-guedes\/#primaryimage\"},\"thumbnailUrl\":\"https:\/\/files.sunoresearch.com.br\/n\/uploads\/2019\/04\/e07c107d-banco-central-jpg.webp\",\"datePublished\":\"2019-05-24T23:48:40+00:00\",\"description\":\"O presidente Jair Bolsonaro afirmou que seu \\\"casamento\\\" com Paulo Guedes, est\u00e1 \\\"mais forte do que nunca\\\". Clique aqui para saber mais.\",\"breadcrumb\":{\"@id\":\"https:\/\/www.suno.com.br\/noticias\/bolsonaro-casamento-paulo-guedes\/#breadcrumb\"},\"inLanguage\":\"pt-BR\",\"potentialAction\":[{\"@type\":\"ReadAction\",\"target\":[\"https:\/\/www.suno.com.br\/noticias\/bolsonaro-casamento-paulo-guedes\/\"]}]},{\"@type\":\"ImageObject\",\"inLanguage\":\"pt-BR\",\"@id\":\"https:\/\/www.suno.com.br\/noticias\/bolsonaro-casamento-paulo-guedes\/#primaryimage\",\"url\":\"https:\/\/files.sunoresearch.com.br\/n\/uploads\/2019\/04\/e07c107d-banco-central-jpg.webp\",\"contentUrl\":\"https:\/\/files.sunoresearch.com.br\/n\/uploads\/2019\/04\/e07c107d-banco-central-jpg.webp\",\"width\":1140,\"height\":760,\"caption\":\"Bolsonaro: 'casamento' com Paulo Guedes est\u00e1 'mais forte que nunca'\"},{\"@type\":\"BreadcrumbList\",\"@id\":\"https:\/\/www.suno.com.br\/noticias\/bolsonaro-casamento-paulo-guedes\/#breadcrumb\",\"itemListElement\":[{\"@type\":\"ListItem\",\"position\":1,\"name\":\"Not\u00edcias\",\"item\":\"https:\/\/www.suno.com.br\/noticias\/\"},{\"@type\":\"ListItem\",\"position\":2,\"name\":\"Pol\u00edtica\",\"item\":\"https:\/\/www.suno.com.br\/noticias\/politica\/\"},{\"@type\":\"ListItem\",\"position\":3,\"name\":\"Bolsonaro: &#8216;casamento&#8217; com Paulo Guedes est\u00e1 &#8216;mais forte que nunca&#8217;\"}]},{\"@type\":\"WebSite\",\"@id\":\"https:\/\/www.suno.com.br\/noticias\/#website\",\"url\":\"https:\/\/www.suno.com.br\/noticias\/\",\"name\":\"Suno Not\u00edcias\",\"description\":\"Seu portal de informa\u00e7\u00e3o sobre o mundo dos investimentos\",\"publisher\":{\"@id\":\"https:\/\/www.suno.com.br\/noticias\/#organization\"},\"potentialAction\":[{\"@type\":\"SearchAction\",\"target\":{\"@type\":\"EntryPoint\",\"urlTemplate\":\"https:\/\/www.suno.com.br\/noticias\/?s={search_term_string}\"},\"query-input\":{\"@type\":\"PropertyValueSpecification\",\"valueRequired\":true,\"valueName\":\"search_term_string\"}}],\"inLanguage\":\"pt-BR\"},{\"@type\":\"Organization\",\"@id\":\"https:\/\/www.suno.com.br\/noticias\/#organization\",\"name\":\"Suno Not\u00edcias\",\"url\":\"https:\/\/www.suno.com.br\/noticias\/\",\"logo\":{\"@type\":\"ImageObject\",\"inLanguage\":\"pt-BR\",\"@id\":\"https:\/\/www.suno.com.br\/noticias\/#\/schema\/logo\/image\/\",\"url\":\"https:\/\/files.sunoresearch.com.br\/n\/uploads\/2021\/09\/suno-logo.png\",\"contentUrl\":\"https:\/\/files.sunoresearch.com.br\/n\/uploads\/2021\/09\/suno-logo.png\",\"width\":180,\"height\":180,\"caption\":\"Suno Not\u00edcias\"},\"image\":{\"@id\":\"https:\/\/www.suno.com.br\/noticias\/#\/schema\/logo\/image\/\"},\"sameAs\":[\"https:\/\/facebook.com\/sunoresearch\",\"https:\/\/x.com\/sunoresearch\",\"https:\/\/www.instagram.com\/suno\",\"https:\/\/www.linkedin.com\/company\/suno-research\/\",\"https:\/\/www.youtube.com\/c\/sunoresearch\"]},{\"@type\":\"Person\",\"@id\":\"https:\/\/www.suno.com.br\/noticias\/#\/schema\/person\/e6e0f723cc177805027f4566c1d5e0c8\",\"name\":\"Carlo Cauti\",\"image\":{\"@type\":\"ImageObject\",\"inLanguage\":\"pt-BR\",\"@id\":\"https:\/\/www.suno.com.br\/noticias\/#\/schema\/person\/image\/\",\"url\":\"https:\/\/secure.gravatar.com\/avatar\/3ada9e0bd164c23abd4792a9606d583c?s=96&r=g\",\"contentUrl\":\"https:\/\/secure.gravatar.com\/avatar\/3ada9e0bd164c23abd4792a9606d583c?s=96&r=g\",\"caption\":\"Carlo Cauti\"},\"description\":\"Editor multim\u00eddia do SUNO Not\u00edcias. Italiano, formado em Ci\u00eancias Pol\u00edticas pela universidade LUISS G. Carli de Roma e mestre cum laude em Rela\u00e7\u00f5es Internacionais, Jornalismo Internacional e de Guerra e em Economia Internacional. Concluiu tamb\u00e9m um MBA em Finan\u00e7as na B3. No Brasil, teve passagem por ve\u00edculos como Estad\u00e3o, Globo, Veja e EXAME. e nas ag\u00eancias de not\u00edcias italianas ANSA e NOVA.\",\"url\":\"https:\/\/www.suno.com.br\/noticias\/author\/carlo-cauti\/\"}]}<\/script>\n<!-- \/ Yoast SEO plugin. -->","yoast_head_json":{"title":"Bolsonaro: 'casamento' com Paulo Guedes est\u00e1 'mais forte que nunca'","description":"O presidente Jair Bolsonaro afirmou que seu \"casamento\" com Paulo Guedes, est\u00e1 \"mais forte do que nunca\". Clique aqui para saber mais.","robots":{"index":"index","follow":"follow","max-snippet":"max-snippet:-1","max-image-preview":"max-image-preview:large","max-video-preview":"max-video-preview:-1"},"canonical":"https:\/\/www.suno.com.br\/noticias\/bolsonaro-casamento-paulo-guedes\/","og_locale":"pt_BR","og_type":"article","og_title":"Bolsonaro: 'casamento' com Paulo Guedes est\u00e1 'mais forte que nunca'","og_description":"O presidente Jair Bolsonaro afirmou que seu \"casamento\" com Paulo Guedes, est\u00e1 \"mais forte do que nunca\". Clique aqui para saber mais.","og_url":"https:\/\/www.suno.com.br\/noticias\/bolsonaro-casamento-paulo-guedes\/","og_site_name":"Suno Not\u00edcias","article_publisher":"https:\/\/facebook.com\/sunoresearch","og_image":[{"width":1140,"height":760,"url":"https:\/\/files.sunoresearch.com.br\/n\/uploads\/2019\/04\/e07c107d-banco-central.jpg","type":"image\/jpeg"}],"author":"Carlo Cauti","twitter_card":"summary_large_image","twitter_creator":"@sunoresearch","twitter_site":"@sunoresearch","twitter_misc":{"Escrito por":"Carlo Cauti","Est. tempo de leitura":"4 minutos"},"schema":{"@context":"https:\/\/schema.org","@graph":[{"@type":"NewsArticle","@id":"https:\/\/www.suno.com.br\/noticias\/bolsonaro-casamento-paulo-guedes\/#article","isPartOf":{"@id":"https:\/\/www.suno.com.br\/noticias\/bolsonaro-casamento-paulo-guedes\/"},"author":{"name":"Carlo Cauti","@id":"https:\/\/www.suno.com.br\/noticias\/#\/schema\/person\/e6e0f723cc177805027f4566c1d5e0c8"},"headline":"Bolsonaro: &#8216;casamento&#8217; com Paulo Guedes est\u00e1 &#8216;mais forte que nunca&#8217;","datePublished":"2019-05-24T23:48:40+00:00","mainEntityOfPage":{"@id":"https:\/\/www.suno.com.br\/noticias\/bolsonaro-casamento-paulo-guedes\/"},"wordCount":814,"publisher":{"@id":"https:\/\/www.suno.com.br\/noticias\/#organization"},"image":{"@id":"https:\/\/www.suno.com.br\/noticias\/bolsonaro-casamento-paulo-guedes\/#primaryimage"},"thumbnailUrl":"https:\/\/files.sunoresearch.com.br\/n\/uploads\/2019\/04\/e07c107d-banco-central-jpg.webp","keywords":["Jair Bolsonaro","Minist\u00e9rio da Economia","Paulo Guedes","Reforma da Previd\u00eancia"],"articleSection":["Pol\u00edtica"],"inLanguage":"pt-BR"},{"@type":"WebPage","@id":"https:\/\/www.suno.com.br\/noticias\/bolsonaro-casamento-paulo-guedes\/","url":"https:\/\/www.suno.com.br\/noticias\/bolsonaro-casamento-paulo-guedes\/","name":"Bolsonaro: 'casamento' com Paulo Guedes est\u00e1 'mais forte que nunca'","isPartOf":{"@id":"https:\/\/www.suno.com.br\/noticias\/#website"},"primaryImageOfPage":{"@id":"https:\/\/www.suno.com.br\/noticias\/bolsonaro-casamento-paulo-guedes\/#primaryimage"},"image":{"@id":"https:\/\/www.suno.com.br\/noticias\/bolsonaro-casamento-paulo-guedes\/#primaryimage"},"thumbnailUrl":"https:\/\/files.sunoresearch.com.br\/n\/uploads\/2019\/04\/e07c107d-banco-central-jpg.webp","datePublished":"2019-05-24T23:48:40+00:00","description":"O presidente Jair Bolsonaro afirmou que seu \"casamento\" com Paulo Guedes, est\u00e1 \"mais forte do que nunca\". Clique aqui para saber mais.","breadcrumb":{"@id":"https:\/\/www.suno.com.br\/noticias\/bolsonaro-casamento-paulo-guedes\/#breadcrumb"},"inLanguage":"pt-BR","potentialAction":[{"@type":"ReadAction","target":["https:\/\/www.suno.com.br\/noticias\/bolsonaro-casamento-paulo-guedes\/"]}]},{"@type":"ImageObject","inLanguage":"pt-BR","@id":"https:\/\/www.suno.com.br\/noticias\/bolsonaro-casamento-paulo-guedes\/#primaryimage","url":"https:\/\/files.sunoresearch.com.br\/n\/uploads\/2019\/04\/e07c107d-banco-central-jpg.webp","contentUrl":"https:\/\/files.sunoresearch.com.br\/n\/uploads\/2019\/04\/e07c107d-banco-central-jpg.webp","width":1140,"height":760,"caption":"Bolsonaro: 'casamento' com Paulo Guedes est\u00e1 'mais forte que nunca'"},{"@type":"BreadcrumbList","@id":"https:\/\/www.suno.com.br\/noticias\/bolsonaro-casamento-paulo-guedes\/#breadcrumb","itemListElement":[{"@type":"ListItem","position":1,"name":"Not\u00edcias","item":"https:\/\/www.suno.com.br\/noticias\/"},{"@type":"ListItem","position":2,"name":"Pol\u00edtica","item":"https:\/\/www.suno.com.br\/noticias\/politica\/"},{"@type":"ListItem","position":3,"name":"Bolsonaro: &#8216;casamento&#8217; com Paulo Guedes est\u00e1 &#8216;mais forte que nunca&#8217;"}]},{"@type":"WebSite","@id":"https:\/\/www.suno.com.br\/noticias\/#website","url":"https:\/\/www.suno.com.br\/noticias\/","name":"Suno Not\u00edcias","description":"Seu portal de informa\u00e7\u00e3o sobre o mundo dos investimentos","publisher":{"@id":"https:\/\/www.suno.com.br\/noticias\/#organization"},"potentialAction":[{"@type":"SearchAction","target":{"@type":"EntryPoint","urlTemplate":"https:\/\/www.suno.com.br\/noticias\/?s={search_term_string}"},"query-input":{"@type":"PropertyValueSpecification","valueRequired":true,"valueName":"search_term_string"}}],"inLanguage":"pt-BR"},{"@type":"Organization","@id":"https:\/\/www.suno.com.br\/noticias\/#organization","name":"Suno Not\u00edcias","url":"https:\/\/www.suno.com.br\/noticias\/","logo":{"@type":"ImageObject","inLanguage":"pt-BR","@id":"https:\/\/www.suno.com.br\/noticias\/#\/schema\/logo\/image\/","url":"https:\/\/files.sunoresearch.com.br\/n\/uploads\/2021\/09\/suno-logo.png","contentUrl":"https:\/\/files.sunoresearch.com.br\/n\/uploads\/2021\/09\/suno-logo.png","width":180,"height":180,"caption":"Suno Not\u00edcias"},"image":{"@id":"https:\/\/www.suno.com.br\/noticias\/#\/schema\/logo\/image\/"},"sameAs":["https:\/\/facebook.com\/sunoresearch","https:\/\/x.com\/sunoresearch","https:\/\/www.instagram.com\/suno","https:\/\/www.linkedin.com\/company\/suno-research\/","https:\/\/www.youtube.com\/c\/sunoresearch"]},{"@type":"Person","@id":"https:\/\/www.suno.com.br\/noticias\/#\/schema\/person\/e6e0f723cc177805027f4566c1d5e0c8","name":"Carlo Cauti","image":{"@type":"ImageObject","inLanguage":"pt-BR","@id":"https:\/\/www.suno.com.br\/noticias\/#\/schema\/person\/image\/","url":"https:\/\/secure.gravatar.com\/avatar\/3ada9e0bd164c23abd4792a9606d583c?s=96&r=g","contentUrl":"https:\/\/secure.gravatar.com\/avatar\/3ada9e0bd164c23abd4792a9606d583c?s=96&r=g","caption":"Carlo Cauti"},"description":"Editor multim\u00eddia do SUNO Not\u00edcias. Italiano, formado em Ci\u00eancias Pol\u00edticas pela universidade LUISS G. Carli de Roma e mestre cum laude em Rela\u00e7\u00f5es Internacionais, Jornalismo Internacional e de Guerra e em Economia Internacional. Concluiu tamb\u00e9m um MBA em Finan\u00e7as na B3. No Brasil, teve passagem por ve\u00edculos como Estad\u00e3o, Globo, Veja e EXAME. e nas ag\u00eancias de not\u00edcias italianas ANSA e NOVA.","url":"https:\/\/www.suno.com.br\/noticias\/author\/carlo-cauti\/"}]}},"default_loop_html":"<div class=\"cardsPage__listCard__boxs\"><div class=\"cardsPage__listCard__boxs__img\"><a href=\"https:\/\/www.suno.com.br\/noticias\/bolsonaro-casamento-paulo-guedes\/\"><img class=\"mask\" src=\"https:\/\/www.suno.com.br\/noticias\/wp-content\/themes\/suno\/resources\/images\/spotlight\/spotlight1img\/bg-mask.png\" alt=\"Image Mask\"\/><img src=\"https:\/\/files.sunoresearch.com.br\/n\/uploads\/2019\/04\/e07c107d-banco-central-400x200.webp\" alt=\"Bolsonaro: &#8216;casamento&#8217; com Paulo Guedes est\u00e1 &#8216;mais forte que nunca&#8217;\"\/><\/a><span class=\"spotlightCategory\"><a href=\"https:\/\/www.suno.com.br\/noticias\/politica\/\">Pol\u00edtica<\/a><\/span><\/div><div class=\"cardsPage__listCard__boxs__content\"><a href=\"https:\/\/www.suno.com.br\/noticias\/bolsonaro-casamento-paulo-guedes\/\"><h2 class=\"content__title\">Bolsonaro: &#8216;casamento&#8217; com Paulo Guedes est\u00e1 &#8216;mais forte que nunca&#8217;<\/h2><\/a><div class=\"newsContent__article__meta\"><div class=\"newsContent__article__meta__authorBox\"><a href=\"https:\/\/www.suno.com.br\/noticias\/author\/carlo-cauti\/\" class=\"authorBox__avatar noMobi\"><img src=\"https:\/\/files.sunoresearch.com.br\/n\/uploads\/2020\/08\/e3745f9a-perfil-carlo-cauti-150x150.webp\" alt=\"Carlo Cauti\"><\/a><div class=\"authorBox__name\"><span>por\n\t\t\t<a href=\"https:\/\/www.suno.com.br\/noticias\/author\/carlo-cauti\/\"><span itemprop=\"author\">Carlo Cauti<\/span><\/a><\/span><time datetime=\"2019-05-24T20:48:40-03:00\" itemprop=\"datePublished\">24\/05\/2019 20:48<\/time><\/div><\/div><\/div><\/div><\/div>","single_layout":"posts","amp_enabled":true,"_links":{"self":[{"href":"https:\/\/www.suno.com.br\/noticias\/wp-json\/wp\/v2\/posts\/25933"}],"collection":[{"href":"https:\/\/www.suno.com.br\/noticias\/wp-json\/wp\/v2\/posts"}],"about":[{"href":"https:\/\/www.suno.com.br\/noticias\/wp-json\/wp\/v2\/types\/post"}],"author":[{"embeddable":true,"href":"https:\/\/www.suno.com.br\/noticias\/wp-json\/wp\/v2\/users\/9"}],"replies":[{"embeddable":true,"href":"https:\/\/www.suno.com.br\/noticias\/wp-json\/wp\/v2\/comments?post=25933"}],"version-history":[{"count":0,"href":"https:\/\/www.suno.com.br\/noticias\/wp-json\/wp\/v2\/posts\/25933\/revisions"}],"wp:featuredmedia":[{"embeddable":true,"href":"https:\/\/www.suno.com.br\/noticias\/wp-json\/wp\/v2\/media\/20660"}],"wp:attachment":[{"href":"https:\/\/www.suno.com.br\/noticias\/wp-json\/wp\/v2\/media?parent=25933"}],"wp:term":[{"taxonomy":"category","embeddable":true,"href":"https:\/\/www.suno.com.br\/noticias\/wp-json\/wp\/v2\/categories?post=25933"},{"taxonomy":"post_tag","embeddable":true,"href":"https:\/\/www.suno.com.br\/noticias\/wp-json\/wp\/v2\/tags?post=25933"},{"taxonomy":"suno_strategy","embeddable":true,"href":"https:\/\/www.suno.com.br\/noticias\/wp-json\/wp\/v2\/suno_strategy?post=25933"}],"curies":[{"name":"wp","href":"https:\/\/api.w.org\/{rel}","templated":true}]}}