{"id":25925,"date":"2019-05-24T20:51:07","date_gmt":"2019-05-24T23:51:07","guid":{"rendered":"https:\/\/www.suno.com.br\/noticias\/?p=25925"},"modified":"2019-05-24T20:51:07","modified_gmt":"2019-05-24T23:51:07","slug":"pib-diminui-crescimento-brasil","status":"publish","type":"post","link":"https:\/\/www.suno.com.br\/noticias\/pib-diminui-crescimento-brasil\/","title":{"rendered":"PIB: FMI diminui proje\u00e7\u00e3o de crescimento do Brasil para 2019"},"content":{"rendered":"<p>O FMI (Fundo Monet\u00e1rio Internacional) diminuiu a proje\u00e7\u00e3o de crescimento do Brasil para 2019. De acordo com o fundo, o Pa\u00eds dever\u00e1 crescer de 1% a 1,5%. Em abril, quando foi divulgado o \u00faltimo relat\u00f3rio, o FMI estimava um <a href=\"https:\/\/www.suno.com.br\/artigos\/o-produto-interno-bruto-pib\/\">PIB (Produto Interno Bruto)<\/a> de 2,5% a 2,1%.<\/p>\t<div class=\"wrapper-featured-image\">\n\t\t<figure class=\"spotlightImg\">\n\n\t\t\t<picture>\n\t\t\t\t<source media=\"(max-width: 768px)\" srcset=\"https:\/\/files.sunoresearch.com.br\/n\/uploads\/2018\/11\/5a039ecc-pib-400x200.webp\">\n\t\t\t\t<img loading=\"lazy\" decoding=\"async\" class=\"newsContent__article__imgCapa lazyloadDisabled newsContent__article__imgCapa--noCaption\" src=\"https:\/\/files.sunoresearch.com.br\/n\/uploads\/2018\/11\/5a039ecc-pib-800x450.webp\" width=\"800\" height=\"450\" alt=\"PIB: FMI diminui proje\u00e7\u00e3o de crescimento do Brasil para 2019\" fetchpriority=high \/>\n\t\t\t<\/picture>\n\n\t\t\t<figcaption class=\"wp-caption-text wp-caption-text--hide\">PIB<\/figcaption>\n\t\t<\/figure>\n\t<\/div>\n\n\n<p>Os economistas do <strong>FMI<\/strong> declararam que a economia brasileira est\u00e1 em recupera\u00e7\u00e3o lenta, principalmente por conta da demanda contida e da produtividade fraca. Os n\u00famero est\u00e3o de acordo com o <strong>Boletim Focus<\/strong> do <strong>Banco Central<\/strong>, que prev\u00ea um <strong>PIB<\/strong> de 1,24% para o Brasil em 2019.<\/p>\n\t<p>\n\t\t<a href=\"https:\/\/lp.suno.com.br\/ebook-investindo-em-fiis\/\" target=\"_blank\" data-element=\"shortcode-suno-banner\" title=\"Banner SUNO, clique e saiba mais\">\n\t\t\t<picture>\n\t\t\t\t<source media=\"(max-width: 500px)\" srcset=\"https:\/\/files.sunoresearch.com.br\/n\/uploads\/2023\/03\/Ebook-Fundos-Imobiliarios-Mobile-1.jpg\">\n\t\t\t\t<img class=\"newsContent__article__imgCapa newsContent__article__imgCapa--banner\"\n\t\t\t\t\tsrc=\"https:\/\/files.sunoresearch.com.br\/n\/uploads\/2023\/03\/Ebook-Fundos-Imobiliarios-Desktop-1.jpg\"\n\t\t\t\t\tdata-promo-id=\"313843\"\t\t\t\t\t\t\t\t\t\twidth='1420' height='286'\t\t\t\t\talt=\"https:\/\/files.sunoresearch.com.br\/n\/uploads\/2023\/03\/Ebook-Fundos-Imobiliarios-Desktop-1.jpg\"\n\t\t\t\t>\n\t\t\t<\/picture>\n\t\t<\/a>\n\t<\/p>\n\n\n<p>\u201cUma <strong>reforma da Previd\u00eancia<\/strong> robusta e medidas fiscais adicionais s\u00e3o necess\u00e1rias para colocar a d\u00edvida p\u00fablica em trajet\u00f3ria sustent\u00e1vel, impulsionando assim a confian\u00e7a do investidor\u201d, diz o texto.<\/p>\n<p><a href=\"https:\/\/www.suno.com.br\/noticias\/wp-admin\/post.php?post=25332&amp;action=edit\">Saiba mais:\u00a0OCDE reduz proje\u00e7\u00e3o do PIB do Brasil para 1,4%; cen\u00e1rio global tamb\u00e9m piora<\/a><\/p>\n<p>Al\u00e9m disso, os economistas do <strong>FMI<\/strong> aprovaram a\u00a0\u201cambiciosa agenda de reformas do <strong>governo<\/strong>&#8220;, que incluem as <strong>reformas da Previd\u00eancia<\/strong>, a reforma tribut\u00e1ria, os pacotes de privatiza\u00e7\u00e3o, a abertura comercial e a redu\u00e7\u00e3o do papel do governo na economia.\u201cEssas reformas s\u00e3o essenciais para impulsionar o crescimento potencial&#8221;, ressaltam os economistas.<\/p>\n<h2>Reforma da Previd\u00eancia<\/h2>\n<p>De acordo com o texto do <strong>FMI<\/strong>, a <strong>reforma da Previd\u00eancia<\/strong>\u00a0\u201c\u00e9 o passo crucial\u201d para \u201ccolocar a d\u00edvida p\u00fablica em uma trajet\u00f3ria sustent\u00e1vel, elevando, assim, a confian\u00e7a do investidor\u201d. O texto tamb\u00e9m afirma que o <strong>Congresso<\/strong> deve preservar a idade m\u00ednima e as al\u00edquotas de arrecada\u00e7\u00e3o previstas no texto encaminhado pelo <strong>governo<\/strong>.<\/p>\n<p><a href=\"https:\/\/www.suno.com.br\/noticias\/pib-fgv-2019-corte\/\">Saiba mais:\u00a0PIB: Governo diminui previs\u00e3o de 2,2% para 1,6% em 2019<\/a><\/p>\n<p>\u201cPara entregar o ajuste fiscal necess\u00e1rio, o <strong>Congresso<\/strong> deve preservar o aumento proposto nas idades de aposentadoria e diminuir os benef\u00edcios relativamente altos, sobretudo para funcion\u00e1rios p\u00fablicos\u201d, disse. Al\u00e9m disso, o\u00a0<strong>FMI<\/strong> ressaltou que\u00a0\u201cmedidas adicionais\u201d de impacto fiscal tamb\u00e9m s\u00e3o necess\u00e1rias\u00a0\u00a0\u201cpara cumprir o teto de gastos e estabilizar a d\u00edvida p\u00fablica.\u201d<\/p>\n\t<p>\n\t\t<a href=\"https:\/\/www.suno.com.br\/wealth\/\" target=\"_blank\" data-element=\"shortcode-suno-banner\" title=\"Banner SUNO, clique e saiba mais\">\n\t\t\t<picture>\n\t\t\t\t<source media=\"(max-width: 500px)\" srcset=\"https:\/\/files.sunoresearch.com.br\/n\/uploads\/2024\/01\/400x300-Mobile-WEALTH.png\">\n\t\t\t\t<img class=\"newsContent__article__imgCapa newsContent__article__imgCapa--banner\"\n\t\t\t\t\tsrc=\"https:\/\/files.sunoresearch.com.br\/n\/uploads\/2024\/01\/1420x240-Banner-Artigos-1-_-Banner-Materias-1-6.png\"\n\t\t\t\t\tdata-promo-id=\"512147\"\t\t\t\t\t\t\t\t\t\twidth='1420' height='240'\t\t\t\t\talt=\"https:\/\/files.sunoresearch.com.br\/n\/uploads\/2024\/01\/1420x240-Banner-Artigos-1-_-Banner-Materias-1-6.png\"\n\t\t\t\t>\n\t\t\t<\/picture>\n\t\t<\/a>\n\t<\/p>\n\n\n<h2>Redu\u00e7\u00e3o do PIB<\/h2>\n<p>A estimativa do <strong>FMI<\/strong> de redu\u00e7\u00e3o do <strong>PIB<\/strong> se junta a outras institui\u00e7\u00f5es, como a\u00a0<strong>Organiza\u00e7\u00e3o para Coopera\u00e7\u00e3o e Desenvolvimento Econ\u00f4mico (OCDE)<\/strong>, que diminuiu o crescimento de 1,9% para 1,4% e a ag\u00eancia de classifica\u00e7\u00e3o de risco Fitch, que cortou a estimativa de 2,1% para 1,5%.<\/p>\n<p>&nbsp;<\/p>\n","protected":false},"excerpt":{"rendered":"<p>O FMI (Fundo Monet\u00e1rio Internacional) diminuiu a proje\u00e7\u00e3o de crescimento do Brasil para 2019. De acordo com o fundo, o Pa\u00eds dever\u00e1 crescer de 1% a 1,5%. Em abril, quando foi divulgado o \u00faltimo relat\u00f3rio, o FMI estimava um PIB (Produto Interno Bruto) de 2,5% a 2,1%. PIB Os economistas do FMI declararam que a [&hellip;]<\/p>\n","protected":false},"author":14,"featured_media":6680,"comment_status":"closed","ping_status":"closed","sticky":false,"template":"","format":"standard","meta":[],"categories":[62],"tags":[901,806,962,807,940],"suno_strategy":[],"class_list":["post-25925","post","type-post","status-publish","format-standard","has-post-thumbnail","hentry","category-economia","tag-congresso-nacional","tag-fundo-monetario-internacional-fmi","tag-ocde","tag-produto-interno-bruto-pib","tag-reforma-da-previdencia"],"yoast_head":"<!-- This site is optimized with the Yoast SEO plugin v24.4 - https:\/\/yoast.com\/wordpress\/plugins\/seo\/ -->\n<title>PIB: FMI diminui proje\u00e7\u00e3o de crescimento do Brasil para 2019<\/title>\n<meta name=\"description\" content=\"Os n\u00famero est\u00e3o de acordo com o Boletim Focus do Banco Central, que prev\u00ea um PIB de 1,24%. Clique aqui para saber mais.\" \/>\n<meta name=\"robots\" content=\"index, follow, max-snippet:-1, max-image-preview:large, max-video-preview:-1\" \/>\n<link rel=\"canonical\" href=\"https:\/\/www.suno.com.br\/noticias\/pib-diminui-crescimento-brasil\/\" \/>\n<meta property=\"og:locale\" content=\"pt_BR\" \/>\n<meta property=\"og:type\" content=\"article\" \/>\n<meta property=\"og:title\" content=\"PIB: FMI diminui proje\u00e7\u00e3o de crescimento do Brasil para 2019\" \/>\n<meta property=\"og:description\" content=\"Os n\u00famero est\u00e3o de acordo com o Boletim Focus do Banco Central, que prev\u00ea um PIB de 1,24%. Clique aqui para saber mais.\" \/>\n<meta property=\"og:url\" content=\"https:\/\/www.suno.com.br\/noticias\/pib-diminui-crescimento-brasil\/\" \/>\n<meta property=\"og:site_name\" content=\"Suno Not\u00edcias\" \/>\n<meta property=\"article:publisher\" content=\"https:\/\/facebook.com\/sunoresearch\" \/>\n<meta property=\"og:image\" content=\"https:\/\/files.sunoresearch.com.br\/n\/uploads\/2018\/11\/5a039ecc-pib.jpeg\" \/>\n\t<meta property=\"og:image:width\" content=\"850\" \/>\n\t<meta property=\"og:image:height\" content=\"568\" \/>\n\t<meta property=\"og:image:type\" content=\"image\/jpeg\" \/>\n<meta name=\"author\" content=\"Renan Dantas\" \/>\n<meta name=\"twitter:card\" content=\"summary_large_image\" \/>\n<meta name=\"twitter:creator\" content=\"@sunoresearch\" \/>\n<meta name=\"twitter:site\" content=\"@sunoresearch\" \/>\n<meta name=\"twitter:label1\" content=\"Escrito por\" \/>\n\t<meta name=\"twitter:data1\" content=\"Renan Dantas\" \/>\n\t<meta name=\"twitter:label2\" content=\"Est. tempo de leitura\" \/>\n\t<meta name=\"twitter:data2\" content=\"2 minutos\" \/>\n<script type=\"application\/ld+json\" class=\"yoast-schema-graph\">{\"@context\":\"https:\/\/schema.org\",\"@graph\":[{\"@type\":\"NewsArticle\",\"@id\":\"https:\/\/www.suno.com.br\/noticias\/pib-diminui-crescimento-brasil\/#article\",\"isPartOf\":{\"@id\":\"https:\/\/www.suno.com.br\/noticias\/pib-diminui-crescimento-brasil\/\"},\"author\":{\"name\":\"Renan Dantas\",\"@id\":\"https:\/\/www.suno.com.br\/noticias\/#\/schema\/person\/3f7693d5795a3f6d5ce15309ee785699\"},\"headline\":\"PIB: FMI diminui proje\u00e7\u00e3o de crescimento do Brasil para 2019\",\"datePublished\":\"2019-05-24T23:51:07+00:00\",\"mainEntityOfPage\":{\"@id\":\"https:\/\/www.suno.com.br\/noticias\/pib-diminui-crescimento-brasil\/\"},\"wordCount\":412,\"publisher\":{\"@id\":\"https:\/\/www.suno.com.br\/noticias\/#organization\"},\"image\":{\"@id\":\"https:\/\/www.suno.com.br\/noticias\/pib-diminui-crescimento-brasil\/#primaryimage\"},\"thumbnailUrl\":\"https:\/\/files.sunoresearch.com.br\/n\/uploads\/2018\/11\/5a039ecc-pib-jpeg.webp\",\"keywords\":[\"Congresso Nacional\",\"Fundo Monet\u00e1rio Internacional (FMI)\",\"OCDE\",\"Produto Interno Bruto (PIB)\",\"Reforma da Previd\u00eancia\"],\"articleSection\":[\"Economia\"],\"inLanguage\":\"pt-BR\"},{\"@type\":\"WebPage\",\"@id\":\"https:\/\/www.suno.com.br\/noticias\/pib-diminui-crescimento-brasil\/\",\"url\":\"https:\/\/www.suno.com.br\/noticias\/pib-diminui-crescimento-brasil\/\",\"name\":\"PIB: FMI diminui proje\u00e7\u00e3o de crescimento do Brasil para 2019\",\"isPartOf\":{\"@id\":\"https:\/\/www.suno.com.br\/noticias\/#website\"},\"primaryImageOfPage\":{\"@id\":\"https:\/\/www.suno.com.br\/noticias\/pib-diminui-crescimento-brasil\/#primaryimage\"},\"image\":{\"@id\":\"https:\/\/www.suno.com.br\/noticias\/pib-diminui-crescimento-brasil\/#primaryimage\"},\"thumbnailUrl\":\"https:\/\/files.sunoresearch.com.br\/n\/uploads\/2018\/11\/5a039ecc-pib-jpeg.webp\",\"datePublished\":\"2019-05-24T23:51:07+00:00\",\"description\":\"Os n\u00famero est\u00e3o de acordo com o Boletim Focus do Banco Central, que prev\u00ea um PIB de 1,24%. Clique aqui para saber mais.\",\"breadcrumb\":{\"@id\":\"https:\/\/www.suno.com.br\/noticias\/pib-diminui-crescimento-brasil\/#breadcrumb\"},\"inLanguage\":\"pt-BR\",\"potentialAction\":[{\"@type\":\"ReadAction\",\"target\":[\"https:\/\/www.suno.com.br\/noticias\/pib-diminui-crescimento-brasil\/\"]}]},{\"@type\":\"ImageObject\",\"inLanguage\":\"pt-BR\",\"@id\":\"https:\/\/www.suno.com.br\/noticias\/pib-diminui-crescimento-brasil\/#primaryimage\",\"url\":\"https:\/\/files.sunoresearch.com.br\/n\/uploads\/2018\/11\/5a039ecc-pib-jpeg.webp\",\"contentUrl\":\"https:\/\/files.sunoresearch.com.br\/n\/uploads\/2018\/11\/5a039ecc-pib-jpeg.webp\",\"width\":850,\"height\":568,\"caption\":\"PIB\"},{\"@type\":\"BreadcrumbList\",\"@id\":\"https:\/\/www.suno.com.br\/noticias\/pib-diminui-crescimento-brasil\/#breadcrumb\",\"itemListElement\":[{\"@type\":\"ListItem\",\"position\":1,\"name\":\"Not\u00edcias\",\"item\":\"https:\/\/www.suno.com.br\/noticias\/\"},{\"@type\":\"ListItem\",\"position\":2,\"name\":\"Economia\",\"item\":\"https:\/\/www.suno.com.br\/noticias\/economia\/\"},{\"@type\":\"ListItem\",\"position\":3,\"name\":\"PIB: FMI diminui proje\u00e7\u00e3o de crescimento do Brasil para 2019\"}]},{\"@type\":\"WebSite\",\"@id\":\"https:\/\/www.suno.com.br\/noticias\/#website\",\"url\":\"https:\/\/www.suno.com.br\/noticias\/\",\"name\":\"Suno Not\u00edcias\",\"description\":\"Seu portal de informa\u00e7\u00e3o sobre o mundo dos investimentos\",\"publisher\":{\"@id\":\"https:\/\/www.suno.com.br\/noticias\/#organization\"},\"potentialAction\":[{\"@type\":\"SearchAction\",\"target\":{\"@type\":\"EntryPoint\",\"urlTemplate\":\"https:\/\/www.suno.com.br\/noticias\/?s={search_term_string}\"},\"query-input\":{\"@type\":\"PropertyValueSpecification\",\"valueRequired\":true,\"valueName\":\"search_term_string\"}}],\"inLanguage\":\"pt-BR\"},{\"@type\":\"Organization\",\"@id\":\"https:\/\/www.suno.com.br\/noticias\/#organization\",\"name\":\"Suno Not\u00edcias\",\"url\":\"https:\/\/www.suno.com.br\/noticias\/\",\"logo\":{\"@type\":\"ImageObject\",\"inLanguage\":\"pt-BR\",\"@id\":\"https:\/\/www.suno.com.br\/noticias\/#\/schema\/logo\/image\/\",\"url\":\"https:\/\/files.sunoresearch.com.br\/n\/uploads\/2021\/09\/suno-logo.png\",\"contentUrl\":\"https:\/\/files.sunoresearch.com.br\/n\/uploads\/2021\/09\/suno-logo.png\",\"width\":180,\"height\":180,\"caption\":\"Suno Not\u00edcias\"},\"image\":{\"@id\":\"https:\/\/www.suno.com.br\/noticias\/#\/schema\/logo\/image\/\"},\"sameAs\":[\"https:\/\/facebook.com\/sunoresearch\",\"https:\/\/x.com\/sunoresearch\",\"https:\/\/www.instagram.com\/suno\",\"https:\/\/www.linkedin.com\/company\/suno-research\/\",\"https:\/\/www.youtube.com\/c\/sunoresearch\"]},{\"@type\":\"Person\",\"@id\":\"https:\/\/www.suno.com.br\/noticias\/#\/schema\/person\/3f7693d5795a3f6d5ce15309ee785699\",\"name\":\"Renan Dantas\",\"image\":{\"@type\":\"ImageObject\",\"inLanguage\":\"pt-BR\",\"@id\":\"https:\/\/www.suno.com.br\/noticias\/#\/schema\/person\/image\/\",\"url\":\"https:\/\/secure.gravatar.com\/avatar\/1787b83e7484a08e51d62ac8b41c8396?s=96&r=g\",\"contentUrl\":\"https:\/\/secure.gravatar.com\/avatar\/1787b83e7484a08e51d62ac8b41c8396?s=96&r=g\",\"caption\":\"Renan Dantas\"},\"description\":\"Escreve sobre pol\u00edtica e mercado financeiro para o portal Suno Not\u00edcias. Antes, atuou na assessoria de comunica\u00e7\u00e3o do Minist\u00e9rio P\u00fablico do Trabalho e na R\u00e1dio Mackenzie, onde apresentava e produzia um programa sobre artistas da m\u00fasica brasileira. \u00c9 estudante na Universidade Presbiteriana Mackenzie.\",\"url\":\"https:\/\/www.suno.com.br\/noticias\/author\/renan-dantas\/\"}]}<\/script>\n<!-- \/ Yoast SEO plugin. -->","yoast_head_json":{"title":"PIB: FMI diminui proje\u00e7\u00e3o de crescimento do Brasil para 2019","description":"Os n\u00famero est\u00e3o de acordo com o Boletim Focus do Banco Central, que prev\u00ea um PIB de 1,24%. Clique aqui para saber mais.","robots":{"index":"index","follow":"follow","max-snippet":"max-snippet:-1","max-image-preview":"max-image-preview:large","max-video-preview":"max-video-preview:-1"},"canonical":"https:\/\/www.suno.com.br\/noticias\/pib-diminui-crescimento-brasil\/","og_locale":"pt_BR","og_type":"article","og_title":"PIB: FMI diminui proje\u00e7\u00e3o de crescimento do Brasil para 2019","og_description":"Os n\u00famero est\u00e3o de acordo com o Boletim Focus do Banco Central, que prev\u00ea um PIB de 1,24%. Clique aqui para saber mais.","og_url":"https:\/\/www.suno.com.br\/noticias\/pib-diminui-crescimento-brasil\/","og_site_name":"Suno Not\u00edcias","article_publisher":"https:\/\/facebook.com\/sunoresearch","og_image":[{"width":850,"height":568,"url":"https:\/\/files.sunoresearch.com.br\/n\/uploads\/2018\/11\/5a039ecc-pib.jpeg","type":"image\/jpeg"}],"author":"Renan Dantas","twitter_card":"summary_large_image","twitter_creator":"@sunoresearch","twitter_site":"@sunoresearch","twitter_misc":{"Escrito por":"Renan Dantas","Est. tempo de leitura":"2 minutos"},"schema":{"@context":"https:\/\/schema.org","@graph":[{"@type":"NewsArticle","@id":"https:\/\/www.suno.com.br\/noticias\/pib-diminui-crescimento-brasil\/#article","isPartOf":{"@id":"https:\/\/www.suno.com.br\/noticias\/pib-diminui-crescimento-brasil\/"},"author":{"name":"Renan Dantas","@id":"https:\/\/www.suno.com.br\/noticias\/#\/schema\/person\/3f7693d5795a3f6d5ce15309ee785699"},"headline":"PIB: FMI diminui proje\u00e7\u00e3o de crescimento do Brasil para 2019","datePublished":"2019-05-24T23:51:07+00:00","mainEntityOfPage":{"@id":"https:\/\/www.suno.com.br\/noticias\/pib-diminui-crescimento-brasil\/"},"wordCount":412,"publisher":{"@id":"https:\/\/www.suno.com.br\/noticias\/#organization"},"image":{"@id":"https:\/\/www.suno.com.br\/noticias\/pib-diminui-crescimento-brasil\/#primaryimage"},"thumbnailUrl":"https:\/\/files.sunoresearch.com.br\/n\/uploads\/2018\/11\/5a039ecc-pib-jpeg.webp","keywords":["Congresso Nacional","Fundo Monet\u00e1rio Internacional (FMI)","OCDE","Produto Interno Bruto (PIB)","Reforma da Previd\u00eancia"],"articleSection":["Economia"],"inLanguage":"pt-BR"},{"@type":"WebPage","@id":"https:\/\/www.suno.com.br\/noticias\/pib-diminui-crescimento-brasil\/","url":"https:\/\/www.suno.com.br\/noticias\/pib-diminui-crescimento-brasil\/","name":"PIB: FMI diminui proje\u00e7\u00e3o de crescimento do Brasil para 2019","isPartOf":{"@id":"https:\/\/www.suno.com.br\/noticias\/#website"},"primaryImageOfPage":{"@id":"https:\/\/www.suno.com.br\/noticias\/pib-diminui-crescimento-brasil\/#primaryimage"},"image":{"@id":"https:\/\/www.suno.com.br\/noticias\/pib-diminui-crescimento-brasil\/#primaryimage"},"thumbnailUrl":"https:\/\/files.sunoresearch.com.br\/n\/uploads\/2018\/11\/5a039ecc-pib-jpeg.webp","datePublished":"2019-05-24T23:51:07+00:00","description":"Os n\u00famero est\u00e3o de acordo com o Boletim Focus do Banco Central, que prev\u00ea um PIB de 1,24%. Clique aqui para saber mais.","breadcrumb":{"@id":"https:\/\/www.suno.com.br\/noticias\/pib-diminui-crescimento-brasil\/#breadcrumb"},"inLanguage":"pt-BR","potentialAction":[{"@type":"ReadAction","target":["https:\/\/www.suno.com.br\/noticias\/pib-diminui-crescimento-brasil\/"]}]},{"@type":"ImageObject","inLanguage":"pt-BR","@id":"https:\/\/www.suno.com.br\/noticias\/pib-diminui-crescimento-brasil\/#primaryimage","url":"https:\/\/files.sunoresearch.com.br\/n\/uploads\/2018\/11\/5a039ecc-pib-jpeg.webp","contentUrl":"https:\/\/files.sunoresearch.com.br\/n\/uploads\/2018\/11\/5a039ecc-pib-jpeg.webp","width":850,"height":568,"caption":"PIB"},{"@type":"BreadcrumbList","@id":"https:\/\/www.suno.com.br\/noticias\/pib-diminui-crescimento-brasil\/#breadcrumb","itemListElement":[{"@type":"ListItem","position":1,"name":"Not\u00edcias","item":"https:\/\/www.suno.com.br\/noticias\/"},{"@type":"ListItem","position":2,"name":"Economia","item":"https:\/\/www.suno.com.br\/noticias\/economia\/"},{"@type":"ListItem","position":3,"name":"PIB: FMI diminui proje\u00e7\u00e3o de crescimento do Brasil para 2019"}]},{"@type":"WebSite","@id":"https:\/\/www.suno.com.br\/noticias\/#website","url":"https:\/\/www.suno.com.br\/noticias\/","name":"Suno Not\u00edcias","description":"Seu portal de informa\u00e7\u00e3o sobre o mundo dos investimentos","publisher":{"@id":"https:\/\/www.suno.com.br\/noticias\/#organization"},"potentialAction":[{"@type":"SearchAction","target":{"@type":"EntryPoint","urlTemplate":"https:\/\/www.suno.com.br\/noticias\/?s={search_term_string}"},"query-input":{"@type":"PropertyValueSpecification","valueRequired":true,"valueName":"search_term_string"}}],"inLanguage":"pt-BR"},{"@type":"Organization","@id":"https:\/\/www.suno.com.br\/noticias\/#organization","name":"Suno Not\u00edcias","url":"https:\/\/www.suno.com.br\/noticias\/","logo":{"@type":"ImageObject","inLanguage":"pt-BR","@id":"https:\/\/www.suno.com.br\/noticias\/#\/schema\/logo\/image\/","url":"https:\/\/files.sunoresearch.com.br\/n\/uploads\/2021\/09\/suno-logo.png","contentUrl":"https:\/\/files.sunoresearch.com.br\/n\/uploads\/2021\/09\/suno-logo.png","width":180,"height":180,"caption":"Suno Not\u00edcias"},"image":{"@id":"https:\/\/www.suno.com.br\/noticias\/#\/schema\/logo\/image\/"},"sameAs":["https:\/\/facebook.com\/sunoresearch","https:\/\/x.com\/sunoresearch","https:\/\/www.instagram.com\/suno","https:\/\/www.linkedin.com\/company\/suno-research\/","https:\/\/www.youtube.com\/c\/sunoresearch"]},{"@type":"Person","@id":"https:\/\/www.suno.com.br\/noticias\/#\/schema\/person\/3f7693d5795a3f6d5ce15309ee785699","name":"Renan Dantas","image":{"@type":"ImageObject","inLanguage":"pt-BR","@id":"https:\/\/www.suno.com.br\/noticias\/#\/schema\/person\/image\/","url":"https:\/\/secure.gravatar.com\/avatar\/1787b83e7484a08e51d62ac8b41c8396?s=96&r=g","contentUrl":"https:\/\/secure.gravatar.com\/avatar\/1787b83e7484a08e51d62ac8b41c8396?s=96&r=g","caption":"Renan Dantas"},"description":"Escreve sobre pol\u00edtica e mercado financeiro para o portal Suno Not\u00edcias. Antes, atuou na assessoria de comunica\u00e7\u00e3o do Minist\u00e9rio P\u00fablico do Trabalho e na R\u00e1dio Mackenzie, onde apresentava e produzia um programa sobre artistas da m\u00fasica brasileira. \u00c9 estudante na Universidade Presbiteriana Mackenzie.","url":"https:\/\/www.suno.com.br\/noticias\/author\/renan-dantas\/"}]}},"default_loop_html":"<div class=\"cardsPage__listCard__boxs\"><div class=\"cardsPage__listCard__boxs__img\"><a href=\"https:\/\/www.suno.com.br\/noticias\/pib-diminui-crescimento-brasil\/\"><img class=\"mask\" src=\"https:\/\/www.suno.com.br\/noticias\/wp-content\/themes\/suno\/resources\/images\/spotlight\/spotlight1img\/bg-mask.png\" alt=\"Image Mask\"\/><img src=\"https:\/\/files.sunoresearch.com.br\/n\/uploads\/2018\/11\/5a039ecc-pib-400x200.webp\" alt=\"PIB: FMI diminui proje\u00e7\u00e3o de crescimento do Brasil para 2019\"\/><\/a><span class=\"spotlightCategory\"><a href=\"https:\/\/www.suno.com.br\/noticias\/economia\/\">Economia<\/a><\/span><\/div><div class=\"cardsPage__listCard__boxs__content\"><a href=\"https:\/\/www.suno.com.br\/noticias\/pib-diminui-crescimento-brasil\/\"><h2 class=\"content__title\">PIB: FMI diminui proje\u00e7\u00e3o de crescimento do Brasil para 2019<\/h2><\/a><div class=\"newsContent__article__meta\"><div class=\"newsContent__article__meta__authorBox\"><a href=\"https:\/\/www.suno.com.br\/noticias\/author\/renan-dantas\/\" class=\"authorBox__avatar noMobi\"><img src=\"https:\/\/secure.gravatar.com\/avatar\/1787b83e7484a08e51d62ac8b41c8396?s=96&#038;r=g\" alt=\"Renan Dantas\"><\/a><div class=\"authorBox__name\"><span>por\n\t\t\t<a href=\"https:\/\/www.suno.com.br\/noticias\/author\/renan-dantas\/\"><span itemprop=\"author\">Renan Dantas<\/span><\/a><\/span><time datetime=\"2019-05-24T20:51:07-03:00\" itemprop=\"datePublished\">24\/05\/2019 20:51<\/time><\/div><\/div><\/div><\/div><\/div>","single_layout":"posts","amp_enabled":true,"_links":{"self":[{"href":"https:\/\/www.suno.com.br\/noticias\/wp-json\/wp\/v2\/posts\/25925"}],"collection":[{"href":"https:\/\/www.suno.com.br\/noticias\/wp-json\/wp\/v2\/posts"}],"about":[{"href":"https:\/\/www.suno.com.br\/noticias\/wp-json\/wp\/v2\/types\/post"}],"author":[{"embeddable":true,"href":"https:\/\/www.suno.com.br\/noticias\/wp-json\/wp\/v2\/users\/14"}],"replies":[{"embeddable":true,"href":"https:\/\/www.suno.com.br\/noticias\/wp-json\/wp\/v2\/comments?post=25925"}],"version-history":[{"count":0,"href":"https:\/\/www.suno.com.br\/noticias\/wp-json\/wp\/v2\/posts\/25925\/revisions"}],"wp:featuredmedia":[{"embeddable":true,"href":"https:\/\/www.suno.com.br\/noticias\/wp-json\/wp\/v2\/media\/6680"}],"wp:attachment":[{"href":"https:\/\/www.suno.com.br\/noticias\/wp-json\/wp\/v2\/media?parent=25925"}],"wp:term":[{"taxonomy":"category","embeddable":true,"href":"https:\/\/www.suno.com.br\/noticias\/wp-json\/wp\/v2\/categories?post=25925"},{"taxonomy":"post_tag","embeddable":true,"href":"https:\/\/www.suno.com.br\/noticias\/wp-json\/wp\/v2\/tags?post=25925"},{"taxonomy":"suno_strategy","embeddable":true,"href":"https:\/\/www.suno.com.br\/noticias\/wp-json\/wp\/v2\/suno_strategy?post=25925"}],"curies":[{"name":"wp","href":"https:\/\/api.w.org\/{rel}","templated":true}]}}