{"id":25896,"date":"2019-05-24T15:23:39","date_gmt":"2019-05-24T18:23:39","guid":{"rendered":"https:\/\/www.suno.com.br\/noticias\/?p=25896"},"modified":"2019-05-24T15:23:39","modified_gmt":"2019-05-24T18:23:39","slug":"neoenergia-oferta-publica-secundaria","status":"publish","type":"post","link":"https:\/\/www.suno.com.br\/noticias\/neoenergia-oferta-publica-secundaria\/","title":{"rendered":"Neoenergia deve fazer oferta p\u00fablica secund\u00e1ria de a\u00e7\u00f5es em julho"},"content":{"rendered":"<p>A Neoenergia, segunda maior distribuidora de <strong>energia<\/strong> do Brasil, deve lan\u00e7ar uma <strong>oferta p\u00fablica secund\u00e1ria<\/strong> de a\u00e7\u00f5es na <strong><a href=\"https:\/\/www.suno.com.br\/artigos\/b3\/\">B3<\/a><\/strong> (Brasil, Bolsa, Balc\u00e3o)\u00a0&#8220;nos primeiros dias&#8221; de julho, segundo o\u00a0presidente da empresa Iberdrola, Ignacio Gal\u00e1n.<\/p>\t<div class=\"wrapper-featured-image\">\n\t\t<figure class=\"spotlightImg\">\n\n\t\t\t<picture>\n\t\t\t\t<source media=\"(max-width: 768px)\" srcset=\"https:\/\/files.sunoresearch.com.br\/n\/uploads\/2019\/05\/faea3d44-neoenergia-400x200.webp\">\n\t\t\t\t<img loading=\"lazy\" decoding=\"async\" class=\"newsContent__article__imgCapa lazyloadDisabled newsContent__article__imgCapa--noCaption\" src=\"https:\/\/files.sunoresearch.com.br\/n\/uploads\/2019\/05\/faea3d44-neoenergia-800x450.webp\" width=\"800\" height=\"450\" alt=\"Neoenergia deve fazer oferta p\u00fablica secund\u00e1ria de a\u00e7\u00f5es em julho\" fetchpriority=high \/>\n\t\t\t<\/picture>\n\n\t\t\t<figcaption class=\"wp-caption-text wp-caption-text--hide\">Neoenergia. (divulga\u00e7\u00e3o)<\/figcaption>\n\t\t<\/figure>\n\t<\/div>\n\n\n<p>A espanhola <strong>Iberdrola<\/strong> \u00e9 a controladora da <strong>Neoenergia<\/strong>, e atua nos segmentos de distribui\u00e7\u00e3o de <strong>g\u00e1s natural<\/strong> e na gera\u00e7\u00e3o e distribui\u00e7\u00e3o de <strong>energia el\u00e9trica<\/strong>. Por sua vez, a Neoenergia atua na <strong>distribui\u00e7\u00e3o de energia<\/strong> no Brasil, e entre as principais subsidi\u00e1rias est\u00e3o:<\/p>\n<ul>\n<li><span style=\"font-size: 1.21429rem;\">Elektro, que opera em S\u00e3o Paulo e no Mato Grosso do Sul;<\/span><\/li>\n<li><span style=\"font-size: 1.21429rem;\"> Coelba, que opera na Bahia;<\/span><\/li>\n<li><span style=\"font-size: 1.21429rem;\"> Celpe, que opera em Pernambuco<\/span><\/li>\n<li><span style=\"font-size: 1.21429rem;\"> e Cosern, que opera Rio Grande do Norte.<\/span><\/li>\n<\/ul>\n\t<p>\n\t\t<a href=\"https:\/\/simulador-aposentadoria.suno.com.br\/?utm_source=suno-noticias&#038;utm_medium=banner&#038;utm_content=como-investir-para-aposentadoria-carteira-go&#038;utm_campaign=_SNC36CE4E9F_\" target=\"_blank\" data-element=\"shortcode-suno-banner\" title=\"Banner SUNO, clique e saiba mais\">\n\t\t\t<picture>\n\t\t\t\t<source media=\"(max-width: 500px)\" srcset=\"https:\/\/files.sunoresearch.com.br\/n\/uploads\/2025\/11\/400x300.webp\">\n\t\t\t\t<img class=\"newsContent__article__imgCapa newsContent__article__imgCapa--banner\"\n\t\t\t\t\tsrc=\"https:\/\/files.sunoresearch.com.br\/n\/uploads\/2025\/11\/1420x240.webp\"\n\t\t\t\t\tdata-promo-id=\"631530\"\t\t\t\t\t\t\t\t\t\twidth='1420' height='240'\t\t\t\t\talt=\"https:\/\/files.sunoresearch.com.br\/n\/uploads\/2025\/11\/1420x240.webp\"\n\t\t\t\t>\n\t\t\t<\/picture>\n\t\t<\/a>\n\t<\/p>\n\n\n<p>Gal\u00e1n est\u00e1 em visita ao Brasil,\u00a0para a inaugura\u00e7\u00e3o de <strong>usina hidrel\u00e9trica<\/strong> de Baixo Igua\u00e7u, em Capanema, no <strong>Paran\u00e1<\/strong>. No evento, o executivo explicou que o cronograma prev\u00ea que &#8220;ao longo de todo o m\u00eas de junho ser\u00e3o feitos todos os &#8216;road shows&#8217; (apresenta\u00e7\u00f5es) e ser\u00e3o fixados os <strong>pre\u00e7os<\/strong> e todas as condi\u00e7\u00f5es&#8221;.<\/p>\n<p>A <strong>oferta p\u00fablica secund\u00e1ria<\/strong> de a\u00e7\u00f5es na <strong>Bolsa de Valores de S\u00e3o Paulo<\/strong> foi aprovada\u00a0no \u00faltimo dia 29 de abril. Os principais s\u00f3cios da empresa s\u00e3o:<\/p>\n<ul>\n<li><strong>Iberdrola<\/strong> com participa\u00e7\u00e3o de 52,45% (deve manter controle);<\/li>\n<li><strong> Banco do Brasil<\/strong> (BBAS3) com participa\u00e7\u00e3o de 9,34% (deve vender toda a fatia);<\/li>\n<li>e o <strong>Previ<\/strong> (Caixa de Previd\u00eancia dos Funcion\u00e1rios do Banco do Brasil) com participa\u00e7\u00e3o de\u00a038,21% (deve desfazer-se de parcela m\u00ednima).<\/li>\n<\/ul>\n<p>Foi solicitada a admiss\u00e3o para negocia\u00e7\u00e3o dos t\u00edtulos no segmento <a href=\"https:\/\/www.suno.com.br\/artigos\/novo-mercado\/\">Novo Mercado<\/a> da <strong>B3<\/strong>.<\/p>\n<p>A <strong>Neoenergia<\/strong> j\u00e1 tinha tentado estrear na <strong>Bolsa<\/strong> em 2017. Entretanto, na \u00e9poca, a <strong>precifica\u00e7\u00e3o<\/strong> ofertada pelos investidores n\u00e3o agradou aos acionistas brasileiros.<\/p>\n<p><a href=\"https:\/\/www.suno.com.br\/noticias\/banco-do-brasil-vender-neoenergia\/\">Saiba mais &#8211;\u00a0Banco do Brasil vai vender participa\u00e7\u00e3o da Neoenergia<\/a><\/p>\n<h2>Deb\u00eantures<\/h2>\n<p>A <strong>Iberdrola<\/strong> planeja uma oferta p\u00fablica de distribui\u00e7\u00e3o de R$ 1,25 bilh\u00e3o em deb\u00eantures. Segundo o economista da Suno Research, Tiago Reis, &#8220;as <a href=\"https:\/\/www.suno.com.br\/artigos\/o-que-sao-debentures\/\"><strong>deb\u00eantures<\/strong><\/a> s\u00e3o t\u00edtulos de d\u00edvida que uma <strong>Sociedade An\u00f4nima<\/strong> (S\/A) possui com um investidor&#8221;.<\/p>\n<p>Tal <strong>d\u00edvida<\/strong> que pode ser de m\u00e9dio ou longo prazo. Deste modo, o credor passa a ter direito de <strong>cr\u00e9dito<\/strong> com a companhia.<\/p>\n<p>A <strong>Neoenergia<\/strong> informou que ser\u00e3o emitidas e oferecidas, inicialmente, um total de 1,250 milh\u00e3o de <strong>deb\u00eantures<\/strong>. Cada uma precificada a R$ 1 mil. No entanto, poder\u00e1 haver disponibilidade de um lote adicional de de 250 mil deb\u00eantures. Desta forma, o total a ser arrecadado pode atingir R$ 1,5 bilh\u00e3o.<\/p>\n<p>As deb\u00eantures dever\u00e3o ser emitidas em suas s\u00e9ries:<\/p>\n<ol>\n<li>com vencimento em 10 anos (15 de junho de 2029);<\/li>\n<li>e com vencimento em 14 anos (15 de junho de 2033).<\/li>\n<\/ol>\n<p>Segundo a Neoenergia, trata-se da sexta emiss\u00e3o de deb\u00eantures para financiar as opera\u00e7\u00f5es brasileiras.<\/p>\n\t<p>\n\t\t<a href=\"https:\/\/lp.suno.com.br\/asset\/fundos\/suno-fiagro-snag11\/\" target=\"_blank\" data-element=\"shortcode-suno-banner\" title=\"Banner SUNO, clique e saiba mais\">\n\t\t\t<picture>\n\t\t\t\t<source media=\"(max-width: 500px)\" srcset=\"https:\/\/files.sunoresearch.com.br\/n\/uploads\/2024\/03\/400x300-Mobile-Artigos-1_SNAG.png\">\n\t\t\t\t<img class=\"newsContent__article__imgCapa newsContent__article__imgCapa--banner\"\n\t\t\t\t\tsrc=\"https:\/\/files.sunoresearch.com.br\/n\/uploads\/2024\/03\/1420x240-Banner-Artigos-1-_-Banner-Materias-1_SNAG.png\"\n\t\t\t\t\tdata-promo-id=\"364416\"\t\t\t\t\t\t\t\t\t\twidth='1420' height='240'\t\t\t\t\talt=\"https:\/\/files.sunoresearch.com.br\/n\/uploads\/2024\/03\/1420x240-Banner-Artigos-1-_-Banner-Materias-1_SNAG.png\"\n\t\t\t\t>\n\t\t\t<\/picture>\n\t\t<\/a>\n\t<\/p>\n\n\n<h2>Neoenergia inaugura usina hidrel\u00e9trica no Paran\u00e1<\/h2>\n<p>O grupo <strong>Neoenergia<\/strong> na \u00faltima quinta-feira (23)\u00a0a <strong>usina hidrel\u00e9trica<\/strong> do Baixo Igua\u00e7u, em Capanema (PR). A usina fica a 567 quil\u00f4metros da capital paranaense, Curitiba.<\/p>\n<p>O total de investimentos na usina hidrel\u00e9trica soma R$ 2,4 bilh\u00f5es. A capacidade de gera\u00e7\u00e3o \u00e9 de 350 megawatts (MW) de <strong>energia<\/strong>. Isto equivale a um potencial de abastecimento de 1 milh\u00e3o de moradias.<\/p>\n<p>A <strong>Neoenergia participa do Cons\u00f3rcio Empreendedor Baixo Igua\u00e7u<\/strong> (CEBI), em conjunto com a <strong>Companhia Paranaense de Energia<\/strong> (Copel).<\/p>\n<p><span style=\"font-size: 1.21429rem;\">Galan destacou no evento de inaugura\u00e7\u00e3o a import\u00e2ncia do Brasil para a companhia. Al\u00e9m disso, anunciou planos de <strong>investimentos<\/strong> de R$ 30 bilh\u00f5es nos pr\u00f3ximos anos.\u00a0<\/span><\/p>\n\t<p>\n\t\t<a href=\"https:\/\/lp.suno.com.br\/lm\/simulador-de-renda-passiva\/\" target=\"_blank\" data-element=\"shortcode-suno-banner\" title=\"Banner SUNO, clique e saiba mais\">\n\t\t\t<picture>\n\t\t\t\t<source media=\"(max-width: 500px)\" srcset=\"https:\/\/files.sunoresearch.com.br\/n\/uploads\/2024\/04\/Lead-Magnet-400x300-1.png\">\n\t\t\t\t<img class=\"newsContent__article__imgCapa newsContent__article__imgCapa--banner\"\n\t\t\t\t\tsrc=\"https:\/\/files.sunoresearch.com.br\/n\/uploads\/2024\/04\/Lead-Magnet-1420x240-1.png\"\n\t\t\t\t\tdata-promo-id=\"543552\"\t\t\t\t\t\t\t\t\t\twidth='1420' height='240'\t\t\t\t\talt=\"https:\/\/files.sunoresearch.com.br\/n\/uploads\/2024\/04\/Lead-Magnet-1420x240-1.png\"\n\t\t\t\t>\n\t\t\t<\/picture>\n\t\t<\/a>\n\t<\/p>\n\n\n<p>\u201cN\u00f3s temos um plano robusto de investimentos no Brasil. Estamos ampliando bastante a nossa rede de <strong>distribui\u00e7\u00e3o<\/strong> na Bahia\u201d, afirmou Galan.<\/p>\n<p>De acordo com o presidente-executivo da <strong>Iberdrola<\/strong>, a Neoenergia tem expectativas de expandir a sua participa\u00e7\u00e3o na gera\u00e7\u00e3o de <strong>energias renov\u00e1veis<\/strong>, por meio dos pr\u00f3ximos <strong>leil\u00f5es<\/strong> do setor.<\/p>\n<p>\u201cA demanda por energia na regi\u00e3o e no Sudeste cresce a uma m\u00e9dia de 5% ao ano. Isso significa novos investimentos. S\u00e3o novas ind\u00fastrias e o turismo demandando investimentos, como acontece na Bahia\u201d, explicou.<\/p>\n<p>\u201cN\u00f3s estamos aqui para reafirmar o nosso interesse com o desenvolvimento sustent\u00e1vel do pa\u00eds. Estamos a 22 anos gerando energia aqui, presentes em 18 estados\u201d, disse Gal\u00e1n, presidente-executivo da Iberdrola, que controla a <strong>Neoenergia<\/strong>.<\/p>\n","protected":false},"excerpt":{"rendered":"<p>A Neoenergia, segunda maior distribuidora de energia do Brasil, deve lan\u00e7ar uma oferta p\u00fablica secund\u00e1ria de a\u00e7\u00f5es na B3 (Brasil, Bolsa, Balc\u00e3o)\u00a0&#8220;nos primeiros dias&#8221; de julho, segundo o\u00a0presidente da empresa Iberdrola, Ignacio Gal\u00e1n. Neoenergia. (divulga\u00e7\u00e3o) A espanhola Iberdrola \u00e9 a controladora da Neoenergia, e atua nos segmentos de distribui\u00e7\u00e3o de g\u00e1s natural e na gera\u00e7\u00e3o [&hellip;]<\/p>\n","protected":false},"author":12,"featured_media":25899,"comment_status":"closed","ping_status":"closed","sticky":false,"template":"","format":"standard","meta":[],"categories":[64],"tags":[286,367,575],"suno_strategy":[],"class_list":["post-25896","post","type-post","status-publish","format-standard","has-post-thumbnail","hentry","category-negocios","tag-acoes","tag-b3-b3sa3","tag-neoenergia-neoe3"],"yoast_head":"<!-- This site is optimized with the Yoast SEO plugin v24.4 - https:\/\/yoast.com\/wordpress\/plugins\/seo\/ -->\n<title>Neoenergia deve fazer oferta p\u00fablica secund\u00e1ria de a\u00e7\u00f5es em julho<\/title>\n<meta name=\"description\" content=\"A Neoenergia planeja oferta p\u00fablica secund\u00e1ria de a\u00e7\u00f5es para julho de 2019. A empresa inaugurou usina no Paran\u00e1. Clique para saber mais.\" \/>\n<meta name=\"robots\" content=\"index, follow, max-snippet:-1, max-image-preview:large, max-video-preview:-1\" \/>\n<link rel=\"canonical\" href=\"https:\/\/www.suno.com.br\/noticias\/neoenergia-oferta-publica-secundaria\/\" \/>\n<meta property=\"og:locale\" content=\"pt_BR\" \/>\n<meta property=\"og:type\" content=\"article\" \/>\n<meta property=\"og:title\" content=\"Neoenergia deve fazer oferta p\u00fablica secund\u00e1ria de a\u00e7\u00f5es em julho\" \/>\n<meta property=\"og:description\" content=\"A Neoenergia planeja oferta p\u00fablica secund\u00e1ria de a\u00e7\u00f5es para julho de 2019. A empresa inaugurou usina no Paran\u00e1. Clique para saber mais.\" \/>\n<meta property=\"og:url\" content=\"https:\/\/www.suno.com.br\/noticias\/neoenergia-oferta-publica-secundaria\/\" \/>\n<meta property=\"og:site_name\" content=\"Suno Not\u00edcias\" \/>\n<meta property=\"article:publisher\" content=\"https:\/\/facebook.com\/sunoresearch\" \/>\n<meta property=\"og:image\" content=\"https:\/\/files.sunoresearch.com.br\/n\/uploads\/2019\/05\/faea3d44-neoenergia.jpg\" \/>\n\t<meta property=\"og:image:width\" content=\"960\" \/>\n\t<meta property=\"og:image:height\" content=\"638\" \/>\n\t<meta property=\"og:image:type\" content=\"image\/jpeg\" \/>\n<meta name=\"author\" content=\"Amanda Gushiken\" \/>\n<meta name=\"twitter:card\" content=\"summary_large_image\" \/>\n<meta name=\"twitter:creator\" content=\"@sunoresearch\" \/>\n<meta name=\"twitter:site\" content=\"@sunoresearch\" \/>\n<meta name=\"twitter:label1\" content=\"Escrito por\" \/>\n\t<meta name=\"twitter:data1\" content=\"Amanda Gushiken\" \/>\n\t<meta name=\"twitter:label2\" content=\"Est. tempo de leitura\" \/>\n\t<meta name=\"twitter:data2\" content=\"4 minutos\" \/>\n<script type=\"application\/ld+json\" class=\"yoast-schema-graph\">{\"@context\":\"https:\/\/schema.org\",\"@graph\":[{\"@type\":\"NewsArticle\",\"@id\":\"https:\/\/www.suno.com.br\/noticias\/neoenergia-oferta-publica-secundaria\/#article\",\"isPartOf\":{\"@id\":\"https:\/\/www.suno.com.br\/noticias\/neoenergia-oferta-publica-secundaria\/\"},\"author\":{\"name\":\"Amanda Gushiken\",\"@id\":\"https:\/\/www.suno.com.br\/noticias\/#\/schema\/person\/a5b06fa4e879d8e8e119c6ed3cd630d1\"},\"headline\":\"Neoenergia deve fazer oferta p\u00fablica secund\u00e1ria de a\u00e7\u00f5es em julho\",\"datePublished\":\"2019-05-24T18:23:39+00:00\",\"mainEntityOfPage\":{\"@id\":\"https:\/\/www.suno.com.br\/noticias\/neoenergia-oferta-publica-secundaria\/\"},\"wordCount\":751,\"publisher\":{\"@id\":\"https:\/\/www.suno.com.br\/noticias\/#organization\"},\"image\":{\"@id\":\"https:\/\/www.suno.com.br\/noticias\/neoenergia-oferta-publica-secundaria\/#primaryimage\"},\"thumbnailUrl\":\"https:\/\/files.sunoresearch.com.br\/n\/uploads\/2019\/05\/faea3d44-neoenergia-jpg.webp\",\"keywords\":[\"A\u00e7\u00f5es\",\"B3 (B3SA3)\",\"Neoenergia (NEOE3)\"],\"articleSection\":[\"Neg\u00f3cios\"],\"inLanguage\":\"pt-BR\"},{\"@type\":\"WebPage\",\"@id\":\"https:\/\/www.suno.com.br\/noticias\/neoenergia-oferta-publica-secundaria\/\",\"url\":\"https:\/\/www.suno.com.br\/noticias\/neoenergia-oferta-publica-secundaria\/\",\"name\":\"Neoenergia deve fazer oferta p\u00fablica secund\u00e1ria de a\u00e7\u00f5es em julho\",\"isPartOf\":{\"@id\":\"https:\/\/www.suno.com.br\/noticias\/#website\"},\"primaryImageOfPage\":{\"@id\":\"https:\/\/www.suno.com.br\/noticias\/neoenergia-oferta-publica-secundaria\/#primaryimage\"},\"image\":{\"@id\":\"https:\/\/www.suno.com.br\/noticias\/neoenergia-oferta-publica-secundaria\/#primaryimage\"},\"thumbnailUrl\":\"https:\/\/files.sunoresearch.com.br\/n\/uploads\/2019\/05\/faea3d44-neoenergia-jpg.webp\",\"datePublished\":\"2019-05-24T18:23:39+00:00\",\"description\":\"A Neoenergia planeja oferta p\u00fablica secund\u00e1ria de a\u00e7\u00f5es para julho de 2019. A empresa inaugurou usina no Paran\u00e1. Clique para saber mais.\",\"breadcrumb\":{\"@id\":\"https:\/\/www.suno.com.br\/noticias\/neoenergia-oferta-publica-secundaria\/#breadcrumb\"},\"inLanguage\":\"pt-BR\",\"potentialAction\":[{\"@type\":\"ReadAction\",\"target\":[\"https:\/\/www.suno.com.br\/noticias\/neoenergia-oferta-publica-secundaria\/\"]}]},{\"@type\":\"ImageObject\",\"inLanguage\":\"pt-BR\",\"@id\":\"https:\/\/www.suno.com.br\/noticias\/neoenergia-oferta-publica-secundaria\/#primaryimage\",\"url\":\"https:\/\/files.sunoresearch.com.br\/n\/uploads\/2019\/05\/faea3d44-neoenergia-jpg.webp\",\"contentUrl\":\"https:\/\/files.sunoresearch.com.br\/n\/uploads\/2019\/05\/faea3d44-neoenergia-jpg.webp\",\"width\":960,\"height\":638,\"caption\":\"Neoenergia. (divulga\u00e7\u00e3o)\"},{\"@type\":\"BreadcrumbList\",\"@id\":\"https:\/\/www.suno.com.br\/noticias\/neoenergia-oferta-publica-secundaria\/#breadcrumb\",\"itemListElement\":[{\"@type\":\"ListItem\",\"position\":1,\"name\":\"Not\u00edcias\",\"item\":\"https:\/\/www.suno.com.br\/noticias\/\"},{\"@type\":\"ListItem\",\"position\":2,\"name\":\"Neg\u00f3cios\",\"item\":\"https:\/\/www.suno.com.br\/noticias\/negocios\/\"},{\"@type\":\"ListItem\",\"position\":3,\"name\":\"Neoenergia deve fazer oferta p\u00fablica secund\u00e1ria de a\u00e7\u00f5es em julho\"}]},{\"@type\":\"WebSite\",\"@id\":\"https:\/\/www.suno.com.br\/noticias\/#website\",\"url\":\"https:\/\/www.suno.com.br\/noticias\/\",\"name\":\"Suno Not\u00edcias\",\"description\":\"Seu portal de informa\u00e7\u00e3o sobre o mundo dos investimentos\",\"publisher\":{\"@id\":\"https:\/\/www.suno.com.br\/noticias\/#organization\"},\"potentialAction\":[{\"@type\":\"SearchAction\",\"target\":{\"@type\":\"EntryPoint\",\"urlTemplate\":\"https:\/\/www.suno.com.br\/noticias\/?s={search_term_string}\"},\"query-input\":{\"@type\":\"PropertyValueSpecification\",\"valueRequired\":true,\"valueName\":\"search_term_string\"}}],\"inLanguage\":\"pt-BR\"},{\"@type\":\"Organization\",\"@id\":\"https:\/\/www.suno.com.br\/noticias\/#organization\",\"name\":\"Suno Not\u00edcias\",\"url\":\"https:\/\/www.suno.com.br\/noticias\/\",\"logo\":{\"@type\":\"ImageObject\",\"inLanguage\":\"pt-BR\",\"@id\":\"https:\/\/www.suno.com.br\/noticias\/#\/schema\/logo\/image\/\",\"url\":\"https:\/\/files.sunoresearch.com.br\/n\/uploads\/2021\/09\/suno-logo.png\",\"contentUrl\":\"https:\/\/files.sunoresearch.com.br\/n\/uploads\/2021\/09\/suno-logo.png\",\"width\":180,\"height\":180,\"caption\":\"Suno Not\u00edcias\"},\"image\":{\"@id\":\"https:\/\/www.suno.com.br\/noticias\/#\/schema\/logo\/image\/\"},\"sameAs\":[\"https:\/\/facebook.com\/sunoresearch\",\"https:\/\/x.com\/sunoresearch\",\"https:\/\/www.instagram.com\/suno\",\"https:\/\/www.linkedin.com\/company\/suno-research\/\",\"https:\/\/www.youtube.com\/c\/sunoresearch\"]},{\"@type\":\"Person\",\"@id\":\"https:\/\/www.suno.com.br\/noticias\/#\/schema\/person\/a5b06fa4e879d8e8e119c6ed3cd630d1\",\"name\":\"Amanda Gushiken\",\"image\":{\"@type\":\"ImageObject\",\"inLanguage\":\"pt-BR\",\"@id\":\"https:\/\/www.suno.com.br\/noticias\/#\/schema\/person\/image\/\",\"url\":\"https:\/\/secure.gravatar.com\/avatar\/ecd84705e6b65e3685ae80d725501fbe?s=96&r=g\",\"contentUrl\":\"https:\/\/secure.gravatar.com\/avatar\/ecd84705e6b65e3685ae80d725501fbe?s=96&r=g\",\"caption\":\"Amanda Gushiken\"},\"description\":\"Amanda Sayuri Gushiken escreve sobre finan\u00e7as e neg\u00f3cios para o portal Suno Not\u00edcias. Antes, trabalhou selecionando not\u00edcias da imprensa para clientes do mercado financeiro. Tamb\u00e9m desenvolveu pesquisa acad\u00eamica pela Universidade Anhembi Morumbi na \u00e1rea de Teorias da Comunica\u00e7\u00e3o e \u00e9 fot\u00f3grafa nas horas vagas.\",\"url\":\"https:\/\/www.suno.com.br\/noticias\/author\/amanda\/\"}]}<\/script>\n<!-- \/ Yoast SEO plugin. -->","yoast_head_json":{"title":"Neoenergia deve fazer oferta p\u00fablica secund\u00e1ria de a\u00e7\u00f5es em julho","description":"A Neoenergia planeja oferta p\u00fablica secund\u00e1ria de a\u00e7\u00f5es para julho de 2019. A empresa inaugurou usina no Paran\u00e1. Clique para saber mais.","robots":{"index":"index","follow":"follow","max-snippet":"max-snippet:-1","max-image-preview":"max-image-preview:large","max-video-preview":"max-video-preview:-1"},"canonical":"https:\/\/www.suno.com.br\/noticias\/neoenergia-oferta-publica-secundaria\/","og_locale":"pt_BR","og_type":"article","og_title":"Neoenergia deve fazer oferta p\u00fablica secund\u00e1ria de a\u00e7\u00f5es em julho","og_description":"A Neoenergia planeja oferta p\u00fablica secund\u00e1ria de a\u00e7\u00f5es para julho de 2019. A empresa inaugurou usina no Paran\u00e1. Clique para saber mais.","og_url":"https:\/\/www.suno.com.br\/noticias\/neoenergia-oferta-publica-secundaria\/","og_site_name":"Suno Not\u00edcias","article_publisher":"https:\/\/facebook.com\/sunoresearch","og_image":[{"width":960,"height":638,"url":"https:\/\/files.sunoresearch.com.br\/n\/uploads\/2019\/05\/faea3d44-neoenergia.jpg","type":"image\/jpeg"}],"author":"Amanda Gushiken","twitter_card":"summary_large_image","twitter_creator":"@sunoresearch","twitter_site":"@sunoresearch","twitter_misc":{"Escrito por":"Amanda Gushiken","Est. tempo de leitura":"4 minutos"},"schema":{"@context":"https:\/\/schema.org","@graph":[{"@type":"NewsArticle","@id":"https:\/\/www.suno.com.br\/noticias\/neoenergia-oferta-publica-secundaria\/#article","isPartOf":{"@id":"https:\/\/www.suno.com.br\/noticias\/neoenergia-oferta-publica-secundaria\/"},"author":{"name":"Amanda Gushiken","@id":"https:\/\/www.suno.com.br\/noticias\/#\/schema\/person\/a5b06fa4e879d8e8e119c6ed3cd630d1"},"headline":"Neoenergia deve fazer oferta p\u00fablica secund\u00e1ria de a\u00e7\u00f5es em julho","datePublished":"2019-05-24T18:23:39+00:00","mainEntityOfPage":{"@id":"https:\/\/www.suno.com.br\/noticias\/neoenergia-oferta-publica-secundaria\/"},"wordCount":751,"publisher":{"@id":"https:\/\/www.suno.com.br\/noticias\/#organization"},"image":{"@id":"https:\/\/www.suno.com.br\/noticias\/neoenergia-oferta-publica-secundaria\/#primaryimage"},"thumbnailUrl":"https:\/\/files.sunoresearch.com.br\/n\/uploads\/2019\/05\/faea3d44-neoenergia-jpg.webp","keywords":["A\u00e7\u00f5es","B3 (B3SA3)","Neoenergia (NEOE3)"],"articleSection":["Neg\u00f3cios"],"inLanguage":"pt-BR"},{"@type":"WebPage","@id":"https:\/\/www.suno.com.br\/noticias\/neoenergia-oferta-publica-secundaria\/","url":"https:\/\/www.suno.com.br\/noticias\/neoenergia-oferta-publica-secundaria\/","name":"Neoenergia deve fazer oferta p\u00fablica secund\u00e1ria de a\u00e7\u00f5es em julho","isPartOf":{"@id":"https:\/\/www.suno.com.br\/noticias\/#website"},"primaryImageOfPage":{"@id":"https:\/\/www.suno.com.br\/noticias\/neoenergia-oferta-publica-secundaria\/#primaryimage"},"image":{"@id":"https:\/\/www.suno.com.br\/noticias\/neoenergia-oferta-publica-secundaria\/#primaryimage"},"thumbnailUrl":"https:\/\/files.sunoresearch.com.br\/n\/uploads\/2019\/05\/faea3d44-neoenergia-jpg.webp","datePublished":"2019-05-24T18:23:39+00:00","description":"A Neoenergia planeja oferta p\u00fablica secund\u00e1ria de a\u00e7\u00f5es para julho de 2019. A empresa inaugurou usina no Paran\u00e1. Clique para saber mais.","breadcrumb":{"@id":"https:\/\/www.suno.com.br\/noticias\/neoenergia-oferta-publica-secundaria\/#breadcrumb"},"inLanguage":"pt-BR","potentialAction":[{"@type":"ReadAction","target":["https:\/\/www.suno.com.br\/noticias\/neoenergia-oferta-publica-secundaria\/"]}]},{"@type":"ImageObject","inLanguage":"pt-BR","@id":"https:\/\/www.suno.com.br\/noticias\/neoenergia-oferta-publica-secundaria\/#primaryimage","url":"https:\/\/files.sunoresearch.com.br\/n\/uploads\/2019\/05\/faea3d44-neoenergia-jpg.webp","contentUrl":"https:\/\/files.sunoresearch.com.br\/n\/uploads\/2019\/05\/faea3d44-neoenergia-jpg.webp","width":960,"height":638,"caption":"Neoenergia. (divulga\u00e7\u00e3o)"},{"@type":"BreadcrumbList","@id":"https:\/\/www.suno.com.br\/noticias\/neoenergia-oferta-publica-secundaria\/#breadcrumb","itemListElement":[{"@type":"ListItem","position":1,"name":"Not\u00edcias","item":"https:\/\/www.suno.com.br\/noticias\/"},{"@type":"ListItem","position":2,"name":"Neg\u00f3cios","item":"https:\/\/www.suno.com.br\/noticias\/negocios\/"},{"@type":"ListItem","position":3,"name":"Neoenergia deve fazer oferta p\u00fablica secund\u00e1ria de a\u00e7\u00f5es em julho"}]},{"@type":"WebSite","@id":"https:\/\/www.suno.com.br\/noticias\/#website","url":"https:\/\/www.suno.com.br\/noticias\/","name":"Suno Not\u00edcias","description":"Seu portal de informa\u00e7\u00e3o sobre o mundo dos investimentos","publisher":{"@id":"https:\/\/www.suno.com.br\/noticias\/#organization"},"potentialAction":[{"@type":"SearchAction","target":{"@type":"EntryPoint","urlTemplate":"https:\/\/www.suno.com.br\/noticias\/?s={search_term_string}"},"query-input":{"@type":"PropertyValueSpecification","valueRequired":true,"valueName":"search_term_string"}}],"inLanguage":"pt-BR"},{"@type":"Organization","@id":"https:\/\/www.suno.com.br\/noticias\/#organization","name":"Suno Not\u00edcias","url":"https:\/\/www.suno.com.br\/noticias\/","logo":{"@type":"ImageObject","inLanguage":"pt-BR","@id":"https:\/\/www.suno.com.br\/noticias\/#\/schema\/logo\/image\/","url":"https:\/\/files.sunoresearch.com.br\/n\/uploads\/2021\/09\/suno-logo.png","contentUrl":"https:\/\/files.sunoresearch.com.br\/n\/uploads\/2021\/09\/suno-logo.png","width":180,"height":180,"caption":"Suno Not\u00edcias"},"image":{"@id":"https:\/\/www.suno.com.br\/noticias\/#\/schema\/logo\/image\/"},"sameAs":["https:\/\/facebook.com\/sunoresearch","https:\/\/x.com\/sunoresearch","https:\/\/www.instagram.com\/suno","https:\/\/www.linkedin.com\/company\/suno-research\/","https:\/\/www.youtube.com\/c\/sunoresearch"]},{"@type":"Person","@id":"https:\/\/www.suno.com.br\/noticias\/#\/schema\/person\/a5b06fa4e879d8e8e119c6ed3cd630d1","name":"Amanda Gushiken","image":{"@type":"ImageObject","inLanguage":"pt-BR","@id":"https:\/\/www.suno.com.br\/noticias\/#\/schema\/person\/image\/","url":"https:\/\/secure.gravatar.com\/avatar\/ecd84705e6b65e3685ae80d725501fbe?s=96&r=g","contentUrl":"https:\/\/secure.gravatar.com\/avatar\/ecd84705e6b65e3685ae80d725501fbe?s=96&r=g","caption":"Amanda Gushiken"},"description":"Amanda Sayuri Gushiken escreve sobre finan\u00e7as e neg\u00f3cios para o portal Suno Not\u00edcias. Antes, trabalhou selecionando not\u00edcias da imprensa para clientes do mercado financeiro. Tamb\u00e9m desenvolveu pesquisa acad\u00eamica pela Universidade Anhembi Morumbi na \u00e1rea de Teorias da Comunica\u00e7\u00e3o e \u00e9 fot\u00f3grafa nas horas vagas.","url":"https:\/\/www.suno.com.br\/noticias\/author\/amanda\/"}]}},"default_loop_html":"<div class=\"cardsPage__listCard__boxs\"><div class=\"cardsPage__listCard__boxs__img\"><a href=\"https:\/\/www.suno.com.br\/noticias\/neoenergia-oferta-publica-secundaria\/\"><img class=\"mask\" src=\"https:\/\/www.suno.com.br\/noticias\/wp-content\/themes\/suno\/resources\/images\/spotlight\/spotlight1img\/bg-mask.png\" alt=\"Image Mask\"\/><img src=\"https:\/\/files.sunoresearch.com.br\/n\/uploads\/2019\/05\/faea3d44-neoenergia-400x200.webp\" alt=\"Neoenergia deve fazer oferta p\u00fablica secund\u00e1ria de a\u00e7\u00f5es em julho\"\/><\/a><span class=\"spotlightCategory\"><a href=\"https:\/\/www.suno.com.br\/noticias\/negocios\/\">Neg\u00f3cios<\/a><\/span><\/div><div class=\"cardsPage__listCard__boxs__content\"><a href=\"https:\/\/www.suno.com.br\/noticias\/neoenergia-oferta-publica-secundaria\/\"><h2 class=\"content__title\">Neoenergia deve fazer oferta p\u00fablica secund\u00e1ria de a\u00e7\u00f5es em julho<\/h2><\/a><div class=\"newsContent__article__meta\"><div class=\"newsContent__article__meta__authorBox\"><a href=\"https:\/\/www.suno.com.br\/noticias\/author\/amanda\/\" class=\"authorBox__avatar noMobi\"><img src=\"https:\/\/files.sunoresearch.com.br\/n\/uploads\/2018\/11\/c6ad30be-amanda-150x150.webp\" alt=\"Amanda Gushiken\"><\/a><div class=\"authorBox__name\"><span>por\n\t\t\t<a href=\"https:\/\/www.suno.com.br\/noticias\/author\/amanda\/\"><span itemprop=\"author\">Amanda Gushiken<\/span><\/a><\/span><time datetime=\"2019-05-24T15:23:39-03:00\" itemprop=\"datePublished\">24\/05\/2019 15:23<\/time><\/div><\/div><\/div><\/div><\/div>","single_layout":"posts","amp_enabled":true,"_links":{"self":[{"href":"https:\/\/www.suno.com.br\/noticias\/wp-json\/wp\/v2\/posts\/25896"}],"collection":[{"href":"https:\/\/www.suno.com.br\/noticias\/wp-json\/wp\/v2\/posts"}],"about":[{"href":"https:\/\/www.suno.com.br\/noticias\/wp-json\/wp\/v2\/types\/post"}],"author":[{"embeddable":true,"href":"https:\/\/www.suno.com.br\/noticias\/wp-json\/wp\/v2\/users\/12"}],"replies":[{"embeddable":true,"href":"https:\/\/www.suno.com.br\/noticias\/wp-json\/wp\/v2\/comments?post=25896"}],"version-history":[{"count":0,"href":"https:\/\/www.suno.com.br\/noticias\/wp-json\/wp\/v2\/posts\/25896\/revisions"}],"wp:featuredmedia":[{"embeddable":true,"href":"https:\/\/www.suno.com.br\/noticias\/wp-json\/wp\/v2\/media\/25899"}],"wp:attachment":[{"href":"https:\/\/www.suno.com.br\/noticias\/wp-json\/wp\/v2\/media?parent=25896"}],"wp:term":[{"taxonomy":"category","embeddable":true,"href":"https:\/\/www.suno.com.br\/noticias\/wp-json\/wp\/v2\/categories?post=25896"},{"taxonomy":"post_tag","embeddable":true,"href":"https:\/\/www.suno.com.br\/noticias\/wp-json\/wp\/v2\/tags?post=25896"},{"taxonomy":"suno_strategy","embeddable":true,"href":"https:\/\/www.suno.com.br\/noticias\/wp-json\/wp\/v2\/suno_strategy?post=25896"}],"curies":[{"name":"wp","href":"https:\/\/api.w.org\/{rel}","templated":true}]}}