{"id":25880,"date":"2019-05-24T14:01:12","date_gmt":"2019-05-24T17:01:12","guid":{"rendered":"https:\/\/www.suno.com.br\/noticias\/?p=25880"},"modified":"2021-02-17T22:32:30","modified_gmt":"2021-02-18T01:32:30","slug":"minha-casa-minha-vida-aluguel","status":"publish","type":"post","link":"https:\/\/www.suno.com.br\/noticias\/minha-casa-minha-vida-aluguel\/","title":{"rendered":"Novo Minha Casa, Minha Vida prev\u00ea aluguel ao inv\u00e9s de financiamento"},"content":{"rendered":"<p>O ministro do Desenvolvimento Regional, Gustavo Canuto, afirmou que o novo programa\u00a0Minha Casa, Minha Vida os benefici\u00e1rios das <strong>classes mais baixas<\/strong> ter\u00e3o de alugar <strong>im\u00f3veis<\/strong> do governo, ao inv\u00e9s de realizarem um financiamento para aquisi\u00e7\u00e3o da casa pr\u00f3pria. As informa\u00e7\u00f5es s\u00e3o do &#8220;Estado de S. Paulo&#8221;.<\/p>\t<div class=\"wrapper-featured-image\">\n\t\t<figure class=\"spotlightImg\">\n\n\t\t\t<picture>\n\t\t\t\t<source media=\"(max-width: 768px)\" srcset=\"https:\/\/files.sunoresearch.com.br\/n\/uploads\/2018\/09\/d80b4eda-16302_minha_casa_minha_vida_ribeira_130814_foto_a.baeta_229-1024x640-400x200.webp\">\n\t\t\t\t<img loading=\"lazy\" decoding=\"async\" class=\"newsContent__article__imgCapa lazyloadDisabled newsContent__article__imgCapa--noCaption\" src=\"https:\/\/files.sunoresearch.com.br\/n\/uploads\/2018\/09\/d80b4eda-16302_minha_casa_minha_vida_ribeira_130814_foto_a.baeta_229-1024x640-800x450.webp\" width=\"800\" height=\"450\" alt=\"Novo Minha Casa, Minha Vida prev\u00ea aluguel ao inv\u00e9s de financiamento\" fetchpriority=high \/>\n\t\t\t<\/picture>\n\n\t\t\t<figcaption class=\"wp-caption-text wp-caption-text--hide\">O substituto do Minha Casa Minha Vida (MCMV), o Casa Verde Amarela, deve ser lan\u00e7ado nessa ter\u00e7a-feira (25). <\/figcaption>\n\t\t<\/figure>\n\t<\/div>\n\n\n<p>Ainda de acordo com o ministro, a atualiza\u00e7\u00e3o do programa <strong>Minha Casa, Minha Vida<\/strong> deve ser anunciado pelo governo do presidente Jair Bolsonaro (PSL) no in\u00edcio de <strong>julho<\/strong>.<\/p>\n\t<p>\n\t\t<a href=\"https:\/\/lp.suno.com.br\/asset\/fundos\/suno-fic-fia\/\" target=\"_blank\" data-element=\"shortcode-suno-banner\" title=\"Banner SUNO, clique e saiba mais\">\n\t\t\t<picture>\n\t\t\t\t<source media=\"(max-width: 500px)\" srcset=\"https:\/\/files.sunoresearch.com.br\/n\/uploads\/2023\/10\/SUNO-FIC-FIA-400x300-Mobile-Artigos-5-v3.png\">\n\t\t\t\t<img class=\"newsContent__article__imgCapa newsContent__article__imgCapa--banner\"\n\t\t\t\t\tsrc=\"https:\/\/files.sunoresearch.com.br\/n\/uploads\/2023\/10\/SUNO-FIC-FIA-1420x240-Banner-Artigos-1-_-Banner-Materias-4-v3-png.webp\"\n\t\t\t\t\tdata-promo-id=\"478744\"\t\t\t\t\t\t\t\t\t\twidth='2560' height='433'\t\t\t\t\talt=\"https:\/\/files.sunoresearch.com.br\/n\/uploads\/2023\/10\/SUNO-FIC-FIA-1420x240-Banner-Artigos-1-_-Banner-Materias-4-v3-png.webp\"\n\t\t\t\t>\n\t\t\t<\/picture>\n\t\t<\/a>\n\t<\/p>\n\n\n<p>Confira a divis\u00e3o das faixas do programa <strong>Minha Casa, Minha Vida<\/strong> de acordo com a renda mensal das fam\u00edlias:<\/p>\n<ul>\n<li><strong>Faixa 1:<\/strong> renda de at\u00e9 R$ 1,8 mil.<\/li>\n<li><strong>Faixa 1,5:<\/strong> renda de at\u00e9 R$ 2,6 mil.<\/li>\n<li><strong>Faixa 2:<\/strong> renda de at\u00e9 R$ 4 mil.<\/li>\n<li><strong>Faixa 3:<\/strong> renda de at\u00e9 R$ 9 mil.<\/li>\n<\/ul>\n<p>De acordo com Canuto, na faixa 1 foi identificada a maioria das <strong>falhas<\/strong> do programa. Para os benefici\u00e1rios de maior renda, o governo entra com mais <strong>subs\u00eddios<\/strong> para a aquisi\u00e7\u00e3o do im\u00f3vel. O Estado pode cobrir at\u00e9 90% do valor do <strong>im\u00f3vel<\/strong>.<\/p>\n<p>Uma novidade para o programa \u00e9 a forma como o governo ir\u00e1 subsidiar a constru\u00e7\u00e3o dos empreendimentos.\u00a0A proposta do <strong>Minist\u00e9rio do Desenvolvimento Regional<\/strong> (MDR) \u00e9 que terrenos e im\u00f3veis que perten\u00e7am \u00e0s <strong>prefeituras<\/strong>, <strong>Estados<\/strong> e <strong>Uni\u00e3o<\/strong> sejam doados para construtoras.<\/p>\n<p>Tais construtoras dever\u00e3o se comprometer a erguer condom\u00ednios do programa.<\/p>\n<p><a href=\"https:\/\/www.suno.com.br\/noticias\/bancos-retomada-imoveis-inadimplencia-solucao-ativos\/\">Saiba mais &#8211;\u00a0Bancos retomam mais im\u00f3veis em 2018 e buscam solu\u00e7\u00e3o para os ativos<\/a><\/p>\n<h2>Venda irregular de im\u00f3veis acarreta estudo sobre aluguel<\/h2>\n<p>Conforme o <strong>MDR<\/strong>, um dos principais desafios do programa Minha Casa, Minha Vida, \u00e9 a <strong>comercializa\u00e7\u00e3o irregular<\/strong> de im\u00f3veis.<\/p>\n<p>Indiv\u00edduos, geralmente da faixa 1, com parcelas que variam entre R$ 80 e R$ 270, n\u00e3o conseguem arcar com as parcelas do <strong>financiamento<\/strong>. Desta forma, vendem as casas para terceiros, na tentativa de conseguir equilibrar as contas. Contudo, esses cidad\u00e3os retornam \u00e0 condi\u00e7\u00e3o de <strong>vulnerabilidade<\/strong> social.<\/p>\n<p>Desta forma, a &#8220;<strong>loca\u00e7\u00e3o social<\/strong>&#8221; estudada pelo minist\u00e9rio surge como resposta \u00e0 tal falha. Afinal, a fam\u00edlia poder\u00e1 morar na casa com o pagamento do aluguel, mas n\u00e3o ter\u00e1 direito de posse do im\u00f3vel. O <strong>condom\u00ednio<\/strong> e as unidades que o comp\u00f5em ser\u00e3o pertencentes ao governo.<\/p>\n<p>\u201cVoc\u00ea presta o servi\u00e7o de <strong>moradia<\/strong>, coloca um valor de <strong>aluguel<\/strong> compat\u00edvel com as condi\u00e7\u00f5es familiares, mesmo que ele seja muito baixo, mas n\u00e3o ser\u00e1 esse recurso que vai financiar o im\u00f3vel e manter a administra\u00e7\u00e3o do <strong>condom\u00ednio<\/strong>\u201d, afirmou Canuto ao jornal.<\/p>\n\t<p>\n\t\t<a href=\"https:\/\/lp.suno.com.br\/pv\/sr-premium\/trial-1-real\/\" target=\"_blank\" data-element=\"shortcode-suno-banner\" title=\"Banner SUNO, clique e saiba mais\">\n\t\t\t<picture>\n\t\t\t\t<source media=\"(max-width: 500px)\" srcset=\"https:\/\/files.sunoresearch.com.br\/n\/uploads\/2024\/04\/400x300-Banner-Home-2.png\">\n\t\t\t\t<img class=\"newsContent__article__imgCapa newsContent__article__imgCapa--banner\"\n\t\t\t\t\tsrc=\"https:\/\/files.sunoresearch.com.br\/n\/uploads\/2024\/04\/1420x240-Banner-Home-2.png\"\n\t\t\t\t\tdata-promo-id=\"541556\"\t\t\t\t\t\t\t\t\t\twidth='1420' height='240'\t\t\t\t\talt=\"https:\/\/files.sunoresearch.com.br\/n\/uploads\/2024\/04\/1420x240-Banner-Home-2.png\"\n\t\t\t\t>\n\t\t\t<\/picture>\n\t\t<\/a>\n\t<\/p>\n\n\n<h2>Crit\u00e9rios para loca\u00e7\u00e3o social do Minha Casa, Minha Vida<\/h2>\n<p>O benefici\u00e1rio ter\u00e1 que atender a outros crit\u00e9rios al\u00e9m da faixa de <strong>renda<\/strong>, para obter o direito \u00e0 <strong>loca\u00e7\u00e3o social<\/strong>.<\/p>\n<p>Os indiv\u00edduos ter\u00e3o de participar de a\u00e7\u00f5es sociais promovidas pelo governo, como <strong>programas de capacita\u00e7\u00e3o<\/strong>. Desta forma, o minist\u00e9rio aposta que a faixa 1 deve vir a se tornar uma modalidade de &#8220;transi\u00e7\u00e3o&#8221;.<\/p>\n<p>Baseada em um programa habitacional franc\u00eas, a Pasta acredita que com a participa\u00e7\u00e3o nas <strong>a\u00e7\u00f5es sociais<\/strong>, as fam\u00edlias poder\u00e3o aumentar a renda e passarem de faixa, para ent\u00e3o conseguir um <strong>financiamento imobili\u00e1rio<\/strong>.<\/p>\n<p>\u201cQuando \u00e0s pessoas \u00e9 dada a chance para que se capacitem, com o tempo elas buscam melhorar de vida, \u00e9 o caminho natural\u201d, argumenta Canuto.<\/p>\n<p>Referente ao prazo m\u00e1ximo para a perman\u00eancia da fam\u00edlia no im\u00f3vel alugado, Canuto declarou que, \u201cem um caso ou outro\u201d, poder\u00e1 haver um limite.<\/p>\n<p><a href=\"https:\/\/www.suno.com.br\/noticias\/governo-substituir-minha-casa-minha-vida\/\">Saiba mais &#8211;\u00a0Governo prepara programa para substituir o \u2018Minha Casa, Minha Vida\u2019<\/a><\/p>\n<h2>Exce\u00e7\u00f5es para financiamento na faixa 1<\/h2>\n<p>Haver\u00e3o exce\u00e7\u00f5es para as fam\u00edlias que desejem financiar um <strong>im\u00f3vel<\/strong> e sejam pertencentes \u00e0 faixa 1:<\/p>\n<ul>\n<li>quando a fam\u00edlia for removida de \u00e1rea de risco;<\/li>\n<li>quando a fam\u00edlia for v\u00edtima de calamidade;<\/li>\n<li>e\u00a0quando a fam\u00edlia for reacomodada \u00e0 alguma obra do governo.<\/li>\n<\/ul>\n<p>\u201cEntendemos que, nesses casos, h\u00e1 necessidade de usar a faixa 1 da forma como conhecemos hoje: o governo constr\u00f3i o im\u00f3vel e repassa a propriedade para aquela pessoa que foi selecionada de forma especial. A prioridade aqui, em muitos casos, ser\u00e1 a preserva\u00e7\u00e3o da vida\u201d, explicou o ministro.<\/p>\n\t<p>\n\t\t<a href=\"https:\/\/lp.suno.com.br\/planilha-controle-gastos\/\" target=\"_blank\" data-element=\"shortcode-suno-banner\" title=\"Banner SUNO, clique e saiba mais\">\n\t\t\t<picture>\n\t\t\t\t<source media=\"(max-width: 500px)\" srcset=\"https:\/\/files.sunoresearch.com.br\/n\/uploads\/2023\/03\/400x300-Planilha-controle-de-gastos.png\">\n\t\t\t\t<img class=\"newsContent__article__imgCapa newsContent__article__imgCapa--banner\"\n\t\t\t\t\tsrc=\"https:\/\/files.sunoresearch.com.br\/n\/uploads\/2023\/03\/1420x240-Planilha-controle-de-gastos.png\"\n\t\t\t\t\tdata-promo-id=\"311945\"\t\t\t\t\t\t\t\t\t\twidth='1420' height='240'\t\t\t\t\talt=\"https:\/\/files.sunoresearch.com.br\/n\/uploads\/2023\/03\/1420x240-Planilha-controle-de-gastos.png\"\n\t\t\t\t>\n\t\t\t<\/picture>\n\t\t<\/a>\n\t<\/p>\n\n\n<h2>Faixas 1,5 a 3\u00a0do Minha Casa, Minha Vida<\/h2>\n<p>Na faixa 1,5, Canuto aponta que o problema a ser resolvido \u00e9 o risco de inadimpl\u00eancia, com a consequente tomada de casas pela <strong>Caixa Econ\u00f4mica Federal<\/strong> (CEF).<\/p>\n<p>\u201cVimos que h\u00e1 fam\u00edlias que se programam para pagar a presta\u00e7\u00e3o, mas n\u00e3o para bancar outros custos, como <strong>\u00e1gua<\/strong> e <strong>luz<\/strong> e acabam n\u00e3o conseguindo pagar as parcelas\u201d, contou o ministro.<\/p>\n<p>Desta forma, poder\u00e3o haver regras mais duras para obter o direito ao <strong>financiamento<\/strong> da <strong>casa pr\u00f3pria<\/strong>.<\/p>\n<p>Para as faixas 2 e 3 n\u00e3o est\u00e3o previstas mudan\u00e7as, pelo menos em um primeiro momento. A faixa 2 \u00e9 a mais exitosa, sendo a linha que mais entregou unidades e atraiu construtoras.<\/p>\n<p>\u201cDas faixas do <strong>Minha Casa, Minha Vida<\/strong>, essa \u00e9 a mais exitosa, n\u00e3o s\u00f3 pelos n\u00fameros absolutos, mas porque inadimpl\u00eancia \u00e9 muito baixa, a qualidade dos conjuntos \u00e9 muito bom. As falhas que identificamos s\u00e3o m\u00ednimas e n\u00e3o mudaremos. Est\u00e1 rodando bem\u201d, opinou Canuto.<\/p>\n","protected":false},"excerpt":{"rendered":"<p>O ministro do Desenvolvimento Regional, Gustavo Canuto, afirmou que o novo programa\u00a0Minha Casa, Minha Vida os benefici\u00e1rios das classes mais baixas ter\u00e3o de alugar im\u00f3veis do governo, ao inv\u00e9s de realizarem um financiamento para aquisi\u00e7\u00e3o da casa pr\u00f3pria. As informa\u00e7\u00f5es s\u00e3o do &#8220;Estado de S. Paulo&#8221;. O substituto do Minha Casa Minha Vida (MCMV), o [&hellip;]<\/p>\n","protected":false},"author":12,"featured_media":4105,"comment_status":"closed","ping_status":"closed","sticky":false,"template":"","format":"standard","meta":[],"categories":[66],"tags":[1199,719],"suno_strategy":[],"class_list":["post-25880","post","type-post","status-publish","format-standard","has-post-thumbnail","hentry","category-fiis","tag-caixa-economica-federal-cef","tag-jair-bolsonaro"],"yoast_head":"<!-- This site is optimized with the Yoast SEO plugin v24.4 - https:\/\/yoast.com\/wordpress\/plugins\/seo\/ -->\n<title>Novo Minha Casa, Minha Vida prev\u00ea aluguel ao inv\u00e9s de financiamento<\/title>\n<meta name=\"description\" content=\"Novo Minha Casa, Minha Vida pretende retirar financiamento para faixa 1, e permitir a loca\u00e7\u00e3o de im\u00f3veis no lugar. Clique para saber mais.\" \/>\n<meta name=\"robots\" content=\"index, follow, max-snippet:-1, max-image-preview:large, max-video-preview:-1\" \/>\n<link rel=\"canonical\" href=\"https:\/\/www.suno.com.br\/noticias\/minha-casa-minha-vida-aluguel\/\" \/>\n<meta property=\"og:locale\" content=\"pt_BR\" \/>\n<meta property=\"og:type\" content=\"article\" \/>\n<meta property=\"og:title\" content=\"Novo Minha Casa, Minha Vida prev\u00ea aluguel ao inv\u00e9s de financiamento\" \/>\n<meta property=\"og:description\" content=\"Novo Minha Casa, Minha Vida pretende retirar financiamento para faixa 1, e permitir a loca\u00e7\u00e3o de im\u00f3veis no lugar. Clique para saber mais.\" \/>\n<meta property=\"og:url\" content=\"https:\/\/www.suno.com.br\/noticias\/minha-casa-minha-vida-aluguel\/\" \/>\n<meta property=\"og:site_name\" content=\"Suno Not\u00edcias\" \/>\n<meta property=\"article:publisher\" content=\"https:\/\/facebook.com\/sunoresearch\" \/>\n<meta property=\"og:image\" content=\"https:\/\/files.sunoresearch.com.br\/n\/uploads\/2018\/09\/d80b4eda-16302_minha_casa_minha_vida_ribeira_130814_foto_a.baeta_229-1024x640.jpg\" \/>\n\t<meta property=\"og:image:width\" content=\"1024\" \/>\n\t<meta property=\"og:image:height\" content=\"640\" \/>\n\t<meta property=\"og:image:type\" content=\"image\/jpeg\" \/>\n<meta name=\"author\" content=\"Amanda Gushiken\" \/>\n<meta name=\"twitter:card\" content=\"summary_large_image\" \/>\n<meta name=\"twitter:creator\" content=\"@sunoresearch\" \/>\n<meta name=\"twitter:site\" content=\"@sunoresearch\" \/>\n<meta name=\"twitter:label1\" content=\"Escrito por\" \/>\n\t<meta name=\"twitter:data1\" content=\"Amanda Gushiken\" \/>\n\t<meta name=\"twitter:label2\" content=\"Est. tempo de leitura\" \/>\n\t<meta name=\"twitter:data2\" content=\"4 minutos\" \/>\n<script type=\"application\/ld+json\" class=\"yoast-schema-graph\">{\"@context\":\"https:\/\/schema.org\",\"@graph\":[{\"@type\":\"NewsArticle\",\"@id\":\"https:\/\/www.suno.com.br\/noticias\/minha-casa-minha-vida-aluguel\/#article\",\"isPartOf\":{\"@id\":\"https:\/\/www.suno.com.br\/noticias\/minha-casa-minha-vida-aluguel\/\"},\"author\":{\"name\":\"Amanda Gushiken\",\"@id\":\"https:\/\/www.suno.com.br\/noticias\/#\/schema\/person\/a5b06fa4e879d8e8e119c6ed3cd630d1\"},\"headline\":\"Novo Minha Casa, Minha Vida prev\u00ea aluguel ao inv\u00e9s de financiamento\",\"datePublished\":\"2019-05-24T17:01:12+00:00\",\"dateModified\":\"2021-02-18T01:32:30+00:00\",\"mainEntityOfPage\":{\"@id\":\"https:\/\/www.suno.com.br\/noticias\/minha-casa-minha-vida-aluguel\/\"},\"wordCount\":890,\"publisher\":{\"@id\":\"https:\/\/www.suno.com.br\/noticias\/#organization\"},\"image\":{\"@id\":\"https:\/\/www.suno.com.br\/noticias\/minha-casa-minha-vida-aluguel\/#primaryimage\"},\"thumbnailUrl\":\"https:\/\/files.sunoresearch.com.br\/n\/uploads\/2018\/09\/d80b4eda-16302_minha_casa_minha_vida_ribeira_130814_foto_a.baeta_229-1024x640-jpg.webp\",\"keywords\":[\"Caixa Econ\u00f4mica Federal (CEF)\",\"Jair Bolsonaro\"],\"articleSection\":[\"FIIs\"],\"inLanguage\":\"pt-BR\"},{\"@type\":\"WebPage\",\"@id\":\"https:\/\/www.suno.com.br\/noticias\/minha-casa-minha-vida-aluguel\/\",\"url\":\"https:\/\/www.suno.com.br\/noticias\/minha-casa-minha-vida-aluguel\/\",\"name\":\"Novo Minha Casa, Minha Vida prev\u00ea aluguel ao inv\u00e9s de financiamento\",\"isPartOf\":{\"@id\":\"https:\/\/www.suno.com.br\/noticias\/#website\"},\"primaryImageOfPage\":{\"@id\":\"https:\/\/www.suno.com.br\/noticias\/minha-casa-minha-vida-aluguel\/#primaryimage\"},\"image\":{\"@id\":\"https:\/\/www.suno.com.br\/noticias\/minha-casa-minha-vida-aluguel\/#primaryimage\"},\"thumbnailUrl\":\"https:\/\/files.sunoresearch.com.br\/n\/uploads\/2018\/09\/d80b4eda-16302_minha_casa_minha_vida_ribeira_130814_foto_a.baeta_229-1024x640-jpg.webp\",\"datePublished\":\"2019-05-24T17:01:12+00:00\",\"dateModified\":\"2021-02-18T01:32:30+00:00\",\"description\":\"Novo Minha Casa, Minha Vida pretende retirar financiamento para faixa 1, e permitir a loca\u00e7\u00e3o de im\u00f3veis no lugar. Clique para saber mais.\",\"breadcrumb\":{\"@id\":\"https:\/\/www.suno.com.br\/noticias\/minha-casa-minha-vida-aluguel\/#breadcrumb\"},\"inLanguage\":\"pt-BR\",\"potentialAction\":[{\"@type\":\"ReadAction\",\"target\":[\"https:\/\/www.suno.com.br\/noticias\/minha-casa-minha-vida-aluguel\/\"]}]},{\"@type\":\"ImageObject\",\"inLanguage\":\"pt-BR\",\"@id\":\"https:\/\/www.suno.com.br\/noticias\/minha-casa-minha-vida-aluguel\/#primaryimage\",\"url\":\"https:\/\/files.sunoresearch.com.br\/n\/uploads\/2018\/09\/d80b4eda-16302_minha_casa_minha_vida_ribeira_130814_foto_a.baeta_229-1024x640-jpg.webp\",\"contentUrl\":\"https:\/\/files.sunoresearch.com.br\/n\/uploads\/2018\/09\/d80b4eda-16302_minha_casa_minha_vida_ribeira_130814_foto_a.baeta_229-1024x640-jpg.webp\",\"width\":1024,\"height\":640,\"caption\":\"O substituto do Minha Casa Minha Vida (MCMV), o Casa Verde Amarela, deve ser lan\u00e7ado nessa ter\u00e7a-feira (25).\"},{\"@type\":\"BreadcrumbList\",\"@id\":\"https:\/\/www.suno.com.br\/noticias\/minha-casa-minha-vida-aluguel\/#breadcrumb\",\"itemListElement\":[{\"@type\":\"ListItem\",\"position\":1,\"name\":\"Not\u00edcias\",\"item\":\"https:\/\/www.suno.com.br\/noticias\/\"},{\"@type\":\"ListItem\",\"position\":2,\"name\":\"FIIs\",\"item\":\"https:\/\/www.suno.com.br\/noticias\/fiis\/\"},{\"@type\":\"ListItem\",\"position\":3,\"name\":\"Novo Minha Casa, Minha Vida prev\u00ea aluguel ao inv\u00e9s de financiamento\"}]},{\"@type\":\"WebSite\",\"@id\":\"https:\/\/www.suno.com.br\/noticias\/#website\",\"url\":\"https:\/\/www.suno.com.br\/noticias\/\",\"name\":\"Suno Not\u00edcias\",\"description\":\"Seu portal de informa\u00e7\u00e3o sobre o mundo dos investimentos\",\"publisher\":{\"@id\":\"https:\/\/www.suno.com.br\/noticias\/#organization\"},\"potentialAction\":[{\"@type\":\"SearchAction\",\"target\":{\"@type\":\"EntryPoint\",\"urlTemplate\":\"https:\/\/www.suno.com.br\/noticias\/?s={search_term_string}\"},\"query-input\":{\"@type\":\"PropertyValueSpecification\",\"valueRequired\":true,\"valueName\":\"search_term_string\"}}],\"inLanguage\":\"pt-BR\"},{\"@type\":\"Organization\",\"@id\":\"https:\/\/www.suno.com.br\/noticias\/#organization\",\"name\":\"Suno Not\u00edcias\",\"url\":\"https:\/\/www.suno.com.br\/noticias\/\",\"logo\":{\"@type\":\"ImageObject\",\"inLanguage\":\"pt-BR\",\"@id\":\"https:\/\/www.suno.com.br\/noticias\/#\/schema\/logo\/image\/\",\"url\":\"https:\/\/files.sunoresearch.com.br\/n\/uploads\/2021\/09\/suno-logo.png\",\"contentUrl\":\"https:\/\/files.sunoresearch.com.br\/n\/uploads\/2021\/09\/suno-logo.png\",\"width\":180,\"height\":180,\"caption\":\"Suno Not\u00edcias\"},\"image\":{\"@id\":\"https:\/\/www.suno.com.br\/noticias\/#\/schema\/logo\/image\/\"},\"sameAs\":[\"https:\/\/facebook.com\/sunoresearch\",\"https:\/\/x.com\/sunoresearch\",\"https:\/\/www.instagram.com\/suno\",\"https:\/\/www.linkedin.com\/company\/suno-research\/\",\"https:\/\/www.youtube.com\/c\/sunoresearch\"]},{\"@type\":\"Person\",\"@id\":\"https:\/\/www.suno.com.br\/noticias\/#\/schema\/person\/a5b06fa4e879d8e8e119c6ed3cd630d1\",\"name\":\"Amanda Gushiken\",\"image\":{\"@type\":\"ImageObject\",\"inLanguage\":\"pt-BR\",\"@id\":\"https:\/\/www.suno.com.br\/noticias\/#\/schema\/person\/image\/\",\"url\":\"https:\/\/secure.gravatar.com\/avatar\/ecd84705e6b65e3685ae80d725501fbe?s=96&r=g\",\"contentUrl\":\"https:\/\/secure.gravatar.com\/avatar\/ecd84705e6b65e3685ae80d725501fbe?s=96&r=g\",\"caption\":\"Amanda Gushiken\"},\"description\":\"Amanda Sayuri Gushiken escreve sobre finan\u00e7as e neg\u00f3cios para o portal Suno Not\u00edcias. Antes, trabalhou selecionando not\u00edcias da imprensa para clientes do mercado financeiro. Tamb\u00e9m desenvolveu pesquisa acad\u00eamica pela Universidade Anhembi Morumbi na \u00e1rea de Teorias da Comunica\u00e7\u00e3o e \u00e9 fot\u00f3grafa nas horas vagas.\",\"url\":\"https:\/\/www.suno.com.br\/noticias\/author\/amanda\/\"}]}<\/script>\n<!-- \/ Yoast SEO plugin. -->","yoast_head_json":{"title":"Novo Minha Casa, Minha Vida prev\u00ea aluguel ao inv\u00e9s de financiamento","description":"Novo Minha Casa, Minha Vida pretende retirar financiamento para faixa 1, e permitir a loca\u00e7\u00e3o de im\u00f3veis no lugar. Clique para saber mais.","robots":{"index":"index","follow":"follow","max-snippet":"max-snippet:-1","max-image-preview":"max-image-preview:large","max-video-preview":"max-video-preview:-1"},"canonical":"https:\/\/www.suno.com.br\/noticias\/minha-casa-minha-vida-aluguel\/","og_locale":"pt_BR","og_type":"article","og_title":"Novo Minha Casa, Minha Vida prev\u00ea aluguel ao inv\u00e9s de financiamento","og_description":"Novo Minha Casa, Minha Vida pretende retirar financiamento para faixa 1, e permitir a loca\u00e7\u00e3o de im\u00f3veis no lugar. Clique para saber mais.","og_url":"https:\/\/www.suno.com.br\/noticias\/minha-casa-minha-vida-aluguel\/","og_site_name":"Suno Not\u00edcias","article_publisher":"https:\/\/facebook.com\/sunoresearch","og_image":[{"width":1024,"height":640,"url":"https:\/\/files.sunoresearch.com.br\/n\/uploads\/2018\/09\/d80b4eda-16302_minha_casa_minha_vida_ribeira_130814_foto_a.baeta_229-1024x640.jpg","type":"image\/jpeg"}],"author":"Amanda Gushiken","twitter_card":"summary_large_image","twitter_creator":"@sunoresearch","twitter_site":"@sunoresearch","twitter_misc":{"Escrito por":"Amanda Gushiken","Est. tempo de leitura":"4 minutos"},"schema":{"@context":"https:\/\/schema.org","@graph":[{"@type":"NewsArticle","@id":"https:\/\/www.suno.com.br\/noticias\/minha-casa-minha-vida-aluguel\/#article","isPartOf":{"@id":"https:\/\/www.suno.com.br\/noticias\/minha-casa-minha-vida-aluguel\/"},"author":{"name":"Amanda Gushiken","@id":"https:\/\/www.suno.com.br\/noticias\/#\/schema\/person\/a5b06fa4e879d8e8e119c6ed3cd630d1"},"headline":"Novo Minha Casa, Minha Vida prev\u00ea aluguel ao inv\u00e9s de financiamento","datePublished":"2019-05-24T17:01:12+00:00","dateModified":"2021-02-18T01:32:30+00:00","mainEntityOfPage":{"@id":"https:\/\/www.suno.com.br\/noticias\/minha-casa-minha-vida-aluguel\/"},"wordCount":890,"publisher":{"@id":"https:\/\/www.suno.com.br\/noticias\/#organization"},"image":{"@id":"https:\/\/www.suno.com.br\/noticias\/minha-casa-minha-vida-aluguel\/#primaryimage"},"thumbnailUrl":"https:\/\/files.sunoresearch.com.br\/n\/uploads\/2018\/09\/d80b4eda-16302_minha_casa_minha_vida_ribeira_130814_foto_a.baeta_229-1024x640-jpg.webp","keywords":["Caixa Econ\u00f4mica Federal (CEF)","Jair Bolsonaro"],"articleSection":["FIIs"],"inLanguage":"pt-BR"},{"@type":"WebPage","@id":"https:\/\/www.suno.com.br\/noticias\/minha-casa-minha-vida-aluguel\/","url":"https:\/\/www.suno.com.br\/noticias\/minha-casa-minha-vida-aluguel\/","name":"Novo Minha Casa, Minha Vida prev\u00ea aluguel ao inv\u00e9s de financiamento","isPartOf":{"@id":"https:\/\/www.suno.com.br\/noticias\/#website"},"primaryImageOfPage":{"@id":"https:\/\/www.suno.com.br\/noticias\/minha-casa-minha-vida-aluguel\/#primaryimage"},"image":{"@id":"https:\/\/www.suno.com.br\/noticias\/minha-casa-minha-vida-aluguel\/#primaryimage"},"thumbnailUrl":"https:\/\/files.sunoresearch.com.br\/n\/uploads\/2018\/09\/d80b4eda-16302_minha_casa_minha_vida_ribeira_130814_foto_a.baeta_229-1024x640-jpg.webp","datePublished":"2019-05-24T17:01:12+00:00","dateModified":"2021-02-18T01:32:30+00:00","description":"Novo Minha Casa, Minha Vida pretende retirar financiamento para faixa 1, e permitir a loca\u00e7\u00e3o de im\u00f3veis no lugar. Clique para saber mais.","breadcrumb":{"@id":"https:\/\/www.suno.com.br\/noticias\/minha-casa-minha-vida-aluguel\/#breadcrumb"},"inLanguage":"pt-BR","potentialAction":[{"@type":"ReadAction","target":["https:\/\/www.suno.com.br\/noticias\/minha-casa-minha-vida-aluguel\/"]}]},{"@type":"ImageObject","inLanguage":"pt-BR","@id":"https:\/\/www.suno.com.br\/noticias\/minha-casa-minha-vida-aluguel\/#primaryimage","url":"https:\/\/files.sunoresearch.com.br\/n\/uploads\/2018\/09\/d80b4eda-16302_minha_casa_minha_vida_ribeira_130814_foto_a.baeta_229-1024x640-jpg.webp","contentUrl":"https:\/\/files.sunoresearch.com.br\/n\/uploads\/2018\/09\/d80b4eda-16302_minha_casa_minha_vida_ribeira_130814_foto_a.baeta_229-1024x640-jpg.webp","width":1024,"height":640,"caption":"O substituto do Minha Casa Minha Vida (MCMV), o Casa Verde Amarela, deve ser lan\u00e7ado nessa ter\u00e7a-feira (25)."},{"@type":"BreadcrumbList","@id":"https:\/\/www.suno.com.br\/noticias\/minha-casa-minha-vida-aluguel\/#breadcrumb","itemListElement":[{"@type":"ListItem","position":1,"name":"Not\u00edcias","item":"https:\/\/www.suno.com.br\/noticias\/"},{"@type":"ListItem","position":2,"name":"FIIs","item":"https:\/\/www.suno.com.br\/noticias\/fiis\/"},{"@type":"ListItem","position":3,"name":"Novo Minha Casa, Minha Vida prev\u00ea aluguel ao inv\u00e9s de financiamento"}]},{"@type":"WebSite","@id":"https:\/\/www.suno.com.br\/noticias\/#website","url":"https:\/\/www.suno.com.br\/noticias\/","name":"Suno Not\u00edcias","description":"Seu portal de informa\u00e7\u00e3o sobre o mundo dos investimentos","publisher":{"@id":"https:\/\/www.suno.com.br\/noticias\/#organization"},"potentialAction":[{"@type":"SearchAction","target":{"@type":"EntryPoint","urlTemplate":"https:\/\/www.suno.com.br\/noticias\/?s={search_term_string}"},"query-input":{"@type":"PropertyValueSpecification","valueRequired":true,"valueName":"search_term_string"}}],"inLanguage":"pt-BR"},{"@type":"Organization","@id":"https:\/\/www.suno.com.br\/noticias\/#organization","name":"Suno Not\u00edcias","url":"https:\/\/www.suno.com.br\/noticias\/","logo":{"@type":"ImageObject","inLanguage":"pt-BR","@id":"https:\/\/www.suno.com.br\/noticias\/#\/schema\/logo\/image\/","url":"https:\/\/files.sunoresearch.com.br\/n\/uploads\/2021\/09\/suno-logo.png","contentUrl":"https:\/\/files.sunoresearch.com.br\/n\/uploads\/2021\/09\/suno-logo.png","width":180,"height":180,"caption":"Suno Not\u00edcias"},"image":{"@id":"https:\/\/www.suno.com.br\/noticias\/#\/schema\/logo\/image\/"},"sameAs":["https:\/\/facebook.com\/sunoresearch","https:\/\/x.com\/sunoresearch","https:\/\/www.instagram.com\/suno","https:\/\/www.linkedin.com\/company\/suno-research\/","https:\/\/www.youtube.com\/c\/sunoresearch"]},{"@type":"Person","@id":"https:\/\/www.suno.com.br\/noticias\/#\/schema\/person\/a5b06fa4e879d8e8e119c6ed3cd630d1","name":"Amanda Gushiken","image":{"@type":"ImageObject","inLanguage":"pt-BR","@id":"https:\/\/www.suno.com.br\/noticias\/#\/schema\/person\/image\/","url":"https:\/\/secure.gravatar.com\/avatar\/ecd84705e6b65e3685ae80d725501fbe?s=96&r=g","contentUrl":"https:\/\/secure.gravatar.com\/avatar\/ecd84705e6b65e3685ae80d725501fbe?s=96&r=g","caption":"Amanda Gushiken"},"description":"Amanda Sayuri Gushiken escreve sobre finan\u00e7as e neg\u00f3cios para o portal Suno Not\u00edcias. Antes, trabalhou selecionando not\u00edcias da imprensa para clientes do mercado financeiro. Tamb\u00e9m desenvolveu pesquisa acad\u00eamica pela Universidade Anhembi Morumbi na \u00e1rea de Teorias da Comunica\u00e7\u00e3o e \u00e9 fot\u00f3grafa nas horas vagas.","url":"https:\/\/www.suno.com.br\/noticias\/author\/amanda\/"}]}},"default_loop_html":"<div class=\"cardsPage__listCard__boxs\"><div class=\"cardsPage__listCard__boxs__img\"><a href=\"https:\/\/www.suno.com.br\/noticias\/minha-casa-minha-vida-aluguel\/\"><img class=\"mask\" src=\"https:\/\/www.suno.com.br\/noticias\/wp-content\/themes\/suno\/resources\/images\/spotlight\/spotlight1img\/bg-mask.png\" alt=\"Image Mask\"\/><img src=\"https:\/\/files.sunoresearch.com.br\/n\/uploads\/2018\/09\/d80b4eda-16302_minha_casa_minha_vida_ribeira_130814_foto_a.baeta_229-1024x640-400x200.webp\" alt=\"Novo Minha Casa, Minha Vida prev\u00ea aluguel ao inv\u00e9s de financiamento\"\/><\/a><span class=\"spotlightCategory\"><a href=\"https:\/\/www.suno.com.br\/noticias\/fiis\/\">FIIs<\/a><\/span><\/div><div class=\"cardsPage__listCard__boxs__content\"><a href=\"https:\/\/www.suno.com.br\/noticias\/minha-casa-minha-vida-aluguel\/\"><h2 class=\"content__title\">Novo Minha Casa, Minha Vida prev\u00ea aluguel ao inv\u00e9s de financiamento<\/h2><\/a><div class=\"newsContent__article__meta\"><div class=\"newsContent__article__meta__authorBox\"><a href=\"https:\/\/www.suno.com.br\/noticias\/author\/amanda\/\" class=\"authorBox__avatar noMobi\"><img src=\"https:\/\/files.sunoresearch.com.br\/n\/uploads\/2018\/11\/c6ad30be-amanda-150x150.webp\" alt=\"Amanda Gushiken\"><\/a><div class=\"authorBox__name\"><span>por\n\t\t\t<a href=\"https:\/\/www.suno.com.br\/noticias\/author\/amanda\/\"><span itemprop=\"author\">Amanda Gushiken<\/span><\/a><\/span><time datetime=\"2019-05-24T14:01:12-03:00\" itemprop=\"datePublished\">24\/05\/2019 14:01<\/time><\/div><\/div><\/div><\/div><\/div>","single_layout":"posts","amp_enabled":true,"_links":{"self":[{"href":"https:\/\/www.suno.com.br\/noticias\/wp-json\/wp\/v2\/posts\/25880"}],"collection":[{"href":"https:\/\/www.suno.com.br\/noticias\/wp-json\/wp\/v2\/posts"}],"about":[{"href":"https:\/\/www.suno.com.br\/noticias\/wp-json\/wp\/v2\/types\/post"}],"author":[{"embeddable":true,"href":"https:\/\/www.suno.com.br\/noticias\/wp-json\/wp\/v2\/users\/12"}],"replies":[{"embeddable":true,"href":"https:\/\/www.suno.com.br\/noticias\/wp-json\/wp\/v2\/comments?post=25880"}],"version-history":[{"count":0,"href":"https:\/\/www.suno.com.br\/noticias\/wp-json\/wp\/v2\/posts\/25880\/revisions"}],"wp:featuredmedia":[{"embeddable":true,"href":"https:\/\/www.suno.com.br\/noticias\/wp-json\/wp\/v2\/media\/4105"}],"wp:attachment":[{"href":"https:\/\/www.suno.com.br\/noticias\/wp-json\/wp\/v2\/media?parent=25880"}],"wp:term":[{"taxonomy":"category","embeddable":true,"href":"https:\/\/www.suno.com.br\/noticias\/wp-json\/wp\/v2\/categories?post=25880"},{"taxonomy":"post_tag","embeddable":true,"href":"https:\/\/www.suno.com.br\/noticias\/wp-json\/wp\/v2\/tags?post=25880"},{"taxonomy":"suno_strategy","embeddable":true,"href":"https:\/\/www.suno.com.br\/noticias\/wp-json\/wp\/v2\/suno_strategy?post=25880"}],"curies":[{"name":"wp","href":"https:\/\/api.w.org\/{rel}","templated":true}]}}