{"id":25871,"date":"2019-05-24T12:41:24","date_gmt":"2019-05-24T15:41:24","guid":{"rendered":"https:\/\/www.suno.com.br\/noticias\/?p=25871"},"modified":"2021-06-13T23:44:26","modified_gmt":"2021-06-14T02:44:26","slug":"guerra-comercial-eua-china-recuperacao-global","status":"publish","type":"post","link":"https:\/\/www.suno.com.br\/noticias\/guerra-comercial-eua-china-recuperacao-global\/","title":{"rendered":"Guerra comercial EUA-China pode por em risco recupera\u00e7\u00e3o global, diz FMI"},"content":{"rendered":"<p>O <a href=\"https:\/\/www.suno.com.br\/artigos\/fmi\/\"><strong>Fundo Monet\u00e1rio Internacional (FMI)<\/strong><\/a> alertou que a guerra comercial entre os <strong>Estado Unidos<\/strong> e a <strong>China<\/strong> pode acarretar em riscos para a recupera\u00e7\u00e3o global. No momento atual, os impactos n\u00e3o s\u00e3o visivelmente preocupantes, mas analistas do \u00f3rg\u00e3o ressaltam que o <strong>Produto Interno Bruto (PIB)<\/strong> global pode chegar a cair at\u00e9 0,33%.<\/p>\t<div class=\"wrapper-featured-image\">\n\t\t<figure class=\"spotlightImg\">\n\n\t\t\t<picture>\n\t\t\t\t<source media=\"(max-width: 768px)\" srcset=\"https:\/\/files.sunoresearch.com.br\/n\/uploads\/2019\/05\/51466547-trump-400x200.webp\">\n\t\t\t\t<img loading=\"lazy\" decoding=\"async\" class=\"newsContent__article__imgCapa lazyloadDisabled newsContent__article__imgCapa--noCaption\" src=\"https:\/\/files.sunoresearch.com.br\/n\/uploads\/2019\/05\/51466547-trump-800x450.webp\" width=\"800\" height=\"450\" alt=\"Guerra comercial EUA-China pode por em risco recupera\u00e7\u00e3o global, diz FMI\" fetchpriority=high \/>\n\t\t\t<\/picture>\n\n\t\t\t<figcaption class=\"wp-caption-text wp-caption-text--hide\">Guerra comercial: Trump declara que China ainda quer assinar acordo <\/figcaption>\n\t\t<\/figure>\n\t<\/div>\n\n\n<p>O <strong>FMI<\/strong> divulgou a an\u00e1lise nesta sexta-feira (24) em sua p\u00e1gina na internet. Al\u00e9m disso, o organismo tamb\u00e9m indicou outras poss\u00edveis consequ\u00eancia da <strong>guerra comercial<\/strong> entre as pot\u00eancias. Sendo assim, s\u00e3o elas:<\/p>\n<ul>\n<li>a tens\u00e3o EUA-China pode abalar a cadeia mundial de produ\u00e7\u00e3o de suprimentos;<\/li>\n<li>e tamb\u00e9m pode abalar a confian\u00e7a de empresas e do mercado.<\/li>\n<\/ul>\n<p>Segundo o <strong>FMI<\/strong>, a <strong>guerra<\/strong>\u00a0<strong>comercial<\/strong> entre as pot\u00eancias afeta tanto produtores quanto consumidores.\u00a0\u201cAs tens\u00f5es comerciais entre <strong>EUA<\/strong> e <strong>China<\/strong> afetaram negativamente consumidores assim como produtores nos dois pa\u00edses\u201d, avalia o \u00f3rg\u00e3o.<\/p>\n<p>Sobre as decis\u00f5es de aumentar as tarifas, o <strong>FMI<\/strong> declarou que a alta nos pre\u00e7os ca\u00edram principalmente sobre os importadores. Dessa forma, a eleva\u00e7\u00e3o foi repassada tamb\u00e9m ao consumidor final.<\/p>\n<p>\u201cAlgumas dessas tarifas foram repassadas aos consumidores americanos enquanto outras foram absorvidas pelas empresas importadoras, por meio de margens de lucro menores\u201d, avalia.<\/p>\n<p>Apesar disso, segundo o <strong>FMI<\/strong>,\u00a0dados dos <strong>Estados Unidos<\/strong> apontam que as importa\u00e7\u00f5es oriundas de outros pa\u00edses subiram a medida que as da <strong>China<\/strong> diminu\u00edam. Outro ponto analisado pelo fundo foram os impactos das altas de tarifas na balan\u00e7a comercial entre os dois pa\u00edses.\u00a0Assim, a altera\u00e7\u00e3o foi pequena:<\/p>\n<ul>\n<li>2017: EUA com d\u00e9ficit de\u00a0US$ 375 bilh\u00f5es;<\/li>\n<li>2018: EUA com d\u00e9ficit de\u00a0US$\u00a0419 bilh\u00f5es;<\/li>\n<li>2019:\u00a0exporta\u00e7\u00f5es da China para os Estados Unidos diminu\u00edram um at\u00e9 mar\u00e7o, mas as dos EUA aos asi\u00e1ticos tamb\u00e9m foram reduzidas.<\/li>\n<\/ul>\n<h2>Entenda a guerra comercial<\/h2>\n<p><strong>Donald Trump<\/strong>\u00a0decidiu, no in\u00edcio de maio, aumentar a tarifa sobre importa\u00e7\u00f5es chinesas. A <strong>taxa<\/strong> passou de 10% para 25% com o objetivo de proteger a <strong>ind\u00fastria interna<\/strong> e reduzir o <strong>d\u00e9ficit de exporta\u00e7\u00e3o<\/strong> dos americanos com os chineses. Contudo, diante da decis\u00e3o, a <strong>China<\/strong> retaliou. O governo chin\u00eas, por sua vez, tamb\u00e9m aumentou a tarifa sobre produtos americanos.<\/p>\n<p><a href=\"https:\/\/www.suno.com.br\/noticias\/trump-atinge-huawei-china-proteger-empresas\/\">Saiba Mais: Trump atinge Huawei; China critica e diz que vai proteger suas empresas<\/a><\/p>\n<p>Com isso, o pr\u00f3ximo passo de <strong>Trump<\/strong> foi atingir a gigante de tecnologia <strong>Huawei<\/strong>. Dessa forma, o l\u00edder americano proibiu a chinesa de comprar tecnologia dos <strong>EUA<\/strong> sem a autoriza\u00e7\u00e3o do governo. A medida prejudica a cadeia de produ\u00e7\u00e3o da <strong>Huawei<\/strong> porque ela depende dos componentes do pa\u00eds.<\/p>\n<p>Al\u00e9m disso, <strong>Trump<\/strong> tamb\u00e9m assinou um decreto que proibiu empresas americanas de comprarem aparelhos de telecomunica\u00e7\u00f5es de estrangeiras consideradas &#8220;risco para seguran\u00e7a&#8221;. Dessa forma, a medida se aplica \u00e0 <strong>Huawei<\/strong>, uma vez que os <strong>Estados Unidos<\/strong> a inclu\u00edram na chamada &#8220;Lista de Entidades&#8221;.<\/p>\n<p>Em contrapartida, a <strong>China<\/strong> mandou prender dois <strong>canadenses<\/strong> que estavam detidos no pa\u00eds. Isso ocorreu tamb\u00e9m dias depois que os <strong>EUA<\/strong> pediram ao Canad\u00e1 que prendesse a diretora financeira da <strong>Huawei<\/strong>. Isso porque Meng Wanzhou estava em territ\u00f3rio canadense.<\/p>\n<p><a href=\"https:\/\/www.suno.com.br\/noticias\/china-reage-eua-huawei-prendendo-canadenses\/\">Saiba Mais: China reage \u00e0 a\u00e7\u00e3o dos EUA sobre Huawei prendendo dois canadenses<\/a><\/p>\n<p>Apesar da retalia\u00e7\u00e3o, a <strong>China<\/strong> negou que fosse uma repres\u00e1lia. Sendo assim, o governo chin\u00eas afirmou que a pris\u00e3o era um &#8220;estado de direito&#8221;. Os dois canadenses foram presos sob suspeita de espionagem. Apesar disso, os\u00a0<strong>Estados Unidos<\/strong> e a <strong>China<\/strong> continuam em negocia\u00e7\u00f5es comerciais e buscam um acordo que acabe com a guerra comercial.<\/p>\n","protected":false},"excerpt":{"rendered":"<p>O Fundo Monet\u00e1rio Internacional (FMI) alertou que a guerra comercial entre os Estado Unidos e a China pode acarretar em riscos para a recupera\u00e7\u00e3o global. No momento atual, os impactos n\u00e3o s\u00e3o visivelmente preocupantes, mas analistas do \u00f3rg\u00e3o ressaltam que o Produto Interno Bruto (PIB) global pode chegar a cair at\u00e9 0,33%. Guerra comercial: Trump [&hellip;]<\/p>\n","protected":false},"author":16,"featured_media":24252,"comment_status":"closed","ping_status":"closed","sticky":false,"template":"","format":"standard","meta":[],"categories":[63],"tags":[711,793,806,980],"suno_strategy":[],"class_list":["post-25871","post","type-post","status-publish","format-standard","has-post-thumbnail","hentry","category-internacional","tag-china","tag-estados-unidos-eua","tag-fundo-monetario-internacional-fmi","tag-guerra-comercial"],"yoast_head":"<!-- This site is optimized with the Yoast SEO plugin v24.4 - https:\/\/yoast.com\/wordpress\/plugins\/seo\/ -->\n<title>FMI: Guerra comercial EUA-China pode por em risco recupera\u00e7\u00e3o global<\/title>\n<meta name=\"description\" content=\"A guerra comercial entre as duas pot\u00eancias pode levar a uma redu\u00e7\u00e3o em 0,33% do Produto Interno Bruto (PIB) mundial. Saiba mais.\" \/>\n<meta name=\"robots\" content=\"index, follow, max-snippet:-1, max-image-preview:large, max-video-preview:-1\" \/>\n<link rel=\"canonical\" href=\"https:\/\/www.suno.com.br\/noticias\/guerra-comercial-eua-china-recuperacao-global\/\" \/>\n<meta property=\"og:locale\" content=\"pt_BR\" \/>\n<meta property=\"og:type\" content=\"article\" \/>\n<meta property=\"og:title\" content=\"FMI: Guerra comercial EUA-China pode por em risco recupera\u00e7\u00e3o global\" \/>\n<meta property=\"og:description\" content=\"A guerra comercial entre as duas pot\u00eancias pode levar a uma redu\u00e7\u00e3o em 0,33% do Produto Interno Bruto (PIB) mundial. Saiba mais.\" \/>\n<meta property=\"og:url\" content=\"https:\/\/www.suno.com.br\/noticias\/guerra-comercial-eua-china-recuperacao-global\/\" \/>\n<meta property=\"og:site_name\" content=\"Suno Not\u00edcias\" \/>\n<meta property=\"article:publisher\" content=\"https:\/\/facebook.com\/sunoresearch\" \/>\n<meta property=\"og:image\" content=\"https:\/\/files.sunoresearch.com.br\/n\/uploads\/2019\/05\/51466547-trump.jpg\" \/>\n\t<meta property=\"og:image:width\" content=\"1140\" \/>\n\t<meta property=\"og:image:height\" content=\"760\" \/>\n\t<meta property=\"og:image:type\" content=\"image\/jpeg\" \/>\n<meta name=\"author\" content=\"Beatriz Oliveira\" \/>\n<meta name=\"twitter:card\" content=\"summary_large_image\" \/>\n<meta name=\"twitter:creator\" content=\"@sunoresearch\" \/>\n<meta name=\"twitter:site\" content=\"@sunoresearch\" \/>\n<meta name=\"twitter:label1\" content=\"Escrito por\" \/>\n\t<meta name=\"twitter:data1\" content=\"Beatriz Oliveira\" \/>\n\t<meta name=\"twitter:label2\" content=\"Est. tempo de leitura\" \/>\n\t<meta name=\"twitter:data2\" content=\"3 minutos\" \/>\n<script type=\"application\/ld+json\" class=\"yoast-schema-graph\">{\"@context\":\"https:\/\/schema.org\",\"@graph\":[{\"@type\":\"NewsArticle\",\"@id\":\"https:\/\/www.suno.com.br\/noticias\/guerra-comercial-eua-china-recuperacao-global\/#article\",\"isPartOf\":{\"@id\":\"https:\/\/www.suno.com.br\/noticias\/guerra-comercial-eua-china-recuperacao-global\/\"},\"author\":{\"name\":\"Beatriz Oliveira\",\"@id\":\"https:\/\/www.suno.com.br\/noticias\/#\/schema\/person\/e67f665add014bf99f644028de070cc3\"},\"headline\":\"Guerra comercial EUA-China pode por em risco recupera\u00e7\u00e3o global, diz FMI\",\"datePublished\":\"2019-05-24T15:41:24+00:00\",\"dateModified\":\"2021-06-14T02:44:26+00:00\",\"mainEntityOfPage\":{\"@id\":\"https:\/\/www.suno.com.br\/noticias\/guerra-comercial-eua-china-recuperacao-global\/\"},\"wordCount\":623,\"publisher\":{\"@id\":\"https:\/\/www.suno.com.br\/noticias\/#organization\"},\"image\":{\"@id\":\"https:\/\/www.suno.com.br\/noticias\/guerra-comercial-eua-china-recuperacao-global\/#primaryimage\"},\"thumbnailUrl\":\"https:\/\/files.sunoresearch.com.br\/n\/uploads\/2019\/05\/51466547-trump-jpg.webp\",\"keywords\":[\"China\",\"Estados Unidos (EUA)\",\"Fundo Monet\u00e1rio Internacional (FMI)\",\"guerra comercial\"],\"articleSection\":[\"Internacional\"],\"inLanguage\":\"pt-BR\"},{\"@type\":\"WebPage\",\"@id\":\"https:\/\/www.suno.com.br\/noticias\/guerra-comercial-eua-china-recuperacao-global\/\",\"url\":\"https:\/\/www.suno.com.br\/noticias\/guerra-comercial-eua-china-recuperacao-global\/\",\"name\":\"FMI: Guerra comercial EUA-China pode por em risco recupera\u00e7\u00e3o global\",\"isPartOf\":{\"@id\":\"https:\/\/www.suno.com.br\/noticias\/#website\"},\"primaryImageOfPage\":{\"@id\":\"https:\/\/www.suno.com.br\/noticias\/guerra-comercial-eua-china-recuperacao-global\/#primaryimage\"},\"image\":{\"@id\":\"https:\/\/www.suno.com.br\/noticias\/guerra-comercial-eua-china-recuperacao-global\/#primaryimage\"},\"thumbnailUrl\":\"https:\/\/files.sunoresearch.com.br\/n\/uploads\/2019\/05\/51466547-trump-jpg.webp\",\"datePublished\":\"2019-05-24T15:41:24+00:00\",\"dateModified\":\"2021-06-14T02:44:26+00:00\",\"description\":\"A guerra comercial entre as duas pot\u00eancias pode levar a uma redu\u00e7\u00e3o em 0,33% do Produto Interno Bruto (PIB) mundial. Saiba mais.\",\"breadcrumb\":{\"@id\":\"https:\/\/www.suno.com.br\/noticias\/guerra-comercial-eua-china-recuperacao-global\/#breadcrumb\"},\"inLanguage\":\"pt-BR\",\"potentialAction\":[{\"@type\":\"ReadAction\",\"target\":[\"https:\/\/www.suno.com.br\/noticias\/guerra-comercial-eua-china-recuperacao-global\/\"]}]},{\"@type\":\"ImageObject\",\"inLanguage\":\"pt-BR\",\"@id\":\"https:\/\/www.suno.com.br\/noticias\/guerra-comercial-eua-china-recuperacao-global\/#primaryimage\",\"url\":\"https:\/\/files.sunoresearch.com.br\/n\/uploads\/2019\/05\/51466547-trump-jpg.webp\",\"contentUrl\":\"https:\/\/files.sunoresearch.com.br\/n\/uploads\/2019\/05\/51466547-trump-jpg.webp\",\"width\":1140,\"height\":760,\"caption\":\"Guerra comercial: Trump declara que China ainda quer assinar acordo\"},{\"@type\":\"BreadcrumbList\",\"@id\":\"https:\/\/www.suno.com.br\/noticias\/guerra-comercial-eua-china-recuperacao-global\/#breadcrumb\",\"itemListElement\":[{\"@type\":\"ListItem\",\"position\":1,\"name\":\"Not\u00edcias\",\"item\":\"https:\/\/www.suno.com.br\/noticias\/\"},{\"@type\":\"ListItem\",\"position\":2,\"name\":\"Internacional\",\"item\":\"https:\/\/www.suno.com.br\/noticias\/internacional\/\"},{\"@type\":\"ListItem\",\"position\":3,\"name\":\"Guerra comercial EUA-China pode por em risco recupera\u00e7\u00e3o global, diz FMI\"}]},{\"@type\":\"WebSite\",\"@id\":\"https:\/\/www.suno.com.br\/noticias\/#website\",\"url\":\"https:\/\/www.suno.com.br\/noticias\/\",\"name\":\"Suno Not\u00edcias\",\"description\":\"Seu portal de informa\u00e7\u00e3o sobre o mundo dos investimentos\",\"publisher\":{\"@id\":\"https:\/\/www.suno.com.br\/noticias\/#organization\"},\"potentialAction\":[{\"@type\":\"SearchAction\",\"target\":{\"@type\":\"EntryPoint\",\"urlTemplate\":\"https:\/\/www.suno.com.br\/noticias\/?s={search_term_string}\"},\"query-input\":{\"@type\":\"PropertyValueSpecification\",\"valueRequired\":true,\"valueName\":\"search_term_string\"}}],\"inLanguage\":\"pt-BR\"},{\"@type\":\"Organization\",\"@id\":\"https:\/\/www.suno.com.br\/noticias\/#organization\",\"name\":\"Suno Not\u00edcias\",\"url\":\"https:\/\/www.suno.com.br\/noticias\/\",\"logo\":{\"@type\":\"ImageObject\",\"inLanguage\":\"pt-BR\",\"@id\":\"https:\/\/www.suno.com.br\/noticias\/#\/schema\/logo\/image\/\",\"url\":\"https:\/\/files.sunoresearch.com.br\/n\/uploads\/2021\/09\/suno-logo.png\",\"contentUrl\":\"https:\/\/files.sunoresearch.com.br\/n\/uploads\/2021\/09\/suno-logo.png\",\"width\":180,\"height\":180,\"caption\":\"Suno Not\u00edcias\"},\"image\":{\"@id\":\"https:\/\/www.suno.com.br\/noticias\/#\/schema\/logo\/image\/\"},\"sameAs\":[\"https:\/\/facebook.com\/sunoresearch\",\"https:\/\/x.com\/sunoresearch\",\"https:\/\/www.instagram.com\/suno\",\"https:\/\/www.linkedin.com\/company\/suno-research\/\",\"https:\/\/www.youtube.com\/c\/sunoresearch\"]},{\"@type\":\"Person\",\"@id\":\"https:\/\/www.suno.com.br\/noticias\/#\/schema\/person\/e67f665add014bf99f644028de070cc3\",\"name\":\"Beatriz Oliveira\",\"image\":{\"@type\":\"ImageObject\",\"inLanguage\":\"pt-BR\",\"@id\":\"https:\/\/www.suno.com.br\/noticias\/#\/schema\/person\/image\/\",\"url\":\"https:\/\/secure.gravatar.com\/avatar\/c9aa6a0aaecc598d257d5d5bd349157d?s=96&r=g\",\"contentUrl\":\"https:\/\/secure.gravatar.com\/avatar\/c9aa6a0aaecc598d257d5d5bd349157d?s=96&r=g\",\"caption\":\"Beatriz Oliveira\"},\"description\":\"Formada em Jornalismo pela Faculdade Paulus de Tecnologia e Comunica\u00e7\u00e3o, Beatriz Oliveira escreve para o portal de not\u00edcias Suno Research. Antes, passou pelas reda\u00e7\u00f5es da Revista EXAME e da Rede Bandeirantes.\",\"url\":\"https:\/\/www.suno.com.br\/noticias\/author\/beatriz\/\"}]}<\/script>\n<!-- \/ Yoast SEO plugin. -->","yoast_head_json":{"title":"FMI: Guerra comercial EUA-China pode por em risco recupera\u00e7\u00e3o global","description":"A guerra comercial entre as duas pot\u00eancias pode levar a uma redu\u00e7\u00e3o em 0,33% do Produto Interno Bruto (PIB) mundial. Saiba mais.","robots":{"index":"index","follow":"follow","max-snippet":"max-snippet:-1","max-image-preview":"max-image-preview:large","max-video-preview":"max-video-preview:-1"},"canonical":"https:\/\/www.suno.com.br\/noticias\/guerra-comercial-eua-china-recuperacao-global\/","og_locale":"pt_BR","og_type":"article","og_title":"FMI: Guerra comercial EUA-China pode por em risco recupera\u00e7\u00e3o global","og_description":"A guerra comercial entre as duas pot\u00eancias pode levar a uma redu\u00e7\u00e3o em 0,33% do Produto Interno Bruto (PIB) mundial. Saiba mais.","og_url":"https:\/\/www.suno.com.br\/noticias\/guerra-comercial-eua-china-recuperacao-global\/","og_site_name":"Suno Not\u00edcias","article_publisher":"https:\/\/facebook.com\/sunoresearch","og_image":[{"width":1140,"height":760,"url":"https:\/\/files.sunoresearch.com.br\/n\/uploads\/2019\/05\/51466547-trump.jpg","type":"image\/jpeg"}],"author":"Beatriz Oliveira","twitter_card":"summary_large_image","twitter_creator":"@sunoresearch","twitter_site":"@sunoresearch","twitter_misc":{"Escrito por":"Beatriz Oliveira","Est. tempo de leitura":"3 minutos"},"schema":{"@context":"https:\/\/schema.org","@graph":[{"@type":"NewsArticle","@id":"https:\/\/www.suno.com.br\/noticias\/guerra-comercial-eua-china-recuperacao-global\/#article","isPartOf":{"@id":"https:\/\/www.suno.com.br\/noticias\/guerra-comercial-eua-china-recuperacao-global\/"},"author":{"name":"Beatriz Oliveira","@id":"https:\/\/www.suno.com.br\/noticias\/#\/schema\/person\/e67f665add014bf99f644028de070cc3"},"headline":"Guerra comercial EUA-China pode por em risco recupera\u00e7\u00e3o global, diz FMI","datePublished":"2019-05-24T15:41:24+00:00","dateModified":"2021-06-14T02:44:26+00:00","mainEntityOfPage":{"@id":"https:\/\/www.suno.com.br\/noticias\/guerra-comercial-eua-china-recuperacao-global\/"},"wordCount":623,"publisher":{"@id":"https:\/\/www.suno.com.br\/noticias\/#organization"},"image":{"@id":"https:\/\/www.suno.com.br\/noticias\/guerra-comercial-eua-china-recuperacao-global\/#primaryimage"},"thumbnailUrl":"https:\/\/files.sunoresearch.com.br\/n\/uploads\/2019\/05\/51466547-trump-jpg.webp","keywords":["China","Estados Unidos (EUA)","Fundo Monet\u00e1rio Internacional (FMI)","guerra comercial"],"articleSection":["Internacional"],"inLanguage":"pt-BR"},{"@type":"WebPage","@id":"https:\/\/www.suno.com.br\/noticias\/guerra-comercial-eua-china-recuperacao-global\/","url":"https:\/\/www.suno.com.br\/noticias\/guerra-comercial-eua-china-recuperacao-global\/","name":"FMI: Guerra comercial EUA-China pode por em risco recupera\u00e7\u00e3o global","isPartOf":{"@id":"https:\/\/www.suno.com.br\/noticias\/#website"},"primaryImageOfPage":{"@id":"https:\/\/www.suno.com.br\/noticias\/guerra-comercial-eua-china-recuperacao-global\/#primaryimage"},"image":{"@id":"https:\/\/www.suno.com.br\/noticias\/guerra-comercial-eua-china-recuperacao-global\/#primaryimage"},"thumbnailUrl":"https:\/\/files.sunoresearch.com.br\/n\/uploads\/2019\/05\/51466547-trump-jpg.webp","datePublished":"2019-05-24T15:41:24+00:00","dateModified":"2021-06-14T02:44:26+00:00","description":"A guerra comercial entre as duas pot\u00eancias pode levar a uma redu\u00e7\u00e3o em 0,33% do Produto Interno Bruto (PIB) mundial. Saiba mais.","breadcrumb":{"@id":"https:\/\/www.suno.com.br\/noticias\/guerra-comercial-eua-china-recuperacao-global\/#breadcrumb"},"inLanguage":"pt-BR","potentialAction":[{"@type":"ReadAction","target":["https:\/\/www.suno.com.br\/noticias\/guerra-comercial-eua-china-recuperacao-global\/"]}]},{"@type":"ImageObject","inLanguage":"pt-BR","@id":"https:\/\/www.suno.com.br\/noticias\/guerra-comercial-eua-china-recuperacao-global\/#primaryimage","url":"https:\/\/files.sunoresearch.com.br\/n\/uploads\/2019\/05\/51466547-trump-jpg.webp","contentUrl":"https:\/\/files.sunoresearch.com.br\/n\/uploads\/2019\/05\/51466547-trump-jpg.webp","width":1140,"height":760,"caption":"Guerra comercial: Trump declara que China ainda quer assinar acordo"},{"@type":"BreadcrumbList","@id":"https:\/\/www.suno.com.br\/noticias\/guerra-comercial-eua-china-recuperacao-global\/#breadcrumb","itemListElement":[{"@type":"ListItem","position":1,"name":"Not\u00edcias","item":"https:\/\/www.suno.com.br\/noticias\/"},{"@type":"ListItem","position":2,"name":"Internacional","item":"https:\/\/www.suno.com.br\/noticias\/internacional\/"},{"@type":"ListItem","position":3,"name":"Guerra comercial EUA-China pode por em risco recupera\u00e7\u00e3o global, diz FMI"}]},{"@type":"WebSite","@id":"https:\/\/www.suno.com.br\/noticias\/#website","url":"https:\/\/www.suno.com.br\/noticias\/","name":"Suno Not\u00edcias","description":"Seu portal de informa\u00e7\u00e3o sobre o mundo dos investimentos","publisher":{"@id":"https:\/\/www.suno.com.br\/noticias\/#organization"},"potentialAction":[{"@type":"SearchAction","target":{"@type":"EntryPoint","urlTemplate":"https:\/\/www.suno.com.br\/noticias\/?s={search_term_string}"},"query-input":{"@type":"PropertyValueSpecification","valueRequired":true,"valueName":"search_term_string"}}],"inLanguage":"pt-BR"},{"@type":"Organization","@id":"https:\/\/www.suno.com.br\/noticias\/#organization","name":"Suno Not\u00edcias","url":"https:\/\/www.suno.com.br\/noticias\/","logo":{"@type":"ImageObject","inLanguage":"pt-BR","@id":"https:\/\/www.suno.com.br\/noticias\/#\/schema\/logo\/image\/","url":"https:\/\/files.sunoresearch.com.br\/n\/uploads\/2021\/09\/suno-logo.png","contentUrl":"https:\/\/files.sunoresearch.com.br\/n\/uploads\/2021\/09\/suno-logo.png","width":180,"height":180,"caption":"Suno Not\u00edcias"},"image":{"@id":"https:\/\/www.suno.com.br\/noticias\/#\/schema\/logo\/image\/"},"sameAs":["https:\/\/facebook.com\/sunoresearch","https:\/\/x.com\/sunoresearch","https:\/\/www.instagram.com\/suno","https:\/\/www.linkedin.com\/company\/suno-research\/","https:\/\/www.youtube.com\/c\/sunoresearch"]},{"@type":"Person","@id":"https:\/\/www.suno.com.br\/noticias\/#\/schema\/person\/e67f665add014bf99f644028de070cc3","name":"Beatriz Oliveira","image":{"@type":"ImageObject","inLanguage":"pt-BR","@id":"https:\/\/www.suno.com.br\/noticias\/#\/schema\/person\/image\/","url":"https:\/\/secure.gravatar.com\/avatar\/c9aa6a0aaecc598d257d5d5bd349157d?s=96&r=g","contentUrl":"https:\/\/secure.gravatar.com\/avatar\/c9aa6a0aaecc598d257d5d5bd349157d?s=96&r=g","caption":"Beatriz Oliveira"},"description":"Formada em Jornalismo pela Faculdade Paulus de Tecnologia e Comunica\u00e7\u00e3o, Beatriz Oliveira escreve para o portal de not\u00edcias Suno Research. Antes, passou pelas reda\u00e7\u00f5es da Revista EXAME e da Rede Bandeirantes.","url":"https:\/\/www.suno.com.br\/noticias\/author\/beatriz\/"}]}},"default_loop_html":"<div class=\"cardsPage__listCard__boxs\"><div class=\"cardsPage__listCard__boxs__img\"><a href=\"https:\/\/www.suno.com.br\/noticias\/guerra-comercial-eua-china-recuperacao-global\/\"><img class=\"mask\" src=\"https:\/\/www.suno.com.br\/noticias\/wp-content\/themes\/suno\/resources\/images\/spotlight\/spotlight1img\/bg-mask.png\" alt=\"Image Mask\"\/><img src=\"https:\/\/files.sunoresearch.com.br\/n\/uploads\/2019\/05\/51466547-trump-400x200.webp\" alt=\"Guerra comercial EUA-China pode por em risco recupera\u00e7\u00e3o global, diz FMI\"\/><\/a><span class=\"spotlightCategory\"><a href=\"https:\/\/www.suno.com.br\/noticias\/internacional\/\">Internacional<\/a><\/span><\/div><div class=\"cardsPage__listCard__boxs__content\"><a href=\"https:\/\/www.suno.com.br\/noticias\/guerra-comercial-eua-china-recuperacao-global\/\"><h2 class=\"content__title\">Guerra comercial EUA-China pode por em risco recupera\u00e7\u00e3o global, diz FMI<\/h2><\/a><div class=\"newsContent__article__meta\"><div class=\"newsContent__article__meta__authorBox\"><a href=\"https:\/\/www.suno.com.br\/noticias\/author\/beatriz\/\" class=\"authorBox__avatar noMobi\"><img src=\"https:\/\/secure.gravatar.com\/avatar\/c9aa6a0aaecc598d257d5d5bd349157d?s=96&#038;r=g\" alt=\"Beatriz Oliveira\"><\/a><div class=\"authorBox__name\"><span>por\n\t\t\t<a href=\"https:\/\/www.suno.com.br\/noticias\/author\/beatriz\/\"><span itemprop=\"author\">Beatriz Oliveira<\/span><\/a><\/span><time datetime=\"2019-05-24T12:41:24-03:00\" itemprop=\"datePublished\">24\/05\/2019 12:41<\/time><\/div><\/div><\/div><\/div><\/div>","single_layout":"posts","amp_enabled":true,"_links":{"self":[{"href":"https:\/\/www.suno.com.br\/noticias\/wp-json\/wp\/v2\/posts\/25871"}],"collection":[{"href":"https:\/\/www.suno.com.br\/noticias\/wp-json\/wp\/v2\/posts"}],"about":[{"href":"https:\/\/www.suno.com.br\/noticias\/wp-json\/wp\/v2\/types\/post"}],"author":[{"embeddable":true,"href":"https:\/\/www.suno.com.br\/noticias\/wp-json\/wp\/v2\/users\/16"}],"replies":[{"embeddable":true,"href":"https:\/\/www.suno.com.br\/noticias\/wp-json\/wp\/v2\/comments?post=25871"}],"version-history":[{"count":1,"href":"https:\/\/www.suno.com.br\/noticias\/wp-json\/wp\/v2\/posts\/25871\/revisions"}],"predecessor-version":[{"id":157356,"href":"https:\/\/www.suno.com.br\/noticias\/wp-json\/wp\/v2\/posts\/25871\/revisions\/157356"}],"wp:featuredmedia":[{"embeddable":true,"href":"https:\/\/www.suno.com.br\/noticias\/wp-json\/wp\/v2\/media\/24252"}],"wp:attachment":[{"href":"https:\/\/www.suno.com.br\/noticias\/wp-json\/wp\/v2\/media?parent=25871"}],"wp:term":[{"taxonomy":"category","embeddable":true,"href":"https:\/\/www.suno.com.br\/noticias\/wp-json\/wp\/v2\/categories?post=25871"},{"taxonomy":"post_tag","embeddable":true,"href":"https:\/\/www.suno.com.br\/noticias\/wp-json\/wp\/v2\/tags?post=25871"},{"taxonomy":"suno_strategy","embeddable":true,"href":"https:\/\/www.suno.com.br\/noticias\/wp-json\/wp\/v2\/suno_strategy?post=25871"}],"curies":[{"name":"wp","href":"https:\/\/api.w.org\/{rel}","templated":true}]}}