{"id":258585,"date":"2022-05-13T11:38:04","date_gmt":"2022-05-13T14:38:04","guid":{"rendered":"https:\/\/www.suno.com.br\/noticias\/?p=258585"},"modified":"2022-05-13T11:38:04","modified_gmt":"2022-05-13T14:38:04","slug":"twitter-twrt34-perde-executivos-elon-musk","status":"publish","type":"post","link":"https:\/\/www.suno.com.br\/noticias\/twitter-twrt34-perde-executivos-elon-musk\/","title":{"rendered":"Twitter (TWTR34) perde dois executivos e congela contrata\u00e7\u00f5es em meio ao &#8216;caso Musk&#8217;"},"content":{"rendered":"<p>Em meio ao imbr\u00f3glio gerado pela compra feita por <a class=\"suno-keyword\" href=\"https:\/\/www.suno.com.br\/tudo-sobre\/elon-musk\/\" target=\"_blank\" rel=\"noopener\" data-force=\"no\" data-priority=\"2\">Elon Musk<\/a>, o <strong>Twitter<\/strong> (<a class=\"suno-keyword\" href=\"https:\/\/www.suno.com.br\/bdrs\/twtr34\/\" target=\"_blank\" rel=\"noopener\" data-force=\"yes\" data-priority=\"2\">TWTR34<\/a>) est\u00e1 vivendo mudan\u00e7as dentro da sua estrutura administrativa. Segundo um porta-voz da companhia, em comunicado oficial, dois executivos seniores est\u00e3o deixando a rede social.<\/p><div class=\"videoFull \">\n\t\t\t<div class=\"videoWrapper yt-lazyload center\"\n\t\t\t\tdata-width=\"960\"\n\t\t\t\tdata-height=\"540\"\n\t\t\t\tdata-id=\"K_laGWQlUuE\"\n\t\t\t\tdata-alt=\"V\u00eddeo do YouTube - clique para reproduzir\"\n\t\t\t\tdata-logo=\"3\"\n\t\t\t\tdata-imagequality=\"maxres\">\n\t\t\t<\/div>\n\t\t<\/div><script type=\"application\/ld+json\">{\"@context\":\"https:\/\/schema.org\",\"@type\":\"VideoObject\",\"name\":\"ELON MUSK SUSPENDE COMPRA DO TWITTER | Bolsonaro vai \u00e0 Justi\u00e7a para baixar combust\u00edveis\",\"description\":\"\ud83d\udcb5\ud83d\udcb0\ud835\uddd7\ud835\uddf2\ud835\ude00\ud835\uddf0\ud835\ude02\ud835\uddef\ud835\uddff\ud835\uddee \ud835\uddf0\ud835\uddfc\ud835\uddfa\ud835\uddfc \ud835\uddf9\ud835\ude02\ud835\uddf0\ud835\uddff\ud835\uddee\ud835\uddff \ud835\uddf2\ud835\uddfa \ud835\uddf1\u00f3\ud835\uddf9\ud835\uddee\ud835\uddff, \ud835\ude00\ud835\uddf2\ud835\uddfa \ud835\ude00\ud835\uddee\ud835\uddf6\ud835\uddff \ud835\uddf1\ud835\uddfc \ud835\uddd5\ud835\uddff\ud835\uddee\ud835\ude00\ud835\uddf6\ud835\uddf9\ud83d\udcb0\ud83d\udcb5 https:\/\/lp.suno.com.br\/cl\/recebendo-dividendos-em-dolar\/?utm_source=youtube.noticias&utm_medium=video&utm_campaign=RS.RDD22.ns.20220509 \ud83d\udcda [\ud835\udc04-\ud835\udc1b\ud835\udc28\ud835\udc28\ud835\udc24 \ud835\udc06\ud835\udc2b\ud835\udc1a\ud835\udc2d\ud835\udc2e\ud835\udc22\ud835\udc2d\ud835\udc28] \ud835\udc06\ud835\udc2e\ud835\udc22\ud835\udc1a \ud835\udc02\ud835\udc28\ud835\udc26\ud835\udc29\ud835\udc25\ud835\udc1e\ud835\udc2d\ud835\udc28: \ud835\udc03\ud835\udc22\ud835\udc2f\ud835\udc22\ud835\udc1d\ud835\udc1e\ud835\udc27\ud835\udc1d\ud835\udc28\ud835\udc2c: https:\/\/lp.suno.com.br\/lm\/ebook\/guia-completo-dividendos\/?utm_source=youtube.noticias&utm_medium=video&utm_campaign=ebook-guiacompleto:dividendos.20220315&utm_content= ELON MUSK SUSPENDE COMPRA DO TWITTER | Bolsonaro vai \u00e0 Justi\u00e7a para baixar combust\u00edveis | MORNING CALL | 13\/05 | Sexta-feira #ElonMusk #Twitter #Bolsonaro #Petrobras #PETR4 #SunoNot\u00edcias #Not\u00edcias #MorningCall Os \u00edndices futuros de Nova York e bolsas da\u2026\",\"duration\":\"PT33M3S\",\"embedUrl\":\"https:\/\/www.youtube.com\/embed\/K_laGWQlUuE\",\"regionsAllowed\":\"pt-BR\",\"interactionStatistic\":{\"@type\":\"InteractionCounter\",\"interactionType\":{\"@type\":\"WatchAction\"},\"userInteractionCount\":2205},\"thumbnailUrl\":\"https:\/\/i.ytimg.com\/vi\/K_laGWQlUuE\/default.jpg\",\"uploadDate\":\"2022-05-13T12:37:46Z\"}<\/script>\n\n\t<p>\n\t\t<a href=\"\" target=\"_blank\" data-element=\"shortcode-suno-banner\" title=\"Banner SUNO, clique e saiba mais\">\n\t\t\t<picture>\n\t\t\t\t<source media=\"(max-width: 500px)\" srcset=\"\">\n\t\t\t\t<img class=\"newsContent__article__imgCapa newsContent__article__imgCapa--banner\"\n\t\t\t\t\tsrc=\"\"\n\t\t\t\t\tdata-promo-id=\"240038\"\t\t\t\t\t\t\t\t\t\t\t\t\t\t\talt=\"\"\n\t\t\t\t>\n\t\t\t<\/picture>\n\t\t<\/a>\n\t<\/p>\n\n\n<p>Os dois <strong>executivos do Twitter<\/strong> s\u00e3o Bruce Falck, diretor de receitas, e Kayvon Beykpour, diretor de consumo. Ambos v\u00e3o sair da empresa a menos de seis meses ap\u00f3s terem sido promovidos para os cargos.<\/p>\n<p>Com esse cen\u00e1rio,\u00a0Jay Sullivan ir\u00e1 substituir ambos os executivos. Atualmente, Sullivan \u00e9 vice-presidente de produtos da rede social, cargo que ocupa desde novembro do ano passado.<\/p>\n<p>Al\u00e9m disso, em um memorando interno, o <strong>CEO do Twitter<\/strong>, Parag Agrawal, disse que a partir desta semana a companhia tamb\u00e9m vai congelar novas contrata\u00e7\u00f5es.<\/p>\n\n\t<div data-element=\"shortcode-read-more\" class=\"readToo\">\n\t\t\t\t<span class=\"readToo__title\">Leia mais<\/span>\n\t\t\t\t<ul class=\"readToo__list\">\n\t\t\t<li><a href=\"https:\/\/www.suno.com.br\/noticias\/elon-musk-twitter-twtr34-compra-acoes\/\">Elon Musk suspende compra do Twitter (TWTR34), mas diz que &#8216;segue comprometido&#8217; com transa\u00e7\u00e3o<\/a><\/li><li><a href=\"https:\/\/www.suno.com.br\/noticias\/elon-musk-twitter-twtr34-censora-executivos\/\">Elon Musk critica &#8216;censora&#8217; do Twitter (TWTR34) e reuni\u00e3o de executivos vaza<\/a><\/li><li><a href=\"https:\/\/www.suno.com.br\/noticias\/twitter-twtr34-elon-musk-anti-mudancas\/\">Twitter (TWTR34) bloqueia mudan\u00e7as para conter funcion\u00e1rios &#8216;anti Elon Musk&#8217;<\/a><\/li><li><a href=\"https:\/\/www.suno.com.br\/noticias\/elon-musk-conselho-twitter-acoes\/\">Elon Musk far\u00e1 parte do Conselho de Diretores do Twitter (TWTR34); a\u00e7\u00e3o sobe 5%<\/a><\/li>\t\t<\/ul>\n\t<\/div>\n\n\n<p>N\u00e3o h\u00e1 previs\u00e3o de cortes no Twitter, e no comunicado a companhia cita o cen\u00e1rio macroecon\u00f4mico global e o conflito na Ucr\u00e2nia.<\/p>\n<p>Al\u00e9m disso, h\u00e1 o fato de a governan\u00e7a da rede poder mudar drasticamente com a entrada de <strong>Elon Musk<\/strong>. A tens\u00e3o com isso foi tamanha que, semanas antes, a gest\u00e3o &#8216;travou&#8217; diversas mudan\u00e7as internas para conter funcion\u00e1rios que viessem a retaliar a companhia por conta da transa\u00e7\u00e3o com Musk ser aceita.<\/p>\n<p>O atual CEO, da Tesla (<a class=\"suno-keyword\" href=\"https:\/\/www.suno.com.br\/bdrs\/tsla34\/\" target=\"_blank\" rel=\"noopener\" data-force=\"yes\" data-priority=\"2\">TSLA34<\/a>), vale lembrar, <a href=\"https:\/\/www.suno.com.br\/noticias\/elon-musk-twitter-twtr34-compra-acoes\/\">acabou de suspender a compra da rede social<\/a> por conta de um dado acerca do volume de contas de spam e bots.<\/p>\n<div data-element=\"shortcode-read-more\">\n<h2>Twitter bloqueia mudan\u00e7as para conter funcion\u00e1rios \u2018anti Elon Musk\u2019<\/h2>\n<p>No fim de abril, a gest\u00e3o da rede social bloqueou mudan\u00e7as em sua plataforma, segundo apura\u00e7\u00e3o da Bloomberg com fontes familiarizadas com o assunto.<\/p>\n<p>Com a medida, o Twitter visou evitar mudan\u00e7as internas feitas por funcion\u00e1rios por conta de <strong>Elon Musk<\/strong>\u00a0ter anunciado mudan\u00e7as relevantes na\u00a0<a href=\"https:\/\/www.suno.com.br\/artigos\/governanca-corporativa\/\">gest\u00e3o da rede social<\/a>. Em falas recentes, o empres\u00e1rio criticou fortemente as diretrizes atuais.<\/p>\n\t<p>\n\t\t<a href=\"https:\/\/lp.suno.com.br\/planilha-controle-gastos\/\" target=\"_blank\" data-element=\"shortcode-suno-banner\" title=\"Banner SUNO, clique e saiba mais\">\n\t\t\t<picture>\n\t\t\t\t<source media=\"(max-width: 500px)\" srcset=\"https:\/\/files.sunoresearch.com.br\/n\/uploads\/2023\/03\/400x300-Planilha-controle-de-gastos.png\">\n\t\t\t\t<img class=\"newsContent__article__imgCapa newsContent__article__imgCapa--banner\"\n\t\t\t\t\tsrc=\"https:\/\/files.sunoresearch.com.br\/n\/uploads\/2023\/03\/1420x240-Planilha-controle-de-gastos.png\"\n\t\t\t\t\tdata-promo-id=\"101751\"\t\t\t\t\t\t\t\t\t\twidth='1420' height='240'\t\t\t\t\talt=\"https:\/\/files.sunoresearch.com.br\/n\/uploads\/2023\/03\/1420x240-Planilha-controle-de-gastos.png\"\n\t\t\t\t>\n\t\t\t<\/picture>\n\t\t<\/a>\n\t<\/p>\n\n\n<p>\u201cA liberdade de express\u00e3o \u00e9 o alicerce de uma democracia funcional, e o Twitter \u00e9 a pra\u00e7a digital onde problemas vitais para o futuro da humanidade s\u00e3o discutidos\u201d, disse o empres\u00e1rio em uma entrevista ap\u00f3s o neg\u00f3cio da\u00a0<strong>compra do Twitter<\/strong>\u00a0ser fechado.<\/p>\n<p>Segundo fontes familiarizadas com o assunto, a rede social seguiu com o bloqueio de atualiza\u00e7\u00f5es de produtos at\u00e9 o dia 29 de abril, exceto em &#8216;casos cr\u00edticos&#8217; para os neg\u00f3cios.<\/p>\n<p>Mudan\u00e7as no produto final devem exigir aprova\u00e7\u00e3o do vice-presidente da companhia. Al\u00e9m disso, a gest\u00e3o da rede social proibiu temporariamente que funcion\u00e1rios que possam ser cr\u00edticos a\u00a0<strong>Musk<\/strong>\u00a0e que possam fazer oposi\u00e7\u00e3o ao acordo da compra \u201cse tornem desonestos\u201d.<\/p>\n<p>Vale lembrar que esse tipo de medida de conten\u00e7\u00e3o j\u00e1 foi adotada outras vezes, como a trava do seu c\u00f3digo antes do Super Bowl, como forma de garantir o bom funcionamento da plataforma e evitar erros e outros problemas operacionais.<\/p>\n\t<p>\n\t\t<a href=\"https:\/\/lp.suno.com.br\/planilha-da-vida-financeira\/\" target=\"_blank\" data-element=\"shortcode-suno-banner\" title=\"Banner SUNO, clique e saiba mais\">\n\t\t\t<picture>\n\t\t\t\t<source media=\"(max-width: 500px)\" srcset=\"https:\/\/files.sunoresearch.com.br\/n\/uploads\/2023\/04\/400x300-Planilha-vida-financeira-true.png\">\n\t\t\t\t<img class=\"newsContent__article__imgCapa newsContent__article__imgCapa--banner\"\n\t\t\t\t\tsrc=\"https:\/\/files.sunoresearch.com.br\/n\/uploads\/2023\/04\/1420x240-Planilha-vida-financeira-true.png\"\n\t\t\t\t\tdata-promo-id=\"106682\"\t\t\t\t\t\t\t\t\t\twidth='1420' height='240'\t\t\t\t\talt=\"https:\/\/files.sunoresearch.com.br\/n\/uploads\/2023\/04\/1420x240-Planilha-vida-financeira-true.png\"\n\t\t\t\t>\n\t\t\t<\/picture>\n\t\t<\/a>\n\t<\/p>\n\n\n<h2>Compra da rede social por Musk \u00e9 &#8216;pausada&#8217;<\/h2>\n<p>O empres\u00e1rio e <strong>CEO da Tesla<\/strong> (<a class=\"suno-keyword\" href=\"https:\/\/www.suno.com.br\/bdrs\/tsla34\/\" target=\"_blank\" rel=\"noopener\" data-force=\"yes\" data-priority=\"2\">TSLA34<\/a>),\u00a0Elon Musk, anunciou nesta sexta (13) a suspens\u00e3o tempor\u00e1ria do acordo feito para comprar o Twitter (<a class=\"suno-keyword\" href=\"https:\/\/www.suno.com.br\/bdrs\/twtr34\/\" target=\"_blank\" rel=\"noopener\" data-force=\"yes\" data-priority=\"2\">TWTR34<\/a>). Logo em seguida, afirmou que \u201cainda est\u00e1 comprometido com a compra\u201d da rede social. Isso ocorre porque, ainda que o acordo da compra tenha sido fechado, a transa\u00e7\u00e3o ainda n\u00e3o foi efetivada e liquidada.]<\/p>\n<p>Em sua conta na rede social, Elon Musk disse que o contrato de aquisi\u00e7\u00e3o depende da confirma\u00e7\u00e3o de que o n\u00famero de usu\u00e1rios com contas de spam ou falsas na rede est\u00e1 abaixo de 5%, motivo o qual a transa\u00e7\u00e3o estria condicionada.<\/p>\n<p>Com a not\u00edcia da \u2018pausa\u2019 na transa\u00e7\u00e3o de Elon Musk, as\u00a0<strong>a\u00e7\u00f5es do Twitter<\/strong>\u00a0desabam 15,2% na\u00a0Nasdaq\u00a0durante o premarket \u2013 per\u00edodo de negocia\u00e7\u00f5es que precede a\u00a0<a class=\"suno-keyword\" href=\"https:\/\/www.suno.com.br\/artigos\/abertura-do-mercado\/\" target=\"_blank\" rel=\"noopener\" data-force=\"no\" data-priority=\"1\">abertura do mercado<\/a>\u00a0em\u00a0<a href=\"https:\/\/www.suno.com.br\/artigos\/wall-street\/\">Wall Street<\/a>.<\/p>\n\t<p>\n\t\t<a href=\"https:\/\/lp.suno.com.br\/ebook-como-analisar-uma-acao\/\" target=\"_blank\" data-element=\"shortcode-suno-banner\" title=\"Banner SUNO, clique e saiba mais\">\n\t\t\t<picture>\n\t\t\t\t<source media=\"(max-width: 500px)\" srcset=\"https:\/\/files.sunoresearch.com.br\/n\/uploads\/2023\/03\/Ebook-Acoes-Mobile-1.jpg\">\n\t\t\t\t<img class=\"newsContent__article__imgCapa newsContent__article__imgCapa--banner\"\n\t\t\t\t\tsrc=\"https:\/\/files.sunoresearch.com.br\/n\/uploads\/2023\/03\/Ebook-Acoes-Desktop-1.jpg\"\n\t\t\t\t\tdata-promo-id=\"171998\"\t\t\t\t\t\t\t\t\t\twidth='1420' height='286'\t\t\t\t\talt=\"https:\/\/files.sunoresearch.com.br\/n\/uploads\/2023\/03\/Ebook-Acoes-Desktop-1.jpg\"\n\t\t\t\t>\n\t\t\t<\/picture>\n\t\t<\/a>\n\t<\/p>\n\n\n<p>Mais cedo, os pap\u00e9is chegaram a cair 19%. Com a queda, os papeis atingiram o n\u00edvel mais baixo desde que Musk divulgou que tinha participa\u00e7\u00e3o na empresa, em meados do in\u00edcio de abril.<\/p>\n<p>O n\u00famero divulgado pela administra\u00e7\u00e3o da rede foi de 229 milh\u00f5es de\u00a0<strong>usu\u00e1rios<\/strong>\u00a0que foram \u2018descobertos\u2019 no primeiro trimestre deste ano. Para\u00a0<strong>Musk<\/strong>, esse \u00e9 um ponto crucial para a transa\u00e7\u00e3o, j\u00e1 que reduzir o n\u00famero dessas contas seria um de seus principais motivos para comprar a plataforma.\u200b<\/p>\n<div data-element=\"shortcode-read-more\">\n<p>Em ocasi\u00f5es anteriores, o empres\u00e1rio havia criticado fortemente as decis\u00f5es do Twitter acerca de\u00a0banimentos\u00a0e\u00a0restri\u00e7\u00f5es\u00a0aos usu\u00e1rios, \u2013 como a suspens\u00e3o da conta do ex-presidente americano,\u00a0<a href=\"https:\/\/www.suno.com.br\/noticias\/donald-trump-processa-facebook-twitter-google\/\">Donald Trump<\/a>\u00a0\u2013 mas havia defendido a utiliza\u00e7\u00e3o desse tipo de ferramenta contra bots,\u00a0contas de spam\u00a0e an\u00e1logas.<\/p>\n<p>Visando essa mudan\u00e7a, Musk pretendia, segundo declara\u00e7\u00f5es, abrir os algoritmos \u2013 ou seja, tornar o Twitter uma rede de c\u00f3digo aberto \u2013 , e combater os\u00a0bots\u00a0ao implementar ferramentas para autenticar os \u201chumanos\u201d.<\/p>\n<p>J\u00e1 no comunicado oficial da companhia, do dia 5 deste m\u00eas, a gest\u00e3o do <strong>Twitter<\/strong> cita que \u201cenfrenta v\u00e1rios riscos at\u00e9 que o acordo com Elon Musk seja fechado, com d\u00favidas se os anunciantes continuariam gastando com publicidade e a \u2018poss\u00edvel incerteza em rela\u00e7\u00e3o a nossos planos e estrat\u00e9gias futuras&#8217;\u201d.<\/p>\n\t<p>\n\t\t<a href=\"https:\/\/lp.suno.com.br\/planilha-de-controle-de-investimentos\/\" target=\"_blank\" data-element=\"shortcode-suno-banner\" title=\"Banner SUNO, clique e saiba mais\">\n\t\t\t<picture>\n\t\t\t\t<source media=\"(max-width: 500px)\" srcset=\"https:\/\/files.sunoresearch.com.br\/n\/uploads\/2023\/03\/400x300-Controle-de-Investimentos.png\">\n\t\t\t\t<img class=\"newsContent__article__imgCapa newsContent__article__imgCapa--banner\"\n\t\t\t\t\tsrc=\"https:\/\/files.sunoresearch.com.br\/n\/uploads\/2023\/03\/1420x240-Controle-de-Investimentos.png\"\n\t\t\t\t\tdata-promo-id=\"75934\"\t\t\t\t\t\t\t\t\t\twidth='1420' height='240'\t\t\t\t\talt=\"https:\/\/files.sunoresearch.com.br\/n\/uploads\/2023\/03\/1420x240-Controle-de-Investimentos.png\"\n\t\t\t\t>\n\t\t\t<\/picture>\n\t\t<\/a>\n\t<\/p>\n\n\n<\/div>\n<\/div>\n","protected":false},"excerpt":{"rendered":"<p>Em meio ao imbr\u00f3glio gerado pela compra feita por Elon Musk, o Twitter (TWTR34) est\u00e1 vivendo mudan\u00e7as dentro da sua estrutura administrativa. Segundo um porta-voz da companhia, em comunicado oficial, dois executivos seniores est\u00e3o deixando a rede social. Elon Musk fala em possibilidade de fal\u00eancia do Twitter; Veja o que disse o bilion\u00e1rio. Foto: Divulga\u00e7\u00e3o [&hellip;]<\/p>\n","protected":false},"author":73,"featured_media":136409,"comment_status":"closed","ping_status":"closed","sticky":false,"template":"","format":"standard","meta":[],"categories":[64],"tags":[726,105816,1110],"suno_strategy":[],"class_list":["post-258585","post","type-post","status-publish","format-standard","has-post-thumbnail","hentry","category-negocios","tag-elon-musk","tag-especialistas","tag-twitter-twtr34"],"yoast_head":"<!-- This site is optimized with the Yoast SEO plugin v24.4 - https:\/\/yoast.com\/wordpress\/plugins\/seo\/ -->\n<title>Twitter (TWTR34) perde dois executivos e congela contrata\u00e7\u00f5es em meio ao &#039;caso Musk&#039;<\/title>\n<meta name=\"description\" content=\"Ap\u00f3s compra de Elon Musk, o Twitter j\u00e1 soma diversas mudan\u00e7as, incluindo &#039;travas&#039; internas para evitar retalia\u00e7\u00f5es. Clique aqui e confira!\" \/>\n<meta name=\"robots\" content=\"index, follow, max-snippet:-1, max-image-preview:large, max-video-preview:-1\" \/>\n<link rel=\"canonical\" href=\"https:\/\/www.suno.com.br\/noticias\/twitter-twrt34-perde-executivos-elon-musk\/\" \/>\n<meta property=\"og:locale\" content=\"pt_BR\" \/>\n<meta property=\"og:type\" content=\"article\" \/>\n<meta property=\"og:title\" content=\"Twitter (TWTR34) perde dois executivos e congela contrata\u00e7\u00f5es em meio ao &#039;caso Musk&#039;\" \/>\n<meta property=\"og:description\" content=\"Ap\u00f3s compra de Elon Musk, o Twitter j\u00e1 soma diversas mudan\u00e7as, incluindo &#039;travas&#039; internas para evitar retalia\u00e7\u00f5es. Clique aqui e confira!\" \/>\n<meta property=\"og:url\" content=\"https:\/\/www.suno.com.br\/noticias\/twitter-twrt34-perde-executivos-elon-musk\/\" \/>\n<meta property=\"og:site_name\" content=\"Suno Not\u00edcias\" \/>\n<meta property=\"article:publisher\" content=\"https:\/\/facebook.com\/sunoresearch\" \/>\n<meta property=\"og:image\" content=\"https:\/\/files.sunoresearch.com.br\/n\/uploads\/2021\/04\/0ecdc79d-cell-phone-1245663_1280.jpg\" \/>\n\t<meta property=\"og:image:width\" content=\"1280\" \/>\n\t<meta property=\"og:image:height\" content=\"853\" \/>\n\t<meta property=\"og:image:type\" content=\"image\/jpeg\" \/>\n<meta name=\"author\" content=\"Eduardo Vargas\" \/>\n<meta name=\"twitter:card\" content=\"summary_large_image\" \/>\n<meta name=\"twitter:creator\" content=\"@sunoresearch\" \/>\n<meta name=\"twitter:site\" content=\"@sunoresearch\" \/>\n<meta name=\"twitter:label1\" content=\"Escrito por\" \/>\n\t<meta name=\"twitter:data1\" content=\"Eduardo Vargas\" \/>\n\t<meta name=\"twitter:label2\" content=\"Est. tempo de leitura\" \/>\n\t<meta name=\"twitter:data2\" content=\"4 minutos\" \/>\n<script type=\"application\/ld+json\" class=\"yoast-schema-graph\">{\"@context\":\"https:\/\/schema.org\",\"@graph\":[{\"@type\":\"NewsArticle\",\"@id\":\"https:\/\/www.suno.com.br\/noticias\/twitter-twrt34-perde-executivos-elon-musk\/#article\",\"isPartOf\":{\"@id\":\"https:\/\/www.suno.com.br\/noticias\/twitter-twrt34-perde-executivos-elon-musk\/\"},\"author\":{\"name\":\"Eduardo Vargas\",\"@id\":\"https:\/\/www.suno.com.br\/noticias\/#\/schema\/person\/7f4d362bf3518e76090143ae77bb49a5\"},\"headline\":\"Twitter (TWTR34) perde dois executivos e congela contrata\u00e7\u00f5es em meio ao &#8216;caso Musk&#8217;\",\"datePublished\":\"2022-05-13T14:38:04+00:00\",\"mainEntityOfPage\":{\"@id\":\"https:\/\/www.suno.com.br\/noticias\/twitter-twrt34-perde-executivos-elon-musk\/\"},\"wordCount\":914,\"publisher\":{\"@id\":\"https:\/\/www.suno.com.br\/noticias\/#organization\"},\"image\":{\"@id\":\"https:\/\/www.suno.com.br\/noticias\/twitter-twrt34-perde-executivos-elon-musk\/#primaryimage\"},\"thumbnailUrl\":\"https:\/\/files.sunoresearch.com.br\/n\/uploads\/2021\/04\/0ecdc79d-cell-phone-1245663_1280-jpg.webp\",\"keywords\":[\"Elon Musk\",\"Especialistas\",\"Twitter (TWTR34)\"],\"articleSection\":[\"Neg\u00f3cios\"],\"inLanguage\":\"pt-BR\"},{\"@type\":\"WebPage\",\"@id\":\"https:\/\/www.suno.com.br\/noticias\/twitter-twrt34-perde-executivos-elon-musk\/\",\"url\":\"https:\/\/www.suno.com.br\/noticias\/twitter-twrt34-perde-executivos-elon-musk\/\",\"name\":\"Twitter (TWTR34) perde dois executivos e congela contrata\u00e7\u00f5es em meio ao 'caso Musk'\",\"isPartOf\":{\"@id\":\"https:\/\/www.suno.com.br\/noticias\/#website\"},\"primaryImageOfPage\":{\"@id\":\"https:\/\/www.suno.com.br\/noticias\/twitter-twrt34-perde-executivos-elon-musk\/#primaryimage\"},\"image\":{\"@id\":\"https:\/\/www.suno.com.br\/noticias\/twitter-twrt34-perde-executivos-elon-musk\/#primaryimage\"},\"thumbnailUrl\":\"https:\/\/files.sunoresearch.com.br\/n\/uploads\/2021\/04\/0ecdc79d-cell-phone-1245663_1280-jpg.webp\",\"datePublished\":\"2022-05-13T14:38:04+00:00\",\"description\":\"Ap\u00f3s compra de Elon Musk, o Twitter j\u00e1 soma diversas mudan\u00e7as, incluindo 'travas' internas para evitar retalia\u00e7\u00f5es. Clique aqui e confira!\",\"breadcrumb\":{\"@id\":\"https:\/\/www.suno.com.br\/noticias\/twitter-twrt34-perde-executivos-elon-musk\/#breadcrumb\"},\"inLanguage\":\"pt-BR\",\"potentialAction\":[{\"@type\":\"ReadAction\",\"target\":[\"https:\/\/www.suno.com.br\/noticias\/twitter-twrt34-perde-executivos-elon-musk\/\"]}]},{\"@type\":\"ImageObject\",\"inLanguage\":\"pt-BR\",\"@id\":\"https:\/\/www.suno.com.br\/noticias\/twitter-twrt34-perde-executivos-elon-musk\/#primaryimage\",\"url\":\"https:\/\/files.sunoresearch.com.br\/n\/uploads\/2021\/04\/0ecdc79d-cell-phone-1245663_1280-jpg.webp\",\"contentUrl\":\"https:\/\/files.sunoresearch.com.br\/n\/uploads\/2021\/04\/0ecdc79d-cell-phone-1245663_1280-jpg.webp\",\"width\":1280,\"height\":853,\"caption\":\"Twitter: alta no lucro. Foto: Pixabay\"},{\"@type\":\"BreadcrumbList\",\"@id\":\"https:\/\/www.suno.com.br\/noticias\/twitter-twrt34-perde-executivos-elon-musk\/#breadcrumb\",\"itemListElement\":[{\"@type\":\"ListItem\",\"position\":1,\"name\":\"Not\u00edcias\",\"item\":\"https:\/\/www.suno.com.br\/noticias\/\"},{\"@type\":\"ListItem\",\"position\":2,\"name\":\"Neg\u00f3cios\",\"item\":\"https:\/\/www.suno.com.br\/noticias\/negocios\/\"},{\"@type\":\"ListItem\",\"position\":3,\"name\":\"Twitter (TWTR34) perde dois executivos e congela contrata\u00e7\u00f5es em meio ao &#8216;caso Musk&#8217;\"}]},{\"@type\":\"WebSite\",\"@id\":\"https:\/\/www.suno.com.br\/noticias\/#website\",\"url\":\"https:\/\/www.suno.com.br\/noticias\/\",\"name\":\"Suno Not\u00edcias\",\"description\":\"Seu portal de informa\u00e7\u00e3o sobre o mundo dos investimentos\",\"publisher\":{\"@id\":\"https:\/\/www.suno.com.br\/noticias\/#organization\"},\"potentialAction\":[{\"@type\":\"SearchAction\",\"target\":{\"@type\":\"EntryPoint\",\"urlTemplate\":\"https:\/\/www.suno.com.br\/noticias\/?s={search_term_string}\"},\"query-input\":{\"@type\":\"PropertyValueSpecification\",\"valueRequired\":true,\"valueName\":\"search_term_string\"}}],\"inLanguage\":\"pt-BR\"},{\"@type\":\"Organization\",\"@id\":\"https:\/\/www.suno.com.br\/noticias\/#organization\",\"name\":\"Suno Not\u00edcias\",\"url\":\"https:\/\/www.suno.com.br\/noticias\/\",\"logo\":{\"@type\":\"ImageObject\",\"inLanguage\":\"pt-BR\",\"@id\":\"https:\/\/www.suno.com.br\/noticias\/#\/schema\/logo\/image\/\",\"url\":\"https:\/\/files.sunoresearch.com.br\/n\/uploads\/2021\/09\/suno-logo.png\",\"contentUrl\":\"https:\/\/files.sunoresearch.com.br\/n\/uploads\/2021\/09\/suno-logo.png\",\"width\":180,\"height\":180,\"caption\":\"Suno Not\u00edcias\"},\"image\":{\"@id\":\"https:\/\/www.suno.com.br\/noticias\/#\/schema\/logo\/image\/\"},\"sameAs\":[\"https:\/\/facebook.com\/sunoresearch\",\"https:\/\/x.com\/sunoresearch\",\"https:\/\/www.instagram.com\/suno\",\"https:\/\/www.linkedin.com\/company\/suno-research\/\",\"https:\/\/www.youtube.com\/c\/sunoresearch\"]},{\"@type\":\"Person\",\"@id\":\"https:\/\/www.suno.com.br\/noticias\/#\/schema\/person\/7f4d362bf3518e76090143ae77bb49a5\",\"name\":\"Eduardo Vargas\",\"image\":{\"@type\":\"ImageObject\",\"inLanguage\":\"pt-BR\",\"@id\":\"https:\/\/www.suno.com.br\/noticias\/#\/schema\/person\/image\/\",\"url\":\"https:\/\/secure.gravatar.com\/avatar\/dac340933427a22924c9f99d1eb2e3f2?s=96&r=g\",\"contentUrl\":\"https:\/\/secure.gravatar.com\/avatar\/dac340933427a22924c9f99d1eb2e3f2?s=96&r=g\",\"caption\":\"Eduardo Vargas\"},\"description\":\"Jornalista formado pela UFSC, cobre macroeconomia, neg\u00f3cios e startups para o Suno Not\u00edcias, escrevendo principalmente not\u00edcias sobre o mercado financeiro e a bolsa de valores. No YouTube e no Instagram, \u00e9 respons\u00e1vel pela produ\u00e7\u00e3o de Reels e Shorts do Suno Not\u00edcias. Anteriormente, trabalhou cobrindo economia e cotidiano no ND+ e para o ND, maior jornal impresso de Santa Catarina. Cursou um semestre letivo de Estudos de M\u00eddia na Universidad de Buenos Aires.\",\"url\":\"https:\/\/www.suno.com.br\/noticias\/author\/eduardo-vargas\/\"}]}<\/script>\n<!-- \/ Yoast SEO plugin. -->","yoast_head_json":{"title":"Twitter (TWTR34) perde dois executivos e congela contrata\u00e7\u00f5es em meio ao 'caso Musk'","description":"Ap\u00f3s compra de Elon Musk, o Twitter j\u00e1 soma diversas mudan\u00e7as, incluindo 'travas' internas para evitar retalia\u00e7\u00f5es. Clique aqui e confira!","robots":{"index":"index","follow":"follow","max-snippet":"max-snippet:-1","max-image-preview":"max-image-preview:large","max-video-preview":"max-video-preview:-1"},"canonical":"https:\/\/www.suno.com.br\/noticias\/twitter-twrt34-perde-executivos-elon-musk\/","og_locale":"pt_BR","og_type":"article","og_title":"Twitter (TWTR34) perde dois executivos e congela contrata\u00e7\u00f5es em meio ao 'caso Musk'","og_description":"Ap\u00f3s compra de Elon Musk, o Twitter j\u00e1 soma diversas mudan\u00e7as, incluindo 'travas' internas para evitar retalia\u00e7\u00f5es. Clique aqui e confira!","og_url":"https:\/\/www.suno.com.br\/noticias\/twitter-twrt34-perde-executivos-elon-musk\/","og_site_name":"Suno Not\u00edcias","article_publisher":"https:\/\/facebook.com\/sunoresearch","og_image":[{"width":1280,"height":853,"url":"https:\/\/files.sunoresearch.com.br\/n\/uploads\/2021\/04\/0ecdc79d-cell-phone-1245663_1280.jpg","type":"image\/jpeg"}],"author":"Eduardo Vargas","twitter_card":"summary_large_image","twitter_creator":"@sunoresearch","twitter_site":"@sunoresearch","twitter_misc":{"Escrito por":"Eduardo Vargas","Est. tempo de leitura":"4 minutos"},"schema":{"@context":"https:\/\/schema.org","@graph":[{"@type":"NewsArticle","@id":"https:\/\/www.suno.com.br\/noticias\/twitter-twrt34-perde-executivos-elon-musk\/#article","isPartOf":{"@id":"https:\/\/www.suno.com.br\/noticias\/twitter-twrt34-perde-executivos-elon-musk\/"},"author":{"name":"Eduardo Vargas","@id":"https:\/\/www.suno.com.br\/noticias\/#\/schema\/person\/7f4d362bf3518e76090143ae77bb49a5"},"headline":"Twitter (TWTR34) perde dois executivos e congela contrata\u00e7\u00f5es em meio ao &#8216;caso Musk&#8217;","datePublished":"2022-05-13T14:38:04+00:00","mainEntityOfPage":{"@id":"https:\/\/www.suno.com.br\/noticias\/twitter-twrt34-perde-executivos-elon-musk\/"},"wordCount":914,"publisher":{"@id":"https:\/\/www.suno.com.br\/noticias\/#organization"},"image":{"@id":"https:\/\/www.suno.com.br\/noticias\/twitter-twrt34-perde-executivos-elon-musk\/#primaryimage"},"thumbnailUrl":"https:\/\/files.sunoresearch.com.br\/n\/uploads\/2021\/04\/0ecdc79d-cell-phone-1245663_1280-jpg.webp","keywords":["Elon Musk","Especialistas","Twitter (TWTR34)"],"articleSection":["Neg\u00f3cios"],"inLanguage":"pt-BR"},{"@type":"WebPage","@id":"https:\/\/www.suno.com.br\/noticias\/twitter-twrt34-perde-executivos-elon-musk\/","url":"https:\/\/www.suno.com.br\/noticias\/twitter-twrt34-perde-executivos-elon-musk\/","name":"Twitter (TWTR34) perde dois executivos e congela contrata\u00e7\u00f5es em meio ao 'caso Musk'","isPartOf":{"@id":"https:\/\/www.suno.com.br\/noticias\/#website"},"primaryImageOfPage":{"@id":"https:\/\/www.suno.com.br\/noticias\/twitter-twrt34-perde-executivos-elon-musk\/#primaryimage"},"image":{"@id":"https:\/\/www.suno.com.br\/noticias\/twitter-twrt34-perde-executivos-elon-musk\/#primaryimage"},"thumbnailUrl":"https:\/\/files.sunoresearch.com.br\/n\/uploads\/2021\/04\/0ecdc79d-cell-phone-1245663_1280-jpg.webp","datePublished":"2022-05-13T14:38:04+00:00","description":"Ap\u00f3s compra de Elon Musk, o Twitter j\u00e1 soma diversas mudan\u00e7as, incluindo 'travas' internas para evitar retalia\u00e7\u00f5es. Clique aqui e confira!","breadcrumb":{"@id":"https:\/\/www.suno.com.br\/noticias\/twitter-twrt34-perde-executivos-elon-musk\/#breadcrumb"},"inLanguage":"pt-BR","potentialAction":[{"@type":"ReadAction","target":["https:\/\/www.suno.com.br\/noticias\/twitter-twrt34-perde-executivos-elon-musk\/"]}]},{"@type":"ImageObject","inLanguage":"pt-BR","@id":"https:\/\/www.suno.com.br\/noticias\/twitter-twrt34-perde-executivos-elon-musk\/#primaryimage","url":"https:\/\/files.sunoresearch.com.br\/n\/uploads\/2021\/04\/0ecdc79d-cell-phone-1245663_1280-jpg.webp","contentUrl":"https:\/\/files.sunoresearch.com.br\/n\/uploads\/2021\/04\/0ecdc79d-cell-phone-1245663_1280-jpg.webp","width":1280,"height":853,"caption":"Twitter: alta no lucro. Foto: Pixabay"},{"@type":"BreadcrumbList","@id":"https:\/\/www.suno.com.br\/noticias\/twitter-twrt34-perde-executivos-elon-musk\/#breadcrumb","itemListElement":[{"@type":"ListItem","position":1,"name":"Not\u00edcias","item":"https:\/\/www.suno.com.br\/noticias\/"},{"@type":"ListItem","position":2,"name":"Neg\u00f3cios","item":"https:\/\/www.suno.com.br\/noticias\/negocios\/"},{"@type":"ListItem","position":3,"name":"Twitter (TWTR34) perde dois executivos e congela contrata\u00e7\u00f5es em meio ao &#8216;caso Musk&#8217;"}]},{"@type":"WebSite","@id":"https:\/\/www.suno.com.br\/noticias\/#website","url":"https:\/\/www.suno.com.br\/noticias\/","name":"Suno Not\u00edcias","description":"Seu portal de informa\u00e7\u00e3o sobre o mundo dos investimentos","publisher":{"@id":"https:\/\/www.suno.com.br\/noticias\/#organization"},"potentialAction":[{"@type":"SearchAction","target":{"@type":"EntryPoint","urlTemplate":"https:\/\/www.suno.com.br\/noticias\/?s={search_term_string}"},"query-input":{"@type":"PropertyValueSpecification","valueRequired":true,"valueName":"search_term_string"}}],"inLanguage":"pt-BR"},{"@type":"Organization","@id":"https:\/\/www.suno.com.br\/noticias\/#organization","name":"Suno Not\u00edcias","url":"https:\/\/www.suno.com.br\/noticias\/","logo":{"@type":"ImageObject","inLanguage":"pt-BR","@id":"https:\/\/www.suno.com.br\/noticias\/#\/schema\/logo\/image\/","url":"https:\/\/files.sunoresearch.com.br\/n\/uploads\/2021\/09\/suno-logo.png","contentUrl":"https:\/\/files.sunoresearch.com.br\/n\/uploads\/2021\/09\/suno-logo.png","width":180,"height":180,"caption":"Suno Not\u00edcias"},"image":{"@id":"https:\/\/www.suno.com.br\/noticias\/#\/schema\/logo\/image\/"},"sameAs":["https:\/\/facebook.com\/sunoresearch","https:\/\/x.com\/sunoresearch","https:\/\/www.instagram.com\/suno","https:\/\/www.linkedin.com\/company\/suno-research\/","https:\/\/www.youtube.com\/c\/sunoresearch"]},{"@type":"Person","@id":"https:\/\/www.suno.com.br\/noticias\/#\/schema\/person\/7f4d362bf3518e76090143ae77bb49a5","name":"Eduardo Vargas","image":{"@type":"ImageObject","inLanguage":"pt-BR","@id":"https:\/\/www.suno.com.br\/noticias\/#\/schema\/person\/image\/","url":"https:\/\/secure.gravatar.com\/avatar\/dac340933427a22924c9f99d1eb2e3f2?s=96&r=g","contentUrl":"https:\/\/secure.gravatar.com\/avatar\/dac340933427a22924c9f99d1eb2e3f2?s=96&r=g","caption":"Eduardo Vargas"},"description":"Jornalista formado pela UFSC, cobre macroeconomia, neg\u00f3cios e startups para o Suno Not\u00edcias, escrevendo principalmente not\u00edcias sobre o mercado financeiro e a bolsa de valores. No YouTube e no Instagram, \u00e9 respons\u00e1vel pela produ\u00e7\u00e3o de Reels e Shorts do Suno Not\u00edcias. Anteriormente, trabalhou cobrindo economia e cotidiano no ND+ e para o ND, maior jornal impresso de Santa Catarina. Cursou um semestre letivo de Estudos de M\u00eddia na Universidad de Buenos Aires.","url":"https:\/\/www.suno.com.br\/noticias\/author\/eduardo-vargas\/"}]}},"default_loop_html":"<div class=\"cardsPage__listCard__boxs\"><div class=\"cardsPage__listCard__boxs__img\"><a href=\"https:\/\/www.suno.com.br\/noticias\/elon-musk-conselho-twitter-acoes\/\"><img class=\"mask\" src=\"https:\/\/www.suno.com.br\/noticias\/wp-content\/themes\/suno\/resources\/images\/spotlight\/spotlight1img\/bg-mask.png\" alt=\"Image Mask\"\/><img src=\"https:\/\/files.sunoresearch.com.br\/n\/uploads\/2021\/01\/49697712-musk-400x200.webp\" alt=\"Elon Musk far\u00e1 parte do Conselho de Diretores do Twitter (TWTR34); a\u00e7\u00e3o sobe 5%\"\/><\/a><span class=\"spotlightCategory\"><a href=\"https:\/\/www.suno.com.br\/noticias\/negocios\/\">Neg\u00f3cios<\/a><\/span><\/div><div class=\"cardsPage__listCard__boxs__content\"><a href=\"https:\/\/www.suno.com.br\/noticias\/elon-musk-conselho-twitter-acoes\/\"><h2 class=\"content__title\">Elon Musk far\u00e1 parte do Conselho de Diretores do Twitter (TWTR34); a\u00e7\u00e3o sobe 5%<\/h2><\/a><div class=\"newsContent__article__meta\"><div class=\"newsContent__article__meta__authorBox\"><a href=\"https:\/\/www.suno.com.br\/noticias\/author\/eduardo-vargas\/\" class=\"authorBox__avatar noMobi\"><img src=\"https:\/\/secure.gravatar.com\/avatar\/dac340933427a22924c9f99d1eb2e3f2?s=96&#038;r=g\" alt=\"Eduardo Vargas\"><\/a><div class=\"authorBox__name\"><span>por\n\t\t\t<a href=\"https:\/\/www.suno.com.br\/noticias\/author\/eduardo-vargas\/\"><span itemprop=\"author\">Eduardo Vargas<\/span><\/a><\/span><time datetime=\"2022-04-05T10:50:20-03:00\" itemprop=\"datePublished\">05\/04\/2022 10:50<\/time><\/div><\/div><\/div><\/div><\/div>","single_layout":"posts","amp_enabled":true,"_links":{"self":[{"href":"https:\/\/www.suno.com.br\/noticias\/wp-json\/wp\/v2\/posts\/258585"}],"collection":[{"href":"https:\/\/www.suno.com.br\/noticias\/wp-json\/wp\/v2\/posts"}],"about":[{"href":"https:\/\/www.suno.com.br\/noticias\/wp-json\/wp\/v2\/types\/post"}],"author":[{"embeddable":true,"href":"https:\/\/www.suno.com.br\/noticias\/wp-json\/wp\/v2\/users\/73"}],"replies":[{"embeddable":true,"href":"https:\/\/www.suno.com.br\/noticias\/wp-json\/wp\/v2\/comments?post=258585"}],"version-history":[{"count":3,"href":"https:\/\/www.suno.com.br\/noticias\/wp-json\/wp\/v2\/posts\/258585\/revisions"}],"predecessor-version":[{"id":258614,"href":"https:\/\/www.suno.com.br\/noticias\/wp-json\/wp\/v2\/posts\/258585\/revisions\/258614"}],"wp:featuredmedia":[{"embeddable":true,"href":"https:\/\/www.suno.com.br\/noticias\/wp-json\/wp\/v2\/media\/136409"}],"wp:attachment":[{"href":"https:\/\/www.suno.com.br\/noticias\/wp-json\/wp\/v2\/media?parent=258585"}],"wp:term":[{"taxonomy":"category","embeddable":true,"href":"https:\/\/www.suno.com.br\/noticias\/wp-json\/wp\/v2\/categories?post=258585"},{"taxonomy":"post_tag","embeddable":true,"href":"https:\/\/www.suno.com.br\/noticias\/wp-json\/wp\/v2\/tags?post=258585"},{"taxonomy":"suno_strategy","embeddable":true,"href":"https:\/\/www.suno.com.br\/noticias\/wp-json\/wp\/v2\/suno_strategy?post=258585"}],"curies":[{"name":"wp","href":"https:\/\/api.w.org\/{rel}","templated":true}]}}