{"id":25834,"date":"2019-05-24T09:14:08","date_gmt":"2019-05-24T12:14:08","guid":{"rendered":"https:\/\/www.suno.com.br\/noticias\/?p=25834"},"modified":"2019-05-24T12:48:25","modified_gmt":"2019-05-24T15:48:25","slug":"paulo-guedes-renuncia-previdencia-virar-reforminha","status":"publish","type":"post","link":"https:\/\/www.suno.com.br\/noticias\/paulo-guedes-renuncia-previdencia-virar-reforminha\/","title":{"rendered":"Paulo Guedes afirma que renuncia se Previd\u00eancia virar &#8220;reforminha&#8221;, diz revista"},"content":{"rendered":"<p>O ministro da Economia, Paulo Guedes, afirmou que renunciar\u00e1 ao cargo caso a <strong>reforma da Previd\u00eancia<\/strong> vire uma &#8220;reforminha&#8221;. &#8220;Pego um avi\u00e3o e vou morar l\u00e1 fora. J\u00e1 tenho idade para me aposentar&#8221;, disse o economista \u00e0 Revista Veja.<\/p>\t<div class=\"wrapper-featured-image\">\n\t\t<figure class=\"spotlightImg\">\n\n\t\t\t<picture>\n\t\t\t\t<source media=\"(max-width: 768px)\" srcset=\"https:\/\/files.sunoresearch.com.br\/n\/uploads\/2019\/05\/7d9cf055-paulo-guedes-400x200.webp\">\n\t\t\t\t<img loading=\"lazy\" decoding=\"async\" class=\"newsContent__article__imgCapa lazyloadDisabled newsContent__article__imgCapa--noCaption\" src=\"https:\/\/files.sunoresearch.com.br\/n\/uploads\/2019\/05\/7d9cf055-paulo-guedes-800x450.webp\" width=\"800\" height=\"450\" alt=\"Paulo Guedes afirma que renuncia se Previd\u00eancia virar &#8220;reforminha&#8221;, diz revista\" fetchpriority=high \/>\n\t\t\t<\/picture>\n\n\t\t\t<figcaption class=\"wp-caption-text wp-caption-text--hide\">O ministro da Economia, Paulo Guedes falou com empres\u00e1rios sobre a reforma da Previd\u00eancia. (divulga\u00e7\u00e3o)<\/figcaption>\n\t\t<\/figure>\n\t<\/div>\n\n\n<p><strong>Paulo Guedes<\/strong> tamb\u00e9m alertou que o Brasil pode quebrar em 2020 caso a proposta do governo, com a economia estimada, n\u00e3o seja aprovada.\u00a0\u201cSe n\u00e3o fizermos a reforma, o Brasil pega fogo. Vai ser o caos no setor p\u00fablico, tanto no governo federal como nos Estados e munic\u00edpios&#8221;, disse ainda.<\/p>\n\t<p>\n\t\t<a href=\"https:\/\/lp2.suno.com.br\/pv\/bolsa-para-iniciantes?utm_campaign=_SNC757A2733_rs.mpr26---meu-primeiro-rendimento---venda---not\u00edcias&#038;utm_source=suno-not\u00edcias&#038;utm_medium=banner.noticias\" target=\"_blank\" data-element=\"shortcode-suno-banner\" title=\"Banner SUNO, clique e saiba mais\">\n\t\t\t<picture>\n\t\t\t\t<source media=\"(max-width: 500px)\" srcset=\"https:\/\/files.sunoresearch.com.br\/n\/uploads\/2026\/04\/400x300-Banner-Materias-01-png.webp\">\n\t\t\t\t<img class=\"newsContent__article__imgCapa newsContent__article__imgCapa--banner\"\n\t\t\t\t\tsrc=\"https:\/\/files.sunoresearch.com.br\/n\/uploads\/2026\/04\/1420x240-Banner-Materias-01-png.webp\"\n\t\t\t\t\tdata-promo-id=\"647482\"\t\t\t\t\t\t\t\t\t\twidth='1420' height='240'\t\t\t\t\talt=\"https:\/\/files.sunoresearch.com.br\/n\/uploads\/2026\/04\/1420x240-Banner-Materias-01-png.webp\"\n\t\t\t\t>\n\t\t\t<\/picture>\n\t\t<\/a>\n\t<\/p>\n\n\n<p>Entretanto, o ministro garantiu que n\u00e3o deixaria o cargo no dia seguinte ao resultado de uma <strong>Previd\u00eancia<\/strong> fraca. Isso porque ele se disse respons\u00e1vel e n\u00e3o inconsequente. Por\u00e9m, <strong>Guedes<\/strong> deixou claro que n\u00e3o permanece na pasta da <strong>Economia<\/strong> se isso ocorrer. &#8220;Se s\u00f3 eu quero a reforma, vou embora para casa&#8221;, disse na entrevista.<\/p>\n<p><a href=\"https:\/\/www.suno.com.br\/noticias\/paulo-guedes-entrar-ocde-divisao\/\">Saiba Mais: Paulo Guedes diz que entrar para a OCDE \u00e9 ir para a 1\u00aa divis\u00e3o<\/a><\/p>\n<h2>Economia da Previd\u00eancia<\/h2>\n<p><span style=\"color: rgba(0, 0, 0, 0.7); font-size: 1.21429rem;\">A <\/span><strong style=\"color: rgba(0, 0, 0, 0.7); font-size: 1.21429rem;\">reforma da Previd\u00eancia<\/strong><span style=\"color: rgba(0, 0, 0, 0.7); font-size: 1.21429rem;\"> enviada pelo governo ao <\/span><strong style=\"color: rgba(0, 0, 0, 0.7); font-size: 1.21429rem;\">Congresso<\/strong><span style=\"color: rgba(0, 0, 0, 0.7); font-size: 1.21429rem;\"> estima uma economia de cerca de R$ 1,2 trilh\u00e3o em dez anos. <\/span><strong style=\"color: rgba(0, 0, 0, 0.7); font-size: 1.21429rem;\">Guedes<\/strong><span style=\"color: rgba(0, 0, 0, 0.7); font-size: 1.21429rem;\"> afirmou que a equipe econ\u00f4mica e o presidente <\/span><strong style=\"color: rgba(0, 0, 0, 0.7); font-size: 1.21429rem;\">Jair Bolsonaro<\/strong><span style=\"color: rgba(0, 0, 0, 0.7); font-size: 1.21429rem;\"> est\u00e3o empenhados em aprovar o texto original.\u00a0<\/span><\/p>\n<p>O ministro alegou estar ciente de que altera\u00e7\u00f5es devem ser feitas. Contudo, o receio do governo \u00e9 de que as mudan\u00e7as feitas pelos parlamentares &#8220;desidratem&#8221; demais a <strong>PEC<\/strong>. Dessa forma, a economia estaria comprometida e, de acordo com <strong>Guedes<\/strong>, ela \u00e9 essencial para o <strong>equil\u00edbrio fiscal<\/strong> do Pa\u00eds.<\/p>\n<p><a href=\"https:\/\/www.suno.com.br\/noticias\/previdencia-guedes-otimista-reforma\/\">Saiba Mais: Previd\u00eancia: Guedes se diz otimista com \u201cpot\u00eancia fiscal\u201d de reforma<\/a><\/p>\n<p>Segundo o economista, a margem de negocia\u00e7\u00e3o que n\u00e3o comprometeria a economia \u00e9 de no m\u00ednimo R$ 800 bilh\u00f5es. Al\u00e9m disso, o discurso do ministro \u00e9 de que a proposta da <strong>Previd\u00eancia<\/strong> vai al\u00e9m das contas p\u00fablicas. Sendo assim, ele defendeu a import\u00e2ncia da <strong>PEC<\/strong> no combate \u00e0 desigualdade no Pa\u00eds.<\/p>\n","protected":false},"excerpt":{"rendered":"<p>O ministro da Economia, Paulo Guedes, afirmou que renunciar\u00e1 ao cargo caso a reforma da Previd\u00eancia vire uma &#8220;reforminha&#8221;. &#8220;Pego um avi\u00e3o e vou morar l\u00e1 fora. J\u00e1 tenho idade para me aposentar&#8221;, disse o economista \u00e0 Revista Veja. O ministro da Economia, Paulo Guedes falou com empres\u00e1rios sobre a reforma da Previd\u00eancia. (divulga\u00e7\u00e3o) Paulo [&hellip;]<\/p>\n","protected":false},"author":16,"featured_media":25835,"comment_status":"closed","ping_status":"closed","sticky":false,"template":"","format":"standard","meta":[],"categories":[61],"tags":[740,909,796],"suno_strategy":[],"class_list":["post-25834","post","type-post","status-publish","format-standard","has-post-thumbnail","hentry","category-politica","tag-economia","tag-ministerio-da-economia","tag-paulo-guedes"],"yoast_head":"<!-- This site is optimized with the Yoast SEO plugin v24.4 - https:\/\/yoast.com\/wordpress\/plugins\/seo\/ -->\n<title>Paulo Guedes afirma que renuncia se Previd\u00eancia virar &quot;reforminha&quot;<\/title>\n<meta name=\"description\" content=\"Paulo Guedes defendeu a reforma da Previd\u00eancia para o equil\u00edbrio fiscal, mas tamb\u00e9m ressalta o combate \u00e0 privil\u00e9gios. Clique aqui e saiba mais.\" \/>\n<meta name=\"robots\" content=\"index, follow, max-snippet:-1, max-image-preview:large, max-video-preview:-1\" \/>\n<link rel=\"canonical\" href=\"https:\/\/www.suno.com.br\/noticias\/paulo-guedes-renuncia-previdencia-virar-reforminha\/\" \/>\n<meta property=\"og:locale\" content=\"pt_BR\" \/>\n<meta property=\"og:type\" content=\"article\" \/>\n<meta property=\"og:title\" content=\"Paulo Guedes afirma que renuncia se Previd\u00eancia virar &quot;reforminha&quot;\" \/>\n<meta property=\"og:description\" content=\"Paulo Guedes defendeu a reforma da Previd\u00eancia para o equil\u00edbrio fiscal, mas tamb\u00e9m ressalta o combate \u00e0 privil\u00e9gios. Clique aqui e saiba mais.\" \/>\n<meta property=\"og:url\" content=\"https:\/\/www.suno.com.br\/noticias\/paulo-guedes-renuncia-previdencia-virar-reforminha\/\" \/>\n<meta property=\"og:site_name\" content=\"Suno Not\u00edcias\" \/>\n<meta property=\"article:publisher\" content=\"https:\/\/facebook.com\/sunoresearch\" \/>\n<meta property=\"og:image\" content=\"https:\/\/files.sunoresearch.com.br\/n\/uploads\/2019\/05\/7d9cf055-paulo-guedes.jpg\" \/>\n\t<meta property=\"og:image:width\" content=\"1024\" \/>\n\t<meta property=\"og:image:height\" content=\"683\" \/>\n\t<meta property=\"og:image:type\" content=\"image\/jpeg\" \/>\n<meta name=\"author\" content=\"Beatriz Oliveira\" \/>\n<meta name=\"twitter:card\" content=\"summary_large_image\" \/>\n<meta name=\"twitter:creator\" content=\"@sunoresearch\" \/>\n<meta name=\"twitter:site\" content=\"@sunoresearch\" \/>\n<meta name=\"twitter:label1\" content=\"Escrito por\" \/>\n\t<meta name=\"twitter:data1\" content=\"Beatriz Oliveira\" \/>\n\t<meta name=\"twitter:label2\" content=\"Est. tempo de leitura\" \/>\n\t<meta name=\"twitter:data2\" content=\"2 minutos\" \/>\n<script type=\"application\/ld+json\" class=\"yoast-schema-graph\">{\"@context\":\"https:\/\/schema.org\",\"@graph\":[{\"@type\":\"NewsArticle\",\"@id\":\"https:\/\/www.suno.com.br\/noticias\/paulo-guedes-renuncia-previdencia-virar-reforminha\/#article\",\"isPartOf\":{\"@id\":\"https:\/\/www.suno.com.br\/noticias\/paulo-guedes-renuncia-previdencia-virar-reforminha\/\"},\"author\":{\"name\":\"Beatriz Oliveira\",\"@id\":\"https:\/\/www.suno.com.br\/noticias\/#\/schema\/person\/e67f665add014bf99f644028de070cc3\"},\"headline\":\"Paulo Guedes afirma que renuncia se Previd\u00eancia virar &#8220;reforminha&#8221;, diz revista\",\"datePublished\":\"2019-05-24T12:14:08+00:00\",\"dateModified\":\"2019-05-24T15:48:25+00:00\",\"mainEntityOfPage\":{\"@id\":\"https:\/\/www.suno.com.br\/noticias\/paulo-guedes-renuncia-previdencia-virar-reforminha\/\"},\"wordCount\":351,\"publisher\":{\"@id\":\"https:\/\/www.suno.com.br\/noticias\/#organization\"},\"image\":{\"@id\":\"https:\/\/www.suno.com.br\/noticias\/paulo-guedes-renuncia-previdencia-virar-reforminha\/#primaryimage\"},\"thumbnailUrl\":\"https:\/\/files.sunoresearch.com.br\/n\/uploads\/2019\/05\/7d9cf055-paulo-guedes-jpg.webp\",\"keywords\":[\"Economia\",\"Minist\u00e9rio da Economia\",\"Paulo Guedes\"],\"articleSection\":[\"Pol\u00edtica\"],\"inLanguage\":\"pt-BR\"},{\"@type\":\"WebPage\",\"@id\":\"https:\/\/www.suno.com.br\/noticias\/paulo-guedes-renuncia-previdencia-virar-reforminha\/\",\"url\":\"https:\/\/www.suno.com.br\/noticias\/paulo-guedes-renuncia-previdencia-virar-reforminha\/\",\"name\":\"Paulo Guedes afirma que renuncia se Previd\u00eancia virar \\\"reforminha\\\"\",\"isPartOf\":{\"@id\":\"https:\/\/www.suno.com.br\/noticias\/#website\"},\"primaryImageOfPage\":{\"@id\":\"https:\/\/www.suno.com.br\/noticias\/paulo-guedes-renuncia-previdencia-virar-reforminha\/#primaryimage\"},\"image\":{\"@id\":\"https:\/\/www.suno.com.br\/noticias\/paulo-guedes-renuncia-previdencia-virar-reforminha\/#primaryimage\"},\"thumbnailUrl\":\"https:\/\/files.sunoresearch.com.br\/n\/uploads\/2019\/05\/7d9cf055-paulo-guedes-jpg.webp\",\"datePublished\":\"2019-05-24T12:14:08+00:00\",\"dateModified\":\"2019-05-24T15:48:25+00:00\",\"description\":\"Paulo Guedes defendeu a reforma da Previd\u00eancia para o equil\u00edbrio fiscal, mas tamb\u00e9m ressalta o combate \u00e0 privil\u00e9gios. Clique aqui e saiba mais.\",\"breadcrumb\":{\"@id\":\"https:\/\/www.suno.com.br\/noticias\/paulo-guedes-renuncia-previdencia-virar-reforminha\/#breadcrumb\"},\"inLanguage\":\"pt-BR\",\"potentialAction\":[{\"@type\":\"ReadAction\",\"target\":[\"https:\/\/www.suno.com.br\/noticias\/paulo-guedes-renuncia-previdencia-virar-reforminha\/\"]}]},{\"@type\":\"ImageObject\",\"inLanguage\":\"pt-BR\",\"@id\":\"https:\/\/www.suno.com.br\/noticias\/paulo-guedes-renuncia-previdencia-virar-reforminha\/#primaryimage\",\"url\":\"https:\/\/files.sunoresearch.com.br\/n\/uploads\/2019\/05\/7d9cf055-paulo-guedes-jpg.webp\",\"contentUrl\":\"https:\/\/files.sunoresearch.com.br\/n\/uploads\/2019\/05\/7d9cf055-paulo-guedes-jpg.webp\",\"width\":1024,\"height\":683,\"caption\":\"O ministro da Economia, Paulo Guedes falou com empres\u00e1rios sobre a reforma da Previd\u00eancia. (divulga\u00e7\u00e3o)\"},{\"@type\":\"BreadcrumbList\",\"@id\":\"https:\/\/www.suno.com.br\/noticias\/paulo-guedes-renuncia-previdencia-virar-reforminha\/#breadcrumb\",\"itemListElement\":[{\"@type\":\"ListItem\",\"position\":1,\"name\":\"Not\u00edcias\",\"item\":\"https:\/\/www.suno.com.br\/noticias\/\"},{\"@type\":\"ListItem\",\"position\":2,\"name\":\"Pol\u00edtica\",\"item\":\"https:\/\/www.suno.com.br\/noticias\/politica\/\"},{\"@type\":\"ListItem\",\"position\":3,\"name\":\"Paulo Guedes afirma que renuncia se Previd\u00eancia virar &#8220;reforminha&#8221;, diz revista\"}]},{\"@type\":\"WebSite\",\"@id\":\"https:\/\/www.suno.com.br\/noticias\/#website\",\"url\":\"https:\/\/www.suno.com.br\/noticias\/\",\"name\":\"Suno Not\u00edcias\",\"description\":\"Seu portal de informa\u00e7\u00e3o sobre o mundo dos investimentos\",\"publisher\":{\"@id\":\"https:\/\/www.suno.com.br\/noticias\/#organization\"},\"potentialAction\":[{\"@type\":\"SearchAction\",\"target\":{\"@type\":\"EntryPoint\",\"urlTemplate\":\"https:\/\/www.suno.com.br\/noticias\/?s={search_term_string}\"},\"query-input\":{\"@type\":\"PropertyValueSpecification\",\"valueRequired\":true,\"valueName\":\"search_term_string\"}}],\"inLanguage\":\"pt-BR\"},{\"@type\":\"Organization\",\"@id\":\"https:\/\/www.suno.com.br\/noticias\/#organization\",\"name\":\"Suno Not\u00edcias\",\"url\":\"https:\/\/www.suno.com.br\/noticias\/\",\"logo\":{\"@type\":\"ImageObject\",\"inLanguage\":\"pt-BR\",\"@id\":\"https:\/\/www.suno.com.br\/noticias\/#\/schema\/logo\/image\/\",\"url\":\"https:\/\/files.sunoresearch.com.br\/n\/uploads\/2021\/09\/suno-logo.png\",\"contentUrl\":\"https:\/\/files.sunoresearch.com.br\/n\/uploads\/2021\/09\/suno-logo.png\",\"width\":180,\"height\":180,\"caption\":\"Suno Not\u00edcias\"},\"image\":{\"@id\":\"https:\/\/www.suno.com.br\/noticias\/#\/schema\/logo\/image\/\"},\"sameAs\":[\"https:\/\/facebook.com\/sunoresearch\",\"https:\/\/x.com\/sunoresearch\",\"https:\/\/www.instagram.com\/suno\",\"https:\/\/www.linkedin.com\/company\/suno-research\/\",\"https:\/\/www.youtube.com\/c\/sunoresearch\"]},{\"@type\":\"Person\",\"@id\":\"https:\/\/www.suno.com.br\/noticias\/#\/schema\/person\/e67f665add014bf99f644028de070cc3\",\"name\":\"Beatriz Oliveira\",\"image\":{\"@type\":\"ImageObject\",\"inLanguage\":\"pt-BR\",\"@id\":\"https:\/\/www.suno.com.br\/noticias\/#\/schema\/person\/image\/\",\"url\":\"https:\/\/secure.gravatar.com\/avatar\/c9aa6a0aaecc598d257d5d5bd349157d?s=96&r=g\",\"contentUrl\":\"https:\/\/secure.gravatar.com\/avatar\/c9aa6a0aaecc598d257d5d5bd349157d?s=96&r=g\",\"caption\":\"Beatriz Oliveira\"},\"description\":\"Formada em Jornalismo pela Faculdade Paulus de Tecnologia e Comunica\u00e7\u00e3o, Beatriz Oliveira escreve para o portal de not\u00edcias Suno Research. Antes, passou pelas reda\u00e7\u00f5es da Revista EXAME e da Rede Bandeirantes.\",\"url\":\"https:\/\/www.suno.com.br\/noticias\/author\/beatriz\/\"}]}<\/script>\n<!-- \/ Yoast SEO plugin. -->","yoast_head_json":{"title":"Paulo Guedes afirma que renuncia se Previd\u00eancia virar \"reforminha\"","description":"Paulo Guedes defendeu a reforma da Previd\u00eancia para o equil\u00edbrio fiscal, mas tamb\u00e9m ressalta o combate \u00e0 privil\u00e9gios. Clique aqui e saiba mais.","robots":{"index":"index","follow":"follow","max-snippet":"max-snippet:-1","max-image-preview":"max-image-preview:large","max-video-preview":"max-video-preview:-1"},"canonical":"https:\/\/www.suno.com.br\/noticias\/paulo-guedes-renuncia-previdencia-virar-reforminha\/","og_locale":"pt_BR","og_type":"article","og_title":"Paulo Guedes afirma que renuncia se Previd\u00eancia virar \"reforminha\"","og_description":"Paulo Guedes defendeu a reforma da Previd\u00eancia para o equil\u00edbrio fiscal, mas tamb\u00e9m ressalta o combate \u00e0 privil\u00e9gios. Clique aqui e saiba mais.","og_url":"https:\/\/www.suno.com.br\/noticias\/paulo-guedes-renuncia-previdencia-virar-reforminha\/","og_site_name":"Suno Not\u00edcias","article_publisher":"https:\/\/facebook.com\/sunoresearch","og_image":[{"width":1024,"height":683,"url":"https:\/\/files.sunoresearch.com.br\/n\/uploads\/2019\/05\/7d9cf055-paulo-guedes.jpg","type":"image\/jpeg"}],"author":"Beatriz Oliveira","twitter_card":"summary_large_image","twitter_creator":"@sunoresearch","twitter_site":"@sunoresearch","twitter_misc":{"Escrito por":"Beatriz Oliveira","Est. tempo de leitura":"2 minutos"},"schema":{"@context":"https:\/\/schema.org","@graph":[{"@type":"NewsArticle","@id":"https:\/\/www.suno.com.br\/noticias\/paulo-guedes-renuncia-previdencia-virar-reforminha\/#article","isPartOf":{"@id":"https:\/\/www.suno.com.br\/noticias\/paulo-guedes-renuncia-previdencia-virar-reforminha\/"},"author":{"name":"Beatriz Oliveira","@id":"https:\/\/www.suno.com.br\/noticias\/#\/schema\/person\/e67f665add014bf99f644028de070cc3"},"headline":"Paulo Guedes afirma que renuncia se Previd\u00eancia virar &#8220;reforminha&#8221;, diz revista","datePublished":"2019-05-24T12:14:08+00:00","dateModified":"2019-05-24T15:48:25+00:00","mainEntityOfPage":{"@id":"https:\/\/www.suno.com.br\/noticias\/paulo-guedes-renuncia-previdencia-virar-reforminha\/"},"wordCount":351,"publisher":{"@id":"https:\/\/www.suno.com.br\/noticias\/#organization"},"image":{"@id":"https:\/\/www.suno.com.br\/noticias\/paulo-guedes-renuncia-previdencia-virar-reforminha\/#primaryimage"},"thumbnailUrl":"https:\/\/files.sunoresearch.com.br\/n\/uploads\/2019\/05\/7d9cf055-paulo-guedes-jpg.webp","keywords":["Economia","Minist\u00e9rio da Economia","Paulo Guedes"],"articleSection":["Pol\u00edtica"],"inLanguage":"pt-BR"},{"@type":"WebPage","@id":"https:\/\/www.suno.com.br\/noticias\/paulo-guedes-renuncia-previdencia-virar-reforminha\/","url":"https:\/\/www.suno.com.br\/noticias\/paulo-guedes-renuncia-previdencia-virar-reforminha\/","name":"Paulo Guedes afirma que renuncia se Previd\u00eancia virar \"reforminha\"","isPartOf":{"@id":"https:\/\/www.suno.com.br\/noticias\/#website"},"primaryImageOfPage":{"@id":"https:\/\/www.suno.com.br\/noticias\/paulo-guedes-renuncia-previdencia-virar-reforminha\/#primaryimage"},"image":{"@id":"https:\/\/www.suno.com.br\/noticias\/paulo-guedes-renuncia-previdencia-virar-reforminha\/#primaryimage"},"thumbnailUrl":"https:\/\/files.sunoresearch.com.br\/n\/uploads\/2019\/05\/7d9cf055-paulo-guedes-jpg.webp","datePublished":"2019-05-24T12:14:08+00:00","dateModified":"2019-05-24T15:48:25+00:00","description":"Paulo Guedes defendeu a reforma da Previd\u00eancia para o equil\u00edbrio fiscal, mas tamb\u00e9m ressalta o combate \u00e0 privil\u00e9gios. Clique aqui e saiba mais.","breadcrumb":{"@id":"https:\/\/www.suno.com.br\/noticias\/paulo-guedes-renuncia-previdencia-virar-reforminha\/#breadcrumb"},"inLanguage":"pt-BR","potentialAction":[{"@type":"ReadAction","target":["https:\/\/www.suno.com.br\/noticias\/paulo-guedes-renuncia-previdencia-virar-reforminha\/"]}]},{"@type":"ImageObject","inLanguage":"pt-BR","@id":"https:\/\/www.suno.com.br\/noticias\/paulo-guedes-renuncia-previdencia-virar-reforminha\/#primaryimage","url":"https:\/\/files.sunoresearch.com.br\/n\/uploads\/2019\/05\/7d9cf055-paulo-guedes-jpg.webp","contentUrl":"https:\/\/files.sunoresearch.com.br\/n\/uploads\/2019\/05\/7d9cf055-paulo-guedes-jpg.webp","width":1024,"height":683,"caption":"O ministro da Economia, Paulo Guedes falou com empres\u00e1rios sobre a reforma da Previd\u00eancia. (divulga\u00e7\u00e3o)"},{"@type":"BreadcrumbList","@id":"https:\/\/www.suno.com.br\/noticias\/paulo-guedes-renuncia-previdencia-virar-reforminha\/#breadcrumb","itemListElement":[{"@type":"ListItem","position":1,"name":"Not\u00edcias","item":"https:\/\/www.suno.com.br\/noticias\/"},{"@type":"ListItem","position":2,"name":"Pol\u00edtica","item":"https:\/\/www.suno.com.br\/noticias\/politica\/"},{"@type":"ListItem","position":3,"name":"Paulo Guedes afirma que renuncia se Previd\u00eancia virar &#8220;reforminha&#8221;, diz revista"}]},{"@type":"WebSite","@id":"https:\/\/www.suno.com.br\/noticias\/#website","url":"https:\/\/www.suno.com.br\/noticias\/","name":"Suno Not\u00edcias","description":"Seu portal de informa\u00e7\u00e3o sobre o mundo dos investimentos","publisher":{"@id":"https:\/\/www.suno.com.br\/noticias\/#organization"},"potentialAction":[{"@type":"SearchAction","target":{"@type":"EntryPoint","urlTemplate":"https:\/\/www.suno.com.br\/noticias\/?s={search_term_string}"},"query-input":{"@type":"PropertyValueSpecification","valueRequired":true,"valueName":"search_term_string"}}],"inLanguage":"pt-BR"},{"@type":"Organization","@id":"https:\/\/www.suno.com.br\/noticias\/#organization","name":"Suno Not\u00edcias","url":"https:\/\/www.suno.com.br\/noticias\/","logo":{"@type":"ImageObject","inLanguage":"pt-BR","@id":"https:\/\/www.suno.com.br\/noticias\/#\/schema\/logo\/image\/","url":"https:\/\/files.sunoresearch.com.br\/n\/uploads\/2021\/09\/suno-logo.png","contentUrl":"https:\/\/files.sunoresearch.com.br\/n\/uploads\/2021\/09\/suno-logo.png","width":180,"height":180,"caption":"Suno Not\u00edcias"},"image":{"@id":"https:\/\/www.suno.com.br\/noticias\/#\/schema\/logo\/image\/"},"sameAs":["https:\/\/facebook.com\/sunoresearch","https:\/\/x.com\/sunoresearch","https:\/\/www.instagram.com\/suno","https:\/\/www.linkedin.com\/company\/suno-research\/","https:\/\/www.youtube.com\/c\/sunoresearch"]},{"@type":"Person","@id":"https:\/\/www.suno.com.br\/noticias\/#\/schema\/person\/e67f665add014bf99f644028de070cc3","name":"Beatriz Oliveira","image":{"@type":"ImageObject","inLanguage":"pt-BR","@id":"https:\/\/www.suno.com.br\/noticias\/#\/schema\/person\/image\/","url":"https:\/\/secure.gravatar.com\/avatar\/c9aa6a0aaecc598d257d5d5bd349157d?s=96&r=g","contentUrl":"https:\/\/secure.gravatar.com\/avatar\/c9aa6a0aaecc598d257d5d5bd349157d?s=96&r=g","caption":"Beatriz Oliveira"},"description":"Formada em Jornalismo pela Faculdade Paulus de Tecnologia e Comunica\u00e7\u00e3o, Beatriz Oliveira escreve para o portal de not\u00edcias Suno Research. Antes, passou pelas reda\u00e7\u00f5es da Revista EXAME e da Rede Bandeirantes.","url":"https:\/\/www.suno.com.br\/noticias\/author\/beatriz\/"}]}},"default_loop_html":"<div class=\"cardsPage__listCard__boxs\"><div class=\"cardsPage__listCard__boxs__img\"><a href=\"https:\/\/www.suno.com.br\/noticias\/paulo-guedes-renuncia-previdencia-virar-reforminha\/\"><img class=\"mask\" src=\"https:\/\/www.suno.com.br\/noticias\/wp-content\/themes\/suno\/resources\/images\/spotlight\/spotlight1img\/bg-mask.png\" alt=\"Image Mask\"\/><img src=\"https:\/\/files.sunoresearch.com.br\/n\/uploads\/2019\/05\/7d9cf055-paulo-guedes-400x200.webp\" alt=\"Paulo Guedes afirma que renuncia se Previd\u00eancia virar &#8220;reforminha&#8221;, diz revista\"\/><\/a><span class=\"spotlightCategory\"><a href=\"https:\/\/www.suno.com.br\/noticias\/politica\/\">Pol\u00edtica<\/a><\/span><\/div><div class=\"cardsPage__listCard__boxs__content\"><a href=\"https:\/\/www.suno.com.br\/noticias\/paulo-guedes-renuncia-previdencia-virar-reforminha\/\"><h2 class=\"content__title\">Paulo Guedes afirma que renuncia se Previd\u00eancia virar &#8220;reforminha&#8221;, diz revista<\/h2><\/a><div class=\"newsContent__article__meta\"><div class=\"newsContent__article__meta__authorBox\"><a href=\"https:\/\/www.suno.com.br\/noticias\/author\/beatriz\/\" class=\"authorBox__avatar noMobi\"><img src=\"https:\/\/secure.gravatar.com\/avatar\/c9aa6a0aaecc598d257d5d5bd349157d?s=96&#038;r=g\" alt=\"Beatriz Oliveira\"><\/a><div class=\"authorBox__name\"><span>por\n\t\t\t<a href=\"https:\/\/www.suno.com.br\/noticias\/author\/beatriz\/\"><span itemprop=\"author\">Beatriz Oliveira<\/span><\/a><\/span><time datetime=\"2019-05-24T09:14:08-03:00\" itemprop=\"datePublished\">24\/05\/2019 09:14<\/time><\/div><\/div><\/div><\/div><\/div>","single_layout":"posts","amp_enabled":true,"_links":{"self":[{"href":"https:\/\/www.suno.com.br\/noticias\/wp-json\/wp\/v2\/posts\/25834"}],"collection":[{"href":"https:\/\/www.suno.com.br\/noticias\/wp-json\/wp\/v2\/posts"}],"about":[{"href":"https:\/\/www.suno.com.br\/noticias\/wp-json\/wp\/v2\/types\/post"}],"author":[{"embeddable":true,"href":"https:\/\/www.suno.com.br\/noticias\/wp-json\/wp\/v2\/users\/16"}],"replies":[{"embeddable":true,"href":"https:\/\/www.suno.com.br\/noticias\/wp-json\/wp\/v2\/comments?post=25834"}],"version-history":[{"count":0,"href":"https:\/\/www.suno.com.br\/noticias\/wp-json\/wp\/v2\/posts\/25834\/revisions"}],"wp:featuredmedia":[{"embeddable":true,"href":"https:\/\/www.suno.com.br\/noticias\/wp-json\/wp\/v2\/media\/25835"}],"wp:attachment":[{"href":"https:\/\/www.suno.com.br\/noticias\/wp-json\/wp\/v2\/media?parent=25834"}],"wp:term":[{"taxonomy":"category","embeddable":true,"href":"https:\/\/www.suno.com.br\/noticias\/wp-json\/wp\/v2\/categories?post=25834"},{"taxonomy":"post_tag","embeddable":true,"href":"https:\/\/www.suno.com.br\/noticias\/wp-json\/wp\/v2\/tags?post=25834"},{"taxonomy":"suno_strategy","embeddable":true,"href":"https:\/\/www.suno.com.br\/noticias\/wp-json\/wp\/v2\/suno_strategy?post=25834"}],"curies":[{"name":"wp","href":"https:\/\/api.w.org\/{rel}","templated":true}]}}