{"id":25831,"date":"2019-05-24T09:23:54","date_gmt":"2019-05-24T12:23:54","guid":{"rendered":"https:\/\/www.suno.com.br\/noticias\/?p=25831"},"modified":"2019-05-24T09:57:52","modified_gmt":"2019-05-24T12:57:52","slug":"dolar-24052019","status":"publish","type":"post","link":"https:\/\/www.suno.com.br\/noticias\/dolar-24052019\/","title":{"rendered":"D\u00f3lar em queda com guerra comercial e ren\u00fancia de May no radar"},"content":{"rendered":"<p>O d\u00f3lar inicia a manh\u00e3 desta sexta-feira (24) em queda. A moeda norte-americana vinha em forte alta, chegou a dar duas tr\u00e9guas durante esta semana, mas finalizou a \u00faltima sess\u00e3o valorizada.<\/p>\t<div class=\"wrapper-featured-image\">\n\t\t<figure class=\"spotlightImg\">\n\n\t\t\t<picture>\n\t\t\t\t<source media=\"(max-width: 768px)\" srcset=\"https:\/\/files.sunoresearch.com.br\/n\/uploads\/2019\/04\/54cd5840-d\u00f3lar-400x200.webp\">\n\t\t\t\t<img loading=\"lazy\" decoding=\"async\" class=\"newsContent__article__imgCapa lazyloadDisabled newsContent__article__imgCapa--noCaption\" src=\"https:\/\/files.sunoresearch.com.br\/n\/uploads\/2019\/04\/54cd5840-d\u00f3lar-800x450.webp\" width=\"800\" height=\"450\" alt=\"D\u00f3lar em queda com guerra comercial e ren\u00fancia de May no radar\" fetchpriority=high \/>\n\t\t\t<\/picture>\n\n\t\t\t<figcaption class=\"wp-caption-text wp-caption-text--hide\">D\u00f3lar abre em queda de 1,2% ap\u00f3s dados do desemprego dos EUA<\/figcaption>\n\t\t<\/figure>\n\t<\/div>\n\n\n<p>Por volta das 9h10, o <strong>d\u00f3lar<\/strong> registrava uma queda de 0,012% sendo negociado a R$ 4,0469 na venda. Na \u00faltima sess\u00e3o, a moeda foi impactada pela <strong>guerra<\/strong> <strong>comercial<\/strong> e as vota\u00e7\u00f5es no Congresso. No entanto, nesta sexta-feira, a ren\u00fancia da primeira-ministra brit\u00e2nica,<strong> Theresa May<\/strong>, deve dar novos rumos ao mercado.<\/p>\n\t<p>\n\t\t<a href=\"https:\/\/lp.suno.com.br\/ao\/cadastro-whatsapp\/\" target=\"_blank\" data-element=\"shortcode-suno-banner\" title=\"Banner SUNO, clique e saiba mais\">\n\t\t\t<picture>\n\t\t\t\t<source media=\"(max-width: 500px)\" srcset=\"https:\/\/files.sunoresearch.com.br\/n\/uploads\/2024\/02\/400x300-Mobile-Artigos-7.png\">\n\t\t\t\t<img class=\"newsContent__article__imgCapa newsContent__article__imgCapa--banner\"\n\t\t\t\t\tsrc=\"https:\/\/files.sunoresearch.com.br\/n\/uploads\/2024\/01\/1420x240-Banner-Artigos-1-_-Banner-Materias-8.png\"\n\t\t\t\t\tdata-promo-id=\"517344\"\t\t\t\t\t\t\t\t\t\twidth='1420' height='240'\t\t\t\t\talt=\"https:\/\/files.sunoresearch.com.br\/n\/uploads\/2024\/01\/1420x240-Banner-Artigos-1-_-Banner-Materias-8.png\"\n\t\t\t\t>\n\t\t\t<\/picture>\n\t\t<\/a>\n\t<\/p>\n\n\n<h2>Negocia\u00e7\u00f5es comerciais<\/h2>\n<p>O aumento das tens\u00f5es entre <strong>China<\/strong> e <strong>Estados<\/strong> <strong>Unidos<\/strong> impactaram diretamente o mercado. A guerra comercial teve como foco nos \u00faltimos epis\u00f3dios o setor tecnol\u00f3gico, principalmente referente a chinesa <strong>Huawei<\/strong>.<\/p>\n<p>Na \u00faltima quinta-feira (23) o secret\u00e1rio de Estado dos Estados Unidos, Mike Pompeo, disse que o presidente executivo da Huawei mente sobre os la\u00e7os da companhia com o governo chin\u00eas.<\/p>\n<p><a href=\"https:\/\/www.suno.com.br\/noticias\/guerra-comercial-trump-acordo-comercial-china\/\">Saiba mais:\u00a0Guerra comercial: Trump prev\u00ea acordo comercial \u201cr\u00e1pido\u201d com a China<\/a><\/p>\n<p>Os Estados Unidos colocaram a empresa chinesa em uma lista de restri\u00e7\u00f5es comerciais na \u00faltima semana, proibindo que empresas norte-americanas fa\u00e7am neg\u00f3cios.<\/p>\n<p>De acordo com Pompeo, mais empresas dos Estados Unidos v\u00e3o romper la\u00e7os com a gigante tecnol\u00f3gica.<\/p>\n<h2>Reforma Administrativa<\/h2>\n<p>A <strong>C\u00e2mara dos Deputados<\/strong> rejeitou na quinta-feira (23) uma emenda que limitava a atua\u00e7\u00e3o da Receita Federal contra crimes de <strong>corrup\u00e7\u00e3o<\/strong>. Dessa forma, os deputados finalizaram a vota\u00e7\u00e3o da <strong>reforma administrativa<\/strong>. Isso porque a quest\u00e3o discutida era a \u00faltima que precisava ser votada da medida provis\u00f3ria.<\/p>\n<p><a href=\"https:\/\/www.suno.com.br\/noticias\/camara-rejeita-atuacao-receita-federal-corrupcao\/\">Saiba mais:\u00a0C\u00e2mara rejeita emenda que limitava atua\u00e7\u00e3o da Receita Federal contra corrup\u00e7\u00e3o<\/a><\/p>\n<p>Com a decis\u00e3o, os <strong>auditores fiscais<\/strong>\u00a0n\u00e3o perdem poderes nas investiga\u00e7\u00f5es da <strong>Receita Federal<\/strong>. Isso porque o o texto da emenda limitava a atua\u00e7\u00e3o dos servidores. Eles s\u00f3 poderiam informar \u00e0s autoridades crimes de ordem tribut\u00e1ria. Dessa forma, ficariam impedidos de repassar ao <strong>Minist\u00e9rio P\u00fablico<\/strong> ind\u00edcios de <strong>corrup\u00e7\u00e3o<\/strong> e <strong>lavagem de dinheiro<\/strong>.<\/p>\n<h2>Reforma da Previd\u00eancia<\/h2>\n<p>Na \u00faltima quinta-feira, o ministro da Economia, <strong>Paulo<\/strong> <strong>Guedes<\/strong>, afirmou que a reforma da Previd\u00eancia deve ser aprovada num per\u00edodo de 60 a 90 dias.<\/p>\n<p>&#8220;Em 60,90 dias, [a reforma] estar\u00e1 no passado&#8221;, afirmou o ministro, que completou dizendo que ter\u00e1 &#8220;uma surpresa favor\u00e1vel e aprova\u00e7\u00e3o deve ser relativamente r\u00e1pida. Ao contr\u00e1rio do pessimismo geral, vamos ter uma reforma interessante&#8221;.<\/p>\n<h2>May renuncia cargo ap\u00f3s derrota no Brexit<\/h2>\n<p>A primeira-ministra do <strong>Reino Unido<\/strong>, Theresa May, anunciou nesta sexta-feira (24) que vai renunciar ao cargo. Assim, a <strong>premi\u00ea brit\u00e2nica<\/strong> deve deixar o governo no dia 7 de junho.<\/p>\n<p><a href=\"https:\/\/www.suno.com.br\/noticias\/theresa-may-renuncia-reino-unido\/\">Saiba mais:\u00a0Premi\u00ea do Reino Unido, Theresa May anuncia ren\u00fancia ao cargo<\/a><\/p>\n<p>O an\u00fancio de <strong>Theresa May<\/strong> ocorre depois de a primeira-ministra n\u00e3o conseguir executar a sa\u00edda do Reino Unido da <strong>Uni\u00e3o Europeia<\/strong>. Dessa forma, May sofreu tr\u00eas derrotas no Parlamento para aprovar o acordo para o <strong>Brexit.<\/strong><\/p>\n<h2>\u00daltima cota\u00e7\u00e3o<\/h2>\n<p>Na \u00faltima sess\u00e3o, na quinta-feira (23), o <strong>d\u00f3lar<\/strong> registrou uma alta de 0,178% sendo negociado R$ 4,0474.<\/p>\n\t<p>\n\t\t<a href=\"https:\/\/lp.suno.com.br\/asset\/suno-fundo-de-fundos-snff11\/\" target=\"_blank\" data-element=\"shortcode-suno-banner\" title=\"Banner SUNO, clique e saiba mais\">\n\t\t\t<picture>\n\t\t\t\t<source media=\"(max-width: 500px)\" srcset=\"https:\/\/files.sunoresearch.com.br\/n\/uploads\/2024\/01\/400x300-Mobile-Artigos-3-SNFF-AO.png\">\n\t\t\t\t<img class=\"newsContent__article__imgCapa newsContent__article__imgCapa--banner\"\n\t\t\t\t\tsrc=\"https:\/\/files.sunoresearch.com.br\/n\/uploads\/2024\/01\/1420x240-Banner-Artigos-1-_-Banner-Materias-1-SNFF-AO.png\"\n\t\t\t\t\tdata-promo-id=\"364418\"\t\t\t\t\t\t\t\t\t\twidth='1420' height='240'\t\t\t\t\talt=\"https:\/\/files.sunoresearch.com.br\/n\/uploads\/2024\/01\/1420x240-Banner-Artigos-1-_-Banner-Materias-1-SNFF-AO.png\"\n\t\t\t\t>\n\t\t\t<\/picture>\n\t\t<\/a>\n\t<\/p>\n\n\n","protected":false},"excerpt":{"rendered":"<p>O d\u00f3lar inicia a manh\u00e3 desta sexta-feira (24) em queda. A moeda norte-americana vinha em forte alta, chegou a dar duas tr\u00e9guas durante esta semana, mas finalizou a \u00faltima sess\u00e3o valorizada. D\u00f3lar abre em queda de 1,2% ap\u00f3s dados do desemprego dos EUA Por volta das 9h10, o d\u00f3lar registrava uma queda de 0,012% sendo [&hellip;]<\/p>\n","protected":false},"author":11,"featured_media":19603,"comment_status":"closed","ping_status":"closed","sticky":false,"template":"","format":"standard","meta":[],"categories":[60],"tags":[326],"suno_strategy":[],"class_list":["post-25831","post","type-post","status-publish","format-standard","has-post-thumbnail","hentry","category-mercado","tag-dolar"],"yoast_head":"<!-- This site is optimized with the Yoast SEO plugin v24.4 - https:\/\/yoast.com\/wordpress\/plugins\/seo\/ -->\n<title>D\u00f3lar em queda com guerra comercial e ren\u00fancia de May no radar<\/title>\n<meta name=\"description\" content=\"D\u00f3lar registrada leve queda de 0,012%, nesta manh\u00e3, operando pr\u00f3xima da estabilidade e cotado a R$ 4,0469. Clique para saber mais.\" \/>\n<meta name=\"robots\" content=\"index, follow, max-snippet:-1, max-image-preview:large, max-video-preview:-1\" \/>\n<link rel=\"canonical\" href=\"https:\/\/www.suno.com.br\/noticias\/dolar-24052019\/\" \/>\n<meta property=\"og:locale\" content=\"pt_BR\" \/>\n<meta property=\"og:type\" content=\"article\" \/>\n<meta property=\"og:title\" content=\"D\u00f3lar em queda com guerra comercial e ren\u00fancia de May no radar\" \/>\n<meta property=\"og:description\" content=\"D\u00f3lar registrada leve queda de 0,012%, nesta manh\u00e3, operando pr\u00f3xima da estabilidade e cotado a R$ 4,0469. Clique para saber mais.\" \/>\n<meta property=\"og:url\" content=\"https:\/\/www.suno.com.br\/noticias\/dolar-24052019\/\" \/>\n<meta property=\"og:site_name\" content=\"Suno Not\u00edcias\" \/>\n<meta property=\"article:publisher\" content=\"https:\/\/facebook.com\/sunoresearch\" \/>\n<meta property=\"og:image\" content=\"https:\/\/files.sunoresearch.com.br\/n\/uploads\/2019\/04\/54cd5840-d\u00f3lar.jpg\" \/>\n\t<meta property=\"og:image:width\" content=\"1140\" \/>\n\t<meta property=\"og:image:height\" content=\"760\" \/>\n\t<meta property=\"og:image:type\" content=\"image\/jpeg\" \/>\n<meta name=\"author\" content=\"Renan Bandeira\" \/>\n<meta name=\"twitter:card\" content=\"summary_large_image\" \/>\n<meta name=\"twitter:creator\" content=\"@sunoresearch\" \/>\n<meta name=\"twitter:site\" content=\"@sunoresearch\" \/>\n<meta name=\"twitter:label1\" content=\"Escrito por\" \/>\n\t<meta name=\"twitter:data1\" content=\"Renan Bandeira\" \/>\n\t<meta name=\"twitter:label2\" content=\"Est. tempo de leitura\" \/>\n\t<meta name=\"twitter:data2\" content=\"3 minutos\" \/>\n<script type=\"application\/ld+json\" class=\"yoast-schema-graph\">{\"@context\":\"https:\/\/schema.org\",\"@graph\":[{\"@type\":\"NewsArticle\",\"@id\":\"https:\/\/www.suno.com.br\/noticias\/dolar-24052019\/#article\",\"isPartOf\":{\"@id\":\"https:\/\/www.suno.com.br\/noticias\/dolar-24052019\/\"},\"author\":{\"name\":\"Renan Bandeira\",\"@id\":\"https:\/\/www.suno.com.br\/noticias\/#\/schema\/person\/fc144a1c6108bd1dcd43784e88a3c138\"},\"headline\":\"D\u00f3lar em queda com guerra comercial e ren\u00fancia de May no radar\",\"datePublished\":\"2019-05-24T12:23:54+00:00\",\"dateModified\":\"2019-05-24T12:57:52+00:00\",\"mainEntityOfPage\":{\"@id\":\"https:\/\/www.suno.com.br\/noticias\/dolar-24052019\/\"},\"wordCount\":537,\"publisher\":{\"@id\":\"https:\/\/www.suno.com.br\/noticias\/#organization\"},\"image\":{\"@id\":\"https:\/\/www.suno.com.br\/noticias\/dolar-24052019\/#primaryimage\"},\"thumbnailUrl\":\"https:\/\/files.sunoresearch.com.br\/n\/uploads\/2019\/04\/54cd5840-d\u00f3lar-jpg.webp\",\"keywords\":[\"d\u00f3lar\"],\"articleSection\":[\"Mercado\"],\"inLanguage\":\"pt-BR\"},{\"@type\":\"WebPage\",\"@id\":\"https:\/\/www.suno.com.br\/noticias\/dolar-24052019\/\",\"url\":\"https:\/\/www.suno.com.br\/noticias\/dolar-24052019\/\",\"name\":\"D\u00f3lar em queda com guerra comercial e ren\u00fancia de May no radar\",\"isPartOf\":{\"@id\":\"https:\/\/www.suno.com.br\/noticias\/#website\"},\"primaryImageOfPage\":{\"@id\":\"https:\/\/www.suno.com.br\/noticias\/dolar-24052019\/#primaryimage\"},\"image\":{\"@id\":\"https:\/\/www.suno.com.br\/noticias\/dolar-24052019\/#primaryimage\"},\"thumbnailUrl\":\"https:\/\/files.sunoresearch.com.br\/n\/uploads\/2019\/04\/54cd5840-d\u00f3lar-jpg.webp\",\"datePublished\":\"2019-05-24T12:23:54+00:00\",\"dateModified\":\"2019-05-24T12:57:52+00:00\",\"description\":\"D\u00f3lar registrada leve queda de 0,012%, nesta manh\u00e3, operando pr\u00f3xima da estabilidade e cotado a R$ 4,0469. Clique para saber mais.\",\"breadcrumb\":{\"@id\":\"https:\/\/www.suno.com.br\/noticias\/dolar-24052019\/#breadcrumb\"},\"inLanguage\":\"pt-BR\",\"potentialAction\":[{\"@type\":\"ReadAction\",\"target\":[\"https:\/\/www.suno.com.br\/noticias\/dolar-24052019\/\"]}]},{\"@type\":\"ImageObject\",\"inLanguage\":\"pt-BR\",\"@id\":\"https:\/\/www.suno.com.br\/noticias\/dolar-24052019\/#primaryimage\",\"url\":\"https:\/\/files.sunoresearch.com.br\/n\/uploads\/2019\/04\/54cd5840-d\u00f3lar-jpg.webp\",\"contentUrl\":\"https:\/\/files.sunoresearch.com.br\/n\/uploads\/2019\/04\/54cd5840-d\u00f3lar-jpg.webp\",\"width\":1140,\"height\":760,\"caption\":\"D\u00f3lar abre em queda de 1,2% ap\u00f3s dados do desemprego dos EUA\"},{\"@type\":\"BreadcrumbList\",\"@id\":\"https:\/\/www.suno.com.br\/noticias\/dolar-24052019\/#breadcrumb\",\"itemListElement\":[{\"@type\":\"ListItem\",\"position\":1,\"name\":\"Not\u00edcias\",\"item\":\"https:\/\/www.suno.com.br\/noticias\/\"},{\"@type\":\"ListItem\",\"position\":2,\"name\":\"Mercado\",\"item\":\"https:\/\/www.suno.com.br\/noticias\/mercado\/\"},{\"@type\":\"ListItem\",\"position\":3,\"name\":\"D\u00f3lar em queda com guerra comercial e ren\u00fancia de May no radar\"}]},{\"@type\":\"WebSite\",\"@id\":\"https:\/\/www.suno.com.br\/noticias\/#website\",\"url\":\"https:\/\/www.suno.com.br\/noticias\/\",\"name\":\"Suno Not\u00edcias\",\"description\":\"Seu portal de informa\u00e7\u00e3o sobre o mundo dos investimentos\",\"publisher\":{\"@id\":\"https:\/\/www.suno.com.br\/noticias\/#organization\"},\"potentialAction\":[{\"@type\":\"SearchAction\",\"target\":{\"@type\":\"EntryPoint\",\"urlTemplate\":\"https:\/\/www.suno.com.br\/noticias\/?s={search_term_string}\"},\"query-input\":{\"@type\":\"PropertyValueSpecification\",\"valueRequired\":true,\"valueName\":\"search_term_string\"}}],\"inLanguage\":\"pt-BR\"},{\"@type\":\"Organization\",\"@id\":\"https:\/\/www.suno.com.br\/noticias\/#organization\",\"name\":\"Suno Not\u00edcias\",\"url\":\"https:\/\/www.suno.com.br\/noticias\/\",\"logo\":{\"@type\":\"ImageObject\",\"inLanguage\":\"pt-BR\",\"@id\":\"https:\/\/www.suno.com.br\/noticias\/#\/schema\/logo\/image\/\",\"url\":\"https:\/\/files.sunoresearch.com.br\/n\/uploads\/2021\/09\/suno-logo.png\",\"contentUrl\":\"https:\/\/files.sunoresearch.com.br\/n\/uploads\/2021\/09\/suno-logo.png\",\"width\":180,\"height\":180,\"caption\":\"Suno Not\u00edcias\"},\"image\":{\"@id\":\"https:\/\/www.suno.com.br\/noticias\/#\/schema\/logo\/image\/\"},\"sameAs\":[\"https:\/\/facebook.com\/sunoresearch\",\"https:\/\/x.com\/sunoresearch\",\"https:\/\/www.instagram.com\/suno\",\"https:\/\/www.linkedin.com\/company\/suno-research\/\",\"https:\/\/www.youtube.com\/c\/sunoresearch\"]},{\"@type\":\"Person\",\"@id\":\"https:\/\/www.suno.com.br\/noticias\/#\/schema\/person\/fc144a1c6108bd1dcd43784e88a3c138\",\"name\":\"Renan Bandeira\",\"image\":{\"@type\":\"ImageObject\",\"inLanguage\":\"pt-BR\",\"@id\":\"https:\/\/www.suno.com.br\/noticias\/#\/schema\/person\/image\/\",\"url\":\"https:\/\/secure.gravatar.com\/avatar\/68359cdb608f14f11bbefcb78f3fc747?s=96&r=g\",\"contentUrl\":\"https:\/\/secure.gravatar.com\/avatar\/68359cdb608f14f11bbefcb78f3fc747?s=96&r=g\",\"caption\":\"Renan Bandeira\"},\"description\":\"Renan Bandeira escreve sobre pol\u00edtica e economia para o portal da Suno Research. Antes da Suno, trabalhou em uma rede de televis\u00e3o, onde fazia reportagens sobre os mesmos temas. Estuda na Universidade Metodista de S\u00e3o Paulo.\",\"url\":\"https:\/\/www.suno.com.br\/noticias\/author\/renan-bandeira\/\"}]}<\/script>\n<!-- \/ Yoast SEO plugin. -->","yoast_head_json":{"title":"D\u00f3lar em queda com guerra comercial e ren\u00fancia de May no radar","description":"D\u00f3lar registrada leve queda de 0,012%, nesta manh\u00e3, operando pr\u00f3xima da estabilidade e cotado a R$ 4,0469. Clique para saber mais.","robots":{"index":"index","follow":"follow","max-snippet":"max-snippet:-1","max-image-preview":"max-image-preview:large","max-video-preview":"max-video-preview:-1"},"canonical":"https:\/\/www.suno.com.br\/noticias\/dolar-24052019\/","og_locale":"pt_BR","og_type":"article","og_title":"D\u00f3lar em queda com guerra comercial e ren\u00fancia de May no radar","og_description":"D\u00f3lar registrada leve queda de 0,012%, nesta manh\u00e3, operando pr\u00f3xima da estabilidade e cotado a R$ 4,0469. Clique para saber mais.","og_url":"https:\/\/www.suno.com.br\/noticias\/dolar-24052019\/","og_site_name":"Suno Not\u00edcias","article_publisher":"https:\/\/facebook.com\/sunoresearch","og_image":[{"width":1140,"height":760,"url":"https:\/\/files.sunoresearch.com.br\/n\/uploads\/2019\/04\/54cd5840-d\u00f3lar.jpg","type":"image\/jpeg"}],"author":"Renan Bandeira","twitter_card":"summary_large_image","twitter_creator":"@sunoresearch","twitter_site":"@sunoresearch","twitter_misc":{"Escrito por":"Renan Bandeira","Est. tempo de leitura":"3 minutos"},"schema":{"@context":"https:\/\/schema.org","@graph":[{"@type":"NewsArticle","@id":"https:\/\/www.suno.com.br\/noticias\/dolar-24052019\/#article","isPartOf":{"@id":"https:\/\/www.suno.com.br\/noticias\/dolar-24052019\/"},"author":{"name":"Renan Bandeira","@id":"https:\/\/www.suno.com.br\/noticias\/#\/schema\/person\/fc144a1c6108bd1dcd43784e88a3c138"},"headline":"D\u00f3lar em queda com guerra comercial e ren\u00fancia de May no radar","datePublished":"2019-05-24T12:23:54+00:00","dateModified":"2019-05-24T12:57:52+00:00","mainEntityOfPage":{"@id":"https:\/\/www.suno.com.br\/noticias\/dolar-24052019\/"},"wordCount":537,"publisher":{"@id":"https:\/\/www.suno.com.br\/noticias\/#organization"},"image":{"@id":"https:\/\/www.suno.com.br\/noticias\/dolar-24052019\/#primaryimage"},"thumbnailUrl":"https:\/\/files.sunoresearch.com.br\/n\/uploads\/2019\/04\/54cd5840-d\u00f3lar-jpg.webp","keywords":["d\u00f3lar"],"articleSection":["Mercado"],"inLanguage":"pt-BR"},{"@type":"WebPage","@id":"https:\/\/www.suno.com.br\/noticias\/dolar-24052019\/","url":"https:\/\/www.suno.com.br\/noticias\/dolar-24052019\/","name":"D\u00f3lar em queda com guerra comercial e ren\u00fancia de May no radar","isPartOf":{"@id":"https:\/\/www.suno.com.br\/noticias\/#website"},"primaryImageOfPage":{"@id":"https:\/\/www.suno.com.br\/noticias\/dolar-24052019\/#primaryimage"},"image":{"@id":"https:\/\/www.suno.com.br\/noticias\/dolar-24052019\/#primaryimage"},"thumbnailUrl":"https:\/\/files.sunoresearch.com.br\/n\/uploads\/2019\/04\/54cd5840-d\u00f3lar-jpg.webp","datePublished":"2019-05-24T12:23:54+00:00","dateModified":"2019-05-24T12:57:52+00:00","description":"D\u00f3lar registrada leve queda de 0,012%, nesta manh\u00e3, operando pr\u00f3xima da estabilidade e cotado a R$ 4,0469. Clique para saber mais.","breadcrumb":{"@id":"https:\/\/www.suno.com.br\/noticias\/dolar-24052019\/#breadcrumb"},"inLanguage":"pt-BR","potentialAction":[{"@type":"ReadAction","target":["https:\/\/www.suno.com.br\/noticias\/dolar-24052019\/"]}]},{"@type":"ImageObject","inLanguage":"pt-BR","@id":"https:\/\/www.suno.com.br\/noticias\/dolar-24052019\/#primaryimage","url":"https:\/\/files.sunoresearch.com.br\/n\/uploads\/2019\/04\/54cd5840-d\u00f3lar-jpg.webp","contentUrl":"https:\/\/files.sunoresearch.com.br\/n\/uploads\/2019\/04\/54cd5840-d\u00f3lar-jpg.webp","width":1140,"height":760,"caption":"D\u00f3lar abre em queda de 1,2% ap\u00f3s dados do desemprego dos EUA"},{"@type":"BreadcrumbList","@id":"https:\/\/www.suno.com.br\/noticias\/dolar-24052019\/#breadcrumb","itemListElement":[{"@type":"ListItem","position":1,"name":"Not\u00edcias","item":"https:\/\/www.suno.com.br\/noticias\/"},{"@type":"ListItem","position":2,"name":"Mercado","item":"https:\/\/www.suno.com.br\/noticias\/mercado\/"},{"@type":"ListItem","position":3,"name":"D\u00f3lar em queda com guerra comercial e ren\u00fancia de May no radar"}]},{"@type":"WebSite","@id":"https:\/\/www.suno.com.br\/noticias\/#website","url":"https:\/\/www.suno.com.br\/noticias\/","name":"Suno Not\u00edcias","description":"Seu portal de informa\u00e7\u00e3o sobre o mundo dos investimentos","publisher":{"@id":"https:\/\/www.suno.com.br\/noticias\/#organization"},"potentialAction":[{"@type":"SearchAction","target":{"@type":"EntryPoint","urlTemplate":"https:\/\/www.suno.com.br\/noticias\/?s={search_term_string}"},"query-input":{"@type":"PropertyValueSpecification","valueRequired":true,"valueName":"search_term_string"}}],"inLanguage":"pt-BR"},{"@type":"Organization","@id":"https:\/\/www.suno.com.br\/noticias\/#organization","name":"Suno Not\u00edcias","url":"https:\/\/www.suno.com.br\/noticias\/","logo":{"@type":"ImageObject","inLanguage":"pt-BR","@id":"https:\/\/www.suno.com.br\/noticias\/#\/schema\/logo\/image\/","url":"https:\/\/files.sunoresearch.com.br\/n\/uploads\/2021\/09\/suno-logo.png","contentUrl":"https:\/\/files.sunoresearch.com.br\/n\/uploads\/2021\/09\/suno-logo.png","width":180,"height":180,"caption":"Suno Not\u00edcias"},"image":{"@id":"https:\/\/www.suno.com.br\/noticias\/#\/schema\/logo\/image\/"},"sameAs":["https:\/\/facebook.com\/sunoresearch","https:\/\/x.com\/sunoresearch","https:\/\/www.instagram.com\/suno","https:\/\/www.linkedin.com\/company\/suno-research\/","https:\/\/www.youtube.com\/c\/sunoresearch"]},{"@type":"Person","@id":"https:\/\/www.suno.com.br\/noticias\/#\/schema\/person\/fc144a1c6108bd1dcd43784e88a3c138","name":"Renan Bandeira","image":{"@type":"ImageObject","inLanguage":"pt-BR","@id":"https:\/\/www.suno.com.br\/noticias\/#\/schema\/person\/image\/","url":"https:\/\/secure.gravatar.com\/avatar\/68359cdb608f14f11bbefcb78f3fc747?s=96&r=g","contentUrl":"https:\/\/secure.gravatar.com\/avatar\/68359cdb608f14f11bbefcb78f3fc747?s=96&r=g","caption":"Renan Bandeira"},"description":"Renan Bandeira escreve sobre pol\u00edtica e economia para o portal da Suno Research. Antes da Suno, trabalhou em uma rede de televis\u00e3o, onde fazia reportagens sobre os mesmos temas. Estuda na Universidade Metodista de S\u00e3o Paulo.","url":"https:\/\/www.suno.com.br\/noticias\/author\/renan-bandeira\/"}]}},"default_loop_html":"<div class=\"cardsPage__listCard__boxs\"><div class=\"cardsPage__listCard__boxs__img\"><a href=\"https:\/\/www.suno.com.br\/noticias\/dolar-24052019\/\"><img class=\"mask\" src=\"https:\/\/www.suno.com.br\/noticias\/wp-content\/themes\/suno\/resources\/images\/spotlight\/spotlight1img\/bg-mask.png\" alt=\"Image Mask\"\/><img src=\"https:\/\/files.sunoresearch.com.br\/n\/uploads\/2019\/04\/54cd5840-d\u00f3lar-400x200.webp\" alt=\"D\u00f3lar em queda com guerra comercial e ren\u00fancia de May no radar\"\/><\/a><span class=\"spotlightCategory\"><a href=\"https:\/\/www.suno.com.br\/noticias\/mercado\/\">Mercado<\/a><\/span><\/div><div class=\"cardsPage__listCard__boxs__content\"><a href=\"https:\/\/www.suno.com.br\/noticias\/dolar-24052019\/\"><h2 class=\"content__title\">D\u00f3lar em queda com guerra comercial e ren\u00fancia de May no radar<\/h2><\/a><div class=\"newsContent__article__meta\"><div class=\"newsContent__article__meta__authorBox\"><a href=\"https:\/\/www.suno.com.br\/noticias\/author\/renan-bandeira\/\" class=\"authorBox__avatar noMobi\"><img src=\"https:\/\/secure.gravatar.com\/avatar\/68359cdb608f14f11bbefcb78f3fc747?s=96&#038;r=g\" alt=\"Renan Bandeira\"><\/a><div class=\"authorBox__name\"><span>por\n\t\t\t<a href=\"https:\/\/www.suno.com.br\/noticias\/author\/renan-bandeira\/\"><span itemprop=\"author\">Renan Bandeira<\/span><\/a><\/span><time datetime=\"2019-05-24T09:23:54-03:00\" itemprop=\"datePublished\">24\/05\/2019 09:23<\/time><\/div><\/div><\/div><\/div><\/div>","single_layout":"posts","amp_enabled":true,"_links":{"self":[{"href":"https:\/\/www.suno.com.br\/noticias\/wp-json\/wp\/v2\/posts\/25831"}],"collection":[{"href":"https:\/\/www.suno.com.br\/noticias\/wp-json\/wp\/v2\/posts"}],"about":[{"href":"https:\/\/www.suno.com.br\/noticias\/wp-json\/wp\/v2\/types\/post"}],"author":[{"embeddable":true,"href":"https:\/\/www.suno.com.br\/noticias\/wp-json\/wp\/v2\/users\/11"}],"replies":[{"embeddable":true,"href":"https:\/\/www.suno.com.br\/noticias\/wp-json\/wp\/v2\/comments?post=25831"}],"version-history":[{"count":0,"href":"https:\/\/www.suno.com.br\/noticias\/wp-json\/wp\/v2\/posts\/25831\/revisions"}],"wp:featuredmedia":[{"embeddable":true,"href":"https:\/\/www.suno.com.br\/noticias\/wp-json\/wp\/v2\/media\/19603"}],"wp:attachment":[{"href":"https:\/\/www.suno.com.br\/noticias\/wp-json\/wp\/v2\/media?parent=25831"}],"wp:term":[{"taxonomy":"category","embeddable":true,"href":"https:\/\/www.suno.com.br\/noticias\/wp-json\/wp\/v2\/categories?post=25831"},{"taxonomy":"post_tag","embeddable":true,"href":"https:\/\/www.suno.com.br\/noticias\/wp-json\/wp\/v2\/tags?post=25831"},{"taxonomy":"suno_strategy","embeddable":true,"href":"https:\/\/www.suno.com.br\/noticias\/wp-json\/wp\/v2\/suno_strategy?post=25831"}],"curies":[{"name":"wp","href":"https:\/\/api.w.org\/{rel}","templated":true}]}}