{"id":258210,"date":"2022-05-12T10:37:38","date_gmt":"2022-05-12T13:37:38","guid":{"rendered":"https:\/\/www.suno.com.br\/noticias\/?p=258210"},"modified":"2022-05-12T10:37:38","modified_gmt":"2022-05-12T13:37:38","slug":"airbnb-airb34-hospedagem-servicos-aircover","status":"publish","type":"post","link":"https:\/\/www.suno.com.br\/noticias\/airbnb-airb34-hospedagem-servicos-aircover\/","title":{"rendered":"Airbnb (AIRB34) de cara nova: veja as novidades"},"content":{"rendered":"<p>O <strong>Airbnb<\/strong> (<a class=\"suno-keyword\" href=\"https:\/\/www.suno.com.br\/bdrs\/airb34\/\" target=\"_blank\" rel=\"noopener\" data-force=\"yes\" data-priority=\"2\">AIRB34<\/a>) far\u00e1 uma s\u00e9rie de mudan\u00e7as na sua plataforma, conforme anunciado pela companhia nesta quarta-feira (12). A ideia da administra\u00e7\u00e3o \u00e9 atrair mais turistas e pessoas que estejam em busca de acomoda\u00e7\u00f5es n\u00e3o usuais, fora do circuito tradicional de viagens &#8211; que tende a se manter concentrado em grandes zonas metropolitanas.<\/p>\t<div class=\"wrapper-featured-image\">\n\t\t<figure class=\"spotlightImg\">\n\n\t\t\t<picture>\n\t\t\t\t<source media=\"(max-width: 768px)\" srcset=\"https:\/\/files.sunoresearch.com.br\/n\/uploads\/2020\/08\/787d4e72-airbnb-sofre-com-os-efeitos-da-pandemia-do-coronav\u00edrus-400x200.webp\">\n\t\t\t\t<img loading=\"lazy\" decoding=\"async\" class=\"newsContent__article__imgCapa lazyloadDisabled \" src=\"https:\/\/files.sunoresearch.com.br\/n\/uploads\/2020\/08\/787d4e72-airbnb-sofre-com-os-efeitos-da-pandemia-do-coronav\u00edrus-800x450.webp\" width=\"800\" height=\"450\" alt=\"Airbnb (AIRB34) de cara nova: veja as novidades\" fetchpriority=high \/>\n\t\t\t<\/picture>\n\n\t\t\t<figcaption class=\"wp-caption-text wp-caption-text--show\">Airbnb aposta em modelos que favore\u00e7am hospedagem foram de grandes centros e em demanda impactada pelo trabalho flex\u00edvel<\/figcaption>\n\t\t<\/figure>\n\t<\/div>\n\n\n\t<p>\n\t\t<a href=\"\" target=\"_blank\" data-element=\"shortcode-suno-banner\" title=\"Banner SUNO, clique e saiba mais\">\n\t\t\t<picture>\n\t\t\t\t<source media=\"(max-width: 500px)\" srcset=\"\">\n\t\t\t\t<img class=\"newsContent__article__imgCapa newsContent__article__imgCapa--banner\"\n\t\t\t\t\tsrc=\"\"\n\t\t\t\t\tdata-promo-id=\"138420\"\t\t\t\t\t\t\t\t\t\t\t\t\t\t\talt=\"\"\n\t\t\t\t>\n\t\t\t<\/picture>\n\t\t<\/a>\n\t<\/p>\n\n\n<p>Segundo o comunicado do Airbnb at\u00e9 junho deve ser lan\u00e7ado um novo recurso, de &#8220;<strong>Estadias Combinadas<\/strong>&#8220;, que permitir\u00e1 que o viajante se divida entre duas acomoda\u00e7\u00f5es diferentes nas 100 mil cidades em que o Airbnb <a href=\"https:\/\/www.suno.com.br\/noticias\/web-stories\/airbnb-reservas-ajuda-ucrania-guerra\/\">est\u00e1 presente ao redor do mundo<\/a>.<\/p>\n<p>Al\u00e9m disso, ser\u00e1 poss\u00edvel encontrar esse tipo de acomoda\u00e7\u00e3o ficara dispon\u00edvel no rol de categorias de &#8216;estilo&#8217;, que funciona como filtro para a busca de um lugar, e j\u00e1 contempla mais de 56 r\u00f3tulos.<\/p>\n\n\t<div data-element=\"shortcode-read-more\" class=\"readToo\">\n\t\t\t\t<span class=\"readToo__title\">Leia mais<\/span>\n\t\t\t\t<ul class=\"readToo__list\">\n\t\t\t<li><a href=\"https:\/\/www.suno.com.br\/noticias\/airbnb-usuarios-enviar-dinheiro-guerra-ucrania\/\">Usu\u00e1rios reservam Airbnb como forma de enviar dinheiro \u00e0 Ucr\u00e2nia e empresa oferece moradia para 100 mil refugiados<\/a><\/li><li><a href=\"https:\/\/www.suno.com.br\/noticias\/stj-condominios-residenciais-proibir-aluguel-airbnb-airb34\/\">STJ decide que condom\u00ednio residencial pode proibir aluguel pelo Airbnb (AIRB34)<\/a><\/li><li><a href=\"https:\/\/www.suno.com.br\/noticias\/stj-permitir-proibir-airbnb-brasil\/\">Airbnb: STJ julga se condom\u00ednios podem proibir loca\u00e7\u00e3o de im\u00f3veis por aplicativos<\/a><\/li>\t\t<\/ul>\n\t<\/div>\n\n\n<p>Os n\u00fameros levantados pela companhia mostram que, no \u00faltimo trimestre, cerca de 50% dos <strong>pernoites<\/strong> foram para viagens dom\u00e9sticas, ao passo que pessoas que optaram por estadias mais longas aumentaram seu interesse por localiza\u00e7\u00f5es diferentes, distantes de grandes centros e vinculadas a &#8216;experi\u00eancias&#8217;.<\/p>\n<p>A administra\u00e7\u00e3o ainda aposta que esse n\u00famero \u00e9 fruto da <a href=\"https:\/\/www.suno.com.br\/noticias\/novas-regras-home-office-veja-mudancas\/\">flexibilidade no trabalho<\/a>, que foi concretizada durante a pandemia.<\/p>\n<p>Por conta disso, a gest\u00e3o do Airbnb justifica a op\u00e7\u00e3o de oferecer Estadias Combinadas, como forma de atender pessoas que trabalhem remotamente e querem passar uma temporada fora de casa.<\/p>\n\t<p>\n\t\t<a href=\"https:\/\/lp.suno.com.br\/planilha-controle-gastos\/\" target=\"_blank\" data-element=\"shortcode-suno-banner\" title=\"Banner SUNO, clique e saiba mais\">\n\t\t\t<picture>\n\t\t\t\t<source media=\"(max-width: 500px)\" srcset=\"https:\/\/files.sunoresearch.com.br\/n\/uploads\/2023\/03\/400x300-Planilha-controle-de-gastos.png\">\n\t\t\t\t<img class=\"newsContent__article__imgCapa newsContent__article__imgCapa--banner\"\n\t\t\t\t\tsrc=\"https:\/\/files.sunoresearch.com.br\/n\/uploads\/2023\/03\/1420x240-Planilha-controle-de-gastos.png\"\n\t\t\t\t\tdata-promo-id=\"101751\"\t\t\t\t\t\t\t\t\t\twidth='1420' height='240'\t\t\t\t\talt=\"https:\/\/files.sunoresearch.com.br\/n\/uploads\/2023\/03\/1420x240-Planilha-controle-de-gastos.png\"\n\t\t\t\t>\n\t\t\t<\/picture>\n\t\t<\/a>\n\t<\/p>\n\n\n<p>A estimativa \u00e9 de que os h\u00f3spedes achar\u00e3o esse tipo de possibilidade em 40% do cat\u00e1logo atual, aparecendo em cerca de 14 categorias, como\u00a0&#8220;Acampamentos&#8221;, &#8220;Parques Nacionais&#8221;, &#8220;Esqui&#8221; e &#8220;Surfe&#8221;.<\/p>\n<p>Outra das mudan\u00e7as reveladas, por fim, foi o <strong>AirCover<\/strong>, um <a href=\"https:\/\/www.suno.com.br\/artigos\/sinistralidade\/\">seguro que vale para o viajante<\/a> e n\u00e3o apenas para o anfitri\u00e3o, como funcionava antigamente. Esse servi\u00e7o ficar\u00e1 incluso em qualquer reservas, sem custo adicional, e oferecer\u00e1 garantia de reserva e check-in.<\/p>\n<p>Ou seja, caso o anfitri\u00e3o cancele com menos de 30 dias de anteced\u00eancia ou houver impossibilidade de acomodar o h\u00f3spede na chegada, a plataforma oferecer\u00e1 acomoda\u00e7\u00e3o semelhante ou superior ou reembolso.<\/p>\n<p>Vale frisar que a empresa teve uma queda de 30% no faturamento em 2020, por causa da pandemia, mas j\u00e1 conseguiu recuperar o volume de clientes. No primeiro trimestre de 2022, as noites reservadas cresceram 32% em compara\u00e7\u00e3o com o primeiro trimestre de 2019, e est\u00e3o em patamar recorde, segundo dados do <a href=\"https:\/\/www.suno.com.br\/artigos\/resultado-financeiro\/\"><strong>resultado do Airbnb<\/strong><\/a>.<\/p>\n\t<p>\n\t\t<a href=\"https:\/\/lp.suno.com.br\/planilha-da-vida-financeira\/\" target=\"_blank\" data-element=\"shortcode-suno-banner\" title=\"Banner SUNO, clique e saiba mais\">\n\t\t\t<picture>\n\t\t\t\t<source media=\"(max-width: 500px)\" srcset=\"https:\/\/files.sunoresearch.com.br\/n\/uploads\/2023\/04\/400x300-Planilha-vida-financeira-true.png\">\n\t\t\t\t<img class=\"newsContent__article__imgCapa newsContent__article__imgCapa--banner\"\n\t\t\t\t\tsrc=\"https:\/\/files.sunoresearch.com.br\/n\/uploads\/2023\/04\/1420x240-Planilha-vida-financeira-true.png\"\n\t\t\t\t\tdata-promo-id=\"106682\"\t\t\t\t\t\t\t\t\t\twidth='1420' height='240'\t\t\t\t\talt=\"https:\/\/files.sunoresearch.com.br\/n\/uploads\/2023\/04\/1420x240-Planilha-vida-financeira-true.png\"\n\t\t\t\t>\n\t\t\t<\/picture>\n\t\t<\/a>\n\t<\/p>\n\n\n<h2>Airbnb tamb\u00e9m muda &#8216;por dentro&#8217; com flexibilidade do trabalho<\/h2>\n<p>O cen\u00e1rio de flexibilidade do trabalho, contudo, n\u00e3o afetou somente a forma como a administra\u00e7\u00e3o da startup deve moldar seus servi\u00e7os. <a class=\"suno-keyword\" href=\"https:\/\/www.suno.com.br\/tudo-sobre\/brian-chesky\/\" target=\"_blank\" rel=\"noopener\" data-force=\"no\" data-priority=\"2\">Brian Chesky<\/a>, <strong>CEO do Airbnb<\/strong>, disse recentemente que se o escrit\u00f3rio da companhia ainda n\u00e3o existisse, ele n\u00e3o seria como \u00e9 hoje, em entrevista \u00e0 Folha de S. Paulo.<\/p>\n<p>&#8220;Uma vez que as companhias se tornem mais espalhadas, elas v\u00e3o precisar se reunir em S\u00e3o Francisco, Chicago ou Fl\u00f3rida. Podem alugar espa\u00e7os quando precisarem. Ainda n\u00e3o entendemos tudo, e nos pr\u00f3ximos dois anos vou ter muito mais opini\u00f5es sobre isso, porque tudo \u00e9 um experimento. Apenas come\u00e7amos&#8221;, disse o executivo.<\/p>\n\t<p>\n\t\t<a href=\"https:\/\/lp.suno.com.br\/ebook-como-analisar-uma-acao\/\" target=\"_blank\" data-element=\"shortcode-suno-banner\" title=\"Banner SUNO, clique e saiba mais\">\n\t\t\t<picture>\n\t\t\t\t<source media=\"(max-width: 500px)\" srcset=\"https:\/\/files.sunoresearch.com.br\/n\/uploads\/2023\/03\/Ebook-Acoes-Mobile-1.jpg\">\n\t\t\t\t<img class=\"newsContent__article__imgCapa newsContent__article__imgCapa--banner\"\n\t\t\t\t\tsrc=\"https:\/\/files.sunoresearch.com.br\/n\/uploads\/2023\/03\/Ebook-Acoes-Desktop-1.jpg\"\n\t\t\t\t\tdata-promo-id=\"171998\"\t\t\t\t\t\t\t\t\t\twidth='1420' height='286'\t\t\t\t\talt=\"https:\/\/files.sunoresearch.com.br\/n\/uploads\/2023\/03\/Ebook-Acoes-Desktop-1.jpg\"\n\t\t\t\t>\n\t\t\t<\/picture>\n\t\t<\/a>\n\t<\/p>\n\n\n<p>&#8220;Na minha vis\u00e3o, os tr\u00eas dias na semana v\u00e3o se tornar dois dias na semana. Tenho amigos que trabalham em grandes empresas e ocorreu isso. E eu aposto que no ver\u00e3o isso vai virar um dia por semana. E quando voc\u00ea vai um dia aleat\u00f3rio por semana no escrit\u00f3rio, em que dia as pessoas ficam juntas?&#8221;, seguiu.<\/p>\n<p>Segundo Chesky, rapidamente a maioria dos <a href=\"https:\/\/www.suno.com.br\/artigos\/ceo\/\">CEOs<\/a> que escolheram o modelo h\u00edbrido v\u00e3o mudar para o modelo adotado pelo Airbnb. O executivo ainda destaca que &#8220;eles v\u00e3o ter uma jornada mais longa e dolorosa at\u00e9 chegar l\u00e1&#8221;.<\/p>\n<p>&#8220;Se voc\u00ea quer prever como ser\u00e1 o futuro do trabalho, olhe para as empresas novas, e n\u00e3o para as velhas. <a href=\"https:\/\/www.suno.com.br\/noticias\/web-stories\/carnaval-viagem-casa-airbnb\/\">H\u00e1 20 anos, empresas novas adotaram escrit\u00f3rios de andar inteiro aberto<\/a>, com brindes. H\u00e1 20 anos, o Google era uma empresa pequena&#8221;, disse o CEO do <strong>Airbnb<\/strong> \u00e0 Folha.<\/p>\n\t<p>\n\t\t<a href=\"https:\/\/lp.suno.com.br\/planilha-de-controle-de-investimentos\/\" target=\"_blank\" data-element=\"shortcode-suno-banner\" title=\"Banner SUNO, clique e saiba mais\">\n\t\t\t<picture>\n\t\t\t\t<source media=\"(max-width: 500px)\" srcset=\"https:\/\/files.sunoresearch.com.br\/n\/uploads\/2023\/03\/400x300-Controle-de-Investimentos.png\">\n\t\t\t\t<img class=\"newsContent__article__imgCapa newsContent__article__imgCapa--banner\"\n\t\t\t\t\tsrc=\"https:\/\/files.sunoresearch.com.br\/n\/uploads\/2023\/03\/1420x240-Controle-de-Investimentos.png\"\n\t\t\t\t\tdata-promo-id=\"75934\"\t\t\t\t\t\t\t\t\t\twidth='1420' height='240'\t\t\t\t\talt=\"https:\/\/files.sunoresearch.com.br\/n\/uploads\/2023\/03\/1420x240-Controle-de-Investimentos.png\"\n\t\t\t\t>\n\t\t\t<\/picture>\n\t\t<\/a>\n\t<\/p>\n\n\n","protected":false},"excerpt":{"rendered":"<p>O Airbnb (AIRB34) far\u00e1 uma s\u00e9rie de mudan\u00e7as na sua plataforma, conforme anunciado pela companhia nesta quarta-feira (12). A ideia da administra\u00e7\u00e3o \u00e9 atrair mais turistas e pessoas que estejam em busca de acomoda\u00e7\u00f5es n\u00e3o usuais, fora do circuito tradicional de viagens &#8211; que tende a se manter concentrado em grandes zonas metropolitanas. Foto: Pixabay [&hellip;]<\/p>\n","protected":false},"author":73,"featured_media":79651,"comment_status":"closed","ping_status":"closed","sticky":false,"template":"","format":"standard","meta":[],"categories":[64],"tags":[787,1607],"suno_strategy":[],"class_list":["post-258210","post","type-post","status-publish","format-standard","has-post-thumbnail","hentry","category-negocios","tag-airbnb","tag-resultado-das-empresas"],"yoast_head":"<!-- This site is optimized with the Yoast SEO plugin v24.4 - https:\/\/yoast.com\/wordpress\/plugins\/seo\/ -->\n<title>Airbnb (AIRB34) ter\u00e1 estadias fora de grandes centros e &quot;combinadas&quot;<\/title>\n<meta name=\"description\" content=\"Novidades do Airbnb foram anunciadas ap\u00f3s o balan\u00e7o trimestral da companhia, que mostra supera\u00e7\u00e3o do n\u00edvel pr\u00e9-pandemia. Clique e confira\" \/>\n<meta name=\"robots\" content=\"index, follow, max-snippet:-1, max-image-preview:large, max-video-preview:-1\" \/>\n<link rel=\"canonical\" href=\"https:\/\/www.suno.com.br\/noticias\/airbnb-airb34-hospedagem-servicos-aircover\/\" \/>\n<meta property=\"og:locale\" content=\"pt_BR\" \/>\n<meta property=\"og:type\" content=\"article\" \/>\n<meta property=\"og:title\" content=\"Airbnb (AIRB34) ter\u00e1 estadias fora de grandes centros e &quot;combinadas&quot;\" \/>\n<meta property=\"og:description\" content=\"Novidades do Airbnb foram anunciadas ap\u00f3s o balan\u00e7o trimestral da companhia, que mostra supera\u00e7\u00e3o do n\u00edvel pr\u00e9-pandemia. Clique e confira\" \/>\n<meta property=\"og:url\" content=\"https:\/\/www.suno.com.br\/noticias\/airbnb-airb34-hospedagem-servicos-aircover\/\" \/>\n<meta property=\"og:site_name\" content=\"Suno Not\u00edcias\" \/>\n<meta property=\"article:publisher\" content=\"https:\/\/facebook.com\/sunoresearch\" \/>\n<meta property=\"og:image\" content=\"https:\/\/files.sunoresearch.com.br\/n\/uploads\/2020\/08\/787d4e72-airbnb-sofre-com-os-efeitos-da-pandemia-do-coronav\u00edrus.jpg\" \/>\n\t<meta property=\"og:image:width\" content=\"1280\" \/>\n\t<meta property=\"og:image:height\" content=\"736\" \/>\n\t<meta property=\"og:image:type\" content=\"image\/jpeg\" \/>\n<meta name=\"author\" content=\"Eduardo Vargas\" \/>\n<meta name=\"twitter:card\" content=\"summary_large_image\" \/>\n<meta name=\"twitter:creator\" content=\"@sunoresearch\" \/>\n<meta name=\"twitter:site\" content=\"@sunoresearch\" \/>\n<meta name=\"twitter:label1\" content=\"Escrito por\" \/>\n\t<meta name=\"twitter:data1\" content=\"Eduardo Vargas\" \/>\n\t<meta name=\"twitter:label2\" content=\"Est. tempo de leitura\" \/>\n\t<meta name=\"twitter:data2\" content=\"3 minutos\" \/>\n<script type=\"application\/ld+json\" class=\"yoast-schema-graph\">{\"@context\":\"https:\/\/schema.org\",\"@graph\":[{\"@type\":\"NewsArticle\",\"@id\":\"https:\/\/www.suno.com.br\/noticias\/airbnb-airb34-hospedagem-servicos-aircover\/#article\",\"isPartOf\":{\"@id\":\"https:\/\/www.suno.com.br\/noticias\/airbnb-airb34-hospedagem-servicos-aircover\/\"},\"author\":{\"name\":\"Eduardo Vargas\",\"@id\":\"https:\/\/www.suno.com.br\/noticias\/#\/schema\/person\/7f4d362bf3518e76090143ae77bb49a5\"},\"headline\":\"Airbnb (AIRB34) de cara nova: veja as novidades\",\"datePublished\":\"2022-05-12T13:37:38+00:00\",\"mainEntityOfPage\":{\"@id\":\"https:\/\/www.suno.com.br\/noticias\/airbnb-airb34-hospedagem-servicos-aircover\/\"},\"wordCount\":700,\"publisher\":{\"@id\":\"https:\/\/www.suno.com.br\/noticias\/#organization\"},\"image\":{\"@id\":\"https:\/\/www.suno.com.br\/noticias\/airbnb-airb34-hospedagem-servicos-aircover\/#primaryimage\"},\"thumbnailUrl\":\"https:\/\/files.sunoresearch.com.br\/n\/uploads\/2020\/08\/787d4e72-airbnb-sofre-com-os-efeitos-da-pandemia-do-coronav\u00edrus-jpg.webp\",\"keywords\":[\"Airbnb\",\"Resultado das empresas\"],\"articleSection\":[\"Neg\u00f3cios\"],\"inLanguage\":\"pt-BR\"},{\"@type\":\"WebPage\",\"@id\":\"https:\/\/www.suno.com.br\/noticias\/airbnb-airb34-hospedagem-servicos-aircover\/\",\"url\":\"https:\/\/www.suno.com.br\/noticias\/airbnb-airb34-hospedagem-servicos-aircover\/\",\"name\":\"Airbnb (AIRB34) ter\u00e1 estadias fora de grandes centros e \\\"combinadas\\\"\",\"isPartOf\":{\"@id\":\"https:\/\/www.suno.com.br\/noticias\/#website\"},\"primaryImageOfPage\":{\"@id\":\"https:\/\/www.suno.com.br\/noticias\/airbnb-airb34-hospedagem-servicos-aircover\/#primaryimage\"},\"image\":{\"@id\":\"https:\/\/www.suno.com.br\/noticias\/airbnb-airb34-hospedagem-servicos-aircover\/#primaryimage\"},\"thumbnailUrl\":\"https:\/\/files.sunoresearch.com.br\/n\/uploads\/2020\/08\/787d4e72-airbnb-sofre-com-os-efeitos-da-pandemia-do-coronav\u00edrus-jpg.webp\",\"datePublished\":\"2022-05-12T13:37:38+00:00\",\"description\":\"Novidades do Airbnb foram anunciadas ap\u00f3s o balan\u00e7o trimestral da companhia, que mostra supera\u00e7\u00e3o do n\u00edvel pr\u00e9-pandemia. Clique e confira\",\"breadcrumb\":{\"@id\":\"https:\/\/www.suno.com.br\/noticias\/airbnb-airb34-hospedagem-servicos-aircover\/#breadcrumb\"},\"inLanguage\":\"pt-BR\",\"potentialAction\":[{\"@type\":\"ReadAction\",\"target\":[\"https:\/\/www.suno.com.br\/noticias\/airbnb-airb34-hospedagem-servicos-aircover\/\"]}]},{\"@type\":\"ImageObject\",\"inLanguage\":\"pt-BR\",\"@id\":\"https:\/\/www.suno.com.br\/noticias\/airbnb-airb34-hospedagem-servicos-aircover\/#primaryimage\",\"url\":\"https:\/\/files.sunoresearch.com.br\/n\/uploads\/2020\/08\/787d4e72-airbnb-sofre-com-os-efeitos-da-pandemia-do-coronav\u00edrus-jpg.webp\",\"contentUrl\":\"https:\/\/files.sunoresearch.com.br\/n\/uploads\/2020\/08\/787d4e72-airbnb-sofre-com-os-efeitos-da-pandemia-do-coronav\u00edrus-jpg.webp\",\"width\":1280,\"height\":736,\"caption\":\"Airbnb aposta em modelos que favore\u00e7am hospedagem foram de grandes centros e em demanda impactada pelo trabalho flex\u00edvel\"},{\"@type\":\"BreadcrumbList\",\"@id\":\"https:\/\/www.suno.com.br\/noticias\/airbnb-airb34-hospedagem-servicos-aircover\/#breadcrumb\",\"itemListElement\":[{\"@type\":\"ListItem\",\"position\":1,\"name\":\"Not\u00edcias\",\"item\":\"https:\/\/www.suno.com.br\/noticias\/\"},{\"@type\":\"ListItem\",\"position\":2,\"name\":\"Neg\u00f3cios\",\"item\":\"https:\/\/www.suno.com.br\/noticias\/negocios\/\"},{\"@type\":\"ListItem\",\"position\":3,\"name\":\"Airbnb (AIRB34) de cara nova: veja as novidades\"}]},{\"@type\":\"WebSite\",\"@id\":\"https:\/\/www.suno.com.br\/noticias\/#website\",\"url\":\"https:\/\/www.suno.com.br\/noticias\/\",\"name\":\"Suno Not\u00edcias\",\"description\":\"Seu portal de informa\u00e7\u00e3o sobre o mundo dos investimentos\",\"publisher\":{\"@id\":\"https:\/\/www.suno.com.br\/noticias\/#organization\"},\"potentialAction\":[{\"@type\":\"SearchAction\",\"target\":{\"@type\":\"EntryPoint\",\"urlTemplate\":\"https:\/\/www.suno.com.br\/noticias\/?s={search_term_string}\"},\"query-input\":{\"@type\":\"PropertyValueSpecification\",\"valueRequired\":true,\"valueName\":\"search_term_string\"}}],\"inLanguage\":\"pt-BR\"},{\"@type\":\"Organization\",\"@id\":\"https:\/\/www.suno.com.br\/noticias\/#organization\",\"name\":\"Suno Not\u00edcias\",\"url\":\"https:\/\/www.suno.com.br\/noticias\/\",\"logo\":{\"@type\":\"ImageObject\",\"inLanguage\":\"pt-BR\",\"@id\":\"https:\/\/www.suno.com.br\/noticias\/#\/schema\/logo\/image\/\",\"url\":\"https:\/\/files.sunoresearch.com.br\/n\/uploads\/2021\/09\/suno-logo.png\",\"contentUrl\":\"https:\/\/files.sunoresearch.com.br\/n\/uploads\/2021\/09\/suno-logo.png\",\"width\":180,\"height\":180,\"caption\":\"Suno Not\u00edcias\"},\"image\":{\"@id\":\"https:\/\/www.suno.com.br\/noticias\/#\/schema\/logo\/image\/\"},\"sameAs\":[\"https:\/\/facebook.com\/sunoresearch\",\"https:\/\/x.com\/sunoresearch\",\"https:\/\/www.instagram.com\/suno\",\"https:\/\/www.linkedin.com\/company\/suno-research\/\",\"https:\/\/www.youtube.com\/c\/sunoresearch\"]},{\"@type\":\"Person\",\"@id\":\"https:\/\/www.suno.com.br\/noticias\/#\/schema\/person\/7f4d362bf3518e76090143ae77bb49a5\",\"name\":\"Eduardo Vargas\",\"image\":{\"@type\":\"ImageObject\",\"inLanguage\":\"pt-BR\",\"@id\":\"https:\/\/www.suno.com.br\/noticias\/#\/schema\/person\/image\/\",\"url\":\"https:\/\/secure.gravatar.com\/avatar\/dac340933427a22924c9f99d1eb2e3f2?s=96&r=g\",\"contentUrl\":\"https:\/\/secure.gravatar.com\/avatar\/dac340933427a22924c9f99d1eb2e3f2?s=96&r=g\",\"caption\":\"Eduardo Vargas\"},\"description\":\"Jornalista formado pela UFSC, cobre macroeconomia, neg\u00f3cios e startups para o Suno Not\u00edcias, escrevendo principalmente not\u00edcias sobre o mercado financeiro e a bolsa de valores. No YouTube e no Instagram, \u00e9 respons\u00e1vel pela produ\u00e7\u00e3o de Reels e Shorts do Suno Not\u00edcias. Anteriormente, trabalhou cobrindo economia e cotidiano no ND+ e para o ND, maior jornal impresso de Santa Catarina. Cursou um semestre letivo de Estudos de M\u00eddia na Universidad de Buenos Aires.\",\"url\":\"https:\/\/www.suno.com.br\/noticias\/author\/eduardo-vargas\/\"}]}<\/script>\n<!-- \/ Yoast SEO plugin. -->","yoast_head_json":{"title":"Airbnb (AIRB34) ter\u00e1 estadias fora de grandes centros e \"combinadas\"","description":"Novidades do Airbnb foram anunciadas ap\u00f3s o balan\u00e7o trimestral da companhia, que mostra supera\u00e7\u00e3o do n\u00edvel pr\u00e9-pandemia. Clique e confira","robots":{"index":"index","follow":"follow","max-snippet":"max-snippet:-1","max-image-preview":"max-image-preview:large","max-video-preview":"max-video-preview:-1"},"canonical":"https:\/\/www.suno.com.br\/noticias\/airbnb-airb34-hospedagem-servicos-aircover\/","og_locale":"pt_BR","og_type":"article","og_title":"Airbnb (AIRB34) ter\u00e1 estadias fora de grandes centros e \"combinadas\"","og_description":"Novidades do Airbnb foram anunciadas ap\u00f3s o balan\u00e7o trimestral da companhia, que mostra supera\u00e7\u00e3o do n\u00edvel pr\u00e9-pandemia. Clique e confira","og_url":"https:\/\/www.suno.com.br\/noticias\/airbnb-airb34-hospedagem-servicos-aircover\/","og_site_name":"Suno Not\u00edcias","article_publisher":"https:\/\/facebook.com\/sunoresearch","og_image":[{"width":1280,"height":736,"url":"https:\/\/files.sunoresearch.com.br\/n\/uploads\/2020\/08\/787d4e72-airbnb-sofre-com-os-efeitos-da-pandemia-do-coronav\u00edrus.jpg","type":"image\/jpeg"}],"author":"Eduardo Vargas","twitter_card":"summary_large_image","twitter_creator":"@sunoresearch","twitter_site":"@sunoresearch","twitter_misc":{"Escrito por":"Eduardo Vargas","Est. tempo de leitura":"3 minutos"},"schema":{"@context":"https:\/\/schema.org","@graph":[{"@type":"NewsArticle","@id":"https:\/\/www.suno.com.br\/noticias\/airbnb-airb34-hospedagem-servicos-aircover\/#article","isPartOf":{"@id":"https:\/\/www.suno.com.br\/noticias\/airbnb-airb34-hospedagem-servicos-aircover\/"},"author":{"name":"Eduardo Vargas","@id":"https:\/\/www.suno.com.br\/noticias\/#\/schema\/person\/7f4d362bf3518e76090143ae77bb49a5"},"headline":"Airbnb (AIRB34) de cara nova: veja as novidades","datePublished":"2022-05-12T13:37:38+00:00","mainEntityOfPage":{"@id":"https:\/\/www.suno.com.br\/noticias\/airbnb-airb34-hospedagem-servicos-aircover\/"},"wordCount":700,"publisher":{"@id":"https:\/\/www.suno.com.br\/noticias\/#organization"},"image":{"@id":"https:\/\/www.suno.com.br\/noticias\/airbnb-airb34-hospedagem-servicos-aircover\/#primaryimage"},"thumbnailUrl":"https:\/\/files.sunoresearch.com.br\/n\/uploads\/2020\/08\/787d4e72-airbnb-sofre-com-os-efeitos-da-pandemia-do-coronav\u00edrus-jpg.webp","keywords":["Airbnb","Resultado das empresas"],"articleSection":["Neg\u00f3cios"],"inLanguage":"pt-BR"},{"@type":"WebPage","@id":"https:\/\/www.suno.com.br\/noticias\/airbnb-airb34-hospedagem-servicos-aircover\/","url":"https:\/\/www.suno.com.br\/noticias\/airbnb-airb34-hospedagem-servicos-aircover\/","name":"Airbnb (AIRB34) ter\u00e1 estadias fora de grandes centros e \"combinadas\"","isPartOf":{"@id":"https:\/\/www.suno.com.br\/noticias\/#website"},"primaryImageOfPage":{"@id":"https:\/\/www.suno.com.br\/noticias\/airbnb-airb34-hospedagem-servicos-aircover\/#primaryimage"},"image":{"@id":"https:\/\/www.suno.com.br\/noticias\/airbnb-airb34-hospedagem-servicos-aircover\/#primaryimage"},"thumbnailUrl":"https:\/\/files.sunoresearch.com.br\/n\/uploads\/2020\/08\/787d4e72-airbnb-sofre-com-os-efeitos-da-pandemia-do-coronav\u00edrus-jpg.webp","datePublished":"2022-05-12T13:37:38+00:00","description":"Novidades do Airbnb foram anunciadas ap\u00f3s o balan\u00e7o trimestral da companhia, que mostra supera\u00e7\u00e3o do n\u00edvel pr\u00e9-pandemia. Clique e confira","breadcrumb":{"@id":"https:\/\/www.suno.com.br\/noticias\/airbnb-airb34-hospedagem-servicos-aircover\/#breadcrumb"},"inLanguage":"pt-BR","potentialAction":[{"@type":"ReadAction","target":["https:\/\/www.suno.com.br\/noticias\/airbnb-airb34-hospedagem-servicos-aircover\/"]}]},{"@type":"ImageObject","inLanguage":"pt-BR","@id":"https:\/\/www.suno.com.br\/noticias\/airbnb-airb34-hospedagem-servicos-aircover\/#primaryimage","url":"https:\/\/files.sunoresearch.com.br\/n\/uploads\/2020\/08\/787d4e72-airbnb-sofre-com-os-efeitos-da-pandemia-do-coronav\u00edrus-jpg.webp","contentUrl":"https:\/\/files.sunoresearch.com.br\/n\/uploads\/2020\/08\/787d4e72-airbnb-sofre-com-os-efeitos-da-pandemia-do-coronav\u00edrus-jpg.webp","width":1280,"height":736,"caption":"Airbnb aposta em modelos que favore\u00e7am hospedagem foram de grandes centros e em demanda impactada pelo trabalho flex\u00edvel"},{"@type":"BreadcrumbList","@id":"https:\/\/www.suno.com.br\/noticias\/airbnb-airb34-hospedagem-servicos-aircover\/#breadcrumb","itemListElement":[{"@type":"ListItem","position":1,"name":"Not\u00edcias","item":"https:\/\/www.suno.com.br\/noticias\/"},{"@type":"ListItem","position":2,"name":"Neg\u00f3cios","item":"https:\/\/www.suno.com.br\/noticias\/negocios\/"},{"@type":"ListItem","position":3,"name":"Airbnb (AIRB34) de cara nova: veja as novidades"}]},{"@type":"WebSite","@id":"https:\/\/www.suno.com.br\/noticias\/#website","url":"https:\/\/www.suno.com.br\/noticias\/","name":"Suno Not\u00edcias","description":"Seu portal de informa\u00e7\u00e3o sobre o mundo dos investimentos","publisher":{"@id":"https:\/\/www.suno.com.br\/noticias\/#organization"},"potentialAction":[{"@type":"SearchAction","target":{"@type":"EntryPoint","urlTemplate":"https:\/\/www.suno.com.br\/noticias\/?s={search_term_string}"},"query-input":{"@type":"PropertyValueSpecification","valueRequired":true,"valueName":"search_term_string"}}],"inLanguage":"pt-BR"},{"@type":"Organization","@id":"https:\/\/www.suno.com.br\/noticias\/#organization","name":"Suno Not\u00edcias","url":"https:\/\/www.suno.com.br\/noticias\/","logo":{"@type":"ImageObject","inLanguage":"pt-BR","@id":"https:\/\/www.suno.com.br\/noticias\/#\/schema\/logo\/image\/","url":"https:\/\/files.sunoresearch.com.br\/n\/uploads\/2021\/09\/suno-logo.png","contentUrl":"https:\/\/files.sunoresearch.com.br\/n\/uploads\/2021\/09\/suno-logo.png","width":180,"height":180,"caption":"Suno Not\u00edcias"},"image":{"@id":"https:\/\/www.suno.com.br\/noticias\/#\/schema\/logo\/image\/"},"sameAs":["https:\/\/facebook.com\/sunoresearch","https:\/\/x.com\/sunoresearch","https:\/\/www.instagram.com\/suno","https:\/\/www.linkedin.com\/company\/suno-research\/","https:\/\/www.youtube.com\/c\/sunoresearch"]},{"@type":"Person","@id":"https:\/\/www.suno.com.br\/noticias\/#\/schema\/person\/7f4d362bf3518e76090143ae77bb49a5","name":"Eduardo Vargas","image":{"@type":"ImageObject","inLanguage":"pt-BR","@id":"https:\/\/www.suno.com.br\/noticias\/#\/schema\/person\/image\/","url":"https:\/\/secure.gravatar.com\/avatar\/dac340933427a22924c9f99d1eb2e3f2?s=96&r=g","contentUrl":"https:\/\/secure.gravatar.com\/avatar\/dac340933427a22924c9f99d1eb2e3f2?s=96&r=g","caption":"Eduardo Vargas"},"description":"Jornalista formado pela UFSC, cobre macroeconomia, neg\u00f3cios e startups para o Suno Not\u00edcias, escrevendo principalmente not\u00edcias sobre o mercado financeiro e a bolsa de valores. No YouTube e no Instagram, \u00e9 respons\u00e1vel pela produ\u00e7\u00e3o de Reels e Shorts do Suno Not\u00edcias. Anteriormente, trabalhou cobrindo economia e cotidiano no ND+ e para o ND, maior jornal impresso de Santa Catarina. Cursou um semestre letivo de Estudos de M\u00eddia na Universidad de Buenos Aires.","url":"https:\/\/www.suno.com.br\/noticias\/author\/eduardo-vargas\/"}]}},"default_loop_html":"<div class=\"cardsPage__listCard__boxs\"><div class=\"cardsPage__listCard__boxs__img\"><a href=\"https:\/\/www.suno.com.br\/noticias\/stj-permitir-proibir-airbnb-brasil\/\"><img class=\"mask\" src=\"https:\/\/www.suno.com.br\/noticias\/wp-content\/themes\/suno\/resources\/images\/spotlight\/spotlight1img\/bg-mask.png\" alt=\"Image Mask\"\/><img src=\"https:\/\/files.sunoresearch.com.br\/n\/uploads\/2021\/04\/ebe1939c-airbnb-3399753_1920-400x200.webp\" alt=\"Airbnb: STJ julga se condom\u00ednios podem proibir loca\u00e7\u00e3o de im\u00f3veis por aplicativos\"\/><\/a><span class=\"spotlightCategory\"><a href=\"https:\/\/www.suno.com.br\/noticias\/negocios\/\">Neg\u00f3cios<\/a><\/span><\/div><div class=\"cardsPage__listCard__boxs__content\"><a href=\"https:\/\/www.suno.com.br\/noticias\/stj-permitir-proibir-airbnb-brasil\/\"><h2 class=\"content__title\">Airbnb: STJ julga se condom\u00ednios podem proibir loca\u00e7\u00e3o de im\u00f3veis por aplicativos<\/h2><\/a><div class=\"newsContent__article__meta\"><div class=\"newsContent__article__meta__authorBox\"><a href=\"https:\/\/www.suno.com.br\/noticias\/author\/vitor-azevedo\/\" class=\"authorBox__avatar noMobi\"><img src=\"https:\/\/secure.gravatar.com\/avatar\/62b86195291b446fe380824eb28b99a5?s=96&#038;r=g\" alt=\"Vitor Azevedo\"><\/a><div class=\"authorBox__name\"><span>por\n\t\t\t<a href=\"https:\/\/www.suno.com.br\/noticias\/author\/vitor-azevedo\/\"><span itemprop=\"author\">Vitor Azevedo<\/span><\/a><\/span><time datetime=\"2021-04-03T12:12:20-03:00\" itemprop=\"datePublished\">03\/04\/2021 12:12<\/time><\/div><\/div><\/div><\/div><\/div>","single_layout":"posts","amp_enabled":true,"_links":{"self":[{"href":"https:\/\/www.suno.com.br\/noticias\/wp-json\/wp\/v2\/posts\/258210"}],"collection":[{"href":"https:\/\/www.suno.com.br\/noticias\/wp-json\/wp\/v2\/posts"}],"about":[{"href":"https:\/\/www.suno.com.br\/noticias\/wp-json\/wp\/v2\/types\/post"}],"author":[{"embeddable":true,"href":"https:\/\/www.suno.com.br\/noticias\/wp-json\/wp\/v2\/users\/73"}],"replies":[{"embeddable":true,"href":"https:\/\/www.suno.com.br\/noticias\/wp-json\/wp\/v2\/comments?post=258210"}],"version-history":[{"count":3,"href":"https:\/\/www.suno.com.br\/noticias\/wp-json\/wp\/v2\/posts\/258210\/revisions"}],"predecessor-version":[{"id":258261,"href":"https:\/\/www.suno.com.br\/noticias\/wp-json\/wp\/v2\/posts\/258210\/revisions\/258261"}],"wp:featuredmedia":[{"embeddable":true,"href":"https:\/\/www.suno.com.br\/noticias\/wp-json\/wp\/v2\/media\/79651"}],"wp:attachment":[{"href":"https:\/\/www.suno.com.br\/noticias\/wp-json\/wp\/v2\/media?parent=258210"}],"wp:term":[{"taxonomy":"category","embeddable":true,"href":"https:\/\/www.suno.com.br\/noticias\/wp-json\/wp\/v2\/categories?post=258210"},{"taxonomy":"post_tag","embeddable":true,"href":"https:\/\/www.suno.com.br\/noticias\/wp-json\/wp\/v2\/tags?post=258210"},{"taxonomy":"suno_strategy","embeddable":true,"href":"https:\/\/www.suno.com.br\/noticias\/wp-json\/wp\/v2\/suno_strategy?post=258210"}],"curies":[{"name":"wp","href":"https:\/\/api.w.org\/{rel}","templated":true}]}}