{"id":25817,"date":"2019-05-24T07:08:24","date_gmt":"2019-05-24T10:08:24","guid":{"rendered":"https:\/\/www.suno.com.br\/noticias\/?p=25817"},"modified":"2019-05-24T07:30:54","modified_gmt":"2019-05-24T10:30:54","slug":"theresa-may-renuncia-reino-unido","status":"publish","type":"post","link":"https:\/\/www.suno.com.br\/noticias\/theresa-may-renuncia-reino-unido\/","title":{"rendered":"Premi\u00ea do Reino Unido, Theresa May anuncia ren\u00fancia ao cargo"},"content":{"rendered":"<p>A primeira-ministra do <strong>Reino Unido<\/strong>, Theresa May, anunciou nesta sexta-feira (24) que vai renunciar ao cargo. Assim, a <strong>premi\u00ea brit\u00e2nica<\/strong> deve deixar o governo no dia 7 de junho.<\/p>\t<div class=\"wrapper-featured-image\">\n\t\t<figure class=\"spotlightImg\">\n\n\t\t\t<picture>\n\t\t\t\t<source media=\"(max-width: 768px)\" srcset=\"https:\/\/files.sunoresearch.com.br\/n\/uploads\/2018\/09\/13292942-theresa-may-400x200.webp\">\n\t\t\t\t<img loading=\"lazy\" decoding=\"async\" class=\"newsContent__article__imgCapa lazyloadDisabled newsContent__article__imgCapa--noCaption\" src=\"https:\/\/files.sunoresearch.com.br\/n\/uploads\/2018\/09\/13292942-theresa-may-800x450.webp\" width=\"800\" height=\"450\" alt=\"Premi\u00ea do Reino Unido, Theresa May anuncia ren\u00fancia ao cargo\" fetchpriority=high \/>\n\t\t\t<\/picture>\n\n\t\t\t<figcaption class=\"wp-caption-text wp-caption-text--hide\">theresa-may<\/figcaption>\n\t\t<\/figure>\n\t<\/div>\n\n\n<p>O an\u00fancio de <strong>Theresa May<\/strong> ocorre depois de a primeira-ministra n\u00e3o conseguir executar a sa\u00edda do Reino Unido da <strong>Uni\u00e3o Europeia<\/strong>. Dessa forma, May sofreu tr\u00eas derrotas no Parlamento para aprovar o acordo para o <strong>Brexit.<\/strong><\/p>\n\t<p>\n\t\t<a href=\"https:\/\/lp.suno.com.br\/ao\/sessao-estrategica-consultoria-c\/?utm_source=suno-noticias&#038;utm_medium=banner&#038;utm_campaing=banco-master-cdbs\" target=\"_blank\" data-element=\"shortcode-suno-banner\" title=\"Banner SUNO, clique e saiba mais\">\n\t\t\t<picture>\n\t\t\t\t<source media=\"(max-width: 500px)\" srcset=\"https:\/\/files.sunoresearch.com.br\/n\/uploads\/2025\/09\/300x400.webp\">\n\t\t\t\t<img class=\"newsContent__article__imgCapa newsContent__article__imgCapa--banner\"\n\t\t\t\t\tsrc=\"https:\/\/files.sunoresearch.com.br\/n\/uploads\/2025\/09\/SN-DT-1420x240-1.webp\"\n\t\t\t\t\tdata-promo-id=\"624064\"\t\t\t\t\t\t\t\t\t\twidth='1420' height='240'\t\t\t\t\talt=\"https:\/\/files.sunoresearch.com.br\/n\/uploads\/2025\/09\/SN-DT-1420x240-1.webp\"\n\t\t\t\t>\n\t\t\t<\/picture>\n\t\t<\/a>\n\t<\/p>\n\n\n<p>Durante o discurso em que anunciou sua decis\u00e3o, <strong>May<\/strong> lamentou fracassar na execu\u00e7\u00e3o do <strong>Brexit<\/strong>. Al\u00e9m disso, a l\u00edder brit\u00e2nica chorou ao final da fala. Por fim, ela pediu que o sucessor buscasse encontrar um consenso sobre a sa\u00edda da UE.<\/p>\n<p>&#8220;Est\u00e1 claro agora, para mim, que \u00e9 do melhor interesse do pa\u00eds que um novo primeiro-ministro lidere o esfor\u00e7o [para o Brexit]. Assim, anuncio hoje que vou renunciar ao cargo de l\u00edder do Partido Conservador na sexta-feira, 7 de junho&#8221;, disse <strong>May.<\/strong><\/p>\n<p><a href=\"https:\/\/www.suno.com.br\/noticias\/brexit-may-parlamento-acordo\/\">Saiba Mais: Brexit: May v\u00ea nova proposta como \u201c\u00faltima chance\u201d de aprovar acordo<\/a><\/p>\n<h2>Theresa May e o Brexit<\/h2>\n<p>A premi\u00ea est\u00e1 no cargo h\u00e1 quase tr\u00eas anos e vinha sofrendo press\u00e3o desde as negocia\u00e7\u00f5es do <strong>Brexit<\/strong>. Desse modo, <strong>May<\/strong> n\u00e3o tinha o apoio nem mesmo do pr\u00f3prio partido, o Conservador.<\/p>\n<p>&#8220;Eu fiz tudo que podia para convencer os deputados a apoiar este acordo. Tentei tr\u00eas vezes. Infelizmente, n\u00e3o consegui. Sempre ser\u00e1 motivo de profundo pesar para mim que eu n\u00e3o tenha sido capaz de entregar o <strong>Brexit<\/strong>\u201d, afirmou a premi\u00ea.<\/p>\n<p>A sa\u00edda de <strong>May<\/strong> do cargo j\u00e1 havia sido indicada pela brit\u00e2nica. A premi\u00ea informou meses atr\u00e1s que se o <strong>Parlamento<\/strong> aprovasse seu acordo com a <strong>UE<\/strong>, deixaria o posto. A \u00faltima tentativa da primeira-ministra ocorreu no in\u00edcio desta semana. Assim, <strong>May<\/strong> apresentou a possibilidade de um novo referendo. Contudo, o projeto novamente n\u00e3o foi aprovado.<\/p>\n<p><a href=\"https:\/\/www.suno.com.br\/noticias\/theresa-may-novo-referendo-brexit\/\">Saiba Mais: Brexit: May cogita novo referendo se n\u00e3o conseguir acordo, diz jornal<\/a><\/p>\n<p>O <strong>Reino Unido<\/strong>\u00a0deve sair da <strong>Uni\u00e3o Europeia<\/strong> em 31 de outubro. Entretanto, a data j\u00e1 \u00e9 o segundo adiamento. Isso porque em um primeiro momento a <strong>UE<\/strong> concordou em estender a sa\u00edda at\u00e9 29 de mar\u00e7o. Depois, com a interven\u00e7\u00e3o de <strong>Theresa May,<\/strong>\u00a0o prazo foi postergado para o segundo semestre.<\/p>\n","protected":false},"excerpt":{"rendered":"<p>A primeira-ministra do Reino Unido, Theresa May, anunciou nesta sexta-feira (24) que vai renunciar ao cargo. Assim, a premi\u00ea brit\u00e2nica deve deixar o governo no dia 7 de junho. theresa-may O an\u00fancio de Theresa May ocorre depois de a primeira-ministra n\u00e3o conseguir executar a sa\u00edda do Reino Unido da Uni\u00e3o Europeia. Dessa forma, May sofreu [&hellip;]<\/p>\n","protected":false},"author":16,"featured_media":4224,"comment_status":"closed","ping_status":"closed","sticky":false,"template":"","format":"standard","meta":[],"categories":[63],"tags":[753,730,853,731],"suno_strategy":[],"class_list":["post-25817","post","type-post","status-publish","format-standard","has-post-thumbnail","hentry","category-internacional","tag-brexit","tag-reino-unido","tag-theresa-may","tag-uniao-europeia"],"yoast_head":"<!-- This site is optimized with the Yoast SEO plugin v24.4 - https:\/\/yoast.com\/wordpress\/plugins\/seo\/ -->\n<title>Premi\u00ea do Reino Unido, Theresa May anuncia ren\u00fancia ao cargo<\/title>\n<meta name=\"description\" content=\"A primeira-ministra brit\u00e2nica,Theresa May, anuncia sua ren\u00fancia ap\u00f3s tr\u00eas derrotas no Parlamento sobre o acordo para o Brexit. Saiba mais.\" \/>\n<meta name=\"robots\" content=\"index, follow, max-snippet:-1, max-image-preview:large, max-video-preview:-1\" \/>\n<link rel=\"canonical\" href=\"https:\/\/www.suno.com.br\/noticias\/theresa-may-renuncia-reino-unido\/\" \/>\n<meta property=\"og:locale\" content=\"pt_BR\" \/>\n<meta property=\"og:type\" content=\"article\" \/>\n<meta property=\"og:title\" content=\"Premi\u00ea do Reino Unido, Theresa May anuncia ren\u00fancia ao cargo\" \/>\n<meta property=\"og:description\" content=\"A primeira-ministra brit\u00e2nica,Theresa May, anuncia sua ren\u00fancia ap\u00f3s tr\u00eas derrotas no Parlamento sobre o acordo para o Brexit. Saiba mais.\" \/>\n<meta property=\"og:url\" content=\"https:\/\/www.suno.com.br\/noticias\/theresa-may-renuncia-reino-unido\/\" \/>\n<meta property=\"og:site_name\" content=\"Suno Not\u00edcias\" \/>\n<meta property=\"article:publisher\" content=\"https:\/\/facebook.com\/sunoresearch\" \/>\n<meta property=\"og:image\" content=\"https:\/\/files.sunoresearch.com.br\/n\/uploads\/2018\/09\/13292942-theresa-may.jpg\" \/>\n\t<meta property=\"og:image:width\" content=\"1000\" \/>\n\t<meta property=\"og:image:height\" content=\"1000\" \/>\n\t<meta property=\"og:image:type\" content=\"image\/jpeg\" \/>\n<meta name=\"author\" content=\"Beatriz Oliveira\" \/>\n<meta name=\"twitter:card\" content=\"summary_large_image\" \/>\n<meta name=\"twitter:creator\" content=\"@sunoresearch\" \/>\n<meta name=\"twitter:site\" content=\"@sunoresearch\" \/>\n<meta name=\"twitter:label1\" content=\"Escrito por\" \/>\n\t<meta name=\"twitter:data1\" content=\"Beatriz Oliveira\" \/>\n\t<meta name=\"twitter:label2\" content=\"Est. tempo de leitura\" \/>\n\t<meta name=\"twitter:data2\" content=\"2 minutos\" \/>\n<script type=\"application\/ld+json\" class=\"yoast-schema-graph\">{\"@context\":\"https:\/\/schema.org\",\"@graph\":[{\"@type\":\"NewsArticle\",\"@id\":\"https:\/\/www.suno.com.br\/noticias\/theresa-may-renuncia-reino-unido\/#article\",\"isPartOf\":{\"@id\":\"https:\/\/www.suno.com.br\/noticias\/theresa-may-renuncia-reino-unido\/\"},\"author\":{\"name\":\"Beatriz Oliveira\",\"@id\":\"https:\/\/www.suno.com.br\/noticias\/#\/schema\/person\/e67f665add014bf99f644028de070cc3\"},\"headline\":\"Premi\u00ea do Reino Unido, Theresa May anuncia ren\u00fancia ao cargo\",\"datePublished\":\"2019-05-24T10:08:24+00:00\",\"dateModified\":\"2019-05-24T10:30:54+00:00\",\"mainEntityOfPage\":{\"@id\":\"https:\/\/www.suno.com.br\/noticias\/theresa-may-renuncia-reino-unido\/\"},\"wordCount\":399,\"publisher\":{\"@id\":\"https:\/\/www.suno.com.br\/noticias\/#organization\"},\"image\":{\"@id\":\"https:\/\/www.suno.com.br\/noticias\/theresa-may-renuncia-reino-unido\/#primaryimage\"},\"thumbnailUrl\":\"https:\/\/files.sunoresearch.com.br\/n\/uploads\/2018\/09\/13292942-theresa-may-jpg.webp\",\"keywords\":[\"Brexit\",\"Reino Unido\",\"Theresa May\",\"Uni\u00e3o Europeia\"],\"articleSection\":[\"Internacional\"],\"inLanguage\":\"pt-BR\"},{\"@type\":\"WebPage\",\"@id\":\"https:\/\/www.suno.com.br\/noticias\/theresa-may-renuncia-reino-unido\/\",\"url\":\"https:\/\/www.suno.com.br\/noticias\/theresa-may-renuncia-reino-unido\/\",\"name\":\"Premi\u00ea do Reino Unido, Theresa May anuncia ren\u00fancia ao cargo\",\"isPartOf\":{\"@id\":\"https:\/\/www.suno.com.br\/noticias\/#website\"},\"primaryImageOfPage\":{\"@id\":\"https:\/\/www.suno.com.br\/noticias\/theresa-may-renuncia-reino-unido\/#primaryimage\"},\"image\":{\"@id\":\"https:\/\/www.suno.com.br\/noticias\/theresa-may-renuncia-reino-unido\/#primaryimage\"},\"thumbnailUrl\":\"https:\/\/files.sunoresearch.com.br\/n\/uploads\/2018\/09\/13292942-theresa-may-jpg.webp\",\"datePublished\":\"2019-05-24T10:08:24+00:00\",\"dateModified\":\"2019-05-24T10:30:54+00:00\",\"description\":\"A primeira-ministra brit\u00e2nica,Theresa May, anuncia sua ren\u00fancia ap\u00f3s tr\u00eas derrotas no Parlamento sobre o acordo para o Brexit. Saiba mais.\",\"breadcrumb\":{\"@id\":\"https:\/\/www.suno.com.br\/noticias\/theresa-may-renuncia-reino-unido\/#breadcrumb\"},\"inLanguage\":\"pt-BR\",\"potentialAction\":[{\"@type\":\"ReadAction\",\"target\":[\"https:\/\/www.suno.com.br\/noticias\/theresa-may-renuncia-reino-unido\/\"]}]},{\"@type\":\"ImageObject\",\"inLanguage\":\"pt-BR\",\"@id\":\"https:\/\/www.suno.com.br\/noticias\/theresa-may-renuncia-reino-unido\/#primaryimage\",\"url\":\"https:\/\/files.sunoresearch.com.br\/n\/uploads\/2018\/09\/13292942-theresa-may-jpg.webp\",\"contentUrl\":\"https:\/\/files.sunoresearch.com.br\/n\/uploads\/2018\/09\/13292942-theresa-may-jpg.webp\",\"width\":1000,\"height\":1000,\"caption\":\"theresa-may\"},{\"@type\":\"BreadcrumbList\",\"@id\":\"https:\/\/www.suno.com.br\/noticias\/theresa-may-renuncia-reino-unido\/#breadcrumb\",\"itemListElement\":[{\"@type\":\"ListItem\",\"position\":1,\"name\":\"Not\u00edcias\",\"item\":\"https:\/\/www.suno.com.br\/noticias\/\"},{\"@type\":\"ListItem\",\"position\":2,\"name\":\"Internacional\",\"item\":\"https:\/\/www.suno.com.br\/noticias\/internacional\/\"},{\"@type\":\"ListItem\",\"position\":3,\"name\":\"Premi\u00ea do Reino Unido, Theresa May anuncia ren\u00fancia ao cargo\"}]},{\"@type\":\"WebSite\",\"@id\":\"https:\/\/www.suno.com.br\/noticias\/#website\",\"url\":\"https:\/\/www.suno.com.br\/noticias\/\",\"name\":\"Suno Not\u00edcias\",\"description\":\"Seu portal de informa\u00e7\u00e3o sobre o mundo dos investimentos\",\"publisher\":{\"@id\":\"https:\/\/www.suno.com.br\/noticias\/#organization\"},\"potentialAction\":[{\"@type\":\"SearchAction\",\"target\":{\"@type\":\"EntryPoint\",\"urlTemplate\":\"https:\/\/www.suno.com.br\/noticias\/?s={search_term_string}\"},\"query-input\":{\"@type\":\"PropertyValueSpecification\",\"valueRequired\":true,\"valueName\":\"search_term_string\"}}],\"inLanguage\":\"pt-BR\"},{\"@type\":\"Organization\",\"@id\":\"https:\/\/www.suno.com.br\/noticias\/#organization\",\"name\":\"Suno Not\u00edcias\",\"url\":\"https:\/\/www.suno.com.br\/noticias\/\",\"logo\":{\"@type\":\"ImageObject\",\"inLanguage\":\"pt-BR\",\"@id\":\"https:\/\/www.suno.com.br\/noticias\/#\/schema\/logo\/image\/\",\"url\":\"https:\/\/files.sunoresearch.com.br\/n\/uploads\/2021\/09\/suno-logo.png\",\"contentUrl\":\"https:\/\/files.sunoresearch.com.br\/n\/uploads\/2021\/09\/suno-logo.png\",\"width\":180,\"height\":180,\"caption\":\"Suno Not\u00edcias\"},\"image\":{\"@id\":\"https:\/\/www.suno.com.br\/noticias\/#\/schema\/logo\/image\/\"},\"sameAs\":[\"https:\/\/facebook.com\/sunoresearch\",\"https:\/\/x.com\/sunoresearch\",\"https:\/\/www.instagram.com\/suno\",\"https:\/\/www.linkedin.com\/company\/suno-research\/\",\"https:\/\/www.youtube.com\/c\/sunoresearch\"]},{\"@type\":\"Person\",\"@id\":\"https:\/\/www.suno.com.br\/noticias\/#\/schema\/person\/e67f665add014bf99f644028de070cc3\",\"name\":\"Beatriz Oliveira\",\"image\":{\"@type\":\"ImageObject\",\"inLanguage\":\"pt-BR\",\"@id\":\"https:\/\/www.suno.com.br\/noticias\/#\/schema\/person\/image\/\",\"url\":\"https:\/\/secure.gravatar.com\/avatar\/c9aa6a0aaecc598d257d5d5bd349157d?s=96&r=g\",\"contentUrl\":\"https:\/\/secure.gravatar.com\/avatar\/c9aa6a0aaecc598d257d5d5bd349157d?s=96&r=g\",\"caption\":\"Beatriz Oliveira\"},\"description\":\"Formada em Jornalismo pela Faculdade Paulus de Tecnologia e Comunica\u00e7\u00e3o, Beatriz Oliveira escreve para o portal de not\u00edcias Suno Research. Antes, passou pelas reda\u00e7\u00f5es da Revista EXAME e da Rede Bandeirantes.\",\"url\":\"https:\/\/www.suno.com.br\/noticias\/author\/beatriz\/\"}]}<\/script>\n<!-- \/ Yoast SEO plugin. -->","yoast_head_json":{"title":"Premi\u00ea do Reino Unido, Theresa May anuncia ren\u00fancia ao cargo","description":"A primeira-ministra brit\u00e2nica,Theresa May, anuncia sua ren\u00fancia ap\u00f3s tr\u00eas derrotas no Parlamento sobre o acordo para o Brexit. Saiba mais.","robots":{"index":"index","follow":"follow","max-snippet":"max-snippet:-1","max-image-preview":"max-image-preview:large","max-video-preview":"max-video-preview:-1"},"canonical":"https:\/\/www.suno.com.br\/noticias\/theresa-may-renuncia-reino-unido\/","og_locale":"pt_BR","og_type":"article","og_title":"Premi\u00ea do Reino Unido, Theresa May anuncia ren\u00fancia ao cargo","og_description":"A primeira-ministra brit\u00e2nica,Theresa May, anuncia sua ren\u00fancia ap\u00f3s tr\u00eas derrotas no Parlamento sobre o acordo para o Brexit. Saiba mais.","og_url":"https:\/\/www.suno.com.br\/noticias\/theresa-may-renuncia-reino-unido\/","og_site_name":"Suno Not\u00edcias","article_publisher":"https:\/\/facebook.com\/sunoresearch","og_image":[{"width":1000,"height":1000,"url":"https:\/\/files.sunoresearch.com.br\/n\/uploads\/2018\/09\/13292942-theresa-may.jpg","type":"image\/jpeg"}],"author":"Beatriz Oliveira","twitter_card":"summary_large_image","twitter_creator":"@sunoresearch","twitter_site":"@sunoresearch","twitter_misc":{"Escrito por":"Beatriz Oliveira","Est. tempo de leitura":"2 minutos"},"schema":{"@context":"https:\/\/schema.org","@graph":[{"@type":"NewsArticle","@id":"https:\/\/www.suno.com.br\/noticias\/theresa-may-renuncia-reino-unido\/#article","isPartOf":{"@id":"https:\/\/www.suno.com.br\/noticias\/theresa-may-renuncia-reino-unido\/"},"author":{"name":"Beatriz Oliveira","@id":"https:\/\/www.suno.com.br\/noticias\/#\/schema\/person\/e67f665add014bf99f644028de070cc3"},"headline":"Premi\u00ea do Reino Unido, Theresa May anuncia ren\u00fancia ao cargo","datePublished":"2019-05-24T10:08:24+00:00","dateModified":"2019-05-24T10:30:54+00:00","mainEntityOfPage":{"@id":"https:\/\/www.suno.com.br\/noticias\/theresa-may-renuncia-reino-unido\/"},"wordCount":399,"publisher":{"@id":"https:\/\/www.suno.com.br\/noticias\/#organization"},"image":{"@id":"https:\/\/www.suno.com.br\/noticias\/theresa-may-renuncia-reino-unido\/#primaryimage"},"thumbnailUrl":"https:\/\/files.sunoresearch.com.br\/n\/uploads\/2018\/09\/13292942-theresa-may-jpg.webp","keywords":["Brexit","Reino Unido","Theresa May","Uni\u00e3o Europeia"],"articleSection":["Internacional"],"inLanguage":"pt-BR"},{"@type":"WebPage","@id":"https:\/\/www.suno.com.br\/noticias\/theresa-may-renuncia-reino-unido\/","url":"https:\/\/www.suno.com.br\/noticias\/theresa-may-renuncia-reino-unido\/","name":"Premi\u00ea do Reino Unido, Theresa May anuncia ren\u00fancia ao cargo","isPartOf":{"@id":"https:\/\/www.suno.com.br\/noticias\/#website"},"primaryImageOfPage":{"@id":"https:\/\/www.suno.com.br\/noticias\/theresa-may-renuncia-reino-unido\/#primaryimage"},"image":{"@id":"https:\/\/www.suno.com.br\/noticias\/theresa-may-renuncia-reino-unido\/#primaryimage"},"thumbnailUrl":"https:\/\/files.sunoresearch.com.br\/n\/uploads\/2018\/09\/13292942-theresa-may-jpg.webp","datePublished":"2019-05-24T10:08:24+00:00","dateModified":"2019-05-24T10:30:54+00:00","description":"A primeira-ministra brit\u00e2nica,Theresa May, anuncia sua ren\u00fancia ap\u00f3s tr\u00eas derrotas no Parlamento sobre o acordo para o Brexit. Saiba mais.","breadcrumb":{"@id":"https:\/\/www.suno.com.br\/noticias\/theresa-may-renuncia-reino-unido\/#breadcrumb"},"inLanguage":"pt-BR","potentialAction":[{"@type":"ReadAction","target":["https:\/\/www.suno.com.br\/noticias\/theresa-may-renuncia-reino-unido\/"]}]},{"@type":"ImageObject","inLanguage":"pt-BR","@id":"https:\/\/www.suno.com.br\/noticias\/theresa-may-renuncia-reino-unido\/#primaryimage","url":"https:\/\/files.sunoresearch.com.br\/n\/uploads\/2018\/09\/13292942-theresa-may-jpg.webp","contentUrl":"https:\/\/files.sunoresearch.com.br\/n\/uploads\/2018\/09\/13292942-theresa-may-jpg.webp","width":1000,"height":1000,"caption":"theresa-may"},{"@type":"BreadcrumbList","@id":"https:\/\/www.suno.com.br\/noticias\/theresa-may-renuncia-reino-unido\/#breadcrumb","itemListElement":[{"@type":"ListItem","position":1,"name":"Not\u00edcias","item":"https:\/\/www.suno.com.br\/noticias\/"},{"@type":"ListItem","position":2,"name":"Internacional","item":"https:\/\/www.suno.com.br\/noticias\/internacional\/"},{"@type":"ListItem","position":3,"name":"Premi\u00ea do Reino Unido, Theresa May anuncia ren\u00fancia ao cargo"}]},{"@type":"WebSite","@id":"https:\/\/www.suno.com.br\/noticias\/#website","url":"https:\/\/www.suno.com.br\/noticias\/","name":"Suno Not\u00edcias","description":"Seu portal de informa\u00e7\u00e3o sobre o mundo dos investimentos","publisher":{"@id":"https:\/\/www.suno.com.br\/noticias\/#organization"},"potentialAction":[{"@type":"SearchAction","target":{"@type":"EntryPoint","urlTemplate":"https:\/\/www.suno.com.br\/noticias\/?s={search_term_string}"},"query-input":{"@type":"PropertyValueSpecification","valueRequired":true,"valueName":"search_term_string"}}],"inLanguage":"pt-BR"},{"@type":"Organization","@id":"https:\/\/www.suno.com.br\/noticias\/#organization","name":"Suno Not\u00edcias","url":"https:\/\/www.suno.com.br\/noticias\/","logo":{"@type":"ImageObject","inLanguage":"pt-BR","@id":"https:\/\/www.suno.com.br\/noticias\/#\/schema\/logo\/image\/","url":"https:\/\/files.sunoresearch.com.br\/n\/uploads\/2021\/09\/suno-logo.png","contentUrl":"https:\/\/files.sunoresearch.com.br\/n\/uploads\/2021\/09\/suno-logo.png","width":180,"height":180,"caption":"Suno Not\u00edcias"},"image":{"@id":"https:\/\/www.suno.com.br\/noticias\/#\/schema\/logo\/image\/"},"sameAs":["https:\/\/facebook.com\/sunoresearch","https:\/\/x.com\/sunoresearch","https:\/\/www.instagram.com\/suno","https:\/\/www.linkedin.com\/company\/suno-research\/","https:\/\/www.youtube.com\/c\/sunoresearch"]},{"@type":"Person","@id":"https:\/\/www.suno.com.br\/noticias\/#\/schema\/person\/e67f665add014bf99f644028de070cc3","name":"Beatriz Oliveira","image":{"@type":"ImageObject","inLanguage":"pt-BR","@id":"https:\/\/www.suno.com.br\/noticias\/#\/schema\/person\/image\/","url":"https:\/\/secure.gravatar.com\/avatar\/c9aa6a0aaecc598d257d5d5bd349157d?s=96&r=g","contentUrl":"https:\/\/secure.gravatar.com\/avatar\/c9aa6a0aaecc598d257d5d5bd349157d?s=96&r=g","caption":"Beatriz Oliveira"},"description":"Formada em Jornalismo pela Faculdade Paulus de Tecnologia e Comunica\u00e7\u00e3o, Beatriz Oliveira escreve para o portal de not\u00edcias Suno Research. Antes, passou pelas reda\u00e7\u00f5es da Revista EXAME e da Rede Bandeirantes.","url":"https:\/\/www.suno.com.br\/noticias\/author\/beatriz\/"}]}},"default_loop_html":"<div class=\"cardsPage__listCard__boxs\"><div class=\"cardsPage__listCard__boxs__img\"><a href=\"https:\/\/www.suno.com.br\/noticias\/theresa-may-renuncia-reino-unido\/\"><img class=\"mask\" src=\"https:\/\/www.suno.com.br\/noticias\/wp-content\/themes\/suno\/resources\/images\/spotlight\/spotlight1img\/bg-mask.png\" alt=\"Image Mask\"\/><img src=\"https:\/\/files.sunoresearch.com.br\/n\/uploads\/2018\/09\/13292942-theresa-may-400x200.webp\" alt=\"Premi\u00ea do Reino Unido, Theresa May anuncia ren\u00fancia ao cargo\"\/><\/a><span class=\"spotlightCategory\"><a href=\"https:\/\/www.suno.com.br\/noticias\/internacional\/\">Internacional<\/a><\/span><\/div><div class=\"cardsPage__listCard__boxs__content\"><a href=\"https:\/\/www.suno.com.br\/noticias\/theresa-may-renuncia-reino-unido\/\"><h2 class=\"content__title\">Premi\u00ea do Reino Unido, Theresa May anuncia ren\u00fancia ao cargo<\/h2><\/a><div class=\"newsContent__article__meta\"><div class=\"newsContent__article__meta__authorBox\"><a href=\"https:\/\/www.suno.com.br\/noticias\/author\/beatriz\/\" class=\"authorBox__avatar noMobi\"><img src=\"https:\/\/secure.gravatar.com\/avatar\/c9aa6a0aaecc598d257d5d5bd349157d?s=96&#038;r=g\" alt=\"Beatriz Oliveira\"><\/a><div class=\"authorBox__name\"><span>por\n\t\t\t<a href=\"https:\/\/www.suno.com.br\/noticias\/author\/beatriz\/\"><span itemprop=\"author\">Beatriz Oliveira<\/span><\/a><\/span><time datetime=\"2019-05-24T07:08:24-03:00\" itemprop=\"datePublished\">24\/05\/2019 07:08<\/time><\/div><\/div><\/div><\/div><\/div>","single_layout":"posts","amp_enabled":true,"_links":{"self":[{"href":"https:\/\/www.suno.com.br\/noticias\/wp-json\/wp\/v2\/posts\/25817"}],"collection":[{"href":"https:\/\/www.suno.com.br\/noticias\/wp-json\/wp\/v2\/posts"}],"about":[{"href":"https:\/\/www.suno.com.br\/noticias\/wp-json\/wp\/v2\/types\/post"}],"author":[{"embeddable":true,"href":"https:\/\/www.suno.com.br\/noticias\/wp-json\/wp\/v2\/users\/16"}],"replies":[{"embeddable":true,"href":"https:\/\/www.suno.com.br\/noticias\/wp-json\/wp\/v2\/comments?post=25817"}],"version-history":[{"count":0,"href":"https:\/\/www.suno.com.br\/noticias\/wp-json\/wp\/v2\/posts\/25817\/revisions"}],"wp:featuredmedia":[{"embeddable":true,"href":"https:\/\/www.suno.com.br\/noticias\/wp-json\/wp\/v2\/media\/4224"}],"wp:attachment":[{"href":"https:\/\/www.suno.com.br\/noticias\/wp-json\/wp\/v2\/media?parent=25817"}],"wp:term":[{"taxonomy":"category","embeddable":true,"href":"https:\/\/www.suno.com.br\/noticias\/wp-json\/wp\/v2\/categories?post=25817"},{"taxonomy":"post_tag","embeddable":true,"href":"https:\/\/www.suno.com.br\/noticias\/wp-json\/wp\/v2\/tags?post=25817"},{"taxonomy":"suno_strategy","embeddable":true,"href":"https:\/\/www.suno.com.br\/noticias\/wp-json\/wp\/v2\/suno_strategy?post=25817"}],"curies":[{"name":"wp","href":"https:\/\/api.w.org\/{rel}","templated":true}]}}