{"id":25811,"date":"2019-05-23T20:52:27","date_gmt":"2019-05-23T23:52:27","guid":{"rendered":"https:\/\/www.suno.com.br\/noticias\/?p=25811"},"modified":"2021-06-13T23:44:28","modified_gmt":"2021-06-14T02:44:28","slug":"guerra-comercial-trump-acordo-comercial-china","status":"publish","type":"post","link":"https:\/\/www.suno.com.br\/noticias\/guerra-comercial-trump-acordo-comercial-china\/","title":{"rendered":"Guerra comercial: Trump prev\u00ea acordo comercial &#8220;r\u00e1pido&#8221; com a China"},"content":{"rendered":"<p>O presidente Donald Trump disse nesta quarta-feira (23) que o acordo para se chagar ao fim da guerra comercial ter\u00e1 um r\u00e1pido desfecho. Por\u00e9m, n\u00e3o h\u00e1 nenhum encontro marcado entre o alto escal\u00e3o dos dois pa\u00edses desde a \u00faltima rodada, ocorrida h\u00e1 duas semanas.<\/p>\t<div class=\"wrapper-featured-image\">\n\t\t<figure class=\"spotlightImg\">\n\n\t\t\t<picture>\n\t\t\t\t<source media=\"(max-width: 768px)\" srcset=\"https:\/\/files.sunoresearch.com.br\/n\/uploads\/2019\/02\/273d25a6-donald-trump-400x200.webp\">\n\t\t\t\t<img loading=\"lazy\" decoding=\"async\" class=\"newsContent__article__imgCapa lazyloadDisabled newsContent__article__imgCapa--noCaption\" src=\"https:\/\/files.sunoresearch.com.br\/n\/uploads\/2019\/02\/273d25a6-donald-trump-800x450.webp\" width=\"800\" height=\"450\" alt=\"Guerra comercial: Trump prev\u00ea acordo comercial &#8220;r\u00e1pido&#8221; com a China\" fetchpriority=high \/>\n\t\t\t<\/picture>\n\n\t\t\t<figcaption class=\"wp-caption-text wp-caption-text--hide\">Donald Trump (foto: divulga\u00e7\u00e3o)<\/figcaption>\n\t\t<\/figure>\n\t<\/div>\n\n\n<p>&#8220;Est\u00e1 acontecendo, est\u00e1 acontecendo r\u00e1pido e eu acho que as coisas provavelmente ir\u00e3o acontecer r\u00e1pido com a <strong>China<\/strong> porque eu n\u00e3o posso imaginar que eles estejam satisfeitos com milhares de companhias deixando seu pa\u00eds para outros lugares&#8221;, disse <strong>Trump<\/strong> durante discurso na Casa Branca.\u00a0A <strong>guerra comercial<\/strong> se acirrou ap\u00f3s o governo americano elevar as tarifas de produtos chineses para de 10% a 25%.<\/p>\n<p><a href=\"https:\/\/www.suno.com.br\/noticias\/huawei-google-eua-trump-lista-negra\/\">Saiba Mais: Huawei est\u00e1 trabalhando com Google para combater restri\u00e7\u00f5es comerciais dos EUA<\/a><\/p>\n<p>Os pa\u00eds acusam um ao outro de terem paralisado as negocia\u00e7\u00f5es para se chegar a um acordo. A coletiva em que o presidente discursou foi convocada para falar sobre um plano de desenvolvimento que tem como objetivo ajudar produtores agr\u00edcolas prejudicados pela <strong>guerra comercial<\/strong>.<\/p>\n<p>Ap\u00f3s o aumento das taxa sobre os produtos chineses, a <strong>China<\/strong> respondeu cortando as compras de soja dos <strong>Estados Unidos, <\/strong>o que afetou mercado de exporta\u00e7\u00e3o americano. Os chineses tamb\u00e9m aumentaram as tarifas sobre milho, carne de porco e outros produtos.<\/p>\n\t<p>\n\t\t<a href=\"https:\/\/lp.suno.com.br\/ao\/cadastro-whatsapp\/?utm_source=sunoresearch&#038;utm_medium=banner.sidebar&#038;utm_campaign=_SNC1787C4C9_\" target=\"_blank\" data-element=\"shortcode-suno-banner\" title=\"Banner SUNO, clique e saiba mais\">\n\t\t\t<picture>\n\t\t\t\t<source media=\"(max-width: 500px)\" srcset=\"https:\/\/files.sunoresearch.com.br\/n\/uploads\/2024\/09\/wpp-suno.png\">\n\t\t\t\t<img class=\"newsContent__article__imgCapa newsContent__article__imgCapa--banner\"\n\t\t\t\t\tsrc=\"https:\/\/files.sunoresearch.com.br\/n\/uploads\/2024\/09\/wpp-suno.png\"\n\t\t\t\t\tdata-promo-id=\"574195\"\t\t\t\t\t\t\t\t\t\twidth='360' height='98'\t\t\t\t\talt=\"https:\/\/files.sunoresearch.com.br\/n\/uploads\/2024\/09\/wpp-suno.png\"\n\t\t\t\t>\n\t\t\t<\/picture>\n\t\t<\/a>\n\t<\/p>\n\n\n<p>&#8220;Os 16 bilh\u00f5es de d\u00f3lares em fundos ajudar\u00e3o a manter nossas queridas fazendas prosperando e deixar\u00e3o claro que nenhum pa\u00eds tem poder de veto na economia e na seguran\u00e7a nacionais dos <strong>EUA<\/strong>&#8220;, afirmou <strong>Trump<\/strong> em declara\u00e7\u00e3o na Casa Branca.<\/p>\n<h2>Donald Trump e Xi\u00a0Jinping no G20<\/h2>\n<p>O presidente <strong>Donald Trump<\/strong> anunciou no \u00faltimo dia 13 que ir\u00e1 se encontrar com o presidente <strong>chin\u00eas<\/strong>,\u00a0Xi\u00a0Jinping, durante a c\u00fapula do <strong>G20<\/strong>.\u00a0\u201cVamos nos reunir no G20 no Jap\u00e3o e essa provavelmente ser\u00e1 uma reuni\u00e3o muito frut\u00edfera\u201d, disse o presidente na ocasi\u00e3o.<\/p>\n<p>Nesta quinta-feira, <strong>Trump<\/strong> voltou a afirmar que ir\u00e1 encontrar com o l\u00edder chin\u00eas. O presidente ressaltou que os Estados Unidos ajudou a &#8220;construir\u00a0a China nos \u00faltimos 30 anos&#8221;.\u00a0&#8220;A <strong>China<\/strong> n\u00e3o nos dava nada, agora nos d\u00e1 milh\u00f5es&#8221;, completou.<\/p>\n<p><a href=\"https:\/\/www.suno.com.br\/noticias\/guerra-comercial-empresas-americanas-china-eua\/\">Saiba Mais: Guerra comercial afeta 75% das empresas americanas na China<\/a><\/p>\n<p><strong>Trump<\/strong> tamb\u00e9m falou que as empresas americanas est\u00e3o deixando o pa\u00eds asi\u00e1tico e voltando para os <strong>Estados Unidos<\/strong> por causa da sua pol\u00edtica tarif\u00e1ria que resultou na <strong>guerra comercial<\/strong>.<\/p>\n","protected":false},"excerpt":{"rendered":"<p>O presidente Donald Trump disse nesta quarta-feira (23) que o acordo para se chagar ao fim da guerra comercial ter\u00e1 um r\u00e1pido desfecho. Por\u00e9m, n\u00e3o h\u00e1 nenhum encontro marcado entre o alto escal\u00e3o dos dois pa\u00edses desde a \u00faltima rodada, ocorrida h\u00e1 duas semanas. Donald Trump (foto: divulga\u00e7\u00e3o) &#8220;Est\u00e1 acontecendo, est\u00e1 acontecendo r\u00e1pido e eu [&hellip;]<\/p>\n","protected":false},"author":14,"featured_media":15926,"comment_status":"closed","ping_status":"closed","sticky":false,"template":"","format":"standard","meta":[],"categories":[63],"tags":[711,724,793,980],"suno_strategy":[],"class_list":["post-25811","post","type-post","status-publish","format-standard","has-post-thumbnail","hentry","category-internacional","tag-china","tag-donald-trump","tag-estados-unidos-eua","tag-guerra-comercial"],"yoast_head":"<!-- This site is optimized with the Yoast SEO plugin v24.4 - https:\/\/yoast.com\/wordpress\/plugins\/seo\/ -->\n<title>Guerra comercial: Trump prev\u00ea acordo comercial &quot;r\u00e1pido&quot; com a China<\/title>\n<meta name=\"description\" content=\"A guerra comercial se acirrou ap\u00f3s o governo americano elevar as tarifas de produtos chineses para de 10% a 25%. Clique aqui para saber mais\" \/>\n<meta name=\"robots\" content=\"index, follow, max-snippet:-1, max-image-preview:large, max-video-preview:-1\" \/>\n<link rel=\"canonical\" href=\"https:\/\/www.suno.com.br\/noticias\/guerra-comercial-trump-acordo-comercial-china\/\" \/>\n<meta property=\"og:locale\" content=\"pt_BR\" \/>\n<meta property=\"og:type\" content=\"article\" \/>\n<meta property=\"og:title\" content=\"Guerra comercial: Trump prev\u00ea acordo comercial &quot;r\u00e1pido&quot; com a China\" \/>\n<meta property=\"og:description\" content=\"A guerra comercial se acirrou ap\u00f3s o governo americano elevar as tarifas de produtos chineses para de 10% a 25%. Clique aqui para saber mais\" \/>\n<meta property=\"og:url\" content=\"https:\/\/www.suno.com.br\/noticias\/guerra-comercial-trump-acordo-comercial-china\/\" \/>\n<meta property=\"og:site_name\" content=\"Suno Not\u00edcias\" \/>\n<meta property=\"article:publisher\" content=\"https:\/\/facebook.com\/sunoresearch\" \/>\n<meta property=\"og:image\" content=\"https:\/\/files.sunoresearch.com.br\/n\/uploads\/2019\/02\/273d25a6-donald-trump.jpg\" \/>\n\t<meta property=\"og:image:width\" content=\"1140\" \/>\n\t<meta property=\"og:image:height\" content=\"760\" \/>\n\t<meta property=\"og:image:type\" content=\"image\/jpeg\" \/>\n<meta name=\"author\" content=\"Renan Dantas\" \/>\n<meta name=\"twitter:card\" content=\"summary_large_image\" \/>\n<meta name=\"twitter:creator\" content=\"@sunoresearch\" \/>\n<meta name=\"twitter:site\" content=\"@sunoresearch\" \/>\n<meta name=\"twitter:label1\" content=\"Escrito por\" \/>\n\t<meta name=\"twitter:data1\" content=\"Renan Dantas\" \/>\n\t<meta name=\"twitter:label2\" content=\"Est. tempo de leitura\" \/>\n\t<meta name=\"twitter:data2\" content=\"2 minutos\" \/>\n<script type=\"application\/ld+json\" class=\"yoast-schema-graph\">{\"@context\":\"https:\/\/schema.org\",\"@graph\":[{\"@type\":\"NewsArticle\",\"@id\":\"https:\/\/www.suno.com.br\/noticias\/guerra-comercial-trump-acordo-comercial-china\/#article\",\"isPartOf\":{\"@id\":\"https:\/\/www.suno.com.br\/noticias\/guerra-comercial-trump-acordo-comercial-china\/\"},\"author\":{\"name\":\"Renan Dantas\",\"@id\":\"https:\/\/www.suno.com.br\/noticias\/#\/schema\/person\/3f7693d5795a3f6d5ce15309ee785699\"},\"headline\":\"Guerra comercial: Trump prev\u00ea acordo comercial &#8220;r\u00e1pido&#8221; com a China\",\"datePublished\":\"2019-05-23T23:52:27+00:00\",\"dateModified\":\"2021-06-14T02:44:28+00:00\",\"mainEntityOfPage\":{\"@id\":\"https:\/\/www.suno.com.br\/noticias\/guerra-comercial-trump-acordo-comercial-china\/\"},\"wordCount\":424,\"publisher\":{\"@id\":\"https:\/\/www.suno.com.br\/noticias\/#organization\"},\"image\":{\"@id\":\"https:\/\/www.suno.com.br\/noticias\/guerra-comercial-trump-acordo-comercial-china\/#primaryimage\"},\"thumbnailUrl\":\"https:\/\/files.sunoresearch.com.br\/n\/uploads\/2019\/02\/273d25a6-donald-trump-jpg.webp\",\"keywords\":[\"China\",\"Donald Trump\",\"Estados Unidos (EUA)\",\"guerra comercial\"],\"articleSection\":[\"Internacional\"],\"inLanguage\":\"pt-BR\"},{\"@type\":\"WebPage\",\"@id\":\"https:\/\/www.suno.com.br\/noticias\/guerra-comercial-trump-acordo-comercial-china\/\",\"url\":\"https:\/\/www.suno.com.br\/noticias\/guerra-comercial-trump-acordo-comercial-china\/\",\"name\":\"Guerra comercial: Trump prev\u00ea acordo comercial \\\"r\u00e1pido\\\" com a China\",\"isPartOf\":{\"@id\":\"https:\/\/www.suno.com.br\/noticias\/#website\"},\"primaryImageOfPage\":{\"@id\":\"https:\/\/www.suno.com.br\/noticias\/guerra-comercial-trump-acordo-comercial-china\/#primaryimage\"},\"image\":{\"@id\":\"https:\/\/www.suno.com.br\/noticias\/guerra-comercial-trump-acordo-comercial-china\/#primaryimage\"},\"thumbnailUrl\":\"https:\/\/files.sunoresearch.com.br\/n\/uploads\/2019\/02\/273d25a6-donald-trump-jpg.webp\",\"datePublished\":\"2019-05-23T23:52:27+00:00\",\"dateModified\":\"2021-06-14T02:44:28+00:00\",\"description\":\"A guerra comercial se acirrou ap\u00f3s o governo americano elevar as tarifas de produtos chineses para de 10% a 25%. Clique aqui para saber mais\",\"breadcrumb\":{\"@id\":\"https:\/\/www.suno.com.br\/noticias\/guerra-comercial-trump-acordo-comercial-china\/#breadcrumb\"},\"inLanguage\":\"pt-BR\",\"potentialAction\":[{\"@type\":\"ReadAction\",\"target\":[\"https:\/\/www.suno.com.br\/noticias\/guerra-comercial-trump-acordo-comercial-china\/\"]}]},{\"@type\":\"ImageObject\",\"inLanguage\":\"pt-BR\",\"@id\":\"https:\/\/www.suno.com.br\/noticias\/guerra-comercial-trump-acordo-comercial-china\/#primaryimage\",\"url\":\"https:\/\/files.sunoresearch.com.br\/n\/uploads\/2019\/02\/273d25a6-donald-trump-jpg.webp\",\"contentUrl\":\"https:\/\/files.sunoresearch.com.br\/n\/uploads\/2019\/02\/273d25a6-donald-trump-jpg.webp\",\"width\":1140,\"height\":760,\"caption\":\"Donald Trump (foto: divulga\u00e7\u00e3o)\"},{\"@type\":\"BreadcrumbList\",\"@id\":\"https:\/\/www.suno.com.br\/noticias\/guerra-comercial-trump-acordo-comercial-china\/#breadcrumb\",\"itemListElement\":[{\"@type\":\"ListItem\",\"position\":1,\"name\":\"Not\u00edcias\",\"item\":\"https:\/\/www.suno.com.br\/noticias\/\"},{\"@type\":\"ListItem\",\"position\":2,\"name\":\"Internacional\",\"item\":\"https:\/\/www.suno.com.br\/noticias\/internacional\/\"},{\"@type\":\"ListItem\",\"position\":3,\"name\":\"Guerra comercial: Trump prev\u00ea acordo comercial &#8220;r\u00e1pido&#8221; com a China\"}]},{\"@type\":\"WebSite\",\"@id\":\"https:\/\/www.suno.com.br\/noticias\/#website\",\"url\":\"https:\/\/www.suno.com.br\/noticias\/\",\"name\":\"Suno Not\u00edcias\",\"description\":\"Seu portal de informa\u00e7\u00e3o sobre o mundo dos investimentos\",\"publisher\":{\"@id\":\"https:\/\/www.suno.com.br\/noticias\/#organization\"},\"potentialAction\":[{\"@type\":\"SearchAction\",\"target\":{\"@type\":\"EntryPoint\",\"urlTemplate\":\"https:\/\/www.suno.com.br\/noticias\/?s={search_term_string}\"},\"query-input\":{\"@type\":\"PropertyValueSpecification\",\"valueRequired\":true,\"valueName\":\"search_term_string\"}}],\"inLanguage\":\"pt-BR\"},{\"@type\":\"Organization\",\"@id\":\"https:\/\/www.suno.com.br\/noticias\/#organization\",\"name\":\"Suno Not\u00edcias\",\"url\":\"https:\/\/www.suno.com.br\/noticias\/\",\"logo\":{\"@type\":\"ImageObject\",\"inLanguage\":\"pt-BR\",\"@id\":\"https:\/\/www.suno.com.br\/noticias\/#\/schema\/logo\/image\/\",\"url\":\"https:\/\/files.sunoresearch.com.br\/n\/uploads\/2021\/09\/suno-logo.png\",\"contentUrl\":\"https:\/\/files.sunoresearch.com.br\/n\/uploads\/2021\/09\/suno-logo.png\",\"width\":180,\"height\":180,\"caption\":\"Suno Not\u00edcias\"},\"image\":{\"@id\":\"https:\/\/www.suno.com.br\/noticias\/#\/schema\/logo\/image\/\"},\"sameAs\":[\"https:\/\/facebook.com\/sunoresearch\",\"https:\/\/x.com\/sunoresearch\",\"https:\/\/www.instagram.com\/suno\",\"https:\/\/www.linkedin.com\/company\/suno-research\/\",\"https:\/\/www.youtube.com\/c\/sunoresearch\"]},{\"@type\":\"Person\",\"@id\":\"https:\/\/www.suno.com.br\/noticias\/#\/schema\/person\/3f7693d5795a3f6d5ce15309ee785699\",\"name\":\"Renan Dantas\",\"image\":{\"@type\":\"ImageObject\",\"inLanguage\":\"pt-BR\",\"@id\":\"https:\/\/www.suno.com.br\/noticias\/#\/schema\/person\/image\/\",\"url\":\"https:\/\/secure.gravatar.com\/avatar\/1787b83e7484a08e51d62ac8b41c8396?s=96&r=g\",\"contentUrl\":\"https:\/\/secure.gravatar.com\/avatar\/1787b83e7484a08e51d62ac8b41c8396?s=96&r=g\",\"caption\":\"Renan Dantas\"},\"description\":\"Escreve sobre pol\u00edtica e mercado financeiro para o portal Suno Not\u00edcias. Antes, atuou na assessoria de comunica\u00e7\u00e3o do Minist\u00e9rio P\u00fablico do Trabalho e na R\u00e1dio Mackenzie, onde apresentava e produzia um programa sobre artistas da m\u00fasica brasileira. \u00c9 estudante na Universidade Presbiteriana Mackenzie.\",\"url\":\"https:\/\/www.suno.com.br\/noticias\/author\/renan-dantas\/\"}]}<\/script>\n<!-- \/ Yoast SEO plugin. -->","yoast_head_json":{"title":"Guerra comercial: Trump prev\u00ea acordo comercial \"r\u00e1pido\" com a China","description":"A guerra comercial se acirrou ap\u00f3s o governo americano elevar as tarifas de produtos chineses para de 10% a 25%. Clique aqui para saber mais","robots":{"index":"index","follow":"follow","max-snippet":"max-snippet:-1","max-image-preview":"max-image-preview:large","max-video-preview":"max-video-preview:-1"},"canonical":"https:\/\/www.suno.com.br\/noticias\/guerra-comercial-trump-acordo-comercial-china\/","og_locale":"pt_BR","og_type":"article","og_title":"Guerra comercial: Trump prev\u00ea acordo comercial \"r\u00e1pido\" com a China","og_description":"A guerra comercial se acirrou ap\u00f3s o governo americano elevar as tarifas de produtos chineses para de 10% a 25%. Clique aqui para saber mais","og_url":"https:\/\/www.suno.com.br\/noticias\/guerra-comercial-trump-acordo-comercial-china\/","og_site_name":"Suno Not\u00edcias","article_publisher":"https:\/\/facebook.com\/sunoresearch","og_image":[{"width":1140,"height":760,"url":"https:\/\/files.sunoresearch.com.br\/n\/uploads\/2019\/02\/273d25a6-donald-trump.jpg","type":"image\/jpeg"}],"author":"Renan Dantas","twitter_card":"summary_large_image","twitter_creator":"@sunoresearch","twitter_site":"@sunoresearch","twitter_misc":{"Escrito por":"Renan Dantas","Est. tempo de leitura":"2 minutos"},"schema":{"@context":"https:\/\/schema.org","@graph":[{"@type":"NewsArticle","@id":"https:\/\/www.suno.com.br\/noticias\/guerra-comercial-trump-acordo-comercial-china\/#article","isPartOf":{"@id":"https:\/\/www.suno.com.br\/noticias\/guerra-comercial-trump-acordo-comercial-china\/"},"author":{"name":"Renan Dantas","@id":"https:\/\/www.suno.com.br\/noticias\/#\/schema\/person\/3f7693d5795a3f6d5ce15309ee785699"},"headline":"Guerra comercial: Trump prev\u00ea acordo comercial &#8220;r\u00e1pido&#8221; com a China","datePublished":"2019-05-23T23:52:27+00:00","dateModified":"2021-06-14T02:44:28+00:00","mainEntityOfPage":{"@id":"https:\/\/www.suno.com.br\/noticias\/guerra-comercial-trump-acordo-comercial-china\/"},"wordCount":424,"publisher":{"@id":"https:\/\/www.suno.com.br\/noticias\/#organization"},"image":{"@id":"https:\/\/www.suno.com.br\/noticias\/guerra-comercial-trump-acordo-comercial-china\/#primaryimage"},"thumbnailUrl":"https:\/\/files.sunoresearch.com.br\/n\/uploads\/2019\/02\/273d25a6-donald-trump-jpg.webp","keywords":["China","Donald Trump","Estados Unidos (EUA)","guerra comercial"],"articleSection":["Internacional"],"inLanguage":"pt-BR"},{"@type":"WebPage","@id":"https:\/\/www.suno.com.br\/noticias\/guerra-comercial-trump-acordo-comercial-china\/","url":"https:\/\/www.suno.com.br\/noticias\/guerra-comercial-trump-acordo-comercial-china\/","name":"Guerra comercial: Trump prev\u00ea acordo comercial \"r\u00e1pido\" com a China","isPartOf":{"@id":"https:\/\/www.suno.com.br\/noticias\/#website"},"primaryImageOfPage":{"@id":"https:\/\/www.suno.com.br\/noticias\/guerra-comercial-trump-acordo-comercial-china\/#primaryimage"},"image":{"@id":"https:\/\/www.suno.com.br\/noticias\/guerra-comercial-trump-acordo-comercial-china\/#primaryimage"},"thumbnailUrl":"https:\/\/files.sunoresearch.com.br\/n\/uploads\/2019\/02\/273d25a6-donald-trump-jpg.webp","datePublished":"2019-05-23T23:52:27+00:00","dateModified":"2021-06-14T02:44:28+00:00","description":"A guerra comercial se acirrou ap\u00f3s o governo americano elevar as tarifas de produtos chineses para de 10% a 25%. Clique aqui para saber mais","breadcrumb":{"@id":"https:\/\/www.suno.com.br\/noticias\/guerra-comercial-trump-acordo-comercial-china\/#breadcrumb"},"inLanguage":"pt-BR","potentialAction":[{"@type":"ReadAction","target":["https:\/\/www.suno.com.br\/noticias\/guerra-comercial-trump-acordo-comercial-china\/"]}]},{"@type":"ImageObject","inLanguage":"pt-BR","@id":"https:\/\/www.suno.com.br\/noticias\/guerra-comercial-trump-acordo-comercial-china\/#primaryimage","url":"https:\/\/files.sunoresearch.com.br\/n\/uploads\/2019\/02\/273d25a6-donald-trump-jpg.webp","contentUrl":"https:\/\/files.sunoresearch.com.br\/n\/uploads\/2019\/02\/273d25a6-donald-trump-jpg.webp","width":1140,"height":760,"caption":"Donald Trump (foto: divulga\u00e7\u00e3o)"},{"@type":"BreadcrumbList","@id":"https:\/\/www.suno.com.br\/noticias\/guerra-comercial-trump-acordo-comercial-china\/#breadcrumb","itemListElement":[{"@type":"ListItem","position":1,"name":"Not\u00edcias","item":"https:\/\/www.suno.com.br\/noticias\/"},{"@type":"ListItem","position":2,"name":"Internacional","item":"https:\/\/www.suno.com.br\/noticias\/internacional\/"},{"@type":"ListItem","position":3,"name":"Guerra comercial: Trump prev\u00ea acordo comercial &#8220;r\u00e1pido&#8221; com a China"}]},{"@type":"WebSite","@id":"https:\/\/www.suno.com.br\/noticias\/#website","url":"https:\/\/www.suno.com.br\/noticias\/","name":"Suno Not\u00edcias","description":"Seu portal de informa\u00e7\u00e3o sobre o mundo dos investimentos","publisher":{"@id":"https:\/\/www.suno.com.br\/noticias\/#organization"},"potentialAction":[{"@type":"SearchAction","target":{"@type":"EntryPoint","urlTemplate":"https:\/\/www.suno.com.br\/noticias\/?s={search_term_string}"},"query-input":{"@type":"PropertyValueSpecification","valueRequired":true,"valueName":"search_term_string"}}],"inLanguage":"pt-BR"},{"@type":"Organization","@id":"https:\/\/www.suno.com.br\/noticias\/#organization","name":"Suno Not\u00edcias","url":"https:\/\/www.suno.com.br\/noticias\/","logo":{"@type":"ImageObject","inLanguage":"pt-BR","@id":"https:\/\/www.suno.com.br\/noticias\/#\/schema\/logo\/image\/","url":"https:\/\/files.sunoresearch.com.br\/n\/uploads\/2021\/09\/suno-logo.png","contentUrl":"https:\/\/files.sunoresearch.com.br\/n\/uploads\/2021\/09\/suno-logo.png","width":180,"height":180,"caption":"Suno Not\u00edcias"},"image":{"@id":"https:\/\/www.suno.com.br\/noticias\/#\/schema\/logo\/image\/"},"sameAs":["https:\/\/facebook.com\/sunoresearch","https:\/\/x.com\/sunoresearch","https:\/\/www.instagram.com\/suno","https:\/\/www.linkedin.com\/company\/suno-research\/","https:\/\/www.youtube.com\/c\/sunoresearch"]},{"@type":"Person","@id":"https:\/\/www.suno.com.br\/noticias\/#\/schema\/person\/3f7693d5795a3f6d5ce15309ee785699","name":"Renan Dantas","image":{"@type":"ImageObject","inLanguage":"pt-BR","@id":"https:\/\/www.suno.com.br\/noticias\/#\/schema\/person\/image\/","url":"https:\/\/secure.gravatar.com\/avatar\/1787b83e7484a08e51d62ac8b41c8396?s=96&r=g","contentUrl":"https:\/\/secure.gravatar.com\/avatar\/1787b83e7484a08e51d62ac8b41c8396?s=96&r=g","caption":"Renan Dantas"},"description":"Escreve sobre pol\u00edtica e mercado financeiro para o portal Suno Not\u00edcias. Antes, atuou na assessoria de comunica\u00e7\u00e3o do Minist\u00e9rio P\u00fablico do Trabalho e na R\u00e1dio Mackenzie, onde apresentava e produzia um programa sobre artistas da m\u00fasica brasileira. \u00c9 estudante na Universidade Presbiteriana Mackenzie.","url":"https:\/\/www.suno.com.br\/noticias\/author\/renan-dantas\/"}]}},"default_loop_html":"<div class=\"cardsPage__listCard__boxs\"><div class=\"cardsPage__listCard__boxs__img\"><a href=\"https:\/\/www.suno.com.br\/noticias\/guerra-comercial-trump-acordo-comercial-china\/\"><img class=\"mask\" src=\"https:\/\/www.suno.com.br\/noticias\/wp-content\/themes\/suno\/resources\/images\/spotlight\/spotlight1img\/bg-mask.png\" alt=\"Image Mask\"\/><img src=\"https:\/\/files.sunoresearch.com.br\/n\/uploads\/2019\/02\/273d25a6-donald-trump-400x200.webp\" alt=\"Guerra comercial: Trump prev\u00ea acordo comercial &#8220;r\u00e1pido&#8221; com a China\"\/><\/a><span class=\"spotlightCategory\"><a href=\"https:\/\/www.suno.com.br\/noticias\/internacional\/\">Internacional<\/a><\/span><\/div><div class=\"cardsPage__listCard__boxs__content\"><a href=\"https:\/\/www.suno.com.br\/noticias\/guerra-comercial-trump-acordo-comercial-china\/\"><h2 class=\"content__title\">Guerra comercial: Trump prev\u00ea acordo comercial &#8220;r\u00e1pido&#8221; com a China<\/h2><\/a><div class=\"newsContent__article__meta\"><div class=\"newsContent__article__meta__authorBox\"><a href=\"https:\/\/www.suno.com.br\/noticias\/author\/renan-dantas\/\" class=\"authorBox__avatar noMobi\"><img src=\"https:\/\/secure.gravatar.com\/avatar\/1787b83e7484a08e51d62ac8b41c8396?s=96&#038;r=g\" alt=\"Renan Dantas\"><\/a><div class=\"authorBox__name\"><span>por\n\t\t\t<a href=\"https:\/\/www.suno.com.br\/noticias\/author\/renan-dantas\/\"><span itemprop=\"author\">Renan Dantas<\/span><\/a><\/span><time datetime=\"2019-05-23T20:52:27-03:00\" itemprop=\"datePublished\">23\/05\/2019 20:52<\/time><\/div><\/div><\/div><\/div><\/div>","single_layout":"posts","amp_enabled":true,"_links":{"self":[{"href":"https:\/\/www.suno.com.br\/noticias\/wp-json\/wp\/v2\/posts\/25811"}],"collection":[{"href":"https:\/\/www.suno.com.br\/noticias\/wp-json\/wp\/v2\/posts"}],"about":[{"href":"https:\/\/www.suno.com.br\/noticias\/wp-json\/wp\/v2\/types\/post"}],"author":[{"embeddable":true,"href":"https:\/\/www.suno.com.br\/noticias\/wp-json\/wp\/v2\/users\/14"}],"replies":[{"embeddable":true,"href":"https:\/\/www.suno.com.br\/noticias\/wp-json\/wp\/v2\/comments?post=25811"}],"version-history":[{"count":1,"href":"https:\/\/www.suno.com.br\/noticias\/wp-json\/wp\/v2\/posts\/25811\/revisions"}],"predecessor-version":[{"id":157357,"href":"https:\/\/www.suno.com.br\/noticias\/wp-json\/wp\/v2\/posts\/25811\/revisions\/157357"}],"wp:featuredmedia":[{"embeddable":true,"href":"https:\/\/www.suno.com.br\/noticias\/wp-json\/wp\/v2\/media\/15926"}],"wp:attachment":[{"href":"https:\/\/www.suno.com.br\/noticias\/wp-json\/wp\/v2\/media?parent=25811"}],"wp:term":[{"taxonomy":"category","embeddable":true,"href":"https:\/\/www.suno.com.br\/noticias\/wp-json\/wp\/v2\/categories?post=25811"},{"taxonomy":"post_tag","embeddable":true,"href":"https:\/\/www.suno.com.br\/noticias\/wp-json\/wp\/v2\/tags?post=25811"},{"taxonomy":"suno_strategy","embeddable":true,"href":"https:\/\/www.suno.com.br\/noticias\/wp-json\/wp\/v2\/suno_strategy?post=25811"}],"curies":[{"name":"wp","href":"https:\/\/api.w.org\/{rel}","templated":true}]}}