{"id":257861,"date":"2022-05-10T21:56:36","date_gmt":"2022-05-11T00:56:36","guid":{"rendered":"https:\/\/www.suno.com.br\/noticias\/?p=257861"},"modified":"2022-05-10T21:56:36","modified_gmt":"2022-05-11T00:56:36","slug":"oi-oibr3-adia-divulgacao-dos-resultados-do-1t22-veja-nova-data","status":"publish","type":"post","link":"https:\/\/www.suno.com.br\/noticias\/oi-oibr3-adia-divulgacao-dos-resultados-do-1t22-veja-nova-data\/","title":{"rendered":"Oi (OIBR3) adia divulga\u00e7\u00e3o dos resultados do 1T22; veja nova data"},"content":{"rendered":"<p>A <a class=\"suno-keyword\" href=\"https:\/\/www.suno.com.br\/acoes\/OIBR3\/\" target=\"_blank\" rel=\"noopener\" data-force=\"yes\" data-priority=\"2\"><strong>Oi<\/strong> (OIBR3)<\/a>\u00a0anunciou nesta ter\u00e7a (10) que os resultados do primeiro trimestre de 2022 n\u00e3o ser\u00e3o divulgados na pr\u00f3xima quinta (12), como previsto. A companhia adiou o an\u00fancio do 1T22 para 21 de junho.<\/p>\t<div class=\"wrapper-featured-image\">\n\t\t<figure class=\"spotlightImg\">\n\n\t\t\t<picture>\n\t\t\t\t<source media=\"(max-width: 768px)\" srcset=\"https:\/\/files.sunoresearch.com.br\/n\/uploads\/2021\/07\/a692467b-lut_6296-scaled-1-400x200.jpg\">\n\t\t\t\t<img loading=\"lazy\" decoding=\"async\" class=\"newsContent__article__imgCapa lazyloadDisabled \" src=\"https:\/\/files.sunoresearch.com.br\/n\/uploads\/2021\/07\/a692467b-lut_6296-scaled-1-800x450.jpg\" width=\"800\" height=\"450\" alt=\"Oi (OIBR3) adia divulga\u00e7\u00e3o dos resultados do 1T22; veja nova data\" fetchpriority=high \/>\n\t\t\t<\/picture>\n\n\t\t\t<figcaption class=\"wp-caption-text wp-caption-text--show\">Oi. Foto: Divulga\u00e7\u00e3o<\/figcaption>\n\t\t<\/figure>\n\t<\/div>\n\n\n\t<p>\n\t\t<a href=\"\" target=\"_blank\" data-element=\"shortcode-suno-banner\" title=\"Banner SUNO, clique e saiba mais\">\n\t\t\t<picture>\n\t\t\t\t<source media=\"(max-width: 500px)\" srcset=\"\">\n\t\t\t\t<img class=\"newsContent__article__imgCapa newsContent__article__imgCapa--banner\"\n\t\t\t\t\tsrc=\"\"\n\t\t\t\t\tdata-promo-id=\"138420\"\t\t\t\t\t\t\t\t\t\t\t\t\t\t\talt=\"\"\n\t\t\t\t>\n\t\t\t<\/picture>\n\t\t<\/a>\n\t<\/p>\n\n\n<p>A companhia havia adiado, de 27 de abril para 4 de maio, a publica\u00e7\u00e3o das <strong>demonstra\u00e7\u00f5es financeiras<\/strong> do quarto trimestre de 2021. Era a segunda mudan\u00e7a na data de entrega dos n\u00fameros trimestrais da companhia, que sairiam em 29 de mar\u00e7o.<\/p>\n\t<p>\n\t\t<a href=\"https:\/\/lp.suno.com.br\/ebook-como-analisar-uma-acao\/\" target=\"_blank\" data-element=\"shortcode-suno-banner\" title=\"Banner SUNO, clique e saiba mais\">\n\t\t\t<picture>\n\t\t\t\t<source media=\"(max-width: 500px)\" srcset=\"https:\/\/files.sunoresearch.com.br\/n\/uploads\/2023\/03\/Ebook-Acoes-Mobile-1.jpg\">\n\t\t\t\t<img class=\"newsContent__article__imgCapa newsContent__article__imgCapa--banner\"\n\t\t\t\t\tsrc=\"https:\/\/files.sunoresearch.com.br\/n\/uploads\/2023\/03\/Ebook-Acoes-Desktop-1.jpg\"\n\t\t\t\t\tdata-promo-id=\"171998\"\t\t\t\t\t\t\t\t\t\twidth='1420' height='286'\t\t\t\t\talt=\"https:\/\/files.sunoresearch.com.br\/n\/uploads\/2023\/03\/Ebook-Acoes-Desktop-1.jpg\"\n\t\t\t\t>\n\t\t\t<\/picture>\n\t\t<\/a>\n\t<\/p>\n\n\n<p>Foi justamente essa mudan\u00e7a no an\u00fancio do balan\u00e7o do 4T21 que levou a companhia a decidir por postergar a divulga\u00e7\u00e3o do 1T22: &#8220;Em consequ\u00eancia do adiamento da divulga\u00e7\u00e3o das Demonstra\u00e7\u00f5es Financeiras de 2021, a companhia informa que ser\u00e1 necess\u00e1rio tamb\u00e9m mais tempo para a conclus\u00e3o dos trabalhos de elabora\u00e7\u00e3o do Formul\u00e1rio de <strong>Informa\u00e7\u00f5es Trimestrais<\/strong> (ITR) referentes a 31 de mar\u00e7o de 2022.&#8221; E cita como motivos:<\/p>\n<ul>\n<li>a complexidade dos trabalhos de segrega\u00e7\u00e3o de ativos nas tr\u00eas SPEs que integram a UPI Ativos M\u00f3veis, incluindo a necessidade de elabora\u00e7\u00e3o de suas demonstra\u00e7\u00f5es financeiras, na data base de fevereiro de 2022;<\/li>\n<li>a necessidade de obten\u00e7\u00e3o de pareceres dos auditores independentes para as demonstra\u00e7\u00f5es financeiras das tr\u00eas SPEs que integram a UPI Ativos M\u00f3veis;<\/li>\n<li>os impactos da venda da <strong>UPI Ativos M\u00f3veis<\/strong>, da venda do controle da UPI InfraCo nos trabalhos de elabora\u00e7\u00e3o das demonstra\u00e7\u00f5es financeiras da companhia;<\/li>\n<li>e o parecer dos auditores independentes com rela\u00e7\u00e3o \u00e0s demonstra\u00e7\u00f5es financeiras da Oi.<\/li>\n<\/ul>\n<p>&#8220;A companhia informa que a altera\u00e7\u00e3o da data da divulga\u00e7\u00e3o do 1T22, do dia 12 de maio de 2022 para 21 de junho de 2022, garantir\u00e1 a divulga\u00e7\u00e3o de informa\u00e7\u00f5es precisas, consistentes e completas aos acionistas e ao mercado&#8221;, conclui a Oi, em fato relevante.<\/p>\n\t<p>\n\t\t<a href=\"https:\/\/lp.suno.com.br\/planilha-da-vida-financeira\/\" target=\"_blank\" data-element=\"shortcode-suno-banner\" title=\"Banner SUNO, clique e saiba mais\">\n\t\t\t<picture>\n\t\t\t\t<source media=\"(max-width: 500px)\" srcset=\"https:\/\/files.sunoresearch.com.br\/n\/uploads\/2023\/04\/400x300-Planilha-vida-financeira-true.png\">\n\t\t\t\t<img class=\"newsContent__article__imgCapa newsContent__article__imgCapa--banner\"\n\t\t\t\t\tsrc=\"https:\/\/files.sunoresearch.com.br\/n\/uploads\/2023\/04\/1420x240-Planilha-vida-financeira-true.png\"\n\t\t\t\t\tdata-promo-id=\"106682\"\t\t\t\t\t\t\t\t\t\twidth='1420' height='240'\t\t\t\t\talt=\"https:\/\/files.sunoresearch.com.br\/n\/uploads\/2023\/04\/1420x240-Planilha-vida-financeira-true.png\"\n\t\t\t\t>\n\t\t\t<\/picture>\n\t\t<\/a>\n\t<\/p>\n\n\n<h2 class=\"newsContent__article__title\">Oi (OIBR3) tem preju\u00edzo de R$ 1,6 bilh\u00e3o no 4\u00ba trimestre de 2021<\/h2>\n<p>A\u00a0<strong>Oi<\/strong>\u00a0apresentou preju\u00edzo l\u00edquido consolidado atribu\u00eddo aos acionistas controladores de R$ 1,6 bilh\u00e3o no quarto trimestre de 2021, uma queda de 192,9% ante igual intervalo de 2020, quando havia registrado lucro de R$ 1,7 bilh\u00e3o. No acumulado do ano de 2021, a companhia reportou preju\u00edzo l\u00edquido de R$ 8,38 bilh\u00f5es, um recuo de 20,04% sobre o ano encerrado em 2020.<\/p>\n<p><a href=\"https:\/\/lp.suno.com.br\/newsletter-noticias\/\" target=\"_blank\" rel=\"noopener\" data-element=\"shortcode-suno-banner\" data-parameter=\"banner-mat-0-https:\/\/lp.suno.com.br\/newsletter-noticias\/\"><picture><source srcset=\"https:\/\/files.sunoresearch.com.br\/n\/uploads\/2022\/04\/Banner-MOBILE-6.jpg\" media=\"(max-width: 500px)\" \/><\/picture><\/a><\/p>\n<p>Segundo o\u00a0<strong>balan\u00e7o da Oi<\/strong>, o Ebitda (lucro antes de juros, impostos,\u00a0<a class=\"suno-keyword\" href=\"https:\/\/www.suno.com.br\/artigos\/depreciacao-amortizacao\/\" target=\"_blank\" rel=\"noopener\" data-force=\"no\" data-priority=\"1\">deprecia\u00e7\u00e3o e amortiza\u00e7\u00e3o<\/a>) de rotina somou R$ 1,612 bilh\u00e3o nos \u00faltimos tr\u00eas meses de 2021, montante 8,1% maior que o apurado no mesmo per\u00edodo do ano anterior. A\u00a0<a class=\"suno-keyword\" href=\"https:\/\/www.suno.com.br\/artigos\/margem-ebitda\/\" target=\"_blank\" rel=\"noopener\" data-force=\"no\" data-priority=\"1\">margem Ebitda<\/a>\u00a0de rotina ficou em 35,3%, um crescimento de 4,0 pontos porcentuais sobre o apurado no quarto trimestre de 2020.<\/p>\n\t<p>\n\t\t<a href=\"https:\/\/lp.suno.com.br\/planilha-controle-gastos\/\" target=\"_blank\" data-element=\"shortcode-suno-banner\" title=\"Banner SUNO, clique e saiba mais\">\n\t\t\t<picture>\n\t\t\t\t<source media=\"(max-width: 500px)\" srcset=\"https:\/\/files.sunoresearch.com.br\/n\/uploads\/2023\/03\/400x300-Planilha-controle-de-gastos.png\">\n\t\t\t\t<img class=\"newsContent__article__imgCapa newsContent__article__imgCapa--banner\"\n\t\t\t\t\tsrc=\"https:\/\/files.sunoresearch.com.br\/n\/uploads\/2023\/03\/1420x240-Planilha-controle-de-gastos.png\"\n\t\t\t\t\tdata-promo-id=\"101751\"\t\t\t\t\t\t\t\t\t\twidth='1420' height='240'\t\t\t\t\talt=\"https:\/\/files.sunoresearch.com.br\/n\/uploads\/2023\/03\/1420x240-Planilha-controle-de-gastos.png\"\n\t\t\t\t>\n\t\t\t<\/picture>\n\t\t<\/a>\n\t<\/p>\n\n\n<p>A\u00a0<a class=\"suno-keyword\" href=\"https:\/\/www.suno.com.br\/artigos\/o-que-receita-liquida\/\" target=\"_blank\" rel=\"noopener\" data-force=\"no\" data-priority=\"1\">receita l\u00edquida<\/a>\u00a0total consolidada da Oi foi de R$ 4,571 bilh\u00f5es, valor 4,03% abaixo do apurado um ano antes, de R$ 4,777 bilh\u00f5es. No exerc\u00edcio encerrado em dezembro de 2021, a receita l\u00edquida somou R$ 17,933 bilh\u00f5es, valor 4,5% menor do que o registrado no ano de 2020. J\u00e1 a\u00a0<a class=\"suno-keyword\" href=\"https:\/\/www.suno.com.br\/artigos\/divida-liquida\/\" target=\"_blank\" rel=\"noopener\" data-force=\"no\" data-priority=\"1\">d\u00edvida l\u00edquida<\/a>\u00a0consolidada da Oi no per\u00edodo somou R$ 32,573 bilh\u00f5es, crescimento de 49,4% sobre o mesmo trimestre de 2020.<\/p>\n<p>No\u00a0<strong>resultado trimestral da Oi<\/strong>, a receita l\u00edquida das opera\u00e7\u00f5es brasileiras totalizou R$ 4,525 bilh\u00f5es, queda de 4,01% em rela\u00e7\u00e3o ao quarto trimestre de 2020. A receita l\u00edquida das opera\u00e7\u00f5es internacionais (\u00c1frica e Timor Leste) totalizou R$ R$ 46 milh\u00f5es, recuo de 21,4% em rela\u00e7\u00e3o ao apurado um ano antes. A receita l\u00edquida das opera\u00e7\u00f5es continuadas no Brasil totalizou R$ 2,539 bilh\u00f5es no trimestre, queda de 2,5% na compara\u00e7\u00e3o com um ano antes.<\/p>\n\n\t<div data-element=\"shortcode-read-more\" class=\"readToo\">\n\t\t\t\t<span class=\"readToo__title\">Leia mais<\/span>\n\t\t\t\t<ul class=\"readToo__list\">\n\t\t\t<li><a href=\"https:\/\/www.suno.com.br\/noticias\/oi-oibr3-multa-800-mil-internet-ilimitada\/\">Oi (OIBR3) deve pagar multa de R$ 800 mil por cortar internet ilimitada dos clientes<\/a><\/li><li><a href=\"https:\/\/www.suno.com.br\/noticias\/oi-oibr3-prejuizo-4t21\/\">Oi (OIBR3) tem preju\u00edzo de R$ 1,6 bilh\u00e3o no 4\u00ba trimestre de 2021<\/a><\/li>\t\t<\/ul>\n\t<\/div>\n\n\n\t<p>\n\t\t<a href=\"https:\/\/lp.suno.com.br\/planilha-de-controle-de-investimentos\/\" target=\"_blank\" data-element=\"shortcode-suno-banner\" title=\"Banner SUNO, clique e saiba mais\">\n\t\t\t<picture>\n\t\t\t\t<source media=\"(max-width: 500px)\" srcset=\"https:\/\/files.sunoresearch.com.br\/n\/uploads\/2023\/03\/400x300-Controle-de-Investimentos.png\">\n\t\t\t\t<img class=\"newsContent__article__imgCapa newsContent__article__imgCapa--banner\"\n\t\t\t\t\tsrc=\"https:\/\/files.sunoresearch.com.br\/n\/uploads\/2023\/03\/1420x240-Controle-de-Investimentos.png\"\n\t\t\t\t\tdata-promo-id=\"75934\"\t\t\t\t\t\t\t\t\t\twidth='1420' height='240'\t\t\t\t\talt=\"https:\/\/files.sunoresearch.com.br\/n\/uploads\/2023\/03\/1420x240-Controle-de-Investimentos.png\"\n\t\t\t\t>\n\t\t\t<\/picture>\n\t\t<\/a>\n\t<\/p>\n\n\n","protected":false},"excerpt":{"rendered":"<p>A Oi (OIBR3)\u00a0anunciou nesta ter\u00e7a (10) que os resultados do primeiro trimestre de 2022 n\u00e3o ser\u00e3o divulgados na pr\u00f3xima quinta (12), como previsto. A companhia adiou o an\u00fancio do 1T22 para 21 de junho. Oi. Foto: Divulga\u00e7\u00e3o A companhia havia adiado, de 27 de abril para 4 de maio, a publica\u00e7\u00e3o das demonstra\u00e7\u00f5es financeiras do [&hellip;]<\/p>\n","protected":false},"author":98,"featured_media":164582,"comment_status":"closed","ping_status":"closed","sticky":false,"template":"","format":"standard","meta":[],"categories":[64],"tags":[584],"suno_strategy":[],"class_list":["post-257861","post","type-post","status-publish","format-standard","has-post-thumbnail","hentry","category-negocios","tag-oi-oibr3-oibr4"],"yoast_head":"<!-- This site is optimized with the Yoast SEO plugin v24.4 - https:\/\/yoast.com\/wordpress\/plugins\/seo\/ -->\n<title>Oi (OIBR3) adia divulga\u00e7\u00e3o dos resultados do 1T22; veja nova data<\/title>\n<meta name=\"description\" content=\"A Oi (OIBR3)\u00a0anunciou que os resultados do primeiro trimestre de 2022 n\u00e3o ser\u00e3o divulgados na pr\u00f3xima quinta (12), como previsto\" \/>\n<meta name=\"robots\" content=\"index, follow, max-snippet:-1, max-image-preview:large, max-video-preview:-1\" \/>\n<link rel=\"canonical\" href=\"https:\/\/www.suno.com.br\/noticias\/oi-oibr3-adia-divulgacao-dos-resultados-do-1t22-veja-nova-data\/\" \/>\n<meta property=\"og:locale\" content=\"pt_BR\" \/>\n<meta property=\"og:type\" content=\"article\" \/>\n<meta property=\"og:title\" content=\"Oi (OIBR3) adia divulga\u00e7\u00e3o dos resultados do 1T22; veja nova data\" \/>\n<meta property=\"og:description\" content=\"A Oi (OIBR3)\u00a0anunciou que os resultados do primeiro trimestre de 2022 n\u00e3o ser\u00e3o divulgados na pr\u00f3xima quinta (12), como previsto\" \/>\n<meta property=\"og:url\" content=\"https:\/\/www.suno.com.br\/noticias\/oi-oibr3-adia-divulgacao-dos-resultados-do-1t22-veja-nova-data\/\" \/>\n<meta property=\"og:site_name\" content=\"Suno Not\u00edcias\" \/>\n<meta property=\"article:publisher\" content=\"https:\/\/facebook.com\/sunoresearch\" \/>\n<meta property=\"og:image\" content=\"https:\/\/files.sunoresearch.com.br\/n\/uploads\/2021\/07\/a692467b-lut_6296-scaled-1.jpg\" \/>\n\t<meta property=\"og:image:width\" content=\"2560\" \/>\n\t<meta property=\"og:image:height\" content=\"1709\" \/>\n\t<meta property=\"og:image:type\" content=\"image\/jpeg\" \/>\n<meta name=\"author\" content=\"Marco Ant\u00f4nio Lopes\" \/>\n<meta name=\"twitter:card\" content=\"summary_large_image\" \/>\n<meta name=\"twitter:creator\" content=\"@sunoresearch\" \/>\n<meta name=\"twitter:site\" content=\"@sunoresearch\" \/>\n<meta name=\"twitter:label1\" content=\"Escrito por\" \/>\n\t<meta name=\"twitter:data1\" content=\"Marco Ant\u00f4nio Lopes\" \/>\n\t<meta name=\"twitter:label2\" content=\"Est. tempo de leitura\" \/>\n\t<meta name=\"twitter:data2\" content=\"3 minutos\" \/>\n<script type=\"application\/ld+json\" class=\"yoast-schema-graph\">{\"@context\":\"https:\/\/schema.org\",\"@graph\":[{\"@type\":\"NewsArticle\",\"@id\":\"https:\/\/www.suno.com.br\/noticias\/oi-oibr3-adia-divulgacao-dos-resultados-do-1t22-veja-nova-data\/#article\",\"isPartOf\":{\"@id\":\"https:\/\/www.suno.com.br\/noticias\/oi-oibr3-adia-divulgacao-dos-resultados-do-1t22-veja-nova-data\/\"},\"author\":{\"name\":\"Marco Ant\u00f4nio Lopes\",\"@id\":\"https:\/\/www.suno.com.br\/noticias\/#\/schema\/person\/829bbe8d57f84333b966b96229c6bf5f\"},\"headline\":\"Oi (OIBR3) adia divulga\u00e7\u00e3o dos resultados do 1T22; veja nova data\",\"datePublished\":\"2022-05-11T00:56:36+00:00\",\"mainEntityOfPage\":{\"@id\":\"https:\/\/www.suno.com.br\/noticias\/oi-oibr3-adia-divulgacao-dos-resultados-do-1t22-veja-nova-data\/\"},\"wordCount\":621,\"publisher\":{\"@id\":\"https:\/\/www.suno.com.br\/noticias\/#organization\"},\"image\":{\"@id\":\"https:\/\/www.suno.com.br\/noticias\/oi-oibr3-adia-divulgacao-dos-resultados-do-1t22-veja-nova-data\/#primaryimage\"},\"thumbnailUrl\":\"https:\/\/files.sunoresearch.com.br\/n\/uploads\/2021\/07\/a692467b-lut_6296-scaled-1.jpg\",\"keywords\":[\"Oi (OIBR3\/OIBR4)\"],\"articleSection\":[\"Neg\u00f3cios\"],\"inLanguage\":\"pt-BR\"},{\"@type\":\"WebPage\",\"@id\":\"https:\/\/www.suno.com.br\/noticias\/oi-oibr3-adia-divulgacao-dos-resultados-do-1t22-veja-nova-data\/\",\"url\":\"https:\/\/www.suno.com.br\/noticias\/oi-oibr3-adia-divulgacao-dos-resultados-do-1t22-veja-nova-data\/\",\"name\":\"Oi (OIBR3) adia divulga\u00e7\u00e3o dos resultados do 1T22; veja nova data\",\"isPartOf\":{\"@id\":\"https:\/\/www.suno.com.br\/noticias\/#website\"},\"primaryImageOfPage\":{\"@id\":\"https:\/\/www.suno.com.br\/noticias\/oi-oibr3-adia-divulgacao-dos-resultados-do-1t22-veja-nova-data\/#primaryimage\"},\"image\":{\"@id\":\"https:\/\/www.suno.com.br\/noticias\/oi-oibr3-adia-divulgacao-dos-resultados-do-1t22-veja-nova-data\/#primaryimage\"},\"thumbnailUrl\":\"https:\/\/files.sunoresearch.com.br\/n\/uploads\/2021\/07\/a692467b-lut_6296-scaled-1.jpg\",\"datePublished\":\"2022-05-11T00:56:36+00:00\",\"description\":\"A Oi (OIBR3)\u00a0anunciou que os resultados do primeiro trimestre de 2022 n\u00e3o ser\u00e3o divulgados na pr\u00f3xima quinta (12), como previsto\",\"breadcrumb\":{\"@id\":\"https:\/\/www.suno.com.br\/noticias\/oi-oibr3-adia-divulgacao-dos-resultados-do-1t22-veja-nova-data\/#breadcrumb\"},\"inLanguage\":\"pt-BR\",\"potentialAction\":[{\"@type\":\"ReadAction\",\"target\":[\"https:\/\/www.suno.com.br\/noticias\/oi-oibr3-adia-divulgacao-dos-resultados-do-1t22-veja-nova-data\/\"]}]},{\"@type\":\"ImageObject\",\"inLanguage\":\"pt-BR\",\"@id\":\"https:\/\/www.suno.com.br\/noticias\/oi-oibr3-adia-divulgacao-dos-resultados-do-1t22-veja-nova-data\/#primaryimage\",\"url\":\"https:\/\/files.sunoresearch.com.br\/n\/uploads\/2021\/07\/a692467b-lut_6296-scaled-1.jpg\",\"contentUrl\":\"https:\/\/files.sunoresearch.com.br\/n\/uploads\/2021\/07\/a692467b-lut_6296-scaled-1.jpg\",\"width\":2560,\"height\":1709,\"caption\":\"Oi. Foto: Divulga\u00e7\u00e3o\"},{\"@type\":\"BreadcrumbList\",\"@id\":\"https:\/\/www.suno.com.br\/noticias\/oi-oibr3-adia-divulgacao-dos-resultados-do-1t22-veja-nova-data\/#breadcrumb\",\"itemListElement\":[{\"@type\":\"ListItem\",\"position\":1,\"name\":\"Not\u00edcias\",\"item\":\"https:\/\/www.suno.com.br\/noticias\/\"},{\"@type\":\"ListItem\",\"position\":2,\"name\":\"Neg\u00f3cios\",\"item\":\"https:\/\/www.suno.com.br\/noticias\/negocios\/\"},{\"@type\":\"ListItem\",\"position\":3,\"name\":\"Oi (OIBR3) adia divulga\u00e7\u00e3o dos resultados do 1T22; veja nova data\"}]},{\"@type\":\"WebSite\",\"@id\":\"https:\/\/www.suno.com.br\/noticias\/#website\",\"url\":\"https:\/\/www.suno.com.br\/noticias\/\",\"name\":\"Suno Not\u00edcias\",\"description\":\"Seu portal de informa\u00e7\u00e3o sobre o mundo dos investimentos\",\"publisher\":{\"@id\":\"https:\/\/www.suno.com.br\/noticias\/#organization\"},\"potentialAction\":[{\"@type\":\"SearchAction\",\"target\":{\"@type\":\"EntryPoint\",\"urlTemplate\":\"https:\/\/www.suno.com.br\/noticias\/?s={search_term_string}\"},\"query-input\":{\"@type\":\"PropertyValueSpecification\",\"valueRequired\":true,\"valueName\":\"search_term_string\"}}],\"inLanguage\":\"pt-BR\"},{\"@type\":\"Organization\",\"@id\":\"https:\/\/www.suno.com.br\/noticias\/#organization\",\"name\":\"Suno Not\u00edcias\",\"url\":\"https:\/\/www.suno.com.br\/noticias\/\",\"logo\":{\"@type\":\"ImageObject\",\"inLanguage\":\"pt-BR\",\"@id\":\"https:\/\/www.suno.com.br\/noticias\/#\/schema\/logo\/image\/\",\"url\":\"https:\/\/files.sunoresearch.com.br\/n\/uploads\/2021\/09\/suno-logo.png\",\"contentUrl\":\"https:\/\/files.sunoresearch.com.br\/n\/uploads\/2021\/09\/suno-logo.png\",\"width\":180,\"height\":180,\"caption\":\"Suno Not\u00edcias\"},\"image\":{\"@id\":\"https:\/\/www.suno.com.br\/noticias\/#\/schema\/logo\/image\/\"},\"sameAs\":[\"https:\/\/facebook.com\/sunoresearch\",\"https:\/\/x.com\/sunoresearch\",\"https:\/\/www.instagram.com\/suno\",\"https:\/\/www.linkedin.com\/company\/suno-research\/\",\"https:\/\/www.youtube.com\/c\/sunoresearch\"]},{\"@type\":\"Person\",\"@id\":\"https:\/\/www.suno.com.br\/noticias\/#\/schema\/person\/829bbe8d57f84333b966b96229c6bf5f\",\"name\":\"Marco Ant\u00f4nio Lopes\",\"image\":{\"@type\":\"ImageObject\",\"inLanguage\":\"pt-BR\",\"@id\":\"https:\/\/www.suno.com.br\/noticias\/#\/schema\/person\/image\/\",\"url\":\"https:\/\/secure.gravatar.com\/avatar\/385167b012fbc1cde32c5446ee253313?s=96&r=g\",\"contentUrl\":\"https:\/\/secure.gravatar.com\/avatar\/385167b012fbc1cde32c5446ee253313?s=96&r=g\",\"caption\":\"Marco Ant\u00f4nio Lopes\"},\"description\":\"Jornalista, \u00e9 editor no Suno Not\u00edcias. Trabalhou nas revistas Playboy, Super, Veja Comer &amp; Beber, Homem Vogue e Universo Masculino, al\u00e9m dos portais Abril.com, R7, nas editorias de Home, Esportes, Hora 7, Entretenimento e Geral, e Eu Quero Investir. Autor do livro Bruce Lee: Definitivo (Editora Conrad). Colaborou nas revistas Nova, Veja SP, Grandes Guerras, Placar, Bizz, Casa Claudia e Quatro Rodas.\",\"url\":\"https:\/\/www.suno.com.br\/noticias\/author\/marco-lopes\/\"}]}<\/script>\n<!-- \/ Yoast SEO plugin. -->","yoast_head_json":{"title":"Oi (OIBR3) adia divulga\u00e7\u00e3o dos resultados do 1T22; veja nova data","description":"A Oi (OIBR3)\u00a0anunciou que os resultados do primeiro trimestre de 2022 n\u00e3o ser\u00e3o divulgados na pr\u00f3xima quinta (12), como previsto","robots":{"index":"index","follow":"follow","max-snippet":"max-snippet:-1","max-image-preview":"max-image-preview:large","max-video-preview":"max-video-preview:-1"},"canonical":"https:\/\/www.suno.com.br\/noticias\/oi-oibr3-adia-divulgacao-dos-resultados-do-1t22-veja-nova-data\/","og_locale":"pt_BR","og_type":"article","og_title":"Oi (OIBR3) adia divulga\u00e7\u00e3o dos resultados do 1T22; veja nova data","og_description":"A Oi (OIBR3)\u00a0anunciou que os resultados do primeiro trimestre de 2022 n\u00e3o ser\u00e3o divulgados na pr\u00f3xima quinta (12), como previsto","og_url":"https:\/\/www.suno.com.br\/noticias\/oi-oibr3-adia-divulgacao-dos-resultados-do-1t22-veja-nova-data\/","og_site_name":"Suno Not\u00edcias","article_publisher":"https:\/\/facebook.com\/sunoresearch","og_image":[{"width":2560,"height":1709,"url":"https:\/\/files.sunoresearch.com.br\/n\/uploads\/2021\/07\/a692467b-lut_6296-scaled-1.jpg","type":"image\/jpeg"}],"author":"Marco Ant\u00f4nio Lopes","twitter_card":"summary_large_image","twitter_creator":"@sunoresearch","twitter_site":"@sunoresearch","twitter_misc":{"Escrito por":"Marco Ant\u00f4nio Lopes","Est. tempo de leitura":"3 minutos"},"schema":{"@context":"https:\/\/schema.org","@graph":[{"@type":"NewsArticle","@id":"https:\/\/www.suno.com.br\/noticias\/oi-oibr3-adia-divulgacao-dos-resultados-do-1t22-veja-nova-data\/#article","isPartOf":{"@id":"https:\/\/www.suno.com.br\/noticias\/oi-oibr3-adia-divulgacao-dos-resultados-do-1t22-veja-nova-data\/"},"author":{"name":"Marco Ant\u00f4nio Lopes","@id":"https:\/\/www.suno.com.br\/noticias\/#\/schema\/person\/829bbe8d57f84333b966b96229c6bf5f"},"headline":"Oi (OIBR3) adia divulga\u00e7\u00e3o dos resultados do 1T22; veja nova data","datePublished":"2022-05-11T00:56:36+00:00","mainEntityOfPage":{"@id":"https:\/\/www.suno.com.br\/noticias\/oi-oibr3-adia-divulgacao-dos-resultados-do-1t22-veja-nova-data\/"},"wordCount":621,"publisher":{"@id":"https:\/\/www.suno.com.br\/noticias\/#organization"},"image":{"@id":"https:\/\/www.suno.com.br\/noticias\/oi-oibr3-adia-divulgacao-dos-resultados-do-1t22-veja-nova-data\/#primaryimage"},"thumbnailUrl":"https:\/\/files.sunoresearch.com.br\/n\/uploads\/2021\/07\/a692467b-lut_6296-scaled-1.jpg","keywords":["Oi (OIBR3\/OIBR4)"],"articleSection":["Neg\u00f3cios"],"inLanguage":"pt-BR"},{"@type":"WebPage","@id":"https:\/\/www.suno.com.br\/noticias\/oi-oibr3-adia-divulgacao-dos-resultados-do-1t22-veja-nova-data\/","url":"https:\/\/www.suno.com.br\/noticias\/oi-oibr3-adia-divulgacao-dos-resultados-do-1t22-veja-nova-data\/","name":"Oi (OIBR3) adia divulga\u00e7\u00e3o dos resultados do 1T22; veja nova data","isPartOf":{"@id":"https:\/\/www.suno.com.br\/noticias\/#website"},"primaryImageOfPage":{"@id":"https:\/\/www.suno.com.br\/noticias\/oi-oibr3-adia-divulgacao-dos-resultados-do-1t22-veja-nova-data\/#primaryimage"},"image":{"@id":"https:\/\/www.suno.com.br\/noticias\/oi-oibr3-adia-divulgacao-dos-resultados-do-1t22-veja-nova-data\/#primaryimage"},"thumbnailUrl":"https:\/\/files.sunoresearch.com.br\/n\/uploads\/2021\/07\/a692467b-lut_6296-scaled-1.jpg","datePublished":"2022-05-11T00:56:36+00:00","description":"A Oi (OIBR3)\u00a0anunciou que os resultados do primeiro trimestre de 2022 n\u00e3o ser\u00e3o divulgados na pr\u00f3xima quinta (12), como previsto","breadcrumb":{"@id":"https:\/\/www.suno.com.br\/noticias\/oi-oibr3-adia-divulgacao-dos-resultados-do-1t22-veja-nova-data\/#breadcrumb"},"inLanguage":"pt-BR","potentialAction":[{"@type":"ReadAction","target":["https:\/\/www.suno.com.br\/noticias\/oi-oibr3-adia-divulgacao-dos-resultados-do-1t22-veja-nova-data\/"]}]},{"@type":"ImageObject","inLanguage":"pt-BR","@id":"https:\/\/www.suno.com.br\/noticias\/oi-oibr3-adia-divulgacao-dos-resultados-do-1t22-veja-nova-data\/#primaryimage","url":"https:\/\/files.sunoresearch.com.br\/n\/uploads\/2021\/07\/a692467b-lut_6296-scaled-1.jpg","contentUrl":"https:\/\/files.sunoresearch.com.br\/n\/uploads\/2021\/07\/a692467b-lut_6296-scaled-1.jpg","width":2560,"height":1709,"caption":"Oi. Foto: Divulga\u00e7\u00e3o"},{"@type":"BreadcrumbList","@id":"https:\/\/www.suno.com.br\/noticias\/oi-oibr3-adia-divulgacao-dos-resultados-do-1t22-veja-nova-data\/#breadcrumb","itemListElement":[{"@type":"ListItem","position":1,"name":"Not\u00edcias","item":"https:\/\/www.suno.com.br\/noticias\/"},{"@type":"ListItem","position":2,"name":"Neg\u00f3cios","item":"https:\/\/www.suno.com.br\/noticias\/negocios\/"},{"@type":"ListItem","position":3,"name":"Oi (OIBR3) adia divulga\u00e7\u00e3o dos resultados do 1T22; veja nova data"}]},{"@type":"WebSite","@id":"https:\/\/www.suno.com.br\/noticias\/#website","url":"https:\/\/www.suno.com.br\/noticias\/","name":"Suno Not\u00edcias","description":"Seu portal de informa\u00e7\u00e3o sobre o mundo dos investimentos","publisher":{"@id":"https:\/\/www.suno.com.br\/noticias\/#organization"},"potentialAction":[{"@type":"SearchAction","target":{"@type":"EntryPoint","urlTemplate":"https:\/\/www.suno.com.br\/noticias\/?s={search_term_string}"},"query-input":{"@type":"PropertyValueSpecification","valueRequired":true,"valueName":"search_term_string"}}],"inLanguage":"pt-BR"},{"@type":"Organization","@id":"https:\/\/www.suno.com.br\/noticias\/#organization","name":"Suno Not\u00edcias","url":"https:\/\/www.suno.com.br\/noticias\/","logo":{"@type":"ImageObject","inLanguage":"pt-BR","@id":"https:\/\/www.suno.com.br\/noticias\/#\/schema\/logo\/image\/","url":"https:\/\/files.sunoresearch.com.br\/n\/uploads\/2021\/09\/suno-logo.png","contentUrl":"https:\/\/files.sunoresearch.com.br\/n\/uploads\/2021\/09\/suno-logo.png","width":180,"height":180,"caption":"Suno Not\u00edcias"},"image":{"@id":"https:\/\/www.suno.com.br\/noticias\/#\/schema\/logo\/image\/"},"sameAs":["https:\/\/facebook.com\/sunoresearch","https:\/\/x.com\/sunoresearch","https:\/\/www.instagram.com\/suno","https:\/\/www.linkedin.com\/company\/suno-research\/","https:\/\/www.youtube.com\/c\/sunoresearch"]},{"@type":"Person","@id":"https:\/\/www.suno.com.br\/noticias\/#\/schema\/person\/829bbe8d57f84333b966b96229c6bf5f","name":"Marco Ant\u00f4nio Lopes","image":{"@type":"ImageObject","inLanguage":"pt-BR","@id":"https:\/\/www.suno.com.br\/noticias\/#\/schema\/person\/image\/","url":"https:\/\/secure.gravatar.com\/avatar\/385167b012fbc1cde32c5446ee253313?s=96&r=g","contentUrl":"https:\/\/secure.gravatar.com\/avatar\/385167b012fbc1cde32c5446ee253313?s=96&r=g","caption":"Marco Ant\u00f4nio Lopes"},"description":"Jornalista, \u00e9 editor no Suno Not\u00edcias. Trabalhou nas revistas Playboy, Super, Veja Comer &amp; Beber, Homem Vogue e Universo Masculino, al\u00e9m dos portais Abril.com, R7, nas editorias de Home, Esportes, Hora 7, Entretenimento e Geral, e Eu Quero Investir. Autor do livro Bruce Lee: Definitivo (Editora Conrad). Colaborou nas revistas Nova, Veja SP, Grandes Guerras, Placar, Bizz, Casa Claudia e Quatro Rodas.","url":"https:\/\/www.suno.com.br\/noticias\/author\/marco-lopes\/"}]}},"default_loop_html":"<div class=\"cardsPage__listCard__boxs\"><div class=\"cardsPage__listCard__boxs__img\"><a href=\"https:\/\/www.suno.com.br\/noticias\/oi-oibr3-prejuizo-4t21\/\"><img class=\"mask\" src=\"https:\/\/www.suno.com.br\/noticias\/wp-content\/themes\/suno\/resources\/images\/spotlight\/spotlight1img\/bg-mask.png\" alt=\"Image Mask\"\/><img src=\"https:\/\/files.sunoresearch.com.br\/n\/uploads\/2021\/08\/bb1cedf7-loja-oi1-400x200.jpg\" alt=\"Oi (OIBR3) tem preju\u00edzo de R$ 1,6 bilh\u00e3o no 4\u00ba trimestre de 2021\"\/><\/a><span class=\"spotlightCategory\"><a href=\"https:\/\/www.suno.com.br\/noticias\/negocios\/\">Neg\u00f3cios<\/a><\/span><\/div><div class=\"cardsPage__listCard__boxs__content\"><a href=\"https:\/\/www.suno.com.br\/noticias\/oi-oibr3-prejuizo-4t21\/\"><h2 class=\"content__title\">Oi (OIBR3) tem preju\u00edzo de R$ 1,6 bilh\u00e3o no 4\u00ba trimestre de 2021<\/h2><\/a><div class=\"newsContent__article__meta\"><div class=\"newsContent__article__meta__authorBox\"><a href=\"https:\/\/www.suno.com.br\/noticias\/author\/poliana-santos\/\" class=\"authorBox__avatar noMobi\"><img src=\"https:\/\/files.sunoresearch.com.br\/n\/uploads\/2020\/08\/7ef34026-whatsapp-image-2020-08-03-at-12.37.57-150x150.webp\" alt=\"Poliana Santos\"><\/a><div class=\"authorBox__name\"><span>por\n\t\t\t<a href=\"https:\/\/www.suno.com.br\/noticias\/author\/poliana-santos\/\"><span itemprop=\"author\">Poliana Santos<\/span><\/a><\/span><time datetime=\"2022-05-05T09:04:08-03:00\" itemprop=\"datePublished\">05\/05\/2022 09:04<\/time><\/div><\/div><\/div><\/div><\/div>","single_layout":"posts","amp_enabled":true,"_links":{"self":[{"href":"https:\/\/www.suno.com.br\/noticias\/wp-json\/wp\/v2\/posts\/257861"}],"collection":[{"href":"https:\/\/www.suno.com.br\/noticias\/wp-json\/wp\/v2\/posts"}],"about":[{"href":"https:\/\/www.suno.com.br\/noticias\/wp-json\/wp\/v2\/types\/post"}],"author":[{"embeddable":true,"href":"https:\/\/www.suno.com.br\/noticias\/wp-json\/wp\/v2\/users\/98"}],"replies":[{"embeddable":true,"href":"https:\/\/www.suno.com.br\/noticias\/wp-json\/wp\/v2\/comments?post=257861"}],"version-history":[{"count":1,"href":"https:\/\/www.suno.com.br\/noticias\/wp-json\/wp\/v2\/posts\/257861\/revisions"}],"predecessor-version":[{"id":257878,"href":"https:\/\/www.suno.com.br\/noticias\/wp-json\/wp\/v2\/posts\/257861\/revisions\/257878"}],"wp:featuredmedia":[{"embeddable":true,"href":"https:\/\/www.suno.com.br\/noticias\/wp-json\/wp\/v2\/media\/164582"}],"wp:attachment":[{"href":"https:\/\/www.suno.com.br\/noticias\/wp-json\/wp\/v2\/media?parent=257861"}],"wp:term":[{"taxonomy":"category","embeddable":true,"href":"https:\/\/www.suno.com.br\/noticias\/wp-json\/wp\/v2\/categories?post=257861"},{"taxonomy":"post_tag","embeddable":true,"href":"https:\/\/www.suno.com.br\/noticias\/wp-json\/wp\/v2\/tags?post=257861"},{"taxonomy":"suno_strategy","embeddable":true,"href":"https:\/\/www.suno.com.br\/noticias\/wp-json\/wp\/v2\/suno_strategy?post=257861"}],"curies":[{"name":"wp","href":"https:\/\/api.w.org\/{rel}","templated":true}]}}