{"id":25786,"date":"2019-05-23T17:48:52","date_gmt":"2019-05-23T20:48:52","guid":{"rendered":"https:\/\/www.suno.com.br\/noticias\/?p=25786"},"modified":"2021-06-13T23:44:34","modified_gmt":"2021-06-14T02:44:34","slug":"dolar-volta-a-subir-e-fecha-em-alta-de-0178-com-guerra-comercial","status":"publish","type":"post","link":"https:\/\/www.suno.com.br\/noticias\/dolar-volta-a-subir-e-fecha-em-alta-de-0178-com-guerra-comercial\/","title":{"rendered":"D\u00f3lar volta a subir e fecha em alta de 0,178 % com guerra comercial"},"content":{"rendered":"<p>Ap\u00f3s duas quedas seguidas, o d\u00f3lar encerrou esta quinta-feira (23) em alta de 0,178%, negociado a R$ 4,0474. O mercado acompanha os desdobramentos da guerra comercial entre os Estados Unidos e a China.<\/p>\t<div class=\"wrapper-featured-image\">\n\t\t<figure class=\"spotlightImg\">\n\n\t\t\t<picture>\n\t\t\t\t<source media=\"(max-width: 768px)\" srcset=\"https:\/\/files.sunoresearch.com.br\/n\/uploads\/2019\/05\/454fbefd-d\u00f3lar-400x200.webp\">\n\t\t\t\t<img loading=\"lazy\" decoding=\"async\" class=\"newsContent__article__imgCapa lazyloadDisabled newsContent__article__imgCapa--noCaption\" src=\"https:\/\/files.sunoresearch.com.br\/n\/uploads\/2019\/05\/454fbefd-d\u00f3lar-800x450.webp\" width=\"800\" height=\"450\" alt=\"D\u00f3lar volta a subir e fecha em alta de 0,178 % com guerra comercial\" fetchpriority=high \/>\n\t\t\t<\/picture>\n\n\t\t\t<figcaption class=\"wp-caption-text wp-caption-text--hide\">O d\u00f3lar voltou a subir nesta quarta-feira <\/figcaption>\n\t\t<\/figure>\n\t<\/div>\n\n\n<p>A moeda americana iniciou o dia em alta. \u00c0s 10h09 atingiu o seu pico do dia, vendido a R$ 4,0678. Por\u00e9m, ao longo do preg\u00e3o, a moeda caiu e chegou a m\u00ednima de R$ 4,0327. No final da sess\u00e3o, o <strong>d\u00f3lar<\/strong> voltou a se valorizar.<\/p>\n<p>Confira o fechamento das principais moedas:<\/p>\n<ul>\n<li><a href=\"https:\/\/www.suno.com.br\/artigos\/euro\/\">Euro<\/a>: alta de 0,275 %, negociado a R$ 4,5188<\/li>\n<li>Libra esterlina: queda de 0,027 % negociada a R$ 5,1147<\/li>\n<\/ul>\n\t<p>\n\t\t<a href=\"https:\/\/lp.suno.com.br\/ao\/sessao-estrategica-consultoria-c\/?utm_source=suno-noticias&#038;utm_medium=banner&#038;utm_campaing=banco-master-cdbs\" target=\"_blank\" data-element=\"shortcode-suno-banner\" title=\"Banner SUNO, clique e saiba mais\">\n\t\t\t<picture>\n\t\t\t\t<source media=\"(max-width: 500px)\" srcset=\"https:\/\/files.sunoresearch.com.br\/n\/uploads\/2025\/09\/300x400.webp\">\n\t\t\t\t<img class=\"newsContent__article__imgCapa newsContent__article__imgCapa--banner\"\n\t\t\t\t\tsrc=\"https:\/\/files.sunoresearch.com.br\/n\/uploads\/2025\/09\/SN-DT-1420x240-1.webp\"\n\t\t\t\t\tdata-promo-id=\"624064\"\t\t\t\t\t\t\t\t\t\twidth='1420' height='240'\t\t\t\t\talt=\"https:\/\/files.sunoresearch.com.br\/n\/uploads\/2025\/09\/SN-DT-1420x240-1.webp\"\n\t\t\t\t>\n\t\t\t<\/picture>\n\t\t<\/a>\n\t<\/p>\n\n\n<p>O <strong><a href=\"https:\/\/www.suno.com.br\/artigos\/bacen\/\">Banco Central<\/a><\/strong> <strong>(BC)<\/strong> vendeu nesta quarta-feira todos os 5,050 mil <a href=\"https:\/\/www.suno.com.br\/artigos\/swap-cambial\/\">swaps cambiais<\/a> tradicionais, correspondentes \u00e0 venda futura de d\u00f3lares. Al\u00e9m disso, negociou todo o lote de US$\u00a010,089 bilh\u00f5es, que tem prazo de vencimento estabelecido em julho.<\/p>\n<h2>Guerra Comercial<\/h2>\n<p>Nesta quinta-feira, Estados Unidos e China voltaram a trocar acusa\u00e7\u00f5es.\u00a0O <strong>Secret\u00e1rio do Estados Unidos<\/strong>, Mike Pompeo, afirmou que a\u00a0 Huawei mente quando diz que n\u00e3o colabora com a <strong>China<\/strong>.<\/p>\n<p>&#8220;Isso, simplesmente, n\u00e3o \u00e9 verdade. Dizerem que n\u00e3o colaboram com o governo chin\u00eas \u00e9 uma declara\u00e7\u00e3o falsa&#8221;, disse o secret\u00e1rio, em entrevista a &#8220;CNBC&#8221;.<\/p>\n<p>Pompeo completou afirmando que &#8220;se voc\u00ea \u00e9 um neg\u00f3cio que recebe subs\u00eddios diretamente do <strong>governo chin\u00eas<\/strong>, n\u00e3o h\u00e1 d\u00favida de que voc\u00ea pode tomar vantagem disso.&#8221;<\/p>\n<p>Por outro lado, o <strong>governo chin\u00eas<\/strong> criticou a decis\u00e3o dos <strong>Estados Unidos.<\/strong> Al\u00e9m disso, afirmou que o banimento da <strong>Huawei<\/strong> pode piorar ainda mais as rela\u00e7\u00f5es econ\u00f4micas entre as duas pot\u00eancias.<\/p>\n<p><a href=\"https:\/\/www.suno.com.br\/noticias\/huawei-china-mentir-mike-pompeo\/\">Saiba mais:\u00a0Mike Pompeo acusa Huawei de mentir sobre colabora\u00e7\u00e3o com China<\/a><\/p>\n<p>\u201cExigimos que os <strong>EUA<\/strong> suspenda essas a\u00e7\u00f5es nocivas e crie condi\u00e7\u00f5es para uma rela\u00e7\u00e3o comercial normal e cooperativa entre empresas de ambos os pa\u00edses a fim de se evitar abalos futuros nos la\u00e7os econ\u00f4micos bilaterais\u201d, afirmou Gao Feng, porta voz do <strong>Minist\u00e9rio do Com\u00e9rcio da China<\/strong>.<\/p>\n<p>Ele classificou a atitude dos <strong>Estados Unidos<\/strong> de suspender a <strong>Huawei<\/strong> como uma \u201cgeneraliza\u00e7\u00e3o do conceito de seguran\u00e7a nacional\u201d e acrescentou que os americanos deveriam se manter racionais e corrigir as suas\u00a0\u201cperigosas a\u00e7\u00f5es\u201d.<\/p>\n<h2>Governo derrotado<\/h2>\n<p>A <strong>C\u00e2mara dos Deputados<\/strong> aprovou na \u00faltima\u00a0quarta-feira (22) a transfer\u00eancia do\u00a0 <a href=\"https:\/\/www.suno.com.br\/artigos\/o-que-e-coaf\/\">Conselho de Controle de Atividades Financeiras (<strong>Coaf<\/strong>)<\/a> para o <strong>Minist\u00e9rio da Economia<\/strong>. O destaque da MP que previa a continua\u00e7\u00e3o do Coaf no Minist\u00e9rio da Justi\u00e7a foi rejeitado por 288 votos a 210. A decis\u00e3o ainda precisa ser votada pelo <strong>Senado<\/strong>.<\/p>\n<p><a href=\"https:\/\/www.suno.com.br\/noticias\/camara-aprova-transferencia-coaf-ministerio-economia\/\">Saiba mais:\u00a0C\u00e2mara aprova transfer\u00eancia do Coaf para o Minist\u00e9rio da Economia<\/a><\/p>\n<p>O voto desta quarta-feira representa uma derrota para o <strong>governo<\/strong>. Em particular para o <strong>ministro da Justi\u00e7a, S\u00e9rgio Moro<\/strong>. O ex-juiz federal\u00a0defendia a manuten\u00e7\u00e3o do <strong>Coaf<\/strong> sob a sua pasta. Por isso, ascende um sinal amarelo no mercado em rela\u00e7\u00e3o \u00e0 articula\u00e7\u00e3o pol\u00edtica do governo para conduzir a aprova\u00e7\u00e3o da <strong>reforma da Previd\u00eancia<\/strong>.<\/p>\n<h2>\u00daltima cota\u00e7\u00e3o do d\u00f3lar<\/h2>\n<p>Na <a href=\"https:\/\/www.suno.com.br\/noticias\/dolar-tem-segunda-queda-seguida-e-vai-a-r-404\/\">\u00faltima sess\u00e3o<\/a>, que ocorreu na quarta-feira (21), o <strong>d\u00f3lar<\/strong>\u00a0teve queda de\u00a0 0,188\u00a0%, negociado a R$ 4,0402.<\/p>\n","protected":false},"excerpt":{"rendered":"<p>Ap\u00f3s duas quedas seguidas, o d\u00f3lar encerrou esta quinta-feira (23) em alta de 0,178%, negociado a R$ 4,0474. O mercado acompanha os desdobramentos da guerra comercial entre os Estados Unidos e a China. O d\u00f3lar voltou a subir nesta quarta-feira A moeda americana iniciou o dia em alta. \u00c0s 10h09 atingiu o seu pico do [&hellip;]<\/p>\n","protected":false},"author":14,"featured_media":23748,"comment_status":"closed","ping_status":"closed","sticky":false,"template":"","format":"standard","meta":[],"categories":[60],"tags":[1842,938,711,836,326,793,826,909,940,1018],"suno_strategy":[],"class_list":["post-25786","post","type-post","status-publish","format-standard","has-post-thumbnail","hentry","category-mercado","tag-banco-central-bc","tag-camara-dos-deputados","tag-china","tag-coaf","tag-dolar","tag-estados-unidos-eua","tag-huawei","tag-ministerio-da-economia","tag-reforma-da-previdencia","tag-sergio-moro"],"yoast_head":"<!-- This site is optimized with the Yoast SEO plugin v24.4 - https:\/\/yoast.com\/wordpress\/plugins\/seo\/ -->\n<title>D\u00f3lar volta a subir e fecha em alta de 0,178 % com guerra comercial<\/title>\n<meta name=\"description\" content=\"O d\u00f3lar iniciou o dia em alta. \u00c0s 10h09 atingiu o seu pico do dia, vendido a R$ 4,0678. Por\u00e9m, ao longo do preg\u00e3o, voltou a cair. Clique para saber mais.\" \/>\n<meta name=\"robots\" content=\"index, follow, max-snippet:-1, max-image-preview:large, max-video-preview:-1\" \/>\n<link rel=\"canonical\" href=\"https:\/\/www.suno.com.br\/noticias\/dolar-volta-a-subir-e-fecha-em-alta-de-0178-com-guerra-comercial\/\" \/>\n<meta property=\"og:locale\" content=\"pt_BR\" \/>\n<meta property=\"og:type\" content=\"article\" \/>\n<meta property=\"og:title\" content=\"D\u00f3lar volta a subir e fecha em alta de 0,178 % com guerra comercial\" \/>\n<meta property=\"og:description\" content=\"O d\u00f3lar iniciou o dia em alta. \u00c0s 10h09 atingiu o seu pico do dia, vendido a R$ 4,0678. Por\u00e9m, ao longo do preg\u00e3o, voltou a cair. Clique para saber mais.\" \/>\n<meta property=\"og:url\" content=\"https:\/\/www.suno.com.br\/noticias\/dolar-volta-a-subir-e-fecha-em-alta-de-0178-com-guerra-comercial\/\" \/>\n<meta property=\"og:site_name\" content=\"Suno Not\u00edcias\" \/>\n<meta property=\"article:publisher\" content=\"https:\/\/facebook.com\/sunoresearch\" \/>\n<meta property=\"og:image\" content=\"https:\/\/files.sunoresearch.com.br\/n\/uploads\/2019\/05\/454fbefd-d\u00f3lar.jpg\" \/>\n\t<meta property=\"og:image:width\" content=\"1920\" \/>\n\t<meta property=\"og:image:height\" content=\"1019\" \/>\n\t<meta property=\"og:image:type\" content=\"image\/jpeg\" \/>\n<meta name=\"author\" content=\"Renan Dantas\" \/>\n<meta name=\"twitter:card\" content=\"summary_large_image\" \/>\n<meta name=\"twitter:creator\" content=\"@sunoresearch\" \/>\n<meta name=\"twitter:site\" content=\"@sunoresearch\" \/>\n<meta name=\"twitter:label1\" content=\"Escrito por\" \/>\n\t<meta name=\"twitter:data1\" content=\"Renan Dantas\" \/>\n\t<meta name=\"twitter:label2\" content=\"Est. tempo de leitura\" \/>\n\t<meta name=\"twitter:data2\" content=\"3 minutos\" \/>\n<script type=\"application\/ld+json\" class=\"yoast-schema-graph\">{\"@context\":\"https:\/\/schema.org\",\"@graph\":[{\"@type\":\"NewsArticle\",\"@id\":\"https:\/\/www.suno.com.br\/noticias\/dolar-volta-a-subir-e-fecha-em-alta-de-0178-com-guerra-comercial\/#article\",\"isPartOf\":{\"@id\":\"https:\/\/www.suno.com.br\/noticias\/dolar-volta-a-subir-e-fecha-em-alta-de-0178-com-guerra-comercial\/\"},\"author\":{\"name\":\"Renan Dantas\",\"@id\":\"https:\/\/www.suno.com.br\/noticias\/#\/schema\/person\/3f7693d5795a3f6d5ce15309ee785699\"},\"headline\":\"D\u00f3lar volta a subir e fecha em alta de 0,178 % com guerra comercial\",\"datePublished\":\"2019-05-23T20:48:52+00:00\",\"dateModified\":\"2021-06-14T02:44:34+00:00\",\"mainEntityOfPage\":{\"@id\":\"https:\/\/www.suno.com.br\/noticias\/dolar-volta-a-subir-e-fecha-em-alta-de-0178-com-guerra-comercial\/\"},\"wordCount\":544,\"publisher\":{\"@id\":\"https:\/\/www.suno.com.br\/noticias\/#organization\"},\"image\":{\"@id\":\"https:\/\/www.suno.com.br\/noticias\/dolar-volta-a-subir-e-fecha-em-alta-de-0178-com-guerra-comercial\/#primaryimage\"},\"thumbnailUrl\":\"https:\/\/files.sunoresearch.com.br\/n\/uploads\/2019\/05\/454fbefd-d\u00f3lar-jpg.webp\",\"keywords\":[\"Banco Central (BC)\",\"C\u00e2mara dos Deputados\",\"China\",\"COAF\",\"d\u00f3lar\",\"Estados Unidos (EUA)\",\"Huawei\",\"Minist\u00e9rio da Economia\",\"Reforma da Previd\u00eancia\",\"Sergio Moro\"],\"articleSection\":[\"Mercado\"],\"inLanguage\":\"pt-BR\"},{\"@type\":\"WebPage\",\"@id\":\"https:\/\/www.suno.com.br\/noticias\/dolar-volta-a-subir-e-fecha-em-alta-de-0178-com-guerra-comercial\/\",\"url\":\"https:\/\/www.suno.com.br\/noticias\/dolar-volta-a-subir-e-fecha-em-alta-de-0178-com-guerra-comercial\/\",\"name\":\"D\u00f3lar volta a subir e fecha em alta de 0,178 % com guerra comercial\",\"isPartOf\":{\"@id\":\"https:\/\/www.suno.com.br\/noticias\/#website\"},\"primaryImageOfPage\":{\"@id\":\"https:\/\/www.suno.com.br\/noticias\/dolar-volta-a-subir-e-fecha-em-alta-de-0178-com-guerra-comercial\/#primaryimage\"},\"image\":{\"@id\":\"https:\/\/www.suno.com.br\/noticias\/dolar-volta-a-subir-e-fecha-em-alta-de-0178-com-guerra-comercial\/#primaryimage\"},\"thumbnailUrl\":\"https:\/\/files.sunoresearch.com.br\/n\/uploads\/2019\/05\/454fbefd-d\u00f3lar-jpg.webp\",\"datePublished\":\"2019-05-23T20:48:52+00:00\",\"dateModified\":\"2021-06-14T02:44:34+00:00\",\"description\":\"O d\u00f3lar iniciou o dia em alta. \u00c0s 10h09 atingiu o seu pico do dia, vendido a R$ 4,0678. Por\u00e9m, ao longo do preg\u00e3o, voltou a cair. Clique para saber mais.\",\"breadcrumb\":{\"@id\":\"https:\/\/www.suno.com.br\/noticias\/dolar-volta-a-subir-e-fecha-em-alta-de-0178-com-guerra-comercial\/#breadcrumb\"},\"inLanguage\":\"pt-BR\",\"potentialAction\":[{\"@type\":\"ReadAction\",\"target\":[\"https:\/\/www.suno.com.br\/noticias\/dolar-volta-a-subir-e-fecha-em-alta-de-0178-com-guerra-comercial\/\"]}]},{\"@type\":\"ImageObject\",\"inLanguage\":\"pt-BR\",\"@id\":\"https:\/\/www.suno.com.br\/noticias\/dolar-volta-a-subir-e-fecha-em-alta-de-0178-com-guerra-comercial\/#primaryimage\",\"url\":\"https:\/\/files.sunoresearch.com.br\/n\/uploads\/2019\/05\/454fbefd-d\u00f3lar-jpg.webp\",\"contentUrl\":\"https:\/\/files.sunoresearch.com.br\/n\/uploads\/2019\/05\/454fbefd-d\u00f3lar-jpg.webp\",\"width\":1920,\"height\":1019,\"caption\":\"O d\u00f3lar voltou a subir nesta quarta-feira\"},{\"@type\":\"BreadcrumbList\",\"@id\":\"https:\/\/www.suno.com.br\/noticias\/dolar-volta-a-subir-e-fecha-em-alta-de-0178-com-guerra-comercial\/#breadcrumb\",\"itemListElement\":[{\"@type\":\"ListItem\",\"position\":1,\"name\":\"Not\u00edcias\",\"item\":\"https:\/\/www.suno.com.br\/noticias\/\"},{\"@type\":\"ListItem\",\"position\":2,\"name\":\"Mercado\",\"item\":\"https:\/\/www.suno.com.br\/noticias\/mercado\/\"},{\"@type\":\"ListItem\",\"position\":3,\"name\":\"D\u00f3lar volta a subir e fecha em alta de 0,178 % com guerra comercial\"}]},{\"@type\":\"WebSite\",\"@id\":\"https:\/\/www.suno.com.br\/noticias\/#website\",\"url\":\"https:\/\/www.suno.com.br\/noticias\/\",\"name\":\"Suno Not\u00edcias\",\"description\":\"Seu portal de informa\u00e7\u00e3o sobre o mundo dos investimentos\",\"publisher\":{\"@id\":\"https:\/\/www.suno.com.br\/noticias\/#organization\"},\"potentialAction\":[{\"@type\":\"SearchAction\",\"target\":{\"@type\":\"EntryPoint\",\"urlTemplate\":\"https:\/\/www.suno.com.br\/noticias\/?s={search_term_string}\"},\"query-input\":{\"@type\":\"PropertyValueSpecification\",\"valueRequired\":true,\"valueName\":\"search_term_string\"}}],\"inLanguage\":\"pt-BR\"},{\"@type\":\"Organization\",\"@id\":\"https:\/\/www.suno.com.br\/noticias\/#organization\",\"name\":\"Suno Not\u00edcias\",\"url\":\"https:\/\/www.suno.com.br\/noticias\/\",\"logo\":{\"@type\":\"ImageObject\",\"inLanguage\":\"pt-BR\",\"@id\":\"https:\/\/www.suno.com.br\/noticias\/#\/schema\/logo\/image\/\",\"url\":\"https:\/\/files.sunoresearch.com.br\/n\/uploads\/2021\/09\/suno-logo.png\",\"contentUrl\":\"https:\/\/files.sunoresearch.com.br\/n\/uploads\/2021\/09\/suno-logo.png\",\"width\":180,\"height\":180,\"caption\":\"Suno Not\u00edcias\"},\"image\":{\"@id\":\"https:\/\/www.suno.com.br\/noticias\/#\/schema\/logo\/image\/\"},\"sameAs\":[\"https:\/\/facebook.com\/sunoresearch\",\"https:\/\/x.com\/sunoresearch\",\"https:\/\/www.instagram.com\/suno\",\"https:\/\/www.linkedin.com\/company\/suno-research\/\",\"https:\/\/www.youtube.com\/c\/sunoresearch\"]},{\"@type\":\"Person\",\"@id\":\"https:\/\/www.suno.com.br\/noticias\/#\/schema\/person\/3f7693d5795a3f6d5ce15309ee785699\",\"name\":\"Renan Dantas\",\"image\":{\"@type\":\"ImageObject\",\"inLanguage\":\"pt-BR\",\"@id\":\"https:\/\/www.suno.com.br\/noticias\/#\/schema\/person\/image\/\",\"url\":\"https:\/\/secure.gravatar.com\/avatar\/1787b83e7484a08e51d62ac8b41c8396?s=96&r=g\",\"contentUrl\":\"https:\/\/secure.gravatar.com\/avatar\/1787b83e7484a08e51d62ac8b41c8396?s=96&r=g\",\"caption\":\"Renan Dantas\"},\"description\":\"Escreve sobre pol\u00edtica e mercado financeiro para o portal Suno Not\u00edcias. Antes, atuou na assessoria de comunica\u00e7\u00e3o do Minist\u00e9rio P\u00fablico do Trabalho e na R\u00e1dio Mackenzie, onde apresentava e produzia um programa sobre artistas da m\u00fasica brasileira. \u00c9 estudante na Universidade Presbiteriana Mackenzie.\",\"url\":\"https:\/\/www.suno.com.br\/noticias\/author\/renan-dantas\/\"}]}<\/script>\n<!-- \/ Yoast SEO plugin. -->","yoast_head_json":{"title":"D\u00f3lar volta a subir e fecha em alta de 0,178 % com guerra comercial","description":"O d\u00f3lar iniciou o dia em alta. \u00c0s 10h09 atingiu o seu pico do dia, vendido a R$ 4,0678. Por\u00e9m, ao longo do preg\u00e3o, voltou a cair. Clique para saber mais.","robots":{"index":"index","follow":"follow","max-snippet":"max-snippet:-1","max-image-preview":"max-image-preview:large","max-video-preview":"max-video-preview:-1"},"canonical":"https:\/\/www.suno.com.br\/noticias\/dolar-volta-a-subir-e-fecha-em-alta-de-0178-com-guerra-comercial\/","og_locale":"pt_BR","og_type":"article","og_title":"D\u00f3lar volta a subir e fecha em alta de 0,178 % com guerra comercial","og_description":"O d\u00f3lar iniciou o dia em alta. \u00c0s 10h09 atingiu o seu pico do dia, vendido a R$ 4,0678. Por\u00e9m, ao longo do preg\u00e3o, voltou a cair. Clique para saber mais.","og_url":"https:\/\/www.suno.com.br\/noticias\/dolar-volta-a-subir-e-fecha-em-alta-de-0178-com-guerra-comercial\/","og_site_name":"Suno Not\u00edcias","article_publisher":"https:\/\/facebook.com\/sunoresearch","og_image":[{"width":1920,"height":1019,"url":"https:\/\/files.sunoresearch.com.br\/n\/uploads\/2019\/05\/454fbefd-d\u00f3lar.jpg","type":"image\/jpeg"}],"author":"Renan Dantas","twitter_card":"summary_large_image","twitter_creator":"@sunoresearch","twitter_site":"@sunoresearch","twitter_misc":{"Escrito por":"Renan Dantas","Est. tempo de leitura":"3 minutos"},"schema":{"@context":"https:\/\/schema.org","@graph":[{"@type":"NewsArticle","@id":"https:\/\/www.suno.com.br\/noticias\/dolar-volta-a-subir-e-fecha-em-alta-de-0178-com-guerra-comercial\/#article","isPartOf":{"@id":"https:\/\/www.suno.com.br\/noticias\/dolar-volta-a-subir-e-fecha-em-alta-de-0178-com-guerra-comercial\/"},"author":{"name":"Renan Dantas","@id":"https:\/\/www.suno.com.br\/noticias\/#\/schema\/person\/3f7693d5795a3f6d5ce15309ee785699"},"headline":"D\u00f3lar volta a subir e fecha em alta de 0,178 % com guerra comercial","datePublished":"2019-05-23T20:48:52+00:00","dateModified":"2021-06-14T02:44:34+00:00","mainEntityOfPage":{"@id":"https:\/\/www.suno.com.br\/noticias\/dolar-volta-a-subir-e-fecha-em-alta-de-0178-com-guerra-comercial\/"},"wordCount":544,"publisher":{"@id":"https:\/\/www.suno.com.br\/noticias\/#organization"},"image":{"@id":"https:\/\/www.suno.com.br\/noticias\/dolar-volta-a-subir-e-fecha-em-alta-de-0178-com-guerra-comercial\/#primaryimage"},"thumbnailUrl":"https:\/\/files.sunoresearch.com.br\/n\/uploads\/2019\/05\/454fbefd-d\u00f3lar-jpg.webp","keywords":["Banco Central (BC)","C\u00e2mara dos Deputados","China","COAF","d\u00f3lar","Estados Unidos (EUA)","Huawei","Minist\u00e9rio da Economia","Reforma da Previd\u00eancia","Sergio Moro"],"articleSection":["Mercado"],"inLanguage":"pt-BR"},{"@type":"WebPage","@id":"https:\/\/www.suno.com.br\/noticias\/dolar-volta-a-subir-e-fecha-em-alta-de-0178-com-guerra-comercial\/","url":"https:\/\/www.suno.com.br\/noticias\/dolar-volta-a-subir-e-fecha-em-alta-de-0178-com-guerra-comercial\/","name":"D\u00f3lar volta a subir e fecha em alta de 0,178 % com guerra comercial","isPartOf":{"@id":"https:\/\/www.suno.com.br\/noticias\/#website"},"primaryImageOfPage":{"@id":"https:\/\/www.suno.com.br\/noticias\/dolar-volta-a-subir-e-fecha-em-alta-de-0178-com-guerra-comercial\/#primaryimage"},"image":{"@id":"https:\/\/www.suno.com.br\/noticias\/dolar-volta-a-subir-e-fecha-em-alta-de-0178-com-guerra-comercial\/#primaryimage"},"thumbnailUrl":"https:\/\/files.sunoresearch.com.br\/n\/uploads\/2019\/05\/454fbefd-d\u00f3lar-jpg.webp","datePublished":"2019-05-23T20:48:52+00:00","dateModified":"2021-06-14T02:44:34+00:00","description":"O d\u00f3lar iniciou o dia em alta. \u00c0s 10h09 atingiu o seu pico do dia, vendido a R$ 4,0678. Por\u00e9m, ao longo do preg\u00e3o, voltou a cair. Clique para saber mais.","breadcrumb":{"@id":"https:\/\/www.suno.com.br\/noticias\/dolar-volta-a-subir-e-fecha-em-alta-de-0178-com-guerra-comercial\/#breadcrumb"},"inLanguage":"pt-BR","potentialAction":[{"@type":"ReadAction","target":["https:\/\/www.suno.com.br\/noticias\/dolar-volta-a-subir-e-fecha-em-alta-de-0178-com-guerra-comercial\/"]}]},{"@type":"ImageObject","inLanguage":"pt-BR","@id":"https:\/\/www.suno.com.br\/noticias\/dolar-volta-a-subir-e-fecha-em-alta-de-0178-com-guerra-comercial\/#primaryimage","url":"https:\/\/files.sunoresearch.com.br\/n\/uploads\/2019\/05\/454fbefd-d\u00f3lar-jpg.webp","contentUrl":"https:\/\/files.sunoresearch.com.br\/n\/uploads\/2019\/05\/454fbefd-d\u00f3lar-jpg.webp","width":1920,"height":1019,"caption":"O d\u00f3lar voltou a subir nesta quarta-feira"},{"@type":"BreadcrumbList","@id":"https:\/\/www.suno.com.br\/noticias\/dolar-volta-a-subir-e-fecha-em-alta-de-0178-com-guerra-comercial\/#breadcrumb","itemListElement":[{"@type":"ListItem","position":1,"name":"Not\u00edcias","item":"https:\/\/www.suno.com.br\/noticias\/"},{"@type":"ListItem","position":2,"name":"Mercado","item":"https:\/\/www.suno.com.br\/noticias\/mercado\/"},{"@type":"ListItem","position":3,"name":"D\u00f3lar volta a subir e fecha em alta de 0,178 % com guerra comercial"}]},{"@type":"WebSite","@id":"https:\/\/www.suno.com.br\/noticias\/#website","url":"https:\/\/www.suno.com.br\/noticias\/","name":"Suno Not\u00edcias","description":"Seu portal de informa\u00e7\u00e3o sobre o mundo dos investimentos","publisher":{"@id":"https:\/\/www.suno.com.br\/noticias\/#organization"},"potentialAction":[{"@type":"SearchAction","target":{"@type":"EntryPoint","urlTemplate":"https:\/\/www.suno.com.br\/noticias\/?s={search_term_string}"},"query-input":{"@type":"PropertyValueSpecification","valueRequired":true,"valueName":"search_term_string"}}],"inLanguage":"pt-BR"},{"@type":"Organization","@id":"https:\/\/www.suno.com.br\/noticias\/#organization","name":"Suno Not\u00edcias","url":"https:\/\/www.suno.com.br\/noticias\/","logo":{"@type":"ImageObject","inLanguage":"pt-BR","@id":"https:\/\/www.suno.com.br\/noticias\/#\/schema\/logo\/image\/","url":"https:\/\/files.sunoresearch.com.br\/n\/uploads\/2021\/09\/suno-logo.png","contentUrl":"https:\/\/files.sunoresearch.com.br\/n\/uploads\/2021\/09\/suno-logo.png","width":180,"height":180,"caption":"Suno Not\u00edcias"},"image":{"@id":"https:\/\/www.suno.com.br\/noticias\/#\/schema\/logo\/image\/"},"sameAs":["https:\/\/facebook.com\/sunoresearch","https:\/\/x.com\/sunoresearch","https:\/\/www.instagram.com\/suno","https:\/\/www.linkedin.com\/company\/suno-research\/","https:\/\/www.youtube.com\/c\/sunoresearch"]},{"@type":"Person","@id":"https:\/\/www.suno.com.br\/noticias\/#\/schema\/person\/3f7693d5795a3f6d5ce15309ee785699","name":"Renan Dantas","image":{"@type":"ImageObject","inLanguage":"pt-BR","@id":"https:\/\/www.suno.com.br\/noticias\/#\/schema\/person\/image\/","url":"https:\/\/secure.gravatar.com\/avatar\/1787b83e7484a08e51d62ac8b41c8396?s=96&r=g","contentUrl":"https:\/\/secure.gravatar.com\/avatar\/1787b83e7484a08e51d62ac8b41c8396?s=96&r=g","caption":"Renan Dantas"},"description":"Escreve sobre pol\u00edtica e mercado financeiro para o portal Suno Not\u00edcias. Antes, atuou na assessoria de comunica\u00e7\u00e3o do Minist\u00e9rio P\u00fablico do Trabalho e na R\u00e1dio Mackenzie, onde apresentava e produzia um programa sobre artistas da m\u00fasica brasileira. \u00c9 estudante na Universidade Presbiteriana Mackenzie.","url":"https:\/\/www.suno.com.br\/noticias\/author\/renan-dantas\/"}]}},"default_loop_html":"<div class=\"cardsPage__listCard__boxs\"><div class=\"cardsPage__listCard__boxs__img\"><a href=\"https:\/\/www.suno.com.br\/noticias\/dolar-volta-a-subir-e-fecha-em-alta-de-0178-com-guerra-comercial\/\"><img class=\"mask\" src=\"https:\/\/www.suno.com.br\/noticias\/wp-content\/themes\/suno\/resources\/images\/spotlight\/spotlight1img\/bg-mask.png\" alt=\"Image Mask\"\/><img src=\"https:\/\/files.sunoresearch.com.br\/n\/uploads\/2019\/05\/454fbefd-d\u00f3lar-400x200.webp\" alt=\"D\u00f3lar volta a subir e fecha em alta de 0,178 % com guerra comercial\"\/><\/a><span class=\"spotlightCategory\"><a href=\"https:\/\/www.suno.com.br\/noticias\/mercado\/\">Mercado<\/a><\/span><\/div><div class=\"cardsPage__listCard__boxs__content\"><a href=\"https:\/\/www.suno.com.br\/noticias\/dolar-volta-a-subir-e-fecha-em-alta-de-0178-com-guerra-comercial\/\"><h2 class=\"content__title\">D\u00f3lar volta a subir e fecha em alta de 0,178 % com guerra comercial<\/h2><\/a><div class=\"newsContent__article__meta\"><div class=\"newsContent__article__meta__authorBox\"><a href=\"https:\/\/www.suno.com.br\/noticias\/author\/renan-dantas\/\" class=\"authorBox__avatar noMobi\"><img src=\"https:\/\/secure.gravatar.com\/avatar\/1787b83e7484a08e51d62ac8b41c8396?s=96&#038;r=g\" alt=\"Renan Dantas\"><\/a><div class=\"authorBox__name\"><span>por\n\t\t\t<a href=\"https:\/\/www.suno.com.br\/noticias\/author\/renan-dantas\/\"><span itemprop=\"author\">Renan Dantas<\/span><\/a><\/span><time datetime=\"2019-05-23T17:48:52-03:00\" itemprop=\"datePublished\">23\/05\/2019 17:48<\/time><\/div><\/div><\/div><\/div><\/div>","single_layout":"posts","amp_enabled":true,"_links":{"self":[{"href":"https:\/\/www.suno.com.br\/noticias\/wp-json\/wp\/v2\/posts\/25786"}],"collection":[{"href":"https:\/\/www.suno.com.br\/noticias\/wp-json\/wp\/v2\/posts"}],"about":[{"href":"https:\/\/www.suno.com.br\/noticias\/wp-json\/wp\/v2\/types\/post"}],"author":[{"embeddable":true,"href":"https:\/\/www.suno.com.br\/noticias\/wp-json\/wp\/v2\/users\/14"}],"replies":[{"embeddable":true,"href":"https:\/\/www.suno.com.br\/noticias\/wp-json\/wp\/v2\/comments?post=25786"}],"version-history":[{"count":1,"href":"https:\/\/www.suno.com.br\/noticias\/wp-json\/wp\/v2\/posts\/25786\/revisions"}],"predecessor-version":[{"id":157360,"href":"https:\/\/www.suno.com.br\/noticias\/wp-json\/wp\/v2\/posts\/25786\/revisions\/157360"}],"wp:featuredmedia":[{"embeddable":true,"href":"https:\/\/www.suno.com.br\/noticias\/wp-json\/wp\/v2\/media\/23748"}],"wp:attachment":[{"href":"https:\/\/www.suno.com.br\/noticias\/wp-json\/wp\/v2\/media?parent=25786"}],"wp:term":[{"taxonomy":"category","embeddable":true,"href":"https:\/\/www.suno.com.br\/noticias\/wp-json\/wp\/v2\/categories?post=25786"},{"taxonomy":"post_tag","embeddable":true,"href":"https:\/\/www.suno.com.br\/noticias\/wp-json\/wp\/v2\/tags?post=25786"},{"taxonomy":"suno_strategy","embeddable":true,"href":"https:\/\/www.suno.com.br\/noticias\/wp-json\/wp\/v2\/suno_strategy?post=25786"}],"curies":[{"name":"wp","href":"https:\/\/api.w.org\/{rel}","templated":true}]}}