{"id":25781,"date":"2019-05-23T16:57:14","date_gmt":"2019-05-23T19:57:14","guid":{"rendered":"https:\/\/www.suno.com.br\/noticias\/?p=25781"},"modified":"2019-05-23T17:05:00","modified_gmt":"2019-05-23T20:05:00","slug":"ford-doria-confirmar-fabrica-abc","status":"publish","type":"post","link":"https:\/\/www.suno.com.br\/noticias\/ford-doria-confirmar-fabrica-abc\/","title":{"rendered":"Ford: D\u00f3ria quer confirmar defini\u00e7\u00e3o da f\u00e1brica no ABC em 15 dias"},"content":{"rendered":"<p>O governador de S\u00e3o Paulo, <a href=\"https:\/\/www.suno.com.br\/tudo-sobre\/joao-doria\/\">Jo\u00e3o D\u00f3ria<\/a>, afirmou nesta quinta-feira (23) que espera confirmar o futuro da f\u00e1brica da Ford em S\u00e3o Bernado do Campo em 15 dias.\u00a0A declara\u00e7\u00e3o ocorreu em um evento que anunciou a cria\u00e7\u00e3o de 11 p\u00f3los de desenvolvimento econ\u00f4mico para a ind\u00fastria.<\/p>\t<div class=\"wrapper-featured-image\">\n\t\t<figure class=\"spotlightImg\">\n\n\t\t\t<picture>\n\t\t\t\t<source media=\"(max-width: 768px)\" srcset=\"https:\/\/files.sunoresearch.com.br\/n\/uploads\/2019\/01\/34feaa01-ford-400x200.webp\">\n\t\t\t\t<img loading=\"lazy\" decoding=\"async\" class=\"newsContent__article__imgCapa lazyloadDisabled newsContent__article__imgCapa--noCaption\" src=\"https:\/\/files.sunoresearch.com.br\/n\/uploads\/2019\/01\/34feaa01-ford-800x450.webp\" width=\"800\" height=\"450\" alt=\"Ford: D\u00f3ria quer confirmar defini\u00e7\u00e3o da f\u00e1brica no ABC em 15 dias\" fetchpriority=high \/>\n\t\t\t<\/picture>\n\n\t\t\t<figcaption class=\"wp-caption-text wp-caption-text--hide\">Ford<\/figcaption>\n\t\t<\/figure>\n\t<\/div>\n\n\n<p>\u201cPodemos antecipar que os entendimentos seguem positivos. Muito em breve, no m\u00e1ximo em 15 dias, n\u00f3s poderemos fazer an\u00fancio com resposta positiva. S\u00e3o dois interessados e com condi\u00e7\u00f5es de fazer a aquisi\u00e7\u00e3o da <strong>Ford<\/strong>&#8220;, disse o <strong>D\u00f3ria<\/strong>.<\/p>\n<p><a href=\"https:\/\/www.suno.com.br\/noticias\/ford-corte-empregos-todo-mundo\/\">Saiba mais:\u00a0Ford anuncia corte de 7 mil empregos em todo o mundo<\/a><\/p>\n<p>Em fevereiro de 2019, a <strong>Ford<\/strong> havia informado que iria paralisar as atividades da f\u00e1brica em S\u00e3o Bernado e encerrar a produ\u00e7\u00e3o de caminh\u00f5es na Am\u00e9rica do Sul. O <strong>governo do Estado<\/strong> passou ent\u00e3o a intermediar e buscar novos compradores com o objetivo de manter os empregos.<\/p>\n\t<p>\n\t\t<a href=\"https:\/\/lp.suno.com.br\/planilha-controle-gastos\/\" target=\"_blank\" data-element=\"shortcode-suno-banner\" title=\"Banner SUNO, clique e saiba mais\">\n\t\t\t<picture>\n\t\t\t\t<source media=\"(max-width: 500px)\" srcset=\"https:\/\/files.sunoresearch.com.br\/n\/uploads\/2023\/03\/400x300-Planilha-controle-de-gastos.png\">\n\t\t\t\t<img class=\"newsContent__article__imgCapa newsContent__article__imgCapa--banner\"\n\t\t\t\t\tsrc=\"https:\/\/files.sunoresearch.com.br\/n\/uploads\/2023\/03\/1420x240-Planilha-controle-de-gastos.png\"\n\t\t\t\t\tdata-promo-id=\"101751\"\t\t\t\t\t\t\t\t\t\twidth='1420' height='240'\t\t\t\t\talt=\"https:\/\/files.sunoresearch.com.br\/n\/uploads\/2023\/03\/1420x240-Planilha-controle-de-gastos.png\"\n\t\t\t\t>\n\t\t\t<\/picture>\n\t\t<\/a>\n\t<\/p>\n\n\n<p>Por conta do fechamento, outras montadoras, como a <strong>Caoa,<\/strong> confirmaram o interesse na f\u00e1brica. A companhia informou que manteve conversas com a <strong>Ford<\/strong> e com o <strong>governo de S\u00e3o Paulo<\/strong> para fechar uma poss\u00edvel compra. Al\u00e9m disso, a montadora declarou que os &#8220;chineses est\u00e3o interessados em fabricar carros&#8221; no estado.<\/p>\n<p><a href=\"https:\/\/www.suno.com.br\/noticias\/funcionarios-ford-acordo-abc\/\">Saiba mais:\u00a0Funcion\u00e1rios e Ford chegam a acordo para fechamento de f\u00e1brica no ABC<\/a><\/p>\n<h2>Polos industrias<\/h2>\n<p>Nesta manh\u00e3, o governador anunciou que criar\u00e1 11 polos de desenvolvimento econ\u00f4mico para a ind\u00fastria. A medida faz parte de um plano para apoiar as empresas que j\u00e1 est\u00e3o estabelecidas no estado.\u00a0&#8220;Em financiamento, teremos linha da <strong>Desenvolve-SP<\/strong> e facilitaremos demandas junto ao <strong>BNDES<\/strong>&#8220;, afirmou.<\/p>\n<p>O governador declarou que \u00e9\u00a0 &#8220;totalmente favor\u00e1vel&#8221; a uma <strong>reforma tribut\u00e1ria<\/strong> que simplifique os impostos. &#8220;S\u00e3o Paulo n\u00e3o precisa de guerra fiscal para atrair investidores internacionais&#8221;, afirmou. &#8220;N\u00e3o fazemos, n\u00e3o faremos e n\u00e3o admitimos guerra fiscal.&#8221;<\/p>\n<p><a href=\"https:\/\/www.suno.com.br\/noticias\/caoa-ford-reforma-previdencia\/\">Saiba mais:\u00a0Caoa deve investir na Ford caso governo aprove reforma da Previd\u00eancia<\/a><\/p>\n<p>D\u00f3ria tamb\u00e9m disse que empresas j\u00e1 anunciaram investimentos em S\u00e3o Paulo antes da aprova\u00e7\u00e3o da <strong>reforma da Previd\u00eancia<\/strong>. Al\u00e9m disso, defendeu a <strong>privatiza\u00e7\u00e3o<\/strong> do <strong>Porto de Santos<\/strong>. De acordo com ele, o processo ser\u00e1 anunciado no segundo semestre pelo <strong>governo federal<\/strong>.<\/p>\n","protected":false},"excerpt":{"rendered":"<p>O governador de S\u00e3o Paulo, Jo\u00e3o D\u00f3ria, afirmou nesta quinta-feira (23) que espera confirmar o futuro da f\u00e1brica da Ford em S\u00e3o Bernado do Campo em 15 dias.\u00a0A declara\u00e7\u00e3o ocorreu em um evento que anunciou a cria\u00e7\u00e3o de 11 p\u00f3los de desenvolvimento econ\u00f4mico para a ind\u00fastria. Ford \u201cPodemos antecipar que os entendimentos seguem positivos. Muito [&hellip;]<\/p>\n","protected":false},"author":14,"featured_media":12917,"comment_status":"closed","ping_status":"closed","sticky":false,"template":"","format":"standard","meta":[],"categories":[60],"tags":[935,870,842,843],"suno_strategy":[],"class_list":["post-25781","post","type-post","status-publish","format-standard","has-post-thumbnail","hentry","category-mercado","tag-caoa-chery","tag-ford-fdmo34","tag-joao-doria","tag-sao-paulo"],"yoast_head":"<!-- This site is optimized with the Yoast SEO plugin v24.4 - https:\/\/yoast.com\/wordpress\/plugins\/seo\/ -->\n<title>Ford: D\u00f3ria quer confirmar defini\u00e7\u00e3o da f\u00e1brica no ABC em 15 dias<\/title>\n<meta name=\"description\" content=\"Em fevereiro de 2019, a Ford havia informado que iria paralisar as atividades da f\u00e1brica em S\u00e3o Bernado. Clique aqui para saber mais.\" \/>\n<meta name=\"robots\" content=\"index, follow, max-snippet:-1, max-image-preview:large, max-video-preview:-1\" \/>\n<link rel=\"canonical\" href=\"https:\/\/www.suno.com.br\/noticias\/ford-doria-confirmar-fabrica-abc\/\" \/>\n<meta property=\"og:locale\" content=\"pt_BR\" \/>\n<meta property=\"og:type\" content=\"article\" \/>\n<meta property=\"og:title\" content=\"Ford: D\u00f3ria quer confirmar defini\u00e7\u00e3o da f\u00e1brica no ABC em 15 dias\" \/>\n<meta property=\"og:description\" content=\"Em fevereiro de 2019, a Ford havia informado que iria paralisar as atividades da f\u00e1brica em S\u00e3o Bernado. Clique aqui para saber mais.\" \/>\n<meta property=\"og:url\" content=\"https:\/\/www.suno.com.br\/noticias\/ford-doria-confirmar-fabrica-abc\/\" \/>\n<meta property=\"og:site_name\" content=\"Suno Not\u00edcias\" \/>\n<meta property=\"article:publisher\" content=\"https:\/\/facebook.com\/sunoresearch\" \/>\n<meta property=\"og:image\" content=\"https:\/\/files.sunoresearch.com.br\/n\/uploads\/2019\/01\/34feaa01-ford-1024x683.jpg\" \/>\n\t<meta property=\"og:image:width\" content=\"1024\" \/>\n\t<meta property=\"og:image:height\" content=\"683\" \/>\n\t<meta property=\"og:image:type\" content=\"image\/jpeg\" \/>\n<meta name=\"author\" content=\"Renan Dantas\" \/>\n<meta name=\"twitter:card\" content=\"summary_large_image\" \/>\n<meta name=\"twitter:creator\" content=\"@sunoresearch\" \/>\n<meta name=\"twitter:site\" content=\"@sunoresearch\" \/>\n<meta name=\"twitter:label1\" content=\"Escrito por\" \/>\n\t<meta name=\"twitter:data1\" content=\"Renan Dantas\" \/>\n\t<meta name=\"twitter:label2\" content=\"Est. tempo de leitura\" \/>\n\t<meta name=\"twitter:data2\" content=\"2 minutos\" \/>\n<script type=\"application\/ld+json\" class=\"yoast-schema-graph\">{\"@context\":\"https:\/\/schema.org\",\"@graph\":[{\"@type\":\"NewsArticle\",\"@id\":\"https:\/\/www.suno.com.br\/noticias\/ford-doria-confirmar-fabrica-abc\/#article\",\"isPartOf\":{\"@id\":\"https:\/\/www.suno.com.br\/noticias\/ford-doria-confirmar-fabrica-abc\/\"},\"author\":{\"name\":\"Renan Dantas\",\"@id\":\"https:\/\/www.suno.com.br\/noticias\/#\/schema\/person\/3f7693d5795a3f6d5ce15309ee785699\"},\"headline\":\"Ford: D\u00f3ria quer confirmar defini\u00e7\u00e3o da f\u00e1brica no ABC em 15 dias\",\"datePublished\":\"2019-05-23T19:57:14+00:00\",\"dateModified\":\"2019-05-23T20:05:00+00:00\",\"mainEntityOfPage\":{\"@id\":\"https:\/\/www.suno.com.br\/noticias\/ford-doria-confirmar-fabrica-abc\/\"},\"wordCount\":402,\"publisher\":{\"@id\":\"https:\/\/www.suno.com.br\/noticias\/#organization\"},\"image\":{\"@id\":\"https:\/\/www.suno.com.br\/noticias\/ford-doria-confirmar-fabrica-abc\/#primaryimage\"},\"thumbnailUrl\":\"https:\/\/files.sunoresearch.com.br\/n\/uploads\/2019\/01\/34feaa01-ford-scaled.webp\",\"keywords\":[\"Caoa Chery\",\"Ford (FDMO34)\",\"Jo\u00e3o Doria\",\"S\u00e3o Paulo\"],\"articleSection\":[\"Mercado\"],\"inLanguage\":\"pt-BR\"},{\"@type\":\"WebPage\",\"@id\":\"https:\/\/www.suno.com.br\/noticias\/ford-doria-confirmar-fabrica-abc\/\",\"url\":\"https:\/\/www.suno.com.br\/noticias\/ford-doria-confirmar-fabrica-abc\/\",\"name\":\"Ford: D\u00f3ria quer confirmar defini\u00e7\u00e3o da f\u00e1brica no ABC em 15 dias\",\"isPartOf\":{\"@id\":\"https:\/\/www.suno.com.br\/noticias\/#website\"},\"primaryImageOfPage\":{\"@id\":\"https:\/\/www.suno.com.br\/noticias\/ford-doria-confirmar-fabrica-abc\/#primaryimage\"},\"image\":{\"@id\":\"https:\/\/www.suno.com.br\/noticias\/ford-doria-confirmar-fabrica-abc\/#primaryimage\"},\"thumbnailUrl\":\"https:\/\/files.sunoresearch.com.br\/n\/uploads\/2019\/01\/34feaa01-ford-scaled.webp\",\"datePublished\":\"2019-05-23T19:57:14+00:00\",\"dateModified\":\"2019-05-23T20:05:00+00:00\",\"description\":\"Em fevereiro de 2019, a Ford havia informado que iria paralisar as atividades da f\u00e1brica em S\u00e3o Bernado. Clique aqui para saber mais.\",\"breadcrumb\":{\"@id\":\"https:\/\/www.suno.com.br\/noticias\/ford-doria-confirmar-fabrica-abc\/#breadcrumb\"},\"inLanguage\":\"pt-BR\",\"potentialAction\":[{\"@type\":\"ReadAction\",\"target\":[\"https:\/\/www.suno.com.br\/noticias\/ford-doria-confirmar-fabrica-abc\/\"]}]},{\"@type\":\"ImageObject\",\"inLanguage\":\"pt-BR\",\"@id\":\"https:\/\/www.suno.com.br\/noticias\/ford-doria-confirmar-fabrica-abc\/#primaryimage\",\"url\":\"https:\/\/files.sunoresearch.com.br\/n\/uploads\/2019\/01\/34feaa01-ford-scaled.webp\",\"contentUrl\":\"https:\/\/files.sunoresearch.com.br\/n\/uploads\/2019\/01\/34feaa01-ford-scaled.webp\",\"width\":2560,\"height\":1707,\"caption\":\"Ford\"},{\"@type\":\"BreadcrumbList\",\"@id\":\"https:\/\/www.suno.com.br\/noticias\/ford-doria-confirmar-fabrica-abc\/#breadcrumb\",\"itemListElement\":[{\"@type\":\"ListItem\",\"position\":1,\"name\":\"Not\u00edcias\",\"item\":\"https:\/\/www.suno.com.br\/noticias\/\"},{\"@type\":\"ListItem\",\"position\":2,\"name\":\"Mercado\",\"item\":\"https:\/\/www.suno.com.br\/noticias\/mercado\/\"},{\"@type\":\"ListItem\",\"position\":3,\"name\":\"Ford: D\u00f3ria quer confirmar defini\u00e7\u00e3o da f\u00e1brica no ABC em 15 dias\"}]},{\"@type\":\"WebSite\",\"@id\":\"https:\/\/www.suno.com.br\/noticias\/#website\",\"url\":\"https:\/\/www.suno.com.br\/noticias\/\",\"name\":\"Suno Not\u00edcias\",\"description\":\"Seu portal de informa\u00e7\u00e3o sobre o mundo dos investimentos\",\"publisher\":{\"@id\":\"https:\/\/www.suno.com.br\/noticias\/#organization\"},\"potentialAction\":[{\"@type\":\"SearchAction\",\"target\":{\"@type\":\"EntryPoint\",\"urlTemplate\":\"https:\/\/www.suno.com.br\/noticias\/?s={search_term_string}\"},\"query-input\":{\"@type\":\"PropertyValueSpecification\",\"valueRequired\":true,\"valueName\":\"search_term_string\"}}],\"inLanguage\":\"pt-BR\"},{\"@type\":\"Organization\",\"@id\":\"https:\/\/www.suno.com.br\/noticias\/#organization\",\"name\":\"Suno Not\u00edcias\",\"url\":\"https:\/\/www.suno.com.br\/noticias\/\",\"logo\":{\"@type\":\"ImageObject\",\"inLanguage\":\"pt-BR\",\"@id\":\"https:\/\/www.suno.com.br\/noticias\/#\/schema\/logo\/image\/\",\"url\":\"https:\/\/files.sunoresearch.com.br\/n\/uploads\/2021\/09\/suno-logo.png\",\"contentUrl\":\"https:\/\/files.sunoresearch.com.br\/n\/uploads\/2021\/09\/suno-logo.png\",\"width\":180,\"height\":180,\"caption\":\"Suno Not\u00edcias\"},\"image\":{\"@id\":\"https:\/\/www.suno.com.br\/noticias\/#\/schema\/logo\/image\/\"},\"sameAs\":[\"https:\/\/facebook.com\/sunoresearch\",\"https:\/\/x.com\/sunoresearch\",\"https:\/\/www.instagram.com\/suno\",\"https:\/\/www.linkedin.com\/company\/suno-research\/\",\"https:\/\/www.youtube.com\/c\/sunoresearch\"]},{\"@type\":\"Person\",\"@id\":\"https:\/\/www.suno.com.br\/noticias\/#\/schema\/person\/3f7693d5795a3f6d5ce15309ee785699\",\"name\":\"Renan Dantas\",\"image\":{\"@type\":\"ImageObject\",\"inLanguage\":\"pt-BR\",\"@id\":\"https:\/\/www.suno.com.br\/noticias\/#\/schema\/person\/image\/\",\"url\":\"https:\/\/secure.gravatar.com\/avatar\/1787b83e7484a08e51d62ac8b41c8396?s=96&r=g\",\"contentUrl\":\"https:\/\/secure.gravatar.com\/avatar\/1787b83e7484a08e51d62ac8b41c8396?s=96&r=g\",\"caption\":\"Renan Dantas\"},\"description\":\"Escreve sobre pol\u00edtica e mercado financeiro para o portal Suno Not\u00edcias. Antes, atuou na assessoria de comunica\u00e7\u00e3o do Minist\u00e9rio P\u00fablico do Trabalho e na R\u00e1dio Mackenzie, onde apresentava e produzia um programa sobre artistas da m\u00fasica brasileira. \u00c9 estudante na Universidade Presbiteriana Mackenzie.\",\"url\":\"https:\/\/www.suno.com.br\/noticias\/author\/renan-dantas\/\"}]}<\/script>\n<!-- \/ Yoast SEO plugin. -->","yoast_head_json":{"title":"Ford: D\u00f3ria quer confirmar defini\u00e7\u00e3o da f\u00e1brica no ABC em 15 dias","description":"Em fevereiro de 2019, a Ford havia informado que iria paralisar as atividades da f\u00e1brica em S\u00e3o Bernado. Clique aqui para saber mais.","robots":{"index":"index","follow":"follow","max-snippet":"max-snippet:-1","max-image-preview":"max-image-preview:large","max-video-preview":"max-video-preview:-1"},"canonical":"https:\/\/www.suno.com.br\/noticias\/ford-doria-confirmar-fabrica-abc\/","og_locale":"pt_BR","og_type":"article","og_title":"Ford: D\u00f3ria quer confirmar defini\u00e7\u00e3o da f\u00e1brica no ABC em 15 dias","og_description":"Em fevereiro de 2019, a Ford havia informado que iria paralisar as atividades da f\u00e1brica em S\u00e3o Bernado. Clique aqui para saber mais.","og_url":"https:\/\/www.suno.com.br\/noticias\/ford-doria-confirmar-fabrica-abc\/","og_site_name":"Suno Not\u00edcias","article_publisher":"https:\/\/facebook.com\/sunoresearch","og_image":[{"width":1024,"height":683,"url":"https:\/\/files.sunoresearch.com.br\/n\/uploads\/2019\/01\/34feaa01-ford-1024x683.jpg","type":"image\/jpeg"}],"author":"Renan Dantas","twitter_card":"summary_large_image","twitter_creator":"@sunoresearch","twitter_site":"@sunoresearch","twitter_misc":{"Escrito por":"Renan Dantas","Est. tempo de leitura":"2 minutos"},"schema":{"@context":"https:\/\/schema.org","@graph":[{"@type":"NewsArticle","@id":"https:\/\/www.suno.com.br\/noticias\/ford-doria-confirmar-fabrica-abc\/#article","isPartOf":{"@id":"https:\/\/www.suno.com.br\/noticias\/ford-doria-confirmar-fabrica-abc\/"},"author":{"name":"Renan Dantas","@id":"https:\/\/www.suno.com.br\/noticias\/#\/schema\/person\/3f7693d5795a3f6d5ce15309ee785699"},"headline":"Ford: D\u00f3ria quer confirmar defini\u00e7\u00e3o da f\u00e1brica no ABC em 15 dias","datePublished":"2019-05-23T19:57:14+00:00","dateModified":"2019-05-23T20:05:00+00:00","mainEntityOfPage":{"@id":"https:\/\/www.suno.com.br\/noticias\/ford-doria-confirmar-fabrica-abc\/"},"wordCount":402,"publisher":{"@id":"https:\/\/www.suno.com.br\/noticias\/#organization"},"image":{"@id":"https:\/\/www.suno.com.br\/noticias\/ford-doria-confirmar-fabrica-abc\/#primaryimage"},"thumbnailUrl":"https:\/\/files.sunoresearch.com.br\/n\/uploads\/2019\/01\/34feaa01-ford-scaled.webp","keywords":["Caoa Chery","Ford (FDMO34)","Jo\u00e3o Doria","S\u00e3o Paulo"],"articleSection":["Mercado"],"inLanguage":"pt-BR"},{"@type":"WebPage","@id":"https:\/\/www.suno.com.br\/noticias\/ford-doria-confirmar-fabrica-abc\/","url":"https:\/\/www.suno.com.br\/noticias\/ford-doria-confirmar-fabrica-abc\/","name":"Ford: D\u00f3ria quer confirmar defini\u00e7\u00e3o da f\u00e1brica no ABC em 15 dias","isPartOf":{"@id":"https:\/\/www.suno.com.br\/noticias\/#website"},"primaryImageOfPage":{"@id":"https:\/\/www.suno.com.br\/noticias\/ford-doria-confirmar-fabrica-abc\/#primaryimage"},"image":{"@id":"https:\/\/www.suno.com.br\/noticias\/ford-doria-confirmar-fabrica-abc\/#primaryimage"},"thumbnailUrl":"https:\/\/files.sunoresearch.com.br\/n\/uploads\/2019\/01\/34feaa01-ford-scaled.webp","datePublished":"2019-05-23T19:57:14+00:00","dateModified":"2019-05-23T20:05:00+00:00","description":"Em fevereiro de 2019, a Ford havia informado que iria paralisar as atividades da f\u00e1brica em S\u00e3o Bernado. Clique aqui para saber mais.","breadcrumb":{"@id":"https:\/\/www.suno.com.br\/noticias\/ford-doria-confirmar-fabrica-abc\/#breadcrumb"},"inLanguage":"pt-BR","potentialAction":[{"@type":"ReadAction","target":["https:\/\/www.suno.com.br\/noticias\/ford-doria-confirmar-fabrica-abc\/"]}]},{"@type":"ImageObject","inLanguage":"pt-BR","@id":"https:\/\/www.suno.com.br\/noticias\/ford-doria-confirmar-fabrica-abc\/#primaryimage","url":"https:\/\/files.sunoresearch.com.br\/n\/uploads\/2019\/01\/34feaa01-ford-scaled.webp","contentUrl":"https:\/\/files.sunoresearch.com.br\/n\/uploads\/2019\/01\/34feaa01-ford-scaled.webp","width":2560,"height":1707,"caption":"Ford"},{"@type":"BreadcrumbList","@id":"https:\/\/www.suno.com.br\/noticias\/ford-doria-confirmar-fabrica-abc\/#breadcrumb","itemListElement":[{"@type":"ListItem","position":1,"name":"Not\u00edcias","item":"https:\/\/www.suno.com.br\/noticias\/"},{"@type":"ListItem","position":2,"name":"Mercado","item":"https:\/\/www.suno.com.br\/noticias\/mercado\/"},{"@type":"ListItem","position":3,"name":"Ford: D\u00f3ria quer confirmar defini\u00e7\u00e3o da f\u00e1brica no ABC em 15 dias"}]},{"@type":"WebSite","@id":"https:\/\/www.suno.com.br\/noticias\/#website","url":"https:\/\/www.suno.com.br\/noticias\/","name":"Suno Not\u00edcias","description":"Seu portal de informa\u00e7\u00e3o sobre o mundo dos investimentos","publisher":{"@id":"https:\/\/www.suno.com.br\/noticias\/#organization"},"potentialAction":[{"@type":"SearchAction","target":{"@type":"EntryPoint","urlTemplate":"https:\/\/www.suno.com.br\/noticias\/?s={search_term_string}"},"query-input":{"@type":"PropertyValueSpecification","valueRequired":true,"valueName":"search_term_string"}}],"inLanguage":"pt-BR"},{"@type":"Organization","@id":"https:\/\/www.suno.com.br\/noticias\/#organization","name":"Suno Not\u00edcias","url":"https:\/\/www.suno.com.br\/noticias\/","logo":{"@type":"ImageObject","inLanguage":"pt-BR","@id":"https:\/\/www.suno.com.br\/noticias\/#\/schema\/logo\/image\/","url":"https:\/\/files.sunoresearch.com.br\/n\/uploads\/2021\/09\/suno-logo.png","contentUrl":"https:\/\/files.sunoresearch.com.br\/n\/uploads\/2021\/09\/suno-logo.png","width":180,"height":180,"caption":"Suno Not\u00edcias"},"image":{"@id":"https:\/\/www.suno.com.br\/noticias\/#\/schema\/logo\/image\/"},"sameAs":["https:\/\/facebook.com\/sunoresearch","https:\/\/x.com\/sunoresearch","https:\/\/www.instagram.com\/suno","https:\/\/www.linkedin.com\/company\/suno-research\/","https:\/\/www.youtube.com\/c\/sunoresearch"]},{"@type":"Person","@id":"https:\/\/www.suno.com.br\/noticias\/#\/schema\/person\/3f7693d5795a3f6d5ce15309ee785699","name":"Renan Dantas","image":{"@type":"ImageObject","inLanguage":"pt-BR","@id":"https:\/\/www.suno.com.br\/noticias\/#\/schema\/person\/image\/","url":"https:\/\/secure.gravatar.com\/avatar\/1787b83e7484a08e51d62ac8b41c8396?s=96&r=g","contentUrl":"https:\/\/secure.gravatar.com\/avatar\/1787b83e7484a08e51d62ac8b41c8396?s=96&r=g","caption":"Renan Dantas"},"description":"Escreve sobre pol\u00edtica e mercado financeiro para o portal Suno Not\u00edcias. Antes, atuou na assessoria de comunica\u00e7\u00e3o do Minist\u00e9rio P\u00fablico do Trabalho e na R\u00e1dio Mackenzie, onde apresentava e produzia um programa sobre artistas da m\u00fasica brasileira. \u00c9 estudante na Universidade Presbiteriana Mackenzie.","url":"https:\/\/www.suno.com.br\/noticias\/author\/renan-dantas\/"}]}},"default_loop_html":"<div class=\"cardsPage__listCard__boxs\"><div class=\"cardsPage__listCard__boxs__img\"><a href=\"https:\/\/www.suno.com.br\/noticias\/ford-doria-confirmar-fabrica-abc\/\"><img class=\"mask\" src=\"https:\/\/www.suno.com.br\/noticias\/wp-content\/themes\/suno\/resources\/images\/spotlight\/spotlight1img\/bg-mask.png\" alt=\"Image Mask\"\/><img src=\"https:\/\/files.sunoresearch.com.br\/n\/uploads\/2019\/01\/34feaa01-ford-400x200.webp\" alt=\"Ford: D\u00f3ria quer confirmar defini\u00e7\u00e3o da f\u00e1brica no ABC em 15 dias\"\/><\/a><span class=\"spotlightCategory\"><a href=\"https:\/\/www.suno.com.br\/noticias\/mercado\/\">Mercado<\/a><\/span><\/div><div class=\"cardsPage__listCard__boxs__content\"><a href=\"https:\/\/www.suno.com.br\/noticias\/ford-doria-confirmar-fabrica-abc\/\"><h2 class=\"content__title\">Ford: D\u00f3ria quer confirmar defini\u00e7\u00e3o da f\u00e1brica no ABC em 15 dias<\/h2><\/a><div class=\"newsContent__article__meta\"><div class=\"newsContent__article__meta__authorBox\"><a href=\"https:\/\/www.suno.com.br\/noticias\/author\/renan-dantas\/\" class=\"authorBox__avatar noMobi\"><img src=\"https:\/\/secure.gravatar.com\/avatar\/1787b83e7484a08e51d62ac8b41c8396?s=96&#038;r=g\" alt=\"Renan Dantas\"><\/a><div class=\"authorBox__name\"><span>por\n\t\t\t<a href=\"https:\/\/www.suno.com.br\/noticias\/author\/renan-dantas\/\"><span itemprop=\"author\">Renan Dantas<\/span><\/a><\/span><time datetime=\"2019-05-23T16:57:14-03:00\" itemprop=\"datePublished\">23\/05\/2019 16:57<\/time><\/div><\/div><\/div><\/div><\/div>","single_layout":"posts","amp_enabled":true,"_links":{"self":[{"href":"https:\/\/www.suno.com.br\/noticias\/wp-json\/wp\/v2\/posts\/25781"}],"collection":[{"href":"https:\/\/www.suno.com.br\/noticias\/wp-json\/wp\/v2\/posts"}],"about":[{"href":"https:\/\/www.suno.com.br\/noticias\/wp-json\/wp\/v2\/types\/post"}],"author":[{"embeddable":true,"href":"https:\/\/www.suno.com.br\/noticias\/wp-json\/wp\/v2\/users\/14"}],"replies":[{"embeddable":true,"href":"https:\/\/www.suno.com.br\/noticias\/wp-json\/wp\/v2\/comments?post=25781"}],"version-history":[{"count":0,"href":"https:\/\/www.suno.com.br\/noticias\/wp-json\/wp\/v2\/posts\/25781\/revisions"}],"wp:featuredmedia":[{"embeddable":true,"href":"https:\/\/www.suno.com.br\/noticias\/wp-json\/wp\/v2\/media\/12917"}],"wp:attachment":[{"href":"https:\/\/www.suno.com.br\/noticias\/wp-json\/wp\/v2\/media?parent=25781"}],"wp:term":[{"taxonomy":"category","embeddable":true,"href":"https:\/\/www.suno.com.br\/noticias\/wp-json\/wp\/v2\/categories?post=25781"},{"taxonomy":"post_tag","embeddable":true,"href":"https:\/\/www.suno.com.br\/noticias\/wp-json\/wp\/v2\/tags?post=25781"},{"taxonomy":"suno_strategy","embeddable":true,"href":"https:\/\/www.suno.com.br\/noticias\/wp-json\/wp\/v2\/suno_strategy?post=25781"}],"curies":[{"name":"wp","href":"https:\/\/api.w.org\/{rel}","templated":true}]}}