{"id":257561,"date":"2022-05-10T08:39:22","date_gmt":"2022-05-10T11:39:22","guid":{"rendered":"https:\/\/www.suno.com.br\/noticias\/?p=257561"},"modified":"2022-05-10T14:17:13","modified_gmt":"2022-05-10T17:17:13","slug":"imposto-de-importacao-produtos-zerado-lista","status":"publish","type":"post","link":"https:\/\/www.suno.com.br\/noticias\/imposto-de-importacao-produtos-zerado-lista\/","title":{"rendered":"Imposto de Importa\u00e7\u00e3o de 11 produtos ser\u00e1 zerado pelo governo por causa da infla\u00e7\u00e3o alta"},"content":{"rendered":"<p>Vendo um cen\u00e1rio de infla\u00e7\u00e3o persistente, com 11,3% mensurados pelo <a href=\"https:\/\/www.suno.com.br\/guias\/ipca\/\">IPCA<\/a>, o Governo Federal prepara uma medida para zerar a <a href=\"https:\/\/www.suno.com.br\/artigos\/aliquota\/\">al\u00edquota<\/a> do <strong>imposto<\/strong> <a href=\"https:\/\/www.suno.com.br\/artigos\/imposto-a-recolher\/\">de importa\u00e7\u00e3o de 11 produtos, entre eles, o a\u00e7o<\/a>.<\/p>\t<div class=\"wrapper-featured-image\">\n\t\t<figure class=\"spotlightImg\">\n\n\t\t\t<picture>\n\t\t\t\t<source media=\"(max-width: 768px)\" srcset=\"https:\/\/files.sunoresearch.com.br\/n\/uploads\/2022\/03\/Paulo-Guedes-400x200.jpg\">\n\t\t\t\t<img loading=\"lazy\" decoding=\"async\" class=\"newsContent__article__imgCapa lazyloadDisabled \" src=\"https:\/\/files.sunoresearch.com.br\/n\/uploads\/2022\/03\/Paulo-Guedes-800x450.jpg\" width=\"800\" height=\"450\" alt=\"Imposto de Importa\u00e7\u00e3o de 11 produtos ser\u00e1 zerado pelo governo por causa da infla\u00e7\u00e3o alta\" fetchpriority=high \/>\n\t\t\t<\/picture>\n\n\t\t\t<figcaption class=\"wp-caption-text wp-caption-text--show\">Corte no imposto de importa\u00e7\u00e3o vem dias depois de o STF &#039;reverter&#039; a amplia\u00e7\u00e3o do corte do IPI, feito recentemente pelo Governo Federal - Foto: Wilson Dias\/Ag\u00eancia Brasil<\/figcaption>\n\t\t<\/figure>\n\t<\/div>\n\n\n\t<p>\n\t\t<a href=\"\" target=\"_blank\" data-element=\"shortcode-suno-banner\" title=\"Banner SUNO, clique e saiba mais\">\n\t\t\t<picture>\n\t\t\t\t<source media=\"(max-width: 500px)\" srcset=\"\">\n\t\t\t\t<img class=\"newsContent__article__imgCapa newsContent__article__imgCapa--banner\"\n\t\t\t\t\tsrc=\"\"\n\t\t\t\t\tdata-promo-id=\"240038\"\t\t\t\t\t\t\t\t\t\t\t\t\t\t\talt=\"\"\n\t\t\t\t>\n\t\t\t<\/picture>\n\t\t<\/a>\n\t<\/p>\n\n\n<p>O corte no <strong>imposto de importa\u00e7\u00e3o<\/strong> deve ser anunciado j\u00e1 nesta quinta-feira (12) e incluir produtos da cesta b\u00e1sica e da constru\u00e7\u00e3o civil, segundo apura\u00e7\u00e3o do Estad\u00e3o com fontes credenciadas que participaram da elabora\u00e7\u00e3o da proposta. A lista detalhada, contudo, n\u00e3o foi divulgada.<\/p>\n<p>Al\u00e9m disso, o governo planeja um corte de 10% na tarifa geral de importa\u00e7\u00e3o praticada pelo Brasil.<\/p>\n<p>Tamb\u00e9m na quinta-feira o governo pode anunciar uma nova redu\u00e7\u00e3o geral de 10% na Tarifa Externa Comum (TEC) do Mercosul, o que incidiria sobre quase todas as importa\u00e7\u00f5es brasileiras, deixando de fora poucos setores, como autom\u00f3veis e cana-de-a\u00e7\u00facar.<\/p>\n<p>A ideia \u00e9, \u00e0 revelia dos demais pa\u00edses que integram o grupo, fazer um novo corte nas al\u00edquotas cobradas para a compra de produtos de fora do bloco, a exemplo do que foi feito no fim do ano passado.<\/p>\n<p>Com as medidas, o governo quer dar um &#8220;choque de oferta&#8221; ao reduzir o custo de importa\u00e7\u00e3o de v\u00e1rios itens, o que contribuiria para for\u00e7ar os pre\u00e7os da ind\u00fastria nacional para baixo.<\/p>\n<p>Os 11 produtos que ser\u00e3o zerados pesam no bolso do brasileiro e t\u00eam ajudado a aumentar a infla\u00e7\u00e3o.<\/p>\n\t<p>\n\t\t<a href=\"https:\/\/lp.suno.com.br\/planilha-controle-gastos\/\" target=\"_blank\" data-element=\"shortcode-suno-banner\" title=\"Banner SUNO, clique e saiba mais\">\n\t\t\t<picture>\n\t\t\t\t<source media=\"(max-width: 500px)\" srcset=\"https:\/\/files.sunoresearch.com.br\/n\/uploads\/2023\/03\/400x300-Planilha-controle-de-gastos.png\">\n\t\t\t\t<img class=\"newsContent__article__imgCapa newsContent__article__imgCapa--banner\"\n\t\t\t\t\tsrc=\"https:\/\/files.sunoresearch.com.br\/n\/uploads\/2023\/03\/1420x240-Planilha-controle-de-gastos.png\"\n\t\t\t\t\tdata-promo-id=\"101751\"\t\t\t\t\t\t\t\t\t\twidth='1420' height='240'\t\t\t\t\talt=\"https:\/\/files.sunoresearch.com.br\/n\/uploads\/2023\/03\/1420x240-Planilha-controle-de-gastos.png\"\n\t\t\t\t>\n\t\t\t<\/picture>\n\t\t<\/a>\n\t<\/p>\n\n\n<p>A avalia\u00e7\u00e3o \u00e9 de que a redu\u00e7\u00e3o do tributo para importados poderia ser feita sem prejudicar a ind\u00fastria nacional, j\u00e1 que decreto do presidente Jair Bolsonaro ampliou a redu\u00e7\u00e3o do <a class=\"suno-keyword\" href=\"https:\/\/www.suno.com.br\/artigos\/ipi\/\" target=\"_blank\" rel=\"noopener\" data-force=\"no\" data-priority=\"2\">Imposto sobre Produtos Industrializados (IPI)<\/a> de 25% para 35%.<\/p>\n<p>Na semana passada, por\u00e9m, o ministro Alexandre de Moraes, do Supremo Tribunal Federal (STF), suspendeu a medida para os produtos industrializados no restante do Brasil que concorrem com os fabricados na <a class=\"suno-keyword\" href=\"https:\/\/www.suno.com.br\/artigos\/zona-franca\/\" target=\"_blank\" rel=\"noopener\" data-force=\"no\" data-priority=\"1\">Zona Franca<\/a> de Manaus.<\/p>\n<p>A redu\u00e7\u00e3o do imposto de importa\u00e7\u00e3o dos 11 itens tem de passar pela C\u00e2mara de Com\u00e9rcio Exterior (Camex), grupo que re\u00fane representantes de v\u00e1rios minist\u00e9rios, al\u00e9m da Presid\u00eancia.<\/p>\n<p>Em mar\u00e7o, o governo adotou medida semelhante ao zerar, at\u00e9 o fim do ano, os tributos de importa\u00e7\u00e3o de etanol, alguns alimentos e bens de inform\u00e1tica e de capital.<\/p>\n\t<p>\n\t\t<a href=\"https:\/\/lp.suno.com.br\/planilha-da-vida-financeira\/\" target=\"_blank\" data-element=\"shortcode-suno-banner\" title=\"Banner SUNO, clique e saiba mais\">\n\t\t\t<picture>\n\t\t\t\t<source media=\"(max-width: 500px)\" srcset=\"https:\/\/files.sunoresearch.com.br\/n\/uploads\/2023\/04\/400x300-Planilha-vida-financeira-true.png\">\n\t\t\t\t<img class=\"newsContent__article__imgCapa newsContent__article__imgCapa--banner\"\n\t\t\t\t\tsrc=\"https:\/\/files.sunoresearch.com.br\/n\/uploads\/2023\/04\/1420x240-Planilha-vida-financeira-true.png\"\n\t\t\t\t\tdata-promo-id=\"106682\"\t\t\t\t\t\t\t\t\t\twidth='1420' height='240'\t\t\t\t\talt=\"https:\/\/files.sunoresearch.com.br\/n\/uploads\/2023\/04\/1420x240-Planilha-vida-financeira-true.png\"\n\t\t\t\t>\n\t\t\t<\/picture>\n\t\t<\/a>\n\t<\/p>\n\n\n<h2>Medida segue &#8216;tend\u00eancia&#8217; de corte de imposto<\/h2>\n<p>A medida em estudo pelo Planalto segue a &#8216;tend\u00eancia&#8217; recente de redu\u00e7\u00e3o de <strong>tarifas<\/strong> como forma de conter os pre\u00e7os em eleva\u00e7\u00e3o.<\/p>\n<p>Recentemente, no fim de abril, o governo federal ampliou para 35% a redu\u00e7\u00e3o no<a href=\"https:\/\/www.suno.com.br\/artigos\/ipi\/\"><strong> Imposto de Produtos Industrializados<\/strong>, o <strong>IPI<\/strong><\/a>, para uma lista de artigos. O corte anterior que estava em voga era de 25%.<\/p>\n<p>Ainda antes da oficializa\u00e7\u00e3o da medida, o ministro da Economia, <strong><a class=\"suno-keyword\" href=\"https:\/\/www.suno.com.br\/tudo-sobre\/paulo-guedes\/\" target=\"_blank\" rel=\"noopener\" data-force=\"no\" data-priority=\"2\">Paulo Guedes<\/a><\/strong>, j\u00e1 havia anunciado que o governo iria reduzir o IPI para uma s\u00e9rie de itens.<\/p>\n<p><iframe loading=\"lazy\" title=\"YouTube video player\" src=\"https:\/\/www.youtube.com\/embed\/CuPRu2wdlXQ\" width=\"320\" height=\"489\" frameborder=\"0\" allowfullscreen=\"allowfullscreen\"><\/iframe><\/p>\n<p>Al\u00e9m disso, a maior parte dos produtos como os que tamb\u00e9m s\u00e3o produzidos na <strong>Zona Franca de Manaus<\/strong> continuaria com a redu\u00e7\u00e3o de 25%, o que foi revertido pelo <a href=\"https:\/\/portal.stf.jus.br\/\">Supremo Tribunal Federal (STF)<\/a> recentemente.<\/p>\n<p>O ministro Alexandre de Moraes, na \u00faltima sexta (6), suspendeu trechos dos decretos que reduzem as al\u00edquotas do IPI sobre mercadorias de todo o pa\u00eds que tamb\u00e9m sejam fabricadas nas ind\u00fastrias da Zona Franca de Manaus.<\/p>\n<p>\u201cConcedo a medida cautelar para suspender os efeitos do Decreto 11.052, de 28\/04\/2022 e dos Decretos 11.047, de 14\/04\/2022, e 11.055, de 28\/04\/2022, apenas no tocante \u00e0 redu\u00e7\u00e3o das al\u00edquotas em rela\u00e7\u00e3o aos produtos produzidos pelas ind\u00fastrias da Zona Franca de Manaus que possuem o Processo Produtivo B\u00e1sico\u201d, disse o ministro.<\/p>\n<p>Na decis\u00e3o, Alexandre de Moraes cita somente a Zona Franca em quest\u00e3o, deixando o restante do pa\u00eds &#8216;de fora&#8217;. Mas, de acordo com o STF, os decretos de Jair Bolsonaro tratam da redu\u00e7\u00e3o de <strong>imposto<\/strong> em todo o pa\u00eds.<\/p>\n<p class=\"newsProviderSignature\">Com Estad\u00e3o Conte\u00fado<\/p>\n\t<p>\n\t\t<a href=\"https:\/\/lp.suno.com.br\/ebook-como-analisar-uma-acao\/\" target=\"_blank\" data-element=\"shortcode-suno-banner\" title=\"Banner SUNO, clique e saiba mais\">\n\t\t\t<picture>\n\t\t\t\t<source media=\"(max-width: 500px)\" srcset=\"https:\/\/files.sunoresearch.com.br\/n\/uploads\/2023\/03\/Ebook-Acoes-Mobile-1.jpg\">\n\t\t\t\t<img class=\"newsContent__article__imgCapa newsContent__article__imgCapa--banner\"\n\t\t\t\t\tsrc=\"https:\/\/files.sunoresearch.com.br\/n\/uploads\/2023\/03\/Ebook-Acoes-Desktop-1.jpg\"\n\t\t\t\t\tdata-promo-id=\"171998\"\t\t\t\t\t\t\t\t\t\twidth='1420' height='286'\t\t\t\t\talt=\"https:\/\/files.sunoresearch.com.br\/n\/uploads\/2023\/03\/Ebook-Acoes-Desktop-1.jpg\"\n\t\t\t\t>\n\t\t\t<\/picture>\n\t\t<\/a>\n\t<\/p>\n\n\n","protected":false},"excerpt":{"rendered":"<p>Vendo um cen\u00e1rio de infla\u00e7\u00e3o persistente, com 11,3% mensurados pelo IPCA, o Governo Federal prepara uma medida para zerar a al\u00edquota do imposto de importa\u00e7\u00e3o de 11 produtos, entre eles, o a\u00e7o. Corte no imposto de importa\u00e7\u00e3o vem dias depois de o STF &#039;reverter&#039; a amplia\u00e7\u00e3o do corte do IPI, feito recentemente pelo Governo Federal [&hellip;]<\/p>\n","protected":false},"author":73,"featured_media":242605,"comment_status":"closed","ping_status":"closed","sticky":false,"template":"","format":"standard","meta":[],"categories":[64],"tags":[106444,1556,706,704],"suno_strategy":[],"class_list":["post-257561","post","type-post","status-publish","format-standard","has-post-thumbnail","hentry","category-negocios","tag-agencias","tag-governo-federal","tag-importacoes","tag-impostos"],"yoast_head":"<!-- This site is optimized with the Yoast SEO plugin v24.4 - https:\/\/yoast.com\/wordpress\/plugins\/seo\/ -->\n<title>Imposto de Importa\u00e7\u00e3o de 11 produtos ser\u00e1 zerado; veja lista<\/title>\n<meta name=\"description\" content=\"Corte no imposto de importa\u00e7\u00e3o vem dias depois de o STF &#039;reverter&#039; a amplia\u00e7\u00e3o do corte do IPI. Clique aqui e leia mais.\" \/>\n<meta name=\"robots\" content=\"index, follow, max-snippet:-1, max-image-preview:large, max-video-preview:-1\" \/>\n<link rel=\"canonical\" href=\"https:\/\/www.suno.com.br\/noticias\/imposto-de-importacao-produtos-zerado-lista\/\" \/>\n<meta property=\"og:locale\" content=\"pt_BR\" \/>\n<meta property=\"og:type\" content=\"article\" \/>\n<meta property=\"og:title\" content=\"Imposto de Importa\u00e7\u00e3o de 11 produtos ser\u00e1 zerado; veja lista\" \/>\n<meta property=\"og:description\" content=\"Corte no imposto de importa\u00e7\u00e3o vem dias depois de o STF &#039;reverter&#039; a amplia\u00e7\u00e3o do corte do IPI. Clique aqui e leia mais.\" \/>\n<meta property=\"og:url\" content=\"https:\/\/www.suno.com.br\/noticias\/imposto-de-importacao-produtos-zerado-lista\/\" \/>\n<meta property=\"og:site_name\" content=\"Suno Not\u00edcias\" \/>\n<meta property=\"article:publisher\" content=\"https:\/\/facebook.com\/sunoresearch\" \/>\n<meta property=\"og:image\" content=\"https:\/\/files.sunoresearch.com.br\/n\/uploads\/2022\/03\/Paulo-Guedes-scaled.jpg\" \/>\n\t<meta property=\"og:image:width\" content=\"2560\" \/>\n\t<meta property=\"og:image:height\" content=\"1707\" \/>\n\t<meta property=\"og:image:type\" content=\"image\/jpeg\" \/>\n<meta name=\"author\" content=\"Eduardo Vargas\" \/>\n<meta name=\"twitter:card\" content=\"summary_large_image\" \/>\n<meta name=\"twitter:creator\" content=\"@sunoresearch\" \/>\n<meta name=\"twitter:site\" content=\"@sunoresearch\" \/>\n<meta name=\"twitter:label1\" content=\"Escrito por\" \/>\n\t<meta name=\"twitter:data1\" content=\"Eduardo Vargas\" \/>\n\t<meta name=\"twitter:label2\" content=\"Est. tempo de leitura\" \/>\n\t<meta name=\"twitter:data2\" content=\"3 minutos\" \/>\n<script type=\"application\/ld+json\" class=\"yoast-schema-graph\">{\"@context\":\"https:\/\/schema.org\",\"@graph\":[{\"@type\":\"NewsArticle\",\"@id\":\"https:\/\/www.suno.com.br\/noticias\/imposto-de-importacao-produtos-zerado-lista\/#article\",\"isPartOf\":{\"@id\":\"https:\/\/www.suno.com.br\/noticias\/imposto-de-importacao-produtos-zerado-lista\/\"},\"author\":{\"name\":\"Eduardo Vargas\",\"@id\":\"https:\/\/www.suno.com.br\/noticias\/#\/schema\/person\/7f4d362bf3518e76090143ae77bb49a5\"},\"headline\":\"Imposto de Importa\u00e7\u00e3o de 11 produtos ser\u00e1 zerado pelo governo por causa da infla\u00e7\u00e3o alta\",\"datePublished\":\"2022-05-10T11:39:22+00:00\",\"dateModified\":\"2022-05-10T17:17:13+00:00\",\"mainEntityOfPage\":{\"@id\":\"https:\/\/www.suno.com.br\/noticias\/imposto-de-importacao-produtos-zerado-lista\/\"},\"wordCount\":683,\"publisher\":{\"@id\":\"https:\/\/www.suno.com.br\/noticias\/#organization\"},\"image\":{\"@id\":\"https:\/\/www.suno.com.br\/noticias\/imposto-de-importacao-produtos-zerado-lista\/#primaryimage\"},\"thumbnailUrl\":\"https:\/\/files.sunoresearch.com.br\/n\/uploads\/2022\/03\/Paulo-Guedes-scaled.jpg\",\"keywords\":[\"Ag\u00eancias\",\"governo federal\",\"importa\u00e7\u00f5es\",\"impostos\"],\"articleSection\":[\"Neg\u00f3cios\"],\"inLanguage\":\"pt-BR\"},{\"@type\":\"WebPage\",\"@id\":\"https:\/\/www.suno.com.br\/noticias\/imposto-de-importacao-produtos-zerado-lista\/\",\"url\":\"https:\/\/www.suno.com.br\/noticias\/imposto-de-importacao-produtos-zerado-lista\/\",\"name\":\"Imposto de Importa\u00e7\u00e3o de 11 produtos ser\u00e1 zerado; veja lista\",\"isPartOf\":{\"@id\":\"https:\/\/www.suno.com.br\/noticias\/#website\"},\"primaryImageOfPage\":{\"@id\":\"https:\/\/www.suno.com.br\/noticias\/imposto-de-importacao-produtos-zerado-lista\/#primaryimage\"},\"image\":{\"@id\":\"https:\/\/www.suno.com.br\/noticias\/imposto-de-importacao-produtos-zerado-lista\/#primaryimage\"},\"thumbnailUrl\":\"https:\/\/files.sunoresearch.com.br\/n\/uploads\/2022\/03\/Paulo-Guedes-scaled.jpg\",\"datePublished\":\"2022-05-10T11:39:22+00:00\",\"dateModified\":\"2022-05-10T17:17:13+00:00\",\"description\":\"Corte no imposto de importa\u00e7\u00e3o vem dias depois de o STF 'reverter' a amplia\u00e7\u00e3o do corte do IPI. Clique aqui e leia mais.\",\"breadcrumb\":{\"@id\":\"https:\/\/www.suno.com.br\/noticias\/imposto-de-importacao-produtos-zerado-lista\/#breadcrumb\"},\"inLanguage\":\"pt-BR\",\"potentialAction\":[{\"@type\":\"ReadAction\",\"target\":[\"https:\/\/www.suno.com.br\/noticias\/imposto-de-importacao-produtos-zerado-lista\/\"]}]},{\"@type\":\"ImageObject\",\"inLanguage\":\"pt-BR\",\"@id\":\"https:\/\/www.suno.com.br\/noticias\/imposto-de-importacao-produtos-zerado-lista\/#primaryimage\",\"url\":\"https:\/\/files.sunoresearch.com.br\/n\/uploads\/2022\/03\/Paulo-Guedes-scaled.jpg\",\"contentUrl\":\"https:\/\/files.sunoresearch.com.br\/n\/uploads\/2022\/03\/Paulo-Guedes-scaled.jpg\",\"width\":2560,\"height\":1707,\"caption\":\"Corte no imposto de importa\u00e7\u00e3o vem dias depois de o STF 'reverter' a amplia\u00e7\u00e3o do corte do IPI, feito recentemente pelo Governo Federal - Foto: Wilson Dias\/Ag\u00eancia Brasil\"},{\"@type\":\"BreadcrumbList\",\"@id\":\"https:\/\/www.suno.com.br\/noticias\/imposto-de-importacao-produtos-zerado-lista\/#breadcrumb\",\"itemListElement\":[{\"@type\":\"ListItem\",\"position\":1,\"name\":\"Not\u00edcias\",\"item\":\"https:\/\/www.suno.com.br\/noticias\/\"},{\"@type\":\"ListItem\",\"position\":2,\"name\":\"Neg\u00f3cios\",\"item\":\"https:\/\/www.suno.com.br\/noticias\/negocios\/\"},{\"@type\":\"ListItem\",\"position\":3,\"name\":\"Imposto de Importa\u00e7\u00e3o de 11 produtos ser\u00e1 zerado pelo governo por causa da infla\u00e7\u00e3o alta\"}]},{\"@type\":\"WebSite\",\"@id\":\"https:\/\/www.suno.com.br\/noticias\/#website\",\"url\":\"https:\/\/www.suno.com.br\/noticias\/\",\"name\":\"Suno Not\u00edcias\",\"description\":\"Seu portal de informa\u00e7\u00e3o sobre o mundo dos investimentos\",\"publisher\":{\"@id\":\"https:\/\/www.suno.com.br\/noticias\/#organization\"},\"potentialAction\":[{\"@type\":\"SearchAction\",\"target\":{\"@type\":\"EntryPoint\",\"urlTemplate\":\"https:\/\/www.suno.com.br\/noticias\/?s={search_term_string}\"},\"query-input\":{\"@type\":\"PropertyValueSpecification\",\"valueRequired\":true,\"valueName\":\"search_term_string\"}}],\"inLanguage\":\"pt-BR\"},{\"@type\":\"Organization\",\"@id\":\"https:\/\/www.suno.com.br\/noticias\/#organization\",\"name\":\"Suno Not\u00edcias\",\"url\":\"https:\/\/www.suno.com.br\/noticias\/\",\"logo\":{\"@type\":\"ImageObject\",\"inLanguage\":\"pt-BR\",\"@id\":\"https:\/\/www.suno.com.br\/noticias\/#\/schema\/logo\/image\/\",\"url\":\"https:\/\/files.sunoresearch.com.br\/n\/uploads\/2021\/09\/suno-logo.png\",\"contentUrl\":\"https:\/\/files.sunoresearch.com.br\/n\/uploads\/2021\/09\/suno-logo.png\",\"width\":180,\"height\":180,\"caption\":\"Suno Not\u00edcias\"},\"image\":{\"@id\":\"https:\/\/www.suno.com.br\/noticias\/#\/schema\/logo\/image\/\"},\"sameAs\":[\"https:\/\/facebook.com\/sunoresearch\",\"https:\/\/x.com\/sunoresearch\",\"https:\/\/www.instagram.com\/suno\",\"https:\/\/www.linkedin.com\/company\/suno-research\/\",\"https:\/\/www.youtube.com\/c\/sunoresearch\"]},{\"@type\":\"Person\",\"@id\":\"https:\/\/www.suno.com.br\/noticias\/#\/schema\/person\/7f4d362bf3518e76090143ae77bb49a5\",\"name\":\"Eduardo Vargas\",\"image\":{\"@type\":\"ImageObject\",\"inLanguage\":\"pt-BR\",\"@id\":\"https:\/\/www.suno.com.br\/noticias\/#\/schema\/person\/image\/\",\"url\":\"https:\/\/secure.gravatar.com\/avatar\/dac340933427a22924c9f99d1eb2e3f2?s=96&r=g\",\"contentUrl\":\"https:\/\/secure.gravatar.com\/avatar\/dac340933427a22924c9f99d1eb2e3f2?s=96&r=g\",\"caption\":\"Eduardo Vargas\"},\"description\":\"Jornalista formado pela UFSC, cobre macroeconomia, neg\u00f3cios e startups para o Suno Not\u00edcias, escrevendo principalmente not\u00edcias sobre o mercado financeiro e a bolsa de valores. No YouTube e no Instagram, \u00e9 respons\u00e1vel pela produ\u00e7\u00e3o de Reels e Shorts do Suno Not\u00edcias. Anteriormente, trabalhou cobrindo economia e cotidiano no ND+ e para o ND, maior jornal impresso de Santa Catarina. Cursou um semestre letivo de Estudos de M\u00eddia na Universidad de Buenos Aires.\",\"url\":\"https:\/\/www.suno.com.br\/noticias\/author\/eduardo-vargas\/\"}]}<\/script>\n<!-- \/ Yoast SEO plugin. -->","yoast_head_json":{"title":"Imposto de Importa\u00e7\u00e3o de 11 produtos ser\u00e1 zerado; veja lista","description":"Corte no imposto de importa\u00e7\u00e3o vem dias depois de o STF 'reverter' a amplia\u00e7\u00e3o do corte do IPI. Clique aqui e leia mais.","robots":{"index":"index","follow":"follow","max-snippet":"max-snippet:-1","max-image-preview":"max-image-preview:large","max-video-preview":"max-video-preview:-1"},"canonical":"https:\/\/www.suno.com.br\/noticias\/imposto-de-importacao-produtos-zerado-lista\/","og_locale":"pt_BR","og_type":"article","og_title":"Imposto de Importa\u00e7\u00e3o de 11 produtos ser\u00e1 zerado; veja lista","og_description":"Corte no imposto de importa\u00e7\u00e3o vem dias depois de o STF 'reverter' a amplia\u00e7\u00e3o do corte do IPI. Clique aqui e leia mais.","og_url":"https:\/\/www.suno.com.br\/noticias\/imposto-de-importacao-produtos-zerado-lista\/","og_site_name":"Suno Not\u00edcias","article_publisher":"https:\/\/facebook.com\/sunoresearch","og_image":[{"width":2560,"height":1707,"url":"https:\/\/files.sunoresearch.com.br\/n\/uploads\/2022\/03\/Paulo-Guedes-scaled.jpg","type":"image\/jpeg"}],"author":"Eduardo Vargas","twitter_card":"summary_large_image","twitter_creator":"@sunoresearch","twitter_site":"@sunoresearch","twitter_misc":{"Escrito por":"Eduardo Vargas","Est. tempo de leitura":"3 minutos"},"schema":{"@context":"https:\/\/schema.org","@graph":[{"@type":"NewsArticle","@id":"https:\/\/www.suno.com.br\/noticias\/imposto-de-importacao-produtos-zerado-lista\/#article","isPartOf":{"@id":"https:\/\/www.suno.com.br\/noticias\/imposto-de-importacao-produtos-zerado-lista\/"},"author":{"name":"Eduardo Vargas","@id":"https:\/\/www.suno.com.br\/noticias\/#\/schema\/person\/7f4d362bf3518e76090143ae77bb49a5"},"headline":"Imposto de Importa\u00e7\u00e3o de 11 produtos ser\u00e1 zerado pelo governo por causa da infla\u00e7\u00e3o alta","datePublished":"2022-05-10T11:39:22+00:00","dateModified":"2022-05-10T17:17:13+00:00","mainEntityOfPage":{"@id":"https:\/\/www.suno.com.br\/noticias\/imposto-de-importacao-produtos-zerado-lista\/"},"wordCount":683,"publisher":{"@id":"https:\/\/www.suno.com.br\/noticias\/#organization"},"image":{"@id":"https:\/\/www.suno.com.br\/noticias\/imposto-de-importacao-produtos-zerado-lista\/#primaryimage"},"thumbnailUrl":"https:\/\/files.sunoresearch.com.br\/n\/uploads\/2022\/03\/Paulo-Guedes-scaled.jpg","keywords":["Ag\u00eancias","governo federal","importa\u00e7\u00f5es","impostos"],"articleSection":["Neg\u00f3cios"],"inLanguage":"pt-BR"},{"@type":"WebPage","@id":"https:\/\/www.suno.com.br\/noticias\/imposto-de-importacao-produtos-zerado-lista\/","url":"https:\/\/www.suno.com.br\/noticias\/imposto-de-importacao-produtos-zerado-lista\/","name":"Imposto de Importa\u00e7\u00e3o de 11 produtos ser\u00e1 zerado; veja lista","isPartOf":{"@id":"https:\/\/www.suno.com.br\/noticias\/#website"},"primaryImageOfPage":{"@id":"https:\/\/www.suno.com.br\/noticias\/imposto-de-importacao-produtos-zerado-lista\/#primaryimage"},"image":{"@id":"https:\/\/www.suno.com.br\/noticias\/imposto-de-importacao-produtos-zerado-lista\/#primaryimage"},"thumbnailUrl":"https:\/\/files.sunoresearch.com.br\/n\/uploads\/2022\/03\/Paulo-Guedes-scaled.jpg","datePublished":"2022-05-10T11:39:22+00:00","dateModified":"2022-05-10T17:17:13+00:00","description":"Corte no imposto de importa\u00e7\u00e3o vem dias depois de o STF 'reverter' a amplia\u00e7\u00e3o do corte do IPI. Clique aqui e leia mais.","breadcrumb":{"@id":"https:\/\/www.suno.com.br\/noticias\/imposto-de-importacao-produtos-zerado-lista\/#breadcrumb"},"inLanguage":"pt-BR","potentialAction":[{"@type":"ReadAction","target":["https:\/\/www.suno.com.br\/noticias\/imposto-de-importacao-produtos-zerado-lista\/"]}]},{"@type":"ImageObject","inLanguage":"pt-BR","@id":"https:\/\/www.suno.com.br\/noticias\/imposto-de-importacao-produtos-zerado-lista\/#primaryimage","url":"https:\/\/files.sunoresearch.com.br\/n\/uploads\/2022\/03\/Paulo-Guedes-scaled.jpg","contentUrl":"https:\/\/files.sunoresearch.com.br\/n\/uploads\/2022\/03\/Paulo-Guedes-scaled.jpg","width":2560,"height":1707,"caption":"Corte no imposto de importa\u00e7\u00e3o vem dias depois de o STF 'reverter' a amplia\u00e7\u00e3o do corte do IPI, feito recentemente pelo Governo Federal - Foto: Wilson Dias\/Ag\u00eancia Brasil"},{"@type":"BreadcrumbList","@id":"https:\/\/www.suno.com.br\/noticias\/imposto-de-importacao-produtos-zerado-lista\/#breadcrumb","itemListElement":[{"@type":"ListItem","position":1,"name":"Not\u00edcias","item":"https:\/\/www.suno.com.br\/noticias\/"},{"@type":"ListItem","position":2,"name":"Neg\u00f3cios","item":"https:\/\/www.suno.com.br\/noticias\/negocios\/"},{"@type":"ListItem","position":3,"name":"Imposto de Importa\u00e7\u00e3o de 11 produtos ser\u00e1 zerado pelo governo por causa da infla\u00e7\u00e3o alta"}]},{"@type":"WebSite","@id":"https:\/\/www.suno.com.br\/noticias\/#website","url":"https:\/\/www.suno.com.br\/noticias\/","name":"Suno Not\u00edcias","description":"Seu portal de informa\u00e7\u00e3o sobre o mundo dos investimentos","publisher":{"@id":"https:\/\/www.suno.com.br\/noticias\/#organization"},"potentialAction":[{"@type":"SearchAction","target":{"@type":"EntryPoint","urlTemplate":"https:\/\/www.suno.com.br\/noticias\/?s={search_term_string}"},"query-input":{"@type":"PropertyValueSpecification","valueRequired":true,"valueName":"search_term_string"}}],"inLanguage":"pt-BR"},{"@type":"Organization","@id":"https:\/\/www.suno.com.br\/noticias\/#organization","name":"Suno Not\u00edcias","url":"https:\/\/www.suno.com.br\/noticias\/","logo":{"@type":"ImageObject","inLanguage":"pt-BR","@id":"https:\/\/www.suno.com.br\/noticias\/#\/schema\/logo\/image\/","url":"https:\/\/files.sunoresearch.com.br\/n\/uploads\/2021\/09\/suno-logo.png","contentUrl":"https:\/\/files.sunoresearch.com.br\/n\/uploads\/2021\/09\/suno-logo.png","width":180,"height":180,"caption":"Suno Not\u00edcias"},"image":{"@id":"https:\/\/www.suno.com.br\/noticias\/#\/schema\/logo\/image\/"},"sameAs":["https:\/\/facebook.com\/sunoresearch","https:\/\/x.com\/sunoresearch","https:\/\/www.instagram.com\/suno","https:\/\/www.linkedin.com\/company\/suno-research\/","https:\/\/www.youtube.com\/c\/sunoresearch"]},{"@type":"Person","@id":"https:\/\/www.suno.com.br\/noticias\/#\/schema\/person\/7f4d362bf3518e76090143ae77bb49a5","name":"Eduardo Vargas","image":{"@type":"ImageObject","inLanguage":"pt-BR","@id":"https:\/\/www.suno.com.br\/noticias\/#\/schema\/person\/image\/","url":"https:\/\/secure.gravatar.com\/avatar\/dac340933427a22924c9f99d1eb2e3f2?s=96&r=g","contentUrl":"https:\/\/secure.gravatar.com\/avatar\/dac340933427a22924c9f99d1eb2e3f2?s=96&r=g","caption":"Eduardo Vargas"},"description":"Jornalista formado pela UFSC, cobre macroeconomia, neg\u00f3cios e startups para o Suno Not\u00edcias, escrevendo principalmente not\u00edcias sobre o mercado financeiro e a bolsa de valores. No YouTube e no Instagram, \u00e9 respons\u00e1vel pela produ\u00e7\u00e3o de Reels e Shorts do Suno Not\u00edcias. Anteriormente, trabalhou cobrindo economia e cotidiano no ND+ e para o ND, maior jornal impresso de Santa Catarina. Cursou um semestre letivo de Estudos de M\u00eddia na Universidad de Buenos Aires.","url":"https:\/\/www.suno.com.br\/noticias\/author\/eduardo-vargas\/"}]}},"default_loop_html":"<div class=\"cardsPage__listCard__boxs\"><div class=\"cardsPage__listCard__boxs__img\"><a href=\"https:\/\/www.suno.com.br\/noticias\/imposto-de-importacao-produtos-zerado-lista\/\"><img class=\"mask\" src=\"https:\/\/www.suno.com.br\/noticias\/wp-content\/themes\/suno\/resources\/images\/spotlight\/spotlight1img\/bg-mask.png\" alt=\"Image Mask\"\/><img src=\"https:\/\/files.sunoresearch.com.br\/n\/uploads\/2022\/03\/Paulo-Guedes-400x200.jpg\" alt=\"Imposto de Importa\u00e7\u00e3o de 11 produtos ser\u00e1 zerado pelo governo por causa da infla\u00e7\u00e3o alta\"\/><\/a><span class=\"spotlightCategory\"><a href=\"https:\/\/www.suno.com.br\/noticias\/negocios\/\">Neg\u00f3cios<\/a><\/span><\/div><div class=\"cardsPage__listCard__boxs__content\"><a href=\"https:\/\/www.suno.com.br\/noticias\/imposto-de-importacao-produtos-zerado-lista\/\"><h2 class=\"content__title\">Imposto de Importa\u00e7\u00e3o de 11 produtos ser\u00e1 zerado pelo governo por causa da infla\u00e7\u00e3o alta<\/h2><\/a><div class=\"newsContent__article__meta\"><div class=\"newsContent__article__meta__authorBox\"><a href=\"https:\/\/www.suno.com.br\/noticias\/author\/eduardo-vargas\/\" class=\"authorBox__avatar noMobi\"><img src=\"https:\/\/secure.gravatar.com\/avatar\/dac340933427a22924c9f99d1eb2e3f2?s=96&#038;r=g\" alt=\"Eduardo Vargas\"><\/a><div class=\"authorBox__name\"><span>por\n\t\t\t<a href=\"https:\/\/www.suno.com.br\/noticias\/author\/eduardo-vargas\/\"><span itemprop=\"author\">Eduardo Vargas<\/span><\/a><\/span><time datetime=\"2022-05-10T08:39:22-03:00\" itemprop=\"datePublished\">10\/05\/2022 08:39<\/time><\/div><\/div><\/div><\/div><\/div>","single_layout":"posts","amp_enabled":true,"_links":{"self":[{"href":"https:\/\/www.suno.com.br\/noticias\/wp-json\/wp\/v2\/posts\/257561"}],"collection":[{"href":"https:\/\/www.suno.com.br\/noticias\/wp-json\/wp\/v2\/posts"}],"about":[{"href":"https:\/\/www.suno.com.br\/noticias\/wp-json\/wp\/v2\/types\/post"}],"author":[{"embeddable":true,"href":"https:\/\/www.suno.com.br\/noticias\/wp-json\/wp\/v2\/users\/73"}],"replies":[{"embeddable":true,"href":"https:\/\/www.suno.com.br\/noticias\/wp-json\/wp\/v2\/comments?post=257561"}],"version-history":[{"count":4,"href":"https:\/\/www.suno.com.br\/noticias\/wp-json\/wp\/v2\/posts\/257561\/revisions"}],"predecessor-version":[{"id":257724,"href":"https:\/\/www.suno.com.br\/noticias\/wp-json\/wp\/v2\/posts\/257561\/revisions\/257724"}],"wp:featuredmedia":[{"embeddable":true,"href":"https:\/\/www.suno.com.br\/noticias\/wp-json\/wp\/v2\/media\/242605"}],"wp:attachment":[{"href":"https:\/\/www.suno.com.br\/noticias\/wp-json\/wp\/v2\/media?parent=257561"}],"wp:term":[{"taxonomy":"category","embeddable":true,"href":"https:\/\/www.suno.com.br\/noticias\/wp-json\/wp\/v2\/categories?post=257561"},{"taxonomy":"post_tag","embeddable":true,"href":"https:\/\/www.suno.com.br\/noticias\/wp-json\/wp\/v2\/tags?post=257561"},{"taxonomy":"suno_strategy","embeddable":true,"href":"https:\/\/www.suno.com.br\/noticias\/wp-json\/wp\/v2\/suno_strategy?post=257561"}],"curies":[{"name":"wp","href":"https:\/\/api.w.org\/{rel}","templated":true}]}}