{"id":25752,"date":"2019-05-23T16:32:13","date_gmt":"2019-05-23T19:32:13","guid":{"rendered":"https:\/\/www.suno.com.br\/noticias\/?p=25752"},"modified":"2019-05-23T16:32:13","modified_gmt":"2019-05-23T19:32:13","slug":"pib-fgv-2019-corte","status":"publish","type":"post","link":"https:\/\/www.suno.com.br\/noticias\/pib-fgv-2019-corte\/","title":{"rendered":"PIB: FGV\/Ibre corta proje\u00e7\u00e3o de crescimento de 1,8% para 1,4% em 2019"},"content":{"rendered":"<p>A proje\u00e7\u00e3o para o <strong>crescimento<\/strong> do <a href=\"https:\/\/www.suno.com.br\/artigos\/pib-produto-interno-bruto\/\">Produto Interno Bruto<\/a> (PIB) brasileiro em 2019 foi revisada pelo\u00a0Instituto Brasileiro de Economia (Ibre) da <strong>Funda\u00e7\u00e3o Get\u00falio Vargs<\/strong> (FGV). A nova estimativa caiu de 1,8% para <strong>1,4%<\/strong>. Para 2020, a previs\u00e3o continuou em 2%.<\/p>\t<div class=\"wrapper-featured-image\">\n\t\t<figure class=\"spotlightImg\">\n\n\t\t\t<picture>\n\t\t\t\t<source media=\"(max-width: 768px)\" srcset=\"https:\/\/files.sunoresearch.com.br\/n\/uploads\/2018\/11\/d1162639-pib-400x200.webp\">\n\t\t\t\t<img loading=\"lazy\" decoding=\"async\" class=\"newsContent__article__imgCapa lazyloadDisabled newsContent__article__imgCapa--noCaption\" src=\"https:\/\/files.sunoresearch.com.br\/n\/uploads\/2018\/11\/d1162639-pib-800x450.webp\" width=\"800\" height=\"450\" alt=\"PIB: FGV\/Ibre corta proje\u00e7\u00e3o de crescimento de 1,8% para 1,4% em 2019\" fetchpriority=high \/>\n\t\t\t<\/picture>\n\n\t\t\t<figcaption class=\"wp-caption-text wp-caption-text--hide\">FGV reduz proje\u00e7\u00e3o de PIB para 1,4%. (divulga\u00e7\u00e3o)<\/figcaption>\n\t\t<\/figure>\n\t<\/div>\n\n\n<p>A divulga\u00e7\u00e3o da nova previs\u00e3o do <strong>PIB<\/strong> ocorreu nesta quinta-feira (23), na sede FGV em S\u00e3o Paulo. O semin\u00e1rio &#8220;FGV Ibre &#8211; Estad\u00e3o: Perspectivas 2019&#8221; contou com a presen\u00e7a da coordenadora t\u00e9cnica do <strong>Boletim Macro Ibre<\/strong>, Silvia Matos.<\/p>\n\t<p>\n\t\t<a href=\"https:\/\/lp.suno.com.br\/planilha-da-vida-financeira\/\" target=\"_blank\" data-element=\"shortcode-suno-banner\" title=\"Banner SUNO, clique e saiba mais\">\n\t\t\t<picture>\n\t\t\t\t<source media=\"(max-width: 500px)\" srcset=\"https:\/\/files.sunoresearch.com.br\/n\/uploads\/2023\/04\/400x300-Planilha-vida-financeira-true.png\">\n\t\t\t\t<img class=\"newsContent__article__imgCapa newsContent__article__imgCapa--banner\"\n\t\t\t\t\tsrc=\"https:\/\/files.sunoresearch.com.br\/n\/uploads\/2023\/04\/1420x240-Planilha-vida-financeira-true.png\"\n\t\t\t\t\tdata-promo-id=\"106682\"\t\t\t\t\t\t\t\t\t\twidth='1420' height='240'\t\t\t\t\talt=\"https:\/\/files.sunoresearch.com.br\/n\/uploads\/2023\/04\/1420x240-Planilha-vida-financeira-true.png\"\n\t\t\t\t>\n\t\t\t<\/picture>\n\t\t<\/a>\n\t<\/p>\n\n\n<p>A coordenadora apontou as principais criticidades no cen\u00e1rio externo que a economia brasileira deve enfrentar no segundo trimestre de deste ano:<\/p>\n<ul>\n<li><strong>Desacelera\u00e7\u00e3o econ\u00f4mica:<\/strong> economia mundial perde ritmo, em grande parte devido \u00e0 guerra comercial.<\/li>\n<li><strong>Volatilidade:<\/strong> diante de tantas incertezas econ\u00f4micas, os mercados tendem a ser mais vol\u00e1teis.<\/li>\n<li><strong>Juros internacionais mais baixos:<\/strong> mas n\u00e3o por um bom motivo. Mudan\u00e7as no apetite por risco podem ser um desafio para o Brasil.<\/li>\n<li><strong>Valoriza\u00e7\u00e3o do d\u00f3lar:<\/strong> o real tem sido mais impactado pelo crescimento norte-americano, por conta da adi\u00e7\u00e3o de fatores dom\u00e9sticos.<\/li>\n<\/ul>\n<p>Quanto ao cen\u00e1rio dom\u00e9stico, Matos apontou:<\/p>\n<ul>\n<li><strong>PIB:<\/strong> atividade econ\u00f4mica fraca no trimestre de 2019 <a href=\"https:\/\/www.suno.com.br\/noticias\/ibc-br-previa-pib-retracao-1-trimestre\/\">(IBC-BR do Banco Central ficou em (-0,68%)<\/a>.<\/li>\n<li><strong>Confian\u00e7a do investidor:<\/strong> ap\u00f3s o &#8220;ciclo de otimismo&#8221; quanto ao desempenho futuro da economia, o quadro atual mostra perda generalizada da confian\u00e7a.<\/li>\n<li><strong>Insolv\u00eancia fiscal:<\/strong> h\u00e1 um alto risco do Brasil n\u00e3o conseguir arcar com suas d\u00edvidas, segundo a coordenadora.<\/li>\n<li><strong>Inefici\u00eancias <a href=\"https:\/\/www.suno.com.br\/artigos\/microeconomia\/\">microecon\u00f4micas<\/a>.<\/strong><\/li>\n<\/ul>\n\t<p>\n\t\t<a href=\"https:\/\/lp.suno.com.br\/ebook-guia-ir\/\" target=\"_blank\" data-element=\"shortcode-suno-banner\" title=\"Banner SUNO, clique e saiba mais\">\n\t\t\t<picture>\n\t\t\t\t<source media=\"(max-width: 500px)\" srcset=\"https:\/\/files.sunoresearch.com.br\/n\/uploads\/2023\/03\/400x300-Ebook-IR.png\">\n\t\t\t\t<img class=\"newsContent__article__imgCapa newsContent__article__imgCapa--banner\"\n\t\t\t\t\tsrc=\"https:\/\/files.sunoresearch.com.br\/n\/uploads\/2023\/03\/1420x240-Ebook-IR.png\"\n\t\t\t\t\tdata-promo-id=\"383124\"\t\t\t\t\t\t\t\t\t\twidth='1420' height='240'\t\t\t\t\talt=\"https:\/\/files.sunoresearch.com.br\/n\/uploads\/2023\/03\/1420x240-Ebook-IR.png\"\n\t\t\t\t>\n\t\t\t<\/picture>\n\t\t<\/a>\n\t<\/p>\n\n\n<h2>Infla\u00e7\u00e3o<\/h2>\n<p>De acordo com as proje\u00e7\u00f5es do Ibre, a <a href=\"https:\/\/www.suno.com.br\/artigos\/tag\/inflacao\/\">infla\u00e7\u00e3o<\/a> acelerou no primeiro trimestre de 2019, e deve encerrar a 4,1% no fim de 2019.<\/p>\n<p>No Brasil, a <strong>infla\u00e7\u00e3o<\/strong> oficial \u00e9 calculada atrav\u00e9s do <a href=\"https:\/\/www.suno.com.br\/artigos\/ipca\/\">\u00cdndice de Pre\u00e7os ao Consumidor Amplo<\/a> (<strong>IPCA<\/strong>), indicador elaborado pelo <strong>Instituto Brasileiro de Geografia e Estat\u00edstica<\/strong> (<strong>IBGE<\/strong>).<\/p>\n<p>A<strong> <a href=\"https:\/\/www.suno.com.br\/artigos\/meta-de-inflacao\/\">meta de infla\u00e7\u00e3o<\/a><\/strong> \u00e9 determinada pelo <a href=\"https:\/\/www.suno.com.br\/artigos\/cmn-conselho-monetario-nacional\/\">Conselho Monet\u00e1rio Nacional<\/a> (<strong>CMN<\/strong>). Para <strong>2019<\/strong>, a meta \u00e9 de<strong> 4,25%<\/strong>, com intervalo de toler\u00e2ncia de 1,5% (entre 2,75% e 5,75%).<\/p>\n<p>Desta forma, a meta de infla\u00e7\u00e3o do <strong>Ibre<\/strong> est\u00e1 de acordo com o intervalo de toler\u00e2ncia. Entretanto, Matos destacou que houve um &#8220;<strong>choque dos alimentos<\/strong>&#8220;, que elevou os pre\u00e7os do setor.<\/p>\n<p><a href=\"https:\/\/www.suno.com.br\/noticias\/inflacao-ipca-alta-abril\/\">Saiba mais &#8211; Infla\u00e7\u00e3o: IPCA chega a 0,57% em abril; No ano a alta \u00e9 de 2,09%<\/a><\/p>\n<h2>Reforma da Previd\u00eancia<\/h2>\n<p>Tamb\u00e9m participaram do evento realizado na <strong>FGV<\/strong> os economistas:<\/p>\n<ul>\n<li>Samuel Pessoa, economista do Ibre e autor do think tank Instituto Millenium.<\/li>\n<li>Jos\u00e9 J\u00falio Senna, economista do Ibre.<\/li>\n<li>Carlos Melo, cientista pol\u00edtico do Insper.<\/li>\n<li>Celso Ming, jornalista do &#8220;Estad\u00e3o&#8221;.<\/li>\n<\/ul>\n<p>Senna argumentou que muitos investidores est\u00e3o com demasiada <strong>confian\u00e7a<\/strong> na <strong>efici\u00eancia<\/strong> do governo do presidente da Rep\u00fablica, Jair Bolsonaro (PSL), e, at\u00e9 mesmo, do<strong> <a href=\"https:\/\/www.suno.com.br\/artigos\/bacen\/\">Banco Central<\/a> <\/strong>(BC).<\/p>\n<p>Conforme o economista, o mercado deve atentar-se de que a aprova\u00e7\u00e3o da <strong>reforma da Previd\u00eancia<\/strong> possa n\u00e3o ser a resposta final as d\u00favidas econ\u00f4micas que atravessam o Pa\u00eds.<\/p>\n<p>Os economistas compartilham a avalia\u00e7\u00e3o do presidente do BC, Roberto Campos Neto, de que o Brasil passa por um momento de diversas <strong>incertezas econ\u00f4micas<\/strong>, e estas foram as palavras-chave do evento. Na vis\u00e3o dos participantes do evento, \u00e9 primordial que o governo realize a <strong>reforma da Previd\u00eancia<\/strong>.<\/p>\n<p><a href=\"https:\/\/www.suno.com.br\/noticias\/banco-central-investimentos-presidente-incertezas\/\">Saiba mais &#8211; Banco Central: investimentos s\u00e3o adiados devido as incertezas econ\u00f4micas<\/a><\/p>\n<h2>Redu\u00e7\u00e3o de proje\u00e7\u00e3o do PIB n\u00e3o \u00e9 novidade<\/h2>\n<p>Neste m\u00eas, empresas e entidades, al\u00e9m do ministro da Economia, <a href=\"https:\/\/www.suno.com.br\/tudo-sobre\/paulo-guedes\/\"><strong>Paulo Guedes<\/strong><\/a><strong>,<\/strong> tamb\u00e9m reduziram a proje\u00e7\u00e3o de crescimento do <strong>PIB<\/strong> para 2019.<\/p>\n<p>O <a href=\"https:\/\/www.suno.com.br\/artigos\/relatorio-focus\/\">Boletim Focus<\/a>, compilado pelo BC semanalmente, reduziu a proje\u00e7\u00e3o de crescimento do <strong>PIB<\/strong> de 1,49% para 1,45% em 2019.<\/p>\n<p>Por sua vez, <strong>Ita\u00fa Unibanco<\/strong> (ITUB4) tamb\u00e9m divulgou relat\u00f3rio com atualiza\u00e7\u00e3o de proje\u00e7\u00e3o de expans\u00e3o de crescimento da economia brasileira. O banco diminuiu a estimativa de 1,3% para 1% no fim deste ano.<\/p>\n<p><strong>Guedes<\/strong> cortou a previs\u00e3o de avan\u00e7o do <strong>PIB<\/strong> brasileiro. Contra os 2% previstos durante a gest\u00e3o do ex-presidente da Rep\u00fablica, Michel Temer (MDB), o crescimento foi contra\u00eddo a 1,5%.<\/p>\n<p>E, por fim, a <strong>Institui\u00e7\u00e3o Fiscal Independente<\/strong> (IFI) do Senado Federal diminuiu a estimativa do <strong>PIB<\/strong>, de 2,3% para 1,8% neste ano.<\/p>\n","protected":false},"excerpt":{"rendered":"<p>A proje\u00e7\u00e3o para o crescimento do Produto Interno Bruto (PIB) brasileiro em 2019 foi revisada pelo\u00a0Instituto Brasileiro de Economia (Ibre) da Funda\u00e7\u00e3o Get\u00falio Vargs (FGV). A nova estimativa caiu de 1,8% para 1,4%. Para 2020, a previs\u00e3o continuou em 2%. FGV reduz proje\u00e7\u00e3o de PIB para 1,4%. (divulga\u00e7\u00e3o) A divulga\u00e7\u00e3o da nova previs\u00e3o do PIB [&hellip;]<\/p>\n","protected":false},"author":12,"featured_media":7565,"comment_status":"closed","ping_status":"closed","sticky":false,"template":"","format":"standard","meta":[],"categories":[62],"tags":[797,850,966,807,940],"suno_strategy":[],"class_list":["post-25752","post","type-post","status-publish","format-standard","has-post-thumbnail","hentry","category-economia","tag-fgv","tag-inflacao","tag-ipca","tag-produto-interno-bruto-pib","tag-reforma-da-previdencia"],"yoast_head":"<!-- This site is optimized with the Yoast SEO plugin v24.4 - https:\/\/yoast.com\/wordpress\/plugins\/seo\/ -->\n<title>PIB: FGV\/Ibre corta proje\u00e7\u00e3o de crescimento de 1,8% para 1,4% em 2019<\/title>\n<meta name=\"description\" content=\"A FGV Ibre diminui a estimativa para o crescimento do PIB brasileiro em 2018 para 1,4%; infla\u00e7\u00e3o \u00e9 estimada em 4,1%. Clique para saber mais.\" \/>\n<meta name=\"robots\" content=\"index, follow, max-snippet:-1, max-image-preview:large, max-video-preview:-1\" \/>\n<link rel=\"canonical\" href=\"https:\/\/www.suno.com.br\/noticias\/pib-fgv-2019-corte\/\" \/>\n<meta property=\"og:locale\" content=\"pt_BR\" \/>\n<meta property=\"og:type\" content=\"article\" \/>\n<meta property=\"og:title\" content=\"PIB: FGV\/Ibre corta proje\u00e7\u00e3o de crescimento de 1,8% para 1,4% em 2019\" \/>\n<meta property=\"og:description\" content=\"A FGV Ibre diminui a estimativa para o crescimento do PIB brasileiro em 2018 para 1,4%; infla\u00e7\u00e3o \u00e9 estimada em 4,1%. Clique para saber mais.\" \/>\n<meta property=\"og:url\" content=\"https:\/\/www.suno.com.br\/noticias\/pib-fgv-2019-corte\/\" \/>\n<meta property=\"og:site_name\" content=\"Suno Not\u00edcias\" \/>\n<meta property=\"article:publisher\" content=\"https:\/\/facebook.com\/sunoresearch\" \/>\n<meta property=\"og:image\" content=\"https:\/\/files.sunoresearch.com.br\/n\/uploads\/2018\/11\/d1162639-pib.jpg\" \/>\n\t<meta property=\"og:image:width\" content=\"960\" \/>\n\t<meta property=\"og:image:height\" content=\"640\" \/>\n\t<meta property=\"og:image:type\" content=\"image\/jpeg\" \/>\n<meta name=\"author\" content=\"Amanda Gushiken\" \/>\n<meta name=\"twitter:card\" content=\"summary_large_image\" \/>\n<meta name=\"twitter:creator\" content=\"@sunoresearch\" \/>\n<meta name=\"twitter:site\" content=\"@sunoresearch\" \/>\n<meta name=\"twitter:label1\" content=\"Escrito por\" \/>\n\t<meta name=\"twitter:data1\" content=\"Amanda Gushiken\" \/>\n\t<meta name=\"twitter:label2\" content=\"Est. tempo de leitura\" \/>\n\t<meta name=\"twitter:data2\" content=\"4 minutos\" \/>\n<script type=\"application\/ld+json\" class=\"yoast-schema-graph\">{\"@context\":\"https:\/\/schema.org\",\"@graph\":[{\"@type\":\"NewsArticle\",\"@id\":\"https:\/\/www.suno.com.br\/noticias\/pib-fgv-2019-corte\/#article\",\"isPartOf\":{\"@id\":\"https:\/\/www.suno.com.br\/noticias\/pib-fgv-2019-corte\/\"},\"author\":{\"name\":\"Amanda Gushiken\",\"@id\":\"https:\/\/www.suno.com.br\/noticias\/#\/schema\/person\/a5b06fa4e879d8e8e119c6ed3cd630d1\"},\"headline\":\"PIB: FGV\/Ibre corta proje\u00e7\u00e3o de crescimento de 1,8% para 1,4% em 2019\",\"datePublished\":\"2019-05-23T19:32:13+00:00\",\"mainEntityOfPage\":{\"@id\":\"https:\/\/www.suno.com.br\/noticias\/pib-fgv-2019-corte\/\"},\"wordCount\":714,\"publisher\":{\"@id\":\"https:\/\/www.suno.com.br\/noticias\/#organization\"},\"image\":{\"@id\":\"https:\/\/www.suno.com.br\/noticias\/pib-fgv-2019-corte\/#primaryimage\"},\"thumbnailUrl\":\"https:\/\/files.sunoresearch.com.br\/n\/uploads\/2018\/11\/d1162639-pib-jpg.webp\",\"keywords\":[\"FGV\",\"infla\u00e7\u00e3o\",\"IPCA\",\"Produto Interno Bruto (PIB)\",\"Reforma da Previd\u00eancia\"],\"articleSection\":[\"Economia\"],\"inLanguage\":\"pt-BR\"},{\"@type\":\"WebPage\",\"@id\":\"https:\/\/www.suno.com.br\/noticias\/pib-fgv-2019-corte\/\",\"url\":\"https:\/\/www.suno.com.br\/noticias\/pib-fgv-2019-corte\/\",\"name\":\"PIB: FGV\/Ibre corta proje\u00e7\u00e3o de crescimento de 1,8% para 1,4% em 2019\",\"isPartOf\":{\"@id\":\"https:\/\/www.suno.com.br\/noticias\/#website\"},\"primaryImageOfPage\":{\"@id\":\"https:\/\/www.suno.com.br\/noticias\/pib-fgv-2019-corte\/#primaryimage\"},\"image\":{\"@id\":\"https:\/\/www.suno.com.br\/noticias\/pib-fgv-2019-corte\/#primaryimage\"},\"thumbnailUrl\":\"https:\/\/files.sunoresearch.com.br\/n\/uploads\/2018\/11\/d1162639-pib-jpg.webp\",\"datePublished\":\"2019-05-23T19:32:13+00:00\",\"description\":\"A FGV Ibre diminui a estimativa para o crescimento do PIB brasileiro em 2018 para 1,4%; infla\u00e7\u00e3o \u00e9 estimada em 4,1%. Clique para saber mais.\",\"breadcrumb\":{\"@id\":\"https:\/\/www.suno.com.br\/noticias\/pib-fgv-2019-corte\/#breadcrumb\"},\"inLanguage\":\"pt-BR\",\"potentialAction\":[{\"@type\":\"ReadAction\",\"target\":[\"https:\/\/www.suno.com.br\/noticias\/pib-fgv-2019-corte\/\"]}]},{\"@type\":\"ImageObject\",\"inLanguage\":\"pt-BR\",\"@id\":\"https:\/\/www.suno.com.br\/noticias\/pib-fgv-2019-corte\/#primaryimage\",\"url\":\"https:\/\/files.sunoresearch.com.br\/n\/uploads\/2018\/11\/d1162639-pib-jpg.webp\",\"contentUrl\":\"https:\/\/files.sunoresearch.com.br\/n\/uploads\/2018\/11\/d1162639-pib-jpg.webp\",\"width\":960,\"height\":640,\"caption\":\"FGV reduz proje\u00e7\u00e3o de PIB para 1,4%. (divulga\u00e7\u00e3o)\"},{\"@type\":\"BreadcrumbList\",\"@id\":\"https:\/\/www.suno.com.br\/noticias\/pib-fgv-2019-corte\/#breadcrumb\",\"itemListElement\":[{\"@type\":\"ListItem\",\"position\":1,\"name\":\"Not\u00edcias\",\"item\":\"https:\/\/www.suno.com.br\/noticias\/\"},{\"@type\":\"ListItem\",\"position\":2,\"name\":\"Economia\",\"item\":\"https:\/\/www.suno.com.br\/noticias\/economia\/\"},{\"@type\":\"ListItem\",\"position\":3,\"name\":\"PIB: FGV\/Ibre corta proje\u00e7\u00e3o de crescimento de 1,8% para 1,4% em 2019\"}]},{\"@type\":\"WebSite\",\"@id\":\"https:\/\/www.suno.com.br\/noticias\/#website\",\"url\":\"https:\/\/www.suno.com.br\/noticias\/\",\"name\":\"Suno Not\u00edcias\",\"description\":\"Seu portal de informa\u00e7\u00e3o sobre o mundo dos investimentos\",\"publisher\":{\"@id\":\"https:\/\/www.suno.com.br\/noticias\/#organization\"},\"potentialAction\":[{\"@type\":\"SearchAction\",\"target\":{\"@type\":\"EntryPoint\",\"urlTemplate\":\"https:\/\/www.suno.com.br\/noticias\/?s={search_term_string}\"},\"query-input\":{\"@type\":\"PropertyValueSpecification\",\"valueRequired\":true,\"valueName\":\"search_term_string\"}}],\"inLanguage\":\"pt-BR\"},{\"@type\":\"Organization\",\"@id\":\"https:\/\/www.suno.com.br\/noticias\/#organization\",\"name\":\"Suno Not\u00edcias\",\"url\":\"https:\/\/www.suno.com.br\/noticias\/\",\"logo\":{\"@type\":\"ImageObject\",\"inLanguage\":\"pt-BR\",\"@id\":\"https:\/\/www.suno.com.br\/noticias\/#\/schema\/logo\/image\/\",\"url\":\"https:\/\/files.sunoresearch.com.br\/n\/uploads\/2021\/09\/suno-logo.png\",\"contentUrl\":\"https:\/\/files.sunoresearch.com.br\/n\/uploads\/2021\/09\/suno-logo.png\",\"width\":180,\"height\":180,\"caption\":\"Suno Not\u00edcias\"},\"image\":{\"@id\":\"https:\/\/www.suno.com.br\/noticias\/#\/schema\/logo\/image\/\"},\"sameAs\":[\"https:\/\/facebook.com\/sunoresearch\",\"https:\/\/x.com\/sunoresearch\",\"https:\/\/www.instagram.com\/suno\",\"https:\/\/www.linkedin.com\/company\/suno-research\/\",\"https:\/\/www.youtube.com\/c\/sunoresearch\"]},{\"@type\":\"Person\",\"@id\":\"https:\/\/www.suno.com.br\/noticias\/#\/schema\/person\/a5b06fa4e879d8e8e119c6ed3cd630d1\",\"name\":\"Amanda Gushiken\",\"image\":{\"@type\":\"ImageObject\",\"inLanguage\":\"pt-BR\",\"@id\":\"https:\/\/www.suno.com.br\/noticias\/#\/schema\/person\/image\/\",\"url\":\"https:\/\/secure.gravatar.com\/avatar\/ecd84705e6b65e3685ae80d725501fbe?s=96&r=g\",\"contentUrl\":\"https:\/\/secure.gravatar.com\/avatar\/ecd84705e6b65e3685ae80d725501fbe?s=96&r=g\",\"caption\":\"Amanda Gushiken\"},\"description\":\"Amanda Sayuri Gushiken escreve sobre finan\u00e7as e neg\u00f3cios para o portal Suno Not\u00edcias. Antes, trabalhou selecionando not\u00edcias da imprensa para clientes do mercado financeiro. Tamb\u00e9m desenvolveu pesquisa acad\u00eamica pela Universidade Anhembi Morumbi na \u00e1rea de Teorias da Comunica\u00e7\u00e3o e \u00e9 fot\u00f3grafa nas horas vagas.\",\"url\":\"https:\/\/www.suno.com.br\/noticias\/author\/amanda\/\"}]}<\/script>\n<!-- \/ Yoast SEO plugin. -->","yoast_head_json":{"title":"PIB: FGV\/Ibre corta proje\u00e7\u00e3o de crescimento de 1,8% para 1,4% em 2019","description":"A FGV Ibre diminui a estimativa para o crescimento do PIB brasileiro em 2018 para 1,4%; infla\u00e7\u00e3o \u00e9 estimada em 4,1%. Clique para saber mais.","robots":{"index":"index","follow":"follow","max-snippet":"max-snippet:-1","max-image-preview":"max-image-preview:large","max-video-preview":"max-video-preview:-1"},"canonical":"https:\/\/www.suno.com.br\/noticias\/pib-fgv-2019-corte\/","og_locale":"pt_BR","og_type":"article","og_title":"PIB: FGV\/Ibre corta proje\u00e7\u00e3o de crescimento de 1,8% para 1,4% em 2019","og_description":"A FGV Ibre diminui a estimativa para o crescimento do PIB brasileiro em 2018 para 1,4%; infla\u00e7\u00e3o \u00e9 estimada em 4,1%. Clique para saber mais.","og_url":"https:\/\/www.suno.com.br\/noticias\/pib-fgv-2019-corte\/","og_site_name":"Suno Not\u00edcias","article_publisher":"https:\/\/facebook.com\/sunoresearch","og_image":[{"width":960,"height":640,"url":"https:\/\/files.sunoresearch.com.br\/n\/uploads\/2018\/11\/d1162639-pib.jpg","type":"image\/jpeg"}],"author":"Amanda Gushiken","twitter_card":"summary_large_image","twitter_creator":"@sunoresearch","twitter_site":"@sunoresearch","twitter_misc":{"Escrito por":"Amanda Gushiken","Est. tempo de leitura":"4 minutos"},"schema":{"@context":"https:\/\/schema.org","@graph":[{"@type":"NewsArticle","@id":"https:\/\/www.suno.com.br\/noticias\/pib-fgv-2019-corte\/#article","isPartOf":{"@id":"https:\/\/www.suno.com.br\/noticias\/pib-fgv-2019-corte\/"},"author":{"name":"Amanda Gushiken","@id":"https:\/\/www.suno.com.br\/noticias\/#\/schema\/person\/a5b06fa4e879d8e8e119c6ed3cd630d1"},"headline":"PIB: FGV\/Ibre corta proje\u00e7\u00e3o de crescimento de 1,8% para 1,4% em 2019","datePublished":"2019-05-23T19:32:13+00:00","mainEntityOfPage":{"@id":"https:\/\/www.suno.com.br\/noticias\/pib-fgv-2019-corte\/"},"wordCount":714,"publisher":{"@id":"https:\/\/www.suno.com.br\/noticias\/#organization"},"image":{"@id":"https:\/\/www.suno.com.br\/noticias\/pib-fgv-2019-corte\/#primaryimage"},"thumbnailUrl":"https:\/\/files.sunoresearch.com.br\/n\/uploads\/2018\/11\/d1162639-pib-jpg.webp","keywords":["FGV","infla\u00e7\u00e3o","IPCA","Produto Interno Bruto (PIB)","Reforma da Previd\u00eancia"],"articleSection":["Economia"],"inLanguage":"pt-BR"},{"@type":"WebPage","@id":"https:\/\/www.suno.com.br\/noticias\/pib-fgv-2019-corte\/","url":"https:\/\/www.suno.com.br\/noticias\/pib-fgv-2019-corte\/","name":"PIB: FGV\/Ibre corta proje\u00e7\u00e3o de crescimento de 1,8% para 1,4% em 2019","isPartOf":{"@id":"https:\/\/www.suno.com.br\/noticias\/#website"},"primaryImageOfPage":{"@id":"https:\/\/www.suno.com.br\/noticias\/pib-fgv-2019-corte\/#primaryimage"},"image":{"@id":"https:\/\/www.suno.com.br\/noticias\/pib-fgv-2019-corte\/#primaryimage"},"thumbnailUrl":"https:\/\/files.sunoresearch.com.br\/n\/uploads\/2018\/11\/d1162639-pib-jpg.webp","datePublished":"2019-05-23T19:32:13+00:00","description":"A FGV Ibre diminui a estimativa para o crescimento do PIB brasileiro em 2018 para 1,4%; infla\u00e7\u00e3o \u00e9 estimada em 4,1%. Clique para saber mais.","breadcrumb":{"@id":"https:\/\/www.suno.com.br\/noticias\/pib-fgv-2019-corte\/#breadcrumb"},"inLanguage":"pt-BR","potentialAction":[{"@type":"ReadAction","target":["https:\/\/www.suno.com.br\/noticias\/pib-fgv-2019-corte\/"]}]},{"@type":"ImageObject","inLanguage":"pt-BR","@id":"https:\/\/www.suno.com.br\/noticias\/pib-fgv-2019-corte\/#primaryimage","url":"https:\/\/files.sunoresearch.com.br\/n\/uploads\/2018\/11\/d1162639-pib-jpg.webp","contentUrl":"https:\/\/files.sunoresearch.com.br\/n\/uploads\/2018\/11\/d1162639-pib-jpg.webp","width":960,"height":640,"caption":"FGV reduz proje\u00e7\u00e3o de PIB para 1,4%. (divulga\u00e7\u00e3o)"},{"@type":"BreadcrumbList","@id":"https:\/\/www.suno.com.br\/noticias\/pib-fgv-2019-corte\/#breadcrumb","itemListElement":[{"@type":"ListItem","position":1,"name":"Not\u00edcias","item":"https:\/\/www.suno.com.br\/noticias\/"},{"@type":"ListItem","position":2,"name":"Economia","item":"https:\/\/www.suno.com.br\/noticias\/economia\/"},{"@type":"ListItem","position":3,"name":"PIB: FGV\/Ibre corta proje\u00e7\u00e3o de crescimento de 1,8% para 1,4% em 2019"}]},{"@type":"WebSite","@id":"https:\/\/www.suno.com.br\/noticias\/#website","url":"https:\/\/www.suno.com.br\/noticias\/","name":"Suno Not\u00edcias","description":"Seu portal de informa\u00e7\u00e3o sobre o mundo dos investimentos","publisher":{"@id":"https:\/\/www.suno.com.br\/noticias\/#organization"},"potentialAction":[{"@type":"SearchAction","target":{"@type":"EntryPoint","urlTemplate":"https:\/\/www.suno.com.br\/noticias\/?s={search_term_string}"},"query-input":{"@type":"PropertyValueSpecification","valueRequired":true,"valueName":"search_term_string"}}],"inLanguage":"pt-BR"},{"@type":"Organization","@id":"https:\/\/www.suno.com.br\/noticias\/#organization","name":"Suno Not\u00edcias","url":"https:\/\/www.suno.com.br\/noticias\/","logo":{"@type":"ImageObject","inLanguage":"pt-BR","@id":"https:\/\/www.suno.com.br\/noticias\/#\/schema\/logo\/image\/","url":"https:\/\/files.sunoresearch.com.br\/n\/uploads\/2021\/09\/suno-logo.png","contentUrl":"https:\/\/files.sunoresearch.com.br\/n\/uploads\/2021\/09\/suno-logo.png","width":180,"height":180,"caption":"Suno Not\u00edcias"},"image":{"@id":"https:\/\/www.suno.com.br\/noticias\/#\/schema\/logo\/image\/"},"sameAs":["https:\/\/facebook.com\/sunoresearch","https:\/\/x.com\/sunoresearch","https:\/\/www.instagram.com\/suno","https:\/\/www.linkedin.com\/company\/suno-research\/","https:\/\/www.youtube.com\/c\/sunoresearch"]},{"@type":"Person","@id":"https:\/\/www.suno.com.br\/noticias\/#\/schema\/person\/a5b06fa4e879d8e8e119c6ed3cd630d1","name":"Amanda Gushiken","image":{"@type":"ImageObject","inLanguage":"pt-BR","@id":"https:\/\/www.suno.com.br\/noticias\/#\/schema\/person\/image\/","url":"https:\/\/secure.gravatar.com\/avatar\/ecd84705e6b65e3685ae80d725501fbe?s=96&r=g","contentUrl":"https:\/\/secure.gravatar.com\/avatar\/ecd84705e6b65e3685ae80d725501fbe?s=96&r=g","caption":"Amanda Gushiken"},"description":"Amanda Sayuri Gushiken escreve sobre finan\u00e7as e neg\u00f3cios para o portal Suno Not\u00edcias. Antes, trabalhou selecionando not\u00edcias da imprensa para clientes do mercado financeiro. Tamb\u00e9m desenvolveu pesquisa acad\u00eamica pela Universidade Anhembi Morumbi na \u00e1rea de Teorias da Comunica\u00e7\u00e3o e \u00e9 fot\u00f3grafa nas horas vagas.","url":"https:\/\/www.suno.com.br\/noticias\/author\/amanda\/"}]}},"default_loop_html":"<div class=\"cardsPage__listCard__boxs\"><div class=\"cardsPage__listCard__boxs__img\"><a href=\"https:\/\/www.suno.com.br\/noticias\/pib-fgv-2019-corte\/\"><img class=\"mask\" src=\"https:\/\/www.suno.com.br\/noticias\/wp-content\/themes\/suno\/resources\/images\/spotlight\/spotlight1img\/bg-mask.png\" alt=\"Image Mask\"\/><img src=\"https:\/\/files.sunoresearch.com.br\/n\/uploads\/2018\/11\/d1162639-pib-400x200.webp\" alt=\"PIB: FGV\/Ibre corta proje\u00e7\u00e3o de crescimento de 1,8% para 1,4% em 2019\"\/><\/a><span class=\"spotlightCategory\"><a href=\"https:\/\/www.suno.com.br\/noticias\/economia\/\">Economia<\/a><\/span><\/div><div class=\"cardsPage__listCard__boxs__content\"><a href=\"https:\/\/www.suno.com.br\/noticias\/pib-fgv-2019-corte\/\"><h2 class=\"content__title\">PIB: FGV\/Ibre corta proje\u00e7\u00e3o de crescimento de 1,8% para 1,4% em 2019<\/h2><\/a><div class=\"newsContent__article__meta\"><div class=\"newsContent__article__meta__authorBox\"><a href=\"https:\/\/www.suno.com.br\/noticias\/author\/amanda\/\" class=\"authorBox__avatar noMobi\"><img src=\"https:\/\/files.sunoresearch.com.br\/n\/uploads\/2018\/11\/c6ad30be-amanda-150x150.webp\" alt=\"Amanda Gushiken\"><\/a><div class=\"authorBox__name\"><span>por\n\t\t\t<a href=\"https:\/\/www.suno.com.br\/noticias\/author\/amanda\/\"><span itemprop=\"author\">Amanda Gushiken<\/span><\/a><\/span><time datetime=\"2019-05-23T16:32:13-03:00\" itemprop=\"datePublished\">23\/05\/2019 16:32<\/time><\/div><\/div><\/div><\/div><\/div>","single_layout":"posts","amp_enabled":true,"_links":{"self":[{"href":"https:\/\/www.suno.com.br\/noticias\/wp-json\/wp\/v2\/posts\/25752"}],"collection":[{"href":"https:\/\/www.suno.com.br\/noticias\/wp-json\/wp\/v2\/posts"}],"about":[{"href":"https:\/\/www.suno.com.br\/noticias\/wp-json\/wp\/v2\/types\/post"}],"author":[{"embeddable":true,"href":"https:\/\/www.suno.com.br\/noticias\/wp-json\/wp\/v2\/users\/12"}],"replies":[{"embeddable":true,"href":"https:\/\/www.suno.com.br\/noticias\/wp-json\/wp\/v2\/comments?post=25752"}],"version-history":[{"count":0,"href":"https:\/\/www.suno.com.br\/noticias\/wp-json\/wp\/v2\/posts\/25752\/revisions"}],"wp:featuredmedia":[{"embeddable":true,"href":"https:\/\/www.suno.com.br\/noticias\/wp-json\/wp\/v2\/media\/7565"}],"wp:attachment":[{"href":"https:\/\/www.suno.com.br\/noticias\/wp-json\/wp\/v2\/media?parent=25752"}],"wp:term":[{"taxonomy":"category","embeddable":true,"href":"https:\/\/www.suno.com.br\/noticias\/wp-json\/wp\/v2\/categories?post=25752"},{"taxonomy":"post_tag","embeddable":true,"href":"https:\/\/www.suno.com.br\/noticias\/wp-json\/wp\/v2\/tags?post=25752"},{"taxonomy":"suno_strategy","embeddable":true,"href":"https:\/\/www.suno.com.br\/noticias\/wp-json\/wp\/v2\/suno_strategy?post=25752"}],"curies":[{"name":"wp","href":"https:\/\/api.w.org\/{rel}","templated":true}]}}