{"id":25747,"date":"2019-05-23T13:31:21","date_gmt":"2019-05-23T16:31:21","guid":{"rendered":"https:\/\/www.suno.com.br\/noticias\/?p=25747"},"modified":"2019-05-23T13:46:12","modified_gmt":"2019-05-23T16:46:12","slug":"camara-rejeita-atuacao-receita-federal-corrupcao","status":"publish","type":"post","link":"https:\/\/www.suno.com.br\/noticias\/camara-rejeita-atuacao-receita-federal-corrupcao\/","title":{"rendered":"C\u00e2mara rejeita emenda que limitava atua\u00e7\u00e3o da Receita Federal contra corrup\u00e7\u00e3o"},"content":{"rendered":"<p>A <strong>C\u00e2mara dos Deputados<\/strong> rejeitou nesta quinta-feira (23) uma emenda que limitava a atua\u00e7\u00e3o da Receita Federal contra crimes de <strong>corrup\u00e7\u00e3o<\/strong>. Dessa forma, os deputados finalizaram a vota\u00e7\u00e3o da <strong>reforma administrativa<\/strong>. Isso porque a quest\u00e3o discutida era a \u00faltima que precisava ser votada da medida provis\u00f3ria.<\/p>\t<div class=\"wrapper-featured-image\">\n\t\t<figure class=\"spotlightImg\">\n\n\t\t\t<picture>\n\t\t\t\t<source media=\"(max-width: 768px)\" srcset=\"https:\/\/files.sunoresearch.com.br\/n\/uploads\/2019\/05\/fa6a2e5c-receita-federal-400x200.webp\">\n\t\t\t\t<img loading=\"lazy\" decoding=\"async\" class=\"newsContent__article__imgCapa lazyloadDisabled newsContent__article__imgCapa--noCaption\" src=\"https:\/\/files.sunoresearch.com.br\/n\/uploads\/2019\/05\/fa6a2e5c-receita-federal-800x450.webp\" width=\"800\" height=\"450\" alt=\"C\u00e2mara rejeita emenda que limitava atua\u00e7\u00e3o da Receita Federal contra corrup\u00e7\u00e3o\" fetchpriority=high \/>\n\t\t\t<\/picture>\n\n\t\t\t<figcaption class=\"wp-caption-text wp-caption-text--hide\">Receita Federal<\/figcaption>\n\t\t<\/figure>\n\t<\/div>\n\n\n<p>Com a decis\u00e3o, os <strong>auditores fiscais<\/strong>\u00a0n\u00e3o perdem poderes nas investiga\u00e7\u00f5es da <strong>Receita Federal<\/strong>. Isso porque o o texto da emenda limitava a atua\u00e7\u00e3o dos servidores. Eles s\u00f3 poderiam informar \u00e0s autoridades crimes de ordem tribut\u00e1ria. Dessa forma, ficariam impedidos de repassar ao <strong>Minist\u00e9rio P\u00fablico<\/strong> ind\u00edcios de <strong>corrup\u00e7\u00e3o<\/strong> e <strong>lavagem de dinheiro<\/strong>.<\/p>\n\t<p>\n\t\t<a href=\"https:\/\/lp2.suno.com.br\/cl\/black-friday-2025\/?utm_campaign=_SNCDF0E4858_\" target=\"_blank\" data-element=\"shortcode-suno-banner\" title=\"Banner SUNO, clique e saiba mais\">\n\t\t\t<picture>\n\t\t\t\t<source media=\"(max-width: 500px)\" srcset=\"https:\/\/files.sunoresearch.com.br\/n\/uploads\/2025\/10\/Artigos-e-Noticias-Banner-Home-artigos-01-Mobile_-400x300-1-png.webp\">\n\t\t\t\t<img class=\"newsContent__article__imgCapa newsContent__article__imgCapa--banner\"\n\t\t\t\t\tsrc=\"https:\/\/files.sunoresearch.com.br\/n\/uploads\/2025\/10\/Artigos-e-Noticias-Banner-Home-artigos-01-Desktop_-1420x240-1-png.webp\"\n\t\t\t\t\tdata-promo-id=\"311259\"\t\t\t\t\t\t\t\t\t\twidth='1420' height='240'\t\t\t\t\talt=\"https:\/\/files.sunoresearch.com.br\/n\/uploads\/2025\/10\/Artigos-e-Noticias-Banner-Home-artigos-01-Desktop_-1420x240-1-png.webp\"\n\t\t\t\t>\n\t\t\t<\/picture>\n\t\t<\/a>\n\t<\/p>\n\n\n<p>Com uma vota\u00e7\u00e3o simb\u00f3lica, a derrubada da proposta s\u00f3 foi poss\u00edvel depois de um <strong>acordo<\/strong> entre os parlamentares. Contudo, a maioria dos l\u00edderes de partidos combinaram que a quest\u00e3o ser\u00e1 regulamentada por meio de um projeto de lei que ser\u00e1 apresentado e votado nas pr\u00f3ximas semanas.<\/p>\n<p><a href=\"https:\/\/www.suno.com.br\/noticias\/camara-reforma-administrativa-aprovado\/\">Saiba Mais: C\u00e2mara vota nesta quinta \u00faltimo ponto da reforma administrativa; entenda<\/a><\/p>\n<p>O <strong>acordo<\/strong> entre os partidos foi feito com o objetivo de destravar a <strong>reforma administrativa<\/strong>. Isso porque ela precisa ser aprovada com pressa para n\u00e3o perder a validade. No entanto, a MP ainda tem que passar no <strong>Senado Federal<\/strong>. Isso deve ocorrer na pr\u00f3xima semana, ou ent\u00e3o a medida vence.<\/p>\n<p>A <strong>reforma administrativa<\/strong> foi assinada pelo presidente <strong>Jair Bolsonaro<\/strong> logo no in\u00edcio do mandato. A medida altera a estrutura do governo, principalmente no \u00e2mbito ministerial. Isso porque <strong>Bolsonaro<\/strong> reduziu o n\u00famero de minist\u00e9rios de 29 (no governo de Michel Temer) para 22. Ainda assim, como promessa de campanha, o presidente afirmava que levaria as pastas a apenas 15.<\/p>\n<h2>Outros pontos<\/h2>\n<p>Como a quest\u00e3o dos <strong>auditores fiscais <\/strong>da\u00a0<strong>Receita<\/strong>\u00a0era o \u00faltimo ponto a ser votado, o texto-base da proposta j\u00e1 havia sido aprovado na noite de quarta-feira (22). Dessa forma, a principal altera\u00e7\u00e3o foi a mudan\u00e7a do <strong>Conselho de Controle<\/strong> <strong>de Atividades Financeiras (Coaf)<\/strong>.<\/p>\n<p><a href=\"https:\/\/www.suno.com.br\/noticias\/camara-aprova-transferencia-coaf-ministerio-economia\/\">Saiba Mais: C\u00e2mara aprova transfer\u00eancia do Coaf para o Minist\u00e9rio da Economia<\/a><\/p>\n<p>Pela decis\u00e3o da C\u00e2mara, o \u00f3rg\u00e3o vai voltar ao <strong>minist\u00e9rio da Economia<\/strong>. A medida \u00e9 considerada uma derrota ao <strong>governo<\/strong>, que defendia a perman\u00eancia do <strong>Coaf<\/strong> no <strong>minist\u00e9rio da Justi\u00e7a<\/strong>.\u00a0A mudan\u00e7a tamb\u00e9m afeta diretamente o ministro <strong>S\u00e9rgio Moro,<\/strong> que declarou querer ficar com o \u00f3rg\u00e3o na pasta de seu comando.<\/p>\n","protected":false},"excerpt":{"rendered":"<p>A C\u00e2mara dos Deputados rejeitou nesta quinta-feira (23) uma emenda que limitava a atua\u00e7\u00e3o da Receita Federal contra crimes de corrup\u00e7\u00e3o. Dessa forma, os deputados finalizaram a vota\u00e7\u00e3o da reforma administrativa. Isso porque a quest\u00e3o discutida era a \u00faltima que precisava ser votada da medida provis\u00f3ria. Receita Federal Com a decis\u00e3o, os auditores fiscais\u00a0n\u00e3o perdem [&hellip;]<\/p>\n","protected":false},"author":16,"featured_media":25753,"comment_status":"closed","ping_status":"closed","sticky":false,"template":"","format":"standard","meta":[],"categories":[61],"tags":[938,847],"suno_strategy":[],"class_list":["post-25747","post","type-post","status-publish","format-standard","has-post-thumbnail","hentry","category-politica","tag-camara-dos-deputados","tag-receita-federal"],"yoast_head":"<!-- This site is optimized with the Yoast SEO plugin v24.4 - https:\/\/yoast.com\/wordpress\/plugins\/seo\/ -->\n<title>C\u00e2mara rejeita emenda e n\u00e3o restringe poderes da Receita Federal<\/title>\n<meta name=\"description\" content=\"Com a decis\u00e3o da C\u00e2mara, os auditores da Receita Federal podem avisar autoridades de ind\u00edcios de corrup\u00e7\u00e3o e lavagem de dinheiro. Entenda.\" \/>\n<meta name=\"robots\" content=\"index, follow, max-snippet:-1, max-image-preview:large, max-video-preview:-1\" \/>\n<link rel=\"canonical\" href=\"https:\/\/www.suno.com.br\/noticias\/camara-rejeita-atuacao-receita-federal-corrupcao\/\" \/>\n<meta property=\"og:locale\" content=\"pt_BR\" \/>\n<meta property=\"og:type\" content=\"article\" \/>\n<meta property=\"og:title\" content=\"C\u00e2mara rejeita emenda e n\u00e3o restringe poderes da Receita Federal\" \/>\n<meta property=\"og:description\" content=\"Com a decis\u00e3o da C\u00e2mara, os auditores da Receita Federal podem avisar autoridades de ind\u00edcios de corrup\u00e7\u00e3o e lavagem de dinheiro. Entenda.\" \/>\n<meta property=\"og:url\" content=\"https:\/\/www.suno.com.br\/noticias\/camara-rejeita-atuacao-receita-federal-corrupcao\/\" \/>\n<meta property=\"og:site_name\" content=\"Suno Not\u00edcias\" \/>\n<meta property=\"article:publisher\" content=\"https:\/\/facebook.com\/sunoresearch\" \/>\n<meta property=\"og:image\" content=\"https:\/\/files.sunoresearch.com.br\/n\/uploads\/2019\/05\/fa6a2e5c-receita-federal-1024x683.jpg\" \/>\n\t<meta property=\"og:image:width\" content=\"1024\" \/>\n\t<meta property=\"og:image:height\" content=\"683\" \/>\n\t<meta property=\"og:image:type\" content=\"image\/jpeg\" \/>\n<meta name=\"author\" content=\"Beatriz Oliveira\" \/>\n<meta name=\"twitter:card\" content=\"summary_large_image\" \/>\n<meta name=\"twitter:creator\" content=\"@sunoresearch\" \/>\n<meta name=\"twitter:site\" content=\"@sunoresearch\" \/>\n<meta name=\"twitter:label1\" content=\"Escrito por\" \/>\n\t<meta name=\"twitter:data1\" content=\"Beatriz Oliveira\" \/>\n\t<meta name=\"twitter:label2\" content=\"Est. tempo de leitura\" \/>\n\t<meta name=\"twitter:data2\" content=\"2 minutos\" \/>\n<script type=\"application\/ld+json\" class=\"yoast-schema-graph\">{\"@context\":\"https:\/\/schema.org\",\"@graph\":[{\"@type\":\"NewsArticle\",\"@id\":\"https:\/\/www.suno.com.br\/noticias\/camara-rejeita-atuacao-receita-federal-corrupcao\/#article\",\"isPartOf\":{\"@id\":\"https:\/\/www.suno.com.br\/noticias\/camara-rejeita-atuacao-receita-federal-corrupcao\/\"},\"author\":{\"name\":\"Beatriz Oliveira\",\"@id\":\"https:\/\/www.suno.com.br\/noticias\/#\/schema\/person\/e67f665add014bf99f644028de070cc3\"},\"headline\":\"C\u00e2mara rejeita emenda que limitava atua\u00e7\u00e3o da Receita Federal contra corrup\u00e7\u00e3o\",\"datePublished\":\"2019-05-23T16:31:21+00:00\",\"dateModified\":\"2019-05-23T16:46:12+00:00\",\"mainEntityOfPage\":{\"@id\":\"https:\/\/www.suno.com.br\/noticias\/camara-rejeita-atuacao-receita-federal-corrupcao\/\"},\"wordCount\":429,\"publisher\":{\"@id\":\"https:\/\/www.suno.com.br\/noticias\/#organization\"},\"image\":{\"@id\":\"https:\/\/www.suno.com.br\/noticias\/camara-rejeita-atuacao-receita-federal-corrupcao\/#primaryimage\"},\"thumbnailUrl\":\"https:\/\/files.sunoresearch.com.br\/n\/uploads\/2019\/05\/fa6a2e5c-receita-federal-scaled.webp\",\"keywords\":[\"C\u00e2mara dos Deputados\",\"Receita Federal\"],\"articleSection\":[\"Pol\u00edtica\"],\"inLanguage\":\"pt-BR\"},{\"@type\":\"WebPage\",\"@id\":\"https:\/\/www.suno.com.br\/noticias\/camara-rejeita-atuacao-receita-federal-corrupcao\/\",\"url\":\"https:\/\/www.suno.com.br\/noticias\/camara-rejeita-atuacao-receita-federal-corrupcao\/\",\"name\":\"C\u00e2mara rejeita emenda e n\u00e3o restringe poderes da Receita Federal\",\"isPartOf\":{\"@id\":\"https:\/\/www.suno.com.br\/noticias\/#website\"},\"primaryImageOfPage\":{\"@id\":\"https:\/\/www.suno.com.br\/noticias\/camara-rejeita-atuacao-receita-federal-corrupcao\/#primaryimage\"},\"image\":{\"@id\":\"https:\/\/www.suno.com.br\/noticias\/camara-rejeita-atuacao-receita-federal-corrupcao\/#primaryimage\"},\"thumbnailUrl\":\"https:\/\/files.sunoresearch.com.br\/n\/uploads\/2019\/05\/fa6a2e5c-receita-federal-scaled.webp\",\"datePublished\":\"2019-05-23T16:31:21+00:00\",\"dateModified\":\"2019-05-23T16:46:12+00:00\",\"description\":\"Com a decis\u00e3o da C\u00e2mara, os auditores da Receita Federal podem avisar autoridades de ind\u00edcios de corrup\u00e7\u00e3o e lavagem de dinheiro. Entenda.\",\"breadcrumb\":{\"@id\":\"https:\/\/www.suno.com.br\/noticias\/camara-rejeita-atuacao-receita-federal-corrupcao\/#breadcrumb\"},\"inLanguage\":\"pt-BR\",\"potentialAction\":[{\"@type\":\"ReadAction\",\"target\":[\"https:\/\/www.suno.com.br\/noticias\/camara-rejeita-atuacao-receita-federal-corrupcao\/\"]}]},{\"@type\":\"ImageObject\",\"inLanguage\":\"pt-BR\",\"@id\":\"https:\/\/www.suno.com.br\/noticias\/camara-rejeita-atuacao-receita-federal-corrupcao\/#primaryimage\",\"url\":\"https:\/\/files.sunoresearch.com.br\/n\/uploads\/2019\/05\/fa6a2e5c-receita-federal-scaled.webp\",\"contentUrl\":\"https:\/\/files.sunoresearch.com.br\/n\/uploads\/2019\/05\/fa6a2e5c-receita-federal-scaled.webp\",\"width\":2560,\"height\":1707,\"caption\":\"Receita Federal\"},{\"@type\":\"BreadcrumbList\",\"@id\":\"https:\/\/www.suno.com.br\/noticias\/camara-rejeita-atuacao-receita-federal-corrupcao\/#breadcrumb\",\"itemListElement\":[{\"@type\":\"ListItem\",\"position\":1,\"name\":\"Not\u00edcias\",\"item\":\"https:\/\/www.suno.com.br\/noticias\/\"},{\"@type\":\"ListItem\",\"position\":2,\"name\":\"Pol\u00edtica\",\"item\":\"https:\/\/www.suno.com.br\/noticias\/politica\/\"},{\"@type\":\"ListItem\",\"position\":3,\"name\":\"C\u00e2mara rejeita emenda que limitava atua\u00e7\u00e3o da Receita Federal contra corrup\u00e7\u00e3o\"}]},{\"@type\":\"WebSite\",\"@id\":\"https:\/\/www.suno.com.br\/noticias\/#website\",\"url\":\"https:\/\/www.suno.com.br\/noticias\/\",\"name\":\"Suno Not\u00edcias\",\"description\":\"Seu portal de informa\u00e7\u00e3o sobre o mundo dos investimentos\",\"publisher\":{\"@id\":\"https:\/\/www.suno.com.br\/noticias\/#organization\"},\"potentialAction\":[{\"@type\":\"SearchAction\",\"target\":{\"@type\":\"EntryPoint\",\"urlTemplate\":\"https:\/\/www.suno.com.br\/noticias\/?s={search_term_string}\"},\"query-input\":{\"@type\":\"PropertyValueSpecification\",\"valueRequired\":true,\"valueName\":\"search_term_string\"}}],\"inLanguage\":\"pt-BR\"},{\"@type\":\"Organization\",\"@id\":\"https:\/\/www.suno.com.br\/noticias\/#organization\",\"name\":\"Suno Not\u00edcias\",\"url\":\"https:\/\/www.suno.com.br\/noticias\/\",\"logo\":{\"@type\":\"ImageObject\",\"inLanguage\":\"pt-BR\",\"@id\":\"https:\/\/www.suno.com.br\/noticias\/#\/schema\/logo\/image\/\",\"url\":\"https:\/\/files.sunoresearch.com.br\/n\/uploads\/2021\/09\/suno-logo.png\",\"contentUrl\":\"https:\/\/files.sunoresearch.com.br\/n\/uploads\/2021\/09\/suno-logo.png\",\"width\":180,\"height\":180,\"caption\":\"Suno Not\u00edcias\"},\"image\":{\"@id\":\"https:\/\/www.suno.com.br\/noticias\/#\/schema\/logo\/image\/\"},\"sameAs\":[\"https:\/\/facebook.com\/sunoresearch\",\"https:\/\/x.com\/sunoresearch\",\"https:\/\/www.instagram.com\/suno\",\"https:\/\/www.linkedin.com\/company\/suno-research\/\",\"https:\/\/www.youtube.com\/c\/sunoresearch\"]},{\"@type\":\"Person\",\"@id\":\"https:\/\/www.suno.com.br\/noticias\/#\/schema\/person\/e67f665add014bf99f644028de070cc3\",\"name\":\"Beatriz Oliveira\",\"image\":{\"@type\":\"ImageObject\",\"inLanguage\":\"pt-BR\",\"@id\":\"https:\/\/www.suno.com.br\/noticias\/#\/schema\/person\/image\/\",\"url\":\"https:\/\/secure.gravatar.com\/avatar\/c9aa6a0aaecc598d257d5d5bd349157d?s=96&r=g\",\"contentUrl\":\"https:\/\/secure.gravatar.com\/avatar\/c9aa6a0aaecc598d257d5d5bd349157d?s=96&r=g\",\"caption\":\"Beatriz Oliveira\"},\"description\":\"Formada em Jornalismo pela Faculdade Paulus de Tecnologia e Comunica\u00e7\u00e3o, Beatriz Oliveira escreve para o portal de not\u00edcias Suno Research. Antes, passou pelas reda\u00e7\u00f5es da Revista EXAME e da Rede Bandeirantes.\",\"url\":\"https:\/\/www.suno.com.br\/noticias\/author\/beatriz\/\"}]}<\/script>\n<!-- \/ Yoast SEO plugin. -->","yoast_head_json":{"title":"C\u00e2mara rejeita emenda e n\u00e3o restringe poderes da Receita Federal","description":"Com a decis\u00e3o da C\u00e2mara, os auditores da Receita Federal podem avisar autoridades de ind\u00edcios de corrup\u00e7\u00e3o e lavagem de dinheiro. Entenda.","robots":{"index":"index","follow":"follow","max-snippet":"max-snippet:-1","max-image-preview":"max-image-preview:large","max-video-preview":"max-video-preview:-1"},"canonical":"https:\/\/www.suno.com.br\/noticias\/camara-rejeita-atuacao-receita-federal-corrupcao\/","og_locale":"pt_BR","og_type":"article","og_title":"C\u00e2mara rejeita emenda e n\u00e3o restringe poderes da Receita Federal","og_description":"Com a decis\u00e3o da C\u00e2mara, os auditores da Receita Federal podem avisar autoridades de ind\u00edcios de corrup\u00e7\u00e3o e lavagem de dinheiro. Entenda.","og_url":"https:\/\/www.suno.com.br\/noticias\/camara-rejeita-atuacao-receita-federal-corrupcao\/","og_site_name":"Suno Not\u00edcias","article_publisher":"https:\/\/facebook.com\/sunoresearch","og_image":[{"width":1024,"height":683,"url":"https:\/\/files.sunoresearch.com.br\/n\/uploads\/2019\/05\/fa6a2e5c-receita-federal-1024x683.jpg","type":"image\/jpeg"}],"author":"Beatriz Oliveira","twitter_card":"summary_large_image","twitter_creator":"@sunoresearch","twitter_site":"@sunoresearch","twitter_misc":{"Escrito por":"Beatriz Oliveira","Est. tempo de leitura":"2 minutos"},"schema":{"@context":"https:\/\/schema.org","@graph":[{"@type":"NewsArticle","@id":"https:\/\/www.suno.com.br\/noticias\/camara-rejeita-atuacao-receita-federal-corrupcao\/#article","isPartOf":{"@id":"https:\/\/www.suno.com.br\/noticias\/camara-rejeita-atuacao-receita-federal-corrupcao\/"},"author":{"name":"Beatriz Oliveira","@id":"https:\/\/www.suno.com.br\/noticias\/#\/schema\/person\/e67f665add014bf99f644028de070cc3"},"headline":"C\u00e2mara rejeita emenda que limitava atua\u00e7\u00e3o da Receita Federal contra corrup\u00e7\u00e3o","datePublished":"2019-05-23T16:31:21+00:00","dateModified":"2019-05-23T16:46:12+00:00","mainEntityOfPage":{"@id":"https:\/\/www.suno.com.br\/noticias\/camara-rejeita-atuacao-receita-federal-corrupcao\/"},"wordCount":429,"publisher":{"@id":"https:\/\/www.suno.com.br\/noticias\/#organization"},"image":{"@id":"https:\/\/www.suno.com.br\/noticias\/camara-rejeita-atuacao-receita-federal-corrupcao\/#primaryimage"},"thumbnailUrl":"https:\/\/files.sunoresearch.com.br\/n\/uploads\/2019\/05\/fa6a2e5c-receita-federal-scaled.webp","keywords":["C\u00e2mara dos Deputados","Receita Federal"],"articleSection":["Pol\u00edtica"],"inLanguage":"pt-BR"},{"@type":"WebPage","@id":"https:\/\/www.suno.com.br\/noticias\/camara-rejeita-atuacao-receita-federal-corrupcao\/","url":"https:\/\/www.suno.com.br\/noticias\/camara-rejeita-atuacao-receita-federal-corrupcao\/","name":"C\u00e2mara rejeita emenda e n\u00e3o restringe poderes da Receita Federal","isPartOf":{"@id":"https:\/\/www.suno.com.br\/noticias\/#website"},"primaryImageOfPage":{"@id":"https:\/\/www.suno.com.br\/noticias\/camara-rejeita-atuacao-receita-federal-corrupcao\/#primaryimage"},"image":{"@id":"https:\/\/www.suno.com.br\/noticias\/camara-rejeita-atuacao-receita-federal-corrupcao\/#primaryimage"},"thumbnailUrl":"https:\/\/files.sunoresearch.com.br\/n\/uploads\/2019\/05\/fa6a2e5c-receita-federal-scaled.webp","datePublished":"2019-05-23T16:31:21+00:00","dateModified":"2019-05-23T16:46:12+00:00","description":"Com a decis\u00e3o da C\u00e2mara, os auditores da Receita Federal podem avisar autoridades de ind\u00edcios de corrup\u00e7\u00e3o e lavagem de dinheiro. Entenda.","breadcrumb":{"@id":"https:\/\/www.suno.com.br\/noticias\/camara-rejeita-atuacao-receita-federal-corrupcao\/#breadcrumb"},"inLanguage":"pt-BR","potentialAction":[{"@type":"ReadAction","target":["https:\/\/www.suno.com.br\/noticias\/camara-rejeita-atuacao-receita-federal-corrupcao\/"]}]},{"@type":"ImageObject","inLanguage":"pt-BR","@id":"https:\/\/www.suno.com.br\/noticias\/camara-rejeita-atuacao-receita-federal-corrupcao\/#primaryimage","url":"https:\/\/files.sunoresearch.com.br\/n\/uploads\/2019\/05\/fa6a2e5c-receita-federal-scaled.webp","contentUrl":"https:\/\/files.sunoresearch.com.br\/n\/uploads\/2019\/05\/fa6a2e5c-receita-federal-scaled.webp","width":2560,"height":1707,"caption":"Receita Federal"},{"@type":"BreadcrumbList","@id":"https:\/\/www.suno.com.br\/noticias\/camara-rejeita-atuacao-receita-federal-corrupcao\/#breadcrumb","itemListElement":[{"@type":"ListItem","position":1,"name":"Not\u00edcias","item":"https:\/\/www.suno.com.br\/noticias\/"},{"@type":"ListItem","position":2,"name":"Pol\u00edtica","item":"https:\/\/www.suno.com.br\/noticias\/politica\/"},{"@type":"ListItem","position":3,"name":"C\u00e2mara rejeita emenda que limitava atua\u00e7\u00e3o da Receita Federal contra corrup\u00e7\u00e3o"}]},{"@type":"WebSite","@id":"https:\/\/www.suno.com.br\/noticias\/#website","url":"https:\/\/www.suno.com.br\/noticias\/","name":"Suno Not\u00edcias","description":"Seu portal de informa\u00e7\u00e3o sobre o mundo dos investimentos","publisher":{"@id":"https:\/\/www.suno.com.br\/noticias\/#organization"},"potentialAction":[{"@type":"SearchAction","target":{"@type":"EntryPoint","urlTemplate":"https:\/\/www.suno.com.br\/noticias\/?s={search_term_string}"},"query-input":{"@type":"PropertyValueSpecification","valueRequired":true,"valueName":"search_term_string"}}],"inLanguage":"pt-BR"},{"@type":"Organization","@id":"https:\/\/www.suno.com.br\/noticias\/#organization","name":"Suno Not\u00edcias","url":"https:\/\/www.suno.com.br\/noticias\/","logo":{"@type":"ImageObject","inLanguage":"pt-BR","@id":"https:\/\/www.suno.com.br\/noticias\/#\/schema\/logo\/image\/","url":"https:\/\/files.sunoresearch.com.br\/n\/uploads\/2021\/09\/suno-logo.png","contentUrl":"https:\/\/files.sunoresearch.com.br\/n\/uploads\/2021\/09\/suno-logo.png","width":180,"height":180,"caption":"Suno Not\u00edcias"},"image":{"@id":"https:\/\/www.suno.com.br\/noticias\/#\/schema\/logo\/image\/"},"sameAs":["https:\/\/facebook.com\/sunoresearch","https:\/\/x.com\/sunoresearch","https:\/\/www.instagram.com\/suno","https:\/\/www.linkedin.com\/company\/suno-research\/","https:\/\/www.youtube.com\/c\/sunoresearch"]},{"@type":"Person","@id":"https:\/\/www.suno.com.br\/noticias\/#\/schema\/person\/e67f665add014bf99f644028de070cc3","name":"Beatriz Oliveira","image":{"@type":"ImageObject","inLanguage":"pt-BR","@id":"https:\/\/www.suno.com.br\/noticias\/#\/schema\/person\/image\/","url":"https:\/\/secure.gravatar.com\/avatar\/c9aa6a0aaecc598d257d5d5bd349157d?s=96&r=g","contentUrl":"https:\/\/secure.gravatar.com\/avatar\/c9aa6a0aaecc598d257d5d5bd349157d?s=96&r=g","caption":"Beatriz Oliveira"},"description":"Formada em Jornalismo pela Faculdade Paulus de Tecnologia e Comunica\u00e7\u00e3o, Beatriz Oliveira escreve para o portal de not\u00edcias Suno Research. Antes, passou pelas reda\u00e7\u00f5es da Revista EXAME e da Rede Bandeirantes.","url":"https:\/\/www.suno.com.br\/noticias\/author\/beatriz\/"}]}},"default_loop_html":"<div class=\"cardsPage__listCard__boxs\"><div class=\"cardsPage__listCard__boxs__img\"><a href=\"https:\/\/www.suno.com.br\/noticias\/camara-rejeita-atuacao-receita-federal-corrupcao\/\"><img class=\"mask\" src=\"https:\/\/www.suno.com.br\/noticias\/wp-content\/themes\/suno\/resources\/images\/spotlight\/spotlight1img\/bg-mask.png\" alt=\"Image Mask\"\/><img src=\"https:\/\/files.sunoresearch.com.br\/n\/uploads\/2019\/05\/fa6a2e5c-receita-federal-400x200.webp\" alt=\"C\u00e2mara rejeita emenda que limitava atua\u00e7\u00e3o da Receita Federal contra corrup\u00e7\u00e3o\"\/><\/a><span class=\"spotlightCategory\"><a href=\"https:\/\/www.suno.com.br\/noticias\/politica\/\">Pol\u00edtica<\/a><\/span><\/div><div class=\"cardsPage__listCard__boxs__content\"><a href=\"https:\/\/www.suno.com.br\/noticias\/camara-rejeita-atuacao-receita-federal-corrupcao\/\"><h2 class=\"content__title\">C\u00e2mara rejeita emenda que limitava atua\u00e7\u00e3o da Receita Federal contra corrup\u00e7\u00e3o<\/h2><\/a><div class=\"newsContent__article__meta\"><div class=\"newsContent__article__meta__authorBox\"><a href=\"https:\/\/www.suno.com.br\/noticias\/author\/beatriz\/\" class=\"authorBox__avatar noMobi\"><img src=\"https:\/\/secure.gravatar.com\/avatar\/c9aa6a0aaecc598d257d5d5bd349157d?s=96&#038;r=g\" alt=\"Beatriz Oliveira\"><\/a><div class=\"authorBox__name\"><span>por\n\t\t\t<a href=\"https:\/\/www.suno.com.br\/noticias\/author\/beatriz\/\"><span itemprop=\"author\">Beatriz Oliveira<\/span><\/a><\/span><time datetime=\"2019-05-23T13:31:21-03:00\" itemprop=\"datePublished\">23\/05\/2019 13:31<\/time><\/div><\/div><\/div><\/div><\/div>","single_layout":"posts","amp_enabled":true,"_links":{"self":[{"href":"https:\/\/www.suno.com.br\/noticias\/wp-json\/wp\/v2\/posts\/25747"}],"collection":[{"href":"https:\/\/www.suno.com.br\/noticias\/wp-json\/wp\/v2\/posts"}],"about":[{"href":"https:\/\/www.suno.com.br\/noticias\/wp-json\/wp\/v2\/types\/post"}],"author":[{"embeddable":true,"href":"https:\/\/www.suno.com.br\/noticias\/wp-json\/wp\/v2\/users\/16"}],"replies":[{"embeddable":true,"href":"https:\/\/www.suno.com.br\/noticias\/wp-json\/wp\/v2\/comments?post=25747"}],"version-history":[{"count":0,"href":"https:\/\/www.suno.com.br\/noticias\/wp-json\/wp\/v2\/posts\/25747\/revisions"}],"wp:featuredmedia":[{"embeddable":true,"href":"https:\/\/www.suno.com.br\/noticias\/wp-json\/wp\/v2\/media\/25753"}],"wp:attachment":[{"href":"https:\/\/www.suno.com.br\/noticias\/wp-json\/wp\/v2\/media?parent=25747"}],"wp:term":[{"taxonomy":"category","embeddable":true,"href":"https:\/\/www.suno.com.br\/noticias\/wp-json\/wp\/v2\/categories?post=25747"},{"taxonomy":"post_tag","embeddable":true,"href":"https:\/\/www.suno.com.br\/noticias\/wp-json\/wp\/v2\/tags?post=25747"},{"taxonomy":"suno_strategy","embeddable":true,"href":"https:\/\/www.suno.com.br\/noticias\/wp-json\/wp\/v2\/suno_strategy?post=25747"}],"curies":[{"name":"wp","href":"https:\/\/api.w.org\/{rel}","templated":true}]}}