{"id":25727,"date":"2019-05-23T12:34:47","date_gmt":"2019-05-23T15:34:47","guid":{"rendered":"https:\/\/www.suno.com.br\/noticias\/?p=25727"},"modified":"2019-05-23T12:34:47","modified_gmt":"2019-05-23T15:34:47","slug":"natura-lider-vendas-cosmeticos","status":"publish","type":"post","link":"https:\/\/www.suno.com.br\/noticias\/natura-lider-vendas-cosmeticos\/","title":{"rendered":"Natura ser\u00e1 l\u00edder na venda direta de cosm\u00e9ticos ap\u00f3s comprar Avon"},"content":{"rendered":"<p>Natura ser\u00e1 a l\u00edder mundial na venda direta de cosm\u00e9ticos, ap\u00f3s a <a href=\"https:\/\/www.suno.com.br\/artigos\/radar-natu3-controle-avon\/\">compra da norte-americana Avon<\/a>, de acordo com a previs\u00e3o dos executivos das empresas. A negocia\u00e7\u00e3o criar\u00e1 a Natura<a href=\"https:\/\/www.suno.com.br\/artigos\/holding\/\"> Holding<\/a>, que ser\u00e1 a quarta maior no setor de beleza no mundo.<\/p>\t<div class=\"wrapper-featured-image\">\n\t\t<figure class=\"spotlightImg\">\n\n\t\t\t<picture>\n\t\t\t\t<source media=\"(max-width: 768px)\" srcset=\"https:\/\/files.sunoresearch.com.br\/n\/uploads\/2019\/04\/08d6620b-natura-400x200.webp\">\n\t\t\t\t<img loading=\"lazy\" decoding=\"async\" class=\"newsContent__article__imgCapa lazyloadDisabled newsContent__article__imgCapa--noCaption\" src=\"https:\/\/files.sunoresearch.com.br\/n\/uploads\/2019\/04\/08d6620b-natura-jpg.webp\" width=\"800\" height=\"450\" alt=\"Natura ser\u00e1 l\u00edder na venda direta de cosm\u00e9ticos ap\u00f3s comprar Avon\" fetchpriority=high \/>\n\t\t\t<\/picture>\n\n\t\t\t<figcaption class=\"wp-caption-text wp-caption-text--hide\">Natura ser\u00e1 l\u00edder na venda direta de cosm\u00e9ticos ap\u00f3s comprar Avon<\/figcaption>\n\t\t<\/figure>\n\t<\/div>\n\n\n<p>A acordo anunciado na noite da \u00faltima quarta-feira (22) envolve troca de a\u00e7\u00f5es entre as empresas, conhecido como<em>\u00a0all-share merger.<\/em>\u00a0Dessa forma, os acionistas da <strong>Natura<\/strong> ficar\u00e3o com 76% da nova companhia, com mais de US$ 10 bilh\u00f5es em receita anual. Enquanto isso, os donos da <strong>Avon<\/strong> ficar\u00e3o com os outros 24%.<\/p>\n\t<p>\n\t\t<a href=\"https:\/\/lp.suno.com.br\/planilha-de-controle-de-investimentos\/\" target=\"_blank\" data-element=\"shortcode-suno-banner\" title=\"Banner SUNO, clique e saiba mais\">\n\t\t\t<picture>\n\t\t\t\t<source media=\"(max-width: 500px)\" srcset=\"https:\/\/files.sunoresearch.com.br\/n\/uploads\/2023\/03\/400x300-Controle-de-Investimentos.png\">\n\t\t\t\t<img class=\"newsContent__article__imgCapa newsContent__article__imgCapa--banner\"\n\t\t\t\t\tsrc=\"https:\/\/files.sunoresearch.com.br\/n\/uploads\/2023\/03\/1420x240-Controle-de-Investimentos.png\"\n\t\t\t\t\tdata-promo-id=\"75934\"\t\t\t\t\t\t\t\t\t\twidth='1420' height='240'\t\t\t\t\talt=\"https:\/\/files.sunoresearch.com.br\/n\/uploads\/2023\/03\/1420x240-Controle-de-Investimentos.png\"\n\t\t\t\t>\n\t\t\t<\/picture>\n\t\t<\/a>\n\t<\/p>\n\n\n<p>O <strong>Brasil<\/strong> \u00e9 o maior mercado da <strong>Avon<\/strong> e representa um quarto das vendas totais da empresa, enquanto isso, a <strong>Natura<\/strong> lidera o mercado de vendas diretas. Aos <strong>investidores<\/strong>, os executivos das empresas afirmaram, por meio de teleconfer\u00eancia, que pretendem acelerar a internacionaliza\u00e7\u00e3o do grupo, salientando que a <strong>Am\u00e9rica<\/strong> <strong>Latina<\/strong> \u00e9 um mercado-chave para a marca.<\/p>\n<h2>Mercado das empresas<\/h2>\n<p>Am\u00e9rica Latina, R\u00fassia, Filipinas, Pol\u00f4nia, Reino Unido, Turquia e \u00c1frica do Sul, s\u00e3o os principais mercados da Avon. \u00c1sia, Europa e Oriente M\u00e9dio foram respons\u00e1veis por 46% da receita da empresa em 2018, enquanto os outros 54% foram ganhos na Am\u00e9rica Latina.<\/p>\n<p><a href=\"https:\/\/www.suno.com.br\/noticias\/natura-anuncia-compra-da-avon-grupo-e-avaliado-em-us-11-bi\/\">Saiba mais:\u00a0Natura anuncia compra da Avon; grupo \u00e9 avaliado em US$ 11 bi<\/a><\/p>\n<p>J\u00e1 a Natura, tem 54,6% das suas vendas concentradas nos <strong>mercados<\/strong> asi\u00e1tico, europeu e latino americano, sem contar com o Brasil.<\/p>\n<p>Dessa forma, \u00e9 estimado que a uni\u00e3o das empresas fa\u00e7a as vendas fora do pa\u00eds representarem 68,3% das vendas totais da nova empresa.<\/p>\n<p>De acordo com a Natura, o <strong>holding<\/strong> ter\u00e1 mais de 6,3 milh\u00f5es de representantes e consultoras, al\u00e9m das 3,2 mil lojas. Ser\u00e3o mais de 40 mil colaboradores e presen\u00e7a em 100 pa\u00edses.<\/p>\n<h2>Compra da Avon<\/h2>\n<p>Na \u00faltima quarta-feira (22), a Natura anunciou a compra da Avon. A opera\u00e7\u00e3o envolve uma troca de a\u00e7\u00f5es (all-share merger), mas ainda precisa ser aprovada por \u00f3rg\u00e3os reguladores. O novo grupo \u00e9 avaliado em US$ 11 bilh\u00f5es.<\/p>\n<p>Com a negocia\u00e7\u00e3o, a <strong>empresa<\/strong> <strong>conjunta<\/strong> entre <strong>Natura<\/strong> e <strong>Avon<\/strong> ser\u00e1 a quarta maior do setor. As companhias estimam um faturamento anual superior a US$ 10 bilh\u00f5es.<\/p>\n\t<p>\n\t\t<a href=\"https:\/\/lp.suno.com.br\/planilha-da-vida-financeira\/\" target=\"_blank\" data-element=\"shortcode-suno-banner\" title=\"Banner SUNO, clique e saiba mais\">\n\t\t\t<picture>\n\t\t\t\t<source media=\"(max-width: 500px)\" srcset=\"https:\/\/files.sunoresearch.com.br\/n\/uploads\/2023\/04\/400x300-Planilha-vida-financeira-true.png\">\n\t\t\t\t<img class=\"newsContent__article__imgCapa newsContent__article__imgCapa--banner\"\n\t\t\t\t\tsrc=\"https:\/\/files.sunoresearch.com.br\/n\/uploads\/2023\/04\/1420x240-Planilha-vida-financeira-true.png\"\n\t\t\t\t\tdata-promo-id=\"383123\"\t\t\t\t\t\t\t\t\t\twidth='1420' height='240'\t\t\t\t\talt=\"https:\/\/files.sunoresearch.com.br\/n\/uploads\/2023\/04\/1420x240-Planilha-vida-financeira-true.png\"\n\t\t\t\t>\n\t\t\t<\/picture>\n\t\t<\/a>\n\t<\/p>\n\n\n","protected":false},"excerpt":{"rendered":"<p>Natura ser\u00e1 a l\u00edder mundial na venda direta de cosm\u00e9ticos, ap\u00f3s a compra da norte-americana Avon, de acordo com a previs\u00e3o dos executivos das empresas. A negocia\u00e7\u00e3o criar\u00e1 a Natura Holding, que ser\u00e1 a quarta maior no setor de beleza no mundo. Natura ser\u00e1 l\u00edder na venda direta de cosm\u00e9ticos ap\u00f3s comprar Avon A acordo [&hellip;]<\/p>\n","protected":false},"author":11,"featured_media":21010,"comment_status":"closed","ping_status":"closed","sticky":false,"template":"","format":"standard","meta":[],"categories":[64],"tags":[975,574],"suno_strategy":[],"class_list":["post-25727","post","type-post","status-publish","format-standard","has-post-thumbnail","hentry","category-negocios","tag-avon","tag-natura-ntco3"],"yoast_head":"<!-- This site is optimized with the Yoast SEO plugin v24.4 - https:\/\/yoast.com\/wordpress\/plugins\/seo\/ -->\n<title>Natura ser\u00e1 l\u00edder na venda direta de cosm\u00e9ticos ap\u00f3s comprar Avon<\/title>\n<meta name=\"description\" content=\"Natura prev\u00ea que 68,3% das vendas venham do exterior ap\u00f3s compra da Avon; Am\u00e9rica Latina segue como mercado-chave. Clique e saiba mais.\" \/>\n<meta name=\"robots\" content=\"index, follow, max-snippet:-1, max-image-preview:large, max-video-preview:-1\" \/>\n<link rel=\"canonical\" href=\"https:\/\/www.suno.com.br\/noticias\/natura-lider-vendas-cosmeticos\/\" \/>\n<meta property=\"og:locale\" content=\"pt_BR\" \/>\n<meta property=\"og:type\" content=\"article\" \/>\n<meta property=\"og:title\" content=\"Natura ser\u00e1 l\u00edder na venda direta de cosm\u00e9ticos ap\u00f3s comprar Avon\" \/>\n<meta property=\"og:description\" content=\"Natura prev\u00ea que 68,3% das vendas venham do exterior ap\u00f3s compra da Avon; Am\u00e9rica Latina segue como mercado-chave. Clique e saiba mais.\" \/>\n<meta property=\"og:url\" content=\"https:\/\/www.suno.com.br\/noticias\/natura-lider-vendas-cosmeticos\/\" \/>\n<meta property=\"og:site_name\" content=\"Suno Not\u00edcias\" \/>\n<meta property=\"article:publisher\" content=\"https:\/\/facebook.com\/sunoresearch\" \/>\n<meta property=\"og:image\" content=\"https:\/\/files.sunoresearch.com.br\/n\/uploads\/2019\/04\/08d6620b-natura.jpg\" \/>\n\t<meta property=\"og:image:width\" content=\"820\" \/>\n\t<meta property=\"og:image:height\" content=\"312\" \/>\n\t<meta property=\"og:image:type\" content=\"image\/jpeg\" \/>\n<meta name=\"author\" content=\"Renan Bandeira\" \/>\n<meta name=\"twitter:card\" content=\"summary_large_image\" \/>\n<meta name=\"twitter:creator\" content=\"@sunoresearch\" \/>\n<meta name=\"twitter:site\" content=\"@sunoresearch\" \/>\n<meta name=\"twitter:label1\" content=\"Escrito por\" \/>\n\t<meta name=\"twitter:data1\" content=\"Renan Bandeira\" \/>\n\t<meta name=\"twitter:label2\" content=\"Est. tempo de leitura\" \/>\n\t<meta name=\"twitter:data2\" content=\"2 minutos\" \/>\n<script type=\"application\/ld+json\" class=\"yoast-schema-graph\">{\"@context\":\"https:\/\/schema.org\",\"@graph\":[{\"@type\":\"NewsArticle\",\"@id\":\"https:\/\/www.suno.com.br\/noticias\/natura-lider-vendas-cosmeticos\/#article\",\"isPartOf\":{\"@id\":\"https:\/\/www.suno.com.br\/noticias\/natura-lider-vendas-cosmeticos\/\"},\"author\":{\"name\":\"Renan Bandeira\",\"@id\":\"https:\/\/www.suno.com.br\/noticias\/#\/schema\/person\/fc144a1c6108bd1dcd43784e88a3c138\"},\"headline\":\"Natura ser\u00e1 l\u00edder na venda direta de cosm\u00e9ticos ap\u00f3s comprar Avon\",\"datePublished\":\"2019-05-23T15:34:47+00:00\",\"mainEntityOfPage\":{\"@id\":\"https:\/\/www.suno.com.br\/noticias\/natura-lider-vendas-cosmeticos\/\"},\"wordCount\":384,\"publisher\":{\"@id\":\"https:\/\/www.suno.com.br\/noticias\/#organization\"},\"image\":{\"@id\":\"https:\/\/www.suno.com.br\/noticias\/natura-lider-vendas-cosmeticos\/#primaryimage\"},\"thumbnailUrl\":\"https:\/\/files.sunoresearch.com.br\/n\/uploads\/2019\/04\/08d6620b-natura-jpg.webp\",\"keywords\":[\"Avon\",\"Natura (NTCO3)\"],\"articleSection\":[\"Neg\u00f3cios\"],\"inLanguage\":\"pt-BR\"},{\"@type\":\"WebPage\",\"@id\":\"https:\/\/www.suno.com.br\/noticias\/natura-lider-vendas-cosmeticos\/\",\"url\":\"https:\/\/www.suno.com.br\/noticias\/natura-lider-vendas-cosmeticos\/\",\"name\":\"Natura ser\u00e1 l\u00edder na venda direta de cosm\u00e9ticos ap\u00f3s comprar Avon\",\"isPartOf\":{\"@id\":\"https:\/\/www.suno.com.br\/noticias\/#website\"},\"primaryImageOfPage\":{\"@id\":\"https:\/\/www.suno.com.br\/noticias\/natura-lider-vendas-cosmeticos\/#primaryimage\"},\"image\":{\"@id\":\"https:\/\/www.suno.com.br\/noticias\/natura-lider-vendas-cosmeticos\/#primaryimage\"},\"thumbnailUrl\":\"https:\/\/files.sunoresearch.com.br\/n\/uploads\/2019\/04\/08d6620b-natura-jpg.webp\",\"datePublished\":\"2019-05-23T15:34:47+00:00\",\"description\":\"Natura prev\u00ea que 68,3% das vendas venham do exterior ap\u00f3s compra da Avon; Am\u00e9rica Latina segue como mercado-chave. Clique e saiba mais.\",\"breadcrumb\":{\"@id\":\"https:\/\/www.suno.com.br\/noticias\/natura-lider-vendas-cosmeticos\/#breadcrumb\"},\"inLanguage\":\"pt-BR\",\"potentialAction\":[{\"@type\":\"ReadAction\",\"target\":[\"https:\/\/www.suno.com.br\/noticias\/natura-lider-vendas-cosmeticos\/\"]}]},{\"@type\":\"ImageObject\",\"inLanguage\":\"pt-BR\",\"@id\":\"https:\/\/www.suno.com.br\/noticias\/natura-lider-vendas-cosmeticos\/#primaryimage\",\"url\":\"https:\/\/files.sunoresearch.com.br\/n\/uploads\/2019\/04\/08d6620b-natura-jpg.webp\",\"contentUrl\":\"https:\/\/files.sunoresearch.com.br\/n\/uploads\/2019\/04\/08d6620b-natura-jpg.webp\",\"width\":820,\"height\":312,\"caption\":\"Natura ser\u00e1 l\u00edder na venda direta de cosm\u00e9ticos ap\u00f3s comprar Avon\"},{\"@type\":\"BreadcrumbList\",\"@id\":\"https:\/\/www.suno.com.br\/noticias\/natura-lider-vendas-cosmeticos\/#breadcrumb\",\"itemListElement\":[{\"@type\":\"ListItem\",\"position\":1,\"name\":\"Not\u00edcias\",\"item\":\"https:\/\/www.suno.com.br\/noticias\/\"},{\"@type\":\"ListItem\",\"position\":2,\"name\":\"Neg\u00f3cios\",\"item\":\"https:\/\/www.suno.com.br\/noticias\/negocios\/\"},{\"@type\":\"ListItem\",\"position\":3,\"name\":\"Natura ser\u00e1 l\u00edder na venda direta de cosm\u00e9ticos ap\u00f3s comprar Avon\"}]},{\"@type\":\"WebSite\",\"@id\":\"https:\/\/www.suno.com.br\/noticias\/#website\",\"url\":\"https:\/\/www.suno.com.br\/noticias\/\",\"name\":\"Suno Not\u00edcias\",\"description\":\"Seu portal de informa\u00e7\u00e3o sobre o mundo dos investimentos\",\"publisher\":{\"@id\":\"https:\/\/www.suno.com.br\/noticias\/#organization\"},\"potentialAction\":[{\"@type\":\"SearchAction\",\"target\":{\"@type\":\"EntryPoint\",\"urlTemplate\":\"https:\/\/www.suno.com.br\/noticias\/?s={search_term_string}\"},\"query-input\":{\"@type\":\"PropertyValueSpecification\",\"valueRequired\":true,\"valueName\":\"search_term_string\"}}],\"inLanguage\":\"pt-BR\"},{\"@type\":\"Organization\",\"@id\":\"https:\/\/www.suno.com.br\/noticias\/#organization\",\"name\":\"Suno Not\u00edcias\",\"url\":\"https:\/\/www.suno.com.br\/noticias\/\",\"logo\":{\"@type\":\"ImageObject\",\"inLanguage\":\"pt-BR\",\"@id\":\"https:\/\/www.suno.com.br\/noticias\/#\/schema\/logo\/image\/\",\"url\":\"https:\/\/files.sunoresearch.com.br\/n\/uploads\/2021\/09\/suno-logo.png\",\"contentUrl\":\"https:\/\/files.sunoresearch.com.br\/n\/uploads\/2021\/09\/suno-logo.png\",\"width\":180,\"height\":180,\"caption\":\"Suno Not\u00edcias\"},\"image\":{\"@id\":\"https:\/\/www.suno.com.br\/noticias\/#\/schema\/logo\/image\/\"},\"sameAs\":[\"https:\/\/facebook.com\/sunoresearch\",\"https:\/\/x.com\/sunoresearch\",\"https:\/\/www.instagram.com\/suno\",\"https:\/\/www.linkedin.com\/company\/suno-research\/\",\"https:\/\/www.youtube.com\/c\/sunoresearch\"]},{\"@type\":\"Person\",\"@id\":\"https:\/\/www.suno.com.br\/noticias\/#\/schema\/person\/fc144a1c6108bd1dcd43784e88a3c138\",\"name\":\"Renan Bandeira\",\"image\":{\"@type\":\"ImageObject\",\"inLanguage\":\"pt-BR\",\"@id\":\"https:\/\/www.suno.com.br\/noticias\/#\/schema\/person\/image\/\",\"url\":\"https:\/\/secure.gravatar.com\/avatar\/68359cdb608f14f11bbefcb78f3fc747?s=96&r=g\",\"contentUrl\":\"https:\/\/secure.gravatar.com\/avatar\/68359cdb608f14f11bbefcb78f3fc747?s=96&r=g\",\"caption\":\"Renan Bandeira\"},\"description\":\"Renan Bandeira escreve sobre pol\u00edtica e economia para o portal da Suno Research. Antes da Suno, trabalhou em uma rede de televis\u00e3o, onde fazia reportagens sobre os mesmos temas. Estuda na Universidade Metodista de S\u00e3o Paulo.\",\"url\":\"https:\/\/www.suno.com.br\/noticias\/author\/renan-bandeira\/\"}]}<\/script>\n<!-- \/ Yoast SEO plugin. -->","yoast_head_json":{"title":"Natura ser\u00e1 l\u00edder na venda direta de cosm\u00e9ticos ap\u00f3s comprar Avon","description":"Natura prev\u00ea que 68,3% das vendas venham do exterior ap\u00f3s compra da Avon; Am\u00e9rica Latina segue como mercado-chave. Clique e saiba mais.","robots":{"index":"index","follow":"follow","max-snippet":"max-snippet:-1","max-image-preview":"max-image-preview:large","max-video-preview":"max-video-preview:-1"},"canonical":"https:\/\/www.suno.com.br\/noticias\/natura-lider-vendas-cosmeticos\/","og_locale":"pt_BR","og_type":"article","og_title":"Natura ser\u00e1 l\u00edder na venda direta de cosm\u00e9ticos ap\u00f3s comprar Avon","og_description":"Natura prev\u00ea que 68,3% das vendas venham do exterior ap\u00f3s compra da Avon; Am\u00e9rica Latina segue como mercado-chave. Clique e saiba mais.","og_url":"https:\/\/www.suno.com.br\/noticias\/natura-lider-vendas-cosmeticos\/","og_site_name":"Suno Not\u00edcias","article_publisher":"https:\/\/facebook.com\/sunoresearch","og_image":[{"width":820,"height":312,"url":"https:\/\/files.sunoresearch.com.br\/n\/uploads\/2019\/04\/08d6620b-natura.jpg","type":"image\/jpeg"}],"author":"Renan Bandeira","twitter_card":"summary_large_image","twitter_creator":"@sunoresearch","twitter_site":"@sunoresearch","twitter_misc":{"Escrito por":"Renan Bandeira","Est. tempo de leitura":"2 minutos"},"schema":{"@context":"https:\/\/schema.org","@graph":[{"@type":"NewsArticle","@id":"https:\/\/www.suno.com.br\/noticias\/natura-lider-vendas-cosmeticos\/#article","isPartOf":{"@id":"https:\/\/www.suno.com.br\/noticias\/natura-lider-vendas-cosmeticos\/"},"author":{"name":"Renan Bandeira","@id":"https:\/\/www.suno.com.br\/noticias\/#\/schema\/person\/fc144a1c6108bd1dcd43784e88a3c138"},"headline":"Natura ser\u00e1 l\u00edder na venda direta de cosm\u00e9ticos ap\u00f3s comprar Avon","datePublished":"2019-05-23T15:34:47+00:00","mainEntityOfPage":{"@id":"https:\/\/www.suno.com.br\/noticias\/natura-lider-vendas-cosmeticos\/"},"wordCount":384,"publisher":{"@id":"https:\/\/www.suno.com.br\/noticias\/#organization"},"image":{"@id":"https:\/\/www.suno.com.br\/noticias\/natura-lider-vendas-cosmeticos\/#primaryimage"},"thumbnailUrl":"https:\/\/files.sunoresearch.com.br\/n\/uploads\/2019\/04\/08d6620b-natura-jpg.webp","keywords":["Avon","Natura (NTCO3)"],"articleSection":["Neg\u00f3cios"],"inLanguage":"pt-BR"},{"@type":"WebPage","@id":"https:\/\/www.suno.com.br\/noticias\/natura-lider-vendas-cosmeticos\/","url":"https:\/\/www.suno.com.br\/noticias\/natura-lider-vendas-cosmeticos\/","name":"Natura ser\u00e1 l\u00edder na venda direta de cosm\u00e9ticos ap\u00f3s comprar Avon","isPartOf":{"@id":"https:\/\/www.suno.com.br\/noticias\/#website"},"primaryImageOfPage":{"@id":"https:\/\/www.suno.com.br\/noticias\/natura-lider-vendas-cosmeticos\/#primaryimage"},"image":{"@id":"https:\/\/www.suno.com.br\/noticias\/natura-lider-vendas-cosmeticos\/#primaryimage"},"thumbnailUrl":"https:\/\/files.sunoresearch.com.br\/n\/uploads\/2019\/04\/08d6620b-natura-jpg.webp","datePublished":"2019-05-23T15:34:47+00:00","description":"Natura prev\u00ea que 68,3% das vendas venham do exterior ap\u00f3s compra da Avon; Am\u00e9rica Latina segue como mercado-chave. Clique e saiba mais.","breadcrumb":{"@id":"https:\/\/www.suno.com.br\/noticias\/natura-lider-vendas-cosmeticos\/#breadcrumb"},"inLanguage":"pt-BR","potentialAction":[{"@type":"ReadAction","target":["https:\/\/www.suno.com.br\/noticias\/natura-lider-vendas-cosmeticos\/"]}]},{"@type":"ImageObject","inLanguage":"pt-BR","@id":"https:\/\/www.suno.com.br\/noticias\/natura-lider-vendas-cosmeticos\/#primaryimage","url":"https:\/\/files.sunoresearch.com.br\/n\/uploads\/2019\/04\/08d6620b-natura-jpg.webp","contentUrl":"https:\/\/files.sunoresearch.com.br\/n\/uploads\/2019\/04\/08d6620b-natura-jpg.webp","width":820,"height":312,"caption":"Natura ser\u00e1 l\u00edder na venda direta de cosm\u00e9ticos ap\u00f3s comprar Avon"},{"@type":"BreadcrumbList","@id":"https:\/\/www.suno.com.br\/noticias\/natura-lider-vendas-cosmeticos\/#breadcrumb","itemListElement":[{"@type":"ListItem","position":1,"name":"Not\u00edcias","item":"https:\/\/www.suno.com.br\/noticias\/"},{"@type":"ListItem","position":2,"name":"Neg\u00f3cios","item":"https:\/\/www.suno.com.br\/noticias\/negocios\/"},{"@type":"ListItem","position":3,"name":"Natura ser\u00e1 l\u00edder na venda direta de cosm\u00e9ticos ap\u00f3s comprar Avon"}]},{"@type":"WebSite","@id":"https:\/\/www.suno.com.br\/noticias\/#website","url":"https:\/\/www.suno.com.br\/noticias\/","name":"Suno Not\u00edcias","description":"Seu portal de informa\u00e7\u00e3o sobre o mundo dos investimentos","publisher":{"@id":"https:\/\/www.suno.com.br\/noticias\/#organization"},"potentialAction":[{"@type":"SearchAction","target":{"@type":"EntryPoint","urlTemplate":"https:\/\/www.suno.com.br\/noticias\/?s={search_term_string}"},"query-input":{"@type":"PropertyValueSpecification","valueRequired":true,"valueName":"search_term_string"}}],"inLanguage":"pt-BR"},{"@type":"Organization","@id":"https:\/\/www.suno.com.br\/noticias\/#organization","name":"Suno Not\u00edcias","url":"https:\/\/www.suno.com.br\/noticias\/","logo":{"@type":"ImageObject","inLanguage":"pt-BR","@id":"https:\/\/www.suno.com.br\/noticias\/#\/schema\/logo\/image\/","url":"https:\/\/files.sunoresearch.com.br\/n\/uploads\/2021\/09\/suno-logo.png","contentUrl":"https:\/\/files.sunoresearch.com.br\/n\/uploads\/2021\/09\/suno-logo.png","width":180,"height":180,"caption":"Suno Not\u00edcias"},"image":{"@id":"https:\/\/www.suno.com.br\/noticias\/#\/schema\/logo\/image\/"},"sameAs":["https:\/\/facebook.com\/sunoresearch","https:\/\/x.com\/sunoresearch","https:\/\/www.instagram.com\/suno","https:\/\/www.linkedin.com\/company\/suno-research\/","https:\/\/www.youtube.com\/c\/sunoresearch"]},{"@type":"Person","@id":"https:\/\/www.suno.com.br\/noticias\/#\/schema\/person\/fc144a1c6108bd1dcd43784e88a3c138","name":"Renan Bandeira","image":{"@type":"ImageObject","inLanguage":"pt-BR","@id":"https:\/\/www.suno.com.br\/noticias\/#\/schema\/person\/image\/","url":"https:\/\/secure.gravatar.com\/avatar\/68359cdb608f14f11bbefcb78f3fc747?s=96&r=g","contentUrl":"https:\/\/secure.gravatar.com\/avatar\/68359cdb608f14f11bbefcb78f3fc747?s=96&r=g","caption":"Renan Bandeira"},"description":"Renan Bandeira escreve sobre pol\u00edtica e economia para o portal da Suno Research. Antes da Suno, trabalhou em uma rede de televis\u00e3o, onde fazia reportagens sobre os mesmos temas. Estuda na Universidade Metodista de S\u00e3o Paulo.","url":"https:\/\/www.suno.com.br\/noticias\/author\/renan-bandeira\/"}]}},"default_loop_html":"<div class=\"cardsPage__listCard__boxs\"><div class=\"cardsPage__listCard__boxs__img\"><a href=\"https:\/\/www.suno.com.br\/noticias\/natura-lider-vendas-cosmeticos\/\"><img class=\"mask\" src=\"https:\/\/www.suno.com.br\/noticias\/wp-content\/themes\/suno\/resources\/images\/spotlight\/spotlight1img\/bg-mask.png\" alt=\"Image Mask\"\/><img src=\"https:\/\/files.sunoresearch.com.br\/n\/uploads\/2019\/04\/08d6620b-natura-400x200.webp\" alt=\"Natura ser\u00e1 l\u00edder na venda direta de cosm\u00e9ticos ap\u00f3s comprar Avon\"\/><\/a><span class=\"spotlightCategory\"><a href=\"https:\/\/www.suno.com.br\/noticias\/negocios\/\">Neg\u00f3cios<\/a><\/span><\/div><div class=\"cardsPage__listCard__boxs__content\"><a href=\"https:\/\/www.suno.com.br\/noticias\/natura-lider-vendas-cosmeticos\/\"><h2 class=\"content__title\">Natura ser\u00e1 l\u00edder na venda direta de cosm\u00e9ticos ap\u00f3s comprar Avon<\/h2><\/a><div class=\"newsContent__article__meta\"><div class=\"newsContent__article__meta__authorBox\"><a href=\"https:\/\/www.suno.com.br\/noticias\/author\/renan-bandeira\/\" class=\"authorBox__avatar noMobi\"><img src=\"https:\/\/secure.gravatar.com\/avatar\/68359cdb608f14f11bbefcb78f3fc747?s=96&#038;r=g\" alt=\"Renan Bandeira\"><\/a><div class=\"authorBox__name\"><span>por\n\t\t\t<a href=\"https:\/\/www.suno.com.br\/noticias\/author\/renan-bandeira\/\"><span itemprop=\"author\">Renan Bandeira<\/span><\/a><\/span><time datetime=\"2019-05-23T12:34:47-03:00\" itemprop=\"datePublished\">23\/05\/2019 12:34<\/time><\/div><\/div><\/div><\/div><\/div>","single_layout":"posts","amp_enabled":true,"_links":{"self":[{"href":"https:\/\/www.suno.com.br\/noticias\/wp-json\/wp\/v2\/posts\/25727"}],"collection":[{"href":"https:\/\/www.suno.com.br\/noticias\/wp-json\/wp\/v2\/posts"}],"about":[{"href":"https:\/\/www.suno.com.br\/noticias\/wp-json\/wp\/v2\/types\/post"}],"author":[{"embeddable":true,"href":"https:\/\/www.suno.com.br\/noticias\/wp-json\/wp\/v2\/users\/11"}],"replies":[{"embeddable":true,"href":"https:\/\/www.suno.com.br\/noticias\/wp-json\/wp\/v2\/comments?post=25727"}],"version-history":[{"count":0,"href":"https:\/\/www.suno.com.br\/noticias\/wp-json\/wp\/v2\/posts\/25727\/revisions"}],"wp:featuredmedia":[{"embeddable":true,"href":"https:\/\/www.suno.com.br\/noticias\/wp-json\/wp\/v2\/media\/21010"}],"wp:attachment":[{"href":"https:\/\/www.suno.com.br\/noticias\/wp-json\/wp\/v2\/media?parent=25727"}],"wp:term":[{"taxonomy":"category","embeddable":true,"href":"https:\/\/www.suno.com.br\/noticias\/wp-json\/wp\/v2\/categories?post=25727"},{"taxonomy":"post_tag","embeddable":true,"href":"https:\/\/www.suno.com.br\/noticias\/wp-json\/wp\/v2\/tags?post=25727"},{"taxonomy":"suno_strategy","embeddable":true,"href":"https:\/\/www.suno.com.br\/noticias\/wp-json\/wp\/v2\/suno_strategy?post=25727"}],"curies":[{"name":"wp","href":"https:\/\/api.w.org\/{rel}","templated":true}]}}