{"id":25721,"date":"2019-05-23T11:29:07","date_gmt":"2019-05-23T14:29:07","guid":{"rendered":"https:\/\/www.suno.com.br\/noticias\/?p=25721"},"modified":"2019-05-23T11:29:07","modified_gmt":"2019-05-23T14:29:07","slug":"carlos-ghosn-vai-julgamento","status":"publish","type":"post","link":"https:\/\/www.suno.com.br\/noticias\/carlos-ghosn-vai-julgamento\/","title":{"rendered":"Carlos Ghosn vai \u00e0 primeira audi\u00eancia de seu julgamento em T\u00f3quio"},"content":{"rendered":"<p>Carlos Ghosn compareceu \u00e0 primeira audi\u00eancia preliminar de seu julgamento, nesta quinta-feira (23). Ghosn \u00e9 ex-presidente da alian\u00e7a automotiva da Nissan e Renault.<\/p>\t<div class=\"wrapper-featured-image\">\n\t\t<figure class=\"spotlightImg\">\n\n\t\t\t<picture>\n\t\t\t\t<source media=\"(max-width: 768px)\" srcset=\"https:\/\/files.sunoresearch.com.br\/n\/uploads\/2018\/11\/5f368966-carlos-ghosn-1-400x200.webp\">\n\t\t\t\t<img loading=\"lazy\" decoding=\"async\" class=\"newsContent__article__imgCapa lazyloadDisabled newsContent__article__imgCapa--noCaption\" src=\"https:\/\/files.sunoresearch.com.br\/n\/uploads\/2018\/11\/5f368966-carlos-ghosn-1-jpg.webp\" width=\"800\" height=\"450\" alt=\"Carlos Ghosn vai \u00e0 primeira audi\u00eancia de seu julgamento em T\u00f3quio\" fetchpriority=high \/>\n\t\t\t<\/picture>\n\n\t\t\t<figcaption class=\"wp-caption-text wp-caption-text--hide\">Carlos Ghosn vai \u00e0 primeira audi\u00eancia de seu julgamento em T\u00f3quio<\/figcaption>\n\t\t<\/figure>\n\t<\/div>\n\n\n<p><strong>Carlos<\/strong> <strong>Ghosn<\/strong> se apresentou por volta das 9h30, hora local, no <strong>Tribunal<\/strong> <strong>de<\/strong> <strong>Distrito<\/strong> <strong>de<\/strong> <strong>T\u00f3quio<\/strong>. O executivo estava acompanhado por quatro de seus advogados, entre eles, Junichiro Hironaka, respons\u00e1vel pela sua defesa que apresentou aos promotores os pontos discordantes das <strong>acusa\u00e7\u00f5es<\/strong>.<\/p>\n\t<p>\n\t\t<a href=\"https:\/\/lp.suno.com.br\/ao\/servico-especializado-suno-tf\/?utm_source=adwords&#038;utm_medium=search&#038;utm_campaign=search.servico.funilconsultoria&#038;utm_content=1147_responsivo-a&#038;hsa_acc=2326072784&#038;hsa_cam=18022897917&#038;hsa_grp=141470255993&#038;hsa_ad=616145467912&#038;hsa_src=g&#038;hsa_tgt=kwd-303658942458&#038;hsa_kw=gestora+de+investimentos&#038;hsa_mt=b&#038;hsa_net=adwords&#038;hsa_ver=3&#038;gad_source=1&#038;gclid=CjwKCAjw1emzBhB8EiwAHwZZxQMvA3xJVRzLGZ70LmuSzR55X-KvxijSay8c5Hm88Sznnq97j8XbORoC-sMQAvD_BwE\" target=\"_blank\" data-element=\"shortcode-suno-banner\" title=\"Banner SUNO, clique e saiba mais\">\n\t\t\t<picture>\n\t\t\t\t<source media=\"(max-width: 500px)\" srcset=\"https:\/\/files.sunoresearch.com.br\/n\/uploads\/2024\/06\/400x300-Mobile-Artigos-5.png\">\n\t\t\t\t<img class=\"newsContent__article__imgCapa newsContent__article__imgCapa--banner\"\n\t\t\t\t\tsrc=\"https:\/\/files.sunoresearch.com.br\/n\/uploads\/2024\/06\/1420x240-Banner-Artigos-1-_-Banner-Materias-3.png\"\n\t\t\t\t\tdata-promo-id=\"563605\"\t\t\t\t\t\t\t\t\t\twidth='1420' height='240'\t\t\t\t\talt=\"https:\/\/files.sunoresearch.com.br\/n\/uploads\/2024\/06\/1420x240-Banner-Artigos-1-_-Banner-Materias-3.png\"\n\t\t\t\t>\n\t\t\t<\/picture>\n\t\t<\/a>\n\t<\/p>\n\n\n<p>A sess\u00e3o foi fechada \u00e0 imprensa e durou cerca de 30 minutos. No entanto, participaram dela um juiz, os promotores, Ghosn, sua defesa e um int\u00e9rprete, segundo a emissora &#8220;NHK&#8221;.<\/p>\n<p>De acordo com a emissora, os advogados pediram para que os promotores revelassem suas provas o mais r\u00e1pido poss\u00edvel.<\/p>\n<p>Ghosn \u00e9 acusado de ocultar as compensa\u00e7\u00f5es financeiras feitas com a <strong>Nissan<\/strong> das <strong>autoridades<\/strong> <strong>financeiras<\/strong> <strong>do<\/strong> <strong>Jap\u00e3o<\/strong>. Al\u00e9m disso, \u00e9 acusado de abusar da confian\u00e7a da companhia japonesa utilizando fundos corporativos e realizar transa\u00e7\u00f5es n\u00e3o comerciais para a japonesa.<\/p>\n<p><a href=\"https:\/\/www.suno.com.br\/noticias\/alianca-renault-nissan-mitsubishi-mudar\/\">Saiba mais:\u00a0Alian\u00e7a Renault-Nissan-Mitsubishi deve mudar, diz ministro franc\u00eas<\/a><\/p>\n<h2>Acusa\u00e7\u00f5es contra Ghosn<\/h2>\n<p>Carlos Ghons \u00e9 acusado de ao menos quatro crimes, sendo eles:<\/p>\n<ul>\n<li>Ganho de R$ 334 milh\u00f5es, entre 2010 e 2015, sem que fosse declarado R$ 167,4 milh\u00f5es;<\/li>\n<li>Uso indevido de bens da Nissan;<\/li>\n<li>Repasse aos cofres da Nissan de d\u00edvida particular de US$ 16,6 milh\u00f5es;<\/li>\n<li>Preju\u00edzo de US$ 5 milh\u00f5es para a montadora em transfer\u00eancia para fundo em Om\u00e3.<\/li>\n<\/ul>\n<h2>Quem \u00e9 Ghosn?<\/h2>\n<p>Carlos Ghosn \u00e9 um executivo brasileiro que comandou a alian\u00e7a <strong>Renault-Nissan-Mitsubishi<\/strong>. Na Nissan e na <strong>Renault<\/strong>, ocupava o cargo de presidente do conselho e presidente executivo. Na alian\u00e7a entre as montadoras, n\u00famero na venda de carros em 2017, era presidente executivo.<\/p>\n<p>Sua carreira nas montadoras foi iniciada em 1996, quando entrou na Renault, ap\u00f3s sair da tamb\u00e9m francesa <strong>Michelin<\/strong>. Tr\u00eas anos depois, passa a trabalhar a Nissan tamb\u00e9m, em um parceria com a Renault. Em 2016, a <strong>Mitsubishi<\/strong> \u00e9 comprada pela Renault, e Ghosn passa a presidir a alian\u00e7a automotiva.<\/p>\n\t<p>\n\t\t<a href=\"https:\/\/www.suno.com.br\/wealth\/\" target=\"_blank\" data-element=\"shortcode-suno-banner\" title=\"Banner SUNO, clique e saiba mais\">\n\t\t\t<picture>\n\t\t\t\t<source media=\"(max-width: 500px)\" srcset=\"https:\/\/files.sunoresearch.com.br\/n\/uploads\/2024\/01\/400x300-Mobile-WEALTH.png\">\n\t\t\t\t<img class=\"newsContent__article__imgCapa newsContent__article__imgCapa--banner\"\n\t\t\t\t\tsrc=\"https:\/\/files.sunoresearch.com.br\/n\/uploads\/2024\/01\/1420x240-Banner-Artigos-1-_-Banner-Materias-1-6.png\"\n\t\t\t\t\tdata-promo-id=\"512147\"\t\t\t\t\t\t\t\t\t\twidth='1420' height='240'\t\t\t\t\talt=\"https:\/\/files.sunoresearch.com.br\/n\/uploads\/2024\/01\/1420x240-Banner-Artigos-1-_-Banner-Materias-1-6.png\"\n\t\t\t\t>\n\t\t\t<\/picture>\n\t\t<\/a>\n\t<\/p>\n\n\n<p>No entanto, em 2018, o executivo \u00e9 <strong>preso<\/strong> <strong>no<\/strong> <strong>Jap\u00e3o<\/strong> acusado de sonega\u00e7\u00e3o e fraude. Em 6 de mar\u00e7o deste ano \u00e9 solto sob pagamento de fian\u00e7a e diversas restri\u00e7\u00f5es. No entanto, pouco mais de um m\u00eas ap\u00f3s a soltura,<strong> Carlos Ghosn<\/strong> \u00e9 preso novamente por novas den\u00fancias de sonega\u00e7\u00e3o financeira. Em 25 de abril \u00e9 <strong>solto<\/strong> pela segunda vez, mediante pagamento de <strong>fian\u00e7a<\/strong>.<\/p>\n","protected":false},"excerpt":{"rendered":"<p>Carlos Ghosn compareceu \u00e0 primeira audi\u00eancia preliminar de seu julgamento, nesta quinta-feira (23). Ghosn \u00e9 ex-presidente da alian\u00e7a automotiva da Nissan e Renault. Carlos Ghosn vai \u00e0 primeira audi\u00eancia de seu julgamento em T\u00f3quio Carlos Ghosn se apresentou por volta das 9h30, hora local, no Tribunal de Distrito de T\u00f3quio. O executivo estava acompanhado por [&hellip;]<\/p>\n","protected":false},"author":11,"featured_media":6676,"comment_status":"closed","ping_status":"closed","sticky":false,"template":"","format":"standard","meta":[],"categories":[63],"tags":[876],"suno_strategy":[],"class_list":["post-25721","post","type-post","status-publish","format-standard","has-post-thumbnail","hentry","category-internacional","tag-carlos-ghosn"],"yoast_head":"<!-- This site is optimized with the Yoast SEO plugin v24.4 - https:\/\/yoast.com\/wordpress\/plugins\/seo\/ -->\n<title>Carlos Ghosn vai \u00e0 primeira audi\u00eancia de seu julgamento em T\u00f3quio<\/title>\n<meta name=\"description\" content=\"Carlos Ghosn \u00e9 ex-presidente da alian\u00e7a automotiva da Renault-Nissan-Mitsubishi; Ghosn responde por quatro acusa\u00e7\u00f5es. Clique e saiba mais.\" \/>\n<meta name=\"robots\" content=\"index, follow, max-snippet:-1, max-image-preview:large, max-video-preview:-1\" \/>\n<link rel=\"canonical\" href=\"https:\/\/www.suno.com.br\/noticias\/carlos-ghosn-vai-julgamento\/\" \/>\n<meta property=\"og:locale\" content=\"pt_BR\" \/>\n<meta property=\"og:type\" content=\"article\" \/>\n<meta property=\"og:title\" content=\"Carlos Ghosn vai \u00e0 primeira audi\u00eancia de seu julgamento em T\u00f3quio\" \/>\n<meta property=\"og:description\" content=\"Carlos Ghosn \u00e9 ex-presidente da alian\u00e7a automotiva da Renault-Nissan-Mitsubishi; Ghosn responde por quatro acusa\u00e7\u00f5es. Clique e saiba mais.\" \/>\n<meta property=\"og:url\" content=\"https:\/\/www.suno.com.br\/noticias\/carlos-ghosn-vai-julgamento\/\" \/>\n<meta property=\"og:site_name\" content=\"Suno Not\u00edcias\" \/>\n<meta property=\"article:publisher\" content=\"https:\/\/facebook.com\/sunoresearch\" \/>\n<meta property=\"og:image\" content=\"https:\/\/files.sunoresearch.com.br\/n\/uploads\/2018\/11\/5f368966-carlos-ghosn-1.jpg\" \/>\n\t<meta property=\"og:image:width\" content=\"768\" \/>\n\t<meta property=\"og:image:height\" content=\"563\" \/>\n\t<meta property=\"og:image:type\" content=\"image\/jpeg\" \/>\n<meta name=\"author\" content=\"Renan Bandeira\" \/>\n<meta name=\"twitter:card\" content=\"summary_large_image\" \/>\n<meta name=\"twitter:creator\" content=\"@sunoresearch\" \/>\n<meta name=\"twitter:site\" content=\"@sunoresearch\" \/>\n<meta name=\"twitter:label1\" content=\"Escrito por\" \/>\n\t<meta name=\"twitter:data1\" content=\"Renan Bandeira\" \/>\n\t<meta name=\"twitter:label2\" content=\"Est. tempo de leitura\" \/>\n\t<meta name=\"twitter:data2\" content=\"2 minutos\" \/>\n<script type=\"application\/ld+json\" class=\"yoast-schema-graph\">{\"@context\":\"https:\/\/schema.org\",\"@graph\":[{\"@type\":\"NewsArticle\",\"@id\":\"https:\/\/www.suno.com.br\/noticias\/carlos-ghosn-vai-julgamento\/#article\",\"isPartOf\":{\"@id\":\"https:\/\/www.suno.com.br\/noticias\/carlos-ghosn-vai-julgamento\/\"},\"author\":{\"name\":\"Renan Bandeira\",\"@id\":\"https:\/\/www.suno.com.br\/noticias\/#\/schema\/person\/fc144a1c6108bd1dcd43784e88a3c138\"},\"headline\":\"Carlos Ghosn vai \u00e0 primeira audi\u00eancia de seu julgamento em T\u00f3quio\",\"datePublished\":\"2019-05-23T14:29:07+00:00\",\"mainEntityOfPage\":{\"@id\":\"https:\/\/www.suno.com.br\/noticias\/carlos-ghosn-vai-julgamento\/\"},\"wordCount\":415,\"publisher\":{\"@id\":\"https:\/\/www.suno.com.br\/noticias\/#organization\"},\"image\":{\"@id\":\"https:\/\/www.suno.com.br\/noticias\/carlos-ghosn-vai-julgamento\/#primaryimage\"},\"thumbnailUrl\":\"https:\/\/files.sunoresearch.com.br\/n\/uploads\/2018\/11\/5f368966-carlos-ghosn-1-jpg.webp\",\"keywords\":[\"Carlos Ghosn\"],\"articleSection\":[\"Internacional\"],\"inLanguage\":\"pt-BR\"},{\"@type\":\"WebPage\",\"@id\":\"https:\/\/www.suno.com.br\/noticias\/carlos-ghosn-vai-julgamento\/\",\"url\":\"https:\/\/www.suno.com.br\/noticias\/carlos-ghosn-vai-julgamento\/\",\"name\":\"Carlos Ghosn vai \u00e0 primeira audi\u00eancia de seu julgamento em T\u00f3quio\",\"isPartOf\":{\"@id\":\"https:\/\/www.suno.com.br\/noticias\/#website\"},\"primaryImageOfPage\":{\"@id\":\"https:\/\/www.suno.com.br\/noticias\/carlos-ghosn-vai-julgamento\/#primaryimage\"},\"image\":{\"@id\":\"https:\/\/www.suno.com.br\/noticias\/carlos-ghosn-vai-julgamento\/#primaryimage\"},\"thumbnailUrl\":\"https:\/\/files.sunoresearch.com.br\/n\/uploads\/2018\/11\/5f368966-carlos-ghosn-1-jpg.webp\",\"datePublished\":\"2019-05-23T14:29:07+00:00\",\"description\":\"Carlos Ghosn \u00e9 ex-presidente da alian\u00e7a automotiva da Renault-Nissan-Mitsubishi; Ghosn responde por quatro acusa\u00e7\u00f5es. Clique e saiba mais.\",\"breadcrumb\":{\"@id\":\"https:\/\/www.suno.com.br\/noticias\/carlos-ghosn-vai-julgamento\/#breadcrumb\"},\"inLanguage\":\"pt-BR\",\"potentialAction\":[{\"@type\":\"ReadAction\",\"target\":[\"https:\/\/www.suno.com.br\/noticias\/carlos-ghosn-vai-julgamento\/\"]}]},{\"@type\":\"ImageObject\",\"inLanguage\":\"pt-BR\",\"@id\":\"https:\/\/www.suno.com.br\/noticias\/carlos-ghosn-vai-julgamento\/#primaryimage\",\"url\":\"https:\/\/files.sunoresearch.com.br\/n\/uploads\/2018\/11\/5f368966-carlos-ghosn-1-jpg.webp\",\"contentUrl\":\"https:\/\/files.sunoresearch.com.br\/n\/uploads\/2018\/11\/5f368966-carlos-ghosn-1-jpg.webp\",\"width\":768,\"height\":563,\"caption\":\"Carlos Ghosn vai \u00e0 primeira audi\u00eancia de seu julgamento em T\u00f3quio\"},{\"@type\":\"BreadcrumbList\",\"@id\":\"https:\/\/www.suno.com.br\/noticias\/carlos-ghosn-vai-julgamento\/#breadcrumb\",\"itemListElement\":[{\"@type\":\"ListItem\",\"position\":1,\"name\":\"Not\u00edcias\",\"item\":\"https:\/\/www.suno.com.br\/noticias\/\"},{\"@type\":\"ListItem\",\"position\":2,\"name\":\"Internacional\",\"item\":\"https:\/\/www.suno.com.br\/noticias\/internacional\/\"},{\"@type\":\"ListItem\",\"position\":3,\"name\":\"Carlos Ghosn vai \u00e0 primeira audi\u00eancia de seu julgamento em T\u00f3quio\"}]},{\"@type\":\"WebSite\",\"@id\":\"https:\/\/www.suno.com.br\/noticias\/#website\",\"url\":\"https:\/\/www.suno.com.br\/noticias\/\",\"name\":\"Suno Not\u00edcias\",\"description\":\"Seu portal de informa\u00e7\u00e3o sobre o mundo dos investimentos\",\"publisher\":{\"@id\":\"https:\/\/www.suno.com.br\/noticias\/#organization\"},\"potentialAction\":[{\"@type\":\"SearchAction\",\"target\":{\"@type\":\"EntryPoint\",\"urlTemplate\":\"https:\/\/www.suno.com.br\/noticias\/?s={search_term_string}\"},\"query-input\":{\"@type\":\"PropertyValueSpecification\",\"valueRequired\":true,\"valueName\":\"search_term_string\"}}],\"inLanguage\":\"pt-BR\"},{\"@type\":\"Organization\",\"@id\":\"https:\/\/www.suno.com.br\/noticias\/#organization\",\"name\":\"Suno Not\u00edcias\",\"url\":\"https:\/\/www.suno.com.br\/noticias\/\",\"logo\":{\"@type\":\"ImageObject\",\"inLanguage\":\"pt-BR\",\"@id\":\"https:\/\/www.suno.com.br\/noticias\/#\/schema\/logo\/image\/\",\"url\":\"https:\/\/files.sunoresearch.com.br\/n\/uploads\/2021\/09\/suno-logo.png\",\"contentUrl\":\"https:\/\/files.sunoresearch.com.br\/n\/uploads\/2021\/09\/suno-logo.png\",\"width\":180,\"height\":180,\"caption\":\"Suno Not\u00edcias\"},\"image\":{\"@id\":\"https:\/\/www.suno.com.br\/noticias\/#\/schema\/logo\/image\/\"},\"sameAs\":[\"https:\/\/facebook.com\/sunoresearch\",\"https:\/\/x.com\/sunoresearch\",\"https:\/\/www.instagram.com\/suno\",\"https:\/\/www.linkedin.com\/company\/suno-research\/\",\"https:\/\/www.youtube.com\/c\/sunoresearch\"]},{\"@type\":\"Person\",\"@id\":\"https:\/\/www.suno.com.br\/noticias\/#\/schema\/person\/fc144a1c6108bd1dcd43784e88a3c138\",\"name\":\"Renan Bandeira\",\"image\":{\"@type\":\"ImageObject\",\"inLanguage\":\"pt-BR\",\"@id\":\"https:\/\/www.suno.com.br\/noticias\/#\/schema\/person\/image\/\",\"url\":\"https:\/\/secure.gravatar.com\/avatar\/68359cdb608f14f11bbefcb78f3fc747?s=96&r=g\",\"contentUrl\":\"https:\/\/secure.gravatar.com\/avatar\/68359cdb608f14f11bbefcb78f3fc747?s=96&r=g\",\"caption\":\"Renan Bandeira\"},\"description\":\"Renan Bandeira escreve sobre pol\u00edtica e economia para o portal da Suno Research. Antes da Suno, trabalhou em uma rede de televis\u00e3o, onde fazia reportagens sobre os mesmos temas. Estuda na Universidade Metodista de S\u00e3o Paulo.\",\"url\":\"https:\/\/www.suno.com.br\/noticias\/author\/renan-bandeira\/\"}]}<\/script>\n<!-- \/ Yoast SEO plugin. -->","yoast_head_json":{"title":"Carlos Ghosn vai \u00e0 primeira audi\u00eancia de seu julgamento em T\u00f3quio","description":"Carlos Ghosn \u00e9 ex-presidente da alian\u00e7a automotiva da Renault-Nissan-Mitsubishi; Ghosn responde por quatro acusa\u00e7\u00f5es. Clique e saiba mais.","robots":{"index":"index","follow":"follow","max-snippet":"max-snippet:-1","max-image-preview":"max-image-preview:large","max-video-preview":"max-video-preview:-1"},"canonical":"https:\/\/www.suno.com.br\/noticias\/carlos-ghosn-vai-julgamento\/","og_locale":"pt_BR","og_type":"article","og_title":"Carlos Ghosn vai \u00e0 primeira audi\u00eancia de seu julgamento em T\u00f3quio","og_description":"Carlos Ghosn \u00e9 ex-presidente da alian\u00e7a automotiva da Renault-Nissan-Mitsubishi; Ghosn responde por quatro acusa\u00e7\u00f5es. Clique e saiba mais.","og_url":"https:\/\/www.suno.com.br\/noticias\/carlos-ghosn-vai-julgamento\/","og_site_name":"Suno Not\u00edcias","article_publisher":"https:\/\/facebook.com\/sunoresearch","og_image":[{"width":768,"height":563,"url":"https:\/\/files.sunoresearch.com.br\/n\/uploads\/2018\/11\/5f368966-carlos-ghosn-1.jpg","type":"image\/jpeg"}],"author":"Renan Bandeira","twitter_card":"summary_large_image","twitter_creator":"@sunoresearch","twitter_site":"@sunoresearch","twitter_misc":{"Escrito por":"Renan Bandeira","Est. tempo de leitura":"2 minutos"},"schema":{"@context":"https:\/\/schema.org","@graph":[{"@type":"NewsArticle","@id":"https:\/\/www.suno.com.br\/noticias\/carlos-ghosn-vai-julgamento\/#article","isPartOf":{"@id":"https:\/\/www.suno.com.br\/noticias\/carlos-ghosn-vai-julgamento\/"},"author":{"name":"Renan Bandeira","@id":"https:\/\/www.suno.com.br\/noticias\/#\/schema\/person\/fc144a1c6108bd1dcd43784e88a3c138"},"headline":"Carlos Ghosn vai \u00e0 primeira audi\u00eancia de seu julgamento em T\u00f3quio","datePublished":"2019-05-23T14:29:07+00:00","mainEntityOfPage":{"@id":"https:\/\/www.suno.com.br\/noticias\/carlos-ghosn-vai-julgamento\/"},"wordCount":415,"publisher":{"@id":"https:\/\/www.suno.com.br\/noticias\/#organization"},"image":{"@id":"https:\/\/www.suno.com.br\/noticias\/carlos-ghosn-vai-julgamento\/#primaryimage"},"thumbnailUrl":"https:\/\/files.sunoresearch.com.br\/n\/uploads\/2018\/11\/5f368966-carlos-ghosn-1-jpg.webp","keywords":["Carlos Ghosn"],"articleSection":["Internacional"],"inLanguage":"pt-BR"},{"@type":"WebPage","@id":"https:\/\/www.suno.com.br\/noticias\/carlos-ghosn-vai-julgamento\/","url":"https:\/\/www.suno.com.br\/noticias\/carlos-ghosn-vai-julgamento\/","name":"Carlos Ghosn vai \u00e0 primeira audi\u00eancia de seu julgamento em T\u00f3quio","isPartOf":{"@id":"https:\/\/www.suno.com.br\/noticias\/#website"},"primaryImageOfPage":{"@id":"https:\/\/www.suno.com.br\/noticias\/carlos-ghosn-vai-julgamento\/#primaryimage"},"image":{"@id":"https:\/\/www.suno.com.br\/noticias\/carlos-ghosn-vai-julgamento\/#primaryimage"},"thumbnailUrl":"https:\/\/files.sunoresearch.com.br\/n\/uploads\/2018\/11\/5f368966-carlos-ghosn-1-jpg.webp","datePublished":"2019-05-23T14:29:07+00:00","description":"Carlos Ghosn \u00e9 ex-presidente da alian\u00e7a automotiva da Renault-Nissan-Mitsubishi; Ghosn responde por quatro acusa\u00e7\u00f5es. Clique e saiba mais.","breadcrumb":{"@id":"https:\/\/www.suno.com.br\/noticias\/carlos-ghosn-vai-julgamento\/#breadcrumb"},"inLanguage":"pt-BR","potentialAction":[{"@type":"ReadAction","target":["https:\/\/www.suno.com.br\/noticias\/carlos-ghosn-vai-julgamento\/"]}]},{"@type":"ImageObject","inLanguage":"pt-BR","@id":"https:\/\/www.suno.com.br\/noticias\/carlos-ghosn-vai-julgamento\/#primaryimage","url":"https:\/\/files.sunoresearch.com.br\/n\/uploads\/2018\/11\/5f368966-carlos-ghosn-1-jpg.webp","contentUrl":"https:\/\/files.sunoresearch.com.br\/n\/uploads\/2018\/11\/5f368966-carlos-ghosn-1-jpg.webp","width":768,"height":563,"caption":"Carlos Ghosn vai \u00e0 primeira audi\u00eancia de seu julgamento em T\u00f3quio"},{"@type":"BreadcrumbList","@id":"https:\/\/www.suno.com.br\/noticias\/carlos-ghosn-vai-julgamento\/#breadcrumb","itemListElement":[{"@type":"ListItem","position":1,"name":"Not\u00edcias","item":"https:\/\/www.suno.com.br\/noticias\/"},{"@type":"ListItem","position":2,"name":"Internacional","item":"https:\/\/www.suno.com.br\/noticias\/internacional\/"},{"@type":"ListItem","position":3,"name":"Carlos Ghosn vai \u00e0 primeira audi\u00eancia de seu julgamento em T\u00f3quio"}]},{"@type":"WebSite","@id":"https:\/\/www.suno.com.br\/noticias\/#website","url":"https:\/\/www.suno.com.br\/noticias\/","name":"Suno Not\u00edcias","description":"Seu portal de informa\u00e7\u00e3o sobre o mundo dos investimentos","publisher":{"@id":"https:\/\/www.suno.com.br\/noticias\/#organization"},"potentialAction":[{"@type":"SearchAction","target":{"@type":"EntryPoint","urlTemplate":"https:\/\/www.suno.com.br\/noticias\/?s={search_term_string}"},"query-input":{"@type":"PropertyValueSpecification","valueRequired":true,"valueName":"search_term_string"}}],"inLanguage":"pt-BR"},{"@type":"Organization","@id":"https:\/\/www.suno.com.br\/noticias\/#organization","name":"Suno Not\u00edcias","url":"https:\/\/www.suno.com.br\/noticias\/","logo":{"@type":"ImageObject","inLanguage":"pt-BR","@id":"https:\/\/www.suno.com.br\/noticias\/#\/schema\/logo\/image\/","url":"https:\/\/files.sunoresearch.com.br\/n\/uploads\/2021\/09\/suno-logo.png","contentUrl":"https:\/\/files.sunoresearch.com.br\/n\/uploads\/2021\/09\/suno-logo.png","width":180,"height":180,"caption":"Suno Not\u00edcias"},"image":{"@id":"https:\/\/www.suno.com.br\/noticias\/#\/schema\/logo\/image\/"},"sameAs":["https:\/\/facebook.com\/sunoresearch","https:\/\/x.com\/sunoresearch","https:\/\/www.instagram.com\/suno","https:\/\/www.linkedin.com\/company\/suno-research\/","https:\/\/www.youtube.com\/c\/sunoresearch"]},{"@type":"Person","@id":"https:\/\/www.suno.com.br\/noticias\/#\/schema\/person\/fc144a1c6108bd1dcd43784e88a3c138","name":"Renan Bandeira","image":{"@type":"ImageObject","inLanguage":"pt-BR","@id":"https:\/\/www.suno.com.br\/noticias\/#\/schema\/person\/image\/","url":"https:\/\/secure.gravatar.com\/avatar\/68359cdb608f14f11bbefcb78f3fc747?s=96&r=g","contentUrl":"https:\/\/secure.gravatar.com\/avatar\/68359cdb608f14f11bbefcb78f3fc747?s=96&r=g","caption":"Renan Bandeira"},"description":"Renan Bandeira escreve sobre pol\u00edtica e economia para o portal da Suno Research. Antes da Suno, trabalhou em uma rede de televis\u00e3o, onde fazia reportagens sobre os mesmos temas. Estuda na Universidade Metodista de S\u00e3o Paulo.","url":"https:\/\/www.suno.com.br\/noticias\/author\/renan-bandeira\/"}]}},"default_loop_html":"<div class=\"cardsPage__listCard__boxs\"><div class=\"cardsPage__listCard__boxs__img\"><a href=\"https:\/\/www.suno.com.br\/noticias\/carlos-ghosn-vai-julgamento\/\"><img class=\"mask\" src=\"https:\/\/www.suno.com.br\/noticias\/wp-content\/themes\/suno\/resources\/images\/spotlight\/spotlight1img\/bg-mask.png\" alt=\"Image Mask\"\/><img src=\"https:\/\/files.sunoresearch.com.br\/n\/uploads\/2018\/11\/5f368966-carlos-ghosn-1-400x200.webp\" alt=\"Carlos Ghosn vai \u00e0 primeira audi\u00eancia de seu julgamento em T\u00f3quio\"\/><\/a><span class=\"spotlightCategory\"><a href=\"https:\/\/www.suno.com.br\/noticias\/internacional\/\">Internacional<\/a><\/span><\/div><div class=\"cardsPage__listCard__boxs__content\"><a href=\"https:\/\/www.suno.com.br\/noticias\/carlos-ghosn-vai-julgamento\/\"><h2 class=\"content__title\">Carlos Ghosn vai \u00e0 primeira audi\u00eancia de seu julgamento em T\u00f3quio<\/h2><\/a><div class=\"newsContent__article__meta\"><div class=\"newsContent__article__meta__authorBox\"><a href=\"https:\/\/www.suno.com.br\/noticias\/author\/renan-bandeira\/\" class=\"authorBox__avatar noMobi\"><img src=\"https:\/\/secure.gravatar.com\/avatar\/68359cdb608f14f11bbefcb78f3fc747?s=96&#038;r=g\" alt=\"Renan Bandeira\"><\/a><div class=\"authorBox__name\"><span>por\n\t\t\t<a href=\"https:\/\/www.suno.com.br\/noticias\/author\/renan-bandeira\/\"><span itemprop=\"author\">Renan Bandeira<\/span><\/a><\/span><time datetime=\"2019-05-23T11:29:07-03:00\" itemprop=\"datePublished\">23\/05\/2019 11:29<\/time><\/div><\/div><\/div><\/div><\/div>","single_layout":"posts","amp_enabled":true,"_links":{"self":[{"href":"https:\/\/www.suno.com.br\/noticias\/wp-json\/wp\/v2\/posts\/25721"}],"collection":[{"href":"https:\/\/www.suno.com.br\/noticias\/wp-json\/wp\/v2\/posts"}],"about":[{"href":"https:\/\/www.suno.com.br\/noticias\/wp-json\/wp\/v2\/types\/post"}],"author":[{"embeddable":true,"href":"https:\/\/www.suno.com.br\/noticias\/wp-json\/wp\/v2\/users\/11"}],"replies":[{"embeddable":true,"href":"https:\/\/www.suno.com.br\/noticias\/wp-json\/wp\/v2\/comments?post=25721"}],"version-history":[{"count":0,"href":"https:\/\/www.suno.com.br\/noticias\/wp-json\/wp\/v2\/posts\/25721\/revisions"}],"wp:featuredmedia":[{"embeddable":true,"href":"https:\/\/www.suno.com.br\/noticias\/wp-json\/wp\/v2\/media\/6676"}],"wp:attachment":[{"href":"https:\/\/www.suno.com.br\/noticias\/wp-json\/wp\/v2\/media?parent=25721"}],"wp:term":[{"taxonomy":"category","embeddable":true,"href":"https:\/\/www.suno.com.br\/noticias\/wp-json\/wp\/v2\/categories?post=25721"},{"taxonomy":"post_tag","embeddable":true,"href":"https:\/\/www.suno.com.br\/noticias\/wp-json\/wp\/v2\/tags?post=25721"},{"taxonomy":"suno_strategy","embeddable":true,"href":"https:\/\/www.suno.com.br\/noticias\/wp-json\/wp\/v2\/suno_strategy?post=25721"}],"curies":[{"name":"wp","href":"https:\/\/api.w.org\/{rel}","templated":true}]}}