{"id":25720,"date":"2019-05-23T11:49:12","date_gmt":"2019-05-23T14:49:12","guid":{"rendered":"https:\/\/www.suno.com.br\/noticias\/?p=25720"},"modified":"2019-05-23T11:49:12","modified_gmt":"2019-05-23T14:49:12","slug":"vale-concremat-cccc-usina-de-aco","status":"publish","type":"post","link":"https:\/\/www.suno.com.br\/noticias\/vale-concremat-cccc-usina-de-aco\/","title":{"rendered":"Vale e grupo chin\u00eas CCCC investir\u00e3o US$ 450 mi em usina de a\u00e7o no Par\u00e1"},"content":{"rendered":"<p>Nesta quinta-feira (23), o grupo chin\u00eas de engenharia e constru\u00e7\u00e3o, <strong>China Communication Construction Company<\/strong> (CCCC), dar\u00e1 inicio em parceria com a Vale a instala\u00e7\u00e3o de uma <strong>laminadora de a\u00e7o<\/strong> no <strong>Par\u00e1<\/strong>.<\/p>\t<div class=\"wrapper-featured-image\">\n\t\t<figure class=\"spotlightImg\">\n\n\t\t\t<picture>\n\t\t\t\t<source media=\"(max-width: 768px)\" srcset=\"https:\/\/files.sunoresearch.com.br\/n\/uploads\/2019\/04\/0f373374-vale-400x200.webp\">\n\t\t\t\t<img loading=\"lazy\" decoding=\"async\" class=\"newsContent__article__imgCapa lazyloadDisabled newsContent__article__imgCapa--noCaption\" src=\"https:\/\/files.sunoresearch.com.br\/n\/uploads\/2019\/04\/0f373374-vale-800x450.webp\" width=\"800\" height=\"450\" alt=\"Vale e grupo chin\u00eas CCCC investir\u00e3o US$ 450 mi em usina de a\u00e7o no Par\u00e1\" fetchpriority=high \/>\n\t\t\t<\/picture>\n\n\t\t\t<figcaption class=\"wp-caption-text wp-caption-text--hide\">Logo da Vale (foto: divulga\u00e7\u00e3o) <\/figcaption>\n\t\t<\/figure>\n\t<\/div>\n\n\n<p>De acordo com o governo paraense, o investimento da laminadora no estado ser\u00e1 de US$ 450 milh\u00f5es de d\u00f3lares. Conforme a \u00faltima cota\u00e7\u00e3o do d\u00f3lar, valor aproximado de R$ 1,8 bilh\u00f5es. Nesta quinta, ocorrer\u00e1 um evento no Par\u00e1, onde ser\u00e1 assinado pela <strong>Vale<\/strong> e a <strong>CCCC<\/strong> um protocolo de entendimento para a constru\u00e7\u00e3o.<\/p>\n<p>O grupo chin\u00eas controla a maior companhia de engenheira consultiva do <strong>Brasil<\/strong>, <strong>Concremat<\/strong>, que ser\u00e1 respons\u00e1vel por montar o empreendimento. A cerim\u00f4nia contar\u00e1 com a presen\u00e7a do <strong>governador<\/strong>, <strong>Helder Barbalho<\/strong>, e dos presidente da Vale, <strong>Eduardo Bartolomeo<\/strong>, e da Concremat, <strong>Mauro Viegas Neto<\/strong>.<\/p>\n\t<p>\n\t\t<a href=\"https:\/\/lp.suno.com.br\/ao\/cadastro-whatsapp\/\" target=\"_blank\" data-element=\"shortcode-suno-banner\" title=\"Banner SUNO, clique e saiba mais\">\n\t\t\t<picture>\n\t\t\t\t<source media=\"(max-width: 500px)\" srcset=\"https:\/\/files.sunoresearch.com.br\/n\/uploads\/2024\/02\/400x300-Mobile-Artigos-7.png\">\n\t\t\t\t<img class=\"newsContent__article__imgCapa newsContent__article__imgCapa--banner\"\n\t\t\t\t\tsrc=\"https:\/\/files.sunoresearch.com.br\/n\/uploads\/2024\/01\/1420x240-Banner-Artigos-1-_-Banner-Materias-8.png\"\n\t\t\t\t\tdata-promo-id=\"517344\"\t\t\t\t\t\t\t\t\t\twidth='1420' height='240'\t\t\t\t\talt=\"https:\/\/files.sunoresearch.com.br\/n\/uploads\/2024\/01\/1420x240-Banner-Artigos-1-_-Banner-Materias-8.png\"\n\t\t\t\t>\n\t\t\t<\/picture>\n\t\t<\/a>\n\t<\/p>\n\n\n<h2>Min\u00e9rio de Ferro<\/h2>\n<p>A sider\u00fargica ser\u00e1 instalado em <strong>Marab\u00e1<\/strong> com capacidade de 300 mil toneladas ao ano de a\u00e7os laminados. De acordo com <strong>Barbalho<\/strong>, o projeto executivo e o licenciamento ser\u00e3o conclu\u00eddos at\u00e9 2020, para ent\u00e3o dar in\u00edcio a constru\u00e7\u00e3o.<\/p>\n<p>&#8220;A ideia \u00e9 que entre em opera\u00e7\u00e3o em 2023. A produ\u00e7\u00e3o ser\u00e1 destinada ao <strong>mercado interno<\/strong> e ser\u00e1 o primeiro passo para a nova agenda de agrega\u00e7\u00e3o de valor ao<strong> min\u00e9rio de ferro<\/strong> no estado. Poderemos estimular a ida de outros<strong> investidores<\/strong>&#8220;, disse o governador.<\/p>\n<p><a href=\"https:\/\/www.suno.com.br\/noticias\/talude-da-vale-em-barao-dos-cocais-deve-se-romper-nesta-semana\/\">Saiba Mais: Talude da mina da Vale em Bar\u00e3o dos Cocais deve se romper nesta semana<\/a><\/p>\n<p>Para <strong>Barbalho<\/strong> o novo empreendimento tem capacidade de &#8220;alavancar a economia de dezenas de munic\u00edpios mineradores&#8221;.<\/p>\n<p>O estado reivindica uma sider\u00fargica h\u00e1 muito tempo, no entanto, apenas cerca de 10 anos foi apresentado um projeto. &#8220;Pela primeira vez em mais de quatro d\u00e9cadas de explora\u00e7\u00e3o mineral no territ\u00f3rio paranaense, o <strong>Par\u00e1<\/strong> disp\u00f5e de um novo modelo produtivo. A cadeia do min\u00e9rio de ferro, torna poss\u00edvel a implementa\u00e7\u00e3o de uma<strong> usina laminadora de a\u00e7o<\/strong> em Marab\u00e1&#8221;, diz o governador<\/p>\n<h2>Estrutura<\/h2>\n<p>De acordo com a estrutura montada, a<strong> Concremat<\/strong> e <strong>CCCC<\/strong> ser\u00e3o respons\u00e1veis pelo estudo de viabilidade econ\u00f4mica da usina. A <strong>Vale<\/strong> ser\u00e1 respons\u00e1vel pelo suporte financeiro, al\u00e9m disso, a mineradora oferecer\u00e1 garantias para o financiamento.<\/p>\n<p><a href=\"https:\/\/www.suno.com.br\/noticias\/vale-justica-aumenta-multa\/\">Saiba Mais: Vale: Justi\u00e7a de MG aumenta multa para R$ 300 milh\u00f5es<\/a><\/p>\n<p>Caso seja necess\u00e1rio, no futuro a mineradora poder\u00e1 transformar a sua garantia financeira em <strong>participa\u00e7\u00e3o acion\u00e1ria<\/strong>. O financiamiento usina ser\u00e1 feito atrav\u00e9s de bancos.<\/p>\n<p>A confirma\u00e7\u00e3o do acordo entre a <strong>Vale<\/strong> e a <strong>Concremat<\/strong> foi feita nesta manh\u00e3, no entanto, ambas n\u00e3o concederam entrevistas.<\/p>\n","protected":false},"excerpt":{"rendered":"<p>Nesta quinta-feira (23), o grupo chin\u00eas de engenharia e constru\u00e7\u00e3o, China Communication Construction Company (CCCC), dar\u00e1 inicio em parceria com a Vale a instala\u00e7\u00e3o de uma laminadora de a\u00e7o no Par\u00e1. Logo da Vale (foto: divulga\u00e7\u00e3o) De acordo com o governo paraense, o investimento da laminadora no estado ser\u00e1 de US$ 450 milh\u00f5es de d\u00f3lares. [&hellip;]<\/p>\n","protected":false},"author":15,"featured_media":20577,"comment_status":"closed","ping_status":"closed","sticky":false,"template":"","format":"standard","meta":[],"categories":[64],"tags":[],"suno_strategy":[],"class_list":["post-25720","post","type-post","status-publish","format-standard","has-post-thumbnail","hentry","category-negocios"],"yoast_head":"<!-- This site is optimized with the Yoast SEO plugin v24.4 - https:\/\/yoast.com\/wordpress\/plugins\/seo\/ -->\n<title>Vale e grupo chin\u00eas CCCC investir\u00e3o US$ 450 mi em usina no Par\u00e1<\/title>\n<meta name=\"description\" content=\"Nesta quinta (23), o grupo chin\u00eas CCCC dar\u00e1 in\u00edcio em parceria com a Vale a instala\u00e7\u00e3o de uma laminadora de a\u00e7o no Par\u00e1. Clique aqui e saiba mias\" \/>\n<meta name=\"robots\" content=\"index, follow, max-snippet:-1, max-image-preview:large, max-video-preview:-1\" \/>\n<link rel=\"canonical\" href=\"https:\/\/www.suno.com.br\/noticias\/vale-concremat-cccc-usina-de-aco\/\" \/>\n<meta property=\"og:locale\" content=\"pt_BR\" \/>\n<meta property=\"og:type\" content=\"article\" \/>\n<meta property=\"og:title\" content=\"Vale e grupo chin\u00eas CCCC investir\u00e3o US$ 450 mi em usina no Par\u00e1\" \/>\n<meta property=\"og:description\" content=\"Nesta quinta (23), o grupo chin\u00eas CCCC dar\u00e1 in\u00edcio em parceria com a Vale a instala\u00e7\u00e3o de uma laminadora de a\u00e7o no Par\u00e1. Clique aqui e saiba mias\" \/>\n<meta property=\"og:url\" content=\"https:\/\/www.suno.com.br\/noticias\/vale-concremat-cccc-usina-de-aco\/\" \/>\n<meta property=\"og:site_name\" content=\"Suno Not\u00edcias\" \/>\n<meta property=\"article:publisher\" content=\"https:\/\/facebook.com\/sunoresearch\" \/>\n<meta property=\"og:image\" content=\"https:\/\/files.sunoresearch.com.br\/n\/uploads\/2019\/04\/0f373374-vale.jpg\" \/>\n\t<meta property=\"og:image:width\" content=\"1086\" \/>\n\t<meta property=\"og:image:height\" content=\"652\" \/>\n\t<meta property=\"og:image:type\" content=\"image\/jpeg\" \/>\n<meta name=\"author\" content=\"Poliana Santos\" \/>\n<meta name=\"twitter:card\" content=\"summary_large_image\" \/>\n<meta name=\"twitter:creator\" content=\"@sunoresearch\" \/>\n<meta name=\"twitter:site\" content=\"@sunoresearch\" \/>\n<meta name=\"twitter:label1\" content=\"Escrito por\" \/>\n\t<meta name=\"twitter:data1\" content=\"Poliana Santos\" \/>\n\t<meta name=\"twitter:label2\" content=\"Est. tempo de leitura\" \/>\n\t<meta name=\"twitter:data2\" content=\"2 minutos\" \/>\n<script type=\"application\/ld+json\" class=\"yoast-schema-graph\">{\"@context\":\"https:\/\/schema.org\",\"@graph\":[{\"@type\":\"NewsArticle\",\"@id\":\"https:\/\/www.suno.com.br\/noticias\/vale-concremat-cccc-usina-de-aco\/#article\",\"isPartOf\":{\"@id\":\"https:\/\/www.suno.com.br\/noticias\/vale-concremat-cccc-usina-de-aco\/\"},\"author\":{\"name\":\"Poliana Santos\",\"@id\":\"https:\/\/www.suno.com.br\/noticias\/#\/schema\/person\/02ec1f752758247878a2bf4abee1aeda\"},\"headline\":\"Vale e grupo chin\u00eas CCCC investir\u00e3o US$ 450 mi em usina de a\u00e7o no Par\u00e1\",\"datePublished\":\"2019-05-23T14:49:12+00:00\",\"mainEntityOfPage\":{\"@id\":\"https:\/\/www.suno.com.br\/noticias\/vale-concremat-cccc-usina-de-aco\/\"},\"wordCount\":459,\"publisher\":{\"@id\":\"https:\/\/www.suno.com.br\/noticias\/#organization\"},\"image\":{\"@id\":\"https:\/\/www.suno.com.br\/noticias\/vale-concremat-cccc-usina-de-aco\/#primaryimage\"},\"thumbnailUrl\":\"https:\/\/files.sunoresearch.com.br\/n\/uploads\/2019\/04\/0f373374-vale-jpg.webp\",\"articleSection\":[\"Neg\u00f3cios\"],\"inLanguage\":\"pt-BR\"},{\"@type\":\"WebPage\",\"@id\":\"https:\/\/www.suno.com.br\/noticias\/vale-concremat-cccc-usina-de-aco\/\",\"url\":\"https:\/\/www.suno.com.br\/noticias\/vale-concremat-cccc-usina-de-aco\/\",\"name\":\"Vale e grupo chin\u00eas CCCC investir\u00e3o US$ 450 mi em usina no Par\u00e1\",\"isPartOf\":{\"@id\":\"https:\/\/www.suno.com.br\/noticias\/#website\"},\"primaryImageOfPage\":{\"@id\":\"https:\/\/www.suno.com.br\/noticias\/vale-concremat-cccc-usina-de-aco\/#primaryimage\"},\"image\":{\"@id\":\"https:\/\/www.suno.com.br\/noticias\/vale-concremat-cccc-usina-de-aco\/#primaryimage\"},\"thumbnailUrl\":\"https:\/\/files.sunoresearch.com.br\/n\/uploads\/2019\/04\/0f373374-vale-jpg.webp\",\"datePublished\":\"2019-05-23T14:49:12+00:00\",\"description\":\"Nesta quinta (23), o grupo chin\u00eas CCCC dar\u00e1 in\u00edcio em parceria com a Vale a instala\u00e7\u00e3o de uma laminadora de a\u00e7o no Par\u00e1. Clique aqui e saiba mias\",\"breadcrumb\":{\"@id\":\"https:\/\/www.suno.com.br\/noticias\/vale-concremat-cccc-usina-de-aco\/#breadcrumb\"},\"inLanguage\":\"pt-BR\",\"potentialAction\":[{\"@type\":\"ReadAction\",\"target\":[\"https:\/\/www.suno.com.br\/noticias\/vale-concremat-cccc-usina-de-aco\/\"]}]},{\"@type\":\"ImageObject\",\"inLanguage\":\"pt-BR\",\"@id\":\"https:\/\/www.suno.com.br\/noticias\/vale-concremat-cccc-usina-de-aco\/#primaryimage\",\"url\":\"https:\/\/files.sunoresearch.com.br\/n\/uploads\/2019\/04\/0f373374-vale-jpg.webp\",\"contentUrl\":\"https:\/\/files.sunoresearch.com.br\/n\/uploads\/2019\/04\/0f373374-vale-jpg.webp\",\"width\":1086,\"height\":652,\"caption\":\"Logo da Vale (foto: divulga\u00e7\u00e3o)\"},{\"@type\":\"BreadcrumbList\",\"@id\":\"https:\/\/www.suno.com.br\/noticias\/vale-concremat-cccc-usina-de-aco\/#breadcrumb\",\"itemListElement\":[{\"@type\":\"ListItem\",\"position\":1,\"name\":\"Not\u00edcias\",\"item\":\"https:\/\/www.suno.com.br\/noticias\/\"},{\"@type\":\"ListItem\",\"position\":2,\"name\":\"Neg\u00f3cios\",\"item\":\"https:\/\/www.suno.com.br\/noticias\/negocios\/\"},{\"@type\":\"ListItem\",\"position\":3,\"name\":\"Vale e grupo chin\u00eas CCCC investir\u00e3o US$ 450 mi em usina de a\u00e7o no Par\u00e1\"}]},{\"@type\":\"WebSite\",\"@id\":\"https:\/\/www.suno.com.br\/noticias\/#website\",\"url\":\"https:\/\/www.suno.com.br\/noticias\/\",\"name\":\"Suno Not\u00edcias\",\"description\":\"Seu portal de informa\u00e7\u00e3o sobre o mundo dos investimentos\",\"publisher\":{\"@id\":\"https:\/\/www.suno.com.br\/noticias\/#organization\"},\"potentialAction\":[{\"@type\":\"SearchAction\",\"target\":{\"@type\":\"EntryPoint\",\"urlTemplate\":\"https:\/\/www.suno.com.br\/noticias\/?s={search_term_string}\"},\"query-input\":{\"@type\":\"PropertyValueSpecification\",\"valueRequired\":true,\"valueName\":\"search_term_string\"}}],\"inLanguage\":\"pt-BR\"},{\"@type\":\"Organization\",\"@id\":\"https:\/\/www.suno.com.br\/noticias\/#organization\",\"name\":\"Suno Not\u00edcias\",\"url\":\"https:\/\/www.suno.com.br\/noticias\/\",\"logo\":{\"@type\":\"ImageObject\",\"inLanguage\":\"pt-BR\",\"@id\":\"https:\/\/www.suno.com.br\/noticias\/#\/schema\/logo\/image\/\",\"url\":\"https:\/\/files.sunoresearch.com.br\/n\/uploads\/2021\/09\/suno-logo.png\",\"contentUrl\":\"https:\/\/files.sunoresearch.com.br\/n\/uploads\/2021\/09\/suno-logo.png\",\"width\":180,\"height\":180,\"caption\":\"Suno Not\u00edcias\"},\"image\":{\"@id\":\"https:\/\/www.suno.com.br\/noticias\/#\/schema\/logo\/image\/\"},\"sameAs\":[\"https:\/\/facebook.com\/sunoresearch\",\"https:\/\/x.com\/sunoresearch\",\"https:\/\/www.instagram.com\/suno\",\"https:\/\/www.linkedin.com\/company\/suno-research\/\",\"https:\/\/www.youtube.com\/c\/sunoresearch\"]},{\"@type\":\"Person\",\"@id\":\"https:\/\/www.suno.com.br\/noticias\/#\/schema\/person\/02ec1f752758247878a2bf4abee1aeda\",\"name\":\"Poliana Santos\",\"image\":{\"@type\":\"ImageObject\",\"inLanguage\":\"pt-BR\",\"@id\":\"https:\/\/www.suno.com.br\/noticias\/#\/schema\/person\/image\/\",\"url\":\"https:\/\/secure.gravatar.com\/avatar\/0645bd32f23d87b2130f2b2dff1d3f8d?s=96&r=g\",\"contentUrl\":\"https:\/\/secure.gravatar.com\/avatar\/0645bd32f23d87b2130f2b2dff1d3f8d?s=96&r=g\",\"caption\":\"Poliana Santos\"},\"description\":\"Rep\u00f3rter no Suno Not\u00edcias, com cobertura em mercado financeiro, economia, finan\u00e7as pessoais, renda fixa e varejo. Jornalista formada pela Faculdade C\u00e1sper L\u00edbero e possui passagem na R\u00e1dio Gazeta AM com a produ\u00e7\u00e3o de conte\u00fado sobre economia, pol\u00edtica, sa\u00fade, moda e m\u00fasica. Possui certificado de conclus\u00e3o do curso de An\u00e1lise de Balan\u00e7os pela Funda\u00e7\u00e3o Bradesco, Agenda Brasil pela FAAP, Educa\u00e7\u00e3o Pol\u00edtica por Alexandre Garcia e do Tesouro Direto e Mercado de A\u00e7\u00f5es pela B3.\",\"url\":\"https:\/\/www.suno.com.br\/noticias\/author\/poliana-santos\/\"}]}<\/script>\n<!-- \/ Yoast SEO plugin. -->","yoast_head_json":{"title":"Vale e grupo chin\u00eas CCCC investir\u00e3o US$ 450 mi em usina no Par\u00e1","description":"Nesta quinta (23), o grupo chin\u00eas CCCC dar\u00e1 in\u00edcio em parceria com a Vale a instala\u00e7\u00e3o de uma laminadora de a\u00e7o no Par\u00e1. Clique aqui e saiba mias","robots":{"index":"index","follow":"follow","max-snippet":"max-snippet:-1","max-image-preview":"max-image-preview:large","max-video-preview":"max-video-preview:-1"},"canonical":"https:\/\/www.suno.com.br\/noticias\/vale-concremat-cccc-usina-de-aco\/","og_locale":"pt_BR","og_type":"article","og_title":"Vale e grupo chin\u00eas CCCC investir\u00e3o US$ 450 mi em usina no Par\u00e1","og_description":"Nesta quinta (23), o grupo chin\u00eas CCCC dar\u00e1 in\u00edcio em parceria com a Vale a instala\u00e7\u00e3o de uma laminadora de a\u00e7o no Par\u00e1. Clique aqui e saiba mias","og_url":"https:\/\/www.suno.com.br\/noticias\/vale-concremat-cccc-usina-de-aco\/","og_site_name":"Suno Not\u00edcias","article_publisher":"https:\/\/facebook.com\/sunoresearch","og_image":[{"width":1086,"height":652,"url":"https:\/\/files.sunoresearch.com.br\/n\/uploads\/2019\/04\/0f373374-vale.jpg","type":"image\/jpeg"}],"author":"Poliana Santos","twitter_card":"summary_large_image","twitter_creator":"@sunoresearch","twitter_site":"@sunoresearch","twitter_misc":{"Escrito por":"Poliana Santos","Est. tempo de leitura":"2 minutos"},"schema":{"@context":"https:\/\/schema.org","@graph":[{"@type":"NewsArticle","@id":"https:\/\/www.suno.com.br\/noticias\/vale-concremat-cccc-usina-de-aco\/#article","isPartOf":{"@id":"https:\/\/www.suno.com.br\/noticias\/vale-concremat-cccc-usina-de-aco\/"},"author":{"name":"Poliana Santos","@id":"https:\/\/www.suno.com.br\/noticias\/#\/schema\/person\/02ec1f752758247878a2bf4abee1aeda"},"headline":"Vale e grupo chin\u00eas CCCC investir\u00e3o US$ 450 mi em usina de a\u00e7o no Par\u00e1","datePublished":"2019-05-23T14:49:12+00:00","mainEntityOfPage":{"@id":"https:\/\/www.suno.com.br\/noticias\/vale-concremat-cccc-usina-de-aco\/"},"wordCount":459,"publisher":{"@id":"https:\/\/www.suno.com.br\/noticias\/#organization"},"image":{"@id":"https:\/\/www.suno.com.br\/noticias\/vale-concremat-cccc-usina-de-aco\/#primaryimage"},"thumbnailUrl":"https:\/\/files.sunoresearch.com.br\/n\/uploads\/2019\/04\/0f373374-vale-jpg.webp","articleSection":["Neg\u00f3cios"],"inLanguage":"pt-BR"},{"@type":"WebPage","@id":"https:\/\/www.suno.com.br\/noticias\/vale-concremat-cccc-usina-de-aco\/","url":"https:\/\/www.suno.com.br\/noticias\/vale-concremat-cccc-usina-de-aco\/","name":"Vale e grupo chin\u00eas CCCC investir\u00e3o US$ 450 mi em usina no Par\u00e1","isPartOf":{"@id":"https:\/\/www.suno.com.br\/noticias\/#website"},"primaryImageOfPage":{"@id":"https:\/\/www.suno.com.br\/noticias\/vale-concremat-cccc-usina-de-aco\/#primaryimage"},"image":{"@id":"https:\/\/www.suno.com.br\/noticias\/vale-concremat-cccc-usina-de-aco\/#primaryimage"},"thumbnailUrl":"https:\/\/files.sunoresearch.com.br\/n\/uploads\/2019\/04\/0f373374-vale-jpg.webp","datePublished":"2019-05-23T14:49:12+00:00","description":"Nesta quinta (23), o grupo chin\u00eas CCCC dar\u00e1 in\u00edcio em parceria com a Vale a instala\u00e7\u00e3o de uma laminadora de a\u00e7o no Par\u00e1. Clique aqui e saiba mias","breadcrumb":{"@id":"https:\/\/www.suno.com.br\/noticias\/vale-concremat-cccc-usina-de-aco\/#breadcrumb"},"inLanguage":"pt-BR","potentialAction":[{"@type":"ReadAction","target":["https:\/\/www.suno.com.br\/noticias\/vale-concremat-cccc-usina-de-aco\/"]}]},{"@type":"ImageObject","inLanguage":"pt-BR","@id":"https:\/\/www.suno.com.br\/noticias\/vale-concremat-cccc-usina-de-aco\/#primaryimage","url":"https:\/\/files.sunoresearch.com.br\/n\/uploads\/2019\/04\/0f373374-vale-jpg.webp","contentUrl":"https:\/\/files.sunoresearch.com.br\/n\/uploads\/2019\/04\/0f373374-vale-jpg.webp","width":1086,"height":652,"caption":"Logo da Vale (foto: divulga\u00e7\u00e3o)"},{"@type":"BreadcrumbList","@id":"https:\/\/www.suno.com.br\/noticias\/vale-concremat-cccc-usina-de-aco\/#breadcrumb","itemListElement":[{"@type":"ListItem","position":1,"name":"Not\u00edcias","item":"https:\/\/www.suno.com.br\/noticias\/"},{"@type":"ListItem","position":2,"name":"Neg\u00f3cios","item":"https:\/\/www.suno.com.br\/noticias\/negocios\/"},{"@type":"ListItem","position":3,"name":"Vale e grupo chin\u00eas CCCC investir\u00e3o US$ 450 mi em usina de a\u00e7o no Par\u00e1"}]},{"@type":"WebSite","@id":"https:\/\/www.suno.com.br\/noticias\/#website","url":"https:\/\/www.suno.com.br\/noticias\/","name":"Suno Not\u00edcias","description":"Seu portal de informa\u00e7\u00e3o sobre o mundo dos investimentos","publisher":{"@id":"https:\/\/www.suno.com.br\/noticias\/#organization"},"potentialAction":[{"@type":"SearchAction","target":{"@type":"EntryPoint","urlTemplate":"https:\/\/www.suno.com.br\/noticias\/?s={search_term_string}"},"query-input":{"@type":"PropertyValueSpecification","valueRequired":true,"valueName":"search_term_string"}}],"inLanguage":"pt-BR"},{"@type":"Organization","@id":"https:\/\/www.suno.com.br\/noticias\/#organization","name":"Suno Not\u00edcias","url":"https:\/\/www.suno.com.br\/noticias\/","logo":{"@type":"ImageObject","inLanguage":"pt-BR","@id":"https:\/\/www.suno.com.br\/noticias\/#\/schema\/logo\/image\/","url":"https:\/\/files.sunoresearch.com.br\/n\/uploads\/2021\/09\/suno-logo.png","contentUrl":"https:\/\/files.sunoresearch.com.br\/n\/uploads\/2021\/09\/suno-logo.png","width":180,"height":180,"caption":"Suno Not\u00edcias"},"image":{"@id":"https:\/\/www.suno.com.br\/noticias\/#\/schema\/logo\/image\/"},"sameAs":["https:\/\/facebook.com\/sunoresearch","https:\/\/x.com\/sunoresearch","https:\/\/www.instagram.com\/suno","https:\/\/www.linkedin.com\/company\/suno-research\/","https:\/\/www.youtube.com\/c\/sunoresearch"]},{"@type":"Person","@id":"https:\/\/www.suno.com.br\/noticias\/#\/schema\/person\/02ec1f752758247878a2bf4abee1aeda","name":"Poliana Santos","image":{"@type":"ImageObject","inLanguage":"pt-BR","@id":"https:\/\/www.suno.com.br\/noticias\/#\/schema\/person\/image\/","url":"https:\/\/secure.gravatar.com\/avatar\/0645bd32f23d87b2130f2b2dff1d3f8d?s=96&r=g","contentUrl":"https:\/\/secure.gravatar.com\/avatar\/0645bd32f23d87b2130f2b2dff1d3f8d?s=96&r=g","caption":"Poliana Santos"},"description":"Rep\u00f3rter no Suno Not\u00edcias, com cobertura em mercado financeiro, economia, finan\u00e7as pessoais, renda fixa e varejo. Jornalista formada pela Faculdade C\u00e1sper L\u00edbero e possui passagem na R\u00e1dio Gazeta AM com a produ\u00e7\u00e3o de conte\u00fado sobre economia, pol\u00edtica, sa\u00fade, moda e m\u00fasica. Possui certificado de conclus\u00e3o do curso de An\u00e1lise de Balan\u00e7os pela Funda\u00e7\u00e3o Bradesco, Agenda Brasil pela FAAP, Educa\u00e7\u00e3o Pol\u00edtica por Alexandre Garcia e do Tesouro Direto e Mercado de A\u00e7\u00f5es pela B3.","url":"https:\/\/www.suno.com.br\/noticias\/author\/poliana-santos\/"}]}},"default_loop_html":"<div class=\"cardsPage__listCard__boxs\"><div class=\"cardsPage__listCard__boxs__img\"><a href=\"https:\/\/www.suno.com.br\/noticias\/vale-concremat-cccc-usina-de-aco\/\"><img class=\"mask\" src=\"https:\/\/www.suno.com.br\/noticias\/wp-content\/themes\/suno\/resources\/images\/spotlight\/spotlight1img\/bg-mask.png\" alt=\"Image Mask\"\/><img src=\"https:\/\/files.sunoresearch.com.br\/n\/uploads\/2019\/04\/0f373374-vale-400x200.webp\" alt=\"Vale e grupo chin\u00eas CCCC investir\u00e3o US$ 450 mi em usina de a\u00e7o no Par\u00e1\"\/><\/a><span class=\"spotlightCategory\"><a href=\"https:\/\/www.suno.com.br\/noticias\/negocios\/\">Neg\u00f3cios<\/a><\/span><\/div><div class=\"cardsPage__listCard__boxs__content\"><a href=\"https:\/\/www.suno.com.br\/noticias\/vale-concremat-cccc-usina-de-aco\/\"><h2 class=\"content__title\">Vale e grupo chin\u00eas CCCC investir\u00e3o US$ 450 mi em usina de a\u00e7o no Par\u00e1<\/h2><\/a><div class=\"newsContent__article__meta\"><div class=\"newsContent__article__meta__authorBox\"><a href=\"https:\/\/www.suno.com.br\/noticias\/author\/poliana-santos\/\" class=\"authorBox__avatar noMobi\"><img src=\"https:\/\/files.sunoresearch.com.br\/n\/uploads\/2020\/08\/7ef34026-whatsapp-image-2020-08-03-at-12.37.57-150x150.webp\" alt=\"Poliana Santos\"><\/a><div class=\"authorBox__name\"><span>por\n\t\t\t<a href=\"https:\/\/www.suno.com.br\/noticias\/author\/poliana-santos\/\"><span itemprop=\"author\">Poliana Santos<\/span><\/a><\/span><time datetime=\"2019-05-23T11:49:12-03:00\" itemprop=\"datePublished\">23\/05\/2019 11:49<\/time><\/div><\/div><\/div><\/div><\/div>","single_layout":"posts","amp_enabled":true,"_links":{"self":[{"href":"https:\/\/www.suno.com.br\/noticias\/wp-json\/wp\/v2\/posts\/25720"}],"collection":[{"href":"https:\/\/www.suno.com.br\/noticias\/wp-json\/wp\/v2\/posts"}],"about":[{"href":"https:\/\/www.suno.com.br\/noticias\/wp-json\/wp\/v2\/types\/post"}],"author":[{"embeddable":true,"href":"https:\/\/www.suno.com.br\/noticias\/wp-json\/wp\/v2\/users\/15"}],"replies":[{"embeddable":true,"href":"https:\/\/www.suno.com.br\/noticias\/wp-json\/wp\/v2\/comments?post=25720"}],"version-history":[{"count":0,"href":"https:\/\/www.suno.com.br\/noticias\/wp-json\/wp\/v2\/posts\/25720\/revisions"}],"wp:featuredmedia":[{"embeddable":true,"href":"https:\/\/www.suno.com.br\/noticias\/wp-json\/wp\/v2\/media\/20577"}],"wp:attachment":[{"href":"https:\/\/www.suno.com.br\/noticias\/wp-json\/wp\/v2\/media?parent=25720"}],"wp:term":[{"taxonomy":"category","embeddable":true,"href":"https:\/\/www.suno.com.br\/noticias\/wp-json\/wp\/v2\/categories?post=25720"},{"taxonomy":"post_tag","embeddable":true,"href":"https:\/\/www.suno.com.br\/noticias\/wp-json\/wp\/v2\/tags?post=25720"},{"taxonomy":"suno_strategy","embeddable":true,"href":"https:\/\/www.suno.com.br\/noticias\/wp-json\/wp\/v2\/suno_strategy?post=25720"}],"curies":[{"name":"wp","href":"https:\/\/api.w.org\/{rel}","templated":true}]}}