{"id":256918,"date":"2022-05-06T16:35:01","date_gmt":"2022-05-06T19:35:01","guid":{"rendered":"https:\/\/www.suno.com.br\/noticias\/?p=256918"},"modified":"2022-05-06T16:35:01","modified_gmt":"2022-05-06T19:35:01","slug":"pao-de-acucar-pcar3-1t22-fraco-melhoras-2s2022","status":"publish","type":"post","link":"https:\/\/www.suno.com.br\/noticias\/pao-de-acucar-pcar3-1t22-fraco-melhoras-2s2022\/","title":{"rendered":"P\u00e3o de A\u00e7\u00facar (PCAR3): trimestre foi fraco, mas analistas esperam melhoras no longo prazo"},"content":{"rendered":"<p>Ap\u00f3s a divulga\u00e7\u00e3o do balan\u00e7o do <strong>P\u00e3o de A\u00e7\u00facar<\/strong> (PCAR3), o Bank of America mudou a recomenda\u00e7\u00e3o das a\u00e7\u00f5es para \u201ccompra\u201d. Anteriormente, a classifica\u00e7\u00e3o era de baixo desempenho. O <a class=\"suno-keyword\" href=\"https:\/\/www.suno.com.br\/artigos\/preco-alvo\/\" target=\"_blank\" rel=\"noopener\" data-force=\"no\" data-priority=\"1\">pre\u00e7o alvo<\/a> da a\u00e7\u00e3o \u00e9 R$ 28. Entenda os motivos da altera\u00e7\u00e3o.<\/p>\t<div class=\"wrapper-featured-image\">\n\t\t<figure class=\"spotlightImg\">\n\n\t\t\t<picture>\n\t\t\t\t<source media=\"(max-width: 768px)\" srcset=\"https:\/\/files.sunoresearch.com.br\/n\/uploads\/2021\/03\/3e124fab-gpa-pao-de-acucar-400x200.webp\">\n\t\t\t\t<img loading=\"lazy\" decoding=\"async\" class=\"newsContent__article__imgCapa lazyloadDisabled \" src=\"https:\/\/files.sunoresearch.com.br\/n\/uploads\/2021\/03\/3e124fab-gpa-pao-de-acucar-800x450.webp\" width=\"800\" height=\"450\" alt=\"P\u00e3o de A\u00e7\u00facar (PCAR3): trimestre foi fraco, mas analistas esperam melhoras no longo prazo\" fetchpriority=high \/>\n\t\t\t<\/picture>\n\n\t\t\t<figcaption class=\"wp-caption-text wp-caption-text--show\">GPA - P\u00e3o de A\u00e7\u00facar. Foto: Divulga\u00e7\u00e3o.<\/figcaption>\n\t\t<\/figure>\n\t<\/div>\n\n\n\t<p>\n\t\t<a href=\"\" target=\"_blank\" data-element=\"shortcode-suno-banner\" title=\"Banner SUNO, clique e saiba mais\">\n\t\t\t<picture>\n\t\t\t\t<source media=\"(max-width: 500px)\" srcset=\"\">\n\t\t\t\t<img class=\"newsContent__article__imgCapa newsContent__article__imgCapa--banner\"\n\t\t\t\t\tsrc=\"\"\n\t\t\t\t\tdata-promo-id=\"138420\"\t\t\t\t\t\t\t\t\t\t\t\t\t\t\talt=\"\"\n\t\t\t\t>\n\t\t\t<\/picture>\n\t\t<\/a>\n\t<\/p>\n\n\n<p>Apesar da maior parte dos analistas concordar que os resultados do 1T22 do P\u00e3o de A\u00e7\u00facar deixaram a desejar, o BofA afirma que h\u00e1 expectativa de normaliza\u00e7\u00e3o da log\u00edstica da empresa, al\u00e9m da uma proje\u00e7\u00e3o de melhora de alguns fatores operacionais.<\/p>\n<p>&#8220;Reiteramos nossa compra, pois a log\u00edstica do GPA Brasil parece estar se normalizando, e buscamos melhores posi\u00e7\u00f5es de estoque, maior atividade promocional e melhor <a class=\"suno-keyword\" href=\"https:\/\/www.suno.com.br\/artigos\/alavancagem-operacional\/\" target=\"_blank\" rel=\"noopener\" data-force=\"no\" data-priority=\"1\">alavancagem operacional<\/a>&#8220;, aponta o relat\u00f3rio.<\/p>\n<p>O <strong><a class=\"suno-keyword\" href=\"https:\/\/www.suno.com.br\/artigos\/lucro-liquido\/\" target=\"_blank\" rel=\"noopener\" data-force=\"no\" data-priority=\"1\">lucro l\u00edquido<\/a> consolidado<\/strong> do primeiro trimestre de 2022 do P\u00e3o de A\u00e7\u00facar foi de de R$ 1,4 bilh\u00e3o, alta anual de 1.250%, n\u00famero puxado pelo montante embolsado pela companhia com a venda de pontos comerciais de Extra Hiper para o <strong>Assa\u00ed<\/strong> (ASAI3). Se consideradas apenas as opera\u00e7\u00f5es continuadas do grupo, a companhia registrou preju\u00edzo de R$ 111 milh\u00f5es no trimestre, o que significa a revers\u00e3o do lucro de R$ 103 milh\u00f5es registrados no mesmo per\u00edodo de 2021.<\/p>\n<p>Analistas do BofA tamb\u00e9m esperam que a recente reabertura do Uruguai ao turismo e sa\u00eddas de mercado na Col\u00f4mbia apoiem um crescimento mais elevado, ao mesmo tempo que abrem as portas para aliena\u00e7\u00f5es estrat\u00e9gicas.<\/p>\n<p>&#8220;Dadas as necessidades de liquidez da estrutura de controle do P\u00e3o de A\u00e7\u00facar, tamb\u00e9m n\u00e3o descontamos uma revis\u00e3o estrat\u00e9gica e\/ou venda de opera\u00e7\u00f5es brasileiras&#8221;, diz o BofA.<\/p>\n\t<p>\n\t\t<a href=\"https:\/\/lp.suno.com.br\/planilha-controle-gastos\/\" target=\"_blank\" data-element=\"shortcode-suno-banner\" title=\"Banner SUNO, clique e saiba mais\">\n\t\t\t<picture>\n\t\t\t\t<source media=\"(max-width: 500px)\" srcset=\"https:\/\/files.sunoresearch.com.br\/n\/uploads\/2023\/03\/400x300-Planilha-controle-de-gastos.png\">\n\t\t\t\t<img class=\"newsContent__article__imgCapa newsContent__article__imgCapa--banner\"\n\t\t\t\t\tsrc=\"https:\/\/files.sunoresearch.com.br\/n\/uploads\/2023\/03\/1420x240-Planilha-controle-de-gastos.png\"\n\t\t\t\t\tdata-promo-id=\"101751\"\t\t\t\t\t\t\t\t\t\twidth='1420' height='240'\t\t\t\t\talt=\"https:\/\/files.sunoresearch.com.br\/n\/uploads\/2023\/03\/1420x240-Planilha-controle-de-gastos.png\"\n\t\t\t\t>\n\t\t\t<\/picture>\n\t\t<\/a>\n\t<\/p>\n\n\n<p>Recentemente, os investidores se animaram com rumores sobre a companhia. Durante a semana, as <strong>a\u00e7\u00f5es do P\u00e3o de A\u00e7\u00facar<\/strong> subiram significativamente com a not\u00edcia de que existe a possibilidade de que <strong><a class=\"suno-keyword\" href=\"https:\/\/www.suno.com.br\/tudo-sobre\/abilio-diniz\/\" target=\"_blank\" rel=\"noopener\" data-force=\"no\" data-priority=\"2\">Ab\u00edlio Diniz<\/a><\/strong>, terceiro maior acionista do\u00a0<strong>Carrefour<\/strong>\u00a0(CRFB3), estaria \u201cnamorando\u201d a empresa. Cogita voltar \u00e0 empresa que fundou com o pai e da qual era s\u00f3cio at\u00e9 nove anos. De acordo com o colunista Lauro Jardim, do\u00a0<em>O Globo<\/em>, a negocia\u00e7\u00e3o ocorre h\u00e1 dois meses e est\u00e1 em est\u00e1gio inicial.<\/p>\n<p>De acordo com o banco de investimentos, \u201co Casino est\u00e1 em discuss\u00f5es preliminares com o ex-controlador do GPA Ab\u00edlio Diniz. Percebemos que a avalia\u00e7\u00e3o predominante da PCAR sofre de temores de governan\u00e7a e acreditamos que as vendas estrat\u00e9gicas seriam capazes de realizar pr\u00eamios consider\u00e1veis\u201d.<\/p>\n<h2>BB-BI n\u00e3o se impressiona com resultados do P\u00e3o de A\u00e7\u00facar no 1T22<\/h2>\n<p>O <strong>BB-BI<\/strong> acredita que o <strong>balan\u00e7o do<\/strong> <strong>primeiro trimestre de 2022 do P\u00e3o de A\u00e7\u00facar<\/strong> foi fraco, mesmo com a expectativa de press\u00e3o sobre as vendas no <a class=\"suno-keyword\" href=\"https:\/\/www.suno.com.br\/artigos\/curto-prazo\/\" target=\"_blank\" rel=\"noopener\" data-force=\"no\" data-priority=\"1\">curto prazo<\/a>. O banco afirma que isso ocorre devido \u00e0 elevada infla\u00e7\u00e3o sobre a renda do consumidor.<\/p>\n<p>\u201cObservamos que o cen\u00e1rio ficou ainda mais penoso para o P\u00e3o de A\u00e7\u00facar dado o problema de ruptura de estoque sofrido no trimestre ap\u00f3s a descontinuidade do formato Hiper, por conta da readequa\u00e7\u00e3o da malha log\u00edstica, a empresa contabilizou perda de rentabilidade na compara\u00e7\u00e3o anual e desapontou nossas proje\u00e7\u00f5es\u201d, aponta o relat\u00f3rio.<\/p>\n<p>Sobre as a\u00e7\u00f5es da empresa, o BB-BI mant\u00e9m a recomenda\u00e7\u00e3o neutra dos pap\u00e9is, com pre\u00e7o alvo de R$ 31,70 e potencial de alta de 39,4%.<\/p>\n\t<p>\n\t\t<a href=\"https:\/\/lp.suno.com.br\/planilha-da-vida-financeira\/\" target=\"_blank\" data-element=\"shortcode-suno-banner\" title=\"Banner SUNO, clique e saiba mais\">\n\t\t\t<picture>\n\t\t\t\t<source media=\"(max-width: 500px)\" srcset=\"https:\/\/files.sunoresearch.com.br\/n\/uploads\/2023\/04\/400x300-Planilha-vida-financeira-true.png\">\n\t\t\t\t<img class=\"newsContent__article__imgCapa newsContent__article__imgCapa--banner\"\n\t\t\t\t\tsrc=\"https:\/\/files.sunoresearch.com.br\/n\/uploads\/2023\/04\/1420x240-Planilha-vida-financeira-true.png\"\n\t\t\t\t\tdata-promo-id=\"106682\"\t\t\t\t\t\t\t\t\t\twidth='1420' height='240'\t\t\t\t\talt=\"https:\/\/files.sunoresearch.com.br\/n\/uploads\/2023\/04\/1420x240-Planilha-vida-financeira-true.png\"\n\t\t\t\t>\n\t\t\t<\/picture>\n\t\t<\/a>\n\t<\/p>\n\n\n<p>Os analistas destacam que a queda acumulada nos \u00faltimos 30 dias reflete a <a class=\"suno-keyword\" href=\"https:\/\/www.suno.com.br\/artigos\/aversao-ao-risco\/\" target=\"_blank\" rel=\"noopener\" data-force=\"no\" data-priority=\"1\">avers\u00e3o ao risco<\/a> por parte dos investidores no per\u00edodo, diante da preocupa\u00e7\u00e3o com a persist\u00eancia da infla\u00e7\u00e3o.<\/p>\n<p>Anteriormente, o banco de investimento pontuou que o processo de reestrutura\u00e7\u00e3o que o P\u00e3o de A\u00e7\u00facar tem passado, com ajuste de sortimento de produtos, convers\u00e3o e abertura de lojas, deve gerar frutos apenas a partir do segundo semestre deste ano.<\/p>\n\t<p>\n\t\t<a href=\"https:\/\/lp.suno.com.br\/ebook-como-analisar-uma-acao\/\" target=\"_blank\" data-element=\"shortcode-suno-banner\" title=\"Banner SUNO, clique e saiba mais\">\n\t\t\t<picture>\n\t\t\t\t<source media=\"(max-width: 500px)\" srcset=\"https:\/\/files.sunoresearch.com.br\/n\/uploads\/2023\/03\/Ebook-Acoes-Mobile-1.jpg\">\n\t\t\t\t<img class=\"newsContent__article__imgCapa newsContent__article__imgCapa--banner\"\n\t\t\t\t\tsrc=\"https:\/\/files.sunoresearch.com.br\/n\/uploads\/2023\/03\/Ebook-Acoes-Desktop-1.jpg\"\n\t\t\t\t\tdata-promo-id=\"171998\"\t\t\t\t\t\t\t\t\t\twidth='1420' height='286'\t\t\t\t\talt=\"https:\/\/files.sunoresearch.com.br\/n\/uploads\/2023\/03\/Ebook-Acoes-Desktop-1.jpg\"\n\t\t\t\t>\n\t\t\t<\/picture>\n\t\t<\/a>\n\t<\/p>\n\n\n<p>Desta forma, \u201cn\u00e3o vislumbramos gatilhos de curto prazo para destravar o <a class=\"suno-keyword\" href=\"https:\/\/www.suno.com.br\/artigos\/valor-justo\/\" target=\"_blank\" rel=\"noopener\" data-force=\"no\" data-priority=\"1\">valor justo<\/a> que atribu\u00edmos \u00e0 companhia\u201d. Al\u00e9m disso, o BB-BI ressalta que o rumor das negocia\u00e7\u00f5es com o executivo do Carrefour tamb\u00e9m n\u00e3o os impressiona e vai aguardar um posicionamento oficial da empresa.<\/p>\n<h2>Cota\u00e7\u00e3o<\/h2>\n<p>A a\u00e7\u00e3o do\u00a0<strong>P\u00e3o de A\u00e7\u00facar<\/strong> opera em queda de 3,94%, nesta sexta-feira (6), \u00e0s 14h40. No ano, acumula ganhos de 1,82%.<\/p>\n\t<p>\n\t\t<a href=\"https:\/\/lp.suno.com.br\/planilha-de-controle-de-investimentos\/\" target=\"_blank\" data-element=\"shortcode-suno-banner\" title=\"Banner SUNO, clique e saiba mais\">\n\t\t\t<picture>\n\t\t\t\t<source media=\"(max-width: 500px)\" srcset=\"https:\/\/files.sunoresearch.com.br\/n\/uploads\/2023\/03\/400x300-Controle-de-Investimentos.png\">\n\t\t\t\t<img class=\"newsContent__article__imgCapa newsContent__article__imgCapa--banner\"\n\t\t\t\t\tsrc=\"https:\/\/files.sunoresearch.com.br\/n\/uploads\/2023\/03\/1420x240-Controle-de-Investimentos.png\"\n\t\t\t\t\tdata-promo-id=\"75934\"\t\t\t\t\t\t\t\t\t\twidth='1420' height='240'\t\t\t\t\talt=\"https:\/\/files.sunoresearch.com.br\/n\/uploads\/2023\/03\/1420x240-Controle-de-Investimentos.png\"\n\t\t\t\t>\n\t\t\t<\/picture>\n\t\t<\/a>\n\t<\/p>\n\n\n","protected":false},"excerpt":{"rendered":"<p>Ap\u00f3s a divulga\u00e7\u00e3o do balan\u00e7o do P\u00e3o de A\u00e7\u00facar (PCAR3), o Bank of America mudou a recomenda\u00e7\u00e3o das a\u00e7\u00f5es para \u201ccompra\u201d. Anteriormente, a classifica\u00e7\u00e3o era de baixo desempenho. O pre\u00e7o alvo da a\u00e7\u00e3o \u00e9 R$ 28. Entenda os motivos da altera\u00e7\u00e3o. GPA &#8211; P\u00e3o de A\u00e7\u00facar. Foto: Divulga\u00e7\u00e3o. Apesar da maior parte dos analistas concordar [&hellip;]<\/p>\n","protected":false},"author":146,"featured_media":130279,"comment_status":"closed","ping_status":"closed","sticky":false,"template":"","format":"standard","meta":[],"categories":[64],"tags":[105816],"suno_strategy":[],"class_list":["post-256918","post","type-post","status-publish","format-standard","has-post-thumbnail","hentry","category-negocios","tag-especialistas"],"yoast_head":"<!-- This site is optimized with the Yoast SEO plugin v24.4 - https:\/\/yoast.com\/wordpress\/plugins\/seo\/ -->\n<title>P\u00e3o de A\u00e7\u00facar (PCAR3): trimestre foi fraco; melhoras podem vir no longo prazo<\/title>\n<meta name=\"description\" content=\"Veja o que analistas t\u00eam a dizer sobre o balan\u00e7o do P\u00e3o de A\u00e7\u00facar (PCAR3) do 1\u00ba trimestre de 2022, divulgado durante a \u00faltima semana.\" \/>\n<meta name=\"robots\" content=\"index, follow, max-snippet:-1, max-image-preview:large, max-video-preview:-1\" \/>\n<link rel=\"canonical\" href=\"https:\/\/www.suno.com.br\/noticias\/pao-de-acucar-pcar3-1t22-fraco-melhoras-2s2022\/\" \/>\n<meta property=\"og:locale\" content=\"pt_BR\" \/>\n<meta property=\"og:type\" content=\"article\" \/>\n<meta property=\"og:title\" content=\"P\u00e3o de A\u00e7\u00facar (PCAR3): trimestre foi fraco; melhoras podem vir no longo prazo\" \/>\n<meta property=\"og:description\" content=\"Veja o que analistas t\u00eam a dizer sobre o balan\u00e7o do P\u00e3o de A\u00e7\u00facar (PCAR3) do 1\u00ba trimestre de 2022, divulgado durante a \u00faltima semana.\" \/>\n<meta property=\"og:url\" content=\"https:\/\/www.suno.com.br\/noticias\/pao-de-acucar-pcar3-1t22-fraco-melhoras-2s2022\/\" \/>\n<meta property=\"og:site_name\" content=\"Suno Not\u00edcias\" \/>\n<meta property=\"article:publisher\" content=\"https:\/\/facebook.com\/sunoresearch\" \/>\n<meta property=\"og:image\" content=\"https:\/\/files.sunoresearch.com.br\/n\/uploads\/2021\/03\/3e124fab-gpa-pao-de-acucar.jpg\" \/>\n\t<meta property=\"og:image:width\" content=\"1200\" \/>\n\t<meta property=\"og:image:height\" content=\"675\" \/>\n\t<meta property=\"og:image:type\" content=\"image\/jpeg\" \/>\n<meta name=\"author\" content=\"Vict\u00f3ria Anhesini\" \/>\n<meta name=\"twitter:card\" content=\"summary_large_image\" \/>\n<meta name=\"twitter:creator\" content=\"@sunoresearch\" \/>\n<meta name=\"twitter:site\" content=\"@sunoresearch\" \/>\n<meta name=\"twitter:label1\" content=\"Escrito por\" \/>\n\t<meta name=\"twitter:data1\" content=\"Vict\u00f3ria Anhesini\" \/>\n\t<meta name=\"twitter:label2\" content=\"Est. tempo de leitura\" \/>\n\t<meta name=\"twitter:data2\" content=\"3 minutos\" \/>\n<script type=\"application\/ld+json\" class=\"yoast-schema-graph\">{\"@context\":\"https:\/\/schema.org\",\"@graph\":[{\"@type\":\"NewsArticle\",\"@id\":\"https:\/\/www.suno.com.br\/noticias\/pao-de-acucar-pcar3-1t22-fraco-melhoras-2s2022\/#article\",\"isPartOf\":{\"@id\":\"https:\/\/www.suno.com.br\/noticias\/pao-de-acucar-pcar3-1t22-fraco-melhoras-2s2022\/\"},\"author\":{\"name\":\"Vict\u00f3ria Anhesini\",\"@id\":\"https:\/\/www.suno.com.br\/noticias\/#\/schema\/person\/46d847cb19ad53fde0857adca989c23f\"},\"headline\":\"P\u00e3o de A\u00e7\u00facar (PCAR3): trimestre foi fraco, mas analistas esperam melhoras no longo prazo\",\"datePublished\":\"2022-05-06T19:35:01+00:00\",\"mainEntityOfPage\":{\"@id\":\"https:\/\/www.suno.com.br\/noticias\/pao-de-acucar-pcar3-1t22-fraco-melhoras-2s2022\/\"},\"wordCount\":758,\"publisher\":{\"@id\":\"https:\/\/www.suno.com.br\/noticias\/#organization\"},\"image\":{\"@id\":\"https:\/\/www.suno.com.br\/noticias\/pao-de-acucar-pcar3-1t22-fraco-melhoras-2s2022\/#primaryimage\"},\"thumbnailUrl\":\"https:\/\/files.sunoresearch.com.br\/n\/uploads\/2021\/03\/3e124fab-gpa-pao-de-acucar-jpg.webp\",\"keywords\":[\"Especialistas\"],\"articleSection\":[\"Neg\u00f3cios\"],\"inLanguage\":\"pt-BR\"},{\"@type\":\"WebPage\",\"@id\":\"https:\/\/www.suno.com.br\/noticias\/pao-de-acucar-pcar3-1t22-fraco-melhoras-2s2022\/\",\"url\":\"https:\/\/www.suno.com.br\/noticias\/pao-de-acucar-pcar3-1t22-fraco-melhoras-2s2022\/\",\"name\":\"P\u00e3o de A\u00e7\u00facar (PCAR3): trimestre foi fraco; melhoras podem vir no longo prazo\",\"isPartOf\":{\"@id\":\"https:\/\/www.suno.com.br\/noticias\/#website\"},\"primaryImageOfPage\":{\"@id\":\"https:\/\/www.suno.com.br\/noticias\/pao-de-acucar-pcar3-1t22-fraco-melhoras-2s2022\/#primaryimage\"},\"image\":{\"@id\":\"https:\/\/www.suno.com.br\/noticias\/pao-de-acucar-pcar3-1t22-fraco-melhoras-2s2022\/#primaryimage\"},\"thumbnailUrl\":\"https:\/\/files.sunoresearch.com.br\/n\/uploads\/2021\/03\/3e124fab-gpa-pao-de-acucar-jpg.webp\",\"datePublished\":\"2022-05-06T19:35:01+00:00\",\"description\":\"Veja o que analistas t\u00eam a dizer sobre o balan\u00e7o do P\u00e3o de A\u00e7\u00facar (PCAR3) do 1\u00ba trimestre de 2022, divulgado durante a \u00faltima semana.\",\"breadcrumb\":{\"@id\":\"https:\/\/www.suno.com.br\/noticias\/pao-de-acucar-pcar3-1t22-fraco-melhoras-2s2022\/#breadcrumb\"},\"inLanguage\":\"pt-BR\",\"potentialAction\":[{\"@type\":\"ReadAction\",\"target\":[\"https:\/\/www.suno.com.br\/noticias\/pao-de-acucar-pcar3-1t22-fraco-melhoras-2s2022\/\"]}]},{\"@type\":\"ImageObject\",\"inLanguage\":\"pt-BR\",\"@id\":\"https:\/\/www.suno.com.br\/noticias\/pao-de-acucar-pcar3-1t22-fraco-melhoras-2s2022\/#primaryimage\",\"url\":\"https:\/\/files.sunoresearch.com.br\/n\/uploads\/2021\/03\/3e124fab-gpa-pao-de-acucar-jpg.webp\",\"contentUrl\":\"https:\/\/files.sunoresearch.com.br\/n\/uploads\/2021\/03\/3e124fab-gpa-pao-de-acucar-jpg.webp\",\"width\":1200,\"height\":675,\"caption\":\"GPA - P\u00e3o de A\u00e7\u00facar. Foto: Divulga\u00e7\u00e3o.\"},{\"@type\":\"BreadcrumbList\",\"@id\":\"https:\/\/www.suno.com.br\/noticias\/pao-de-acucar-pcar3-1t22-fraco-melhoras-2s2022\/#breadcrumb\",\"itemListElement\":[{\"@type\":\"ListItem\",\"position\":1,\"name\":\"Not\u00edcias\",\"item\":\"https:\/\/www.suno.com.br\/noticias\/\"},{\"@type\":\"ListItem\",\"position\":2,\"name\":\"Neg\u00f3cios\",\"item\":\"https:\/\/www.suno.com.br\/noticias\/negocios\/\"},{\"@type\":\"ListItem\",\"position\":3,\"name\":\"P\u00e3o de A\u00e7\u00facar (PCAR3): trimestre foi fraco, mas analistas esperam melhoras no longo prazo\"}]},{\"@type\":\"WebSite\",\"@id\":\"https:\/\/www.suno.com.br\/noticias\/#website\",\"url\":\"https:\/\/www.suno.com.br\/noticias\/\",\"name\":\"Suno Not\u00edcias\",\"description\":\"Seu portal de informa\u00e7\u00e3o sobre o mundo dos investimentos\",\"publisher\":{\"@id\":\"https:\/\/www.suno.com.br\/noticias\/#organization\"},\"potentialAction\":[{\"@type\":\"SearchAction\",\"target\":{\"@type\":\"EntryPoint\",\"urlTemplate\":\"https:\/\/www.suno.com.br\/noticias\/?s={search_term_string}\"},\"query-input\":{\"@type\":\"PropertyValueSpecification\",\"valueRequired\":true,\"valueName\":\"search_term_string\"}}],\"inLanguage\":\"pt-BR\"},{\"@type\":\"Organization\",\"@id\":\"https:\/\/www.suno.com.br\/noticias\/#organization\",\"name\":\"Suno Not\u00edcias\",\"url\":\"https:\/\/www.suno.com.br\/noticias\/\",\"logo\":{\"@type\":\"ImageObject\",\"inLanguage\":\"pt-BR\",\"@id\":\"https:\/\/www.suno.com.br\/noticias\/#\/schema\/logo\/image\/\",\"url\":\"https:\/\/files.sunoresearch.com.br\/n\/uploads\/2021\/09\/suno-logo.png\",\"contentUrl\":\"https:\/\/files.sunoresearch.com.br\/n\/uploads\/2021\/09\/suno-logo.png\",\"width\":180,\"height\":180,\"caption\":\"Suno Not\u00edcias\"},\"image\":{\"@id\":\"https:\/\/www.suno.com.br\/noticias\/#\/schema\/logo\/image\/\"},\"sameAs\":[\"https:\/\/facebook.com\/sunoresearch\",\"https:\/\/x.com\/sunoresearch\",\"https:\/\/www.instagram.com\/suno\",\"https:\/\/www.linkedin.com\/company\/suno-research\/\",\"https:\/\/www.youtube.com\/c\/sunoresearch\"]},{\"@type\":\"Person\",\"@id\":\"https:\/\/www.suno.com.br\/noticias\/#\/schema\/person\/46d847cb19ad53fde0857adca989c23f\",\"name\":\"Vict\u00f3ria Anhesini\",\"image\":{\"@type\":\"ImageObject\",\"inLanguage\":\"pt-BR\",\"@id\":\"https:\/\/www.suno.com.br\/noticias\/#\/schema\/person\/image\/\",\"url\":\"https:\/\/secure.gravatar.com\/avatar\/0172bdfcd9129dd9dd68794804304e6e?s=96&r=g\",\"contentUrl\":\"https:\/\/secure.gravatar.com\/avatar\/0172bdfcd9129dd9dd68794804304e6e?s=96&r=g\",\"caption\":\"Vict\u00f3ria Anhesini\"},\"description\":\"Rep\u00f3rter no Suno Not\u00edcias, cobre mercados, neg\u00f3cios e economia, escrevendo majoritariamente sobre movimentos das empresas, cobertura de balan\u00e7os trimestrais e Bolsa de Valores. Formada em jornalismo pela Universidade Presbiteriana Mackenzie em 2019, passou pelo portal de economia e finan\u00e7as EuQueroInvestir como rep\u00f3rter e anteriormente, trabalhou na assessoria de imprensa PinePR, onde liderou com startups de inova\u00e7\u00e3o, tecnologia e finan\u00e7as. Em seu tempo livre, fala sobre m\u00fasica para ambos os sites do selo ForMusic, Wikimetal e Mad Sound, e faz trabalho volunt\u00e1rio no programa Escreve Cartas do Poupatempo.\",\"sameAs\":[\"https:\/\/www.linkedin.com\/in\/victoria-anhesini\/\"],\"url\":\"https:\/\/www.suno.com.br\/noticias\/author\/victoria\/\"}]}<\/script>\n<!-- \/ Yoast SEO plugin. -->","yoast_head_json":{"title":"P\u00e3o de A\u00e7\u00facar (PCAR3): trimestre foi fraco; melhoras podem vir no longo prazo","description":"Veja o que analistas t\u00eam a dizer sobre o balan\u00e7o do P\u00e3o de A\u00e7\u00facar (PCAR3) do 1\u00ba trimestre de 2022, divulgado durante a \u00faltima semana.","robots":{"index":"index","follow":"follow","max-snippet":"max-snippet:-1","max-image-preview":"max-image-preview:large","max-video-preview":"max-video-preview:-1"},"canonical":"https:\/\/www.suno.com.br\/noticias\/pao-de-acucar-pcar3-1t22-fraco-melhoras-2s2022\/","og_locale":"pt_BR","og_type":"article","og_title":"P\u00e3o de A\u00e7\u00facar (PCAR3): trimestre foi fraco; melhoras podem vir no longo prazo","og_description":"Veja o que analistas t\u00eam a dizer sobre o balan\u00e7o do P\u00e3o de A\u00e7\u00facar (PCAR3) do 1\u00ba trimestre de 2022, divulgado durante a \u00faltima semana.","og_url":"https:\/\/www.suno.com.br\/noticias\/pao-de-acucar-pcar3-1t22-fraco-melhoras-2s2022\/","og_site_name":"Suno Not\u00edcias","article_publisher":"https:\/\/facebook.com\/sunoresearch","og_image":[{"width":1200,"height":675,"url":"https:\/\/files.sunoresearch.com.br\/n\/uploads\/2021\/03\/3e124fab-gpa-pao-de-acucar.jpg","type":"image\/jpeg"}],"author":"Vict\u00f3ria Anhesini","twitter_card":"summary_large_image","twitter_creator":"@sunoresearch","twitter_site":"@sunoresearch","twitter_misc":{"Escrito por":"Vict\u00f3ria Anhesini","Est. tempo de leitura":"3 minutos"},"schema":{"@context":"https:\/\/schema.org","@graph":[{"@type":"NewsArticle","@id":"https:\/\/www.suno.com.br\/noticias\/pao-de-acucar-pcar3-1t22-fraco-melhoras-2s2022\/#article","isPartOf":{"@id":"https:\/\/www.suno.com.br\/noticias\/pao-de-acucar-pcar3-1t22-fraco-melhoras-2s2022\/"},"author":{"name":"Vict\u00f3ria Anhesini","@id":"https:\/\/www.suno.com.br\/noticias\/#\/schema\/person\/46d847cb19ad53fde0857adca989c23f"},"headline":"P\u00e3o de A\u00e7\u00facar (PCAR3): trimestre foi fraco, mas analistas esperam melhoras no longo prazo","datePublished":"2022-05-06T19:35:01+00:00","mainEntityOfPage":{"@id":"https:\/\/www.suno.com.br\/noticias\/pao-de-acucar-pcar3-1t22-fraco-melhoras-2s2022\/"},"wordCount":758,"publisher":{"@id":"https:\/\/www.suno.com.br\/noticias\/#organization"},"image":{"@id":"https:\/\/www.suno.com.br\/noticias\/pao-de-acucar-pcar3-1t22-fraco-melhoras-2s2022\/#primaryimage"},"thumbnailUrl":"https:\/\/files.sunoresearch.com.br\/n\/uploads\/2021\/03\/3e124fab-gpa-pao-de-acucar-jpg.webp","keywords":["Especialistas"],"articleSection":["Neg\u00f3cios"],"inLanguage":"pt-BR"},{"@type":"WebPage","@id":"https:\/\/www.suno.com.br\/noticias\/pao-de-acucar-pcar3-1t22-fraco-melhoras-2s2022\/","url":"https:\/\/www.suno.com.br\/noticias\/pao-de-acucar-pcar3-1t22-fraco-melhoras-2s2022\/","name":"P\u00e3o de A\u00e7\u00facar (PCAR3): trimestre foi fraco; melhoras podem vir no longo prazo","isPartOf":{"@id":"https:\/\/www.suno.com.br\/noticias\/#website"},"primaryImageOfPage":{"@id":"https:\/\/www.suno.com.br\/noticias\/pao-de-acucar-pcar3-1t22-fraco-melhoras-2s2022\/#primaryimage"},"image":{"@id":"https:\/\/www.suno.com.br\/noticias\/pao-de-acucar-pcar3-1t22-fraco-melhoras-2s2022\/#primaryimage"},"thumbnailUrl":"https:\/\/files.sunoresearch.com.br\/n\/uploads\/2021\/03\/3e124fab-gpa-pao-de-acucar-jpg.webp","datePublished":"2022-05-06T19:35:01+00:00","description":"Veja o que analistas t\u00eam a dizer sobre o balan\u00e7o do P\u00e3o de A\u00e7\u00facar (PCAR3) do 1\u00ba trimestre de 2022, divulgado durante a \u00faltima semana.","breadcrumb":{"@id":"https:\/\/www.suno.com.br\/noticias\/pao-de-acucar-pcar3-1t22-fraco-melhoras-2s2022\/#breadcrumb"},"inLanguage":"pt-BR","potentialAction":[{"@type":"ReadAction","target":["https:\/\/www.suno.com.br\/noticias\/pao-de-acucar-pcar3-1t22-fraco-melhoras-2s2022\/"]}]},{"@type":"ImageObject","inLanguage":"pt-BR","@id":"https:\/\/www.suno.com.br\/noticias\/pao-de-acucar-pcar3-1t22-fraco-melhoras-2s2022\/#primaryimage","url":"https:\/\/files.sunoresearch.com.br\/n\/uploads\/2021\/03\/3e124fab-gpa-pao-de-acucar-jpg.webp","contentUrl":"https:\/\/files.sunoresearch.com.br\/n\/uploads\/2021\/03\/3e124fab-gpa-pao-de-acucar-jpg.webp","width":1200,"height":675,"caption":"GPA - P\u00e3o de A\u00e7\u00facar. Foto: Divulga\u00e7\u00e3o."},{"@type":"BreadcrumbList","@id":"https:\/\/www.suno.com.br\/noticias\/pao-de-acucar-pcar3-1t22-fraco-melhoras-2s2022\/#breadcrumb","itemListElement":[{"@type":"ListItem","position":1,"name":"Not\u00edcias","item":"https:\/\/www.suno.com.br\/noticias\/"},{"@type":"ListItem","position":2,"name":"Neg\u00f3cios","item":"https:\/\/www.suno.com.br\/noticias\/negocios\/"},{"@type":"ListItem","position":3,"name":"P\u00e3o de A\u00e7\u00facar (PCAR3): trimestre foi fraco, mas analistas esperam melhoras no longo prazo"}]},{"@type":"WebSite","@id":"https:\/\/www.suno.com.br\/noticias\/#website","url":"https:\/\/www.suno.com.br\/noticias\/","name":"Suno Not\u00edcias","description":"Seu portal de informa\u00e7\u00e3o sobre o mundo dos investimentos","publisher":{"@id":"https:\/\/www.suno.com.br\/noticias\/#organization"},"potentialAction":[{"@type":"SearchAction","target":{"@type":"EntryPoint","urlTemplate":"https:\/\/www.suno.com.br\/noticias\/?s={search_term_string}"},"query-input":{"@type":"PropertyValueSpecification","valueRequired":true,"valueName":"search_term_string"}}],"inLanguage":"pt-BR"},{"@type":"Organization","@id":"https:\/\/www.suno.com.br\/noticias\/#organization","name":"Suno Not\u00edcias","url":"https:\/\/www.suno.com.br\/noticias\/","logo":{"@type":"ImageObject","inLanguage":"pt-BR","@id":"https:\/\/www.suno.com.br\/noticias\/#\/schema\/logo\/image\/","url":"https:\/\/files.sunoresearch.com.br\/n\/uploads\/2021\/09\/suno-logo.png","contentUrl":"https:\/\/files.sunoresearch.com.br\/n\/uploads\/2021\/09\/suno-logo.png","width":180,"height":180,"caption":"Suno Not\u00edcias"},"image":{"@id":"https:\/\/www.suno.com.br\/noticias\/#\/schema\/logo\/image\/"},"sameAs":["https:\/\/facebook.com\/sunoresearch","https:\/\/x.com\/sunoresearch","https:\/\/www.instagram.com\/suno","https:\/\/www.linkedin.com\/company\/suno-research\/","https:\/\/www.youtube.com\/c\/sunoresearch"]},{"@type":"Person","@id":"https:\/\/www.suno.com.br\/noticias\/#\/schema\/person\/46d847cb19ad53fde0857adca989c23f","name":"Vict\u00f3ria Anhesini","image":{"@type":"ImageObject","inLanguage":"pt-BR","@id":"https:\/\/www.suno.com.br\/noticias\/#\/schema\/person\/image\/","url":"https:\/\/secure.gravatar.com\/avatar\/0172bdfcd9129dd9dd68794804304e6e?s=96&r=g","contentUrl":"https:\/\/secure.gravatar.com\/avatar\/0172bdfcd9129dd9dd68794804304e6e?s=96&r=g","caption":"Vict\u00f3ria Anhesini"},"description":"Rep\u00f3rter no Suno Not\u00edcias, cobre mercados, neg\u00f3cios e economia, escrevendo majoritariamente sobre movimentos das empresas, cobertura de balan\u00e7os trimestrais e Bolsa de Valores. Formada em jornalismo pela Universidade Presbiteriana Mackenzie em 2019, passou pelo portal de economia e finan\u00e7as EuQueroInvestir como rep\u00f3rter e anteriormente, trabalhou na assessoria de imprensa PinePR, onde liderou com startups de inova\u00e7\u00e3o, tecnologia e finan\u00e7as. Em seu tempo livre, fala sobre m\u00fasica para ambos os sites do selo ForMusic, Wikimetal e Mad Sound, e faz trabalho volunt\u00e1rio no programa Escreve Cartas do Poupatempo.","sameAs":["https:\/\/www.linkedin.com\/in\/victoria-anhesini\/"],"url":"https:\/\/www.suno.com.br\/noticias\/author\/victoria\/"}]}},"default_loop_html":"<div class=\"cardsPage__listCard__boxs\"><div class=\"cardsPage__listCard__boxs__img\"><a href=\"https:\/\/www.suno.com.br\/noticias\/pao-de-acucar-pcar3-1t22-fraco-melhoras-2s2022\/\"><img class=\"mask\" src=\"https:\/\/www.suno.com.br\/noticias\/wp-content\/themes\/suno\/resources\/images\/spotlight\/spotlight1img\/bg-mask.png\" alt=\"Image Mask\"\/><img src=\"https:\/\/files.sunoresearch.com.br\/n\/uploads\/2021\/03\/3e124fab-gpa-pao-de-acucar-400x200.webp\" alt=\"P\u00e3o de A\u00e7\u00facar (PCAR3): trimestre foi fraco, mas analistas esperam melhoras no longo prazo\"\/><\/a><span class=\"spotlightCategory\"><a href=\"https:\/\/www.suno.com.br\/noticias\/negocios\/\">Neg\u00f3cios<\/a><\/span><\/div><div class=\"cardsPage__listCard__boxs__content\"><a href=\"https:\/\/www.suno.com.br\/noticias\/pao-de-acucar-pcar3-1t22-fraco-melhoras-2s2022\/\"><h2 class=\"content__title\">P\u00e3o de A\u00e7\u00facar (PCAR3): trimestre foi fraco, mas analistas esperam melhoras no longo prazo<\/h2><\/a><div class=\"newsContent__article__meta\"><div class=\"newsContent__article__meta__authorBox\"><a href=\"https:\/\/www.suno.com.br\/noticias\/author\/victoria\/\" class=\"authorBox__avatar noMobi\"><img src=\"https:\/\/files.sunoresearch.com.br\/n\/uploads\/2021\/12\/20190129VickyPINEAPPLE01-1-150x150.jpg\" alt=\"Vict\u00f3ria Anhesini\"><\/a><div class=\"authorBox__name\"><span>por\n\t\t\t<a href=\"https:\/\/www.suno.com.br\/noticias\/author\/victoria\/\"><span itemprop=\"author\">Vict\u00f3ria Anhesini<\/span><\/a><\/span><time datetime=\"2022-05-06T16:35:01-03:00\" itemprop=\"datePublished\">06\/05\/2022 16:35<\/time><\/div><\/div><\/div><\/div><\/div>","single_layout":"posts","amp_enabled":true,"_links":{"self":[{"href":"https:\/\/www.suno.com.br\/noticias\/wp-json\/wp\/v2\/posts\/256918"}],"collection":[{"href":"https:\/\/www.suno.com.br\/noticias\/wp-json\/wp\/v2\/posts"}],"about":[{"href":"https:\/\/www.suno.com.br\/noticias\/wp-json\/wp\/v2\/types\/post"}],"author":[{"embeddable":true,"href":"https:\/\/www.suno.com.br\/noticias\/wp-json\/wp\/v2\/users\/146"}],"replies":[{"embeddable":true,"href":"https:\/\/www.suno.com.br\/noticias\/wp-json\/wp\/v2\/comments?post=256918"}],"version-history":[{"count":3,"href":"https:\/\/www.suno.com.br\/noticias\/wp-json\/wp\/v2\/posts\/256918\/revisions"}],"predecessor-version":[{"id":256966,"href":"https:\/\/www.suno.com.br\/noticias\/wp-json\/wp\/v2\/posts\/256918\/revisions\/256966"}],"wp:featuredmedia":[{"embeddable":true,"href":"https:\/\/www.suno.com.br\/noticias\/wp-json\/wp\/v2\/media\/130279"}],"wp:attachment":[{"href":"https:\/\/www.suno.com.br\/noticias\/wp-json\/wp\/v2\/media?parent=256918"}],"wp:term":[{"taxonomy":"category","embeddable":true,"href":"https:\/\/www.suno.com.br\/noticias\/wp-json\/wp\/v2\/categories?post=256918"},{"taxonomy":"post_tag","embeddable":true,"href":"https:\/\/www.suno.com.br\/noticias\/wp-json\/wp\/v2\/tags?post=256918"},{"taxonomy":"suno_strategy","embeddable":true,"href":"https:\/\/www.suno.com.br\/noticias\/wp-json\/wp\/v2\/suno_strategy?post=256918"}],"curies":[{"name":"wp","href":"https:\/\/api.w.org\/{rel}","templated":true}]}}