{"id":25661,"date":"2019-05-23T09:02:57","date_gmt":"2019-05-23T12:02:57","guid":{"rendered":"https:\/\/www.suno.com.br\/noticias\/?p=25661"},"modified":"2019-05-23T09:10:55","modified_gmt":"2019-05-23T12:10:55","slug":"camara-reforma-administrativa-aprovado","status":"publish","type":"post","link":"https:\/\/www.suno.com.br\/noticias\/camara-reforma-administrativa-aprovado\/","title":{"rendered":"C\u00e2mara vota nesta quinta \u00faltimo ponto da reforma administrativa; entenda"},"content":{"rendered":"<p>Nesta quinta-feira (23), a <strong>C\u00e2mara dos Deputados<\/strong> analisa o \u00faltimo ponto da <strong>Medida Provis\u00f3ria<\/strong> (MP) 870, referente a reforma administrativa do presidente\u00a0<strong>Jair Bolsonaro<\/strong>. A reforma modificou a estrutura do governo ao reduzir de 29 para 22 n\u00fameros de minist\u00e9rios.<\/p>\t<div class=\"wrapper-featured-image\">\n\t\t<figure class=\"spotlightImg\">\n\n\t\t\t<picture>\n\t\t\t\t<source media=\"(max-width: 768px)\" srcset=\"https:\/\/files.sunoresearch.com.br\/n\/uploads\/2019\/05\/9d9028e9-camara-400x200.webp\">\n\t\t\t\t<img loading=\"lazy\" decoding=\"async\" class=\"newsContent__article__imgCapa lazyloadDisabled newsContent__article__imgCapa--noCaption\" src=\"https:\/\/files.sunoresearch.com.br\/n\/uploads\/2019\/05\/9d9028e9-camara-800x450.webp\" width=\"800\" height=\"450\" alt=\"C\u00e2mara vota nesta quinta \u00faltimo ponto da reforma administrativa; entenda\" fetchpriority=high \/>\n\t\t\t<\/picture>\n\n\t\t\t<figcaption class=\"wp-caption-text wp-caption-text--hide\">C\u00e2mara vota nesta quinta \u00faltimo ponto da reforma administrativa; entenda<\/figcaption>\n\t\t<\/figure>\n\t<\/div>\n\n\n<p>O \u00faltimo destaque da<strong> reforma administrativa<\/strong> que precisa ser analisado trata sobre a proibi\u00e7\u00e3o da investiga\u00e7\u00e3o de <strong>corrup\u00e7\u00e3o<\/strong> por<strong> auditores da Receita Federal<\/strong>. A proposta pro\u00edbe o auditor de investigar crime que n\u00e3o seja de ordem fiscal.<\/p>\n<p>A vota\u00e7\u00e3o foi adiada ap\u00f3s l\u00edderes do <strong>Centr\u00e3o<\/strong> alegarem que o <strong>PSL<\/strong> e a oposi\u00e7\u00e3o descumpriram acordo durante a vota\u00e7\u00e3o. O<strong> presidente da C\u00e2mara<\/strong>, <strong>Rodrigo Maia<\/strong>, encerrou sem a an\u00e1lise do \u00faltimo destaque.<\/p>\n\t<p>\n\t\t<a href=\"https:\/\/lp.suno.com.br\/ebook-investindo-em-fiis\/\" target=\"_blank\" data-element=\"shortcode-suno-banner\" title=\"Banner SUNO, clique e saiba mais\">\n\t\t\t<picture>\n\t\t\t\t<source media=\"(max-width: 500px)\" srcset=\"https:\/\/files.sunoresearch.com.br\/n\/uploads\/2023\/07\/Ebook-Fundos-Imobiliarios-Mobile.jpg\">\n\t\t\t\t<img class=\"newsContent__article__imgCapa newsContent__article__imgCapa--banner\"\n\t\t\t\t\tsrc=\"https:\/\/files.sunoresearch.com.br\/n\/uploads\/2023\/07\/Ebook-Fundos-Imobiliarios-Desktop.jpg\"\n\t\t\t\t\tdata-promo-id=\"378301\"\t\t\t\t\t\t\t\t\t\twidth='1420' height='286'\t\t\t\t\talt=\"https:\/\/files.sunoresearch.com.br\/n\/uploads\/2023\/07\/Ebook-Fundos-Imobiliarios-Desktop.jpg\"\n\t\t\t\t>\n\t\t\t<\/picture>\n\t\t<\/a>\n\t<\/p>\n\n\n<p>Durante a sess\u00e3o:<\/p>\n<ul>\n<li>conselho de <strong>Controle de Atividades Financeira<\/strong> (Coaf) foi tirado das m\u00e3os do <strong>ministro de Justi\u00e7a<\/strong>, <strong>S\u00e9rgio Moro<\/strong>;<\/li>\n<li>rejeitaram o desmembramento do <strong>Minist\u00e9rio do Desenvolvimento Regional<\/strong> em duas pastas;<\/li>\n<li>retiraram a <strong>Funai<\/strong> do <strong>Minist\u00e9rio da Mulher, Fam\u00edlia e Direitos Humanos<\/strong><\/li>\n<li>rejeitaram a recria\u00e7\u00e3o do <strong>Minist\u00e9rio da Cultura<\/strong>;<\/li>\n<li>rejeitaram a recria\u00e7\u00e3o do <strong>Minist\u00e9rio do Trabalho<\/strong>.<\/li>\n<\/ul>\n<h2>C\u00e2mara aprova transfer\u00eancia do Coaf para o Minist\u00e9rio da Economia<\/h2>\n<p>Foi aprovado pela <strong>C\u00e2mara dos Deputados<\/strong> a transfer\u00eancia do<strong> Coaf<\/strong> para o <strong>minist\u00e9rio da Economia<\/strong>. O objetivo do governo era de que o \u00f3rg\u00e3o respons\u00e1vel pelo combate a <strong>fraudes financeira<\/strong> e de <strong>lavagem de dinheiro<\/strong>, fosse subordinado ao<strong> Minist\u00e9rio da Justi\u00e7a<\/strong>.<\/p>\n<p><a href=\"https:\/\/www.suno.com.br\/noticias\/camara-aprova-transferencia-coaf-ministerio-economia\/\">Saiba Mais: C\u00e2mara aprova transfer\u00eancia do Coaf para o Minist\u00e9rio da Economia<\/a><\/p>\n<p>No entanto, os opositores e o<strong> Centr\u00e3o<\/strong> pressionaram o governo para que o <strong>Coaf<\/strong> ficasse vinculado ao <strong>Minist\u00e9rio da Economia<\/strong>.<\/p>\n<h2>Desmembramento do Minist\u00e9rio do Desenvolvimento Regional<\/h2>\n<p>A proposta do<strong> l\u00edder do Senado<\/strong>,<strong> Fernando Bezerra<\/strong>, tinha como objetivo desmembrar em duas pastas: Integra\u00e7\u00e3o Nacional e Cidades.<\/p>\n<p><a href=\"https:\/\/www.suno.com.br\/noticias\/bolsonaro-recriar-ministerios-politicos\/\">Saiba Mais: Bolsonaro cede e decide recriar dois minist\u00e9rios para entreg\u00e1-los a pol\u00edticos<\/a><\/p>\n<p>Bezerra acreditava que poderia ter sido aprovado quando declarou no dia sete de maio ap\u00f3s a reuni\u00e3o com o <strong>ministro Paulo Guedes<\/strong> que &#8220;ficou decidido que o <strong>Minist\u00e9rio do Desenvolvimento Regional<\/strong> vai ser desmembrado. E ser\u00e1 recriado o <strong>Minist\u00e9rio das Cidades<\/strong> e o <strong>Minist\u00e9rio da Integra\u00e7\u00e3o Nacional<\/strong>.&#8221;<\/p>\n<p>No entanto, na \u00faltima semana <strong>Bolsonaro<\/strong> criticou o projeto e a ideia foi abandonada pelos parlamentares.<\/p>\n<h2>Funai retorna ao Minist\u00e9rio da Justi\u00e7a<\/h2>\n<p>Ficou decido que a <strong>Funda\u00e7\u00e3o Nacional do \u00cdndio<\/strong> ficar\u00e1 sob a responsabilidade do <strong>Minist\u00e9rio da Justi\u00e7a<\/strong> com objetivo de realizar demarca\u00e7\u00e3o de terras ind\u00edgenas.<\/p>\n<p>Inicialmente a<strong> Medida Provis\u00f3ria<\/strong> transferia o objetivo para responsabilidade do <strong>Minist\u00e9rio da Agricultura<\/strong>. J\u00e1 o \u00f3rg\u00e3o para o <strong>Minist\u00e9rio da Mulher, da Fam\u00edlia e dos Direitos Humanos<\/strong>, com a ministra <strong>Damares Alves<\/strong>.<\/p>\n<p>No entanto, os parlamentares temiam que interesses ruralistas entrassem em conflito com os dos \u00edndios.<\/p>\n\t<p>\n\t\t<a href=\"https:\/\/www.suno.com.br\/asset\/fundos\/suno-acoes-xp-seg-prev\/\" target=\"_blank\" data-element=\"shortcode-suno-banner\" title=\"Banner SUNO, clique e saiba mais\">\n\t\t\t<picture>\n\t\t\t\t<source media=\"(max-width: 500px)\" srcset=\"https:\/\/files.sunoresearch.com.br\/n\/uploads\/2023\/10\/SUNOPREV-v2-400x300-Mobile-Artigos-3.png\">\n\t\t\t\t<img class=\"newsContent__article__imgCapa newsContent__article__imgCapa--banner\"\n\t\t\t\t\tsrc=\"https:\/\/files.sunoresearch.com.br\/n\/uploads\/2023\/10\/SUNOPREV-v2-1420x240-Banner-Artigos-1-_-Banner-Materias-1.png\"\n\t\t\t\t\tdata-promo-id=\"476311\"\t\t\t\t\t\t\t\t\t\twidth='1420' height='240'\t\t\t\t\talt=\"https:\/\/files.sunoresearch.com.br\/n\/uploads\/2023\/10\/SUNOPREV-v2-1420x240-Banner-Artigos-1-_-Banner-Materias-1.png\"\n\t\t\t\t>\n\t\t\t<\/picture>\n\t\t<\/a>\n\t<\/p>\n\n\n<h2>Sess\u00e3o<\/h2>\n<p>Ap\u00f3s o tumulto da \u00faltima sess\u00e3o ficou decidido a an\u00e1lise do \u00faltimo destaque da <strong>reforma administrativa<\/strong> para esta quinta-feira, \u00e0s 9h.<\/p>\n","protected":false},"excerpt":{"rendered":"<p>Nesta quinta-feira (23), a C\u00e2mara dos Deputados analisa o \u00faltimo ponto da Medida Provis\u00f3ria (MP) 870, referente a reforma administrativa do presidente\u00a0Jair Bolsonaro. A reforma modificou a estrutura do governo ao reduzir de 29 para 22 n\u00fameros de minist\u00e9rios. C\u00e2mara vota nesta quinta \u00faltimo ponto da reforma administrativa; entenda O \u00faltimo destaque da reforma administrativa [&hellip;]<\/p>\n","protected":false},"author":15,"featured_media":25673,"comment_status":"closed","ping_status":"closed","sticky":false,"template":"","format":"standard","meta":[],"categories":[61],"tags":[719,1410],"suno_strategy":[],"class_list":["post-25661","post","type-post","status-publish","format-standard","has-post-thumbnail","hentry","category-politica","tag-jair-bolsonaro","tag-reforma-administrativa"],"yoast_head":"<!-- This site is optimized with the Yoast SEO plugin v24.4 - https:\/\/yoast.com\/wordpress\/plugins\/seo\/ -->\n<title>C\u00e2mara vota nesta quinta \u00faltimo ponto da reforma administrativa; entenda<\/title>\n<meta name=\"description\" content=\"Nesta quinta (23) a C\u00e2mara analisa o \u00faltimo ponto da MP referente a reforma administrativa do governo de Bolsonaro.\u00a0Clique aqui e saiba mais\" \/>\n<meta name=\"robots\" content=\"index, follow, max-snippet:-1, max-image-preview:large, max-video-preview:-1\" \/>\n<link rel=\"canonical\" href=\"https:\/\/www.suno.com.br\/noticias\/camara-reforma-administrativa-aprovado\/\" \/>\n<meta property=\"og:locale\" content=\"pt_BR\" \/>\n<meta property=\"og:type\" content=\"article\" \/>\n<meta property=\"og:title\" content=\"C\u00e2mara vota nesta quinta \u00faltimo ponto da reforma administrativa; entenda\" \/>\n<meta property=\"og:description\" content=\"Nesta quinta (23) a C\u00e2mara analisa o \u00faltimo ponto da MP referente a reforma administrativa do governo de Bolsonaro.\u00a0Clique aqui e saiba mais\" \/>\n<meta property=\"og:url\" content=\"https:\/\/www.suno.com.br\/noticias\/camara-reforma-administrativa-aprovado\/\" \/>\n<meta property=\"og:site_name\" content=\"Suno Not\u00edcias\" \/>\n<meta property=\"article:publisher\" content=\"https:\/\/facebook.com\/sunoresearch\" \/>\n<meta property=\"og:image\" content=\"https:\/\/files.sunoresearch.com.br\/n\/uploads\/2019\/05\/9d9028e9-camara.jpg\" \/>\n\t<meta property=\"og:image:width\" content=\"1140\" \/>\n\t<meta property=\"og:image:height\" content=\"760\" \/>\n\t<meta property=\"og:image:type\" content=\"image\/jpeg\" \/>\n<meta name=\"author\" content=\"Poliana Santos\" \/>\n<meta name=\"twitter:card\" content=\"summary_large_image\" \/>\n<meta name=\"twitter:creator\" content=\"@sunoresearch\" \/>\n<meta name=\"twitter:site\" content=\"@sunoresearch\" \/>\n<meta name=\"twitter:label1\" content=\"Escrito por\" \/>\n\t<meta name=\"twitter:data1\" content=\"Poliana Santos\" \/>\n\t<meta name=\"twitter:label2\" content=\"Est. tempo de leitura\" \/>\n\t<meta name=\"twitter:data2\" content=\"3 minutos\" \/>\n<script type=\"application\/ld+json\" class=\"yoast-schema-graph\">{\"@context\":\"https:\/\/schema.org\",\"@graph\":[{\"@type\":\"NewsArticle\",\"@id\":\"https:\/\/www.suno.com.br\/noticias\/camara-reforma-administrativa-aprovado\/#article\",\"isPartOf\":{\"@id\":\"https:\/\/www.suno.com.br\/noticias\/camara-reforma-administrativa-aprovado\/\"},\"author\":{\"name\":\"Poliana Santos\",\"@id\":\"https:\/\/www.suno.com.br\/noticias\/#\/schema\/person\/02ec1f752758247878a2bf4abee1aeda\"},\"headline\":\"C\u00e2mara vota nesta quinta \u00faltimo ponto da reforma administrativa; entenda\",\"datePublished\":\"2019-05-23T12:02:57+00:00\",\"dateModified\":\"2019-05-23T12:10:55+00:00\",\"mainEntityOfPage\":{\"@id\":\"https:\/\/www.suno.com.br\/noticias\/camara-reforma-administrativa-aprovado\/\"},\"wordCount\":533,\"publisher\":{\"@id\":\"https:\/\/www.suno.com.br\/noticias\/#organization\"},\"image\":{\"@id\":\"https:\/\/www.suno.com.br\/noticias\/camara-reforma-administrativa-aprovado\/#primaryimage\"},\"thumbnailUrl\":\"https:\/\/files.sunoresearch.com.br\/n\/uploads\/2019\/05\/9d9028e9-camara-jpg.webp\",\"keywords\":[\"Jair Bolsonaro\",\"reforma administrativa\"],\"articleSection\":[\"Pol\u00edtica\"],\"inLanguage\":\"pt-BR\"},{\"@type\":\"WebPage\",\"@id\":\"https:\/\/www.suno.com.br\/noticias\/camara-reforma-administrativa-aprovado\/\",\"url\":\"https:\/\/www.suno.com.br\/noticias\/camara-reforma-administrativa-aprovado\/\",\"name\":\"C\u00e2mara vota nesta quinta \u00faltimo ponto da reforma administrativa; entenda\",\"isPartOf\":{\"@id\":\"https:\/\/www.suno.com.br\/noticias\/#website\"},\"primaryImageOfPage\":{\"@id\":\"https:\/\/www.suno.com.br\/noticias\/camara-reforma-administrativa-aprovado\/#primaryimage\"},\"image\":{\"@id\":\"https:\/\/www.suno.com.br\/noticias\/camara-reforma-administrativa-aprovado\/#primaryimage\"},\"thumbnailUrl\":\"https:\/\/files.sunoresearch.com.br\/n\/uploads\/2019\/05\/9d9028e9-camara-jpg.webp\",\"datePublished\":\"2019-05-23T12:02:57+00:00\",\"dateModified\":\"2019-05-23T12:10:55+00:00\",\"description\":\"Nesta quinta (23) a C\u00e2mara analisa o \u00faltimo ponto da MP referente a reforma administrativa do governo de Bolsonaro.\u00a0Clique aqui e saiba mais\",\"breadcrumb\":{\"@id\":\"https:\/\/www.suno.com.br\/noticias\/camara-reforma-administrativa-aprovado\/#breadcrumb\"},\"inLanguage\":\"pt-BR\",\"potentialAction\":[{\"@type\":\"ReadAction\",\"target\":[\"https:\/\/www.suno.com.br\/noticias\/camara-reforma-administrativa-aprovado\/\"]}]},{\"@type\":\"ImageObject\",\"inLanguage\":\"pt-BR\",\"@id\":\"https:\/\/www.suno.com.br\/noticias\/camara-reforma-administrativa-aprovado\/#primaryimage\",\"url\":\"https:\/\/files.sunoresearch.com.br\/n\/uploads\/2019\/05\/9d9028e9-camara-jpg.webp\",\"contentUrl\":\"https:\/\/files.sunoresearch.com.br\/n\/uploads\/2019\/05\/9d9028e9-camara-jpg.webp\",\"width\":1140,\"height\":760,\"caption\":\"C\u00e2mara vota nesta quinta \u00faltimo ponto da reforma administrativa; entenda\"},{\"@type\":\"BreadcrumbList\",\"@id\":\"https:\/\/www.suno.com.br\/noticias\/camara-reforma-administrativa-aprovado\/#breadcrumb\",\"itemListElement\":[{\"@type\":\"ListItem\",\"position\":1,\"name\":\"Not\u00edcias\",\"item\":\"https:\/\/www.suno.com.br\/noticias\/\"},{\"@type\":\"ListItem\",\"position\":2,\"name\":\"Pol\u00edtica\",\"item\":\"https:\/\/www.suno.com.br\/noticias\/politica\/\"},{\"@type\":\"ListItem\",\"position\":3,\"name\":\"C\u00e2mara vota nesta quinta \u00faltimo ponto da reforma administrativa; entenda\"}]},{\"@type\":\"WebSite\",\"@id\":\"https:\/\/www.suno.com.br\/noticias\/#website\",\"url\":\"https:\/\/www.suno.com.br\/noticias\/\",\"name\":\"Suno Not\u00edcias\",\"description\":\"Seu portal de informa\u00e7\u00e3o sobre o mundo dos investimentos\",\"publisher\":{\"@id\":\"https:\/\/www.suno.com.br\/noticias\/#organization\"},\"potentialAction\":[{\"@type\":\"SearchAction\",\"target\":{\"@type\":\"EntryPoint\",\"urlTemplate\":\"https:\/\/www.suno.com.br\/noticias\/?s={search_term_string}\"},\"query-input\":{\"@type\":\"PropertyValueSpecification\",\"valueRequired\":true,\"valueName\":\"search_term_string\"}}],\"inLanguage\":\"pt-BR\"},{\"@type\":\"Organization\",\"@id\":\"https:\/\/www.suno.com.br\/noticias\/#organization\",\"name\":\"Suno Not\u00edcias\",\"url\":\"https:\/\/www.suno.com.br\/noticias\/\",\"logo\":{\"@type\":\"ImageObject\",\"inLanguage\":\"pt-BR\",\"@id\":\"https:\/\/www.suno.com.br\/noticias\/#\/schema\/logo\/image\/\",\"url\":\"https:\/\/files.sunoresearch.com.br\/n\/uploads\/2021\/09\/suno-logo.png\",\"contentUrl\":\"https:\/\/files.sunoresearch.com.br\/n\/uploads\/2021\/09\/suno-logo.png\",\"width\":180,\"height\":180,\"caption\":\"Suno Not\u00edcias\"},\"image\":{\"@id\":\"https:\/\/www.suno.com.br\/noticias\/#\/schema\/logo\/image\/\"},\"sameAs\":[\"https:\/\/facebook.com\/sunoresearch\",\"https:\/\/x.com\/sunoresearch\",\"https:\/\/www.instagram.com\/suno\",\"https:\/\/www.linkedin.com\/company\/suno-research\/\",\"https:\/\/www.youtube.com\/c\/sunoresearch\"]},{\"@type\":\"Person\",\"@id\":\"https:\/\/www.suno.com.br\/noticias\/#\/schema\/person\/02ec1f752758247878a2bf4abee1aeda\",\"name\":\"Poliana Santos\",\"image\":{\"@type\":\"ImageObject\",\"inLanguage\":\"pt-BR\",\"@id\":\"https:\/\/www.suno.com.br\/noticias\/#\/schema\/person\/image\/\",\"url\":\"https:\/\/secure.gravatar.com\/avatar\/0645bd32f23d87b2130f2b2dff1d3f8d?s=96&r=g\",\"contentUrl\":\"https:\/\/secure.gravatar.com\/avatar\/0645bd32f23d87b2130f2b2dff1d3f8d?s=96&r=g\",\"caption\":\"Poliana Santos\"},\"description\":\"Rep\u00f3rter no Suno Not\u00edcias, com cobertura em mercado financeiro, economia, finan\u00e7as pessoais, renda fixa e varejo. Jornalista formada pela Faculdade C\u00e1sper L\u00edbero e possui passagem na R\u00e1dio Gazeta AM com a produ\u00e7\u00e3o de conte\u00fado sobre economia, pol\u00edtica, sa\u00fade, moda e m\u00fasica. Possui certificado de conclus\u00e3o do curso de An\u00e1lise de Balan\u00e7os pela Funda\u00e7\u00e3o Bradesco, Agenda Brasil pela FAAP, Educa\u00e7\u00e3o Pol\u00edtica por Alexandre Garcia e do Tesouro Direto e Mercado de A\u00e7\u00f5es pela B3.\",\"url\":\"https:\/\/www.suno.com.br\/noticias\/author\/poliana-santos\/\"}]}<\/script>\n<!-- \/ Yoast SEO plugin. -->","yoast_head_json":{"title":"C\u00e2mara vota nesta quinta \u00faltimo ponto da reforma administrativa; entenda","description":"Nesta quinta (23) a C\u00e2mara analisa o \u00faltimo ponto da MP referente a reforma administrativa do governo de Bolsonaro.\u00a0Clique aqui e saiba mais","robots":{"index":"index","follow":"follow","max-snippet":"max-snippet:-1","max-image-preview":"max-image-preview:large","max-video-preview":"max-video-preview:-1"},"canonical":"https:\/\/www.suno.com.br\/noticias\/camara-reforma-administrativa-aprovado\/","og_locale":"pt_BR","og_type":"article","og_title":"C\u00e2mara vota nesta quinta \u00faltimo ponto da reforma administrativa; entenda","og_description":"Nesta quinta (23) a C\u00e2mara analisa o \u00faltimo ponto da MP referente a reforma administrativa do governo de Bolsonaro.\u00a0Clique aqui e saiba mais","og_url":"https:\/\/www.suno.com.br\/noticias\/camara-reforma-administrativa-aprovado\/","og_site_name":"Suno Not\u00edcias","article_publisher":"https:\/\/facebook.com\/sunoresearch","og_image":[{"width":1140,"height":760,"url":"https:\/\/files.sunoresearch.com.br\/n\/uploads\/2019\/05\/9d9028e9-camara.jpg","type":"image\/jpeg"}],"author":"Poliana Santos","twitter_card":"summary_large_image","twitter_creator":"@sunoresearch","twitter_site":"@sunoresearch","twitter_misc":{"Escrito por":"Poliana Santos","Est. tempo de leitura":"3 minutos"},"schema":{"@context":"https:\/\/schema.org","@graph":[{"@type":"NewsArticle","@id":"https:\/\/www.suno.com.br\/noticias\/camara-reforma-administrativa-aprovado\/#article","isPartOf":{"@id":"https:\/\/www.suno.com.br\/noticias\/camara-reforma-administrativa-aprovado\/"},"author":{"name":"Poliana Santos","@id":"https:\/\/www.suno.com.br\/noticias\/#\/schema\/person\/02ec1f752758247878a2bf4abee1aeda"},"headline":"C\u00e2mara vota nesta quinta \u00faltimo ponto da reforma administrativa; entenda","datePublished":"2019-05-23T12:02:57+00:00","dateModified":"2019-05-23T12:10:55+00:00","mainEntityOfPage":{"@id":"https:\/\/www.suno.com.br\/noticias\/camara-reforma-administrativa-aprovado\/"},"wordCount":533,"publisher":{"@id":"https:\/\/www.suno.com.br\/noticias\/#organization"},"image":{"@id":"https:\/\/www.suno.com.br\/noticias\/camara-reforma-administrativa-aprovado\/#primaryimage"},"thumbnailUrl":"https:\/\/files.sunoresearch.com.br\/n\/uploads\/2019\/05\/9d9028e9-camara-jpg.webp","keywords":["Jair Bolsonaro","reforma administrativa"],"articleSection":["Pol\u00edtica"],"inLanguage":"pt-BR"},{"@type":"WebPage","@id":"https:\/\/www.suno.com.br\/noticias\/camara-reforma-administrativa-aprovado\/","url":"https:\/\/www.suno.com.br\/noticias\/camara-reforma-administrativa-aprovado\/","name":"C\u00e2mara vota nesta quinta \u00faltimo ponto da reforma administrativa; entenda","isPartOf":{"@id":"https:\/\/www.suno.com.br\/noticias\/#website"},"primaryImageOfPage":{"@id":"https:\/\/www.suno.com.br\/noticias\/camara-reforma-administrativa-aprovado\/#primaryimage"},"image":{"@id":"https:\/\/www.suno.com.br\/noticias\/camara-reforma-administrativa-aprovado\/#primaryimage"},"thumbnailUrl":"https:\/\/files.sunoresearch.com.br\/n\/uploads\/2019\/05\/9d9028e9-camara-jpg.webp","datePublished":"2019-05-23T12:02:57+00:00","dateModified":"2019-05-23T12:10:55+00:00","description":"Nesta quinta (23) a C\u00e2mara analisa o \u00faltimo ponto da MP referente a reforma administrativa do governo de Bolsonaro.\u00a0Clique aqui e saiba mais","breadcrumb":{"@id":"https:\/\/www.suno.com.br\/noticias\/camara-reforma-administrativa-aprovado\/#breadcrumb"},"inLanguage":"pt-BR","potentialAction":[{"@type":"ReadAction","target":["https:\/\/www.suno.com.br\/noticias\/camara-reforma-administrativa-aprovado\/"]}]},{"@type":"ImageObject","inLanguage":"pt-BR","@id":"https:\/\/www.suno.com.br\/noticias\/camara-reforma-administrativa-aprovado\/#primaryimage","url":"https:\/\/files.sunoresearch.com.br\/n\/uploads\/2019\/05\/9d9028e9-camara-jpg.webp","contentUrl":"https:\/\/files.sunoresearch.com.br\/n\/uploads\/2019\/05\/9d9028e9-camara-jpg.webp","width":1140,"height":760,"caption":"C\u00e2mara vota nesta quinta \u00faltimo ponto da reforma administrativa; entenda"},{"@type":"BreadcrumbList","@id":"https:\/\/www.suno.com.br\/noticias\/camara-reforma-administrativa-aprovado\/#breadcrumb","itemListElement":[{"@type":"ListItem","position":1,"name":"Not\u00edcias","item":"https:\/\/www.suno.com.br\/noticias\/"},{"@type":"ListItem","position":2,"name":"Pol\u00edtica","item":"https:\/\/www.suno.com.br\/noticias\/politica\/"},{"@type":"ListItem","position":3,"name":"C\u00e2mara vota nesta quinta \u00faltimo ponto da reforma administrativa; entenda"}]},{"@type":"WebSite","@id":"https:\/\/www.suno.com.br\/noticias\/#website","url":"https:\/\/www.suno.com.br\/noticias\/","name":"Suno Not\u00edcias","description":"Seu portal de informa\u00e7\u00e3o sobre o mundo dos investimentos","publisher":{"@id":"https:\/\/www.suno.com.br\/noticias\/#organization"},"potentialAction":[{"@type":"SearchAction","target":{"@type":"EntryPoint","urlTemplate":"https:\/\/www.suno.com.br\/noticias\/?s={search_term_string}"},"query-input":{"@type":"PropertyValueSpecification","valueRequired":true,"valueName":"search_term_string"}}],"inLanguage":"pt-BR"},{"@type":"Organization","@id":"https:\/\/www.suno.com.br\/noticias\/#organization","name":"Suno Not\u00edcias","url":"https:\/\/www.suno.com.br\/noticias\/","logo":{"@type":"ImageObject","inLanguage":"pt-BR","@id":"https:\/\/www.suno.com.br\/noticias\/#\/schema\/logo\/image\/","url":"https:\/\/files.sunoresearch.com.br\/n\/uploads\/2021\/09\/suno-logo.png","contentUrl":"https:\/\/files.sunoresearch.com.br\/n\/uploads\/2021\/09\/suno-logo.png","width":180,"height":180,"caption":"Suno Not\u00edcias"},"image":{"@id":"https:\/\/www.suno.com.br\/noticias\/#\/schema\/logo\/image\/"},"sameAs":["https:\/\/facebook.com\/sunoresearch","https:\/\/x.com\/sunoresearch","https:\/\/www.instagram.com\/suno","https:\/\/www.linkedin.com\/company\/suno-research\/","https:\/\/www.youtube.com\/c\/sunoresearch"]},{"@type":"Person","@id":"https:\/\/www.suno.com.br\/noticias\/#\/schema\/person\/02ec1f752758247878a2bf4abee1aeda","name":"Poliana Santos","image":{"@type":"ImageObject","inLanguage":"pt-BR","@id":"https:\/\/www.suno.com.br\/noticias\/#\/schema\/person\/image\/","url":"https:\/\/secure.gravatar.com\/avatar\/0645bd32f23d87b2130f2b2dff1d3f8d?s=96&r=g","contentUrl":"https:\/\/secure.gravatar.com\/avatar\/0645bd32f23d87b2130f2b2dff1d3f8d?s=96&r=g","caption":"Poliana Santos"},"description":"Rep\u00f3rter no Suno Not\u00edcias, com cobertura em mercado financeiro, economia, finan\u00e7as pessoais, renda fixa e varejo. Jornalista formada pela Faculdade C\u00e1sper L\u00edbero e possui passagem na R\u00e1dio Gazeta AM com a produ\u00e7\u00e3o de conte\u00fado sobre economia, pol\u00edtica, sa\u00fade, moda e m\u00fasica. Possui certificado de conclus\u00e3o do curso de An\u00e1lise de Balan\u00e7os pela Funda\u00e7\u00e3o Bradesco, Agenda Brasil pela FAAP, Educa\u00e7\u00e3o Pol\u00edtica por Alexandre Garcia e do Tesouro Direto e Mercado de A\u00e7\u00f5es pela B3.","url":"https:\/\/www.suno.com.br\/noticias\/author\/poliana-santos\/"}]}},"default_loop_html":"<div class=\"cardsPage__listCard__boxs\"><div class=\"cardsPage__listCard__boxs__img\"><a href=\"https:\/\/www.suno.com.br\/noticias\/camara-reforma-administrativa-aprovado\/\"><img class=\"mask\" src=\"https:\/\/www.suno.com.br\/noticias\/wp-content\/themes\/suno\/resources\/images\/spotlight\/spotlight1img\/bg-mask.png\" alt=\"Image Mask\"\/><img src=\"https:\/\/files.sunoresearch.com.br\/n\/uploads\/2019\/05\/9d9028e9-camara-400x200.webp\" alt=\"C\u00e2mara vota nesta quinta \u00faltimo ponto da reforma administrativa; entenda\"\/><\/a><span class=\"spotlightCategory\"><a href=\"https:\/\/www.suno.com.br\/noticias\/politica\/\">Pol\u00edtica<\/a><\/span><\/div><div class=\"cardsPage__listCard__boxs__content\"><a href=\"https:\/\/www.suno.com.br\/noticias\/camara-reforma-administrativa-aprovado\/\"><h2 class=\"content__title\">C\u00e2mara vota nesta quinta \u00faltimo ponto da reforma administrativa; entenda<\/h2><\/a><div class=\"newsContent__article__meta\"><div class=\"newsContent__article__meta__authorBox\"><a href=\"https:\/\/www.suno.com.br\/noticias\/author\/poliana-santos\/\" class=\"authorBox__avatar noMobi\"><img src=\"https:\/\/files.sunoresearch.com.br\/n\/uploads\/2020\/08\/7ef34026-whatsapp-image-2020-08-03-at-12.37.57-150x150.webp\" alt=\"Poliana Santos\"><\/a><div class=\"authorBox__name\"><span>por\n\t\t\t<a href=\"https:\/\/www.suno.com.br\/noticias\/author\/poliana-santos\/\"><span itemprop=\"author\">Poliana Santos<\/span><\/a><\/span><time datetime=\"2019-05-23T09:02:57-03:00\" itemprop=\"datePublished\">23\/05\/2019 09:02<\/time><\/div><\/div><\/div><\/div><\/div>","single_layout":"posts","amp_enabled":true,"_links":{"self":[{"href":"https:\/\/www.suno.com.br\/noticias\/wp-json\/wp\/v2\/posts\/25661"}],"collection":[{"href":"https:\/\/www.suno.com.br\/noticias\/wp-json\/wp\/v2\/posts"}],"about":[{"href":"https:\/\/www.suno.com.br\/noticias\/wp-json\/wp\/v2\/types\/post"}],"author":[{"embeddable":true,"href":"https:\/\/www.suno.com.br\/noticias\/wp-json\/wp\/v2\/users\/15"}],"replies":[{"embeddable":true,"href":"https:\/\/www.suno.com.br\/noticias\/wp-json\/wp\/v2\/comments?post=25661"}],"version-history":[{"count":0,"href":"https:\/\/www.suno.com.br\/noticias\/wp-json\/wp\/v2\/posts\/25661\/revisions"}],"wp:featuredmedia":[{"embeddable":true,"href":"https:\/\/www.suno.com.br\/noticias\/wp-json\/wp\/v2\/media\/25673"}],"wp:attachment":[{"href":"https:\/\/www.suno.com.br\/noticias\/wp-json\/wp\/v2\/media?parent=25661"}],"wp:term":[{"taxonomy":"category","embeddable":true,"href":"https:\/\/www.suno.com.br\/noticias\/wp-json\/wp\/v2\/categories?post=25661"},{"taxonomy":"post_tag","embeddable":true,"href":"https:\/\/www.suno.com.br\/noticias\/wp-json\/wp\/v2\/tags?post=25661"},{"taxonomy":"suno_strategy","embeddable":true,"href":"https:\/\/www.suno.com.br\/noticias\/wp-json\/wp\/v2\/suno_strategy?post=25661"}],"curies":[{"name":"wp","href":"https:\/\/api.w.org\/{rel}","templated":true}]}}