{"id":25646,"date":"2019-05-22T20:56:47","date_gmt":"2019-05-22T23:56:47","guid":{"rendered":"https:\/\/www.suno.com.br\/noticias\/?p=25646"},"modified":"2019-05-29T16:06:27","modified_gmt":"2019-05-29T19:06:27","slug":"senado-capital-estrangeiro-companhias-aereas","status":"publish","type":"post","link":"https:\/\/www.suno.com.br\/noticias\/senado-capital-estrangeiro-companhias-aereas\/","title":{"rendered":"Senado aprovada capital estrangeiro nas companhias a\u00e9reas"},"content":{"rendered":"<p>O Senado Federal aprovou nesta quarta-feira (22) uma medida provis\u00f3ria (MP) que permite o capital estrangeiro de at\u00e9 100% em companhias a\u00e9reas brasileiras. Al\u00e9m disso, o texto prev\u00ea a gratuidade para bagagem de at\u00e9 23 quilos em avi\u00f5es com capacidade de 31 lugares. A medida s\u00f3 vale para voos dom\u00e9stico.<\/p>\t<div class=\"wrapper-featured-image\">\n\t\t<figure class=\"spotlightImg\">\n\n\t\t\t<picture>\n\t\t\t\t<source media=\"(max-width: 768px)\" srcset=\"https:\/\/files.sunoresearch.com.br\/n\/uploads\/2018\/11\/4736866d-leilao-de-aeroportos-400x200.webp\">\n\t\t\t\t<img loading=\"lazy\" decoding=\"async\" class=\"newsContent__article__imgCapa lazyloadDisabled newsContent__article__imgCapa--noCaption\" src=\"https:\/\/files.sunoresearch.com.br\/n\/uploads\/2018\/11\/4736866d-leilao-de-aeroportos-800x450.webp\" width=\"800\" height=\"450\" alt=\"Senado aprovada capital estrangeiro nas companhias a\u00e9reas\" fetchpriority=high \/>\n\t\t\t<\/picture>\n\n\t\t\t<figcaption class=\"wp-caption-text wp-caption-text--hide\">O texto ainda mant\u00e9m restrita por 30 dias a entrada no Brasil de estrangeiros de qualquer nacionalidade, por rodovias, por outros meios terrestre ou por transporte aquavi\u00e1rio.<\/figcaption>\n\t\t<\/figure>\n\t<\/div>\n\n\n<p>Esta ultima parte foi acrescentada pelo relator da proposta, senador Roberto Rocha, por meio de destaque. Na \u00faltima ter\u00e7a-feira (21), os <strong>deputados<\/strong> aprovaram a MP do capital estrangeiro em companhias a\u00e9reas. Agora, a medida segue para a san\u00e7\u00e3o do presidente <strong>Jair Bolsonaro,<\/strong> que tem a prerrogativa de vetar alguns trechos do texto.<\/p>\n<p><a href=\"https:\/\/www.suno.com.br\/noticias\/avianca-azul-nao-aceita-azul\/\">Saiba mais:\u00a0Avianca n\u00e3o aceita proposta da Azul e afirma que deseja manter opera\u00e7\u00e3o<\/a><\/p>\n<h2>Capital estrangeiro<\/h2>\n<p>A <strong>MP<\/strong> muda o<strong> C\u00f3digo Brasileiro de Aeron\u00e1utica<\/strong>. O texto aprovado pelo Senado determina que a concess\u00e3o ou a autoriza\u00e7\u00e3o do <strong>capital estrangeiro<\/strong> seja dada a empresas que respondam \u00e0s leis brasileiras. Al\u00e9m disso, deve ter sede administrativa no Pa\u00eds.<\/p>\n<p>Anteriormente, o <strong>capital estrangeiro<\/strong> nas a\u00e9reas ficavam restritos a 20%.\u00a0 Al\u00e9m disso, o texto retira do <strong>C\u00f3digo Brasileiro de Aeron\u00e1utica<\/strong>\u00a0a regra que diz que a dire\u00e7\u00e3o dever\u00e1 ser\u00a0\u201cconfiada exclusivamente a brasileiros\u201d.<\/p>\n<p>O senador <strong>Fernando Bezerra<\/strong> disse que a medida aument\u00e1 a concorr\u00eancia e poder\u00e1 diminuir o pre\u00e7o das tarifas.\u00a0\u201cEstamos dando um passo importante para a abertura de novas empresas, para oxigenar o mercado a\u00e9reo nacional, aumentar a concorr\u00eancia, reduzir tarifas e oferecer v\u00e1rios n\u00edveis de servi\u00e7o para cada necessidade dos viajantes\u201d, declarou.<\/p>\n<h2>Bagagem<\/h2>\n<p>O texto tamb\u00e9m proibiu a cobran\u00e7a para bagagens:<\/p>\n<ul>\n<li>at\u00e9 23 kg nos avi\u00f5es acima de 31 assentos;<\/li>\n<li>at\u00e9 18 kg para as aeronaves de 21 a 30 lugares;<\/li>\n<li>at\u00e9 10 kg se o avi\u00e3o tiver apenas 20 assentos.<\/li>\n<\/ul>\n<p>Nos voos com conex\u00e3o dever\u00e1 prevalecer a franquia de bagagem referente \u00e0 aeronaves de menor capacidade.\u00a0 Em 2016, a <strong>Ag\u00eancia Nacional de Avia\u00e7\u00e3o Civil (Anac)<\/strong> publicou a resolu\u00e7\u00e3o que autoriza as a\u00e9reas a cobrarem pelas bagagens despachadas.<\/p>\n<h2>Setor a\u00e9rea reage<\/h2>\n<p>O setor a\u00e9reo criticou o texto-base da <strong>medida provis\u00f3ria (MP)<\/strong> de abertura do espa\u00e7o a\u00e9reo brasileiro e do fim da cobran\u00e7a de bagagens de at\u00e9 23 kg. Em nota, a\u00a0<strong>Associa\u00e7\u00e3o Internacional de Transporte A\u00e9reo (Iata)<\/strong> se diz\u00a0\u201cveementemente contra\u201d a proibi\u00e7\u00e3o da cobran\u00e7a por bagagem despachada.<\/p>\n<p>A associa\u00e7\u00e3o, que representa 300 companhias a\u00e9reas, disse que a volta da cobran\u00e7a ir\u00e1\u00a0\u201csufoca, ainda mais, o potencial da avia\u00e7\u00e3o comercial no Brasil, que j\u00e1 possui um dos combust\u00edveis mais caros do planeta\u201d. Al\u00e9m disso, ressalta que a medida tornar\u00e1 o <strong>mercado brasileiro<\/strong> menos atrativo para empresas estrangeiras.<\/p>\n<p><a href=\"https:\/\/www.suno.com.br\/noticias\/latam-justica-proposta-azul-ativo-avianca\/\">Saiba mais:\u00a0Latam questiona na Justi\u00e7a nova proposta da Azul por Avianca<\/a><\/p>\n<p>Ademais, a <strong>Iata<\/strong> lembra que a medida vai contra as pr\u00e1ticas internacionais\u00a0 e cria inseguran\u00e7a jur\u00eddica, visto que a <strong>Anac<\/strong> aprovou a cobran\u00e7a. O<strong> Tribunal de Contas da Uni\u00e3o (TCU)<\/strong> tamb\u00e9m validou a regra.\u00a0\u201cA Iata v\u00ea com profunda preocupa\u00e7\u00e3o os riscos que esse movimento representa para a avia\u00e7\u00e3o brasileira e, consequentemente, para o consumidor\u201d, diz a nota.<\/p>\n","protected":false},"excerpt":{"rendered":"<p>O Senado Federal aprovou nesta quarta-feira (22) uma medida provis\u00f3ria (MP) que permite o capital estrangeiro de at\u00e9 100% em companhias a\u00e9reas brasileiras. Al\u00e9m disso, o texto prev\u00ea a gratuidade para bagagem de at\u00e9 23 quilos em avi\u00f5es com capacidade de 31 lugares. A medida s\u00f3 vale para voos dom\u00e9stico. O texto ainda mant\u00e9m restrita [&hellip;]<\/p>\n","protected":false},"author":14,"featured_media":7464,"comment_status":"closed","ping_status":"closed","sticky":false,"template":"","format":"standard","meta":[],"categories":[61],"tags":[938,901,1068],"suno_strategy":[],"class_list":["post-25646","post","type-post","status-publish","format-standard","has-post-thumbnail","hentry","category-politica","tag-camara-dos-deputados","tag-congresso-nacional","tag-senado-federal"],"yoast_head":"<!-- This site is optimized with the Yoast SEO plugin v24.4 - https:\/\/yoast.com\/wordpress\/plugins\/seo\/ -->\n<title>Senado aprovada capital estrangeiro nas companhias a\u00e9reas<\/title>\n<meta name=\"description\" content=\"Na \u00faltima ter\u00e7a-feira (21), os deputados aprovaram a MP do capital estrangeiro em companhias a\u00e9reas. Clique aqui para saber mais.\" \/>\n<meta name=\"robots\" content=\"index, follow, max-snippet:-1, max-image-preview:large, max-video-preview:-1\" \/>\n<link rel=\"canonical\" href=\"https:\/\/www.suno.com.br\/noticias\/senado-capital-estrangeiro-companhias-aereas\/\" \/>\n<meta property=\"og:locale\" content=\"pt_BR\" \/>\n<meta property=\"og:type\" content=\"article\" \/>\n<meta property=\"og:title\" content=\"Senado aprovada capital estrangeiro nas companhias a\u00e9reas\" \/>\n<meta property=\"og:description\" content=\"Na \u00faltima ter\u00e7a-feira (21), os deputados aprovaram a MP do capital estrangeiro em companhias a\u00e9reas. Clique aqui para saber mais.\" \/>\n<meta property=\"og:url\" content=\"https:\/\/www.suno.com.br\/noticias\/senado-capital-estrangeiro-companhias-aereas\/\" \/>\n<meta property=\"og:site_name\" content=\"Suno Not\u00edcias\" \/>\n<meta property=\"article:publisher\" content=\"https:\/\/facebook.com\/sunoresearch\" \/>\n<meta property=\"og:image\" content=\"https:\/\/files.sunoresearch.com.br\/n\/uploads\/2018\/11\/4736866d-leilao-de-aeroportos.jpg\" \/>\n\t<meta property=\"og:image:width\" content=\"1920\" \/>\n\t<meta property=\"og:image:height\" content=\"1280\" \/>\n\t<meta property=\"og:image:type\" content=\"image\/jpeg\" \/>\n<meta name=\"author\" content=\"Renan Dantas\" \/>\n<meta name=\"twitter:card\" content=\"summary_large_image\" \/>\n<meta name=\"twitter:creator\" content=\"@sunoresearch\" \/>\n<meta name=\"twitter:site\" content=\"@sunoresearch\" \/>\n<meta name=\"twitter:label1\" content=\"Escrito por\" \/>\n\t<meta name=\"twitter:data1\" content=\"Renan Dantas\" \/>\n\t<meta name=\"twitter:label2\" content=\"Est. tempo de leitura\" \/>\n\t<meta name=\"twitter:data2\" content=\"3 minutos\" \/>\n<script type=\"application\/ld+json\" class=\"yoast-schema-graph\">{\"@context\":\"https:\/\/schema.org\",\"@graph\":[{\"@type\":\"NewsArticle\",\"@id\":\"https:\/\/www.suno.com.br\/noticias\/senado-capital-estrangeiro-companhias-aereas\/#article\",\"isPartOf\":{\"@id\":\"https:\/\/www.suno.com.br\/noticias\/senado-capital-estrangeiro-companhias-aereas\/\"},\"author\":{\"name\":\"Renan Dantas\",\"@id\":\"https:\/\/www.suno.com.br\/noticias\/#\/schema\/person\/3f7693d5795a3f6d5ce15309ee785699\"},\"headline\":\"Senado aprovada capital estrangeiro nas companhias a\u00e9reas\",\"datePublished\":\"2019-05-22T23:56:47+00:00\",\"dateModified\":\"2019-05-29T19:06:27+00:00\",\"mainEntityOfPage\":{\"@id\":\"https:\/\/www.suno.com.br\/noticias\/senado-capital-estrangeiro-companhias-aereas\/\"},\"wordCount\":541,\"publisher\":{\"@id\":\"https:\/\/www.suno.com.br\/noticias\/#organization\"},\"image\":{\"@id\":\"https:\/\/www.suno.com.br\/noticias\/senado-capital-estrangeiro-companhias-aereas\/#primaryimage\"},\"thumbnailUrl\":\"https:\/\/files.sunoresearch.com.br\/n\/uploads\/2018\/11\/4736866d-leilao-de-aeroportos-jpg.webp\",\"keywords\":[\"C\u00e2mara dos Deputados\",\"Congresso Nacional\",\"Senado Federal\"],\"articleSection\":[\"Pol\u00edtica\"],\"inLanguage\":\"pt-BR\"},{\"@type\":\"WebPage\",\"@id\":\"https:\/\/www.suno.com.br\/noticias\/senado-capital-estrangeiro-companhias-aereas\/\",\"url\":\"https:\/\/www.suno.com.br\/noticias\/senado-capital-estrangeiro-companhias-aereas\/\",\"name\":\"Senado aprovada capital estrangeiro nas companhias a\u00e9reas\",\"isPartOf\":{\"@id\":\"https:\/\/www.suno.com.br\/noticias\/#website\"},\"primaryImageOfPage\":{\"@id\":\"https:\/\/www.suno.com.br\/noticias\/senado-capital-estrangeiro-companhias-aereas\/#primaryimage\"},\"image\":{\"@id\":\"https:\/\/www.suno.com.br\/noticias\/senado-capital-estrangeiro-companhias-aereas\/#primaryimage\"},\"thumbnailUrl\":\"https:\/\/files.sunoresearch.com.br\/n\/uploads\/2018\/11\/4736866d-leilao-de-aeroportos-jpg.webp\",\"datePublished\":\"2019-05-22T23:56:47+00:00\",\"dateModified\":\"2019-05-29T19:06:27+00:00\",\"description\":\"Na \u00faltima ter\u00e7a-feira (21), os deputados aprovaram a MP do capital estrangeiro em companhias a\u00e9reas. Clique aqui para saber mais.\",\"breadcrumb\":{\"@id\":\"https:\/\/www.suno.com.br\/noticias\/senado-capital-estrangeiro-companhias-aereas\/#breadcrumb\"},\"inLanguage\":\"pt-BR\",\"potentialAction\":[{\"@type\":\"ReadAction\",\"target\":[\"https:\/\/www.suno.com.br\/noticias\/senado-capital-estrangeiro-companhias-aereas\/\"]}]},{\"@type\":\"ImageObject\",\"inLanguage\":\"pt-BR\",\"@id\":\"https:\/\/www.suno.com.br\/noticias\/senado-capital-estrangeiro-companhias-aereas\/#primaryimage\",\"url\":\"https:\/\/files.sunoresearch.com.br\/n\/uploads\/2018\/11\/4736866d-leilao-de-aeroportos-jpg.webp\",\"contentUrl\":\"https:\/\/files.sunoresearch.com.br\/n\/uploads\/2018\/11\/4736866d-leilao-de-aeroportos-jpg.webp\",\"width\":1920,\"height\":1280,\"caption\":\"O texto ainda mant\u00e9m restrita por 30 dias a entrada no Brasil de estrangeiros de qualquer nacionalidade, por rodovias, por outros meios terrestre ou por transporte aquavi\u00e1rio.\"},{\"@type\":\"BreadcrumbList\",\"@id\":\"https:\/\/www.suno.com.br\/noticias\/senado-capital-estrangeiro-companhias-aereas\/#breadcrumb\",\"itemListElement\":[{\"@type\":\"ListItem\",\"position\":1,\"name\":\"Not\u00edcias\",\"item\":\"https:\/\/www.suno.com.br\/noticias\/\"},{\"@type\":\"ListItem\",\"position\":2,\"name\":\"Pol\u00edtica\",\"item\":\"https:\/\/www.suno.com.br\/noticias\/politica\/\"},{\"@type\":\"ListItem\",\"position\":3,\"name\":\"Senado aprovada capital estrangeiro nas companhias a\u00e9reas\"}]},{\"@type\":\"WebSite\",\"@id\":\"https:\/\/www.suno.com.br\/noticias\/#website\",\"url\":\"https:\/\/www.suno.com.br\/noticias\/\",\"name\":\"Suno Not\u00edcias\",\"description\":\"Seu portal de informa\u00e7\u00e3o sobre o mundo dos investimentos\",\"publisher\":{\"@id\":\"https:\/\/www.suno.com.br\/noticias\/#organization\"},\"potentialAction\":[{\"@type\":\"SearchAction\",\"target\":{\"@type\":\"EntryPoint\",\"urlTemplate\":\"https:\/\/www.suno.com.br\/noticias\/?s={search_term_string}\"},\"query-input\":{\"@type\":\"PropertyValueSpecification\",\"valueRequired\":true,\"valueName\":\"search_term_string\"}}],\"inLanguage\":\"pt-BR\"},{\"@type\":\"Organization\",\"@id\":\"https:\/\/www.suno.com.br\/noticias\/#organization\",\"name\":\"Suno Not\u00edcias\",\"url\":\"https:\/\/www.suno.com.br\/noticias\/\",\"logo\":{\"@type\":\"ImageObject\",\"inLanguage\":\"pt-BR\",\"@id\":\"https:\/\/www.suno.com.br\/noticias\/#\/schema\/logo\/image\/\",\"url\":\"https:\/\/files.sunoresearch.com.br\/n\/uploads\/2021\/09\/suno-logo.png\",\"contentUrl\":\"https:\/\/files.sunoresearch.com.br\/n\/uploads\/2021\/09\/suno-logo.png\",\"width\":180,\"height\":180,\"caption\":\"Suno Not\u00edcias\"},\"image\":{\"@id\":\"https:\/\/www.suno.com.br\/noticias\/#\/schema\/logo\/image\/\"},\"sameAs\":[\"https:\/\/facebook.com\/sunoresearch\",\"https:\/\/x.com\/sunoresearch\",\"https:\/\/www.instagram.com\/suno\",\"https:\/\/www.linkedin.com\/company\/suno-research\/\",\"https:\/\/www.youtube.com\/c\/sunoresearch\"]},{\"@type\":\"Person\",\"@id\":\"https:\/\/www.suno.com.br\/noticias\/#\/schema\/person\/3f7693d5795a3f6d5ce15309ee785699\",\"name\":\"Renan Dantas\",\"image\":{\"@type\":\"ImageObject\",\"inLanguage\":\"pt-BR\",\"@id\":\"https:\/\/www.suno.com.br\/noticias\/#\/schema\/person\/image\/\",\"url\":\"https:\/\/secure.gravatar.com\/avatar\/1787b83e7484a08e51d62ac8b41c8396?s=96&r=g\",\"contentUrl\":\"https:\/\/secure.gravatar.com\/avatar\/1787b83e7484a08e51d62ac8b41c8396?s=96&r=g\",\"caption\":\"Renan Dantas\"},\"description\":\"Escreve sobre pol\u00edtica e mercado financeiro para o portal Suno Not\u00edcias. Antes, atuou na assessoria de comunica\u00e7\u00e3o do Minist\u00e9rio P\u00fablico do Trabalho e na R\u00e1dio Mackenzie, onde apresentava e produzia um programa sobre artistas da m\u00fasica brasileira. \u00c9 estudante na Universidade Presbiteriana Mackenzie.\",\"url\":\"https:\/\/www.suno.com.br\/noticias\/author\/renan-dantas\/\"}]}<\/script>\n<!-- \/ Yoast SEO plugin. -->","yoast_head_json":{"title":"Senado aprovada capital estrangeiro nas companhias a\u00e9reas","description":"Na \u00faltima ter\u00e7a-feira (21), os deputados aprovaram a MP do capital estrangeiro em companhias a\u00e9reas. Clique aqui para saber mais.","robots":{"index":"index","follow":"follow","max-snippet":"max-snippet:-1","max-image-preview":"max-image-preview:large","max-video-preview":"max-video-preview:-1"},"canonical":"https:\/\/www.suno.com.br\/noticias\/senado-capital-estrangeiro-companhias-aereas\/","og_locale":"pt_BR","og_type":"article","og_title":"Senado aprovada capital estrangeiro nas companhias a\u00e9reas","og_description":"Na \u00faltima ter\u00e7a-feira (21), os deputados aprovaram a MP do capital estrangeiro em companhias a\u00e9reas. Clique aqui para saber mais.","og_url":"https:\/\/www.suno.com.br\/noticias\/senado-capital-estrangeiro-companhias-aereas\/","og_site_name":"Suno Not\u00edcias","article_publisher":"https:\/\/facebook.com\/sunoresearch","og_image":[{"width":1920,"height":1280,"url":"https:\/\/files.sunoresearch.com.br\/n\/uploads\/2018\/11\/4736866d-leilao-de-aeroportos.jpg","type":"image\/jpeg"}],"author":"Renan Dantas","twitter_card":"summary_large_image","twitter_creator":"@sunoresearch","twitter_site":"@sunoresearch","twitter_misc":{"Escrito por":"Renan Dantas","Est. tempo de leitura":"3 minutos"},"schema":{"@context":"https:\/\/schema.org","@graph":[{"@type":"NewsArticle","@id":"https:\/\/www.suno.com.br\/noticias\/senado-capital-estrangeiro-companhias-aereas\/#article","isPartOf":{"@id":"https:\/\/www.suno.com.br\/noticias\/senado-capital-estrangeiro-companhias-aereas\/"},"author":{"name":"Renan Dantas","@id":"https:\/\/www.suno.com.br\/noticias\/#\/schema\/person\/3f7693d5795a3f6d5ce15309ee785699"},"headline":"Senado aprovada capital estrangeiro nas companhias a\u00e9reas","datePublished":"2019-05-22T23:56:47+00:00","dateModified":"2019-05-29T19:06:27+00:00","mainEntityOfPage":{"@id":"https:\/\/www.suno.com.br\/noticias\/senado-capital-estrangeiro-companhias-aereas\/"},"wordCount":541,"publisher":{"@id":"https:\/\/www.suno.com.br\/noticias\/#organization"},"image":{"@id":"https:\/\/www.suno.com.br\/noticias\/senado-capital-estrangeiro-companhias-aereas\/#primaryimage"},"thumbnailUrl":"https:\/\/files.sunoresearch.com.br\/n\/uploads\/2018\/11\/4736866d-leilao-de-aeroportos-jpg.webp","keywords":["C\u00e2mara dos Deputados","Congresso Nacional","Senado Federal"],"articleSection":["Pol\u00edtica"],"inLanguage":"pt-BR"},{"@type":"WebPage","@id":"https:\/\/www.suno.com.br\/noticias\/senado-capital-estrangeiro-companhias-aereas\/","url":"https:\/\/www.suno.com.br\/noticias\/senado-capital-estrangeiro-companhias-aereas\/","name":"Senado aprovada capital estrangeiro nas companhias a\u00e9reas","isPartOf":{"@id":"https:\/\/www.suno.com.br\/noticias\/#website"},"primaryImageOfPage":{"@id":"https:\/\/www.suno.com.br\/noticias\/senado-capital-estrangeiro-companhias-aereas\/#primaryimage"},"image":{"@id":"https:\/\/www.suno.com.br\/noticias\/senado-capital-estrangeiro-companhias-aereas\/#primaryimage"},"thumbnailUrl":"https:\/\/files.sunoresearch.com.br\/n\/uploads\/2018\/11\/4736866d-leilao-de-aeroportos-jpg.webp","datePublished":"2019-05-22T23:56:47+00:00","dateModified":"2019-05-29T19:06:27+00:00","description":"Na \u00faltima ter\u00e7a-feira (21), os deputados aprovaram a MP do capital estrangeiro em companhias a\u00e9reas. Clique aqui para saber mais.","breadcrumb":{"@id":"https:\/\/www.suno.com.br\/noticias\/senado-capital-estrangeiro-companhias-aereas\/#breadcrumb"},"inLanguage":"pt-BR","potentialAction":[{"@type":"ReadAction","target":["https:\/\/www.suno.com.br\/noticias\/senado-capital-estrangeiro-companhias-aereas\/"]}]},{"@type":"ImageObject","inLanguage":"pt-BR","@id":"https:\/\/www.suno.com.br\/noticias\/senado-capital-estrangeiro-companhias-aereas\/#primaryimage","url":"https:\/\/files.sunoresearch.com.br\/n\/uploads\/2018\/11\/4736866d-leilao-de-aeroportos-jpg.webp","contentUrl":"https:\/\/files.sunoresearch.com.br\/n\/uploads\/2018\/11\/4736866d-leilao-de-aeroportos-jpg.webp","width":1920,"height":1280,"caption":"O texto ainda mant\u00e9m restrita por 30 dias a entrada no Brasil de estrangeiros de qualquer nacionalidade, por rodovias, por outros meios terrestre ou por transporte aquavi\u00e1rio."},{"@type":"BreadcrumbList","@id":"https:\/\/www.suno.com.br\/noticias\/senado-capital-estrangeiro-companhias-aereas\/#breadcrumb","itemListElement":[{"@type":"ListItem","position":1,"name":"Not\u00edcias","item":"https:\/\/www.suno.com.br\/noticias\/"},{"@type":"ListItem","position":2,"name":"Pol\u00edtica","item":"https:\/\/www.suno.com.br\/noticias\/politica\/"},{"@type":"ListItem","position":3,"name":"Senado aprovada capital estrangeiro nas companhias a\u00e9reas"}]},{"@type":"WebSite","@id":"https:\/\/www.suno.com.br\/noticias\/#website","url":"https:\/\/www.suno.com.br\/noticias\/","name":"Suno Not\u00edcias","description":"Seu portal de informa\u00e7\u00e3o sobre o mundo dos investimentos","publisher":{"@id":"https:\/\/www.suno.com.br\/noticias\/#organization"},"potentialAction":[{"@type":"SearchAction","target":{"@type":"EntryPoint","urlTemplate":"https:\/\/www.suno.com.br\/noticias\/?s={search_term_string}"},"query-input":{"@type":"PropertyValueSpecification","valueRequired":true,"valueName":"search_term_string"}}],"inLanguage":"pt-BR"},{"@type":"Organization","@id":"https:\/\/www.suno.com.br\/noticias\/#organization","name":"Suno Not\u00edcias","url":"https:\/\/www.suno.com.br\/noticias\/","logo":{"@type":"ImageObject","inLanguage":"pt-BR","@id":"https:\/\/www.suno.com.br\/noticias\/#\/schema\/logo\/image\/","url":"https:\/\/files.sunoresearch.com.br\/n\/uploads\/2021\/09\/suno-logo.png","contentUrl":"https:\/\/files.sunoresearch.com.br\/n\/uploads\/2021\/09\/suno-logo.png","width":180,"height":180,"caption":"Suno Not\u00edcias"},"image":{"@id":"https:\/\/www.suno.com.br\/noticias\/#\/schema\/logo\/image\/"},"sameAs":["https:\/\/facebook.com\/sunoresearch","https:\/\/x.com\/sunoresearch","https:\/\/www.instagram.com\/suno","https:\/\/www.linkedin.com\/company\/suno-research\/","https:\/\/www.youtube.com\/c\/sunoresearch"]},{"@type":"Person","@id":"https:\/\/www.suno.com.br\/noticias\/#\/schema\/person\/3f7693d5795a3f6d5ce15309ee785699","name":"Renan Dantas","image":{"@type":"ImageObject","inLanguage":"pt-BR","@id":"https:\/\/www.suno.com.br\/noticias\/#\/schema\/person\/image\/","url":"https:\/\/secure.gravatar.com\/avatar\/1787b83e7484a08e51d62ac8b41c8396?s=96&r=g","contentUrl":"https:\/\/secure.gravatar.com\/avatar\/1787b83e7484a08e51d62ac8b41c8396?s=96&r=g","caption":"Renan Dantas"},"description":"Escreve sobre pol\u00edtica e mercado financeiro para o portal Suno Not\u00edcias. Antes, atuou na assessoria de comunica\u00e7\u00e3o do Minist\u00e9rio P\u00fablico do Trabalho e na R\u00e1dio Mackenzie, onde apresentava e produzia um programa sobre artistas da m\u00fasica brasileira. \u00c9 estudante na Universidade Presbiteriana Mackenzie.","url":"https:\/\/www.suno.com.br\/noticias\/author\/renan-dantas\/"}]}},"default_loop_html":"<div class=\"cardsPage__listCard__boxs\"><div class=\"cardsPage__listCard__boxs__img\"><a href=\"https:\/\/www.suno.com.br\/noticias\/senado-capital-estrangeiro-companhias-aereas\/\"><img class=\"mask\" src=\"https:\/\/www.suno.com.br\/noticias\/wp-content\/themes\/suno\/resources\/images\/spotlight\/spotlight1img\/bg-mask.png\" alt=\"Image Mask\"\/><img src=\"https:\/\/files.sunoresearch.com.br\/n\/uploads\/2018\/11\/4736866d-leilao-de-aeroportos-400x200.webp\" alt=\"Senado aprovada capital estrangeiro nas companhias a\u00e9reas\"\/><\/a><span class=\"spotlightCategory\"><a href=\"https:\/\/www.suno.com.br\/noticias\/politica\/\">Pol\u00edtica<\/a><\/span><\/div><div class=\"cardsPage__listCard__boxs__content\"><a href=\"https:\/\/www.suno.com.br\/noticias\/senado-capital-estrangeiro-companhias-aereas\/\"><h2 class=\"content__title\">Senado aprovada capital estrangeiro nas companhias a\u00e9reas<\/h2><\/a><div class=\"newsContent__article__meta\"><div class=\"newsContent__article__meta__authorBox\"><a href=\"https:\/\/www.suno.com.br\/noticias\/author\/renan-dantas\/\" class=\"authorBox__avatar noMobi\"><img src=\"https:\/\/secure.gravatar.com\/avatar\/1787b83e7484a08e51d62ac8b41c8396?s=96&#038;r=g\" alt=\"Renan Dantas\"><\/a><div class=\"authorBox__name\"><span>por\n\t\t\t<a href=\"https:\/\/www.suno.com.br\/noticias\/author\/renan-dantas\/\"><span itemprop=\"author\">Renan Dantas<\/span><\/a><\/span><time datetime=\"2019-05-22T20:56:47-03:00\" itemprop=\"datePublished\">22\/05\/2019 20:56<\/time><\/div><\/div><\/div><\/div><\/div>","single_layout":"posts","amp_enabled":true,"_links":{"self":[{"href":"https:\/\/www.suno.com.br\/noticias\/wp-json\/wp\/v2\/posts\/25646"}],"collection":[{"href":"https:\/\/www.suno.com.br\/noticias\/wp-json\/wp\/v2\/posts"}],"about":[{"href":"https:\/\/www.suno.com.br\/noticias\/wp-json\/wp\/v2\/types\/post"}],"author":[{"embeddable":true,"href":"https:\/\/www.suno.com.br\/noticias\/wp-json\/wp\/v2\/users\/14"}],"replies":[{"embeddable":true,"href":"https:\/\/www.suno.com.br\/noticias\/wp-json\/wp\/v2\/comments?post=25646"}],"version-history":[{"count":0,"href":"https:\/\/www.suno.com.br\/noticias\/wp-json\/wp\/v2\/posts\/25646\/revisions"}],"wp:featuredmedia":[{"embeddable":true,"href":"https:\/\/www.suno.com.br\/noticias\/wp-json\/wp\/v2\/media\/7464"}],"wp:attachment":[{"href":"https:\/\/www.suno.com.br\/noticias\/wp-json\/wp\/v2\/media?parent=25646"}],"wp:term":[{"taxonomy":"category","embeddable":true,"href":"https:\/\/www.suno.com.br\/noticias\/wp-json\/wp\/v2\/categories?post=25646"},{"taxonomy":"post_tag","embeddable":true,"href":"https:\/\/www.suno.com.br\/noticias\/wp-json\/wp\/v2\/tags?post=25646"},{"taxonomy":"suno_strategy","embeddable":true,"href":"https:\/\/www.suno.com.br\/noticias\/wp-json\/wp\/v2\/suno_strategy?post=25646"}],"curies":[{"name":"wp","href":"https:\/\/api.w.org\/{rel}","templated":true}]}}