{"id":256393,"date":"2022-05-04T22:53:26","date_gmt":"2022-05-05T01:53:26","guid":{"rendered":"https:\/\/www.suno.com.br\/noticias\/?p=256393"},"modified":"2022-05-04T22:53:26","modified_gmt":"2022-05-05T01:53:26","slug":"radar-pao-de-acucar-pcar3-ambipar-ambp3-oi-oibr","status":"publish","type":"post","link":"https:\/\/www.suno.com.br\/noticias\/radar-pao-de-acucar-pcar3-ambipar-ambp3-oi-oibr\/","title":{"rendered":"Radar: P\u00e3o de A\u00e7\u00facar (PCAR3) lucra R$ 1,4 bi no 1T22, Ambipar (AMBP3) vai pagar R$ 34,2 mi em dividendos, Magazine Luiza (MGLU3) salta no Ibovespa"},"content":{"rendered":"<p>O\u00a0<a href=\"https:\/\/www.suno.com.br\/acoes\/pcar3\/\"><strong>P\u00e3o de A\u00e7\u00facar<\/strong>\u00a0(PCAR3)<\/a>\u00a0informou nesta quarta-feira (4) que o\u00a0<a class=\"suno-keyword\" href=\"https:\/\/www.suno.com.br\/artigos\/lucro-liquido\/\" target=\"_blank\" rel=\"noopener\" data-force=\"no\" data-priority=\"1\">lucro l\u00edquido<\/a>\u00a0consolidado do primeiro trimestre de 2022 (1T22) foi de de R$ 1,4 bilh\u00e3o, alta anual de 1.250%.<\/p>\t<div class=\"wrapper-featured-image\">\n\t\t<figure class=\"spotlightImg\">\n\n\t\t\t<picture>\n\t\t\t\t<source media=\"(max-width: 768px)\" srcset=\"https:\/\/files.sunoresearch.com.br\/n\/uploads\/2021\/03\/f11f700f-gpa-pao-de-acucar_-400x200.webp\">\n\t\t\t\t<img loading=\"lazy\" decoding=\"async\" class=\"newsContent__article__imgCapa lazyloadDisabled \" src=\"https:\/\/files.sunoresearch.com.br\/n\/uploads\/2021\/03\/f11f700f-gpa-pao-de-acucar_-800x450.webp\" width=\"800\" height=\"450\" alt=\"Radar: P\u00e3o de A\u00e7\u00facar (PCAR3) lucra R$ 1,4 bi no 1T22, Ambipar (AMBP3) vai pagar R$ 34,2 mi em dividendos, Magazine Luiza (MGLU3) salta no Ibovespa\" fetchpriority=high \/>\n\t\t\t<\/picture>\n\n\t\t\t<figcaption class=\"wp-caption-text wp-caption-text--show\">GPA - P\u00e3o de A\u00e7\u00facar (PCAR3) Supermercado. Foto: Divulga\u00e7\u00e3o<\/figcaption>\n\t\t<\/figure>\n\t<\/div>\n\n\n\t<p>\n\t\t<a href=\"\" target=\"_blank\" data-element=\"shortcode-suno-banner\" title=\"Banner SUNO, clique e saiba mais\">\n\t\t\t<picture>\n\t\t\t\t<source media=\"(max-width: 500px)\" srcset=\"\">\n\t\t\t\t<img class=\"newsContent__article__imgCapa newsContent__article__imgCapa--banner\"\n\t\t\t\t\tsrc=\"\"\n\t\t\t\t\tdata-promo-id=\"138420\"\t\t\t\t\t\t\t\t\t\t\t\t\t\t\talt=\"\"\n\t\t\t\t>\n\t\t\t<\/picture>\n\t\t<\/a>\n\t<\/p>\n\n\n<p>De acordo com o P\u00e3o de A\u00e7\u00facar, o n\u00famero foi puxado pelo montante embolsado pela companhia com a venda de pontos comerciais de Extra Hiper para o Assa\u00ed (ASAI3). Se consideradas apenas as opera\u00e7\u00f5es continuadas do grupo, a companhia registrou preju\u00edzo de R$ 111 milh\u00f5es no trimestre, o que significa a revers\u00e3o do lucro de R$ 103 milh\u00f5es registrados no mesmo per\u00edodo de 2021.<\/p>\n<p>A empresa descreveu em seu balan\u00e7o como a venda dos pontos comerciais aparece nas \u00faltimas linhas do balan\u00e7o.<\/p>\n<p>\u201cConforme comunicado no dia 4 de abril de 2022, conclu\u00edmos a cess\u00e3o dos direitos de explora\u00e7\u00e3o de mais 40 pontos comerciais ao Assa\u00ed, somando aos 20 realizados no quarto trimestre de 2021, terminamos o primeiro trimestre de 2022 com 60 pontos cedidos, 86% do per\u00edmetro da transa\u00e7\u00e3o. Com isso tivemos no trimestre um lucro l\u00edquido das atividades descontinuadas de R$ 1.510 milh\u00f5es\u201d, escreveu a gest\u00e3o em seu release de resultados.<\/p>\n<p>O\u00a0<strong><a class=\"suno-keyword\" href=\"https:\/\/www.suno.com.br\/artigos\/ebitda-ajustado\/\" target=\"_blank\" rel=\"noopener\" data-force=\"no\" data-priority=\"1\">Ebitda ajustado<\/a>\u00a0do P\u00e3o de A\u00e7\u00facar<\/strong>\u00a0foi de R$ 655 milh\u00f5es, uma queda de 12,2% em rela\u00e7\u00e3o ao registrado um ano antes. A\u00a0<a class=\"suno-keyword\" href=\"https:\/\/www.suno.com.br\/artigos\/margem-ebitda\/\" target=\"_blank\" rel=\"noopener\" data-force=\"no\" data-priority=\"1\">margem Ebitda<\/a>\u00a0ajustada caiu 1,1 ponto percentual ante o primeiro trimestre do 2021, para 6,5%.<\/p>\n<p>Al\u00e9m da\u00a0<strong>P\u00e3o de A\u00e7\u00facar<\/strong>, confira outros destaques desta quarta-feira:<\/p>\n<h2>Ambipar (AMBP3) vai pagar R$ 34,2 milh\u00f5es em dividendos; veja valor por a\u00e7\u00e3o<\/h2>\n<ul>\n<li>A <b>Ambipar\u00a0<\/b>(AMBP3) anunciou nesta quarta-feira (4) que foi aprovado em\u00a0<strong><a class=\"suno-keyword\" href=\"https:\/\/www.suno.com.br\/artigos\/assembleia-geral-ordinaria\/\" target=\"_blank\" rel=\"noopener\" data-force=\"no\" data-priority=\"1\">Assembleia Geral Ordin\u00e1ria<\/a>\u00a0(AGO)<\/strong>\u00a0o pagamento de R$ 34,2 milh\u00f5es em\u00a0<a class=\"suno-keyword\" href=\"https:\/\/www.suno.com.br\/guias\/dividendos\/\" target=\"_blank\" rel=\"noopener\" data-force=\"no\" data-priority=\"1\">dividendos<\/a>.<\/li>\n<li>De acordo com o <a class=\"suno-keyword\" href=\"https:\/\/www.suno.com.br\/artigos\/fato-relevante\/\" target=\"_blank\" rel=\"noopener\" data-force=\"no\" data-priority=\"1\">fato relevante<\/a>\u00a0enviado pela a empresa, o valor dos proventos por a\u00e7\u00e3o ser\u00e1 de R$ 0,30.<\/li>\n<li>Segundo documento arquivado na <strong>Comiss\u00e3o de Valores Mobili\u00e1rios (CVM)<\/strong>, a Ambipar efetuar\u00e1 o pagamento no dia 5 de julho.<\/li>\n<li>Apenas os investidores com <strong>a\u00e7\u00f5es da Ambipar\u00a0<\/strong>hoje, 4 de maio, ter\u00e3o direito de receber os rendimentos. A partir de 5 de maio, as a\u00e7\u00f5es ser\u00e3o negociadas sem direito aos dividendos.<\/li>\n<li>Valor total: R$ 34.238.759,71<\/li>\n<li>Valor por a\u00e7\u00e3o: R$ 0,3031707<\/li>\n<li>Data de corte: 4 de maio<\/li>\n<li>Data do pagamento: 5 de julho<\/li>\n<\/ul>\n\t<p>\n\t\t<a href=\"https:\/\/lp.suno.com.br\/planilha-controle-gastos\/\" target=\"_blank\" data-element=\"shortcode-suno-banner\" title=\"Banner SUNO, clique e saiba mais\">\n\t\t\t<picture>\n\t\t\t\t<source media=\"(max-width: 500px)\" srcset=\"https:\/\/files.sunoresearch.com.br\/n\/uploads\/2023\/03\/400x300-Planilha-controle-de-gastos.png\">\n\t\t\t\t<img class=\"newsContent__article__imgCapa newsContent__article__imgCapa--banner\"\n\t\t\t\t\tsrc=\"https:\/\/files.sunoresearch.com.br\/n\/uploads\/2023\/03\/1420x240-Planilha-controle-de-gastos.png\"\n\t\t\t\t\tdata-promo-id=\"101751\"\t\t\t\t\t\t\t\t\t\twidth='1420' height='240'\t\t\t\t\talt=\"https:\/\/files.sunoresearch.com.br\/n\/uploads\/2023\/03\/1420x240-Planilha-controle-de-gastos.png\"\n\t\t\t\t>\n\t\t\t<\/picture>\n\t\t<\/a>\n\t<\/p>\n\n\n<h2>Petrobras (PETR4) investir\u00e1 US$ 5,5 bilh\u00f5es em atividades explorat\u00f3rias no pr\u00e9-sal<\/h2>\n<ul>\n<li>A <strong>Petrobras<\/strong> (PETR4) investir\u00e1 USS$ 5,5 bilh\u00f5es em\u00a0<strong>atividades explorat\u00f3rias<\/strong>\u00a0nos pr\u00f3ximos cinco anos. Foi o que disse o gerente-executivo de Estrat\u00e9gia da empresa, Eduardo Bordieri, nesta quarta-feira, 4, no painel\u00a0<em>Petrobras perspectives on O&amp;G double resilience<\/em>, que aconteceu no\u00a0<em>Annual Breakfast Offshor da Brazil-Texas Chamber of Commerce (Bratecc)<\/em>, em Houston, Texas. Bordieri afirma que o aumento do esfor\u00e7o explorat\u00f3rio da empresa vem das recentes descobertas de petr\u00f3leo na regi\u00e3o do pr\u00e9-sal, nas regi\u00f5es pr\u00f3ximas \u00e0 Alto de Cabo Frio Central e Aram.<\/li>\n<li>Do total de investimentos programados pelo Plano Estrat\u00e9gico da Petrobras em novas fronteiras explorat\u00f3rias, 58% ser\u00e3o destinados \u00e0s Bacias do Sudeste (incluindo os prospectos do pr\u00e9-sal); 38% \u00e0 Margem Equatorial; e 2% \u00e0s demais \u00e1reas.<\/li>\n<li>\u201cTodos os investimentos da Petrobras buscam a dupla resili\u00eancia: tanto econ\u00f4mica (considerando projetos vi\u00e1veis do ponto de vista financeiro com o pre\u00e7o do Brent a US$ 35 no <a class=\"suno-keyword\" href=\"https:\/\/www.suno.com.br\/artigos\/longo-prazo\/\" target=\"_blank\" rel=\"noopener\" data-force=\"no\" data-priority=\"1\">longo prazo<\/a>), quanto ambiental (projetos com baixa emiss\u00e3o de carbono)\u201d, explicou Bordieri.<\/li>\n<li>Em sua palestra, ele destacou a redu\u00e7\u00e3o significativa no tempo de constru\u00e7\u00e3o de po\u00e7os no pr\u00e9-sal, com a manuten\u00e7\u00e3o de seguran\u00e7a operacional. Entre 2018 e 2021, a companhia reduziu esse prazo de 100 dias para menos de 70 dias, em m\u00e9dia.<\/li>\n<li>A Petrobras quer intensificar esses esfor\u00e7os para alcan\u00e7ar, at\u00e9 2024, redu\u00e7\u00e3o de 14% nesse prazo, para o qual contribuir\u00e1 o programa de efici\u00eancia em perfura\u00e7\u00e3o e completa\u00e7\u00e3o da empresa, al\u00e9m da utiliza\u00e7\u00e3o de novos modelos de configura\u00e7\u00e3o de po\u00e7os, mais r\u00e1pidos e otimizados.<\/li>\n<li>Bordieri sinalizou que toda redu\u00e7\u00e3o de tempo de <strong>constru\u00e7\u00e3o de po\u00e7os<\/strong>\u00a0\u00e9 sin\u00f4nimo de preserva\u00e7\u00e3o de seguran\u00e7a operacional e redu\u00e7\u00e3o de custos associada \u00e0 gera\u00e7\u00e3o de valor.<\/li>\n<li>\u201cPara se ter ideia, a <strong>atividade de po\u00e7os<\/strong>\u00a0responde por cerca de 30% dos investimentos na \u00e1rea de\u00a0<strong>explora\u00e7\u00e3o e produ\u00e7\u00e3o<\/strong>. Por isso, perseguimos os melhores resultados nessa atividade, preservando a seguran\u00e7a e otimizando a configura\u00e7\u00e3o de po\u00e7os da forma mais r\u00e1pida e eficiente poss\u00edvel, sempre de acordo com as melhores pr\u00e1ticas de seguran\u00e7a da ind\u00fastria\u201d, afirmou.<\/li>\n<li>Nos pr\u00f3ximos cinco anos, a Petrobras vai colocar em produ\u00e7\u00e3o 15 <strong>navios-plataforma<\/strong>, do tipo sistema flutuante de produ\u00e7\u00e3o, armazenagem e transfer\u00eancia de petr\u00f3leo (FPSO, na sigla em ingl\u00eas). Desse total, dez navios plataformas ser\u00e3o instalados no pr\u00e9-sal e cinco no p\u00f3s-sal. A companhia j\u00e1 colocou em opera\u00e7\u00e3o 32 FPSOs ao longo de sua hist\u00f3ria mais recente, o que constitui um recorde na ind\u00fastria do petr\u00f3leo.<\/li>\n<li>\u201cHoje, a <strong>Petrobras<\/strong>\u00a0\u00e9 l\u00edder na opera\u00e7\u00e3o de\u00a0<strong>FPSOs<\/strong>\u00a0no mundo e \u00e9 a empresa que instalar\u00e1 o maior n\u00famero de plataformas desse tipo nos pr\u00f3ximos cinco anos, gerando valor para os nossos p\u00fablicos de interesse\u201d, assegurou o executivo.<\/li>\n<\/ul>\n\t<p>\n\t\t<a href=\"https:\/\/lp.suno.com.br\/planilha-da-vida-financeira\/\" target=\"_blank\" data-element=\"shortcode-suno-banner\" title=\"Banner SUNO, clique e saiba mais\">\n\t\t\t<picture>\n\t\t\t\t<source media=\"(max-width: 500px)\" srcset=\"https:\/\/files.sunoresearch.com.br\/n\/uploads\/2023\/04\/400x300-Planilha-vida-financeira-true.png\">\n\t\t\t\t<img class=\"newsContent__article__imgCapa newsContent__article__imgCapa--banner\"\n\t\t\t\t\tsrc=\"https:\/\/files.sunoresearch.com.br\/n\/uploads\/2023\/04\/1420x240-Planilha-vida-financeira-true.png\"\n\t\t\t\t\tdata-promo-id=\"106682\"\t\t\t\t\t\t\t\t\t\twidth='1420' height='240'\t\t\t\t\talt=\"https:\/\/files.sunoresearch.com.br\/n\/uploads\/2023\/04\/1420x240-Planilha-vida-financeira-true.png\"\n\t\t\t\t>\n\t\t\t<\/picture>\n\t\t<\/a>\n\t<\/p>\n\n\n<h2>Getnet (GETT11) pagar\u00e1 R$ 96 milh\u00f5es em JCP; confira valor por a\u00e7\u00e3o<\/h2>\n<ul>\n<li>A <strong>Getnet<\/strong>\u00a0(GETT11) anunciou nesta quarta-feira (4) que vai pagar R$ 96 milh\u00f5es em\u00a0<strong><a class=\"suno-keyword\" href=\"https:\/\/www.suno.com.br\/artigos\/entenda-o-jcp\/\" target=\"_blank\" rel=\"noopener\" data-force=\"no\" data-priority=\"1\">Juros Sobre Capital Pr\u00f3prio<\/a><\/strong>\u00a0(JCP) aos seus acionistas, proposta aprovada em\u00a0<a class=\"suno-keyword\" href=\"https:\/\/www.suno.com.br\/artigos\/assembleia-geral-ordinaria\/\" target=\"_blank\" rel=\"noopener\" data-force=\"no\" data-priority=\"1\">Assembleia Geral Ordin\u00e1ria<\/a>\u00a0(AGO).<\/li>\n<li>O valor bruto dos proventos por a\u00e7\u00e3o ser\u00e1 dividido da seguinte forma:<\/li>\n<li>O equivalente de\u00a0<a class=\"suno-keyword\" href=\"https:\/\/www.suno.com.br\/artigos\/o-que-sao-acoes-ordinarias-preferenciais-e-units\/\" target=\"_blank\" rel=\"noopener\" data-force=\"no\" data-priority=\"1\">a\u00e7\u00f5es ordin\u00e1rias<\/a>\u00a0ser\u00e1 de R$ 0,04909436481;<\/li>\n<li>J\u00e1 para\u00a0<a class=\"suno-keyword\" href=\"https:\/\/www.suno.com.br\/artigos\/acoes-preferenciais\/\" target=\"_blank\" rel=\"noopener\" data-force=\"no\" data-priority=\"1\">a\u00e7\u00f5es preferenciais<\/a>, R$ 0,05400380129;<\/li>\n<li>O JCP por\u00a0<em>unit\u00a0<\/em>ser\u00e1 de R$ 0,10309816610<\/li>\n<li>Os rendimentos ser\u00e3o pagos a partir do dia 27 de junho de 2022.<\/li>\n<li>Apenas os investidores com <strong>a\u00e7\u00f5es da Getnet<\/strong>\u00a0no dia 14 de junho ter\u00e3o direito de receber os rendimentos. A partir do dia 15 de junho, as a\u00e7\u00f5es ser\u00e3o negociadas sem direito aos\u00a0<a class=\"suno-keyword\" href=\"https:\/\/www.suno.com.br\/guias\/dividendos\/\" target=\"_blank\" rel=\"noopener\" data-force=\"no\" data-priority=\"1\">dividendos<\/a>.<\/li>\n<li>Segundo documento arquivado na Comiss\u00e3o de Valores Mobili\u00e1rios (CVM), esses proventos fazem parte dos dividendos obrigat\u00f3rios do exerc\u00edcio de 2022.<\/li>\n<li>O valor dos JCP ter\u00e1 reten\u00e7\u00e3o do imposto de renda na fonte, com al\u00edquota de 15%. O montante total l\u00edquido \u00e9 de R$ 81,7 milh\u00f5es.<\/li>\n<li>Valor total: R$ 96.142.602,89<\/li>\n<li>Valor por a\u00e7\u00e3o: R$ 0,2061963322, na soma total<\/li>\n<li>Data de corte: 14 de junho<\/li>\n<li>Data do pagamento: 27 de junho<\/li>\n<li>Rendimento (dividend yield): 9,03%<\/li>\n<\/ul>\n\t<p>\n\t\t<a href=\"https:\/\/lp.suno.com.br\/ebook-como-analisar-uma-acao\/\" target=\"_blank\" data-element=\"shortcode-suno-banner\" title=\"Banner SUNO, clique e saiba mais\">\n\t\t\t<picture>\n\t\t\t\t<source media=\"(max-width: 500px)\" srcset=\"https:\/\/files.sunoresearch.com.br\/n\/uploads\/2023\/03\/Ebook-Acoes-Mobile-1.jpg\">\n\t\t\t\t<img class=\"newsContent__article__imgCapa newsContent__article__imgCapa--banner\"\n\t\t\t\t\tsrc=\"https:\/\/files.sunoresearch.com.br\/n\/uploads\/2023\/03\/Ebook-Acoes-Desktop-1.jpg\"\n\t\t\t\t\tdata-promo-id=\"171998\"\t\t\t\t\t\t\t\t\t\twidth='1420' height='286'\t\t\t\t\talt=\"https:\/\/files.sunoresearch.com.br\/n\/uploads\/2023\/03\/Ebook-Acoes-Desktop-1.jpg\"\n\t\t\t\t>\n\t\t\t<\/picture>\n\t\t<\/a>\n\t<\/p>\n\n\n<h2 class=\"newsContent__article__title\">BRF (BRFS3) reverte lucro e soma preju\u00edzo de R$ 1,546 bi no 1T22<\/h2>\n<ul>\n<li>A <strong><a class=\"suno-keyword\" href=\"https:\/\/www.suno.com.br\/acoes\/BRFS3\/\" target=\"_blank\" rel=\"noopener\" data-force=\"yes\" data-priority=\"2\">BRF (BRFS3)<\/a><\/strong> registrou preju\u00edzo l\u00edquido de R$ 1,546 bilh\u00e3o no primeiro trimestre de 2022, revertendo lucro de R$ 22 milh\u00f5es reportado no primeiro trimestre do ano passado, informou a companhia em comunicado divulgado nesta quarta-feira (4).<\/li>\n<li>A\u00a0<strong><a class=\"suno-keyword\" href=\"https:\/\/www.suno.com.br\/artigos\/o-que-receita-liquida\/\" target=\"_blank\" rel=\"noopener\" data-force=\"no\" data-priority=\"1\">receita l\u00edquida<\/a><\/strong> proveniente das vendas no per\u00edodo somou R$ 12,04 bilh\u00f5es, aumento de 13,7% sobre os R$ 10,592 bilh\u00f5es de igual trimestre de 2021. A empresa atribuiu o resultado ao cen\u00e1rio econ\u00f4mico brasileiro e geopol\u00edtico mundial que pressionou negativamente o desempenho da companhia no primeiro trimestre.<\/li>\n<li>O\u00a0<strong>Ebitda<\/strong>\u00a0(lucro antes de juros, impostos,\u00a0<a class=\"suno-keyword\" href=\"https:\/\/www.suno.com.br\/artigos\/depreciacao-amortizacao\/\" target=\"_blank\" rel=\"noopener\" data-force=\"no\" data-priority=\"1\">deprecia\u00e7\u00e3o e amortiza\u00e7\u00e3o<\/a>) ajustado da BRF nos primeiros tr\u00eas meses do ano alcan\u00e7ou R$ 121 milh\u00f5es, queda de 90,2% ante a soma de R$ 1,234 bilh\u00e3o registrado no mesmo intervalo do ano anterior. A margem do\u00a0<a class=\"suno-keyword\" href=\"https:\/\/www.suno.com.br\/artigos\/ebitda-ajustado\/\" target=\"_blank\" rel=\"noopener\" data-force=\"no\" data-priority=\"1\">Ebitda ajustado<\/a> foi de 1%, ante 11,6% na mesma base comparativa.<\/li>\n<li>Em comunicado enviado \u00e0 imprensa, a BRF informou que a\u00a0<strong><a class=\"suno-keyword\" href=\"https:\/\/www.suno.com.br\/artigos\/divida-liquida\/\" target=\"_blank\" rel=\"noopener\" data-force=\"no\" data-priority=\"1\">d\u00edvida l\u00edquida<\/a><\/strong>\u00a0ficou em R$ 12,588 bilh\u00f5es, R$ 2,73 milh\u00f5es a menos que o reportado de janeiro a mar\u00e7o de 2021. Com isso, a companhia encerrou o trimestre com o\u00a0<strong>\u00edndice de alavancagem<\/strong> (rela\u00e7\u00e3o entre d\u00edvida l\u00edquida e Ebitda) em 2,83 vezes, contra 2,96 vezes no mesmo per\u00edodo do ano anterior.<\/li>\n<li>\u201cA queda de renda da popula\u00e7\u00e3o brasileira, somada \u00e0 alta da infla\u00e7\u00e3o global, impactou o\u00a0<strong>planejamento operacional da BRF<\/strong> no per\u00edodo, com uma percept\u00edvel quebra de volumes. Este cen\u00e1rio afetou o varejo alimentar, levando o setor a adequar seus estoques nos primeiros meses de 2022, o que tamb\u00e9m impactou as vendas da companhia\u201d, disse a BRF em nota.<\/li>\n<li>Nos primeiros tr\u00eas meses do ano, a BRF comercializou 1,144 milh\u00e3o de toneladas de produtos, uma alta de 6,9% em compara\u00e7\u00e3o com as 1,070 milh\u00e3o de toneladas de um ano antes. A empresa disse ainda que o\u00a0<a class=\"suno-keyword\" href=\"https:\/\/www.suno.com.br\/artigos\/fluxo-caixa-operacional\/\" target=\"_blank\" rel=\"noopener\" data-force=\"no\" data-priority=\"1\">fluxo de caixa operacional<\/a>\u00a0ficou negativo em R$ 137 milh\u00f5es no per\u00edodo e que o\u00a0<a class=\"suno-keyword\" href=\"https:\/\/www.suno.com.br\/artigos\/fluxo-caixa-livre\/\" target=\"_blank\" rel=\"noopener\" data-force=\"no\" data-priority=\"1\">fluxo de caixa livre<\/a> chegou a R$ 3,691 bilh\u00f5es, tamb\u00e9m negativos.<\/li>\n<li>A BRF registrou\u00a0<strong><a class=\"suno-keyword\" href=\"https:\/\/www.suno.com.br\/artigos\/receita-operacional\/\" target=\"_blank\" rel=\"noopener\" data-force=\"no\" data-priority=\"1\">receita operacional<\/a><\/strong>\u00a0l\u00edquida no segmento Brasil de R$ 5,883 bilh\u00f5es, aumento de 9,1% em compara\u00e7\u00e3o com igual intervalo do ano passado. O volume comercializado de carne de aves e su\u00ednos in natura e produtos processados somou 549 mil toneladas, 2,6% a mais na mesma base comparativa.<a href=\"https:\/\/lp.suno.com.br\/pv\/semana-desafio-da-renda-extra\/\" target=\"_blank\" rel=\"noopener\" data-element=\"shortcode-suno-banner\" data-parameter=\"banner-mat-2-https:\/\/lp.suno.com.br\/pv\/semana-desafio-da-renda-extra\/\"><picture><source srcset=\"https:\/\/files.sunoresearch.com.br\/n\/uploads\/2022\/05\/Banner-Noticias-400x300-21.jpg\" media=\"(max-width: 500px)\" \/><\/picture><\/a><\/li>\n<\/ul>\n<h2>Porto (PSSA3) cria programa de remunera\u00e7\u00e3o via a\u00e7\u00f5es para funcion\u00e1rios<\/h2>\n<ul>\n<li>A <strong>Porto<\/strong>\u00a0(PSSA3), ex-Porto Seguro, anunciou nesta quarta-feira (4) que vai permitir que todos os funcion\u00e1rios se tornem s\u00f3cios da empresa, por meio de um novo\u00a0<strong>programa de remunera\u00e7\u00e3o<\/strong>\u00a0por a\u00e7\u00f5es.<\/li>\n<li>De acordo com a companhia, o \u201c<strong>Porto em A\u00e7\u00e3o<\/strong>\u201d ser\u00e1 parte da\u00a0<a class=\"suno-keyword\" href=\"https:\/\/www.suno.com.br\/artigos\/participacao-nos-lucros\/\" target=\"_blank\" rel=\"noopener\" data-force=\"no\" data-priority=\"1\">participa\u00e7\u00e3o nos lucros<\/a>\u00a0resultados (PLR) da empresa.<\/li>\n<li>A Porto afirma que o programa far\u00e1 parte da PLR entre 2022 e 2025, com as atuais recompensas da participa\u00e7\u00e3o nos resultados mantidas. Agora, todos os 13 mil funcion\u00e1rios da empresa ter\u00e3o direito \u00e0 transfer\u00eancia direta de a\u00e7\u00f5es. A novidade \u00e9 uma maneira de a empresa de fortalecer a reten\u00e7\u00e3o de colaboradores.<\/li>\n<li>Com a mudan\u00e7a estrutural da holding, o c\u00e1lculo do programa ter\u00e1 como base o resultado ponderado de duas metas da empresa: o aumento no n\u00famero de clientes e o crescimento do n\u00famero de neg\u00f3cios.<\/li>\n<li>Para efeito de atingimento, ser\u00e1 considerado o c\u00e1lculo ponderado entre as duas metas, com valor igual ou superior a 70% e limitado a 120%.<\/li>\n<li>\u201cQueremos refor\u00e7ar o compromisso da Porto como uma das grandes marcas empregadoras do Pa\u00eds. Atrair e reter talentos de alta performance \u00e9 um fator estrat\u00e9gico para a competitividade de mercado\u201d, afirma Carolina Zwarg, diretora de Pessoas e Sustentabilidade da holding.<\/li>\n<li>O programa entra em vigor neste ano. A primeira apura\u00e7\u00e3o ocorrer\u00e1 em janeiro do ano que vem. Se as metas deste ano forem atingidas, os pagamentos ser\u00e3o realizados at\u00e9 mar\u00e7o de 2023, por meio de a\u00e7\u00f5es da empresa. A empresa realizar\u00e1 iniciativas internas de <a class=\"suno-keyword\" href=\"https:\/\/www.suno.com.br\/artigos\/educacao-financeira\/\" target=\"_blank\" rel=\"noopener\" data-force=\"no\" data-priority=\"2\">educa\u00e7\u00e3o financeira<\/a>\u00a0para os funcion\u00e1rios.<\/li>\n<\/ul>\n<h2 class=\"newsContent__article__title\">Magazine Luiza (MGLU3), Americanas (AMER3): varejistas saltam 7% no Ibovespa; entenda<\/h2>\n<ul>\n<li>O setor de varejistas do <strong>Ibovespa<\/strong>\u00a0foi o grande destaque no ranking das maiores altas do \u00edndice nesta quarta-feira (4).\u00a0<a href=\"https:\/\/www.suno.com.br\/acoes\/mglu3\/\"><strong>Magazine Luiza\u00a0<\/strong>(MGLU3)<\/a>\u00a0liderou, com ganhos de 7,61%, a R$ 4,95.\u00a0<a href=\"https:\/\/www.suno.com.br\/acoes\/amer3\/\"><strong>Americanas<\/strong>\u00a0(AMER3)<\/a>\u00a0saltou 7,54%, a R$ 25,09, assim como\u00a0<a href=\"https:\/\/www.suno.com.br\/acoes\/viia3\/\"><strong>Via<\/strong>\u00a0(VIIA3)<\/a>, que subiu 5,59%, a R$ 3,02.<\/li>\n<li>A disparada nas <strong>a\u00e7\u00f5es da Magazine Luiza<\/strong>\u00a0e outras empresas de\u00a0<strong>e-commerce\u00a0<\/strong>acompanhou as declara\u00e7\u00f5es de\u00a0<strong><a class=\"suno-keyword\" href=\"https:\/\/www.suno.com.br\/tudo-sobre\/jerome-powell\/\" target=\"_blank\" rel=\"noopener\" data-force=\"no\" data-priority=\"2\">Jerome Powell<\/a><\/strong>, presidente do\u00a0<strong>Federal Reserve<\/strong>, sobre a alta de juros nos Estados Unidos.<\/li>\n<li>O mercado esperava que Powell fosse tomar medidas mais duras a respeito do pr\u00f3ximo ciclo de altas, mas o presidente do Fed preferiu um caminho mais \u201ctranquilo\u201d, ou <em>dovish<\/em>, afastando a possibilidade de uma alta de 75 pontos nos juros americanos. O aceno agradou diversas empresas do setor de varejo e tecnologia: altas mais \u201cmoderadas\u201d estimulam o consumo, o que beneficia os pap\u00e9is do segmento.<\/li>\n<li>Companhias como Magazine Luiza, por exemplo, necessitam de\u00a0<a class=\"suno-keyword\" href=\"https:\/\/www.suno.com.br\/artigos\/capital-intensivo\/\" target=\"_blank\" rel=\"noopener\" data-force=\"no\" data-priority=\"1\">capital intensivo<\/a> para manter suas opera\u00e7\u00f5es. Ent\u00e3o, \u00e9 preciso tomar dinheiro no mercado para financiar os custos operacionais. \u201cSe esse dinheiro no mercado fica mais caro, e tem sinaliza\u00e7\u00e3o de ficar mais caro futuramente, pesa sobre as a\u00e7\u00f5es sobre as varejistas de e-commerce\u201d, afirmou Waldir Morgado, s\u00f3cio da Nexgen Capital.<\/li>\n<li>\u201cO mercado recebeu de uma forma que n\u00e3o haver\u00e1 grandes altas de juros daqui para frente. Haver\u00e1 sim, avan\u00e7o na taxa de juros americana, mas n\u00e3o num passo acelerado\u201d, disse o s\u00f3cio. \u201cEnt\u00e3o isso significa que as\u00a0<strong>empresas de varejo e e-commerce<\/strong>, al\u00e9m das de tecnologia, poder\u00e3o se financiar com o\u00a0<a class=\"suno-keyword\" href=\"https:\/\/www.suno.com.br\/artigos\/custo-de-capital\/\" target=\"_blank\" rel=\"noopener\" data-force=\"no\" data-priority=\"1\">custo de capital<\/a> mais barato no mercado.\u201d<\/li>\n<li>Com as falas de Powell, o\u00a0<a href=\"https:\/\/www.suno.com.br\/noticias\/dolar-fecha-baixa-queda-ucrania\/\">d\u00f3lar<\/a>\u00a0tamb\u00e9m recuou, em linha com a tend\u00eancia internacional de maior apetite por risco nesta quarta. Houve forte aumento nas bolsas de Nova York e, consequentemente, no\u00a0<strong>Ibovespa hoje<\/strong>, que encerrou o dia com alta de 1,7%.<\/li>\n<li>Waldir Morgado ainda ressalta que a situa\u00e7\u00e3o vale tanto para os EUA quanto para as empresas do Brasil que atuam nesse setor. Mas, com os resultado e comunicado do <strong>Copom<\/strong>, ser\u00e1 preciso esperar para ver a rea\u00e7\u00e3o do mercado brasileiro no pr\u00f3ximo preg\u00e3o.<\/li>\n<li>O <a class=\"suno-keyword\" href=\"https:\/\/www.suno.com.br\/artigos\/copom\/\" target=\"_blank\" rel=\"noopener\" data-force=\"no\" data-priority=\"2\">Comit\u00ea de Pol\u00edtica Monet\u00e1ria (Copom)<\/a>, do\u00a0<strong>Banco Central<\/strong>, decidiu elevar a taxa\u00a0<strong>Selic<\/strong>\u00a0de 11,75% para 12.75%. O aumento de 1 ponto percentual, no terceiro encontro do comit\u00ea do BC em 2022, era aguardado pelo mercado, com a inten\u00e7\u00e3o de conter a infla\u00e7\u00e3o com esse aumento. \u201cAs\u00a0<strong>proje\u00e7\u00f5es de infla\u00e7\u00e3o<\/strong>\u00a0do Copom situam-se em 7,3% para 2022 e 3,4% para 2023\u2033, aponta o comunicado do BC.<\/li>\n<\/ul>\n<h2 class=\"newsContent__article__title\">Suzano (SUZB3) reverte preju\u00edzo e lucra R$ 10,3 bilh\u00f5es no 1T22<\/h2>\n<ul>\n<li>A <strong>Suzano<\/strong>\u00a0(SUZB3) divulgou nesta quarta-feira (4) que conseguiu reverter o preju\u00edzo reportado nos tr\u00eas primeiros meses de 2021 para um\u00a0<a class=\"suno-keyword\" href=\"https:\/\/www.suno.com.br\/artigos\/lucro-liquido\/\" target=\"_blank\" rel=\"noopener\" data-force=\"no\" data-priority=\"1\">lucro l\u00edquido<\/a> de R$ 10,3 bilh\u00f5es no primeiro trimestre de 2022 (1T22).<\/li>\n<li>Em rela\u00e7\u00e3o ao trimestre anterior, o \u00faltimo de 2021, o lucro l\u00edquido de R$ 2,3 bilh\u00f5es mais que triplicou, com uma alta de 347%.<\/li>\n<li>O <strong>Ebitda<\/strong>\u00a0(lucro antes de juros, impostos,\u00a0<a class=\"suno-keyword\" href=\"https:\/\/www.suno.com.br\/artigos\/depreciacao-amortizacao\/\" target=\"_blank\" rel=\"noopener\" data-force=\"no\" data-priority=\"1\">deprecia\u00e7\u00e3o e amortiza\u00e7\u00e3o<\/a>)\u00a0<strong>ajustado<\/strong>\u00a0<strong>da Suzano\u00a0<\/strong>de janeiro a mar\u00e7o foi de R$ 5,1 bilh\u00f5es, uma eleva\u00e7\u00e3o de 5% na compara\u00e7\u00e3o com igual per\u00edodo do ano passado. Na compara\u00e7\u00e3o com o quarto trimestre de 2021, houve recuo de 19%.<\/li>\n<li>\u201cO primeiro trimestre de 2022 foi novamente marcado por significativas restri\u00e7\u00f5es log\u00edsticas nas cadeias globais e baixa disponibilidade de celulose de mercado, o que impulsionou os pre\u00e7os ao longo do per\u00edodo. Neste contexto, a companhia manteve sua consist\u00eancia na <a class=\"suno-keyword\" href=\"https:\/\/www.suno.com.br\/artigos\/geracao-de-caixa\/\" target=\"_blank\" rel=\"noopener\" data-force=\"no\" data-priority=\"1\">gera\u00e7\u00e3o de caixa<\/a>, ainda que a aprecia\u00e7\u00e3o cambial, a continuidade da eleva\u00e7\u00e3o dos pre\u00e7os das commodities e as paradas programadas de manuten\u00e7\u00e3o tenham impactado o Ebitda em rela\u00e7\u00e3o ao trimestre anterior\u201d, diz a Suzano, em apresenta\u00e7\u00e3o dos resultados.<\/li>\n<li>A <strong><a class=\"suno-keyword\" href=\"https:\/\/www.suno.com.br\/artigos\/margem-ebitda\/\" target=\"_blank\" rel=\"noopener\" data-force=\"no\" data-priority=\"1\">margem do Ebitda<\/a>\u00a0ajustado da Suzano<\/strong> no trimestre ficou em 53%, queda de dois pontos porcentuais tanto em rela\u00e7\u00e3o a igual per\u00edodo de 2021, quanto ao trimestre anterior, terminado em dezembro passado.<\/li>\n<li>A\u00a0<strong><a class=\"suno-keyword\" href=\"https:\/\/www.suno.com.br\/artigos\/o-que-receita-liquida\/\" target=\"_blank\" rel=\"noopener\" data-force=\"no\" data-priority=\"1\">receita l\u00edquida<\/a>\u00a0da Suzano<\/strong>\u00a0nos tr\u00eas primeiros meses de 2022 atingiu R$ 9,7 bilh\u00f5es, crescimento de 10% na compara\u00e7\u00e3o e um recuo de 15% ante o quarto trimestre de 2021. A receita l\u00edquida foi gerada 81% no\u00a0<a class=\"suno-keyword\" href=\"https:\/\/www.suno.com.br\/artigos\/mercado-externo\/\" target=\"_blank\" rel=\"noopener\" data-force=\"no\" data-priority=\"1\">mercado externo<\/a> (contra 83% no 4T21 e 85% no 1T21).<\/li>\n<li>\u201cA eleva\u00e7\u00e3o de 10% da receita l\u00edquida consolidada em rela\u00e7\u00e3o ao 1T21 \u00e9 explicada pelo maior\u00a0<a class=\"suno-keyword\" href=\"https:\/\/www.suno.com.br\/artigos\/preco-medio\/\" target=\"_blank\" rel=\"noopener\" data-force=\"no\" data-priority=\"1\">pre\u00e7o m\u00e9dio<\/a> l\u00edquido em d\u00f3lar, principalmente da celulose, parcialmente compensado pelo menor volume vendido (-9%) e valoriza\u00e7\u00e3o do BRL m\u00e9dio em rela\u00e7\u00e3o ao USD (4%)\u201d, diz a empresa.<\/li>\n<li>A\u00a0<strong><a class=\"suno-keyword\" href=\"https:\/\/www.suno.com.br\/artigos\/divida-liquida\/\" target=\"_blank\" rel=\"noopener\" data-force=\"no\" data-priority=\"1\">d\u00edvida l\u00edquida<\/a>\u00a0da Suzano<\/strong>\u00a0de janeiro a mar\u00e7o deste ano totalizou R$ 49,6 bilh\u00f5es, uma diminui\u00e7\u00e3o de 25% ante o 1T21. A d\u00edvida l\u00edquida\/<a class=\"suno-keyword\" href=\"https:\/\/www.suno.com.br\/artigos\/ebitda-ajustado\/\" target=\"_blank\" rel=\"noopener\" data-force=\"no\" data-priority=\"1\">Ebitda ajustado<\/a> em reais \u00e9 de 2,1x no trimestre.<\/li>\n<li>J\u00e1 a\u00a0<a class=\"suno-keyword\" href=\"https:\/\/www.suno.com.br\/artigos\/divida-bruta\/\" target=\"_blank\" rel=\"noopener\" data-force=\"no\" data-priority=\"1\">d\u00edvida bruta<\/a>, em reais, foi de R$ 68,8 bilh\u00f5es, sendo 97% dos vencimentos concentrados no\u00a0<a class=\"suno-keyword\" href=\"https:\/\/www.suno.com.br\/artigos\/longo-prazo\/\" target=\"_blank\" rel=\"noopener\" data-force=\"no\" data-priority=\"1\">longo prazo<\/a>\u00a0e 3% no\u00a0<a class=\"suno-keyword\" href=\"https:\/\/www.suno.com.br\/artigos\/curto-prazo\/\" target=\"_blank\" rel=\"noopener\" data-force=\"no\" data-priority=\"1\">curto prazo<\/a>. A d\u00edvida em moeda estrangeira representava, no final do trimestre, 81% da d\u00edvida total da companhia.<\/li>\n<\/ul>\n<p><a href=\"https:\/\/lp.suno.com.br\/ebook-guia-ir\/\" target=\"_blank\" rel=\"noopener\" data-element=\"shortcode-suno-banner\" data-parameter=\"banner-mat-3-https:\/\/lp.suno.com.br\/ebook-guia-ir\/\"><picture><source srcset=\"https:\/\/files.sunoresearch.com.br\/n\/uploads\/2022\/04\/Banner-MOBILE-4-400x300.jpg\" media=\"(max-width: 500px)\" \/><\/picture><\/a><\/p>\n<h2>Anatel deve definir venda da unidade de fibra \u00f3tica da Oi (OIBR3) amanh\u00e3<\/h2>\n<ul>\n<li>A reuni\u00e3o do conselho diretor da Ag\u00eancia Nacional de Telecomunica\u00e7\u00f5es (Anatel) para decidir sobre a anu\u00eancia pr\u00e9via \u00e0 venda do bra\u00e7o de fibra \u00f3tica da <a href=\"https:\/\/www.suno.com.br\/acoes\/oibr3\/\"><strong>Oi<\/strong>\u00a0(OIBR3)<\/a>\u00a0\u00e0 GloboNet e aos fundos geridos pelo\u00a0<a class=\"suno-keyword\" href=\"https:\/\/www.suno.com.br\/acoes\/BPAC11\/\" target=\"_blank\" rel=\"noopener\" data-force=\"yes\" data-priority=\"2\">BTG Pactual (BPAC11)<\/a>\u00a0acontecer\u00e1 nesta quinta (5).<\/li>\n<li>A defini\u00e7\u00e3o, que deveria ter acontecido no dia 14 de abril, foi adiada ap\u00f3s o <strong>pedido de vista<\/strong>\u00a0do conselheiro Emmanoel Campelo, que alegou falta de tempo para analisar o processo de venda dos neg\u00f3cios de\u00a0<strong>fibra \u00f3tica da Oi<\/strong>, porque a convoca\u00e7\u00e3o do encontro aconteceu s\u00f3 um dia antes. Campelo prometeu agir com senso de urg\u00eancia e levar o assunto de volta para a pauta.<\/li>\n<li>Antes disso, o relator do processo, Vicente Aquino, apresentou um parecer favor\u00e1vel \u00e0 concess\u00e3o da anu\u00eancia pr\u00e9via \u00e0 transa\u00e7\u00e3o, sem impor exig\u00eancias relevantes. Na sequ\u00eancia, o conselheiro Mois\u00e9s Queiroz antecipou que seu voto ser\u00e1 em linha com o do relator.<\/li>\n<li>O presidente da Anatel, Carlos Baigorri, n\u00e3o manifestou seu voto, mas a tend\u00eancia \u00e9 de que tamb\u00e9m acompanhe o relator, seu aliado no colegiado. J\u00e1 o conselheiro Artur Coimbra n\u00e3o revelou sua posi\u00e7\u00e3o.<\/li>\n<li>H\u00e1, portanto, pelo menos tr\u00eas dos cinco membros <strong>favor\u00e1veis \u00e0 transa\u00e7\u00e3o<\/strong>, o que indica que a chancela \u00e9 apenas quest\u00e3o de tempo.<\/li>\n<li>A venda do bra\u00e7o de <strong>fibra \u00f3tica da Oi<\/strong>\u00a0\u2013 batizado de\u00a0<strong>V.tal<\/strong>\u00a0\u2013 para o\u00a0<a class=\"suno-keyword\" href=\"https:\/\/www.suno.com.br\/artigos\/fundo-de-investimento-em-participacoes\/\" target=\"_blank\" rel=\"noopener\" data-force=\"no\" data-priority=\"2\">fundo de investimento<\/a>\u00a0do\u00a0<strong>BTG Pactual<\/strong>\u00a0(BPAC11) em conjunto com a Globenet Cabos Submarinos foi acertado no come\u00e7o do segundo semestre do ano passado, por R$ 12,9 bilh\u00f5es. A Oi ficou com 42,1% da subsidi\u00e1ria, enquanto os novos acionistas, com 57,9%.<\/li>\n<li>Considerada pe\u00e7a-chave do <strong>plano estrat\u00e9gico da Oi<\/strong>, a venda do controle da\u00a0<strong>subsidi\u00e1ria de fibra \u00f3tica<\/strong>\u00a0servir\u00e1 para desafogar parte das d\u00edvidas, al\u00e9m de alimentar investimentos nas opera\u00e7\u00f5es das redes de banda larga ap\u00f3s a venda das redes m\u00f3veis.<\/li>\n<\/ul>\n<p>Do\u00a0<b>P\u00e3o de A\u00e7\u00facar <\/b>a Oi, essas foram as empresas que se destacaram hoje. Para ler todas as mat\u00e9rias <b data-stringify-type=\"bold\"><a class=\"c-link\" tabindex=\"-1\" href=\"https:\/\/www.suno.com.br\/noticias\/\" target=\"_blank\" rel=\"noopener noreferrer\" data-stringify-link=\"https:\/\/www.suno.com.br\/noticias\/\" data-sk=\"tooltip_parent\" data-remove-tab-index=\"true\">clique aqui<\/a><\/b>.<\/p>\n\t<p>\n\t\t<a href=\"https:\/\/lp.suno.com.br\/planilha-de-controle-de-investimentos\/\" target=\"_blank\" data-element=\"shortcode-suno-banner\" title=\"Banner SUNO, clique e saiba mais\">\n\t\t\t<picture>\n\t\t\t\t<source media=\"(max-width: 500px)\" srcset=\"https:\/\/files.sunoresearch.com.br\/n\/uploads\/2023\/03\/400x300-Controle-de-Investimentos.png\">\n\t\t\t\t<img class=\"newsContent__article__imgCapa newsContent__article__imgCapa--banner\"\n\t\t\t\t\tsrc=\"https:\/\/files.sunoresearch.com.br\/n\/uploads\/2023\/03\/1420x240-Controle-de-Investimentos.png\"\n\t\t\t\t\tdata-promo-id=\"75934\"\t\t\t\t\t\t\t\t\t\twidth='1420' height='240'\t\t\t\t\talt=\"https:\/\/files.sunoresearch.com.br\/n\/uploads\/2023\/03\/1420x240-Controle-de-Investimentos.png\"\n\t\t\t\t>\n\t\t\t<\/picture>\n\t\t<\/a>\n\t<\/p>\n\n\n","protected":false},"excerpt":{"rendered":"<p>O\u00a0P\u00e3o de A\u00e7\u00facar\u00a0(PCAR3)\u00a0informou nesta quarta-feira (4) que o\u00a0lucro l\u00edquido\u00a0consolidado do primeiro trimestre de 2022 (1T22) foi de de R$ 1,4 bilh\u00e3o, alta anual de 1.250%. GPA &#8211; P\u00e3o de A\u00e7\u00facar (PCAR3) Supermercado. Foto: Divulga\u00e7\u00e3o De acordo com o P\u00e3o de A\u00e7\u00facar, o n\u00famero foi puxado pelo montante embolsado pela companhia com a venda de pontos [&hellip;]<\/p>\n","protected":false},"author":146,"featured_media":130366,"comment_status":"closed","ping_status":"closed","sticky":false,"template":"","format":"standard","meta":[],"categories":[64],"tags":[66864,106793,584,595,603],"suno_strategy":[],"class_list":["post-256393","post","type-post","status-publish","format-standard","has-post-thumbnail","hentry","category-negocios","tag-ambipar-ambp3","tag-getnet-gett11-gett4-gett3","tag-oi-oibr3-oibr4","tag-petrobras-petr4","tag-porto-seguro-pssa3"],"yoast_head":"<!-- This site is optimized with the Yoast SEO plugin v24.4 - https:\/\/yoast.com\/wordpress\/plugins\/seo\/ -->\n<title>Radar: P\u00e3o de A\u00e7\u00facar (PCAR3) lucra no 1T22, Ambipar (AMBP3) pagar\u00e1 R$ 34,2 mi em dividendos<\/title>\n<meta name=\"description\" content=\"P\u00e3o de A\u00e7\u00facar (PCAR3) lucra 10x mais no 1T22. Ambipar (AMBP3) vai pagar R$ 34 mi em dividendos. Veja essas e mais not\u00edcias aqui.\" \/>\n<meta name=\"robots\" content=\"index, follow, max-snippet:-1, max-image-preview:large, max-video-preview:-1\" \/>\n<link rel=\"canonical\" href=\"https:\/\/www.suno.com.br\/noticias\/radar-pao-de-acucar-pcar3-ambipar-ambp3-oi-oibr\/\" \/>\n<meta property=\"og:locale\" content=\"pt_BR\" \/>\n<meta property=\"og:type\" content=\"article\" \/>\n<meta property=\"og:title\" content=\"Radar: P\u00e3o de A\u00e7\u00facar (PCAR3) lucra no 1T22, Ambipar (AMBP3) pagar\u00e1 R$ 34,2 mi em dividendos\" \/>\n<meta property=\"og:description\" content=\"P\u00e3o de A\u00e7\u00facar (PCAR3) lucra 10x mais no 1T22. Ambipar (AMBP3) vai pagar R$ 34 mi em dividendos. Veja essas e mais not\u00edcias aqui.\" \/>\n<meta property=\"og:url\" content=\"https:\/\/www.suno.com.br\/noticias\/radar-pao-de-acucar-pcar3-ambipar-ambp3-oi-oibr\/\" \/>\n<meta property=\"og:site_name\" content=\"Suno Not\u00edcias\" \/>\n<meta property=\"article:publisher\" content=\"https:\/\/facebook.com\/sunoresearch\" \/>\n<meta property=\"og:image\" content=\"https:\/\/files.sunoresearch.com.br\/n\/uploads\/2021\/03\/f11f700f-gpa-pao-de-acucar_.jpg\" \/>\n\t<meta property=\"og:image:width\" content=\"1200\" \/>\n\t<meta property=\"og:image:height\" content=\"675\" \/>\n\t<meta property=\"og:image:type\" content=\"image\/jpeg\" \/>\n<meta name=\"author\" content=\"Vict\u00f3ria Anhesini\" \/>\n<meta name=\"twitter:card\" content=\"summary_large_image\" \/>\n<meta name=\"twitter:creator\" content=\"@sunoresearch\" \/>\n<meta name=\"twitter:site\" content=\"@sunoresearch\" \/>\n<meta name=\"twitter:label1\" content=\"Escrito por\" \/>\n\t<meta name=\"twitter:data1\" content=\"Vict\u00f3ria Anhesini\" \/>\n\t<meta name=\"twitter:label2\" content=\"Est. tempo de leitura\" \/>\n\t<meta name=\"twitter:data2\" content=\"13 minutos\" \/>\n<script type=\"application\/ld+json\" class=\"yoast-schema-graph\">{\"@context\":\"https:\/\/schema.org\",\"@graph\":[{\"@type\":\"NewsArticle\",\"@id\":\"https:\/\/www.suno.com.br\/noticias\/radar-pao-de-acucar-pcar3-ambipar-ambp3-oi-oibr\/#article\",\"isPartOf\":{\"@id\":\"https:\/\/www.suno.com.br\/noticias\/radar-pao-de-acucar-pcar3-ambipar-ambp3-oi-oibr\/\"},\"author\":{\"name\":\"Vict\u00f3ria Anhesini\",\"@id\":\"https:\/\/www.suno.com.br\/noticias\/#\/schema\/person\/46d847cb19ad53fde0857adca989c23f\"},\"headline\":\"Radar: P\u00e3o de A\u00e7\u00facar (PCAR3) lucra R$ 1,4 bi no 1T22, Ambipar (AMBP3) vai pagar R$ 34,2 mi em dividendos, Magazine Luiza (MGLU3) salta no Ibovespa\",\"datePublished\":\"2022-05-05T01:53:26+00:00\",\"mainEntityOfPage\":{\"@id\":\"https:\/\/www.suno.com.br\/noticias\/radar-pao-de-acucar-pcar3-ambipar-ambp3-oi-oibr\/\"},\"wordCount\":2991,\"publisher\":{\"@id\":\"https:\/\/www.suno.com.br\/noticias\/#organization\"},\"image\":{\"@id\":\"https:\/\/www.suno.com.br\/noticias\/radar-pao-de-acucar-pcar3-ambipar-ambp3-oi-oibr\/#primaryimage\"},\"thumbnailUrl\":\"https:\/\/files.sunoresearch.com.br\/n\/uploads\/2021\/03\/f11f700f-gpa-pao-de-acucar_-jpg.webp\",\"keywords\":[\"Ambipar (AMBP3)\",\"Getnet (GETT11\/GETT4\/GETT3)\",\"Oi (OIBR3\/OIBR4)\",\"Petrobras (PETR4)\",\"Porto Seguro (PSSA3)\"],\"articleSection\":[\"Neg\u00f3cios\"],\"inLanguage\":\"pt-BR\"},{\"@type\":\"WebPage\",\"@id\":\"https:\/\/www.suno.com.br\/noticias\/radar-pao-de-acucar-pcar3-ambipar-ambp3-oi-oibr\/\",\"url\":\"https:\/\/www.suno.com.br\/noticias\/radar-pao-de-acucar-pcar3-ambipar-ambp3-oi-oibr\/\",\"name\":\"Radar: P\u00e3o de A\u00e7\u00facar (PCAR3) lucra no 1T22, Ambipar (AMBP3) pagar\u00e1 R$ 34,2 mi em dividendos\",\"isPartOf\":{\"@id\":\"https:\/\/www.suno.com.br\/noticias\/#website\"},\"primaryImageOfPage\":{\"@id\":\"https:\/\/www.suno.com.br\/noticias\/radar-pao-de-acucar-pcar3-ambipar-ambp3-oi-oibr\/#primaryimage\"},\"image\":{\"@id\":\"https:\/\/www.suno.com.br\/noticias\/radar-pao-de-acucar-pcar3-ambipar-ambp3-oi-oibr\/#primaryimage\"},\"thumbnailUrl\":\"https:\/\/files.sunoresearch.com.br\/n\/uploads\/2021\/03\/f11f700f-gpa-pao-de-acucar_-jpg.webp\",\"datePublished\":\"2022-05-05T01:53:26+00:00\",\"description\":\"P\u00e3o de A\u00e7\u00facar (PCAR3) lucra 10x mais no 1T22. Ambipar (AMBP3) vai pagar R$ 34 mi em dividendos. Veja essas e mais not\u00edcias aqui.\",\"breadcrumb\":{\"@id\":\"https:\/\/www.suno.com.br\/noticias\/radar-pao-de-acucar-pcar3-ambipar-ambp3-oi-oibr\/#breadcrumb\"},\"inLanguage\":\"pt-BR\",\"potentialAction\":[{\"@type\":\"ReadAction\",\"target\":[\"https:\/\/www.suno.com.br\/noticias\/radar-pao-de-acucar-pcar3-ambipar-ambp3-oi-oibr\/\"]}]},{\"@type\":\"ImageObject\",\"inLanguage\":\"pt-BR\",\"@id\":\"https:\/\/www.suno.com.br\/noticias\/radar-pao-de-acucar-pcar3-ambipar-ambp3-oi-oibr\/#primaryimage\",\"url\":\"https:\/\/files.sunoresearch.com.br\/n\/uploads\/2021\/03\/f11f700f-gpa-pao-de-acucar_-jpg.webp\",\"contentUrl\":\"https:\/\/files.sunoresearch.com.br\/n\/uploads\/2021\/03\/f11f700f-gpa-pao-de-acucar_-jpg.webp\",\"width\":1200,\"height\":675,\"caption\":\"GPA - P\u00e3o de A\u00e7\u00facar (PCAR3) Supermercado. Foto: Divulga\u00e7\u00e3o\"},{\"@type\":\"BreadcrumbList\",\"@id\":\"https:\/\/www.suno.com.br\/noticias\/radar-pao-de-acucar-pcar3-ambipar-ambp3-oi-oibr\/#breadcrumb\",\"itemListElement\":[{\"@type\":\"ListItem\",\"position\":1,\"name\":\"Not\u00edcias\",\"item\":\"https:\/\/www.suno.com.br\/noticias\/\"},{\"@type\":\"ListItem\",\"position\":2,\"name\":\"Neg\u00f3cios\",\"item\":\"https:\/\/www.suno.com.br\/noticias\/negocios\/\"},{\"@type\":\"ListItem\",\"position\":3,\"name\":\"Radar: P\u00e3o de A\u00e7\u00facar (PCAR3) lucra R$ 1,4 bi no 1T22, Ambipar (AMBP3) vai pagar R$ 34,2 mi em dividendos, Magazine Luiza (MGLU3) salta no Ibovespa\"}]},{\"@type\":\"WebSite\",\"@id\":\"https:\/\/www.suno.com.br\/noticias\/#website\",\"url\":\"https:\/\/www.suno.com.br\/noticias\/\",\"name\":\"Suno Not\u00edcias\",\"description\":\"Seu portal de informa\u00e7\u00e3o sobre o mundo dos investimentos\",\"publisher\":{\"@id\":\"https:\/\/www.suno.com.br\/noticias\/#organization\"},\"potentialAction\":[{\"@type\":\"SearchAction\",\"target\":{\"@type\":\"EntryPoint\",\"urlTemplate\":\"https:\/\/www.suno.com.br\/noticias\/?s={search_term_string}\"},\"query-input\":{\"@type\":\"PropertyValueSpecification\",\"valueRequired\":true,\"valueName\":\"search_term_string\"}}],\"inLanguage\":\"pt-BR\"},{\"@type\":\"Organization\",\"@id\":\"https:\/\/www.suno.com.br\/noticias\/#organization\",\"name\":\"Suno Not\u00edcias\",\"url\":\"https:\/\/www.suno.com.br\/noticias\/\",\"logo\":{\"@type\":\"ImageObject\",\"inLanguage\":\"pt-BR\",\"@id\":\"https:\/\/www.suno.com.br\/noticias\/#\/schema\/logo\/image\/\",\"url\":\"https:\/\/files.sunoresearch.com.br\/n\/uploads\/2021\/09\/suno-logo.png\",\"contentUrl\":\"https:\/\/files.sunoresearch.com.br\/n\/uploads\/2021\/09\/suno-logo.png\",\"width\":180,\"height\":180,\"caption\":\"Suno Not\u00edcias\"},\"image\":{\"@id\":\"https:\/\/www.suno.com.br\/noticias\/#\/schema\/logo\/image\/\"},\"sameAs\":[\"https:\/\/facebook.com\/sunoresearch\",\"https:\/\/x.com\/sunoresearch\",\"https:\/\/www.instagram.com\/suno\",\"https:\/\/www.linkedin.com\/company\/suno-research\/\",\"https:\/\/www.youtube.com\/c\/sunoresearch\"]},{\"@type\":\"Person\",\"@id\":\"https:\/\/www.suno.com.br\/noticias\/#\/schema\/person\/46d847cb19ad53fde0857adca989c23f\",\"name\":\"Vict\u00f3ria Anhesini\",\"image\":{\"@type\":\"ImageObject\",\"inLanguage\":\"pt-BR\",\"@id\":\"https:\/\/www.suno.com.br\/noticias\/#\/schema\/person\/image\/\",\"url\":\"https:\/\/secure.gravatar.com\/avatar\/0172bdfcd9129dd9dd68794804304e6e?s=96&r=g\",\"contentUrl\":\"https:\/\/secure.gravatar.com\/avatar\/0172bdfcd9129dd9dd68794804304e6e?s=96&r=g\",\"caption\":\"Vict\u00f3ria Anhesini\"},\"description\":\"Rep\u00f3rter no Suno Not\u00edcias, cobre mercados, neg\u00f3cios e economia, escrevendo majoritariamente sobre movimentos das empresas, cobertura de balan\u00e7os trimestrais e Bolsa de Valores. Formada em jornalismo pela Universidade Presbiteriana Mackenzie em 2019, passou pelo portal de economia e finan\u00e7as EuQueroInvestir como rep\u00f3rter e anteriormente, trabalhou na assessoria de imprensa PinePR, onde liderou com startups de inova\u00e7\u00e3o, tecnologia e finan\u00e7as. Em seu tempo livre, fala sobre m\u00fasica para ambos os sites do selo ForMusic, Wikimetal e Mad Sound, e faz trabalho volunt\u00e1rio no programa Escreve Cartas do Poupatempo.\",\"sameAs\":[\"https:\/\/www.linkedin.com\/in\/victoria-anhesini\/\"],\"url\":\"https:\/\/www.suno.com.br\/noticias\/author\/victoria\/\"}]}<\/script>\n<!-- \/ Yoast SEO plugin. -->","yoast_head_json":{"title":"Radar: P\u00e3o de A\u00e7\u00facar (PCAR3) lucra no 1T22, Ambipar (AMBP3) pagar\u00e1 R$ 34,2 mi em dividendos","description":"P\u00e3o de A\u00e7\u00facar (PCAR3) lucra 10x mais no 1T22. Ambipar (AMBP3) vai pagar R$ 34 mi em dividendos. Veja essas e mais not\u00edcias aqui.","robots":{"index":"index","follow":"follow","max-snippet":"max-snippet:-1","max-image-preview":"max-image-preview:large","max-video-preview":"max-video-preview:-1"},"canonical":"https:\/\/www.suno.com.br\/noticias\/radar-pao-de-acucar-pcar3-ambipar-ambp3-oi-oibr\/","og_locale":"pt_BR","og_type":"article","og_title":"Radar: P\u00e3o de A\u00e7\u00facar (PCAR3) lucra no 1T22, Ambipar (AMBP3) pagar\u00e1 R$ 34,2 mi em dividendos","og_description":"P\u00e3o de A\u00e7\u00facar (PCAR3) lucra 10x mais no 1T22. Ambipar (AMBP3) vai pagar R$ 34 mi em dividendos. Veja essas e mais not\u00edcias aqui.","og_url":"https:\/\/www.suno.com.br\/noticias\/radar-pao-de-acucar-pcar3-ambipar-ambp3-oi-oibr\/","og_site_name":"Suno Not\u00edcias","article_publisher":"https:\/\/facebook.com\/sunoresearch","og_image":[{"width":1200,"height":675,"url":"https:\/\/files.sunoresearch.com.br\/n\/uploads\/2021\/03\/f11f700f-gpa-pao-de-acucar_.jpg","type":"image\/jpeg"}],"author":"Vict\u00f3ria Anhesini","twitter_card":"summary_large_image","twitter_creator":"@sunoresearch","twitter_site":"@sunoresearch","twitter_misc":{"Escrito por":"Vict\u00f3ria Anhesini","Est. tempo de leitura":"13 minutos"},"schema":{"@context":"https:\/\/schema.org","@graph":[{"@type":"NewsArticle","@id":"https:\/\/www.suno.com.br\/noticias\/radar-pao-de-acucar-pcar3-ambipar-ambp3-oi-oibr\/#article","isPartOf":{"@id":"https:\/\/www.suno.com.br\/noticias\/radar-pao-de-acucar-pcar3-ambipar-ambp3-oi-oibr\/"},"author":{"name":"Vict\u00f3ria Anhesini","@id":"https:\/\/www.suno.com.br\/noticias\/#\/schema\/person\/46d847cb19ad53fde0857adca989c23f"},"headline":"Radar: P\u00e3o de A\u00e7\u00facar (PCAR3) lucra R$ 1,4 bi no 1T22, Ambipar (AMBP3) vai pagar R$ 34,2 mi em dividendos, Magazine Luiza (MGLU3) salta no Ibovespa","datePublished":"2022-05-05T01:53:26+00:00","mainEntityOfPage":{"@id":"https:\/\/www.suno.com.br\/noticias\/radar-pao-de-acucar-pcar3-ambipar-ambp3-oi-oibr\/"},"wordCount":2991,"publisher":{"@id":"https:\/\/www.suno.com.br\/noticias\/#organization"},"image":{"@id":"https:\/\/www.suno.com.br\/noticias\/radar-pao-de-acucar-pcar3-ambipar-ambp3-oi-oibr\/#primaryimage"},"thumbnailUrl":"https:\/\/files.sunoresearch.com.br\/n\/uploads\/2021\/03\/f11f700f-gpa-pao-de-acucar_-jpg.webp","keywords":["Ambipar (AMBP3)","Getnet (GETT11\/GETT4\/GETT3)","Oi (OIBR3\/OIBR4)","Petrobras (PETR4)","Porto Seguro (PSSA3)"],"articleSection":["Neg\u00f3cios"],"inLanguage":"pt-BR"},{"@type":"WebPage","@id":"https:\/\/www.suno.com.br\/noticias\/radar-pao-de-acucar-pcar3-ambipar-ambp3-oi-oibr\/","url":"https:\/\/www.suno.com.br\/noticias\/radar-pao-de-acucar-pcar3-ambipar-ambp3-oi-oibr\/","name":"Radar: P\u00e3o de A\u00e7\u00facar (PCAR3) lucra no 1T22, Ambipar (AMBP3) pagar\u00e1 R$ 34,2 mi em dividendos","isPartOf":{"@id":"https:\/\/www.suno.com.br\/noticias\/#website"},"primaryImageOfPage":{"@id":"https:\/\/www.suno.com.br\/noticias\/radar-pao-de-acucar-pcar3-ambipar-ambp3-oi-oibr\/#primaryimage"},"image":{"@id":"https:\/\/www.suno.com.br\/noticias\/radar-pao-de-acucar-pcar3-ambipar-ambp3-oi-oibr\/#primaryimage"},"thumbnailUrl":"https:\/\/files.sunoresearch.com.br\/n\/uploads\/2021\/03\/f11f700f-gpa-pao-de-acucar_-jpg.webp","datePublished":"2022-05-05T01:53:26+00:00","description":"P\u00e3o de A\u00e7\u00facar (PCAR3) lucra 10x mais no 1T22. Ambipar (AMBP3) vai pagar R$ 34 mi em dividendos. Veja essas e mais not\u00edcias aqui.","breadcrumb":{"@id":"https:\/\/www.suno.com.br\/noticias\/radar-pao-de-acucar-pcar3-ambipar-ambp3-oi-oibr\/#breadcrumb"},"inLanguage":"pt-BR","potentialAction":[{"@type":"ReadAction","target":["https:\/\/www.suno.com.br\/noticias\/radar-pao-de-acucar-pcar3-ambipar-ambp3-oi-oibr\/"]}]},{"@type":"ImageObject","inLanguage":"pt-BR","@id":"https:\/\/www.suno.com.br\/noticias\/radar-pao-de-acucar-pcar3-ambipar-ambp3-oi-oibr\/#primaryimage","url":"https:\/\/files.sunoresearch.com.br\/n\/uploads\/2021\/03\/f11f700f-gpa-pao-de-acucar_-jpg.webp","contentUrl":"https:\/\/files.sunoresearch.com.br\/n\/uploads\/2021\/03\/f11f700f-gpa-pao-de-acucar_-jpg.webp","width":1200,"height":675,"caption":"GPA - P\u00e3o de A\u00e7\u00facar (PCAR3) Supermercado. Foto: Divulga\u00e7\u00e3o"},{"@type":"BreadcrumbList","@id":"https:\/\/www.suno.com.br\/noticias\/radar-pao-de-acucar-pcar3-ambipar-ambp3-oi-oibr\/#breadcrumb","itemListElement":[{"@type":"ListItem","position":1,"name":"Not\u00edcias","item":"https:\/\/www.suno.com.br\/noticias\/"},{"@type":"ListItem","position":2,"name":"Neg\u00f3cios","item":"https:\/\/www.suno.com.br\/noticias\/negocios\/"},{"@type":"ListItem","position":3,"name":"Radar: P\u00e3o de A\u00e7\u00facar (PCAR3) lucra R$ 1,4 bi no 1T22, Ambipar (AMBP3) vai pagar R$ 34,2 mi em dividendos, Magazine Luiza (MGLU3) salta no Ibovespa"}]},{"@type":"WebSite","@id":"https:\/\/www.suno.com.br\/noticias\/#website","url":"https:\/\/www.suno.com.br\/noticias\/","name":"Suno Not\u00edcias","description":"Seu portal de informa\u00e7\u00e3o sobre o mundo dos investimentos","publisher":{"@id":"https:\/\/www.suno.com.br\/noticias\/#organization"},"potentialAction":[{"@type":"SearchAction","target":{"@type":"EntryPoint","urlTemplate":"https:\/\/www.suno.com.br\/noticias\/?s={search_term_string}"},"query-input":{"@type":"PropertyValueSpecification","valueRequired":true,"valueName":"search_term_string"}}],"inLanguage":"pt-BR"},{"@type":"Organization","@id":"https:\/\/www.suno.com.br\/noticias\/#organization","name":"Suno Not\u00edcias","url":"https:\/\/www.suno.com.br\/noticias\/","logo":{"@type":"ImageObject","inLanguage":"pt-BR","@id":"https:\/\/www.suno.com.br\/noticias\/#\/schema\/logo\/image\/","url":"https:\/\/files.sunoresearch.com.br\/n\/uploads\/2021\/09\/suno-logo.png","contentUrl":"https:\/\/files.sunoresearch.com.br\/n\/uploads\/2021\/09\/suno-logo.png","width":180,"height":180,"caption":"Suno Not\u00edcias"},"image":{"@id":"https:\/\/www.suno.com.br\/noticias\/#\/schema\/logo\/image\/"},"sameAs":["https:\/\/facebook.com\/sunoresearch","https:\/\/x.com\/sunoresearch","https:\/\/www.instagram.com\/suno","https:\/\/www.linkedin.com\/company\/suno-research\/","https:\/\/www.youtube.com\/c\/sunoresearch"]},{"@type":"Person","@id":"https:\/\/www.suno.com.br\/noticias\/#\/schema\/person\/46d847cb19ad53fde0857adca989c23f","name":"Vict\u00f3ria Anhesini","image":{"@type":"ImageObject","inLanguage":"pt-BR","@id":"https:\/\/www.suno.com.br\/noticias\/#\/schema\/person\/image\/","url":"https:\/\/secure.gravatar.com\/avatar\/0172bdfcd9129dd9dd68794804304e6e?s=96&r=g","contentUrl":"https:\/\/secure.gravatar.com\/avatar\/0172bdfcd9129dd9dd68794804304e6e?s=96&r=g","caption":"Vict\u00f3ria Anhesini"},"description":"Rep\u00f3rter no Suno Not\u00edcias, cobre mercados, neg\u00f3cios e economia, escrevendo majoritariamente sobre movimentos das empresas, cobertura de balan\u00e7os trimestrais e Bolsa de Valores. Formada em jornalismo pela Universidade Presbiteriana Mackenzie em 2019, passou pelo portal de economia e finan\u00e7as EuQueroInvestir como rep\u00f3rter e anteriormente, trabalhou na assessoria de imprensa PinePR, onde liderou com startups de inova\u00e7\u00e3o, tecnologia e finan\u00e7as. Em seu tempo livre, fala sobre m\u00fasica para ambos os sites do selo ForMusic, Wikimetal e Mad Sound, e faz trabalho volunt\u00e1rio no programa Escreve Cartas do Poupatempo.","sameAs":["https:\/\/www.linkedin.com\/in\/victoria-anhesini\/"],"url":"https:\/\/www.suno.com.br\/noticias\/author\/victoria\/"}]}},"default_loop_html":"<div class=\"cardsPage__listCard__boxs\"><div class=\"cardsPage__listCard__boxs__img\"><a href=\"https:\/\/www.suno.com.br\/noticias\/radar-pao-de-acucar-pcar3-ambipar-ambp3-oi-oibr\/\"><img class=\"mask\" src=\"https:\/\/www.suno.com.br\/noticias\/wp-content\/themes\/suno\/resources\/images\/spotlight\/spotlight1img\/bg-mask.png\" alt=\"Image Mask\"\/><img src=\"https:\/\/files.sunoresearch.com.br\/n\/uploads\/2021\/03\/f11f700f-gpa-pao-de-acucar_-400x200.webp\" alt=\"Radar: P\u00e3o de A\u00e7\u00facar (PCAR3) lucra R$ 1,4 bi no 1T22, Ambipar (AMBP3) vai pagar R$ 34,2 mi em dividendos, Magazine Luiza (MGLU3) salta no Ibovespa\"\/><\/a><span class=\"spotlightCategory\"><a href=\"https:\/\/www.suno.com.br\/noticias\/negocios\/\">Neg\u00f3cios<\/a><\/span><\/div><div class=\"cardsPage__listCard__boxs__content\"><a href=\"https:\/\/www.suno.com.br\/noticias\/radar-pao-de-acucar-pcar3-ambipar-ambp3-oi-oibr\/\"><h2 class=\"content__title\">Radar: P\u00e3o de A\u00e7\u00facar (PCAR3) lucra R$ 1,4 bi no 1T22, Ambipar (AMBP3) vai pagar R$ 34,2 mi em dividendos, Magazine Luiza (MGLU3) salta no Ibovespa<\/h2><\/a><div class=\"newsContent__article__meta\"><div class=\"newsContent__article__meta__authorBox\"><a href=\"https:\/\/www.suno.com.br\/noticias\/author\/victoria\/\" class=\"authorBox__avatar noMobi\"><img src=\"https:\/\/files.sunoresearch.com.br\/n\/uploads\/2021\/12\/20190129VickyPINEAPPLE01-1-150x150.jpg\" alt=\"Vict\u00f3ria Anhesini\"><\/a><div class=\"authorBox__name\"><span>por\n\t\t\t<a href=\"https:\/\/www.suno.com.br\/noticias\/author\/victoria\/\"><span itemprop=\"author\">Vict\u00f3ria Anhesini<\/span><\/a><\/span><time datetime=\"2022-05-04T22:53:26-03:00\" itemprop=\"datePublished\">04\/05\/2022 22:53<\/time><\/div><\/div><\/div><\/div><\/div>","single_layout":"posts","amp_enabled":true,"_links":{"self":[{"href":"https:\/\/www.suno.com.br\/noticias\/wp-json\/wp\/v2\/posts\/256393"}],"collection":[{"href":"https:\/\/www.suno.com.br\/noticias\/wp-json\/wp\/v2\/posts"}],"about":[{"href":"https:\/\/www.suno.com.br\/noticias\/wp-json\/wp\/v2\/types\/post"}],"author":[{"embeddable":true,"href":"https:\/\/www.suno.com.br\/noticias\/wp-json\/wp\/v2\/users\/146"}],"replies":[{"embeddable":true,"href":"https:\/\/www.suno.com.br\/noticias\/wp-json\/wp\/v2\/comments?post=256393"}],"version-history":[{"count":3,"href":"https:\/\/www.suno.com.br\/noticias\/wp-json\/wp\/v2\/posts\/256393\/revisions"}],"predecessor-version":[{"id":256421,"href":"https:\/\/www.suno.com.br\/noticias\/wp-json\/wp\/v2\/posts\/256393\/revisions\/256421"}],"wp:featuredmedia":[{"embeddable":true,"href":"https:\/\/www.suno.com.br\/noticias\/wp-json\/wp\/v2\/media\/130366"}],"wp:attachment":[{"href":"https:\/\/www.suno.com.br\/noticias\/wp-json\/wp\/v2\/media?parent=256393"}],"wp:term":[{"taxonomy":"category","embeddable":true,"href":"https:\/\/www.suno.com.br\/noticias\/wp-json\/wp\/v2\/categories?post=256393"},{"taxonomy":"post_tag","embeddable":true,"href":"https:\/\/www.suno.com.br\/noticias\/wp-json\/wp\/v2\/tags?post=256393"},{"taxonomy":"suno_strategy","embeddable":true,"href":"https:\/\/www.suno.com.br\/noticias\/wp-json\/wp\/v2\/suno_strategy?post=256393"}],"curies":[{"name":"wp","href":"https:\/\/api.w.org\/{rel}","templated":true}]}}