{"id":25629,"date":"2019-05-22T19:28:12","date_gmt":"2019-05-22T22:28:12","guid":{"rendered":"https:\/\/www.suno.com.br\/noticias\/?p=25629"},"modified":"2019-05-22T20:19:00","modified_gmt":"2019-05-22T23:19:00","slug":"natura-anuncia-compra-da-avon-grupo-e-avaliado-em-us-11-bi","status":"publish","type":"post","link":"https:\/\/www.suno.com.br\/noticias\/natura-anuncia-compra-da-avon-grupo-e-avaliado-em-us-11-bi\/","title":{"rendered":"Natura anuncia compra da Avon; grupo \u00e9 avaliado em US$ 11 bi"},"content":{"rendered":"<p>A Natura anunciou nesta quarta-feira (22) a compra da Avon Products. A opera\u00e7\u00e3o envolve uma troca de a\u00e7\u00f5es (all-share merger). O novo grupo \u00e9 avaliado em US$ 11 bilh\u00f5es.<\/p>\t<div class=\"wrapper-featured-image\">\n\t\t<figure class=\"spotlightImg\">\n\n\t\t\t<picture>\n\t\t\t\t<source media=\"(max-width: 768px)\" srcset=\"https:\/\/files.sunoresearch.com.br\/n\/uploads\/2019\/05\/b31ee061-natura-400x200.webp\">\n\t\t\t\t<img loading=\"lazy\" decoding=\"async\" class=\"newsContent__article__imgCapa lazyloadDisabled newsContent__article__imgCapa--noCaption\" src=\"https:\/\/files.sunoresearch.com.br\/n\/uploads\/2019\/05\/b31ee061-natura-800x450.webp\" width=\"800\" height=\"450\" alt=\"Natura anuncia compra da Avon; grupo \u00e9 avaliado em US$ 11 bi\" fetchpriority=high \/>\n\t\t\t<\/picture>\n\n\t\t\t<figcaption class=\"wp-caption-text wp-caption-text--hide\">Natura eleva meta de sinergias com Avon para US$ 200 mi a US$ 300 mi<\/figcaption>\n\t\t<\/figure>\n\t<\/div>\n\n\n<p>Com a negocia\u00e7\u00e3o, a empresa conjunta entre <strong>Natura<\/strong> e <strong>Avon<\/strong> ser\u00e1 a quarta maior do setor. A compra ainda precisa ser aprovada por reguladores. As companhias estimam um <strong>faturamento anual<\/strong> superior a US$ 10 bilh\u00f5es. Al\u00e9m disso, ir\u00e3o assumir a lideran\u00e7a na modalidade de venda porta a porta, com mais de 6,3 milh\u00f5es de<strong> Representantes e Consultoras<\/strong> e contar\u00e3o com uma presen\u00e7a geogr\u00e1fica global de mais de 3,2 mi lojas.<\/p>\n<p><a href=\"https:\/\/www.suno.com.br\/noticias\/ibovespa-fechamento-22052019\/\">Saiba mais:\u00a0Ibovespa encerra perto da estabilidade, com reformas e alta da Natura<\/a><\/p>\n<p>&#8220;Com a Avon, a Natura &amp;Co ter\u00e1 faturamento bruto anual superior a US$ 10 bilh\u00f5es, mais de 40 mil colaboradores e presen\u00e7a em cem pa\u00edses&#8221;, informou a <strong>Natura<\/strong> em comunicado enviado ao mercado.<\/p>\n\t<p>\n\t\t<a href=\"https:\/\/lp.suno.com.br\/lm\/simulador-de-renda-passiva\/\" target=\"_blank\" data-element=\"shortcode-suno-banner\" title=\"Banner SUNO, clique e saiba mais\">\n\t\t\t<picture>\n\t\t\t\t<source media=\"(max-width: 500px)\" srcset=\"https:\/\/files.sunoresearch.com.br\/n\/uploads\/2024\/04\/Lead-Magnet-400x300-1.png\">\n\t\t\t\t<img class=\"newsContent__article__imgCapa newsContent__article__imgCapa--banner\"\n\t\t\t\t\tsrc=\"https:\/\/files.sunoresearch.com.br\/n\/uploads\/2024\/04\/Lead-Magnet-1420x240-1.png\"\n\t\t\t\t\tdata-promo-id=\"543552\"\t\t\t\t\t\t\t\t\t\twidth='1420' height='240'\t\t\t\t\talt=\"https:\/\/files.sunoresearch.com.br\/n\/uploads\/2024\/04\/Lead-Magnet-1420x240-1.png\"\n\t\t\t\t>\n\t\t\t<\/picture>\n\t\t<\/a>\n\t<\/p>\n\n\n<p>A Natura ter\u00e1 76% da participa\u00e7\u00e3o da <strong>nova <a href=\"https:\/\/www.suno.com.br\/artigos\/holding\/\">holding<\/a><\/strong>, chamada de\u00a0<strong>Natura Holding<\/strong>. J\u00e1 os atuais detentores da Avon ficar\u00e3o com os 24% restantes. Os pap\u00e9is dever\u00e3o ser listados na <a href=\"https:\/\/www.suno.com.br\/artigos\/b3\/\"><strong>B3<\/strong><\/a>, e possuir\u00e3o <strong>certificados de a\u00e7\u00f5es (ADRs)<\/strong>\u00a0 negociados na bolsa de valores de Nova York.<\/p>\n<p style=\"text-align: center;\"><iframe loading=\"lazy\" src=\"https:\/\/www.youtube.com\/embed\/NZgcFJecuW4\" width=\"560\" height=\"315\" frameborder=\"0\" allowfullscreen=\"allowfullscreen\"><\/iframe><\/p>\n<p>O presidente do conselho da <strong>Avon<\/strong>, Chan Galbato, afirmou que\u00a0&#8220;o Conselho da Avon est\u00e1 confiante que a <strong>Natura<\/strong> ser\u00e1 uma parceira poderosa para a marca, ao mesmo tempo em que oferece mais escala, opera\u00e7\u00f5es e oportunidades ampliadas para colaboradores e Representantes, al\u00e9m de tremendo potencial de ganho para acionistas de ambas as empresas&#8221;.<\/p>\n<p><a href=\"https:\/\/www.suno.com.br\/noticias\/natura-creditos-pagar-divida-avon\/\">Saiba mais:\u00a0Natura utilizar\u00e1 cr\u00e9ditos para pagar d\u00edvida da Avon<\/a><\/p>\n<p>A proje\u00e7\u00e3o \u00e9 que o neg\u00f3cio gere sinergias entre US$ 150 milh\u00f5es e US$ 200 milh\u00f5es anuais,\u00a0&#8220;que ser\u00e3o parcialmente reinvestidos para aumentar ainda mais sua presen\u00e7a nos canais digitais e m\u00eddias sociais, em pesquisa e desenvolvimento, iniciativas de marca e expans\u00e3o da presen\u00e7a geogr\u00e1fica do grupo&#8221;, diz a companhia.<\/p>\n\t<p>\n\t\t<a href=\"https:\/\/lp.suno.com.br\/lm\/simulador-de-renda-passiva\/\" target=\"_blank\" data-element=\"shortcode-suno-banner\" title=\"Banner SUNO, clique e saiba mais\">\n\t\t\t<picture>\n\t\t\t\t<source media=\"(max-width: 500px)\" srcset=\"https:\/\/files.sunoresearch.com.br\/n\/uploads\/2024\/04\/Lead-Magnet-400x300-1.png\">\n\t\t\t\t<img class=\"newsContent__article__imgCapa newsContent__article__imgCapa--banner\"\n\t\t\t\t\tsrc=\"https:\/\/files.sunoresearch.com.br\/n\/uploads\/2024\/04\/Lead-Magnet-1420x240-1.png\"\n\t\t\t\t\tdata-promo-id=\"543552\"\t\t\t\t\t\t\t\t\t\twidth='1420' height='240'\t\t\t\t\talt=\"https:\/\/files.sunoresearch.com.br\/n\/uploads\/2024\/04\/Lead-Magnet-1420x240-1.png\"\n\t\t\t\t>\n\t\t\t<\/picture>\n\t\t<\/a>\n\t<\/p>\n\n\n<h2>A\u00e7\u00f5es da Natura sobem<\/h2>\n<p>As a\u00e7\u00f5es da <strong>Natura<\/strong> encerraram o dia em alta hist\u00f3rica, atingindo R$ 61,50. J\u00e1 as a\u00e7\u00f5es da <strong>Avon <\/strong>vendidas na <strong>Bolsa de Nova York<\/strong>\u00a0tiveram alta de 9%, negociadas a US$ 3,49.<\/p>\n","protected":false},"excerpt":{"rendered":"<p>A Natura anunciou nesta quarta-feira (22) a compra da Avon Products. A opera\u00e7\u00e3o envolve uma troca de a\u00e7\u00f5es (all-share merger). O novo grupo \u00e9 avaliado em US$ 11 bilh\u00f5es. Natura eleva meta de sinergias com Avon para US$ 200 mi a US$ 300 mi Com a negocia\u00e7\u00e3o, a empresa conjunta entre Natura e Avon ser\u00e1 [&hellip;]<\/p>\n","protected":false},"author":14,"featured_media":23089,"comment_status":"closed","ping_status":"closed","sticky":false,"template":"","format":"standard","meta":[],"categories":[64],"tags":[975,574],"suno_strategy":[],"class_list":["post-25629","post","type-post","status-publish","format-standard","has-post-thumbnail","hentry","category-negocios","tag-avon","tag-natura-ntco3"],"yoast_head":"<!-- This site is optimized with the Yoast SEO plugin v24.4 - https:\/\/yoast.com\/wordpress\/plugins\/seo\/ -->\n<title>Natura anuncia compra da Avon; grupo \u00e9 avaliado em US$ 11 bi<\/title>\n<meta name=\"description\" content=\"A empresa conjunta entre Natura e Avon ser\u00e1 a quarta maior do setor. A compra precisa ainda ser aprovada por reguladores. Clique para saber mais.\" \/>\n<meta name=\"robots\" content=\"index, follow, max-snippet:-1, max-image-preview:large, max-video-preview:-1\" \/>\n<link rel=\"canonical\" href=\"https:\/\/www.suno.com.br\/noticias\/natura-anuncia-compra-da-avon-grupo-e-avaliado-em-us-11-bi\/\" \/>\n<meta property=\"og:locale\" content=\"pt_BR\" \/>\n<meta property=\"og:type\" content=\"article\" \/>\n<meta property=\"og:title\" content=\"Natura anuncia compra da Avon; grupo \u00e9 avaliado em US$ 11 bi\" \/>\n<meta property=\"og:description\" content=\"A empresa conjunta entre Natura e Avon ser\u00e1 a quarta maior do setor. A compra precisa ainda ser aprovada por reguladores. Clique para saber mais.\" \/>\n<meta property=\"og:url\" content=\"https:\/\/www.suno.com.br\/noticias\/natura-anuncia-compra-da-avon-grupo-e-avaliado-em-us-11-bi\/\" \/>\n<meta property=\"og:site_name\" content=\"Suno Not\u00edcias\" \/>\n<meta property=\"article:publisher\" content=\"https:\/\/facebook.com\/sunoresearch\" \/>\n<meta property=\"og:image\" content=\"https:\/\/files.sunoresearch.com.br\/n\/uploads\/2019\/05\/b31ee061-natura.jpg\" \/>\n\t<meta property=\"og:image:width\" content=\"960\" \/>\n\t<meta property=\"og:image:height\" content=\"639\" \/>\n\t<meta property=\"og:image:type\" content=\"image\/jpeg\" \/>\n<meta name=\"author\" content=\"Renan Dantas\" \/>\n<meta name=\"twitter:card\" content=\"summary_large_image\" \/>\n<meta name=\"twitter:creator\" content=\"@sunoresearch\" \/>\n<meta name=\"twitter:site\" content=\"@sunoresearch\" \/>\n<meta name=\"twitter:label1\" content=\"Escrito por\" \/>\n\t<meta name=\"twitter:data1\" content=\"Renan Dantas\" \/>\n\t<meta name=\"twitter:label2\" content=\"Est. tempo de leitura\" \/>\n\t<meta name=\"twitter:data2\" content=\"2 minutos\" \/>\n<script type=\"application\/ld+json\" class=\"yoast-schema-graph\">{\"@context\":\"https:\/\/schema.org\",\"@graph\":[{\"@type\":\"NewsArticle\",\"@id\":\"https:\/\/www.suno.com.br\/noticias\/natura-anuncia-compra-da-avon-grupo-e-avaliado-em-us-11-bi\/#article\",\"isPartOf\":{\"@id\":\"https:\/\/www.suno.com.br\/noticias\/natura-anuncia-compra-da-avon-grupo-e-avaliado-em-us-11-bi\/\"},\"author\":{\"name\":\"Renan Dantas\",\"@id\":\"https:\/\/www.suno.com.br\/noticias\/#\/schema\/person\/3f7693d5795a3f6d5ce15309ee785699\"},\"headline\":\"Natura anuncia compra da Avon; grupo \u00e9 avaliado em US$ 11 bi\",\"datePublished\":\"2019-05-22T22:28:12+00:00\",\"dateModified\":\"2019-05-22T23:19:00+00:00\",\"mainEntityOfPage\":{\"@id\":\"https:\/\/www.suno.com.br\/noticias\/natura-anuncia-compra-da-avon-grupo-e-avaliado-em-us-11-bi\/\"},\"wordCount\":380,\"publisher\":{\"@id\":\"https:\/\/www.suno.com.br\/noticias\/#organization\"},\"image\":{\"@id\":\"https:\/\/www.suno.com.br\/noticias\/natura-anuncia-compra-da-avon-grupo-e-avaliado-em-us-11-bi\/#primaryimage\"},\"thumbnailUrl\":\"https:\/\/files.sunoresearch.com.br\/n\/uploads\/2019\/05\/b31ee061-natura-jpg.webp\",\"keywords\":[\"Avon\",\"Natura (NTCO3)\"],\"articleSection\":[\"Neg\u00f3cios\"],\"inLanguage\":\"pt-BR\"},{\"@type\":\"WebPage\",\"@id\":\"https:\/\/www.suno.com.br\/noticias\/natura-anuncia-compra-da-avon-grupo-e-avaliado-em-us-11-bi\/\",\"url\":\"https:\/\/www.suno.com.br\/noticias\/natura-anuncia-compra-da-avon-grupo-e-avaliado-em-us-11-bi\/\",\"name\":\"Natura anuncia compra da Avon; grupo \u00e9 avaliado em US$ 11 bi\",\"isPartOf\":{\"@id\":\"https:\/\/www.suno.com.br\/noticias\/#website\"},\"primaryImageOfPage\":{\"@id\":\"https:\/\/www.suno.com.br\/noticias\/natura-anuncia-compra-da-avon-grupo-e-avaliado-em-us-11-bi\/#primaryimage\"},\"image\":{\"@id\":\"https:\/\/www.suno.com.br\/noticias\/natura-anuncia-compra-da-avon-grupo-e-avaliado-em-us-11-bi\/#primaryimage\"},\"thumbnailUrl\":\"https:\/\/files.sunoresearch.com.br\/n\/uploads\/2019\/05\/b31ee061-natura-jpg.webp\",\"datePublished\":\"2019-05-22T22:28:12+00:00\",\"dateModified\":\"2019-05-22T23:19:00+00:00\",\"description\":\"A empresa conjunta entre Natura e Avon ser\u00e1 a quarta maior do setor. A compra precisa ainda ser aprovada por reguladores. Clique para saber mais.\",\"breadcrumb\":{\"@id\":\"https:\/\/www.suno.com.br\/noticias\/natura-anuncia-compra-da-avon-grupo-e-avaliado-em-us-11-bi\/#breadcrumb\"},\"inLanguage\":\"pt-BR\",\"potentialAction\":[{\"@type\":\"ReadAction\",\"target\":[\"https:\/\/www.suno.com.br\/noticias\/natura-anuncia-compra-da-avon-grupo-e-avaliado-em-us-11-bi\/\"]}]},{\"@type\":\"ImageObject\",\"inLanguage\":\"pt-BR\",\"@id\":\"https:\/\/www.suno.com.br\/noticias\/natura-anuncia-compra-da-avon-grupo-e-avaliado-em-us-11-bi\/#primaryimage\",\"url\":\"https:\/\/files.sunoresearch.com.br\/n\/uploads\/2019\/05\/b31ee061-natura-jpg.webp\",\"contentUrl\":\"https:\/\/files.sunoresearch.com.br\/n\/uploads\/2019\/05\/b31ee061-natura-jpg.webp\",\"width\":960,\"height\":639,\"caption\":\"Natura eleva meta de sinergias com Avon para US$ 200 mi a US$ 300 mi\"},{\"@type\":\"BreadcrumbList\",\"@id\":\"https:\/\/www.suno.com.br\/noticias\/natura-anuncia-compra-da-avon-grupo-e-avaliado-em-us-11-bi\/#breadcrumb\",\"itemListElement\":[{\"@type\":\"ListItem\",\"position\":1,\"name\":\"Not\u00edcias\",\"item\":\"https:\/\/www.suno.com.br\/noticias\/\"},{\"@type\":\"ListItem\",\"position\":2,\"name\":\"Neg\u00f3cios\",\"item\":\"https:\/\/www.suno.com.br\/noticias\/negocios\/\"},{\"@type\":\"ListItem\",\"position\":3,\"name\":\"Natura anuncia compra da Avon; grupo \u00e9 avaliado em US$ 11 bi\"}]},{\"@type\":\"WebSite\",\"@id\":\"https:\/\/www.suno.com.br\/noticias\/#website\",\"url\":\"https:\/\/www.suno.com.br\/noticias\/\",\"name\":\"Suno Not\u00edcias\",\"description\":\"Seu portal de informa\u00e7\u00e3o sobre o mundo dos investimentos\",\"publisher\":{\"@id\":\"https:\/\/www.suno.com.br\/noticias\/#organization\"},\"potentialAction\":[{\"@type\":\"SearchAction\",\"target\":{\"@type\":\"EntryPoint\",\"urlTemplate\":\"https:\/\/www.suno.com.br\/noticias\/?s={search_term_string}\"},\"query-input\":{\"@type\":\"PropertyValueSpecification\",\"valueRequired\":true,\"valueName\":\"search_term_string\"}}],\"inLanguage\":\"pt-BR\"},{\"@type\":\"Organization\",\"@id\":\"https:\/\/www.suno.com.br\/noticias\/#organization\",\"name\":\"Suno Not\u00edcias\",\"url\":\"https:\/\/www.suno.com.br\/noticias\/\",\"logo\":{\"@type\":\"ImageObject\",\"inLanguage\":\"pt-BR\",\"@id\":\"https:\/\/www.suno.com.br\/noticias\/#\/schema\/logo\/image\/\",\"url\":\"https:\/\/files.sunoresearch.com.br\/n\/uploads\/2021\/09\/suno-logo.png\",\"contentUrl\":\"https:\/\/files.sunoresearch.com.br\/n\/uploads\/2021\/09\/suno-logo.png\",\"width\":180,\"height\":180,\"caption\":\"Suno Not\u00edcias\"},\"image\":{\"@id\":\"https:\/\/www.suno.com.br\/noticias\/#\/schema\/logo\/image\/\"},\"sameAs\":[\"https:\/\/facebook.com\/sunoresearch\",\"https:\/\/x.com\/sunoresearch\",\"https:\/\/www.instagram.com\/suno\",\"https:\/\/www.linkedin.com\/company\/suno-research\/\",\"https:\/\/www.youtube.com\/c\/sunoresearch\"]},{\"@type\":\"Person\",\"@id\":\"https:\/\/www.suno.com.br\/noticias\/#\/schema\/person\/3f7693d5795a3f6d5ce15309ee785699\",\"name\":\"Renan Dantas\",\"image\":{\"@type\":\"ImageObject\",\"inLanguage\":\"pt-BR\",\"@id\":\"https:\/\/www.suno.com.br\/noticias\/#\/schema\/person\/image\/\",\"url\":\"https:\/\/secure.gravatar.com\/avatar\/1787b83e7484a08e51d62ac8b41c8396?s=96&r=g\",\"contentUrl\":\"https:\/\/secure.gravatar.com\/avatar\/1787b83e7484a08e51d62ac8b41c8396?s=96&r=g\",\"caption\":\"Renan Dantas\"},\"description\":\"Escreve sobre pol\u00edtica e mercado financeiro para o portal Suno Not\u00edcias. Antes, atuou na assessoria de comunica\u00e7\u00e3o do Minist\u00e9rio P\u00fablico do Trabalho e na R\u00e1dio Mackenzie, onde apresentava e produzia um programa sobre artistas da m\u00fasica brasileira. \u00c9 estudante na Universidade Presbiteriana Mackenzie.\",\"url\":\"https:\/\/www.suno.com.br\/noticias\/author\/renan-dantas\/\"}]}<\/script>\n<!-- \/ Yoast SEO plugin. -->","yoast_head_json":{"title":"Natura anuncia compra da Avon; grupo \u00e9 avaliado em US$ 11 bi","description":"A empresa conjunta entre Natura e Avon ser\u00e1 a quarta maior do setor. A compra precisa ainda ser aprovada por reguladores. Clique para saber mais.","robots":{"index":"index","follow":"follow","max-snippet":"max-snippet:-1","max-image-preview":"max-image-preview:large","max-video-preview":"max-video-preview:-1"},"canonical":"https:\/\/www.suno.com.br\/noticias\/natura-anuncia-compra-da-avon-grupo-e-avaliado-em-us-11-bi\/","og_locale":"pt_BR","og_type":"article","og_title":"Natura anuncia compra da Avon; grupo \u00e9 avaliado em US$ 11 bi","og_description":"A empresa conjunta entre Natura e Avon ser\u00e1 a quarta maior do setor. A compra precisa ainda ser aprovada por reguladores. Clique para saber mais.","og_url":"https:\/\/www.suno.com.br\/noticias\/natura-anuncia-compra-da-avon-grupo-e-avaliado-em-us-11-bi\/","og_site_name":"Suno Not\u00edcias","article_publisher":"https:\/\/facebook.com\/sunoresearch","og_image":[{"width":960,"height":639,"url":"https:\/\/files.sunoresearch.com.br\/n\/uploads\/2019\/05\/b31ee061-natura.jpg","type":"image\/jpeg"}],"author":"Renan Dantas","twitter_card":"summary_large_image","twitter_creator":"@sunoresearch","twitter_site":"@sunoresearch","twitter_misc":{"Escrito por":"Renan Dantas","Est. tempo de leitura":"2 minutos"},"schema":{"@context":"https:\/\/schema.org","@graph":[{"@type":"NewsArticle","@id":"https:\/\/www.suno.com.br\/noticias\/natura-anuncia-compra-da-avon-grupo-e-avaliado-em-us-11-bi\/#article","isPartOf":{"@id":"https:\/\/www.suno.com.br\/noticias\/natura-anuncia-compra-da-avon-grupo-e-avaliado-em-us-11-bi\/"},"author":{"name":"Renan Dantas","@id":"https:\/\/www.suno.com.br\/noticias\/#\/schema\/person\/3f7693d5795a3f6d5ce15309ee785699"},"headline":"Natura anuncia compra da Avon; grupo \u00e9 avaliado em US$ 11 bi","datePublished":"2019-05-22T22:28:12+00:00","dateModified":"2019-05-22T23:19:00+00:00","mainEntityOfPage":{"@id":"https:\/\/www.suno.com.br\/noticias\/natura-anuncia-compra-da-avon-grupo-e-avaliado-em-us-11-bi\/"},"wordCount":380,"publisher":{"@id":"https:\/\/www.suno.com.br\/noticias\/#organization"},"image":{"@id":"https:\/\/www.suno.com.br\/noticias\/natura-anuncia-compra-da-avon-grupo-e-avaliado-em-us-11-bi\/#primaryimage"},"thumbnailUrl":"https:\/\/files.sunoresearch.com.br\/n\/uploads\/2019\/05\/b31ee061-natura-jpg.webp","keywords":["Avon","Natura (NTCO3)"],"articleSection":["Neg\u00f3cios"],"inLanguage":"pt-BR"},{"@type":"WebPage","@id":"https:\/\/www.suno.com.br\/noticias\/natura-anuncia-compra-da-avon-grupo-e-avaliado-em-us-11-bi\/","url":"https:\/\/www.suno.com.br\/noticias\/natura-anuncia-compra-da-avon-grupo-e-avaliado-em-us-11-bi\/","name":"Natura anuncia compra da Avon; grupo \u00e9 avaliado em US$ 11 bi","isPartOf":{"@id":"https:\/\/www.suno.com.br\/noticias\/#website"},"primaryImageOfPage":{"@id":"https:\/\/www.suno.com.br\/noticias\/natura-anuncia-compra-da-avon-grupo-e-avaliado-em-us-11-bi\/#primaryimage"},"image":{"@id":"https:\/\/www.suno.com.br\/noticias\/natura-anuncia-compra-da-avon-grupo-e-avaliado-em-us-11-bi\/#primaryimage"},"thumbnailUrl":"https:\/\/files.sunoresearch.com.br\/n\/uploads\/2019\/05\/b31ee061-natura-jpg.webp","datePublished":"2019-05-22T22:28:12+00:00","dateModified":"2019-05-22T23:19:00+00:00","description":"A empresa conjunta entre Natura e Avon ser\u00e1 a quarta maior do setor. A compra precisa ainda ser aprovada por reguladores. Clique para saber mais.","breadcrumb":{"@id":"https:\/\/www.suno.com.br\/noticias\/natura-anuncia-compra-da-avon-grupo-e-avaliado-em-us-11-bi\/#breadcrumb"},"inLanguage":"pt-BR","potentialAction":[{"@type":"ReadAction","target":["https:\/\/www.suno.com.br\/noticias\/natura-anuncia-compra-da-avon-grupo-e-avaliado-em-us-11-bi\/"]}]},{"@type":"ImageObject","inLanguage":"pt-BR","@id":"https:\/\/www.suno.com.br\/noticias\/natura-anuncia-compra-da-avon-grupo-e-avaliado-em-us-11-bi\/#primaryimage","url":"https:\/\/files.sunoresearch.com.br\/n\/uploads\/2019\/05\/b31ee061-natura-jpg.webp","contentUrl":"https:\/\/files.sunoresearch.com.br\/n\/uploads\/2019\/05\/b31ee061-natura-jpg.webp","width":960,"height":639,"caption":"Natura eleva meta de sinergias com Avon para US$ 200 mi a US$ 300 mi"},{"@type":"BreadcrumbList","@id":"https:\/\/www.suno.com.br\/noticias\/natura-anuncia-compra-da-avon-grupo-e-avaliado-em-us-11-bi\/#breadcrumb","itemListElement":[{"@type":"ListItem","position":1,"name":"Not\u00edcias","item":"https:\/\/www.suno.com.br\/noticias\/"},{"@type":"ListItem","position":2,"name":"Neg\u00f3cios","item":"https:\/\/www.suno.com.br\/noticias\/negocios\/"},{"@type":"ListItem","position":3,"name":"Natura anuncia compra da Avon; grupo \u00e9 avaliado em US$ 11 bi"}]},{"@type":"WebSite","@id":"https:\/\/www.suno.com.br\/noticias\/#website","url":"https:\/\/www.suno.com.br\/noticias\/","name":"Suno Not\u00edcias","description":"Seu portal de informa\u00e7\u00e3o sobre o mundo dos investimentos","publisher":{"@id":"https:\/\/www.suno.com.br\/noticias\/#organization"},"potentialAction":[{"@type":"SearchAction","target":{"@type":"EntryPoint","urlTemplate":"https:\/\/www.suno.com.br\/noticias\/?s={search_term_string}"},"query-input":{"@type":"PropertyValueSpecification","valueRequired":true,"valueName":"search_term_string"}}],"inLanguage":"pt-BR"},{"@type":"Organization","@id":"https:\/\/www.suno.com.br\/noticias\/#organization","name":"Suno Not\u00edcias","url":"https:\/\/www.suno.com.br\/noticias\/","logo":{"@type":"ImageObject","inLanguage":"pt-BR","@id":"https:\/\/www.suno.com.br\/noticias\/#\/schema\/logo\/image\/","url":"https:\/\/files.sunoresearch.com.br\/n\/uploads\/2021\/09\/suno-logo.png","contentUrl":"https:\/\/files.sunoresearch.com.br\/n\/uploads\/2021\/09\/suno-logo.png","width":180,"height":180,"caption":"Suno Not\u00edcias"},"image":{"@id":"https:\/\/www.suno.com.br\/noticias\/#\/schema\/logo\/image\/"},"sameAs":["https:\/\/facebook.com\/sunoresearch","https:\/\/x.com\/sunoresearch","https:\/\/www.instagram.com\/suno","https:\/\/www.linkedin.com\/company\/suno-research\/","https:\/\/www.youtube.com\/c\/sunoresearch"]},{"@type":"Person","@id":"https:\/\/www.suno.com.br\/noticias\/#\/schema\/person\/3f7693d5795a3f6d5ce15309ee785699","name":"Renan Dantas","image":{"@type":"ImageObject","inLanguage":"pt-BR","@id":"https:\/\/www.suno.com.br\/noticias\/#\/schema\/person\/image\/","url":"https:\/\/secure.gravatar.com\/avatar\/1787b83e7484a08e51d62ac8b41c8396?s=96&r=g","contentUrl":"https:\/\/secure.gravatar.com\/avatar\/1787b83e7484a08e51d62ac8b41c8396?s=96&r=g","caption":"Renan Dantas"},"description":"Escreve sobre pol\u00edtica e mercado financeiro para o portal Suno Not\u00edcias. Antes, atuou na assessoria de comunica\u00e7\u00e3o do Minist\u00e9rio P\u00fablico do Trabalho e na R\u00e1dio Mackenzie, onde apresentava e produzia um programa sobre artistas da m\u00fasica brasileira. \u00c9 estudante na Universidade Presbiteriana Mackenzie.","url":"https:\/\/www.suno.com.br\/noticias\/author\/renan-dantas\/"}]}},"default_loop_html":"<div class=\"cardsPage__listCard__boxs\"><div class=\"cardsPage__listCard__boxs__img\"><a href=\"https:\/\/www.suno.com.br\/noticias\/natura-anuncia-compra-da-avon-grupo-e-avaliado-em-us-11-bi\/\"><img class=\"mask\" src=\"https:\/\/www.suno.com.br\/noticias\/wp-content\/themes\/suno\/resources\/images\/spotlight\/spotlight1img\/bg-mask.png\" alt=\"Image Mask\"\/><img src=\"https:\/\/files.sunoresearch.com.br\/n\/uploads\/2019\/05\/b31ee061-natura-400x200.webp\" alt=\"Natura anuncia compra da Avon; grupo \u00e9 avaliado em US$ 11 bi\"\/><\/a><span class=\"spotlightCategory\"><a href=\"https:\/\/www.suno.com.br\/noticias\/negocios\/\">Neg\u00f3cios<\/a><\/span><\/div><div class=\"cardsPage__listCard__boxs__content\"><a href=\"https:\/\/www.suno.com.br\/noticias\/natura-anuncia-compra-da-avon-grupo-e-avaliado-em-us-11-bi\/\"><h2 class=\"content__title\">Natura anuncia compra da Avon; grupo \u00e9 avaliado em US$ 11 bi<\/h2><\/a><div class=\"newsContent__article__meta\"><div class=\"newsContent__article__meta__authorBox\"><a href=\"https:\/\/www.suno.com.br\/noticias\/author\/renan-dantas\/\" class=\"authorBox__avatar noMobi\"><img src=\"https:\/\/secure.gravatar.com\/avatar\/1787b83e7484a08e51d62ac8b41c8396?s=96&#038;r=g\" alt=\"Renan Dantas\"><\/a><div class=\"authorBox__name\"><span>por\n\t\t\t<a href=\"https:\/\/www.suno.com.br\/noticias\/author\/renan-dantas\/\"><span itemprop=\"author\">Renan Dantas<\/span><\/a><\/span><time datetime=\"2019-05-22T19:28:12-03:00\" itemprop=\"datePublished\">22\/05\/2019 19:28<\/time><\/div><\/div><\/div><\/div><\/div>","single_layout":"posts","amp_enabled":true,"_links":{"self":[{"href":"https:\/\/www.suno.com.br\/noticias\/wp-json\/wp\/v2\/posts\/25629"}],"collection":[{"href":"https:\/\/www.suno.com.br\/noticias\/wp-json\/wp\/v2\/posts"}],"about":[{"href":"https:\/\/www.suno.com.br\/noticias\/wp-json\/wp\/v2\/types\/post"}],"author":[{"embeddable":true,"href":"https:\/\/www.suno.com.br\/noticias\/wp-json\/wp\/v2\/users\/14"}],"replies":[{"embeddable":true,"href":"https:\/\/www.suno.com.br\/noticias\/wp-json\/wp\/v2\/comments?post=25629"}],"version-history":[{"count":0,"href":"https:\/\/www.suno.com.br\/noticias\/wp-json\/wp\/v2\/posts\/25629\/revisions"}],"wp:featuredmedia":[{"embeddable":true,"href":"https:\/\/www.suno.com.br\/noticias\/wp-json\/wp\/v2\/media\/23089"}],"wp:attachment":[{"href":"https:\/\/www.suno.com.br\/noticias\/wp-json\/wp\/v2\/media?parent=25629"}],"wp:term":[{"taxonomy":"category","embeddable":true,"href":"https:\/\/www.suno.com.br\/noticias\/wp-json\/wp\/v2\/categories?post=25629"},{"taxonomy":"post_tag","embeddable":true,"href":"https:\/\/www.suno.com.br\/noticias\/wp-json\/wp\/v2\/tags?post=25629"},{"taxonomy":"suno_strategy","embeddable":true,"href":"https:\/\/www.suno.com.br\/noticias\/wp-json\/wp\/v2\/suno_strategy?post=25629"}],"curies":[{"name":"wp","href":"https:\/\/api.w.org\/{rel}","templated":true}]}}