{"id":25612,"date":"2019-05-22T17:11:48","date_gmt":"2019-05-22T20:11:48","guid":{"rendered":"https:\/\/www.suno.com.br\/noticias\/?p=25612"},"modified":"2019-05-22T17:19:46","modified_gmt":"2019-05-22T20:19:46","slug":"pib-governo-diminui-previsao","status":"publish","type":"post","link":"https:\/\/www.suno.com.br\/noticias\/pib-governo-diminui-previsao\/","title":{"rendered":"PIB: Governo diminui previs\u00e3o de 2,2% para 1,6% em 2019"},"content":{"rendered":"<p>O governo reduziu as previs\u00f5es para o <a href=\"https:\/\/www.suno.com.br\/artigos\/pib-produto-interno-bruto\/\">Produto Interno Bruto (PIB)<\/a> de 2019. A nova expectativa \u00e9 que a economia cres\u00e7a 1,6%, ante os 2,2% estabelecidos no ano passado. A revis\u00e3o foi divulgado nesta quarta-feira (22) pelo Minist\u00e9rio da Economia durante a apresenta\u00e7\u00e3o do relat\u00f3rio bimestral de avalia\u00e7\u00e3o de receitas e despesas.<\/p>\t<div class=\"wrapper-featured-image\">\n\t\t<figure class=\"spotlightImg\">\n\n\t\t\t<picture>\n\t\t\t\t<source media=\"(max-width: 768px)\" srcset=\"https:\/\/files.sunoresearch.com.br\/n\/uploads\/2018\/11\/bee2ba4a-pib-400x200.webp\">\n\t\t\t\t<img loading=\"lazy\" decoding=\"async\" class=\"newsContent__article__imgCapa lazyloadDisabled newsContent__article__imgCapa--noCaption\" src=\"https:\/\/files.sunoresearch.com.br\/n\/uploads\/2018\/11\/bee2ba4a-pib-800x450.webp\" width=\"800\" height=\"450\" alt=\"PIB: Governo diminui previs\u00e3o de 2,2% para 1,6% em 2019\" fetchpriority=high \/>\n\t\t\t<\/picture>\n\n\t\t\t<figcaption class=\"wp-caption-text wp-caption-text--hide\">Moedas de 10 centavos e 25 centavos. (foto: divulga\u00e7\u00e3o)<\/figcaption>\n\t\t<\/figure>\n\t<\/div>\n\n\n<p>A proje\u00e7\u00e3o oficial do <strong>PIB<\/strong> \u00e9 utilizado pelo <strong>governo<\/strong> como base para estipular o or\u00e7amento e os gastos p\u00fablicos. Com a redu\u00e7\u00e3o das estimativas, o PIB nominal caiu em 2019 de R$ 7,311 trilh\u00f5es para R$ 7,249 trilh\u00f5es.\u00a0&#8220;Claramente esse valor tem impactos sobre o <strong>or\u00e7amento<\/strong>, em particular, a queda na estimativa do PIB sensibiliza o valor que estimamos como <strong>receita<\/strong>&#8220;, afirmou o secret\u00e1rio especial de Fazenda, Waldery Rodrigues.<\/p>\n<p><a href=\"https:\/\/www.suno.com.br\/noticias\/ocde-reduz-projecao-pib-brasil\/\">Saiba mais:\u00a0OCDE reduz proje\u00e7\u00e3o do PIB do Brasil para 1,4%; cen\u00e1rio global tamb\u00e9m piora<\/a><\/p>\n<p>As estimativas para a infla\u00e7\u00e3o tamb\u00e9m subiram. O valor do <strong>\u00cdndice Nacional de Pre\u00e7os ao Consumidor Amplo (IPCA)<\/strong> passou de 3,8% para 4,1%. A proje\u00e7\u00e3o para o\u00a0<strong>\u00cdndice Nacional de Pre\u00e7os ao Consumidor (INPC)<\/strong> saiu de 4,2% para 4,8%. Por outro lado, a taxa <strong>Selic<\/strong> m\u00e9dia continuou em 6,5% e a proje\u00e7\u00e3o da taxa de c\u00e2mbio m\u00e9dia passou de R$ 3,7 para R$ 3,8.<\/p>\n\t<p>\n\t\t<a href=\"https:\/\/www.seculus.com.br\/blackfriday\" target=\"_blank\" data-element=\"shortcode-suno-banner\" title=\"Banner SUNO, clique e saiba mais\">\n\t\t\t<picture>\n\t\t\t\t<source media=\"(max-width: 500px)\" srcset=\"https:\/\/files.sunoresearch.com.br\/n\/uploads\/2023\/11\/seculus_suno_mobile_2.jpg\">\n\t\t\t\t<img class=\"newsContent__article__imgCapa newsContent__article__imgCapa--banner\"\n\t\t\t\t\tsrc=\"https:\/\/files.sunoresearch.com.br\/n\/uploads\/2023\/11\/seculus_suno_desktop_2.jpg\"\n\t\t\t\t\tdata-promo-id=\"474123\"\t\t\t\t\t\t\t\t\t\twidth='1420' height='240'\t\t\t\t\talt=\"https:\/\/files.sunoresearch.com.br\/n\/uploads\/2023\/11\/seculus_suno_desktop_2.jpg\"\n\t\t\t\t>\n\t\t\t<\/picture>\n\t\t<\/a>\n\t<\/p>\n\n\n<p>De acordo com o <strong>governo<\/strong>, as estimativas para a infla\u00e7\u00e3o subiram por conta de uma varia\u00e7\u00e3o verificada em fevereiro e mar\u00e7o deste ano. Mesmo com alta do <strong>IPCA<\/strong>, o <strong>Minist\u00e9rio da Economia<\/strong> informou que o indicador est\u00e1\u00a0\u201cdentro do intervalo de toler\u00e2ncia e abaixo da meta de infla\u00e7\u00e3o, fixada em 4,25% para 2019\u201d.<\/p>\n<h2>Cortes no or\u00e7amento<\/h2>\n<p>Devido o baixo crescimento, o <strong>governo<\/strong> precisou revisar os gastos e fazer contingenciamentos. A Uni\u00e3o verificou um buraco de R$ 2,18 bilh\u00f5es no <strong>or\u00e7amento federal<\/strong>. Dessa forma, para garantir o cumprimento da meta fiscal (estabelecida em um d\u00e9ficit de R$ 139 bilh\u00f5es) precisou utilizar R$ 2,17 bilh\u00f5es de sua reserva, dinheiro que n\u00e3o tem destina\u00e7\u00e3o espec\u00edfica.<\/p>\n<p><a href=\"https:\/\/www.suno.com.br\/noticias\/pib-agronegocio-cresce-fevereiro\/\">Saiba mais:\u00a0PIB do agroneg\u00f3cio cresce 0,07% em fevereiro, mas acumula queda no ano<\/a><\/p>\n<p>Essa reserva or\u00e7ament\u00e1ria possu\u00eda, inicialmente, R$ 5,3 bilh\u00f5es. Por\u00e9m, foi reduzida em outros R$ 1,587 bilh\u00e3o para compor o limite or\u00e7ament\u00e1rio do <strong>Minist\u00e9rio da Educa\u00e7\u00e3o<\/strong>. Assim, a reserva teve seus valores diminu\u00eddos para R$ 1,56 bilh\u00e3o.<\/p>\n<h2>Boletim Focus<\/h2>\n<p>Na \u00faltima segunda-feira,\u00a0economistas entrevistados pelo <strong>Banco Central<\/strong> (BC) no\u00a0<a href=\"https:\/\/www.suno.com.br\/artigos\/relatorio-focus\/\">Boletim Focus<\/a>\u00a0reduziram pela 12\u00aa vez a previs\u00e3o de crescimento do <strong>PIB<\/strong>\u00a0em 2019, com uma previs\u00e3o de 1,24%.<\/p>\n","protected":false},"excerpt":{"rendered":"<p>O governo reduziu as previs\u00f5es para o Produto Interno Bruto (PIB) de 2019. A nova expectativa \u00e9 que a economia cres\u00e7a 1,6%, ante os 2,2% estabelecidos no ano passado. A revis\u00e3o foi divulgado nesta quarta-feira (22) pelo Minist\u00e9rio da Economia durante a apresenta\u00e7\u00e3o do relat\u00f3rio bimestral de avalia\u00e7\u00e3o de receitas e despesas. Moedas de 10 [&hellip;]<\/p>\n","protected":false},"author":14,"featured_media":6191,"comment_status":"closed","ping_status":"closed","sticky":false,"template":"","format":"standard","meta":[],"categories":[62],"tags":[966,909,807,290],"suno_strategy":[],"class_list":["post-25612","post","type-post","status-publish","format-standard","has-post-thumbnail","hentry","category-economia","tag-ipca","tag-ministerio-da-economia","tag-produto-interno-bruto-pib","tag-taxa-selic"],"yoast_head":"<!-- This site is optimized with the Yoast SEO plugin v24.4 - https:\/\/yoast.com\/wordpress\/plugins\/seo\/ -->\n<title>PIB: Governo diminui previs\u00e3o de 2,2% para 1,6% em 2019<\/title>\n<meta name=\"description\" content=\"A proje\u00e7\u00e3o oficial do PIB \u00e9 utilizado pelo governo como base para estipular o or\u00e7amento e os gastos p\u00fablicos. Clique aqui para saber mais.\" \/>\n<meta name=\"robots\" content=\"index, follow, max-snippet:-1, max-image-preview:large, max-video-preview:-1\" \/>\n<link rel=\"canonical\" href=\"https:\/\/www.suno.com.br\/noticias\/pib-governo-diminui-previsao\/\" \/>\n<meta property=\"og:locale\" content=\"pt_BR\" \/>\n<meta property=\"og:type\" content=\"article\" \/>\n<meta property=\"og:title\" content=\"PIB: Governo diminui previs\u00e3o de 2,2% para 1,6% em 2019\" \/>\n<meta property=\"og:description\" content=\"A proje\u00e7\u00e3o oficial do PIB \u00e9 utilizado pelo governo como base para estipular o or\u00e7amento e os gastos p\u00fablicos. Clique aqui para saber mais.\" \/>\n<meta property=\"og:url\" content=\"https:\/\/www.suno.com.br\/noticias\/pib-governo-diminui-previsao\/\" \/>\n<meta property=\"og:site_name\" content=\"Suno Not\u00edcias\" \/>\n<meta property=\"article:publisher\" content=\"https:\/\/facebook.com\/sunoresearch\" \/>\n<meta property=\"og:image\" content=\"https:\/\/files.sunoresearch.com.br\/n\/uploads\/2018\/11\/bee2ba4a-pib.jpg\" \/>\n\t<meta property=\"og:image:width\" content=\"1920\" \/>\n\t<meta property=\"og:image:height\" content=\"1440\" \/>\n\t<meta property=\"og:image:type\" content=\"image\/jpeg\" \/>\n<meta name=\"author\" content=\"Renan Dantas\" \/>\n<meta name=\"twitter:card\" content=\"summary_large_image\" \/>\n<meta name=\"twitter:creator\" content=\"@sunoresearch\" \/>\n<meta name=\"twitter:site\" content=\"@sunoresearch\" \/>\n<meta name=\"twitter:label1\" content=\"Escrito por\" \/>\n\t<meta name=\"twitter:data1\" content=\"Renan Dantas\" \/>\n\t<meta name=\"twitter:label2\" content=\"Est. tempo de leitura\" \/>\n\t<meta name=\"twitter:data2\" content=\"2 minutos\" \/>\n<script type=\"application\/ld+json\" class=\"yoast-schema-graph\">{\"@context\":\"https:\/\/schema.org\",\"@graph\":[{\"@type\":\"NewsArticle\",\"@id\":\"https:\/\/www.suno.com.br\/noticias\/pib-governo-diminui-previsao\/#article\",\"isPartOf\":{\"@id\":\"https:\/\/www.suno.com.br\/noticias\/pib-governo-diminui-previsao\/\"},\"author\":{\"name\":\"Renan Dantas\",\"@id\":\"https:\/\/www.suno.com.br\/noticias\/#\/schema\/person\/3f7693d5795a3f6d5ce15309ee785699\"},\"headline\":\"PIB: Governo diminui previs\u00e3o de 2,2% para 1,6% em 2019\",\"datePublished\":\"2019-05-22T20:11:48+00:00\",\"dateModified\":\"2019-05-22T20:19:46+00:00\",\"mainEntityOfPage\":{\"@id\":\"https:\/\/www.suno.com.br\/noticias\/pib-governo-diminui-previsao\/\"},\"wordCount\":433,\"publisher\":{\"@id\":\"https:\/\/www.suno.com.br\/noticias\/#organization\"},\"image\":{\"@id\":\"https:\/\/www.suno.com.br\/noticias\/pib-governo-diminui-previsao\/#primaryimage\"},\"thumbnailUrl\":\"https:\/\/files.sunoresearch.com.br\/n\/uploads\/2018\/11\/bee2ba4a-pib-jpg.webp\",\"keywords\":[\"IPCA\",\"Minist\u00e9rio da Economia\",\"Produto Interno Bruto (PIB)\",\"Taxa Selic\"],\"articleSection\":[\"Economia\"],\"inLanguage\":\"pt-BR\"},{\"@type\":\"WebPage\",\"@id\":\"https:\/\/www.suno.com.br\/noticias\/pib-governo-diminui-previsao\/\",\"url\":\"https:\/\/www.suno.com.br\/noticias\/pib-governo-diminui-previsao\/\",\"name\":\"PIB: Governo diminui previs\u00e3o de 2,2% para 1,6% em 2019\",\"isPartOf\":{\"@id\":\"https:\/\/www.suno.com.br\/noticias\/#website\"},\"primaryImageOfPage\":{\"@id\":\"https:\/\/www.suno.com.br\/noticias\/pib-governo-diminui-previsao\/#primaryimage\"},\"image\":{\"@id\":\"https:\/\/www.suno.com.br\/noticias\/pib-governo-diminui-previsao\/#primaryimage\"},\"thumbnailUrl\":\"https:\/\/files.sunoresearch.com.br\/n\/uploads\/2018\/11\/bee2ba4a-pib-jpg.webp\",\"datePublished\":\"2019-05-22T20:11:48+00:00\",\"dateModified\":\"2019-05-22T20:19:46+00:00\",\"description\":\"A proje\u00e7\u00e3o oficial do PIB \u00e9 utilizado pelo governo como base para estipular o or\u00e7amento e os gastos p\u00fablicos. Clique aqui para saber mais.\",\"breadcrumb\":{\"@id\":\"https:\/\/www.suno.com.br\/noticias\/pib-governo-diminui-previsao\/#breadcrumb\"},\"inLanguage\":\"pt-BR\",\"potentialAction\":[{\"@type\":\"ReadAction\",\"target\":[\"https:\/\/www.suno.com.br\/noticias\/pib-governo-diminui-previsao\/\"]}]},{\"@type\":\"ImageObject\",\"inLanguage\":\"pt-BR\",\"@id\":\"https:\/\/www.suno.com.br\/noticias\/pib-governo-diminui-previsao\/#primaryimage\",\"url\":\"https:\/\/files.sunoresearch.com.br\/n\/uploads\/2018\/11\/bee2ba4a-pib-jpg.webp\",\"contentUrl\":\"https:\/\/files.sunoresearch.com.br\/n\/uploads\/2018\/11\/bee2ba4a-pib-jpg.webp\",\"width\":1920,\"height\":1440,\"caption\":\"Moedas de 10 centavos e 25 centavos. (foto: divulga\u00e7\u00e3o)\"},{\"@type\":\"BreadcrumbList\",\"@id\":\"https:\/\/www.suno.com.br\/noticias\/pib-governo-diminui-previsao\/#breadcrumb\",\"itemListElement\":[{\"@type\":\"ListItem\",\"position\":1,\"name\":\"Not\u00edcias\",\"item\":\"https:\/\/www.suno.com.br\/noticias\/\"},{\"@type\":\"ListItem\",\"position\":2,\"name\":\"Economia\",\"item\":\"https:\/\/www.suno.com.br\/noticias\/economia\/\"},{\"@type\":\"ListItem\",\"position\":3,\"name\":\"PIB: Governo diminui previs\u00e3o de 2,2% para 1,6% em 2019\"}]},{\"@type\":\"WebSite\",\"@id\":\"https:\/\/www.suno.com.br\/noticias\/#website\",\"url\":\"https:\/\/www.suno.com.br\/noticias\/\",\"name\":\"Suno Not\u00edcias\",\"description\":\"Seu portal de informa\u00e7\u00e3o sobre o mundo dos investimentos\",\"publisher\":{\"@id\":\"https:\/\/www.suno.com.br\/noticias\/#organization\"},\"potentialAction\":[{\"@type\":\"SearchAction\",\"target\":{\"@type\":\"EntryPoint\",\"urlTemplate\":\"https:\/\/www.suno.com.br\/noticias\/?s={search_term_string}\"},\"query-input\":{\"@type\":\"PropertyValueSpecification\",\"valueRequired\":true,\"valueName\":\"search_term_string\"}}],\"inLanguage\":\"pt-BR\"},{\"@type\":\"Organization\",\"@id\":\"https:\/\/www.suno.com.br\/noticias\/#organization\",\"name\":\"Suno Not\u00edcias\",\"url\":\"https:\/\/www.suno.com.br\/noticias\/\",\"logo\":{\"@type\":\"ImageObject\",\"inLanguage\":\"pt-BR\",\"@id\":\"https:\/\/www.suno.com.br\/noticias\/#\/schema\/logo\/image\/\",\"url\":\"https:\/\/files.sunoresearch.com.br\/n\/uploads\/2021\/09\/suno-logo.png\",\"contentUrl\":\"https:\/\/files.sunoresearch.com.br\/n\/uploads\/2021\/09\/suno-logo.png\",\"width\":180,\"height\":180,\"caption\":\"Suno Not\u00edcias\"},\"image\":{\"@id\":\"https:\/\/www.suno.com.br\/noticias\/#\/schema\/logo\/image\/\"},\"sameAs\":[\"https:\/\/facebook.com\/sunoresearch\",\"https:\/\/x.com\/sunoresearch\",\"https:\/\/www.instagram.com\/suno\",\"https:\/\/www.linkedin.com\/company\/suno-research\/\",\"https:\/\/www.youtube.com\/c\/sunoresearch\"]},{\"@type\":\"Person\",\"@id\":\"https:\/\/www.suno.com.br\/noticias\/#\/schema\/person\/3f7693d5795a3f6d5ce15309ee785699\",\"name\":\"Renan Dantas\",\"image\":{\"@type\":\"ImageObject\",\"inLanguage\":\"pt-BR\",\"@id\":\"https:\/\/www.suno.com.br\/noticias\/#\/schema\/person\/image\/\",\"url\":\"https:\/\/secure.gravatar.com\/avatar\/1787b83e7484a08e51d62ac8b41c8396?s=96&r=g\",\"contentUrl\":\"https:\/\/secure.gravatar.com\/avatar\/1787b83e7484a08e51d62ac8b41c8396?s=96&r=g\",\"caption\":\"Renan Dantas\"},\"description\":\"Escreve sobre pol\u00edtica e mercado financeiro para o portal Suno Not\u00edcias. Antes, atuou na assessoria de comunica\u00e7\u00e3o do Minist\u00e9rio P\u00fablico do Trabalho e na R\u00e1dio Mackenzie, onde apresentava e produzia um programa sobre artistas da m\u00fasica brasileira. \u00c9 estudante na Universidade Presbiteriana Mackenzie.\",\"url\":\"https:\/\/www.suno.com.br\/noticias\/author\/renan-dantas\/\"}]}<\/script>\n<!-- \/ Yoast SEO plugin. -->","yoast_head_json":{"title":"PIB: Governo diminui previs\u00e3o de 2,2% para 1,6% em 2019","description":"A proje\u00e7\u00e3o oficial do PIB \u00e9 utilizado pelo governo como base para estipular o or\u00e7amento e os gastos p\u00fablicos. Clique aqui para saber mais.","robots":{"index":"index","follow":"follow","max-snippet":"max-snippet:-1","max-image-preview":"max-image-preview:large","max-video-preview":"max-video-preview:-1"},"canonical":"https:\/\/www.suno.com.br\/noticias\/pib-governo-diminui-previsao\/","og_locale":"pt_BR","og_type":"article","og_title":"PIB: Governo diminui previs\u00e3o de 2,2% para 1,6% em 2019","og_description":"A proje\u00e7\u00e3o oficial do PIB \u00e9 utilizado pelo governo como base para estipular o or\u00e7amento e os gastos p\u00fablicos. Clique aqui para saber mais.","og_url":"https:\/\/www.suno.com.br\/noticias\/pib-governo-diminui-previsao\/","og_site_name":"Suno Not\u00edcias","article_publisher":"https:\/\/facebook.com\/sunoresearch","og_image":[{"width":1920,"height":1440,"url":"https:\/\/files.sunoresearch.com.br\/n\/uploads\/2018\/11\/bee2ba4a-pib.jpg","type":"image\/jpeg"}],"author":"Renan Dantas","twitter_card":"summary_large_image","twitter_creator":"@sunoresearch","twitter_site":"@sunoresearch","twitter_misc":{"Escrito por":"Renan Dantas","Est. tempo de leitura":"2 minutos"},"schema":{"@context":"https:\/\/schema.org","@graph":[{"@type":"NewsArticle","@id":"https:\/\/www.suno.com.br\/noticias\/pib-governo-diminui-previsao\/#article","isPartOf":{"@id":"https:\/\/www.suno.com.br\/noticias\/pib-governo-diminui-previsao\/"},"author":{"name":"Renan Dantas","@id":"https:\/\/www.suno.com.br\/noticias\/#\/schema\/person\/3f7693d5795a3f6d5ce15309ee785699"},"headline":"PIB: Governo diminui previs\u00e3o de 2,2% para 1,6% em 2019","datePublished":"2019-05-22T20:11:48+00:00","dateModified":"2019-05-22T20:19:46+00:00","mainEntityOfPage":{"@id":"https:\/\/www.suno.com.br\/noticias\/pib-governo-diminui-previsao\/"},"wordCount":433,"publisher":{"@id":"https:\/\/www.suno.com.br\/noticias\/#organization"},"image":{"@id":"https:\/\/www.suno.com.br\/noticias\/pib-governo-diminui-previsao\/#primaryimage"},"thumbnailUrl":"https:\/\/files.sunoresearch.com.br\/n\/uploads\/2018\/11\/bee2ba4a-pib-jpg.webp","keywords":["IPCA","Minist\u00e9rio da Economia","Produto Interno Bruto (PIB)","Taxa Selic"],"articleSection":["Economia"],"inLanguage":"pt-BR"},{"@type":"WebPage","@id":"https:\/\/www.suno.com.br\/noticias\/pib-governo-diminui-previsao\/","url":"https:\/\/www.suno.com.br\/noticias\/pib-governo-diminui-previsao\/","name":"PIB: Governo diminui previs\u00e3o de 2,2% para 1,6% em 2019","isPartOf":{"@id":"https:\/\/www.suno.com.br\/noticias\/#website"},"primaryImageOfPage":{"@id":"https:\/\/www.suno.com.br\/noticias\/pib-governo-diminui-previsao\/#primaryimage"},"image":{"@id":"https:\/\/www.suno.com.br\/noticias\/pib-governo-diminui-previsao\/#primaryimage"},"thumbnailUrl":"https:\/\/files.sunoresearch.com.br\/n\/uploads\/2018\/11\/bee2ba4a-pib-jpg.webp","datePublished":"2019-05-22T20:11:48+00:00","dateModified":"2019-05-22T20:19:46+00:00","description":"A proje\u00e7\u00e3o oficial do PIB \u00e9 utilizado pelo governo como base para estipular o or\u00e7amento e os gastos p\u00fablicos. Clique aqui para saber mais.","breadcrumb":{"@id":"https:\/\/www.suno.com.br\/noticias\/pib-governo-diminui-previsao\/#breadcrumb"},"inLanguage":"pt-BR","potentialAction":[{"@type":"ReadAction","target":["https:\/\/www.suno.com.br\/noticias\/pib-governo-diminui-previsao\/"]}]},{"@type":"ImageObject","inLanguage":"pt-BR","@id":"https:\/\/www.suno.com.br\/noticias\/pib-governo-diminui-previsao\/#primaryimage","url":"https:\/\/files.sunoresearch.com.br\/n\/uploads\/2018\/11\/bee2ba4a-pib-jpg.webp","contentUrl":"https:\/\/files.sunoresearch.com.br\/n\/uploads\/2018\/11\/bee2ba4a-pib-jpg.webp","width":1920,"height":1440,"caption":"Moedas de 10 centavos e 25 centavos. (foto: divulga\u00e7\u00e3o)"},{"@type":"BreadcrumbList","@id":"https:\/\/www.suno.com.br\/noticias\/pib-governo-diminui-previsao\/#breadcrumb","itemListElement":[{"@type":"ListItem","position":1,"name":"Not\u00edcias","item":"https:\/\/www.suno.com.br\/noticias\/"},{"@type":"ListItem","position":2,"name":"Economia","item":"https:\/\/www.suno.com.br\/noticias\/economia\/"},{"@type":"ListItem","position":3,"name":"PIB: Governo diminui previs\u00e3o de 2,2% para 1,6% em 2019"}]},{"@type":"WebSite","@id":"https:\/\/www.suno.com.br\/noticias\/#website","url":"https:\/\/www.suno.com.br\/noticias\/","name":"Suno Not\u00edcias","description":"Seu portal de informa\u00e7\u00e3o sobre o mundo dos investimentos","publisher":{"@id":"https:\/\/www.suno.com.br\/noticias\/#organization"},"potentialAction":[{"@type":"SearchAction","target":{"@type":"EntryPoint","urlTemplate":"https:\/\/www.suno.com.br\/noticias\/?s={search_term_string}"},"query-input":{"@type":"PropertyValueSpecification","valueRequired":true,"valueName":"search_term_string"}}],"inLanguage":"pt-BR"},{"@type":"Organization","@id":"https:\/\/www.suno.com.br\/noticias\/#organization","name":"Suno Not\u00edcias","url":"https:\/\/www.suno.com.br\/noticias\/","logo":{"@type":"ImageObject","inLanguage":"pt-BR","@id":"https:\/\/www.suno.com.br\/noticias\/#\/schema\/logo\/image\/","url":"https:\/\/files.sunoresearch.com.br\/n\/uploads\/2021\/09\/suno-logo.png","contentUrl":"https:\/\/files.sunoresearch.com.br\/n\/uploads\/2021\/09\/suno-logo.png","width":180,"height":180,"caption":"Suno Not\u00edcias"},"image":{"@id":"https:\/\/www.suno.com.br\/noticias\/#\/schema\/logo\/image\/"},"sameAs":["https:\/\/facebook.com\/sunoresearch","https:\/\/x.com\/sunoresearch","https:\/\/www.instagram.com\/suno","https:\/\/www.linkedin.com\/company\/suno-research\/","https:\/\/www.youtube.com\/c\/sunoresearch"]},{"@type":"Person","@id":"https:\/\/www.suno.com.br\/noticias\/#\/schema\/person\/3f7693d5795a3f6d5ce15309ee785699","name":"Renan Dantas","image":{"@type":"ImageObject","inLanguage":"pt-BR","@id":"https:\/\/www.suno.com.br\/noticias\/#\/schema\/person\/image\/","url":"https:\/\/secure.gravatar.com\/avatar\/1787b83e7484a08e51d62ac8b41c8396?s=96&r=g","contentUrl":"https:\/\/secure.gravatar.com\/avatar\/1787b83e7484a08e51d62ac8b41c8396?s=96&r=g","caption":"Renan Dantas"},"description":"Escreve sobre pol\u00edtica e mercado financeiro para o portal Suno Not\u00edcias. Antes, atuou na assessoria de comunica\u00e7\u00e3o do Minist\u00e9rio P\u00fablico do Trabalho e na R\u00e1dio Mackenzie, onde apresentava e produzia um programa sobre artistas da m\u00fasica brasileira. \u00c9 estudante na Universidade Presbiteriana Mackenzie.","url":"https:\/\/www.suno.com.br\/noticias\/author\/renan-dantas\/"}]}},"default_loop_html":"<div class=\"cardsPage__listCard__boxs\"><div class=\"cardsPage__listCard__boxs__img\"><a href=\"https:\/\/www.suno.com.br\/noticias\/pib-governo-diminui-previsao\/\"><img class=\"mask\" src=\"https:\/\/www.suno.com.br\/noticias\/wp-content\/themes\/suno\/resources\/images\/spotlight\/spotlight1img\/bg-mask.png\" alt=\"Image Mask\"\/><img src=\"https:\/\/files.sunoresearch.com.br\/n\/uploads\/2018\/11\/bee2ba4a-pib-400x200.webp\" alt=\"PIB: Governo diminui previs\u00e3o de 2,2% para 1,6% em 2019\"\/><\/a><span class=\"spotlightCategory\"><a href=\"https:\/\/www.suno.com.br\/noticias\/economia\/\">Economia<\/a><\/span><\/div><div class=\"cardsPage__listCard__boxs__content\"><a href=\"https:\/\/www.suno.com.br\/noticias\/pib-governo-diminui-previsao\/\"><h2 class=\"content__title\">PIB: Governo diminui previs\u00e3o de 2,2% para 1,6% em 2019<\/h2><\/a><div class=\"newsContent__article__meta\"><div class=\"newsContent__article__meta__authorBox\"><a href=\"https:\/\/www.suno.com.br\/noticias\/author\/renan-dantas\/\" class=\"authorBox__avatar noMobi\"><img src=\"https:\/\/secure.gravatar.com\/avatar\/1787b83e7484a08e51d62ac8b41c8396?s=96&#038;r=g\" alt=\"Renan Dantas\"><\/a><div class=\"authorBox__name\"><span>por\n\t\t\t<a href=\"https:\/\/www.suno.com.br\/noticias\/author\/renan-dantas\/\"><span itemprop=\"author\">Renan Dantas<\/span><\/a><\/span><time datetime=\"2019-05-22T17:11:48-03:00\" itemprop=\"datePublished\">22\/05\/2019 17:11<\/time><\/div><\/div><\/div><\/div><\/div>","single_layout":"posts","amp_enabled":true,"_links":{"self":[{"href":"https:\/\/www.suno.com.br\/noticias\/wp-json\/wp\/v2\/posts\/25612"}],"collection":[{"href":"https:\/\/www.suno.com.br\/noticias\/wp-json\/wp\/v2\/posts"}],"about":[{"href":"https:\/\/www.suno.com.br\/noticias\/wp-json\/wp\/v2\/types\/post"}],"author":[{"embeddable":true,"href":"https:\/\/www.suno.com.br\/noticias\/wp-json\/wp\/v2\/users\/14"}],"replies":[{"embeddable":true,"href":"https:\/\/www.suno.com.br\/noticias\/wp-json\/wp\/v2\/comments?post=25612"}],"version-history":[{"count":0,"href":"https:\/\/www.suno.com.br\/noticias\/wp-json\/wp\/v2\/posts\/25612\/revisions"}],"wp:featuredmedia":[{"embeddable":true,"href":"https:\/\/www.suno.com.br\/noticias\/wp-json\/wp\/v2\/media\/6191"}],"wp:attachment":[{"href":"https:\/\/www.suno.com.br\/noticias\/wp-json\/wp\/v2\/media?parent=25612"}],"wp:term":[{"taxonomy":"category","embeddable":true,"href":"https:\/\/www.suno.com.br\/noticias\/wp-json\/wp\/v2\/categories?post=25612"},{"taxonomy":"post_tag","embeddable":true,"href":"https:\/\/www.suno.com.br\/noticias\/wp-json\/wp\/v2\/tags?post=25612"},{"taxonomy":"suno_strategy","embeddable":true,"href":"https:\/\/www.suno.com.br\/noticias\/wp-json\/wp\/v2\/suno_strategy?post=25612"}],"curies":[{"name":"wp","href":"https:\/\/api.w.org\/{rel}","templated":true}]}}