{"id":256085,"date":"2022-05-04T14:42:09","date_gmt":"2022-05-04T17:42:09","guid":{"rendered":"https:\/\/www.suno.com.br\/noticias\/?p=256085"},"modified":"2022-05-04T14:42:09","modified_gmt":"2022-05-04T17:42:09","slug":"porto-pssa3-programa-remuneracao-acoes-para-funcionarios","status":"publish","type":"post","link":"https:\/\/www.suno.com.br\/noticias\/porto-pssa3-programa-remuneracao-acoes-para-funcionarios\/","title":{"rendered":"Porto (PSSA3) cria programa de remunera\u00e7\u00e3o via a\u00e7\u00f5es para funcion\u00e1rios"},"content":{"rendered":"<p>A <strong>Porto<\/strong> (PSSA3), ex-Porto Seguro, anunciou nesta quarta-feira (4) que vai permitir que todos os funcion\u00e1rios se tornem s\u00f3cios da empresa, por meio de um novo <strong>programa de remunera\u00e7\u00e3o<\/strong> por a\u00e7\u00f5es.<\/p>\t<div class=\"wrapper-featured-image\">\n\t\t<figure class=\"spotlightImg\">\n\n\t\t\t<picture>\n\t\t\t\t<source media=\"(max-width: 768px)\" srcset=\"https:\/\/files.sunoresearch.com.br\/n\/uploads\/2021\/06\/67529585-58805549_2539019549443920_947245068513705984_n-1-e1624659445621-400x200.webp\">\n\t\t\t\t<img loading=\"lazy\" decoding=\"async\" class=\"newsContent__article__imgCapa lazyloadDisabled \" src=\"https:\/\/files.sunoresearch.com.br\/n\/uploads\/2021\/06\/67529585-58805549_2539019549443920_947245068513705984_n-1-e1624659445621-800x450.webp\" width=\"800\" height=\"450\" alt=\"Porto (PSSA3) cria programa de remunera\u00e7\u00e3o via a\u00e7\u00f5es para funcion\u00e1rios\" fetchpriority=high \/>\n\t\t\t<\/picture>\n\n\t\t\t<figcaption class=\"wp-caption-text wp-caption-text--show\">Porto Seguro (PSSA3). Foto: Reprodu\u00e7\u00e3o Facebook<\/figcaption>\n\t\t<\/figure>\n\t<\/div>\n\n\n\t<p>\n\t\t<a href=\"\" target=\"_blank\" data-element=\"shortcode-suno-banner\" title=\"Banner SUNO, clique e saiba mais\">\n\t\t\t<picture>\n\t\t\t\t<source media=\"(max-width: 500px)\" srcset=\"\">\n\t\t\t\t<img class=\"newsContent__article__imgCapa newsContent__article__imgCapa--banner\"\n\t\t\t\t\tsrc=\"\"\n\t\t\t\t\tdata-promo-id=\"138420\"\t\t\t\t\t\t\t\t\t\t\t\t\t\t\talt=\"\"\n\t\t\t\t>\n\t\t\t<\/picture>\n\t\t<\/a>\n\t<\/p>\n\n\n<p>De acordo com a companhia, o &#8220;<strong>Porto em A\u00e7\u00e3o<\/strong>&#8221; ser\u00e1 parte da <a class=\"suno-keyword\" href=\"https:\/\/www.suno.com.br\/artigos\/participacao-nos-lucros\/\" target=\"_blank\" rel=\"noopener\" data-force=\"no\" data-priority=\"1\">participa\u00e7\u00e3o nos lucros<\/a> resultados (PLR) da empresa.<\/p>\n<p>A Porto afirma que o programa far\u00e1 parte da PLR entre 2022 e 2025, com as atuais recompensas da participa\u00e7\u00e3o nos resultados mantidas. Agora, todos os 13 mil funcion\u00e1rios da empresa ter\u00e3o direito \u00e0 transfer\u00eancia direta de a\u00e7\u00f5es. A novidade \u00e9 uma maneira de a empresa de fortalecer a reten\u00e7\u00e3o de colaboradores.<\/p>\n<p>Com a mudan\u00e7a estrutural da holding, o\u00a0c\u00e1lculo do programa ter\u00e1 como base o resultado ponderado de duas metas da empresa: o aumento no n\u00famero de clientes e o crescimento do n\u00famero de neg\u00f3cios.<\/p>\n\t<p>\n\t\t<a href=\"https:\/\/lp.suno.com.br\/planilha-controle-gastos\/\" target=\"_blank\" data-element=\"shortcode-suno-banner\" title=\"Banner SUNO, clique e saiba mais\">\n\t\t\t<picture>\n\t\t\t\t<source media=\"(max-width: 500px)\" srcset=\"https:\/\/files.sunoresearch.com.br\/n\/uploads\/2023\/03\/400x300-Planilha-controle-de-gastos.png\">\n\t\t\t\t<img class=\"newsContent__article__imgCapa newsContent__article__imgCapa--banner\"\n\t\t\t\t\tsrc=\"https:\/\/files.sunoresearch.com.br\/n\/uploads\/2023\/03\/1420x240-Planilha-controle-de-gastos.png\"\n\t\t\t\t\tdata-promo-id=\"101751\"\t\t\t\t\t\t\t\t\t\twidth='1420' height='240'\t\t\t\t\talt=\"https:\/\/files.sunoresearch.com.br\/n\/uploads\/2023\/03\/1420x240-Planilha-controle-de-gastos.png\"\n\t\t\t\t>\n\t\t\t<\/picture>\n\t\t<\/a>\n\t<\/p>\n\n\n<p>Para efeito de atingimento, ser\u00e1 considerado o c\u00e1lculo ponderado entre as duas metas, com valor igual ou superior a 70% e limitado a 120%.<\/p>\n<p>&#8220;Queremos refor\u00e7ar o compromisso da Porto como uma das grandes marcas empregadoras do Pa\u00eds. Atrair e reter talentos de alta performance \u00e9 um fator estrat\u00e9gico para a competitividade de mercado&#8221;, afirma Carolina Zwarg, diretora de Pessoas e Sustentabilidade da holding.<\/p>\n<p>O programa entra em vigor neste ano. A primeira apura\u00e7\u00e3o ocorrer\u00e1 em janeiro do ano que vem. Se as metas deste ano forem atingidas, os pagamentos ser\u00e3o realizados at\u00e9 mar\u00e7o de 2023, por meio de a\u00e7\u00f5es da empresa. A empresa realizar\u00e1 iniciativas internas de <a class=\"suno-keyword\" href=\"https:\/\/www.suno.com.br\/artigos\/educacao-financeira\/\" target=\"_blank\" rel=\"noopener\" data-force=\"no\" data-priority=\"2\">educa\u00e7\u00e3o financeira<\/a> para os funcion\u00e1rios.<\/p>\n\t<p>\n\t\t<a href=\"https:\/\/lp.suno.com.br\/planilha-da-vida-financeira\/\" target=\"_blank\" data-element=\"shortcode-suno-banner\" title=\"Banner SUNO, clique e saiba mais\">\n\t\t\t<picture>\n\t\t\t\t<source media=\"(max-width: 500px)\" srcset=\"https:\/\/files.sunoresearch.com.br\/n\/uploads\/2023\/04\/400x300-Planilha-vida-financeira-true.png\">\n\t\t\t\t<img class=\"newsContent__article__imgCapa newsContent__article__imgCapa--banner\"\n\t\t\t\t\tsrc=\"https:\/\/files.sunoresearch.com.br\/n\/uploads\/2023\/04\/1420x240-Planilha-vida-financeira-true.png\"\n\t\t\t\t\tdata-promo-id=\"106682\"\t\t\t\t\t\t\t\t\t\twidth='1420' height='240'\t\t\t\t\talt=\"https:\/\/files.sunoresearch.com.br\/n\/uploads\/2023\/04\/1420x240-Planilha-vida-financeira-true.png\"\n\t\t\t\t>\n\t\t\t<\/picture>\n\t\t<\/a>\n\t<\/p>\n\n\n<h2>Porto Seguro (PSSA3) muda e vai se chamar apenas \u2018Porto\u2019; veja outros planos da empresa<\/h2>\n<p>Ap\u00f3s quase oito d\u00e9cadas, a\u00a0<strong>Porto Seguro<\/strong>\u00a0(PSSA3) divulgou nesta ter\u00e7a-feira (12) que vai passar a se chamar apenas\u00a0<strong>Porto<\/strong>. A mudan\u00e7a foi anunciada durante o evento para investidores da companhia, promovido de maneira virtual.<\/p>\n<p>\u201cTemos muita clareza da nossa\u00a0<a class=\"suno-keyword\" href=\"https:\/\/www.suno.com.br\/artigos\/proposta-de-valor\/\" target=\"_blank\" rel=\"noopener\" data-force=\"no\" data-priority=\"1\">proposta de valor<\/a>, mas percebemos que falta sermos reconhecidos por essa pluralidade de solu\u00e7\u00f5es para clientes e para empresas\u201d, disse o presidente do\u00a0<a class=\"suno-keyword\" href=\"https:\/\/www.suno.com.br\/artigos\/conselho-administracao\/\" target=\"_blank\" rel=\"noopener\" data-force=\"no\" data-priority=\"1\">conselho de administra\u00e7\u00e3o<\/a>\u00a0da companhia, Bruno Garfinkel. \u201cA partir de hoje, a Porto Seguro \u00e9 Porto.\u201d<\/p>\n\t<p>\n\t\t<a href=\"https:\/\/lp.suno.com.br\/ebook-como-analisar-uma-acao\/\" target=\"_blank\" data-element=\"shortcode-suno-banner\" title=\"Banner SUNO, clique e saiba mais\">\n\t\t\t<picture>\n\t\t\t\t<source media=\"(max-width: 500px)\" srcset=\"https:\/\/files.sunoresearch.com.br\/n\/uploads\/2023\/03\/Ebook-Acoes-Mobile-1.jpg\">\n\t\t\t\t<img class=\"newsContent__article__imgCapa newsContent__article__imgCapa--banner\"\n\t\t\t\t\tsrc=\"https:\/\/files.sunoresearch.com.br\/n\/uploads\/2023\/03\/Ebook-Acoes-Desktop-1.jpg\"\n\t\t\t\t\tdata-promo-id=\"171998\"\t\t\t\t\t\t\t\t\t\twidth='1420' height='286'\t\t\t\t\talt=\"https:\/\/files.sunoresearch.com.br\/n\/uploads\/2023\/03\/Ebook-Acoes-Desktop-1.jpg\"\n\t\t\t\t>\n\t\t\t<\/picture>\n\t\t<\/a>\n\t<\/p>\n\n\n<p>Em conjunto com o novo nome, outros neg\u00f3cios da empresa tamb\u00e9m v\u00e3o ganhar uma\u00a0<strong>marca pr\u00f3pria<\/strong>, com estruturas individuais e maior capacidade de crescimento. Assim, a \u00e1rea de seguros ser\u00e1 Porto Seguros; a de Sa\u00fade,\u00a0<strong>Porto Sa\u00fade<\/strong>; e a de servi\u00e7os financeiros,\u00a0<strong>Porto Bank<\/strong>, de acordo com o presidente do Conselho.<\/p>\n<p>\u201cHoje, com a marca e o apoio dos corretores, podemos sonhar sermos relevantes em sa\u00fade como somos em auto\u201d, exemplificou Garfinkel.<\/p>\n<p>Ele ressaltou que a transforma\u00e7\u00e3o da empresa para a holding <strong>Porto<\/strong>, come\u00e7ou em 2020, quando a companhia tra\u00e7ou a meta de dobrar sua base de clientes at\u00e9 2025.<\/p>\n<p class=\"newsProviderSignature\">(<em>Com informa\u00e7\u00f5es do Estad\u00e3o Conte\u00fado<\/em>)<\/p>\n\t<p>\n\t\t<a href=\"https:\/\/lp.suno.com.br\/planilha-de-controle-de-investimentos\/\" target=\"_blank\" data-element=\"shortcode-suno-banner\" title=\"Banner SUNO, clique e saiba mais\">\n\t\t\t<picture>\n\t\t\t\t<source media=\"(max-width: 500px)\" srcset=\"https:\/\/files.sunoresearch.com.br\/n\/uploads\/2023\/03\/400x300-Controle-de-Investimentos.png\">\n\t\t\t\t<img class=\"newsContent__article__imgCapa newsContent__article__imgCapa--banner\"\n\t\t\t\t\tsrc=\"https:\/\/files.sunoresearch.com.br\/n\/uploads\/2023\/03\/1420x240-Controle-de-Investimentos.png\"\n\t\t\t\t\tdata-promo-id=\"75934\"\t\t\t\t\t\t\t\t\t\twidth='1420' height='240'\t\t\t\t\talt=\"https:\/\/files.sunoresearch.com.br\/n\/uploads\/2023\/03\/1420x240-Controle-de-Investimentos.png\"\n\t\t\t\t>\n\t\t\t<\/picture>\n\t\t<\/a>\n\t<\/p>\n\n\n","protected":false},"excerpt":{"rendered":"<p>A Porto (PSSA3), ex-Porto Seguro, anunciou nesta quarta-feira (4) que vai permitir que todos os funcion\u00e1rios se tornem s\u00f3cios da empresa, por meio de um novo programa de remunera\u00e7\u00e3o por a\u00e7\u00f5es. Porto Seguro (PSSA3). Foto: Reprodu\u00e7\u00e3o Facebook De acordo com a companhia, o &#8220;Porto em A\u00e7\u00e3o&#8221; ser\u00e1 parte da participa\u00e7\u00e3o nos lucros resultados (PLR) da [&hellip;]<\/p>\n","protected":false},"author":146,"featured_media":161494,"comment_status":"closed","ping_status":"closed","sticky":false,"template":"","format":"standard","meta":[],"categories":[64],"tags":[603],"suno_strategy":[],"class_list":["post-256085","post","type-post","status-publish","format-standard","has-post-thumbnail","hentry","category-negocios","tag-porto-seguro-pssa3"],"yoast_head":"<!-- This site is optimized with the Yoast SEO plugin v24.4 - https:\/\/yoast.com\/wordpress\/plugins\/seo\/ -->\n<title>Porto (PSSA3) cria programa de remunera\u00e7\u00e3o via a\u00e7\u00f5es para funcion\u00e1rios<\/title>\n<meta name=\"description\" content=\"A Porto (PSSA3), ex-Porto Seguro, anunciou um novo programa de remunera\u00e7\u00e3o por meio de a\u00e7\u00f5es, dispon\u00edvel a todos os funcion\u00e1rios.\" \/>\n<meta name=\"robots\" content=\"index, follow, max-snippet:-1, max-image-preview:large, max-video-preview:-1\" \/>\n<link rel=\"canonical\" href=\"https:\/\/www.suno.com.br\/noticias\/porto-pssa3-programa-remuneracao-acoes-para-funcionarios\/\" \/>\n<meta property=\"og:locale\" content=\"pt_BR\" \/>\n<meta property=\"og:type\" content=\"article\" \/>\n<meta property=\"og:title\" content=\"Porto (PSSA3) cria programa de remunera\u00e7\u00e3o via a\u00e7\u00f5es para funcion\u00e1rios\" \/>\n<meta property=\"og:description\" content=\"A Porto (PSSA3), ex-Porto Seguro, anunciou um novo programa de remunera\u00e7\u00e3o por meio de a\u00e7\u00f5es, dispon\u00edvel a todos os funcion\u00e1rios.\" \/>\n<meta property=\"og:url\" content=\"https:\/\/www.suno.com.br\/noticias\/porto-pssa3-programa-remuneracao-acoes-para-funcionarios\/\" \/>\n<meta property=\"og:site_name\" content=\"Suno Not\u00edcias\" \/>\n<meta property=\"article:publisher\" content=\"https:\/\/facebook.com\/sunoresearch\" \/>\n<meta property=\"og:image\" content=\"https:\/\/files.sunoresearch.com.br\/n\/uploads\/2021\/06\/67529585-58805549_2539019549443920_947245068513705984_n-1-e1624659445621.jpg\" \/>\n\t<meta property=\"og:image:width\" content=\"1200\" \/>\n\t<meta property=\"og:image:height\" content=\"1029\" \/>\n\t<meta property=\"og:image:type\" content=\"image\/jpeg\" \/>\n<meta name=\"author\" content=\"Vict\u00f3ria Anhesini\" \/>\n<meta name=\"twitter:card\" content=\"summary_large_image\" \/>\n<meta name=\"twitter:creator\" content=\"@sunoresearch\" \/>\n<meta name=\"twitter:site\" content=\"@sunoresearch\" \/>\n<meta name=\"twitter:label1\" content=\"Escrito por\" \/>\n\t<meta name=\"twitter:data1\" content=\"Vict\u00f3ria Anhesini\" \/>\n\t<meta name=\"twitter:label2\" content=\"Est. tempo de leitura\" \/>\n\t<meta name=\"twitter:data2\" content=\"2 minutos\" \/>\n<script type=\"application\/ld+json\" class=\"yoast-schema-graph\">{\"@context\":\"https:\/\/schema.org\",\"@graph\":[{\"@type\":\"NewsArticle\",\"@id\":\"https:\/\/www.suno.com.br\/noticias\/porto-pssa3-programa-remuneracao-acoes-para-funcionarios\/#article\",\"isPartOf\":{\"@id\":\"https:\/\/www.suno.com.br\/noticias\/porto-pssa3-programa-remuneracao-acoes-para-funcionarios\/\"},\"author\":{\"name\":\"Vict\u00f3ria Anhesini\",\"@id\":\"https:\/\/www.suno.com.br\/noticias\/#\/schema\/person\/46d847cb19ad53fde0857adca989c23f\"},\"headline\":\"Porto (PSSA3) cria programa de remunera\u00e7\u00e3o via a\u00e7\u00f5es para funcion\u00e1rios\",\"datePublished\":\"2022-05-04T17:42:09+00:00\",\"mainEntityOfPage\":{\"@id\":\"https:\/\/www.suno.com.br\/noticias\/porto-pssa3-programa-remuneracao-acoes-para-funcionarios\/\"},\"wordCount\":509,\"publisher\":{\"@id\":\"https:\/\/www.suno.com.br\/noticias\/#organization\"},\"image\":{\"@id\":\"https:\/\/www.suno.com.br\/noticias\/porto-pssa3-programa-remuneracao-acoes-para-funcionarios\/#primaryimage\"},\"thumbnailUrl\":\"https:\/\/files.sunoresearch.com.br\/n\/uploads\/2021\/06\/67529585-58805549_2539019549443920_947245068513705984_n-1-e1624659445621-jpg.webp\",\"keywords\":[\"Porto Seguro (PSSA3)\"],\"articleSection\":[\"Neg\u00f3cios\"],\"inLanguage\":\"pt-BR\"},{\"@type\":\"WebPage\",\"@id\":\"https:\/\/www.suno.com.br\/noticias\/porto-pssa3-programa-remuneracao-acoes-para-funcionarios\/\",\"url\":\"https:\/\/www.suno.com.br\/noticias\/porto-pssa3-programa-remuneracao-acoes-para-funcionarios\/\",\"name\":\"Porto (PSSA3) cria programa de remunera\u00e7\u00e3o via a\u00e7\u00f5es para funcion\u00e1rios\",\"isPartOf\":{\"@id\":\"https:\/\/www.suno.com.br\/noticias\/#website\"},\"primaryImageOfPage\":{\"@id\":\"https:\/\/www.suno.com.br\/noticias\/porto-pssa3-programa-remuneracao-acoes-para-funcionarios\/#primaryimage\"},\"image\":{\"@id\":\"https:\/\/www.suno.com.br\/noticias\/porto-pssa3-programa-remuneracao-acoes-para-funcionarios\/#primaryimage\"},\"thumbnailUrl\":\"https:\/\/files.sunoresearch.com.br\/n\/uploads\/2021\/06\/67529585-58805549_2539019549443920_947245068513705984_n-1-e1624659445621-jpg.webp\",\"datePublished\":\"2022-05-04T17:42:09+00:00\",\"description\":\"A Porto (PSSA3), ex-Porto Seguro, anunciou um novo programa de remunera\u00e7\u00e3o por meio de a\u00e7\u00f5es, dispon\u00edvel a todos os funcion\u00e1rios.\",\"breadcrumb\":{\"@id\":\"https:\/\/www.suno.com.br\/noticias\/porto-pssa3-programa-remuneracao-acoes-para-funcionarios\/#breadcrumb\"},\"inLanguage\":\"pt-BR\",\"potentialAction\":[{\"@type\":\"ReadAction\",\"target\":[\"https:\/\/www.suno.com.br\/noticias\/porto-pssa3-programa-remuneracao-acoes-para-funcionarios\/\"]}]},{\"@type\":\"ImageObject\",\"inLanguage\":\"pt-BR\",\"@id\":\"https:\/\/www.suno.com.br\/noticias\/porto-pssa3-programa-remuneracao-acoes-para-funcionarios\/#primaryimage\",\"url\":\"https:\/\/files.sunoresearch.com.br\/n\/uploads\/2021\/06\/67529585-58805549_2539019549443920_947245068513705984_n-1-e1624659445621-jpg.webp\",\"contentUrl\":\"https:\/\/files.sunoresearch.com.br\/n\/uploads\/2021\/06\/67529585-58805549_2539019549443920_947245068513705984_n-1-e1624659445621-jpg.webp\",\"width\":1200,\"height\":1029,\"caption\":\"Porto Seguro (PSSA3). Foto: Reprodu\u00e7\u00e3o Facebook\"},{\"@type\":\"BreadcrumbList\",\"@id\":\"https:\/\/www.suno.com.br\/noticias\/porto-pssa3-programa-remuneracao-acoes-para-funcionarios\/#breadcrumb\",\"itemListElement\":[{\"@type\":\"ListItem\",\"position\":1,\"name\":\"Not\u00edcias\",\"item\":\"https:\/\/www.suno.com.br\/noticias\/\"},{\"@type\":\"ListItem\",\"position\":2,\"name\":\"Neg\u00f3cios\",\"item\":\"https:\/\/www.suno.com.br\/noticias\/negocios\/\"},{\"@type\":\"ListItem\",\"position\":3,\"name\":\"Porto (PSSA3) cria programa de remunera\u00e7\u00e3o via a\u00e7\u00f5es para funcion\u00e1rios\"}]},{\"@type\":\"WebSite\",\"@id\":\"https:\/\/www.suno.com.br\/noticias\/#website\",\"url\":\"https:\/\/www.suno.com.br\/noticias\/\",\"name\":\"Suno Not\u00edcias\",\"description\":\"Seu portal de informa\u00e7\u00e3o sobre o mundo dos investimentos\",\"publisher\":{\"@id\":\"https:\/\/www.suno.com.br\/noticias\/#organization\"},\"potentialAction\":[{\"@type\":\"SearchAction\",\"target\":{\"@type\":\"EntryPoint\",\"urlTemplate\":\"https:\/\/www.suno.com.br\/noticias\/?s={search_term_string}\"},\"query-input\":{\"@type\":\"PropertyValueSpecification\",\"valueRequired\":true,\"valueName\":\"search_term_string\"}}],\"inLanguage\":\"pt-BR\"},{\"@type\":\"Organization\",\"@id\":\"https:\/\/www.suno.com.br\/noticias\/#organization\",\"name\":\"Suno Not\u00edcias\",\"url\":\"https:\/\/www.suno.com.br\/noticias\/\",\"logo\":{\"@type\":\"ImageObject\",\"inLanguage\":\"pt-BR\",\"@id\":\"https:\/\/www.suno.com.br\/noticias\/#\/schema\/logo\/image\/\",\"url\":\"https:\/\/files.sunoresearch.com.br\/n\/uploads\/2021\/09\/suno-logo.png\",\"contentUrl\":\"https:\/\/files.sunoresearch.com.br\/n\/uploads\/2021\/09\/suno-logo.png\",\"width\":180,\"height\":180,\"caption\":\"Suno Not\u00edcias\"},\"image\":{\"@id\":\"https:\/\/www.suno.com.br\/noticias\/#\/schema\/logo\/image\/\"},\"sameAs\":[\"https:\/\/facebook.com\/sunoresearch\",\"https:\/\/x.com\/sunoresearch\",\"https:\/\/www.instagram.com\/suno\",\"https:\/\/www.linkedin.com\/company\/suno-research\/\",\"https:\/\/www.youtube.com\/c\/sunoresearch\"]},{\"@type\":\"Person\",\"@id\":\"https:\/\/www.suno.com.br\/noticias\/#\/schema\/person\/46d847cb19ad53fde0857adca989c23f\",\"name\":\"Vict\u00f3ria Anhesini\",\"image\":{\"@type\":\"ImageObject\",\"inLanguage\":\"pt-BR\",\"@id\":\"https:\/\/www.suno.com.br\/noticias\/#\/schema\/person\/image\/\",\"url\":\"https:\/\/secure.gravatar.com\/avatar\/0172bdfcd9129dd9dd68794804304e6e?s=96&r=g\",\"contentUrl\":\"https:\/\/secure.gravatar.com\/avatar\/0172bdfcd9129dd9dd68794804304e6e?s=96&r=g\",\"caption\":\"Vict\u00f3ria Anhesini\"},\"description\":\"Rep\u00f3rter no Suno Not\u00edcias, cobre mercados, neg\u00f3cios e economia, escrevendo majoritariamente sobre movimentos das empresas, cobertura de balan\u00e7os trimestrais e Bolsa de Valores. Formada em jornalismo pela Universidade Presbiteriana Mackenzie em 2019, passou pelo portal de economia e finan\u00e7as EuQueroInvestir como rep\u00f3rter e anteriormente, trabalhou na assessoria de imprensa PinePR, onde liderou com startups de inova\u00e7\u00e3o, tecnologia e finan\u00e7as. Em seu tempo livre, fala sobre m\u00fasica para ambos os sites do selo ForMusic, Wikimetal e Mad Sound, e faz trabalho volunt\u00e1rio no programa Escreve Cartas do Poupatempo.\",\"sameAs\":[\"https:\/\/www.linkedin.com\/in\/victoria-anhesini\/\"],\"url\":\"https:\/\/www.suno.com.br\/noticias\/author\/victoria\/\"}]}<\/script>\n<!-- \/ Yoast SEO plugin. -->","yoast_head_json":{"title":"Porto (PSSA3) cria programa de remunera\u00e7\u00e3o via a\u00e7\u00f5es para funcion\u00e1rios","description":"A Porto (PSSA3), ex-Porto Seguro, anunciou um novo programa de remunera\u00e7\u00e3o por meio de a\u00e7\u00f5es, dispon\u00edvel a todos os funcion\u00e1rios.","robots":{"index":"index","follow":"follow","max-snippet":"max-snippet:-1","max-image-preview":"max-image-preview:large","max-video-preview":"max-video-preview:-1"},"canonical":"https:\/\/www.suno.com.br\/noticias\/porto-pssa3-programa-remuneracao-acoes-para-funcionarios\/","og_locale":"pt_BR","og_type":"article","og_title":"Porto (PSSA3) cria programa de remunera\u00e7\u00e3o via a\u00e7\u00f5es para funcion\u00e1rios","og_description":"A Porto (PSSA3), ex-Porto Seguro, anunciou um novo programa de remunera\u00e7\u00e3o por meio de a\u00e7\u00f5es, dispon\u00edvel a todos os funcion\u00e1rios.","og_url":"https:\/\/www.suno.com.br\/noticias\/porto-pssa3-programa-remuneracao-acoes-para-funcionarios\/","og_site_name":"Suno Not\u00edcias","article_publisher":"https:\/\/facebook.com\/sunoresearch","og_image":[{"width":1200,"height":1029,"url":"https:\/\/files.sunoresearch.com.br\/n\/uploads\/2021\/06\/67529585-58805549_2539019549443920_947245068513705984_n-1-e1624659445621.jpg","type":"image\/jpeg"}],"author":"Vict\u00f3ria Anhesini","twitter_card":"summary_large_image","twitter_creator":"@sunoresearch","twitter_site":"@sunoresearch","twitter_misc":{"Escrito por":"Vict\u00f3ria Anhesini","Est. tempo de leitura":"2 minutos"},"schema":{"@context":"https:\/\/schema.org","@graph":[{"@type":"NewsArticle","@id":"https:\/\/www.suno.com.br\/noticias\/porto-pssa3-programa-remuneracao-acoes-para-funcionarios\/#article","isPartOf":{"@id":"https:\/\/www.suno.com.br\/noticias\/porto-pssa3-programa-remuneracao-acoes-para-funcionarios\/"},"author":{"name":"Vict\u00f3ria Anhesini","@id":"https:\/\/www.suno.com.br\/noticias\/#\/schema\/person\/46d847cb19ad53fde0857adca989c23f"},"headline":"Porto (PSSA3) cria programa de remunera\u00e7\u00e3o via a\u00e7\u00f5es para funcion\u00e1rios","datePublished":"2022-05-04T17:42:09+00:00","mainEntityOfPage":{"@id":"https:\/\/www.suno.com.br\/noticias\/porto-pssa3-programa-remuneracao-acoes-para-funcionarios\/"},"wordCount":509,"publisher":{"@id":"https:\/\/www.suno.com.br\/noticias\/#organization"},"image":{"@id":"https:\/\/www.suno.com.br\/noticias\/porto-pssa3-programa-remuneracao-acoes-para-funcionarios\/#primaryimage"},"thumbnailUrl":"https:\/\/files.sunoresearch.com.br\/n\/uploads\/2021\/06\/67529585-58805549_2539019549443920_947245068513705984_n-1-e1624659445621-jpg.webp","keywords":["Porto Seguro (PSSA3)"],"articleSection":["Neg\u00f3cios"],"inLanguage":"pt-BR"},{"@type":"WebPage","@id":"https:\/\/www.suno.com.br\/noticias\/porto-pssa3-programa-remuneracao-acoes-para-funcionarios\/","url":"https:\/\/www.suno.com.br\/noticias\/porto-pssa3-programa-remuneracao-acoes-para-funcionarios\/","name":"Porto (PSSA3) cria programa de remunera\u00e7\u00e3o via a\u00e7\u00f5es para funcion\u00e1rios","isPartOf":{"@id":"https:\/\/www.suno.com.br\/noticias\/#website"},"primaryImageOfPage":{"@id":"https:\/\/www.suno.com.br\/noticias\/porto-pssa3-programa-remuneracao-acoes-para-funcionarios\/#primaryimage"},"image":{"@id":"https:\/\/www.suno.com.br\/noticias\/porto-pssa3-programa-remuneracao-acoes-para-funcionarios\/#primaryimage"},"thumbnailUrl":"https:\/\/files.sunoresearch.com.br\/n\/uploads\/2021\/06\/67529585-58805549_2539019549443920_947245068513705984_n-1-e1624659445621-jpg.webp","datePublished":"2022-05-04T17:42:09+00:00","description":"A Porto (PSSA3), ex-Porto Seguro, anunciou um novo programa de remunera\u00e7\u00e3o por meio de a\u00e7\u00f5es, dispon\u00edvel a todos os funcion\u00e1rios.","breadcrumb":{"@id":"https:\/\/www.suno.com.br\/noticias\/porto-pssa3-programa-remuneracao-acoes-para-funcionarios\/#breadcrumb"},"inLanguage":"pt-BR","potentialAction":[{"@type":"ReadAction","target":["https:\/\/www.suno.com.br\/noticias\/porto-pssa3-programa-remuneracao-acoes-para-funcionarios\/"]}]},{"@type":"ImageObject","inLanguage":"pt-BR","@id":"https:\/\/www.suno.com.br\/noticias\/porto-pssa3-programa-remuneracao-acoes-para-funcionarios\/#primaryimage","url":"https:\/\/files.sunoresearch.com.br\/n\/uploads\/2021\/06\/67529585-58805549_2539019549443920_947245068513705984_n-1-e1624659445621-jpg.webp","contentUrl":"https:\/\/files.sunoresearch.com.br\/n\/uploads\/2021\/06\/67529585-58805549_2539019549443920_947245068513705984_n-1-e1624659445621-jpg.webp","width":1200,"height":1029,"caption":"Porto Seguro (PSSA3). Foto: Reprodu\u00e7\u00e3o Facebook"},{"@type":"BreadcrumbList","@id":"https:\/\/www.suno.com.br\/noticias\/porto-pssa3-programa-remuneracao-acoes-para-funcionarios\/#breadcrumb","itemListElement":[{"@type":"ListItem","position":1,"name":"Not\u00edcias","item":"https:\/\/www.suno.com.br\/noticias\/"},{"@type":"ListItem","position":2,"name":"Neg\u00f3cios","item":"https:\/\/www.suno.com.br\/noticias\/negocios\/"},{"@type":"ListItem","position":3,"name":"Porto (PSSA3) cria programa de remunera\u00e7\u00e3o via a\u00e7\u00f5es para funcion\u00e1rios"}]},{"@type":"WebSite","@id":"https:\/\/www.suno.com.br\/noticias\/#website","url":"https:\/\/www.suno.com.br\/noticias\/","name":"Suno Not\u00edcias","description":"Seu portal de informa\u00e7\u00e3o sobre o mundo dos investimentos","publisher":{"@id":"https:\/\/www.suno.com.br\/noticias\/#organization"},"potentialAction":[{"@type":"SearchAction","target":{"@type":"EntryPoint","urlTemplate":"https:\/\/www.suno.com.br\/noticias\/?s={search_term_string}"},"query-input":{"@type":"PropertyValueSpecification","valueRequired":true,"valueName":"search_term_string"}}],"inLanguage":"pt-BR"},{"@type":"Organization","@id":"https:\/\/www.suno.com.br\/noticias\/#organization","name":"Suno Not\u00edcias","url":"https:\/\/www.suno.com.br\/noticias\/","logo":{"@type":"ImageObject","inLanguage":"pt-BR","@id":"https:\/\/www.suno.com.br\/noticias\/#\/schema\/logo\/image\/","url":"https:\/\/files.sunoresearch.com.br\/n\/uploads\/2021\/09\/suno-logo.png","contentUrl":"https:\/\/files.sunoresearch.com.br\/n\/uploads\/2021\/09\/suno-logo.png","width":180,"height":180,"caption":"Suno Not\u00edcias"},"image":{"@id":"https:\/\/www.suno.com.br\/noticias\/#\/schema\/logo\/image\/"},"sameAs":["https:\/\/facebook.com\/sunoresearch","https:\/\/x.com\/sunoresearch","https:\/\/www.instagram.com\/suno","https:\/\/www.linkedin.com\/company\/suno-research\/","https:\/\/www.youtube.com\/c\/sunoresearch"]},{"@type":"Person","@id":"https:\/\/www.suno.com.br\/noticias\/#\/schema\/person\/46d847cb19ad53fde0857adca989c23f","name":"Vict\u00f3ria Anhesini","image":{"@type":"ImageObject","inLanguage":"pt-BR","@id":"https:\/\/www.suno.com.br\/noticias\/#\/schema\/person\/image\/","url":"https:\/\/secure.gravatar.com\/avatar\/0172bdfcd9129dd9dd68794804304e6e?s=96&r=g","contentUrl":"https:\/\/secure.gravatar.com\/avatar\/0172bdfcd9129dd9dd68794804304e6e?s=96&r=g","caption":"Vict\u00f3ria Anhesini"},"description":"Rep\u00f3rter no Suno Not\u00edcias, cobre mercados, neg\u00f3cios e economia, escrevendo majoritariamente sobre movimentos das empresas, cobertura de balan\u00e7os trimestrais e Bolsa de Valores. Formada em jornalismo pela Universidade Presbiteriana Mackenzie em 2019, passou pelo portal de economia e finan\u00e7as EuQueroInvestir como rep\u00f3rter e anteriormente, trabalhou na assessoria de imprensa PinePR, onde liderou com startups de inova\u00e7\u00e3o, tecnologia e finan\u00e7as. Em seu tempo livre, fala sobre m\u00fasica para ambos os sites do selo ForMusic, Wikimetal e Mad Sound, e faz trabalho volunt\u00e1rio no programa Escreve Cartas do Poupatempo.","sameAs":["https:\/\/www.linkedin.com\/in\/victoria-anhesini\/"],"url":"https:\/\/www.suno.com.br\/noticias\/author\/victoria\/"}]}},"default_loop_html":"<div class=\"cardsPage__listCard__boxs\"><div class=\"cardsPage__listCard__boxs__img\"><a href=\"https:\/\/www.suno.com.br\/noticias\/porto-pssa3-programa-remuneracao-acoes-para-funcionarios\/\"><img class=\"mask\" src=\"https:\/\/www.suno.com.br\/noticias\/wp-content\/themes\/suno\/resources\/images\/spotlight\/spotlight1img\/bg-mask.png\" alt=\"Image Mask\"\/><img src=\"https:\/\/files.sunoresearch.com.br\/n\/uploads\/2021\/06\/67529585-58805549_2539019549443920_947245068513705984_n-1-e1624659445621-400x200.webp\" alt=\"Porto (PSSA3) cria programa de remunera\u00e7\u00e3o via a\u00e7\u00f5es para funcion\u00e1rios\"\/><\/a><span class=\"spotlightCategory\"><a href=\"https:\/\/www.suno.com.br\/noticias\/negocios\/\">Neg\u00f3cios<\/a><\/span><\/div><div class=\"cardsPage__listCard__boxs__content\"><a href=\"https:\/\/www.suno.com.br\/noticias\/porto-pssa3-programa-remuneracao-acoes-para-funcionarios\/\"><h2 class=\"content__title\">Porto (PSSA3) cria programa de remunera\u00e7\u00e3o via a\u00e7\u00f5es para funcion\u00e1rios<\/h2><\/a><div class=\"newsContent__article__meta\"><div class=\"newsContent__article__meta__authorBox\"><a href=\"https:\/\/www.suno.com.br\/noticias\/author\/victoria\/\" class=\"authorBox__avatar noMobi\"><img src=\"https:\/\/files.sunoresearch.com.br\/n\/uploads\/2021\/12\/20190129VickyPINEAPPLE01-1-150x150.jpg\" alt=\"Vict\u00f3ria Anhesini\"><\/a><div class=\"authorBox__name\"><span>por\n\t\t\t<a href=\"https:\/\/www.suno.com.br\/noticias\/author\/victoria\/\"><span itemprop=\"author\">Vict\u00f3ria Anhesini<\/span><\/a><\/span><time datetime=\"2022-05-04T14:42:09-03:00\" itemprop=\"datePublished\">04\/05\/2022 14:42<\/time><\/div><\/div><\/div><\/div><\/div>","single_layout":"posts","amp_enabled":true,"_links":{"self":[{"href":"https:\/\/www.suno.com.br\/noticias\/wp-json\/wp\/v2\/posts\/256085"}],"collection":[{"href":"https:\/\/www.suno.com.br\/noticias\/wp-json\/wp\/v2\/posts"}],"about":[{"href":"https:\/\/www.suno.com.br\/noticias\/wp-json\/wp\/v2\/types\/post"}],"author":[{"embeddable":true,"href":"https:\/\/www.suno.com.br\/noticias\/wp-json\/wp\/v2\/users\/146"}],"replies":[{"embeddable":true,"href":"https:\/\/www.suno.com.br\/noticias\/wp-json\/wp\/v2\/comments?post=256085"}],"version-history":[{"count":4,"href":"https:\/\/www.suno.com.br\/noticias\/wp-json\/wp\/v2\/posts\/256085\/revisions"}],"predecessor-version":[{"id":256147,"href":"https:\/\/www.suno.com.br\/noticias\/wp-json\/wp\/v2\/posts\/256085\/revisions\/256147"}],"wp:featuredmedia":[{"embeddable":true,"href":"https:\/\/www.suno.com.br\/noticias\/wp-json\/wp\/v2\/media\/161494"}],"wp:attachment":[{"href":"https:\/\/www.suno.com.br\/noticias\/wp-json\/wp\/v2\/media?parent=256085"}],"wp:term":[{"taxonomy":"category","embeddable":true,"href":"https:\/\/www.suno.com.br\/noticias\/wp-json\/wp\/v2\/categories?post=256085"},{"taxonomy":"post_tag","embeddable":true,"href":"https:\/\/www.suno.com.br\/noticias\/wp-json\/wp\/v2\/tags?post=256085"},{"taxonomy":"suno_strategy","embeddable":true,"href":"https:\/\/www.suno.com.br\/noticias\/wp-json\/wp\/v2\/suno_strategy?post=256085"}],"curies":[{"name":"wp","href":"https:\/\/api.w.org\/{rel}","templated":true}]}}