{"id":25603,"date":"2019-05-22T16:07:57","date_gmt":"2019-05-22T19:07:57","guid":{"rendered":"https:\/\/www.suno.com.br\/noticias\/?p=25603"},"modified":"2019-05-22T16:07:57","modified_gmt":"2019-05-22T19:07:57","slug":"natura-creditos-pagar-divida-avon","status":"publish","type":"post","link":"https:\/\/www.suno.com.br\/noticias\/natura-creditos-pagar-divida-avon\/","title":{"rendered":"Natura utilizar\u00e1 cr\u00e9ditos para pagar d\u00edvida da Avon"},"content":{"rendered":"<p>A Natura utilizar\u00e1 linhas de cr\u00e9ditos de bancos de varejo para pagar d\u00edvidas da Avon. O objetivo \u00e9 quitar vencimentos antecipado dos d\u00e9bitos companhia americana. As informa\u00e7\u00f5es s\u00e3o do&#8221;Valor Econ\u00f4mico&#8221;.<\/p>\t<div class=\"wrapper-featured-image\">\n\t\t<figure class=\"spotlightImg\">\n\n\t\t\t<picture>\n\t\t\t\t<source media=\"(max-width: 768px)\" srcset=\"https:\/\/files.sunoresearch.com.br\/n\/uploads\/2019\/03\/0ebf15d8-avon-2-400x200.webp\">\n\t\t\t\t<img loading=\"lazy\" decoding=\"async\" class=\"newsContent__article__imgCapa lazyloadDisabled newsContent__article__imgCapa--noCaption\" src=\"https:\/\/files.sunoresearch.com.br\/n\/uploads\/2019\/03\/0ebf15d8-avon-2-800x450.webp\" width=\"800\" height=\"450\" alt=\"Natura utilizar\u00e1 cr\u00e9ditos para pagar d\u00edvida da Avon\" fetchpriority=high \/>\n\t\t\t<\/picture>\n\n\t\t\t<figcaption class=\"wp-caption-text wp-caption-text--hide\">Natura finaliza desinvestimento da Avon International e refor\u00e7a estrat\u00e9gia de foco na Am\u00e9rica Latina.<\/figcaption>\n\t\t<\/figure>\n\t<\/div>\n\n\n<p>A negocia\u00e7\u00e3o envolve um b\u00f4nus com cl\u00e1usula de antecipa\u00e7\u00e3o de pagamento. A <strong>Natura<\/strong> e a <strong>Avon<\/strong> pretendem renegociar as d\u00edvidas com os credores. Por\u00e9m, parte das d\u00edvidas devem ter execu\u00e7\u00e3o imediata. Por isso, h\u00e1 a necessidade de garantir linhas de cr\u00e9ditos.<\/p>\n<p><a href=\"https:\/\/www.suno.com.br\/noticias\/natura-anunciar-compra-avon-quarta\/\">Saiba Mais: Natura deve anunciar compra da Avon nesta quarta, diz FT<\/a><\/p>\n<p>O &#8220;Valor&#8221; tamb\u00e9m informou que o fundo private equity <strong>Cerberus<\/strong>, um dos acionistas da <strong>Avon<\/strong>, dever\u00e1 fazer um contrato de <a href=\"https:\/\/www.suno.com.br\/artigos\/put\/\"><strong>venda de a\u00e7\u00f5es (put option)<\/strong><\/a> que det\u00eam da companhia americana. De acordo com fontes consultadas pelo jornal, o valor dever\u00e1 ser de US$ 500 milh\u00f5es.<\/p>\n\t<p>\n\t\t<a href=\"https:\/\/lp.suno.com.br\/ebook-investindo-em-fiis\/\" target=\"_blank\" data-element=\"shortcode-suno-banner\" title=\"Banner SUNO, clique e saiba mais\">\n\t\t\t<picture>\n\t\t\t\t<source media=\"(max-width: 500px)\" srcset=\"https:\/\/files.sunoresearch.com.br\/n\/uploads\/2023\/07\/Ebook-Fundos-Imobiliarios-Mobile.jpg\">\n\t\t\t\t<img class=\"newsContent__article__imgCapa newsContent__article__imgCapa--banner\"\n\t\t\t\t\tsrc=\"https:\/\/files.sunoresearch.com.br\/n\/uploads\/2023\/07\/Ebook-Fundos-Imobiliarios-Desktop.jpg\"\n\t\t\t\t\tdata-promo-id=\"378301\"\t\t\t\t\t\t\t\t\t\twidth='1420' height='286'\t\t\t\t\talt=\"https:\/\/files.sunoresearch.com.br\/n\/uploads\/2023\/07\/Ebook-Fundos-Imobiliarios-Desktop.jpg\"\n\t\t\t\t>\n\t\t\t<\/picture>\n\t\t<\/a>\n\t<\/p>\n\n\n<p>Em 2015, quando investiu US$ 435 milh\u00f5es na <strong>Avon Products<\/strong>, o <strong>Cerberus<\/strong> obteve um contrato que possibilita a sa\u00edda do pre\u00e7o pr\u00e9-determinado. A venda de <strong>a\u00e7\u00f5es<\/strong> pode ser efetuada em caso de mudan\u00e7a de controle.<\/p>\n<p>Ainda segundo fontes do jornal, tanto o vencimento antecipado dos t\u00edtulos de d\u00edvida da <strong>Avon<\/strong> como o &#8220;<strong>put<\/strong>&#8221; do <strong>Cerverus<\/strong> dever\u00e3o entrar na conta da <strong>Natura<\/strong>.\u00a0Assim, as negocia\u00e7\u00f5es de troca de a\u00e7\u00f5es da Natura seria realizada com o restante dos acionistas da Avon, entre eles:<\/p>\n<ul>\n<li>BlackRock<\/li>\n<li>Renaissance<\/li>\n<li>Vanguard<\/li>\n<li>Fidelity<\/li>\n<\/ul>\n<h2>A\u00e7\u00f5es da Natura sobem<\/h2>\n<p>As <strong>a\u00e7\u00f5es<\/strong> da Natura Cosm\u00e9ticos SA (NATU3) operavam em significativa alta nesta quarta-feira (22). Os pap\u00e9is da empresa listada na <strong><a href=\"https:\/\/www.suno.com.br\/artigos\/b3\/\">B3 (Brasil, Bolsa, Balc\u00e3o)<\/a>\u00a0<\/strong>avan\u00e7avam 6,19%, negociadas a R$ 59,68 \u00e0s 15h54.\u00a0Isso ocorre depois da divulga\u00e7\u00e3o de que a empresa brasileira anunciaria ainda nesta quarta a compra da <strong>Avon.<\/strong><\/p>\n<p><a href=\"https:\/\/www.suno.com.br\/noticias\/natura-alta-bolsa-anuncio-compra-avon\/\">Saiba mais:\u00a0A\u00e7\u00f5es da Natura sobem na Bolsa com poss\u00edvel compra da Avon<\/a><\/p>\n<p>A <strong>Natura<\/strong> viu suas <strong>a\u00e7\u00f5es<\/strong> abrirem o dia em <strong>queda<\/strong> de at\u00e9 3%, contudo, os pap\u00e9is inverteram e intensificaram a <strong>alta.<\/strong> A informa\u00e7\u00e3o sobre o an\u00fancio de <strong>compra<\/strong>\u00a0da concorrente norte-americana foi dada nesta manh\u00e3 pelo &#8220;Financial Times&#8221;. Antes disso, a companhia j\u00e1 havia informado que negociava a compra da <strong>Avon<\/strong> por meio de troca de a\u00e7\u00f5es.<\/p>\n<p>&nbsp;<\/p>\n","protected":false},"excerpt":{"rendered":"<p>A Natura utilizar\u00e1 linhas de cr\u00e9ditos de bancos de varejo para pagar d\u00edvidas da Avon. O objetivo \u00e9 quitar vencimentos antecipado dos d\u00e9bitos companhia americana. As informa\u00e7\u00f5es s\u00e3o do&#8221;Valor Econ\u00f4mico&#8221;. Natura finaliza desinvestimento da Avon International e refor\u00e7a estrat\u00e9gia de foco na Am\u00e9rica Latina. A negocia\u00e7\u00e3o envolve um b\u00f4nus com cl\u00e1usula de antecipa\u00e7\u00e3o de pagamento. [&hellip;]<\/p>\n","protected":false},"author":14,"featured_media":18738,"comment_status":"closed","ping_status":"closed","sticky":false,"template":"","format":"standard","meta":[],"categories":[64],"tags":[286,975,574],"suno_strategy":[],"class_list":["post-25603","post","type-post","status-publish","format-standard","has-post-thumbnail","hentry","category-negocios","tag-acoes","tag-avon","tag-natura-ntco3"],"yoast_head":"<!-- This site is optimized with the Yoast SEO plugin v24.4 - https:\/\/yoast.com\/wordpress\/plugins\/seo\/ -->\n<title>Natura utilizar\u00e1 cr\u00e9ditos para pagar d\u00edvida da Avon<\/title>\n<meta name=\"description\" content=\"A Natura e a Avon pretendem renegociar as d\u00edvidas com os credores. Por\u00e9m, parte das d\u00edvidas devem ter execu\u00e7\u00e3o imediata. Clique aqui e saiba mais.\" \/>\n<meta name=\"robots\" content=\"index, follow, max-snippet:-1, max-image-preview:large, max-video-preview:-1\" \/>\n<link rel=\"canonical\" href=\"https:\/\/www.suno.com.br\/noticias\/natura-creditos-pagar-divida-avon\/\" \/>\n<meta property=\"og:locale\" content=\"pt_BR\" \/>\n<meta property=\"og:type\" content=\"article\" \/>\n<meta property=\"og:title\" content=\"Natura utilizar\u00e1 cr\u00e9ditos para pagar d\u00edvida da Avon\" \/>\n<meta property=\"og:description\" content=\"A Natura e a Avon pretendem renegociar as d\u00edvidas com os credores. Por\u00e9m, parte das d\u00edvidas devem ter execu\u00e7\u00e3o imediata. Clique aqui e saiba mais.\" \/>\n<meta property=\"og:url\" content=\"https:\/\/www.suno.com.br\/noticias\/natura-creditos-pagar-divida-avon\/\" \/>\n<meta property=\"og:site_name\" content=\"Suno Not\u00edcias\" \/>\n<meta property=\"article:publisher\" content=\"https:\/\/facebook.com\/sunoresearch\" \/>\n<meta property=\"og:image\" content=\"https:\/\/files.sunoresearch.com.br\/n\/uploads\/2019\/03\/0ebf15d8-avon-2.jpg\" \/>\n\t<meta property=\"og:image:width\" content=\"960\" \/>\n\t<meta property=\"og:image:height\" content=\"640\" \/>\n\t<meta property=\"og:image:type\" content=\"image\/jpeg\" \/>\n<meta name=\"author\" content=\"Renan Dantas\" \/>\n<meta name=\"twitter:card\" content=\"summary_large_image\" \/>\n<meta name=\"twitter:creator\" content=\"@sunoresearch\" \/>\n<meta name=\"twitter:site\" content=\"@sunoresearch\" \/>\n<meta name=\"twitter:label1\" content=\"Escrito por\" \/>\n\t<meta name=\"twitter:data1\" content=\"Renan Dantas\" \/>\n\t<meta name=\"twitter:label2\" content=\"Est. tempo de leitura\" \/>\n\t<meta name=\"twitter:data2\" content=\"2 minutos\" \/>\n<script type=\"application\/ld+json\" class=\"yoast-schema-graph\">{\"@context\":\"https:\/\/schema.org\",\"@graph\":[{\"@type\":\"NewsArticle\",\"@id\":\"https:\/\/www.suno.com.br\/noticias\/natura-creditos-pagar-divida-avon\/#article\",\"isPartOf\":{\"@id\":\"https:\/\/www.suno.com.br\/noticias\/natura-creditos-pagar-divida-avon\/\"},\"author\":{\"name\":\"Renan Dantas\",\"@id\":\"https:\/\/www.suno.com.br\/noticias\/#\/schema\/person\/3f7693d5795a3f6d5ce15309ee785699\"},\"headline\":\"Natura utilizar\u00e1 cr\u00e9ditos para pagar d\u00edvida da Avon\",\"datePublished\":\"2019-05-22T19:07:57+00:00\",\"mainEntityOfPage\":{\"@id\":\"https:\/\/www.suno.com.br\/noticias\/natura-creditos-pagar-divida-avon\/\"},\"wordCount\":388,\"publisher\":{\"@id\":\"https:\/\/www.suno.com.br\/noticias\/#organization\"},\"image\":{\"@id\":\"https:\/\/www.suno.com.br\/noticias\/natura-creditos-pagar-divida-avon\/#primaryimage\"},\"thumbnailUrl\":\"https:\/\/files.sunoresearch.com.br\/n\/uploads\/2019\/03\/0ebf15d8-avon-2-jpg.webp\",\"keywords\":[\"A\u00e7\u00f5es\",\"Avon\",\"Natura (NTCO3)\"],\"articleSection\":[\"Neg\u00f3cios\"],\"inLanguage\":\"pt-BR\"},{\"@type\":\"WebPage\",\"@id\":\"https:\/\/www.suno.com.br\/noticias\/natura-creditos-pagar-divida-avon\/\",\"url\":\"https:\/\/www.suno.com.br\/noticias\/natura-creditos-pagar-divida-avon\/\",\"name\":\"Natura utilizar\u00e1 cr\u00e9ditos para pagar d\u00edvida da Avon\",\"isPartOf\":{\"@id\":\"https:\/\/www.suno.com.br\/noticias\/#website\"},\"primaryImageOfPage\":{\"@id\":\"https:\/\/www.suno.com.br\/noticias\/natura-creditos-pagar-divida-avon\/#primaryimage\"},\"image\":{\"@id\":\"https:\/\/www.suno.com.br\/noticias\/natura-creditos-pagar-divida-avon\/#primaryimage\"},\"thumbnailUrl\":\"https:\/\/files.sunoresearch.com.br\/n\/uploads\/2019\/03\/0ebf15d8-avon-2-jpg.webp\",\"datePublished\":\"2019-05-22T19:07:57+00:00\",\"description\":\"A Natura e a Avon pretendem renegociar as d\u00edvidas com os credores. Por\u00e9m, parte das d\u00edvidas devem ter execu\u00e7\u00e3o imediata. Clique aqui e saiba mais.\",\"breadcrumb\":{\"@id\":\"https:\/\/www.suno.com.br\/noticias\/natura-creditos-pagar-divida-avon\/#breadcrumb\"},\"inLanguage\":\"pt-BR\",\"potentialAction\":[{\"@type\":\"ReadAction\",\"target\":[\"https:\/\/www.suno.com.br\/noticias\/natura-creditos-pagar-divida-avon\/\"]}]},{\"@type\":\"ImageObject\",\"inLanguage\":\"pt-BR\",\"@id\":\"https:\/\/www.suno.com.br\/noticias\/natura-creditos-pagar-divida-avon\/#primaryimage\",\"url\":\"https:\/\/files.sunoresearch.com.br\/n\/uploads\/2019\/03\/0ebf15d8-avon-2-jpg.webp\",\"contentUrl\":\"https:\/\/files.sunoresearch.com.br\/n\/uploads\/2019\/03\/0ebf15d8-avon-2-jpg.webp\",\"width\":960,\"height\":640,\"caption\":\"Natura finaliza desinvestimento da Avon International e refor\u00e7a estrat\u00e9gia de foco na Am\u00e9rica Latina.\"},{\"@type\":\"BreadcrumbList\",\"@id\":\"https:\/\/www.suno.com.br\/noticias\/natura-creditos-pagar-divida-avon\/#breadcrumb\",\"itemListElement\":[{\"@type\":\"ListItem\",\"position\":1,\"name\":\"Not\u00edcias\",\"item\":\"https:\/\/www.suno.com.br\/noticias\/\"},{\"@type\":\"ListItem\",\"position\":2,\"name\":\"Neg\u00f3cios\",\"item\":\"https:\/\/www.suno.com.br\/noticias\/negocios\/\"},{\"@type\":\"ListItem\",\"position\":3,\"name\":\"Natura utilizar\u00e1 cr\u00e9ditos para pagar d\u00edvida da Avon\"}]},{\"@type\":\"WebSite\",\"@id\":\"https:\/\/www.suno.com.br\/noticias\/#website\",\"url\":\"https:\/\/www.suno.com.br\/noticias\/\",\"name\":\"Suno Not\u00edcias\",\"description\":\"Seu portal de informa\u00e7\u00e3o sobre o mundo dos investimentos\",\"publisher\":{\"@id\":\"https:\/\/www.suno.com.br\/noticias\/#organization\"},\"potentialAction\":[{\"@type\":\"SearchAction\",\"target\":{\"@type\":\"EntryPoint\",\"urlTemplate\":\"https:\/\/www.suno.com.br\/noticias\/?s={search_term_string}\"},\"query-input\":{\"@type\":\"PropertyValueSpecification\",\"valueRequired\":true,\"valueName\":\"search_term_string\"}}],\"inLanguage\":\"pt-BR\"},{\"@type\":\"Organization\",\"@id\":\"https:\/\/www.suno.com.br\/noticias\/#organization\",\"name\":\"Suno Not\u00edcias\",\"url\":\"https:\/\/www.suno.com.br\/noticias\/\",\"logo\":{\"@type\":\"ImageObject\",\"inLanguage\":\"pt-BR\",\"@id\":\"https:\/\/www.suno.com.br\/noticias\/#\/schema\/logo\/image\/\",\"url\":\"https:\/\/files.sunoresearch.com.br\/n\/uploads\/2021\/09\/suno-logo.png\",\"contentUrl\":\"https:\/\/files.sunoresearch.com.br\/n\/uploads\/2021\/09\/suno-logo.png\",\"width\":180,\"height\":180,\"caption\":\"Suno Not\u00edcias\"},\"image\":{\"@id\":\"https:\/\/www.suno.com.br\/noticias\/#\/schema\/logo\/image\/\"},\"sameAs\":[\"https:\/\/facebook.com\/sunoresearch\",\"https:\/\/x.com\/sunoresearch\",\"https:\/\/www.instagram.com\/suno\",\"https:\/\/www.linkedin.com\/company\/suno-research\/\",\"https:\/\/www.youtube.com\/c\/sunoresearch\"]},{\"@type\":\"Person\",\"@id\":\"https:\/\/www.suno.com.br\/noticias\/#\/schema\/person\/3f7693d5795a3f6d5ce15309ee785699\",\"name\":\"Renan Dantas\",\"image\":{\"@type\":\"ImageObject\",\"inLanguage\":\"pt-BR\",\"@id\":\"https:\/\/www.suno.com.br\/noticias\/#\/schema\/person\/image\/\",\"url\":\"https:\/\/secure.gravatar.com\/avatar\/1787b83e7484a08e51d62ac8b41c8396?s=96&r=g\",\"contentUrl\":\"https:\/\/secure.gravatar.com\/avatar\/1787b83e7484a08e51d62ac8b41c8396?s=96&r=g\",\"caption\":\"Renan Dantas\"},\"description\":\"Escreve sobre pol\u00edtica e mercado financeiro para o portal Suno Not\u00edcias. Antes, atuou na assessoria de comunica\u00e7\u00e3o do Minist\u00e9rio P\u00fablico do Trabalho e na R\u00e1dio Mackenzie, onde apresentava e produzia um programa sobre artistas da m\u00fasica brasileira. \u00c9 estudante na Universidade Presbiteriana Mackenzie.\",\"url\":\"https:\/\/www.suno.com.br\/noticias\/author\/renan-dantas\/\"}]}<\/script>\n<!-- \/ Yoast SEO plugin. -->","yoast_head_json":{"title":"Natura utilizar\u00e1 cr\u00e9ditos para pagar d\u00edvida da Avon","description":"A Natura e a Avon pretendem renegociar as d\u00edvidas com os credores. Por\u00e9m, parte das d\u00edvidas devem ter execu\u00e7\u00e3o imediata. Clique aqui e saiba mais.","robots":{"index":"index","follow":"follow","max-snippet":"max-snippet:-1","max-image-preview":"max-image-preview:large","max-video-preview":"max-video-preview:-1"},"canonical":"https:\/\/www.suno.com.br\/noticias\/natura-creditos-pagar-divida-avon\/","og_locale":"pt_BR","og_type":"article","og_title":"Natura utilizar\u00e1 cr\u00e9ditos para pagar d\u00edvida da Avon","og_description":"A Natura e a Avon pretendem renegociar as d\u00edvidas com os credores. Por\u00e9m, parte das d\u00edvidas devem ter execu\u00e7\u00e3o imediata. Clique aqui e saiba mais.","og_url":"https:\/\/www.suno.com.br\/noticias\/natura-creditos-pagar-divida-avon\/","og_site_name":"Suno Not\u00edcias","article_publisher":"https:\/\/facebook.com\/sunoresearch","og_image":[{"width":960,"height":640,"url":"https:\/\/files.sunoresearch.com.br\/n\/uploads\/2019\/03\/0ebf15d8-avon-2.jpg","type":"image\/jpeg"}],"author":"Renan Dantas","twitter_card":"summary_large_image","twitter_creator":"@sunoresearch","twitter_site":"@sunoresearch","twitter_misc":{"Escrito por":"Renan Dantas","Est. tempo de leitura":"2 minutos"},"schema":{"@context":"https:\/\/schema.org","@graph":[{"@type":"NewsArticle","@id":"https:\/\/www.suno.com.br\/noticias\/natura-creditos-pagar-divida-avon\/#article","isPartOf":{"@id":"https:\/\/www.suno.com.br\/noticias\/natura-creditos-pagar-divida-avon\/"},"author":{"name":"Renan Dantas","@id":"https:\/\/www.suno.com.br\/noticias\/#\/schema\/person\/3f7693d5795a3f6d5ce15309ee785699"},"headline":"Natura utilizar\u00e1 cr\u00e9ditos para pagar d\u00edvida da Avon","datePublished":"2019-05-22T19:07:57+00:00","mainEntityOfPage":{"@id":"https:\/\/www.suno.com.br\/noticias\/natura-creditos-pagar-divida-avon\/"},"wordCount":388,"publisher":{"@id":"https:\/\/www.suno.com.br\/noticias\/#organization"},"image":{"@id":"https:\/\/www.suno.com.br\/noticias\/natura-creditos-pagar-divida-avon\/#primaryimage"},"thumbnailUrl":"https:\/\/files.sunoresearch.com.br\/n\/uploads\/2019\/03\/0ebf15d8-avon-2-jpg.webp","keywords":["A\u00e7\u00f5es","Avon","Natura (NTCO3)"],"articleSection":["Neg\u00f3cios"],"inLanguage":"pt-BR"},{"@type":"WebPage","@id":"https:\/\/www.suno.com.br\/noticias\/natura-creditos-pagar-divida-avon\/","url":"https:\/\/www.suno.com.br\/noticias\/natura-creditos-pagar-divida-avon\/","name":"Natura utilizar\u00e1 cr\u00e9ditos para pagar d\u00edvida da Avon","isPartOf":{"@id":"https:\/\/www.suno.com.br\/noticias\/#website"},"primaryImageOfPage":{"@id":"https:\/\/www.suno.com.br\/noticias\/natura-creditos-pagar-divida-avon\/#primaryimage"},"image":{"@id":"https:\/\/www.suno.com.br\/noticias\/natura-creditos-pagar-divida-avon\/#primaryimage"},"thumbnailUrl":"https:\/\/files.sunoresearch.com.br\/n\/uploads\/2019\/03\/0ebf15d8-avon-2-jpg.webp","datePublished":"2019-05-22T19:07:57+00:00","description":"A Natura e a Avon pretendem renegociar as d\u00edvidas com os credores. Por\u00e9m, parte das d\u00edvidas devem ter execu\u00e7\u00e3o imediata. Clique aqui e saiba mais.","breadcrumb":{"@id":"https:\/\/www.suno.com.br\/noticias\/natura-creditos-pagar-divida-avon\/#breadcrumb"},"inLanguage":"pt-BR","potentialAction":[{"@type":"ReadAction","target":["https:\/\/www.suno.com.br\/noticias\/natura-creditos-pagar-divida-avon\/"]}]},{"@type":"ImageObject","inLanguage":"pt-BR","@id":"https:\/\/www.suno.com.br\/noticias\/natura-creditos-pagar-divida-avon\/#primaryimage","url":"https:\/\/files.sunoresearch.com.br\/n\/uploads\/2019\/03\/0ebf15d8-avon-2-jpg.webp","contentUrl":"https:\/\/files.sunoresearch.com.br\/n\/uploads\/2019\/03\/0ebf15d8-avon-2-jpg.webp","width":960,"height":640,"caption":"Natura finaliza desinvestimento da Avon International e refor\u00e7a estrat\u00e9gia de foco na Am\u00e9rica Latina."},{"@type":"BreadcrumbList","@id":"https:\/\/www.suno.com.br\/noticias\/natura-creditos-pagar-divida-avon\/#breadcrumb","itemListElement":[{"@type":"ListItem","position":1,"name":"Not\u00edcias","item":"https:\/\/www.suno.com.br\/noticias\/"},{"@type":"ListItem","position":2,"name":"Neg\u00f3cios","item":"https:\/\/www.suno.com.br\/noticias\/negocios\/"},{"@type":"ListItem","position":3,"name":"Natura utilizar\u00e1 cr\u00e9ditos para pagar d\u00edvida da Avon"}]},{"@type":"WebSite","@id":"https:\/\/www.suno.com.br\/noticias\/#website","url":"https:\/\/www.suno.com.br\/noticias\/","name":"Suno Not\u00edcias","description":"Seu portal de informa\u00e7\u00e3o sobre o mundo dos investimentos","publisher":{"@id":"https:\/\/www.suno.com.br\/noticias\/#organization"},"potentialAction":[{"@type":"SearchAction","target":{"@type":"EntryPoint","urlTemplate":"https:\/\/www.suno.com.br\/noticias\/?s={search_term_string}"},"query-input":{"@type":"PropertyValueSpecification","valueRequired":true,"valueName":"search_term_string"}}],"inLanguage":"pt-BR"},{"@type":"Organization","@id":"https:\/\/www.suno.com.br\/noticias\/#organization","name":"Suno Not\u00edcias","url":"https:\/\/www.suno.com.br\/noticias\/","logo":{"@type":"ImageObject","inLanguage":"pt-BR","@id":"https:\/\/www.suno.com.br\/noticias\/#\/schema\/logo\/image\/","url":"https:\/\/files.sunoresearch.com.br\/n\/uploads\/2021\/09\/suno-logo.png","contentUrl":"https:\/\/files.sunoresearch.com.br\/n\/uploads\/2021\/09\/suno-logo.png","width":180,"height":180,"caption":"Suno Not\u00edcias"},"image":{"@id":"https:\/\/www.suno.com.br\/noticias\/#\/schema\/logo\/image\/"},"sameAs":["https:\/\/facebook.com\/sunoresearch","https:\/\/x.com\/sunoresearch","https:\/\/www.instagram.com\/suno","https:\/\/www.linkedin.com\/company\/suno-research\/","https:\/\/www.youtube.com\/c\/sunoresearch"]},{"@type":"Person","@id":"https:\/\/www.suno.com.br\/noticias\/#\/schema\/person\/3f7693d5795a3f6d5ce15309ee785699","name":"Renan Dantas","image":{"@type":"ImageObject","inLanguage":"pt-BR","@id":"https:\/\/www.suno.com.br\/noticias\/#\/schema\/person\/image\/","url":"https:\/\/secure.gravatar.com\/avatar\/1787b83e7484a08e51d62ac8b41c8396?s=96&r=g","contentUrl":"https:\/\/secure.gravatar.com\/avatar\/1787b83e7484a08e51d62ac8b41c8396?s=96&r=g","caption":"Renan Dantas"},"description":"Escreve sobre pol\u00edtica e mercado financeiro para o portal Suno Not\u00edcias. Antes, atuou na assessoria de comunica\u00e7\u00e3o do Minist\u00e9rio P\u00fablico do Trabalho e na R\u00e1dio Mackenzie, onde apresentava e produzia um programa sobre artistas da m\u00fasica brasileira. \u00c9 estudante na Universidade Presbiteriana Mackenzie.","url":"https:\/\/www.suno.com.br\/noticias\/author\/renan-dantas\/"}]}},"default_loop_html":"<div class=\"cardsPage__listCard__boxs\"><div class=\"cardsPage__listCard__boxs__img\"><a href=\"https:\/\/www.suno.com.br\/noticias\/natura-creditos-pagar-divida-avon\/\"><img class=\"mask\" src=\"https:\/\/www.suno.com.br\/noticias\/wp-content\/themes\/suno\/resources\/images\/spotlight\/spotlight1img\/bg-mask.png\" alt=\"Image Mask\"\/><img src=\"https:\/\/files.sunoresearch.com.br\/n\/uploads\/2019\/03\/0ebf15d8-avon-2-400x200.webp\" alt=\"Natura utilizar\u00e1 cr\u00e9ditos para pagar d\u00edvida da Avon\"\/><\/a><span class=\"spotlightCategory\"><a href=\"https:\/\/www.suno.com.br\/noticias\/negocios\/\">Neg\u00f3cios<\/a><\/span><\/div><div class=\"cardsPage__listCard__boxs__content\"><a href=\"https:\/\/www.suno.com.br\/noticias\/natura-creditos-pagar-divida-avon\/\"><h2 class=\"content__title\">Natura utilizar\u00e1 cr\u00e9ditos para pagar d\u00edvida da Avon<\/h2><\/a><div class=\"newsContent__article__meta\"><div class=\"newsContent__article__meta__authorBox\"><a href=\"https:\/\/www.suno.com.br\/noticias\/author\/renan-dantas\/\" class=\"authorBox__avatar noMobi\"><img src=\"https:\/\/secure.gravatar.com\/avatar\/1787b83e7484a08e51d62ac8b41c8396?s=96&#038;r=g\" alt=\"Renan Dantas\"><\/a><div class=\"authorBox__name\"><span>por\n\t\t\t<a href=\"https:\/\/www.suno.com.br\/noticias\/author\/renan-dantas\/\"><span itemprop=\"author\">Renan Dantas<\/span><\/a><\/span><time datetime=\"2019-05-22T16:07:57-03:00\" itemprop=\"datePublished\">22\/05\/2019 16:07<\/time><\/div><\/div><\/div><\/div><\/div>","single_layout":"posts","amp_enabled":true,"_links":{"self":[{"href":"https:\/\/www.suno.com.br\/noticias\/wp-json\/wp\/v2\/posts\/25603"}],"collection":[{"href":"https:\/\/www.suno.com.br\/noticias\/wp-json\/wp\/v2\/posts"}],"about":[{"href":"https:\/\/www.suno.com.br\/noticias\/wp-json\/wp\/v2\/types\/post"}],"author":[{"embeddable":true,"href":"https:\/\/www.suno.com.br\/noticias\/wp-json\/wp\/v2\/users\/14"}],"replies":[{"embeddable":true,"href":"https:\/\/www.suno.com.br\/noticias\/wp-json\/wp\/v2\/comments?post=25603"}],"version-history":[{"count":0,"href":"https:\/\/www.suno.com.br\/noticias\/wp-json\/wp\/v2\/posts\/25603\/revisions"}],"wp:featuredmedia":[{"embeddable":true,"href":"https:\/\/www.suno.com.br\/noticias\/wp-json\/wp\/v2\/media\/18738"}],"wp:attachment":[{"href":"https:\/\/www.suno.com.br\/noticias\/wp-json\/wp\/v2\/media?parent=25603"}],"wp:term":[{"taxonomy":"category","embeddable":true,"href":"https:\/\/www.suno.com.br\/noticias\/wp-json\/wp\/v2\/categories?post=25603"},{"taxonomy":"post_tag","embeddable":true,"href":"https:\/\/www.suno.com.br\/noticias\/wp-json\/wp\/v2\/tags?post=25603"},{"taxonomy":"suno_strategy","embeddable":true,"href":"https:\/\/www.suno.com.br\/noticias\/wp-json\/wp\/v2\/suno_strategy?post=25603"}],"curies":[{"name":"wp","href":"https:\/\/api.w.org\/{rel}","templated":true}]}}