{"id":25585,"date":"2019-05-22T13:40:36","date_gmt":"2019-05-22T16:40:36","guid":{"rendered":"https:\/\/www.suno.com.br\/noticias\/?p=25585"},"modified":"2019-05-23T07:05:14","modified_gmt":"2019-05-23T10:05:14","slug":"natura-alta-bolsa-anuncio-compra-avon","status":"publish","type":"post","link":"https:\/\/www.suno.com.br\/noticias\/natura-alta-bolsa-anuncio-compra-avon\/","title":{"rendered":"A\u00e7\u00f5es da Natura sobem 9% e atinge m\u00e1xima hist\u00f3rica com compra da Avon"},"content":{"rendered":"<p>As <strong>a\u00e7\u00f5es<\/strong> da Natura Cosm\u00e9ticos SA (NATU3) operavam em significativa alta nesta quarta-feira (22). Os pap\u00e9is da empresa listada na <strong><a href=\"https:\/\/www.suno.com.br\/artigos\/b3\/\">B3 (Brasil, Bolsa, Balc\u00e3o)<\/a>\u00a0<\/strong>encerraram com avan\u00e7o de 9,43%, negociadas a R$ 61,50. A m\u00e1xima hist\u00f3rica ocorreu depois da divulga\u00e7\u00e3o de que a empresa brasileira confirmou as negocia\u00e7\u00f5es de compra da <strong>Avon.\u00a0<\/strong><\/p>\t<div class=\"wrapper-featured-image\">\n\t\t<figure class=\"spotlightImg\">\n\n\t\t\t<picture>\n\t\t\t\t<source media=\"(max-width: 768px)\" srcset=\"https:\/\/files.sunoresearch.com.br\/n\/uploads\/2019\/05\/428b311e-natura-400x200.webp\">\n\t\t\t\t<img loading=\"lazy\" decoding=\"async\" class=\"newsContent__article__imgCapa lazyloadDisabled newsContent__article__imgCapa--noCaption\" src=\"https:\/\/files.sunoresearch.com.br\/n\/uploads\/2019\/05\/428b311e-natura-jpg.webp\" width=\"800\" height=\"450\" alt=\"A\u00e7\u00f5es da Natura sobem 9% e atinge m\u00e1xima hist\u00f3rica com compra da Avon\" fetchpriority=high \/>\n\t\t\t<\/picture>\n\n\t\t\t<figcaption class=\"wp-caption-text wp-caption-text--hide\">Natura<\/figcaption>\n\t\t<\/figure>\n\t<\/div>\n\n\n<p>A <strong>Natura<\/strong> viu suas <strong>a\u00e7\u00f5es<\/strong> abrirem o dia em <strong>queda<\/strong> de at\u00e9 3%, contudo, os pap\u00e9is inverteram e intensificaram a <strong>alta.<\/strong> A informa\u00e7\u00e3o sobre o an\u00fancio de <strong>compra<\/strong>\u00a0da concorrente norte-americana foi dada nesta manh\u00e3 pelo &#8220;Financial Times&#8221;. Antes disso, a companhia j\u00e1 havia informado que negociava a compra da <strong>Avon<\/strong> por meio de troca de a\u00e7\u00f5es (o chamado all-share merger).<\/p>\n\t<p>\n\t\t<a href=\"https:\/\/www.seculus.com.br\/blackfriday\" target=\"_blank\" data-element=\"shortcode-suno-banner\" title=\"Banner SUNO, clique e saiba mais\">\n\t\t\t<picture>\n\t\t\t\t<source media=\"(max-width: 500px)\" srcset=\"https:\/\/files.sunoresearch.com.br\/n\/uploads\/2023\/11\/seculus_suno_mobile_3.jpg\">\n\t\t\t\t<img class=\"newsContent__article__imgCapa newsContent__article__imgCapa--banner\"\n\t\t\t\t\tsrc=\"https:\/\/files.sunoresearch.com.br\/n\/uploads\/2023\/11\/seculus_suno_desktop_3.jpg\"\n\t\t\t\t\tdata-promo-id=\"474124\"\t\t\t\t\t\t\t\t\t\twidth='1420' height='240'\t\t\t\t\talt=\"https:\/\/files.sunoresearch.com.br\/n\/uploads\/2023\/11\/seculus_suno_desktop_3.jpg\"\n\t\t\t\t>\n\t\t\t<\/picture>\n\t\t<\/a>\n\t<\/p>\n\n\n<p>Desse modo, a\u00a0aquisi\u00e7\u00e3o da concorrente pode ocorrer por mais de US$ 2 bilh\u00f5es. Assim, a brasileira deve ficar com 76% da empresa. Por outro lado, os outros 24% ficariam com os acionistas da norte-americana.<\/p>\n<p><a href=\"https:\/\/www.suno.com.br\/noticias\/natura-anunciar-compra-avon-quarta\/\">Saiba Mais: Natura deve anunciar compra da Avon nesta quarta, diz FT<\/a><\/p>\n<p>Atualmente, a <strong>Avon<\/strong> tem um <a href=\"https:\/\/www.suno.com.br\/artigos\/valor-de-mercado\">valor de mercado<\/a>\u00a0de US$ 1,42 bilh\u00e3o. Desde o an\u00fancio da poss\u00edvel compra, as a\u00e7\u00f5es da <strong>Natura<\/strong> j\u00e1 tiveram uma valoriza\u00e7\u00e3o de mais de 35% na <strong>Bolsa<\/strong><strong>.<\/strong> No entanto, no dia em que a empresa confirmou o interesse na opera\u00e7\u00e3o, seus pap\u00e9is despencaram 7%. J\u00e1 as a\u00e7\u00f5es da norte-americana subiram cerca de 10%. A <strong>Avon<\/strong> est\u00e1 listada na <a href=\"https:\/\/www.suno.com.br\/artigos\/nyse\">Nyse (New York Stock Exchange).<\/a><\/p>\n<p>Apesar das especula\u00e7\u00f5es para o valor da opera\u00e7\u00e3o girarem em torno dos US$ 2 bilh\u00f5es, os n\u00fameros\u00a0poder\u00e3o ser ainda mais altos. Isso se a empresa de cosm\u00e9ticos brasileira pagar <strong>pr\u00eamio <\/strong>na aquisi\u00e7\u00e3o.<\/p>\n<h2>Bancos d\u00e3o cr\u00e9dito \u00e0 Natura<\/h2>\n<p>No dia 14 de maio, o &#8220;Valor&#8221; divulgou que a <strong>Natura<\/strong> j\u00e1 possu\u00eda cr\u00e9ditos com o <strong>Ita\u00fa<\/strong> e o <strong>Bradesco<\/strong> para realizar a compra da <strong>Avon.<\/strong> Al\u00e9m disso, de acordo com o jornal, o\u00a0<strong>Santander<\/strong>\u00a0e o <strong>Citibank<\/strong>\u00a0tamb\u00e9m poder\u00e3o ser credores no <strong>financiamento<\/strong> para que a brasileira compre as opera\u00e7\u00f5es da americana.<\/p>\n<p><a href=\"https:\/\/www.suno.com.br\/noticias\/natura-garantia-credito-avon\/\">Saiba Mais: Natura possui garantia de cr\u00e9dito com Ita\u00fa e Bradesco para comprar Avon<\/a><\/p>\n<p>A assessoria da opera\u00e7\u00e3o ser\u00e1 feita pelos bancos <strong>UBS<\/strong> e <strong>Morgan Stanley<\/strong>. Assim, tais institui\u00e7\u00f5es financeiras n\u00e3o dever\u00e3o ser credoras na transa\u00e7\u00e3o.\u00a0\u201cOs bancos financiadores devem ser os bancos de relacionamento da companhia. Assim como os bancos de balan\u00e7o n\u00e3o entraram na assessoria da opera\u00e7\u00e3o, os assessores n\u00e3o devem entrar no cr\u00e9dito\u201d, disse uma fonte ao jornal.<\/p>\n","protected":false},"excerpt":{"rendered":"<p>As a\u00e7\u00f5es da Natura Cosm\u00e9ticos SA (NATU3) operavam em significativa alta nesta quarta-feira (22). Os pap\u00e9is da empresa listada na B3 (Brasil, Bolsa, Balc\u00e3o)\u00a0encerraram com avan\u00e7o de 9,43%, negociadas a R$ 61,50. A m\u00e1xima hist\u00f3rica ocorreu depois da divulga\u00e7\u00e3o de que a empresa brasileira confirmou as negocia\u00e7\u00f5es de compra da Avon.\u00a0 Natura A Natura viu [&hellip;]<\/p>\n","protected":false},"author":16,"featured_media":25593,"comment_status":"closed","ping_status":"closed","sticky":false,"template":"","format":"standard","meta":[],"categories":[64],"tags":[975,574],"suno_strategy":[],"class_list":["post-25585","post","type-post","status-publish","format-standard","has-post-thumbnail","hentry","category-negocios","tag-avon","tag-natura-ntco3"],"yoast_head":"<!-- This site is optimized with the Yoast SEO plugin v24.4 - https:\/\/yoast.com\/wordpress\/plugins\/seo\/ -->\n<title>A\u00e7\u00e3o da Natura sobe 9% e atinge m\u00e1xima hist\u00f3rica com compra da Avon<\/title>\n<meta name=\"description\" content=\"A alta da Natura ocorre depois de os pap\u00e9is abrirem em queda e tamb\u00e9m ap\u00f3s informa\u00e7\u00e3o de que a compra da Avon pode ser anunciada hoje.\" \/>\n<meta name=\"robots\" content=\"index, follow, max-snippet:-1, max-image-preview:large, max-video-preview:-1\" \/>\n<link rel=\"canonical\" href=\"https:\/\/www.suno.com.br\/noticias\/natura-alta-bolsa-anuncio-compra-avon\/\" \/>\n<meta property=\"og:locale\" content=\"pt_BR\" \/>\n<meta property=\"og:type\" content=\"article\" \/>\n<meta property=\"og:title\" content=\"A\u00e7\u00e3o da Natura sobe 9% e atinge m\u00e1xima hist\u00f3rica com compra da Avon\" \/>\n<meta property=\"og:description\" content=\"A alta da Natura ocorre depois de os pap\u00e9is abrirem em queda e tamb\u00e9m ap\u00f3s informa\u00e7\u00e3o de que a compra da Avon pode ser anunciada hoje.\" \/>\n<meta property=\"og:url\" content=\"https:\/\/www.suno.com.br\/noticias\/natura-alta-bolsa-anuncio-compra-avon\/\" \/>\n<meta property=\"og:site_name\" content=\"Suno Not\u00edcias\" \/>\n<meta property=\"article:publisher\" content=\"https:\/\/facebook.com\/sunoresearch\" \/>\n<meta property=\"og:image\" content=\"https:\/\/files.sunoresearch.com.br\/n\/uploads\/2019\/05\/428b311e-natura.jpg\" \/>\n\t<meta property=\"og:image:width\" content=\"568\" \/>\n\t<meta property=\"og:image:height\" content=\"312\" \/>\n\t<meta property=\"og:image:type\" content=\"image\/jpeg\" \/>\n<meta name=\"author\" content=\"Beatriz Oliveira\" \/>\n<meta name=\"twitter:card\" content=\"summary_large_image\" \/>\n<meta name=\"twitter:creator\" content=\"@sunoresearch\" \/>\n<meta name=\"twitter:site\" content=\"@sunoresearch\" \/>\n<meta name=\"twitter:label1\" content=\"Escrito por\" \/>\n\t<meta name=\"twitter:data1\" content=\"Beatriz Oliveira\" \/>\n\t<meta name=\"twitter:label2\" content=\"Est. tempo de leitura\" \/>\n\t<meta name=\"twitter:data2\" content=\"2 minutos\" \/>\n<script type=\"application\/ld+json\" class=\"yoast-schema-graph\">{\"@context\":\"https:\/\/schema.org\",\"@graph\":[{\"@type\":\"NewsArticle\",\"@id\":\"https:\/\/www.suno.com.br\/noticias\/natura-alta-bolsa-anuncio-compra-avon\/#article\",\"isPartOf\":{\"@id\":\"https:\/\/www.suno.com.br\/noticias\/natura-alta-bolsa-anuncio-compra-avon\/\"},\"author\":{\"name\":\"Beatriz Oliveira\",\"@id\":\"https:\/\/www.suno.com.br\/noticias\/#\/schema\/person\/e67f665add014bf99f644028de070cc3\"},\"headline\":\"A\u00e7\u00f5es da Natura sobem 9% e atinge m\u00e1xima hist\u00f3rica com compra da Avon\",\"datePublished\":\"2019-05-22T16:40:36+00:00\",\"dateModified\":\"2019-05-23T10:05:14+00:00\",\"mainEntityOfPage\":{\"@id\":\"https:\/\/www.suno.com.br\/noticias\/natura-alta-bolsa-anuncio-compra-avon\/\"},\"wordCount\":445,\"publisher\":{\"@id\":\"https:\/\/www.suno.com.br\/noticias\/#organization\"},\"image\":{\"@id\":\"https:\/\/www.suno.com.br\/noticias\/natura-alta-bolsa-anuncio-compra-avon\/#primaryimage\"},\"thumbnailUrl\":\"https:\/\/files.sunoresearch.com.br\/n\/uploads\/2019\/05\/428b311e-natura-jpg.webp\",\"keywords\":[\"Avon\",\"Natura (NTCO3)\"],\"articleSection\":[\"Neg\u00f3cios\"],\"inLanguage\":\"pt-BR\"},{\"@type\":\"WebPage\",\"@id\":\"https:\/\/www.suno.com.br\/noticias\/natura-alta-bolsa-anuncio-compra-avon\/\",\"url\":\"https:\/\/www.suno.com.br\/noticias\/natura-alta-bolsa-anuncio-compra-avon\/\",\"name\":\"A\u00e7\u00e3o da Natura sobe 9% e atinge m\u00e1xima hist\u00f3rica com compra da Avon\",\"isPartOf\":{\"@id\":\"https:\/\/www.suno.com.br\/noticias\/#website\"},\"primaryImageOfPage\":{\"@id\":\"https:\/\/www.suno.com.br\/noticias\/natura-alta-bolsa-anuncio-compra-avon\/#primaryimage\"},\"image\":{\"@id\":\"https:\/\/www.suno.com.br\/noticias\/natura-alta-bolsa-anuncio-compra-avon\/#primaryimage\"},\"thumbnailUrl\":\"https:\/\/files.sunoresearch.com.br\/n\/uploads\/2019\/05\/428b311e-natura-jpg.webp\",\"datePublished\":\"2019-05-22T16:40:36+00:00\",\"dateModified\":\"2019-05-23T10:05:14+00:00\",\"description\":\"A alta da Natura ocorre depois de os pap\u00e9is abrirem em queda e tamb\u00e9m ap\u00f3s informa\u00e7\u00e3o de que a compra da Avon pode ser anunciada hoje.\",\"breadcrumb\":{\"@id\":\"https:\/\/www.suno.com.br\/noticias\/natura-alta-bolsa-anuncio-compra-avon\/#breadcrumb\"},\"inLanguage\":\"pt-BR\",\"potentialAction\":[{\"@type\":\"ReadAction\",\"target\":[\"https:\/\/www.suno.com.br\/noticias\/natura-alta-bolsa-anuncio-compra-avon\/\"]}]},{\"@type\":\"ImageObject\",\"inLanguage\":\"pt-BR\",\"@id\":\"https:\/\/www.suno.com.br\/noticias\/natura-alta-bolsa-anuncio-compra-avon\/#primaryimage\",\"url\":\"https:\/\/files.sunoresearch.com.br\/n\/uploads\/2019\/05\/428b311e-natura-jpg.webp\",\"contentUrl\":\"https:\/\/files.sunoresearch.com.br\/n\/uploads\/2019\/05\/428b311e-natura-jpg.webp\",\"width\":568,\"height\":312,\"caption\":\"Natura\"},{\"@type\":\"BreadcrumbList\",\"@id\":\"https:\/\/www.suno.com.br\/noticias\/natura-alta-bolsa-anuncio-compra-avon\/#breadcrumb\",\"itemListElement\":[{\"@type\":\"ListItem\",\"position\":1,\"name\":\"Not\u00edcias\",\"item\":\"https:\/\/www.suno.com.br\/noticias\/\"},{\"@type\":\"ListItem\",\"position\":2,\"name\":\"Neg\u00f3cios\",\"item\":\"https:\/\/www.suno.com.br\/noticias\/negocios\/\"},{\"@type\":\"ListItem\",\"position\":3,\"name\":\"A\u00e7\u00f5es da Natura sobem 9% e atinge m\u00e1xima hist\u00f3rica com compra da Avon\"}]},{\"@type\":\"WebSite\",\"@id\":\"https:\/\/www.suno.com.br\/noticias\/#website\",\"url\":\"https:\/\/www.suno.com.br\/noticias\/\",\"name\":\"Suno Not\u00edcias\",\"description\":\"Seu portal de informa\u00e7\u00e3o sobre o mundo dos investimentos\",\"publisher\":{\"@id\":\"https:\/\/www.suno.com.br\/noticias\/#organization\"},\"potentialAction\":[{\"@type\":\"SearchAction\",\"target\":{\"@type\":\"EntryPoint\",\"urlTemplate\":\"https:\/\/www.suno.com.br\/noticias\/?s={search_term_string}\"},\"query-input\":{\"@type\":\"PropertyValueSpecification\",\"valueRequired\":true,\"valueName\":\"search_term_string\"}}],\"inLanguage\":\"pt-BR\"},{\"@type\":\"Organization\",\"@id\":\"https:\/\/www.suno.com.br\/noticias\/#organization\",\"name\":\"Suno Not\u00edcias\",\"url\":\"https:\/\/www.suno.com.br\/noticias\/\",\"logo\":{\"@type\":\"ImageObject\",\"inLanguage\":\"pt-BR\",\"@id\":\"https:\/\/www.suno.com.br\/noticias\/#\/schema\/logo\/image\/\",\"url\":\"https:\/\/files.sunoresearch.com.br\/n\/uploads\/2021\/09\/suno-logo.png\",\"contentUrl\":\"https:\/\/files.sunoresearch.com.br\/n\/uploads\/2021\/09\/suno-logo.png\",\"width\":180,\"height\":180,\"caption\":\"Suno Not\u00edcias\"},\"image\":{\"@id\":\"https:\/\/www.suno.com.br\/noticias\/#\/schema\/logo\/image\/\"},\"sameAs\":[\"https:\/\/facebook.com\/sunoresearch\",\"https:\/\/x.com\/sunoresearch\",\"https:\/\/www.instagram.com\/suno\",\"https:\/\/www.linkedin.com\/company\/suno-research\/\",\"https:\/\/www.youtube.com\/c\/sunoresearch\"]},{\"@type\":\"Person\",\"@id\":\"https:\/\/www.suno.com.br\/noticias\/#\/schema\/person\/e67f665add014bf99f644028de070cc3\",\"name\":\"Beatriz Oliveira\",\"image\":{\"@type\":\"ImageObject\",\"inLanguage\":\"pt-BR\",\"@id\":\"https:\/\/www.suno.com.br\/noticias\/#\/schema\/person\/image\/\",\"url\":\"https:\/\/secure.gravatar.com\/avatar\/c9aa6a0aaecc598d257d5d5bd349157d?s=96&r=g\",\"contentUrl\":\"https:\/\/secure.gravatar.com\/avatar\/c9aa6a0aaecc598d257d5d5bd349157d?s=96&r=g\",\"caption\":\"Beatriz Oliveira\"},\"description\":\"Formada em Jornalismo pela Faculdade Paulus de Tecnologia e Comunica\u00e7\u00e3o, Beatriz Oliveira escreve para o portal de not\u00edcias Suno Research. Antes, passou pelas reda\u00e7\u00f5es da Revista EXAME e da Rede Bandeirantes.\",\"url\":\"https:\/\/www.suno.com.br\/noticias\/author\/beatriz\/\"}]}<\/script>\n<!-- \/ Yoast SEO plugin. -->","yoast_head_json":{"title":"A\u00e7\u00e3o da Natura sobe 9% e atinge m\u00e1xima hist\u00f3rica com compra da Avon","description":"A alta da Natura ocorre depois de os pap\u00e9is abrirem em queda e tamb\u00e9m ap\u00f3s informa\u00e7\u00e3o de que a compra da Avon pode ser anunciada hoje.","robots":{"index":"index","follow":"follow","max-snippet":"max-snippet:-1","max-image-preview":"max-image-preview:large","max-video-preview":"max-video-preview:-1"},"canonical":"https:\/\/www.suno.com.br\/noticias\/natura-alta-bolsa-anuncio-compra-avon\/","og_locale":"pt_BR","og_type":"article","og_title":"A\u00e7\u00e3o da Natura sobe 9% e atinge m\u00e1xima hist\u00f3rica com compra da Avon","og_description":"A alta da Natura ocorre depois de os pap\u00e9is abrirem em queda e tamb\u00e9m ap\u00f3s informa\u00e7\u00e3o de que a compra da Avon pode ser anunciada hoje.","og_url":"https:\/\/www.suno.com.br\/noticias\/natura-alta-bolsa-anuncio-compra-avon\/","og_site_name":"Suno Not\u00edcias","article_publisher":"https:\/\/facebook.com\/sunoresearch","og_image":[{"width":568,"height":312,"url":"https:\/\/files.sunoresearch.com.br\/n\/uploads\/2019\/05\/428b311e-natura.jpg","type":"image\/jpeg"}],"author":"Beatriz Oliveira","twitter_card":"summary_large_image","twitter_creator":"@sunoresearch","twitter_site":"@sunoresearch","twitter_misc":{"Escrito por":"Beatriz Oliveira","Est. tempo de leitura":"2 minutos"},"schema":{"@context":"https:\/\/schema.org","@graph":[{"@type":"NewsArticle","@id":"https:\/\/www.suno.com.br\/noticias\/natura-alta-bolsa-anuncio-compra-avon\/#article","isPartOf":{"@id":"https:\/\/www.suno.com.br\/noticias\/natura-alta-bolsa-anuncio-compra-avon\/"},"author":{"name":"Beatriz Oliveira","@id":"https:\/\/www.suno.com.br\/noticias\/#\/schema\/person\/e67f665add014bf99f644028de070cc3"},"headline":"A\u00e7\u00f5es da Natura sobem 9% e atinge m\u00e1xima hist\u00f3rica com compra da Avon","datePublished":"2019-05-22T16:40:36+00:00","dateModified":"2019-05-23T10:05:14+00:00","mainEntityOfPage":{"@id":"https:\/\/www.suno.com.br\/noticias\/natura-alta-bolsa-anuncio-compra-avon\/"},"wordCount":445,"publisher":{"@id":"https:\/\/www.suno.com.br\/noticias\/#organization"},"image":{"@id":"https:\/\/www.suno.com.br\/noticias\/natura-alta-bolsa-anuncio-compra-avon\/#primaryimage"},"thumbnailUrl":"https:\/\/files.sunoresearch.com.br\/n\/uploads\/2019\/05\/428b311e-natura-jpg.webp","keywords":["Avon","Natura (NTCO3)"],"articleSection":["Neg\u00f3cios"],"inLanguage":"pt-BR"},{"@type":"WebPage","@id":"https:\/\/www.suno.com.br\/noticias\/natura-alta-bolsa-anuncio-compra-avon\/","url":"https:\/\/www.suno.com.br\/noticias\/natura-alta-bolsa-anuncio-compra-avon\/","name":"A\u00e7\u00e3o da Natura sobe 9% e atinge m\u00e1xima hist\u00f3rica com compra da Avon","isPartOf":{"@id":"https:\/\/www.suno.com.br\/noticias\/#website"},"primaryImageOfPage":{"@id":"https:\/\/www.suno.com.br\/noticias\/natura-alta-bolsa-anuncio-compra-avon\/#primaryimage"},"image":{"@id":"https:\/\/www.suno.com.br\/noticias\/natura-alta-bolsa-anuncio-compra-avon\/#primaryimage"},"thumbnailUrl":"https:\/\/files.sunoresearch.com.br\/n\/uploads\/2019\/05\/428b311e-natura-jpg.webp","datePublished":"2019-05-22T16:40:36+00:00","dateModified":"2019-05-23T10:05:14+00:00","description":"A alta da Natura ocorre depois de os pap\u00e9is abrirem em queda e tamb\u00e9m ap\u00f3s informa\u00e7\u00e3o de que a compra da Avon pode ser anunciada hoje.","breadcrumb":{"@id":"https:\/\/www.suno.com.br\/noticias\/natura-alta-bolsa-anuncio-compra-avon\/#breadcrumb"},"inLanguage":"pt-BR","potentialAction":[{"@type":"ReadAction","target":["https:\/\/www.suno.com.br\/noticias\/natura-alta-bolsa-anuncio-compra-avon\/"]}]},{"@type":"ImageObject","inLanguage":"pt-BR","@id":"https:\/\/www.suno.com.br\/noticias\/natura-alta-bolsa-anuncio-compra-avon\/#primaryimage","url":"https:\/\/files.sunoresearch.com.br\/n\/uploads\/2019\/05\/428b311e-natura-jpg.webp","contentUrl":"https:\/\/files.sunoresearch.com.br\/n\/uploads\/2019\/05\/428b311e-natura-jpg.webp","width":568,"height":312,"caption":"Natura"},{"@type":"BreadcrumbList","@id":"https:\/\/www.suno.com.br\/noticias\/natura-alta-bolsa-anuncio-compra-avon\/#breadcrumb","itemListElement":[{"@type":"ListItem","position":1,"name":"Not\u00edcias","item":"https:\/\/www.suno.com.br\/noticias\/"},{"@type":"ListItem","position":2,"name":"Neg\u00f3cios","item":"https:\/\/www.suno.com.br\/noticias\/negocios\/"},{"@type":"ListItem","position":3,"name":"A\u00e7\u00f5es da Natura sobem 9% e atinge m\u00e1xima hist\u00f3rica com compra da Avon"}]},{"@type":"WebSite","@id":"https:\/\/www.suno.com.br\/noticias\/#website","url":"https:\/\/www.suno.com.br\/noticias\/","name":"Suno Not\u00edcias","description":"Seu portal de informa\u00e7\u00e3o sobre o mundo dos investimentos","publisher":{"@id":"https:\/\/www.suno.com.br\/noticias\/#organization"},"potentialAction":[{"@type":"SearchAction","target":{"@type":"EntryPoint","urlTemplate":"https:\/\/www.suno.com.br\/noticias\/?s={search_term_string}"},"query-input":{"@type":"PropertyValueSpecification","valueRequired":true,"valueName":"search_term_string"}}],"inLanguage":"pt-BR"},{"@type":"Organization","@id":"https:\/\/www.suno.com.br\/noticias\/#organization","name":"Suno Not\u00edcias","url":"https:\/\/www.suno.com.br\/noticias\/","logo":{"@type":"ImageObject","inLanguage":"pt-BR","@id":"https:\/\/www.suno.com.br\/noticias\/#\/schema\/logo\/image\/","url":"https:\/\/files.sunoresearch.com.br\/n\/uploads\/2021\/09\/suno-logo.png","contentUrl":"https:\/\/files.sunoresearch.com.br\/n\/uploads\/2021\/09\/suno-logo.png","width":180,"height":180,"caption":"Suno Not\u00edcias"},"image":{"@id":"https:\/\/www.suno.com.br\/noticias\/#\/schema\/logo\/image\/"},"sameAs":["https:\/\/facebook.com\/sunoresearch","https:\/\/x.com\/sunoresearch","https:\/\/www.instagram.com\/suno","https:\/\/www.linkedin.com\/company\/suno-research\/","https:\/\/www.youtube.com\/c\/sunoresearch"]},{"@type":"Person","@id":"https:\/\/www.suno.com.br\/noticias\/#\/schema\/person\/e67f665add014bf99f644028de070cc3","name":"Beatriz Oliveira","image":{"@type":"ImageObject","inLanguage":"pt-BR","@id":"https:\/\/www.suno.com.br\/noticias\/#\/schema\/person\/image\/","url":"https:\/\/secure.gravatar.com\/avatar\/c9aa6a0aaecc598d257d5d5bd349157d?s=96&r=g","contentUrl":"https:\/\/secure.gravatar.com\/avatar\/c9aa6a0aaecc598d257d5d5bd349157d?s=96&r=g","caption":"Beatriz Oliveira"},"description":"Formada em Jornalismo pela Faculdade Paulus de Tecnologia e Comunica\u00e7\u00e3o, Beatriz Oliveira escreve para o portal de not\u00edcias Suno Research. Antes, passou pelas reda\u00e7\u00f5es da Revista EXAME e da Rede Bandeirantes.","url":"https:\/\/www.suno.com.br\/noticias\/author\/beatriz\/"}]}},"default_loop_html":"<div class=\"cardsPage__listCard__boxs\"><div class=\"cardsPage__listCard__boxs__img\"><a href=\"https:\/\/www.suno.com.br\/noticias\/natura-alta-bolsa-anuncio-compra-avon\/\"><img class=\"mask\" src=\"https:\/\/www.suno.com.br\/noticias\/wp-content\/themes\/suno\/resources\/images\/spotlight\/spotlight1img\/bg-mask.png\" alt=\"Image Mask\"\/><img src=\"https:\/\/files.sunoresearch.com.br\/n\/uploads\/2019\/05\/428b311e-natura-400x200.webp\" alt=\"A\u00e7\u00f5es da Natura sobem 9% e atinge m\u00e1xima hist\u00f3rica com compra da Avon\"\/><\/a><span class=\"spotlightCategory\"><a href=\"https:\/\/www.suno.com.br\/noticias\/negocios\/\">Neg\u00f3cios<\/a><\/span><\/div><div class=\"cardsPage__listCard__boxs__content\"><a href=\"https:\/\/www.suno.com.br\/noticias\/natura-alta-bolsa-anuncio-compra-avon\/\"><h2 class=\"content__title\">A\u00e7\u00f5es da Natura sobem 9% e atinge m\u00e1xima hist\u00f3rica com compra da Avon<\/h2><\/a><div class=\"newsContent__article__meta\"><div class=\"newsContent__article__meta__authorBox\"><a href=\"https:\/\/www.suno.com.br\/noticias\/author\/beatriz\/\" class=\"authorBox__avatar noMobi\"><img src=\"https:\/\/secure.gravatar.com\/avatar\/c9aa6a0aaecc598d257d5d5bd349157d?s=96&#038;r=g\" alt=\"Beatriz Oliveira\"><\/a><div class=\"authorBox__name\"><span>por\n\t\t\t<a href=\"https:\/\/www.suno.com.br\/noticias\/author\/beatriz\/\"><span itemprop=\"author\">Beatriz Oliveira<\/span><\/a><\/span><time datetime=\"2019-05-22T13:40:36-03:00\" itemprop=\"datePublished\">22\/05\/2019 13:40<\/time><\/div><\/div><\/div><\/div><\/div>","single_layout":"posts","amp_enabled":true,"_links":{"self":[{"href":"https:\/\/www.suno.com.br\/noticias\/wp-json\/wp\/v2\/posts\/25585"}],"collection":[{"href":"https:\/\/www.suno.com.br\/noticias\/wp-json\/wp\/v2\/posts"}],"about":[{"href":"https:\/\/www.suno.com.br\/noticias\/wp-json\/wp\/v2\/types\/post"}],"author":[{"embeddable":true,"href":"https:\/\/www.suno.com.br\/noticias\/wp-json\/wp\/v2\/users\/16"}],"replies":[{"embeddable":true,"href":"https:\/\/www.suno.com.br\/noticias\/wp-json\/wp\/v2\/comments?post=25585"}],"version-history":[{"count":0,"href":"https:\/\/www.suno.com.br\/noticias\/wp-json\/wp\/v2\/posts\/25585\/revisions"}],"wp:featuredmedia":[{"embeddable":true,"href":"https:\/\/www.suno.com.br\/noticias\/wp-json\/wp\/v2\/media\/25593"}],"wp:attachment":[{"href":"https:\/\/www.suno.com.br\/noticias\/wp-json\/wp\/v2\/media?parent=25585"}],"wp:term":[{"taxonomy":"category","embeddable":true,"href":"https:\/\/www.suno.com.br\/noticias\/wp-json\/wp\/v2\/categories?post=25585"},{"taxonomy":"post_tag","embeddable":true,"href":"https:\/\/www.suno.com.br\/noticias\/wp-json\/wp\/v2\/tags?post=25585"},{"taxonomy":"suno_strategy","embeddable":true,"href":"https:\/\/www.suno.com.br\/noticias\/wp-json\/wp\/v2\/suno_strategy?post=25585"}],"curies":[{"name":"wp","href":"https:\/\/api.w.org\/{rel}","templated":true}]}}