{"id":255844,"date":"2022-05-03T18:44:12","date_gmt":"2022-05-03T21:44:12","guid":{"rendered":"https:\/\/www.suno.com.br\/noticias\/?p=255844"},"modified":"2022-05-03T18:44:12","modified_gmt":"2022-05-03T21:44:12","slug":"eletrobras-elet3-ministro-tcu-solicita-documentos-privatizacao","status":"publish","type":"post","link":"https:\/\/www.suno.com.br\/noticias\/eletrobras-elet3-ministro-tcu-solicita-documentos-privatizacao\/","title":{"rendered":"Eletrobras (ELET3): ministro do TCU pede mais documentos sobre o processo de privatiza\u00e7\u00e3o"},"content":{"rendered":"<p>Duas semanas ap\u00f3s pedir vista do processo de privatiza\u00e7\u00e3o da <a href=\"https:\/\/www.suno.com.br\/acoes\/elet3\/\"><strong>Eletrobras<\/strong>\u00a0(ELET3)<\/a>, o ministro do Tribunal de Contas da Uni\u00e3o (TCU) Vital do R\u00eago enviou na segunda-feira (2), documento ao <strong>presidente da estatal<\/strong>, Rodrigo Limp, solicitando uma s\u00e9rie de informa\u00e7\u00f5es e documentos para finalizar a segunda etapa da privatiza\u00e7\u00e3o da empresa. O ministro solicita que as informa\u00e7\u00f5es sejam entregues em cinco dias.<\/p>\t<div class=\"wrapper-featured-image\">\n\t\t<figure class=\"spotlightImg\">\n\n\t\t\t<picture>\n\t\t\t\t<source media=\"(max-width: 768px)\" srcset=\"https:\/\/files.sunoresearch.com.br\/n\/uploads\/2021\/02\/c3b3f26a-eletrobras-400x200.webp\">\n\t\t\t\t<img loading=\"lazy\" decoding=\"async\" class=\"newsContent__article__imgCapa lazyloadDisabled \" src=\"https:\/\/files.sunoresearch.com.br\/n\/uploads\/2021\/02\/c3b3f26a-eletrobras-800x450.webp\" width=\"800\" height=\"450\" alt=\"Eletrobras (ELET3): ministro do TCU pede mais documentos sobre o processo de privatiza\u00e7\u00e3o\" fetchpriority=high \/>\n\t\t\t<\/picture>\n\n\t\t\t<figcaption class=\"wp-caption-text wp-caption-text--show\">Eletrobras (ELET3). Foto: Divulga\u00e7\u00e3o.<\/figcaption>\n\t\t<\/figure>\n\t<\/div>\n\n\n\t<p>\n\t\t<a href=\"\" target=\"_blank\" data-element=\"shortcode-suno-banner\" title=\"Banner SUNO, clique e saiba mais\">\n\t\t\t<picture>\n\t\t\t\t<source media=\"(max-width: 500px)\" srcset=\"\">\n\t\t\t\t<img class=\"newsContent__article__imgCapa newsContent__article__imgCapa--banner\"\n\t\t\t\t\tsrc=\"\"\n\t\t\t\t\tdata-promo-id=\"138420\"\t\t\t\t\t\t\t\t\t\t\t\t\t\t\talt=\"\"\n\t\t\t\t>\n\t\t\t<\/picture>\n\t\t<\/a>\n\t<\/p>\n\n\n<p>R\u00eago questiona, por exemplo, o destino de recursos de um <strong>empr\u00e9stimo compuls\u00f3rio de energia<\/strong> criado pela Lei 5.824\/1972, para saber se foram utilizados no projeto da usina hidrel\u00e9trica de Itaipu Binacional e\/ou no respectivo sistema de transmiss\u00e3o, al\u00e9m de uma s\u00e9rie de informa\u00e7\u00f5es sobre as subsidi\u00e1rias e processos de arbitragem da Eletrobras.<\/p>\n<p>A lista de documentos solicitada inclui comunicados ao mercado, relat\u00f3rios 20F, atas de assembleia e in\u00fameras Nota T\u00e9cnicas referentes \u00e0 Eletrobras.<\/p>\n<p>De acordo com fontes da companhia, apesar do volume de pedidos a empresa deve conseguir entregar a tempo, para n\u00e3o atrasar ainda mais o processo que deveria ser finalizado este m\u00eas.<\/p>\n\t<p>\n\t\t<a href=\"https:\/\/lp.suno.com.br\/planilha-da-vida-financeira\/\" target=\"_blank\" data-element=\"shortcode-suno-banner\" title=\"Banner SUNO, clique e saiba mais\">\n\t\t\t<picture>\n\t\t\t\t<source media=\"(max-width: 500px)\" srcset=\"https:\/\/files.sunoresearch.com.br\/n\/uploads\/2023\/04\/400x300-Planilha-vida-financeira-true.png\">\n\t\t\t\t<img class=\"newsContent__article__imgCapa newsContent__article__imgCapa--banner\"\n\t\t\t\t\tsrc=\"https:\/\/files.sunoresearch.com.br\/n\/uploads\/2023\/04\/1420x240-Planilha-vida-financeira-true.png\"\n\t\t\t\t\tdata-promo-id=\"106682\"\t\t\t\t\t\t\t\t\t\twidth='1420' height='240'\t\t\t\t\talt=\"https:\/\/files.sunoresearch.com.br\/n\/uploads\/2023\/04\/1420x240-Planilha-vida-financeira-true.png\"\n\t\t\t\t>\n\t\t\t<\/picture>\n\t\t<\/a>\n\t<\/p>\n\n\n<p>A nova meta do governo \u00e9 realizar a <strong>capitaliza\u00e7\u00e3o da estatal<\/strong> entre julho e agosto.<\/p>\n<h2 class=\"newsContent__article__title\">Eletrobras: TCU suspende julgamento sobre privatiza\u00e7\u00e3o por 20 dias<\/h2>\n<p>O ministro do Tribunal de Contas da Uni\u00e3o (<strong>TCU<\/strong>) Vital do R\u00eago Barros pediu, nesta quarta (2o), vistas do julgamento que analisa a privatiza\u00e7\u00e3o da\u00a0<a href=\"https:\/\/www.suno.com.br\/acoes\/elet3\/\"><strong>Eletrobras<\/strong>\u00a0(ELET3)<\/a>, como previsto. Havia a expectativa de que o ministro do TCU, que \u00e9 contr\u00e1rio \u00e0 privatiza\u00e7\u00e3o, pediria 60 dias como prazo para finalizar sua an\u00e1lise. Durante o julgamento, no entanto, ele cedeu ao apelo dos demais ministros e aceitou reduzir o prazo para, no m\u00e1ximo, 20 dias.<\/p>\n<p>Com a decis\u00e3o, o\u00a0<strong>processo de privatiza\u00e7\u00e3o<\/strong>\u00a0s\u00f3 deve voltar \u00e0 pauta no dia 11 de maio, o que inviabiliza os planos do governo de realizar a opera\u00e7\u00e3o at\u00e9 13 de maio.<\/p>\n<p>Mesmo com o recuo do\u00a0<strong>ministro do TCU<\/strong>, n\u00e3o ser\u00e1 poss\u00edvel que o governo realize a opera\u00e7\u00e3o no pr\u00f3ximo m\u00eas. Para concluir a\u00a0<strong>venda da estatal<\/strong>\u00a0dentro do cronograma, o pedido de vista n\u00e3o poderia ser superior a sete dias, o que n\u00e3o foi poss\u00edvel, mesmo com a press\u00e3o do governo. O ministro\u00a0<strong>Jorge Oliveira<\/strong>, que foi indicado por Bolsonaro ao TCU, sugeriu reduzir para sete, como queria o governo, mas houve questionamentos sobre o regimento do \u00f3rg\u00e3o.<\/p>\n<p>O governo prev\u00ea agora que a privatiza\u00e7\u00e3o s\u00f3 deve ser conclu\u00edda em julho.<\/p>\n\t<p>\n\t\t<a href=\"https:\/\/lp.suno.com.br\/ebook-como-analisar-uma-acao\/\" target=\"_blank\" data-element=\"shortcode-suno-banner\" title=\"Banner SUNO, clique e saiba mais\">\n\t\t\t<picture>\n\t\t\t\t<source media=\"(max-width: 500px)\" srcset=\"https:\/\/files.sunoresearch.com.br\/n\/uploads\/2023\/03\/Ebook-Acoes-Mobile-1.jpg\">\n\t\t\t\t<img class=\"newsContent__article__imgCapa newsContent__article__imgCapa--banner\"\n\t\t\t\t\tsrc=\"https:\/\/files.sunoresearch.com.br\/n\/uploads\/2023\/03\/Ebook-Acoes-Desktop-1.jpg\"\n\t\t\t\t\tdata-promo-id=\"171998\"\t\t\t\t\t\t\t\t\t\twidth='1420' height='286'\t\t\t\t\talt=\"https:\/\/files.sunoresearch.com.br\/n\/uploads\/2023\/03\/Ebook-Acoes-Desktop-1.jpg\"\n\t\t\t\t>\n\t\t\t<\/picture>\n\t\t<\/a>\n\t<\/p>\n\n\n<h2>Adiamento da privatiza\u00e7\u00e3o da Eletrobras tem risco eleitoral, argumentou o governo<\/h2>\n<p>O Executivo avaliava que havia uma janela de oportunidade para vender a empresa at\u00e9 o dia 13 de maio. Passado esse per\u00edodo, membros do governo dizem que a opera\u00e7\u00e3o ficaria inviabilizada, dada a proximidade do per\u00edodo eleitoral, que poderia contaminar a desestatiza\u00e7\u00e3o. Esse argumento foi recha\u00e7ado por alguns ministros do TCU, que o consideraram \u201cfalacioso\u201d.<\/p>\n<p>\u201cO investidor aceitaria\u00a0<strong>comprar a Eletrobras<\/strong>\u00a0na primeira semana de junho e n\u00e3o na \u00faltima de julho? Parece um argumento tra\u00e7ado para jogar sobre o Tribunal o peso da opini\u00e3o p\u00fablica\u201d, questionou o ministro Bruno Dantas, que afirmou poucas vezes ter sentido uma \u201ctentativa de pressionar o Tribunal de forma t\u00e3o avassaladora\u201d.<\/p>\n\t<p>\n\t\t<a href=\"https:\/\/lp.suno.com.br\/planilha-controle-gastos\/\" target=\"_blank\" data-element=\"shortcode-suno-banner\" title=\"Banner SUNO, clique e saiba mais\">\n\t\t\t<picture>\n\t\t\t\t<source media=\"(max-width: 500px)\" srcset=\"https:\/\/files.sunoresearch.com.br\/n\/uploads\/2023\/03\/400x300-Planilha-controle-de-gastos.png\">\n\t\t\t\t<img class=\"newsContent__article__imgCapa newsContent__article__imgCapa--banner\"\n\t\t\t\t\tsrc=\"https:\/\/files.sunoresearch.com.br\/n\/uploads\/2023\/03\/1420x240-Planilha-controle-de-gastos.png\"\n\t\t\t\t\tdata-promo-id=\"101751\"\t\t\t\t\t\t\t\t\t\twidth='1420' height='240'\t\t\t\t\talt=\"https:\/\/files.sunoresearch.com.br\/n\/uploads\/2023\/03\/1420x240-Planilha-controle-de-gastos.png\"\n\t\t\t\t>\n\t\t\t<\/picture>\n\t\t<\/a>\n\t<\/p>\n\n\n<p>O julgamento come\u00e7ou com a apresenta\u00e7\u00e3o do voto do ministro-relator, Aroldo Cedraz, o \u00fanico que analisou o m\u00e9rito do processo. Ele identificou inconsist\u00eancias na segunda etapa da privatiza\u00e7\u00e3o, que analisa a modelagem e o novo modelo societ\u00e1rio da empresa. Ele prop\u00f4s que a \u00e1rea t\u00e9cnica do \u00f3rg\u00e3o avalie os impactos futuros de venda de pot\u00eancia de energia pela Eletrobras<\/p>\n<p>Cedraz tamb\u00e9m votou para que o Banco Nacional de Desenvolvimento Econ\u00f4mico e Social (BNDES), respons\u00e1vel pela\u00a0<strong>modelagem da privatiza\u00e7\u00e3o<\/strong>, revise as premissas de receitas da empresa. Ele afirmou que os estudos apresentados pela institui\u00e7\u00e3o financeira sobre as receitas operacionais da estatal do setor el\u00e9trico \u201cn\u00e3o t\u00eam sustenta\u00e7\u00e3o\u201d.<\/p>\n\n\t<div data-element=\"shortcode-read-more\" class=\"readToo\">\n\t\t\t\t<span class=\"readToo__title\">Leia mais<\/span>\n\t\t\t\t<ul class=\"readToo__list\">\n\t\t\t<li><a href=\"https:\/\/www.suno.com.br\/noticias\/eletrobras-elet3-alta-acoes-privatizacao\/\">Eletrobras (ELET3): Goldman Sachs prev\u00ea alta nas a\u00e7\u00f5es, apesar da demora na privatiza\u00e7\u00e3o<\/a><\/li><li><a href=\"https:\/\/www.suno.com.br\/noticias\/privatizacao-eletrobras-elet3-venda-agosto\/\">Privatiza\u00e7\u00e3o Eletrobras (ELET3): Governo v\u00ea &#8216;janela&#8217; de venda at\u00e9 agosto<\/a><\/li><li><a href=\"https:\/\/www.suno.com.br\/noticias\/eletrobras-elet3-privatizacao-tcu\/\">Eletrobras (ELET3): TCU suspende julgamento sobre privatiza\u00e7\u00e3o por 20 dias<\/a><\/li>\t\t<\/ul>\n\t<\/div>\n\n\n<p class=\"newsProviderSignature\"><em>Com informa\u00e7\u00f5es do Estad\u00e3o Conte\u00fado<\/em><\/p>\n\t<p>\n\t\t<a href=\"https:\/\/lp.suno.com.br\/planilha-de-controle-de-investimentos\/\" target=\"_blank\" data-element=\"shortcode-suno-banner\" title=\"Banner SUNO, clique e saiba mais\">\n\t\t\t<picture>\n\t\t\t\t<source media=\"(max-width: 500px)\" srcset=\"https:\/\/files.sunoresearch.com.br\/n\/uploads\/2023\/03\/400x300-Controle-de-Investimentos.png\">\n\t\t\t\t<img class=\"newsContent__article__imgCapa newsContent__article__imgCapa--banner\"\n\t\t\t\t\tsrc=\"https:\/\/files.sunoresearch.com.br\/n\/uploads\/2023\/03\/1420x240-Controle-de-Investimentos.png\"\n\t\t\t\t\tdata-promo-id=\"75934\"\t\t\t\t\t\t\t\t\t\twidth='1420' height='240'\t\t\t\t\talt=\"https:\/\/files.sunoresearch.com.br\/n\/uploads\/2023\/03\/1420x240-Controle-de-Investimentos.png\"\n\t\t\t\t>\n\t\t\t<\/picture>\n\t\t<\/a>\n\t<\/p>\n\n\n","protected":false},"excerpt":{"rendered":"<p>Duas semanas ap\u00f3s pedir vista do processo de privatiza\u00e7\u00e3o da Eletrobras\u00a0(ELET3), o ministro do Tribunal de Contas da Uni\u00e3o (TCU) Vital do R\u00eago enviou na segunda-feira (2), documento ao presidente da estatal, Rodrigo Limp, solicitando uma s\u00e9rie de informa\u00e7\u00f5es e documentos para finalizar a segunda etapa da privatiza\u00e7\u00e3o da empresa. O ministro solicita que as [&hellip;]<\/p>\n","protected":false},"author":43,"featured_media":125973,"comment_status":"closed","ping_status":"closed","sticky":false,"template":"","format":"standard","meta":[],"categories":[64],"tags":[106444,455],"suno_strategy":[],"class_list":["post-255844","post","type-post","status-publish","format-standard","has-post-thumbnail","hentry","category-negocios","tag-agencias","tag-eletrobras-elet3-elet5-elet6"],"yoast_head":"<!-- This site is optimized with the Yoast SEO plugin v24.4 - https:\/\/yoast.com\/wordpress\/plugins\/seo\/ -->\n<title>Eletrobras (ELET3): ministro pede mais documentos sobre a privatiza\u00e7\u00e3o<\/title>\n<meta name=\"description\" content=\"O ministro do TCU Vital do R\u00eago enviou documento ao presidente da estatal, Rodrigo Limp, solicitando documentos para privatiza\u00e7\u00e3o\" \/>\n<meta name=\"robots\" content=\"index, follow, max-snippet:-1, max-image-preview:large, max-video-preview:-1\" \/>\n<link rel=\"canonical\" href=\"https:\/\/www.suno.com.br\/noticias\/eletrobras-elet3-ministro-tcu-solicita-documentos-privatizacao\/\" \/>\n<meta property=\"og:locale\" content=\"pt_BR\" \/>\n<meta property=\"og:type\" content=\"article\" \/>\n<meta property=\"og:title\" content=\"Eletrobras (ELET3): ministro pede mais documentos sobre a privatiza\u00e7\u00e3o\" \/>\n<meta property=\"og:description\" content=\"O ministro do TCU Vital do R\u00eago enviou documento ao presidente da estatal, Rodrigo Limp, solicitando documentos para privatiza\u00e7\u00e3o\" \/>\n<meta property=\"og:url\" content=\"https:\/\/www.suno.com.br\/noticias\/eletrobras-elet3-ministro-tcu-solicita-documentos-privatizacao\/\" \/>\n<meta property=\"og:site_name\" content=\"Suno Not\u00edcias\" \/>\n<meta property=\"article:publisher\" content=\"https:\/\/facebook.com\/sunoresearch\" \/>\n<meta property=\"article:author\" content=\"https:\/\/www.facebook.com\/sunonoticias\/\" \/>\n<meta property=\"og:image\" content=\"https:\/\/files.sunoresearch.com.br\/n\/uploads\/2021\/02\/c3b3f26a-eletrobras.jpg\" \/>\n\t<meta property=\"og:image:width\" content=\"1200\" \/>\n\t<meta property=\"og:image:height\" content=\"800\" \/>\n\t<meta property=\"og:image:type\" content=\"image\/jpeg\" \/>\n<meta name=\"author\" content=\"Reda\u00e7\u00e3o Suno Not\u00edcias\" \/>\n<meta name=\"twitter:card\" content=\"summary_large_image\" \/>\n<meta name=\"twitter:creator\" content=\"@https:\/\/twitter.com\/sunoresearch\" \/>\n<meta name=\"twitter:site\" content=\"@sunoresearch\" \/>\n<meta name=\"twitter:label1\" content=\"Escrito por\" \/>\n\t<meta name=\"twitter:data1\" content=\"Reda\u00e7\u00e3o Suno Not\u00edcias\" \/>\n\t<meta name=\"twitter:label2\" content=\"Est. tempo de leitura\" \/>\n\t<meta name=\"twitter:data2\" content=\"3 minutos\" \/>\n<script type=\"application\/ld+json\" class=\"yoast-schema-graph\">{\"@context\":\"https:\/\/schema.org\",\"@graph\":[{\"@type\":\"NewsArticle\",\"@id\":\"https:\/\/www.suno.com.br\/noticias\/eletrobras-elet3-ministro-tcu-solicita-documentos-privatizacao\/#article\",\"isPartOf\":{\"@id\":\"https:\/\/www.suno.com.br\/noticias\/eletrobras-elet3-ministro-tcu-solicita-documentos-privatizacao\/\"},\"author\":{\"name\":\"Reda\u00e7\u00e3o Suno Not\u00edcias\",\"@id\":\"https:\/\/www.suno.com.br\/noticias\/#\/schema\/person\/c1b1bd3727fa852bd045e9dbff3673ea\"},\"headline\":\"Eletrobras (ELET3): ministro do TCU pede mais documentos sobre o processo de privatiza\u00e7\u00e3o\",\"datePublished\":\"2022-05-03T21:44:12+00:00\",\"mainEntityOfPage\":{\"@id\":\"https:\/\/www.suno.com.br\/noticias\/eletrobras-elet3-ministro-tcu-solicita-documentos-privatizacao\/\"},\"wordCount\":719,\"publisher\":{\"@id\":\"https:\/\/www.suno.com.br\/noticias\/#organization\"},\"image\":{\"@id\":\"https:\/\/www.suno.com.br\/noticias\/eletrobras-elet3-ministro-tcu-solicita-documentos-privatizacao\/#primaryimage\"},\"thumbnailUrl\":\"https:\/\/files.sunoresearch.com.br\/n\/uploads\/2021\/02\/c3b3f26a-eletrobras-jpg.webp\",\"keywords\":[\"Ag\u00eancias\",\"Eletrobras (ELET3\/ELET5\/ELET6)\"],\"articleSection\":[\"Neg\u00f3cios\"],\"inLanguage\":\"pt-BR\"},{\"@type\":\"WebPage\",\"@id\":\"https:\/\/www.suno.com.br\/noticias\/eletrobras-elet3-ministro-tcu-solicita-documentos-privatizacao\/\",\"url\":\"https:\/\/www.suno.com.br\/noticias\/eletrobras-elet3-ministro-tcu-solicita-documentos-privatizacao\/\",\"name\":\"Eletrobras (ELET3): ministro pede mais documentos sobre a privatiza\u00e7\u00e3o\",\"isPartOf\":{\"@id\":\"https:\/\/www.suno.com.br\/noticias\/#website\"},\"primaryImageOfPage\":{\"@id\":\"https:\/\/www.suno.com.br\/noticias\/eletrobras-elet3-ministro-tcu-solicita-documentos-privatizacao\/#primaryimage\"},\"image\":{\"@id\":\"https:\/\/www.suno.com.br\/noticias\/eletrobras-elet3-ministro-tcu-solicita-documentos-privatizacao\/#primaryimage\"},\"thumbnailUrl\":\"https:\/\/files.sunoresearch.com.br\/n\/uploads\/2021\/02\/c3b3f26a-eletrobras-jpg.webp\",\"datePublished\":\"2022-05-03T21:44:12+00:00\",\"description\":\"O ministro do TCU Vital do R\u00eago enviou documento ao presidente da estatal, Rodrigo Limp, solicitando documentos para privatiza\u00e7\u00e3o\",\"breadcrumb\":{\"@id\":\"https:\/\/www.suno.com.br\/noticias\/eletrobras-elet3-ministro-tcu-solicita-documentos-privatizacao\/#breadcrumb\"},\"inLanguage\":\"pt-BR\",\"potentialAction\":[{\"@type\":\"ReadAction\",\"target\":[\"https:\/\/www.suno.com.br\/noticias\/eletrobras-elet3-ministro-tcu-solicita-documentos-privatizacao\/\"]}]},{\"@type\":\"ImageObject\",\"inLanguage\":\"pt-BR\",\"@id\":\"https:\/\/www.suno.com.br\/noticias\/eletrobras-elet3-ministro-tcu-solicita-documentos-privatizacao\/#primaryimage\",\"url\":\"https:\/\/files.sunoresearch.com.br\/n\/uploads\/2021\/02\/c3b3f26a-eletrobras-jpg.webp\",\"contentUrl\":\"https:\/\/files.sunoresearch.com.br\/n\/uploads\/2021\/02\/c3b3f26a-eletrobras-jpg.webp\",\"width\":1200,\"height\":800,\"caption\":\"Eletrobras (ELET3). Foto: Divulga\u00e7\u00e3o.\"},{\"@type\":\"BreadcrumbList\",\"@id\":\"https:\/\/www.suno.com.br\/noticias\/eletrobras-elet3-ministro-tcu-solicita-documentos-privatizacao\/#breadcrumb\",\"itemListElement\":[{\"@type\":\"ListItem\",\"position\":1,\"name\":\"Not\u00edcias\",\"item\":\"https:\/\/www.suno.com.br\/noticias\/\"},{\"@type\":\"ListItem\",\"position\":2,\"name\":\"Neg\u00f3cios\",\"item\":\"https:\/\/www.suno.com.br\/noticias\/negocios\/\"},{\"@type\":\"ListItem\",\"position\":3,\"name\":\"Eletrobras (ELET3): ministro do TCU pede mais documentos sobre o processo de privatiza\u00e7\u00e3o\"}]},{\"@type\":\"WebSite\",\"@id\":\"https:\/\/www.suno.com.br\/noticias\/#website\",\"url\":\"https:\/\/www.suno.com.br\/noticias\/\",\"name\":\"Suno Not\u00edcias\",\"description\":\"Seu portal de informa\u00e7\u00e3o sobre o mundo dos investimentos\",\"publisher\":{\"@id\":\"https:\/\/www.suno.com.br\/noticias\/#organization\"},\"potentialAction\":[{\"@type\":\"SearchAction\",\"target\":{\"@type\":\"EntryPoint\",\"urlTemplate\":\"https:\/\/www.suno.com.br\/noticias\/?s={search_term_string}\"},\"query-input\":{\"@type\":\"PropertyValueSpecification\",\"valueRequired\":true,\"valueName\":\"search_term_string\"}}],\"inLanguage\":\"pt-BR\"},{\"@type\":\"Organization\",\"@id\":\"https:\/\/www.suno.com.br\/noticias\/#organization\",\"name\":\"Suno Not\u00edcias\",\"url\":\"https:\/\/www.suno.com.br\/noticias\/\",\"logo\":{\"@type\":\"ImageObject\",\"inLanguage\":\"pt-BR\",\"@id\":\"https:\/\/www.suno.com.br\/noticias\/#\/schema\/logo\/image\/\",\"url\":\"https:\/\/files.sunoresearch.com.br\/n\/uploads\/2021\/09\/suno-logo.png\",\"contentUrl\":\"https:\/\/files.sunoresearch.com.br\/n\/uploads\/2021\/09\/suno-logo.png\",\"width\":180,\"height\":180,\"caption\":\"Suno Not\u00edcias\"},\"image\":{\"@id\":\"https:\/\/www.suno.com.br\/noticias\/#\/schema\/logo\/image\/\"},\"sameAs\":[\"https:\/\/facebook.com\/sunoresearch\",\"https:\/\/x.com\/sunoresearch\",\"https:\/\/www.instagram.com\/suno\",\"https:\/\/www.linkedin.com\/company\/suno-research\/\",\"https:\/\/www.youtube.com\/c\/sunoresearch\"]},{\"@type\":\"Person\",\"@id\":\"https:\/\/www.suno.com.br\/noticias\/#\/schema\/person\/c1b1bd3727fa852bd045e9dbff3673ea\",\"name\":\"Reda\u00e7\u00e3o Suno Not\u00edcias\",\"image\":{\"@type\":\"ImageObject\",\"inLanguage\":\"pt-BR\",\"@id\":\"https:\/\/www.suno.com.br\/noticias\/#\/schema\/person\/image\/\",\"url\":\"https:\/\/secure.gravatar.com\/avatar\/b8104b9b5a71985d5238ee59fbe418af?s=96&r=g\",\"contentUrl\":\"https:\/\/secure.gravatar.com\/avatar\/b8104b9b5a71985d5238ee59fbe418af?s=96&r=g\",\"caption\":\"Reda\u00e7\u00e3o Suno Not\u00edcias\"},\"description\":\"O Suno Not\u00edcias \u00e9 um portal de informa\u00e7\u00f5es sobre Mercado Financeiro, Pol\u00edtica, Neg\u00f3cios, Economia e Finan\u00e7as Pessoais.\",\"sameAs\":[\"https:\/\/www.suno.com.br\/noticias\",\"https:\/\/www.facebook.com\/sunonoticias\/\",\"https:\/\/www.instagram.com\/sunonoticias\/\",\"https:\/\/x.com\/https:\/\/twitter.com\/sunoresearch\",\"https:\/\/www.youtube.com\/sunonoticias\"],\"url\":\"https:\/\/www.suno.com.br\/noticias\/author\/redacao-suno\/\"}]}<\/script>\n<!-- \/ Yoast SEO plugin. -->","yoast_head_json":{"title":"Eletrobras (ELET3): ministro pede mais documentos sobre a privatiza\u00e7\u00e3o","description":"O ministro do TCU Vital do R\u00eago enviou documento ao presidente da estatal, Rodrigo Limp, solicitando documentos para privatiza\u00e7\u00e3o","robots":{"index":"index","follow":"follow","max-snippet":"max-snippet:-1","max-image-preview":"max-image-preview:large","max-video-preview":"max-video-preview:-1"},"canonical":"https:\/\/www.suno.com.br\/noticias\/eletrobras-elet3-ministro-tcu-solicita-documentos-privatizacao\/","og_locale":"pt_BR","og_type":"article","og_title":"Eletrobras (ELET3): ministro pede mais documentos sobre a privatiza\u00e7\u00e3o","og_description":"O ministro do TCU Vital do R\u00eago enviou documento ao presidente da estatal, Rodrigo Limp, solicitando documentos para privatiza\u00e7\u00e3o","og_url":"https:\/\/www.suno.com.br\/noticias\/eletrobras-elet3-ministro-tcu-solicita-documentos-privatizacao\/","og_site_name":"Suno Not\u00edcias","article_publisher":"https:\/\/facebook.com\/sunoresearch","article_author":"https:\/\/www.facebook.com\/sunonoticias\/","og_image":[{"width":1200,"height":800,"url":"https:\/\/files.sunoresearch.com.br\/n\/uploads\/2021\/02\/c3b3f26a-eletrobras.jpg","type":"image\/jpeg"}],"author":"Reda\u00e7\u00e3o Suno Not\u00edcias","twitter_card":"summary_large_image","twitter_creator":"@https:\/\/twitter.com\/sunoresearch","twitter_site":"@sunoresearch","twitter_misc":{"Escrito por":"Reda\u00e7\u00e3o Suno Not\u00edcias","Est. tempo de leitura":"3 minutos"},"schema":{"@context":"https:\/\/schema.org","@graph":[{"@type":"NewsArticle","@id":"https:\/\/www.suno.com.br\/noticias\/eletrobras-elet3-ministro-tcu-solicita-documentos-privatizacao\/#article","isPartOf":{"@id":"https:\/\/www.suno.com.br\/noticias\/eletrobras-elet3-ministro-tcu-solicita-documentos-privatizacao\/"},"author":{"name":"Reda\u00e7\u00e3o Suno Not\u00edcias","@id":"https:\/\/www.suno.com.br\/noticias\/#\/schema\/person\/c1b1bd3727fa852bd045e9dbff3673ea"},"headline":"Eletrobras (ELET3): ministro do TCU pede mais documentos sobre o processo de privatiza\u00e7\u00e3o","datePublished":"2022-05-03T21:44:12+00:00","mainEntityOfPage":{"@id":"https:\/\/www.suno.com.br\/noticias\/eletrobras-elet3-ministro-tcu-solicita-documentos-privatizacao\/"},"wordCount":719,"publisher":{"@id":"https:\/\/www.suno.com.br\/noticias\/#organization"},"image":{"@id":"https:\/\/www.suno.com.br\/noticias\/eletrobras-elet3-ministro-tcu-solicita-documentos-privatizacao\/#primaryimage"},"thumbnailUrl":"https:\/\/files.sunoresearch.com.br\/n\/uploads\/2021\/02\/c3b3f26a-eletrobras-jpg.webp","keywords":["Ag\u00eancias","Eletrobras (ELET3\/ELET5\/ELET6)"],"articleSection":["Neg\u00f3cios"],"inLanguage":"pt-BR"},{"@type":"WebPage","@id":"https:\/\/www.suno.com.br\/noticias\/eletrobras-elet3-ministro-tcu-solicita-documentos-privatizacao\/","url":"https:\/\/www.suno.com.br\/noticias\/eletrobras-elet3-ministro-tcu-solicita-documentos-privatizacao\/","name":"Eletrobras (ELET3): ministro pede mais documentos sobre a privatiza\u00e7\u00e3o","isPartOf":{"@id":"https:\/\/www.suno.com.br\/noticias\/#website"},"primaryImageOfPage":{"@id":"https:\/\/www.suno.com.br\/noticias\/eletrobras-elet3-ministro-tcu-solicita-documentos-privatizacao\/#primaryimage"},"image":{"@id":"https:\/\/www.suno.com.br\/noticias\/eletrobras-elet3-ministro-tcu-solicita-documentos-privatizacao\/#primaryimage"},"thumbnailUrl":"https:\/\/files.sunoresearch.com.br\/n\/uploads\/2021\/02\/c3b3f26a-eletrobras-jpg.webp","datePublished":"2022-05-03T21:44:12+00:00","description":"O ministro do TCU Vital do R\u00eago enviou documento ao presidente da estatal, Rodrigo Limp, solicitando documentos para privatiza\u00e7\u00e3o","breadcrumb":{"@id":"https:\/\/www.suno.com.br\/noticias\/eletrobras-elet3-ministro-tcu-solicita-documentos-privatizacao\/#breadcrumb"},"inLanguage":"pt-BR","potentialAction":[{"@type":"ReadAction","target":["https:\/\/www.suno.com.br\/noticias\/eletrobras-elet3-ministro-tcu-solicita-documentos-privatizacao\/"]}]},{"@type":"ImageObject","inLanguage":"pt-BR","@id":"https:\/\/www.suno.com.br\/noticias\/eletrobras-elet3-ministro-tcu-solicita-documentos-privatizacao\/#primaryimage","url":"https:\/\/files.sunoresearch.com.br\/n\/uploads\/2021\/02\/c3b3f26a-eletrobras-jpg.webp","contentUrl":"https:\/\/files.sunoresearch.com.br\/n\/uploads\/2021\/02\/c3b3f26a-eletrobras-jpg.webp","width":1200,"height":800,"caption":"Eletrobras (ELET3). Foto: Divulga\u00e7\u00e3o."},{"@type":"BreadcrumbList","@id":"https:\/\/www.suno.com.br\/noticias\/eletrobras-elet3-ministro-tcu-solicita-documentos-privatizacao\/#breadcrumb","itemListElement":[{"@type":"ListItem","position":1,"name":"Not\u00edcias","item":"https:\/\/www.suno.com.br\/noticias\/"},{"@type":"ListItem","position":2,"name":"Neg\u00f3cios","item":"https:\/\/www.suno.com.br\/noticias\/negocios\/"},{"@type":"ListItem","position":3,"name":"Eletrobras (ELET3): ministro do TCU pede mais documentos sobre o processo de privatiza\u00e7\u00e3o"}]},{"@type":"WebSite","@id":"https:\/\/www.suno.com.br\/noticias\/#website","url":"https:\/\/www.suno.com.br\/noticias\/","name":"Suno Not\u00edcias","description":"Seu portal de informa\u00e7\u00e3o sobre o mundo dos investimentos","publisher":{"@id":"https:\/\/www.suno.com.br\/noticias\/#organization"},"potentialAction":[{"@type":"SearchAction","target":{"@type":"EntryPoint","urlTemplate":"https:\/\/www.suno.com.br\/noticias\/?s={search_term_string}"},"query-input":{"@type":"PropertyValueSpecification","valueRequired":true,"valueName":"search_term_string"}}],"inLanguage":"pt-BR"},{"@type":"Organization","@id":"https:\/\/www.suno.com.br\/noticias\/#organization","name":"Suno Not\u00edcias","url":"https:\/\/www.suno.com.br\/noticias\/","logo":{"@type":"ImageObject","inLanguage":"pt-BR","@id":"https:\/\/www.suno.com.br\/noticias\/#\/schema\/logo\/image\/","url":"https:\/\/files.sunoresearch.com.br\/n\/uploads\/2021\/09\/suno-logo.png","contentUrl":"https:\/\/files.sunoresearch.com.br\/n\/uploads\/2021\/09\/suno-logo.png","width":180,"height":180,"caption":"Suno Not\u00edcias"},"image":{"@id":"https:\/\/www.suno.com.br\/noticias\/#\/schema\/logo\/image\/"},"sameAs":["https:\/\/facebook.com\/sunoresearch","https:\/\/x.com\/sunoresearch","https:\/\/www.instagram.com\/suno","https:\/\/www.linkedin.com\/company\/suno-research\/","https:\/\/www.youtube.com\/c\/sunoresearch"]},{"@type":"Person","@id":"https:\/\/www.suno.com.br\/noticias\/#\/schema\/person\/c1b1bd3727fa852bd045e9dbff3673ea","name":"Reda\u00e7\u00e3o Suno Not\u00edcias","image":{"@type":"ImageObject","inLanguage":"pt-BR","@id":"https:\/\/www.suno.com.br\/noticias\/#\/schema\/person\/image\/","url":"https:\/\/secure.gravatar.com\/avatar\/b8104b9b5a71985d5238ee59fbe418af?s=96&r=g","contentUrl":"https:\/\/secure.gravatar.com\/avatar\/b8104b9b5a71985d5238ee59fbe418af?s=96&r=g","caption":"Reda\u00e7\u00e3o Suno Not\u00edcias"},"description":"O Suno Not\u00edcias \u00e9 um portal de informa\u00e7\u00f5es sobre Mercado Financeiro, Pol\u00edtica, Neg\u00f3cios, Economia e Finan\u00e7as Pessoais.","sameAs":["https:\/\/www.suno.com.br\/noticias","https:\/\/www.facebook.com\/sunonoticias\/","https:\/\/www.instagram.com\/sunonoticias\/","https:\/\/x.com\/https:\/\/twitter.com\/sunoresearch","https:\/\/www.youtube.com\/sunonoticias"],"url":"https:\/\/www.suno.com.br\/noticias\/author\/redacao-suno\/"}]}},"default_loop_html":"<div class=\"cardsPage__listCard__boxs\"><div class=\"cardsPage__listCard__boxs__img\"><a href=\"https:\/\/www.suno.com.br\/noticias\/eletrobras-elet3-privatizacao-tcu\/\"><img class=\"mask\" src=\"https:\/\/www.suno.com.br\/noticias\/wp-content\/themes\/suno\/resources\/images\/spotlight\/spotlight1img\/bg-mask.png\" alt=\"Image Mask\"\/><img src=\"https:\/\/files.sunoresearch.com.br\/n\/uploads\/2021\/02\/8ddce5e3-eletrobras-1-1-400x200.webp\" alt=\"Eletrobras (ELET3): TCU suspende julgamento sobre privatiza\u00e7\u00e3o por 20 dias\"\/><\/a><span class=\"spotlightCategory\"><a href=\"https:\/\/www.suno.com.br\/noticias\/negocios\/\">Neg\u00f3cios<\/a><\/span><\/div><div class=\"cardsPage__listCard__boxs__content\"><a href=\"https:\/\/www.suno.com.br\/noticias\/eletrobras-elet3-privatizacao-tcu\/\"><h2 class=\"content__title\">Eletrobras (ELET3): TCU suspende julgamento sobre privatiza\u00e7\u00e3o por 20 dias<\/h2><\/a><div class=\"newsContent__article__meta\"><div class=\"newsContent__article__meta__authorBox\"><a href=\"https:\/\/www.suno.com.br\/noticias\/author\/poliana-santos\/\" class=\"authorBox__avatar noMobi\"><img src=\"https:\/\/files.sunoresearch.com.br\/n\/uploads\/2020\/08\/7ef34026-whatsapp-image-2020-08-03-at-12.37.57-150x150.webp\" alt=\"Poliana Santos\"><\/a><div class=\"authorBox__name\"><span>por\n\t\t\t<a href=\"https:\/\/www.suno.com.br\/noticias\/author\/poliana-santos\/\"><span itemprop=\"author\">Poliana Santos<\/span><\/a><\/span><time datetime=\"2022-04-20T17:39:44-03:00\" itemprop=\"datePublished\">20\/04\/2022 17:39<\/time><\/div><\/div><\/div><\/div><\/div>","single_layout":"posts","amp_enabled":true,"_links":{"self":[{"href":"https:\/\/www.suno.com.br\/noticias\/wp-json\/wp\/v2\/posts\/255844"}],"collection":[{"href":"https:\/\/www.suno.com.br\/noticias\/wp-json\/wp\/v2\/posts"}],"about":[{"href":"https:\/\/www.suno.com.br\/noticias\/wp-json\/wp\/v2\/types\/post"}],"author":[{"embeddable":true,"href":"https:\/\/www.suno.com.br\/noticias\/wp-json\/wp\/v2\/users\/43"}],"replies":[{"embeddable":true,"href":"https:\/\/www.suno.com.br\/noticias\/wp-json\/wp\/v2\/comments?post=255844"}],"version-history":[{"count":2,"href":"https:\/\/www.suno.com.br\/noticias\/wp-json\/wp\/v2\/posts\/255844\/revisions"}],"predecessor-version":[{"id":255912,"href":"https:\/\/www.suno.com.br\/noticias\/wp-json\/wp\/v2\/posts\/255844\/revisions\/255912"}],"wp:featuredmedia":[{"embeddable":true,"href":"https:\/\/www.suno.com.br\/noticias\/wp-json\/wp\/v2\/media\/125973"}],"wp:attachment":[{"href":"https:\/\/www.suno.com.br\/noticias\/wp-json\/wp\/v2\/media?parent=255844"}],"wp:term":[{"taxonomy":"category","embeddable":true,"href":"https:\/\/www.suno.com.br\/noticias\/wp-json\/wp\/v2\/categories?post=255844"},{"taxonomy":"post_tag","embeddable":true,"href":"https:\/\/www.suno.com.br\/noticias\/wp-json\/wp\/v2\/tags?post=255844"},{"taxonomy":"suno_strategy","embeddable":true,"href":"https:\/\/www.suno.com.br\/noticias\/wp-json\/wp\/v2\/suno_strategy?post=255844"}],"curies":[{"name":"wp","href":"https:\/\/api.w.org\/{rel}","templated":true}]}}