{"id":255570,"date":"2022-05-02T19:37:49","date_gmt":"2022-05-02T22:37:49","guid":{"rendered":"https:\/\/www.suno.com.br\/noticias\/?p=255570"},"modified":"2022-05-05T15:55:52","modified_gmt":"2022-05-05T18:55:52","slug":"copel-cple6-nega-bonus-2-mi-diretores","status":"publish","type":"post","link":"https:\/\/www.suno.com.br\/noticias\/copel-cple6-nega-bonus-2-mi-diretores\/","title":{"rendered":"Copel (CPLE6) nega pagamento de R$ 2,8 milh\u00f5es em b\u00f4nus a diretores"},"content":{"rendered":"<p>Os acionistas da <strong>Copel<\/strong> (CPLE6), em conjunto ao <a class=\"suno-keyword\" href=\"https:\/\/www.suno.com.br\/artigos\/conselho-administracao\/\" target=\"_blank\" rel=\"noopener\" data-force=\"no\" data-priority=\"1\">Conselho de Administra\u00e7\u00e3o<\/a>, decidiram na \u00faltima sexta-feira (29), em <strong><a class=\"suno-keyword\" href=\"https:\/\/www.suno.com.br\/artigos\/assembleia-geral-ordinaria\/\" target=\"_blank\" rel=\"noopener\" data-force=\"no\" data-priority=\"1\">Assembleia Geral Ordin\u00e1ria<\/a><\/strong> (AGO), que os sete diretores da empresa n\u00e3o ter\u00e3o mais direito ao b\u00f4nus por desempenho.<\/p><div class=\"videoFull \">\n\t\t\t<div class=\"videoWrapper yt-lazyload center\"\n\t\t\t\tdata-width=\"960\"\n\t\t\t\tdata-height=\"540\"\n\t\t\t\tdata-id=\"ONEJGUOURCY\"\n\t\t\t\tdata-alt=\"V\u00eddeo do YouTube - clique para reproduzir\"\n\t\t\t\tdata-logo=\"3\"\n\t\t\t\tdata-imagequality=\"maxres\">\n\t\t\t<\/div>\n\t\t<\/div><script type=\"application\/ld+json\">{\"@context\":\"https:\/\/schema.org\",\"@type\":\"VideoObject\",\"name\":\"Copel corta b\u00f4nus de executivos! #Shorts\",\"description\":\"#COPEL #Shorts - Copel corta b\u00f4nus de executivos! \ud83d\udc47 \ud835\udc12\ud835\udc22\ud835\udc20\ud835\udc1a \ud835\udc27\ud835\udc28\ud835\udc2c\ud835\udc2c\ud835\udc1a\ud835\udc2c \ud835\udc2b\ud835\udc1e\ud835\udc1d\ud835\udc1e\ud835\udc2c \ud835\udc2c\ud835\udc28\ud835\udc1c\ud835\udc22\ud835\udc1a\ud835\udc22\ud835\udc2c: Portal Suno Not\u00edcias: https:\/\/www.suno.com.br\/noticias\/ Twitter: https:\/\/twitter.com\/sunonoticias Instagram: https:\/\/www.instagram.com\/sunonoticias\/ Telegram: https:\/\/t.me\/sunonoticias\",\"duration\":\"PT36S\",\"embedUrl\":\"https:\/\/www.youtube.com\/embed\/ONEJGUOURCY\",\"regionsAllowed\":\"pt-BR\",\"interactionStatistic\":{\"@type\":\"InteractionCounter\",\"interactionType\":{\"@type\":\"WatchAction\"},\"userInteractionCount\":679},\"thumbnailUrl\":\"https:\/\/i.ytimg.com\/vi\/ONEJGUOURCY\/default.jpg\",\"uploadDate\":\"2022-05-04T13:30:10Z\"}<\/script>\n\n\t<p>\n\t\t<a href=\"\" target=\"_blank\" data-element=\"shortcode-suno-banner\" title=\"Banner SUNO, clique e saiba mais\">\n\t\t\t<picture>\n\t\t\t\t<source media=\"(max-width: 500px)\" srcset=\"\">\n\t\t\t\t<img class=\"newsContent__article__imgCapa newsContent__article__imgCapa--banner\"\n\t\t\t\t\tsrc=\"\"\n\t\t\t\t\tdata-promo-id=\"138420\"\t\t\t\t\t\t\t\t\t\t\t\t\t\t\talt=\"\"\n\t\t\t\t>\n\t\t\t<\/picture>\n\t\t<\/a>\n\t<\/p>\n\n\n<p>Cada um dos sete diretores da companhia receberia um b\u00f4nus de at\u00e9 R$ 427 mil, somando R$ 2,8 milh\u00f5es em b\u00f4nus. A <strong>Copel teve <a class=\"suno-keyword\" href=\"https:\/\/www.suno.com.br\/artigos\/lucro-liquido\/\" target=\"_blank\" rel=\"noopener\" data-force=\"no\" data-priority=\"1\">lucro l\u00edquido<\/a> <\/strong>de R$ 4,9 bilh\u00f5es em 2021.<\/p>\n<p>O Governo do Estado do Paran\u00e1, <a class=\"suno-keyword\" href=\"https:\/\/www.suno.com.br\/artigos\/acionista-majoritario\/\" target=\"_blank\" rel=\"noopener\" data-force=\"no\" data-priority=\"1\">acionista majorit\u00e1rio<\/a> da Copel, j\u00e1 havia adiantado ao jornal <em>RPC <\/em>que votaria contra a proposta. Outros acionistas seguiram a mesma escolha.<\/p>\n<p>O governo justificou o voto ao relembrar que, desde janeiro de 2019, por determina\u00e7\u00e3o do governador Ratinho Junior, &#8220;o sal\u00e1rio dos diretores e integrantes de conselhos fiscais e administrativos de todas as empresas controladas pelo Estado est\u00e1 congelado&#8221;.<\/p>\n<p>A proposta de reajuste e pagamento de b\u00f4nus aos diretores da companhia foi considera controversa desde a sua divulga\u00e7\u00e3o inicial. O movimento de tal tamanho que tamb\u00e9m foi criticada na Assembleia Legislativa do Paran\u00e1 e o caso, denunciado pelo deputado Soldado Fruet (Pros). O governo do Paran\u00e1 acabou enviando uma nova proposta que eliminava o b\u00f4nus e que foi aprovada pelo Conselho.<\/p>\n\t<p>\n\t\t<a href=\"https:\/\/lp.suno.com.br\/planilha-controle-gastos\/\" target=\"_blank\" data-element=\"shortcode-suno-banner\" title=\"Banner SUNO, clique e saiba mais\">\n\t\t\t<picture>\n\t\t\t\t<source media=\"(max-width: 500px)\" srcset=\"https:\/\/files.sunoresearch.com.br\/n\/uploads\/2023\/03\/400x300-Planilha-controle-de-gastos.png\">\n\t\t\t\t<img class=\"newsContent__article__imgCapa newsContent__article__imgCapa--banner\"\n\t\t\t\t\tsrc=\"https:\/\/files.sunoresearch.com.br\/n\/uploads\/2023\/03\/1420x240-Planilha-controle-de-gastos.png\"\n\t\t\t\t\tdata-promo-id=\"101751\"\t\t\t\t\t\t\t\t\t\twidth='1420' height='240'\t\t\t\t\talt=\"https:\/\/files.sunoresearch.com.br\/n\/uploads\/2023\/03\/1420x240-Planilha-controle-de-gastos.png\"\n\t\t\t\t>\n\t\t\t<\/picture>\n\t\t<\/a>\n\t<\/p>\n\n\n<p>Houve manifesta\u00e7\u00e3o contra o pagamento do b\u00f4nus por parte do sindicato dos engenheiros da Copel, que afirmaram, em nota, ser inadmiss\u00edvel esse tipo de proposta &#8220;enquanto a popula\u00e7\u00e3o est\u00e1 sofrendo sacrif\u00edcios&#8221;, alegando que a Copel precisa ter <a class=\"suno-keyword\" href=\"https:\/\/www.suno.com.br\/artigos\/responsabilidade-social\/\" target=\"_blank\" rel=\"noopener\" data-force=\"no\" data-priority=\"2\">responsabilidade social<\/a>. Cr\u00edticos ressaltam que o valor se deve principalmente a valores altos que a empresa estaria cobrando na conta de luz dos paranaenses.<\/p>\n<p>O Conselho de Administra\u00e7\u00e3o tamb\u00e9m decidiu negar o aumento de remunera\u00e7\u00e3o aos conselheiros da Copel. Cada membro do colegiado recebe hoje R$ 10,9 mil mensais.<\/p>\n<p><em>Leia mais<\/em><\/p>\n<h2>Copel (CPLE6) ter\u00e1 conta de luz at\u00e9 20% mais barata com fim da bandeira de Escassez H\u00eddrica<\/h2>\n<p>As\u00a0<strong>Copel<\/strong>\u00a0(<a href=\"https:\/\/www.suno.com.br\/acoes\/CPLE6\/\">CPLE6<\/a>) deve ter uma redu\u00e7\u00e3o de at\u00e9 20% nas suas contas de energia el\u00e9trica ap\u00f3s o fim da aplica\u00e7\u00e3o da bandeira Escassez H\u00eddrica, segundo informa\u00e7\u00e3o divulgada pelo Governo do Paran\u00e1, atual controlador da companhia com 69,7% das a\u00e7\u00f5es.<\/p>\n\t<p>\n\t\t<a href=\"https:\/\/lp.suno.com.br\/planilha-da-vida-financeira\/\" target=\"_blank\" data-element=\"shortcode-suno-banner\" title=\"Banner SUNO, clique e saiba mais\">\n\t\t\t<picture>\n\t\t\t\t<source media=\"(max-width: 500px)\" srcset=\"https:\/\/files.sunoresearch.com.br\/n\/uploads\/2023\/04\/400x300-Planilha-vida-financeira-true.png\">\n\t\t\t\t<img class=\"newsContent__article__imgCapa newsContent__article__imgCapa--banner\"\n\t\t\t\t\tsrc=\"https:\/\/files.sunoresearch.com.br\/n\/uploads\/2023\/04\/1420x240-Planilha-vida-financeira-true.png\"\n\t\t\t\t\tdata-promo-id=\"106682\"\t\t\t\t\t\t\t\t\t\twidth='1420' height='240'\t\t\t\t\talt=\"https:\/\/files.sunoresearch.com.br\/n\/uploads\/2023\/04\/1420x240-Planilha-vida-financeira-true.png\"\n\t\t\t\t>\n\t\t\t<\/picture>\n\t\t<\/a>\n\t<\/p>\n\n\n<p>A medida, que afeta a Copel e todas as demais distribuidoras de\u00a0<strong>energia<\/strong>, foi determinada recentemente pela Ag\u00eancia Nacional de Energia El\u00e9trica (Aneel), passando a valer nesta semana;<\/p>\n<p>Contudo, haver\u00e1 redu\u00e7\u00e3o no valor final da<strong>\u00a0conta de luz<\/strong>\u00a0segundo a tarifa de energia de cada distribuidora.<\/p>\n<p>A expectativa \u00e9 de uma redu\u00e7\u00e3o gradativa nas faturas emitidas para resid\u00eancias, com\u00e9rcios e ind\u00fastrias atendidos na faixa de\u00a0<strong>energia el\u00e9trica<\/strong>\u00a0de baixa tens\u00e3o, que deve chegar a 20%\u00a0 quando todo o ciclo de consumo j\u00e1 estiver dentro do per\u00edodo de isen\u00e7\u00e3o da cobran\u00e7a.<\/p>\n\t<p>\n\t\t<a href=\"https:\/\/lp.suno.com.br\/ebook-como-analisar-uma-acao\/\" target=\"_blank\" data-element=\"shortcode-suno-banner\" title=\"Banner SUNO, clique e saiba mais\">\n\t\t\t<picture>\n\t\t\t\t<source media=\"(max-width: 500px)\" srcset=\"https:\/\/files.sunoresearch.com.br\/n\/uploads\/2023\/03\/Ebook-Acoes-Mobile-1.jpg\">\n\t\t\t\t<img class=\"newsContent__article__imgCapa newsContent__article__imgCapa--banner\"\n\t\t\t\t\tsrc=\"https:\/\/files.sunoresearch.com.br\/n\/uploads\/2023\/03\/Ebook-Acoes-Desktop-1.jpg\"\n\t\t\t\t\tdata-promo-id=\"171998\"\t\t\t\t\t\t\t\t\t\twidth='1420' height='286'\t\t\t\t\talt=\"https:\/\/files.sunoresearch.com.br\/n\/uploads\/2023\/03\/Ebook-Acoes-Desktop-1.jpg\"\n\t\t\t\t>\n\t\t\t<\/picture>\n\t\t<\/a>\n\t<\/p>\n\n\n<p>A bandeira de Escassez H\u00eddrica estava vigente desde meados de setembro, cobrando um montante de R$ 14,20 para cada 100 kWh consumidos. A medida havia sido tomada pela Aneel como forma de compensar as dificuldades de gera\u00e7\u00e3o de energia, considerando que o ano de 2021 contou com uma retra\u00e7\u00e3o de chuvas expressiva.<\/p>\n<p>Especialistas de meteorologia estimam que o ano de chuvas foi o pior em um acumulado de cerca de 91 anos.<\/p>\n<h2>Cota\u00e7\u00e3o<\/h2>\n<p>As a\u00e7\u00f5es da\u00a0<strong>Copel<\/strong> ca\u00edram 1,90%, a R$ 6,79. No ano, acumula ganhos de 5,60%.<\/p>\n\t<p>\n\t\t<a href=\"https:\/\/lp.suno.com.br\/planilha-de-controle-de-investimentos\/\" target=\"_blank\" data-element=\"shortcode-suno-banner\" title=\"Banner SUNO, clique e saiba mais\">\n\t\t\t<picture>\n\t\t\t\t<source media=\"(max-width: 500px)\" srcset=\"https:\/\/files.sunoresearch.com.br\/n\/uploads\/2023\/03\/400x300-Controle-de-Investimentos.png\">\n\t\t\t\t<img class=\"newsContent__article__imgCapa newsContent__article__imgCapa--banner\"\n\t\t\t\t\tsrc=\"https:\/\/files.sunoresearch.com.br\/n\/uploads\/2023\/03\/1420x240-Controle-de-Investimentos.png\"\n\t\t\t\t\tdata-promo-id=\"75934\"\t\t\t\t\t\t\t\t\t\twidth='1420' height='240'\t\t\t\t\talt=\"https:\/\/files.sunoresearch.com.br\/n\/uploads\/2023\/03\/1420x240-Controle-de-Investimentos.png\"\n\t\t\t\t>\n\t\t\t<\/picture>\n\t\t<\/a>\n\t<\/p>\n\n\n","protected":false},"excerpt":{"rendered":"<p>Os acionistas da Copel (CPLE6), em conjunto ao Conselho de Administra\u00e7\u00e3o, decidiram na \u00faltima sexta-feira (29), em Assembleia Geral Ordin\u00e1ria (AGO), que os sete diretores da empresa n\u00e3o ter\u00e3o mais direito ao b\u00f4nus por desempenho. Cada um dos sete diretores da companhia receberia um b\u00f4nus de at\u00e9 R$ 427 mil, somando R$ 2,8 milh\u00f5es em [&hellip;]<\/p>\n","protected":false},"author":146,"featured_media":180323,"comment_status":"closed","ping_status":"closed","sticky":false,"template":"","format":"standard","meta":[],"categories":[64],"tags":[431],"suno_strategy":[],"class_list":["post-255570","post","type-post","status-publish","format-standard","has-post-thumbnail","hentry","category-negocios","tag-copel-cple3-cple5-cple6"],"yoast_head":"<!-- This site is optimized with the Yoast SEO plugin v24.4 - https:\/\/yoast.com\/wordpress\/plugins\/seo\/ -->\n<title>Copel (CPLE6) nega pagamento de R$ 2,8 mi em b\u00f4nus a diretores<\/title>\n<meta name=\"description\" content=\"Os acionistas da Copel (CPLE6) e o Conselho de Administra\u00e7\u00e3o da empresa decidiram na sexta (29) negar proposta de b\u00f4nus aos diretores.\" \/>\n<meta name=\"robots\" content=\"index, follow, max-snippet:-1, max-image-preview:large, max-video-preview:-1\" \/>\n<link rel=\"canonical\" href=\"https:\/\/www.suno.com.br\/noticias\/copel-cple6-nega-bonus-2-mi-diretores\/\" \/>\n<meta property=\"og:locale\" content=\"pt_BR\" \/>\n<meta property=\"og:type\" content=\"article\" \/>\n<meta property=\"og:title\" content=\"Copel (CPLE6) nega pagamento de R$ 2,8 mi em b\u00f4nus a diretores\" \/>\n<meta property=\"og:description\" content=\"Os acionistas da Copel (CPLE6) e o Conselho de Administra\u00e7\u00e3o da empresa decidiram na sexta (29) negar proposta de b\u00f4nus aos diretores.\" \/>\n<meta property=\"og:url\" content=\"https:\/\/www.suno.com.br\/noticias\/copel-cple6-nega-bonus-2-mi-diretores\/\" \/>\n<meta property=\"og:site_name\" content=\"Suno Not\u00edcias\" \/>\n<meta property=\"article:publisher\" content=\"https:\/\/facebook.com\/sunoresearch\" \/>\n<meta property=\"og:image\" content=\"https:\/\/files.sunoresearch.com.br\/n\/uploads\/2021\/09\/Devara-1-3_Easy-Resize.com_.jpg\" \/>\n\t<meta property=\"og:image:width\" content=\"1280\" \/>\n\t<meta property=\"og:image:height\" content=\"853\" \/>\n\t<meta property=\"og:image:type\" content=\"image\/jpeg\" \/>\n<meta name=\"author\" content=\"Vict\u00f3ria Anhesini\" \/>\n<meta name=\"twitter:card\" content=\"summary_large_image\" \/>\n<meta name=\"twitter:creator\" content=\"@sunoresearch\" \/>\n<meta name=\"twitter:site\" content=\"@sunoresearch\" \/>\n<meta name=\"twitter:label1\" content=\"Escrito por\" \/>\n\t<meta name=\"twitter:data1\" content=\"Vict\u00f3ria Anhesini\" \/>\n\t<meta name=\"twitter:label2\" content=\"Est. tempo de leitura\" \/>\n\t<meta name=\"twitter:data2\" content=\"3 minutos\" \/>\n<script type=\"application\/ld+json\" class=\"yoast-schema-graph\">{\"@context\":\"https:\/\/schema.org\",\"@graph\":[{\"@type\":\"NewsArticle\",\"@id\":\"https:\/\/www.suno.com.br\/noticias\/copel-cple6-nega-bonus-2-mi-diretores\/#article\",\"isPartOf\":{\"@id\":\"https:\/\/www.suno.com.br\/noticias\/copel-cple6-nega-bonus-2-mi-diretores\/\"},\"author\":{\"name\":\"Vict\u00f3ria Anhesini\",\"@id\":\"https:\/\/www.suno.com.br\/noticias\/#\/schema\/person\/46d847cb19ad53fde0857adca989c23f\"},\"headline\":\"Copel (CPLE6) nega pagamento de R$ 2,8 milh\u00f5es em b\u00f4nus a diretores\",\"datePublished\":\"2022-05-02T22:37:49+00:00\",\"dateModified\":\"2022-05-05T18:55:52+00:00\",\"mainEntityOfPage\":{\"@id\":\"https:\/\/www.suno.com.br\/noticias\/copel-cple6-nega-bonus-2-mi-diretores\/\"},\"wordCount\":578,\"publisher\":{\"@id\":\"https:\/\/www.suno.com.br\/noticias\/#organization\"},\"image\":{\"@id\":\"https:\/\/www.suno.com.br\/noticias\/copel-cple6-nega-bonus-2-mi-diretores\/#primaryimage\"},\"thumbnailUrl\":\"https:\/\/files.sunoresearch.com.br\/n\/uploads\/2021\/09\/Devara-1-3_Easy-Resize.com_.jpg\",\"keywords\":[\"Copel (CPLE3\/CPLE5\/CPLE6)\"],\"articleSection\":[\"Neg\u00f3cios\"],\"inLanguage\":\"pt-BR\"},{\"@type\":\"WebPage\",\"@id\":\"https:\/\/www.suno.com.br\/noticias\/copel-cple6-nega-bonus-2-mi-diretores\/\",\"url\":\"https:\/\/www.suno.com.br\/noticias\/copel-cple6-nega-bonus-2-mi-diretores\/\",\"name\":\"Copel (CPLE6) nega pagamento de R$ 2,8 mi em b\u00f4nus a diretores\",\"isPartOf\":{\"@id\":\"https:\/\/www.suno.com.br\/noticias\/#website\"},\"primaryImageOfPage\":{\"@id\":\"https:\/\/www.suno.com.br\/noticias\/copel-cple6-nega-bonus-2-mi-diretores\/#primaryimage\"},\"image\":{\"@id\":\"https:\/\/www.suno.com.br\/noticias\/copel-cple6-nega-bonus-2-mi-diretores\/#primaryimage\"},\"thumbnailUrl\":\"https:\/\/files.sunoresearch.com.br\/n\/uploads\/2021\/09\/Devara-1-3_Easy-Resize.com_.jpg\",\"datePublished\":\"2022-05-02T22:37:49+00:00\",\"dateModified\":\"2022-05-05T18:55:52+00:00\",\"description\":\"Os acionistas da Copel (CPLE6) e o Conselho de Administra\u00e7\u00e3o da empresa decidiram na sexta (29) negar proposta de b\u00f4nus aos diretores.\",\"breadcrumb\":{\"@id\":\"https:\/\/www.suno.com.br\/noticias\/copel-cple6-nega-bonus-2-mi-diretores\/#breadcrumb\"},\"inLanguage\":\"pt-BR\",\"potentialAction\":[{\"@type\":\"ReadAction\",\"target\":[\"https:\/\/www.suno.com.br\/noticias\/copel-cple6-nega-bonus-2-mi-diretores\/\"]}]},{\"@type\":\"ImageObject\",\"inLanguage\":\"pt-BR\",\"@id\":\"https:\/\/www.suno.com.br\/noticias\/copel-cple6-nega-bonus-2-mi-diretores\/#primaryimage\",\"url\":\"https:\/\/files.sunoresearch.com.br\/n\/uploads\/2021\/09\/Devara-1-3_Easy-Resize.com_.jpg\",\"contentUrl\":\"https:\/\/files.sunoresearch.com.br\/n\/uploads\/2021\/09\/Devara-1-3_Easy-Resize.com_.jpg\",\"width\":1280,\"height\":853,\"caption\":\"Copel (CPLE6). Foto: Reprodu\u00e7\u00e3o Site RI\"},{\"@type\":\"BreadcrumbList\",\"@id\":\"https:\/\/www.suno.com.br\/noticias\/copel-cple6-nega-bonus-2-mi-diretores\/#breadcrumb\",\"itemListElement\":[{\"@type\":\"ListItem\",\"position\":1,\"name\":\"Not\u00edcias\",\"item\":\"https:\/\/www.suno.com.br\/noticias\/\"},{\"@type\":\"ListItem\",\"position\":2,\"name\":\"Neg\u00f3cios\",\"item\":\"https:\/\/www.suno.com.br\/noticias\/negocios\/\"},{\"@type\":\"ListItem\",\"position\":3,\"name\":\"Copel (CPLE6) nega pagamento de R$ 2,8 milh\u00f5es em b\u00f4nus a diretores\"}]},{\"@type\":\"WebSite\",\"@id\":\"https:\/\/www.suno.com.br\/noticias\/#website\",\"url\":\"https:\/\/www.suno.com.br\/noticias\/\",\"name\":\"Suno Not\u00edcias\",\"description\":\"Seu portal de informa\u00e7\u00e3o sobre o mundo dos investimentos\",\"publisher\":{\"@id\":\"https:\/\/www.suno.com.br\/noticias\/#organization\"},\"potentialAction\":[{\"@type\":\"SearchAction\",\"target\":{\"@type\":\"EntryPoint\",\"urlTemplate\":\"https:\/\/www.suno.com.br\/noticias\/?s={search_term_string}\"},\"query-input\":{\"@type\":\"PropertyValueSpecification\",\"valueRequired\":true,\"valueName\":\"search_term_string\"}}],\"inLanguage\":\"pt-BR\"},{\"@type\":\"Organization\",\"@id\":\"https:\/\/www.suno.com.br\/noticias\/#organization\",\"name\":\"Suno Not\u00edcias\",\"url\":\"https:\/\/www.suno.com.br\/noticias\/\",\"logo\":{\"@type\":\"ImageObject\",\"inLanguage\":\"pt-BR\",\"@id\":\"https:\/\/www.suno.com.br\/noticias\/#\/schema\/logo\/image\/\",\"url\":\"https:\/\/files.sunoresearch.com.br\/n\/uploads\/2021\/09\/suno-logo.png\",\"contentUrl\":\"https:\/\/files.sunoresearch.com.br\/n\/uploads\/2021\/09\/suno-logo.png\",\"width\":180,\"height\":180,\"caption\":\"Suno Not\u00edcias\"},\"image\":{\"@id\":\"https:\/\/www.suno.com.br\/noticias\/#\/schema\/logo\/image\/\"},\"sameAs\":[\"https:\/\/facebook.com\/sunoresearch\",\"https:\/\/x.com\/sunoresearch\",\"https:\/\/www.instagram.com\/suno\",\"https:\/\/www.linkedin.com\/company\/suno-research\/\",\"https:\/\/www.youtube.com\/c\/sunoresearch\"]},{\"@type\":\"Person\",\"@id\":\"https:\/\/www.suno.com.br\/noticias\/#\/schema\/person\/46d847cb19ad53fde0857adca989c23f\",\"name\":\"Vict\u00f3ria Anhesini\",\"image\":{\"@type\":\"ImageObject\",\"inLanguage\":\"pt-BR\",\"@id\":\"https:\/\/www.suno.com.br\/noticias\/#\/schema\/person\/image\/\",\"url\":\"https:\/\/secure.gravatar.com\/avatar\/0172bdfcd9129dd9dd68794804304e6e?s=96&r=g\",\"contentUrl\":\"https:\/\/secure.gravatar.com\/avatar\/0172bdfcd9129dd9dd68794804304e6e?s=96&r=g\",\"caption\":\"Vict\u00f3ria Anhesini\"},\"description\":\"Rep\u00f3rter no Suno Not\u00edcias, cobre mercados, neg\u00f3cios e economia, escrevendo majoritariamente sobre movimentos das empresas, cobertura de balan\u00e7os trimestrais e Bolsa de Valores. Formada em jornalismo pela Universidade Presbiteriana Mackenzie em 2019, passou pelo portal de economia e finan\u00e7as EuQueroInvestir como rep\u00f3rter e anteriormente, trabalhou na assessoria de imprensa PinePR, onde liderou com startups de inova\u00e7\u00e3o, tecnologia e finan\u00e7as. Em seu tempo livre, fala sobre m\u00fasica para ambos os sites do selo ForMusic, Wikimetal e Mad Sound, e faz trabalho volunt\u00e1rio no programa Escreve Cartas do Poupatempo.\",\"sameAs\":[\"https:\/\/www.linkedin.com\/in\/victoria-anhesini\/\"],\"url\":\"https:\/\/www.suno.com.br\/noticias\/author\/victoria\/\"}]}<\/script>\n<!-- \/ Yoast SEO plugin. -->","yoast_head_json":{"title":"Copel (CPLE6) nega pagamento de R$ 2,8 mi em b\u00f4nus a diretores","description":"Os acionistas da Copel (CPLE6) e o Conselho de Administra\u00e7\u00e3o da empresa decidiram na sexta (29) negar proposta de b\u00f4nus aos diretores.","robots":{"index":"index","follow":"follow","max-snippet":"max-snippet:-1","max-image-preview":"max-image-preview:large","max-video-preview":"max-video-preview:-1"},"canonical":"https:\/\/www.suno.com.br\/noticias\/copel-cple6-nega-bonus-2-mi-diretores\/","og_locale":"pt_BR","og_type":"article","og_title":"Copel (CPLE6) nega pagamento de R$ 2,8 mi em b\u00f4nus a diretores","og_description":"Os acionistas da Copel (CPLE6) e o Conselho de Administra\u00e7\u00e3o da empresa decidiram na sexta (29) negar proposta de b\u00f4nus aos diretores.","og_url":"https:\/\/www.suno.com.br\/noticias\/copel-cple6-nega-bonus-2-mi-diretores\/","og_site_name":"Suno Not\u00edcias","article_publisher":"https:\/\/facebook.com\/sunoresearch","og_image":[{"width":1280,"height":853,"url":"https:\/\/files.sunoresearch.com.br\/n\/uploads\/2021\/09\/Devara-1-3_Easy-Resize.com_.jpg","type":"image\/jpeg"}],"author":"Vict\u00f3ria Anhesini","twitter_card":"summary_large_image","twitter_creator":"@sunoresearch","twitter_site":"@sunoresearch","twitter_misc":{"Escrito por":"Vict\u00f3ria Anhesini","Est. tempo de leitura":"3 minutos"},"schema":{"@context":"https:\/\/schema.org","@graph":[{"@type":"NewsArticle","@id":"https:\/\/www.suno.com.br\/noticias\/copel-cple6-nega-bonus-2-mi-diretores\/#article","isPartOf":{"@id":"https:\/\/www.suno.com.br\/noticias\/copel-cple6-nega-bonus-2-mi-diretores\/"},"author":{"name":"Vict\u00f3ria Anhesini","@id":"https:\/\/www.suno.com.br\/noticias\/#\/schema\/person\/46d847cb19ad53fde0857adca989c23f"},"headline":"Copel (CPLE6) nega pagamento de R$ 2,8 milh\u00f5es em b\u00f4nus a diretores","datePublished":"2022-05-02T22:37:49+00:00","dateModified":"2022-05-05T18:55:52+00:00","mainEntityOfPage":{"@id":"https:\/\/www.suno.com.br\/noticias\/copel-cple6-nega-bonus-2-mi-diretores\/"},"wordCount":578,"publisher":{"@id":"https:\/\/www.suno.com.br\/noticias\/#organization"},"image":{"@id":"https:\/\/www.suno.com.br\/noticias\/copel-cple6-nega-bonus-2-mi-diretores\/#primaryimage"},"thumbnailUrl":"https:\/\/files.sunoresearch.com.br\/n\/uploads\/2021\/09\/Devara-1-3_Easy-Resize.com_.jpg","keywords":["Copel (CPLE3\/CPLE5\/CPLE6)"],"articleSection":["Neg\u00f3cios"],"inLanguage":"pt-BR"},{"@type":"WebPage","@id":"https:\/\/www.suno.com.br\/noticias\/copel-cple6-nega-bonus-2-mi-diretores\/","url":"https:\/\/www.suno.com.br\/noticias\/copel-cple6-nega-bonus-2-mi-diretores\/","name":"Copel (CPLE6) nega pagamento de R$ 2,8 mi em b\u00f4nus a diretores","isPartOf":{"@id":"https:\/\/www.suno.com.br\/noticias\/#website"},"primaryImageOfPage":{"@id":"https:\/\/www.suno.com.br\/noticias\/copel-cple6-nega-bonus-2-mi-diretores\/#primaryimage"},"image":{"@id":"https:\/\/www.suno.com.br\/noticias\/copel-cple6-nega-bonus-2-mi-diretores\/#primaryimage"},"thumbnailUrl":"https:\/\/files.sunoresearch.com.br\/n\/uploads\/2021\/09\/Devara-1-3_Easy-Resize.com_.jpg","datePublished":"2022-05-02T22:37:49+00:00","dateModified":"2022-05-05T18:55:52+00:00","description":"Os acionistas da Copel (CPLE6) e o Conselho de Administra\u00e7\u00e3o da empresa decidiram na sexta (29) negar proposta de b\u00f4nus aos diretores.","breadcrumb":{"@id":"https:\/\/www.suno.com.br\/noticias\/copel-cple6-nega-bonus-2-mi-diretores\/#breadcrumb"},"inLanguage":"pt-BR","potentialAction":[{"@type":"ReadAction","target":["https:\/\/www.suno.com.br\/noticias\/copel-cple6-nega-bonus-2-mi-diretores\/"]}]},{"@type":"ImageObject","inLanguage":"pt-BR","@id":"https:\/\/www.suno.com.br\/noticias\/copel-cple6-nega-bonus-2-mi-diretores\/#primaryimage","url":"https:\/\/files.sunoresearch.com.br\/n\/uploads\/2021\/09\/Devara-1-3_Easy-Resize.com_.jpg","contentUrl":"https:\/\/files.sunoresearch.com.br\/n\/uploads\/2021\/09\/Devara-1-3_Easy-Resize.com_.jpg","width":1280,"height":853,"caption":"Copel (CPLE6). Foto: Reprodu\u00e7\u00e3o Site RI"},{"@type":"BreadcrumbList","@id":"https:\/\/www.suno.com.br\/noticias\/copel-cple6-nega-bonus-2-mi-diretores\/#breadcrumb","itemListElement":[{"@type":"ListItem","position":1,"name":"Not\u00edcias","item":"https:\/\/www.suno.com.br\/noticias\/"},{"@type":"ListItem","position":2,"name":"Neg\u00f3cios","item":"https:\/\/www.suno.com.br\/noticias\/negocios\/"},{"@type":"ListItem","position":3,"name":"Copel (CPLE6) nega pagamento de R$ 2,8 milh\u00f5es em b\u00f4nus a diretores"}]},{"@type":"WebSite","@id":"https:\/\/www.suno.com.br\/noticias\/#website","url":"https:\/\/www.suno.com.br\/noticias\/","name":"Suno Not\u00edcias","description":"Seu portal de informa\u00e7\u00e3o sobre o mundo dos investimentos","publisher":{"@id":"https:\/\/www.suno.com.br\/noticias\/#organization"},"potentialAction":[{"@type":"SearchAction","target":{"@type":"EntryPoint","urlTemplate":"https:\/\/www.suno.com.br\/noticias\/?s={search_term_string}"},"query-input":{"@type":"PropertyValueSpecification","valueRequired":true,"valueName":"search_term_string"}}],"inLanguage":"pt-BR"},{"@type":"Organization","@id":"https:\/\/www.suno.com.br\/noticias\/#organization","name":"Suno Not\u00edcias","url":"https:\/\/www.suno.com.br\/noticias\/","logo":{"@type":"ImageObject","inLanguage":"pt-BR","@id":"https:\/\/www.suno.com.br\/noticias\/#\/schema\/logo\/image\/","url":"https:\/\/files.sunoresearch.com.br\/n\/uploads\/2021\/09\/suno-logo.png","contentUrl":"https:\/\/files.sunoresearch.com.br\/n\/uploads\/2021\/09\/suno-logo.png","width":180,"height":180,"caption":"Suno Not\u00edcias"},"image":{"@id":"https:\/\/www.suno.com.br\/noticias\/#\/schema\/logo\/image\/"},"sameAs":["https:\/\/facebook.com\/sunoresearch","https:\/\/x.com\/sunoresearch","https:\/\/www.instagram.com\/suno","https:\/\/www.linkedin.com\/company\/suno-research\/","https:\/\/www.youtube.com\/c\/sunoresearch"]},{"@type":"Person","@id":"https:\/\/www.suno.com.br\/noticias\/#\/schema\/person\/46d847cb19ad53fde0857adca989c23f","name":"Vict\u00f3ria Anhesini","image":{"@type":"ImageObject","inLanguage":"pt-BR","@id":"https:\/\/www.suno.com.br\/noticias\/#\/schema\/person\/image\/","url":"https:\/\/secure.gravatar.com\/avatar\/0172bdfcd9129dd9dd68794804304e6e?s=96&r=g","contentUrl":"https:\/\/secure.gravatar.com\/avatar\/0172bdfcd9129dd9dd68794804304e6e?s=96&r=g","caption":"Vict\u00f3ria Anhesini"},"description":"Rep\u00f3rter no Suno Not\u00edcias, cobre mercados, neg\u00f3cios e economia, escrevendo majoritariamente sobre movimentos das empresas, cobertura de balan\u00e7os trimestrais e Bolsa de Valores. Formada em jornalismo pela Universidade Presbiteriana Mackenzie em 2019, passou pelo portal de economia e finan\u00e7as EuQueroInvestir como rep\u00f3rter e anteriormente, trabalhou na assessoria de imprensa PinePR, onde liderou com startups de inova\u00e7\u00e3o, tecnologia e finan\u00e7as. Em seu tempo livre, fala sobre m\u00fasica para ambos os sites do selo ForMusic, Wikimetal e Mad Sound, e faz trabalho volunt\u00e1rio no programa Escreve Cartas do Poupatempo.","sameAs":["https:\/\/www.linkedin.com\/in\/victoria-anhesini\/"],"url":"https:\/\/www.suno.com.br\/noticias\/author\/victoria\/"}]}},"default_loop_html":"<div class=\"cardsPage__listCard__boxs\"><div class=\"cardsPage__listCard__boxs__img\"><a href=\"https:\/\/www.suno.com.br\/noticias\/copel-cple6-nega-bonus-2-mi-diretores\/\"><img class=\"mask\" src=\"https:\/\/www.suno.com.br\/noticias\/wp-content\/themes\/suno\/resources\/images\/spotlight\/spotlight1img\/bg-mask.png\" alt=\"Image Mask\"\/><img src=\"https:\/\/files.sunoresearch.com.br\/n\/uploads\/2021\/09\/Devara-1-3_Easy-Resize.com_-400x200.jpg\" alt=\"Copel (CPLE6) nega pagamento de R$ 2,8 milh\u00f5es em b\u00f4nus a diretores\"\/><\/a><span class=\"spotlightCategory\"><a href=\"https:\/\/www.suno.com.br\/noticias\/negocios\/\">Neg\u00f3cios<\/a><\/span><\/div><div class=\"cardsPage__listCard__boxs__content\"><a href=\"https:\/\/www.suno.com.br\/noticias\/copel-cple6-nega-bonus-2-mi-diretores\/\"><h2 class=\"content__title\">Copel (CPLE6) nega pagamento de R$ 2,8 milh\u00f5es em b\u00f4nus a diretores<\/h2><\/a><div class=\"newsContent__article__meta\"><div class=\"newsContent__article__meta__authorBox\"><a href=\"https:\/\/www.suno.com.br\/noticias\/author\/victoria\/\" class=\"authorBox__avatar noMobi\"><img src=\"https:\/\/files.sunoresearch.com.br\/n\/uploads\/2021\/12\/20190129VickyPINEAPPLE01-1-150x150.jpg\" alt=\"Vict\u00f3ria Anhesini\"><\/a><div class=\"authorBox__name\"><span>por\n\t\t\t<a href=\"https:\/\/www.suno.com.br\/noticias\/author\/victoria\/\"><span itemprop=\"author\">Vict\u00f3ria Anhesini<\/span><\/a><\/span><time datetime=\"2022-05-02T19:37:49-03:00\" itemprop=\"datePublished\">02\/05\/2022 19:37<\/time><\/div><\/div><\/div><\/div><\/div>","single_layout":"posts","amp_enabled":true,"_links":{"self":[{"href":"https:\/\/www.suno.com.br\/noticias\/wp-json\/wp\/v2\/posts\/255570"}],"collection":[{"href":"https:\/\/www.suno.com.br\/noticias\/wp-json\/wp\/v2\/posts"}],"about":[{"href":"https:\/\/www.suno.com.br\/noticias\/wp-json\/wp\/v2\/types\/post"}],"author":[{"embeddable":true,"href":"https:\/\/www.suno.com.br\/noticias\/wp-json\/wp\/v2\/users\/146"}],"replies":[{"embeddable":true,"href":"https:\/\/www.suno.com.br\/noticias\/wp-json\/wp\/v2\/comments?post=255570"}],"version-history":[{"count":3,"href":"https:\/\/www.suno.com.br\/noticias\/wp-json\/wp\/v2\/posts\/255570\/revisions"}],"predecessor-version":[{"id":255588,"href":"https:\/\/www.suno.com.br\/noticias\/wp-json\/wp\/v2\/posts\/255570\/revisions\/255588"}],"wp:featuredmedia":[{"embeddable":true,"href":"https:\/\/www.suno.com.br\/noticias\/wp-json\/wp\/v2\/media\/180323"}],"wp:attachment":[{"href":"https:\/\/www.suno.com.br\/noticias\/wp-json\/wp\/v2\/media?parent=255570"}],"wp:term":[{"taxonomy":"category","embeddable":true,"href":"https:\/\/www.suno.com.br\/noticias\/wp-json\/wp\/v2\/categories?post=255570"},{"taxonomy":"post_tag","embeddable":true,"href":"https:\/\/www.suno.com.br\/noticias\/wp-json\/wp\/v2\/tags?post=255570"},{"taxonomy":"suno_strategy","embeddable":true,"href":"https:\/\/www.suno.com.br\/noticias\/wp-json\/wp\/v2\/suno_strategy?post=255570"}],"curies":[{"name":"wp","href":"https:\/\/api.w.org\/{rel}","templated":true}]}}