{"id":25554,"date":"2019-05-22T10:54:00","date_gmt":"2019-05-22T13:54:00","guid":{"rendered":"https:\/\/www.suno.com.br\/noticias\/?p=25554"},"modified":"2019-05-22T10:54:00","modified_gmt":"2019-05-22T13:54:00","slug":"brexit-may-parlamento-acordo","status":"publish","type":"post","link":"https:\/\/www.suno.com.br\/noticias\/brexit-may-parlamento-acordo\/","title":{"rendered":"Brexit: May v\u00ea nova proposta como &#8220;\u00faltima chance&#8221; de aprovar acordo"},"content":{"rendered":"<p>A primeira-ministra brit\u00e2nica, Theresa May, ofereceu ao Parlamento a possibilidade de votar um novo referendo sobre a sa\u00edda do Reino Unido da Uni\u00e3o Europeia. Tr\u00eas tentativas de acordo do Brexit foram negadas pelo Parlamento.<\/p>\t<div class=\"wrapper-featured-image\">\n\t\t<figure class=\"spotlightImg\">\n\n\t\t\t<picture>\n\t\t\t\t<source media=\"(max-width: 768px)\" srcset=\"https:\/\/files.sunoresearch.com.br\/n\/uploads\/2019\/05\/6552175e-brexit-400x200.webp\">\n\t\t\t\t<img loading=\"lazy\" decoding=\"async\" class=\"newsContent__article__imgCapa lazyloadDisabled newsContent__article__imgCapa--noCaption\" src=\"https:\/\/files.sunoresearch.com.br\/n\/uploads\/2019\/05\/6552175e-brexit-800x450.webp\" width=\"800\" height=\"450\" alt=\"Brexit: May v\u00ea nova proposta como &#8220;\u00faltima chance&#8221; de aprovar acordo\" fetchpriority=high \/>\n\t\t\t<\/picture>\n\n\t\t\t<figcaption class=\"wp-caption-text wp-caption-text--hide\">Brexit: May v\u00ea nova proposta como &quot;\u00faltima chance&quot; de aprovar acordo<\/figcaption>\n\t\t<\/figure>\n\t<\/div>\n\n\n<p>A proposta de <strong>May<\/strong> foi apresentada na \u00faltima ter\u00e7a-feira (21). O texto que prop\u00f5e um novo acordo do <strong>Brexit<\/strong> possui 10 itens e dever\u00e1 ser entregue ao <strong>Parlamento<\/strong> nesta semana. No entanto, May considera a nova proposta de acordo como uma &#8220;\u00faltima chance&#8221; para o Parlamento decidir sobre o futuro do Reino Unido.<\/p>\n<p>&#8220;A maioria dos deputados diz que quer entregar o resultado do referendo&#8230; e acredito que agora h\u00e1 uma \u00faltima chance de fazer isso&#8221;, afirmou May.<\/p>\n\t<p>\n\t\t<a href=\"https:\/\/lp.suno.com.br\/ebook-investindo-em-fiis\/\" target=\"_blank\" data-element=\"shortcode-suno-banner\" title=\"Banner SUNO, clique e saiba mais\">\n\t\t\t<picture>\n\t\t\t\t<source media=\"(max-width: 500px)\" srcset=\"https:\/\/files.sunoresearch.com.br\/n\/uploads\/2023\/07\/Ebook-Fundos-Imobiliarios-Mobile.jpg\">\n\t\t\t\t<img class=\"newsContent__article__imgCapa newsContent__article__imgCapa--banner\"\n\t\t\t\t\tsrc=\"https:\/\/files.sunoresearch.com.br\/n\/uploads\/2023\/07\/Ebook-Fundos-Imobiliarios-Desktop.jpg\"\n\t\t\t\t\tdata-promo-id=\"378301\"\t\t\t\t\t\t\t\t\t\twidth='1420' height='286'\t\t\t\t\talt=\"https:\/\/files.sunoresearch.com.br\/n\/uploads\/2023\/07\/Ebook-Fundos-Imobiliarios-Desktop.jpg\"\n\t\t\t\t>\n\t\t\t<\/picture>\n\t\t<\/a>\n\t<\/p>\n\n\n<p>May \u00e9 contra um novo referendo, mas deixou a possibilidade em pauta para o Parlamento. De acordo com a premi\u00ea, ela tem escutado &#8220;atentamente aqueles que t\u00eam defendido um segundo referendo&#8221; e que reconhece os sentimentos &#8220;genu\u00ednos e sinceros&#8221; da <strong>C\u00e2mara<\/strong> sobre a quest\u00e3o.<\/p>\n<p>O novo documento tem garantias para manter direitos trabalhistas e leis de prote\u00e7\u00e3o ambiental, prote\u00e7\u00f5es ambientais e a fronteira da Irlanda do Norte, bem como um &#8220;compromisso&#8221; alfandeg\u00e1rio. Al\u00e9m disso, d\u00e1 a possibilidade da realiza\u00e7\u00e3o de um segundo referendo sobre a sa\u00edda dos brit\u00e2nicos do bloco europeu.<\/p>\n<p><a href=\"https:\/\/www.suno.com.br\/noticias\/guerra-comercial-empresas-americanas-china-eua\/\">Saiba mais:\u00a0Guerra comercial afeta 75% das empresas americanas na China<\/a><\/p>\n<h2>Pontos-chave do novo acordo<\/h2>\n<ul>\n<li>A garantia de votar na <strong>C\u00e2mara dos Comuns<\/strong> a realiza\u00e7\u00e3o de outro referendo sobre o acordo do Brexit, com a promessa de honrar o resultado;<\/li>\n<li>Uma vota\u00e7\u00e3o sobre diferentes op\u00e7\u00f5es alfandeg\u00e1rias, incluindo uma proposta do governo para uma\u00a0uni\u00e3o aduaneira\u00a0tempor\u00e1ria\u00a0para bens. No entanto, May citou a a\u00e7\u00e3o como <strong>&#8220;compromisso alfandeg\u00e1rio&#8221;<\/strong>;<\/li>\n<li>Uma obriga\u00e7\u00e3o legal do <strong>Reino<\/strong> <strong>Unido<\/strong> de &#8220;procurar concluir acordos alternativos&#8221; para substituir\u00a0a barreira da <strong>Irlanda<\/strong> <strong>do<\/strong> <strong>Norte\u00a0<\/strong>at\u00e9 ao final de 2020;<\/li>\n<li>Se o contra-recuo entrar em vigor, o projeto de lei garantir\u00e1 que a Irlanda do Norte permane\u00e7a alinhada com o resto do Reino Unido e permane\u00e7a no mesmo territ\u00f3rio aduaneiro;<\/li>\n<li><strong>Legisla\u00e7\u00e3o<\/strong> para garantir que os direitos dos trabalhadores sejam &#8220;t\u00e3o bons se n\u00e3o melhores&#8221; depois do Brexit e garantias de n\u00e3o dilui\u00e7\u00e3o em padr\u00f5es ambientais;<\/li>\n<li>Um dever legal de procurar mudan\u00e7as\u00a0na declara\u00e7\u00e3o pol\u00edtica\u00a0sobre futuras rela\u00e7\u00f5es com a <strong>UE<\/strong>.<\/li>\n<\/ul>\n<p>Essa \u00e9 a quarta que a primeira-ministra brit\u00e2nica, <strong>Theresa May<\/strong>, busca um acordo para o <strong>Brexit<\/strong>.<\/p>\n\t<p>\n\t\t<a href=\"https:\/\/lp.suno.com.br\/nossas-assinaturas\/?utm_campaign=_SNC8166F3A4_\" target=\"_blank\" data-element=\"shortcode-suno-banner\" title=\"Banner SUNO, clique e saiba mais\">\n\t\t\t<picture>\n\t\t\t\t<source media=\"(max-width: 500px)\" srcset=\"https:\/\/files.sunoresearch.com.br\/n\/uploads\/2025\/08\/Artigos-e-Noticias-Banner-Materias-01-Mobile_-400x300-1-png.webp\">\n\t\t\t\t<img class=\"newsContent__article__imgCapa newsContent__article__imgCapa--banner\"\n\t\t\t\t\tsrc=\"https:\/\/files.sunoresearch.com.br\/n\/uploads\/2025\/08\/Artigos-e-Noticias-Banner-Materias-01-Desktop_-1420x240-4-png.webp\"\n\t\t\t\t\tdata-promo-id=\"620371\"\t\t\t\t\t\t\t\t\t\twidth='1420' height='240'\t\t\t\t\talt=\"https:\/\/files.sunoresearch.com.br\/n\/uploads\/2025\/08\/Artigos-e-Noticias-Banner-Materias-01-Desktop_-1420x240-4-png.webp\"\n\t\t\t\t>\n\t\t\t<\/picture>\n\t\t<\/a>\n\t<\/p>\n\n\n","protected":false},"excerpt":{"rendered":"<p>A primeira-ministra brit\u00e2nica, Theresa May, ofereceu ao Parlamento a possibilidade de votar um novo referendo sobre a sa\u00edda do Reino Unido da Uni\u00e3o Europeia. Tr\u00eas tentativas de acordo do Brexit foram negadas pelo Parlamento. Brexit: May v\u00ea nova proposta como &quot;\u00faltima chance&quot; de aprovar acordo A proposta de May foi apresentada na \u00faltima ter\u00e7a-feira (21). [&hellip;]<\/p>\n","protected":false},"author":11,"featured_media":25564,"comment_status":"closed","ping_status":"closed","sticky":false,"template":"","format":"standard","meta":[],"categories":[63],"tags":[753],"suno_strategy":[],"class_list":["post-25554","post","type-post","status-publish","format-standard","has-post-thumbnail","hentry","category-internacional","tag-brexit"],"yoast_head":"<!-- This site is optimized with the Yoast SEO plugin v24.4 - https:\/\/yoast.com\/wordpress\/plugins\/seo\/ -->\n<title>Brexit: May v\u00ea nova proposta como &quot;\u00faltima chance&quot; de aprovar acordo<\/title>\n<meta name=\"description\" content=\"May afirma v\u00ea a proposta do Brexit como uma &quot;\u00faltima chance&quot; para evitar que o Reino Unido desordenado da UE. Clique e saiba mais.\" \/>\n<meta name=\"robots\" content=\"index, follow, max-snippet:-1, max-image-preview:large, max-video-preview:-1\" \/>\n<link rel=\"canonical\" href=\"https:\/\/www.suno.com.br\/noticias\/brexit-may-parlamento-acordo\/\" \/>\n<meta property=\"og:locale\" content=\"pt_BR\" \/>\n<meta property=\"og:type\" content=\"article\" \/>\n<meta property=\"og:title\" content=\"Brexit: May v\u00ea nova proposta como &quot;\u00faltima chance&quot; de aprovar acordo\" \/>\n<meta property=\"og:description\" content=\"May afirma v\u00ea a proposta do Brexit como uma &quot;\u00faltima chance&quot; para evitar que o Reino Unido desordenado da UE. Clique e saiba mais.\" \/>\n<meta property=\"og:url\" content=\"https:\/\/www.suno.com.br\/noticias\/brexit-may-parlamento-acordo\/\" \/>\n<meta property=\"og:site_name\" content=\"Suno Not\u00edcias\" \/>\n<meta property=\"article:publisher\" content=\"https:\/\/facebook.com\/sunoresearch\" \/>\n<meta property=\"og:image\" content=\"https:\/\/files.sunoresearch.com.br\/n\/uploads\/2019\/05\/6552175e-brexit.jpg\" \/>\n\t<meta property=\"og:image:width\" content=\"1140\" \/>\n\t<meta property=\"og:image:height\" content=\"760\" \/>\n\t<meta property=\"og:image:type\" content=\"image\/jpeg\" \/>\n<meta name=\"author\" content=\"Renan Bandeira\" \/>\n<meta name=\"twitter:card\" content=\"summary_large_image\" \/>\n<meta name=\"twitter:creator\" content=\"@sunoresearch\" \/>\n<meta name=\"twitter:site\" content=\"@sunoresearch\" \/>\n<meta name=\"twitter:label1\" content=\"Escrito por\" \/>\n\t<meta name=\"twitter:data1\" content=\"Renan Bandeira\" \/>\n\t<meta name=\"twitter:label2\" content=\"Est. tempo de leitura\" \/>\n\t<meta name=\"twitter:data2\" content=\"2 minutos\" \/>\n<script type=\"application\/ld+json\" class=\"yoast-schema-graph\">{\"@context\":\"https:\/\/schema.org\",\"@graph\":[{\"@type\":\"NewsArticle\",\"@id\":\"https:\/\/www.suno.com.br\/noticias\/brexit-may-parlamento-acordo\/#article\",\"isPartOf\":{\"@id\":\"https:\/\/www.suno.com.br\/noticias\/brexit-may-parlamento-acordo\/\"},\"author\":{\"name\":\"Renan Bandeira\",\"@id\":\"https:\/\/www.suno.com.br\/noticias\/#\/schema\/person\/fc144a1c6108bd1dcd43784e88a3c138\"},\"headline\":\"Brexit: May v\u00ea nova proposta como &#8220;\u00faltima chance&#8221; de aprovar acordo\",\"datePublished\":\"2019-05-22T13:54:00+00:00\",\"mainEntityOfPage\":{\"@id\":\"https:\/\/www.suno.com.br\/noticias\/brexit-may-parlamento-acordo\/\"},\"wordCount\":432,\"publisher\":{\"@id\":\"https:\/\/www.suno.com.br\/noticias\/#organization\"},\"image\":{\"@id\":\"https:\/\/www.suno.com.br\/noticias\/brexit-may-parlamento-acordo\/#primaryimage\"},\"thumbnailUrl\":\"https:\/\/files.sunoresearch.com.br\/n\/uploads\/2019\/05\/6552175e-brexit-jpg.webp\",\"keywords\":[\"Brexit\"],\"articleSection\":[\"Internacional\"],\"inLanguage\":\"pt-BR\"},{\"@type\":\"WebPage\",\"@id\":\"https:\/\/www.suno.com.br\/noticias\/brexit-may-parlamento-acordo\/\",\"url\":\"https:\/\/www.suno.com.br\/noticias\/brexit-may-parlamento-acordo\/\",\"name\":\"Brexit: May v\u00ea nova proposta como \\\"\u00faltima chance\\\" de aprovar acordo\",\"isPartOf\":{\"@id\":\"https:\/\/www.suno.com.br\/noticias\/#website\"},\"primaryImageOfPage\":{\"@id\":\"https:\/\/www.suno.com.br\/noticias\/brexit-may-parlamento-acordo\/#primaryimage\"},\"image\":{\"@id\":\"https:\/\/www.suno.com.br\/noticias\/brexit-may-parlamento-acordo\/#primaryimage\"},\"thumbnailUrl\":\"https:\/\/files.sunoresearch.com.br\/n\/uploads\/2019\/05\/6552175e-brexit-jpg.webp\",\"datePublished\":\"2019-05-22T13:54:00+00:00\",\"description\":\"May afirma v\u00ea a proposta do Brexit como uma \\\"\u00faltima chance\\\" para evitar que o Reino Unido desordenado da UE. Clique e saiba mais.\",\"breadcrumb\":{\"@id\":\"https:\/\/www.suno.com.br\/noticias\/brexit-may-parlamento-acordo\/#breadcrumb\"},\"inLanguage\":\"pt-BR\",\"potentialAction\":[{\"@type\":\"ReadAction\",\"target\":[\"https:\/\/www.suno.com.br\/noticias\/brexit-may-parlamento-acordo\/\"]}]},{\"@type\":\"ImageObject\",\"inLanguage\":\"pt-BR\",\"@id\":\"https:\/\/www.suno.com.br\/noticias\/brexit-may-parlamento-acordo\/#primaryimage\",\"url\":\"https:\/\/files.sunoresearch.com.br\/n\/uploads\/2019\/05\/6552175e-brexit-jpg.webp\",\"contentUrl\":\"https:\/\/files.sunoresearch.com.br\/n\/uploads\/2019\/05\/6552175e-brexit-jpg.webp\",\"width\":1140,\"height\":760,\"caption\":\"Brexit: May v\u00ea nova proposta como \\\"\u00faltima chance\\\" de aprovar acordo\"},{\"@type\":\"BreadcrumbList\",\"@id\":\"https:\/\/www.suno.com.br\/noticias\/brexit-may-parlamento-acordo\/#breadcrumb\",\"itemListElement\":[{\"@type\":\"ListItem\",\"position\":1,\"name\":\"Not\u00edcias\",\"item\":\"https:\/\/www.suno.com.br\/noticias\/\"},{\"@type\":\"ListItem\",\"position\":2,\"name\":\"Internacional\",\"item\":\"https:\/\/www.suno.com.br\/noticias\/internacional\/\"},{\"@type\":\"ListItem\",\"position\":3,\"name\":\"Brexit: May v\u00ea nova proposta como &#8220;\u00faltima chance&#8221; de aprovar acordo\"}]},{\"@type\":\"WebSite\",\"@id\":\"https:\/\/www.suno.com.br\/noticias\/#website\",\"url\":\"https:\/\/www.suno.com.br\/noticias\/\",\"name\":\"Suno Not\u00edcias\",\"description\":\"Seu portal de informa\u00e7\u00e3o sobre o mundo dos investimentos\",\"publisher\":{\"@id\":\"https:\/\/www.suno.com.br\/noticias\/#organization\"},\"potentialAction\":[{\"@type\":\"SearchAction\",\"target\":{\"@type\":\"EntryPoint\",\"urlTemplate\":\"https:\/\/www.suno.com.br\/noticias\/?s={search_term_string}\"},\"query-input\":{\"@type\":\"PropertyValueSpecification\",\"valueRequired\":true,\"valueName\":\"search_term_string\"}}],\"inLanguage\":\"pt-BR\"},{\"@type\":\"Organization\",\"@id\":\"https:\/\/www.suno.com.br\/noticias\/#organization\",\"name\":\"Suno Not\u00edcias\",\"url\":\"https:\/\/www.suno.com.br\/noticias\/\",\"logo\":{\"@type\":\"ImageObject\",\"inLanguage\":\"pt-BR\",\"@id\":\"https:\/\/www.suno.com.br\/noticias\/#\/schema\/logo\/image\/\",\"url\":\"https:\/\/files.sunoresearch.com.br\/n\/uploads\/2021\/09\/suno-logo.png\",\"contentUrl\":\"https:\/\/files.sunoresearch.com.br\/n\/uploads\/2021\/09\/suno-logo.png\",\"width\":180,\"height\":180,\"caption\":\"Suno Not\u00edcias\"},\"image\":{\"@id\":\"https:\/\/www.suno.com.br\/noticias\/#\/schema\/logo\/image\/\"},\"sameAs\":[\"https:\/\/facebook.com\/sunoresearch\",\"https:\/\/x.com\/sunoresearch\",\"https:\/\/www.instagram.com\/suno\",\"https:\/\/www.linkedin.com\/company\/suno-research\/\",\"https:\/\/www.youtube.com\/c\/sunoresearch\"]},{\"@type\":\"Person\",\"@id\":\"https:\/\/www.suno.com.br\/noticias\/#\/schema\/person\/fc144a1c6108bd1dcd43784e88a3c138\",\"name\":\"Renan Bandeira\",\"image\":{\"@type\":\"ImageObject\",\"inLanguage\":\"pt-BR\",\"@id\":\"https:\/\/www.suno.com.br\/noticias\/#\/schema\/person\/image\/\",\"url\":\"https:\/\/secure.gravatar.com\/avatar\/68359cdb608f14f11bbefcb78f3fc747?s=96&r=g\",\"contentUrl\":\"https:\/\/secure.gravatar.com\/avatar\/68359cdb608f14f11bbefcb78f3fc747?s=96&r=g\",\"caption\":\"Renan Bandeira\"},\"description\":\"Renan Bandeira escreve sobre pol\u00edtica e economia para o portal da Suno Research. Antes da Suno, trabalhou em uma rede de televis\u00e3o, onde fazia reportagens sobre os mesmos temas. Estuda na Universidade Metodista de S\u00e3o Paulo.\",\"url\":\"https:\/\/www.suno.com.br\/noticias\/author\/renan-bandeira\/\"}]}<\/script>\n<!-- \/ Yoast SEO plugin. -->","yoast_head_json":{"title":"Brexit: May v\u00ea nova proposta como \"\u00faltima chance\" de aprovar acordo","description":"May afirma v\u00ea a proposta do Brexit como uma \"\u00faltima chance\" para evitar que o Reino Unido desordenado da UE. Clique e saiba mais.","robots":{"index":"index","follow":"follow","max-snippet":"max-snippet:-1","max-image-preview":"max-image-preview:large","max-video-preview":"max-video-preview:-1"},"canonical":"https:\/\/www.suno.com.br\/noticias\/brexit-may-parlamento-acordo\/","og_locale":"pt_BR","og_type":"article","og_title":"Brexit: May v\u00ea nova proposta como \"\u00faltima chance\" de aprovar acordo","og_description":"May afirma v\u00ea a proposta do Brexit como uma \"\u00faltima chance\" para evitar que o Reino Unido desordenado da UE. Clique e saiba mais.","og_url":"https:\/\/www.suno.com.br\/noticias\/brexit-may-parlamento-acordo\/","og_site_name":"Suno Not\u00edcias","article_publisher":"https:\/\/facebook.com\/sunoresearch","og_image":[{"width":1140,"height":760,"url":"https:\/\/files.sunoresearch.com.br\/n\/uploads\/2019\/05\/6552175e-brexit.jpg","type":"image\/jpeg"}],"author":"Renan Bandeira","twitter_card":"summary_large_image","twitter_creator":"@sunoresearch","twitter_site":"@sunoresearch","twitter_misc":{"Escrito por":"Renan Bandeira","Est. tempo de leitura":"2 minutos"},"schema":{"@context":"https:\/\/schema.org","@graph":[{"@type":"NewsArticle","@id":"https:\/\/www.suno.com.br\/noticias\/brexit-may-parlamento-acordo\/#article","isPartOf":{"@id":"https:\/\/www.suno.com.br\/noticias\/brexit-may-parlamento-acordo\/"},"author":{"name":"Renan Bandeira","@id":"https:\/\/www.suno.com.br\/noticias\/#\/schema\/person\/fc144a1c6108bd1dcd43784e88a3c138"},"headline":"Brexit: May v\u00ea nova proposta como &#8220;\u00faltima chance&#8221; de aprovar acordo","datePublished":"2019-05-22T13:54:00+00:00","mainEntityOfPage":{"@id":"https:\/\/www.suno.com.br\/noticias\/brexit-may-parlamento-acordo\/"},"wordCount":432,"publisher":{"@id":"https:\/\/www.suno.com.br\/noticias\/#organization"},"image":{"@id":"https:\/\/www.suno.com.br\/noticias\/brexit-may-parlamento-acordo\/#primaryimage"},"thumbnailUrl":"https:\/\/files.sunoresearch.com.br\/n\/uploads\/2019\/05\/6552175e-brexit-jpg.webp","keywords":["Brexit"],"articleSection":["Internacional"],"inLanguage":"pt-BR"},{"@type":"WebPage","@id":"https:\/\/www.suno.com.br\/noticias\/brexit-may-parlamento-acordo\/","url":"https:\/\/www.suno.com.br\/noticias\/brexit-may-parlamento-acordo\/","name":"Brexit: May v\u00ea nova proposta como \"\u00faltima chance\" de aprovar acordo","isPartOf":{"@id":"https:\/\/www.suno.com.br\/noticias\/#website"},"primaryImageOfPage":{"@id":"https:\/\/www.suno.com.br\/noticias\/brexit-may-parlamento-acordo\/#primaryimage"},"image":{"@id":"https:\/\/www.suno.com.br\/noticias\/brexit-may-parlamento-acordo\/#primaryimage"},"thumbnailUrl":"https:\/\/files.sunoresearch.com.br\/n\/uploads\/2019\/05\/6552175e-brexit-jpg.webp","datePublished":"2019-05-22T13:54:00+00:00","description":"May afirma v\u00ea a proposta do Brexit como uma \"\u00faltima chance\" para evitar que o Reino Unido desordenado da UE. Clique e saiba mais.","breadcrumb":{"@id":"https:\/\/www.suno.com.br\/noticias\/brexit-may-parlamento-acordo\/#breadcrumb"},"inLanguage":"pt-BR","potentialAction":[{"@type":"ReadAction","target":["https:\/\/www.suno.com.br\/noticias\/brexit-may-parlamento-acordo\/"]}]},{"@type":"ImageObject","inLanguage":"pt-BR","@id":"https:\/\/www.suno.com.br\/noticias\/brexit-may-parlamento-acordo\/#primaryimage","url":"https:\/\/files.sunoresearch.com.br\/n\/uploads\/2019\/05\/6552175e-brexit-jpg.webp","contentUrl":"https:\/\/files.sunoresearch.com.br\/n\/uploads\/2019\/05\/6552175e-brexit-jpg.webp","width":1140,"height":760,"caption":"Brexit: May v\u00ea nova proposta como \"\u00faltima chance\" de aprovar acordo"},{"@type":"BreadcrumbList","@id":"https:\/\/www.suno.com.br\/noticias\/brexit-may-parlamento-acordo\/#breadcrumb","itemListElement":[{"@type":"ListItem","position":1,"name":"Not\u00edcias","item":"https:\/\/www.suno.com.br\/noticias\/"},{"@type":"ListItem","position":2,"name":"Internacional","item":"https:\/\/www.suno.com.br\/noticias\/internacional\/"},{"@type":"ListItem","position":3,"name":"Brexit: May v\u00ea nova proposta como &#8220;\u00faltima chance&#8221; de aprovar acordo"}]},{"@type":"WebSite","@id":"https:\/\/www.suno.com.br\/noticias\/#website","url":"https:\/\/www.suno.com.br\/noticias\/","name":"Suno Not\u00edcias","description":"Seu portal de informa\u00e7\u00e3o sobre o mundo dos investimentos","publisher":{"@id":"https:\/\/www.suno.com.br\/noticias\/#organization"},"potentialAction":[{"@type":"SearchAction","target":{"@type":"EntryPoint","urlTemplate":"https:\/\/www.suno.com.br\/noticias\/?s={search_term_string}"},"query-input":{"@type":"PropertyValueSpecification","valueRequired":true,"valueName":"search_term_string"}}],"inLanguage":"pt-BR"},{"@type":"Organization","@id":"https:\/\/www.suno.com.br\/noticias\/#organization","name":"Suno Not\u00edcias","url":"https:\/\/www.suno.com.br\/noticias\/","logo":{"@type":"ImageObject","inLanguage":"pt-BR","@id":"https:\/\/www.suno.com.br\/noticias\/#\/schema\/logo\/image\/","url":"https:\/\/files.sunoresearch.com.br\/n\/uploads\/2021\/09\/suno-logo.png","contentUrl":"https:\/\/files.sunoresearch.com.br\/n\/uploads\/2021\/09\/suno-logo.png","width":180,"height":180,"caption":"Suno Not\u00edcias"},"image":{"@id":"https:\/\/www.suno.com.br\/noticias\/#\/schema\/logo\/image\/"},"sameAs":["https:\/\/facebook.com\/sunoresearch","https:\/\/x.com\/sunoresearch","https:\/\/www.instagram.com\/suno","https:\/\/www.linkedin.com\/company\/suno-research\/","https:\/\/www.youtube.com\/c\/sunoresearch"]},{"@type":"Person","@id":"https:\/\/www.suno.com.br\/noticias\/#\/schema\/person\/fc144a1c6108bd1dcd43784e88a3c138","name":"Renan Bandeira","image":{"@type":"ImageObject","inLanguage":"pt-BR","@id":"https:\/\/www.suno.com.br\/noticias\/#\/schema\/person\/image\/","url":"https:\/\/secure.gravatar.com\/avatar\/68359cdb608f14f11bbefcb78f3fc747?s=96&r=g","contentUrl":"https:\/\/secure.gravatar.com\/avatar\/68359cdb608f14f11bbefcb78f3fc747?s=96&r=g","caption":"Renan Bandeira"},"description":"Renan Bandeira escreve sobre pol\u00edtica e economia para o portal da Suno Research. Antes da Suno, trabalhou em uma rede de televis\u00e3o, onde fazia reportagens sobre os mesmos temas. Estuda na Universidade Metodista de S\u00e3o Paulo.","url":"https:\/\/www.suno.com.br\/noticias\/author\/renan-bandeira\/"}]}},"default_loop_html":"<div class=\"cardsPage__listCard__boxs\"><div class=\"cardsPage__listCard__boxs__img\"><a href=\"https:\/\/www.suno.com.br\/noticias\/brexit-may-parlamento-acordo\/\"><img class=\"mask\" src=\"https:\/\/www.suno.com.br\/noticias\/wp-content\/themes\/suno\/resources\/images\/spotlight\/spotlight1img\/bg-mask.png\" alt=\"Image Mask\"\/><img src=\"https:\/\/files.sunoresearch.com.br\/n\/uploads\/2019\/05\/6552175e-brexit-400x200.webp\" alt=\"Brexit: May v\u00ea nova proposta como &#8220;\u00faltima chance&#8221; de aprovar acordo\"\/><\/a><span class=\"spotlightCategory\"><a href=\"https:\/\/www.suno.com.br\/noticias\/internacional\/\">Internacional<\/a><\/span><\/div><div class=\"cardsPage__listCard__boxs__content\"><a href=\"https:\/\/www.suno.com.br\/noticias\/brexit-may-parlamento-acordo\/\"><h2 class=\"content__title\">Brexit: May v\u00ea nova proposta como &#8220;\u00faltima chance&#8221; de aprovar acordo<\/h2><\/a><div class=\"newsContent__article__meta\"><div class=\"newsContent__article__meta__authorBox\"><a href=\"https:\/\/www.suno.com.br\/noticias\/author\/renan-bandeira\/\" class=\"authorBox__avatar noMobi\"><img src=\"https:\/\/secure.gravatar.com\/avatar\/68359cdb608f14f11bbefcb78f3fc747?s=96&#038;r=g\" alt=\"Renan Bandeira\"><\/a><div class=\"authorBox__name\"><span>por\n\t\t\t<a href=\"https:\/\/www.suno.com.br\/noticias\/author\/renan-bandeira\/\"><span itemprop=\"author\">Renan Bandeira<\/span><\/a><\/span><time datetime=\"2019-05-22T10:54:00-03:00\" itemprop=\"datePublished\">22\/05\/2019 10:54<\/time><\/div><\/div><\/div><\/div><\/div>","single_layout":"posts","amp_enabled":true,"_links":{"self":[{"href":"https:\/\/www.suno.com.br\/noticias\/wp-json\/wp\/v2\/posts\/25554"}],"collection":[{"href":"https:\/\/www.suno.com.br\/noticias\/wp-json\/wp\/v2\/posts"}],"about":[{"href":"https:\/\/www.suno.com.br\/noticias\/wp-json\/wp\/v2\/types\/post"}],"author":[{"embeddable":true,"href":"https:\/\/www.suno.com.br\/noticias\/wp-json\/wp\/v2\/users\/11"}],"replies":[{"embeddable":true,"href":"https:\/\/www.suno.com.br\/noticias\/wp-json\/wp\/v2\/comments?post=25554"}],"version-history":[{"count":0,"href":"https:\/\/www.suno.com.br\/noticias\/wp-json\/wp\/v2\/posts\/25554\/revisions"}],"wp:featuredmedia":[{"embeddable":true,"href":"https:\/\/www.suno.com.br\/noticias\/wp-json\/wp\/v2\/media\/25564"}],"wp:attachment":[{"href":"https:\/\/www.suno.com.br\/noticias\/wp-json\/wp\/v2\/media?parent=25554"}],"wp:term":[{"taxonomy":"category","embeddable":true,"href":"https:\/\/www.suno.com.br\/noticias\/wp-json\/wp\/v2\/categories?post=25554"},{"taxonomy":"post_tag","embeddable":true,"href":"https:\/\/www.suno.com.br\/noticias\/wp-json\/wp\/v2\/tags?post=25554"},{"taxonomy":"suno_strategy","embeddable":true,"href":"https:\/\/www.suno.com.br\/noticias\/wp-json\/wp\/v2\/suno_strategy?post=25554"}],"curies":[{"name":"wp","href":"https:\/\/api.w.org\/{rel}","templated":true}]}}