{"id":25537,"date":"2019-05-22T09:40:36","date_gmt":"2019-05-22T12:40:36","guid":{"rendered":"https:\/\/www.suno.com.br\/noticias\/?p=25537"},"modified":"2019-05-22T09:42:29","modified_gmt":"2019-05-22T12:42:29","slug":"natura-anunciar-compra-avon-quarta","status":"publish","type":"post","link":"https:\/\/www.suno.com.br\/noticias\/natura-anunciar-compra-avon-quarta\/","title":{"rendered":"Natura deve anunciar compra da Avon nesta quarta, diz FT"},"content":{"rendered":"<p>A Natura deve anunciar nesta quarta-feira (22) a compra da <strong>Avon.<\/strong> A aquisi\u00e7\u00e3o da concorrente pode ocorrer por mais de US$ 2 bilh\u00f5es. De acordo com fontes do &#8220;Financial Times&#8221;, que divulgou a informa\u00e7\u00e3o, a brasileira deve ficar com 76% da empresa. Assim, os outros 24% ficariam com os acionistas da norte-americana.<\/p>\t<div class=\"wrapper-featured-image\">\n\t\t<figure class=\"spotlightImg\">\n\n\t\t\t<picture>\n\t\t\t\t<source media=\"(max-width: 768px)\" srcset=\"https:\/\/files.sunoresearch.com.br\/n\/uploads\/2019\/05\/b31ee061-natura-400x200.webp\">\n\t\t\t\t<img loading=\"lazy\" decoding=\"async\" class=\"newsContent__article__imgCapa lazyloadDisabled newsContent__article__imgCapa--noCaption\" src=\"https:\/\/files.sunoresearch.com.br\/n\/uploads\/2019\/05\/b31ee061-natura-800x450.webp\" width=\"800\" height=\"450\" alt=\"Natura deve anunciar compra da Avon nesta quarta, diz FT\" fetchpriority=high \/>\n\t\t\t<\/picture>\n\n\t\t\t<figcaption class=\"wp-caption-text wp-caption-text--hide\">Natura eleva meta de sinergias com Avon para US$ 200 mi a US$ 300 mi<\/figcaption>\n\t\t<\/figure>\n\t<\/div>\n\n\n<p>Atualmente, a <strong>Avon<\/strong> tem um <a href=\"https:\/\/www.suno.com.br\/artigos\/valor-de-mercado\">valor de mercado<\/a>\u00a0de US$ 1,42 bilh\u00e3o. Desde o an\u00fancio da poss\u00edvel compra, as a\u00e7\u00f5es da <strong>Natura<\/strong> j\u00e1 tiveram uma valoriza\u00e7\u00e3o de mais de 35% na <a href=\"https:\/\/www.suno.com.br\/artigos\/b3\/\"><strong>B3 (Brasil, Bolsa, Balc\u00e3o)<\/strong><\/a><strong>.\u00a0<\/strong>J\u00e1 os pap\u00e9is da norte-americana tamb\u00e9m subiram cerca de 10%. A <strong>Avon<\/strong> est\u00e1 listada na <a href=\"https:\/\/www.suno.com.br\/artigos\/nyse\">Nyse (New York Stock Exchange).<\/a><\/p>\n\t<p>\n\t\t<a href=\"https:\/\/lp.suno.com.br\/cl\/webinario-suno-black-2024\/\" target=\"_blank\" data-element=\"shortcode-suno-banner\" title=\"Banner SUNO, clique e saiba mais\">\n\t\t\t<picture>\n\t\t\t\t<source media=\"(max-width: 500px)\" srcset=\"https:\/\/files.sunoresearch.com.br\/n\/uploads\/2024\/04\/400x300-Banner-Home-1.png\">\n\t\t\t\t<img class=\"newsContent__article__imgCapa newsContent__article__imgCapa--banner\"\n\t\t\t\t\tsrc=\"https:\/\/files.sunoresearch.com.br\/n\/uploads\/2024\/04\/400x300-Banner-Home-1.png\"\n\t\t\t\t\tdata-promo-id=\"102411\"\t\t\t\t\t\t\t\t\t\twidth='401' height='300'\t\t\t\t\talt=\"https:\/\/files.sunoresearch.com.br\/n\/uploads\/2024\/04\/400x300-Banner-Home-1.png\"\n\t\t\t\t>\n\t\t\t<\/picture>\n\t\t<\/a>\n\t<\/p>\n\n\n<p>Apesar das especula\u00e7\u00f5es para o valor da opera\u00e7\u00e3o girarem em torno dos US$ 2 bilh\u00f5es, os n\u00fameros\u00a0poder\u00e3o ser ainda mais altos. Isso se a empresa de cosm\u00e9ticos brasileira pagar <strong>pr\u00eamio <\/strong>na aquisi\u00e7\u00e3o.<\/p>\n<p><a href=\"https:\/\/www.suno.com.br\/noticias\/natura-garantia-credito-avon\/\">Saiba Mais: Natura possui garantia de cr\u00e9dito com Ita\u00fa e Bradesco para comprar Avon<\/a><\/p>\n<h2>Natura tem cr\u00e9dito com bancos<\/h2>\n<p>No dia 14 de maio, o &#8220;Valor&#8221; divulgou que a <strong>Natura<\/strong> j\u00e1 possu\u00eda cr\u00e9ditos com o <strong>Ita\u00fa<\/strong> e o <strong>Bradesco<\/strong> para realizar a compra da <strong>Avon.<\/strong> Al\u00e9m disso, de acordo com o jornal, o\u00a0<strong>Santander<\/strong>\u00a0e o <strong>Citibank<\/strong>\u00a0tamb\u00e9m poder\u00e3o ser credores no <strong>financiamento<\/strong> para que a brasileira compre as opera\u00e7\u00f5es da americana.<\/p>\n<p>A assessoria da opera\u00e7\u00e3o ser\u00e1 feita pelos bancos <strong>UBS<\/strong> e <strong>Morgan Stanley<\/strong>. Assim, tais institui\u00e7\u00f5es financeiras n\u00e3o dever\u00e3o ser credoras na transa\u00e7\u00e3o.\u00a0\u201cOs bancos financiadores devem ser os bancos de relacionamento da companhia. Assim como os bancos de balan\u00e7o n\u00e3o entraram na assessoria da opera\u00e7\u00e3o, os assessores n\u00e3o devem entrar no cr\u00e9dito\u201d, disse uma fonte ao jornal.<\/p>\n<p><a href=\"https:\/\/www.suno.com.br\/noticias\/natura-lucro-liquido-dispara\/\">Saiba Mais: Natura: lucro l\u00edquido dispara 72,8% e vai a R$ 41,9 mi no 1\u00ba trimestre<\/a><\/p>\n<p>Em 22 de mar\u00e7o deste ano, a <strong>Natura Cosm\u00e9ticos<\/strong> confirmou a possibilidade de compra de parcela da norte-americana\u00a0<strong>Avon<\/strong>:<\/p>\n<ul>\n<li>tanto as opera\u00e7\u00f5es da <strong>Avon<\/strong> nos Estados Unidos da Am\u00e9rica (EUA), cuja opera\u00e7\u00e3o \u00e9 por meio de<strong>\u00a0<a href=\"https:\/\/www.suno.com.br\/artigos\/empresa-capital-fechado\/\">capital fechado<\/a><\/strong>;<\/li>\n<li>quanto \u00e0s opera\u00e7\u00f5es da empresa no restante do mundo, via<strong> <a href=\"https:\/\/www.suno.com.br\/artigos\/empresa-capital-aberto\/\">capital aberto<\/a><\/strong>.<\/li>\n<\/ul>\n","protected":false},"excerpt":{"rendered":"<p>A Natura deve anunciar nesta quarta-feira (22) a compra da Avon. A aquisi\u00e7\u00e3o da concorrente pode ocorrer por mais de US$ 2 bilh\u00f5es. De acordo com fontes do &#8220;Financial Times&#8221;, que divulgou a informa\u00e7\u00e3o, a brasileira deve ficar com 76% da empresa. Assim, os outros 24% ficariam com os acionistas da norte-americana. Natura eleva meta [&hellip;]<\/p>\n","protected":false},"author":16,"featured_media":23089,"comment_status":"closed","ping_status":"closed","sticky":false,"template":"","format":"standard","meta":[],"categories":[64],"tags":[975,574],"suno_strategy":[],"class_list":["post-25537","post","type-post","status-publish","format-standard","has-post-thumbnail","hentry","category-negocios","tag-avon","tag-natura-ntco3"],"yoast_head":"<!-- This site is optimized with the Yoast SEO plugin v24.4 - https:\/\/yoast.com\/wordpress\/plugins\/seo\/ -->\n<title>Natura deve anunciar compra da Avon nesta quarta, diz FT<\/title>\n<meta name=\"description\" content=\"As especula\u00e7\u00f5es sobre o valor da negocia\u00e7\u00e3o entre Avon e Natura chegam aos US$ 2 bilh\u00f5es, no entanto, o total pode ser ainda mais. Entenda\" \/>\n<meta name=\"robots\" content=\"index, follow, max-snippet:-1, max-image-preview:large, max-video-preview:-1\" \/>\n<link rel=\"canonical\" href=\"https:\/\/www.suno.com.br\/noticias\/natura-anunciar-compra-avon-quarta\/\" \/>\n<meta property=\"og:locale\" content=\"pt_BR\" \/>\n<meta property=\"og:type\" content=\"article\" \/>\n<meta property=\"og:title\" content=\"Natura deve anunciar compra da Avon nesta quarta, diz FT\" \/>\n<meta property=\"og:description\" content=\"As especula\u00e7\u00f5es sobre o valor da negocia\u00e7\u00e3o entre Avon e Natura chegam aos US$ 2 bilh\u00f5es, no entanto, o total pode ser ainda mais. Entenda\" \/>\n<meta property=\"og:url\" content=\"https:\/\/www.suno.com.br\/noticias\/natura-anunciar-compra-avon-quarta\/\" \/>\n<meta property=\"og:site_name\" content=\"Suno Not\u00edcias\" \/>\n<meta property=\"article:publisher\" content=\"https:\/\/facebook.com\/sunoresearch\" \/>\n<meta property=\"og:image\" content=\"https:\/\/files.sunoresearch.com.br\/n\/uploads\/2019\/05\/b31ee061-natura.jpg\" \/>\n\t<meta property=\"og:image:width\" content=\"960\" \/>\n\t<meta property=\"og:image:height\" content=\"639\" \/>\n\t<meta property=\"og:image:type\" content=\"image\/jpeg\" \/>\n<meta name=\"author\" content=\"Beatriz Oliveira\" \/>\n<meta name=\"twitter:card\" content=\"summary_large_image\" \/>\n<meta name=\"twitter:creator\" content=\"@sunoresearch\" \/>\n<meta name=\"twitter:site\" content=\"@sunoresearch\" \/>\n<meta name=\"twitter:label1\" content=\"Escrito por\" \/>\n\t<meta name=\"twitter:data1\" content=\"Beatriz Oliveira\" \/>\n\t<meta name=\"twitter:label2\" content=\"Est. tempo de leitura\" \/>\n\t<meta name=\"twitter:data2\" content=\"2 minutos\" \/>\n<script type=\"application\/ld+json\" class=\"yoast-schema-graph\">{\"@context\":\"https:\/\/schema.org\",\"@graph\":[{\"@type\":\"NewsArticle\",\"@id\":\"https:\/\/www.suno.com.br\/noticias\/natura-anunciar-compra-avon-quarta\/#article\",\"isPartOf\":{\"@id\":\"https:\/\/www.suno.com.br\/noticias\/natura-anunciar-compra-avon-quarta\/\"},\"author\":{\"name\":\"Beatriz Oliveira\",\"@id\":\"https:\/\/www.suno.com.br\/noticias\/#\/schema\/person\/e67f665add014bf99f644028de070cc3\"},\"headline\":\"Natura deve anunciar compra da Avon nesta quarta, diz FT\",\"datePublished\":\"2019-05-22T12:40:36+00:00\",\"dateModified\":\"2019-05-22T12:42:29+00:00\",\"mainEntityOfPage\":{\"@id\":\"https:\/\/www.suno.com.br\/noticias\/natura-anunciar-compra-avon-quarta\/\"},\"wordCount\":378,\"publisher\":{\"@id\":\"https:\/\/www.suno.com.br\/noticias\/#organization\"},\"image\":{\"@id\":\"https:\/\/www.suno.com.br\/noticias\/natura-anunciar-compra-avon-quarta\/#primaryimage\"},\"thumbnailUrl\":\"https:\/\/files.sunoresearch.com.br\/n\/uploads\/2019\/05\/b31ee061-natura-jpg.webp\",\"keywords\":[\"Avon\",\"Natura (NTCO3)\"],\"articleSection\":[\"Neg\u00f3cios\"],\"inLanguage\":\"pt-BR\"},{\"@type\":\"WebPage\",\"@id\":\"https:\/\/www.suno.com.br\/noticias\/natura-anunciar-compra-avon-quarta\/\",\"url\":\"https:\/\/www.suno.com.br\/noticias\/natura-anunciar-compra-avon-quarta\/\",\"name\":\"Natura deve anunciar compra da Avon nesta quarta, diz FT\",\"isPartOf\":{\"@id\":\"https:\/\/www.suno.com.br\/noticias\/#website\"},\"primaryImageOfPage\":{\"@id\":\"https:\/\/www.suno.com.br\/noticias\/natura-anunciar-compra-avon-quarta\/#primaryimage\"},\"image\":{\"@id\":\"https:\/\/www.suno.com.br\/noticias\/natura-anunciar-compra-avon-quarta\/#primaryimage\"},\"thumbnailUrl\":\"https:\/\/files.sunoresearch.com.br\/n\/uploads\/2019\/05\/b31ee061-natura-jpg.webp\",\"datePublished\":\"2019-05-22T12:40:36+00:00\",\"dateModified\":\"2019-05-22T12:42:29+00:00\",\"description\":\"As especula\u00e7\u00f5es sobre o valor da negocia\u00e7\u00e3o entre Avon e Natura chegam aos US$ 2 bilh\u00f5es, no entanto, o total pode ser ainda mais. Entenda\",\"breadcrumb\":{\"@id\":\"https:\/\/www.suno.com.br\/noticias\/natura-anunciar-compra-avon-quarta\/#breadcrumb\"},\"inLanguage\":\"pt-BR\",\"potentialAction\":[{\"@type\":\"ReadAction\",\"target\":[\"https:\/\/www.suno.com.br\/noticias\/natura-anunciar-compra-avon-quarta\/\"]}]},{\"@type\":\"ImageObject\",\"inLanguage\":\"pt-BR\",\"@id\":\"https:\/\/www.suno.com.br\/noticias\/natura-anunciar-compra-avon-quarta\/#primaryimage\",\"url\":\"https:\/\/files.sunoresearch.com.br\/n\/uploads\/2019\/05\/b31ee061-natura-jpg.webp\",\"contentUrl\":\"https:\/\/files.sunoresearch.com.br\/n\/uploads\/2019\/05\/b31ee061-natura-jpg.webp\",\"width\":960,\"height\":639,\"caption\":\"Natura eleva meta de sinergias com Avon para US$ 200 mi a US$ 300 mi\"},{\"@type\":\"BreadcrumbList\",\"@id\":\"https:\/\/www.suno.com.br\/noticias\/natura-anunciar-compra-avon-quarta\/#breadcrumb\",\"itemListElement\":[{\"@type\":\"ListItem\",\"position\":1,\"name\":\"Not\u00edcias\",\"item\":\"https:\/\/www.suno.com.br\/noticias\/\"},{\"@type\":\"ListItem\",\"position\":2,\"name\":\"Neg\u00f3cios\",\"item\":\"https:\/\/www.suno.com.br\/noticias\/negocios\/\"},{\"@type\":\"ListItem\",\"position\":3,\"name\":\"Natura deve anunciar compra da Avon nesta quarta, diz FT\"}]},{\"@type\":\"WebSite\",\"@id\":\"https:\/\/www.suno.com.br\/noticias\/#website\",\"url\":\"https:\/\/www.suno.com.br\/noticias\/\",\"name\":\"Suno Not\u00edcias\",\"description\":\"Seu portal de informa\u00e7\u00e3o sobre o mundo dos investimentos\",\"publisher\":{\"@id\":\"https:\/\/www.suno.com.br\/noticias\/#organization\"},\"potentialAction\":[{\"@type\":\"SearchAction\",\"target\":{\"@type\":\"EntryPoint\",\"urlTemplate\":\"https:\/\/www.suno.com.br\/noticias\/?s={search_term_string}\"},\"query-input\":{\"@type\":\"PropertyValueSpecification\",\"valueRequired\":true,\"valueName\":\"search_term_string\"}}],\"inLanguage\":\"pt-BR\"},{\"@type\":\"Organization\",\"@id\":\"https:\/\/www.suno.com.br\/noticias\/#organization\",\"name\":\"Suno Not\u00edcias\",\"url\":\"https:\/\/www.suno.com.br\/noticias\/\",\"logo\":{\"@type\":\"ImageObject\",\"inLanguage\":\"pt-BR\",\"@id\":\"https:\/\/www.suno.com.br\/noticias\/#\/schema\/logo\/image\/\",\"url\":\"https:\/\/files.sunoresearch.com.br\/n\/uploads\/2021\/09\/suno-logo.png\",\"contentUrl\":\"https:\/\/files.sunoresearch.com.br\/n\/uploads\/2021\/09\/suno-logo.png\",\"width\":180,\"height\":180,\"caption\":\"Suno Not\u00edcias\"},\"image\":{\"@id\":\"https:\/\/www.suno.com.br\/noticias\/#\/schema\/logo\/image\/\"},\"sameAs\":[\"https:\/\/facebook.com\/sunoresearch\",\"https:\/\/x.com\/sunoresearch\",\"https:\/\/www.instagram.com\/suno\",\"https:\/\/www.linkedin.com\/company\/suno-research\/\",\"https:\/\/www.youtube.com\/c\/sunoresearch\"]},{\"@type\":\"Person\",\"@id\":\"https:\/\/www.suno.com.br\/noticias\/#\/schema\/person\/e67f665add014bf99f644028de070cc3\",\"name\":\"Beatriz Oliveira\",\"image\":{\"@type\":\"ImageObject\",\"inLanguage\":\"pt-BR\",\"@id\":\"https:\/\/www.suno.com.br\/noticias\/#\/schema\/person\/image\/\",\"url\":\"https:\/\/secure.gravatar.com\/avatar\/c9aa6a0aaecc598d257d5d5bd349157d?s=96&r=g\",\"contentUrl\":\"https:\/\/secure.gravatar.com\/avatar\/c9aa6a0aaecc598d257d5d5bd349157d?s=96&r=g\",\"caption\":\"Beatriz Oliveira\"},\"description\":\"Formada em Jornalismo pela Faculdade Paulus de Tecnologia e Comunica\u00e7\u00e3o, Beatriz Oliveira escreve para o portal de not\u00edcias Suno Research. Antes, passou pelas reda\u00e7\u00f5es da Revista EXAME e da Rede Bandeirantes.\",\"url\":\"https:\/\/www.suno.com.br\/noticias\/author\/beatriz\/\"}]}<\/script>\n<!-- \/ Yoast SEO plugin. -->","yoast_head_json":{"title":"Natura deve anunciar compra da Avon nesta quarta, diz FT","description":"As especula\u00e7\u00f5es sobre o valor da negocia\u00e7\u00e3o entre Avon e Natura chegam aos US$ 2 bilh\u00f5es, no entanto, o total pode ser ainda mais. Entenda","robots":{"index":"index","follow":"follow","max-snippet":"max-snippet:-1","max-image-preview":"max-image-preview:large","max-video-preview":"max-video-preview:-1"},"canonical":"https:\/\/www.suno.com.br\/noticias\/natura-anunciar-compra-avon-quarta\/","og_locale":"pt_BR","og_type":"article","og_title":"Natura deve anunciar compra da Avon nesta quarta, diz FT","og_description":"As especula\u00e7\u00f5es sobre o valor da negocia\u00e7\u00e3o entre Avon e Natura chegam aos US$ 2 bilh\u00f5es, no entanto, o total pode ser ainda mais. Entenda","og_url":"https:\/\/www.suno.com.br\/noticias\/natura-anunciar-compra-avon-quarta\/","og_site_name":"Suno Not\u00edcias","article_publisher":"https:\/\/facebook.com\/sunoresearch","og_image":[{"width":960,"height":639,"url":"https:\/\/files.sunoresearch.com.br\/n\/uploads\/2019\/05\/b31ee061-natura.jpg","type":"image\/jpeg"}],"author":"Beatriz Oliveira","twitter_card":"summary_large_image","twitter_creator":"@sunoresearch","twitter_site":"@sunoresearch","twitter_misc":{"Escrito por":"Beatriz Oliveira","Est. tempo de leitura":"2 minutos"},"schema":{"@context":"https:\/\/schema.org","@graph":[{"@type":"NewsArticle","@id":"https:\/\/www.suno.com.br\/noticias\/natura-anunciar-compra-avon-quarta\/#article","isPartOf":{"@id":"https:\/\/www.suno.com.br\/noticias\/natura-anunciar-compra-avon-quarta\/"},"author":{"name":"Beatriz Oliveira","@id":"https:\/\/www.suno.com.br\/noticias\/#\/schema\/person\/e67f665add014bf99f644028de070cc3"},"headline":"Natura deve anunciar compra da Avon nesta quarta, diz FT","datePublished":"2019-05-22T12:40:36+00:00","dateModified":"2019-05-22T12:42:29+00:00","mainEntityOfPage":{"@id":"https:\/\/www.suno.com.br\/noticias\/natura-anunciar-compra-avon-quarta\/"},"wordCount":378,"publisher":{"@id":"https:\/\/www.suno.com.br\/noticias\/#organization"},"image":{"@id":"https:\/\/www.suno.com.br\/noticias\/natura-anunciar-compra-avon-quarta\/#primaryimage"},"thumbnailUrl":"https:\/\/files.sunoresearch.com.br\/n\/uploads\/2019\/05\/b31ee061-natura-jpg.webp","keywords":["Avon","Natura (NTCO3)"],"articleSection":["Neg\u00f3cios"],"inLanguage":"pt-BR"},{"@type":"WebPage","@id":"https:\/\/www.suno.com.br\/noticias\/natura-anunciar-compra-avon-quarta\/","url":"https:\/\/www.suno.com.br\/noticias\/natura-anunciar-compra-avon-quarta\/","name":"Natura deve anunciar compra da Avon nesta quarta, diz FT","isPartOf":{"@id":"https:\/\/www.suno.com.br\/noticias\/#website"},"primaryImageOfPage":{"@id":"https:\/\/www.suno.com.br\/noticias\/natura-anunciar-compra-avon-quarta\/#primaryimage"},"image":{"@id":"https:\/\/www.suno.com.br\/noticias\/natura-anunciar-compra-avon-quarta\/#primaryimage"},"thumbnailUrl":"https:\/\/files.sunoresearch.com.br\/n\/uploads\/2019\/05\/b31ee061-natura-jpg.webp","datePublished":"2019-05-22T12:40:36+00:00","dateModified":"2019-05-22T12:42:29+00:00","description":"As especula\u00e7\u00f5es sobre o valor da negocia\u00e7\u00e3o entre Avon e Natura chegam aos US$ 2 bilh\u00f5es, no entanto, o total pode ser ainda mais. Entenda","breadcrumb":{"@id":"https:\/\/www.suno.com.br\/noticias\/natura-anunciar-compra-avon-quarta\/#breadcrumb"},"inLanguage":"pt-BR","potentialAction":[{"@type":"ReadAction","target":["https:\/\/www.suno.com.br\/noticias\/natura-anunciar-compra-avon-quarta\/"]}]},{"@type":"ImageObject","inLanguage":"pt-BR","@id":"https:\/\/www.suno.com.br\/noticias\/natura-anunciar-compra-avon-quarta\/#primaryimage","url":"https:\/\/files.sunoresearch.com.br\/n\/uploads\/2019\/05\/b31ee061-natura-jpg.webp","contentUrl":"https:\/\/files.sunoresearch.com.br\/n\/uploads\/2019\/05\/b31ee061-natura-jpg.webp","width":960,"height":639,"caption":"Natura eleva meta de sinergias com Avon para US$ 200 mi a US$ 300 mi"},{"@type":"BreadcrumbList","@id":"https:\/\/www.suno.com.br\/noticias\/natura-anunciar-compra-avon-quarta\/#breadcrumb","itemListElement":[{"@type":"ListItem","position":1,"name":"Not\u00edcias","item":"https:\/\/www.suno.com.br\/noticias\/"},{"@type":"ListItem","position":2,"name":"Neg\u00f3cios","item":"https:\/\/www.suno.com.br\/noticias\/negocios\/"},{"@type":"ListItem","position":3,"name":"Natura deve anunciar compra da Avon nesta quarta, diz FT"}]},{"@type":"WebSite","@id":"https:\/\/www.suno.com.br\/noticias\/#website","url":"https:\/\/www.suno.com.br\/noticias\/","name":"Suno Not\u00edcias","description":"Seu portal de informa\u00e7\u00e3o sobre o mundo dos investimentos","publisher":{"@id":"https:\/\/www.suno.com.br\/noticias\/#organization"},"potentialAction":[{"@type":"SearchAction","target":{"@type":"EntryPoint","urlTemplate":"https:\/\/www.suno.com.br\/noticias\/?s={search_term_string}"},"query-input":{"@type":"PropertyValueSpecification","valueRequired":true,"valueName":"search_term_string"}}],"inLanguage":"pt-BR"},{"@type":"Organization","@id":"https:\/\/www.suno.com.br\/noticias\/#organization","name":"Suno Not\u00edcias","url":"https:\/\/www.suno.com.br\/noticias\/","logo":{"@type":"ImageObject","inLanguage":"pt-BR","@id":"https:\/\/www.suno.com.br\/noticias\/#\/schema\/logo\/image\/","url":"https:\/\/files.sunoresearch.com.br\/n\/uploads\/2021\/09\/suno-logo.png","contentUrl":"https:\/\/files.sunoresearch.com.br\/n\/uploads\/2021\/09\/suno-logo.png","width":180,"height":180,"caption":"Suno Not\u00edcias"},"image":{"@id":"https:\/\/www.suno.com.br\/noticias\/#\/schema\/logo\/image\/"},"sameAs":["https:\/\/facebook.com\/sunoresearch","https:\/\/x.com\/sunoresearch","https:\/\/www.instagram.com\/suno","https:\/\/www.linkedin.com\/company\/suno-research\/","https:\/\/www.youtube.com\/c\/sunoresearch"]},{"@type":"Person","@id":"https:\/\/www.suno.com.br\/noticias\/#\/schema\/person\/e67f665add014bf99f644028de070cc3","name":"Beatriz Oliveira","image":{"@type":"ImageObject","inLanguage":"pt-BR","@id":"https:\/\/www.suno.com.br\/noticias\/#\/schema\/person\/image\/","url":"https:\/\/secure.gravatar.com\/avatar\/c9aa6a0aaecc598d257d5d5bd349157d?s=96&r=g","contentUrl":"https:\/\/secure.gravatar.com\/avatar\/c9aa6a0aaecc598d257d5d5bd349157d?s=96&r=g","caption":"Beatriz Oliveira"},"description":"Formada em Jornalismo pela Faculdade Paulus de Tecnologia e Comunica\u00e7\u00e3o, Beatriz Oliveira escreve para o portal de not\u00edcias Suno Research. Antes, passou pelas reda\u00e7\u00f5es da Revista EXAME e da Rede Bandeirantes.","url":"https:\/\/www.suno.com.br\/noticias\/author\/beatriz\/"}]}},"default_loop_html":"<div class=\"cardsPage__listCard__boxs\"><div class=\"cardsPage__listCard__boxs__img\"><a href=\"https:\/\/www.suno.com.br\/noticias\/natura-anunciar-compra-avon-quarta\/\"><img class=\"mask\" src=\"https:\/\/www.suno.com.br\/noticias\/wp-content\/themes\/suno\/resources\/images\/spotlight\/spotlight1img\/bg-mask.png\" alt=\"Image Mask\"\/><img src=\"https:\/\/files.sunoresearch.com.br\/n\/uploads\/2019\/05\/b31ee061-natura-400x200.webp\" alt=\"Natura deve anunciar compra da Avon nesta quarta, diz FT\"\/><\/a><span class=\"spotlightCategory\"><a href=\"https:\/\/www.suno.com.br\/noticias\/negocios\/\">Neg\u00f3cios<\/a><\/span><\/div><div class=\"cardsPage__listCard__boxs__content\"><a href=\"https:\/\/www.suno.com.br\/noticias\/natura-anunciar-compra-avon-quarta\/\"><h2 class=\"content__title\">Natura deve anunciar compra da Avon nesta quarta, diz FT<\/h2><\/a><div class=\"newsContent__article__meta\"><div class=\"newsContent__article__meta__authorBox\"><a href=\"https:\/\/www.suno.com.br\/noticias\/author\/beatriz\/\" class=\"authorBox__avatar noMobi\"><img src=\"https:\/\/secure.gravatar.com\/avatar\/c9aa6a0aaecc598d257d5d5bd349157d?s=96&#038;r=g\" alt=\"Beatriz Oliveira\"><\/a><div class=\"authorBox__name\"><span>por\n\t\t\t<a href=\"https:\/\/www.suno.com.br\/noticias\/author\/beatriz\/\"><span itemprop=\"author\">Beatriz Oliveira<\/span><\/a><\/span><time datetime=\"2019-05-22T09:40:36-03:00\" itemprop=\"datePublished\">22\/05\/2019 09:40<\/time><\/div><\/div><\/div><\/div><\/div>","single_layout":"posts","amp_enabled":true,"_links":{"self":[{"href":"https:\/\/www.suno.com.br\/noticias\/wp-json\/wp\/v2\/posts\/25537"}],"collection":[{"href":"https:\/\/www.suno.com.br\/noticias\/wp-json\/wp\/v2\/posts"}],"about":[{"href":"https:\/\/www.suno.com.br\/noticias\/wp-json\/wp\/v2\/types\/post"}],"author":[{"embeddable":true,"href":"https:\/\/www.suno.com.br\/noticias\/wp-json\/wp\/v2\/users\/16"}],"replies":[{"embeddable":true,"href":"https:\/\/www.suno.com.br\/noticias\/wp-json\/wp\/v2\/comments?post=25537"}],"version-history":[{"count":0,"href":"https:\/\/www.suno.com.br\/noticias\/wp-json\/wp\/v2\/posts\/25537\/revisions"}],"wp:featuredmedia":[{"embeddable":true,"href":"https:\/\/www.suno.com.br\/noticias\/wp-json\/wp\/v2\/media\/23089"}],"wp:attachment":[{"href":"https:\/\/www.suno.com.br\/noticias\/wp-json\/wp\/v2\/media?parent=25537"}],"wp:term":[{"taxonomy":"category","embeddable":true,"href":"https:\/\/www.suno.com.br\/noticias\/wp-json\/wp\/v2\/categories?post=25537"},{"taxonomy":"post_tag","embeddable":true,"href":"https:\/\/www.suno.com.br\/noticias\/wp-json\/wp\/v2\/tags?post=25537"},{"taxonomy":"suno_strategy","embeddable":true,"href":"https:\/\/www.suno.com.br\/noticias\/wp-json\/wp\/v2\/suno_strategy?post=25537"}],"curies":[{"name":"wp","href":"https:\/\/api.w.org\/{rel}","templated":true}]}}