{"id":25530,"date":"2019-05-22T09:44:47","date_gmt":"2019-05-22T12:44:47","guid":{"rendered":"https:\/\/www.suno.com.br\/noticias\/?p=25530"},"modified":"2019-05-22T10:42:03","modified_gmt":"2019-05-22T13:42:03","slug":"guerra-comercial-empresas-americanas-china-eua","status":"publish","type":"post","link":"https:\/\/www.suno.com.br\/noticias\/guerra-comercial-empresas-americanas-china-eua\/","title":{"rendered":"Guerra comercial afeta 75% das empresas americanas na China"},"content":{"rendered":"<p>De acordo com uma pesquisa publicada pela<strong> C\u00e2mara de Com\u00e9rcio Americana na China<\/strong> cerca de 74,9% das empresas dos<strong> Estados Unidos<\/strong> est\u00e3o sendo afetadas negativamente pela guerra comercial.<\/p>\t<div class=\"wrapper-featured-image\">\n\t\t<figure class=\"spotlightImg\">\n\n\t\t\t<picture>\n\t\t\t\t<source media=\"(max-width: 768px)\" srcset=\"https:\/\/files.sunoresearch.com.br\/n\/uploads\/2019\/01\/3b059b96-eua-e-china-celebram-os-40-anos-das-rela\u00e7\u00f5es-diplom\u00e1ticas-400x200.webp\">\n\t\t\t\t<img loading=\"lazy\" decoding=\"async\" class=\"newsContent__article__imgCapa lazyloadDisabled newsContent__article__imgCapa--noCaption\" src=\"https:\/\/files.sunoresearch.com.br\/n\/uploads\/2019\/01\/3b059b96-eua-e-china-celebram-os-40-anos-das-rela\u00e7\u00f5es-diplom\u00e1ticas-jpg.webp\" width=\"800\" height=\"450\" alt=\"Guerra comercial afeta 75% das empresas americanas na China\" fetchpriority=high \/>\n\t\t\t<\/picture>\n\n\t\t\t<figcaption class=\"wp-caption-text wp-caption-text--hide\">China e Estados Unidos concordam em retomar negocia\u00e7\u00f5es<\/figcaption>\n\t\t<\/figure>\n\t<\/div>\n\n\n<p>A pesquisa foi realizada nesta quarta-feira (22), e demonstra que algumas empresas do <strong>EUA<\/strong> dever\u00e3o deixar a <strong>China<\/strong> ou reorientar seus neg\u00f3cios devido a <strong>guerra comercial<\/strong>.\u00a0&#8220;O impacto negativo das tarifas \u00e9 claro e prejudica a competitividade das empresas americanas na China&#8221;, diz o relat\u00f3rio.<\/p>\n\t<p>\n\t\t<a href=\"https:\/\/www.suno.com.br\/asset\/fundos\/suno-acoes-xp-seg-prev\/\" target=\"_blank\" data-element=\"shortcode-suno-banner\" title=\"Banner SUNO, clique e saiba mais\">\n\t\t\t<picture>\n\t\t\t\t<source media=\"(max-width: 500px)\" srcset=\"https:\/\/files.sunoresearch.com.br\/n\/uploads\/2023\/10\/SUNOPREV-400x300-Mobile-Artigos-3.png\">\n\t\t\t\t<img class=\"newsContent__article__imgCapa newsContent__article__imgCapa--banner\"\n\t\t\t\t\tsrc=\"https:\/\/files.sunoresearch.com.br\/n\/uploads\/2023\/10\/SUNOPREV-1420x240-Banner-Artigos-1-_-Banner-Materias-1.png\"\n\t\t\t\t\tdata-promo-id=\"476310\"\t\t\t\t\t\t\t\t\t\twidth='1420' height='240'\t\t\t\t\talt=\"https:\/\/files.sunoresearch.com.br\/n\/uploads\/2023\/10\/SUNOPREV-1420x240-Banner-Artigos-1-_-Banner-Materias-1.png\"\n\t\t\t\t>\n\t\t\t<\/picture>\n\t\t<\/a>\n\t<\/p>\n\n\n<h2>Impactados<\/h2>\n<p>A pesquisa foi realizada entre os dias 16 e 20 de maio e participaram 250 empresas. Essas est\u00e3o relacionadas com:<\/p>\n<ul>\n<li>manufatura &#8211; 61,6%;<\/li>\n<li>servi\u00e7os &#8211; 25,5%<\/li>\n<li>venda no varejo e distribui\u00e7\u00e3o &#8211; 3,8%<\/li>\n<li>com outras ind\u00fastrias &#8211; 9,6%<\/li>\n<\/ul>\n<p>Os fabricantes foram os que mais sentiram os impactos da <strong>guerra comercial<\/strong>. 81,5% foram afetados pelas<strong> tarifas americanas<\/strong> e 85,2% pelas <strong>tarifas chinesas<\/strong>.<\/p>\n<p>De acordo com a pesquisa, cerca de 75% responderam que o aumento das <strong>taxas\u00a0de importa\u00e7\u00e3o<\/strong> t\u00eam impacto negativo em seus neg\u00f3cios. Conforme os entrevistados esse impacto \u00e9 porque a <strong>demanda foi reduzida<\/strong>, consequentemente aumentando os <strong>custos de produ\u00e7\u00e3o e de pre\u00e7o<\/strong>.<\/p>\n<h2>Outros resultados<\/h2>\n<p>Cerca de 35% demonstraram que pensam em adotar uma medida de &#8220;<strong>na China e para a China<\/strong>&#8220;, que procura estabelecer a fabrica\u00e7\u00e3o e o fornecimento dentro do pa\u00eds asi\u00e1tico.<\/p>\n<p>&#8220;Essa estrat\u00e9gia \u00e9 uma op\u00e7\u00e3o racional para muitas empresas se isolarem dos efeitos das tarifas. Al\u00e9m de manterem sua capacidade de buscar oportunidades no mercado interno&#8221;, afirma o relat\u00f3rio.<\/p>\n<p><a href=\"https:\/\/www.suno.com.br\/noticias\/china-render-pressao-externa-guerra-comercial\/\">Saiba Mais: China diz que nunca vai se render \u00e0 press\u00e3o dos EUA; entenda a guerra comercial<\/a><\/p>\n<p>No entanto, outros 40% afirmaram que consideram transferir os centros de produ\u00e7\u00e3o para outros pa\u00edses. Desses, menos de 6% consideraram planejar mudar a fabrica\u00e7\u00e3o para os <strong>Estados Unidos<\/strong>.<\/p>\n<p>O <strong>porta-voz do Minist\u00e9rio das Rela\u00e7\u00f5es Exteriores da China<\/strong>, <strong>Lu Kang<\/strong>, se pronunciou dizendo que &#8220;<strong>Pequim<\/strong> continua comprometido em fornecer um ambiente justo, transparente e indiscriminado para todas as empresas.&#8221;<\/p>\n<p>Aproximadamente 14% reclamam de outras complica\u00e7\u00f5es que surgiram ap\u00f3s a <strong>guerra comercial<\/strong> como a supervis\u00e3o burocr\u00e1tica e o rigor com a regulamenta\u00e7\u00e3o.<\/p>\n","protected":false},"excerpt":{"rendered":"<p>De acordo com uma pesquisa publicada pela C\u00e2mara de Com\u00e9rcio Americana na China cerca de 74,9% das empresas dos Estados Unidos est\u00e3o sendo afetadas negativamente pela guerra comercial. China e Estados Unidos concordam em retomar negocia\u00e7\u00f5es A pesquisa foi realizada nesta quarta-feira (22), e demonstra que algumas empresas do EUA dever\u00e3o deixar a China ou [&hellip;]<\/p>\n","protected":false},"author":15,"featured_media":10067,"comment_status":"closed","ping_status":"closed","sticky":false,"template":"","format":"standard","meta":[],"categories":[63],"tags":[711,793,980],"suno_strategy":[],"class_list":["post-25530","post","type-post","status-publish","format-standard","has-post-thumbnail","hentry","category-internacional","tag-china","tag-estados-unidos-eua","tag-guerra-comercial"],"yoast_head":"<!-- This site is optimized with the Yoast SEO plugin v24.4 - https:\/\/yoast.com\/wordpress\/plugins\/seo\/ -->\n<title>Guerra comercial afeta 75% das empresas americanas na China<\/title>\n<meta name=\"description\" content=\"A pesquisa desta quarta (22), demonstra que algumas empresas dos EUA dever\u00e3o deixar a China ou reorientar seus neg\u00f3cios. Clique aqui\" \/>\n<meta name=\"robots\" content=\"index, follow, max-snippet:-1, max-image-preview:large, max-video-preview:-1\" \/>\n<link rel=\"canonical\" href=\"https:\/\/www.suno.com.br\/noticias\/guerra-comercial-empresas-americanas-china-eua\/\" \/>\n<meta property=\"og:locale\" content=\"pt_BR\" \/>\n<meta property=\"og:type\" content=\"article\" \/>\n<meta property=\"og:title\" content=\"Guerra comercial afeta 75% das empresas americanas na China\" \/>\n<meta property=\"og:description\" content=\"A pesquisa desta quarta (22), demonstra que algumas empresas dos EUA dever\u00e3o deixar a China ou reorientar seus neg\u00f3cios. Clique aqui\" \/>\n<meta property=\"og:url\" content=\"https:\/\/www.suno.com.br\/noticias\/guerra-comercial-empresas-americanas-china-eua\/\" \/>\n<meta property=\"og:site_name\" content=\"Suno Not\u00edcias\" \/>\n<meta property=\"article:publisher\" content=\"https:\/\/facebook.com\/sunoresearch\" \/>\n<meta property=\"og:image\" content=\"https:\/\/files.sunoresearch.com.br\/n\/uploads\/2019\/01\/3b059b96-eua-e-china-celebram-os-40-anos-das-rela\u00e7\u00f5es-diplom\u00e1ticas.jpg\" \/>\n\t<meta property=\"og:image:width\" content=\"699\" \/>\n\t<meta property=\"og:image:height\" content=\"420\" \/>\n\t<meta property=\"og:image:type\" content=\"image\/jpeg\" \/>\n<meta name=\"author\" content=\"Poliana Santos\" \/>\n<meta name=\"twitter:card\" content=\"summary_large_image\" \/>\n<meta name=\"twitter:creator\" content=\"@sunoresearch\" \/>\n<meta name=\"twitter:site\" content=\"@sunoresearch\" \/>\n<meta name=\"twitter:label1\" content=\"Escrito por\" \/>\n\t<meta name=\"twitter:data1\" content=\"Poliana Santos\" \/>\n\t<meta name=\"twitter:label2\" content=\"Est. tempo de leitura\" \/>\n\t<meta name=\"twitter:data2\" content=\"2 minutos\" \/>\n<script type=\"application\/ld+json\" class=\"yoast-schema-graph\">{\"@context\":\"https:\/\/schema.org\",\"@graph\":[{\"@type\":\"NewsArticle\",\"@id\":\"https:\/\/www.suno.com.br\/noticias\/guerra-comercial-empresas-americanas-china-eua\/#article\",\"isPartOf\":{\"@id\":\"https:\/\/www.suno.com.br\/noticias\/guerra-comercial-empresas-americanas-china-eua\/\"},\"author\":{\"name\":\"Poliana Santos\",\"@id\":\"https:\/\/www.suno.com.br\/noticias\/#\/schema\/person\/02ec1f752758247878a2bf4abee1aeda\"},\"headline\":\"Guerra comercial afeta 75% das empresas americanas na China\",\"datePublished\":\"2019-05-22T12:44:47+00:00\",\"dateModified\":\"2019-05-22T13:42:03+00:00\",\"mainEntityOfPage\":{\"@id\":\"https:\/\/www.suno.com.br\/noticias\/guerra-comercial-empresas-americanas-china-eua\/\"},\"wordCount\":358,\"publisher\":{\"@id\":\"https:\/\/www.suno.com.br\/noticias\/#organization\"},\"image\":{\"@id\":\"https:\/\/www.suno.com.br\/noticias\/guerra-comercial-empresas-americanas-china-eua\/#primaryimage\"},\"thumbnailUrl\":\"https:\/\/files.sunoresearch.com.br\/n\/uploads\/2019\/01\/3b059b96-eua-e-china-celebram-os-40-anos-das-rela\u00e7\u00f5es-diplom\u00e1ticas-jpg.webp\",\"keywords\":[\"China\",\"Estados Unidos (EUA)\",\"guerra comercial\"],\"articleSection\":[\"Internacional\"],\"inLanguage\":\"pt-BR\"},{\"@type\":\"WebPage\",\"@id\":\"https:\/\/www.suno.com.br\/noticias\/guerra-comercial-empresas-americanas-china-eua\/\",\"url\":\"https:\/\/www.suno.com.br\/noticias\/guerra-comercial-empresas-americanas-china-eua\/\",\"name\":\"Guerra comercial afeta 75% das empresas americanas na China\",\"isPartOf\":{\"@id\":\"https:\/\/www.suno.com.br\/noticias\/#website\"},\"primaryImageOfPage\":{\"@id\":\"https:\/\/www.suno.com.br\/noticias\/guerra-comercial-empresas-americanas-china-eua\/#primaryimage\"},\"image\":{\"@id\":\"https:\/\/www.suno.com.br\/noticias\/guerra-comercial-empresas-americanas-china-eua\/#primaryimage\"},\"thumbnailUrl\":\"https:\/\/files.sunoresearch.com.br\/n\/uploads\/2019\/01\/3b059b96-eua-e-china-celebram-os-40-anos-das-rela\u00e7\u00f5es-diplom\u00e1ticas-jpg.webp\",\"datePublished\":\"2019-05-22T12:44:47+00:00\",\"dateModified\":\"2019-05-22T13:42:03+00:00\",\"description\":\"A pesquisa desta quarta (22), demonstra que algumas empresas dos EUA dever\u00e3o deixar a China ou reorientar seus neg\u00f3cios. Clique aqui\",\"breadcrumb\":{\"@id\":\"https:\/\/www.suno.com.br\/noticias\/guerra-comercial-empresas-americanas-china-eua\/#breadcrumb\"},\"inLanguage\":\"pt-BR\",\"potentialAction\":[{\"@type\":\"ReadAction\",\"target\":[\"https:\/\/www.suno.com.br\/noticias\/guerra-comercial-empresas-americanas-china-eua\/\"]}]},{\"@type\":\"ImageObject\",\"inLanguage\":\"pt-BR\",\"@id\":\"https:\/\/www.suno.com.br\/noticias\/guerra-comercial-empresas-americanas-china-eua\/#primaryimage\",\"url\":\"https:\/\/files.sunoresearch.com.br\/n\/uploads\/2019\/01\/3b059b96-eua-e-china-celebram-os-40-anos-das-rela\u00e7\u00f5es-diplom\u00e1ticas-jpg.webp\",\"contentUrl\":\"https:\/\/files.sunoresearch.com.br\/n\/uploads\/2019\/01\/3b059b96-eua-e-china-celebram-os-40-anos-das-rela\u00e7\u00f5es-diplom\u00e1ticas-jpg.webp\",\"width\":699,\"height\":420,\"caption\":\"China e Estados Unidos concordam em retomar negocia\u00e7\u00f5es\"},{\"@type\":\"BreadcrumbList\",\"@id\":\"https:\/\/www.suno.com.br\/noticias\/guerra-comercial-empresas-americanas-china-eua\/#breadcrumb\",\"itemListElement\":[{\"@type\":\"ListItem\",\"position\":1,\"name\":\"Not\u00edcias\",\"item\":\"https:\/\/www.suno.com.br\/noticias\/\"},{\"@type\":\"ListItem\",\"position\":2,\"name\":\"Internacional\",\"item\":\"https:\/\/www.suno.com.br\/noticias\/internacional\/\"},{\"@type\":\"ListItem\",\"position\":3,\"name\":\"Guerra comercial afeta 75% das empresas americanas na China\"}]},{\"@type\":\"WebSite\",\"@id\":\"https:\/\/www.suno.com.br\/noticias\/#website\",\"url\":\"https:\/\/www.suno.com.br\/noticias\/\",\"name\":\"Suno Not\u00edcias\",\"description\":\"Seu portal de informa\u00e7\u00e3o sobre o mundo dos investimentos\",\"publisher\":{\"@id\":\"https:\/\/www.suno.com.br\/noticias\/#organization\"},\"potentialAction\":[{\"@type\":\"SearchAction\",\"target\":{\"@type\":\"EntryPoint\",\"urlTemplate\":\"https:\/\/www.suno.com.br\/noticias\/?s={search_term_string}\"},\"query-input\":{\"@type\":\"PropertyValueSpecification\",\"valueRequired\":true,\"valueName\":\"search_term_string\"}}],\"inLanguage\":\"pt-BR\"},{\"@type\":\"Organization\",\"@id\":\"https:\/\/www.suno.com.br\/noticias\/#organization\",\"name\":\"Suno Not\u00edcias\",\"url\":\"https:\/\/www.suno.com.br\/noticias\/\",\"logo\":{\"@type\":\"ImageObject\",\"inLanguage\":\"pt-BR\",\"@id\":\"https:\/\/www.suno.com.br\/noticias\/#\/schema\/logo\/image\/\",\"url\":\"https:\/\/files.sunoresearch.com.br\/n\/uploads\/2021\/09\/suno-logo.png\",\"contentUrl\":\"https:\/\/files.sunoresearch.com.br\/n\/uploads\/2021\/09\/suno-logo.png\",\"width\":180,\"height\":180,\"caption\":\"Suno Not\u00edcias\"},\"image\":{\"@id\":\"https:\/\/www.suno.com.br\/noticias\/#\/schema\/logo\/image\/\"},\"sameAs\":[\"https:\/\/facebook.com\/sunoresearch\",\"https:\/\/x.com\/sunoresearch\",\"https:\/\/www.instagram.com\/suno\",\"https:\/\/www.linkedin.com\/company\/suno-research\/\",\"https:\/\/www.youtube.com\/c\/sunoresearch\"]},{\"@type\":\"Person\",\"@id\":\"https:\/\/www.suno.com.br\/noticias\/#\/schema\/person\/02ec1f752758247878a2bf4abee1aeda\",\"name\":\"Poliana Santos\",\"image\":{\"@type\":\"ImageObject\",\"inLanguage\":\"pt-BR\",\"@id\":\"https:\/\/www.suno.com.br\/noticias\/#\/schema\/person\/image\/\",\"url\":\"https:\/\/secure.gravatar.com\/avatar\/0645bd32f23d87b2130f2b2dff1d3f8d?s=96&r=g\",\"contentUrl\":\"https:\/\/secure.gravatar.com\/avatar\/0645bd32f23d87b2130f2b2dff1d3f8d?s=96&r=g\",\"caption\":\"Poliana Santos\"},\"description\":\"Rep\u00f3rter no Suno Not\u00edcias, com cobertura em mercado financeiro, economia, finan\u00e7as pessoais, renda fixa e varejo. Jornalista formada pela Faculdade C\u00e1sper L\u00edbero e possui passagem na R\u00e1dio Gazeta AM com a produ\u00e7\u00e3o de conte\u00fado sobre economia, pol\u00edtica, sa\u00fade, moda e m\u00fasica. Possui certificado de conclus\u00e3o do curso de An\u00e1lise de Balan\u00e7os pela Funda\u00e7\u00e3o Bradesco, Agenda Brasil pela FAAP, Educa\u00e7\u00e3o Pol\u00edtica por Alexandre Garcia e do Tesouro Direto e Mercado de A\u00e7\u00f5es pela B3.\",\"url\":\"https:\/\/www.suno.com.br\/noticias\/author\/poliana-santos\/\"}]}<\/script>\n<!-- \/ Yoast SEO plugin. -->","yoast_head_json":{"title":"Guerra comercial afeta 75% das empresas americanas na China","description":"A pesquisa desta quarta (22), demonstra que algumas empresas dos EUA dever\u00e3o deixar a China ou reorientar seus neg\u00f3cios. Clique aqui","robots":{"index":"index","follow":"follow","max-snippet":"max-snippet:-1","max-image-preview":"max-image-preview:large","max-video-preview":"max-video-preview:-1"},"canonical":"https:\/\/www.suno.com.br\/noticias\/guerra-comercial-empresas-americanas-china-eua\/","og_locale":"pt_BR","og_type":"article","og_title":"Guerra comercial afeta 75% das empresas americanas na China","og_description":"A pesquisa desta quarta (22), demonstra que algumas empresas dos EUA dever\u00e3o deixar a China ou reorientar seus neg\u00f3cios. Clique aqui","og_url":"https:\/\/www.suno.com.br\/noticias\/guerra-comercial-empresas-americanas-china-eua\/","og_site_name":"Suno Not\u00edcias","article_publisher":"https:\/\/facebook.com\/sunoresearch","og_image":[{"width":699,"height":420,"url":"https:\/\/files.sunoresearch.com.br\/n\/uploads\/2019\/01\/3b059b96-eua-e-china-celebram-os-40-anos-das-rela\u00e7\u00f5es-diplom\u00e1ticas.jpg","type":"image\/jpeg"}],"author":"Poliana Santos","twitter_card":"summary_large_image","twitter_creator":"@sunoresearch","twitter_site":"@sunoresearch","twitter_misc":{"Escrito por":"Poliana Santos","Est. tempo de leitura":"2 minutos"},"schema":{"@context":"https:\/\/schema.org","@graph":[{"@type":"NewsArticle","@id":"https:\/\/www.suno.com.br\/noticias\/guerra-comercial-empresas-americanas-china-eua\/#article","isPartOf":{"@id":"https:\/\/www.suno.com.br\/noticias\/guerra-comercial-empresas-americanas-china-eua\/"},"author":{"name":"Poliana Santos","@id":"https:\/\/www.suno.com.br\/noticias\/#\/schema\/person\/02ec1f752758247878a2bf4abee1aeda"},"headline":"Guerra comercial afeta 75% das empresas americanas na China","datePublished":"2019-05-22T12:44:47+00:00","dateModified":"2019-05-22T13:42:03+00:00","mainEntityOfPage":{"@id":"https:\/\/www.suno.com.br\/noticias\/guerra-comercial-empresas-americanas-china-eua\/"},"wordCount":358,"publisher":{"@id":"https:\/\/www.suno.com.br\/noticias\/#organization"},"image":{"@id":"https:\/\/www.suno.com.br\/noticias\/guerra-comercial-empresas-americanas-china-eua\/#primaryimage"},"thumbnailUrl":"https:\/\/files.sunoresearch.com.br\/n\/uploads\/2019\/01\/3b059b96-eua-e-china-celebram-os-40-anos-das-rela\u00e7\u00f5es-diplom\u00e1ticas-jpg.webp","keywords":["China","Estados Unidos (EUA)","guerra comercial"],"articleSection":["Internacional"],"inLanguage":"pt-BR"},{"@type":"WebPage","@id":"https:\/\/www.suno.com.br\/noticias\/guerra-comercial-empresas-americanas-china-eua\/","url":"https:\/\/www.suno.com.br\/noticias\/guerra-comercial-empresas-americanas-china-eua\/","name":"Guerra comercial afeta 75% das empresas americanas na China","isPartOf":{"@id":"https:\/\/www.suno.com.br\/noticias\/#website"},"primaryImageOfPage":{"@id":"https:\/\/www.suno.com.br\/noticias\/guerra-comercial-empresas-americanas-china-eua\/#primaryimage"},"image":{"@id":"https:\/\/www.suno.com.br\/noticias\/guerra-comercial-empresas-americanas-china-eua\/#primaryimage"},"thumbnailUrl":"https:\/\/files.sunoresearch.com.br\/n\/uploads\/2019\/01\/3b059b96-eua-e-china-celebram-os-40-anos-das-rela\u00e7\u00f5es-diplom\u00e1ticas-jpg.webp","datePublished":"2019-05-22T12:44:47+00:00","dateModified":"2019-05-22T13:42:03+00:00","description":"A pesquisa desta quarta (22), demonstra que algumas empresas dos EUA dever\u00e3o deixar a China ou reorientar seus neg\u00f3cios. Clique aqui","breadcrumb":{"@id":"https:\/\/www.suno.com.br\/noticias\/guerra-comercial-empresas-americanas-china-eua\/#breadcrumb"},"inLanguage":"pt-BR","potentialAction":[{"@type":"ReadAction","target":["https:\/\/www.suno.com.br\/noticias\/guerra-comercial-empresas-americanas-china-eua\/"]}]},{"@type":"ImageObject","inLanguage":"pt-BR","@id":"https:\/\/www.suno.com.br\/noticias\/guerra-comercial-empresas-americanas-china-eua\/#primaryimage","url":"https:\/\/files.sunoresearch.com.br\/n\/uploads\/2019\/01\/3b059b96-eua-e-china-celebram-os-40-anos-das-rela\u00e7\u00f5es-diplom\u00e1ticas-jpg.webp","contentUrl":"https:\/\/files.sunoresearch.com.br\/n\/uploads\/2019\/01\/3b059b96-eua-e-china-celebram-os-40-anos-das-rela\u00e7\u00f5es-diplom\u00e1ticas-jpg.webp","width":699,"height":420,"caption":"China e Estados Unidos concordam em retomar negocia\u00e7\u00f5es"},{"@type":"BreadcrumbList","@id":"https:\/\/www.suno.com.br\/noticias\/guerra-comercial-empresas-americanas-china-eua\/#breadcrumb","itemListElement":[{"@type":"ListItem","position":1,"name":"Not\u00edcias","item":"https:\/\/www.suno.com.br\/noticias\/"},{"@type":"ListItem","position":2,"name":"Internacional","item":"https:\/\/www.suno.com.br\/noticias\/internacional\/"},{"@type":"ListItem","position":3,"name":"Guerra comercial afeta 75% das empresas americanas na China"}]},{"@type":"WebSite","@id":"https:\/\/www.suno.com.br\/noticias\/#website","url":"https:\/\/www.suno.com.br\/noticias\/","name":"Suno Not\u00edcias","description":"Seu portal de informa\u00e7\u00e3o sobre o mundo dos investimentos","publisher":{"@id":"https:\/\/www.suno.com.br\/noticias\/#organization"},"potentialAction":[{"@type":"SearchAction","target":{"@type":"EntryPoint","urlTemplate":"https:\/\/www.suno.com.br\/noticias\/?s={search_term_string}"},"query-input":{"@type":"PropertyValueSpecification","valueRequired":true,"valueName":"search_term_string"}}],"inLanguage":"pt-BR"},{"@type":"Organization","@id":"https:\/\/www.suno.com.br\/noticias\/#organization","name":"Suno Not\u00edcias","url":"https:\/\/www.suno.com.br\/noticias\/","logo":{"@type":"ImageObject","inLanguage":"pt-BR","@id":"https:\/\/www.suno.com.br\/noticias\/#\/schema\/logo\/image\/","url":"https:\/\/files.sunoresearch.com.br\/n\/uploads\/2021\/09\/suno-logo.png","contentUrl":"https:\/\/files.sunoresearch.com.br\/n\/uploads\/2021\/09\/suno-logo.png","width":180,"height":180,"caption":"Suno Not\u00edcias"},"image":{"@id":"https:\/\/www.suno.com.br\/noticias\/#\/schema\/logo\/image\/"},"sameAs":["https:\/\/facebook.com\/sunoresearch","https:\/\/x.com\/sunoresearch","https:\/\/www.instagram.com\/suno","https:\/\/www.linkedin.com\/company\/suno-research\/","https:\/\/www.youtube.com\/c\/sunoresearch"]},{"@type":"Person","@id":"https:\/\/www.suno.com.br\/noticias\/#\/schema\/person\/02ec1f752758247878a2bf4abee1aeda","name":"Poliana Santos","image":{"@type":"ImageObject","inLanguage":"pt-BR","@id":"https:\/\/www.suno.com.br\/noticias\/#\/schema\/person\/image\/","url":"https:\/\/secure.gravatar.com\/avatar\/0645bd32f23d87b2130f2b2dff1d3f8d?s=96&r=g","contentUrl":"https:\/\/secure.gravatar.com\/avatar\/0645bd32f23d87b2130f2b2dff1d3f8d?s=96&r=g","caption":"Poliana Santos"},"description":"Rep\u00f3rter no Suno Not\u00edcias, com cobertura em mercado financeiro, economia, finan\u00e7as pessoais, renda fixa e varejo. Jornalista formada pela Faculdade C\u00e1sper L\u00edbero e possui passagem na R\u00e1dio Gazeta AM com a produ\u00e7\u00e3o de conte\u00fado sobre economia, pol\u00edtica, sa\u00fade, moda e m\u00fasica. Possui certificado de conclus\u00e3o do curso de An\u00e1lise de Balan\u00e7os pela Funda\u00e7\u00e3o Bradesco, Agenda Brasil pela FAAP, Educa\u00e7\u00e3o Pol\u00edtica por Alexandre Garcia e do Tesouro Direto e Mercado de A\u00e7\u00f5es pela B3.","url":"https:\/\/www.suno.com.br\/noticias\/author\/poliana-santos\/"}]}},"default_loop_html":"<div class=\"cardsPage__listCard__boxs\"><div class=\"cardsPage__listCard__boxs__img\"><a href=\"https:\/\/www.suno.com.br\/noticias\/guerra-comercial-empresas-americanas-china-eua\/\"><img class=\"mask\" src=\"https:\/\/www.suno.com.br\/noticias\/wp-content\/themes\/suno\/resources\/images\/spotlight\/spotlight1img\/bg-mask.png\" alt=\"Image Mask\"\/><img src=\"https:\/\/files.sunoresearch.com.br\/n\/uploads\/2019\/01\/3b059b96-eua-e-china-celebram-os-40-anos-das-rela\u00e7\u00f5es-diplom\u00e1ticas-400x200.webp\" alt=\"Guerra comercial afeta 75% das empresas americanas na China\"\/><\/a><span class=\"spotlightCategory\"><a href=\"https:\/\/www.suno.com.br\/noticias\/internacional\/\">Internacional<\/a><\/span><\/div><div class=\"cardsPage__listCard__boxs__content\"><a href=\"https:\/\/www.suno.com.br\/noticias\/guerra-comercial-empresas-americanas-china-eua\/\"><h2 class=\"content__title\">Guerra comercial afeta 75% das empresas americanas na China<\/h2><\/a><div class=\"newsContent__article__meta\"><div class=\"newsContent__article__meta__authorBox\"><a href=\"https:\/\/www.suno.com.br\/noticias\/author\/poliana-santos\/\" class=\"authorBox__avatar noMobi\"><img src=\"https:\/\/files.sunoresearch.com.br\/n\/uploads\/2020\/08\/7ef34026-whatsapp-image-2020-08-03-at-12.37.57-150x150.webp\" alt=\"Poliana Santos\"><\/a><div class=\"authorBox__name\"><span>por\n\t\t\t<a href=\"https:\/\/www.suno.com.br\/noticias\/author\/poliana-santos\/\"><span itemprop=\"author\">Poliana Santos<\/span><\/a><\/span><time datetime=\"2019-05-22T09:44:47-03:00\" itemprop=\"datePublished\">22\/05\/2019 09:44<\/time><\/div><\/div><\/div><\/div><\/div>","single_layout":"posts","amp_enabled":true,"_links":{"self":[{"href":"https:\/\/www.suno.com.br\/noticias\/wp-json\/wp\/v2\/posts\/25530"}],"collection":[{"href":"https:\/\/www.suno.com.br\/noticias\/wp-json\/wp\/v2\/posts"}],"about":[{"href":"https:\/\/www.suno.com.br\/noticias\/wp-json\/wp\/v2\/types\/post"}],"author":[{"embeddable":true,"href":"https:\/\/www.suno.com.br\/noticias\/wp-json\/wp\/v2\/users\/15"}],"replies":[{"embeddable":true,"href":"https:\/\/www.suno.com.br\/noticias\/wp-json\/wp\/v2\/comments?post=25530"}],"version-history":[{"count":0,"href":"https:\/\/www.suno.com.br\/noticias\/wp-json\/wp\/v2\/posts\/25530\/revisions"}],"wp:featuredmedia":[{"embeddable":true,"href":"https:\/\/www.suno.com.br\/noticias\/wp-json\/wp\/v2\/media\/10067"}],"wp:attachment":[{"href":"https:\/\/www.suno.com.br\/noticias\/wp-json\/wp\/v2\/media?parent=25530"}],"wp:term":[{"taxonomy":"category","embeddable":true,"href":"https:\/\/www.suno.com.br\/noticias\/wp-json\/wp\/v2\/categories?post=25530"},{"taxonomy":"post_tag","embeddable":true,"href":"https:\/\/www.suno.com.br\/noticias\/wp-json\/wp\/v2\/tags?post=25530"},{"taxonomy":"suno_strategy","embeddable":true,"href":"https:\/\/www.suno.com.br\/noticias\/wp-json\/wp\/v2\/suno_strategy?post=25530"}],"curies":[{"name":"wp","href":"https:\/\/api.w.org\/{rel}","templated":true}]}}