{"id":255215,"date":"2022-04-30T12:01:10","date_gmt":"2022-04-30T15:01:10","guid":{"rendered":"https:\/\/www.suno.com.br\/noticias\/?p=255215"},"modified":"2022-04-30T12:01:10","modified_gmt":"2022-04-30T15:01:10","slug":"governo-inflacao-febraban-presidente-bc","status":"publish","type":"post","link":"https:\/\/www.suno.com.br\/noticias\/governo-inflacao-febraban-presidente-bc\/","title":{"rendered":"Presidente da Febraban diz que &#8216;governo parece gostar de infla\u00e7\u00e3o&#8217;; veja entrevista completa"},"content":{"rendered":"<p>O presidente da <a href=\"https:\/\/www.febraban.org.br\/\">Federa\u00e7\u00e3o Brasileira de <strong>Bancos<\/strong><\/a> (Febraban), Isaac Sidney, disse em entrevista ao Estad\u00e3o que a alta de tributos para o setor tornar\u00e1 mais caras linhas de cr\u00e9dito importantes para a recupera\u00e7\u00e3o econ\u00f4mica, como <a class=\"suno-keyword\" href=\"https:\/\/www.suno.com.br\/artigos\/financiamento-imobiliario\/\" target=\"_blank\" rel=\"noopener\" data-force=\"no\" data-priority=\"2\">financiamento imobili\u00e1rio<\/a> e de ve\u00edculo, cr\u00e9dito consignado e capital de giro.<\/p>\t<div class=\"wrapper-featured-image\">\n\t\t<figure class=\"spotlightImg\">\n\n\t\t\t<picture>\n\t\t\t\t<source media=\"(max-width: 768px)\" srcset=\"https:\/\/files.sunoresearch.com.br\/n\/uploads\/2022\/04\/o-presidente-da-febraban-isaac-sidney-menezes-ferreira-1625767106381_v2_1x1-400x200.jpg\">\n\t\t\t\t<img loading=\"lazy\" decoding=\"async\" class=\"newsContent__article__imgCapa lazyloadDisabled \" src=\"https:\/\/files.sunoresearch.com.br\/n\/uploads\/2022\/04\/o-presidente-da-febraban-isaac-sidney-menezes-ferreira-1625767106381_v2_1x1-800x450.jpg\" width=\"800\" height=\"450\" alt=\"Presidente da Febraban diz que &#8216;governo parece gostar de infla\u00e7\u00e3o&#8217;; veja entrevista completa\" fetchpriority=high \/>\n\t\t\t<\/picture>\n\n\t\t\t<figcaption class=\"wp-caption-text wp-caption-text--show\">Febraban convoca setor privado a construir com governo novo arcabou\u00e7o fiscal. Foto: Reprodu\u00e7\u00e3o\/Febraban\/LinkedIn<\/figcaption>\n\t\t<\/figure>\n\t<\/div>\n\n\n\t<p>\n\t\t<a href=\"\" target=\"_blank\" data-element=\"shortcode-suno-banner\" title=\"Banner SUNO, clique e saiba mais\">\n\t\t\t<picture>\n\t\t\t\t<source media=\"(max-width: 500px)\" srcset=\"\">\n\t\t\t\t<img class=\"newsContent__article__imgCapa newsContent__article__imgCapa--banner\"\n\t\t\t\t\tsrc=\"\"\n\t\t\t\t\tdata-promo-id=\"240038\"\t\t\t\t\t\t\t\t\t\t\t\t\t\t\talt=\"\"\n\t\t\t\t>\n\t\t\t<\/picture>\n\t\t<\/a>\n\t<\/p>\n\n\n<p>O <strong>presidente da Febraban<\/strong> afirma que a medida que afeta os bancos n\u00e3o ajuda o <a href=\"https:\/\/www.suno.com.br\/artigos\/bacen\/\">Banco Central (BC)<\/a>, que est\u00e1 sozinho no &#8220;dific\u00edlimo&#8221; desafio de mitigar os efeitos da infla\u00e7\u00e3o de dois d\u00edgitos.<\/p>\n<p>Leia, abaixo, os principais trechos da entrevista com o presidente da Febraban:<\/p>\n<h4>Depois de uma novela de meses, o governo aumentou a tributa\u00e7\u00e3o dos bancos para fazer o Refis do Simples. O que o sr. achou dessa op\u00e7\u00e3o?<\/h4>\n<p>Ao aumentar impostos, o governo errou e escolheu, de novo, onerar o consumidor, o que vai encarecer ainda mais o cr\u00e9dito banc\u00e1rio. \u00c9 intrigante que, havendo setores muito mais lucrativos e com volumes elevados de <a class=\"suno-keyword\" href=\"https:\/\/www.suno.com.br\/artigos\/incentivos-fiscais\/\" target=\"_blank\" rel=\"noopener\" data-force=\"no\" data-priority=\"1\">incentivos fiscais<\/a>, os bancos venham a ser penalizados com mais <a class=\"suno-keyword\" href=\"https:\/\/www.suno.com.br\/artigos\/carga-tributaria\/\" target=\"_blank\" rel=\"noopener\" data-force=\"no\" data-priority=\"1\">carga tribut\u00e1ria<\/a>.<\/p>\n<p>Nesses dois anos de pandemia, os bancos e a Febraban foram essenciais para preservar empregos e empresas com R$ 8,5 trilh\u00f5es em cr\u00e9dito, irrigando toda a economia. Fomos o 16\u00ba setor mais rent\u00e1vel em 2020, ou seja, 15 outros ficaram \u00e0 frente no quesito rentabilidade, mas s\u00f3 os bancos est\u00e3o pagando a conta.<\/p>\n<h4>Qual a consequ\u00eancia para o cr\u00e9dito?<\/h4>\n<p>\u00c9, no m\u00ednimo, uma p\u00e9ssima sinaliza\u00e7\u00e3o para quem precisa de cr\u00e9dito. Qualquer porcentual de aumento de imposto [para a Febraban e para os bancos de um modo geral] impacta diretamente no custo dos empr\u00e9stimos, que j\u00e1 est\u00e3o caros.<\/p>\n<p>A incid\u00eancia de mais impostos sobre o cr\u00e9dito, mesmo com um pequeno aumento tempor\u00e1rio, pressiona o spread (a diferen\u00e7a entre o custo de capta\u00e7\u00e3o do dinheiro pelo banco e o que ele cobra do cliente), e pior, num momento em que a sociedade est\u00e1 suportando uma forte subida da <a class=\"suno-keyword\" href=\"https:\/\/www.suno.com.br\/artigos\/taxa-de-juros\/\" target=\"_blank\" rel=\"noopener\" data-force=\"no\" data-priority=\"1\">taxa b\u00e1sica de juros<\/a>, que o Banco Central, corretamente, se v\u00ea na conting\u00eancia de agir para conter a escalada da infla\u00e7\u00e3o.<\/p>\n\t<p>\n\t\t<a href=\"https:\/\/lp.suno.com.br\/planilha-controle-gastos\/\" target=\"_blank\" data-element=\"shortcode-suno-banner\" title=\"Banner SUNO, clique e saiba mais\">\n\t\t\t<picture>\n\t\t\t\t<source media=\"(max-width: 500px)\" srcset=\"https:\/\/files.sunoresearch.com.br\/n\/uploads\/2023\/03\/400x300-Planilha-controle-de-gastos.png\">\n\t\t\t\t<img class=\"newsContent__article__imgCapa newsContent__article__imgCapa--banner\"\n\t\t\t\t\tsrc=\"https:\/\/files.sunoresearch.com.br\/n\/uploads\/2023\/03\/1420x240-Planilha-controle-de-gastos.png\"\n\t\t\t\t\tdata-promo-id=\"101751\"\t\t\t\t\t\t\t\t\t\twidth='1420' height='240'\t\t\t\t\talt=\"https:\/\/files.sunoresearch.com.br\/n\/uploads\/2023\/03\/1420x240-Planilha-controle-de-gastos.png\"\n\t\t\t\t>\n\t\t\t<\/picture>\n\t\t<\/a>\n\t<\/p>\n\n\n<p>A medida, embora possa at\u00e9 mirar nos bancos e na Febraban, acerta uma vez mais o consumidor e torna mais caras linhas importantes no processo de recupera\u00e7\u00e3o econ\u00f4mica, como financiamento imobili\u00e1rio e de ve\u00edculo, cr\u00e9dito consignado e capital de giro.<\/p>\n<h4>Como a medida pressiona a infla\u00e7\u00e3o?<\/h4>\n<p>A infla\u00e7\u00e3o est\u00e1 nas nuvens, rodando a 12% ao ano. A impress\u00e3o que fica \u00e9 de que o governo gosta de infla\u00e7\u00e3o e n\u00e3o se importa com as consequ\u00eancias de mais press\u00e3o inflacion\u00e1ria, algo que a sociedade n\u00e3o aceita mais.<\/p>\n<p>Aumento de impostos pressiona ainda mais a estrutura de custos das fam\u00edlias e das empresas, retroalimentando o processo inflacion\u00e1rio. Isso \u00e9 b\u00e1sico.<\/p>\n<p>\u00c9 incr\u00edvel como se cogita aumentar imposto num momento em que a economia desacelera e quando a Selic e a infla\u00e7\u00e3o est\u00e3o nas alturas.<\/p>\n<p>Al\u00e9m de mostrar insensibilidade com as pessoas e as empresas, particularmente as micro e pequenas, que mais precisam de cr\u00e9dito, aumentar imposto n\u00e3o ajuda nada o BC (Banco Central), que j\u00e1 estava sozinho mesmo, no dific\u00edlimo desafio de mitigar os efeitos j\u00e1 fortemente sentidos da infla\u00e7\u00e3o de dois d\u00edgitos.<\/p>\n\t<p>\n\t\t<a href=\"https:\/\/lp.suno.com.br\/planilha-da-vida-financeira\/\" target=\"_blank\" data-element=\"shortcode-suno-banner\" title=\"Banner SUNO, clique e saiba mais\">\n\t\t\t<picture>\n\t\t\t\t<source media=\"(max-width: 500px)\" srcset=\"https:\/\/files.sunoresearch.com.br\/n\/uploads\/2023\/04\/400x300-Planilha-vida-financeira-true.png\">\n\t\t\t\t<img class=\"newsContent__article__imgCapa newsContent__article__imgCapa--banner\"\n\t\t\t\t\tsrc=\"https:\/\/files.sunoresearch.com.br\/n\/uploads\/2023\/04\/1420x240-Planilha-vida-financeira-true.png\"\n\t\t\t\t\tdata-promo-id=\"106682\"\t\t\t\t\t\t\t\t\t\twidth='1420' height='240'\t\t\t\t\talt=\"https:\/\/files.sunoresearch.com.br\/n\/uploads\/2023\/04\/1420x240-Planilha-vida-financeira-true.png\"\n\t\t\t\t>\n\t\t\t<\/picture>\n\t\t<\/a>\n\t<\/p>\n\n\n<p>Busca-se um trof\u00e9u para ter a narrativa contra n\u00f3s [bancos; Febraban], na suposi\u00e7\u00e3o de que aumentar impostos do setor rende <a class=\"suno-keyword\" href=\"https:\/\/www.suno.com.br\/guias\/dividendos\/\" target=\"_blank\" rel=\"noopener\" data-force=\"no\" data-priority=\"1\">dividendos<\/a> pol\u00edticos e pode dar votos, mas quem \u00e9 alvejado com um tiro certeiro \u00e9 o consumidor.<\/p>\n<h4>Como o aumento da CSLL influencia nos juros banc\u00e1rios?<\/h4>\n<p>Tudo que pesa na <a class=\"suno-keyword\" href=\"https:\/\/www.suno.com.br\/artigos\/intermediacao-financeira\/\" target=\"_blank\" rel=\"noopener\" data-force=\"no\" data-priority=\"1\">intermedia\u00e7\u00e3o financeira<\/a> desemboca nos juros banc\u00e1rios, e os impostos representam 20% do spread. Portanto, mais CSLL para os bancos significa, no final do dia, mais juros para o tomador do cr\u00e9dito.<\/p>\n\t<p>\n\t\t<a href=\"https:\/\/lp.suno.com.br\/ebook-como-analisar-uma-acao\/\" target=\"_blank\" data-element=\"shortcode-suno-banner\" title=\"Banner SUNO, clique e saiba mais\">\n\t\t\t<picture>\n\t\t\t\t<source media=\"(max-width: 500px)\" srcset=\"https:\/\/files.sunoresearch.com.br\/n\/uploads\/2023\/03\/Ebook-Acoes-Mobile-1.jpg\">\n\t\t\t\t<img class=\"newsContent__article__imgCapa newsContent__article__imgCapa--banner\"\n\t\t\t\t\tsrc=\"https:\/\/files.sunoresearch.com.br\/n\/uploads\/2023\/03\/Ebook-Acoes-Desktop-1.jpg\"\n\t\t\t\t\tdata-promo-id=\"171998\"\t\t\t\t\t\t\t\t\t\twidth='1420' height='286'\t\t\t\t\talt=\"https:\/\/files.sunoresearch.com.br\/n\/uploads\/2023\/03\/Ebook-Acoes-Desktop-1.jpg\"\n\t\t\t\t>\n\t\t\t<\/picture>\n\t\t<\/a>\n\t<\/p>\n\n\n<p>Nos \u00faltimos 12 meses, com a eleva\u00e7\u00e3o da Selic e do custo de capta\u00e7\u00e3o, j\u00e1 houve aumento das taxas m\u00e9dias de juros para o cr\u00e9dito \u00e0s fam\u00edlias e para as empresas. Este aumento de impostos \u00e9 muito ruim e seus efeitos ser\u00e3o os de sempre, que j\u00e1 deveriam ter sido evitados: custos maiores para quem mais precisa de cr\u00e9dito num cen\u00e1rio j\u00e1 bem adverso em que a infla\u00e7\u00e3o est\u00e1 corroendo o <a class=\"suno-keyword\" href=\"https:\/\/www.suno.com.br\/artigos\/poder-de-compra\/\" target=\"_blank\" rel=\"noopener\" data-force=\"no\" data-priority=\"1\">poder de compra<\/a> das pessoas.<\/p>\n<h4>Qual o impacto geral para a economia?<\/h4>\n<p>Aumento de imposto \u00e9 sempre nocivo por ser fonte de custos. Vai dificultar ainda mais o processo de recupera\u00e7\u00e3o da economia, que estar\u00e1 em ritmo de desacelera\u00e7\u00e3o em 2022, dadas as condi\u00e7\u00f5es financeiras e monet\u00e1rias mais severas.<\/p>\n<h4>O que o governo deveria ter feito para compensar o custo fiscal do Refis dos pequenos neg\u00f3cios?<\/h4>\n<p>O que infelizmente n\u00e3o fez. Para enfrentar as dificuldades fiscais, evitar impactos negativos no custo do cr\u00e9dito e propiciar a retomada consistente da economia, s\u00f3 h\u00e1 um caminho: perseverarmos na aprova\u00e7\u00e3o da agenda de reformas estruturais em tramita\u00e7\u00e3o no Congresso.<\/p>\n<h4>O ministro Guedes descumpriu a promessa feita de que o aumento seria s\u00f3 aquele do ano passado?<\/h4>\n<p>Independentemente de promessa, n\u00e3o \u00e9 razo\u00e1vel que os [a Febraban e os bancos] tenham, em 2021, suportado um aumento de cinco pontos porcentuais de CSLL, sob o compromisso de que a majora\u00e7\u00e3o seria circunstancial e por apenas seis meses, e agora, pouco tempo depois, haja nova imposi\u00e7\u00e3o de \u00f4nus sobre um dos setores que mais t\u00eam ajudado na recupera\u00e7\u00e3o econ\u00f4mica.<\/p>\n<p>Acho lament\u00e1vel, n\u00f3s [bancos; <strong>Febraban<\/strong>] cumprimos nossa parte e j\u00e1 pagamos mais impostos do que outros setores.<\/p>\n<p class=\"newsProviderSignature\">Com Estad\u00e3o Conte\u00fado<\/p>\n\t<p>\n\t\t<a href=\"https:\/\/lp.suno.com.br\/planilha-de-controle-de-investimentos\/\" target=\"_blank\" data-element=\"shortcode-suno-banner\" title=\"Banner SUNO, clique e saiba mais\">\n\t\t\t<picture>\n\t\t\t\t<source media=\"(max-width: 500px)\" srcset=\"https:\/\/files.sunoresearch.com.br\/n\/uploads\/2023\/03\/400x300-Controle-de-Investimentos.png\">\n\t\t\t\t<img class=\"newsContent__article__imgCapa newsContent__article__imgCapa--banner\"\n\t\t\t\t\tsrc=\"https:\/\/files.sunoresearch.com.br\/n\/uploads\/2023\/03\/1420x240-Controle-de-Investimentos.png\"\n\t\t\t\t\tdata-promo-id=\"75934\"\t\t\t\t\t\t\t\t\t\twidth='1420' height='240'\t\t\t\t\talt=\"https:\/\/files.sunoresearch.com.br\/n\/uploads\/2023\/03\/1420x240-Controle-de-Investimentos.png\"\n\t\t\t\t>\n\t\t\t<\/picture>\n\t\t<\/a>\n\t<\/p>\n\n\n","protected":false},"excerpt":{"rendered":"<p>O presidente da Federa\u00e7\u00e3o Brasileira de Bancos (Febraban), Isaac Sidney, disse em entrevista ao Estad\u00e3o que a alta de tributos para o setor tornar\u00e1 mais caras linhas de cr\u00e9dito importantes para a recupera\u00e7\u00e3o econ\u00f4mica, como financiamento imobili\u00e1rio e de ve\u00edculo, cr\u00e9dito consignado e capital de giro. Febraban convoca setor privado a construir com governo novo [&hellip;]<\/p>\n","protected":false},"author":73,"featured_media":255241,"comment_status":"closed","ping_status":"closed","sticky":false,"template":"","format":"standard","meta":[],"categories":[62],"tags":[106444,289,823],"suno_strategy":[],"class_list":["post-255215","post","type-post","status-publish","format-standard","has-post-thumbnail","hentry","category-economia","tag-agencias","tag-bancos","tag-febraban"],"yoast_head":"<!-- This site is optimized with the Yoast SEO plugin v24.4 - https:\/\/yoast.com\/wordpress\/plugins\/seo\/ -->\n<title>Presidente da Febraban diz que &#039;governo parece gostar de infla\u00e7\u00e3o&#039;<\/title>\n<meta name=\"description\" content=\"O presidente da Febraban diz que medida n\u00e3o ajuda o BC, que est\u00e1 sozinho no &quot;dific\u00edlimo&quot; desafio de mitigar a infla\u00e7\u00e3o. Confira!\" \/>\n<meta name=\"robots\" content=\"index, follow, max-snippet:-1, max-image-preview:large, max-video-preview:-1\" \/>\n<link rel=\"canonical\" href=\"https:\/\/www.suno.com.br\/noticias\/governo-inflacao-febraban-presidente-bc\/\" \/>\n<meta property=\"og:locale\" content=\"pt_BR\" \/>\n<meta property=\"og:type\" content=\"article\" \/>\n<meta property=\"og:title\" content=\"Presidente da Febraban diz que &#039;governo parece gostar de infla\u00e7\u00e3o&#039;\" \/>\n<meta property=\"og:description\" content=\"O presidente da Febraban diz que medida n\u00e3o ajuda o BC, que est\u00e1 sozinho no &quot;dific\u00edlimo&quot; desafio de mitigar a infla\u00e7\u00e3o. Confira!\" \/>\n<meta property=\"og:url\" content=\"https:\/\/www.suno.com.br\/noticias\/governo-inflacao-febraban-presidente-bc\/\" \/>\n<meta property=\"og:site_name\" content=\"Suno Not\u00edcias\" \/>\n<meta property=\"article:publisher\" content=\"https:\/\/facebook.com\/sunoresearch\" \/>\n<meta property=\"og:image\" content=\"https:\/\/files.sunoresearch.com.br\/n\/uploads\/2022\/04\/o-presidente-da-febraban-isaac-sidney-menezes-ferreira-1625767106381_v2_1x1.jpg\" \/>\n\t<meta property=\"og:image:width\" content=\"1366\" \/>\n\t<meta property=\"og:image:height\" content=\"1367\" \/>\n\t<meta property=\"og:image:type\" content=\"image\/jpeg\" \/>\n<meta name=\"author\" content=\"Eduardo Vargas\" \/>\n<meta name=\"twitter:card\" content=\"summary_large_image\" \/>\n<meta name=\"twitter:creator\" content=\"@sunoresearch\" \/>\n<meta name=\"twitter:site\" content=\"@sunoresearch\" \/>\n<meta name=\"twitter:label1\" content=\"Escrito por\" \/>\n\t<meta name=\"twitter:data1\" content=\"Eduardo Vargas\" \/>\n\t<meta name=\"twitter:label2\" content=\"Est. tempo de leitura\" \/>\n\t<meta name=\"twitter:data2\" content=\"4 minutos\" \/>\n<script type=\"application\/ld+json\" class=\"yoast-schema-graph\">{\"@context\":\"https:\/\/schema.org\",\"@graph\":[{\"@type\":\"NewsArticle\",\"@id\":\"https:\/\/www.suno.com.br\/noticias\/governo-inflacao-febraban-presidente-bc\/#article\",\"isPartOf\":{\"@id\":\"https:\/\/www.suno.com.br\/noticias\/governo-inflacao-febraban-presidente-bc\/\"},\"author\":{\"name\":\"Eduardo Vargas\",\"@id\":\"https:\/\/www.suno.com.br\/noticias\/#\/schema\/person\/7f4d362bf3518e76090143ae77bb49a5\"},\"headline\":\"Presidente da Febraban diz que &#8216;governo parece gostar de infla\u00e7\u00e3o&#8217;; veja entrevista completa\",\"datePublished\":\"2022-04-30T15:01:10+00:00\",\"mainEntityOfPage\":{\"@id\":\"https:\/\/www.suno.com.br\/noticias\/governo-inflacao-febraban-presidente-bc\/\"},\"wordCount\":976,\"publisher\":{\"@id\":\"https:\/\/www.suno.com.br\/noticias\/#organization\"},\"image\":{\"@id\":\"https:\/\/www.suno.com.br\/noticias\/governo-inflacao-febraban-presidente-bc\/#primaryimage\"},\"thumbnailUrl\":\"https:\/\/files.sunoresearch.com.br\/n\/uploads\/2022\/04\/o-presidente-da-febraban-isaac-sidney-menezes-ferreira-1625767106381_v2_1x1.jpg\",\"keywords\":[\"Ag\u00eancias\",\"bancos\",\"Febraban\"],\"articleSection\":[\"Economia\"],\"inLanguage\":\"pt-BR\"},{\"@type\":\"WebPage\",\"@id\":\"https:\/\/www.suno.com.br\/noticias\/governo-inflacao-febraban-presidente-bc\/\",\"url\":\"https:\/\/www.suno.com.br\/noticias\/governo-inflacao-febraban-presidente-bc\/\",\"name\":\"Presidente da Febraban diz que 'governo parece gostar de infla\u00e7\u00e3o'\",\"isPartOf\":{\"@id\":\"https:\/\/www.suno.com.br\/noticias\/#website\"},\"primaryImageOfPage\":{\"@id\":\"https:\/\/www.suno.com.br\/noticias\/governo-inflacao-febraban-presidente-bc\/#primaryimage\"},\"image\":{\"@id\":\"https:\/\/www.suno.com.br\/noticias\/governo-inflacao-febraban-presidente-bc\/#primaryimage\"},\"thumbnailUrl\":\"https:\/\/files.sunoresearch.com.br\/n\/uploads\/2022\/04\/o-presidente-da-febraban-isaac-sidney-menezes-ferreira-1625767106381_v2_1x1.jpg\",\"datePublished\":\"2022-04-30T15:01:10+00:00\",\"description\":\"O presidente da Febraban diz que medida n\u00e3o ajuda o BC, que est\u00e1 sozinho no \\\"dific\u00edlimo\\\" desafio de mitigar a infla\u00e7\u00e3o. Confira!\",\"breadcrumb\":{\"@id\":\"https:\/\/www.suno.com.br\/noticias\/governo-inflacao-febraban-presidente-bc\/#breadcrumb\"},\"inLanguage\":\"pt-BR\",\"potentialAction\":[{\"@type\":\"ReadAction\",\"target\":[\"https:\/\/www.suno.com.br\/noticias\/governo-inflacao-febraban-presidente-bc\/\"]}]},{\"@type\":\"ImageObject\",\"inLanguage\":\"pt-BR\",\"@id\":\"https:\/\/www.suno.com.br\/noticias\/governo-inflacao-febraban-presidente-bc\/#primaryimage\",\"url\":\"https:\/\/files.sunoresearch.com.br\/n\/uploads\/2022\/04\/o-presidente-da-febraban-isaac-sidney-menezes-ferreira-1625767106381_v2_1x1.jpg\",\"contentUrl\":\"https:\/\/files.sunoresearch.com.br\/n\/uploads\/2022\/04\/o-presidente-da-febraban-isaac-sidney-menezes-ferreira-1625767106381_v2_1x1.jpg\",\"width\":1366,\"height\":1367,\"caption\":\"Febraban convoca setor privado a construir com governo novo arcabou\u00e7o fiscal. Foto: Reprodu\u00e7\u00e3o\/Febraban\/LinkedIn\"},{\"@type\":\"BreadcrumbList\",\"@id\":\"https:\/\/www.suno.com.br\/noticias\/governo-inflacao-febraban-presidente-bc\/#breadcrumb\",\"itemListElement\":[{\"@type\":\"ListItem\",\"position\":1,\"name\":\"Not\u00edcias\",\"item\":\"https:\/\/www.suno.com.br\/noticias\/\"},{\"@type\":\"ListItem\",\"position\":2,\"name\":\"Economia\",\"item\":\"https:\/\/www.suno.com.br\/noticias\/economia\/\"},{\"@type\":\"ListItem\",\"position\":3,\"name\":\"Presidente da Febraban diz que &#8216;governo parece gostar de infla\u00e7\u00e3o&#8217;; veja entrevista completa\"}]},{\"@type\":\"WebSite\",\"@id\":\"https:\/\/www.suno.com.br\/noticias\/#website\",\"url\":\"https:\/\/www.suno.com.br\/noticias\/\",\"name\":\"Suno Not\u00edcias\",\"description\":\"Seu portal de informa\u00e7\u00e3o sobre o mundo dos investimentos\",\"publisher\":{\"@id\":\"https:\/\/www.suno.com.br\/noticias\/#organization\"},\"potentialAction\":[{\"@type\":\"SearchAction\",\"target\":{\"@type\":\"EntryPoint\",\"urlTemplate\":\"https:\/\/www.suno.com.br\/noticias\/?s={search_term_string}\"},\"query-input\":{\"@type\":\"PropertyValueSpecification\",\"valueRequired\":true,\"valueName\":\"search_term_string\"}}],\"inLanguage\":\"pt-BR\"},{\"@type\":\"Organization\",\"@id\":\"https:\/\/www.suno.com.br\/noticias\/#organization\",\"name\":\"Suno Not\u00edcias\",\"url\":\"https:\/\/www.suno.com.br\/noticias\/\",\"logo\":{\"@type\":\"ImageObject\",\"inLanguage\":\"pt-BR\",\"@id\":\"https:\/\/www.suno.com.br\/noticias\/#\/schema\/logo\/image\/\",\"url\":\"https:\/\/files.sunoresearch.com.br\/n\/uploads\/2021\/09\/suno-logo.png\",\"contentUrl\":\"https:\/\/files.sunoresearch.com.br\/n\/uploads\/2021\/09\/suno-logo.png\",\"width\":180,\"height\":180,\"caption\":\"Suno Not\u00edcias\"},\"image\":{\"@id\":\"https:\/\/www.suno.com.br\/noticias\/#\/schema\/logo\/image\/\"},\"sameAs\":[\"https:\/\/facebook.com\/sunoresearch\",\"https:\/\/x.com\/sunoresearch\",\"https:\/\/www.instagram.com\/suno\",\"https:\/\/www.linkedin.com\/company\/suno-research\/\",\"https:\/\/www.youtube.com\/c\/sunoresearch\"]},{\"@type\":\"Person\",\"@id\":\"https:\/\/www.suno.com.br\/noticias\/#\/schema\/person\/7f4d362bf3518e76090143ae77bb49a5\",\"name\":\"Eduardo Vargas\",\"image\":{\"@type\":\"ImageObject\",\"inLanguage\":\"pt-BR\",\"@id\":\"https:\/\/www.suno.com.br\/noticias\/#\/schema\/person\/image\/\",\"url\":\"https:\/\/secure.gravatar.com\/avatar\/dac340933427a22924c9f99d1eb2e3f2?s=96&r=g\",\"contentUrl\":\"https:\/\/secure.gravatar.com\/avatar\/dac340933427a22924c9f99d1eb2e3f2?s=96&r=g\",\"caption\":\"Eduardo Vargas\"},\"description\":\"Jornalista formado pela UFSC, cobre macroeconomia, neg\u00f3cios e startups para o Suno Not\u00edcias, escrevendo principalmente not\u00edcias sobre o mercado financeiro e a bolsa de valores. No YouTube e no Instagram, \u00e9 respons\u00e1vel pela produ\u00e7\u00e3o de Reels e Shorts do Suno Not\u00edcias. Anteriormente, trabalhou cobrindo economia e cotidiano no ND+ e para o ND, maior jornal impresso de Santa Catarina. Cursou um semestre letivo de Estudos de M\u00eddia na Universidad de Buenos Aires.\",\"url\":\"https:\/\/www.suno.com.br\/noticias\/author\/eduardo-vargas\/\"}]}<\/script>\n<!-- \/ Yoast SEO plugin. -->","yoast_head_json":{"title":"Presidente da Febraban diz que 'governo parece gostar de infla\u00e7\u00e3o'","description":"O presidente da Febraban diz que medida n\u00e3o ajuda o BC, que est\u00e1 sozinho no \"dific\u00edlimo\" desafio de mitigar a infla\u00e7\u00e3o. Confira!","robots":{"index":"index","follow":"follow","max-snippet":"max-snippet:-1","max-image-preview":"max-image-preview:large","max-video-preview":"max-video-preview:-1"},"canonical":"https:\/\/www.suno.com.br\/noticias\/governo-inflacao-febraban-presidente-bc\/","og_locale":"pt_BR","og_type":"article","og_title":"Presidente da Febraban diz que 'governo parece gostar de infla\u00e7\u00e3o'","og_description":"O presidente da Febraban diz que medida n\u00e3o ajuda o BC, que est\u00e1 sozinho no \"dific\u00edlimo\" desafio de mitigar a infla\u00e7\u00e3o. Confira!","og_url":"https:\/\/www.suno.com.br\/noticias\/governo-inflacao-febraban-presidente-bc\/","og_site_name":"Suno Not\u00edcias","article_publisher":"https:\/\/facebook.com\/sunoresearch","og_image":[{"width":1366,"height":1367,"url":"https:\/\/files.sunoresearch.com.br\/n\/uploads\/2022\/04\/o-presidente-da-febraban-isaac-sidney-menezes-ferreira-1625767106381_v2_1x1.jpg","type":"image\/jpeg"}],"author":"Eduardo Vargas","twitter_card":"summary_large_image","twitter_creator":"@sunoresearch","twitter_site":"@sunoresearch","twitter_misc":{"Escrito por":"Eduardo Vargas","Est. tempo de leitura":"4 minutos"},"schema":{"@context":"https:\/\/schema.org","@graph":[{"@type":"NewsArticle","@id":"https:\/\/www.suno.com.br\/noticias\/governo-inflacao-febraban-presidente-bc\/#article","isPartOf":{"@id":"https:\/\/www.suno.com.br\/noticias\/governo-inflacao-febraban-presidente-bc\/"},"author":{"name":"Eduardo Vargas","@id":"https:\/\/www.suno.com.br\/noticias\/#\/schema\/person\/7f4d362bf3518e76090143ae77bb49a5"},"headline":"Presidente da Febraban diz que &#8216;governo parece gostar de infla\u00e7\u00e3o&#8217;; veja entrevista completa","datePublished":"2022-04-30T15:01:10+00:00","mainEntityOfPage":{"@id":"https:\/\/www.suno.com.br\/noticias\/governo-inflacao-febraban-presidente-bc\/"},"wordCount":976,"publisher":{"@id":"https:\/\/www.suno.com.br\/noticias\/#organization"},"image":{"@id":"https:\/\/www.suno.com.br\/noticias\/governo-inflacao-febraban-presidente-bc\/#primaryimage"},"thumbnailUrl":"https:\/\/files.sunoresearch.com.br\/n\/uploads\/2022\/04\/o-presidente-da-febraban-isaac-sidney-menezes-ferreira-1625767106381_v2_1x1.jpg","keywords":["Ag\u00eancias","bancos","Febraban"],"articleSection":["Economia"],"inLanguage":"pt-BR"},{"@type":"WebPage","@id":"https:\/\/www.suno.com.br\/noticias\/governo-inflacao-febraban-presidente-bc\/","url":"https:\/\/www.suno.com.br\/noticias\/governo-inflacao-febraban-presidente-bc\/","name":"Presidente da Febraban diz que 'governo parece gostar de infla\u00e7\u00e3o'","isPartOf":{"@id":"https:\/\/www.suno.com.br\/noticias\/#website"},"primaryImageOfPage":{"@id":"https:\/\/www.suno.com.br\/noticias\/governo-inflacao-febraban-presidente-bc\/#primaryimage"},"image":{"@id":"https:\/\/www.suno.com.br\/noticias\/governo-inflacao-febraban-presidente-bc\/#primaryimage"},"thumbnailUrl":"https:\/\/files.sunoresearch.com.br\/n\/uploads\/2022\/04\/o-presidente-da-febraban-isaac-sidney-menezes-ferreira-1625767106381_v2_1x1.jpg","datePublished":"2022-04-30T15:01:10+00:00","description":"O presidente da Febraban diz que medida n\u00e3o ajuda o BC, que est\u00e1 sozinho no \"dific\u00edlimo\" desafio de mitigar a infla\u00e7\u00e3o. Confira!","breadcrumb":{"@id":"https:\/\/www.suno.com.br\/noticias\/governo-inflacao-febraban-presidente-bc\/#breadcrumb"},"inLanguage":"pt-BR","potentialAction":[{"@type":"ReadAction","target":["https:\/\/www.suno.com.br\/noticias\/governo-inflacao-febraban-presidente-bc\/"]}]},{"@type":"ImageObject","inLanguage":"pt-BR","@id":"https:\/\/www.suno.com.br\/noticias\/governo-inflacao-febraban-presidente-bc\/#primaryimage","url":"https:\/\/files.sunoresearch.com.br\/n\/uploads\/2022\/04\/o-presidente-da-febraban-isaac-sidney-menezes-ferreira-1625767106381_v2_1x1.jpg","contentUrl":"https:\/\/files.sunoresearch.com.br\/n\/uploads\/2022\/04\/o-presidente-da-febraban-isaac-sidney-menezes-ferreira-1625767106381_v2_1x1.jpg","width":1366,"height":1367,"caption":"Febraban convoca setor privado a construir com governo novo arcabou\u00e7o fiscal. Foto: Reprodu\u00e7\u00e3o\/Febraban\/LinkedIn"},{"@type":"BreadcrumbList","@id":"https:\/\/www.suno.com.br\/noticias\/governo-inflacao-febraban-presidente-bc\/#breadcrumb","itemListElement":[{"@type":"ListItem","position":1,"name":"Not\u00edcias","item":"https:\/\/www.suno.com.br\/noticias\/"},{"@type":"ListItem","position":2,"name":"Economia","item":"https:\/\/www.suno.com.br\/noticias\/economia\/"},{"@type":"ListItem","position":3,"name":"Presidente da Febraban diz que &#8216;governo parece gostar de infla\u00e7\u00e3o&#8217;; veja entrevista completa"}]},{"@type":"WebSite","@id":"https:\/\/www.suno.com.br\/noticias\/#website","url":"https:\/\/www.suno.com.br\/noticias\/","name":"Suno Not\u00edcias","description":"Seu portal de informa\u00e7\u00e3o sobre o mundo dos investimentos","publisher":{"@id":"https:\/\/www.suno.com.br\/noticias\/#organization"},"potentialAction":[{"@type":"SearchAction","target":{"@type":"EntryPoint","urlTemplate":"https:\/\/www.suno.com.br\/noticias\/?s={search_term_string}"},"query-input":{"@type":"PropertyValueSpecification","valueRequired":true,"valueName":"search_term_string"}}],"inLanguage":"pt-BR"},{"@type":"Organization","@id":"https:\/\/www.suno.com.br\/noticias\/#organization","name":"Suno Not\u00edcias","url":"https:\/\/www.suno.com.br\/noticias\/","logo":{"@type":"ImageObject","inLanguage":"pt-BR","@id":"https:\/\/www.suno.com.br\/noticias\/#\/schema\/logo\/image\/","url":"https:\/\/files.sunoresearch.com.br\/n\/uploads\/2021\/09\/suno-logo.png","contentUrl":"https:\/\/files.sunoresearch.com.br\/n\/uploads\/2021\/09\/suno-logo.png","width":180,"height":180,"caption":"Suno Not\u00edcias"},"image":{"@id":"https:\/\/www.suno.com.br\/noticias\/#\/schema\/logo\/image\/"},"sameAs":["https:\/\/facebook.com\/sunoresearch","https:\/\/x.com\/sunoresearch","https:\/\/www.instagram.com\/suno","https:\/\/www.linkedin.com\/company\/suno-research\/","https:\/\/www.youtube.com\/c\/sunoresearch"]},{"@type":"Person","@id":"https:\/\/www.suno.com.br\/noticias\/#\/schema\/person\/7f4d362bf3518e76090143ae77bb49a5","name":"Eduardo Vargas","image":{"@type":"ImageObject","inLanguage":"pt-BR","@id":"https:\/\/www.suno.com.br\/noticias\/#\/schema\/person\/image\/","url":"https:\/\/secure.gravatar.com\/avatar\/dac340933427a22924c9f99d1eb2e3f2?s=96&r=g","contentUrl":"https:\/\/secure.gravatar.com\/avatar\/dac340933427a22924c9f99d1eb2e3f2?s=96&r=g","caption":"Eduardo Vargas"},"description":"Jornalista formado pela UFSC, cobre macroeconomia, neg\u00f3cios e startups para o Suno Not\u00edcias, escrevendo principalmente not\u00edcias sobre o mercado financeiro e a bolsa de valores. No YouTube e no Instagram, \u00e9 respons\u00e1vel pela produ\u00e7\u00e3o de Reels e Shorts do Suno Not\u00edcias. Anteriormente, trabalhou cobrindo economia e cotidiano no ND+ e para o ND, maior jornal impresso de Santa Catarina. Cursou um semestre letivo de Estudos de M\u00eddia na Universidad de Buenos Aires.","url":"https:\/\/www.suno.com.br\/noticias\/author\/eduardo-vargas\/"}]}},"default_loop_html":"<div class=\"cardsPage__listCard__boxs\"><div class=\"cardsPage__listCard__boxs__img\"><a href=\"https:\/\/www.suno.com.br\/noticias\/governo-inflacao-febraban-presidente-bc\/\"><img class=\"mask\" src=\"https:\/\/www.suno.com.br\/noticias\/wp-content\/themes\/suno\/resources\/images\/spotlight\/spotlight1img\/bg-mask.png\" alt=\"Image Mask\"\/><img src=\"https:\/\/files.sunoresearch.com.br\/n\/uploads\/2022\/04\/o-presidente-da-febraban-isaac-sidney-menezes-ferreira-1625767106381_v2_1x1-400x200.jpg\" alt=\"Presidente da Febraban diz que &#8216;governo parece gostar de infla\u00e7\u00e3o&#8217;; veja entrevista completa\"\/><\/a><span class=\"spotlightCategory\"><a href=\"https:\/\/www.suno.com.br\/noticias\/economia\/\">Economia<\/a><\/span><\/div><div class=\"cardsPage__listCard__boxs__content\"><a href=\"https:\/\/www.suno.com.br\/noticias\/governo-inflacao-febraban-presidente-bc\/\"><h2 class=\"content__title\">Presidente da Febraban diz que &#8216;governo parece gostar de infla\u00e7\u00e3o&#8217;; veja entrevista completa<\/h2><\/a><div class=\"newsContent__article__meta\"><div class=\"newsContent__article__meta__authorBox\"><a href=\"https:\/\/www.suno.com.br\/noticias\/author\/eduardo-vargas\/\" class=\"authorBox__avatar noMobi\"><img src=\"https:\/\/secure.gravatar.com\/avatar\/dac340933427a22924c9f99d1eb2e3f2?s=96&#038;r=g\" alt=\"Eduardo Vargas\"><\/a><div class=\"authorBox__name\"><span>por\n\t\t\t<a href=\"https:\/\/www.suno.com.br\/noticias\/author\/eduardo-vargas\/\"><span itemprop=\"author\">Eduardo Vargas<\/span><\/a><\/span><time datetime=\"2022-04-30T12:01:10-03:00\" itemprop=\"datePublished\">30\/04\/2022 12:01<\/time><\/div><\/div><\/div><\/div><\/div>","single_layout":"posts","amp_enabled":true,"_links":{"self":[{"href":"https:\/\/www.suno.com.br\/noticias\/wp-json\/wp\/v2\/posts\/255215"}],"collection":[{"href":"https:\/\/www.suno.com.br\/noticias\/wp-json\/wp\/v2\/posts"}],"about":[{"href":"https:\/\/www.suno.com.br\/noticias\/wp-json\/wp\/v2\/types\/post"}],"author":[{"embeddable":true,"href":"https:\/\/www.suno.com.br\/noticias\/wp-json\/wp\/v2\/users\/73"}],"replies":[{"embeddable":true,"href":"https:\/\/www.suno.com.br\/noticias\/wp-json\/wp\/v2\/comments?post=255215"}],"version-history":[{"count":4,"href":"https:\/\/www.suno.com.br\/noticias\/wp-json\/wp\/v2\/posts\/255215\/revisions"}],"predecessor-version":[{"id":255245,"href":"https:\/\/www.suno.com.br\/noticias\/wp-json\/wp\/v2\/posts\/255215\/revisions\/255245"}],"wp:featuredmedia":[{"embeddable":true,"href":"https:\/\/www.suno.com.br\/noticias\/wp-json\/wp\/v2\/media\/255241"}],"wp:attachment":[{"href":"https:\/\/www.suno.com.br\/noticias\/wp-json\/wp\/v2\/media?parent=255215"}],"wp:term":[{"taxonomy":"category","embeddable":true,"href":"https:\/\/www.suno.com.br\/noticias\/wp-json\/wp\/v2\/categories?post=255215"},{"taxonomy":"post_tag","embeddable":true,"href":"https:\/\/www.suno.com.br\/noticias\/wp-json\/wp\/v2\/tags?post=255215"},{"taxonomy":"suno_strategy","embeddable":true,"href":"https:\/\/www.suno.com.br\/noticias\/wp-json\/wp\/v2\/suno_strategy?post=255215"}],"curies":[{"name":"wp","href":"https:\/\/api.w.org\/{rel}","templated":true}]}}