{"id":25507,"date":"2019-05-22T08:20:48","date_gmt":"2019-05-22T11:20:48","guid":{"rendered":"https:\/\/www.suno.com.br\/noticias\/?p=25507"},"modified":"2019-05-22T09:12:26","modified_gmt":"2019-05-22T12:12:26","slug":"novo-decreto-de-armas-cidadao-nao-pode-ter-fuzil","status":"publish","type":"post","link":"https:\/\/www.suno.com.br\/noticias\/novo-decreto-de-armas-cidadao-nao-pode-ter-fuzil\/","title":{"rendered":"Governo publica novo decreto de armas e cidad\u00e3o comum n\u00e3o poder\u00e1 ter fuzil"},"content":{"rendered":"<p>O <strong>governo<\/strong> publicou um novo decreto de armas nesta quarta-feira (22). De acordo com o <strong>Planalto,<\/strong> a nova publica\u00e7\u00e3o tem como objetivo alterar pontos que geraram pol\u00eamicas.<\/p>\t<div class=\"wrapper-featured-image\">\n\t\t<figure class=\"spotlightImg\">\n\n\t\t\t<picture>\n\t\t\t\t<source media=\"(max-width: 768px)\" srcset=\"https:\/\/files.sunoresearch.com.br\/n\/uploads\/2018\/11\/0b097f06-jair-bolsonaro-400x200.webp\">\n\t\t\t\t<img loading=\"lazy\" decoding=\"async\" class=\"newsContent__article__imgCapa lazyloadDisabled newsContent__article__imgCapa--noCaption\" src=\"https:\/\/files.sunoresearch.com.br\/n\/uploads\/2018\/11\/0b097f06-jair-bolsonaro-800x450.webp\" width=\"800\" height=\"450\" alt=\"Governo publica novo decreto de armas e cidad\u00e3o comum n\u00e3o poder\u00e1 ter fuzil\" fetchpriority=high \/>\n\t\t\t<\/picture>\n\n\t\t\t<figcaption class=\"wp-caption-text wp-caption-text--hide\">Decreto de armas<\/figcaption>\n\t\t<\/figure>\n\t<\/div>\n\n\n<p>Assim, uma das principais altera\u00e7\u00f5es no original do <strong>decreto de armas<\/strong> \u00e9 o veto ao porte de <strong>fuzis, espingardas<\/strong> ou <strong>carabinas<\/strong> aos cidad\u00e3s comuns. Assim, fica permitido o porte das seguintes armas:<\/p>\n\t<p>\n\t\t<a href=\"https:\/\/lp.suno.com.br\/nossas-assinaturas\/?utm_campaign=_SNC8166F3A4_\" target=\"_blank\" data-element=\"shortcode-suno-banner\" title=\"Banner SUNO, clique e saiba mais\">\n\t\t\t<picture>\n\t\t\t\t<source media=\"(max-width: 500px)\" srcset=\"https:\/\/files.sunoresearch.com.br\/n\/uploads\/2025\/08\/Artigos-e-Noticias-Banner-Materias-01-Mobile_-400x300-1-png.webp\">\n\t\t\t\t<img class=\"newsContent__article__imgCapa newsContent__article__imgCapa--banner\"\n\t\t\t\t\tsrc=\"https:\/\/files.sunoresearch.com.br\/n\/uploads\/2025\/08\/Artigos-e-Noticias-Banner-Materias-01-Desktop_-1420x240-4-png.webp\"\n\t\t\t\t\tdata-promo-id=\"620371\"\t\t\t\t\t\t\t\t\t\twidth='1420' height='240'\t\t\t\t\talt=\"https:\/\/files.sunoresearch.com.br\/n\/uploads\/2025\/08\/Artigos-e-Noticias-Banner-Materias-01-Desktop_-1420x240-4-png.webp\"\n\t\t\t\t>\n\t\t\t<\/picture>\n\t\t<\/a>\n\t<\/p>\n\n\n<ul>\n<li>pistolas;<\/li>\n<li>rev\u00f3lveres;<\/li>\n<li>garruchas.<\/li>\n<\/ul>\n<p>Por outro lado, a proibi\u00e7\u00e3o passa a ser para:<\/p>\n<ul>\n<li>fuzis;<\/li>\n<li>carabinas;<\/li>\n<li>espingardas;<\/li>\n<li>armas n\u00e3o port\u00e1teis.<\/li>\n<\/ul>\n<p>Al\u00e9m disso, a nova regulamenta\u00e7\u00e3o tamb\u00e9m determina a <strong>idade m\u00ednima<\/strong> de 14 anos para a pr\u00e1tica de <strong>tiro esportivo.<\/strong> O primeiro decreto n\u00e3o impunha limites. Tamb\u00e9m se torna necess\u00e1ria a autoriza\u00e7\u00e3o dos dois respons\u00e1veis pelo menor para a pr\u00e1tica. Na norma anterior, era obrigat\u00f3ria apenas a autoriza\u00e7\u00e3o de um dos respons\u00e1veis. E antes do primeiro decreto era necess\u00e1ria, ainda, uma autoriza\u00e7\u00e3o judicial.<\/p>\n<p><a href=\"https:\/\/www.suno.com.br\/noticias\/stf-5-dias-bolsonaro-explicar-decreto-armas\/\">Saiba Mais: STF d\u00e1 5 dias para Bolsonaro explicar decreto do porte de armas<\/a><\/p>\n<p>Outro ponto alterado no novo texto \u00e9 a regulamenta\u00e7\u00e3o para <strong>armas<\/strong> em <strong>voos.<\/strong> Pela\u00a0primeira resolu\u00e7\u00e3o do governo, as regras deveriam ser determinadas pelo <strong>Minist\u00e9rio da Justi\u00e7a.<\/strong> Agora, por\u00e9m, ficam sob responsabilidade da <strong>Ag\u00eancia Nacional de Avia\u00e7\u00e3o Civil (Anac).<\/strong><\/p>\n<h2>Decreto de armas<\/h2>\n<p><a href=\"https:\/\/www.suno.com.br\/noticias\/bolsonaro-assina-decreto-que-altera-regras-de-uso-de-armas-e-municoes\/\">O <strong>decreto de armas<\/strong> foi assinado originalmente pelo presidente <strong>Jair Bolsonaro<\/strong> no dia 7 de maio<\/a>. A medida era uma promessa de campanha do pol\u00edtico. Sendo assim, as mudan\u00e7as estavam relacionadas o direito de <strong>posse<\/strong> e <strong>porte<\/strong> de <strong>armas.<\/strong> Entenda a diferen\u00e7a:<\/p>\n<ul>\n<li>a posse de armas \u00e9 o direito de ter o dispositivo em casa;<\/li>\n<li>j\u00e1 o porte \u00e9 o direito para transportar a arma.<\/li>\n<\/ul>\n<p>O segundo <strong>decreto<\/strong> publicado nesta quarta-feira tem como objetivo, de acordo com o <strong>Pal\u00e1cio do Planalto,<\/strong> modificar pontos que foram questionados pela <strong>Justi\u00e7a,<\/strong> pelo <strong>Congresso<\/strong> e pela sociedade.<\/p>\n<p>As altera\u00e7\u00f5es na norma j\u00e1 eram esperadas, isso porque na ter\u00e7a-feira (21), o governo admitiu &#8220;poss\u00edveis revis\u00f5es&#8221; no <strong>decreto.<\/strong> Dessa forma, a <strong>Advocacia Geral da Uni\u00e3o<\/strong> (AGU) pediu \u00e0 ministra <strong>Rosa Weber<\/strong> um prazo maior para os esclarecimentos sobre a medida.<\/p>\n<p><a href=\"https:\/\/www.suno.com.br\/noticias\/decreto-armas-camara-ampliacao-ilegal\/\">Saiba Mais: Decreto de armas: parecer da C\u00e2mara diz que amplia\u00e7\u00e3o do porte \u00e9 ilegal<\/a><\/p>\n<p>A ministra \u00e9 a relatora de a\u00e7\u00f5es no <strong>Supremo Tribunal Federal (STF)<\/strong> que questionam a constitucionalidade do <strong>decreto de armas.<\/strong> Assim, a magistrada deu um prazo de cinco dias, que acabou na \u00faltima ter\u00e7a, para o presidente esclarecer a resolu\u00e7\u00e3o.<\/p>\n<h2>Primeiro decreto<\/h2>\n<p>O primeiro <strong>decreto de armas<\/strong> assinado por <strong>Bolsonaro<\/strong> liberava o porte de armas para um conjunto de cerca de 20 profiss\u00f5es, entre elas:<\/p>\n<ul>\n<li>pol\u00edticos;<\/li>\n<li>advogados;<\/li>\n<li>caminhoneiros;<\/li>\n<li>jornalistas em cobertura policial ou de risco.<\/li>\n<\/ul>\n<p>Al\u00e9m disso, a medida tamb\u00e9m facilitava a libera\u00e7\u00e3o do porte. O pedido para poder transportar armas \u00e9 feito \u00e0 <strong>Pol\u00edcia Federal.<\/strong> Com isso, antes dos decretos do presidente era preciso para conseguir o porte:<\/p>\n<ul>\n<li>comprova\u00e7\u00e3o de aptid\u00e3o t\u00e9cnica;<\/li>\n<li>capacidade psicol\u00f3gica;<\/li>\n<li>aus\u00eancia de antecedentes criminai;<\/li>\n<li>comprova\u00e7\u00e3o de necessidade.<\/li>\n<\/ul>\n\t<p>\n\t\t<a href=\"https:\/\/lps.suno.com.br\/asset\/newsletter\/\" target=\"_blank\" data-element=\"shortcode-suno-banner\" title=\"Banner SUNO, clique e saiba mais\">\n\t\t\t<picture>\n\t\t\t\t<source media=\"(max-width: 500px)\" srcset=\"https:\/\/files.sunoresearch.com.br\/n\/uploads\/2023\/04\/400x300-Mobile-Artigos-4.jpg\">\n\t\t\t\t<img class=\"newsContent__article__imgCapa newsContent__article__imgCapa--banner\"\n\t\t\t\t\tsrc=\"https:\/\/files.sunoresearch.com.br\/n\/uploads\/2023\/04\/1420x240-Banner-Artigos-1-_-Banner-Materias-1.jpg\"\n\t\t\t\t\tdata-promo-id=\"386700\"\t\t\t\t\t\t\t\t\t\twidth='1420' height='240'\t\t\t\t\talt=\"https:\/\/files.sunoresearch.com.br\/n\/uploads\/2023\/04\/1420x240-Banner-Artigos-1-_-Banner-Materias-1.jpg\"\n\t\t\t\t>\n\t\t\t<\/picture>\n\t\t<\/a>\n\t<\/p>\n\n\n<p>Para al\u00e9m da facilidade quanto ao <strong>porte,<\/strong> o primeiro decreto tamb\u00e9m tornava mais f\u00e1cil a compra de <strong>muni\u00e7\u00f5es.<\/strong> O texto aumentava o limite de compra do objeto. Com a medida inicial, tamb\u00e9m ficava permitido que <strong>ca\u00e7adores, atiradores<\/strong> e <strong>colecionadores<\/strong> transportassem a arma carregada at\u00e9 o local de uso.<\/p>\n<h2>Rea\u00e7\u00e3o negativa<\/h2>\n<p>Assim que foi publicado, o <strong>decreto de armas<\/strong> de <strong>Bolsonaro<\/strong> gerou pol\u00eamicas em diversos setores. Al\u00e9m de integrantes da sociedade civil e de especialistas, os poderes <strong>Legislativo<\/strong> e <strong>Judici\u00e1rio<\/strong> passaram a questionar a medida do presidente.<\/p>\n<p>Dessa forma, a <a href=\"https:\/\/www.suno.com.br\/noticias\/decreto-armas-camara-ampliacao-ilegal\/\"><strong>C\u00e2mara dos Deputados<\/strong> produziu uma an\u00e1lise afirmando que o decreto era <\/a><strong><a href=\"https:\/\/www.suno.com.br\/noticias\/decreto-armas-camara-ampliacao-ilegal\/\">inconstitucional<\/a>.<\/strong> Isso porque a medida, segundo o \u00f3rg\u00e3o, alterava uma outra lei. Contudo, a altera\u00e7\u00e3o de uma lei s\u00f3 pode ocorrer atrav\u00e9s de uma outra lei, e, portanto, n\u00e3o poderia ser feita atrav\u00e9s de <strong>decreto.<\/strong><\/p>\n<p><a href=\"https:\/\/www.suno.com.br\/noticias\/bolsonaro-decreto-de-armas-facilita-porte-para-politicos-e-caminhoneiros\/\">Saiba Mais: Bolsonaro: decreto de armas facilita porte para pol\u00edticos e caminhoneiros<\/a><\/p>\n<p>De acordo com a <strong>C\u00e2mara,<\/strong> o decreto &#8220;passava por cima&#8221; do <strong>Estatuto do Desarmamento<\/strong> e, por isso, era inconstitucional. Al\u00e9m disso, o <strong>Senado Federal<\/strong>\u00a0tamb\u00e9m se posicionou contra a medida de <strong>Bolsonaro.<\/strong> A Casa Legislativa afirmou que, com o decreto, o presidente havia &#8220;extrapolado o poder&#8221;.<\/p>\n<p>No mesmo sentido, o partido <strong>Rede<\/strong> entrou com uma a\u00e7\u00e3o no <strong>STF<\/strong> apontando inconstitucionalidade na norma. Dessa forma, a ministra <strong>Rosa Weber<\/strong> ficou com a relatoria do caso e pediu um posicionamento do <strong>governo<\/strong> e de outros \u00f3rg\u00e3o como:<\/p>\n\t<p>\n\t\t<a href=\"https:\/\/lp.suno.com.br\/ebook-como-analisar-uma-acao\/\" target=\"_blank\" data-element=\"shortcode-suno-banner\" title=\"Banner SUNO, clique e saiba mais\">\n\t\t\t<picture>\n\t\t\t\t<source media=\"(max-width: 500px)\" srcset=\"https:\/\/files.sunoresearch.com.br\/n\/uploads\/2023\/03\/Ebook-Acoes-Mobile-1.jpg\">\n\t\t\t\t<img class=\"newsContent__article__imgCapa newsContent__article__imgCapa--banner\"\n\t\t\t\t\tsrc=\"https:\/\/files.sunoresearch.com.br\/n\/uploads\/2023\/03\/Ebook-Acoes-Desktop-1.jpg\"\n\t\t\t\t\tdata-promo-id=\"171998\"\t\t\t\t\t\t\t\t\t\twidth='1420' height='286'\t\t\t\t\talt=\"https:\/\/files.sunoresearch.com.br\/n\/uploads\/2023\/03\/Ebook-Acoes-Desktop-1.jpg\"\n\t\t\t\t>\n\t\t\t<\/picture>\n\t\t<\/a>\n\t<\/p>\n\n\n<ul>\n<li>Advocacia-Geral da Uni\u00e3o (AGU);<\/li>\n<li>Procuradoria-Geral da Uni\u00e3o (PGU);<\/li>\n<li>Minist\u00e9rio da Justi\u00e7a;<\/li>\n<li>C\u00e2mara dos Deputados;<\/li>\n<li>Senado Federal.<\/li>\n<\/ul>\n<p>Al\u00e9m disso, <strong>governadores<\/strong> tamb\u00e9m fizerem uma carta aberta se colocando contra a medida. O novo <strong>decreto de armas<\/strong> pode ser conferido na \u00edntegra em publica\u00e7\u00e3o no <a href=\"http:\/\/pesquisa.in.gov.br\/imprensa\/jsp\/visualiza\/index.jsp?data=22\/05\/2019&amp;jornal=515&amp;pagina=5&amp;totalArquivos=78\">site oficial do governo federal<\/a>.<\/p>\n","protected":false},"excerpt":{"rendered":"<p>O governo publicou um novo decreto de armas nesta quarta-feira (22). De acordo com o Planalto, a nova publica\u00e7\u00e3o tem como objetivo alterar pontos que geraram pol\u00eamicas. Decreto de armas Assim, uma das principais altera\u00e7\u00f5es no original do decreto de armas \u00e9 o veto ao porte de fuzis, espingardas ou carabinas aos cidad\u00e3s comuns. Assim, [&hellip;]<\/p>\n","protected":false},"author":16,"featured_media":6896,"comment_status":"closed","ping_status":"closed","sticky":false,"template":"","format":"standard","meta":[],"categories":[61],"tags":[981,719],"suno_strategy":[],"class_list":["post-25507","post","type-post","status-publish","format-standard","has-post-thumbnail","hentry","category-politica","tag-armas","tag-jair-bolsonaro"],"yoast_head":"<!-- This site is optimized with the Yoast SEO plugin v24.4 - https:\/\/yoast.com\/wordpress\/plugins\/seo\/ -->\n<title>Governo publica novo decreto de armas e cidad\u00e3o n\u00e3o poder\u00e1 ter fuzil<\/title>\n<meta name=\"description\" content=\"O novo decreto de armas foi divulgado para corrigir pontos que geraram pol\u00eamicas entre diversos setores da sociedade. Clique e saiba mais.\" \/>\n<meta name=\"robots\" content=\"index, follow, max-snippet:-1, max-image-preview:large, max-video-preview:-1\" \/>\n<link rel=\"canonical\" href=\"https:\/\/www.suno.com.br\/noticias\/novo-decreto-de-armas-cidadao-nao-pode-ter-fuzil\/\" \/>\n<meta property=\"og:locale\" content=\"pt_BR\" \/>\n<meta property=\"og:type\" content=\"article\" \/>\n<meta property=\"og:title\" content=\"Governo publica novo decreto de armas e cidad\u00e3o n\u00e3o poder\u00e1 ter fuzil\" \/>\n<meta property=\"og:description\" content=\"O novo decreto de armas foi divulgado para corrigir pontos que geraram pol\u00eamicas entre diversos setores da sociedade. Clique e saiba mais.\" \/>\n<meta property=\"og:url\" content=\"https:\/\/www.suno.com.br\/noticias\/novo-decreto-de-armas-cidadao-nao-pode-ter-fuzil\/\" \/>\n<meta property=\"og:site_name\" content=\"Suno Not\u00edcias\" \/>\n<meta property=\"article:publisher\" content=\"https:\/\/facebook.com\/sunoresearch\" \/>\n<meta property=\"og:image\" content=\"https:\/\/files.sunoresearch.com.br\/n\/uploads\/2018\/11\/0b097f06-jair-bolsonaro.jpg\" \/>\n\t<meta property=\"og:image:width\" content=\"1620\" \/>\n\t<meta property=\"og:image:height\" content=\"1080\" \/>\n\t<meta property=\"og:image:type\" content=\"image\/jpeg\" \/>\n<meta name=\"author\" content=\"Beatriz Oliveira\" \/>\n<meta name=\"twitter:card\" content=\"summary_large_image\" \/>\n<meta name=\"twitter:creator\" content=\"@sunoresearch\" \/>\n<meta name=\"twitter:site\" content=\"@sunoresearch\" \/>\n<meta name=\"twitter:label1\" content=\"Escrito por\" \/>\n\t<meta name=\"twitter:data1\" content=\"Beatriz Oliveira\" \/>\n\t<meta name=\"twitter:label2\" content=\"Est. tempo de leitura\" \/>\n\t<meta name=\"twitter:data2\" content=\"4 minutos\" \/>\n<script type=\"application\/ld+json\" class=\"yoast-schema-graph\">{\"@context\":\"https:\/\/schema.org\",\"@graph\":[{\"@type\":\"NewsArticle\",\"@id\":\"https:\/\/www.suno.com.br\/noticias\/novo-decreto-de-armas-cidadao-nao-pode-ter-fuzil\/#article\",\"isPartOf\":{\"@id\":\"https:\/\/www.suno.com.br\/noticias\/novo-decreto-de-armas-cidadao-nao-pode-ter-fuzil\/\"},\"author\":{\"name\":\"Beatriz Oliveira\",\"@id\":\"https:\/\/www.suno.com.br\/noticias\/#\/schema\/person\/e67f665add014bf99f644028de070cc3\"},\"headline\":\"Governo publica novo decreto de armas e cidad\u00e3o comum n\u00e3o poder\u00e1 ter fuzil\",\"datePublished\":\"2019-05-22T11:20:48+00:00\",\"dateModified\":\"2019-05-22T12:12:26+00:00\",\"mainEntityOfPage\":{\"@id\":\"https:\/\/www.suno.com.br\/noticias\/novo-decreto-de-armas-cidadao-nao-pode-ter-fuzil\/\"},\"wordCount\":843,\"publisher\":{\"@id\":\"https:\/\/www.suno.com.br\/noticias\/#organization\"},\"image\":{\"@id\":\"https:\/\/www.suno.com.br\/noticias\/novo-decreto-de-armas-cidadao-nao-pode-ter-fuzil\/#primaryimage\"},\"thumbnailUrl\":\"https:\/\/files.sunoresearch.com.br\/n\/uploads\/2018\/11\/0b097f06-jair-bolsonaro-jpg.webp\",\"keywords\":[\"Armas\",\"Jair Bolsonaro\"],\"articleSection\":[\"Pol\u00edtica\"],\"inLanguage\":\"pt-BR\"},{\"@type\":\"WebPage\",\"@id\":\"https:\/\/www.suno.com.br\/noticias\/novo-decreto-de-armas-cidadao-nao-pode-ter-fuzil\/\",\"url\":\"https:\/\/www.suno.com.br\/noticias\/novo-decreto-de-armas-cidadao-nao-pode-ter-fuzil\/\",\"name\":\"Governo publica novo decreto de armas e cidad\u00e3o n\u00e3o poder\u00e1 ter fuzil\",\"isPartOf\":{\"@id\":\"https:\/\/www.suno.com.br\/noticias\/#website\"},\"primaryImageOfPage\":{\"@id\":\"https:\/\/www.suno.com.br\/noticias\/novo-decreto-de-armas-cidadao-nao-pode-ter-fuzil\/#primaryimage\"},\"image\":{\"@id\":\"https:\/\/www.suno.com.br\/noticias\/novo-decreto-de-armas-cidadao-nao-pode-ter-fuzil\/#primaryimage\"},\"thumbnailUrl\":\"https:\/\/files.sunoresearch.com.br\/n\/uploads\/2018\/11\/0b097f06-jair-bolsonaro-jpg.webp\",\"datePublished\":\"2019-05-22T11:20:48+00:00\",\"dateModified\":\"2019-05-22T12:12:26+00:00\",\"description\":\"O novo decreto de armas foi divulgado para corrigir pontos que geraram pol\u00eamicas entre diversos setores da sociedade. Clique e saiba mais.\",\"breadcrumb\":{\"@id\":\"https:\/\/www.suno.com.br\/noticias\/novo-decreto-de-armas-cidadao-nao-pode-ter-fuzil\/#breadcrumb\"},\"inLanguage\":\"pt-BR\",\"potentialAction\":[{\"@type\":\"ReadAction\",\"target\":[\"https:\/\/www.suno.com.br\/noticias\/novo-decreto-de-armas-cidadao-nao-pode-ter-fuzil\/\"]}]},{\"@type\":\"ImageObject\",\"inLanguage\":\"pt-BR\",\"@id\":\"https:\/\/www.suno.com.br\/noticias\/novo-decreto-de-armas-cidadao-nao-pode-ter-fuzil\/#primaryimage\",\"url\":\"https:\/\/files.sunoresearch.com.br\/n\/uploads\/2018\/11\/0b097f06-jair-bolsonaro-jpg.webp\",\"contentUrl\":\"https:\/\/files.sunoresearch.com.br\/n\/uploads\/2018\/11\/0b097f06-jair-bolsonaro-jpg.webp\",\"width\":1620,\"height\":1080,\"caption\":\"Decreto de armas\"},{\"@type\":\"BreadcrumbList\",\"@id\":\"https:\/\/www.suno.com.br\/noticias\/novo-decreto-de-armas-cidadao-nao-pode-ter-fuzil\/#breadcrumb\",\"itemListElement\":[{\"@type\":\"ListItem\",\"position\":1,\"name\":\"Not\u00edcias\",\"item\":\"https:\/\/www.suno.com.br\/noticias\/\"},{\"@type\":\"ListItem\",\"position\":2,\"name\":\"Pol\u00edtica\",\"item\":\"https:\/\/www.suno.com.br\/noticias\/politica\/\"},{\"@type\":\"ListItem\",\"position\":3,\"name\":\"Governo publica novo decreto de armas e cidad\u00e3o comum n\u00e3o poder\u00e1 ter fuzil\"}]},{\"@type\":\"WebSite\",\"@id\":\"https:\/\/www.suno.com.br\/noticias\/#website\",\"url\":\"https:\/\/www.suno.com.br\/noticias\/\",\"name\":\"Suno Not\u00edcias\",\"description\":\"Seu portal de informa\u00e7\u00e3o sobre o mundo dos investimentos\",\"publisher\":{\"@id\":\"https:\/\/www.suno.com.br\/noticias\/#organization\"},\"potentialAction\":[{\"@type\":\"SearchAction\",\"target\":{\"@type\":\"EntryPoint\",\"urlTemplate\":\"https:\/\/www.suno.com.br\/noticias\/?s={search_term_string}\"},\"query-input\":{\"@type\":\"PropertyValueSpecification\",\"valueRequired\":true,\"valueName\":\"search_term_string\"}}],\"inLanguage\":\"pt-BR\"},{\"@type\":\"Organization\",\"@id\":\"https:\/\/www.suno.com.br\/noticias\/#organization\",\"name\":\"Suno Not\u00edcias\",\"url\":\"https:\/\/www.suno.com.br\/noticias\/\",\"logo\":{\"@type\":\"ImageObject\",\"inLanguage\":\"pt-BR\",\"@id\":\"https:\/\/www.suno.com.br\/noticias\/#\/schema\/logo\/image\/\",\"url\":\"https:\/\/files.sunoresearch.com.br\/n\/uploads\/2021\/09\/suno-logo.png\",\"contentUrl\":\"https:\/\/files.sunoresearch.com.br\/n\/uploads\/2021\/09\/suno-logo.png\",\"width\":180,\"height\":180,\"caption\":\"Suno Not\u00edcias\"},\"image\":{\"@id\":\"https:\/\/www.suno.com.br\/noticias\/#\/schema\/logo\/image\/\"},\"sameAs\":[\"https:\/\/facebook.com\/sunoresearch\",\"https:\/\/x.com\/sunoresearch\",\"https:\/\/www.instagram.com\/suno\",\"https:\/\/www.linkedin.com\/company\/suno-research\/\",\"https:\/\/www.youtube.com\/c\/sunoresearch\"]},{\"@type\":\"Person\",\"@id\":\"https:\/\/www.suno.com.br\/noticias\/#\/schema\/person\/e67f665add014bf99f644028de070cc3\",\"name\":\"Beatriz Oliveira\",\"image\":{\"@type\":\"ImageObject\",\"inLanguage\":\"pt-BR\",\"@id\":\"https:\/\/www.suno.com.br\/noticias\/#\/schema\/person\/image\/\",\"url\":\"https:\/\/secure.gravatar.com\/avatar\/c9aa6a0aaecc598d257d5d5bd349157d?s=96&r=g\",\"contentUrl\":\"https:\/\/secure.gravatar.com\/avatar\/c9aa6a0aaecc598d257d5d5bd349157d?s=96&r=g\",\"caption\":\"Beatriz Oliveira\"},\"description\":\"Formada em Jornalismo pela Faculdade Paulus de Tecnologia e Comunica\u00e7\u00e3o, Beatriz Oliveira escreve para o portal de not\u00edcias Suno Research. Antes, passou pelas reda\u00e7\u00f5es da Revista EXAME e da Rede Bandeirantes.\",\"url\":\"https:\/\/www.suno.com.br\/noticias\/author\/beatriz\/\"}]}<\/script>\n<!-- \/ Yoast SEO plugin. -->","yoast_head_json":{"title":"Governo publica novo decreto de armas e cidad\u00e3o n\u00e3o poder\u00e1 ter fuzil","description":"O novo decreto de armas foi divulgado para corrigir pontos que geraram pol\u00eamicas entre diversos setores da sociedade. Clique e saiba mais.","robots":{"index":"index","follow":"follow","max-snippet":"max-snippet:-1","max-image-preview":"max-image-preview:large","max-video-preview":"max-video-preview:-1"},"canonical":"https:\/\/www.suno.com.br\/noticias\/novo-decreto-de-armas-cidadao-nao-pode-ter-fuzil\/","og_locale":"pt_BR","og_type":"article","og_title":"Governo publica novo decreto de armas e cidad\u00e3o n\u00e3o poder\u00e1 ter fuzil","og_description":"O novo decreto de armas foi divulgado para corrigir pontos que geraram pol\u00eamicas entre diversos setores da sociedade. Clique e saiba mais.","og_url":"https:\/\/www.suno.com.br\/noticias\/novo-decreto-de-armas-cidadao-nao-pode-ter-fuzil\/","og_site_name":"Suno Not\u00edcias","article_publisher":"https:\/\/facebook.com\/sunoresearch","og_image":[{"width":1620,"height":1080,"url":"https:\/\/files.sunoresearch.com.br\/n\/uploads\/2018\/11\/0b097f06-jair-bolsonaro.jpg","type":"image\/jpeg"}],"author":"Beatriz Oliveira","twitter_card":"summary_large_image","twitter_creator":"@sunoresearch","twitter_site":"@sunoresearch","twitter_misc":{"Escrito por":"Beatriz Oliveira","Est. tempo de leitura":"4 minutos"},"schema":{"@context":"https:\/\/schema.org","@graph":[{"@type":"NewsArticle","@id":"https:\/\/www.suno.com.br\/noticias\/novo-decreto-de-armas-cidadao-nao-pode-ter-fuzil\/#article","isPartOf":{"@id":"https:\/\/www.suno.com.br\/noticias\/novo-decreto-de-armas-cidadao-nao-pode-ter-fuzil\/"},"author":{"name":"Beatriz Oliveira","@id":"https:\/\/www.suno.com.br\/noticias\/#\/schema\/person\/e67f665add014bf99f644028de070cc3"},"headline":"Governo publica novo decreto de armas e cidad\u00e3o comum n\u00e3o poder\u00e1 ter fuzil","datePublished":"2019-05-22T11:20:48+00:00","dateModified":"2019-05-22T12:12:26+00:00","mainEntityOfPage":{"@id":"https:\/\/www.suno.com.br\/noticias\/novo-decreto-de-armas-cidadao-nao-pode-ter-fuzil\/"},"wordCount":843,"publisher":{"@id":"https:\/\/www.suno.com.br\/noticias\/#organization"},"image":{"@id":"https:\/\/www.suno.com.br\/noticias\/novo-decreto-de-armas-cidadao-nao-pode-ter-fuzil\/#primaryimage"},"thumbnailUrl":"https:\/\/files.sunoresearch.com.br\/n\/uploads\/2018\/11\/0b097f06-jair-bolsonaro-jpg.webp","keywords":["Armas","Jair Bolsonaro"],"articleSection":["Pol\u00edtica"],"inLanguage":"pt-BR"},{"@type":"WebPage","@id":"https:\/\/www.suno.com.br\/noticias\/novo-decreto-de-armas-cidadao-nao-pode-ter-fuzil\/","url":"https:\/\/www.suno.com.br\/noticias\/novo-decreto-de-armas-cidadao-nao-pode-ter-fuzil\/","name":"Governo publica novo decreto de armas e cidad\u00e3o n\u00e3o poder\u00e1 ter fuzil","isPartOf":{"@id":"https:\/\/www.suno.com.br\/noticias\/#website"},"primaryImageOfPage":{"@id":"https:\/\/www.suno.com.br\/noticias\/novo-decreto-de-armas-cidadao-nao-pode-ter-fuzil\/#primaryimage"},"image":{"@id":"https:\/\/www.suno.com.br\/noticias\/novo-decreto-de-armas-cidadao-nao-pode-ter-fuzil\/#primaryimage"},"thumbnailUrl":"https:\/\/files.sunoresearch.com.br\/n\/uploads\/2018\/11\/0b097f06-jair-bolsonaro-jpg.webp","datePublished":"2019-05-22T11:20:48+00:00","dateModified":"2019-05-22T12:12:26+00:00","description":"O novo decreto de armas foi divulgado para corrigir pontos que geraram pol\u00eamicas entre diversos setores da sociedade. Clique e saiba mais.","breadcrumb":{"@id":"https:\/\/www.suno.com.br\/noticias\/novo-decreto-de-armas-cidadao-nao-pode-ter-fuzil\/#breadcrumb"},"inLanguage":"pt-BR","potentialAction":[{"@type":"ReadAction","target":["https:\/\/www.suno.com.br\/noticias\/novo-decreto-de-armas-cidadao-nao-pode-ter-fuzil\/"]}]},{"@type":"ImageObject","inLanguage":"pt-BR","@id":"https:\/\/www.suno.com.br\/noticias\/novo-decreto-de-armas-cidadao-nao-pode-ter-fuzil\/#primaryimage","url":"https:\/\/files.sunoresearch.com.br\/n\/uploads\/2018\/11\/0b097f06-jair-bolsonaro-jpg.webp","contentUrl":"https:\/\/files.sunoresearch.com.br\/n\/uploads\/2018\/11\/0b097f06-jair-bolsonaro-jpg.webp","width":1620,"height":1080,"caption":"Decreto de armas"},{"@type":"BreadcrumbList","@id":"https:\/\/www.suno.com.br\/noticias\/novo-decreto-de-armas-cidadao-nao-pode-ter-fuzil\/#breadcrumb","itemListElement":[{"@type":"ListItem","position":1,"name":"Not\u00edcias","item":"https:\/\/www.suno.com.br\/noticias\/"},{"@type":"ListItem","position":2,"name":"Pol\u00edtica","item":"https:\/\/www.suno.com.br\/noticias\/politica\/"},{"@type":"ListItem","position":3,"name":"Governo publica novo decreto de armas e cidad\u00e3o comum n\u00e3o poder\u00e1 ter fuzil"}]},{"@type":"WebSite","@id":"https:\/\/www.suno.com.br\/noticias\/#website","url":"https:\/\/www.suno.com.br\/noticias\/","name":"Suno Not\u00edcias","description":"Seu portal de informa\u00e7\u00e3o sobre o mundo dos investimentos","publisher":{"@id":"https:\/\/www.suno.com.br\/noticias\/#organization"},"potentialAction":[{"@type":"SearchAction","target":{"@type":"EntryPoint","urlTemplate":"https:\/\/www.suno.com.br\/noticias\/?s={search_term_string}"},"query-input":{"@type":"PropertyValueSpecification","valueRequired":true,"valueName":"search_term_string"}}],"inLanguage":"pt-BR"},{"@type":"Organization","@id":"https:\/\/www.suno.com.br\/noticias\/#organization","name":"Suno Not\u00edcias","url":"https:\/\/www.suno.com.br\/noticias\/","logo":{"@type":"ImageObject","inLanguage":"pt-BR","@id":"https:\/\/www.suno.com.br\/noticias\/#\/schema\/logo\/image\/","url":"https:\/\/files.sunoresearch.com.br\/n\/uploads\/2021\/09\/suno-logo.png","contentUrl":"https:\/\/files.sunoresearch.com.br\/n\/uploads\/2021\/09\/suno-logo.png","width":180,"height":180,"caption":"Suno Not\u00edcias"},"image":{"@id":"https:\/\/www.suno.com.br\/noticias\/#\/schema\/logo\/image\/"},"sameAs":["https:\/\/facebook.com\/sunoresearch","https:\/\/x.com\/sunoresearch","https:\/\/www.instagram.com\/suno","https:\/\/www.linkedin.com\/company\/suno-research\/","https:\/\/www.youtube.com\/c\/sunoresearch"]},{"@type":"Person","@id":"https:\/\/www.suno.com.br\/noticias\/#\/schema\/person\/e67f665add014bf99f644028de070cc3","name":"Beatriz Oliveira","image":{"@type":"ImageObject","inLanguage":"pt-BR","@id":"https:\/\/www.suno.com.br\/noticias\/#\/schema\/person\/image\/","url":"https:\/\/secure.gravatar.com\/avatar\/c9aa6a0aaecc598d257d5d5bd349157d?s=96&r=g","contentUrl":"https:\/\/secure.gravatar.com\/avatar\/c9aa6a0aaecc598d257d5d5bd349157d?s=96&r=g","caption":"Beatriz Oliveira"},"description":"Formada em Jornalismo pela Faculdade Paulus de Tecnologia e Comunica\u00e7\u00e3o, Beatriz Oliveira escreve para o portal de not\u00edcias Suno Research. Antes, passou pelas reda\u00e7\u00f5es da Revista EXAME e da Rede Bandeirantes.","url":"https:\/\/www.suno.com.br\/noticias\/author\/beatriz\/"}]}},"default_loop_html":"<div class=\"cardsPage__listCard__boxs\"><div class=\"cardsPage__listCard__boxs__img\"><a href=\"https:\/\/www.suno.com.br\/noticias\/novo-decreto-de-armas-cidadao-nao-pode-ter-fuzil\/\"><img class=\"mask\" src=\"https:\/\/www.suno.com.br\/noticias\/wp-content\/themes\/suno\/resources\/images\/spotlight\/spotlight1img\/bg-mask.png\" alt=\"Image Mask\"\/><img src=\"https:\/\/files.sunoresearch.com.br\/n\/uploads\/2018\/11\/0b097f06-jair-bolsonaro-400x200.webp\" alt=\"Governo publica novo decreto de armas e cidad\u00e3o comum n\u00e3o poder\u00e1 ter fuzil\"\/><\/a><span class=\"spotlightCategory\"><a href=\"https:\/\/www.suno.com.br\/noticias\/politica\/\">Pol\u00edtica<\/a><\/span><\/div><div class=\"cardsPage__listCard__boxs__content\"><a href=\"https:\/\/www.suno.com.br\/noticias\/novo-decreto-de-armas-cidadao-nao-pode-ter-fuzil\/\"><h2 class=\"content__title\">Governo publica novo decreto de armas e cidad\u00e3o comum n\u00e3o poder\u00e1 ter fuzil<\/h2><\/a><div class=\"newsContent__article__meta\"><div class=\"newsContent__article__meta__authorBox\"><a href=\"https:\/\/www.suno.com.br\/noticias\/author\/beatriz\/\" class=\"authorBox__avatar noMobi\"><img src=\"https:\/\/secure.gravatar.com\/avatar\/c9aa6a0aaecc598d257d5d5bd349157d?s=96&#038;r=g\" alt=\"Beatriz Oliveira\"><\/a><div class=\"authorBox__name\"><span>por\n\t\t\t<a href=\"https:\/\/www.suno.com.br\/noticias\/author\/beatriz\/\"><span itemprop=\"author\">Beatriz Oliveira<\/span><\/a><\/span><time datetime=\"2019-05-22T08:20:48-03:00\" itemprop=\"datePublished\">22\/05\/2019 08:20<\/time><\/div><\/div><\/div><\/div><\/div>","single_layout":"posts","amp_enabled":true,"_links":{"self":[{"href":"https:\/\/www.suno.com.br\/noticias\/wp-json\/wp\/v2\/posts\/25507"}],"collection":[{"href":"https:\/\/www.suno.com.br\/noticias\/wp-json\/wp\/v2\/posts"}],"about":[{"href":"https:\/\/www.suno.com.br\/noticias\/wp-json\/wp\/v2\/types\/post"}],"author":[{"embeddable":true,"href":"https:\/\/www.suno.com.br\/noticias\/wp-json\/wp\/v2\/users\/16"}],"replies":[{"embeddable":true,"href":"https:\/\/www.suno.com.br\/noticias\/wp-json\/wp\/v2\/comments?post=25507"}],"version-history":[{"count":0,"href":"https:\/\/www.suno.com.br\/noticias\/wp-json\/wp\/v2\/posts\/25507\/revisions"}],"wp:featuredmedia":[{"embeddable":true,"href":"https:\/\/www.suno.com.br\/noticias\/wp-json\/wp\/v2\/media\/6896"}],"wp:attachment":[{"href":"https:\/\/www.suno.com.br\/noticias\/wp-json\/wp\/v2\/media?parent=25507"}],"wp:term":[{"taxonomy":"category","embeddable":true,"href":"https:\/\/www.suno.com.br\/noticias\/wp-json\/wp\/v2\/categories?post=25507"},{"taxonomy":"post_tag","embeddable":true,"href":"https:\/\/www.suno.com.br\/noticias\/wp-json\/wp\/v2\/tags?post=25507"},{"taxonomy":"suno_strategy","embeddable":true,"href":"https:\/\/www.suno.com.br\/noticias\/wp-json\/wp\/v2\/suno_strategy?post=25507"}],"curies":[{"name":"wp","href":"https:\/\/api.w.org\/{rel}","templated":true}]}}