{"id":255022,"date":"2022-04-29T20:07:05","date_gmt":"2022-04-29T23:07:05","guid":{"rendered":"https:\/\/www.suno.com.br\/noticias\/?p=255022"},"modified":"2022-04-29T20:07:05","modified_gmt":"2022-04-29T23:07:05","slug":"bolsas-nova-york-queda-nasdaq-pior-mes-crise-2008","status":"publish","type":"post","link":"https:\/\/www.suno.com.br\/noticias\/bolsas-nova-york-queda-nasdaq-pior-mes-crise-2008\/","title":{"rendered":"Bolsas de Nova York t\u00eam queda forte; Nasdaq registra pior m\u00eas desde a crise de 2008"},"content":{"rendered":"<p>Ap\u00f3s a queda de 14% das a\u00e7\u00f5es da<strong> Amazon (AMZO34)<\/strong>, que divulgou seu <a href=\"https:\/\/www.suno.com.br\/noticias\/amazon-amzo34-prejuizo-1t22\/\">balan\u00e7o trimestral<\/a> nesta quinta (28), as<strong> bolsas de Nova York<\/strong> tiveram forte baixa nesta sexta-feira, 29, com seus tr\u00eas principais \u00edndices acion\u00e1rios fechando o dia com quedas entre 2% e 4%. Foi um m\u00eas de perdas expressivas para o <a class=\"suno-keyword\" href=\"https:\/\/www.suno.com.br\/artigos\/mercado-de-acoes\/\" target=\"_blank\" rel=\"noopener\" data-force=\"no\" data-priority=\"2\">mercado de a\u00e7\u00f5es<\/a> em<strong> Wall Street<\/strong>, principalmente para a<strong> Nasdaq<\/strong>, que teve seu pior desempenho percentual desde a crise de 2008. O <strong>S&amp;P 500<\/strong> teve seu pior m\u00eas desde mar\u00e7o de 2020 e seus meses iniciais com maiores quedas desde 1939.<\/p>\t<div class=\"wrapper-featured-image\">\n\t\t<figure class=\"spotlightImg\">\n\n\t\t\t<picture>\n\t\t\t\t<source media=\"(max-width: 768px)\" srcset=\"https:\/\/files.sunoresearch.com.br\/n\/uploads\/2021\/10\/nyc-g761f5e001_1920-400x200.jpg\">\n\t\t\t\t<img loading=\"lazy\" decoding=\"async\" class=\"newsContent__article__imgCapa lazyloadDisabled \" src=\"https:\/\/files.sunoresearch.com.br\/n\/uploads\/2021\/10\/nyc-g761f5e001_1920-800x450.jpg\" width=\"800\" height=\"450\" alt=\"Bolsas de Nova York t\u00eam queda forte; Nasdaq registra pior m\u00eas desde a crise de 2008\" fetchpriority=high \/>\n\t\t\t<\/picture>\n\n\t\t\t<figcaption class=\"wp-caption-text wp-caption-text--show\"> Bolsas de Nova York fecham sem sinal \u00fanico. Foto: Pixabay<\/figcaption>\n\t\t<\/figure>\n\t<\/div>\n\n\n\t<p>\n\t\t<a href=\"\" target=\"_blank\" data-element=\"shortcode-suno-banner\" title=\"Banner SUNO, clique e saiba mais\">\n\t\t\t<picture>\n\t\t\t\t<source media=\"(max-width: 500px)\" srcset=\"\">\n\t\t\t\t<img class=\"newsContent__article__imgCapa newsContent__article__imgCapa--banner\"\n\t\t\t\t\tsrc=\"\"\n\t\t\t\t\tdata-promo-id=\"240038\"\t\t\t\t\t\t\t\t\t\t\t\t\t\t\talt=\"\"\n\t\t\t\t>\n\t\t\t<\/picture>\n\t\t<\/a>\n\t<\/p>\n\n\n<p>A<strong> queda das Bolsas em Nova York<\/strong> desta sexta foi puxada por uma onda de vendas de pap\u00e9is do setor de tecnologia e telecomunica\u00e7\u00f5es, impactado por balan\u00e7os de grandes companhias, como Amazon e Intel. Incertezas quanto ao crescimento global e a perspectiva de forte aperto monet\u00e1rio nos EUA tamb\u00e9m pesaram nos \u00edndices.<\/p>\n\t<p>\n\t\t<a href=\"https:\/\/lp.suno.com.br\/planilha-controle-gastos\/\" target=\"_blank\" data-element=\"shortcode-suno-banner\" title=\"Banner SUNO, clique e saiba mais\">\n\t\t\t<picture>\n\t\t\t\t<source media=\"(max-width: 500px)\" srcset=\"https:\/\/files.sunoresearch.com.br\/n\/uploads\/2023\/03\/400x300-Planilha-controle-de-gastos.png\">\n\t\t\t\t<img class=\"newsContent__article__imgCapa newsContent__article__imgCapa--banner\"\n\t\t\t\t\tsrc=\"https:\/\/files.sunoresearch.com.br\/n\/uploads\/2023\/03\/1420x240-Planilha-controle-de-gastos.png\"\n\t\t\t\t\tdata-promo-id=\"101751\"\t\t\t\t\t\t\t\t\t\twidth='1420' height='240'\t\t\t\t\talt=\"https:\/\/files.sunoresearch.com.br\/n\/uploads\/2023\/03\/1420x240-Planilha-controle-de-gastos.png\"\n\t\t\t\t>\n\t\t\t<\/picture>\n\t\t<\/a>\n\t<\/p>\n\n\n<p>O<strong> \u00edndice Dow Jones <\/strong>recuou 2,77% nesta sexta, 2,47% na semana e 4,91% no m\u00eas, aos 32.977,21 pontos. J\u00e1 o S&amp;P 500 teve baixa di\u00e1ria de 3,63%, semanal de 3,27% e mensal de 8,80%, aos 4.131,93 pontos. Por fim, o Nasdaq encerrou o dia com baixa de 4,17%, a semana com queda de 3,93%, e despencou 13,26% no acumulado de abril, aos 12.334,64 pontos.<\/p>\n<p>Destaque do dia, a Amazon terminou a sess\u00e3o com varia\u00e7\u00e3o negativa de 14,05%, ap\u00f3s a <i><a class=\"suno-keyword\" href=\"https:\/\/www.suno.com.br\/artigos\/big-tech\/\" target=\"_blank\" rel=\"noopener\" data-force=\"no\" data-priority=\"1\">big tech<\/a><\/i> reportar seu primeiro preju\u00edzo trimestral desde 2015. A Apple (AAPL34), que tamb\u00e9m divulgou <a href=\"https:\/\/www.suno.com.br\/noticias\/apple-aapl34-registra-lucro-liquido-1t22\/\">resultados na quinta<\/a>, caiu 3,66%, seguida por Microsoft (MSWFT34), que afundou 4,18%. Embora os n\u00fameros trimestrais da Intel (ITLC34) tenham sido positivos, a previs\u00e3o da companhia para o mercado de chips semicondutores afastou investidores, e a a\u00e7\u00e3o da empresa recuou 6,94%. A Tesla (TSLA34) n\u00e3o conseguiu sustentar ganhos e caiu 0,77%, mesmo ap\u00f3s a not\u00edcia da venda de US$ 8,5 bilh\u00f5es em a\u00e7\u00f5es pelo CEO da montadora, <strong>Elon Musk<\/strong>.<\/p>\n\t<p>\n\t\t<a href=\"https:\/\/lp.suno.com.br\/planilha-de-controle-de-investimentos\/\" target=\"_blank\" data-element=\"shortcode-suno-banner\" title=\"Banner SUNO, clique e saiba mais\">\n\t\t\t<picture>\n\t\t\t\t<source media=\"(max-width: 500px)\" srcset=\"https:\/\/files.sunoresearch.com.br\/n\/uploads\/2023\/03\/400x300-Controle-de-Investimentos.png\">\n\t\t\t\t<img class=\"newsContent__article__imgCapa newsContent__article__imgCapa--banner\"\n\t\t\t\t\tsrc=\"https:\/\/files.sunoresearch.com.br\/n\/uploads\/2023\/03\/1420x240-Controle-de-Investimentos.png\"\n\t\t\t\t\tdata-promo-id=\"75934\"\t\t\t\t\t\t\t\t\t\twidth='1420' height='240'\t\t\t\t\talt=\"https:\/\/files.sunoresearch.com.br\/n\/uploads\/2023\/03\/1420x240-Controle-de-Investimentos.png\"\n\t\t\t\t>\n\t\t\t<\/picture>\n\t\t<\/a>\n\t<\/p>\n\n\n<h2>Bolsas de Nova York: olho no Fed<\/h2>\n<p>As petroleiras ExxonMobil (EXXO34), queda -2,24%, e Chevron (CHVX34), baixa de 3,16%, tamb\u00e9m reportaram balan\u00e7os nesta sexta, e o <a class=\"suno-keyword\" href=\"https:\/\/www.suno.com.br\/artigos\/lpa-lucro-por-acao\/\" target=\"_blank\" rel=\"noopener\" data-force=\"no\" data-priority=\"1\">lucro por a\u00e7\u00e3o<\/a> no trimestre passado de ambas as empresas decepcionou acionistas, penalizando os pap\u00e9is.<\/p>\n<p>&#8220;<strong>A\u00e7\u00f5es nos EUA<\/strong> n\u00e3o tiveram chance depois que os resultados de <strong>empresas de tecnologia<\/strong> de mega capitaliza\u00e7\u00e3o decepcionaram, al\u00e9m de um ganho trimestral recorde para o \u00edndice de custo de emprego, observado de perto pelo presidente do Federal Reserve (Fed), Jerome Powell&#8221;, afirma o economista da Oanda, Edward Moya. O indicador mencionado pelo analista subiu 1,4% no primeiro trimestre de 2022 ante o anterior, refor\u00e7ando a perspectiva de um forte aperto monet\u00e1rio na principal economia global, a come\u00e7ar pela decis\u00e3o da pr\u00f3xima quarta-feira (04).<\/p>\n\t<p>\n\t\t<a href=\"https:\/\/lp.suno.com.br\/ebook-como-analisar-uma-acao\/\" target=\"_blank\" data-element=\"shortcode-suno-banner\" title=\"Banner SUNO, clique e saiba mais\">\n\t\t\t<picture>\n\t\t\t\t<source media=\"(max-width: 500px)\" srcset=\"https:\/\/files.sunoresearch.com.br\/n\/uploads\/2023\/03\/Ebook-Acoes-Mobile-1.jpg\">\n\t\t\t\t<img class=\"newsContent__article__imgCapa newsContent__article__imgCapa--banner\"\n\t\t\t\t\tsrc=\"https:\/\/files.sunoresearch.com.br\/n\/uploads\/2023\/03\/Ebook-Acoes-Desktop-1.jpg\"\n\t\t\t\t\tdata-promo-id=\"171998\"\t\t\t\t\t\t\t\t\t\twidth='1420' height='286'\t\t\t\t\talt=\"https:\/\/files.sunoresearch.com.br\/n\/uploads\/2023\/03\/Ebook-Acoes-Desktop-1.jpg\"\n\t\t\t\t>\n\t\t\t<\/picture>\n\t\t<\/a>\n\t<\/p>\n\n\n<p>Tamb\u00e9m foi divulgado o \u00edndice de pre\u00e7os de gastos com consumo (PCE, na sigla em ingl\u00eas), medida inflacion\u00e1ria preferida pelo Fed e que teve alta anual de 6,6% em mar\u00e7o. J\u00e1 os gastos com consumo subiram 1,1% e a renda pessoal avan\u00e7ou 0,7%, entre fevereiro e mar\u00e7o.<\/p>\n\t<p>\n\t\t<a href=\"https:\/\/lp.suno.com.br\/planilha-da-vida-financeira\/\" target=\"_blank\" data-element=\"shortcode-suno-banner\" title=\"Banner SUNO, clique e saiba mais\">\n\t\t\t<picture>\n\t\t\t\t<source media=\"(max-width: 500px)\" srcset=\"https:\/\/files.sunoresearch.com.br\/n\/uploads\/2023\/04\/400x300-Planilha-vida-financeira-true.png\">\n\t\t\t\t<img class=\"newsContent__article__imgCapa newsContent__article__imgCapa--banner\"\n\t\t\t\t\tsrc=\"https:\/\/files.sunoresearch.com.br\/n\/uploads\/2023\/04\/1420x240-Planilha-vida-financeira-true.png\"\n\t\t\t\t\tdata-promo-id=\"106682\"\t\t\t\t\t\t\t\t\t\twidth='1420' height='240'\t\t\t\t\talt=\"https:\/\/files.sunoresearch.com.br\/n\/uploads\/2023\/04\/1420x240-Planilha-vida-financeira-true.png\"\n\t\t\t\t>\n\t\t\t<\/picture>\n\t\t<\/a>\n\t<\/p>\n\n\n<p>O cen\u00e1rio econ\u00f4mico global desfavor\u00e1vel tamb\u00e9m puxou para baixo os \u00edndices das <strong>Bolsas de Nova York<\/strong> nesta sexta. &#8220;Com manchetes di\u00e1rias que incluem o agravamento dos bloqueios na China, a guerra entre R\u00fassia e Ucr\u00e2nia em andamento, uma desacelera\u00e7\u00e3o do crescimento econ\u00f4mico global e altas de v\u00e1rias d\u00e9cadas na infla\u00e7\u00e3o, n\u00e3o \u00e9 de admirar que o humor dos investidores permane\u00e7a sombrio&#8221;, comentou o codiretor de investimentos da Truist, Keith Lerner.<\/p>\n<p><i>*Com informa\u00e7\u00f5es de Dow Jones Newswires<\/i><\/p>\n<p class=\"newsProviderSignature\"><em>Com informa\u00e7\u00f5es do Estad\u00e3o Conte\u00fado<\/em><\/p>\n","protected":false},"excerpt":{"rendered":"<p>Ap\u00f3s a queda de 14% das a\u00e7\u00f5es da Amazon (AMZO34), que divulgou seu balan\u00e7o trimestral nesta quinta (28), as bolsas de Nova York tiveram forte baixa nesta sexta-feira, 29, com seus tr\u00eas principais \u00edndices acion\u00e1rios fechando o dia com quedas entre 2% e 4%. Foi um m\u00eas de perdas expressivas para o mercado de a\u00e7\u00f5es [&hellip;]<\/p>\n","protected":false},"author":165,"featured_media":199256,"comment_status":"closed","ping_status":"closed","sticky":false,"template":"","format":"standard","meta":[],"categories":[60],"tags":[694,794,1058,2006,2725,1364,688,964,2667,727,900],"suno_strategy":[],"class_list":["post-255022","post","type-post","status-publish","format-standard","has-post-thumbnail","hentry","category-mercado","tag-amazon-amzo34","tag-apple-aapl34","tag-chevron-chvx34","tag-dow-jones","tag-exxonmobil-exxo34","tag-intel-itlc34","tag-microsoft-msft34","tag-nasdaq","tag-sp-500","tag-tesla-tsla34","tag-wall-street"],"yoast_head":"<!-- This site is optimized with the Yoast SEO plugin v24.4 - https:\/\/yoast.com\/wordpress\/plugins\/seo\/ -->\n<title>Bolsas de Nova York desabam; Nasdaq registra pior m\u00eas desde 2008<\/title>\n<meta name=\"description\" content=\"Bolsas de Nova York fecham em baixa ap\u00f3s queda de 14% das a\u00e7\u00f5es da Amazon. Nasdaq tem seu pior m\u00eas desde a crise de 2008.\" \/>\n<meta name=\"robots\" content=\"index, follow, max-snippet:-1, max-image-preview:large, max-video-preview:-1\" \/>\n<link rel=\"canonical\" href=\"https:\/\/www.suno.com.br\/noticias\/bolsas-nova-york-queda-nasdaq-pior-mes-crise-2008\/\" \/>\n<meta property=\"og:locale\" content=\"pt_BR\" \/>\n<meta property=\"og:type\" content=\"article\" \/>\n<meta property=\"og:title\" content=\"Bolsas de Nova York desabam; Nasdaq registra pior m\u00eas desde 2008\" \/>\n<meta property=\"og:description\" content=\"Bolsas de Nova York fecham em baixa ap\u00f3s queda de 14% das a\u00e7\u00f5es da Amazon. Nasdaq tem seu pior m\u00eas desde a crise de 2008.\" \/>\n<meta property=\"og:url\" content=\"https:\/\/www.suno.com.br\/noticias\/bolsas-nova-york-queda-nasdaq-pior-mes-crise-2008\/\" \/>\n<meta property=\"og:site_name\" content=\"Suno Not\u00edcias\" \/>\n<meta property=\"article:publisher\" content=\"https:\/\/facebook.com\/sunoresearch\" \/>\n<meta property=\"og:image\" content=\"https:\/\/files.sunoresearch.com.br\/n\/uploads\/2021\/10\/nyc-g761f5e001_1920.jpg\" \/>\n\t<meta property=\"og:image:width\" content=\"1920\" \/>\n\t<meta property=\"og:image:height\" content=\"1122\" \/>\n\t<meta property=\"og:image:type\" content=\"image\/jpeg\" \/>\n<meta name=\"author\" content=\"Ana Carolina Cury\" \/>\n<meta name=\"twitter:card\" content=\"summary_large_image\" \/>\n<meta name=\"twitter:creator\" content=\"@sunoresearch\" \/>\n<meta name=\"twitter:site\" content=\"@sunoresearch\" \/>\n<meta name=\"twitter:label1\" content=\"Escrito por\" \/>\n\t<meta name=\"twitter:data1\" content=\"Ana Carolina Cury\" \/>\n\t<meta name=\"twitter:label2\" content=\"Est. tempo de leitura\" \/>\n\t<meta name=\"twitter:data2\" content=\"3 minutos\" \/>\n<script type=\"application\/ld+json\" class=\"yoast-schema-graph\">{\"@context\":\"https:\/\/schema.org\",\"@graph\":[{\"@type\":\"NewsArticle\",\"@id\":\"https:\/\/www.suno.com.br\/noticias\/bolsas-nova-york-queda-nasdaq-pior-mes-crise-2008\/#article\",\"isPartOf\":{\"@id\":\"https:\/\/www.suno.com.br\/noticias\/bolsas-nova-york-queda-nasdaq-pior-mes-crise-2008\/\"},\"author\":{\"name\":\"Ana Carolina Cury\",\"@id\":\"https:\/\/www.suno.com.br\/noticias\/#\/schema\/person\/23ade539a9b626a27a055a2cceccc1f9\"},\"headline\":\"Bolsas de Nova York t\u00eam queda forte; Nasdaq registra pior m\u00eas desde a crise de 2008\",\"datePublished\":\"2022-04-29T23:07:05+00:00\",\"mainEntityOfPage\":{\"@id\":\"https:\/\/www.suno.com.br\/noticias\/bolsas-nova-york-queda-nasdaq-pior-mes-crise-2008\/\"},\"wordCount\":627,\"publisher\":{\"@id\":\"https:\/\/www.suno.com.br\/noticias\/#organization\"},\"image\":{\"@id\":\"https:\/\/www.suno.com.br\/noticias\/bolsas-nova-york-queda-nasdaq-pior-mes-crise-2008\/#primaryimage\"},\"thumbnailUrl\":\"https:\/\/files.sunoresearch.com.br\/n\/uploads\/2021\/10\/nyc-g761f5e001_1920.jpg\",\"keywords\":[\"Amazon (AMZO34)\",\"Apple (AAPL34)\",\"Chevron (CHVX34)\",\"Dow Jones\",\"ExxonMobil (EXXO34)\",\"Intel (ITLC34)\",\"Microsoft (MSFT34)\",\"Nasdaq\",\"S&amp;P 500\",\"Tesla (TSLA34)\",\"Wall Street\"],\"articleSection\":[\"Mercado\"],\"inLanguage\":\"pt-BR\"},{\"@type\":\"WebPage\",\"@id\":\"https:\/\/www.suno.com.br\/noticias\/bolsas-nova-york-queda-nasdaq-pior-mes-crise-2008\/\",\"url\":\"https:\/\/www.suno.com.br\/noticias\/bolsas-nova-york-queda-nasdaq-pior-mes-crise-2008\/\",\"name\":\"Bolsas de Nova York desabam; Nasdaq registra pior m\u00eas desde 2008\",\"isPartOf\":{\"@id\":\"https:\/\/www.suno.com.br\/noticias\/#website\"},\"primaryImageOfPage\":{\"@id\":\"https:\/\/www.suno.com.br\/noticias\/bolsas-nova-york-queda-nasdaq-pior-mes-crise-2008\/#primaryimage\"},\"image\":{\"@id\":\"https:\/\/www.suno.com.br\/noticias\/bolsas-nova-york-queda-nasdaq-pior-mes-crise-2008\/#primaryimage\"},\"thumbnailUrl\":\"https:\/\/files.sunoresearch.com.br\/n\/uploads\/2021\/10\/nyc-g761f5e001_1920.jpg\",\"datePublished\":\"2022-04-29T23:07:05+00:00\",\"description\":\"Bolsas de Nova York fecham em baixa ap\u00f3s queda de 14% das a\u00e7\u00f5es da Amazon. Nasdaq tem seu pior m\u00eas desde a crise de 2008.\",\"breadcrumb\":{\"@id\":\"https:\/\/www.suno.com.br\/noticias\/bolsas-nova-york-queda-nasdaq-pior-mes-crise-2008\/#breadcrumb\"},\"inLanguage\":\"pt-BR\",\"potentialAction\":[{\"@type\":\"ReadAction\",\"target\":[\"https:\/\/www.suno.com.br\/noticias\/bolsas-nova-york-queda-nasdaq-pior-mes-crise-2008\/\"]}]},{\"@type\":\"ImageObject\",\"inLanguage\":\"pt-BR\",\"@id\":\"https:\/\/www.suno.com.br\/noticias\/bolsas-nova-york-queda-nasdaq-pior-mes-crise-2008\/#primaryimage\",\"url\":\"https:\/\/files.sunoresearch.com.br\/n\/uploads\/2021\/10\/nyc-g761f5e001_1920.jpg\",\"contentUrl\":\"https:\/\/files.sunoresearch.com.br\/n\/uploads\/2021\/10\/nyc-g761f5e001_1920.jpg\",\"width\":1920,\"height\":1122,\"caption\":\"Bolsas de Nova York fecham sem sinal \u00fanico. Foto: Pixabay\"},{\"@type\":\"BreadcrumbList\",\"@id\":\"https:\/\/www.suno.com.br\/noticias\/bolsas-nova-york-queda-nasdaq-pior-mes-crise-2008\/#breadcrumb\",\"itemListElement\":[{\"@type\":\"ListItem\",\"position\":1,\"name\":\"Not\u00edcias\",\"item\":\"https:\/\/www.suno.com.br\/noticias\/\"},{\"@type\":\"ListItem\",\"position\":2,\"name\":\"Mercado\",\"item\":\"https:\/\/www.suno.com.br\/noticias\/mercado\/\"},{\"@type\":\"ListItem\",\"position\":3,\"name\":\"Bolsas de Nova York t\u00eam queda forte; Nasdaq registra pior m\u00eas desde a crise de 2008\"}]},{\"@type\":\"WebSite\",\"@id\":\"https:\/\/www.suno.com.br\/noticias\/#website\",\"url\":\"https:\/\/www.suno.com.br\/noticias\/\",\"name\":\"Suno Not\u00edcias\",\"description\":\"Seu portal de informa\u00e7\u00e3o sobre o mundo dos investimentos\",\"publisher\":{\"@id\":\"https:\/\/www.suno.com.br\/noticias\/#organization\"},\"potentialAction\":[{\"@type\":\"SearchAction\",\"target\":{\"@type\":\"EntryPoint\",\"urlTemplate\":\"https:\/\/www.suno.com.br\/noticias\/?s={search_term_string}\"},\"query-input\":{\"@type\":\"PropertyValueSpecification\",\"valueRequired\":true,\"valueName\":\"search_term_string\"}}],\"inLanguage\":\"pt-BR\"},{\"@type\":\"Organization\",\"@id\":\"https:\/\/www.suno.com.br\/noticias\/#organization\",\"name\":\"Suno Not\u00edcias\",\"url\":\"https:\/\/www.suno.com.br\/noticias\/\",\"logo\":{\"@type\":\"ImageObject\",\"inLanguage\":\"pt-BR\",\"@id\":\"https:\/\/www.suno.com.br\/noticias\/#\/schema\/logo\/image\/\",\"url\":\"https:\/\/files.sunoresearch.com.br\/n\/uploads\/2021\/09\/suno-logo.png\",\"contentUrl\":\"https:\/\/files.sunoresearch.com.br\/n\/uploads\/2021\/09\/suno-logo.png\",\"width\":180,\"height\":180,\"caption\":\"Suno Not\u00edcias\"},\"image\":{\"@id\":\"https:\/\/www.suno.com.br\/noticias\/#\/schema\/logo\/image\/\"},\"sameAs\":[\"https:\/\/facebook.com\/sunoresearch\",\"https:\/\/x.com\/sunoresearch\",\"https:\/\/www.instagram.com\/suno\",\"https:\/\/www.linkedin.com\/company\/suno-research\/\",\"https:\/\/www.youtube.com\/c\/sunoresearch\"]},{\"@type\":\"Person\",\"@id\":\"https:\/\/www.suno.com.br\/noticias\/#\/schema\/person\/23ade539a9b626a27a055a2cceccc1f9\",\"name\":\"Ana Carolina Cury\",\"image\":{\"@type\":\"ImageObject\",\"inLanguage\":\"pt-BR\",\"@id\":\"https:\/\/www.suno.com.br\/noticias\/#\/schema\/person\/image\/\",\"url\":\"https:\/\/secure.gravatar.com\/avatar\/a3c7bae536b759b9ed2f07b5df9995e1?s=96&r=g\",\"contentUrl\":\"https:\/\/secure.gravatar.com\/avatar\/a3c7bae536b759b9ed2f07b5df9995e1?s=96&r=g\",\"caption\":\"Ana Carolina Cury\"},\"description\":\"Estagi\u00e1ria de Reda\u00e7\u00e3o, cobre mercado financeiro, macroeconomia, pol\u00edtica e neg\u00f3cios. Estudante de jornalismo na FAAP, \u00e9 monitora do laborat\u00f3rio de jornalismo da faculdade (LabJor) e trabalhou com a Band News no projeto primeira not\u00edcia em parceria com a FAAP.\",\"url\":\"https:\/\/www.suno.com.br\/noticias\/author\/ana-curysuno-com-br\/\"}]}<\/script>\n<!-- \/ Yoast SEO plugin. -->","yoast_head_json":{"title":"Bolsas de Nova York desabam; Nasdaq registra pior m\u00eas desde 2008","description":"Bolsas de Nova York fecham em baixa ap\u00f3s queda de 14% das a\u00e7\u00f5es da Amazon. Nasdaq tem seu pior m\u00eas desde a crise de 2008.","robots":{"index":"index","follow":"follow","max-snippet":"max-snippet:-1","max-image-preview":"max-image-preview:large","max-video-preview":"max-video-preview:-1"},"canonical":"https:\/\/www.suno.com.br\/noticias\/bolsas-nova-york-queda-nasdaq-pior-mes-crise-2008\/","og_locale":"pt_BR","og_type":"article","og_title":"Bolsas de Nova York desabam; Nasdaq registra pior m\u00eas desde 2008","og_description":"Bolsas de Nova York fecham em baixa ap\u00f3s queda de 14% das a\u00e7\u00f5es da Amazon. Nasdaq tem seu pior m\u00eas desde a crise de 2008.","og_url":"https:\/\/www.suno.com.br\/noticias\/bolsas-nova-york-queda-nasdaq-pior-mes-crise-2008\/","og_site_name":"Suno Not\u00edcias","article_publisher":"https:\/\/facebook.com\/sunoresearch","og_image":[{"width":1920,"height":1122,"url":"https:\/\/files.sunoresearch.com.br\/n\/uploads\/2021\/10\/nyc-g761f5e001_1920.jpg","type":"image\/jpeg"}],"author":"Ana Carolina Cury","twitter_card":"summary_large_image","twitter_creator":"@sunoresearch","twitter_site":"@sunoresearch","twitter_misc":{"Escrito por":"Ana Carolina Cury","Est. tempo de leitura":"3 minutos"},"schema":{"@context":"https:\/\/schema.org","@graph":[{"@type":"NewsArticle","@id":"https:\/\/www.suno.com.br\/noticias\/bolsas-nova-york-queda-nasdaq-pior-mes-crise-2008\/#article","isPartOf":{"@id":"https:\/\/www.suno.com.br\/noticias\/bolsas-nova-york-queda-nasdaq-pior-mes-crise-2008\/"},"author":{"name":"Ana Carolina Cury","@id":"https:\/\/www.suno.com.br\/noticias\/#\/schema\/person\/23ade539a9b626a27a055a2cceccc1f9"},"headline":"Bolsas de Nova York t\u00eam queda forte; Nasdaq registra pior m\u00eas desde a crise de 2008","datePublished":"2022-04-29T23:07:05+00:00","mainEntityOfPage":{"@id":"https:\/\/www.suno.com.br\/noticias\/bolsas-nova-york-queda-nasdaq-pior-mes-crise-2008\/"},"wordCount":627,"publisher":{"@id":"https:\/\/www.suno.com.br\/noticias\/#organization"},"image":{"@id":"https:\/\/www.suno.com.br\/noticias\/bolsas-nova-york-queda-nasdaq-pior-mes-crise-2008\/#primaryimage"},"thumbnailUrl":"https:\/\/files.sunoresearch.com.br\/n\/uploads\/2021\/10\/nyc-g761f5e001_1920.jpg","keywords":["Amazon (AMZO34)","Apple (AAPL34)","Chevron (CHVX34)","Dow Jones","ExxonMobil (EXXO34)","Intel (ITLC34)","Microsoft (MSFT34)","Nasdaq","S&amp;P 500","Tesla (TSLA34)","Wall Street"],"articleSection":["Mercado"],"inLanguage":"pt-BR"},{"@type":"WebPage","@id":"https:\/\/www.suno.com.br\/noticias\/bolsas-nova-york-queda-nasdaq-pior-mes-crise-2008\/","url":"https:\/\/www.suno.com.br\/noticias\/bolsas-nova-york-queda-nasdaq-pior-mes-crise-2008\/","name":"Bolsas de Nova York desabam; Nasdaq registra pior m\u00eas desde 2008","isPartOf":{"@id":"https:\/\/www.suno.com.br\/noticias\/#website"},"primaryImageOfPage":{"@id":"https:\/\/www.suno.com.br\/noticias\/bolsas-nova-york-queda-nasdaq-pior-mes-crise-2008\/#primaryimage"},"image":{"@id":"https:\/\/www.suno.com.br\/noticias\/bolsas-nova-york-queda-nasdaq-pior-mes-crise-2008\/#primaryimage"},"thumbnailUrl":"https:\/\/files.sunoresearch.com.br\/n\/uploads\/2021\/10\/nyc-g761f5e001_1920.jpg","datePublished":"2022-04-29T23:07:05+00:00","description":"Bolsas de Nova York fecham em baixa ap\u00f3s queda de 14% das a\u00e7\u00f5es da Amazon. Nasdaq tem seu pior m\u00eas desde a crise de 2008.","breadcrumb":{"@id":"https:\/\/www.suno.com.br\/noticias\/bolsas-nova-york-queda-nasdaq-pior-mes-crise-2008\/#breadcrumb"},"inLanguage":"pt-BR","potentialAction":[{"@type":"ReadAction","target":["https:\/\/www.suno.com.br\/noticias\/bolsas-nova-york-queda-nasdaq-pior-mes-crise-2008\/"]}]},{"@type":"ImageObject","inLanguage":"pt-BR","@id":"https:\/\/www.suno.com.br\/noticias\/bolsas-nova-york-queda-nasdaq-pior-mes-crise-2008\/#primaryimage","url":"https:\/\/files.sunoresearch.com.br\/n\/uploads\/2021\/10\/nyc-g761f5e001_1920.jpg","contentUrl":"https:\/\/files.sunoresearch.com.br\/n\/uploads\/2021\/10\/nyc-g761f5e001_1920.jpg","width":1920,"height":1122,"caption":"Bolsas de Nova York fecham sem sinal \u00fanico. Foto: Pixabay"},{"@type":"BreadcrumbList","@id":"https:\/\/www.suno.com.br\/noticias\/bolsas-nova-york-queda-nasdaq-pior-mes-crise-2008\/#breadcrumb","itemListElement":[{"@type":"ListItem","position":1,"name":"Not\u00edcias","item":"https:\/\/www.suno.com.br\/noticias\/"},{"@type":"ListItem","position":2,"name":"Mercado","item":"https:\/\/www.suno.com.br\/noticias\/mercado\/"},{"@type":"ListItem","position":3,"name":"Bolsas de Nova York t\u00eam queda forte; Nasdaq registra pior m\u00eas desde a crise de 2008"}]},{"@type":"WebSite","@id":"https:\/\/www.suno.com.br\/noticias\/#website","url":"https:\/\/www.suno.com.br\/noticias\/","name":"Suno Not\u00edcias","description":"Seu portal de informa\u00e7\u00e3o sobre o mundo dos investimentos","publisher":{"@id":"https:\/\/www.suno.com.br\/noticias\/#organization"},"potentialAction":[{"@type":"SearchAction","target":{"@type":"EntryPoint","urlTemplate":"https:\/\/www.suno.com.br\/noticias\/?s={search_term_string}"},"query-input":{"@type":"PropertyValueSpecification","valueRequired":true,"valueName":"search_term_string"}}],"inLanguage":"pt-BR"},{"@type":"Organization","@id":"https:\/\/www.suno.com.br\/noticias\/#organization","name":"Suno Not\u00edcias","url":"https:\/\/www.suno.com.br\/noticias\/","logo":{"@type":"ImageObject","inLanguage":"pt-BR","@id":"https:\/\/www.suno.com.br\/noticias\/#\/schema\/logo\/image\/","url":"https:\/\/files.sunoresearch.com.br\/n\/uploads\/2021\/09\/suno-logo.png","contentUrl":"https:\/\/files.sunoresearch.com.br\/n\/uploads\/2021\/09\/suno-logo.png","width":180,"height":180,"caption":"Suno Not\u00edcias"},"image":{"@id":"https:\/\/www.suno.com.br\/noticias\/#\/schema\/logo\/image\/"},"sameAs":["https:\/\/facebook.com\/sunoresearch","https:\/\/x.com\/sunoresearch","https:\/\/www.instagram.com\/suno","https:\/\/www.linkedin.com\/company\/suno-research\/","https:\/\/www.youtube.com\/c\/sunoresearch"]},{"@type":"Person","@id":"https:\/\/www.suno.com.br\/noticias\/#\/schema\/person\/23ade539a9b626a27a055a2cceccc1f9","name":"Ana Carolina Cury","image":{"@type":"ImageObject","inLanguage":"pt-BR","@id":"https:\/\/www.suno.com.br\/noticias\/#\/schema\/person\/image\/","url":"https:\/\/secure.gravatar.com\/avatar\/a3c7bae536b759b9ed2f07b5df9995e1?s=96&r=g","contentUrl":"https:\/\/secure.gravatar.com\/avatar\/a3c7bae536b759b9ed2f07b5df9995e1?s=96&r=g","caption":"Ana Carolina Cury"},"description":"Estagi\u00e1ria de Reda\u00e7\u00e3o, cobre mercado financeiro, macroeconomia, pol\u00edtica e neg\u00f3cios. Estudante de jornalismo na FAAP, \u00e9 monitora do laborat\u00f3rio de jornalismo da faculdade (LabJor) e trabalhou com a Band News no projeto primeira not\u00edcia em parceria com a FAAP.","url":"https:\/\/www.suno.com.br\/noticias\/author\/ana-curysuno-com-br\/"}]}},"default_loop_html":"<div class=\"cardsPage__listCard__boxs\"><div class=\"cardsPage__listCard__boxs__img\"><a href=\"https:\/\/www.suno.com.br\/noticias\/bolsas-nova-york-queda-nasdaq-pior-mes-crise-2008\/\"><img class=\"mask\" src=\"https:\/\/www.suno.com.br\/noticias\/wp-content\/themes\/suno\/resources\/images\/spotlight\/spotlight1img\/bg-mask.png\" alt=\"Image Mask\"\/><img src=\"https:\/\/files.sunoresearch.com.br\/n\/uploads\/2021\/10\/nyc-g761f5e001_1920-400x200.jpg\" alt=\"Bolsas de Nova York t\u00eam queda forte; Nasdaq registra pior m\u00eas desde a crise de 2008\"\/><\/a><span class=\"spotlightCategory\"><a href=\"https:\/\/www.suno.com.br\/noticias\/mercado\/\">Mercado<\/a><\/span><\/div><div class=\"cardsPage__listCard__boxs__content\"><a href=\"https:\/\/www.suno.com.br\/noticias\/bolsas-nova-york-queda-nasdaq-pior-mes-crise-2008\/\"><h2 class=\"content__title\">Bolsas de Nova York t\u00eam queda forte; Nasdaq registra pior m\u00eas desde a crise de 2008<\/h2><\/a><div class=\"newsContent__article__meta\"><div class=\"newsContent__article__meta__authorBox\"><a href=\"https:\/\/www.suno.com.br\/noticias\/author\/ana-curysuno-com-br\/\" class=\"authorBox__avatar noMobi\"><img src=\"https:\/\/files.sunoresearch.com.br\/n\/uploads\/2022\/04\/IMG-9970-1-150x150.jpg\" alt=\"Ana Carolina Cury\"><\/a><div class=\"authorBox__name\"><span>por\n\t\t\t<a href=\"https:\/\/www.suno.com.br\/noticias\/author\/ana-curysuno-com-br\/\"><span itemprop=\"author\">Ana Carolina Cury<\/span><\/a><\/span><time datetime=\"2022-04-29T20:07:05-03:00\" itemprop=\"datePublished\">29\/04\/2022 20:07<\/time><\/div><\/div><\/div><\/div><\/div>","single_layout":"posts","amp_enabled":true,"_links":{"self":[{"href":"https:\/\/www.suno.com.br\/noticias\/wp-json\/wp\/v2\/posts\/255022"}],"collection":[{"href":"https:\/\/www.suno.com.br\/noticias\/wp-json\/wp\/v2\/posts"}],"about":[{"href":"https:\/\/www.suno.com.br\/noticias\/wp-json\/wp\/v2\/types\/post"}],"author":[{"embeddable":true,"href":"https:\/\/www.suno.com.br\/noticias\/wp-json\/wp\/v2\/users\/165"}],"replies":[{"embeddable":true,"href":"https:\/\/www.suno.com.br\/noticias\/wp-json\/wp\/v2\/comments?post=255022"}],"version-history":[{"count":5,"href":"https:\/\/www.suno.com.br\/noticias\/wp-json\/wp\/v2\/posts\/255022\/revisions"}],"predecessor-version":[{"id":255087,"href":"https:\/\/www.suno.com.br\/noticias\/wp-json\/wp\/v2\/posts\/255022\/revisions\/255087"}],"wp:featuredmedia":[{"embeddable":true,"href":"https:\/\/www.suno.com.br\/noticias\/wp-json\/wp\/v2\/media\/199256"}],"wp:attachment":[{"href":"https:\/\/www.suno.com.br\/noticias\/wp-json\/wp\/v2\/media?parent=255022"}],"wp:term":[{"taxonomy":"category","embeddable":true,"href":"https:\/\/www.suno.com.br\/noticias\/wp-json\/wp\/v2\/categories?post=255022"},{"taxonomy":"post_tag","embeddable":true,"href":"https:\/\/www.suno.com.br\/noticias\/wp-json\/wp\/v2\/tags?post=255022"},{"taxonomy":"suno_strategy","embeddable":true,"href":"https:\/\/www.suno.com.br\/noticias\/wp-json\/wp\/v2\/suno_strategy?post=255022"}],"curies":[{"name":"wp","href":"https:\/\/api.w.org\/{rel}","templated":true}]}}