{"id":254991,"date":"2022-04-29T19:50:32","date_gmt":"2022-04-29T22:50:32","guid":{"rendered":"https:\/\/www.suno.com.br\/noticias\/?p=254991"},"modified":"2022-04-29T19:50:32","modified_gmt":"2022-04-29T22:50:32","slug":"chocolates-kinder-da-belgica-terao-recall-apos-proibicao-no-brasil","status":"publish","type":"post","link":"https:\/\/www.suno.com.br\/noticias\/chocolates-kinder-da-belgica-terao-recall-apos-proibicao-no-brasil\/","title":{"rendered":"Chocolates Kinder da B\u00e9lgica ter\u00e3o &#8216;recall&#8217; ap\u00f3s proibi\u00e7\u00e3o no Brasil"},"content":{"rendered":"<p>A Ag\u00eancia Nacional de Vigil\u00e2ncia Sanit\u00e1ria (Anvisa) publicou na quinta-feira, 28, uma nova resolu\u00e7\u00e3o para recolhimento de<strong> produtos<\/strong> <strong>Kinder<\/strong> no Brasil, fabricados pela Ferrero Ardennes S.A., f\u00e1brica na B\u00e9lgica. No Brasil, os produtos encontrados com origem na f\u00e1brica belga n\u00e3o foram importados pela Ferrero do Brasil, que utiliza materiais provenientes de plantas na Am\u00e9rica do Sul e outras localidades. As mercadorias foram trazidas pela BerCom Produtos Aliment\u00edcios Eireli.<\/p>\t<div class=\"wrapper-featured-image\">\n\t\t<figure class=\"spotlightImg\">\n\n\t\t\t<picture>\n\t\t\t\t<source media=\"(max-width: 768px)\" srcset=\"https:\/\/files.sunoresearch.com.br\/n\/uploads\/2022\/04\/KInder-400x200.jpg\">\n\t\t\t\t<img loading=\"lazy\" decoding=\"async\" class=\"newsContent__article__imgCapa lazyloadDisabled \" src=\"https:\/\/files.sunoresearch.com.br\/n\/uploads\/2022\/04\/KInder-800x450.jpg\" width=\"800\" height=\"450\" alt=\"Chocolates Kinder da B\u00e9lgica ter\u00e3o &#8216;recall&#8217; ap\u00f3s proibi\u00e7\u00e3o no Brasil\" fetchpriority=high \/>\n\t\t\t<\/picture>\n\n\t\t\t<figcaption class=\"wp-caption-text wp-caption-text--show\">Kinder. Foto: Divulga\u00e7\u00e3o<\/figcaption>\n\t\t<\/figure>\n\t<\/div>\n\n\n\t<p>\n\t\t<a href=\"\" target=\"_blank\" data-element=\"shortcode-suno-banner\" title=\"Banner SUNO, clique e saiba mais\">\n\t\t\t<picture>\n\t\t\t\t<source media=\"(max-width: 500px)\" srcset=\"\">\n\t\t\t\t<img class=\"newsContent__article__imgCapa newsContent__article__imgCapa--banner\"\n\t\t\t\t\tsrc=\"\"\n\t\t\t\t\tdata-promo-id=\"240038\"\t\t\t\t\t\t\t\t\t\t\t\t\t\t\talt=\"\"\n\t\t\t\t>\n\t\t\t<\/picture>\n\t\t<\/a>\n\t<\/p>\n\n\n<p>Desde o come\u00e7o deste m\u00eas, restri\u00e7\u00f5es est\u00e3o sendo impostas ao redor do mundo a produtos da marca por causa de um surto de salmonela na Europa, principalmente na Inglaterra.<\/p>\n<p>A Anvisa informou que todos os chocolates da <strong>marca Kinder<\/strong> fabricados na B\u00e9lgica pela Ferrero Ardennes S.A. est\u00e3o proibidos de serem comercializados no Pa\u00eds.<\/p>\n<p>A pr\u00f3pria Ferrero notificou a <strong>autoridade de sa\u00fade<\/strong> sobre a situa\u00e7\u00e3o. &#8220;Novas determina\u00e7\u00f5es de recolhimento poder\u00e3o ser publicadas caso sejam identificadas outras empresas que tenham trazido os produtos para o Brasil&#8221;, informa a Anvisa, por meio de p\u00e1gina oficial.<\/p>\n\t<p>\n\t\t<a href=\"https:\/\/lp.suno.com.br\/planilha-da-vida-financeira\/\" target=\"_blank\" data-element=\"shortcode-suno-banner\" title=\"Banner SUNO, clique e saiba mais\">\n\t\t\t<picture>\n\t\t\t\t<source media=\"(max-width: 500px)\" srcset=\"https:\/\/files.sunoresearch.com.br\/n\/uploads\/2023\/04\/400x300-Planilha-vida-financeira-true.png\">\n\t\t\t\t<img class=\"newsContent__article__imgCapa newsContent__article__imgCapa--banner\"\n\t\t\t\t\tsrc=\"https:\/\/files.sunoresearch.com.br\/n\/uploads\/2023\/04\/1420x240-Planilha-vida-financeira-true.png\"\n\t\t\t\t\tdata-promo-id=\"106682\"\t\t\t\t\t\t\t\t\t\twidth='1420' height='240'\t\t\t\t\talt=\"https:\/\/files.sunoresearch.com.br\/n\/uploads\/2023\/04\/1420x240-Planilha-vida-financeira-true.png\"\n\t\t\t\t>\n\t\t\t<\/picture>\n\t\t<\/a>\n\t<\/p>\n\n\n<p>De acordo com a Ferrero, a companhia informou \u00e0s autoridades brasileiras a decis\u00e3o de &#8220;<strong>recall volunt\u00e1rio<\/strong> e preventivo de qualquer vers\u00e3o do <strong>produto KINDER<\/strong> SCHOKO-BONS, fabricados na B\u00e9lgica&#8221;.<\/p>\n<p>Segundo eles, apesar de a companhia n\u00e3o realizar importa\u00e7\u00e3o nem comercializa\u00e7\u00e3o da mercadoria no Pa\u00eds, &#8220;tomamos conhecimento de que empresas terceiras, com as quais n\u00e3o mantemos rela\u00e7\u00f5es comerciais, o importaram de forma independente&#8221;, comunica a Ferrero, por meio de nota.<\/p>\n\t<p>\n\t\t<a href=\"https:\/\/lp.suno.com.br\/planilha-controle-gastos\/\" target=\"_blank\" data-element=\"shortcode-suno-banner\" title=\"Banner SUNO, clique e saiba mais\">\n\t\t\t<picture>\n\t\t\t\t<source media=\"(max-width: 500px)\" srcset=\"https:\/\/files.sunoresearch.com.br\/n\/uploads\/2023\/03\/400x300-Planilha-controle-de-gastos.png\">\n\t\t\t\t<img class=\"newsContent__article__imgCapa newsContent__article__imgCapa--banner\"\n\t\t\t\t\tsrc=\"https:\/\/files.sunoresearch.com.br\/n\/uploads\/2023\/03\/1420x240-Planilha-controle-de-gastos.png\"\n\t\t\t\t\tdata-promo-id=\"101751\"\t\t\t\t\t\t\t\t\t\twidth='1420' height='240'\t\t\t\t\talt=\"https:\/\/files.sunoresearch.com.br\/n\/uploads\/2023\/03\/1420x240-Planilha-controle-de-gastos.png\"\n\t\t\t\t>\n\t\t\t<\/picture>\n\t\t<\/a>\n\t<\/p>\n\n\n<p>&#8220;A Ferrero se voluntariou a recolher os produtos da linha Schoko-Bons porque, at\u00e9 o momento, \u00e9 o \u00fanico que a companhia tem conhecimento de que entrou no pa\u00eds a partir da importa\u00e7\u00e3o de empresa terceira, com a qual n\u00e3o mantemos rela\u00e7\u00f5es comerciais&#8221;, disse a Ferrero, por meio de sua assessoria. &#8220;E \u00e9 o \u00fanico que a Anvisa identificou registro de licen\u00e7a de importa\u00e7\u00e3o. Ou seja, n\u00e3o temos conhecimento de outro produto em circula\u00e7\u00e3o no Brasil.&#8221;<\/p>\n\t<p>\n\t\t<a href=\"https:\/\/lp.suno.com.br\/ebook-como-analisar-uma-acao\/\" target=\"_blank\" data-element=\"shortcode-suno-banner\" title=\"Banner SUNO, clique e saiba mais\">\n\t\t\t<picture>\n\t\t\t\t<source media=\"(max-width: 500px)\" srcset=\"https:\/\/files.sunoresearch.com.br\/n\/uploads\/2023\/03\/Ebook-Acoes-Mobile-1.jpg\">\n\t\t\t\t<img class=\"newsContent__article__imgCapa newsContent__article__imgCapa--banner\"\n\t\t\t\t\tsrc=\"https:\/\/files.sunoresearch.com.br\/n\/uploads\/2023\/03\/Ebook-Acoes-Desktop-1.jpg\"\n\t\t\t\t\tdata-promo-id=\"171998\"\t\t\t\t\t\t\t\t\t\twidth='1420' height='286'\t\t\t\t\talt=\"https:\/\/files.sunoresearch.com.br\/n\/uploads\/2023\/03\/Ebook-Acoes-Desktop-1.jpg\"\n\t\t\t\t>\n\t\t\t<\/picture>\n\t\t<\/a>\n\t<\/p>\n\n\n<p>Confira os produtos recolhidos pela Anvisa:<\/p>\n<p>* <strong>Kinder Surprise<\/strong> Maxi 100 G (todos fabricados por Ferrero Ardennes SA Belgica);<\/p>\n<p>* Kinder Surprise 1 X 20 G (todos fabricados por Ferrero Ardennes SA Belgica);<\/p>\n<p>* Kinder Surprise 3 X 20 G Total 60 G (todos fabricados por Ferrero Ardennes SA Belgica);<\/p>\n<p>* Kinder Surprise 4 X 20 G Total 80 G (todos fabricados por Ferrero Ardennes SA Belgica);<\/p>\n<p>* Kinder Schoko Bons Branco White e ou Cacau 46G 125 G E 200G (todos fabricados por Ferrero Ardennes SA Belgica);<\/p>\n<p>* Kinder Schoko Bons 300 G (todos fabricados por Ferrero Ardennes SA Belgica);<\/p>\n<p>* Kinder Mix Peluche 133 G (todos fabricados por Ferrero Ardennes SA Belgica);<\/p>\n<p>* Kinder Mix Advent Calendar 127 G (todos fabricados por Ferrero Ardennes SA Belgica);<\/p>\n<p>* Kinder Mini Eggs Hazelnut 100 G (todos fabricados por Ferrero Ardennes SA Belgica);<\/p>\n<p>* Kinder Mini Eggs Mix 250 G (todos fabricados por Ferrero Ardennes SA Belgica);<\/p>\n<p>* <strong>Kinder<\/strong> Happy Moments162 G (todos fabricados por Ferrero Ardennes SA Belgica);<\/p>\n<p>A Ferrero recomenda que, caso tenha adquirido algum produto proveniente da B\u00e9lgica, n\u00e3o o consuma e entre em contato com o SAC da companhia. O telefone \u00e9 088.701.6595, com funcionamento das 9 horas \u00e0s 19 horas. Tamb\u00e9m \u00e9 poss\u00edvel fazer isso por email: sacbrasil@ferrero.com, para troca ou reembolso.<\/p>\n<p>Para verificar se o produto tem origem na f\u00e1brica da B\u00e9lgica, \u00e9 preciso procurar no verso da embalagem. Caso positivo, se estiver Produs de Ferrero Ardennes S.A., rue Pietro Ferrero 5, 6700 Arlon, Belgia, o produto vem da planta europeia.<\/p>\n<p class=\"newsProviderSignature\">Com Estad\u00e3o Conte\u00fado<\/p>\n\t<p>\n\t\t<a href=\"https:\/\/lp.suno.com.br\/planilha-de-controle-de-investimentos\/\" target=\"_blank\" data-element=\"shortcode-suno-banner\" title=\"Banner SUNO, clique e saiba mais\">\n\t\t\t<picture>\n\t\t\t\t<source media=\"(max-width: 500px)\" srcset=\"https:\/\/files.sunoresearch.com.br\/n\/uploads\/2023\/03\/400x300-Controle-de-Investimentos.png\">\n\t\t\t\t<img class=\"newsContent__article__imgCapa newsContent__article__imgCapa--banner\"\n\t\t\t\t\tsrc=\"https:\/\/files.sunoresearch.com.br\/n\/uploads\/2023\/03\/1420x240-Controle-de-Investimentos.png\"\n\t\t\t\t\tdata-promo-id=\"75934\"\t\t\t\t\t\t\t\t\t\twidth='1420' height='240'\t\t\t\t\talt=\"https:\/\/files.sunoresearch.com.br\/n\/uploads\/2023\/03\/1420x240-Controle-de-Investimentos.png\"\n\t\t\t\t>\n\t\t\t<\/picture>\n\t\t<\/a>\n\t<\/p>\n\n\n","protected":false},"excerpt":{"rendered":"<p>A Ag\u00eancia Nacional de Vigil\u00e2ncia Sanit\u00e1ria (Anvisa) publicou na quinta-feira, 28, uma nova resolu\u00e7\u00e3o para recolhimento de produtos Kinder no Brasil, fabricados pela Ferrero Ardennes S.A., f\u00e1brica na B\u00e9lgica. No Brasil, os produtos encontrados com origem na f\u00e1brica belga n\u00e3o foram importados pela Ferrero do Brasil, que utiliza materiais provenientes de plantas na Am\u00e9rica do [&hellip;]<\/p>\n","protected":false},"author":43,"featured_media":255079,"comment_status":"closed","ping_status":"closed","sticky":false,"template":"","format":"standard","meta":[],"categories":[64],"tags":[],"suno_strategy":[],"class_list":["post-254991","post","type-post","status-publish","format-standard","has-post-thumbnail","hentry","category-negocios"],"yoast_head":"<!-- This site is optimized with the Yoast SEO plugin v24.4 - https:\/\/yoast.com\/wordpress\/plugins\/seo\/ -->\n<title>Chocolates Kinder da B\u00e9lgica ter\u00e3o recall ap\u00f3s proibi\u00e7\u00e3o no Brasil<\/title>\n<meta name=\"description\" content=\"Ap\u00f3s nova resolu\u00e7\u00e3o para recolhimento de produtos Kinder no Brasil, companhia informou a decis\u00e3o de &quot;recall&quot; do produto\" \/>\n<meta name=\"robots\" content=\"index, follow, max-snippet:-1, max-image-preview:large, max-video-preview:-1\" \/>\n<link rel=\"canonical\" href=\"https:\/\/www.suno.com.br\/noticias\/chocolates-kinder-da-belgica-terao-recall-apos-proibicao-no-brasil\/\" \/>\n<meta property=\"og:locale\" content=\"pt_BR\" \/>\n<meta property=\"og:type\" content=\"article\" \/>\n<meta property=\"og:title\" content=\"Chocolates Kinder da B\u00e9lgica ter\u00e3o recall ap\u00f3s proibi\u00e7\u00e3o no Brasil\" \/>\n<meta property=\"og:description\" content=\"Ap\u00f3s nova resolu\u00e7\u00e3o para recolhimento de produtos Kinder no Brasil, companhia informou a decis\u00e3o de &quot;recall&quot; do produto\" \/>\n<meta property=\"og:url\" content=\"https:\/\/www.suno.com.br\/noticias\/chocolates-kinder-da-belgica-terao-recall-apos-proibicao-no-brasil\/\" \/>\n<meta property=\"og:site_name\" content=\"Suno Not\u00edcias\" \/>\n<meta property=\"article:publisher\" content=\"https:\/\/facebook.com\/sunoresearch\" \/>\n<meta property=\"article:author\" content=\"https:\/\/www.facebook.com\/sunonoticias\/\" \/>\n<meta property=\"og:image\" content=\"https:\/\/files.sunoresearch.com.br\/n\/uploads\/2022\/04\/KInder.jpg\" \/>\n\t<meta property=\"og:image:width\" content=\"1450\" \/>\n\t<meta property=\"og:image:height\" content=\"816\" \/>\n\t<meta property=\"og:image:type\" content=\"image\/jpeg\" \/>\n<meta name=\"author\" content=\"Reda\u00e7\u00e3o Suno Not\u00edcias\" \/>\n<meta name=\"twitter:card\" content=\"summary_large_image\" \/>\n<meta name=\"twitter:creator\" content=\"@https:\/\/twitter.com\/sunoresearch\" \/>\n<meta name=\"twitter:site\" content=\"@sunoresearch\" \/>\n<meta name=\"twitter:label1\" content=\"Escrito por\" \/>\n\t<meta name=\"twitter:data1\" content=\"Reda\u00e7\u00e3o Suno Not\u00edcias\" \/>\n\t<meta name=\"twitter:label2\" content=\"Est. tempo de leitura\" \/>\n\t<meta name=\"twitter:data2\" content=\"3 minutos\" \/>\n<script type=\"application\/ld+json\" class=\"yoast-schema-graph\">{\"@context\":\"https:\/\/schema.org\",\"@graph\":[{\"@type\":\"NewsArticle\",\"@id\":\"https:\/\/www.suno.com.br\/noticias\/chocolates-kinder-da-belgica-terao-recall-apos-proibicao-no-brasil\/#article\",\"isPartOf\":{\"@id\":\"https:\/\/www.suno.com.br\/noticias\/chocolates-kinder-da-belgica-terao-recall-apos-proibicao-no-brasil\/\"},\"author\":{\"name\":\"Reda\u00e7\u00e3o Suno Not\u00edcias\",\"@id\":\"https:\/\/www.suno.com.br\/noticias\/#\/schema\/person\/c1b1bd3727fa852bd045e9dbff3673ea\"},\"headline\":\"Chocolates Kinder da B\u00e9lgica ter\u00e3o &#8216;recall&#8217; ap\u00f3s proibi\u00e7\u00e3o no Brasil\",\"datePublished\":\"2022-04-29T22:50:32+00:00\",\"mainEntityOfPage\":{\"@id\":\"https:\/\/www.suno.com.br\/noticias\/chocolates-kinder-da-belgica-terao-recall-apos-proibicao-no-brasil\/\"},\"wordCount\":608,\"publisher\":{\"@id\":\"https:\/\/www.suno.com.br\/noticias\/#organization\"},\"image\":{\"@id\":\"https:\/\/www.suno.com.br\/noticias\/chocolates-kinder-da-belgica-terao-recall-apos-proibicao-no-brasil\/#primaryimage\"},\"thumbnailUrl\":\"https:\/\/files.sunoresearch.com.br\/n\/uploads\/2022\/04\/KInder.jpg\",\"articleSection\":[\"Neg\u00f3cios\"],\"inLanguage\":\"pt-BR\"},{\"@type\":\"WebPage\",\"@id\":\"https:\/\/www.suno.com.br\/noticias\/chocolates-kinder-da-belgica-terao-recall-apos-proibicao-no-brasil\/\",\"url\":\"https:\/\/www.suno.com.br\/noticias\/chocolates-kinder-da-belgica-terao-recall-apos-proibicao-no-brasil\/\",\"name\":\"Chocolates Kinder da B\u00e9lgica ter\u00e3o recall ap\u00f3s proibi\u00e7\u00e3o no Brasil\",\"isPartOf\":{\"@id\":\"https:\/\/www.suno.com.br\/noticias\/#website\"},\"primaryImageOfPage\":{\"@id\":\"https:\/\/www.suno.com.br\/noticias\/chocolates-kinder-da-belgica-terao-recall-apos-proibicao-no-brasil\/#primaryimage\"},\"image\":{\"@id\":\"https:\/\/www.suno.com.br\/noticias\/chocolates-kinder-da-belgica-terao-recall-apos-proibicao-no-brasil\/#primaryimage\"},\"thumbnailUrl\":\"https:\/\/files.sunoresearch.com.br\/n\/uploads\/2022\/04\/KInder.jpg\",\"datePublished\":\"2022-04-29T22:50:32+00:00\",\"description\":\"Ap\u00f3s nova resolu\u00e7\u00e3o para recolhimento de produtos Kinder no Brasil, companhia informou a decis\u00e3o de \\\"recall\\\" do produto\",\"breadcrumb\":{\"@id\":\"https:\/\/www.suno.com.br\/noticias\/chocolates-kinder-da-belgica-terao-recall-apos-proibicao-no-brasil\/#breadcrumb\"},\"inLanguage\":\"pt-BR\",\"potentialAction\":[{\"@type\":\"ReadAction\",\"target\":[\"https:\/\/www.suno.com.br\/noticias\/chocolates-kinder-da-belgica-terao-recall-apos-proibicao-no-brasil\/\"]}]},{\"@type\":\"ImageObject\",\"inLanguage\":\"pt-BR\",\"@id\":\"https:\/\/www.suno.com.br\/noticias\/chocolates-kinder-da-belgica-terao-recall-apos-proibicao-no-brasil\/#primaryimage\",\"url\":\"https:\/\/files.sunoresearch.com.br\/n\/uploads\/2022\/04\/KInder.jpg\",\"contentUrl\":\"https:\/\/files.sunoresearch.com.br\/n\/uploads\/2022\/04\/KInder.jpg\",\"width\":1450,\"height\":816,\"caption\":\"Kinder. Foto: Divulga\u00e7\u00e3o\"},{\"@type\":\"BreadcrumbList\",\"@id\":\"https:\/\/www.suno.com.br\/noticias\/chocolates-kinder-da-belgica-terao-recall-apos-proibicao-no-brasil\/#breadcrumb\",\"itemListElement\":[{\"@type\":\"ListItem\",\"position\":1,\"name\":\"Not\u00edcias\",\"item\":\"https:\/\/www.suno.com.br\/noticias\/\"},{\"@type\":\"ListItem\",\"position\":2,\"name\":\"Neg\u00f3cios\",\"item\":\"https:\/\/www.suno.com.br\/noticias\/negocios\/\"},{\"@type\":\"ListItem\",\"position\":3,\"name\":\"Chocolates Kinder da B\u00e9lgica ter\u00e3o &#8216;recall&#8217; ap\u00f3s proibi\u00e7\u00e3o no Brasil\"}]},{\"@type\":\"WebSite\",\"@id\":\"https:\/\/www.suno.com.br\/noticias\/#website\",\"url\":\"https:\/\/www.suno.com.br\/noticias\/\",\"name\":\"Suno Not\u00edcias\",\"description\":\"Seu portal de informa\u00e7\u00e3o sobre o mundo dos investimentos\",\"publisher\":{\"@id\":\"https:\/\/www.suno.com.br\/noticias\/#organization\"},\"potentialAction\":[{\"@type\":\"SearchAction\",\"target\":{\"@type\":\"EntryPoint\",\"urlTemplate\":\"https:\/\/www.suno.com.br\/noticias\/?s={search_term_string}\"},\"query-input\":{\"@type\":\"PropertyValueSpecification\",\"valueRequired\":true,\"valueName\":\"search_term_string\"}}],\"inLanguage\":\"pt-BR\"},{\"@type\":\"Organization\",\"@id\":\"https:\/\/www.suno.com.br\/noticias\/#organization\",\"name\":\"Suno Not\u00edcias\",\"url\":\"https:\/\/www.suno.com.br\/noticias\/\",\"logo\":{\"@type\":\"ImageObject\",\"inLanguage\":\"pt-BR\",\"@id\":\"https:\/\/www.suno.com.br\/noticias\/#\/schema\/logo\/image\/\",\"url\":\"https:\/\/files.sunoresearch.com.br\/n\/uploads\/2021\/09\/suno-logo.png\",\"contentUrl\":\"https:\/\/files.sunoresearch.com.br\/n\/uploads\/2021\/09\/suno-logo.png\",\"width\":180,\"height\":180,\"caption\":\"Suno Not\u00edcias\"},\"image\":{\"@id\":\"https:\/\/www.suno.com.br\/noticias\/#\/schema\/logo\/image\/\"},\"sameAs\":[\"https:\/\/facebook.com\/sunoresearch\",\"https:\/\/x.com\/sunoresearch\",\"https:\/\/www.instagram.com\/suno\",\"https:\/\/www.linkedin.com\/company\/suno-research\/\",\"https:\/\/www.youtube.com\/c\/sunoresearch\"]},{\"@type\":\"Person\",\"@id\":\"https:\/\/www.suno.com.br\/noticias\/#\/schema\/person\/c1b1bd3727fa852bd045e9dbff3673ea\",\"name\":\"Reda\u00e7\u00e3o Suno Not\u00edcias\",\"image\":{\"@type\":\"ImageObject\",\"inLanguage\":\"pt-BR\",\"@id\":\"https:\/\/www.suno.com.br\/noticias\/#\/schema\/person\/image\/\",\"url\":\"https:\/\/secure.gravatar.com\/avatar\/b8104b9b5a71985d5238ee59fbe418af?s=96&r=g\",\"contentUrl\":\"https:\/\/secure.gravatar.com\/avatar\/b8104b9b5a71985d5238ee59fbe418af?s=96&r=g\",\"caption\":\"Reda\u00e7\u00e3o Suno Not\u00edcias\"},\"description\":\"O Suno Not\u00edcias \u00e9 um portal de informa\u00e7\u00f5es sobre Mercado Financeiro, Pol\u00edtica, Neg\u00f3cios, Economia e Finan\u00e7as Pessoais.\",\"sameAs\":[\"https:\/\/www.suno.com.br\/noticias\",\"https:\/\/www.facebook.com\/sunonoticias\/\",\"https:\/\/www.instagram.com\/sunonoticias\/\",\"https:\/\/x.com\/https:\/\/twitter.com\/sunoresearch\",\"https:\/\/www.youtube.com\/sunonoticias\"],\"url\":\"https:\/\/www.suno.com.br\/noticias\/author\/redacao-suno\/\"}]}<\/script>\n<!-- \/ Yoast SEO plugin. -->","yoast_head_json":{"title":"Chocolates Kinder da B\u00e9lgica ter\u00e3o recall ap\u00f3s proibi\u00e7\u00e3o no Brasil","description":"Ap\u00f3s nova resolu\u00e7\u00e3o para recolhimento de produtos Kinder no Brasil, companhia informou a decis\u00e3o de \"recall\" do produto","robots":{"index":"index","follow":"follow","max-snippet":"max-snippet:-1","max-image-preview":"max-image-preview:large","max-video-preview":"max-video-preview:-1"},"canonical":"https:\/\/www.suno.com.br\/noticias\/chocolates-kinder-da-belgica-terao-recall-apos-proibicao-no-brasil\/","og_locale":"pt_BR","og_type":"article","og_title":"Chocolates Kinder da B\u00e9lgica ter\u00e3o recall ap\u00f3s proibi\u00e7\u00e3o no Brasil","og_description":"Ap\u00f3s nova resolu\u00e7\u00e3o para recolhimento de produtos Kinder no Brasil, companhia informou a decis\u00e3o de \"recall\" do produto","og_url":"https:\/\/www.suno.com.br\/noticias\/chocolates-kinder-da-belgica-terao-recall-apos-proibicao-no-brasil\/","og_site_name":"Suno Not\u00edcias","article_publisher":"https:\/\/facebook.com\/sunoresearch","article_author":"https:\/\/www.facebook.com\/sunonoticias\/","og_image":[{"width":1450,"height":816,"url":"https:\/\/files.sunoresearch.com.br\/n\/uploads\/2022\/04\/KInder.jpg","type":"image\/jpeg"}],"author":"Reda\u00e7\u00e3o Suno Not\u00edcias","twitter_card":"summary_large_image","twitter_creator":"@https:\/\/twitter.com\/sunoresearch","twitter_site":"@sunoresearch","twitter_misc":{"Escrito por":"Reda\u00e7\u00e3o Suno Not\u00edcias","Est. tempo de leitura":"3 minutos"},"schema":{"@context":"https:\/\/schema.org","@graph":[{"@type":"NewsArticle","@id":"https:\/\/www.suno.com.br\/noticias\/chocolates-kinder-da-belgica-terao-recall-apos-proibicao-no-brasil\/#article","isPartOf":{"@id":"https:\/\/www.suno.com.br\/noticias\/chocolates-kinder-da-belgica-terao-recall-apos-proibicao-no-brasil\/"},"author":{"name":"Reda\u00e7\u00e3o Suno Not\u00edcias","@id":"https:\/\/www.suno.com.br\/noticias\/#\/schema\/person\/c1b1bd3727fa852bd045e9dbff3673ea"},"headline":"Chocolates Kinder da B\u00e9lgica ter\u00e3o &#8216;recall&#8217; ap\u00f3s proibi\u00e7\u00e3o no Brasil","datePublished":"2022-04-29T22:50:32+00:00","mainEntityOfPage":{"@id":"https:\/\/www.suno.com.br\/noticias\/chocolates-kinder-da-belgica-terao-recall-apos-proibicao-no-brasil\/"},"wordCount":608,"publisher":{"@id":"https:\/\/www.suno.com.br\/noticias\/#organization"},"image":{"@id":"https:\/\/www.suno.com.br\/noticias\/chocolates-kinder-da-belgica-terao-recall-apos-proibicao-no-brasil\/#primaryimage"},"thumbnailUrl":"https:\/\/files.sunoresearch.com.br\/n\/uploads\/2022\/04\/KInder.jpg","articleSection":["Neg\u00f3cios"],"inLanguage":"pt-BR"},{"@type":"WebPage","@id":"https:\/\/www.suno.com.br\/noticias\/chocolates-kinder-da-belgica-terao-recall-apos-proibicao-no-brasil\/","url":"https:\/\/www.suno.com.br\/noticias\/chocolates-kinder-da-belgica-terao-recall-apos-proibicao-no-brasil\/","name":"Chocolates Kinder da B\u00e9lgica ter\u00e3o recall ap\u00f3s proibi\u00e7\u00e3o no Brasil","isPartOf":{"@id":"https:\/\/www.suno.com.br\/noticias\/#website"},"primaryImageOfPage":{"@id":"https:\/\/www.suno.com.br\/noticias\/chocolates-kinder-da-belgica-terao-recall-apos-proibicao-no-brasil\/#primaryimage"},"image":{"@id":"https:\/\/www.suno.com.br\/noticias\/chocolates-kinder-da-belgica-terao-recall-apos-proibicao-no-brasil\/#primaryimage"},"thumbnailUrl":"https:\/\/files.sunoresearch.com.br\/n\/uploads\/2022\/04\/KInder.jpg","datePublished":"2022-04-29T22:50:32+00:00","description":"Ap\u00f3s nova resolu\u00e7\u00e3o para recolhimento de produtos Kinder no Brasil, companhia informou a decis\u00e3o de \"recall\" do produto","breadcrumb":{"@id":"https:\/\/www.suno.com.br\/noticias\/chocolates-kinder-da-belgica-terao-recall-apos-proibicao-no-brasil\/#breadcrumb"},"inLanguage":"pt-BR","potentialAction":[{"@type":"ReadAction","target":["https:\/\/www.suno.com.br\/noticias\/chocolates-kinder-da-belgica-terao-recall-apos-proibicao-no-brasil\/"]}]},{"@type":"ImageObject","inLanguage":"pt-BR","@id":"https:\/\/www.suno.com.br\/noticias\/chocolates-kinder-da-belgica-terao-recall-apos-proibicao-no-brasil\/#primaryimage","url":"https:\/\/files.sunoresearch.com.br\/n\/uploads\/2022\/04\/KInder.jpg","contentUrl":"https:\/\/files.sunoresearch.com.br\/n\/uploads\/2022\/04\/KInder.jpg","width":1450,"height":816,"caption":"Kinder. Foto: Divulga\u00e7\u00e3o"},{"@type":"BreadcrumbList","@id":"https:\/\/www.suno.com.br\/noticias\/chocolates-kinder-da-belgica-terao-recall-apos-proibicao-no-brasil\/#breadcrumb","itemListElement":[{"@type":"ListItem","position":1,"name":"Not\u00edcias","item":"https:\/\/www.suno.com.br\/noticias\/"},{"@type":"ListItem","position":2,"name":"Neg\u00f3cios","item":"https:\/\/www.suno.com.br\/noticias\/negocios\/"},{"@type":"ListItem","position":3,"name":"Chocolates Kinder da B\u00e9lgica ter\u00e3o &#8216;recall&#8217; ap\u00f3s proibi\u00e7\u00e3o no Brasil"}]},{"@type":"WebSite","@id":"https:\/\/www.suno.com.br\/noticias\/#website","url":"https:\/\/www.suno.com.br\/noticias\/","name":"Suno Not\u00edcias","description":"Seu portal de informa\u00e7\u00e3o sobre o mundo dos investimentos","publisher":{"@id":"https:\/\/www.suno.com.br\/noticias\/#organization"},"potentialAction":[{"@type":"SearchAction","target":{"@type":"EntryPoint","urlTemplate":"https:\/\/www.suno.com.br\/noticias\/?s={search_term_string}"},"query-input":{"@type":"PropertyValueSpecification","valueRequired":true,"valueName":"search_term_string"}}],"inLanguage":"pt-BR"},{"@type":"Organization","@id":"https:\/\/www.suno.com.br\/noticias\/#organization","name":"Suno Not\u00edcias","url":"https:\/\/www.suno.com.br\/noticias\/","logo":{"@type":"ImageObject","inLanguage":"pt-BR","@id":"https:\/\/www.suno.com.br\/noticias\/#\/schema\/logo\/image\/","url":"https:\/\/files.sunoresearch.com.br\/n\/uploads\/2021\/09\/suno-logo.png","contentUrl":"https:\/\/files.sunoresearch.com.br\/n\/uploads\/2021\/09\/suno-logo.png","width":180,"height":180,"caption":"Suno Not\u00edcias"},"image":{"@id":"https:\/\/www.suno.com.br\/noticias\/#\/schema\/logo\/image\/"},"sameAs":["https:\/\/facebook.com\/sunoresearch","https:\/\/x.com\/sunoresearch","https:\/\/www.instagram.com\/suno","https:\/\/www.linkedin.com\/company\/suno-research\/","https:\/\/www.youtube.com\/c\/sunoresearch"]},{"@type":"Person","@id":"https:\/\/www.suno.com.br\/noticias\/#\/schema\/person\/c1b1bd3727fa852bd045e9dbff3673ea","name":"Reda\u00e7\u00e3o Suno Not\u00edcias","image":{"@type":"ImageObject","inLanguage":"pt-BR","@id":"https:\/\/www.suno.com.br\/noticias\/#\/schema\/person\/image\/","url":"https:\/\/secure.gravatar.com\/avatar\/b8104b9b5a71985d5238ee59fbe418af?s=96&r=g","contentUrl":"https:\/\/secure.gravatar.com\/avatar\/b8104b9b5a71985d5238ee59fbe418af?s=96&r=g","caption":"Reda\u00e7\u00e3o Suno Not\u00edcias"},"description":"O Suno Not\u00edcias \u00e9 um portal de informa\u00e7\u00f5es sobre Mercado Financeiro, Pol\u00edtica, Neg\u00f3cios, Economia e Finan\u00e7as Pessoais.","sameAs":["https:\/\/www.suno.com.br\/noticias","https:\/\/www.facebook.com\/sunonoticias\/","https:\/\/www.instagram.com\/sunonoticias\/","https:\/\/x.com\/https:\/\/twitter.com\/sunoresearch","https:\/\/www.youtube.com\/sunonoticias"],"url":"https:\/\/www.suno.com.br\/noticias\/author\/redacao-suno\/"}]}},"default_loop_html":"<div class=\"cardsPage__listCard__boxs\"><div class=\"cardsPage__listCard__boxs__img\"><a href=\"https:\/\/www.suno.com.br\/noticias\/chocolates-kinder-da-belgica-terao-recall-apos-proibicao-no-brasil\/\"><img class=\"mask\" src=\"https:\/\/www.suno.com.br\/noticias\/wp-content\/themes\/suno\/resources\/images\/spotlight\/spotlight1img\/bg-mask.png\" alt=\"Image Mask\"\/><img src=\"https:\/\/files.sunoresearch.com.br\/n\/uploads\/2022\/04\/KInder-400x200.jpg\" alt=\"Chocolates Kinder da B\u00e9lgica ter\u00e3o &#8216;recall&#8217; ap\u00f3s proibi\u00e7\u00e3o no Brasil\"\/><\/a><span class=\"spotlightCategory\"><a href=\"https:\/\/www.suno.com.br\/noticias\/negocios\/\">Neg\u00f3cios<\/a><\/span><\/div><div class=\"cardsPage__listCard__boxs__content\"><a href=\"https:\/\/www.suno.com.br\/noticias\/chocolates-kinder-da-belgica-terao-recall-apos-proibicao-no-brasil\/\"><h2 class=\"content__title\">Chocolates Kinder da B\u00e9lgica ter\u00e3o &#8216;recall&#8217; ap\u00f3s proibi\u00e7\u00e3o no Brasil<\/h2><\/a><div class=\"newsContent__article__meta\"><div class=\"newsContent__article__meta__authorBox\"><a href=\"https:\/\/www.suno.com.br\/noticias\/author\/redacao-suno\/\" class=\"authorBox__avatar noMobi\"><img src=\"https:\/\/files.sunoresearch.com.br\/n\/uploads\/2020\/08\/0ace682d-redacao-1-150x150.webp\" alt=\"Reda\u00e7\u00e3o Suno Not\u00edcias\"><\/a><div class=\"authorBox__name\"><span>por\n\t\t\t<a href=\"https:\/\/www.suno.com.br\/noticias\/author\/redacao-suno\/\"><span itemprop=\"author\">Reda\u00e7\u00e3o Suno Not\u00edcias<\/span><\/a><\/span><time datetime=\"2022-04-29T19:50:32-03:00\" itemprop=\"datePublished\">29\/04\/2022 19:50<\/time><\/div><\/div><\/div><\/div><\/div>","single_layout":"posts","amp_enabled":true,"_links":{"self":[{"href":"https:\/\/www.suno.com.br\/noticias\/wp-json\/wp\/v2\/posts\/254991"}],"collection":[{"href":"https:\/\/www.suno.com.br\/noticias\/wp-json\/wp\/v2\/posts"}],"about":[{"href":"https:\/\/www.suno.com.br\/noticias\/wp-json\/wp\/v2\/types\/post"}],"author":[{"embeddable":true,"href":"https:\/\/www.suno.com.br\/noticias\/wp-json\/wp\/v2\/users\/43"}],"replies":[{"embeddable":true,"href":"https:\/\/www.suno.com.br\/noticias\/wp-json\/wp\/v2\/comments?post=254991"}],"version-history":[{"count":2,"href":"https:\/\/www.suno.com.br\/noticias\/wp-json\/wp\/v2\/posts\/254991\/revisions"}],"predecessor-version":[{"id":255080,"href":"https:\/\/www.suno.com.br\/noticias\/wp-json\/wp\/v2\/posts\/254991\/revisions\/255080"}],"wp:featuredmedia":[{"embeddable":true,"href":"https:\/\/www.suno.com.br\/noticias\/wp-json\/wp\/v2\/media\/255079"}],"wp:attachment":[{"href":"https:\/\/www.suno.com.br\/noticias\/wp-json\/wp\/v2\/media?parent=254991"}],"wp:term":[{"taxonomy":"category","embeddable":true,"href":"https:\/\/www.suno.com.br\/noticias\/wp-json\/wp\/v2\/categories?post=254991"},{"taxonomy":"post_tag","embeddable":true,"href":"https:\/\/www.suno.com.br\/noticias\/wp-json\/wp\/v2\/tags?post=254991"},{"taxonomy":"suno_strategy","embeddable":true,"href":"https:\/\/www.suno.com.br\/noticias\/wp-json\/wp\/v2\/suno_strategy?post=254991"}],"curies":[{"name":"wp","href":"https:\/\/api.w.org\/{rel}","templated":true}]}}