{"id":25498,"date":"2019-05-22T08:13:37","date_gmt":"2019-05-22T11:13:37","guid":{"rendered":"https:\/\/www.suno.com.br\/noticias\/?p=25498"},"modified":"2021-02-17T22:12:13","modified_gmt":"2021-02-18T01:12:13","slug":"centrao-recua-votacoes-retomadas","status":"publish","type":"post","link":"https:\/\/www.suno.com.br\/noticias\/centrao-recua-votacoes-retomadas\/","title":{"rendered":"Centr\u00e3o recua e decide retomar vota\u00e7\u00f5es na C\u00e2mara nesta quarta"},"content":{"rendered":"<p>Centr\u00e3o recua em bloqueio que fazia em rela\u00e7\u00e3o a medida provis\u00f3ria da reforma administrativa e decidi iniciar nesta quarta-feira (22) a vota\u00e7\u00e3o na C\u00e2mara.<\/p>\t<div class=\"wrapper-featured-image\">\n\t\t<figure class=\"spotlightImg\">\n\n\t\t\t<picture>\n\t\t\t\t<source media=\"(max-width: 768px)\" srcset=\"https:\/\/files.sunoresearch.com.br\/n\/uploads\/2019\/05\/0f099df3-centr\u00e3o-400x200.webp\">\n\t\t\t\t<img loading=\"lazy\" decoding=\"async\" class=\"newsContent__article__imgCapa lazyloadDisabled newsContent__article__imgCapa--noCaption\" src=\"https:\/\/files.sunoresearch.com.br\/n\/uploads\/2019\/05\/0f099df3-centr\u00e3o-800x450.webp\" width=\"800\" height=\"450\" alt=\"Centr\u00e3o recua e decide retomar vota\u00e7\u00f5es na C\u00e2mara nesta quarta\" fetchpriority=high \/>\n\t\t\t<\/picture>\n\n\t\t\t<figcaption class=\"wp-caption-text wp-caption-text--hide\">Previd\u00eancia<\/figcaption>\n\t\t<\/figure>\n\t<\/div>\n\n\n<p>De acordo com o <strong>Centr\u00e3o<\/strong>, a vota\u00e7\u00e3o deve ser antecipada para que o governo n\u00e3o acuse o bloco de ser o respons\u00e1vel pela crise do pr\u00f3prio <strong>governo<\/strong> e pela amplia\u00e7\u00e3o dos protestos no pa\u00eds.<\/p>\n\t<p>\n\t\t<a href=\"https:\/\/lp.suno.com.br\/planilha-da-vida-financeira\/\" target=\"_blank\" data-element=\"shortcode-suno-banner\" title=\"Banner SUNO, clique e saiba mais\">\n\t\t\t<picture>\n\t\t\t\t<source media=\"(max-width: 500px)\" srcset=\"https:\/\/files.sunoresearch.com.br\/n\/uploads\/2023\/04\/400x300-Planilha-vida-financeira-true.png\">\n\t\t\t\t<img class=\"newsContent__article__imgCapa newsContent__article__imgCapa--banner\"\n\t\t\t\t\tsrc=\"https:\/\/files.sunoresearch.com.br\/n\/uploads\/2023\/04\/1420x240-Planilha-vida-financeira-true.png\"\n\t\t\t\t\tdata-promo-id=\"106682\"\t\t\t\t\t\t\t\t\t\twidth='1420' height='240'\t\t\t\t\talt=\"https:\/\/files.sunoresearch.com.br\/n\/uploads\/2023\/04\/1420x240-Planilha-vida-financeira-true.png\"\n\t\t\t\t>\n\t\t\t<\/picture>\n\t\t<\/a>\n\t<\/p>\n\n\n<p>A ideia do grupo \u00e9 aprovar o projeto da forma como ele saiu da comiss\u00e3o especial. Dessa forma, o <strong>Conselho de Controle de Atividades Financeiras (Coaf)<\/strong> ser\u00e1 transferido da pasta do Minist\u00e9rio da Justi\u00e7a e Seguran\u00e7a P\u00fablica, de <strong>Sergio<\/strong> <strong>Moro<\/strong>, para a pasta da Economia, liderada por <strong>Paulo<\/strong> <strong>Guedes<\/strong>.<\/p>\n<p>No entanto, o bloco pode ser derrotado na vota\u00e7\u00e3o, uma vez que v\u00e1rios parlamentares dos partidos passaram a apoiar que o \u00f3rg\u00e3o seja comandado por Moro.<\/p>\n<p><a href=\"https:\/\/www.suno.com.br\/noticias\/coaf-comissao-retirar-ministerio-justica\/\">Saiba mais:\u00a0Coaf: em derrota para Moro, comiss\u00e3o apoia retirar \u00f3rg\u00e3o do Minist\u00e9rio da Justi\u00e7a<\/a><\/p>\n<h2>\u00daltima sess\u00e3o<\/h2>\n<p>Na sess\u00e3o da \u00faltima ter\u00e7a-feira (21), a C\u00e2mara aprovou a medida provis\u00f3ria que acaba com as restri\u00e7\u00f5es de capital estrangeiro nas empresas a\u00e9reas nacionais.<\/p>\n<p>Antes, as empresas tinham uma restri\u00e7\u00e3o e limitava as estrangeiras em ter apenas 20% das companhias a\u00e9reas brasileiras. No entanto, ap\u00f3s a aprova\u00e7\u00e3o da medida provis\u00f3ria a restri\u00e7\u00e3o foi retirada e as companhias a\u00e9reas nacionais podem ter 100% de capital estrangeiro.<\/p>\n<p>Ainda na sess\u00e3o, o l\u00edder do governo na C\u00e2mara, o deputado <strong>Major<\/strong> <strong>Vitor<\/strong> <strong>Hugo<\/strong> (PSL-GO) e o presidente da C\u00e2mara, <strong>Rodrigo<\/strong> <strong>Maia<\/strong> (DEM-RJ), trocaram farpas em rela\u00e7\u00e3o a tramita\u00e7\u00e3o da reforma administrativa.<\/p>\n\t<p>\n\t\t<a href=\"https:\/\/lp.suno.com.br\/suno-one\/?utm_campaign=_SNC6964518A_\" target=\"_blank\" data-element=\"shortcode-suno-banner\" title=\"Banner SUNO, clique e saiba mais\">\n\t\t\t<picture>\n\t\t\t\t<source media=\"(max-width: 500px)\" srcset=\"https:\/\/files.sunoresearch.com.br\/n\/uploads\/2025\/09\/400x300-Suno-One-png.webp\">\n\t\t\t\t<img class=\"newsContent__article__imgCapa newsContent__article__imgCapa--banner\"\n\t\t\t\t\tsrc=\"https:\/\/files.sunoresearch.com.br\/n\/uploads\/2025\/09\/1420x240-Suno-One-png.webp\"\n\t\t\t\t\tdata-promo-id=\"85810\"\t\t\t\t\t\t\t\t\t\twidth='1420' height='240'\t\t\t\t\talt=\"https:\/\/files.sunoresearch.com.br\/n\/uploads\/2025\/09\/1420x240-Suno-One-png.webp\"\n\t\t\t\t>\n\t\t\t<\/picture>\n\t\t<\/a>\n\t<\/p>\n\n\n<p>Vitor Hugo compartilhou nas redes sociais uma uma imagem que afirmava que o Congresso negociava com base em sacos de dinheiro. Em resposta, Maia criticou o deputado e afirmou que n\u00e3o falaria mais com ele. Agora, o Major corre o risco de perder o cargo.<\/p>\n<p>O <strong>Centr\u00e3o<\/strong> \u00e9 formado pelos partidos <strong>DEM<\/strong>, <strong>PP<\/strong>, <strong>PR<\/strong>, <strong>PRB<\/strong>, <strong>SD<\/strong>, <strong>PTB<\/strong> E <strong>MDB<\/strong>.<\/p>\n","protected":false},"excerpt":{"rendered":"<p>Centr\u00e3o recua em bloqueio que fazia em rela\u00e7\u00e3o a medida provis\u00f3ria da reforma administrativa e decidi iniciar nesta quarta-feira (22) a vota\u00e7\u00e3o na C\u00e2mara. Previd\u00eancia De acordo com o Centr\u00e3o, a vota\u00e7\u00e3o deve ser antecipada para que o governo n\u00e3o acuse o bloco de ser o respons\u00e1vel pela crise do pr\u00f3prio governo e pela amplia\u00e7\u00e3o [&hellip;]<\/p>\n","protected":false},"author":11,"featured_media":25503,"comment_status":"closed","ping_status":"closed","sticky":false,"template":"","format":"standard","meta":[],"categories":[61],"tags":[1410],"suno_strategy":[],"class_list":["post-25498","post","type-post","status-publish","format-standard","has-post-thumbnail","hentry","category-politica","tag-reforma-administrativa"],"yoast_head":"<!-- This site is optimized with the Yoast SEO plugin v24.4 - https:\/\/yoast.com\/wordpress\/plugins\/seo\/ -->\n<title>Centr\u00e3o recua e decide retomar vota\u00e7\u00f5es na C\u00e2mara nesta quarta<\/title>\n<meta name=\"description\" content=\"A vota\u00e7\u00e3o deve ser antecipada para o Centr\u00e3o n\u00e3o ser respons\u00e1vel pela crise do governo e pela amplia\u00e7\u00e3o dos protestos. Clique e saiba mais.\" \/>\n<meta name=\"robots\" content=\"index, follow, max-snippet:-1, max-image-preview:large, max-video-preview:-1\" \/>\n<link rel=\"canonical\" href=\"https:\/\/www.suno.com.br\/noticias\/centrao-recua-votacoes-retomadas\/\" \/>\n<meta property=\"og:locale\" content=\"pt_BR\" \/>\n<meta property=\"og:type\" content=\"article\" \/>\n<meta property=\"og:title\" content=\"Centr\u00e3o recua e decide retomar vota\u00e7\u00f5es na C\u00e2mara nesta quarta\" \/>\n<meta property=\"og:description\" content=\"A vota\u00e7\u00e3o deve ser antecipada para o Centr\u00e3o n\u00e3o ser respons\u00e1vel pela crise do governo e pela amplia\u00e7\u00e3o dos protestos. Clique e saiba mais.\" \/>\n<meta property=\"og:url\" content=\"https:\/\/www.suno.com.br\/noticias\/centrao-recua-votacoes-retomadas\/\" \/>\n<meta property=\"og:site_name\" content=\"Suno Not\u00edcias\" \/>\n<meta property=\"article:publisher\" content=\"https:\/\/facebook.com\/sunoresearch\" \/>\n<meta property=\"og:image\" content=\"https:\/\/files.sunoresearch.com.br\/n\/uploads\/2019\/05\/0f099df3-centr\u00e3o.jpg\" \/>\n\t<meta property=\"og:image:width\" content=\"1140\" \/>\n\t<meta property=\"og:image:height\" content=\"760\" \/>\n\t<meta property=\"og:image:type\" content=\"image\/jpeg\" \/>\n<meta name=\"author\" content=\"Renan Bandeira\" \/>\n<meta name=\"twitter:card\" content=\"summary_large_image\" \/>\n<meta name=\"twitter:creator\" content=\"@sunoresearch\" \/>\n<meta name=\"twitter:site\" content=\"@sunoresearch\" \/>\n<meta name=\"twitter:label1\" content=\"Escrito por\" \/>\n\t<meta name=\"twitter:data1\" content=\"Renan Bandeira\" \/>\n\t<meta name=\"twitter:label2\" content=\"Est. tempo de leitura\" \/>\n\t<meta name=\"twitter:data2\" content=\"2 minutos\" \/>\n<script type=\"application\/ld+json\" class=\"yoast-schema-graph\">{\"@context\":\"https:\/\/schema.org\",\"@graph\":[{\"@type\":\"NewsArticle\",\"@id\":\"https:\/\/www.suno.com.br\/noticias\/centrao-recua-votacoes-retomadas\/#article\",\"isPartOf\":{\"@id\":\"https:\/\/www.suno.com.br\/noticias\/centrao-recua-votacoes-retomadas\/\"},\"author\":{\"name\":\"Renan Bandeira\",\"@id\":\"https:\/\/www.suno.com.br\/noticias\/#\/schema\/person\/fc144a1c6108bd1dcd43784e88a3c138\"},\"headline\":\"Centr\u00e3o recua e decide retomar vota\u00e7\u00f5es na C\u00e2mara nesta quarta\",\"datePublished\":\"2019-05-22T11:13:37+00:00\",\"dateModified\":\"2021-02-18T01:12:13+00:00\",\"mainEntityOfPage\":{\"@id\":\"https:\/\/www.suno.com.br\/noticias\/centrao-recua-votacoes-retomadas\/\"},\"wordCount\":365,\"publisher\":{\"@id\":\"https:\/\/www.suno.com.br\/noticias\/#organization\"},\"image\":{\"@id\":\"https:\/\/www.suno.com.br\/noticias\/centrao-recua-votacoes-retomadas\/#primaryimage\"},\"thumbnailUrl\":\"https:\/\/files.sunoresearch.com.br\/n\/uploads\/2019\/05\/0f099df3-centr\u00e3o-jpg.webp\",\"keywords\":[\"reforma administrativa\"],\"articleSection\":[\"Pol\u00edtica\"],\"inLanguage\":\"pt-BR\"},{\"@type\":\"WebPage\",\"@id\":\"https:\/\/www.suno.com.br\/noticias\/centrao-recua-votacoes-retomadas\/\",\"url\":\"https:\/\/www.suno.com.br\/noticias\/centrao-recua-votacoes-retomadas\/\",\"name\":\"Centr\u00e3o recua e decide retomar vota\u00e7\u00f5es na C\u00e2mara nesta quarta\",\"isPartOf\":{\"@id\":\"https:\/\/www.suno.com.br\/noticias\/#website\"},\"primaryImageOfPage\":{\"@id\":\"https:\/\/www.suno.com.br\/noticias\/centrao-recua-votacoes-retomadas\/#primaryimage\"},\"image\":{\"@id\":\"https:\/\/www.suno.com.br\/noticias\/centrao-recua-votacoes-retomadas\/#primaryimage\"},\"thumbnailUrl\":\"https:\/\/files.sunoresearch.com.br\/n\/uploads\/2019\/05\/0f099df3-centr\u00e3o-jpg.webp\",\"datePublished\":\"2019-05-22T11:13:37+00:00\",\"dateModified\":\"2021-02-18T01:12:13+00:00\",\"description\":\"A vota\u00e7\u00e3o deve ser antecipada para o Centr\u00e3o n\u00e3o ser respons\u00e1vel pela crise do governo e pela amplia\u00e7\u00e3o dos protestos. Clique e saiba mais.\",\"breadcrumb\":{\"@id\":\"https:\/\/www.suno.com.br\/noticias\/centrao-recua-votacoes-retomadas\/#breadcrumb\"},\"inLanguage\":\"pt-BR\",\"potentialAction\":[{\"@type\":\"ReadAction\",\"target\":[\"https:\/\/www.suno.com.br\/noticias\/centrao-recua-votacoes-retomadas\/\"]}]},{\"@type\":\"ImageObject\",\"inLanguage\":\"pt-BR\",\"@id\":\"https:\/\/www.suno.com.br\/noticias\/centrao-recua-votacoes-retomadas\/#primaryimage\",\"url\":\"https:\/\/files.sunoresearch.com.br\/n\/uploads\/2019\/05\/0f099df3-centr\u00e3o-jpg.webp\",\"contentUrl\":\"https:\/\/files.sunoresearch.com.br\/n\/uploads\/2019\/05\/0f099df3-centr\u00e3o-jpg.webp\",\"width\":1140,\"height\":760,\"caption\":\"Previd\u00eancia\"},{\"@type\":\"BreadcrumbList\",\"@id\":\"https:\/\/www.suno.com.br\/noticias\/centrao-recua-votacoes-retomadas\/#breadcrumb\",\"itemListElement\":[{\"@type\":\"ListItem\",\"position\":1,\"name\":\"Not\u00edcias\",\"item\":\"https:\/\/www.suno.com.br\/noticias\/\"},{\"@type\":\"ListItem\",\"position\":2,\"name\":\"Pol\u00edtica\",\"item\":\"https:\/\/www.suno.com.br\/noticias\/politica\/\"},{\"@type\":\"ListItem\",\"position\":3,\"name\":\"Centr\u00e3o recua e decide retomar vota\u00e7\u00f5es na C\u00e2mara nesta quarta\"}]},{\"@type\":\"WebSite\",\"@id\":\"https:\/\/www.suno.com.br\/noticias\/#website\",\"url\":\"https:\/\/www.suno.com.br\/noticias\/\",\"name\":\"Suno Not\u00edcias\",\"description\":\"Seu portal de informa\u00e7\u00e3o sobre o mundo dos investimentos\",\"publisher\":{\"@id\":\"https:\/\/www.suno.com.br\/noticias\/#organization\"},\"potentialAction\":[{\"@type\":\"SearchAction\",\"target\":{\"@type\":\"EntryPoint\",\"urlTemplate\":\"https:\/\/www.suno.com.br\/noticias\/?s={search_term_string}\"},\"query-input\":{\"@type\":\"PropertyValueSpecification\",\"valueRequired\":true,\"valueName\":\"search_term_string\"}}],\"inLanguage\":\"pt-BR\"},{\"@type\":\"Organization\",\"@id\":\"https:\/\/www.suno.com.br\/noticias\/#organization\",\"name\":\"Suno Not\u00edcias\",\"url\":\"https:\/\/www.suno.com.br\/noticias\/\",\"logo\":{\"@type\":\"ImageObject\",\"inLanguage\":\"pt-BR\",\"@id\":\"https:\/\/www.suno.com.br\/noticias\/#\/schema\/logo\/image\/\",\"url\":\"https:\/\/files.sunoresearch.com.br\/n\/uploads\/2021\/09\/suno-logo.png\",\"contentUrl\":\"https:\/\/files.sunoresearch.com.br\/n\/uploads\/2021\/09\/suno-logo.png\",\"width\":180,\"height\":180,\"caption\":\"Suno Not\u00edcias\"},\"image\":{\"@id\":\"https:\/\/www.suno.com.br\/noticias\/#\/schema\/logo\/image\/\"},\"sameAs\":[\"https:\/\/facebook.com\/sunoresearch\",\"https:\/\/x.com\/sunoresearch\",\"https:\/\/www.instagram.com\/suno\",\"https:\/\/www.linkedin.com\/company\/suno-research\/\",\"https:\/\/www.youtube.com\/c\/sunoresearch\"]},{\"@type\":\"Person\",\"@id\":\"https:\/\/www.suno.com.br\/noticias\/#\/schema\/person\/fc144a1c6108bd1dcd43784e88a3c138\",\"name\":\"Renan Bandeira\",\"image\":{\"@type\":\"ImageObject\",\"inLanguage\":\"pt-BR\",\"@id\":\"https:\/\/www.suno.com.br\/noticias\/#\/schema\/person\/image\/\",\"url\":\"https:\/\/secure.gravatar.com\/avatar\/68359cdb608f14f11bbefcb78f3fc747?s=96&r=g\",\"contentUrl\":\"https:\/\/secure.gravatar.com\/avatar\/68359cdb608f14f11bbefcb78f3fc747?s=96&r=g\",\"caption\":\"Renan Bandeira\"},\"description\":\"Renan Bandeira escreve sobre pol\u00edtica e economia para o portal da Suno Research. Antes da Suno, trabalhou em uma rede de televis\u00e3o, onde fazia reportagens sobre os mesmos temas. Estuda na Universidade Metodista de S\u00e3o Paulo.\",\"url\":\"https:\/\/www.suno.com.br\/noticias\/author\/renan-bandeira\/\"}]}<\/script>\n<!-- \/ Yoast SEO plugin. -->","yoast_head_json":{"title":"Centr\u00e3o recua e decide retomar vota\u00e7\u00f5es na C\u00e2mara nesta quarta","description":"A vota\u00e7\u00e3o deve ser antecipada para o Centr\u00e3o n\u00e3o ser respons\u00e1vel pela crise do governo e pela amplia\u00e7\u00e3o dos protestos. Clique e saiba mais.","robots":{"index":"index","follow":"follow","max-snippet":"max-snippet:-1","max-image-preview":"max-image-preview:large","max-video-preview":"max-video-preview:-1"},"canonical":"https:\/\/www.suno.com.br\/noticias\/centrao-recua-votacoes-retomadas\/","og_locale":"pt_BR","og_type":"article","og_title":"Centr\u00e3o recua e decide retomar vota\u00e7\u00f5es na C\u00e2mara nesta quarta","og_description":"A vota\u00e7\u00e3o deve ser antecipada para o Centr\u00e3o n\u00e3o ser respons\u00e1vel pela crise do governo e pela amplia\u00e7\u00e3o dos protestos. Clique e saiba mais.","og_url":"https:\/\/www.suno.com.br\/noticias\/centrao-recua-votacoes-retomadas\/","og_site_name":"Suno Not\u00edcias","article_publisher":"https:\/\/facebook.com\/sunoresearch","og_image":[{"width":1140,"height":760,"url":"https:\/\/files.sunoresearch.com.br\/n\/uploads\/2019\/05\/0f099df3-centr\u00e3o.jpg","type":"image\/jpeg"}],"author":"Renan Bandeira","twitter_card":"summary_large_image","twitter_creator":"@sunoresearch","twitter_site":"@sunoresearch","twitter_misc":{"Escrito por":"Renan Bandeira","Est. tempo de leitura":"2 minutos"},"schema":{"@context":"https:\/\/schema.org","@graph":[{"@type":"NewsArticle","@id":"https:\/\/www.suno.com.br\/noticias\/centrao-recua-votacoes-retomadas\/#article","isPartOf":{"@id":"https:\/\/www.suno.com.br\/noticias\/centrao-recua-votacoes-retomadas\/"},"author":{"name":"Renan Bandeira","@id":"https:\/\/www.suno.com.br\/noticias\/#\/schema\/person\/fc144a1c6108bd1dcd43784e88a3c138"},"headline":"Centr\u00e3o recua e decide retomar vota\u00e7\u00f5es na C\u00e2mara nesta quarta","datePublished":"2019-05-22T11:13:37+00:00","dateModified":"2021-02-18T01:12:13+00:00","mainEntityOfPage":{"@id":"https:\/\/www.suno.com.br\/noticias\/centrao-recua-votacoes-retomadas\/"},"wordCount":365,"publisher":{"@id":"https:\/\/www.suno.com.br\/noticias\/#organization"},"image":{"@id":"https:\/\/www.suno.com.br\/noticias\/centrao-recua-votacoes-retomadas\/#primaryimage"},"thumbnailUrl":"https:\/\/files.sunoresearch.com.br\/n\/uploads\/2019\/05\/0f099df3-centr\u00e3o-jpg.webp","keywords":["reforma administrativa"],"articleSection":["Pol\u00edtica"],"inLanguage":"pt-BR"},{"@type":"WebPage","@id":"https:\/\/www.suno.com.br\/noticias\/centrao-recua-votacoes-retomadas\/","url":"https:\/\/www.suno.com.br\/noticias\/centrao-recua-votacoes-retomadas\/","name":"Centr\u00e3o recua e decide retomar vota\u00e7\u00f5es na C\u00e2mara nesta quarta","isPartOf":{"@id":"https:\/\/www.suno.com.br\/noticias\/#website"},"primaryImageOfPage":{"@id":"https:\/\/www.suno.com.br\/noticias\/centrao-recua-votacoes-retomadas\/#primaryimage"},"image":{"@id":"https:\/\/www.suno.com.br\/noticias\/centrao-recua-votacoes-retomadas\/#primaryimage"},"thumbnailUrl":"https:\/\/files.sunoresearch.com.br\/n\/uploads\/2019\/05\/0f099df3-centr\u00e3o-jpg.webp","datePublished":"2019-05-22T11:13:37+00:00","dateModified":"2021-02-18T01:12:13+00:00","description":"A vota\u00e7\u00e3o deve ser antecipada para o Centr\u00e3o n\u00e3o ser respons\u00e1vel pela crise do governo e pela amplia\u00e7\u00e3o dos protestos. Clique e saiba mais.","breadcrumb":{"@id":"https:\/\/www.suno.com.br\/noticias\/centrao-recua-votacoes-retomadas\/#breadcrumb"},"inLanguage":"pt-BR","potentialAction":[{"@type":"ReadAction","target":["https:\/\/www.suno.com.br\/noticias\/centrao-recua-votacoes-retomadas\/"]}]},{"@type":"ImageObject","inLanguage":"pt-BR","@id":"https:\/\/www.suno.com.br\/noticias\/centrao-recua-votacoes-retomadas\/#primaryimage","url":"https:\/\/files.sunoresearch.com.br\/n\/uploads\/2019\/05\/0f099df3-centr\u00e3o-jpg.webp","contentUrl":"https:\/\/files.sunoresearch.com.br\/n\/uploads\/2019\/05\/0f099df3-centr\u00e3o-jpg.webp","width":1140,"height":760,"caption":"Previd\u00eancia"},{"@type":"BreadcrumbList","@id":"https:\/\/www.suno.com.br\/noticias\/centrao-recua-votacoes-retomadas\/#breadcrumb","itemListElement":[{"@type":"ListItem","position":1,"name":"Not\u00edcias","item":"https:\/\/www.suno.com.br\/noticias\/"},{"@type":"ListItem","position":2,"name":"Pol\u00edtica","item":"https:\/\/www.suno.com.br\/noticias\/politica\/"},{"@type":"ListItem","position":3,"name":"Centr\u00e3o recua e decide retomar vota\u00e7\u00f5es na C\u00e2mara nesta quarta"}]},{"@type":"WebSite","@id":"https:\/\/www.suno.com.br\/noticias\/#website","url":"https:\/\/www.suno.com.br\/noticias\/","name":"Suno Not\u00edcias","description":"Seu portal de informa\u00e7\u00e3o sobre o mundo dos investimentos","publisher":{"@id":"https:\/\/www.suno.com.br\/noticias\/#organization"},"potentialAction":[{"@type":"SearchAction","target":{"@type":"EntryPoint","urlTemplate":"https:\/\/www.suno.com.br\/noticias\/?s={search_term_string}"},"query-input":{"@type":"PropertyValueSpecification","valueRequired":true,"valueName":"search_term_string"}}],"inLanguage":"pt-BR"},{"@type":"Organization","@id":"https:\/\/www.suno.com.br\/noticias\/#organization","name":"Suno Not\u00edcias","url":"https:\/\/www.suno.com.br\/noticias\/","logo":{"@type":"ImageObject","inLanguage":"pt-BR","@id":"https:\/\/www.suno.com.br\/noticias\/#\/schema\/logo\/image\/","url":"https:\/\/files.sunoresearch.com.br\/n\/uploads\/2021\/09\/suno-logo.png","contentUrl":"https:\/\/files.sunoresearch.com.br\/n\/uploads\/2021\/09\/suno-logo.png","width":180,"height":180,"caption":"Suno Not\u00edcias"},"image":{"@id":"https:\/\/www.suno.com.br\/noticias\/#\/schema\/logo\/image\/"},"sameAs":["https:\/\/facebook.com\/sunoresearch","https:\/\/x.com\/sunoresearch","https:\/\/www.instagram.com\/suno","https:\/\/www.linkedin.com\/company\/suno-research\/","https:\/\/www.youtube.com\/c\/sunoresearch"]},{"@type":"Person","@id":"https:\/\/www.suno.com.br\/noticias\/#\/schema\/person\/fc144a1c6108bd1dcd43784e88a3c138","name":"Renan Bandeira","image":{"@type":"ImageObject","inLanguage":"pt-BR","@id":"https:\/\/www.suno.com.br\/noticias\/#\/schema\/person\/image\/","url":"https:\/\/secure.gravatar.com\/avatar\/68359cdb608f14f11bbefcb78f3fc747?s=96&r=g","contentUrl":"https:\/\/secure.gravatar.com\/avatar\/68359cdb608f14f11bbefcb78f3fc747?s=96&r=g","caption":"Renan Bandeira"},"description":"Renan Bandeira escreve sobre pol\u00edtica e economia para o portal da Suno Research. Antes da Suno, trabalhou em uma rede de televis\u00e3o, onde fazia reportagens sobre os mesmos temas. Estuda na Universidade Metodista de S\u00e3o Paulo.","url":"https:\/\/www.suno.com.br\/noticias\/author\/renan-bandeira\/"}]}},"default_loop_html":"<div class=\"cardsPage__listCard__boxs\"><div class=\"cardsPage__listCard__boxs__img\"><a href=\"https:\/\/www.suno.com.br\/noticias\/centrao-recua-votacoes-retomadas\/\"><img class=\"mask\" src=\"https:\/\/www.suno.com.br\/noticias\/wp-content\/themes\/suno\/resources\/images\/spotlight\/spotlight1img\/bg-mask.png\" alt=\"Image Mask\"\/><img src=\"https:\/\/files.sunoresearch.com.br\/n\/uploads\/2019\/05\/0f099df3-centr\u00e3o-400x200.webp\" alt=\"Centr\u00e3o recua e decide retomar vota\u00e7\u00f5es na C\u00e2mara nesta quarta\"\/><\/a><span class=\"spotlightCategory\"><a href=\"https:\/\/www.suno.com.br\/noticias\/politica\/\">Pol\u00edtica<\/a><\/span><\/div><div class=\"cardsPage__listCard__boxs__content\"><a href=\"https:\/\/www.suno.com.br\/noticias\/centrao-recua-votacoes-retomadas\/\"><h2 class=\"content__title\">Centr\u00e3o recua e decide retomar vota\u00e7\u00f5es na C\u00e2mara nesta quarta<\/h2><\/a><div class=\"newsContent__article__meta\"><div class=\"newsContent__article__meta__authorBox\"><a href=\"https:\/\/www.suno.com.br\/noticias\/author\/renan-bandeira\/\" class=\"authorBox__avatar noMobi\"><img src=\"https:\/\/secure.gravatar.com\/avatar\/68359cdb608f14f11bbefcb78f3fc747?s=96&#038;r=g\" alt=\"Renan Bandeira\"><\/a><div class=\"authorBox__name\"><span>por\n\t\t\t<a href=\"https:\/\/www.suno.com.br\/noticias\/author\/renan-bandeira\/\"><span itemprop=\"author\">Renan Bandeira<\/span><\/a><\/span><time datetime=\"2019-05-22T08:13:37-03:00\" itemprop=\"datePublished\">22\/05\/2019 08:13<\/time><\/div><\/div><\/div><\/div><\/div>","single_layout":"posts","amp_enabled":true,"_links":{"self":[{"href":"https:\/\/www.suno.com.br\/noticias\/wp-json\/wp\/v2\/posts\/25498"}],"collection":[{"href":"https:\/\/www.suno.com.br\/noticias\/wp-json\/wp\/v2\/posts"}],"about":[{"href":"https:\/\/www.suno.com.br\/noticias\/wp-json\/wp\/v2\/types\/post"}],"author":[{"embeddable":true,"href":"https:\/\/www.suno.com.br\/noticias\/wp-json\/wp\/v2\/users\/11"}],"replies":[{"embeddable":true,"href":"https:\/\/www.suno.com.br\/noticias\/wp-json\/wp\/v2\/comments?post=25498"}],"version-history":[{"count":0,"href":"https:\/\/www.suno.com.br\/noticias\/wp-json\/wp\/v2\/posts\/25498\/revisions"}],"wp:featuredmedia":[{"embeddable":true,"href":"https:\/\/www.suno.com.br\/noticias\/wp-json\/wp\/v2\/media\/25503"}],"wp:attachment":[{"href":"https:\/\/www.suno.com.br\/noticias\/wp-json\/wp\/v2\/media?parent=25498"}],"wp:term":[{"taxonomy":"category","embeddable":true,"href":"https:\/\/www.suno.com.br\/noticias\/wp-json\/wp\/v2\/categories?post=25498"},{"taxonomy":"post_tag","embeddable":true,"href":"https:\/\/www.suno.com.br\/noticias\/wp-json\/wp\/v2\/tags?post=25498"},{"taxonomy":"suno_strategy","embeddable":true,"href":"https:\/\/www.suno.com.br\/noticias\/wp-json\/wp\/v2\/suno_strategy?post=25498"}],"curies":[{"name":"wp","href":"https:\/\/api.w.org\/{rel}","templated":true}]}}