{"id":254718,"date":"2022-04-28T21:58:29","date_gmt":"2022-04-29T00:58:29","guid":{"rendered":"https:\/\/www.suno.com.br\/noticias\/?p=254718"},"modified":"2022-04-28T21:58:29","modified_gmt":"2022-04-29T00:58:29","slug":"radar-usiminas-usim5-amazon-amzo34-petrorio-prio3","status":"publish","type":"post","link":"https:\/\/www.suno.com.br\/noticias\/radar-usiminas-usim5-amazon-amzo34-petrorio-prio3\/","title":{"rendered":"Radar: Usiminas (USIM5) pagar\u00e1 dividendos milion\u00e1rios, Amazon (AMZO34) tem preju\u00edzo no 1T22, PetroRio (PRIO3) compra campo na Bacia de Santos"},"content":{"rendered":"<p>A\u00a0<strong>Usiminas\u00a0<\/strong>(USIM5) divulgou nesta quinta-feira (28) que vai pagar R$ 734,2 milh\u00f5es em\u00a0<a class=\"suno-keyword\" href=\"https:\/\/www.suno.com.br\/guias\/dividendos\/\" target=\"_blank\" rel=\"noopener\" data-force=\"no\" data-priority=\"1\">dividendos<\/a>\u00a0aos seus acionistas, ap\u00f3s proposta ser aprovada em\u00a0<strong><a class=\"suno-keyword\" href=\"https:\/\/www.suno.com.br\/artigos\/assembleia-geral-ordinaria\/\" target=\"_blank\" rel=\"noopener\" data-force=\"no\" data-priority=\"1\">Assembleia Geral Ordin\u00e1ria<\/a>\u00a0(AGO)<\/strong>.<\/p>\t<div class=\"wrapper-featured-image\">\n\t\t<figure class=\"spotlightImg\">\n\n\t\t\t<picture>\n\t\t\t\t<source media=\"(max-width: 768px)\" srcset=\"https:\/\/files.sunoresearch.com.br\/n\/uploads\/2019\/04\/1cbb0b22-usiminas-400x200.webp\">\n\t\t\t\t<img loading=\"lazy\" decoding=\"async\" class=\"newsContent__article__imgCapa lazyloadDisabled \" src=\"https:\/\/files.sunoresearch.com.br\/n\/uploads\/2019\/04\/1cbb0b22-usiminas-800x450.webp\" width=\"800\" height=\"450\" alt=\"Radar: Usiminas (USIM5) pagar\u00e1 dividendos milion\u00e1rios, Amazon (AMZO34) tem preju\u00edzo no 1T22, PetroRio (PRIO3) compra campo na Bacia de Santos\" fetchpriority=high \/>\n\t\t\t<\/picture>\n\n\t\t\t<figcaption class=\"wp-caption-text wp-caption-text--show\">Usiminas (USIM5): desempenho fraco no 2T23 levam a\u00e7\u00f5es desabarem no Ibovespa.Foto: Divulga\u00e7\u00e3o<\/figcaption>\n\t\t<\/figure>\n\t<\/div>\n\n\n\t<p>\n\t\t<a href=\"\" target=\"_blank\" data-element=\"shortcode-suno-banner\" title=\"Banner SUNO, clique e saiba mais\">\n\t\t\t<picture>\n\t\t\t\t<source media=\"(max-width: 500px)\" srcset=\"\">\n\t\t\t\t<img class=\"newsContent__article__imgCapa newsContent__article__imgCapa--banner\"\n\t\t\t\t\tsrc=\"\"\n\t\t\t\t\tdata-promo-id=\"138420\"\t\t\t\t\t\t\t\t\t\t\t\t\t\t\talt=\"\"\n\t\t\t\t>\n\t\t\t<\/picture>\n\t\t<\/a>\n\t<\/p>\n\n\n<p>O valor dos proventos ser\u00e1 de R$ 0,57 por a\u00e7\u00e3o ordin\u00e1ria e R$ 0,62 por a\u00e7\u00e3o preferencial. O pagamento ser\u00e1 realizado dia 27 de junho, conforme\u00a0<a class=\"suno-keyword\" href=\"https:\/\/www.suno.com.br\/artigos\/fato-relevante\/\" target=\"_blank\" rel=\"noopener\" data-force=\"no\" data-priority=\"1\">fato relevante<\/a>.<\/p>\n<p>Apenas os investidores com\u00a0<strong>a\u00e7\u00f5es da<\/strong>\u00a0<b>Usiminas\u00a0<\/b>hoje, dia 28 de abril, ter\u00e3o direito de receber os rendimentos. A partir do dia 29 de abril, as a\u00e7\u00f5es ser\u00e3o negociadas sem direito aos dividendos.<\/p>\n<p>Segundo documento arquivado na Comiss\u00e3o de Valores Mobili\u00e1rios (CVM), esses proventos fazem parte dos dividendos obrigat\u00f3rios do exerc\u00edcio de 2021.<\/p>\n<p>Al\u00e9m da\u00a0<strong>Usiminas<\/strong>, confira outros destaques desta quinta-feira:<\/p>\n<h2>Amazon (AMZO34) tem preju\u00edzo de US$ 3,8 bilh\u00f5es no 1T22; a\u00e7\u00e3o afunda 11%<\/h2>\n<ul>\n<li>A <strong>Amazon<\/strong>\u00a0(<a class=\"suno-keyword\" href=\"https:\/\/www.suno.com.br\/bdrs\/amzo34\/\" target=\"_blank\" rel=\"noopener\" data-force=\"yes\" data-priority=\"2\">AMZO34<\/a>) divulgou nesta quinta (28) os resultados de seu balan\u00e7o do primeiro trimestre de 2022.<\/li>\n<li>A companhia de tecnologia registrou preju\u00edzo l\u00edquido de US$ 3,8 bilh\u00f5es no primeiro trimestre de 2022, equivalente a US$ 7,56 por a\u00e7\u00e3o, bem abaixo do ganho de US$ 8,1 bilh\u00f5es registrado em igual per\u00edodo do ano passado. De acordo com a FactSet, um lucro de US$ 8,35 por a\u00e7\u00e3o era esperado.<\/li>\n<li>O <strong>preju\u00edzo da Amazon<\/strong>\u00a0inclui uma perda de avalia\u00e7\u00e3o antes de impostos de US$ 7,6 bilh\u00f5es inclu\u00edda em\u00a0<a class=\"suno-keyword\" href=\"https:\/\/www.suno.com.br\/artigos\/despesas-nao-operacionais\/\" target=\"_blank\" rel=\"noopener\" data-force=\"no\" data-priority=\"1\">despesas n\u00e3o operacionais<\/a>\u00a0do investimento em\u00a0<a class=\"suno-keyword\" href=\"https:\/\/www.suno.com.br\/artigos\/o-que-sao-acoes-ordinarias-preferenciais-e-units\/\" target=\"_blank\" rel=\"noopener\" data-force=\"no\" data-priority=\"1\">a\u00e7\u00f5es ordin\u00e1rias<\/a>\u00a0da Rivian Automotive, produtora de ve\u00edculos el\u00e9tricos.<\/li>\n<li>As <strong>vendas l\u00edquidas<\/strong>\u00a0aumentaram 7% para US$ 116,4 bilh\u00f5es no primeiro trimestre, em compara\u00e7\u00e3o com US$ 108,5 bilh\u00f5es no primeiro trimestre de 2021. Excluindo o impacto desfavor\u00e1vel de US$ 1,8 bilh\u00e3o das mudan\u00e7as nas taxas de c\u00e2mbio ao longo do trimestre, as vendas l\u00edquidas aumentaram 9% em compara\u00e7\u00e3o com primeiro trimestre de 2021, aponta o balan\u00e7o da Amazon.<\/li>\n<li>A <strong>receita da Amazon<\/strong>\u00a0foi de US$ 116,44 bilh\u00f5es contra US$ 116,3 bilh\u00f5es estimados, segundo a Refinitiv. Conforme reportagem da CNBC, a receita da Amazon subiu 7% no primeiro trimestre. No primeiro trimestre de 2021, a empresa havia registrado aumento de 44%. O indicador de receita revela, como diz a CNBC, a taxa mais lenta para qualquer trimestre desde 2001 e o segundo per\u00edodo seguido de crescimento de um d\u00edgito.<\/li>\n<li>De acordo com a CNBC, os <strong>servi\u00e7os da Amazon Web Services<\/strong>\u00a0lucraram US$ 18,44 bilh\u00f5es contra US$ 18,27 bilh\u00f5es esperados, apontou a StreetAccount.<\/li>\n<li>No pr\u00f3ximo trimestre, a Amazon espera que as vendas l\u00edquidas fiquem entre US$ 116,0 bilh\u00f5es e US$ 121,0 bilh\u00f5es, ou cres\u00e7am entre 3% e 7% em compara\u00e7\u00e3o com o segundo trimestre de 2021. A orienta\u00e7\u00e3o antecipa um impacto desfavor\u00e1vel de aproximadamente 200 pontos base das taxas de c\u00e2mbio, aponta.<\/li>\n<li>\u201cTrabalhamos com press\u00f5es inflacion\u00e1rias e da cadeia de suprimentos em andamento, mas vemos um progresso encorajador em v\u00e1rias dimens\u00f5es da experi\u00eancia do cliente, incluindo o desempenho da velocidade de entrega, pois agora estamos nos aproximando de n\u00edveis n\u00e3o vistos desde os meses imediatamente anteriores ao pandemia no in\u00edcio de 2020\u201d, afirmou Andy Jassy, CEO da Amazon.<\/li>\n<li>Com o preju\u00edzo e as proje\u00e7\u00f5es desfavor\u00e1veis, as <strong>a\u00e7\u00f5es da Amazon<\/strong>\u00a0passaram a cair no after hours em Nova York. \u00c0s 18h45 (hor\u00e1rio de Bras\u00edlia), os pap\u00e9is despencavam 11% no after hours em Nova York.<\/li>\n<\/ul>\n\t<p>\n\t\t<a href=\"https:\/\/lp.suno.com.br\/planilha-controle-gastos\/\" target=\"_blank\" data-element=\"shortcode-suno-banner\" title=\"Banner SUNO, clique e saiba mais\">\n\t\t\t<picture>\n\t\t\t\t<source media=\"(max-width: 500px)\" srcset=\"https:\/\/files.sunoresearch.com.br\/n\/uploads\/2023\/03\/400x300-Planilha-controle-de-gastos.png\">\n\t\t\t\t<img class=\"newsContent__article__imgCapa newsContent__article__imgCapa--banner\"\n\t\t\t\t\tsrc=\"https:\/\/files.sunoresearch.com.br\/n\/uploads\/2023\/03\/1420x240-Planilha-controle-de-gastos.png\"\n\t\t\t\t\tdata-promo-id=\"101751\"\t\t\t\t\t\t\t\t\t\twidth='1420' height='240'\t\t\t\t\talt=\"https:\/\/files.sunoresearch.com.br\/n\/uploads\/2023\/03\/1420x240-Planilha-controle-de-gastos.png\"\n\t\t\t\t>\n\t\t\t<\/picture>\n\t\t<\/a>\n\t<\/p>\n\n\n<h2>Engie (EGIE3) pagar\u00e1 R$ 549,7 milh\u00f5es em dividendos; confira valor por a\u00e7\u00e3o<\/h2>\n<ul>\n<li>A <strong>Engie<\/strong>\u00a0(EGIE3) divulgou nesta quinta-feira (28) que vai pagar R$ 549,7 milh\u00f5es em\u00a0<a class=\"suno-keyword\" href=\"https:\/\/www.suno.com.br\/guias\/dividendos\/\" target=\"_blank\" rel=\"noopener\" data-force=\"no\" data-priority=\"1\">dividendos<\/a>\u00a0complementares aos seus acionistas, ap\u00f3s a proposta ser aprovada em\u00a0<strong><a class=\"suno-keyword\" href=\"https:\/\/www.suno.com.br\/artigos\/assembleia-geral-ordinaria\/\" target=\"_blank\" rel=\"noopener\" data-force=\"no\" data-priority=\"1\">Assembleia Geral Ordin\u00e1ria<\/a>\u00a0(AGO)<\/strong>.<\/li>\n<li>O valor ser\u00e1 de R$ 0,67 por a\u00e7\u00e3o e a data do pagamento ainda n\u00e3o foi definida pela Engie, conforme <a class=\"suno-keyword\" href=\"https:\/\/www.suno.com.br\/artigos\/fato-relevante\/\" target=\"_blank\" rel=\"noopener\" data-force=\"no\" data-priority=\"1\">fato relevante<\/a>.<\/li>\n<li>Apenas os investidores com <strong>a\u00e7\u00f5es da<\/strong>\u00a0<b>Engie\u00a0<\/b>no dia 11 de maio ter\u00e3o direito de receber os rendimentos. A partir do dia 12 de maio, as a\u00e7\u00f5es ser\u00e3o negociadas sem direito aos dividendos.<\/li>\n<li>Segundo documento arquivado na Comiss\u00e3o de Valores Mobili\u00e1rios (CVM), esses proventos fazem parte do exerc\u00edcio de 2021. Os proventos somaram R$ 2 bilh\u00f5es no ano, em conjunto aos complementares anunciados. O valor \u00e9 equivalente a R$ 2,49 por a\u00e7\u00e3o, totalizando 100% do lucro l\u00edquido ajustado e do lucro retido destinado \u00e0 reserva de lucros em 2020.<\/li>\n<li>Valor total: R$ 549.797.688,93<\/li>\n<li>Valor por a\u00e7\u00e3o: R$ 0,6738313480<\/li>\n<li>Data de corte: 11 de maio<\/li>\n<li>Data do pagamento: a ser definido<\/li>\n<li>Rendimento (dividend yield): 6,04%<\/li>\n<\/ul>\n\t<p>\n\t\t<a href=\"https:\/\/lp.suno.com.br\/planilha-da-vida-financeira\/\" target=\"_blank\" data-element=\"shortcode-suno-banner\" title=\"Banner SUNO, clique e saiba mais\">\n\t\t\t<picture>\n\t\t\t\t<source media=\"(max-width: 500px)\" srcset=\"https:\/\/files.sunoresearch.com.br\/n\/uploads\/2023\/04\/400x300-Planilha-vida-financeira-true.png\">\n\t\t\t\t<img class=\"newsContent__article__imgCapa newsContent__article__imgCapa--banner\"\n\t\t\t\t\tsrc=\"https:\/\/files.sunoresearch.com.br\/n\/uploads\/2023\/04\/1420x240-Planilha-vida-financeira-true.png\"\n\t\t\t\t\tdata-promo-id=\"106682\"\t\t\t\t\t\t\t\t\t\twidth='1420' height='240'\t\t\t\t\talt=\"https:\/\/files.sunoresearch.com.br\/n\/uploads\/2023\/04\/1420x240-Planilha-vida-financeira-true.png\"\n\t\t\t\t>\n\t\t\t<\/picture>\n\t\t<\/a>\n\t<\/p>\n\n\n<h2>Apple (AAPL34) lucro supera a previs\u00e3o e chega a US$ 25,01 bi; a\u00e7\u00f5es caem com proje\u00e7\u00f5es para 2022<\/h2>\n<ul>\n<li>A <strong>Apple<\/strong>\u00a0(<a class=\"suno-keyword\" href=\"https:\/\/www.suno.com.br\/bdrs\/aapl34\/\" target=\"_blank\" rel=\"noopener\" data-force=\"yes\" data-priority=\"2\">AAPL34<\/a>) registrou\u00a0<a class=\"suno-keyword\" href=\"https:\/\/www.suno.com.br\/artigos\/lucro-liquido\/\" target=\"_blank\" rel=\"noopener\" data-force=\"no\" data-priority=\"1\">lucro l\u00edquido<\/a>\u00a0de US$ 25,01 bilh\u00f5es no segundo trimestre fiscal de 2022, ou\u00a0<a class=\"suno-keyword\" href=\"https:\/\/www.suno.com.br\/artigos\/lpa-lucro-por-acao\/\" target=\"_blank\" rel=\"noopener\" data-force=\"no\" data-priority=\"1\">lucro por a\u00e7\u00e3o<\/a>\u00a0de US$ 1,52, acima da previs\u00e3o de US$ 1,42 dos analistas consultados pelo FactSet. A empresa registrou um\u00a0<strong>recorde de receita<\/strong>\u00a0no trimestre de mar\u00e7o de US$ 97,3 bilh\u00f5es, um aumento de 9% na compara\u00e7\u00e3o com o ano passado.<\/li>\n<li>O <strong><a class=\"suno-keyword\" href=\"https:\/\/www.suno.com.br\/artigos\/conselho-administracao\/\" target=\"_blank\" rel=\"noopener\" data-force=\"no\" data-priority=\"1\">conselho de administra\u00e7\u00e3o<\/a>\u00a0da Apple<\/strong>\u00a0declarou um dividendo de US$ 0,23 por a\u00e7\u00e3o ordin\u00e1ria da empresa, um aumento de 5%. Al\u00e9m disso, o conselho tamb\u00e9m autorizou um aumento de US$ 90 bilh\u00f5es no programa de\u00a0<a class=\"suno-keyword\" href=\"https:\/\/www.suno.com.br\/artigos\/recompra-de-acoes\/\" target=\"_blank\" rel=\"noopener\" data-force=\"no\" data-priority=\"1\">recompra de a\u00e7\u00f5es<\/a>\u00a0existente.<\/li>\n<li>A <strong>receita da Apple<\/strong>\u00a0registrou crescimento ante o 1T21: US$ 97,28 bilh\u00f5es contra US$ 93,89 bilh\u00f5es estimados, um aumento de 8,59% ano a ano.<\/li>\n<li>\u201cOs <strong>resultados recorde<\/strong>s deste trimestre s\u00e3o uma prova do foco incans\u00e1vel da Apple em inova\u00e7\u00e3o e nossa capacidade de criar os melhores produtos e servi\u00e7os do mundo\u201d, afirmou Tim Cook, CEO da Apple. \u201cEstamos muito satisfeitos em ver a forte resposta dos clientes aos nossos novos produtos, bem como o progresso que estamos fazendo para nos tornarmos neutros em carbono em toda a nossa cadeia de suprimentos e nossos produtos at\u00e9 2030\u201d, disse o l\u00edder.<\/li>\n<li>Cook declarou, segundo a CNBC, que o <strong>desempenho financeiro da Apple<\/strong>\u00a0no 1T22 veio \u201cmelhor do que a empresa projetava\u201d. Nas Am\u00e9ricas as vendas aumentarem 20% durante o trimestre, atingindo US$ 50,57 bilh\u00f5es.<\/li>\n<li>Mas Cook alertou que o pr\u00f3ximo trimestre ser\u00e1 \u201cdesafiador\u201d, lembrando que a empresa \u201cn\u00e3o est\u00e1 imune\u201d aos desafios da cadeia de suprimentos.<\/li>\n<li>O CFO da Apple, Luca Maestri, lembrou \u00e0 CNBC que, entre os desafios em 2022, est\u00e3o restri\u00e7\u00f5es de fornecimento relacionadas aos lockdowns na China com o surto de Covid, que podem afetar as vendas entre US$ 4 bilh\u00f5es e US$ 8 bilh\u00f5es. Essas restri\u00e7\u00f5es, disse Maestri, n\u00e3o afetaram os <strong>n\u00fameros da Apple<\/strong>\u00a0neste 1T22.<\/li>\n<\/ul>\n\t<p>\n\t\t<a href=\"https:\/\/lp.suno.com.br\/ebook-como-analisar-uma-acao\/\" target=\"_blank\" data-element=\"shortcode-suno-banner\" title=\"Banner SUNO, clique e saiba mais\">\n\t\t\t<picture>\n\t\t\t\t<source media=\"(max-width: 500px)\" srcset=\"https:\/\/files.sunoresearch.com.br\/n\/uploads\/2023\/03\/Ebook-Acoes-Mobile-1.jpg\">\n\t\t\t\t<img class=\"newsContent__article__imgCapa newsContent__article__imgCapa--banner\"\n\t\t\t\t\tsrc=\"https:\/\/files.sunoresearch.com.br\/n\/uploads\/2023\/03\/Ebook-Acoes-Desktop-1.jpg\"\n\t\t\t\t\tdata-promo-id=\"171998\"\t\t\t\t\t\t\t\t\t\twidth='1420' height='286'\t\t\t\t\talt=\"https:\/\/files.sunoresearch.com.br\/n\/uploads\/2023\/03\/Ebook-Acoes-Desktop-1.jpg\"\n\t\t\t\t>\n\t\t\t<\/picture>\n\t\t<\/a>\n\t<\/p>\n\n\n<h2>B3 (B3SA3) mant\u00e9m SLC Agr\u00edcola (SLCE3) na terceira pr\u00e9via do Ibovespa<\/h2>\n<ul>\n<li>A <a class=\"suno-keyword\" href=\"https:\/\/www.suno.com.br\/acoes\/B3SA3\/\" target=\"_blank\" rel=\"noopener\" data-force=\"yes\" data-priority=\"2\"><strong>B3<\/strong>\u00a0(B3SA3)<\/a>\u00a0divulgou nesta quinta-feira (28) a terceira pr\u00e9via da\u00a0<a class=\"suno-keyword\" href=\"https:\/\/www.suno.com.br\/artigos\/carteira-teorica\/\" target=\"_blank\" rel=\"noopener\" data-force=\"no\" data-priority=\"1\">carteira te\u00f3rica<\/a>\u00a0do Ibovespa que valer\u00e1 para o per\u00edodo de 2 de maio a 2 de setembro de 2022. A vers\u00e3o manteve a inclus\u00e3o das a\u00e7\u00f5es da\u00a0<a class=\"suno-keyword\" href=\"https:\/\/www.suno.com.br\/acoes\/SLCE3\/\" target=\"_blank\" rel=\"noopener\" data-force=\"yes\" data-priority=\"2\">SLC Agr\u00edcola (SLCE3)<\/a>, j\u00e1 anunciada no dia 1\u00ba de abril.<\/li>\n<li>A perman\u00eancia da<strong>\u00a0SLC Agr\u00edcola<\/strong>\u00a0na pr\u00e9via do \u00edndice j\u00e1 era esperada. A mudan\u00e7a ocorreu no peso que o papel ter\u00e1 na carteira te\u00f3rica do Ibovespa: de 0,217%, anunciado na segunda pr\u00e9via, passou para 0,256%.<\/li>\n<li>Al\u00e9m disso, o documento de hoje n\u00e3o excluiu nenhum papel do \u00edndice, que passa a ter 92 ativos de 89 empresas.<\/li>\n<li>Em relat\u00f3rio de mar\u00e7o, o Ita\u00fa BBA j\u00e1 apontava a SLC Agr\u00edcola como candidata a entrar na<strong>\u00a0composi\u00e7\u00e3o do Ibovespa<\/strong>. Outras possibilidades introduzidas foram\u00a0<a class=\"suno-keyword\" href=\"https:\/\/www.suno.com.br\/acoes\/PSSA3\/\" target=\"_blank\" rel=\"noopener\" data-force=\"yes\" data-priority=\"2\">Porto Seguro (PSSA3)<\/a>,\u00a0<a class=\"suno-keyword\" href=\"https:\/\/www.suno.com.br\/acoes\/raiz4\/\" target=\"_blank\" rel=\"noopener\" data-force=\"yes\" data-priority=\"1\">Ra\u00edzen (RAIZ4)<\/a>\u00a0e\u00a0<a class=\"suno-keyword\" href=\"https:\/\/www.suno.com.br\/acoes\/ARZZ3\/\" target=\"_blank\" rel=\"noopener\" data-force=\"yes\" data-priority=\"2\">Arezzo (ARZZ3)<\/a>.<\/li>\n<li>Segundo a Metodologia do \u00cdndice, s\u00e3o selecionados para compor o Ibovespa os ativos que atendam, cumulativamente, aos crit\u00e9rios da B3 de elegibilidade e negociabilidade.<\/li>\n<li>\u00c9 necess\u00e1rio:<\/li>\n<li>ter presen\u00e7a em preg\u00e3o de 95% no per\u00edodo de vig\u00eancia das tr\u00eas carteiras anteriores;<\/li>\n<li>ter participa\u00e7\u00e3o em termos de volume financeiro maior ou igual a 0,1%, no\u00a0<a class=\"suno-keyword\" href=\"https:\/\/www.suno.com.br\/artigos\/mercado-a-vista\/\" target=\"_blank\" rel=\"noopener\" data-force=\"no\" data-priority=\"1\">mercado a vista<\/a>\u00a0(lote-padr\u00e3o), no per\u00edodo de vig\u00eancia das tr\u00eas carteiras anteriores;<\/li>\n<li>e n\u00e3o ser classificado como Penny Stock.<\/li>\n<\/ul>\n<h2 class=\"newsContent__article__title\">Hypera (HYPE3): lucro no 1T22 cresce 13,7% e chega a R$ 346,9 milh\u00f5es<\/h2>\n<ul>\n<li>A <a href=\"https:\/\/www.suno.com.br\/acoes\/hype3\/\"><strong>Hypera<\/strong>\u00a0(HYPE3)<\/a>\u00a0registrou\u00a0<a class=\"suno-keyword\" href=\"https:\/\/www.suno.com.br\/artigos\/lucro-liquido\/\" target=\"_blank\" rel=\"noopener\" data-force=\"no\" data-priority=\"1\">lucro l\u00edquido<\/a> de R$ 346,9 milh\u00f5es no primeiro trimestre de 2022, avan\u00e7o de 13,7% ante o mesmo per\u00edodo de 2021. No lucro l\u00edquido das opera\u00e7\u00f5es continuadas, a companhia somou R$ 349,5 milh\u00f5es, alta anual de 13,6%.<\/li>\n<li>No primeiro trimestre, a companhia registrou Ebitda (lucro antes de juros, impostos,\u00a0<a class=\"suno-keyword\" href=\"https:\/\/www.suno.com.br\/artigos\/depreciacao-amortizacao\/\" target=\"_blank\" rel=\"noopener\" data-force=\"no\" data-priority=\"1\">deprecia\u00e7\u00e3o e amortiza\u00e7\u00e3o<\/a>) das opera\u00e7\u00f5es continuadas de R$ 505,7 milh\u00f5es, aumento de 39,7% na mesma base de compara\u00e7\u00e3o. A\u00a0<strong><a class=\"suno-keyword\" href=\"https:\/\/www.suno.com.br\/artigos\/margem-ebitda\/\" target=\"_blank\" rel=\"noopener\" data-force=\"no\" data-priority=\"1\">margem Ebitda<\/a><\/strong> cresceu 3 pontos porcentuais na compara\u00e7\u00e3o, passando para 33,9%.<\/li>\n<li>Segundo a companhia, \u201ca evolu\u00e7\u00e3o do indicador \u00e9 consequ\u00eancia principalmente da combina\u00e7\u00e3o do crescimento de 24,8% do\u00a0<a class=\"suno-keyword\" href=\"https:\/\/www.suno.com.br\/artigos\/lucro-bruto\/\" target=\"_blank\" rel=\"noopener\" data-force=\"no\" data-priority=\"1\">lucro bruto<\/a> e da dilui\u00e7\u00e3o das despesas com Marketing, Vendas e Gerais e Administrativas\u201d.<\/li>\n<li>A<strong>\u00a0<a class=\"suno-keyword\" href=\"https:\/\/www.suno.com.br\/artigos\/o-que-receita-liquida\/\" target=\"_blank\" rel=\"noopener\" data-force=\"no\" data-priority=\"1\">receita l\u00edquida<\/a><\/strong> cresceu 27,6% no per\u00edodo, alcan\u00e7ando R$ 1,493 bilh\u00e3o. \u201cEsse desempenho foi impulsionado pelo crescimento de 21,5% do sell-out org\u00e2nico, ou 6,3 pontos porcentuais acima do crescimento do mercado, favorecido principalmente pelo desempenho registrado no primeiro bimestre de 2022\u201d, destaca a empresa, no release de resultado, impactado positivamente tamb\u00e9m pela contribui\u00e7\u00e3o do portf\u00f3lio de medicamentos adquirido da Takeda.<\/li>\n<li>O\u00a0<strong><a class=\"suno-keyword\" href=\"https:\/\/www.suno.com.br\/artigos\/resultado-financeiro\/\" target=\"_blank\" rel=\"noopener\" data-force=\"no\" data-priority=\"1\">resultado financeiro<\/a><\/strong>\u00a0apresentou saldo negativo de R$ 173,6 milh\u00f5es no primeiro trimestre, ante R$ 41,3 milh\u00f5es no mesmo intervalo de 2021. Essa varia\u00e7\u00e3o \u00e9 resultado do aumento das despesas com juros pelo maior endividamento bruto da companhia, decorrente principalmente das emiss\u00f5es de deb\u00eantures para o pagamento pelas aquisi\u00e7\u00f5es recentes.<\/li>\n<\/ul>\n<p><a href=\"https:\/\/lp.suno.com.br\/newsletter-noticias\/\" target=\"_blank\" rel=\"noopener\" data-element=\"shortcode-suno-banner\" data-parameter=\"banner-mat-1-https:\/\/lp.suno.com.br\/newsletter-noticias\/\"><picture><source srcset=\"https:\/\/files.sunoresearch.com.br\/n\/uploads\/2022\/04\/Banner-MOBILE-6.jpg\" media=\"(max-width: 500px)\" \/><\/picture><\/a><\/p>\n<h2>PetroRio (PRIO3) compra campo da Petrobras (PETR4) na Bacia de Campos por US$ 2,2 bilh\u00f5es<\/h2>\n<ul>\n<li>A <strong>PetroRio<\/strong>\u00a0(PRIO3) divulgou nesta quinta-feira (28) que comprou a participa\u00e7\u00e3o de 90% da\u00a0<strong>Petrobras<\/strong>\u00a0(PETR4) no campo de Albacora Leste, na Bacia de Campos (RJ), por US$ 2,2 bilh\u00f5es. A assinatura sobre a opera\u00e7\u00e3o e controle do campo de produ\u00e7\u00e3o tamb\u00e9m foi feita hoje.<\/li>\n<li>Do valor total a ser pago pela PetroRio, haver\u00e1 uma parcela fixa de US$ 1,95 bilh\u00e3o, sendo US$ 293 milh\u00f5es quitados na assinatura do contrato e US$ 1,65 bilh\u00e3o na conclus\u00e3o da aquisi\u00e7\u00e3o, com a transfer\u00eancia da opera\u00e7\u00e3o para a companhia. De acordo com a empresa, o valor est\u00e1 sujeito a ajustes at\u00e9 o fechamento da transa\u00e7\u00e3o.<\/li>\n<li>O neg\u00f3cio tamb\u00e9m contempla a possibilidade de pagamentos adicionais de at\u00e9 US$ 250 milh\u00f5es, conforme o n\u00famero da m\u00e9dia anual sobre a cota\u00e7\u00e3o do barril de <strong>petr\u00f3leo Brent<\/strong> nos anos de 2023 e 2024.<\/li>\n<li>A equipe de Research da <strong>Ativa Investimentos<\/strong>\u00a0comenta que neste primeiro momento a PetroRio deve utilizar apenas caixa para adquirir o campo, j\u00e1 que, at\u00e9 o final do ano, espera-se que a companhia disponha de R$ 4,6 bi em caixa e de R$ 3,3 bi em d\u00edvidas.<\/li>\n<li>\u201cAcreditamos que o movimento \u00e9 positivo para as duas empresas: PetroRio impulsiona sua estrat\u00e9gia de crescimento via aquisi\u00e7\u00f5es e Petrobras ganha ainda mais robustez em seu plano de desinvestimentos e melhor aloca\u00e7\u00e3o de capital\u201d, afirmam os analistas. \u201cAcreditamos ainda que a PetroRio continuar\u00e1 empreendendo esfor\u00e7os para fechar a compra de Albacora Oeste nas pr\u00f3ximas semanas.\u201d<\/li>\n<li>A Ativa recomenda a <strong>compra das a\u00e7\u00f5es da PetroRio<\/strong>, com pre\u00e7o alvo em R$ 28 (desconsiderando os campos de Albacora e Albacora Leste), e mant\u00e9m recomenda\u00e7\u00e3o neutra para Petrobras, com pre\u00e7o alvo de R$ 38.<\/li>\n<li>Em <a class=\"suno-keyword\" href=\"https:\/\/www.suno.com.br\/artigos\/fato-relevante\/\" target=\"_blank\" rel=\"noopener\" data-force=\"no\" data-priority=\"1\">fato relevante<\/a>\u00a0enviado \u00e0 Comiss\u00e3o de Valores Mobili\u00e1rios, a PetroRio informou que, durante os primeiros 18 meses de opera\u00e7\u00e3o, haver\u00e1:<\/li>\n<li>Investimentos de aproximadamente US$ 150 milh\u00f5es no\u00a0<strong>FPSO P-50<\/strong>\u00a0para assegurar altos n\u00edveis de integridade do ativo, consequentemente alcan\u00e7ando padr\u00f5es de seguran\u00e7a a\u00a0<a class=\"suno-keyword\" href=\"https:\/\/www.suno.com.br\/artigos\/eficiencia-operacional\/\" target=\"_blank\" rel=\"noopener\" data-force=\"no\" data-priority=\"1\">efici\u00eancia operacional<\/a>\u00a0equivalentes \u00e0s suas outras opera\u00e7\u00f5es;<\/li>\n<li>Captura de\u00a0<strong>sinergias<\/strong>\u00a0e implementa\u00e7\u00e3o de sua metodologia operacional de maneira a alcan\u00e7ar um n\u00edvel de custo (OPEX) compat\u00edvel com a opera\u00e7\u00e3o do FPSOP-50, pr\u00f3ximo a US$ 90 milh\u00f5es ao ano.<\/li>\n<li>\u201cPosteriormente, ser\u00e1 iniciada a campanha de redesenvolvimento do campo, envolvendo a conex\u00e3o ou perfura\u00e7\u00e3o de 17 po\u00e7os produtores e 5 po\u00e7os injetores ao longo de 5 anos\u201d, disse a companhia, em nota. O <strong>Capex<\/strong>\u00a0estimado \u00e9 de US$ 70 mi a US$ 75 milh\u00f5es por po\u00e7o, para 100% do campo.<\/li>\n<\/ul>\n<p>Da\u00a0<b>Usiminas <\/b>a PetroRio, essas foram as empresas que se destacaram hoje. Para ler todas as mat\u00e9rias <b data-stringify-type=\"bold\"><a class=\"c-link\" tabindex=\"-1\" href=\"https:\/\/www.suno.com.br\/noticias\/\" target=\"_blank\" rel=\"noopener noreferrer\" data-stringify-link=\"https:\/\/www.suno.com.br\/noticias\/\" data-sk=\"tooltip_parent\" data-remove-tab-index=\"true\">clique aqui<\/a><\/b>.<\/p>\n\t<p>\n\t\t<a href=\"https:\/\/lp.suno.com.br\/planilha-de-controle-de-investimentos\/\" target=\"_blank\" data-element=\"shortcode-suno-banner\" title=\"Banner SUNO, clique e saiba mais\">\n\t\t\t<picture>\n\t\t\t\t<source media=\"(max-width: 500px)\" srcset=\"https:\/\/files.sunoresearch.com.br\/n\/uploads\/2023\/03\/400x300-Controle-de-Investimentos.png\">\n\t\t\t\t<img class=\"newsContent__article__imgCapa newsContent__article__imgCapa--banner\"\n\t\t\t\t\tsrc=\"https:\/\/files.sunoresearch.com.br\/n\/uploads\/2023\/03\/1420x240-Controle-de-Investimentos.png\"\n\t\t\t\t\tdata-promo-id=\"75934\"\t\t\t\t\t\t\t\t\t\twidth='1420' height='240'\t\t\t\t\talt=\"https:\/\/files.sunoresearch.com.br\/n\/uploads\/2023\/03\/1420x240-Controle-de-Investimentos.png\"\n\t\t\t\t>\n\t\t\t<\/picture>\n\t\t<\/a>\n\t<\/p>\n\n\n","protected":false},"excerpt":{"rendered":"<p>A\u00a0Usiminas\u00a0(USIM5) divulgou nesta quinta-feira (28) que vai pagar R$ 734,2 milh\u00f5es em\u00a0dividendos\u00a0aos seus acionistas, ap\u00f3s proposta ser aprovada em\u00a0Assembleia Geral Ordin\u00e1ria\u00a0(AGO). Usiminas (USIM5): desempenho fraco no 2T23 levam a\u00e7\u00f5es desabarem no Ibovespa.Foto: Divulga\u00e7\u00e3o O valor dos proventos ser\u00e1 de R$ 0,57 por a\u00e7\u00e3o ordin\u00e1ria e R$ 0,62 por a\u00e7\u00e3o preferencial. O pagamento ser\u00e1 realizado dia [&hellip;]<\/p>\n","protected":false},"author":146,"featured_media":21546,"comment_status":"closed","ping_status":"closed","sticky":false,"template":"","format":"standard","meta":[],"categories":[64],"tags":[694,794,465,597,635,675],"suno_strategy":[],"class_list":["post-254718","post","type-post","status-publish","format-standard","has-post-thumbnail","hentry","category-negocios","tag-amazon-amzo34","tag-apple-aapl34","tag-engie-egie3","tag-petrorio-prio3","tag-slc-agricola-slce3","tag-usiminas"],"yoast_head":"<!-- This site is optimized with the Yoast SEO plugin v24.4 - https:\/\/yoast.com\/wordpress\/plugins\/seo\/ -->\n<title>Radar: Dividendos milion\u00e1rios da Usiminas (USIM5) e o preju\u00edzo da Amazon (AMZO34)<\/title>\n<meta name=\"description\" content=\"A\u00a0Usiminas\u00a0(USIM5) divulgou nesta quinta (28) que vai pagar R$ 734,2 milh\u00f5es em\u00a0dividendos\u00a0aos seus acionistas. Veja mais not\u00edcias aqui!\" \/>\n<meta name=\"robots\" content=\"index, follow, max-snippet:-1, max-image-preview:large, max-video-preview:-1\" \/>\n<link rel=\"canonical\" href=\"https:\/\/www.suno.com.br\/noticias\/radar-usiminas-usim5-amazon-amzo34-petrorio-prio3\/\" \/>\n<meta property=\"og:locale\" content=\"pt_BR\" \/>\n<meta property=\"og:type\" content=\"article\" \/>\n<meta property=\"og:title\" content=\"Radar: Dividendos milion\u00e1rios da Usiminas (USIM5) e o preju\u00edzo da Amazon (AMZO34)\" \/>\n<meta property=\"og:description\" content=\"A\u00a0Usiminas\u00a0(USIM5) divulgou nesta quinta (28) que vai pagar R$ 734,2 milh\u00f5es em\u00a0dividendos\u00a0aos seus acionistas. Veja mais not\u00edcias aqui!\" \/>\n<meta property=\"og:url\" content=\"https:\/\/www.suno.com.br\/noticias\/radar-usiminas-usim5-amazon-amzo34-petrorio-prio3\/\" \/>\n<meta property=\"og:site_name\" content=\"Suno Not\u00edcias\" \/>\n<meta property=\"article:publisher\" content=\"https:\/\/facebook.com\/sunoresearch\" \/>\n<meta property=\"og:image\" content=\"https:\/\/files.sunoresearch.com.br\/n\/uploads\/2019\/04\/1cbb0b22-usiminas.jpg\" \/>\n\t<meta property=\"og:image:width\" content=\"1466\" \/>\n\t<meta property=\"og:image:height\" content=\"800\" \/>\n\t<meta property=\"og:image:type\" content=\"image\/jpeg\" \/>\n<meta name=\"author\" content=\"Vict\u00f3ria Anhesini\" \/>\n<meta name=\"twitter:card\" content=\"summary_large_image\" \/>\n<meta name=\"twitter:creator\" content=\"@sunoresearch\" \/>\n<meta name=\"twitter:site\" content=\"@sunoresearch\" \/>\n<meta name=\"twitter:label1\" content=\"Escrito por\" \/>\n\t<meta name=\"twitter:data1\" content=\"Vict\u00f3ria Anhesini\" \/>\n\t<meta name=\"twitter:label2\" content=\"Est. tempo de leitura\" \/>\n\t<meta name=\"twitter:data2\" content=\"9 minutos\" \/>\n<script type=\"application\/ld+json\" class=\"yoast-schema-graph\">{\"@context\":\"https:\/\/schema.org\",\"@graph\":[{\"@type\":\"NewsArticle\",\"@id\":\"https:\/\/www.suno.com.br\/noticias\/radar-usiminas-usim5-amazon-amzo34-petrorio-prio3\/#article\",\"isPartOf\":{\"@id\":\"https:\/\/www.suno.com.br\/noticias\/radar-usiminas-usim5-amazon-amzo34-petrorio-prio3\/\"},\"author\":{\"name\":\"Vict\u00f3ria Anhesini\",\"@id\":\"https:\/\/www.suno.com.br\/noticias\/#\/schema\/person\/46d847cb19ad53fde0857adca989c23f\"},\"headline\":\"Radar: Usiminas (USIM5) pagar\u00e1 dividendos milion\u00e1rios, Amazon (AMZO34) tem preju\u00edzo no 1T22, PetroRio (PRIO3) compra campo na Bacia de Santos\",\"datePublished\":\"2022-04-29T00:58:29+00:00\",\"mainEntityOfPage\":{\"@id\":\"https:\/\/www.suno.com.br\/noticias\/radar-usiminas-usim5-amazon-amzo34-petrorio-prio3\/\"},\"wordCount\":2071,\"publisher\":{\"@id\":\"https:\/\/www.suno.com.br\/noticias\/#organization\"},\"image\":{\"@id\":\"https:\/\/www.suno.com.br\/noticias\/radar-usiminas-usim5-amazon-amzo34-petrorio-prio3\/#primaryimage\"},\"thumbnailUrl\":\"https:\/\/files.sunoresearch.com.br\/n\/uploads\/2019\/04\/1cbb0b22-usiminas-jpg.webp\",\"keywords\":[\"Amazon (AMZO34)\",\"Apple (AAPL34)\",\"Engie (EGIE3)\",\"PetroRio (PRIO3)\",\"SLC Agr\u00edcola (SLCE3)\",\"Usiminas\"],\"articleSection\":[\"Neg\u00f3cios\"],\"inLanguage\":\"pt-BR\"},{\"@type\":\"WebPage\",\"@id\":\"https:\/\/www.suno.com.br\/noticias\/radar-usiminas-usim5-amazon-amzo34-petrorio-prio3\/\",\"url\":\"https:\/\/www.suno.com.br\/noticias\/radar-usiminas-usim5-amazon-amzo34-petrorio-prio3\/\",\"name\":\"Radar: Dividendos milion\u00e1rios da Usiminas (USIM5) e o preju\u00edzo da Amazon (AMZO34)\",\"isPartOf\":{\"@id\":\"https:\/\/www.suno.com.br\/noticias\/#website\"},\"primaryImageOfPage\":{\"@id\":\"https:\/\/www.suno.com.br\/noticias\/radar-usiminas-usim5-amazon-amzo34-petrorio-prio3\/#primaryimage\"},\"image\":{\"@id\":\"https:\/\/www.suno.com.br\/noticias\/radar-usiminas-usim5-amazon-amzo34-petrorio-prio3\/#primaryimage\"},\"thumbnailUrl\":\"https:\/\/files.sunoresearch.com.br\/n\/uploads\/2019\/04\/1cbb0b22-usiminas-jpg.webp\",\"datePublished\":\"2022-04-29T00:58:29+00:00\",\"description\":\"A\u00a0Usiminas\u00a0(USIM5) divulgou nesta quinta (28) que vai pagar R$ 734,2 milh\u00f5es em\u00a0dividendos\u00a0aos seus acionistas. Veja mais not\u00edcias aqui!\",\"breadcrumb\":{\"@id\":\"https:\/\/www.suno.com.br\/noticias\/radar-usiminas-usim5-amazon-amzo34-petrorio-prio3\/#breadcrumb\"},\"inLanguage\":\"pt-BR\",\"potentialAction\":[{\"@type\":\"ReadAction\",\"target\":[\"https:\/\/www.suno.com.br\/noticias\/radar-usiminas-usim5-amazon-amzo34-petrorio-prio3\/\"]}]},{\"@type\":\"ImageObject\",\"inLanguage\":\"pt-BR\",\"@id\":\"https:\/\/www.suno.com.br\/noticias\/radar-usiminas-usim5-amazon-amzo34-petrorio-prio3\/#primaryimage\",\"url\":\"https:\/\/files.sunoresearch.com.br\/n\/uploads\/2019\/04\/1cbb0b22-usiminas-jpg.webp\",\"contentUrl\":\"https:\/\/files.sunoresearch.com.br\/n\/uploads\/2019\/04\/1cbb0b22-usiminas-jpg.webp\",\"width\":1466,\"height\":800,\"caption\":\"Usiminas (USIM5): desempenho fraco no 2T23 levam a\u00e7\u00f5es desabarem no Ibovespa.Foto: Divulga\u00e7\u00e3o\"},{\"@type\":\"BreadcrumbList\",\"@id\":\"https:\/\/www.suno.com.br\/noticias\/radar-usiminas-usim5-amazon-amzo34-petrorio-prio3\/#breadcrumb\",\"itemListElement\":[{\"@type\":\"ListItem\",\"position\":1,\"name\":\"Not\u00edcias\",\"item\":\"https:\/\/www.suno.com.br\/noticias\/\"},{\"@type\":\"ListItem\",\"position\":2,\"name\":\"Neg\u00f3cios\",\"item\":\"https:\/\/www.suno.com.br\/noticias\/negocios\/\"},{\"@type\":\"ListItem\",\"position\":3,\"name\":\"Radar: Usiminas (USIM5) pagar\u00e1 dividendos milion\u00e1rios, Amazon (AMZO34) tem preju\u00edzo no 1T22, PetroRio (PRIO3) compra campo na Bacia de Santos\"}]},{\"@type\":\"WebSite\",\"@id\":\"https:\/\/www.suno.com.br\/noticias\/#website\",\"url\":\"https:\/\/www.suno.com.br\/noticias\/\",\"name\":\"Suno Not\u00edcias\",\"description\":\"Seu portal de informa\u00e7\u00e3o sobre o mundo dos investimentos\",\"publisher\":{\"@id\":\"https:\/\/www.suno.com.br\/noticias\/#organization\"},\"potentialAction\":[{\"@type\":\"SearchAction\",\"target\":{\"@type\":\"EntryPoint\",\"urlTemplate\":\"https:\/\/www.suno.com.br\/noticias\/?s={search_term_string}\"},\"query-input\":{\"@type\":\"PropertyValueSpecification\",\"valueRequired\":true,\"valueName\":\"search_term_string\"}}],\"inLanguage\":\"pt-BR\"},{\"@type\":\"Organization\",\"@id\":\"https:\/\/www.suno.com.br\/noticias\/#organization\",\"name\":\"Suno Not\u00edcias\",\"url\":\"https:\/\/www.suno.com.br\/noticias\/\",\"logo\":{\"@type\":\"ImageObject\",\"inLanguage\":\"pt-BR\",\"@id\":\"https:\/\/www.suno.com.br\/noticias\/#\/schema\/logo\/image\/\",\"url\":\"https:\/\/files.sunoresearch.com.br\/n\/uploads\/2021\/09\/suno-logo.png\",\"contentUrl\":\"https:\/\/files.sunoresearch.com.br\/n\/uploads\/2021\/09\/suno-logo.png\",\"width\":180,\"height\":180,\"caption\":\"Suno Not\u00edcias\"},\"image\":{\"@id\":\"https:\/\/www.suno.com.br\/noticias\/#\/schema\/logo\/image\/\"},\"sameAs\":[\"https:\/\/facebook.com\/sunoresearch\",\"https:\/\/x.com\/sunoresearch\",\"https:\/\/www.instagram.com\/suno\",\"https:\/\/www.linkedin.com\/company\/suno-research\/\",\"https:\/\/www.youtube.com\/c\/sunoresearch\"]},{\"@type\":\"Person\",\"@id\":\"https:\/\/www.suno.com.br\/noticias\/#\/schema\/person\/46d847cb19ad53fde0857adca989c23f\",\"name\":\"Vict\u00f3ria Anhesini\",\"image\":{\"@type\":\"ImageObject\",\"inLanguage\":\"pt-BR\",\"@id\":\"https:\/\/www.suno.com.br\/noticias\/#\/schema\/person\/image\/\",\"url\":\"https:\/\/secure.gravatar.com\/avatar\/0172bdfcd9129dd9dd68794804304e6e?s=96&r=g\",\"contentUrl\":\"https:\/\/secure.gravatar.com\/avatar\/0172bdfcd9129dd9dd68794804304e6e?s=96&r=g\",\"caption\":\"Vict\u00f3ria Anhesini\"},\"description\":\"Rep\u00f3rter no Suno Not\u00edcias, cobre mercados, neg\u00f3cios e economia, escrevendo majoritariamente sobre movimentos das empresas, cobertura de balan\u00e7os trimestrais e Bolsa de Valores. Formada em jornalismo pela Universidade Presbiteriana Mackenzie em 2019, passou pelo portal de economia e finan\u00e7as EuQueroInvestir como rep\u00f3rter e anteriormente, trabalhou na assessoria de imprensa PinePR, onde liderou com startups de inova\u00e7\u00e3o, tecnologia e finan\u00e7as. Em seu tempo livre, fala sobre m\u00fasica para ambos os sites do selo ForMusic, Wikimetal e Mad Sound, e faz trabalho volunt\u00e1rio no programa Escreve Cartas do Poupatempo.\",\"sameAs\":[\"https:\/\/www.linkedin.com\/in\/victoria-anhesini\/\"],\"url\":\"https:\/\/www.suno.com.br\/noticias\/author\/victoria\/\"}]}<\/script>\n<!-- \/ Yoast SEO plugin. -->","yoast_head_json":{"title":"Radar: Dividendos milion\u00e1rios da Usiminas (USIM5) e o preju\u00edzo da Amazon (AMZO34)","description":"A\u00a0Usiminas\u00a0(USIM5) divulgou nesta quinta (28) que vai pagar R$ 734,2 milh\u00f5es em\u00a0dividendos\u00a0aos seus acionistas. Veja mais not\u00edcias aqui!","robots":{"index":"index","follow":"follow","max-snippet":"max-snippet:-1","max-image-preview":"max-image-preview:large","max-video-preview":"max-video-preview:-1"},"canonical":"https:\/\/www.suno.com.br\/noticias\/radar-usiminas-usim5-amazon-amzo34-petrorio-prio3\/","og_locale":"pt_BR","og_type":"article","og_title":"Radar: Dividendos milion\u00e1rios da Usiminas (USIM5) e o preju\u00edzo da Amazon (AMZO34)","og_description":"A\u00a0Usiminas\u00a0(USIM5) divulgou nesta quinta (28) que vai pagar R$ 734,2 milh\u00f5es em\u00a0dividendos\u00a0aos seus acionistas. Veja mais not\u00edcias aqui!","og_url":"https:\/\/www.suno.com.br\/noticias\/radar-usiminas-usim5-amazon-amzo34-petrorio-prio3\/","og_site_name":"Suno Not\u00edcias","article_publisher":"https:\/\/facebook.com\/sunoresearch","og_image":[{"width":1466,"height":800,"url":"https:\/\/files.sunoresearch.com.br\/n\/uploads\/2019\/04\/1cbb0b22-usiminas.jpg","type":"image\/jpeg"}],"author":"Vict\u00f3ria Anhesini","twitter_card":"summary_large_image","twitter_creator":"@sunoresearch","twitter_site":"@sunoresearch","twitter_misc":{"Escrito por":"Vict\u00f3ria Anhesini","Est. tempo de leitura":"9 minutos"},"schema":{"@context":"https:\/\/schema.org","@graph":[{"@type":"NewsArticle","@id":"https:\/\/www.suno.com.br\/noticias\/radar-usiminas-usim5-amazon-amzo34-petrorio-prio3\/#article","isPartOf":{"@id":"https:\/\/www.suno.com.br\/noticias\/radar-usiminas-usim5-amazon-amzo34-petrorio-prio3\/"},"author":{"name":"Vict\u00f3ria Anhesini","@id":"https:\/\/www.suno.com.br\/noticias\/#\/schema\/person\/46d847cb19ad53fde0857adca989c23f"},"headline":"Radar: Usiminas (USIM5) pagar\u00e1 dividendos milion\u00e1rios, Amazon (AMZO34) tem preju\u00edzo no 1T22, PetroRio (PRIO3) compra campo na Bacia de Santos","datePublished":"2022-04-29T00:58:29+00:00","mainEntityOfPage":{"@id":"https:\/\/www.suno.com.br\/noticias\/radar-usiminas-usim5-amazon-amzo34-petrorio-prio3\/"},"wordCount":2071,"publisher":{"@id":"https:\/\/www.suno.com.br\/noticias\/#organization"},"image":{"@id":"https:\/\/www.suno.com.br\/noticias\/radar-usiminas-usim5-amazon-amzo34-petrorio-prio3\/#primaryimage"},"thumbnailUrl":"https:\/\/files.sunoresearch.com.br\/n\/uploads\/2019\/04\/1cbb0b22-usiminas-jpg.webp","keywords":["Amazon (AMZO34)","Apple (AAPL34)","Engie (EGIE3)","PetroRio (PRIO3)","SLC Agr\u00edcola (SLCE3)","Usiminas"],"articleSection":["Neg\u00f3cios"],"inLanguage":"pt-BR"},{"@type":"WebPage","@id":"https:\/\/www.suno.com.br\/noticias\/radar-usiminas-usim5-amazon-amzo34-petrorio-prio3\/","url":"https:\/\/www.suno.com.br\/noticias\/radar-usiminas-usim5-amazon-amzo34-petrorio-prio3\/","name":"Radar: Dividendos milion\u00e1rios da Usiminas (USIM5) e o preju\u00edzo da Amazon (AMZO34)","isPartOf":{"@id":"https:\/\/www.suno.com.br\/noticias\/#website"},"primaryImageOfPage":{"@id":"https:\/\/www.suno.com.br\/noticias\/radar-usiminas-usim5-amazon-amzo34-petrorio-prio3\/#primaryimage"},"image":{"@id":"https:\/\/www.suno.com.br\/noticias\/radar-usiminas-usim5-amazon-amzo34-petrorio-prio3\/#primaryimage"},"thumbnailUrl":"https:\/\/files.sunoresearch.com.br\/n\/uploads\/2019\/04\/1cbb0b22-usiminas-jpg.webp","datePublished":"2022-04-29T00:58:29+00:00","description":"A\u00a0Usiminas\u00a0(USIM5) divulgou nesta quinta (28) que vai pagar R$ 734,2 milh\u00f5es em\u00a0dividendos\u00a0aos seus acionistas. Veja mais not\u00edcias aqui!","breadcrumb":{"@id":"https:\/\/www.suno.com.br\/noticias\/radar-usiminas-usim5-amazon-amzo34-petrorio-prio3\/#breadcrumb"},"inLanguage":"pt-BR","potentialAction":[{"@type":"ReadAction","target":["https:\/\/www.suno.com.br\/noticias\/radar-usiminas-usim5-amazon-amzo34-petrorio-prio3\/"]}]},{"@type":"ImageObject","inLanguage":"pt-BR","@id":"https:\/\/www.suno.com.br\/noticias\/radar-usiminas-usim5-amazon-amzo34-petrorio-prio3\/#primaryimage","url":"https:\/\/files.sunoresearch.com.br\/n\/uploads\/2019\/04\/1cbb0b22-usiminas-jpg.webp","contentUrl":"https:\/\/files.sunoresearch.com.br\/n\/uploads\/2019\/04\/1cbb0b22-usiminas-jpg.webp","width":1466,"height":800,"caption":"Usiminas (USIM5): desempenho fraco no 2T23 levam a\u00e7\u00f5es desabarem no Ibovespa.Foto: Divulga\u00e7\u00e3o"},{"@type":"BreadcrumbList","@id":"https:\/\/www.suno.com.br\/noticias\/radar-usiminas-usim5-amazon-amzo34-petrorio-prio3\/#breadcrumb","itemListElement":[{"@type":"ListItem","position":1,"name":"Not\u00edcias","item":"https:\/\/www.suno.com.br\/noticias\/"},{"@type":"ListItem","position":2,"name":"Neg\u00f3cios","item":"https:\/\/www.suno.com.br\/noticias\/negocios\/"},{"@type":"ListItem","position":3,"name":"Radar: Usiminas (USIM5) pagar\u00e1 dividendos milion\u00e1rios, Amazon (AMZO34) tem preju\u00edzo no 1T22, PetroRio (PRIO3) compra campo na Bacia de Santos"}]},{"@type":"WebSite","@id":"https:\/\/www.suno.com.br\/noticias\/#website","url":"https:\/\/www.suno.com.br\/noticias\/","name":"Suno Not\u00edcias","description":"Seu portal de informa\u00e7\u00e3o sobre o mundo dos investimentos","publisher":{"@id":"https:\/\/www.suno.com.br\/noticias\/#organization"},"potentialAction":[{"@type":"SearchAction","target":{"@type":"EntryPoint","urlTemplate":"https:\/\/www.suno.com.br\/noticias\/?s={search_term_string}"},"query-input":{"@type":"PropertyValueSpecification","valueRequired":true,"valueName":"search_term_string"}}],"inLanguage":"pt-BR"},{"@type":"Organization","@id":"https:\/\/www.suno.com.br\/noticias\/#organization","name":"Suno Not\u00edcias","url":"https:\/\/www.suno.com.br\/noticias\/","logo":{"@type":"ImageObject","inLanguage":"pt-BR","@id":"https:\/\/www.suno.com.br\/noticias\/#\/schema\/logo\/image\/","url":"https:\/\/files.sunoresearch.com.br\/n\/uploads\/2021\/09\/suno-logo.png","contentUrl":"https:\/\/files.sunoresearch.com.br\/n\/uploads\/2021\/09\/suno-logo.png","width":180,"height":180,"caption":"Suno Not\u00edcias"},"image":{"@id":"https:\/\/www.suno.com.br\/noticias\/#\/schema\/logo\/image\/"},"sameAs":["https:\/\/facebook.com\/sunoresearch","https:\/\/x.com\/sunoresearch","https:\/\/www.instagram.com\/suno","https:\/\/www.linkedin.com\/company\/suno-research\/","https:\/\/www.youtube.com\/c\/sunoresearch"]},{"@type":"Person","@id":"https:\/\/www.suno.com.br\/noticias\/#\/schema\/person\/46d847cb19ad53fde0857adca989c23f","name":"Vict\u00f3ria Anhesini","image":{"@type":"ImageObject","inLanguage":"pt-BR","@id":"https:\/\/www.suno.com.br\/noticias\/#\/schema\/person\/image\/","url":"https:\/\/secure.gravatar.com\/avatar\/0172bdfcd9129dd9dd68794804304e6e?s=96&r=g","contentUrl":"https:\/\/secure.gravatar.com\/avatar\/0172bdfcd9129dd9dd68794804304e6e?s=96&r=g","caption":"Vict\u00f3ria Anhesini"},"description":"Rep\u00f3rter no Suno Not\u00edcias, cobre mercados, neg\u00f3cios e economia, escrevendo majoritariamente sobre movimentos das empresas, cobertura de balan\u00e7os trimestrais e Bolsa de Valores. Formada em jornalismo pela Universidade Presbiteriana Mackenzie em 2019, passou pelo portal de economia e finan\u00e7as EuQueroInvestir como rep\u00f3rter e anteriormente, trabalhou na assessoria de imprensa PinePR, onde liderou com startups de inova\u00e7\u00e3o, tecnologia e finan\u00e7as. Em seu tempo livre, fala sobre m\u00fasica para ambos os sites do selo ForMusic, Wikimetal e Mad Sound, e faz trabalho volunt\u00e1rio no programa Escreve Cartas do Poupatempo.","sameAs":["https:\/\/www.linkedin.com\/in\/victoria-anhesini\/"],"url":"https:\/\/www.suno.com.br\/noticias\/author\/victoria\/"}]}},"default_loop_html":"<div class=\"cardsPage__listCard__boxs\"><div class=\"cardsPage__listCard__boxs__img\"><a href=\"https:\/\/www.suno.com.br\/noticias\/radar-usiminas-usim5-amazon-amzo34-petrorio-prio3\/\"><img class=\"mask\" src=\"https:\/\/www.suno.com.br\/noticias\/wp-content\/themes\/suno\/resources\/images\/spotlight\/spotlight1img\/bg-mask.png\" alt=\"Image Mask\"\/><img src=\"https:\/\/files.sunoresearch.com.br\/n\/uploads\/2019\/04\/1cbb0b22-usiminas-400x200.webp\" alt=\"Radar: Usiminas (USIM5) pagar\u00e1 dividendos milion\u00e1rios, Amazon (AMZO34) tem preju\u00edzo no 1T22, PetroRio (PRIO3) compra campo na Bacia de Santos\"\/><\/a><span class=\"spotlightCategory\"><a href=\"https:\/\/www.suno.com.br\/noticias\/negocios\/\">Neg\u00f3cios<\/a><\/span><\/div><div class=\"cardsPage__listCard__boxs__content\"><a href=\"https:\/\/www.suno.com.br\/noticias\/radar-usiminas-usim5-amazon-amzo34-petrorio-prio3\/\"><h2 class=\"content__title\">Radar: Usiminas (USIM5) pagar\u00e1 dividendos milion\u00e1rios, Amazon (AMZO34) tem preju\u00edzo no 1T22, PetroRio (PRIO3) compra campo na Bacia de Santos<\/h2><\/a><div class=\"newsContent__article__meta\"><div class=\"newsContent__article__meta__authorBox\"><a href=\"https:\/\/www.suno.com.br\/noticias\/author\/victoria\/\" class=\"authorBox__avatar noMobi\"><img src=\"https:\/\/files.sunoresearch.com.br\/n\/uploads\/2021\/12\/20190129VickyPINEAPPLE01-1-150x150.jpg\" alt=\"Vict\u00f3ria Anhesini\"><\/a><div class=\"authorBox__name\"><span>por\n\t\t\t<a href=\"https:\/\/www.suno.com.br\/noticias\/author\/victoria\/\"><span itemprop=\"author\">Vict\u00f3ria Anhesini<\/span><\/a><\/span><time datetime=\"2022-04-28T21:58:29-03:00\" itemprop=\"datePublished\">28\/04\/2022 21:58<\/time><\/div><\/div><\/div><\/div><\/div>","single_layout":"posts","amp_enabled":true,"_links":{"self":[{"href":"https:\/\/www.suno.com.br\/noticias\/wp-json\/wp\/v2\/posts\/254718"}],"collection":[{"href":"https:\/\/www.suno.com.br\/noticias\/wp-json\/wp\/v2\/posts"}],"about":[{"href":"https:\/\/www.suno.com.br\/noticias\/wp-json\/wp\/v2\/types\/post"}],"author":[{"embeddable":true,"href":"https:\/\/www.suno.com.br\/noticias\/wp-json\/wp\/v2\/users\/146"}],"replies":[{"embeddable":true,"href":"https:\/\/www.suno.com.br\/noticias\/wp-json\/wp\/v2\/comments?post=254718"}],"version-history":[{"count":3,"href":"https:\/\/www.suno.com.br\/noticias\/wp-json\/wp\/v2\/posts\/254718\/revisions"}],"predecessor-version":[{"id":254737,"href":"https:\/\/www.suno.com.br\/noticias\/wp-json\/wp\/v2\/posts\/254718\/revisions\/254737"}],"wp:featuredmedia":[{"embeddable":true,"href":"https:\/\/www.suno.com.br\/noticias\/wp-json\/wp\/v2\/media\/21546"}],"wp:attachment":[{"href":"https:\/\/www.suno.com.br\/noticias\/wp-json\/wp\/v2\/media?parent=254718"}],"wp:term":[{"taxonomy":"category","embeddable":true,"href":"https:\/\/www.suno.com.br\/noticias\/wp-json\/wp\/v2\/categories?post=254718"},{"taxonomy":"post_tag","embeddable":true,"href":"https:\/\/www.suno.com.br\/noticias\/wp-json\/wp\/v2\/tags?post=254718"},{"taxonomy":"suno_strategy","embeddable":true,"href":"https:\/\/www.suno.com.br\/noticias\/wp-json\/wp\/v2\/suno_strategy?post=254718"}],"curies":[{"name":"wp","href":"https:\/\/api.w.org\/{rel}","templated":true}]}}