{"id":254644,"date":"2022-04-28T20:20:41","date_gmt":"2022-04-28T23:20:41","guid":{"rendered":"https:\/\/www.suno.com.br\/noticias\/?p=254644"},"modified":"2022-04-28T20:26:41","modified_gmt":"2022-04-28T23:26:41","slug":"dolar-cai-055-fecha-a-r-49399","status":"publish","type":"post","link":"https:\/\/www.suno.com.br\/noticias\/dolar-cai-055-fecha-a-r-49399\/","title":{"rendered":"2\u00ba dia seguido de queda: d\u00f3lar cede 0,55% e fecha a R$ 4,9399"},"content":{"rendered":"<p>Em dia de melhora no ambiente externo, com as <strong>bolsas de Nova York <\/strong>fechando em alta, o d\u00f3lar recuou 0,55%, a R$ 4,9399, depois de ultrapassar a barreira de R$ 5 na manh\u00e3\u00a0desta quinta-feira (28). Indicadores dom\u00e9sticos como arrecada\u00e7\u00e3o e resultado do Governo Central foram analisados, mas n\u00e3o tiveram grande impacto na forma\u00e7\u00e3o de <strong>taxa de c\u00e2mbio<\/strong>.<\/p>\t<div class=\"wrapper-featured-image\">\n\t\t<figure class=\"spotlightImg\">\n\n\t\t\t<picture>\n\t\t\t\t<source media=\"(max-width: 768px)\" srcset=\"https:\/\/files.sunoresearch.com.br\/n\/uploads\/2022\/03\/pexels-pixabay-164661-400x200.jpg\">\n\t\t\t\t<img loading=\"lazy\" decoding=\"async\" class=\"newsContent__article__imgCapa lazyloadDisabled \" src=\"https:\/\/files.sunoresearch.com.br\/n\/uploads\/2022\/03\/pexels-pixabay-164661-800x450.jpg\" width=\"800\" height=\"450\" alt=\"2\u00ba dia seguido de queda: d\u00f3lar cede 0,55% e fecha a R$ 4,9399\" fetchpriority=high \/>\n\t\t\t<\/picture>\n\n\t\t\t<figcaption class=\"wp-caption-text wp-caption-text--show\">D\u00f3lar. Foto: Pexels<\/figcaption>\n\t\t<\/figure>\n\t<\/div>\n\n\n\t<p>\n\t\t<a href=\"\" target=\"_blank\" data-element=\"shortcode-suno-banner\" title=\"Banner SUNO, clique e saiba mais\">\n\t\t\t<picture>\n\t\t\t\t<source media=\"(max-width: 500px)\" srcset=\"\">\n\t\t\t\t<img class=\"newsContent__article__imgCapa newsContent__article__imgCapa--banner\"\n\t\t\t\t\tsrc=\"\"\n\t\t\t\t\tdata-promo-id=\"240038\"\t\t\t\t\t\t\t\t\t\t\t\t\t\t\talt=\"\"\n\t\t\t\t>\n\t\t\t<\/picture>\n\t\t<\/a>\n\t<\/p>\n\n\n<p>Pela manh\u00e3, o <strong>d\u00f3lar hoje<\/strong> atingiu m\u00e1xima da sess\u00e3o a R$ 5,0451 (+ 1,57%), acompanhando a escalada da moeda no exterior. A divisa, por\u00e9m, perdeu for\u00e7a na etapa vespertina. Com trocas de sinais ao longo da tarde, firmou-se em terreno negativo na \u00faltima hora de preg\u00e3o e, ap\u00f3s registrar m\u00ednima a R$ 4,9364, encerrou o dia cotado a R$ 4,9399.<\/p>\n<p>Operadores afirmam que parte da perda de f\u00f4lego do d\u00f3lar pode ser atribu\u00edda \u00e0 realiza\u00e7\u00e3o de lucros intraday e ao in\u00edcio da rolagem de posi\u00e7\u00f5es no <a class=\"suno-keyword\" href=\"https:\/\/www.suno.com.br\/artigos\/contrato-futuro\/\" target=\"_blank\" rel=\"noopener\" data-force=\"no\" data-priority=\"1\">mercado futuro<\/a>. Com o tombo desta quinta, a moeda marcou o segundo dia consecutivo de baixa. Mesmo assim, ainda acumula valoriza\u00e7\u00e3o de 2,81% na semana e de 3,75% no m\u00eas.<\/p>\n\t<p>\n\t\t<a href=\"https:\/\/lp.suno.com.br\/planilha-controle-gastos\/\" target=\"_blank\" data-element=\"shortcode-suno-banner\" title=\"Banner SUNO, clique e saiba mais\">\n\t\t\t<picture>\n\t\t\t\t<source media=\"(max-width: 500px)\" srcset=\"https:\/\/files.sunoresearch.com.br\/n\/uploads\/2023\/03\/400x300-Planilha-controle-de-gastos.png\">\n\t\t\t\t<img class=\"newsContent__article__imgCapa newsContent__article__imgCapa--banner\"\n\t\t\t\t\tsrc=\"https:\/\/files.sunoresearch.com.br\/n\/uploads\/2023\/03\/1420x240-Planilha-controle-de-gastos.png\"\n\t\t\t\t\tdata-promo-id=\"101751\"\t\t\t\t\t\t\t\t\t\twidth='1420' height='240'\t\t\t\t\talt=\"https:\/\/files.sunoresearch.com.br\/n\/uploads\/2023\/03\/1420x240-Planilha-controle-de-gastos.png\"\n\t\t\t\t>\n\t\t\t<\/picture>\n\t\t<\/a>\n\t<\/p>\n\n\n<p>&#8220;Essa <strong><a class=\"suno-keyword\" href=\"https:\/\/www.suno.com.br\/artigos\/queda-dolar\/\" target=\"_blank\" rel=\"noopener\" data-force=\"no\" data-priority=\"1\">queda do d\u00f3lar<\/a><\/strong> \u00e0 tarde parece um algo t\u00e9cnico, com operadores ajustando posi\u00e7\u00f5es, j\u00e1 que amanh\u00e3 \u00e9 o \u00faltimo dia \u00fatil do m\u00eas. N\u00e3o tem explica\u00e7\u00e3o econ\u00f4mica para essa virada no fim do dia porque o quadro ainda \u00e9 de press\u00e3o sobre a nossa moeda, por causa dos ru\u00eddos pol\u00edticos locais e expectativa de aumento de juros nos EUA na pr\u00f3xima semana&#8221;, afirma a economista Cristiane Quartaroli, do Banco Ourinvest.<\/p>\n<p>Operadores notam que, ap\u00f3s o movimento r\u00e1pido e intenso de repetir a precifica\u00e7\u00e3o do d\u00f3lar no mercado dom\u00e9stico, com alta de 8% em tr\u00eas preg\u00f5es (dias 22, 25 e 26), a moeda parece passar por um per\u00edodo de acomoda\u00e7\u00e3o e sem for\u00e7as para se firmar acima de R$ 5,00. Parece ter ficado para tr\u00e1s o momento mais agudo de redu\u00e7\u00e3o de posi\u00e7\u00f5es vendidas (que apostam na queda do d\u00f3lar) no mercado futuro por parte de fundos locais.<\/p>\n\t<p>\n\t\t<a href=\"https:\/\/lp.suno.com.br\/planilha-de-controle-de-investimentos\/\" target=\"_blank\" data-element=\"shortcode-suno-banner\" title=\"Banner SUNO, clique e saiba mais\">\n\t\t\t<picture>\n\t\t\t\t<source media=\"(max-width: 500px)\" srcset=\"https:\/\/files.sunoresearch.com.br\/n\/uploads\/2023\/03\/400x300-Controle-de-Investimentos.png\">\n\t\t\t\t<img class=\"newsContent__article__imgCapa newsContent__article__imgCapa--banner\"\n\t\t\t\t\tsrc=\"https:\/\/files.sunoresearch.com.br\/n\/uploads\/2023\/03\/1420x240-Controle-de-Investimentos.png\"\n\t\t\t\t\tdata-promo-id=\"75934\"\t\t\t\t\t\t\t\t\t\twidth='1420' height='240'\t\t\t\t\talt=\"https:\/\/files.sunoresearch.com.br\/n\/uploads\/2023\/03\/1420x240-Controle-de-Investimentos.png\"\n\t\t\t\t>\n\t\t\t<\/picture>\n\t\t<\/a>\n\t<\/p>\n\n\n<p>O momento de maior press\u00e3o sobre o real nesta quinta veio na esteira do fortalecimento expressivo da <strong>moeda americana<\/strong> no exterior. O <a class=\"suno-keyword\" href=\"https:\/\/www.suno.com.br\/artigos\/dxy\/\" target=\"_blank\" rel=\"noopener\" data-force=\"no\" data-priority=\"1\">\u00edndice DXY<\/a> &#8211; que mede a varia\u00e7\u00e3o do d\u00f3lar frente a uma cesta de seis divisas fortes &#8211; atingiu 103,928 pontos pela manh\u00e3, no maior n\u00edvel em 20 anos, com tombo do euro e, sobretudo, do iene, ap\u00f3s o BC do Jap\u00e3o manter sua taxa de dep\u00f3sito negativa em -0,1%.<\/p>\n<p>A queda inesperada do Produto Interno Bruto (PIB) dos Estados Unidos no primeiro trimestre n\u00e3o abalou as expectativas de que o Federal Reserve (Fed, o banco central norte-americano) n\u00e3o apenas vai p\u00f4r o p\u00e9 no acelerador, com alta da taxa b\u00e1sica americana em 0,50 ponto porcentual na semana que vem, dia 4, como vai levar a <a class=\"suno-keyword\" href=\"https:\/\/www.suno.com.br\/artigos\/politica-monetaria\/\" target=\"_blank\" rel=\"noopener\" data-force=\"no\" data-priority=\"1\">pol\u00edtica monet\u00e1ria<\/a> para o campo restritivo at\u00e9 o fim deste ano. O<strong> PIB americano<\/strong> caiu 1,4 no terceiro trimestre (ritmo anualizado), na contram\u00e3o da alta de 1% esperada por analistas.<\/p>\n<p>&#8220;O Fed j\u00e1 mostrou que vai ter uma postura mais dura no combate a infla\u00e7\u00e3o, tanto na dose dos juros quanto na velocidade do ajuste&#8221;, afirma o especialista em renda fixa da Blue 3, Nicolas Giacometti. &#8220;O ciclo de alta deve ser mais r\u00e1pido. Sinalizaram aumento de 50 pontos-base na reuni\u00e3o da semana que vem e boa parte do mercado j\u00e1 aposta 75 pontos na pr\u00f3xima reuni\u00e3o&#8221;.<\/p>\n\t<p>\n\t\t<a href=\"https:\/\/lp.suno.com.br\/ebook-como-analisar-uma-acao\/\" target=\"_blank\" data-element=\"shortcode-suno-banner\" title=\"Banner SUNO, clique e saiba mais\">\n\t\t\t<picture>\n\t\t\t\t<source media=\"(max-width: 500px)\" srcset=\"https:\/\/files.sunoresearch.com.br\/n\/uploads\/2023\/03\/Ebook-Acoes-Mobile-1.jpg\">\n\t\t\t\t<img class=\"newsContent__article__imgCapa newsContent__article__imgCapa--banner\"\n\t\t\t\t\tsrc=\"https:\/\/files.sunoresearch.com.br\/n\/uploads\/2023\/03\/Ebook-Acoes-Desktop-1.jpg\"\n\t\t\t\t\tdata-promo-id=\"171998\"\t\t\t\t\t\t\t\t\t\twidth='1420' height='286'\t\t\t\t\talt=\"https:\/\/files.sunoresearch.com.br\/n\/uploads\/2023\/03\/Ebook-Acoes-Desktop-1.jpg\"\n\t\t\t\t>\n\t\t\t<\/picture>\n\t\t<\/a>\n\t<\/p>\n\n\n<h2>D\u00f3lar e o temor pelo aumento das tens\u00f5es geopol\u00edticas<\/h2>\n<p>A busca pela <strong>moeda norte-americana<\/strong> no exterior tamb\u00e9m \u00e9 alimentada pelo receio de um recrudescimento das tens\u00f5es entre R\u00fassia e Ocidente. Os russos anunciaram na quarta-feira corte do fornecimento de g\u00e1s para Pol\u00f4nia e Bulg\u00e1ria e aumentaram a intensidade dos ataques \u00e0 Ucr\u00e2nia, o que tem prejudicado o euro, nos menores n\u00edveis em cinco anos. H\u00e1 tamb\u00e9m preocupa\u00e7\u00f5es com a desacelera\u00e7\u00e3o da economia chinesa, diante da possibilidade de ado\u00e7\u00e3o de mais medidas restritivas para conter a covid-19.<\/p>\n<p>A combina\u00e7\u00e3o de alta de juros mais r\u00e1pida nos EUA e perspectiva de encerramento do aperto monet\u00e1rio no Brasil no mais tardar em junho, aliada ao aumento da instabilidade provocada pela <a class=\"suno-keyword\" href=\"https:\/\/www.suno.com.br\/artigos\/aversao-ao-risco\/\" target=\"_blank\" rel=\"noopener\" data-force=\"no\" data-priority=\"1\">avers\u00e3o ao risco<\/a> no exterior, tende a tirar um pouco de atratividade do <i><a class=\"suno-keyword\" href=\"https:\/\/www.suno.com.br\/artigos\/carry-trade\/\" target=\"_blank\" rel=\"noopener\" data-force=\"no\" data-priority=\"1\">carry trade<\/a><\/i>, diz Giacometti, da Blue3. &#8220;Os dados do <a class=\"suno-keyword\" href=\"https:\/\/www.suno.com.br\/artigos\/fluxo-cambial\/\" target=\"_blank\" rel=\"noopener\" data-force=\"no\" data-priority=\"1\">fluxo cambial<\/a> (divulgados na quarta pelo Banco Central) j\u00e1 mostram uma desacelera\u00e7\u00e3o da entrada de recursos&#8221;, afirma.<\/p>\n<p>Segundo dados da <a class=\"suno-keyword\" href=\"https:\/\/www.suno.com.br\/acoes\/B3SA3\/\" target=\"_blank\" rel=\"noopener\" data-force=\"yes\" data-priority=\"2\">B3 (B3SA3)<\/a> divulgados nesta quinta pela manh\u00e3, os investidores estrangeiros retiraram R$ 2,498 bilh\u00f5es da bolsa dom\u00e9stica na \u00faltima ter\u00e7a-feira, 26, levando a sa\u00edda em abril para R$ 4,322 bilh\u00f5es. Em 2022, a entrada de capital externo \u00e9 de R$ 61,005 bilh\u00f5es.<\/p>\n\t<p>\n\t\t<a href=\"https:\/\/lp.suno.com.br\/planilha-da-vida-financeira\/\" target=\"_blank\" data-element=\"shortcode-suno-banner\" title=\"Banner SUNO, clique e saiba mais\">\n\t\t\t<picture>\n\t\t\t\t<source media=\"(max-width: 500px)\" srcset=\"https:\/\/files.sunoresearch.com.br\/n\/uploads\/2023\/04\/400x300-Planilha-vida-financeira-true.png\">\n\t\t\t\t<img class=\"newsContent__article__imgCapa newsContent__article__imgCapa--banner\"\n\t\t\t\t\tsrc=\"https:\/\/files.sunoresearch.com.br\/n\/uploads\/2023\/04\/1420x240-Planilha-vida-financeira-true.png\"\n\t\t\t\t\tdata-promo-id=\"106682\"\t\t\t\t\t\t\t\t\t\twidth='1420' height='240'\t\t\t\t\talt=\"https:\/\/files.sunoresearch.com.br\/n\/uploads\/2023\/04\/1420x240-Planilha-vida-financeira-true.png\"\n\t\t\t\t>\n\t\t\t<\/picture>\n\t\t<\/a>\n\t<\/p>\n\n\n<p>O economista-chefe da JF Trust, Eduardo Velho, v\u00ea o <strong>d\u00f3lar<\/strong> para cima nos pr\u00f3ximos meses com aumento do risco dom\u00e9stico e piora dos fluxos estrangeiros, tend\u00eancia j\u00e1 vista pela sa\u00edda de US$ 4 bilh\u00f5es pelo canal financeiro no primeiro trimestre. &#8220;Na aus\u00eancia de interven\u00e7\u00e3o robusta do Bacen, avaliamos que o movimento do d\u00f3lar ainda seria de alta superior a R$ 5,0 nos pr\u00f3ximos meses, na medida de aumento da <a class=\"suno-keyword\" href=\"https:\/\/www.suno.com.br\/artigos\/juros\/\" target=\"_blank\" rel=\"noopener\" data-force=\"no\" data-priority=\"2\">taxa de juros<\/a> nos EUA e corre\u00e7\u00e3o do mercado acion\u00e1rio, mas tamb\u00e9m pela proximidade da elei\u00e7\u00e3o presidencial e a imprevisibilidade da <a class=\"suno-keyword\" href=\"https:\/\/www.suno.com.br\/artigos\/politica-economica\/\" target=\"_blank\" rel=\"noopener\" data-force=\"no\" data-priority=\"1\">pol\u00edtica econ\u00f4mica<\/a> 2023&#8243;, afirma Velho, em relat\u00f3rio.<\/p>\n<p class=\"newsProviderSignature\"><em>Com informa\u00e7\u00f5es do Estad\u00e3o Conte\u00fado<\/em><\/p>\n","protected":false},"excerpt":{"rendered":"<p>Em dia de melhora no ambiente externo, com as bolsas de Nova York fechando em alta, o d\u00f3lar recuou 0,55%, a R$ 4,9399, depois de ultrapassar a barreira de R$ 5 na manh\u00e3\u00a0desta quinta-feira (28). Indicadores dom\u00e9sticos como arrecada\u00e7\u00e3o e resultado do Governo Central foram analisados, mas n\u00e3o tiveram grande impacto na forma\u00e7\u00e3o de taxa [&hellip;]<\/p>\n","protected":false},"author":165,"featured_media":237586,"comment_status":"closed","ping_status":"closed","sticky":false,"template":"","format":"standard","meta":[],"categories":[60],"tags":[326,1852],"suno_strategy":[],"class_list":["post-254644","post","type-post","status-publish","format-standard","has-post-thumbnail","hentry","category-mercado","tag-dolar","tag-dolar-futuro"],"yoast_head":"<!-- This site is optimized with the Yoast SEO plugin v24.4 - https:\/\/yoast.com\/wordpress\/plugins\/seo\/ -->\n<title>2\u00ba dia seguido de queda: d\u00f3lar cede 0,55% e fecha a R$ 4,9399<\/title>\n<meta name=\"description\" content=\"D\u00f3lar cai 0,55% e fecha a R$ 4,9399. Indicadores dom\u00e9sticos foram monitorados, mas n\u00e3o tiveram relev\u00e2ncia na forma\u00e7\u00e3o de taxa de c\u00e2mbio.\" \/>\n<meta name=\"robots\" content=\"index, follow, max-snippet:-1, max-image-preview:large, max-video-preview:-1\" \/>\n<link rel=\"canonical\" href=\"https:\/\/www.suno.com.br\/noticias\/dolar-cai-055-fecha-a-r-49399\/\" \/>\n<meta property=\"og:locale\" content=\"pt_BR\" \/>\n<meta property=\"og:type\" content=\"article\" \/>\n<meta property=\"og:title\" content=\"2\u00ba dia seguido de queda: d\u00f3lar cede 0,55% e fecha a R$ 4,9399\" \/>\n<meta property=\"og:description\" content=\"D\u00f3lar cai 0,55% e fecha a R$ 4,9399. Indicadores dom\u00e9sticos foram monitorados, mas n\u00e3o tiveram relev\u00e2ncia na forma\u00e7\u00e3o de taxa de c\u00e2mbio.\" \/>\n<meta property=\"og:url\" content=\"https:\/\/www.suno.com.br\/noticias\/dolar-cai-055-fecha-a-r-49399\/\" \/>\n<meta property=\"og:site_name\" content=\"Suno Not\u00edcias\" \/>\n<meta property=\"article:publisher\" content=\"https:\/\/facebook.com\/sunoresearch\" \/>\n<meta property=\"og:image\" content=\"https:\/\/files.sunoresearch.com.br\/n\/uploads\/2022\/03\/pexels-pixabay-164661-scaled.jpg\" \/>\n\t<meta property=\"og:image:width\" content=\"2560\" \/>\n\t<meta property=\"og:image:height\" content=\"1920\" \/>\n\t<meta property=\"og:image:type\" content=\"image\/jpeg\" \/>\n<meta name=\"author\" content=\"Ana Carolina Cury\" \/>\n<meta name=\"twitter:card\" content=\"summary_large_image\" \/>\n<meta name=\"twitter:creator\" content=\"@sunoresearch\" \/>\n<meta name=\"twitter:site\" content=\"@sunoresearch\" \/>\n<meta name=\"twitter:label1\" content=\"Escrito por\" \/>\n\t<meta name=\"twitter:data1\" content=\"Ana Carolina Cury\" \/>\n\t<meta name=\"twitter:label2\" content=\"Est. tempo de leitura\" \/>\n\t<meta name=\"twitter:data2\" content=\"4 minutos\" \/>\n<script type=\"application\/ld+json\" class=\"yoast-schema-graph\">{\"@context\":\"https:\/\/schema.org\",\"@graph\":[{\"@type\":\"NewsArticle\",\"@id\":\"https:\/\/www.suno.com.br\/noticias\/dolar-cai-055-fecha-a-r-49399\/#article\",\"isPartOf\":{\"@id\":\"https:\/\/www.suno.com.br\/noticias\/dolar-cai-055-fecha-a-r-49399\/\"},\"author\":{\"name\":\"Ana Carolina Cury\",\"@id\":\"https:\/\/www.suno.com.br\/noticias\/#\/schema\/person\/23ade539a9b626a27a055a2cceccc1f9\"},\"headline\":\"2\u00ba dia seguido de queda: d\u00f3lar cede 0,55% e fecha a R$ 4,9399\",\"datePublished\":\"2022-04-28T23:20:41+00:00\",\"dateModified\":\"2022-04-28T23:26:41+00:00\",\"mainEntityOfPage\":{\"@id\":\"https:\/\/www.suno.com.br\/noticias\/dolar-cai-055-fecha-a-r-49399\/\"},\"wordCount\":949,\"publisher\":{\"@id\":\"https:\/\/www.suno.com.br\/noticias\/#organization\"},\"image\":{\"@id\":\"https:\/\/www.suno.com.br\/noticias\/dolar-cai-055-fecha-a-r-49399\/#primaryimage\"},\"thumbnailUrl\":\"https:\/\/files.sunoresearch.com.br\/n\/uploads\/2022\/03\/pexels-pixabay-164661-scaled.jpg\",\"keywords\":[\"d\u00f3lar\",\"d\u00f3lar futuro\"],\"articleSection\":[\"Mercado\"],\"inLanguage\":\"pt-BR\"},{\"@type\":\"WebPage\",\"@id\":\"https:\/\/www.suno.com.br\/noticias\/dolar-cai-055-fecha-a-r-49399\/\",\"url\":\"https:\/\/www.suno.com.br\/noticias\/dolar-cai-055-fecha-a-r-49399\/\",\"name\":\"2\u00ba dia seguido de queda: d\u00f3lar cede 0,55% e fecha a R$ 4,9399\",\"isPartOf\":{\"@id\":\"https:\/\/www.suno.com.br\/noticias\/#website\"},\"primaryImageOfPage\":{\"@id\":\"https:\/\/www.suno.com.br\/noticias\/dolar-cai-055-fecha-a-r-49399\/#primaryimage\"},\"image\":{\"@id\":\"https:\/\/www.suno.com.br\/noticias\/dolar-cai-055-fecha-a-r-49399\/#primaryimage\"},\"thumbnailUrl\":\"https:\/\/files.sunoresearch.com.br\/n\/uploads\/2022\/03\/pexels-pixabay-164661-scaled.jpg\",\"datePublished\":\"2022-04-28T23:20:41+00:00\",\"dateModified\":\"2022-04-28T23:26:41+00:00\",\"description\":\"D\u00f3lar cai 0,55% e fecha a R$ 4,9399. Indicadores dom\u00e9sticos foram monitorados, mas n\u00e3o tiveram relev\u00e2ncia na forma\u00e7\u00e3o de taxa de c\u00e2mbio.\",\"breadcrumb\":{\"@id\":\"https:\/\/www.suno.com.br\/noticias\/dolar-cai-055-fecha-a-r-49399\/#breadcrumb\"},\"inLanguage\":\"pt-BR\",\"potentialAction\":[{\"@type\":\"ReadAction\",\"target\":[\"https:\/\/www.suno.com.br\/noticias\/dolar-cai-055-fecha-a-r-49399\/\"]}]},{\"@type\":\"ImageObject\",\"inLanguage\":\"pt-BR\",\"@id\":\"https:\/\/www.suno.com.br\/noticias\/dolar-cai-055-fecha-a-r-49399\/#primaryimage\",\"url\":\"https:\/\/files.sunoresearch.com.br\/n\/uploads\/2022\/03\/pexels-pixabay-164661-scaled.jpg\",\"contentUrl\":\"https:\/\/files.sunoresearch.com.br\/n\/uploads\/2022\/03\/pexels-pixabay-164661-scaled.jpg\",\"width\":2560,\"height\":1920,\"caption\":\"D\u00f3lar. Foto: Pexels\"},{\"@type\":\"BreadcrumbList\",\"@id\":\"https:\/\/www.suno.com.br\/noticias\/dolar-cai-055-fecha-a-r-49399\/#breadcrumb\",\"itemListElement\":[{\"@type\":\"ListItem\",\"position\":1,\"name\":\"Not\u00edcias\",\"item\":\"https:\/\/www.suno.com.br\/noticias\/\"},{\"@type\":\"ListItem\",\"position\":2,\"name\":\"Mercado\",\"item\":\"https:\/\/www.suno.com.br\/noticias\/mercado\/\"},{\"@type\":\"ListItem\",\"position\":3,\"name\":\"2\u00ba dia seguido de queda: d\u00f3lar cede 0,55% e fecha a R$ 4,9399\"}]},{\"@type\":\"WebSite\",\"@id\":\"https:\/\/www.suno.com.br\/noticias\/#website\",\"url\":\"https:\/\/www.suno.com.br\/noticias\/\",\"name\":\"Suno Not\u00edcias\",\"description\":\"Seu portal de informa\u00e7\u00e3o sobre o mundo dos investimentos\",\"publisher\":{\"@id\":\"https:\/\/www.suno.com.br\/noticias\/#organization\"},\"potentialAction\":[{\"@type\":\"SearchAction\",\"target\":{\"@type\":\"EntryPoint\",\"urlTemplate\":\"https:\/\/www.suno.com.br\/noticias\/?s={search_term_string}\"},\"query-input\":{\"@type\":\"PropertyValueSpecification\",\"valueRequired\":true,\"valueName\":\"search_term_string\"}}],\"inLanguage\":\"pt-BR\"},{\"@type\":\"Organization\",\"@id\":\"https:\/\/www.suno.com.br\/noticias\/#organization\",\"name\":\"Suno Not\u00edcias\",\"url\":\"https:\/\/www.suno.com.br\/noticias\/\",\"logo\":{\"@type\":\"ImageObject\",\"inLanguage\":\"pt-BR\",\"@id\":\"https:\/\/www.suno.com.br\/noticias\/#\/schema\/logo\/image\/\",\"url\":\"https:\/\/files.sunoresearch.com.br\/n\/uploads\/2021\/09\/suno-logo.png\",\"contentUrl\":\"https:\/\/files.sunoresearch.com.br\/n\/uploads\/2021\/09\/suno-logo.png\",\"width\":180,\"height\":180,\"caption\":\"Suno Not\u00edcias\"},\"image\":{\"@id\":\"https:\/\/www.suno.com.br\/noticias\/#\/schema\/logo\/image\/\"},\"sameAs\":[\"https:\/\/facebook.com\/sunoresearch\",\"https:\/\/x.com\/sunoresearch\",\"https:\/\/www.instagram.com\/suno\",\"https:\/\/www.linkedin.com\/company\/suno-research\/\",\"https:\/\/www.youtube.com\/c\/sunoresearch\"]},{\"@type\":\"Person\",\"@id\":\"https:\/\/www.suno.com.br\/noticias\/#\/schema\/person\/23ade539a9b626a27a055a2cceccc1f9\",\"name\":\"Ana Carolina Cury\",\"image\":{\"@type\":\"ImageObject\",\"inLanguage\":\"pt-BR\",\"@id\":\"https:\/\/www.suno.com.br\/noticias\/#\/schema\/person\/image\/\",\"url\":\"https:\/\/secure.gravatar.com\/avatar\/a3c7bae536b759b9ed2f07b5df9995e1?s=96&r=g\",\"contentUrl\":\"https:\/\/secure.gravatar.com\/avatar\/a3c7bae536b759b9ed2f07b5df9995e1?s=96&r=g\",\"caption\":\"Ana Carolina Cury\"},\"description\":\"Estagi\u00e1ria de Reda\u00e7\u00e3o, cobre mercado financeiro, macroeconomia, pol\u00edtica e neg\u00f3cios. Estudante de jornalismo na FAAP, \u00e9 monitora do laborat\u00f3rio de jornalismo da faculdade (LabJor) e trabalhou com a Band News no projeto primeira not\u00edcia em parceria com a FAAP.\",\"url\":\"https:\/\/www.suno.com.br\/noticias\/author\/ana-curysuno-com-br\/\"}]}<\/script>\n<!-- \/ Yoast SEO plugin. -->","yoast_head_json":{"title":"2\u00ba dia seguido de queda: d\u00f3lar cede 0,55% e fecha a R$ 4,9399","description":"D\u00f3lar cai 0,55% e fecha a R$ 4,9399. Indicadores dom\u00e9sticos foram monitorados, mas n\u00e3o tiveram relev\u00e2ncia na forma\u00e7\u00e3o de taxa de c\u00e2mbio.","robots":{"index":"index","follow":"follow","max-snippet":"max-snippet:-1","max-image-preview":"max-image-preview:large","max-video-preview":"max-video-preview:-1"},"canonical":"https:\/\/www.suno.com.br\/noticias\/dolar-cai-055-fecha-a-r-49399\/","og_locale":"pt_BR","og_type":"article","og_title":"2\u00ba dia seguido de queda: d\u00f3lar cede 0,55% e fecha a R$ 4,9399","og_description":"D\u00f3lar cai 0,55% e fecha a R$ 4,9399. Indicadores dom\u00e9sticos foram monitorados, mas n\u00e3o tiveram relev\u00e2ncia na forma\u00e7\u00e3o de taxa de c\u00e2mbio.","og_url":"https:\/\/www.suno.com.br\/noticias\/dolar-cai-055-fecha-a-r-49399\/","og_site_name":"Suno Not\u00edcias","article_publisher":"https:\/\/facebook.com\/sunoresearch","og_image":[{"width":2560,"height":1920,"url":"https:\/\/files.sunoresearch.com.br\/n\/uploads\/2022\/03\/pexels-pixabay-164661-scaled.jpg","type":"image\/jpeg"}],"author":"Ana Carolina Cury","twitter_card":"summary_large_image","twitter_creator":"@sunoresearch","twitter_site":"@sunoresearch","twitter_misc":{"Escrito por":"Ana Carolina Cury","Est. tempo de leitura":"4 minutos"},"schema":{"@context":"https:\/\/schema.org","@graph":[{"@type":"NewsArticle","@id":"https:\/\/www.suno.com.br\/noticias\/dolar-cai-055-fecha-a-r-49399\/#article","isPartOf":{"@id":"https:\/\/www.suno.com.br\/noticias\/dolar-cai-055-fecha-a-r-49399\/"},"author":{"name":"Ana Carolina Cury","@id":"https:\/\/www.suno.com.br\/noticias\/#\/schema\/person\/23ade539a9b626a27a055a2cceccc1f9"},"headline":"2\u00ba dia seguido de queda: d\u00f3lar cede 0,55% e fecha a R$ 4,9399","datePublished":"2022-04-28T23:20:41+00:00","dateModified":"2022-04-28T23:26:41+00:00","mainEntityOfPage":{"@id":"https:\/\/www.suno.com.br\/noticias\/dolar-cai-055-fecha-a-r-49399\/"},"wordCount":949,"publisher":{"@id":"https:\/\/www.suno.com.br\/noticias\/#organization"},"image":{"@id":"https:\/\/www.suno.com.br\/noticias\/dolar-cai-055-fecha-a-r-49399\/#primaryimage"},"thumbnailUrl":"https:\/\/files.sunoresearch.com.br\/n\/uploads\/2022\/03\/pexels-pixabay-164661-scaled.jpg","keywords":["d\u00f3lar","d\u00f3lar futuro"],"articleSection":["Mercado"],"inLanguage":"pt-BR"},{"@type":"WebPage","@id":"https:\/\/www.suno.com.br\/noticias\/dolar-cai-055-fecha-a-r-49399\/","url":"https:\/\/www.suno.com.br\/noticias\/dolar-cai-055-fecha-a-r-49399\/","name":"2\u00ba dia seguido de queda: d\u00f3lar cede 0,55% e fecha a R$ 4,9399","isPartOf":{"@id":"https:\/\/www.suno.com.br\/noticias\/#website"},"primaryImageOfPage":{"@id":"https:\/\/www.suno.com.br\/noticias\/dolar-cai-055-fecha-a-r-49399\/#primaryimage"},"image":{"@id":"https:\/\/www.suno.com.br\/noticias\/dolar-cai-055-fecha-a-r-49399\/#primaryimage"},"thumbnailUrl":"https:\/\/files.sunoresearch.com.br\/n\/uploads\/2022\/03\/pexels-pixabay-164661-scaled.jpg","datePublished":"2022-04-28T23:20:41+00:00","dateModified":"2022-04-28T23:26:41+00:00","description":"D\u00f3lar cai 0,55% e fecha a R$ 4,9399. Indicadores dom\u00e9sticos foram monitorados, mas n\u00e3o tiveram relev\u00e2ncia na forma\u00e7\u00e3o de taxa de c\u00e2mbio.","breadcrumb":{"@id":"https:\/\/www.suno.com.br\/noticias\/dolar-cai-055-fecha-a-r-49399\/#breadcrumb"},"inLanguage":"pt-BR","potentialAction":[{"@type":"ReadAction","target":["https:\/\/www.suno.com.br\/noticias\/dolar-cai-055-fecha-a-r-49399\/"]}]},{"@type":"ImageObject","inLanguage":"pt-BR","@id":"https:\/\/www.suno.com.br\/noticias\/dolar-cai-055-fecha-a-r-49399\/#primaryimage","url":"https:\/\/files.sunoresearch.com.br\/n\/uploads\/2022\/03\/pexels-pixabay-164661-scaled.jpg","contentUrl":"https:\/\/files.sunoresearch.com.br\/n\/uploads\/2022\/03\/pexels-pixabay-164661-scaled.jpg","width":2560,"height":1920,"caption":"D\u00f3lar. Foto: Pexels"},{"@type":"BreadcrumbList","@id":"https:\/\/www.suno.com.br\/noticias\/dolar-cai-055-fecha-a-r-49399\/#breadcrumb","itemListElement":[{"@type":"ListItem","position":1,"name":"Not\u00edcias","item":"https:\/\/www.suno.com.br\/noticias\/"},{"@type":"ListItem","position":2,"name":"Mercado","item":"https:\/\/www.suno.com.br\/noticias\/mercado\/"},{"@type":"ListItem","position":3,"name":"2\u00ba dia seguido de queda: d\u00f3lar cede 0,55% e fecha a R$ 4,9399"}]},{"@type":"WebSite","@id":"https:\/\/www.suno.com.br\/noticias\/#website","url":"https:\/\/www.suno.com.br\/noticias\/","name":"Suno Not\u00edcias","description":"Seu portal de informa\u00e7\u00e3o sobre o mundo dos investimentos","publisher":{"@id":"https:\/\/www.suno.com.br\/noticias\/#organization"},"potentialAction":[{"@type":"SearchAction","target":{"@type":"EntryPoint","urlTemplate":"https:\/\/www.suno.com.br\/noticias\/?s={search_term_string}"},"query-input":{"@type":"PropertyValueSpecification","valueRequired":true,"valueName":"search_term_string"}}],"inLanguage":"pt-BR"},{"@type":"Organization","@id":"https:\/\/www.suno.com.br\/noticias\/#organization","name":"Suno Not\u00edcias","url":"https:\/\/www.suno.com.br\/noticias\/","logo":{"@type":"ImageObject","inLanguage":"pt-BR","@id":"https:\/\/www.suno.com.br\/noticias\/#\/schema\/logo\/image\/","url":"https:\/\/files.sunoresearch.com.br\/n\/uploads\/2021\/09\/suno-logo.png","contentUrl":"https:\/\/files.sunoresearch.com.br\/n\/uploads\/2021\/09\/suno-logo.png","width":180,"height":180,"caption":"Suno Not\u00edcias"},"image":{"@id":"https:\/\/www.suno.com.br\/noticias\/#\/schema\/logo\/image\/"},"sameAs":["https:\/\/facebook.com\/sunoresearch","https:\/\/x.com\/sunoresearch","https:\/\/www.instagram.com\/suno","https:\/\/www.linkedin.com\/company\/suno-research\/","https:\/\/www.youtube.com\/c\/sunoresearch"]},{"@type":"Person","@id":"https:\/\/www.suno.com.br\/noticias\/#\/schema\/person\/23ade539a9b626a27a055a2cceccc1f9","name":"Ana Carolina Cury","image":{"@type":"ImageObject","inLanguage":"pt-BR","@id":"https:\/\/www.suno.com.br\/noticias\/#\/schema\/person\/image\/","url":"https:\/\/secure.gravatar.com\/avatar\/a3c7bae536b759b9ed2f07b5df9995e1?s=96&r=g","contentUrl":"https:\/\/secure.gravatar.com\/avatar\/a3c7bae536b759b9ed2f07b5df9995e1?s=96&r=g","caption":"Ana Carolina Cury"},"description":"Estagi\u00e1ria de Reda\u00e7\u00e3o, cobre mercado financeiro, macroeconomia, pol\u00edtica e neg\u00f3cios. Estudante de jornalismo na FAAP, \u00e9 monitora do laborat\u00f3rio de jornalismo da faculdade (LabJor) e trabalhou com a Band News no projeto primeira not\u00edcia em parceria com a FAAP.","url":"https:\/\/www.suno.com.br\/noticias\/author\/ana-curysuno-com-br\/"}]}},"default_loop_html":"<div class=\"cardsPage__listCard__boxs\"><div class=\"cardsPage__listCard__boxs__img\"><a href=\"https:\/\/www.suno.com.br\/noticias\/dolar-cai-055-fecha-a-r-49399\/\"><img class=\"mask\" src=\"https:\/\/www.suno.com.br\/noticias\/wp-content\/themes\/suno\/resources\/images\/spotlight\/spotlight1img\/bg-mask.png\" alt=\"Image Mask\"\/><img src=\"https:\/\/files.sunoresearch.com.br\/n\/uploads\/2022\/03\/pexels-pixabay-164661-400x200.jpg\" alt=\"2\u00ba dia seguido de queda: d\u00f3lar cede 0,55% e fecha a R$ 4,9399\"\/><\/a><span class=\"spotlightCategory\"><a href=\"https:\/\/www.suno.com.br\/noticias\/mercado\/\">Mercado<\/a><\/span><\/div><div class=\"cardsPage__listCard__boxs__content\"><a href=\"https:\/\/www.suno.com.br\/noticias\/dolar-cai-055-fecha-a-r-49399\/\"><h2 class=\"content__title\">2\u00ba dia seguido de queda: d\u00f3lar cede 0,55% e fecha a R$ 4,9399<\/h2><\/a><div class=\"newsContent__article__meta\"><div class=\"newsContent__article__meta__authorBox\"><a href=\"https:\/\/www.suno.com.br\/noticias\/author\/ana-curysuno-com-br\/\" class=\"authorBox__avatar noMobi\"><img src=\"https:\/\/files.sunoresearch.com.br\/n\/uploads\/2022\/04\/IMG-9970-1-150x150.jpg\" alt=\"Ana Carolina Cury\"><\/a><div class=\"authorBox__name\"><span>por\n\t\t\t<a href=\"https:\/\/www.suno.com.br\/noticias\/author\/ana-curysuno-com-br\/\"><span itemprop=\"author\">Ana Carolina Cury<\/span><\/a><\/span><time datetime=\"2022-04-28T20:20:41-03:00\" itemprop=\"datePublished\">28\/04\/2022 20:20<\/time><\/div><\/div><\/div><\/div><\/div>","single_layout":"posts","amp_enabled":true,"_links":{"self":[{"href":"https:\/\/www.suno.com.br\/noticias\/wp-json\/wp\/v2\/posts\/254644"}],"collection":[{"href":"https:\/\/www.suno.com.br\/noticias\/wp-json\/wp\/v2\/posts"}],"about":[{"href":"https:\/\/www.suno.com.br\/noticias\/wp-json\/wp\/v2\/types\/post"}],"author":[{"embeddable":true,"href":"https:\/\/www.suno.com.br\/noticias\/wp-json\/wp\/v2\/users\/165"}],"replies":[{"embeddable":true,"href":"https:\/\/www.suno.com.br\/noticias\/wp-json\/wp\/v2\/comments?post=254644"}],"version-history":[{"count":4,"href":"https:\/\/www.suno.com.br\/noticias\/wp-json\/wp\/v2\/posts\/254644\/revisions"}],"predecessor-version":[{"id":254707,"href":"https:\/\/www.suno.com.br\/noticias\/wp-json\/wp\/v2\/posts\/254644\/revisions\/254707"}],"wp:featuredmedia":[{"embeddable":true,"href":"https:\/\/www.suno.com.br\/noticias\/wp-json\/wp\/v2\/media\/237586"}],"wp:attachment":[{"href":"https:\/\/www.suno.com.br\/noticias\/wp-json\/wp\/v2\/media?parent=254644"}],"wp:term":[{"taxonomy":"category","embeddable":true,"href":"https:\/\/www.suno.com.br\/noticias\/wp-json\/wp\/v2\/categories?post=254644"},{"taxonomy":"post_tag","embeddable":true,"href":"https:\/\/www.suno.com.br\/noticias\/wp-json\/wp\/v2\/tags?post=254644"},{"taxonomy":"suno_strategy","embeddable":true,"href":"https:\/\/www.suno.com.br\/noticias\/wp-json\/wp\/v2\/suno_strategy?post=254644"}],"curies":[{"name":"wp","href":"https:\/\/api.w.org\/{rel}","templated":true}]}}