{"id":25447,"date":"2019-05-21T16:24:33","date_gmt":"2019-05-21T19:24:33","guid":{"rendered":"https:\/\/www.suno.com.br\/noticias\/?p=25447"},"modified":"2021-06-13T23:44:46","modified_gmt":"2021-06-14T02:44:46","slug":"claro-barreira-contra-huawei","status":"publish","type":"post","link":"https:\/\/www.suno.com.br\/noticias\/claro-barreira-contra-huawei\/","title":{"rendered":"Presidente da Claro diz que Brasil &#8220;seria um inferno&#8221; se adotasse barreira contra Huawei"},"content":{"rendered":"<p>O presidente da Claro Brasil, Jos\u00e9 F\u00e9lix, disse nesta ter\u00e7a-feira (21) que o Brasil viraria um &#8220;inferno&#8221; se adotasse medidas restritivas contra a Huawei.\u00a0Na \u00faltima quarta-feira (15), o presidente Donald Trump anunciou que a empresa chinesa entrou em uma &#8220;lista negra&#8221; que pro\u00edbe a companhia de comprar produtos americanos.<\/p>\t<div class=\"wrapper-featured-image\">\n\t\t<figure class=\"spotlightImg\">\n\n\t\t\t<picture>\n\t\t\t\t<source media=\"(max-width: 768px)\" srcset=\"https:\/\/files.sunoresearch.com.br\/n\/uploads\/2019\/05\/3d750b7d-huawei-400x200.webp\">\n\t\t\t\t<img loading=\"lazy\" decoding=\"async\" class=\"newsContent__article__imgCapa lazyloadDisabled newsContent__article__imgCapa--noCaption\" src=\"https:\/\/files.sunoresearch.com.br\/n\/uploads\/2019\/05\/3d750b7d-huawei-800x450.webp\" width=\"800\" height=\"450\" alt=\"Presidente da Claro diz que Brasil &#8220;seria um inferno&#8221; se adotasse barreira contra Huawei\" fetchpriority=high \/>\n\t\t\t<\/picture>\n\n\t\t\t<figcaption class=\"wp-caption-text wp-caption-text--hide\">Huawei<\/figcaption>\n\t\t<\/figure>\n\t<\/div>\n\n\n<p>\u201cSeria um verdadeiro inferno se o <strong>governo<\/strong> resolvesse adotar qualquer ideia nesse sentido\u201d, disse. A afirma\u00e7\u00e3o ocorreu durante a\u00a063\u00aa Edi\u00e7\u00e3o do Painel Telebrasil. Ele falou ainda que a <strong>Claro Brasil<\/strong> est\u00e1 investindo em equipamentos produzidos pela <strong>Huawei<\/strong>.\u00a0\u201cQuem \u00e9 que vai pagar esse custo que fatalmente existiria?\u201d, questionou.<\/p>\n<p><a href=\"https:\/\/www.suno.com.br\/noticias\/huawei-google-suspende-trump-lista-negra\/\">Saiba mais:\u00a0Google suspende neg\u00f3cios com Huawei ap\u00f3s lista negra de Trump<\/a><\/p>\n<p>O presidente da <strong>Claro<\/strong> ressaltou que a operadora compra equipamentos da companhia chinesa desde as primeiras redes de servi\u00e7o de telefonia m\u00f3vel.\u00a0\u201cJ\u00e1 fizemos o investimento e estamos fazendo investimento na <strong>Huawei<\/strong>. Ent\u00e3o, em toda essa rede de 2G, 3G, 4G e 4, 5G tem Huawei l\u00e1 dentro\u201d, afirmou.<\/p>\n\t<p>\n\t\t<a href=\"https:\/\/lp.suno.com.br\/4-emissao-snel11\/\" target=\"_blank\" data-element=\"shortcode-suno-banner\" title=\"Banner SUNO, clique e saiba mais\">\n\t\t\t<picture>\n\t\t\t\t<source media=\"(max-width: 500px)\" srcset=\"https:\/\/files.sunoresearch.com.br\/n\/uploads\/2025\/07\/400x300-Mobile-Artigos-7.webp\">\n\t\t\t\t<img class=\"newsContent__article__imgCapa newsContent__article__imgCapa--banner\"\n\t\t\t\t\tsrc=\"https:\/\/files.sunoresearch.com.br\/n\/uploads\/2025\/07\/1420x240-Banner-Artigos-1-_-Banner-Materias-5.webp\"\n\t\t\t\t\tdata-promo-id=\"364417\"\t\t\t\t\t\t\t\t\t\twidth='1420' height='240'\t\t\t\t\talt=\"https:\/\/files.sunoresearch.com.br\/n\/uploads\/2025\/07\/1420x240-Banner-Artigos-1-_-Banner-Materias-5.webp\"\n\t\t\t\t>\n\t\t\t<\/picture>\n\t\t<\/a>\n\t<\/p>\n\n\n<p>Para F\u00e9lix, o <strong>Brasil<\/strong> precisa ter consci\u00eancia dos riscos de entrar em uma briga envolvendo os <strong>Estados Unidos<\/strong> e a <strong>China<\/strong>.<\/p>\n<p>\u201cEu acho inimagin\u00e1vel, num pa\u00eds como o nosso, um pa\u00eds pobre, onde est\u00e1 se dizendo que se fez um investimento com tanta dificuldade nas redes e tanto ainda tem para fazer, que se pense em substitui\u00e7\u00e3o da rede de um fabricante. Essa n\u00e3o \u00e9 uma conversa para n\u00f3s, mas para o <strong>Reino Unido<\/strong>, o <strong>Jap\u00e3o<\/strong>, os <strong>Estados Unidos<\/strong>.\u00a0Deixa os caras l\u00e1, e n\u00f3s ficamos quietos fazendo a nossa parte\u201d, afirmou.<\/p>\n<h2>Huawei e o Brasil<\/h2>\n<p>A <strong>Huawei<\/strong> declarou na \u00faltima segunda-feira (20) que a presta\u00e7\u00e3o de servi\u00e7os para operadoras (carriers) n\u00e3o dever\u00e1 ser prejudicada pelo banimento do governo dos <strong>Estados Unidos<\/strong>.<\/p>\n<p>No Brasil, a <strong>Huawei<\/strong> \u00e9 uma das tr\u00eas maiores vendedoras de equipamentos e sistemas de telecomunica\u00e7\u00f5es, junto com a <strong>Cisco<\/strong>, a <strong>Ericsson<\/strong> e a <strong>Nokia<\/strong>. Apesar das restri\u00e7\u00f5es aos componentes americanos, a chinesa afirmou que as opera\u00e7\u00f5es n\u00e3o ser\u00e3o prejudicadas.<\/p>\n<p><a href=\"https:\/\/www.suno.com.br\/noticias\/trump-atinge-huawei-china-proteger-empresas\/\">Saiba mais:\u00a0Trump atinge Huawei; China critica e diz que vai proteger suas empresas<\/a><\/p>\n<p>\u201cOs servi\u00e7os prestados pela companhia no pa\u00eds para operadoras e empresas n\u00e3o ser\u00e3o afetados. A performance da <strong>Huawei Brasil<\/strong> no setor de TIC \u00e9 bastante s\u00f3lida e a empresa tem orgulho de fazer parte da hist\u00f3ria do desenvolvimento das telecomunica\u00e7\u00f5es brasileiras&#8221;.<\/p>\n","protected":false},"excerpt":{"rendered":"<p>O presidente da Claro Brasil, Jos\u00e9 F\u00e9lix, disse nesta ter\u00e7a-feira (21) que o Brasil viraria um &#8220;inferno&#8221; se adotasse medidas restritivas contra a Huawei.\u00a0Na \u00faltima quarta-feira (15), o presidente Donald Trump anunciou que a empresa chinesa entrou em uma &#8220;lista negra&#8221; que pro\u00edbe a companhia de comprar produtos americanos. Huawei \u201cSeria um verdadeiro inferno se [&hellip;]<\/p>\n","protected":false},"author":14,"featured_media":25451,"comment_status":"closed","ping_status":"closed","sticky":false,"template":"","format":"standard","meta":[],"categories":[60],"tags":[711,1140,793,826],"suno_strategy":[],"class_list":["post-25447","post","type-post","status-publish","format-standard","has-post-thumbnail","hentry","category-mercado","tag-china","tag-claro","tag-estados-unidos-eua","tag-huawei"],"yoast_head":"<!-- This site is optimized with the Yoast SEO plugin v24.4 - https:\/\/yoast.com\/wordpress\/plugins\/seo\/ -->\n<title>Claro: Brasil &quot;seria um inferno&quot; se adotasse barreira contra a Huawei<\/title>\n<meta name=\"description\" content=\"No Brasil, a Huawei \u00e9 uma das tr\u00eas maiores vendedoras de equipamentos e sistemas de telecomunica\u00e7\u00f5es. Clique aqui para saber mais.\" \/>\n<meta name=\"robots\" content=\"index, follow, max-snippet:-1, max-image-preview:large, max-video-preview:-1\" \/>\n<link rel=\"canonical\" href=\"https:\/\/www.suno.com.br\/noticias\/claro-barreira-contra-huawei\/\" \/>\n<meta property=\"og:locale\" content=\"pt_BR\" \/>\n<meta property=\"og:type\" content=\"article\" \/>\n<meta property=\"og:title\" content=\"Claro: Brasil &quot;seria um inferno&quot; se adotasse barreira contra a Huawei\" \/>\n<meta property=\"og:description\" content=\"No Brasil, a Huawei \u00e9 uma das tr\u00eas maiores vendedoras de equipamentos e sistemas de telecomunica\u00e7\u00f5es. Clique aqui para saber mais.\" \/>\n<meta property=\"og:url\" content=\"https:\/\/www.suno.com.br\/noticias\/claro-barreira-contra-huawei\/\" \/>\n<meta property=\"og:site_name\" content=\"Suno Not\u00edcias\" \/>\n<meta property=\"article:publisher\" content=\"https:\/\/facebook.com\/sunoresearch\" \/>\n<meta property=\"og:image\" content=\"https:\/\/files.sunoresearch.com.br\/n\/uploads\/2019\/05\/3d750b7d-huawei.jpg\" \/>\n\t<meta property=\"og:image:width\" content=\"1440\" \/>\n\t<meta property=\"og:image:height\" content=\"1080\" \/>\n\t<meta property=\"og:image:type\" content=\"image\/jpeg\" \/>\n<meta name=\"author\" content=\"Renan Dantas\" \/>\n<meta name=\"twitter:card\" content=\"summary_large_image\" \/>\n<meta name=\"twitter:creator\" content=\"@sunoresearch\" \/>\n<meta name=\"twitter:site\" content=\"@sunoresearch\" \/>\n<meta name=\"twitter:label1\" content=\"Escrito por\" \/>\n\t<meta name=\"twitter:data1\" content=\"Renan Dantas\" \/>\n\t<meta name=\"twitter:label2\" content=\"Est. tempo de leitura\" \/>\n\t<meta name=\"twitter:data2\" content=\"2 minutos\" \/>\n<script type=\"application\/ld+json\" class=\"yoast-schema-graph\">{\"@context\":\"https:\/\/schema.org\",\"@graph\":[{\"@type\":\"NewsArticle\",\"@id\":\"https:\/\/www.suno.com.br\/noticias\/claro-barreira-contra-huawei\/#article\",\"isPartOf\":{\"@id\":\"https:\/\/www.suno.com.br\/noticias\/claro-barreira-contra-huawei\/\"},\"author\":{\"name\":\"Renan Dantas\",\"@id\":\"https:\/\/www.suno.com.br\/noticias\/#\/schema\/person\/3f7693d5795a3f6d5ce15309ee785699\"},\"headline\":\"Presidente da Claro diz que Brasil &#8220;seria um inferno&#8221; se adotasse barreira contra Huawei\",\"datePublished\":\"2019-05-21T19:24:33+00:00\",\"dateModified\":\"2021-06-14T02:44:46+00:00\",\"mainEntityOfPage\":{\"@id\":\"https:\/\/www.suno.com.br\/noticias\/claro-barreira-contra-huawei\/\"},\"wordCount\":421,\"publisher\":{\"@id\":\"https:\/\/www.suno.com.br\/noticias\/#organization\"},\"image\":{\"@id\":\"https:\/\/www.suno.com.br\/noticias\/claro-barreira-contra-huawei\/#primaryimage\"},\"thumbnailUrl\":\"https:\/\/files.sunoresearch.com.br\/n\/uploads\/2019\/05\/3d750b7d-huawei-jpg.webp\",\"keywords\":[\"China\",\"Claro\",\"Estados Unidos (EUA)\",\"Huawei\"],\"articleSection\":[\"Mercado\"],\"inLanguage\":\"pt-BR\"},{\"@type\":\"WebPage\",\"@id\":\"https:\/\/www.suno.com.br\/noticias\/claro-barreira-contra-huawei\/\",\"url\":\"https:\/\/www.suno.com.br\/noticias\/claro-barreira-contra-huawei\/\",\"name\":\"Claro: Brasil \\\"seria um inferno\\\" se adotasse barreira contra a Huawei\",\"isPartOf\":{\"@id\":\"https:\/\/www.suno.com.br\/noticias\/#website\"},\"primaryImageOfPage\":{\"@id\":\"https:\/\/www.suno.com.br\/noticias\/claro-barreira-contra-huawei\/#primaryimage\"},\"image\":{\"@id\":\"https:\/\/www.suno.com.br\/noticias\/claro-barreira-contra-huawei\/#primaryimage\"},\"thumbnailUrl\":\"https:\/\/files.sunoresearch.com.br\/n\/uploads\/2019\/05\/3d750b7d-huawei-jpg.webp\",\"datePublished\":\"2019-05-21T19:24:33+00:00\",\"dateModified\":\"2021-06-14T02:44:46+00:00\",\"description\":\"No Brasil, a Huawei \u00e9 uma das tr\u00eas maiores vendedoras de equipamentos e sistemas de telecomunica\u00e7\u00f5es. Clique aqui para saber mais.\",\"breadcrumb\":{\"@id\":\"https:\/\/www.suno.com.br\/noticias\/claro-barreira-contra-huawei\/#breadcrumb\"},\"inLanguage\":\"pt-BR\",\"potentialAction\":[{\"@type\":\"ReadAction\",\"target\":[\"https:\/\/www.suno.com.br\/noticias\/claro-barreira-contra-huawei\/\"]}]},{\"@type\":\"ImageObject\",\"inLanguage\":\"pt-BR\",\"@id\":\"https:\/\/www.suno.com.br\/noticias\/claro-barreira-contra-huawei\/#primaryimage\",\"url\":\"https:\/\/files.sunoresearch.com.br\/n\/uploads\/2019\/05\/3d750b7d-huawei-jpg.webp\",\"contentUrl\":\"https:\/\/files.sunoresearch.com.br\/n\/uploads\/2019\/05\/3d750b7d-huawei-jpg.webp\",\"width\":1440,\"height\":1080,\"caption\":\"Huawei\"},{\"@type\":\"BreadcrumbList\",\"@id\":\"https:\/\/www.suno.com.br\/noticias\/claro-barreira-contra-huawei\/#breadcrumb\",\"itemListElement\":[{\"@type\":\"ListItem\",\"position\":1,\"name\":\"Not\u00edcias\",\"item\":\"https:\/\/www.suno.com.br\/noticias\/\"},{\"@type\":\"ListItem\",\"position\":2,\"name\":\"Mercado\",\"item\":\"https:\/\/www.suno.com.br\/noticias\/mercado\/\"},{\"@type\":\"ListItem\",\"position\":3,\"name\":\"Presidente da Claro diz que Brasil &#8220;seria um inferno&#8221; se adotasse barreira contra Huawei\"}]},{\"@type\":\"WebSite\",\"@id\":\"https:\/\/www.suno.com.br\/noticias\/#website\",\"url\":\"https:\/\/www.suno.com.br\/noticias\/\",\"name\":\"Suno Not\u00edcias\",\"description\":\"Seu portal de informa\u00e7\u00e3o sobre o mundo dos investimentos\",\"publisher\":{\"@id\":\"https:\/\/www.suno.com.br\/noticias\/#organization\"},\"potentialAction\":[{\"@type\":\"SearchAction\",\"target\":{\"@type\":\"EntryPoint\",\"urlTemplate\":\"https:\/\/www.suno.com.br\/noticias\/?s={search_term_string}\"},\"query-input\":{\"@type\":\"PropertyValueSpecification\",\"valueRequired\":true,\"valueName\":\"search_term_string\"}}],\"inLanguage\":\"pt-BR\"},{\"@type\":\"Organization\",\"@id\":\"https:\/\/www.suno.com.br\/noticias\/#organization\",\"name\":\"Suno Not\u00edcias\",\"url\":\"https:\/\/www.suno.com.br\/noticias\/\",\"logo\":{\"@type\":\"ImageObject\",\"inLanguage\":\"pt-BR\",\"@id\":\"https:\/\/www.suno.com.br\/noticias\/#\/schema\/logo\/image\/\",\"url\":\"https:\/\/files.sunoresearch.com.br\/n\/uploads\/2021\/09\/suno-logo.png\",\"contentUrl\":\"https:\/\/files.sunoresearch.com.br\/n\/uploads\/2021\/09\/suno-logo.png\",\"width\":180,\"height\":180,\"caption\":\"Suno Not\u00edcias\"},\"image\":{\"@id\":\"https:\/\/www.suno.com.br\/noticias\/#\/schema\/logo\/image\/\"},\"sameAs\":[\"https:\/\/facebook.com\/sunoresearch\",\"https:\/\/x.com\/sunoresearch\",\"https:\/\/www.instagram.com\/suno\",\"https:\/\/www.linkedin.com\/company\/suno-research\/\",\"https:\/\/www.youtube.com\/c\/sunoresearch\"]},{\"@type\":\"Person\",\"@id\":\"https:\/\/www.suno.com.br\/noticias\/#\/schema\/person\/3f7693d5795a3f6d5ce15309ee785699\",\"name\":\"Renan Dantas\",\"image\":{\"@type\":\"ImageObject\",\"inLanguage\":\"pt-BR\",\"@id\":\"https:\/\/www.suno.com.br\/noticias\/#\/schema\/person\/image\/\",\"url\":\"https:\/\/secure.gravatar.com\/avatar\/1787b83e7484a08e51d62ac8b41c8396?s=96&r=g\",\"contentUrl\":\"https:\/\/secure.gravatar.com\/avatar\/1787b83e7484a08e51d62ac8b41c8396?s=96&r=g\",\"caption\":\"Renan Dantas\"},\"description\":\"Escreve sobre pol\u00edtica e mercado financeiro para o portal Suno Not\u00edcias. Antes, atuou na assessoria de comunica\u00e7\u00e3o do Minist\u00e9rio P\u00fablico do Trabalho e na R\u00e1dio Mackenzie, onde apresentava e produzia um programa sobre artistas da m\u00fasica brasileira. \u00c9 estudante na Universidade Presbiteriana Mackenzie.\",\"url\":\"https:\/\/www.suno.com.br\/noticias\/author\/renan-dantas\/\"}]}<\/script>\n<!-- \/ Yoast SEO plugin. -->","yoast_head_json":{"title":"Claro: Brasil \"seria um inferno\" se adotasse barreira contra a Huawei","description":"No Brasil, a Huawei \u00e9 uma das tr\u00eas maiores vendedoras de equipamentos e sistemas de telecomunica\u00e7\u00f5es. Clique aqui para saber mais.","robots":{"index":"index","follow":"follow","max-snippet":"max-snippet:-1","max-image-preview":"max-image-preview:large","max-video-preview":"max-video-preview:-1"},"canonical":"https:\/\/www.suno.com.br\/noticias\/claro-barreira-contra-huawei\/","og_locale":"pt_BR","og_type":"article","og_title":"Claro: Brasil \"seria um inferno\" se adotasse barreira contra a Huawei","og_description":"No Brasil, a Huawei \u00e9 uma das tr\u00eas maiores vendedoras de equipamentos e sistemas de telecomunica\u00e7\u00f5es. Clique aqui para saber mais.","og_url":"https:\/\/www.suno.com.br\/noticias\/claro-barreira-contra-huawei\/","og_site_name":"Suno Not\u00edcias","article_publisher":"https:\/\/facebook.com\/sunoresearch","og_image":[{"width":1440,"height":1080,"url":"https:\/\/files.sunoresearch.com.br\/n\/uploads\/2019\/05\/3d750b7d-huawei.jpg","type":"image\/jpeg"}],"author":"Renan Dantas","twitter_card":"summary_large_image","twitter_creator":"@sunoresearch","twitter_site":"@sunoresearch","twitter_misc":{"Escrito por":"Renan Dantas","Est. tempo de leitura":"2 minutos"},"schema":{"@context":"https:\/\/schema.org","@graph":[{"@type":"NewsArticle","@id":"https:\/\/www.suno.com.br\/noticias\/claro-barreira-contra-huawei\/#article","isPartOf":{"@id":"https:\/\/www.suno.com.br\/noticias\/claro-barreira-contra-huawei\/"},"author":{"name":"Renan Dantas","@id":"https:\/\/www.suno.com.br\/noticias\/#\/schema\/person\/3f7693d5795a3f6d5ce15309ee785699"},"headline":"Presidente da Claro diz que Brasil &#8220;seria um inferno&#8221; se adotasse barreira contra Huawei","datePublished":"2019-05-21T19:24:33+00:00","dateModified":"2021-06-14T02:44:46+00:00","mainEntityOfPage":{"@id":"https:\/\/www.suno.com.br\/noticias\/claro-barreira-contra-huawei\/"},"wordCount":421,"publisher":{"@id":"https:\/\/www.suno.com.br\/noticias\/#organization"},"image":{"@id":"https:\/\/www.suno.com.br\/noticias\/claro-barreira-contra-huawei\/#primaryimage"},"thumbnailUrl":"https:\/\/files.sunoresearch.com.br\/n\/uploads\/2019\/05\/3d750b7d-huawei-jpg.webp","keywords":["China","Claro","Estados Unidos (EUA)","Huawei"],"articleSection":["Mercado"],"inLanguage":"pt-BR"},{"@type":"WebPage","@id":"https:\/\/www.suno.com.br\/noticias\/claro-barreira-contra-huawei\/","url":"https:\/\/www.suno.com.br\/noticias\/claro-barreira-contra-huawei\/","name":"Claro: Brasil \"seria um inferno\" se adotasse barreira contra a Huawei","isPartOf":{"@id":"https:\/\/www.suno.com.br\/noticias\/#website"},"primaryImageOfPage":{"@id":"https:\/\/www.suno.com.br\/noticias\/claro-barreira-contra-huawei\/#primaryimage"},"image":{"@id":"https:\/\/www.suno.com.br\/noticias\/claro-barreira-contra-huawei\/#primaryimage"},"thumbnailUrl":"https:\/\/files.sunoresearch.com.br\/n\/uploads\/2019\/05\/3d750b7d-huawei-jpg.webp","datePublished":"2019-05-21T19:24:33+00:00","dateModified":"2021-06-14T02:44:46+00:00","description":"No Brasil, a Huawei \u00e9 uma das tr\u00eas maiores vendedoras de equipamentos e sistemas de telecomunica\u00e7\u00f5es. Clique aqui para saber mais.","breadcrumb":{"@id":"https:\/\/www.suno.com.br\/noticias\/claro-barreira-contra-huawei\/#breadcrumb"},"inLanguage":"pt-BR","potentialAction":[{"@type":"ReadAction","target":["https:\/\/www.suno.com.br\/noticias\/claro-barreira-contra-huawei\/"]}]},{"@type":"ImageObject","inLanguage":"pt-BR","@id":"https:\/\/www.suno.com.br\/noticias\/claro-barreira-contra-huawei\/#primaryimage","url":"https:\/\/files.sunoresearch.com.br\/n\/uploads\/2019\/05\/3d750b7d-huawei-jpg.webp","contentUrl":"https:\/\/files.sunoresearch.com.br\/n\/uploads\/2019\/05\/3d750b7d-huawei-jpg.webp","width":1440,"height":1080,"caption":"Huawei"},{"@type":"BreadcrumbList","@id":"https:\/\/www.suno.com.br\/noticias\/claro-barreira-contra-huawei\/#breadcrumb","itemListElement":[{"@type":"ListItem","position":1,"name":"Not\u00edcias","item":"https:\/\/www.suno.com.br\/noticias\/"},{"@type":"ListItem","position":2,"name":"Mercado","item":"https:\/\/www.suno.com.br\/noticias\/mercado\/"},{"@type":"ListItem","position":3,"name":"Presidente da Claro diz que Brasil &#8220;seria um inferno&#8221; se adotasse barreira contra Huawei"}]},{"@type":"WebSite","@id":"https:\/\/www.suno.com.br\/noticias\/#website","url":"https:\/\/www.suno.com.br\/noticias\/","name":"Suno Not\u00edcias","description":"Seu portal de informa\u00e7\u00e3o sobre o mundo dos investimentos","publisher":{"@id":"https:\/\/www.suno.com.br\/noticias\/#organization"},"potentialAction":[{"@type":"SearchAction","target":{"@type":"EntryPoint","urlTemplate":"https:\/\/www.suno.com.br\/noticias\/?s={search_term_string}"},"query-input":{"@type":"PropertyValueSpecification","valueRequired":true,"valueName":"search_term_string"}}],"inLanguage":"pt-BR"},{"@type":"Organization","@id":"https:\/\/www.suno.com.br\/noticias\/#organization","name":"Suno Not\u00edcias","url":"https:\/\/www.suno.com.br\/noticias\/","logo":{"@type":"ImageObject","inLanguage":"pt-BR","@id":"https:\/\/www.suno.com.br\/noticias\/#\/schema\/logo\/image\/","url":"https:\/\/files.sunoresearch.com.br\/n\/uploads\/2021\/09\/suno-logo.png","contentUrl":"https:\/\/files.sunoresearch.com.br\/n\/uploads\/2021\/09\/suno-logo.png","width":180,"height":180,"caption":"Suno Not\u00edcias"},"image":{"@id":"https:\/\/www.suno.com.br\/noticias\/#\/schema\/logo\/image\/"},"sameAs":["https:\/\/facebook.com\/sunoresearch","https:\/\/x.com\/sunoresearch","https:\/\/www.instagram.com\/suno","https:\/\/www.linkedin.com\/company\/suno-research\/","https:\/\/www.youtube.com\/c\/sunoresearch"]},{"@type":"Person","@id":"https:\/\/www.suno.com.br\/noticias\/#\/schema\/person\/3f7693d5795a3f6d5ce15309ee785699","name":"Renan Dantas","image":{"@type":"ImageObject","inLanguage":"pt-BR","@id":"https:\/\/www.suno.com.br\/noticias\/#\/schema\/person\/image\/","url":"https:\/\/secure.gravatar.com\/avatar\/1787b83e7484a08e51d62ac8b41c8396?s=96&r=g","contentUrl":"https:\/\/secure.gravatar.com\/avatar\/1787b83e7484a08e51d62ac8b41c8396?s=96&r=g","caption":"Renan Dantas"},"description":"Escreve sobre pol\u00edtica e mercado financeiro para o portal Suno Not\u00edcias. Antes, atuou na assessoria de comunica\u00e7\u00e3o do Minist\u00e9rio P\u00fablico do Trabalho e na R\u00e1dio Mackenzie, onde apresentava e produzia um programa sobre artistas da m\u00fasica brasileira. \u00c9 estudante na Universidade Presbiteriana Mackenzie.","url":"https:\/\/www.suno.com.br\/noticias\/author\/renan-dantas\/"}]}},"default_loop_html":"<div class=\"cardsPage__listCard__boxs\"><div class=\"cardsPage__listCard__boxs__img\"><a href=\"https:\/\/www.suno.com.br\/noticias\/claro-barreira-contra-huawei\/\"><img class=\"mask\" src=\"https:\/\/www.suno.com.br\/noticias\/wp-content\/themes\/suno\/resources\/images\/spotlight\/spotlight1img\/bg-mask.png\" alt=\"Image Mask\"\/><img src=\"https:\/\/files.sunoresearch.com.br\/n\/uploads\/2019\/05\/3d750b7d-huawei-400x200.webp\" alt=\"Presidente da Claro diz que Brasil &#8220;seria um inferno&#8221; se adotasse barreira contra Huawei\"\/><\/a><span class=\"spotlightCategory\"><a href=\"https:\/\/www.suno.com.br\/noticias\/mercado\/\">Mercado<\/a><\/span><\/div><div class=\"cardsPage__listCard__boxs__content\"><a href=\"https:\/\/www.suno.com.br\/noticias\/claro-barreira-contra-huawei\/\"><h2 class=\"content__title\">Presidente da Claro diz que Brasil &#8220;seria um inferno&#8221; se adotasse barreira contra Huawei<\/h2><\/a><div class=\"newsContent__article__meta\"><div class=\"newsContent__article__meta__authorBox\"><a href=\"https:\/\/www.suno.com.br\/noticias\/author\/renan-dantas\/\" class=\"authorBox__avatar noMobi\"><img src=\"https:\/\/secure.gravatar.com\/avatar\/1787b83e7484a08e51d62ac8b41c8396?s=96&#038;r=g\" alt=\"Renan Dantas\"><\/a><div class=\"authorBox__name\"><span>por\n\t\t\t<a href=\"https:\/\/www.suno.com.br\/noticias\/author\/renan-dantas\/\"><span itemprop=\"author\">Renan Dantas<\/span><\/a><\/span><time datetime=\"2019-05-21T16:24:33-03:00\" itemprop=\"datePublished\">21\/05\/2019 16:24<\/time><\/div><\/div><\/div><\/div><\/div>","single_layout":"posts","amp_enabled":true,"_links":{"self":[{"href":"https:\/\/www.suno.com.br\/noticias\/wp-json\/wp\/v2\/posts\/25447"}],"collection":[{"href":"https:\/\/www.suno.com.br\/noticias\/wp-json\/wp\/v2\/posts"}],"about":[{"href":"https:\/\/www.suno.com.br\/noticias\/wp-json\/wp\/v2\/types\/post"}],"author":[{"embeddable":true,"href":"https:\/\/www.suno.com.br\/noticias\/wp-json\/wp\/v2\/users\/14"}],"replies":[{"embeddable":true,"href":"https:\/\/www.suno.com.br\/noticias\/wp-json\/wp\/v2\/comments?post=25447"}],"version-history":[{"count":1,"href":"https:\/\/www.suno.com.br\/noticias\/wp-json\/wp\/v2\/posts\/25447\/revisions"}],"predecessor-version":[{"id":157367,"href":"https:\/\/www.suno.com.br\/noticias\/wp-json\/wp\/v2\/posts\/25447\/revisions\/157367"}],"wp:featuredmedia":[{"embeddable":true,"href":"https:\/\/www.suno.com.br\/noticias\/wp-json\/wp\/v2\/media\/25451"}],"wp:attachment":[{"href":"https:\/\/www.suno.com.br\/noticias\/wp-json\/wp\/v2\/media?parent=25447"}],"wp:term":[{"taxonomy":"category","embeddable":true,"href":"https:\/\/www.suno.com.br\/noticias\/wp-json\/wp\/v2\/categories?post=25447"},{"taxonomy":"post_tag","embeddable":true,"href":"https:\/\/www.suno.com.br\/noticias\/wp-json\/wp\/v2\/tags?post=25447"},{"taxonomy":"suno_strategy","embeddable":true,"href":"https:\/\/www.suno.com.br\/noticias\/wp-json\/wp\/v2\/suno_strategy?post=25447"}],"curies":[{"name":"wp","href":"https:\/\/api.w.org\/{rel}","templated":true}]}}