{"id":253975,"date":"2022-04-27T09:09:45","date_gmt":"2022-04-27T12:09:45","guid":{"rendered":"https:\/\/www.suno.com.br\/noticias\/?p=253975"},"modified":"2022-04-27T09:09:45","modified_gmt":"2022-04-27T12:09:45","slug":"lucro-weg-wege3-1t22-margens-pressionadas","status":"publish","type":"post","link":"https:\/\/www.suno.com.br\/noticias\/lucro-weg-wege3-1t22-margens-pressionadas\/","title":{"rendered":"Lucro da Weg (WEGE3) avan\u00e7a 23,5% no 1T22, mas margens seguem pressionadas"},"content":{"rendered":"<p>A <a href=\"https:\/\/www.suno.com.br\/acoes\/wege3\/\"><strong>Weg<\/strong> (WEGE3)<\/a> registrou <a class=\"suno-keyword\" href=\"https:\/\/www.suno.com.br\/artigos\/lucro-liquido\/\" target=\"_blank\" rel=\"noopener\" data-force=\"no\" data-priority=\"1\">lucro l\u00edquido<\/a> de R$ 943,9 milh\u00f5es no primeiro trimestre de 2022 (1T22). O valor representa um avan\u00e7o de 23,5% na compara\u00e7\u00e3o anual e de 8% em rela\u00e7\u00e3o ao trimestre passado (R$ 874,05 milh\u00f5es). A margem l\u00edquida da empresa, entretanto, caiu 1,3 ponto percentual em um ano, para 13,8%.<\/p>\t<div class=\"wrapper-featured-image\">\n\t\t<figure class=\"spotlightImg\">\n\n\t\t\t<picture>\n\t\t\t\t<source media=\"(max-width: 768px)\" srcset=\"https:\/\/files.sunoresearch.com.br\/n\/uploads\/2022\/01\/WEG-Energia-WEN-97-400x200.jpg\">\n\t\t\t\t<img loading=\"lazy\" decoding=\"async\" class=\"newsContent__article__imgCapa lazyloadDisabled \" src=\"https:\/\/files.sunoresearch.com.br\/n\/uploads\/2022\/01\/WEG-Energia-WEN-97-800x450.jpg\" width=\"800\" height=\"450\" alt=\"Lucro da Weg (WEGE3) avan\u00e7a 23,5% no 1T22, mas margens seguem pressionadas\" fetchpriority=high \/>\n\t\t\t<\/picture>\n\n\t\t\t<figcaption class=\"wp-caption-text wp-caption-text--show\">Weg (WEGE3). Foto: Divulga\u00e7\u00e3o\/Weg<\/figcaption>\n\t\t<\/figure>\n\t<\/div>\n\n\n\t<p>\n\t\t<a href=\"\" target=\"_blank\" data-element=\"shortcode-suno-banner\" title=\"Banner SUNO, clique e saiba mais\">\n\t\t\t<picture>\n\t\t\t\t<source media=\"(max-width: 500px)\" srcset=\"\">\n\t\t\t\t<img class=\"newsContent__article__imgCapa newsContent__article__imgCapa--banner\"\n\t\t\t\t\tsrc=\"\"\n\t\t\t\t\tdata-promo-id=\"250708\"\t\t\t\t\t\t\t\t\t\t\t\t\t\t\talt=\"\"\n\t\t\t\t>\n\t\t\t<\/picture>\n\t\t<\/a>\n\t<\/p>\n\n\n<p>No relat\u00f3rio do<strong> balan\u00e7o trimestral da Weg<\/strong>, divulgado na manh\u00e3 desta quarta (27), a companhia esclarece que o lucro l\u00edquida e o Ebitda do per\u00edodo de janeiro a mar\u00e7o foram impactados positivamente com cr\u00e9ditos tribut\u00e1rios referentes \u00e0 exclus\u00e3o do ICMS da base de c\u00e1lculo do PIS\/Cofins.<\/p>\n<p>Desconsiderando estes efeitos n\u00e3o recorrentes, o lucro l\u00edquido da <strong>Weg no 1T22<\/strong> seria de R$ 918,1 milh\u00f5es, com uma margem l\u00edquida de 13,4%.<\/p>\n<p>Por falar em <strong>Ebitda<\/strong>, o lucro antes de juros, impostos, <a class=\"suno-keyword\" href=\"https:\/\/www.suno.com.br\/artigos\/depreciacao-amortizacao\/\" target=\"_blank\" rel=\"noopener\" data-force=\"no\" data-priority=\"1\">deprecia\u00e7\u00e3o e amortiza\u00e7\u00e3o<\/a> da Weg foi de R$ 1,232 bilh\u00e3o no per\u00edodo, um avan\u00e7o de 21,3% em rela\u00e7\u00e3o ao mesmo trimestre do ano passado. J\u00e1 na compara\u00e7\u00e3o com o 4T21, equivale a uma alta de 9,6% (R$ 1,124 bilh\u00e3o).<\/p>\n<p>A <strong>margem Ebitda da Weg<\/strong> recuou 1,9 ponto percentual entre o primeiro trimestre de 2021 e o de 2022, para 18,1%. J\u00e1 frente o 4T21, houve um avan\u00e7o de 0,9 p.p..<\/p>\n\t<p>\n\t\t<a href=\"https:\/\/lp.suno.com.br\/planilha-controle-gastos\/\" target=\"_blank\" data-element=\"shortcode-suno-banner\" title=\"Banner SUNO, clique e saiba mais\">\n\t\t\t<picture>\n\t\t\t\t<source media=\"(max-width: 500px)\" srcset=\"https:\/\/files.sunoresearch.com.br\/n\/uploads\/2023\/03\/400x300-Planilha-controle-de-gastos.png\">\n\t\t\t\t<img class=\"newsContent__article__imgCapa newsContent__article__imgCapa--banner\"\n\t\t\t\t\tsrc=\"https:\/\/files.sunoresearch.com.br\/n\/uploads\/2023\/03\/1420x240-Planilha-controle-de-gastos.png\"\n\t\t\t\t\tdata-promo-id=\"101751\"\t\t\t\t\t\t\t\t\t\twidth='1420' height='240'\t\t\t\t\talt=\"https:\/\/files.sunoresearch.com.br\/n\/uploads\/2023\/03\/1420x240-Planilha-controle-de-gastos.png\"\n\t\t\t\t>\n\t\t\t<\/picture>\n\t\t<\/a>\n\t<\/p>\n\n\n<p>No relat\u00f3rio dos <strong>resultados do 1T22<\/strong>, a Weg explica que as incertezas e desafios na cadeia de suprimentos global e o aumento dos custos das mat\u00e9rias-primas trouxeram press\u00f5es nas margens operacionais da companhia. Al\u00e9m disso, a empresa tamb\u00e9m ressalta seu mix de produtos e a volta da receita de projetos de gera\u00e7\u00e3o e\u00f3lica como pontos agravantes para a margem tamb\u00e9m.<\/p>\n<p>Desconsiderando os efeitos n\u00e3o recorrentes no <strong>Ebitda da Weg<\/strong>, o lucro operacional no 1T22 seria de R$ 1,207 bilh\u00e3o, com uma margem Ebitda de 17,7%.<\/p>\n<h2>Receita da Weg no 1T22<\/h2>\n<figure id=\"attachment_253992\" aria-describedby=\"caption-attachment-253992\" style=\"width: 780px\" class=\"wp-caption alignnone\"><img loading=\"lazy\" decoding=\"async\" class=\"size-full wp-image-253992\" src=\"https:\/\/files.sunoresearch.com.br\/n\/uploads\/2022\/04\/Receita_Weg_1T22.jpg\" alt=\"Receita operacional l\u00edquida da Weg. Fonte: Balan\u00e7o financeira\" width=\"780\" height=\"337\" srcset=\"https:\/\/files.sunoresearch.com.br\/n\/uploads\/2022\/04\/Receita_Weg_1T22.jpg 780w, https:\/\/files.sunoresearch.com.br\/n\/uploads\/2022\/04\/Receita_Weg_1T22-300x130.jpg 300w, https:\/\/files.sunoresearch.com.br\/n\/uploads\/2022\/04\/Receita_Weg_1T22-768x332.jpg 768w, https:\/\/files.sunoresearch.com.br\/n\/uploads\/2022\/04\/Receita_Weg_1T22-150x65.jpg 150w\" sizes=\"(max-width: 780px) 100vw, 780px\" \/><figcaption id=\"caption-attachment-253992\" class=\"wp-caption-text\">Receita operacional l\u00edquida da Weg. Fonte: Balan\u00e7o financeira<\/figcaption><\/figure>\n<p>O <strong>relat\u00f3rio da Weg<\/strong> destaca que a <strong><a class=\"suno-keyword\" href=\"https:\/\/www.suno.com.br\/artigos\/receita-liquida-operacional\/\" target=\"_blank\" rel=\"noopener noreferrer\" data-force=\"no\" data-priority=\"1\">receita operacional l\u00edquida<\/a> <\/strong>da companhia no 1T22 foi de R$ 6,828 bilh\u00f5es, alta de 34,5% ante o primeiro trimestre de 2021. Segundo a empresa, os n\u00fameros para o <a class=\"suno-keyword\" href=\"https:\/\/www.suno.com.br\/artigos\/mercado-externo\/\" target=\"_blank\" rel=\"noopener\" data-force=\"no\" data-priority=\"1\">mercado externo<\/a>, interno e externo em d\u00f3lares s\u00e3o o seguinte:<\/p>\n<ul>\n<li>Interno: R$ 3,470 bilh\u00f5es<\/li>\n<li>Externo: R$ 3,357 bilh\u00f5es<\/li>\n<li>Externo (em US$): 644,693 milh\u00f5es<\/li>\n<\/ul>\n<p>A Weg ainda esclarece que, a <a class=\"suno-keyword\" href=\"https:\/\/www.suno.com.br\/artigos\/o-que-receita-liquida\/\" target=\"_blank\" rel=\"noopener noreferrer\" data-force=\"no\" data-priority=\"1\">receita l\u00edquida<\/a> do mercado externo obtida em reais foi impactada pela varia\u00e7\u00e3o do d\u00f3lar no per\u00edodo de um ano. Entre janeiro e mar\u00e7o de 2021, o valor m\u00e9dio do d\u00f3lar foi de R$ 5,48, enquanto no mesmo per\u00edodo deste ano o valor recuou para R$ 5,23. Houve desvaloriza\u00e7\u00e3o de 4,6% da moeda norte-americana.<\/p>\n\t<p>\n\t\t<a href=\"https:\/\/lp.suno.com.br\/planilha-da-vida-financeira\/\" target=\"_blank\" data-element=\"shortcode-suno-banner\" title=\"Banner SUNO, clique e saiba mais\">\n\t\t\t<picture>\n\t\t\t\t<source media=\"(max-width: 500px)\" srcset=\"https:\/\/files.sunoresearch.com.br\/n\/uploads\/2023\/04\/400x300-Planilha-vida-financeira-true.png\">\n\t\t\t\t<img class=\"newsContent__article__imgCapa newsContent__article__imgCapa--banner\"\n\t\t\t\t\tsrc=\"https:\/\/files.sunoresearch.com.br\/n\/uploads\/2023\/04\/1420x240-Planilha-vida-financeira-true.png\"\n\t\t\t\t\tdata-promo-id=\"106682\"\t\t\t\t\t\t\t\t\t\twidth='1420' height='240'\t\t\t\t\talt=\"https:\/\/files.sunoresearch.com.br\/n\/uploads\/2023\/04\/1420x240-Planilha-vida-financeira-true.png\"\n\t\t\t\t>\n\t\t\t<\/picture>\n\t\t<\/a>\n\t<\/p>\n\n\n<h2>Vendas e custos<\/h2>\n<p>No neg\u00f3cio de <strong>produtos de ciclo curto<\/strong>, como eletroeletr\u00f4nicos industriais, motores el\u00e9tricos e equipamentos de automo\u00e7\u00e3o, a <strong>receita da Weg<\/strong> foi de R$ 1,004 bilh\u00e3o no mercado interno (+11,6% ano a ano) e R$ 2,183 bilh\u00f5es no mercado externo (+34,8% ano a ano), representando 46,7% da <a class=\"suno-keyword\" href=\"https:\/\/www.suno.com.br\/artigos\/receita-total\/\" target=\"_blank\" rel=\"noopener\" data-force=\"no\" data-priority=\"1\">receita total<\/a>.<\/p>\n<p>J\u00e1 o segmento de equipamentos para gera\u00e7\u00e3o, transmiss\u00e3o e distribui\u00e7\u00e3o de energia representou 40,5% da receita operacional total da Weg. A venda para o mercado interno aumentou 106,8% em um ano (R$ 2,014 bilh\u00f5es no 1T22) e para o mercado externo caiu 0,9% na compara\u00e7\u00e3o anual (R$ 750,701 milh\u00f5es).<\/p>\n<p>Os <strong>custos dos produtos vendidos (CPV)<\/strong> aumentaram no per\u00edodo de janeiro a mar\u00e7o, comparando 2021 com 2022. O avan\u00e7o foi de 42,7%, equivalente a R$ 4,933 bilh\u00f5es desembolsados pela Weg. A empresa esclarece que houve aumento no pre\u00e7o das principais mat\u00e9rias-primas, como o a\u00e7o e o cobre, al\u00e9m de algumas altera\u00e7\u00f5es no mix de produtos.<\/p>\n<p>&#8220;Foram fatores decisivos para a redu\u00e7\u00e3o das margens operacionais em rela\u00e7\u00e3o ao 1T21, apesar da continuidade dos esfor\u00e7os de redu\u00e7\u00e3o de custos e melhorias de processos, que proporcionaram ganhos de produtividade, em especial em nossas opera\u00e7\u00f5es no exterior&#8221;, diz o balan\u00e7o da Weg.<\/p>\n<figure id=\"attachment_253991\" aria-describedby=\"caption-attachment-253991\" style=\"width: 854px\" class=\"wp-caption alignnone\"><img loading=\"lazy\" decoding=\"async\" class=\"size-full wp-image-253991\" src=\"https:\/\/files.sunoresearch.com.br\/n\/uploads\/2022\/04\/CPV_Weg_1T22.jpg\" alt=\"CPV da Weg no primeiro trimestre. Fonte: Balan\u00e7o financeiro\" width=\"854\" height=\"343\" srcset=\"https:\/\/files.sunoresearch.com.br\/n\/uploads\/2022\/04\/CPV_Weg_1T22.jpg 854w, https:\/\/files.sunoresearch.com.br\/n\/uploads\/2022\/04\/CPV_Weg_1T22-300x120.jpg 300w, https:\/\/files.sunoresearch.com.br\/n\/uploads\/2022\/04\/CPV_Weg_1T22-768x308.jpg 768w, https:\/\/files.sunoresearch.com.br\/n\/uploads\/2022\/04\/CPV_Weg_1T22-150x60.jpg 150w\" sizes=\"(max-width: 854px) 100vw, 854px\" \/><figcaption id=\"caption-attachment-253991\" class=\"wp-caption-text\">CPV da Weg no primeiro trimestre. Fonte: Balan\u00e7o financeiro<\/figcaption><\/figure>\n\t<p>\n\t\t<a href=\"https:\/\/lp.suno.com.br\/ebook-como-analisar-uma-acao\/\" target=\"_blank\" data-element=\"shortcode-suno-banner\" title=\"Banner SUNO, clique e saiba mais\">\n\t\t\t<picture>\n\t\t\t\t<source media=\"(max-width: 500px)\" srcset=\"https:\/\/files.sunoresearch.com.br\/n\/uploads\/2023\/03\/Ebook-Acoes-Mobile-1.jpg\">\n\t\t\t\t<img class=\"newsContent__article__imgCapa newsContent__article__imgCapa--banner\"\n\t\t\t\t\tsrc=\"https:\/\/files.sunoresearch.com.br\/n\/uploads\/2023\/03\/Ebook-Acoes-Desktop-1.jpg\"\n\t\t\t\t\tdata-promo-id=\"171998\"\t\t\t\t\t\t\t\t\t\twidth='1420' height='286'\t\t\t\t\talt=\"https:\/\/files.sunoresearch.com.br\/n\/uploads\/2023\/03\/Ebook-Acoes-Desktop-1.jpg\"\n\t\t\t\t>\n\t\t\t<\/picture>\n\t\t<\/a>\n\t<\/p>\n\n\n<p>No mais, tamb\u00e9m houve aumento nas <strong>despesas de vendas, gerais e administrativas<\/strong>, que somaram R$ 692,8 milh\u00f5es no per\u00edodo, crescimento de 13,7% na compara\u00e7\u00e3o com o primeiro trimestre de 2021.<\/p>\n<p>&#8220;Quando analisadas em rela\u00e7\u00e3o \u00e0 receita operacional l\u00edquida, elas representam 10,1%, 1,9 p.p. menor em rela\u00e7\u00e3o ao 1T21 e 0,6 p.p. menor em rela\u00e7\u00e3o ao 4T21&#8221;.<\/p>\n<h2>Gera\u00e7\u00e3o de caixa e d\u00edvida<\/h2>\n<p>O <a class=\"suno-keyword\" href=\"https:\/\/www.suno.com.br\/artigos\/retorno-capital-investido\/\" target=\"_blank\" rel=\"noopener\" data-force=\"no\" data-priority=\"1\">retorno sobre o capital investido<\/a> <strong>(ROIC) da Weg<\/strong> no 1T22 foi de 29,7%, evoluindo 1,5 p.p. em rela\u00e7\u00e3o ao indicador do 1T21. A empresa atribui a melhora ao crescimento da receita.<\/p>\n<p>A <strong>Weg<\/strong> registrou consumo de caixa de R$ 136,9 milh\u00f5es nos tr\u00eas primeiros meses deste ano, refletindo a maior necessidade de capital de giro no per\u00edodo. O caixa l\u00edquido da companhia ficou em R$ 307 milh\u00f5es no final de mar\u00e7o de 2022, uma redu\u00e7\u00e3o de 88,7% em rela\u00e7\u00e3o ao mesmo per\u00edodo de 2021.<\/p>\n\t<p>\n\t\t<a href=\"https:\/\/lp.suno.com.br\/planilha-de-controle-de-investimentos\/\" target=\"_blank\" data-element=\"shortcode-suno-banner\" title=\"Banner SUNO, clique e saiba mais\">\n\t\t\t<picture>\n\t\t\t\t<source media=\"(max-width: 500px)\" srcset=\"https:\/\/files.sunoresearch.com.br\/n\/uploads\/2023\/03\/400x300-Controle-de-Investimentos.png\">\n\t\t\t\t<img class=\"newsContent__article__imgCapa newsContent__article__imgCapa--banner\"\n\t\t\t\t\tsrc=\"https:\/\/files.sunoresearch.com.br\/n\/uploads\/2023\/03\/1420x240-Controle-de-Investimentos.png\"\n\t\t\t\t\tdata-promo-id=\"75934\"\t\t\t\t\t\t\t\t\t\twidth='1420' height='240'\t\t\t\t\talt=\"https:\/\/files.sunoresearch.com.br\/n\/uploads\/2023\/03\/1420x240-Controle-de-Investimentos.png\"\n\t\t\t\t>\n\t\t\t<\/picture>\n\t\t<\/a>\n\t<\/p>\n\n\n","protected":false},"excerpt":{"rendered":"<p>A Weg (WEGE3) registrou lucro l\u00edquido de R$ 943,9 milh\u00f5es no primeiro trimestre de 2022 (1T22). O valor representa um avan\u00e7o de 23,5% na compara\u00e7\u00e3o anual e de 8% em rela\u00e7\u00e3o ao trimestre passado (R$ 874,05 milh\u00f5es). A margem l\u00edquida da empresa, entretanto, caiu 1,3 ponto percentual em um ano, para 13,8%. Weg (WEGE3). Foto: [&hellip;]<\/p>\n","protected":false},"author":102,"featured_media":223987,"comment_status":"closed","ping_status":"closed","sticky":false,"template":"","format":"standard","meta":[],"categories":[64],"tags":[1029,1607,681],"suno_strategy":[],"class_list":["post-253975","post","type-post","status-publish","format-standard","has-post-thumbnail","hentry","category-negocios","tag-balancos-trimestrais","tag-resultado-das-empresas","tag-weg-wege3"],"yoast_head":"<!-- This site is optimized with the Yoast SEO plugin v24.4 - https:\/\/yoast.com\/wordpress\/plugins\/seo\/ -->\n<title>Lucro da Weg (WEGE3) avan\u00e7a 23,5% no 1T22, para R$ 943,9 milh\u00f5es<\/title>\n<meta name=\"description\" content=\"A Weg (WEGE3) divulgou o seu relat\u00f3rio do primeiro trimestre na manh\u00e3 desta quarta (27). Veja os n\u00fameros da companhia aqui!\" \/>\n<meta name=\"robots\" content=\"index, follow, max-snippet:-1, max-image-preview:large, max-video-preview:-1\" \/>\n<link rel=\"canonical\" href=\"https:\/\/www.suno.com.br\/noticias\/lucro-weg-wege3-1t22-margens-pressionadas\/\" \/>\n<meta property=\"og:locale\" content=\"pt_BR\" \/>\n<meta property=\"og:type\" content=\"article\" \/>\n<meta property=\"og:title\" content=\"Lucro da Weg (WEGE3) avan\u00e7a 23,5% no 1T22, para R$ 943,9 milh\u00f5es\" \/>\n<meta property=\"og:description\" content=\"A Weg (WEGE3) divulgou o seu relat\u00f3rio do primeiro trimestre na manh\u00e3 desta quarta (27). Veja os n\u00fameros da companhia aqui!\" \/>\n<meta property=\"og:url\" content=\"https:\/\/www.suno.com.br\/noticias\/lucro-weg-wege3-1t22-margens-pressionadas\/\" \/>\n<meta property=\"og:site_name\" content=\"Suno Not\u00edcias\" \/>\n<meta property=\"article:publisher\" content=\"https:\/\/facebook.com\/sunoresearch\" \/>\n<meta property=\"og:image\" content=\"https:\/\/files.sunoresearch.com.br\/n\/uploads\/2022\/01\/WEG-Energia-WEN-97-scaled.jpg\" \/>\n\t<meta property=\"og:image:width\" content=\"2560\" \/>\n\t<meta property=\"og:image:height\" content=\"1708\" \/>\n\t<meta property=\"og:image:type\" content=\"image\/jpeg\" \/>\n<meta name=\"author\" content=\"Monique Lima\" \/>\n<meta name=\"twitter:card\" content=\"summary_large_image\" \/>\n<meta name=\"twitter:creator\" content=\"@sunoresearch\" \/>\n<meta name=\"twitter:site\" content=\"@sunoresearch\" \/>\n<meta name=\"twitter:label1\" content=\"Escrito por\" \/>\n\t<meta name=\"twitter:data1\" content=\"Monique Lima\" \/>\n\t<meta name=\"twitter:label2\" content=\"Est. tempo de leitura\" \/>\n\t<meta name=\"twitter:data2\" content=\"4 minutos\" \/>\n<script type=\"application\/ld+json\" class=\"yoast-schema-graph\">{\"@context\":\"https:\/\/schema.org\",\"@graph\":[{\"@type\":\"NewsArticle\",\"@id\":\"https:\/\/www.suno.com.br\/noticias\/lucro-weg-wege3-1t22-margens-pressionadas\/#article\",\"isPartOf\":{\"@id\":\"https:\/\/www.suno.com.br\/noticias\/lucro-weg-wege3-1t22-margens-pressionadas\/\"},\"author\":{\"name\":\"Monique Lima\",\"@id\":\"https:\/\/www.suno.com.br\/noticias\/#\/schema\/person\/d712329319cc9b10f254d02d654cb36a\"},\"headline\":\"Lucro da Weg (WEGE3) avan\u00e7a 23,5% no 1T22, mas margens seguem pressionadas\",\"datePublished\":\"2022-04-27T12:09:45+00:00\",\"mainEntityOfPage\":{\"@id\":\"https:\/\/www.suno.com.br\/noticias\/lucro-weg-wege3-1t22-margens-pressionadas\/\"},\"wordCount\":862,\"publisher\":{\"@id\":\"https:\/\/www.suno.com.br\/noticias\/#organization\"},\"image\":{\"@id\":\"https:\/\/www.suno.com.br\/noticias\/lucro-weg-wege3-1t22-margens-pressionadas\/#primaryimage\"},\"thumbnailUrl\":\"https:\/\/files.sunoresearch.com.br\/n\/uploads\/2022\/01\/WEG-Energia-WEN-97-scaled.jpg\",\"keywords\":[\"balan\u00e7os trimestrais\",\"Resultado das empresas\",\"Weg (WEGE3)\"],\"articleSection\":[\"Neg\u00f3cios\"],\"inLanguage\":\"pt-BR\"},{\"@type\":\"WebPage\",\"@id\":\"https:\/\/www.suno.com.br\/noticias\/lucro-weg-wege3-1t22-margens-pressionadas\/\",\"url\":\"https:\/\/www.suno.com.br\/noticias\/lucro-weg-wege3-1t22-margens-pressionadas\/\",\"name\":\"Lucro da Weg (WEGE3) avan\u00e7a 23,5% no 1T22, para R$ 943,9 milh\u00f5es\",\"isPartOf\":{\"@id\":\"https:\/\/www.suno.com.br\/noticias\/#website\"},\"primaryImageOfPage\":{\"@id\":\"https:\/\/www.suno.com.br\/noticias\/lucro-weg-wege3-1t22-margens-pressionadas\/#primaryimage\"},\"image\":{\"@id\":\"https:\/\/www.suno.com.br\/noticias\/lucro-weg-wege3-1t22-margens-pressionadas\/#primaryimage\"},\"thumbnailUrl\":\"https:\/\/files.sunoresearch.com.br\/n\/uploads\/2022\/01\/WEG-Energia-WEN-97-scaled.jpg\",\"datePublished\":\"2022-04-27T12:09:45+00:00\",\"description\":\"A Weg (WEGE3) divulgou o seu relat\u00f3rio do primeiro trimestre na manh\u00e3 desta quarta (27). Veja os n\u00fameros da companhia aqui!\",\"breadcrumb\":{\"@id\":\"https:\/\/www.suno.com.br\/noticias\/lucro-weg-wege3-1t22-margens-pressionadas\/#breadcrumb\"},\"inLanguage\":\"pt-BR\",\"potentialAction\":[{\"@type\":\"ReadAction\",\"target\":[\"https:\/\/www.suno.com.br\/noticias\/lucro-weg-wege3-1t22-margens-pressionadas\/\"]}]},{\"@type\":\"ImageObject\",\"inLanguage\":\"pt-BR\",\"@id\":\"https:\/\/www.suno.com.br\/noticias\/lucro-weg-wege3-1t22-margens-pressionadas\/#primaryimage\",\"url\":\"https:\/\/files.sunoresearch.com.br\/n\/uploads\/2022\/01\/WEG-Energia-WEN-97-scaled.jpg\",\"contentUrl\":\"https:\/\/files.sunoresearch.com.br\/n\/uploads\/2022\/01\/WEG-Energia-WEN-97-scaled.jpg\",\"width\":2560,\"height\":1708,\"caption\":\"Weg (WEGE3). Foto: Divulga\u00e7\u00e3o\/Weg\"},{\"@type\":\"BreadcrumbList\",\"@id\":\"https:\/\/www.suno.com.br\/noticias\/lucro-weg-wege3-1t22-margens-pressionadas\/#breadcrumb\",\"itemListElement\":[{\"@type\":\"ListItem\",\"position\":1,\"name\":\"Not\u00edcias\",\"item\":\"https:\/\/www.suno.com.br\/noticias\/\"},{\"@type\":\"ListItem\",\"position\":2,\"name\":\"Neg\u00f3cios\",\"item\":\"https:\/\/www.suno.com.br\/noticias\/negocios\/\"},{\"@type\":\"ListItem\",\"position\":3,\"name\":\"Lucro da Weg (WEGE3) avan\u00e7a 23,5% no 1T22, mas margens seguem pressionadas\"}]},{\"@type\":\"WebSite\",\"@id\":\"https:\/\/www.suno.com.br\/noticias\/#website\",\"url\":\"https:\/\/www.suno.com.br\/noticias\/\",\"name\":\"Suno Not\u00edcias\",\"description\":\"Seu portal de informa\u00e7\u00e3o sobre o mundo dos investimentos\",\"publisher\":{\"@id\":\"https:\/\/www.suno.com.br\/noticias\/#organization\"},\"potentialAction\":[{\"@type\":\"SearchAction\",\"target\":{\"@type\":\"EntryPoint\",\"urlTemplate\":\"https:\/\/www.suno.com.br\/noticias\/?s={search_term_string}\"},\"query-input\":{\"@type\":\"PropertyValueSpecification\",\"valueRequired\":true,\"valueName\":\"search_term_string\"}}],\"inLanguage\":\"pt-BR\"},{\"@type\":\"Organization\",\"@id\":\"https:\/\/www.suno.com.br\/noticias\/#organization\",\"name\":\"Suno Not\u00edcias\",\"url\":\"https:\/\/www.suno.com.br\/noticias\/\",\"logo\":{\"@type\":\"ImageObject\",\"inLanguage\":\"pt-BR\",\"@id\":\"https:\/\/www.suno.com.br\/noticias\/#\/schema\/logo\/image\/\",\"url\":\"https:\/\/files.sunoresearch.com.br\/n\/uploads\/2021\/09\/suno-logo.png\",\"contentUrl\":\"https:\/\/files.sunoresearch.com.br\/n\/uploads\/2021\/09\/suno-logo.png\",\"width\":180,\"height\":180,\"caption\":\"Suno Not\u00edcias\"},\"image\":{\"@id\":\"https:\/\/www.suno.com.br\/noticias\/#\/schema\/logo\/image\/\"},\"sameAs\":[\"https:\/\/facebook.com\/sunoresearch\",\"https:\/\/x.com\/sunoresearch\",\"https:\/\/www.instagram.com\/suno\",\"https:\/\/www.linkedin.com\/company\/suno-research\/\",\"https:\/\/www.youtube.com\/c\/sunoresearch\"]},{\"@type\":\"Person\",\"@id\":\"https:\/\/www.suno.com.br\/noticias\/#\/schema\/person\/d712329319cc9b10f254d02d654cb36a\",\"name\":\"Monique Lima\",\"image\":{\"@type\":\"ImageObject\",\"inLanguage\":\"pt-BR\",\"@id\":\"https:\/\/www.suno.com.br\/noticias\/#\/schema\/person\/image\/\",\"url\":\"https:\/\/secure.gravatar.com\/avatar\/daee7f16d906c2e9ffed236206ca2c30?s=96&r=g\",\"contentUrl\":\"https:\/\/secure.gravatar.com\/avatar\/daee7f16d906c2e9ffed236206ca2c30?s=96&r=g\",\"caption\":\"Monique Lima\"},\"description\":\"Rep\u00f3rter de Mercado no Suno Not\u00edcias, \u00e9 jornalista com experi\u00eancia na cobertura de economia, empreendedorismo, finan\u00e7as pessoais, mercado financeiro, carreira e recursos humanos. Formada em Jornalismo pela Universidade Paulista, teve experi\u00eancias em ve\u00edculos de comunica\u00e7\u00e3o como a Ag\u00eancia TradeMap, Revista Voc\u00ea S\/A e Revista Voc\u00ea RH, as duas \u00faltimas publica\u00e7\u00f5es da Editora Abril. No Suno Not\u00edcias, fala sobre as principais not\u00edcias de Fundos Imobili\u00e1rios, Fiagro, Startups e empresas listadas na Bolsa.\",\"url\":\"https:\/\/www.suno.com.br\/noticias\/author\/monique-lima\/\"}]}<\/script>\n<!-- \/ Yoast SEO plugin. -->","yoast_head_json":{"title":"Lucro da Weg (WEGE3) avan\u00e7a 23,5% no 1T22, para R$ 943,9 milh\u00f5es","description":"A Weg (WEGE3) divulgou o seu relat\u00f3rio do primeiro trimestre na manh\u00e3 desta quarta (27). Veja os n\u00fameros da companhia aqui!","robots":{"index":"index","follow":"follow","max-snippet":"max-snippet:-1","max-image-preview":"max-image-preview:large","max-video-preview":"max-video-preview:-1"},"canonical":"https:\/\/www.suno.com.br\/noticias\/lucro-weg-wege3-1t22-margens-pressionadas\/","og_locale":"pt_BR","og_type":"article","og_title":"Lucro da Weg (WEGE3) avan\u00e7a 23,5% no 1T22, para R$ 943,9 milh\u00f5es","og_description":"A Weg (WEGE3) divulgou o seu relat\u00f3rio do primeiro trimestre na manh\u00e3 desta quarta (27). Veja os n\u00fameros da companhia aqui!","og_url":"https:\/\/www.suno.com.br\/noticias\/lucro-weg-wege3-1t22-margens-pressionadas\/","og_site_name":"Suno Not\u00edcias","article_publisher":"https:\/\/facebook.com\/sunoresearch","og_image":[{"width":2560,"height":1708,"url":"https:\/\/files.sunoresearch.com.br\/n\/uploads\/2022\/01\/WEG-Energia-WEN-97-scaled.jpg","type":"image\/jpeg"}],"author":"Monique Lima","twitter_card":"summary_large_image","twitter_creator":"@sunoresearch","twitter_site":"@sunoresearch","twitter_misc":{"Escrito por":"Monique Lima","Est. tempo de leitura":"4 minutos"},"schema":{"@context":"https:\/\/schema.org","@graph":[{"@type":"NewsArticle","@id":"https:\/\/www.suno.com.br\/noticias\/lucro-weg-wege3-1t22-margens-pressionadas\/#article","isPartOf":{"@id":"https:\/\/www.suno.com.br\/noticias\/lucro-weg-wege3-1t22-margens-pressionadas\/"},"author":{"name":"Monique Lima","@id":"https:\/\/www.suno.com.br\/noticias\/#\/schema\/person\/d712329319cc9b10f254d02d654cb36a"},"headline":"Lucro da Weg (WEGE3) avan\u00e7a 23,5% no 1T22, mas margens seguem pressionadas","datePublished":"2022-04-27T12:09:45+00:00","mainEntityOfPage":{"@id":"https:\/\/www.suno.com.br\/noticias\/lucro-weg-wege3-1t22-margens-pressionadas\/"},"wordCount":862,"publisher":{"@id":"https:\/\/www.suno.com.br\/noticias\/#organization"},"image":{"@id":"https:\/\/www.suno.com.br\/noticias\/lucro-weg-wege3-1t22-margens-pressionadas\/#primaryimage"},"thumbnailUrl":"https:\/\/files.sunoresearch.com.br\/n\/uploads\/2022\/01\/WEG-Energia-WEN-97-scaled.jpg","keywords":["balan\u00e7os trimestrais","Resultado das empresas","Weg (WEGE3)"],"articleSection":["Neg\u00f3cios"],"inLanguage":"pt-BR"},{"@type":"WebPage","@id":"https:\/\/www.suno.com.br\/noticias\/lucro-weg-wege3-1t22-margens-pressionadas\/","url":"https:\/\/www.suno.com.br\/noticias\/lucro-weg-wege3-1t22-margens-pressionadas\/","name":"Lucro da Weg (WEGE3) avan\u00e7a 23,5% no 1T22, para R$ 943,9 milh\u00f5es","isPartOf":{"@id":"https:\/\/www.suno.com.br\/noticias\/#website"},"primaryImageOfPage":{"@id":"https:\/\/www.suno.com.br\/noticias\/lucro-weg-wege3-1t22-margens-pressionadas\/#primaryimage"},"image":{"@id":"https:\/\/www.suno.com.br\/noticias\/lucro-weg-wege3-1t22-margens-pressionadas\/#primaryimage"},"thumbnailUrl":"https:\/\/files.sunoresearch.com.br\/n\/uploads\/2022\/01\/WEG-Energia-WEN-97-scaled.jpg","datePublished":"2022-04-27T12:09:45+00:00","description":"A Weg (WEGE3) divulgou o seu relat\u00f3rio do primeiro trimestre na manh\u00e3 desta quarta (27). Veja os n\u00fameros da companhia aqui!","breadcrumb":{"@id":"https:\/\/www.suno.com.br\/noticias\/lucro-weg-wege3-1t22-margens-pressionadas\/#breadcrumb"},"inLanguage":"pt-BR","potentialAction":[{"@type":"ReadAction","target":["https:\/\/www.suno.com.br\/noticias\/lucro-weg-wege3-1t22-margens-pressionadas\/"]}]},{"@type":"ImageObject","inLanguage":"pt-BR","@id":"https:\/\/www.suno.com.br\/noticias\/lucro-weg-wege3-1t22-margens-pressionadas\/#primaryimage","url":"https:\/\/files.sunoresearch.com.br\/n\/uploads\/2022\/01\/WEG-Energia-WEN-97-scaled.jpg","contentUrl":"https:\/\/files.sunoresearch.com.br\/n\/uploads\/2022\/01\/WEG-Energia-WEN-97-scaled.jpg","width":2560,"height":1708,"caption":"Weg (WEGE3). Foto: Divulga\u00e7\u00e3o\/Weg"},{"@type":"BreadcrumbList","@id":"https:\/\/www.suno.com.br\/noticias\/lucro-weg-wege3-1t22-margens-pressionadas\/#breadcrumb","itemListElement":[{"@type":"ListItem","position":1,"name":"Not\u00edcias","item":"https:\/\/www.suno.com.br\/noticias\/"},{"@type":"ListItem","position":2,"name":"Neg\u00f3cios","item":"https:\/\/www.suno.com.br\/noticias\/negocios\/"},{"@type":"ListItem","position":3,"name":"Lucro da Weg (WEGE3) avan\u00e7a 23,5% no 1T22, mas margens seguem pressionadas"}]},{"@type":"WebSite","@id":"https:\/\/www.suno.com.br\/noticias\/#website","url":"https:\/\/www.suno.com.br\/noticias\/","name":"Suno Not\u00edcias","description":"Seu portal de informa\u00e7\u00e3o sobre o mundo dos investimentos","publisher":{"@id":"https:\/\/www.suno.com.br\/noticias\/#organization"},"potentialAction":[{"@type":"SearchAction","target":{"@type":"EntryPoint","urlTemplate":"https:\/\/www.suno.com.br\/noticias\/?s={search_term_string}"},"query-input":{"@type":"PropertyValueSpecification","valueRequired":true,"valueName":"search_term_string"}}],"inLanguage":"pt-BR"},{"@type":"Organization","@id":"https:\/\/www.suno.com.br\/noticias\/#organization","name":"Suno Not\u00edcias","url":"https:\/\/www.suno.com.br\/noticias\/","logo":{"@type":"ImageObject","inLanguage":"pt-BR","@id":"https:\/\/www.suno.com.br\/noticias\/#\/schema\/logo\/image\/","url":"https:\/\/files.sunoresearch.com.br\/n\/uploads\/2021\/09\/suno-logo.png","contentUrl":"https:\/\/files.sunoresearch.com.br\/n\/uploads\/2021\/09\/suno-logo.png","width":180,"height":180,"caption":"Suno Not\u00edcias"},"image":{"@id":"https:\/\/www.suno.com.br\/noticias\/#\/schema\/logo\/image\/"},"sameAs":["https:\/\/facebook.com\/sunoresearch","https:\/\/x.com\/sunoresearch","https:\/\/www.instagram.com\/suno","https:\/\/www.linkedin.com\/company\/suno-research\/","https:\/\/www.youtube.com\/c\/sunoresearch"]},{"@type":"Person","@id":"https:\/\/www.suno.com.br\/noticias\/#\/schema\/person\/d712329319cc9b10f254d02d654cb36a","name":"Monique Lima","image":{"@type":"ImageObject","inLanguage":"pt-BR","@id":"https:\/\/www.suno.com.br\/noticias\/#\/schema\/person\/image\/","url":"https:\/\/secure.gravatar.com\/avatar\/daee7f16d906c2e9ffed236206ca2c30?s=96&r=g","contentUrl":"https:\/\/secure.gravatar.com\/avatar\/daee7f16d906c2e9ffed236206ca2c30?s=96&r=g","caption":"Monique Lima"},"description":"Rep\u00f3rter de Mercado no Suno Not\u00edcias, \u00e9 jornalista com experi\u00eancia na cobertura de economia, empreendedorismo, finan\u00e7as pessoais, mercado financeiro, carreira e recursos humanos. Formada em Jornalismo pela Universidade Paulista, teve experi\u00eancias em ve\u00edculos de comunica\u00e7\u00e3o como a Ag\u00eancia TradeMap, Revista Voc\u00ea S\/A e Revista Voc\u00ea RH, as duas \u00faltimas publica\u00e7\u00f5es da Editora Abril. No Suno Not\u00edcias, fala sobre as principais not\u00edcias de Fundos Imobili\u00e1rios, Fiagro, Startups e empresas listadas na Bolsa.","url":"https:\/\/www.suno.com.br\/noticias\/author\/monique-lima\/"}]}},"default_loop_html":"<div class=\"cardsPage__listCard__boxs\"><div class=\"cardsPage__listCard__boxs__img\"><a href=\"https:\/\/www.suno.com.br\/noticias\/lucro-weg-wege3-1t22-margens-pressionadas\/\"><img class=\"mask\" src=\"https:\/\/www.suno.com.br\/noticias\/wp-content\/themes\/suno\/resources\/images\/spotlight\/spotlight1img\/bg-mask.png\" alt=\"Image Mask\"\/><img src=\"https:\/\/files.sunoresearch.com.br\/n\/uploads\/2022\/01\/WEG-Energia-WEN-97-400x200.jpg\" alt=\"Lucro da Weg (WEGE3) avan\u00e7a 23,5% no 1T22, mas margens seguem pressionadas\"\/><\/a><span class=\"spotlightCategory\"><a href=\"https:\/\/www.suno.com.br\/noticias\/negocios\/\">Neg\u00f3cios<\/a><\/span><\/div><div class=\"cardsPage__listCard__boxs__content\"><a href=\"https:\/\/www.suno.com.br\/noticias\/lucro-weg-wege3-1t22-margens-pressionadas\/\"><h2 class=\"content__title\">Lucro da Weg (WEGE3) avan\u00e7a 23,5% no 1T22, mas margens seguem pressionadas<\/h2><\/a><div class=\"newsContent__article__meta\"><div class=\"newsContent__article__meta__authorBox\"><a href=\"https:\/\/www.suno.com.br\/noticias\/author\/monique-lima\/\" class=\"authorBox__avatar noMobi\"><img src=\"https:\/\/secure.gravatar.com\/avatar\/daee7f16d906c2e9ffed236206ca2c30?s=96&#038;r=g\" alt=\"Monique Lima\"><\/a><div class=\"authorBox__name\"><span>por\n\t\t\t<a href=\"https:\/\/www.suno.com.br\/noticias\/author\/monique-lima\/\"><span itemprop=\"author\">Monique Lima<\/span><\/a><\/span><time datetime=\"2022-04-27T09:09:45-03:00\" itemprop=\"datePublished\">27\/04\/2022 09:09<\/time><\/div><\/div><\/div><\/div><\/div>","single_layout":"posts","amp_enabled":false,"_links":{"self":[{"href":"https:\/\/www.suno.com.br\/noticias\/wp-json\/wp\/v2\/posts\/253975"}],"collection":[{"href":"https:\/\/www.suno.com.br\/noticias\/wp-json\/wp\/v2\/posts"}],"about":[{"href":"https:\/\/www.suno.com.br\/noticias\/wp-json\/wp\/v2\/types\/post"}],"author":[{"embeddable":true,"href":"https:\/\/www.suno.com.br\/noticias\/wp-json\/wp\/v2\/users\/102"}],"replies":[{"embeddable":true,"href":"https:\/\/www.suno.com.br\/noticias\/wp-json\/wp\/v2\/comments?post=253975"}],"version-history":[{"count":3,"href":"https:\/\/www.suno.com.br\/noticias\/wp-json\/wp\/v2\/posts\/253975\/revisions"}],"predecessor-version":[{"id":253993,"href":"https:\/\/www.suno.com.br\/noticias\/wp-json\/wp\/v2\/posts\/253975\/revisions\/253993"}],"wp:featuredmedia":[{"embeddable":true,"href":"https:\/\/www.suno.com.br\/noticias\/wp-json\/wp\/v2\/media\/223987"}],"wp:attachment":[{"href":"https:\/\/www.suno.com.br\/noticias\/wp-json\/wp\/v2\/media?parent=253975"}],"wp:term":[{"taxonomy":"category","embeddable":true,"href":"https:\/\/www.suno.com.br\/noticias\/wp-json\/wp\/v2\/categories?post=253975"},{"taxonomy":"post_tag","embeddable":true,"href":"https:\/\/www.suno.com.br\/noticias\/wp-json\/wp\/v2\/tags?post=253975"},{"taxonomy":"suno_strategy","embeddable":true,"href":"https:\/\/www.suno.com.br\/noticias\/wp-json\/wp\/v2\/suno_strategy?post=253975"}],"curies":[{"name":"wp","href":"https:\/\/api.w.org\/{rel}","templated":true}]}}