{"id":25375,"date":"2019-05-21T12:22:29","date_gmt":"2019-05-21T15:22:29","guid":{"rendered":"https:\/\/www.suno.com.br\/noticias\/?p=25375"},"modified":"2019-05-21T12:22:29","modified_gmt":"2019-05-21T15:22:29","slug":"b3-periodo-liquidacao-reduzido","status":"publish","type":"post","link":"https:\/\/www.suno.com.br\/noticias\/b3-periodo-liquidacao-reduzido\/","title":{"rendered":"B3: Per\u00edodo de liquida\u00e7\u00e3o da Bolsa \u00e9 reduzido para D+2"},"content":{"rendered":"<p>A B3 informou que o Projeto de Ciclo de Liquida\u00e7\u00e3o D+2, foi autorizado pelo Banco Central do Brasil (BCB) e pela Comiss\u00e3o de Valores Mobili\u00e1rios (CVM). Dessa forma, o ciclo de liquida\u00e7\u00e3o do mercado a vista de renda vari\u00e1vel foi reduzido de tr\u00eas dias \u00fateis (D+3) para dois dias \u00fateis (D+2).<\/p>\t<div class=\"wrapper-featured-image\">\n\t\t<figure class=\"spotlightImg\">\n\n\t\t\t<picture>\n\t\t\t\t<source media=\"(max-width: 768px)\" srcset=\"https:\/\/files.sunoresearch.com.br\/n\/uploads\/2019\/03\/de3bd6ac-b3-400x200.webp\">\n\t\t\t\t<img loading=\"lazy\" decoding=\"async\" class=\"newsContent__article__imgCapa lazyloadDisabled newsContent__article__imgCapa--noCaption\" src=\"https:\/\/files.sunoresearch.com.br\/n\/uploads\/2019\/03\/de3bd6ac-b3-jpg.webp\" width=\"800\" height=\"450\" alt=\"B3: Per\u00edodo de liquida\u00e7\u00e3o da Bolsa \u00e9 reduzido para D+2\" fetchpriority=high \/>\n\t\t\t<\/picture>\n\n\t\t\t<figcaption class=\"wp-caption-text wp-caption-text--hide\">A B3 (B3SA3) informou que seu Conselho de Administra\u00e7\u00e3o aprovou o aumento de capital da empresa em R$ 9 bilh\u00f5es. <\/figcaption>\n\t\t<\/figure>\n\t<\/div>\n\n\n<p>O ciclo de liquida\u00e7\u00e3o D+2 ser\u00e1 aplicado na <strong>B3<\/strong> no pr\u00f3ximo dia 27, primeira sess\u00e3o de negocia\u00e7\u00e3o no mercado a vista de renda vari\u00e1vel com opera\u00e7\u00f5es contratadas para <strong>liquida\u00e7\u00e3o<\/strong> no novo ciclo, ou seja, 29 de maio.<\/p>\n\t<p>\n\t\t<a href=\"https:\/\/lp.suno.com.br\/ebook-como-analisar-uma-acao\/\" target=\"_blank\" data-element=\"shortcode-suno-banner\" title=\"Banner SUNO, clique e saiba mais\">\n\t\t\t<picture>\n\t\t\t\t<source media=\"(max-width: 500px)\" srcset=\"https:\/\/files.sunoresearch.com.br\/n\/uploads\/2023\/12\/Ebook-Acoes-Mobile.jpg\">\n\t\t\t\t<img class=\"newsContent__article__imgCapa newsContent__article__imgCapa--banner\"\n\t\t\t\t\tsrc=\"https:\/\/files.sunoresearch.com.br\/n\/uploads\/2023\/12\/Ebook-Acoes-Mobile.jpg\"\n\t\t\t\t\tdata-promo-id=\"101750\"\t\t\t\t\t\t\t\t\t\twidth='400' height='300'\t\t\t\t\talt=\"https:\/\/files.sunoresearch.com.br\/n\/uploads\/2023\/12\/Ebook-Acoes-Mobile.jpg\"\n\t\t\t\t>\n\t\t\t<\/picture>\n\t\t<\/a>\n\t<\/p>\n\n\n<p>De acordo com a B3, o novo modelo de liquida\u00e7\u00e3o dar\u00e1 os seguintes benef\u00edcios:<\/p>\n<ol>\n<li>Reduzir o risco de contraparte para investidores individuais, participantes e CCP.<\/li>\n<li>Tornar mais eficiente os processos de post-trading, inclusive reduzindo custos.<\/li>\n<li>Diminuir o risco operacional.<\/li>\n<li>Aumentar a disponibilidade de capital.<\/li>\n<\/ol>\n<p>O <strong>novo ciclo<\/strong> ser\u00e1 aplicado ap\u00f3s a conclus\u00e3o de todos os testes na plataforma da C\u00e2mara B3, tendo em que vista que j\u00e1 foram concedidas todas as autoriza\u00e7\u00f5es dos \u00f3rg\u00e3os regulat\u00f3rios para que o <strong>projeto<\/strong> seja implementado.<\/p>\n<h2>Fases do D+2<\/h2>\n<p>O formato do projeto est\u00e1 sendo constru\u00eddo junto a participantes do mercado que contribuem no modelo e nas determina\u00e7\u00f5es de prazos de testes e implementa\u00e7\u00e3o.<\/p>\n<p>Buscando realizar um modelo de neg\u00f3cio mais eficiente e menos impactante ao mercado financeiro, foram realizadas 29 reuni\u00f5es do grupo de trabalho entre fevereiro e mar\u00e7o de 2018, com as seguintes frentes:<\/p>\n<ol>\n<li>Grades e Fluxos<\/li>\n<li>Aloca\u00e7\u00e3o, pre-matching e c\u00e2mbio<\/li>\n<li>Ofertas p\u00fablicas<\/li>\n<li>Dep\u00f3sitos e Eventos corporativos<\/li>\n<\/ol>\n\t<p>\n\t\t<a href=\"https:\/\/lps.suno.com.br\/asset\/newsletter\/\" target=\"_blank\" data-element=\"shortcode-suno-banner\" title=\"Banner SUNO, clique e saiba mais\">\n\t\t\t<picture>\n\t\t\t\t<source media=\"(max-width: 500px)\" srcset=\"https:\/\/files.sunoresearch.com.br\/n\/uploads\/2023\/04\/400x300-Mobile-Artigos-4.jpg\">\n\t\t\t\t<img class=\"newsContent__article__imgCapa newsContent__article__imgCapa--banner\"\n\t\t\t\t\tsrc=\"https:\/\/files.sunoresearch.com.br\/n\/uploads\/2023\/04\/1420x240-Banner-Artigos-1-_-Banner-Materias-1.jpg\"\n\t\t\t\t\tdata-promo-id=\"386700\"\t\t\t\t\t\t\t\t\t\twidth='1420' height='240'\t\t\t\t\talt=\"https:\/\/files.sunoresearch.com.br\/n\/uploads\/2023\/04\/1420x240-Banner-Artigos-1-_-Banner-Materias-1.jpg\"\n\t\t\t\t>\n\t\t\t<\/picture>\n\t\t<\/a>\n\t<\/p>\n\n\n<figure id=\"attachment_25391\" aria-describedby=\"caption-attachment-25391\" style=\"width: 905px\" class=\"wp-caption aligncenter\"><img loading=\"lazy\" decoding=\"async\" class=\"size-full wp-image-25391\" src=\"https:\/\/storage.googleapis.com\/wp-noticias\/2019\/05\/4f69b51e-fases-do-projeto-d2.jpg\" alt=\"\" width=\"905\" height=\"477\" \/><figcaption id=\"caption-attachment-25391\" class=\"wp-caption-text\">Fases do Projeto D+2 (Fonte: B3)<\/figcaption><\/figure>\n<p>Al\u00e9m disso, a B3 ainda divulgou o cronograma para a implementa\u00e7\u00e3o do novo ciclo de liquida\u00e7\u00e3o.<\/p>\n<figure id=\"attachment_25392\" aria-describedby=\"caption-attachment-25392\" style=\"width: 1024px\" class=\"wp-caption aligncenter\"><img loading=\"lazy\" decoding=\"async\" class=\"size-large wp-image-25392\" src=\"https:\/\/storage.googleapis.com\/wp-noticias\/2019\/05\/e91b5399-cronograma-do-projeto-d2-1024x364.jpg\" alt=\"\" width=\"1024\" height=\"364\" \/><figcaption id=\"caption-attachment-25392\" class=\"wp-caption-text\">Cronograma para implementa\u00e7\u00e3o do Projeto D+2 (Fonte: B3)<\/figcaption><\/figure>\n<h2>Bolsa supera 1 milh\u00e3o<\/h2>\n<p>No \u00faltimo m\u00eas, a\u00a0<a href=\"https:\/\/www.suno.com.br\/artigos\/bovespa-precedente-b3\/\">Bolsa de Valores de S\u00e3o Paulo<\/a> <strong>(B3)<\/strong> superou a marca hist\u00f3rica de 1 milh\u00e3o de investidores pessoas f\u00edsicas.\u00a0A\u00a0<strong>Bolsa <\/strong>paulistana registrou 1.046.244 de cadastros ativos de investidores pessoas f\u00edsicas, quanto mar\u00e7o contava com 982 mil investidores desse tipo.<\/p>\n<p><a href=\"https:\/\/www.suno.com.br\/noticias\/bolsa-milhao-investidores-pessoas-fisicas\/\">Saiba mais:\u00a0Bolsa de Valores chega a 1 milh\u00e3o de investidores pessoas f\u00edsicas<\/a><\/p>\n","protected":false},"excerpt":{"rendered":"<p>A B3 informou que o Projeto de Ciclo de Liquida\u00e7\u00e3o D+2, foi autorizado pelo Banco Central do Brasil (BCB) e pela Comiss\u00e3o de Valores Mobili\u00e1rios (CVM). Dessa forma, o ciclo de liquida\u00e7\u00e3o do mercado a vista de renda vari\u00e1vel foi reduzido de tr\u00eas dias \u00fateis (D+3) para dois dias \u00fateis (D+2). A B3 (B3SA3) informou [&hellip;]<\/p>\n","protected":false},"author":11,"featured_media":17983,"comment_status":"closed","ping_status":"closed","sticky":false,"template":"","format":"standard","meta":[],"categories":[60],"tags":[367],"suno_strategy":[],"class_list":["post-25375","post","type-post","status-publish","format-standard","has-post-thumbnail","hentry","category-mercado","tag-b3-b3sa3"],"yoast_head":"<!-- This site is optimized with the Yoast SEO plugin v24.4 - https:\/\/yoast.com\/wordpress\/plugins\/seo\/ -->\n<title>B3: Per\u00edodo de liquida\u00e7\u00e3o da Bolsa \u00e9 reduzido para D+2<\/title>\n<meta name=\"description\" content=\"Com a implementa\u00e7\u00e3o do novo ciclo na B3, a liquida\u00e7\u00e3o financeira acontecer\u00e1 em dois dias \u00fateis e n\u00e3o tr\u00eas dias. Clique e saiba mais.\" \/>\n<meta name=\"robots\" content=\"index, follow, max-snippet:-1, max-image-preview:large, max-video-preview:-1\" \/>\n<link rel=\"canonical\" href=\"https:\/\/www.suno.com.br\/noticias\/b3-periodo-liquidacao-reduzido\/\" \/>\n<meta property=\"og:locale\" content=\"pt_BR\" \/>\n<meta property=\"og:type\" content=\"article\" \/>\n<meta property=\"og:title\" content=\"B3: Per\u00edodo de liquida\u00e7\u00e3o da Bolsa \u00e9 reduzido para D+2\" \/>\n<meta property=\"og:description\" content=\"Com a implementa\u00e7\u00e3o do novo ciclo na B3, a liquida\u00e7\u00e3o financeira acontecer\u00e1 em dois dias \u00fateis e n\u00e3o tr\u00eas dias. Clique e saiba mais.\" \/>\n<meta property=\"og:url\" content=\"https:\/\/www.suno.com.br\/noticias\/b3-periodo-liquidacao-reduzido\/\" \/>\n<meta property=\"og:site_name\" content=\"Suno Not\u00edcias\" \/>\n<meta property=\"article:publisher\" content=\"https:\/\/facebook.com\/sunoresearch\" \/>\n<meta property=\"og:image\" content=\"https:\/\/files.sunoresearch.com.br\/n\/uploads\/2019\/03\/de3bd6ac-b3.jpg\" \/>\n\t<meta property=\"og:image:width\" content=\"770\" \/>\n\t<meta property=\"og:image:height\" content=\"400\" \/>\n\t<meta property=\"og:image:type\" content=\"image\/jpeg\" \/>\n<meta name=\"author\" content=\"Renan Bandeira\" \/>\n<meta name=\"twitter:card\" content=\"summary_large_image\" \/>\n<meta name=\"twitter:creator\" content=\"@sunoresearch\" \/>\n<meta name=\"twitter:site\" content=\"@sunoresearch\" \/>\n<meta name=\"twitter:label1\" content=\"Escrito por\" \/>\n\t<meta name=\"twitter:data1\" content=\"Renan Bandeira\" \/>\n\t<meta name=\"twitter:label2\" content=\"Est. tempo de leitura\" \/>\n\t<meta name=\"twitter:data2\" content=\"2 minutos\" \/>\n<script type=\"application\/ld+json\" class=\"yoast-schema-graph\">{\"@context\":\"https:\/\/schema.org\",\"@graph\":[{\"@type\":\"NewsArticle\",\"@id\":\"https:\/\/www.suno.com.br\/noticias\/b3-periodo-liquidacao-reduzido\/#article\",\"isPartOf\":{\"@id\":\"https:\/\/www.suno.com.br\/noticias\/b3-periodo-liquidacao-reduzido\/\"},\"author\":{\"name\":\"Renan Bandeira\",\"@id\":\"https:\/\/www.suno.com.br\/noticias\/#\/schema\/person\/fc144a1c6108bd1dcd43784e88a3c138\"},\"headline\":\"B3: Per\u00edodo de liquida\u00e7\u00e3o da Bolsa \u00e9 reduzido para D+2\",\"datePublished\":\"2019-05-21T15:22:29+00:00\",\"mainEntityOfPage\":{\"@id\":\"https:\/\/www.suno.com.br\/noticias\/b3-periodo-liquidacao-reduzido\/\"},\"wordCount\":399,\"publisher\":{\"@id\":\"https:\/\/www.suno.com.br\/noticias\/#organization\"},\"image\":{\"@id\":\"https:\/\/www.suno.com.br\/noticias\/b3-periodo-liquidacao-reduzido\/#primaryimage\"},\"thumbnailUrl\":\"https:\/\/files.sunoresearch.com.br\/n\/uploads\/2019\/03\/de3bd6ac-b3-jpg.webp\",\"keywords\":[\"B3 (B3SA3)\"],\"articleSection\":[\"Mercado\"],\"inLanguage\":\"pt-BR\"},{\"@type\":\"WebPage\",\"@id\":\"https:\/\/www.suno.com.br\/noticias\/b3-periodo-liquidacao-reduzido\/\",\"url\":\"https:\/\/www.suno.com.br\/noticias\/b3-periodo-liquidacao-reduzido\/\",\"name\":\"B3: Per\u00edodo de liquida\u00e7\u00e3o da Bolsa \u00e9 reduzido para D+2\",\"isPartOf\":{\"@id\":\"https:\/\/www.suno.com.br\/noticias\/#website\"},\"primaryImageOfPage\":{\"@id\":\"https:\/\/www.suno.com.br\/noticias\/b3-periodo-liquidacao-reduzido\/#primaryimage\"},\"image\":{\"@id\":\"https:\/\/www.suno.com.br\/noticias\/b3-periodo-liquidacao-reduzido\/#primaryimage\"},\"thumbnailUrl\":\"https:\/\/files.sunoresearch.com.br\/n\/uploads\/2019\/03\/de3bd6ac-b3-jpg.webp\",\"datePublished\":\"2019-05-21T15:22:29+00:00\",\"description\":\"Com a implementa\u00e7\u00e3o do novo ciclo na B3, a liquida\u00e7\u00e3o financeira acontecer\u00e1 em dois dias \u00fateis e n\u00e3o tr\u00eas dias. Clique e saiba mais.\",\"breadcrumb\":{\"@id\":\"https:\/\/www.suno.com.br\/noticias\/b3-periodo-liquidacao-reduzido\/#breadcrumb\"},\"inLanguage\":\"pt-BR\",\"potentialAction\":[{\"@type\":\"ReadAction\",\"target\":[\"https:\/\/www.suno.com.br\/noticias\/b3-periodo-liquidacao-reduzido\/\"]}]},{\"@type\":\"ImageObject\",\"inLanguage\":\"pt-BR\",\"@id\":\"https:\/\/www.suno.com.br\/noticias\/b3-periodo-liquidacao-reduzido\/#primaryimage\",\"url\":\"https:\/\/files.sunoresearch.com.br\/n\/uploads\/2019\/03\/de3bd6ac-b3-jpg.webp\",\"contentUrl\":\"https:\/\/files.sunoresearch.com.br\/n\/uploads\/2019\/03\/de3bd6ac-b3-jpg.webp\",\"width\":770,\"height\":400,\"caption\":\"A B3 (B3SA3) informou que seu Conselho de Administra\u00e7\u00e3o aprovou o aumento de capital da empresa em R$ 9 bilh\u00f5es.\"},{\"@type\":\"BreadcrumbList\",\"@id\":\"https:\/\/www.suno.com.br\/noticias\/b3-periodo-liquidacao-reduzido\/#breadcrumb\",\"itemListElement\":[{\"@type\":\"ListItem\",\"position\":1,\"name\":\"Not\u00edcias\",\"item\":\"https:\/\/www.suno.com.br\/noticias\/\"},{\"@type\":\"ListItem\",\"position\":2,\"name\":\"Mercado\",\"item\":\"https:\/\/www.suno.com.br\/noticias\/mercado\/\"},{\"@type\":\"ListItem\",\"position\":3,\"name\":\"B3: Per\u00edodo de liquida\u00e7\u00e3o da Bolsa \u00e9 reduzido para D+2\"}]},{\"@type\":\"WebSite\",\"@id\":\"https:\/\/www.suno.com.br\/noticias\/#website\",\"url\":\"https:\/\/www.suno.com.br\/noticias\/\",\"name\":\"Suno Not\u00edcias\",\"description\":\"Seu portal de informa\u00e7\u00e3o sobre o mundo dos investimentos\",\"publisher\":{\"@id\":\"https:\/\/www.suno.com.br\/noticias\/#organization\"},\"potentialAction\":[{\"@type\":\"SearchAction\",\"target\":{\"@type\":\"EntryPoint\",\"urlTemplate\":\"https:\/\/www.suno.com.br\/noticias\/?s={search_term_string}\"},\"query-input\":{\"@type\":\"PropertyValueSpecification\",\"valueRequired\":true,\"valueName\":\"search_term_string\"}}],\"inLanguage\":\"pt-BR\"},{\"@type\":\"Organization\",\"@id\":\"https:\/\/www.suno.com.br\/noticias\/#organization\",\"name\":\"Suno Not\u00edcias\",\"url\":\"https:\/\/www.suno.com.br\/noticias\/\",\"logo\":{\"@type\":\"ImageObject\",\"inLanguage\":\"pt-BR\",\"@id\":\"https:\/\/www.suno.com.br\/noticias\/#\/schema\/logo\/image\/\",\"url\":\"https:\/\/files.sunoresearch.com.br\/n\/uploads\/2021\/09\/suno-logo.png\",\"contentUrl\":\"https:\/\/files.sunoresearch.com.br\/n\/uploads\/2021\/09\/suno-logo.png\",\"width\":180,\"height\":180,\"caption\":\"Suno Not\u00edcias\"},\"image\":{\"@id\":\"https:\/\/www.suno.com.br\/noticias\/#\/schema\/logo\/image\/\"},\"sameAs\":[\"https:\/\/facebook.com\/sunoresearch\",\"https:\/\/x.com\/sunoresearch\",\"https:\/\/www.instagram.com\/suno\",\"https:\/\/www.linkedin.com\/company\/suno-research\/\",\"https:\/\/www.youtube.com\/c\/sunoresearch\"]},{\"@type\":\"Person\",\"@id\":\"https:\/\/www.suno.com.br\/noticias\/#\/schema\/person\/fc144a1c6108bd1dcd43784e88a3c138\",\"name\":\"Renan Bandeira\",\"image\":{\"@type\":\"ImageObject\",\"inLanguage\":\"pt-BR\",\"@id\":\"https:\/\/www.suno.com.br\/noticias\/#\/schema\/person\/image\/\",\"url\":\"https:\/\/secure.gravatar.com\/avatar\/68359cdb608f14f11bbefcb78f3fc747?s=96&r=g\",\"contentUrl\":\"https:\/\/secure.gravatar.com\/avatar\/68359cdb608f14f11bbefcb78f3fc747?s=96&r=g\",\"caption\":\"Renan Bandeira\"},\"description\":\"Renan Bandeira escreve sobre pol\u00edtica e economia para o portal da Suno Research. Antes da Suno, trabalhou em uma rede de televis\u00e3o, onde fazia reportagens sobre os mesmos temas. Estuda na Universidade Metodista de S\u00e3o Paulo.\",\"url\":\"https:\/\/www.suno.com.br\/noticias\/author\/renan-bandeira\/\"}]}<\/script>\n<!-- \/ Yoast SEO plugin. -->","yoast_head_json":{"title":"B3: Per\u00edodo de liquida\u00e7\u00e3o da Bolsa \u00e9 reduzido para D+2","description":"Com a implementa\u00e7\u00e3o do novo ciclo na B3, a liquida\u00e7\u00e3o financeira acontecer\u00e1 em dois dias \u00fateis e n\u00e3o tr\u00eas dias. Clique e saiba mais.","robots":{"index":"index","follow":"follow","max-snippet":"max-snippet:-1","max-image-preview":"max-image-preview:large","max-video-preview":"max-video-preview:-1"},"canonical":"https:\/\/www.suno.com.br\/noticias\/b3-periodo-liquidacao-reduzido\/","og_locale":"pt_BR","og_type":"article","og_title":"B3: Per\u00edodo de liquida\u00e7\u00e3o da Bolsa \u00e9 reduzido para D+2","og_description":"Com a implementa\u00e7\u00e3o do novo ciclo na B3, a liquida\u00e7\u00e3o financeira acontecer\u00e1 em dois dias \u00fateis e n\u00e3o tr\u00eas dias. Clique e saiba mais.","og_url":"https:\/\/www.suno.com.br\/noticias\/b3-periodo-liquidacao-reduzido\/","og_site_name":"Suno Not\u00edcias","article_publisher":"https:\/\/facebook.com\/sunoresearch","og_image":[{"width":770,"height":400,"url":"https:\/\/files.sunoresearch.com.br\/n\/uploads\/2019\/03\/de3bd6ac-b3.jpg","type":"image\/jpeg"}],"author":"Renan Bandeira","twitter_card":"summary_large_image","twitter_creator":"@sunoresearch","twitter_site":"@sunoresearch","twitter_misc":{"Escrito por":"Renan Bandeira","Est. tempo de leitura":"2 minutos"},"schema":{"@context":"https:\/\/schema.org","@graph":[{"@type":"NewsArticle","@id":"https:\/\/www.suno.com.br\/noticias\/b3-periodo-liquidacao-reduzido\/#article","isPartOf":{"@id":"https:\/\/www.suno.com.br\/noticias\/b3-periodo-liquidacao-reduzido\/"},"author":{"name":"Renan Bandeira","@id":"https:\/\/www.suno.com.br\/noticias\/#\/schema\/person\/fc144a1c6108bd1dcd43784e88a3c138"},"headline":"B3: Per\u00edodo de liquida\u00e7\u00e3o da Bolsa \u00e9 reduzido para D+2","datePublished":"2019-05-21T15:22:29+00:00","mainEntityOfPage":{"@id":"https:\/\/www.suno.com.br\/noticias\/b3-periodo-liquidacao-reduzido\/"},"wordCount":399,"publisher":{"@id":"https:\/\/www.suno.com.br\/noticias\/#organization"},"image":{"@id":"https:\/\/www.suno.com.br\/noticias\/b3-periodo-liquidacao-reduzido\/#primaryimage"},"thumbnailUrl":"https:\/\/files.sunoresearch.com.br\/n\/uploads\/2019\/03\/de3bd6ac-b3-jpg.webp","keywords":["B3 (B3SA3)"],"articleSection":["Mercado"],"inLanguage":"pt-BR"},{"@type":"WebPage","@id":"https:\/\/www.suno.com.br\/noticias\/b3-periodo-liquidacao-reduzido\/","url":"https:\/\/www.suno.com.br\/noticias\/b3-periodo-liquidacao-reduzido\/","name":"B3: Per\u00edodo de liquida\u00e7\u00e3o da Bolsa \u00e9 reduzido para D+2","isPartOf":{"@id":"https:\/\/www.suno.com.br\/noticias\/#website"},"primaryImageOfPage":{"@id":"https:\/\/www.suno.com.br\/noticias\/b3-periodo-liquidacao-reduzido\/#primaryimage"},"image":{"@id":"https:\/\/www.suno.com.br\/noticias\/b3-periodo-liquidacao-reduzido\/#primaryimage"},"thumbnailUrl":"https:\/\/files.sunoresearch.com.br\/n\/uploads\/2019\/03\/de3bd6ac-b3-jpg.webp","datePublished":"2019-05-21T15:22:29+00:00","description":"Com a implementa\u00e7\u00e3o do novo ciclo na B3, a liquida\u00e7\u00e3o financeira acontecer\u00e1 em dois dias \u00fateis e n\u00e3o tr\u00eas dias. Clique e saiba mais.","breadcrumb":{"@id":"https:\/\/www.suno.com.br\/noticias\/b3-periodo-liquidacao-reduzido\/#breadcrumb"},"inLanguage":"pt-BR","potentialAction":[{"@type":"ReadAction","target":["https:\/\/www.suno.com.br\/noticias\/b3-periodo-liquidacao-reduzido\/"]}]},{"@type":"ImageObject","inLanguage":"pt-BR","@id":"https:\/\/www.suno.com.br\/noticias\/b3-periodo-liquidacao-reduzido\/#primaryimage","url":"https:\/\/files.sunoresearch.com.br\/n\/uploads\/2019\/03\/de3bd6ac-b3-jpg.webp","contentUrl":"https:\/\/files.sunoresearch.com.br\/n\/uploads\/2019\/03\/de3bd6ac-b3-jpg.webp","width":770,"height":400,"caption":"A B3 (B3SA3) informou que seu Conselho de Administra\u00e7\u00e3o aprovou o aumento de capital da empresa em R$ 9 bilh\u00f5es."},{"@type":"BreadcrumbList","@id":"https:\/\/www.suno.com.br\/noticias\/b3-periodo-liquidacao-reduzido\/#breadcrumb","itemListElement":[{"@type":"ListItem","position":1,"name":"Not\u00edcias","item":"https:\/\/www.suno.com.br\/noticias\/"},{"@type":"ListItem","position":2,"name":"Mercado","item":"https:\/\/www.suno.com.br\/noticias\/mercado\/"},{"@type":"ListItem","position":3,"name":"B3: Per\u00edodo de liquida\u00e7\u00e3o da Bolsa \u00e9 reduzido para D+2"}]},{"@type":"WebSite","@id":"https:\/\/www.suno.com.br\/noticias\/#website","url":"https:\/\/www.suno.com.br\/noticias\/","name":"Suno Not\u00edcias","description":"Seu portal de informa\u00e7\u00e3o sobre o mundo dos investimentos","publisher":{"@id":"https:\/\/www.suno.com.br\/noticias\/#organization"},"potentialAction":[{"@type":"SearchAction","target":{"@type":"EntryPoint","urlTemplate":"https:\/\/www.suno.com.br\/noticias\/?s={search_term_string}"},"query-input":{"@type":"PropertyValueSpecification","valueRequired":true,"valueName":"search_term_string"}}],"inLanguage":"pt-BR"},{"@type":"Organization","@id":"https:\/\/www.suno.com.br\/noticias\/#organization","name":"Suno Not\u00edcias","url":"https:\/\/www.suno.com.br\/noticias\/","logo":{"@type":"ImageObject","inLanguage":"pt-BR","@id":"https:\/\/www.suno.com.br\/noticias\/#\/schema\/logo\/image\/","url":"https:\/\/files.sunoresearch.com.br\/n\/uploads\/2021\/09\/suno-logo.png","contentUrl":"https:\/\/files.sunoresearch.com.br\/n\/uploads\/2021\/09\/suno-logo.png","width":180,"height":180,"caption":"Suno Not\u00edcias"},"image":{"@id":"https:\/\/www.suno.com.br\/noticias\/#\/schema\/logo\/image\/"},"sameAs":["https:\/\/facebook.com\/sunoresearch","https:\/\/x.com\/sunoresearch","https:\/\/www.instagram.com\/suno","https:\/\/www.linkedin.com\/company\/suno-research\/","https:\/\/www.youtube.com\/c\/sunoresearch"]},{"@type":"Person","@id":"https:\/\/www.suno.com.br\/noticias\/#\/schema\/person\/fc144a1c6108bd1dcd43784e88a3c138","name":"Renan Bandeira","image":{"@type":"ImageObject","inLanguage":"pt-BR","@id":"https:\/\/www.suno.com.br\/noticias\/#\/schema\/person\/image\/","url":"https:\/\/secure.gravatar.com\/avatar\/68359cdb608f14f11bbefcb78f3fc747?s=96&r=g","contentUrl":"https:\/\/secure.gravatar.com\/avatar\/68359cdb608f14f11bbefcb78f3fc747?s=96&r=g","caption":"Renan Bandeira"},"description":"Renan Bandeira escreve sobre pol\u00edtica e economia para o portal da Suno Research. Antes da Suno, trabalhou em uma rede de televis\u00e3o, onde fazia reportagens sobre os mesmos temas. Estuda na Universidade Metodista de S\u00e3o Paulo.","url":"https:\/\/www.suno.com.br\/noticias\/author\/renan-bandeira\/"}]}},"default_loop_html":"<div class=\"cardsPage__listCard__boxs\"><div class=\"cardsPage__listCard__boxs__img\"><a href=\"https:\/\/www.suno.com.br\/noticias\/b3-periodo-liquidacao-reduzido\/\"><img class=\"mask\" src=\"https:\/\/www.suno.com.br\/noticias\/wp-content\/themes\/suno\/resources\/images\/spotlight\/spotlight1img\/bg-mask.png\" alt=\"Image Mask\"\/><img src=\"https:\/\/files.sunoresearch.com.br\/n\/uploads\/2019\/03\/de3bd6ac-b3-400x200.webp\" alt=\"B3: Per\u00edodo de liquida\u00e7\u00e3o da Bolsa \u00e9 reduzido para D+2\"\/><\/a><span class=\"spotlightCategory\"><a href=\"https:\/\/www.suno.com.br\/noticias\/mercado\/\">Mercado<\/a><\/span><\/div><div class=\"cardsPage__listCard__boxs__content\"><a href=\"https:\/\/www.suno.com.br\/noticias\/b3-periodo-liquidacao-reduzido\/\"><h2 class=\"content__title\">B3: Per\u00edodo de liquida\u00e7\u00e3o da Bolsa \u00e9 reduzido para D+2<\/h2><\/a><div class=\"newsContent__article__meta\"><div class=\"newsContent__article__meta__authorBox\"><a href=\"https:\/\/www.suno.com.br\/noticias\/author\/renan-bandeira\/\" class=\"authorBox__avatar noMobi\"><img src=\"https:\/\/secure.gravatar.com\/avatar\/68359cdb608f14f11bbefcb78f3fc747?s=96&#038;r=g\" alt=\"Renan Bandeira\"><\/a><div class=\"authorBox__name\"><span>por\n\t\t\t<a href=\"https:\/\/www.suno.com.br\/noticias\/author\/renan-bandeira\/\"><span itemprop=\"author\">Renan Bandeira<\/span><\/a><\/span><time datetime=\"2019-05-21T12:22:29-03:00\" itemprop=\"datePublished\">21\/05\/2019 12:22<\/time><\/div><\/div><\/div><\/div><\/div>","single_layout":"posts","amp_enabled":true,"_links":{"self":[{"href":"https:\/\/www.suno.com.br\/noticias\/wp-json\/wp\/v2\/posts\/25375"}],"collection":[{"href":"https:\/\/www.suno.com.br\/noticias\/wp-json\/wp\/v2\/posts"}],"about":[{"href":"https:\/\/www.suno.com.br\/noticias\/wp-json\/wp\/v2\/types\/post"}],"author":[{"embeddable":true,"href":"https:\/\/www.suno.com.br\/noticias\/wp-json\/wp\/v2\/users\/11"}],"replies":[{"embeddable":true,"href":"https:\/\/www.suno.com.br\/noticias\/wp-json\/wp\/v2\/comments?post=25375"}],"version-history":[{"count":0,"href":"https:\/\/www.suno.com.br\/noticias\/wp-json\/wp\/v2\/posts\/25375\/revisions"}],"wp:featuredmedia":[{"embeddable":true,"href":"https:\/\/www.suno.com.br\/noticias\/wp-json\/wp\/v2\/media\/17983"}],"wp:attachment":[{"href":"https:\/\/www.suno.com.br\/noticias\/wp-json\/wp\/v2\/media?parent=25375"}],"wp:term":[{"taxonomy":"category","embeddable":true,"href":"https:\/\/www.suno.com.br\/noticias\/wp-json\/wp\/v2\/categories?post=25375"},{"taxonomy":"post_tag","embeddable":true,"href":"https:\/\/www.suno.com.br\/noticias\/wp-json\/wp\/v2\/tags?post=25375"},{"taxonomy":"suno_strategy","embeddable":true,"href":"https:\/\/www.suno.com.br\/noticias\/wp-json\/wp\/v2\/suno_strategy?post=25375"}],"curies":[{"name":"wp","href":"https:\/\/api.w.org\/{rel}","templated":true}]}}