{"id":253663,"date":"2022-04-26T10:59:54","date_gmt":"2022-04-26T13:59:54","guid":{"rendered":"https:\/\/www.suno.com.br\/noticias\/?p=253663"},"modified":"2022-04-26T11:26:04","modified_gmt":"2022-04-26T14:26:04","slug":"twitter-twtr34-elon-musk-anti-mudancas","status":"publish","type":"post","link":"https:\/\/www.suno.com.br\/noticias\/twitter-twtr34-elon-musk-anti-mudancas\/","title":{"rendered":"Twitter (TWTR34) bloqueia mudan\u00e7as para conter funcion\u00e1rios &#8216;anti Elon Musk&#8217;"},"content":{"rendered":"<p>Ap\u00f3s a compra do <strong>Twitter<\/strong> (<a class=\"suno-keyword\" href=\"https:\/\/www.suno.com.br\/bdrs\/twtr34\/\" target=\"_blank\" rel=\"noopener\" data-force=\"yes\" data-priority=\"2\">TWTR34<\/a>) pelo bilion\u00e1rio e CEO da Tesla (<a class=\"suno-keyword\" href=\"https:\/\/www.suno.com.br\/bdrs\/tsla34\/\" target=\"_blank\" rel=\"noopener\" data-force=\"yes\" data-priority=\"2\">TSLA34<\/a>), Elon Musk, a gest\u00e3o da rede social bloqueou mudan\u00e7as em sua plataforma at\u00e9 esta sexta (29), segundo apura\u00e7\u00e3o da Bloomberg com fontes familiarizadas com o assunto.<\/p><div class=\"videoFull \">\n\t\t\t<div class=\"videoWrapper yt-lazyload center\"\n\t\t\t\tdata-width=\"960\"\n\t\t\t\tdata-height=\"540\"\n\t\t\t\tdata-id=\"vM3m2r_mPd0\"\n\t\t\t\tdata-alt=\"V\u00eddeo do YouTube - clique para reproduzir\"\n\t\t\t\tdata-logo=\"3\"\n\t\t\t\tdata-imagequality=\"maxres\">\n\t\t\t<\/div>\n\t\t<\/div><script type=\"application\/ld+json\">{\"@context\":\"https:\/\/schema.org\",\"@type\":\"VideoObject\",\"name\":\"TWITTER VAI FECHAR CAPITAL AP\u00d3S COMPRA POR ELON MUSK | D\u00f3lar dispara e encosta nos R$ 4,90\",\"description\":\"\u2728 \ud83d\udcb0 \ud835\uddd7\ud835\uddf2\ud835\ude00\ud835\uddee\ud835\uddf3\ud835\uddf6\ud835\uddfc \ud835\uddf1\ud835\uddee \ud835\udde5\ud835\uddf2\ud835\uddfb\ud835\uddf1\ud835\uddee \ud835\uddf2\ud835\ude05\ud835\ude01\ud835\uddff\ud835\uddee | \ud835\uddd6\ud835\uddfc\ud835\uddfa\ud835\uddf2\ud835\uddf0\ud835\uddf2 \ud835\uddee \ud835\uddff\ud835\uddf2\ud835\uddf0\ud835\uddf2\ud835\uddef\ud835\uddf2\ud835\uddff \ud835\uddee\ud835\uddf9\ud835\ude02\ud835\uddf4\ud835\ude02\u00e9\ud835\uddf6\ud835\ude00 \ud835\uddfa\ud835\uddf2\ud835\uddfb\ud835\ude00\ud835\uddee\ud835\uddf6\ud835\ude00 \ud835\uddf1\ud835\uddf2 \ud835\ude03\u00e1\ud835\uddff\ud835\uddf6\ud835\uddfc\ud835\ude00 \ud835\uddf6\ud835\uddfa\u00f3\ud835\ude03\ud835\uddf2\ud835\uddf6\ud835\ude00\ud83d\udc49 https:\/\/lp.suno.com.br\/pv\/semana-desafio-da-renda-extra\/?utm_source=youtube.noticias&utm_medium=video&utm_campaign=RS.DRE22.ns.20220427 \ud83d\udcda [\ud835\udc04-\ud835\udc1b\ud835\udc28\ud835\udc28\ud835\udc24 \ud835\udc06\ud835\udc2b\ud835\udc1a\ud835\udc2d\ud835\udc2e\ud835\udc22\ud835\udc2d\ud835\udc28] \ud835\udc06\ud835\udc2e\ud835\udc22\ud835\udc1a \ud835\udc02\ud835\udc28\ud835\udc26\ud835\udc29\ud835\udc25\ud835\udc1e\ud835\udc2d\ud835\udc28: \ud835\udc03\ud835\udc22\ud835\udc2f\ud835\udc22\ud835\udc1d\ud835\udc1e\ud835\udc27\ud835\udc1d\ud835\udc28\ud835\udc2c: https:\/\/lp.suno.com.br\/lm\/ebook\/guia-completo-dividendos\/?utm_source=youtube.noticias&utm_medium=video&utm_campaign=ebook-guiacompleto:dividendos.20220315&utm_content= #Twitter #ElonMusk #D\u00f3lar #TWTR #TWTR34 #Tesla #Livedas19h #Suno #SunoNot\u00edcias Suno Not\u00edcias - 25\/04\/2022: Twitter vai fechar capital ap\u00f3s ser comprado por Elon Musk! D\u00f3lar dispara e encosta nos R$ 4,90! Esses s\u00e3o\u2026\",\"duration\":\"PT37M15S\",\"embedUrl\":\"https:\/\/www.youtube.com\/embed\/vM3m2r_mPd0\",\"regionsAllowed\":\"pt-BR\",\"interactionStatistic\":{\"@type\":\"InteractionCounter\",\"interactionType\":{\"@type\":\"WatchAction\"},\"userInteractionCount\":2598},\"thumbnailUrl\":\"https:\/\/i.ytimg.com\/vi\/vM3m2r_mPd0\/default.jpg\",\"uploadDate\":\"2022-04-25T22:42:58Z\"}<\/script>\n\n\t<p>\n\t\t<a href=\"\" target=\"_blank\" data-element=\"shortcode-suno-banner\" title=\"Banner SUNO, clique e saiba mais\">\n\t\t\t<picture>\n\t\t\t\t<source media=\"(max-width: 500px)\" srcset=\"\">\n\t\t\t\t<img class=\"newsContent__article__imgCapa newsContent__article__imgCapa--banner\"\n\t\t\t\t\tsrc=\"\"\n\t\t\t\t\tdata-promo-id=\"138420\"\t\t\t\t\t\t\t\t\t\t\t\t\t\t\talt=\"\"\n\t\t\t\t>\n\t\t\t<\/picture>\n\t\t<\/a>\n\t<\/p>\n\n\n<p>Com a medida, o Twitter quer evitar mudan\u00e7as internas feitas por funcion\u00e1rios por conta de <strong>Elon Musk<\/strong> ter anunciado mudan\u00e7as relevantes na <a href=\"https:\/\/www.suno.com.br\/artigos\/governanca-corporativa\/\">gest\u00e3o da rede social<\/a>. Em falas recentes, o empres\u00e1rio criticou fortemente as diretrizes atuais.<\/p>\n<p>&#8220;A liberdade de express\u00e3o \u00e9 o alicerce de uma democracia funcional, e o Twitter \u00e9 a pra\u00e7a digital onde problemas vitais para o futuro da humanidade s\u00e3o discutidos\u201d, disse o empres\u00e1rio em uma entrevista ap\u00f3s o neg\u00f3cio da\u00a0<strong>compra do Twitter<\/strong> ser fechado.<\/p>\n<blockquote class=\"twitter-tweet\">\n<p dir=\"ltr\" lang=\"en\">I hope that even my worst critics remain on Twitter, because that is what free speech means<\/p>\n<p>\u2014 Elon Musk (@elonmusk) <a href=\"https:\/\/twitter.com\/elonmusk\/status\/1518623997054918657?ref_src=twsrc%5Etfw\">April 25, 2022<\/a><\/p><\/blockquote>\n<p><script async src=\"https:\/\/platform.twitter.com\/widgets.js\" charset=\"utf-8\"><\/script><\/p>\n<p>Segundo fontes familiarizadas com o assunto, a rede social seguir\u00e1 com o bloqueio de atualiza\u00e7\u00f5es de produtos at\u00e9 sexta (29), exceto em caso de cr\u00edticas para os neg\u00f3cios.<\/p>\n<p>Mudan\u00e7as no produto final devem exigir aprova\u00e7\u00e3o do vice-presidente da companhia. Al\u00e9m disso, a gest\u00e3o da rede social proibiu temporariamente que funcion\u00e1rios que possam ser cr\u00edticos a <strong>Musk<\/strong> e que possam fazer oposi\u00e7\u00e3o ao acordo da compra \u201cse tornem desonestos\u201d.<\/p>\n<p>Para Marcelo Oliveira, CFA e fundador da Quantzed, a compra de Musk traz &#8216;uma nova cara para a rede social&#8217;.<\/p>\n<p>&#8220;N\u00e3o vai ser mais uma empresa p\u00fablica, mas sim privada. Vamos ver como movimento do Musk influencia em outras small caps. J\u00e1 h\u00e1 muitos analistas falando sobre poss\u00edvel ano muito forte de aquisi\u00e7\u00f5es das grandes techs comprando pequenas techs. Hoje no setor de produtos b\u00e1sicos e alimenta\u00e7\u00e3o, h\u00e1 poucas e grandes empresas que dominam. Pode ser que tecnologia siga essa tend\u00eancia&#8221;, analisa.<\/p>\n<p>Vale lembrar que esse tipo de medida de conten\u00e7\u00e3o j\u00e1 foi adotada outras vezes, como a trava do seu c\u00f3digo antes do Super Bowl, como forma de garantir o bom funcionamento da plataforma e evitar erros e outros problemas operacionais.<\/p>\n\t<p>\n\t\t<a href=\"https:\/\/lp.suno.com.br\/planilha-controle-gastos\/\" target=\"_blank\" data-element=\"shortcode-suno-banner\" title=\"Banner SUNO, clique e saiba mais\">\n\t\t\t<picture>\n\t\t\t\t<source media=\"(max-width: 500px)\" srcset=\"https:\/\/files.sunoresearch.com.br\/n\/uploads\/2023\/03\/400x300-Planilha-controle-de-gastos.png\">\n\t\t\t\t<img class=\"newsContent__article__imgCapa newsContent__article__imgCapa--banner\"\n\t\t\t\t\tsrc=\"https:\/\/files.sunoresearch.com.br\/n\/uploads\/2023\/03\/1420x240-Planilha-controle-de-gastos.png\"\n\t\t\t\t\tdata-promo-id=\"101751\"\t\t\t\t\t\t\t\t\t\twidth='1420' height='240'\t\t\t\t\talt=\"https:\/\/files.sunoresearch.com.br\/n\/uploads\/2023\/03\/1420x240-Planilha-controle-de-gastos.png\"\n\t\t\t\t>\n\t\t\t<\/picture>\n\t\t<\/a>\n\t<\/p>\n\n\n<h2>Entenda a compra do Twitter por Elon Musk<\/h2>\n<p>At\u00e9 esta segunda (25) o Twitter estava em negocia\u00e7\u00f5es avan\u00e7adas com Musk, mas a venda foi finalmente selada em uma transa\u00e7\u00e3o avaliada em US$ 44 bilh\u00f5es. As a\u00e7\u00f5es subiram 6% no intradia.<\/p>\n<p>A expectativa geral era de que o Twitter rejeitasse a oferta, que Musk fez em 14 de abril sem dizer como pagaria.<\/p>\n\n\t<div data-element=\"shortcode-read-more\" class=\"readToo\">\n\t\t\t\t<span class=\"readToo__title\">Leia mais<\/span>\n\t\t\t\t<ul class=\"readToo__list\">\n\t\t\t<li><a href=\"https:\/\/www.suno.com.br\/noticias\/elon-musk-thoma-bravo-twitter-twtr34\/\">Elon Musk disputa com Thoma Bravo a compra do Twitter (TWTR34)<\/a><\/li><li><a href=\"https:\/\/www.suno.com.br\/noticias\/twitter-twtr34-plano-impedir-elon-musk-assuma-controle\/\">Twitter (TWTR34) divulga plano para evitar que Elon Musk assuma controle acion\u00e1rio da empresa<\/a><\/li><li><a href=\"https:\/\/www.suno.com.br\/noticias\/elon-musk-comprar-twitter-twtr34\/\">Elon Musk quer comprar o Twitter (TWTR34) por US$ 41 bilh\u00f5es<\/a><\/li>\t\t<\/ul>\n\t<\/div>\n\n\n<p>O pre\u00e7o pago por Musk \u00e9 superior \u00e0 cota\u00e7\u00e3o das a\u00e7\u00f5es do Twitter em bolsa, considerando que o empres\u00e1rio pagou <a href=\"https:\/\/www.suno.com.br\/noticias\/twitter-twtr34-deve-anunciar-venda-elon-musk\/\">US$ 54,20 por a\u00e7\u00e3o ante atuais US$ 50,72<\/a>.<\/p>\n<p>Al\u00e9m disso, o pre\u00e7o de compra representa um pr\u00eamio de 38% em compara\u00e7\u00e3o ao pre\u00e7o de fechamento das <strong>a\u00e7\u00f5es do Twitter<\/strong> em 1\u00ba de abril, antes de Musk divulgar sua participa\u00e7\u00e3o de aproximadamente 9% na rede social.<\/p>\n<p>O <strong>presidente do conselho do Twitter,<\/strong> Bret Taylor, disse que acredita ser a <strong>venda do Twitter para Musk<\/strong> o melhor caminho para os acionistas.<\/p>\n\t<p>\n\t\t<a href=\"https:\/\/lp.suno.com.br\/planilha-da-vida-financeira\/\" target=\"_blank\" data-element=\"shortcode-suno-banner\" title=\"Banner SUNO, clique e saiba mais\">\n\t\t\t<picture>\n\t\t\t\t<source media=\"(max-width: 500px)\" srcset=\"https:\/\/files.sunoresearch.com.br\/n\/uploads\/2023\/04\/400x300-Planilha-vida-financeira-true.png\">\n\t\t\t\t<img class=\"newsContent__article__imgCapa newsContent__article__imgCapa--banner\"\n\t\t\t\t\tsrc=\"https:\/\/files.sunoresearch.com.br\/n\/uploads\/2023\/04\/1420x240-Planilha-vida-financeira-true.png\"\n\t\t\t\t\tdata-promo-id=\"106682\"\t\t\t\t\t\t\t\t\t\twidth='1420' height='240'\t\t\t\t\talt=\"https:\/\/files.sunoresearch.com.br\/n\/uploads\/2023\/04\/1420x240-Planilha-vida-financeira-true.png\"\n\t\t\t\t>\n\t\t\t<\/picture>\n\t\t<\/a>\n\t<\/p>\n\n\n<p>&#8220;O conselho conduziu um processo cuidadoso e abrangente para analisar a proposta de<strong> Elon Musk<\/strong>. A transa\u00e7\u00e3o proposta proporcionar\u00e1 um pr\u00eamio em dinheiro substancial, e acreditamos que \u00e9 o melhor caminho a seguir para os acionistas do Twitter.&#8221;<\/p>\n<h2>Twitter pode ser &#8216;fechado&#8217;<\/h2>\n<p>O <strong>bilion\u00e1rio dono da Tesla<\/strong> e da <strong>SpaceX<\/strong> afirmou ainda no documento da oferta que foi efetivada na segunda (25) que essa era a sua &#8220;melhor e \u00faltima oferta&#8221;.<\/p>\n<p>E acrescentou: &#8220;Se n\u00e3o for aceita, precisarei reconsiderar minha posi\u00e7\u00e3o como acionista.\u201d<\/p>\n<p><strong>Elon Musk<\/strong> tinha uma posi\u00e7\u00e3o de 9,2% nas a\u00e7\u00f5es da rede social, sendo o maior investidor da rede social. Segundo ele, sua inten\u00e7\u00e3o como dono \u00e9 fechar o <a class=\"suno-keyword\" href=\"https:\/\/www.suno.com.br\/artigos\/capital-social\/\" target=\"_blank\" rel=\"noopener\" data-force=\"no\" data-priority=\"2\">capital social<\/a> da empresa e torn\u00e1-la uma companhia fechada novamente.<\/p>\n\t<p>\n\t\t<a href=\"https:\/\/lp.suno.com.br\/ebook-como-analisar-uma-acao\/\" target=\"_blank\" data-element=\"shortcode-suno-banner\" title=\"Banner SUNO, clique e saiba mais\">\n\t\t\t<picture>\n\t\t\t\t<source media=\"(max-width: 500px)\" srcset=\"https:\/\/files.sunoresearch.com.br\/n\/uploads\/2023\/03\/Ebook-Acoes-Mobile-1.jpg\">\n\t\t\t\t<img class=\"newsContent__article__imgCapa newsContent__article__imgCapa--banner\"\n\t\t\t\t\tsrc=\"https:\/\/files.sunoresearch.com.br\/n\/uploads\/2023\/03\/Ebook-Acoes-Desktop-1.jpg\"\n\t\t\t\t\tdata-promo-id=\"171998\"\t\t\t\t\t\t\t\t\t\twidth='1420' height='286'\t\t\t\t\talt=\"https:\/\/files.sunoresearch.com.br\/n\/uploads\/2023\/03\/Ebook-Acoes-Desktop-1.jpg\"\n\t\t\t\t>\n\t\t\t<\/picture>\n\t\t<\/a>\n\t<\/p>\n\n\n<p>\u201cO Twitter precisa ser transformado como uma empresa privada&#8221;, porque da forma atual &#8220;n\u00e3o pode prosperar e nem servir&#8221; \u00e0 liberdade de express\u00e3o, diz o bilion\u00e1rio.<\/p>\n<p>\u201cInvesti no Twitter porque acredito em seu potencial de ser a plataforma para a liberdade de express\u00e3o em todo o mundo, e acredito que a liberdade de express\u00e3o \u00e9 um imperativo social para uma democracia em funcionamento\u201d, afirmou o Elon Musk.<\/p>\n<h2>Desempenho de TWTR e TWTR34<\/h2>\n<p>As\u00a0a\u00e7\u00f5es do Twitter na Nasdaq, negociadas sob o ticker <a href=\"https:\/\/statusinvest.com.br\/acoes\/eua\/twtr\">TWTR<\/a>, Caem 1,88% no intradia desta ter\u00e7a (26) a US$ 50,72. Desde o in\u00edcio de 2022, contudo, h\u00e1 alta de 18,9% nos pap\u00e9is da rede social.<\/p>\n<p>J\u00e1 o <strong><a class=\"suno-keyword\" href=\"https:\/\/www.suno.com.br\/bdrs\/\" target=\"_blank\" rel=\"noopener\" data-force=\"yes\" data-priority=\"2\">BDR<\/a> do Twitter<\/strong>, negociado sob o ticker <a href=\"https:\/\/statusinvest.com.br\/bdrs\/twtr34\"><strong>TWTR34<\/strong><\/a>, cai 0,4% nesta ter\u00e7a (26), a R$ 125,71 e sobe 2,38% no acumulado de 2022.<\/p>\n<p>Em uma janela de 12 meses, contudo, os ativos que representam os pap\u00e9is do <strong>Twitter<\/strong> no Brasil caem 29%.<\/p>\n\t<p>\n\t\t<a href=\"https:\/\/lp.suno.com.br\/planilha-de-controle-de-investimentos\/\" target=\"_blank\" data-element=\"shortcode-suno-banner\" title=\"Banner SUNO, clique e saiba mais\">\n\t\t\t<picture>\n\t\t\t\t<source media=\"(max-width: 500px)\" srcset=\"https:\/\/files.sunoresearch.com.br\/n\/uploads\/2023\/03\/400x300-Controle-de-Investimentos.png\">\n\t\t\t\t<img class=\"newsContent__article__imgCapa newsContent__article__imgCapa--banner\"\n\t\t\t\t\tsrc=\"https:\/\/files.sunoresearch.com.br\/n\/uploads\/2023\/03\/1420x240-Controle-de-Investimentos.png\"\n\t\t\t\t\tdata-promo-id=\"75934\"\t\t\t\t\t\t\t\t\t\twidth='1420' height='240'\t\t\t\t\talt=\"https:\/\/files.sunoresearch.com.br\/n\/uploads\/2023\/03\/1420x240-Controle-de-Investimentos.png\"\n\t\t\t\t>\n\t\t\t<\/picture>\n\t\t<\/a>\n\t<\/p>\n\n\n","protected":false},"excerpt":{"rendered":"<p>Ap\u00f3s a compra do Twitter (TWTR34) pelo bilion\u00e1rio e CEO da Tesla (TSLA34), Elon Musk, a gest\u00e3o da rede social bloqueou mudan\u00e7as em sua plataforma at\u00e9 esta sexta (29), segundo apura\u00e7\u00e3o da Bloomberg com fontes familiarizadas com o assunto. Elon Musk fala em possibilidade de fal\u00eancia do Twitter; Veja o que disse o bilion\u00e1rio. Foto: [&hellip;]<\/p>\n","protected":false},"author":73,"featured_media":248258,"comment_status":"closed","ping_status":"closed","sticky":false,"template":"","format":"standard","meta":[],"categories":[64],"tags":[726,105816,964,1110],"suno_strategy":[],"class_list":["post-253663","post","type-post","status-publish","format-standard","has-post-thumbnail","hentry","category-negocios","tag-elon-musk","tag-especialistas","tag-nasdaq","tag-twitter-twtr34"],"yoast_head":"<!-- This site is optimized with the Yoast SEO plugin v24.4 - https:\/\/yoast.com\/wordpress\/plugins\/seo\/ -->\n<title>Twitter (TWTR34) freia mudan\u00e7as para conter funcion\u00e1rios &#039;anti Elon Musk&#039;<\/title>\n<meta name=\"description\" content=\"O Twitter n\u00e3o permitir\u00e1 atualiza\u00e7\u00f5es de produtos at\u00e9 sexta, exceto em caso de cr\u00edticas para os neg\u00f3cios. Clique aqui e leia mais.\" \/>\n<meta name=\"robots\" content=\"index, follow, max-snippet:-1, max-image-preview:large, max-video-preview:-1\" \/>\n<link rel=\"canonical\" href=\"https:\/\/www.suno.com.br\/noticias\/twitter-twtr34-elon-musk-anti-mudancas\/\" \/>\n<meta property=\"og:locale\" content=\"pt_BR\" \/>\n<meta property=\"og:type\" content=\"article\" \/>\n<meta property=\"og:title\" content=\"Twitter (TWTR34) freia mudan\u00e7as para conter funcion\u00e1rios &#039;anti Elon Musk&#039;\" \/>\n<meta property=\"og:description\" content=\"O Twitter n\u00e3o permitir\u00e1 atualiza\u00e7\u00f5es de produtos at\u00e9 sexta, exceto em caso de cr\u00edticas para os neg\u00f3cios. Clique aqui e leia mais.\" \/>\n<meta property=\"og:url\" content=\"https:\/\/www.suno.com.br\/noticias\/twitter-twtr34-elon-musk-anti-mudancas\/\" \/>\n<meta property=\"og:site_name\" content=\"Suno Not\u00edcias\" \/>\n<meta property=\"article:publisher\" content=\"https:\/\/facebook.com\/sunoresearch\" \/>\n<meta property=\"og:image\" content=\"https:\/\/files.sunoresearch.com.br\/n\/uploads\/2022\/04\/Elon_Musk_wikimedia_commons.jpg\" \/>\n\t<meta property=\"og:image:width\" content=\"2048\" \/>\n\t<meta property=\"og:image:height\" content=\"1610\" \/>\n\t<meta property=\"og:image:type\" content=\"image\/jpeg\" \/>\n<meta name=\"author\" content=\"Eduardo Vargas\" \/>\n<meta name=\"twitter:card\" content=\"summary_large_image\" \/>\n<meta name=\"twitter:creator\" content=\"@sunoresearch\" \/>\n<meta name=\"twitter:site\" content=\"@sunoresearch\" \/>\n<meta name=\"twitter:label1\" content=\"Escrito por\" \/>\n\t<meta name=\"twitter:data1\" content=\"Eduardo Vargas\" \/>\n\t<meta name=\"twitter:label2\" content=\"Est. tempo de leitura\" \/>\n\t<meta name=\"twitter:data2\" content=\"4 minutos\" \/>\n<script type=\"application\/ld+json\" class=\"yoast-schema-graph\">{\"@context\":\"https:\/\/schema.org\",\"@graph\":[{\"@type\":\"NewsArticle\",\"@id\":\"https:\/\/www.suno.com.br\/noticias\/twitter-twtr34-elon-musk-anti-mudancas\/#article\",\"isPartOf\":{\"@id\":\"https:\/\/www.suno.com.br\/noticias\/twitter-twtr34-elon-musk-anti-mudancas\/\"},\"author\":{\"name\":\"Eduardo Vargas\",\"@id\":\"https:\/\/www.suno.com.br\/noticias\/#\/schema\/person\/7f4d362bf3518e76090143ae77bb49a5\"},\"headline\":\"Twitter (TWTR34) bloqueia mudan\u00e7as para conter funcion\u00e1rios &#8216;anti Elon Musk&#8217;\",\"datePublished\":\"2022-04-26T13:59:54+00:00\",\"dateModified\":\"2022-04-26T14:26:04+00:00\",\"mainEntityOfPage\":{\"@id\":\"https:\/\/www.suno.com.br\/noticias\/twitter-twtr34-elon-musk-anti-mudancas\/\"},\"wordCount\":826,\"publisher\":{\"@id\":\"https:\/\/www.suno.com.br\/noticias\/#organization\"},\"image\":{\"@id\":\"https:\/\/www.suno.com.br\/noticias\/twitter-twtr34-elon-musk-anti-mudancas\/#primaryimage\"},\"thumbnailUrl\":\"https:\/\/files.sunoresearch.com.br\/n\/uploads\/2022\/04\/Elon_Musk_wikimedia_commons.jpg\",\"keywords\":[\"Elon Musk\",\"Especialistas\",\"Nasdaq\",\"Twitter (TWTR34)\"],\"articleSection\":[\"Neg\u00f3cios\"],\"inLanguage\":\"pt-BR\"},{\"@type\":\"WebPage\",\"@id\":\"https:\/\/www.suno.com.br\/noticias\/twitter-twtr34-elon-musk-anti-mudancas\/\",\"url\":\"https:\/\/www.suno.com.br\/noticias\/twitter-twtr34-elon-musk-anti-mudancas\/\",\"name\":\"Twitter (TWTR34) freia mudan\u00e7as para conter funcion\u00e1rios 'anti Elon Musk'\",\"isPartOf\":{\"@id\":\"https:\/\/www.suno.com.br\/noticias\/#website\"},\"primaryImageOfPage\":{\"@id\":\"https:\/\/www.suno.com.br\/noticias\/twitter-twtr34-elon-musk-anti-mudancas\/#primaryimage\"},\"image\":{\"@id\":\"https:\/\/www.suno.com.br\/noticias\/twitter-twtr34-elon-musk-anti-mudancas\/#primaryimage\"},\"thumbnailUrl\":\"https:\/\/files.sunoresearch.com.br\/n\/uploads\/2022\/04\/Elon_Musk_wikimedia_commons.jpg\",\"datePublished\":\"2022-04-26T13:59:54+00:00\",\"dateModified\":\"2022-04-26T14:26:04+00:00\",\"description\":\"O Twitter n\u00e3o permitir\u00e1 atualiza\u00e7\u00f5es de produtos at\u00e9 sexta, exceto em caso de cr\u00edticas para os neg\u00f3cios. Clique aqui e leia mais.\",\"breadcrumb\":{\"@id\":\"https:\/\/www.suno.com.br\/noticias\/twitter-twtr34-elon-musk-anti-mudancas\/#breadcrumb\"},\"inLanguage\":\"pt-BR\",\"potentialAction\":[{\"@type\":\"ReadAction\",\"target\":[\"https:\/\/www.suno.com.br\/noticias\/twitter-twtr34-elon-musk-anti-mudancas\/\"]}]},{\"@type\":\"ImageObject\",\"inLanguage\":\"pt-BR\",\"@id\":\"https:\/\/www.suno.com.br\/noticias\/twitter-twtr34-elon-musk-anti-mudancas\/#primaryimage\",\"url\":\"https:\/\/files.sunoresearch.com.br\/n\/uploads\/2022\/04\/Elon_Musk_wikimedia_commons.jpg\",\"contentUrl\":\"https:\/\/files.sunoresearch.com.br\/n\/uploads\/2022\/04\/Elon_Musk_wikimedia_commons.jpg\",\"width\":2048,\"height\":1610,\"caption\":\"Elon Musk. Foto: Wikimedia Commons\"},{\"@type\":\"BreadcrumbList\",\"@id\":\"https:\/\/www.suno.com.br\/noticias\/twitter-twtr34-elon-musk-anti-mudancas\/#breadcrumb\",\"itemListElement\":[{\"@type\":\"ListItem\",\"position\":1,\"name\":\"Not\u00edcias\",\"item\":\"https:\/\/www.suno.com.br\/noticias\/\"},{\"@type\":\"ListItem\",\"position\":2,\"name\":\"Neg\u00f3cios\",\"item\":\"https:\/\/www.suno.com.br\/noticias\/negocios\/\"},{\"@type\":\"ListItem\",\"position\":3,\"name\":\"Twitter (TWTR34) bloqueia mudan\u00e7as para conter funcion\u00e1rios &#8216;anti Elon Musk&#8217;\"}]},{\"@type\":\"WebSite\",\"@id\":\"https:\/\/www.suno.com.br\/noticias\/#website\",\"url\":\"https:\/\/www.suno.com.br\/noticias\/\",\"name\":\"Suno Not\u00edcias\",\"description\":\"Seu portal de informa\u00e7\u00e3o sobre o mundo dos investimentos\",\"publisher\":{\"@id\":\"https:\/\/www.suno.com.br\/noticias\/#organization\"},\"potentialAction\":[{\"@type\":\"SearchAction\",\"target\":{\"@type\":\"EntryPoint\",\"urlTemplate\":\"https:\/\/www.suno.com.br\/noticias\/?s={search_term_string}\"},\"query-input\":{\"@type\":\"PropertyValueSpecification\",\"valueRequired\":true,\"valueName\":\"search_term_string\"}}],\"inLanguage\":\"pt-BR\"},{\"@type\":\"Organization\",\"@id\":\"https:\/\/www.suno.com.br\/noticias\/#organization\",\"name\":\"Suno Not\u00edcias\",\"url\":\"https:\/\/www.suno.com.br\/noticias\/\",\"logo\":{\"@type\":\"ImageObject\",\"inLanguage\":\"pt-BR\",\"@id\":\"https:\/\/www.suno.com.br\/noticias\/#\/schema\/logo\/image\/\",\"url\":\"https:\/\/files.sunoresearch.com.br\/n\/uploads\/2021\/09\/suno-logo.png\",\"contentUrl\":\"https:\/\/files.sunoresearch.com.br\/n\/uploads\/2021\/09\/suno-logo.png\",\"width\":180,\"height\":180,\"caption\":\"Suno Not\u00edcias\"},\"image\":{\"@id\":\"https:\/\/www.suno.com.br\/noticias\/#\/schema\/logo\/image\/\"},\"sameAs\":[\"https:\/\/facebook.com\/sunoresearch\",\"https:\/\/x.com\/sunoresearch\",\"https:\/\/www.instagram.com\/suno\",\"https:\/\/www.linkedin.com\/company\/suno-research\/\",\"https:\/\/www.youtube.com\/c\/sunoresearch\"]},{\"@type\":\"Person\",\"@id\":\"https:\/\/www.suno.com.br\/noticias\/#\/schema\/person\/7f4d362bf3518e76090143ae77bb49a5\",\"name\":\"Eduardo Vargas\",\"image\":{\"@type\":\"ImageObject\",\"inLanguage\":\"pt-BR\",\"@id\":\"https:\/\/www.suno.com.br\/noticias\/#\/schema\/person\/image\/\",\"url\":\"https:\/\/secure.gravatar.com\/avatar\/dac340933427a22924c9f99d1eb2e3f2?s=96&r=g\",\"contentUrl\":\"https:\/\/secure.gravatar.com\/avatar\/dac340933427a22924c9f99d1eb2e3f2?s=96&r=g\",\"caption\":\"Eduardo Vargas\"},\"description\":\"Jornalista formado pela UFSC, cobre macroeconomia, neg\u00f3cios e startups para o Suno Not\u00edcias, escrevendo principalmente not\u00edcias sobre o mercado financeiro e a bolsa de valores. No YouTube e no Instagram, \u00e9 respons\u00e1vel pela produ\u00e7\u00e3o de Reels e Shorts do Suno Not\u00edcias. Anteriormente, trabalhou cobrindo economia e cotidiano no ND+ e para o ND, maior jornal impresso de Santa Catarina. Cursou um semestre letivo de Estudos de M\u00eddia na Universidad de Buenos Aires.\",\"url\":\"https:\/\/www.suno.com.br\/noticias\/author\/eduardo-vargas\/\"}]}<\/script>\n<!-- \/ Yoast SEO plugin. -->","yoast_head_json":{"title":"Twitter (TWTR34) freia mudan\u00e7as para conter funcion\u00e1rios 'anti Elon Musk'","description":"O Twitter n\u00e3o permitir\u00e1 atualiza\u00e7\u00f5es de produtos at\u00e9 sexta, exceto em caso de cr\u00edticas para os neg\u00f3cios. Clique aqui e leia mais.","robots":{"index":"index","follow":"follow","max-snippet":"max-snippet:-1","max-image-preview":"max-image-preview:large","max-video-preview":"max-video-preview:-1"},"canonical":"https:\/\/www.suno.com.br\/noticias\/twitter-twtr34-elon-musk-anti-mudancas\/","og_locale":"pt_BR","og_type":"article","og_title":"Twitter (TWTR34) freia mudan\u00e7as para conter funcion\u00e1rios 'anti Elon Musk'","og_description":"O Twitter n\u00e3o permitir\u00e1 atualiza\u00e7\u00f5es de produtos at\u00e9 sexta, exceto em caso de cr\u00edticas para os neg\u00f3cios. Clique aqui e leia mais.","og_url":"https:\/\/www.suno.com.br\/noticias\/twitter-twtr34-elon-musk-anti-mudancas\/","og_site_name":"Suno Not\u00edcias","article_publisher":"https:\/\/facebook.com\/sunoresearch","og_image":[{"width":2048,"height":1610,"url":"https:\/\/files.sunoresearch.com.br\/n\/uploads\/2022\/04\/Elon_Musk_wikimedia_commons.jpg","type":"image\/jpeg"}],"author":"Eduardo Vargas","twitter_card":"summary_large_image","twitter_creator":"@sunoresearch","twitter_site":"@sunoresearch","twitter_misc":{"Escrito por":"Eduardo Vargas","Est. tempo de leitura":"4 minutos"},"schema":{"@context":"https:\/\/schema.org","@graph":[{"@type":"NewsArticle","@id":"https:\/\/www.suno.com.br\/noticias\/twitter-twtr34-elon-musk-anti-mudancas\/#article","isPartOf":{"@id":"https:\/\/www.suno.com.br\/noticias\/twitter-twtr34-elon-musk-anti-mudancas\/"},"author":{"name":"Eduardo Vargas","@id":"https:\/\/www.suno.com.br\/noticias\/#\/schema\/person\/7f4d362bf3518e76090143ae77bb49a5"},"headline":"Twitter (TWTR34) bloqueia mudan\u00e7as para conter funcion\u00e1rios &#8216;anti Elon Musk&#8217;","datePublished":"2022-04-26T13:59:54+00:00","dateModified":"2022-04-26T14:26:04+00:00","mainEntityOfPage":{"@id":"https:\/\/www.suno.com.br\/noticias\/twitter-twtr34-elon-musk-anti-mudancas\/"},"wordCount":826,"publisher":{"@id":"https:\/\/www.suno.com.br\/noticias\/#organization"},"image":{"@id":"https:\/\/www.suno.com.br\/noticias\/twitter-twtr34-elon-musk-anti-mudancas\/#primaryimage"},"thumbnailUrl":"https:\/\/files.sunoresearch.com.br\/n\/uploads\/2022\/04\/Elon_Musk_wikimedia_commons.jpg","keywords":["Elon Musk","Especialistas","Nasdaq","Twitter (TWTR34)"],"articleSection":["Neg\u00f3cios"],"inLanguage":"pt-BR"},{"@type":"WebPage","@id":"https:\/\/www.suno.com.br\/noticias\/twitter-twtr34-elon-musk-anti-mudancas\/","url":"https:\/\/www.suno.com.br\/noticias\/twitter-twtr34-elon-musk-anti-mudancas\/","name":"Twitter (TWTR34) freia mudan\u00e7as para conter funcion\u00e1rios 'anti Elon Musk'","isPartOf":{"@id":"https:\/\/www.suno.com.br\/noticias\/#website"},"primaryImageOfPage":{"@id":"https:\/\/www.suno.com.br\/noticias\/twitter-twtr34-elon-musk-anti-mudancas\/#primaryimage"},"image":{"@id":"https:\/\/www.suno.com.br\/noticias\/twitter-twtr34-elon-musk-anti-mudancas\/#primaryimage"},"thumbnailUrl":"https:\/\/files.sunoresearch.com.br\/n\/uploads\/2022\/04\/Elon_Musk_wikimedia_commons.jpg","datePublished":"2022-04-26T13:59:54+00:00","dateModified":"2022-04-26T14:26:04+00:00","description":"O Twitter n\u00e3o permitir\u00e1 atualiza\u00e7\u00f5es de produtos at\u00e9 sexta, exceto em caso de cr\u00edticas para os neg\u00f3cios. Clique aqui e leia mais.","breadcrumb":{"@id":"https:\/\/www.suno.com.br\/noticias\/twitter-twtr34-elon-musk-anti-mudancas\/#breadcrumb"},"inLanguage":"pt-BR","potentialAction":[{"@type":"ReadAction","target":["https:\/\/www.suno.com.br\/noticias\/twitter-twtr34-elon-musk-anti-mudancas\/"]}]},{"@type":"ImageObject","inLanguage":"pt-BR","@id":"https:\/\/www.suno.com.br\/noticias\/twitter-twtr34-elon-musk-anti-mudancas\/#primaryimage","url":"https:\/\/files.sunoresearch.com.br\/n\/uploads\/2022\/04\/Elon_Musk_wikimedia_commons.jpg","contentUrl":"https:\/\/files.sunoresearch.com.br\/n\/uploads\/2022\/04\/Elon_Musk_wikimedia_commons.jpg","width":2048,"height":1610,"caption":"Elon Musk. Foto: Wikimedia Commons"},{"@type":"BreadcrumbList","@id":"https:\/\/www.suno.com.br\/noticias\/twitter-twtr34-elon-musk-anti-mudancas\/#breadcrumb","itemListElement":[{"@type":"ListItem","position":1,"name":"Not\u00edcias","item":"https:\/\/www.suno.com.br\/noticias\/"},{"@type":"ListItem","position":2,"name":"Neg\u00f3cios","item":"https:\/\/www.suno.com.br\/noticias\/negocios\/"},{"@type":"ListItem","position":3,"name":"Twitter (TWTR34) bloqueia mudan\u00e7as para conter funcion\u00e1rios &#8216;anti Elon Musk&#8217;"}]},{"@type":"WebSite","@id":"https:\/\/www.suno.com.br\/noticias\/#website","url":"https:\/\/www.suno.com.br\/noticias\/","name":"Suno Not\u00edcias","description":"Seu portal de informa\u00e7\u00e3o sobre o mundo dos investimentos","publisher":{"@id":"https:\/\/www.suno.com.br\/noticias\/#organization"},"potentialAction":[{"@type":"SearchAction","target":{"@type":"EntryPoint","urlTemplate":"https:\/\/www.suno.com.br\/noticias\/?s={search_term_string}"},"query-input":{"@type":"PropertyValueSpecification","valueRequired":true,"valueName":"search_term_string"}}],"inLanguage":"pt-BR"},{"@type":"Organization","@id":"https:\/\/www.suno.com.br\/noticias\/#organization","name":"Suno Not\u00edcias","url":"https:\/\/www.suno.com.br\/noticias\/","logo":{"@type":"ImageObject","inLanguage":"pt-BR","@id":"https:\/\/www.suno.com.br\/noticias\/#\/schema\/logo\/image\/","url":"https:\/\/files.sunoresearch.com.br\/n\/uploads\/2021\/09\/suno-logo.png","contentUrl":"https:\/\/files.sunoresearch.com.br\/n\/uploads\/2021\/09\/suno-logo.png","width":180,"height":180,"caption":"Suno Not\u00edcias"},"image":{"@id":"https:\/\/www.suno.com.br\/noticias\/#\/schema\/logo\/image\/"},"sameAs":["https:\/\/facebook.com\/sunoresearch","https:\/\/x.com\/sunoresearch","https:\/\/www.instagram.com\/suno","https:\/\/www.linkedin.com\/company\/suno-research\/","https:\/\/www.youtube.com\/c\/sunoresearch"]},{"@type":"Person","@id":"https:\/\/www.suno.com.br\/noticias\/#\/schema\/person\/7f4d362bf3518e76090143ae77bb49a5","name":"Eduardo Vargas","image":{"@type":"ImageObject","inLanguage":"pt-BR","@id":"https:\/\/www.suno.com.br\/noticias\/#\/schema\/person\/image\/","url":"https:\/\/secure.gravatar.com\/avatar\/dac340933427a22924c9f99d1eb2e3f2?s=96&r=g","contentUrl":"https:\/\/secure.gravatar.com\/avatar\/dac340933427a22924c9f99d1eb2e3f2?s=96&r=g","caption":"Eduardo Vargas"},"description":"Jornalista formado pela UFSC, cobre macroeconomia, neg\u00f3cios e startups para o Suno Not\u00edcias, escrevendo principalmente not\u00edcias sobre o mercado financeiro e a bolsa de valores. No YouTube e no Instagram, \u00e9 respons\u00e1vel pela produ\u00e7\u00e3o de Reels e Shorts do Suno Not\u00edcias. Anteriormente, trabalhou cobrindo economia e cotidiano no ND+ e para o ND, maior jornal impresso de Santa Catarina. Cursou um semestre letivo de Estudos de M\u00eddia na Universidad de Buenos Aires.","url":"https:\/\/www.suno.com.br\/noticias\/author\/eduardo-vargas\/"}]}},"default_loop_html":"<div class=\"cardsPage__listCard__boxs\"><div class=\"cardsPage__listCard__boxs__img\"><a href=\"https:\/\/www.suno.com.br\/noticias\/elon-musk-comprar-twitter-twtr34\/\"><img class=\"mask\" src=\"https:\/\/www.suno.com.br\/noticias\/wp-content\/themes\/suno\/resources\/images\/spotlight\/spotlight1img\/bg-mask.png\" alt=\"Image Mask\"\/><img src=\"https:\/\/files.sunoresearch.com.br\/n\/uploads\/2021\/01\/49697712-musk-400x200.webp\" alt=\"Elon Musk quer comprar o Twitter (TWTR34) por US$ 41 bilh\u00f5es\"\/><\/a><span class=\"spotlightCategory\"><a href=\"https:\/\/www.suno.com.br\/noticias\/internacional\/\">Internacional<\/a><\/span><\/div><div class=\"cardsPage__listCard__boxs__content\"><a href=\"https:\/\/www.suno.com.br\/noticias\/elon-musk-comprar-twitter-twtr34\/\"><h2 class=\"content__title\">Elon Musk quer comprar o Twitter (TWTR34) por US$ 41 bilh\u00f5es<\/h2><\/a><div class=\"newsContent__article__meta\"><div class=\"newsContent__article__meta__authorBox\"><a href=\"https:\/\/www.suno.com.br\/noticias\/author\/monique-lima\/\" class=\"authorBox__avatar noMobi\"><img src=\"https:\/\/secure.gravatar.com\/avatar\/daee7f16d906c2e9ffed236206ca2c30?s=96&#038;r=g\" alt=\"Monique Lima\"><\/a><div class=\"authorBox__name\"><span>por\n\t\t\t<a href=\"https:\/\/www.suno.com.br\/noticias\/author\/monique-lima\/\"><span itemprop=\"author\">Monique Lima<\/span><\/a><\/span><time datetime=\"2022-04-14T09:08:36-03:00\" itemprop=\"datePublished\">14\/04\/2022 09:08<\/time><\/div><\/div><\/div><\/div><\/div>","single_layout":"posts","amp_enabled":true,"_links":{"self":[{"href":"https:\/\/www.suno.com.br\/noticias\/wp-json\/wp\/v2\/posts\/253663"}],"collection":[{"href":"https:\/\/www.suno.com.br\/noticias\/wp-json\/wp\/v2\/posts"}],"about":[{"href":"https:\/\/www.suno.com.br\/noticias\/wp-json\/wp\/v2\/types\/post"}],"author":[{"embeddable":true,"href":"https:\/\/www.suno.com.br\/noticias\/wp-json\/wp\/v2\/users\/73"}],"replies":[{"embeddable":true,"href":"https:\/\/www.suno.com.br\/noticias\/wp-json\/wp\/v2\/comments?post=253663"}],"version-history":[{"count":3,"href":"https:\/\/www.suno.com.br\/noticias\/wp-json\/wp\/v2\/posts\/253663\/revisions"}],"predecessor-version":[{"id":253680,"href":"https:\/\/www.suno.com.br\/noticias\/wp-json\/wp\/v2\/posts\/253663\/revisions\/253680"}],"wp:featuredmedia":[{"embeddable":true,"href":"https:\/\/www.suno.com.br\/noticias\/wp-json\/wp\/v2\/media\/248258"}],"wp:attachment":[{"href":"https:\/\/www.suno.com.br\/noticias\/wp-json\/wp\/v2\/media?parent=253663"}],"wp:term":[{"taxonomy":"category","embeddable":true,"href":"https:\/\/www.suno.com.br\/noticias\/wp-json\/wp\/v2\/categories?post=253663"},{"taxonomy":"post_tag","embeddable":true,"href":"https:\/\/www.suno.com.br\/noticias\/wp-json\/wp\/v2\/tags?post=253663"},{"taxonomy":"suno_strategy","embeddable":true,"href":"https:\/\/www.suno.com.br\/noticias\/wp-json\/wp\/v2\/suno_strategy?post=253663"}],"curies":[{"name":"wp","href":"https:\/\/api.w.org\/{rel}","templated":true}]}}